{"id":41692,"date":"2023-05-23T10:32:48","date_gmt":"2023-05-23T13:32:48","guid":{"rendered":"https:\/\/jornalfatosenoticias.com.br\/?p=41692"},"modified":"2023-05-23T10:32:49","modified_gmt":"2023-05-23T13:32:49","slug":"astronomos-detectam-pela-1a-vez-cinturao-de-radiacao-em-corpo-celeste-fora-do-sistema-solar","status":"publish","type":"post","link":"https:\/\/jornalfatosenoticias.com.br\/index.php\/2023\/05\/23\/astronomos-detectam-pela-1a-vez-cinturao-de-radiacao-em-corpo-celeste-fora-do-sistema-solar\/","title":{"rendered":"Astr\u00f4nomos detectam pela 1\u00aa vez cintur\u00e3o de radia\u00e7\u00e3o em corpo celeste fora do Sistema Solar"},"content":{"rendered":"\n<div class=\"wp-block-image\"><figure class=\"aligncenter size-large\"><img loading=\"lazy\" decoding=\"async\" width=\"729\" height=\"90\" src=\"https:\/\/jornalfatosenoticias.com.br\/wp-content\/uploads\/2020\/02\/Logo_Mizu.png\" alt=\"\" class=\"wp-image-1441\" srcset=\"https:\/\/jornalfatosenoticias.com.br\/wp-content\/uploads\/2020\/02\/Logo_Mizu.png 729w, https:\/\/jornalfatosenoticias.com.br\/wp-content\/uploads\/2020\/02\/Logo_Mizu-300x37.png 300w\" sizes=\"auto, (max-width: 729px) 100vw, 729px\" \/><\/figure><\/div>\n\n\n\n<p>O campo magn\u00e9tico pode prender part\u00edculas c\u00f3smicas e acumul\u00e1-las em torno de um planeta, aumentando assim as chances de vida emergir no planeta. Um desses campos foi descoberto em uma an\u00e3 marrom distante. Astr\u00f4nomos detectaram o primeiro cintur\u00e3o de radia\u00e7\u00e3o observado em torno de um corpo celeste fora do Sistema Solar, <a href=\"https:\/\/www.nature.com\/articles\/s41586-023-06138-w\" target=\"_blank\" rel=\"noreferrer noopener\">aponta<\/a> novo estudo.<\/p>\n\n\n\n<div class=\"wp-block-image\"><figure class=\"aligncenter size-large is-resized\"><img loading=\"lazy\" decoding=\"async\" src=\"https:\/\/jornalfatosenoticias.com.br\/wp-content\/uploads\/2020\/02\/logo-embacia.jpg\" alt=\"\" class=\"wp-image-33905\" width=\"273\" height=\"273\"\/><\/figure><\/div>\n\n\n\n<p>A equipe usou um conjunto de 39 radiotelesc\u00f3pios coordenado pelo Observat\u00f3rio Nacional de Radioastronomia, situado nos EUA, e o radiotelesc\u00f3pio Effelsberg, operado pelo Instituto Max Planck de Radioastronomia, na Alemanha. <strong>Imagens de r\u00e1dio da an\u00e3 ultrafria LSR J1835+3259, que fica a cerca de 18,5 anos-luz de dist\u00e2ncia da Terra, revelaram uma nuvem de\u00a0<a href=\"https:\/\/sputniknewsbrasil.com.br\/20230227\/astronomos-identificam-sinais-semelhantes-a-pulsacoes-na-atmosfera-do-sol-27842782.html\" target=\"_blank\" rel=\"noreferrer noopener\">el\u00e9trons de alta energia<\/a>\u00a0presos no poderoso campo magn\u00e9tico do astro<\/strong>.<br>Pesquisadores <a href=\"https:\/\/news.ucsc.edu\/2023\/05\/radiation-belt.html\" target=\"_blank\" rel=\"noreferrer noopener\">observaram<\/a>\u00a0o corpo celeste no espectro de r\u00e1dio e detectaram um cintur\u00e3o de radia\u00e7\u00e3o cerca de 10 milh\u00f5es de vezes mais poderoso do que os vistos\u00a0<a href=\"https:\/\/sputniknewsbrasil.com.br\/20230315\/astrofisico-mostra-como-uma-pequena-mudanca-em-nosso-sistema-solar-poderia-quebra-lo-28055779.html\" target=\"_blank\" rel=\"noreferrer noopener\">perto de J\u00fapiter<\/a>. <\/p>\n\n\n\n<div class=\"wp-block-image\"><figure class=\"aligncenter size-large is-resized\"><img loading=\"lazy\" decoding=\"async\" src=\"https:\/\/jornalfatosenoticias.com.br\/wp-content\/uploads\/2023\/03\/Crypton-1000-\u00d7-900-px-300x270-1.png\" alt=\"\" class=\"wp-image-40206\" width=\"278\" height=\"250\"\/><\/figure><\/div>\n\n\n\n<blockquote class=\"wp-block-quote is-layout-flow wp-block-quote-is-layout-flow\"><p><span class=\"has-inline-color has-luminous-vivid-orange-color\">Estamos, na verdade, obtendo imagens da magnetosfera do nosso alvo observando o plasma emissor de r\u00e1dio e o seu cintur\u00e3o de radia\u00e7\u00e3o \u2014 na magnetosfera. Isso nunca foi feito antes para algo do tamanho de um planeta gigante gasoso fora do nosso Sistema Solar&#8221;, disse Melodie Kao, p\u00f3s-doutoranda na Universidade da Calif\u00f3rnia em Santa Cruz, nos EUA.<\/span><\/p><\/blockquote>\n\n\n\n<div class=\"wp-block-image\"><figure class=\"aligncenter size-large is-resized\"><img loading=\"lazy\" decoding=\"async\" src=\"https:\/\/jornalfatosenoticias.com.br\/wp-content\/uploads\/2023\/03\/logo-Panper_portal.jpg\" alt=\"\" class=\"wp-image-40208\" width=\"292\" height=\"202\" srcset=\"https:\/\/jornalfatosenoticias.com.br\/wp-content\/uploads\/2023\/03\/logo-Panper_portal.jpg 400w, https:\/\/jornalfatosenoticias.com.br\/wp-content\/uploads\/2023\/03\/logo-Panper_portal-300x208.jpg 300w\" sizes=\"auto, (max-width: 292px) 100vw, 292px\" \/><\/figure><\/div>\n\n\n\n<p>Para criar um <a href=\"https:\/\/sputniknewsbrasil.com.br\/20230201\/astronomos-detectam-erupcao-vulcanica-em-um-magnetar-que-desacelerou-sua-rotacao-27324124.html\" target=\"_blank\" rel=\"noreferrer noopener\">campo magn\u00e9tico<\/a>, o interior de um planeta deve ser quente o suficiente para ter fluidos condutores, que no caso da Terra \u00e9 o ferro fundido em seu n\u00facleo. Em J\u00fapiter, o l\u00edquido condutor \u00e9 hidrog\u00eanio, que est\u00e1 sob tanta press\u00e3o que se torna met\u00e1lico.<br>O hidrog\u00eanio met\u00e1lico provavelmente tamb\u00e9m produz campos magn\u00e9ticos em an\u00e3s marrons, observou Kao, enquanto no interior das estrelas o l\u00edquido condutor \u00e9 hidrog\u00eanio ionizado. <\/p>\n\n\n\n<div class=\"wp-block-image\"><figure class=\"aligncenter size-large is-resized\"><img loading=\"lazy\" decoding=\"async\" src=\"https:\/\/jornalfatosenoticias.com.br\/wp-content\/uploads\/2022\/10\/RC_800x750_page-0001.jpg\" alt=\"\" class=\"wp-image-35338\" width=\"272\" height=\"255\" srcset=\"https:\/\/jornalfatosenoticias.com.br\/wp-content\/uploads\/2022\/10\/RC_800x750_page-0001.jpg 400w, https:\/\/jornalfatosenoticias.com.br\/wp-content\/uploads\/2022\/10\/RC_800x750_page-0001-300x281.jpg 300w\" sizes=\"auto, (max-width: 272px) 100vw, 272px\" \/><\/figure><\/div>\n\n\n\n<blockquote class=\"wp-block-quote is-layout-flow wp-block-quote-is-layout-flow\"><p><span class=\"has-inline-color has-luminous-vivid-orange-color\">Um cintur\u00e3o de radia\u00e7\u00e3o \u00e9 uma regi\u00e3o da magnetosfera dos planetas onde part\u00edculas carregadas de alta energia que entraram na magnetosfera se acumulam e ficam presas.<\/span><\/p><\/blockquote>\n\n\n\n<div class=\"wp-block-image\"><figure class=\"aligncenter size-large is-resized\"><img loading=\"lazy\" decoding=\"async\" src=\"https:\/\/jornalfatosenoticias.com.br\/wp-content\/uploads\/2022\/10\/Arte-jornal-Zucchi-600x600_Prancheta-1-1024x1024.jpg\" alt=\"\" class=\"wp-image-34782\" width=\"291\" height=\"291\" srcset=\"https:\/\/jornalfatosenoticias.com.br\/wp-content\/uploads\/2022\/10\/Arte-jornal-Zucchi-600x600_Prancheta-1-1024x1024.jpg 1024w, https:\/\/jornalfatosenoticias.com.br\/wp-content\/uploads\/2022\/10\/Arte-jornal-Zucchi-600x600_Prancheta-1-300x300.jpg 300w, https:\/\/jornalfatosenoticias.com.br\/wp-content\/uploads\/2022\/10\/Arte-jornal-Zucchi-600x600_Prancheta-1-150x150.jpg 150w, https:\/\/jornalfatosenoticias.com.br\/wp-content\/uploads\/2022\/10\/Arte-jornal-Zucchi-600x600_Prancheta-1-768x768.jpg 768w, https:\/\/jornalfatosenoticias.com.br\/wp-content\/uploads\/2022\/10\/Arte-jornal-Zucchi-600x600_Prancheta-1.jpg 1250w\" sizes=\"auto, (max-width: 291px) 100vw, 291px\" \/><\/figure><\/div>\n\n\n\n<p>Todos os planetas do Sistema Solar com campos magn\u00e9ticos, incluindo a Terra e J\u00fapiter, t\u00eam cintur\u00f5es de radia\u00e7\u00e3o compostos por essas part\u00edculas carregadas de alta energia presas pelo campo magn\u00e9tico do planeta.<\/p>\n\n\n\n<p><strong><em>Fonte: <a href=\"https:\/\/sputniknewsbrasil.com.br\/20230520\/astronomos-detectam-pela-1-vez-cinturao-de-radiacao-em-corpo-celeste-fora-do-sistema-solar-28912389.html\">Sputnik News Brasil<\/a><\/em><\/strong><\/p>\n","protected":false},"excerpt":{"rendered":"<p>O campo magn\u00e9tico pode prender part\u00edculas c\u00f3smicas e acumul\u00e1-las em torno de um planeta, aumentando assim as chances de vida emergir no planeta. Um desses campos foi descoberto em uma an\u00e3 marrom distante. Astr\u00f4nomos detectaram o primeiro cintur\u00e3o de radia\u00e7\u00e3o observado em torno de um corpo celeste fora do Sistema Solar, aponta novo estudo. A [&hellip;]<\/p>\n","protected":false},"author":2,"featured_media":41693,"comment_status":"open","ping_status":"open","sticky":false,"template":"","format":"standard","meta":{"footnotes":""},"categories":[2],"tags":[472,2598,1105,1745,13070,469,94],"class_list":["post-41692","post","type-post","status-publish","format-standard","has-post-thumbnail","hentry","category-ciencia","tag-astronomia","tag-campo-magnetico","tag-cientistas","tag-jupiter","tag-radiacao","tag-sistema-solar","tag-terra"],"yoast_head":"<!-- This site is optimized with the Yoast SEO plugin v26.5 - https:\/\/yoast.com\/wordpress\/plugins\/seo\/ -->\n<title>Astr\u00f4nomos detectam pela 1\u00aa vez cintur\u00e3o de radia\u00e7\u00e3o em corpo celeste fora do Sistema Solar - Jornal Fatos e Not\u00edcias<\/title>\n<meta name=\"robots\" content=\"index, follow, max-snippet:-1, max-image-preview:large, max-video-preview:-1\" \/>\n<link rel=\"canonical\" href=\"https:\/\/jornalfatosenoticias.com.br\/index.php\/2023\/05\/23\/astronomos-detectam-pela-1a-vez-cinturao-de-radiacao-em-corpo-celeste-fora-do-sistema-solar\/\" \/>\n<meta property=\"og:locale\" content=\"pt_BR\" \/>\n<meta property=\"og:type\" content=\"article\" \/>\n<meta property=\"og:title\" content=\"Astr\u00f4nomos detectam pela 1\u00aa vez cintur\u00e3o de radia\u00e7\u00e3o em corpo celeste fora do Sistema Solar - Jornal Fatos e Not\u00edcias\" \/>\n<meta property=\"og:description\" content=\"O campo magn\u00e9tico pode prender part\u00edculas c\u00f3smicas e acumul\u00e1-las em torno de um planeta, aumentando assim as chances de vida emergir no planeta. Um desses campos foi descoberto em uma an\u00e3 marrom distante. Astr\u00f4nomos detectaram o primeiro cintur\u00e3o de radia\u00e7\u00e3o observado em torno de um corpo celeste fora do Sistema Solar, aponta novo estudo. A [&hellip;]\" \/>\n<meta property=\"og:url\" content=\"https:\/\/jornalfatosenoticias.com.br\/index.php\/2023\/05\/23\/astronomos-detectam-pela-1a-vez-cinturao-de-radiacao-em-corpo-celeste-fora-do-sistema-solar\/\" \/>\n<meta property=\"og:site_name\" content=\"Jornal Fatos e Not\u00edcias\" \/>\n<meta property=\"article:published_time\" content=\"2023-05-23T13:32:48+00:00\" \/>\n<meta property=\"article:modified_time\" content=\"2023-05-23T13:32:49+00:00\" \/>\n<meta property=\"og:image\" content=\"https:\/\/jornalfatosenoticias.com.br\/wp-content\/uploads\/2023\/05\/cinturao-de-radiacao.jpg\" \/>\n\t<meta property=\"og:image:width\" content=\"1000\" \/>\n\t<meta property=\"og:image:height\" content=\"562\" \/>\n\t<meta property=\"og:image:type\" content=\"image\/jpeg\" \/>\n<meta name=\"author\" content=\"Luzimara Fernandes\" \/>\n<meta name=\"twitter:card\" content=\"summary_large_image\" \/>\n<meta name=\"twitter:label1\" content=\"Escrito por\" \/>\n\t<meta name=\"twitter:data1\" content=\"Luzimara Fernandes\" \/>\n\t<meta name=\"twitter:label2\" content=\"Est. tempo de leitura\" \/>\n\t<meta name=\"twitter:data2\" content=\"2 minutos\" \/>\n<script type=\"application\/ld+json\" class=\"yoast-schema-graph\">{\"@context\":\"https:\/\/schema.org\",\"@graph\":[{\"@type\":\"Article\",\"@id\":\"https:\/\/jornalfatosenoticias.com.br\/index.php\/2023\/05\/23\/astronomos-detectam-pela-1a-vez-cinturao-de-radiacao-em-corpo-celeste-fora-do-sistema-solar\/#article\",\"isPartOf\":{\"@id\":\"https:\/\/jornalfatosenoticias.com.br\/index.php\/2023\/05\/23\/astronomos-detectam-pela-1a-vez-cinturao-de-radiacao-em-corpo-celeste-fora-do-sistema-solar\/\"},\"author\":{\"name\":\"Luzimara Fernandes\",\"@id\":\"https:\/\/jornalfatosenoticias.com.br\/#\/schema\/person\/d63837fa13ac8666eb9e74e0985d6f81\"},\"headline\":\"Astr\u00f4nomos detectam pela 1\u00aa vez cintur\u00e3o de radia\u00e7\u00e3o em corpo celeste fora do Sistema Solar\",\"datePublished\":\"2023-05-23T13:32:48+00:00\",\"dateModified\":\"2023-05-23T13:32:49+00:00\",\"mainEntityOfPage\":{\"@id\":\"https:\/\/jornalfatosenoticias.com.br\/index.php\/2023\/05\/23\/astronomos-detectam-pela-1a-vez-cinturao-de-radiacao-em-corpo-celeste-fora-do-sistema-solar\/\"},\"wordCount\":396,\"commentCount\":0,\"publisher\":{\"@id\":\"https:\/\/jornalfatosenoticias.com.br\/#organization\"},\"image\":{\"@id\":\"https:\/\/jornalfatosenoticias.com.br\/index.php\/2023\/05\/23\/astronomos-detectam-pela-1a-vez-cinturao-de-radiacao-em-corpo-celeste-fora-do-sistema-solar\/#primaryimage\"},\"thumbnailUrl\":\"https:\/\/jornalfatosenoticias.com.br\/wp-content\/uploads\/2023\/05\/cinturao-de-radiacao.jpg\",\"keywords\":[\"Astronomia\",\"campo magn\u00e9tico\",\"cientistas\",\"J\u00fapiter\",\"radia\u00e7\u00e3o\",\"sistema solar\",\"Terra\"],\"articleSection\":[\"Ci\u00eancia\"],\"inLanguage\":\"pt-BR\",\"potentialAction\":[{\"@type\":\"CommentAction\",\"name\":\"Comment\",\"target\":[\"https:\/\/jornalfatosenoticias.com.br\/index.php\/2023\/05\/23\/astronomos-detectam-pela-1a-vez-cinturao-de-radiacao-em-corpo-celeste-fora-do-sistema-solar\/#respond\"]}]},{\"@type\":\"WebPage\",\"@id\":\"https:\/\/jornalfatosenoticias.com.br\/index.php\/2023\/05\/23\/astronomos-detectam-pela-1a-vez-cinturao-de-radiacao-em-corpo-celeste-fora-do-sistema-solar\/\",\"url\":\"https:\/\/jornalfatosenoticias.com.br\/index.php\/2023\/05\/23\/astronomos-detectam-pela-1a-vez-cinturao-de-radiacao-em-corpo-celeste-fora-do-sistema-solar\/\",\"name\":\"Astr\u00f4nomos detectam pela 1\u00aa vez cintur\u00e3o de radia\u00e7\u00e3o em corpo celeste fora do Sistema Solar - Jornal Fatos e Not\u00edcias\",\"isPartOf\":{\"@id\":\"https:\/\/jornalfatosenoticias.com.br\/#website\"},\"primaryImageOfPage\":{\"@id\":\"https:\/\/jornalfatosenoticias.com.br\/index.php\/2023\/05\/23\/astronomos-detectam-pela-1a-vez-cinturao-de-radiacao-em-corpo-celeste-fora-do-sistema-solar\/#primaryimage\"},\"image\":{\"@id\":\"https:\/\/jornalfatosenoticias.com.br\/index.php\/2023\/05\/23\/astronomos-detectam-pela-1a-vez-cinturao-de-radiacao-em-corpo-celeste-fora-do-sistema-solar\/#primaryimage\"},\"thumbnailUrl\":\"https:\/\/jornalfatosenoticias.com.br\/wp-content\/uploads\/2023\/05\/cinturao-de-radiacao.jpg\",\"datePublished\":\"2023-05-23T13:32:48+00:00\",\"dateModified\":\"2023-05-23T13:32:49+00:00\",\"breadcrumb\":{\"@id\":\"https:\/\/jornalfatosenoticias.com.br\/index.php\/2023\/05\/23\/astronomos-detectam-pela-1a-vez-cinturao-de-radiacao-em-corpo-celeste-fora-do-sistema-solar\/#breadcrumb\"},\"inLanguage\":\"pt-BR\",\"potentialAction\":[{\"@type\":\"ReadAction\",\"target\":[\"https:\/\/jornalfatosenoticias.com.br\/index.php\/2023\/05\/23\/astronomos-detectam-pela-1a-vez-cinturao-de-radiacao-em-corpo-celeste-fora-do-sistema-solar\/\"]}]},{\"@type\":\"ImageObject\",\"inLanguage\":\"pt-BR\",\"@id\":\"https:\/\/jornalfatosenoticias.com.br\/index.php\/2023\/05\/23\/astronomos-detectam-pela-1a-vez-cinturao-de-radiacao-em-corpo-celeste-fora-do-sistema-solar\/#primaryimage\",\"url\":\"https:\/\/jornalfatosenoticias.com.br\/wp-content\/uploads\/2023\/05\/cinturao-de-radiacao.jpg\",\"contentUrl\":\"https:\/\/jornalfatosenoticias.com.br\/wp-content\/uploads\/2023\/05\/cinturao-de-radiacao.jpg\",\"width\":1000,\"height\":562},{\"@type\":\"BreadcrumbList\",\"@id\":\"https:\/\/jornalfatosenoticias.com.br\/index.php\/2023\/05\/23\/astronomos-detectam-pela-1a-vez-cinturao-de-radiacao-em-corpo-celeste-fora-do-sistema-solar\/#breadcrumb\",\"itemListElement\":[{\"@type\":\"ListItem\",\"position\":1,\"name\":\"In\u00edcio\",\"item\":\"https:\/\/jornalfatosenoticias.com.br\/\"},{\"@type\":\"ListItem\",\"position\":2,\"name\":\"Astr\u00f4nomos detectam pela 1\u00aa vez cintur\u00e3o de radia\u00e7\u00e3o em corpo celeste fora do Sistema Solar\"}]},{\"@type\":\"WebSite\",\"@id\":\"https:\/\/jornalfatosenoticias.com.br\/#website\",\"url\":\"https:\/\/jornalfatosenoticias.com.br\/\",\"name\":\"Jornal Fatos e Not\u00edcias\",\"description\":\"Not\u00edcias em geral\",\"publisher\":{\"@id\":\"https:\/\/jornalfatosenoticias.com.br\/#organization\"},\"potentialAction\":[{\"@type\":\"SearchAction\",\"target\":{\"@type\":\"EntryPoint\",\"urlTemplate\":\"https:\/\/jornalfatosenoticias.com.br\/?s={search_term_string}\"},\"query-input\":{\"@type\":\"PropertyValueSpecification\",\"valueRequired\":true,\"valueName\":\"search_term_string\"}}],\"inLanguage\":\"pt-BR\"},{\"@type\":\"Organization\",\"@id\":\"https:\/\/jornalfatosenoticias.com.br\/#organization\",\"name\":\"Jornal Fatos e Not\u00edcias\",\"url\":\"https:\/\/jornalfatosenoticias.com.br\/\",\"logo\":{\"@type\":\"ImageObject\",\"inLanguage\":\"pt-BR\",\"@id\":\"https:\/\/jornalfatosenoticias.com.br\/#\/schema\/logo\/image\/\",\"url\":\"https:\/\/jornalfatosenoticias.com.br\/wp-content\/uploads\/2020\/02\/logo120.png\",\"contentUrl\":\"https:\/\/jornalfatosenoticias.com.br\/wp-content\/uploads\/2020\/02\/logo120.png\",\"width\":1227,\"height\":120,\"caption\":\"Jornal Fatos e Not\u00edcias\"},\"image\":{\"@id\":\"https:\/\/jornalfatosenoticias.com.br\/#\/schema\/logo\/image\/\"}},{\"@type\":\"Person\",\"@id\":\"https:\/\/jornalfatosenoticias.com.br\/#\/schema\/person\/d63837fa13ac8666eb9e74e0985d6f81\",\"name\":\"Luzimara Fernandes\",\"image\":{\"@type\":\"ImageObject\",\"inLanguage\":\"pt-BR\",\"@id\":\"https:\/\/jornalfatosenoticias.com.br\/#\/schema\/person\/image\/\",\"url\":\"https:\/\/jornalfatosenoticias.com.br\/wp-content\/uploads\/2025\/05\/EU_portal.jpg\",\"contentUrl\":\"https:\/\/jornalfatosenoticias.com.br\/wp-content\/uploads\/2025\/05\/EU_portal.jpg\",\"caption\":\"Luzimara Fernandes\"},\"description\":\"Jornalista MTB 2358-ES\",\"sameAs\":[\"https:\/\/jornalfatosenoticias.com.br\"],\"url\":\"https:\/\/jornalfatosenoticias.com.br\/index.php\/author\/luzimara\/\"}]}<\/script>\n<!-- \/ Yoast SEO plugin. -->","yoast_head_json":{"title":"Astr\u00f4nomos detectam pela 1\u00aa vez cintur\u00e3o de radia\u00e7\u00e3o em corpo celeste fora do Sistema Solar - Jornal Fatos e Not\u00edcias","robots":{"index":"index","follow":"follow","max-snippet":"max-snippet:-1","max-image-preview":"max-image-preview:large","max-video-preview":"max-video-preview:-1"},"canonical":"https:\/\/jornalfatosenoticias.com.br\/index.php\/2023\/05\/23\/astronomos-detectam-pela-1a-vez-cinturao-de-radiacao-em-corpo-celeste-fora-do-sistema-solar\/","og_locale":"pt_BR","og_type":"article","og_title":"Astr\u00f4nomos detectam pela 1\u00aa vez cintur\u00e3o de radia\u00e7\u00e3o em corpo celeste fora do Sistema Solar - Jornal Fatos e Not\u00edcias","og_description":"O campo magn\u00e9tico pode prender part\u00edculas c\u00f3smicas e acumul\u00e1-las em torno de um planeta, aumentando assim as chances de vida emergir no planeta. Um desses campos foi descoberto em uma an\u00e3 marrom distante. Astr\u00f4nomos detectaram o primeiro cintur\u00e3o de radia\u00e7\u00e3o observado em torno de um corpo celeste fora do Sistema Solar, aponta novo estudo. A [&hellip;]","og_url":"https:\/\/jornalfatosenoticias.com.br\/index.php\/2023\/05\/23\/astronomos-detectam-pela-1a-vez-cinturao-de-radiacao-em-corpo-celeste-fora-do-sistema-solar\/","og_site_name":"Jornal Fatos e Not\u00edcias","article_published_time":"2023-05-23T13:32:48+00:00","article_modified_time":"2023-05-23T13:32:49+00:00","og_image":[{"width":1000,"height":562,"url":"https:\/\/jornalfatosenoticias.com.br\/wp-content\/uploads\/2023\/05\/cinturao-de-radiacao.jpg","type":"image\/jpeg"}],"author":"Luzimara Fernandes","twitter_card":"summary_large_image","twitter_misc":{"Escrito por":"Luzimara Fernandes","Est. tempo de leitura":"2 minutos"},"schema":{"@context":"https:\/\/schema.org","@graph":[{"@type":"Article","@id":"https:\/\/jornalfatosenoticias.com.br\/index.php\/2023\/05\/23\/astronomos-detectam-pela-1a-vez-cinturao-de-radiacao-em-corpo-celeste-fora-do-sistema-solar\/#article","isPartOf":{"@id":"https:\/\/jornalfatosenoticias.com.br\/index.php\/2023\/05\/23\/astronomos-detectam-pela-1a-vez-cinturao-de-radiacao-em-corpo-celeste-fora-do-sistema-solar\/"},"author":{"name":"Luzimara Fernandes","@id":"https:\/\/jornalfatosenoticias.com.br\/#\/schema\/person\/d63837fa13ac8666eb9e74e0985d6f81"},"headline":"Astr\u00f4nomos detectam pela 1\u00aa vez cintur\u00e3o de radia\u00e7\u00e3o em corpo celeste fora do Sistema Solar","datePublished":"2023-05-23T13:32:48+00:00","dateModified":"2023-05-23T13:32:49+00:00","mainEntityOfPage":{"@id":"https:\/\/jornalfatosenoticias.com.br\/index.php\/2023\/05\/23\/astronomos-detectam-pela-1a-vez-cinturao-de-radiacao-em-corpo-celeste-fora-do-sistema-solar\/"},"wordCount":396,"commentCount":0,"publisher":{"@id":"https:\/\/jornalfatosenoticias.com.br\/#organization"},"image":{"@id":"https:\/\/jornalfatosenoticias.com.br\/index.php\/2023\/05\/23\/astronomos-detectam-pela-1a-vez-cinturao-de-radiacao-em-corpo-celeste-fora-do-sistema-solar\/#primaryimage"},"thumbnailUrl":"https:\/\/jornalfatosenoticias.com.br\/wp-content\/uploads\/2023\/05\/cinturao-de-radiacao.jpg","keywords":["Astronomia","campo magn\u00e9tico","cientistas","J\u00fapiter","radia\u00e7\u00e3o","sistema solar","Terra"],"articleSection":["Ci\u00eancia"],"inLanguage":"pt-BR","potentialAction":[{"@type":"CommentAction","name":"Comment","target":["https:\/\/jornalfatosenoticias.com.br\/index.php\/2023\/05\/23\/astronomos-detectam-pela-1a-vez-cinturao-de-radiacao-em-corpo-celeste-fora-do-sistema-solar\/#respond"]}]},{"@type":"WebPage","@id":"https:\/\/jornalfatosenoticias.com.br\/index.php\/2023\/05\/23\/astronomos-detectam-pela-1a-vez-cinturao-de-radiacao-em-corpo-celeste-fora-do-sistema-solar\/","url":"https:\/\/jornalfatosenoticias.com.br\/index.php\/2023\/05\/23\/astronomos-detectam-pela-1a-vez-cinturao-de-radiacao-em-corpo-celeste-fora-do-sistema-solar\/","name":"Astr\u00f4nomos detectam pela 1\u00aa vez cintur\u00e3o de radia\u00e7\u00e3o em corpo celeste fora do Sistema Solar - Jornal Fatos e Not\u00edcias","isPartOf":{"@id":"https:\/\/jornalfatosenoticias.com.br\/#website"},"primaryImageOfPage":{"@id":"https:\/\/jornalfatosenoticias.com.br\/index.php\/2023\/05\/23\/astronomos-detectam-pela-1a-vez-cinturao-de-radiacao-em-corpo-celeste-fora-do-sistema-solar\/#primaryimage"},"image":{"@id":"https:\/\/jornalfatosenoticias.com.br\/index.php\/2023\/05\/23\/astronomos-detectam-pela-1a-vez-cinturao-de-radiacao-em-corpo-celeste-fora-do-sistema-solar\/#primaryimage"},"thumbnailUrl":"https:\/\/jornalfatosenoticias.com.br\/wp-content\/uploads\/2023\/05\/cinturao-de-radiacao.jpg","datePublished":"2023-05-23T13:32:48+00:00","dateModified":"2023-05-23T13:32:49+00:00","breadcrumb":{"@id":"https:\/\/jornalfatosenoticias.com.br\/index.php\/2023\/05\/23\/astronomos-detectam-pela-1a-vez-cinturao-de-radiacao-em-corpo-celeste-fora-do-sistema-solar\/#breadcrumb"},"inLanguage":"pt-BR","potentialAction":[{"@type":"ReadAction","target":["https:\/\/jornalfatosenoticias.com.br\/index.php\/2023\/05\/23\/astronomos-detectam-pela-1a-vez-cinturao-de-radiacao-em-corpo-celeste-fora-do-sistema-solar\/"]}]},{"@type":"ImageObject","inLanguage":"pt-BR","@id":"https:\/\/jornalfatosenoticias.com.br\/index.php\/2023\/05\/23\/astronomos-detectam-pela-1a-vez-cinturao-de-radiacao-em-corpo-celeste-fora-do-sistema-solar\/#primaryimage","url":"https:\/\/jornalfatosenoticias.com.br\/wp-content\/uploads\/2023\/05\/cinturao-de-radiacao.jpg","contentUrl":"https:\/\/jornalfatosenoticias.com.br\/wp-content\/uploads\/2023\/05\/cinturao-de-radiacao.jpg","width":1000,"height":562},{"@type":"BreadcrumbList","@id":"https:\/\/jornalfatosenoticias.com.br\/index.php\/2023\/05\/23\/astronomos-detectam-pela-1a-vez-cinturao-de-radiacao-em-corpo-celeste-fora-do-sistema-solar\/#breadcrumb","itemListElement":[{"@type":"ListItem","position":1,"name":"In\u00edcio","item":"https:\/\/jornalfatosenoticias.com.br\/"},{"@type":"ListItem","position":2,"name":"Astr\u00f4nomos detectam pela 1\u00aa vez cintur\u00e3o de radia\u00e7\u00e3o em corpo celeste fora do Sistema Solar"}]},{"@type":"WebSite","@id":"https:\/\/jornalfatosenoticias.com.br\/#website","url":"https:\/\/jornalfatosenoticias.com.br\/","name":"Jornal Fatos e Not\u00edcias","description":"Not\u00edcias em geral","publisher":{"@id":"https:\/\/jornalfatosenoticias.com.br\/#organization"},"potentialAction":[{"@type":"SearchAction","target":{"@type":"EntryPoint","urlTemplate":"https:\/\/jornalfatosenoticias.com.br\/?s={search_term_string}"},"query-input":{"@type":"PropertyValueSpecification","valueRequired":true,"valueName":"search_term_string"}}],"inLanguage":"pt-BR"},{"@type":"Organization","@id":"https:\/\/jornalfatosenoticias.com.br\/#organization","name":"Jornal Fatos e Not\u00edcias","url":"https:\/\/jornalfatosenoticias.com.br\/","logo":{"@type":"ImageObject","inLanguage":"pt-BR","@id":"https:\/\/jornalfatosenoticias.com.br\/#\/schema\/logo\/image\/","url":"https:\/\/jornalfatosenoticias.com.br\/wp-content\/uploads\/2020\/02\/logo120.png","contentUrl":"https:\/\/jornalfatosenoticias.com.br\/wp-content\/uploads\/2020\/02\/logo120.png","width":1227,"height":120,"caption":"Jornal Fatos e Not\u00edcias"},"image":{"@id":"https:\/\/jornalfatosenoticias.com.br\/#\/schema\/logo\/image\/"}},{"@type":"Person","@id":"https:\/\/jornalfatosenoticias.com.br\/#\/schema\/person\/d63837fa13ac8666eb9e74e0985d6f81","name":"Luzimara Fernandes","image":{"@type":"ImageObject","inLanguage":"pt-BR","@id":"https:\/\/jornalfatosenoticias.com.br\/#\/schema\/person\/image\/","url":"https:\/\/jornalfatosenoticias.com.br\/wp-content\/uploads\/2025\/05\/EU_portal.jpg","contentUrl":"https:\/\/jornalfatosenoticias.com.br\/wp-content\/uploads\/2025\/05\/EU_portal.jpg","caption":"Luzimara Fernandes"},"description":"Jornalista MTB 2358-ES","sameAs":["https:\/\/jornalfatosenoticias.com.br"],"url":"https:\/\/jornalfatosenoticias.com.br\/index.php\/author\/luzimara\/"}]}},"cc_featured_image_caption":{"caption_text":"(Foto: NRAO\/AUI\/NSF)","source_text":"","source_url":""},"jetpack_featured_media_url":"https:\/\/jornalfatosenoticias.com.br\/wp-content\/uploads\/2023\/05\/cinturao-de-radiacao.jpg","_links":{"self":[{"href":"https:\/\/jornalfatosenoticias.com.br\/index.php\/wp-json\/wp\/v2\/posts\/41692","targetHints":{"allow":["GET"]}}],"collection":[{"href":"https:\/\/jornalfatosenoticias.com.br\/index.php\/wp-json\/wp\/v2\/posts"}],"about":[{"href":"https:\/\/jornalfatosenoticias.com.br\/index.php\/wp-json\/wp\/v2\/types\/post"}],"author":[{"embeddable":true,"href":"https:\/\/jornalfatosenoticias.com.br\/index.php\/wp-json\/wp\/v2\/users\/2"}],"replies":[{"embeddable":true,"href":"https:\/\/jornalfatosenoticias.com.br\/index.php\/wp-json\/wp\/v2\/comments?post=41692"}],"version-history":[{"count":0,"href":"https:\/\/jornalfatosenoticias.com.br\/index.php\/wp-json\/wp\/v2\/posts\/41692\/revisions"}],"wp:featuredmedia":[{"embeddable":true,"href":"https:\/\/jornalfatosenoticias.com.br\/index.php\/wp-json\/wp\/v2\/media\/41693"}],"wp:attachment":[{"href":"https:\/\/jornalfatosenoticias.com.br\/index.php\/wp-json\/wp\/v2\/media?parent=41692"}],"wp:term":[{"taxonomy":"category","embeddable":true,"href":"https:\/\/jornalfatosenoticias.com.br\/index.php\/wp-json\/wp\/v2\/categories?post=41692"},{"taxonomy":"post_tag","embeddable":true,"href":"https:\/\/jornalfatosenoticias.com.br\/index.php\/wp-json\/wp\/v2\/tags?post=41692"}],"curies":[{"name":"wp","href":"https:\/\/api.w.org\/{rel}","templated":true}]}}