{"id":41712,"date":"2023-05-23T13:14:53","date_gmt":"2023-05-23T16:14:53","guid":{"rendered":"https:\/\/jornalfatosenoticias.com.br\/?p=41712"},"modified":"2023-05-23T13:14:54","modified_gmt":"2023-05-23T16:14:54","slug":"adesao-ao-refis-2023-ate-o-dia-31-de-maio","status":"publish","type":"post","link":"https:\/\/jornalfatosenoticias.com.br\/index.php\/2023\/05\/23\/adesao-ao-refis-2023-ate-o-dia-31-de-maio\/","title":{"rendered":"Ades\u00e3o ao Refis 2023 at\u00e9 o dia 31 de maio"},"content":{"rendered":"\n<p><em><span class=\"has-inline-color has-black-color\">Para obter o desconto m\u00e1ximo previsto, o prazo \u00e9 at\u00e9 o dia 31 de maio, onde a redu\u00e7\u00e3o de multa chega a 100%<\/span><\/em><\/p>\n\n\n\n<p><em><span class=\"has-inline-color has-black-color\">Por <strong>Assessoria de Comunica\u00e7\u00e3o<\/strong><\/span><\/em><\/p>\n\n\n\n<div class=\"wp-block-image\"><figure class=\"aligncenter size-large\"><img loading=\"lazy\" decoding=\"async\" width=\"729\" height=\"90\" src=\"https:\/\/jornalfatosenoticias.com.br\/wp-content\/uploads\/2020\/02\/Logo_Mizu.png\" alt=\"\" class=\"wp-image-1441\" srcset=\"https:\/\/jornalfatosenoticias.com.br\/wp-content\/uploads\/2020\/02\/Logo_Mizu.png 729w, https:\/\/jornalfatosenoticias.com.br\/wp-content\/uploads\/2020\/02\/Logo_Mizu-300x37.png 300w\" sizes=\"auto, (max-width: 729px) 100vw, 729px\" \/><\/figure><\/div>\n\n\n\n<p>As empresas com d\u00edvidas de ICMS no Esp\u00edrito Santo j\u00e1 podem solicitar entrada no novo Programa de Recupera\u00e7\u00e3o de Cr\u00e9ditos Fiscais (Refis) do Imposto sobre Circula\u00e7\u00e3o de Mercadorias e Servi\u00e7os (ICMS) do Esp\u00edrito Santo. Para obter o desconto m\u00e1ximo previsto, o prazo \u00e9 at\u00e9 o dia 31 de maio, onde a redu\u00e7\u00e3o de multa chega a 100%.<\/p>\n\n\n\n<div class=\"wp-block-image\"><figure class=\"aligncenter size-large\"><img decoding=\"async\" src=\"https:\/\/jornalfatosenoticias.com.br\/wp-content\/uploads\/2020\/02\/barao-das-carnes-300x164-1.jpg\" alt=\"\" class=\"wp-image-34339\"\/><\/figure><\/div>\n\n\n\n<p>O Refis foi criado com objetivo principal de estimular a regulariza\u00e7\u00e3o fiscal de empresas que possuem d\u00e9bitos tribut\u00e1rios, sendo uma boa oportunidade para as empresas regularizarem suas d\u00edvidas.<br>De acordo com o advogado especialista em Direito Empresarial e Tribut\u00e1rio, Sandro Rizzato, \u00e9 importante ressaltar que as empresas que pretendem aderir ao programa, tenham acompanhamento profissional de um advogado para analisar a viabilidade ou n\u00e3o da ades\u00e3o.<\/p>\n\n\n\n<div class=\"wp-block-image\"><figure class=\"aligncenter size-large\"><img loading=\"lazy\" decoding=\"async\" width=\"300\" height=\"250\" src=\"https:\/\/jornalfatosenoticias.com.br\/wp-content\/uploads\/2022\/08\/arte-Casarao.jpg\" alt=\"\" class=\"wp-image-33178\"\/><\/figure><\/div>\n\n\n\n<blockquote class=\"wp-block-quote is-layout-flow wp-block-quote-is-layout-flow\"><p><span class=\"has-inline-color has-luminous-vivid-orange-color\">Os d\u00e9bitos existentes podem ser objeto de v\u00e1lida discuss\u00e3o judicial, porque alguns destes d\u00e9bitos podem estar vencidos, j\u00e1 terem sido prescritos, e assim n\u00e3o podem mais ser cobrados pelo Estado\u201d, explica Rizzato. Se a empresa aderir ao Refis ela est\u00e1 autorizando a cobran\u00e7a de todas as suas d\u00edvidas, mesmo as prescritas. \u201cOs d\u00e9bitos ser\u00e3o consolidados juntamente com os demais e essa an\u00e1lise e balan\u00e7a deve ser feita de forma pormenorizada em todos os d\u00e9bitos do contribuinte, pois, o Refis pode tornar-se uma armadilha\u201d, diz.<\/span><\/p><\/blockquote>\n\n\n\n<div class=\"wp-block-image\"><figure class=\"aligncenter size-large\"><img decoding=\"async\" src=\"https:\/\/jornalfatosenoticias.com.br\/wp-content\/uploads\/2020\/02\/logo_esteio.jpg\" alt=\"\" class=\"wp-image-1214\"\/><\/figure><\/div>\n\n\n\n<p>De acordo com o advogado, a partir do momento que o contribuinte aderir ao programa, ele est\u00e1 validando todos os d\u00e9bitos existentes e caso ele n\u00e3o consiga arcar com o parcelamento assumido, a cobran\u00e7a do d\u00e9bito consolidado por meio de execu\u00e7\u00e3o fiscal retornar\u00e1, reduzindo assim, todas as eventuais mat\u00e9rias de defesa do devedor.<br>Sandro tamb\u00e9m explica que \u00e9 importante ressaltar que a ades\u00e3o ao Refis implica em ren\u00fancia a eventuais a\u00e7\u00f5es judiciais em curso ou direito em debates. <\/p>\n\n\n\n<div class=\"wp-block-image\"><figure class=\"aligncenter size-large is-resized\"><img loading=\"lazy\" decoding=\"async\" src=\"https:\/\/jornalfatosenoticias.com.br\/wp-content\/uploads\/2020\/02\/logo-embacia.jpg\" alt=\"\" class=\"wp-image-33905\" width=\"243\" height=\"243\"\/><\/figure><\/div>\n\n\n\n<blockquote class=\"wp-block-quote is-layout-flow wp-block-quote-is-layout-flow\"><p><span class=\"has-inline-color has-luminous-vivid-orange-color\">\u00c9 necess\u00e1rio avaliar cada caso individualmente, em conjunto com escrit\u00f3rio especializado em direito tribut\u00e1rio juntamente com escrit\u00f3rio cont\u00e1bil\u201d, diz.<\/span><\/p><\/blockquote>\n\n\n\n<div class=\"wp-block-image\"><figure class=\"aligncenter size-large\"><img loading=\"lazy\" decoding=\"async\" width=\"1000\" height=\"833\" src=\"https:\/\/jornalfatosenoticias.com.br\/wp-content\/uploads\/2023\/05\/Sandro-Rizzato.jpg\" alt=\"\" class=\"wp-image-41713\" srcset=\"https:\/\/jornalfatosenoticias.com.br\/wp-content\/uploads\/2023\/05\/Sandro-Rizzato.jpg 1000w, https:\/\/jornalfatosenoticias.com.br\/wp-content\/uploads\/2023\/05\/Sandro-Rizzato-300x250.jpg 300w, https:\/\/jornalfatosenoticias.com.br\/wp-content\/uploads\/2023\/05\/Sandro-Rizzato-768x640.jpg 768w\" sizes=\"auto, (max-width: 1000px) 100vw, 1000px\" \/><figcaption><em><span class=\"has-inline-color has-black-color\">Sandro Rizzato, advogado especialista em Direito Empresarial e Tribut\u00e1rio (Foto: Ascom)<\/span><\/em><\/figcaption><\/figure><\/div>\n\n\n\n<p>De qualquer forma, o Refis representa uma oportunidade para as empresas quitarem suas d\u00edvidas, ou mesmo regularizarem seus d\u00e9bitos com o Estado do Esp\u00edrito Santo de forma facilitada e com redu\u00e7\u00e3o de custos.<\/p>\n\n\n\n<div class=\"wp-block-image\"><figure class=\"aligncenter size-large is-resized\"><img loading=\"lazy\" decoding=\"async\" src=\"https:\/\/jornalfatosenoticias.com.br\/wp-content\/uploads\/2023\/03\/Crypton-1000-\u00d7-900-px-300x270-1.png\" alt=\"\" class=\"wp-image-40206\" width=\"239\" height=\"215\"\/><\/figure><\/div>\n\n\n\n<blockquote class=\"wp-block-quote is-layout-flow wp-block-quote-is-layout-flow\"><p><span class=\"has-inline-color has-luminous-vivid-orange-color\">A regulariza\u00e7\u00e3o da situa\u00e7\u00e3o fiscal \u00e9 fundamental para a sa\u00fade financeira das empresas e para a manuten\u00e7\u00e3o de sua atividade empresarial, mas, como dito, \u00e9 preciso fazer com crit\u00e9rios t\u00e9cnicos com an\u00e1lise aprofundada de todos os d\u00e9bitos antes mesmo da ades\u00e3o ao parcelamento\u201d, ressalta o advogado.<\/span><\/p><\/blockquote>\n\n\n\n<div class=\"wp-block-image\"><figure class=\"aligncenter size-large is-resized\"><img loading=\"lazy\" decoding=\"async\" src=\"https:\/\/jornalfatosenoticias.com.br\/wp-content\/uploads\/2022\/02\/Banner-2.png\" alt=\"\" class=\"wp-image-27877\" width=\"247\" height=\"206\"\/><\/figure><\/div>\n\n\n\n<p><strong><em><span class=\"has-inline-color has-black-color\">Sobre o Refis<br><\/span><\/em><\/strong>Os d\u00e9bitos eleg\u00edveis para pagamento no Refis s\u00e3o aqueles cujos fatos geradores tenham ocorrido at\u00e9 31 de julho de 2022, inscritos ou n\u00e3o em d\u00edvida ativa, constitu\u00eddos ou n\u00e3o, com exigibilidade suspensa ou n\u00e3o. A ades\u00e3o ao programa pode ser realizada entre os dias 01\/04 at\u00e9 31\/08, atrav\u00e9s do site da Secretaria da Fazenda do Esp\u00edrito Santo ou em uma das ag\u00eancias da Receita Estadual.<\/p>\n\n\n\n<div class=\"wp-block-image\"><figure class=\"aligncenter size-large is-resized\"><img loading=\"lazy\" decoding=\"async\" src=\"https:\/\/jornalfatosenoticias.com.br\/wp-content\/uploads\/2022\/10\/RC_800x750_page-0001.jpg\" alt=\"\" class=\"wp-image-35338\" width=\"254\" height=\"238\" srcset=\"https:\/\/jornalfatosenoticias.com.br\/wp-content\/uploads\/2022\/10\/RC_800x750_page-0001.jpg 400w, https:\/\/jornalfatosenoticias.com.br\/wp-content\/uploads\/2022\/10\/RC_800x750_page-0001-300x281.jpg 300w\" sizes=\"auto, (max-width: 254px) 100vw, 254px\" \/><\/figure><\/div>\n\n\n\n<p>Feita a an\u00e1lise, e sendo vi\u00e1vel a ades\u00e3o, o Refis Estadual permite o parcelamento da d\u00edvida em at\u00e9 180 vezes, podendo participar tamb\u00e9m empresas que utilizam de benef\u00edcios fiscais, como Invest e Compete, e tamb\u00e9m aquelas que j\u00e1 tenham realizado parcelamentos anteriores.<br>Os descontos para pagamento s\u00e3o progressivos, aumentando de acordo com a redu\u00e7\u00e3o de parcelas a pagar, como a exemplo, sendo pago o d\u00e9bito \u00e0 vista, o contribuinte pode ter redu\u00e7\u00e3o de multas e juros de at\u00e9 100%, at\u00e9 o dia 31 de maio.<\/p>\n\n\n\n<div class=\"wp-block-image\"><figure class=\"aligncenter size-large\"><img loading=\"lazy\" decoding=\"async\" width=\"1024\" height=\"110\" src=\"https:\/\/jornalfatosenoticias.com.br\/wp-content\/uploads\/2022\/10\/Arte-jornal-Zucchi-1120x120_Prancheta-1-1024x110.jpg\" alt=\"\" class=\"wp-image-34772\" srcset=\"https:\/\/jornalfatosenoticias.com.br\/wp-content\/uploads\/2022\/10\/Arte-jornal-Zucchi-1120x120_Prancheta-1-1024x110.jpg 1024w, https:\/\/jornalfatosenoticias.com.br\/wp-content\/uploads\/2022\/10\/Arte-jornal-Zucchi-1120x120_Prancheta-1-300x32.jpg 300w, https:\/\/jornalfatosenoticias.com.br\/wp-content\/uploads\/2022\/10\/Arte-jornal-Zucchi-1120x120_Prancheta-1-768x82.jpg 768w, https:\/\/jornalfatosenoticias.com.br\/wp-content\/uploads\/2022\/10\/Arte-jornal-Zucchi-1120x120_Prancheta-1-1536x165.jpg 1536w, https:\/\/jornalfatosenoticias.com.br\/wp-content\/uploads\/2022\/10\/Arte-jornal-Zucchi-1120x120_Prancheta-1-2048x219.jpg 2048w\" sizes=\"auto, (max-width: 1024px) 100vw, 1024px\" \/><\/figure><\/div>\n","protected":false},"excerpt":{"rendered":"<p>Para obter o desconto m\u00e1ximo previsto, o prazo \u00e9 at\u00e9 o dia 31 de maio, onde a redu\u00e7\u00e3o de multa chega a 100% Por Assessoria de Comunica\u00e7\u00e3o As empresas com d\u00edvidas de ICMS no Esp\u00edrito Santo j\u00e1 podem solicitar entrada no novo Programa de Recupera\u00e7\u00e3o de Cr\u00e9ditos Fiscais (Refis) do Imposto sobre Circula\u00e7\u00e3o de Mercadorias [&hellip;]<\/p>\n","protected":false},"author":2,"featured_media":41714,"comment_status":"open","ping_status":"open","sticky":false,"template":"","format":"standard","meta":{"footnotes":""},"categories":[9],"tags":[2882,19626,19623,19624,19625],"class_list":["post-41712","post","type-post","status-publish","format-standard","has-post-thumbnail","hentry","category-economia","tag-adesao","tag-receita-estadual","tag-refis","tag-refis-2023","tag-secretaria-da-fazenda"],"yoast_head":"<!-- This site is optimized with the Yoast SEO plugin v26.5 - https:\/\/yoast.com\/wordpress\/plugins\/seo\/ -->\n<title>Ades\u00e3o ao Refis 2023 at\u00e9 o dia 31 de maio - Jornal Fatos e Not\u00edcias<\/title>\n<meta name=\"robots\" content=\"index, follow, max-snippet:-1, max-image-preview:large, max-video-preview:-1\" \/>\n<link rel=\"canonical\" href=\"https:\/\/jornalfatosenoticias.com.br\/index.php\/2023\/05\/23\/adesao-ao-refis-2023-ate-o-dia-31-de-maio\/\" \/>\n<meta property=\"og:locale\" content=\"pt_BR\" \/>\n<meta property=\"og:type\" content=\"article\" \/>\n<meta property=\"og:title\" content=\"Ades\u00e3o ao Refis 2023 at\u00e9 o dia 31 de maio - Jornal Fatos e Not\u00edcias\" \/>\n<meta property=\"og:description\" content=\"Para obter o desconto m\u00e1ximo previsto, o prazo \u00e9 at\u00e9 o dia 31 de maio, onde a redu\u00e7\u00e3o de multa chega a 100% Por Assessoria de Comunica\u00e7\u00e3o As empresas com d\u00edvidas de ICMS no Esp\u00edrito Santo j\u00e1 podem solicitar entrada no novo Programa de Recupera\u00e7\u00e3o de Cr\u00e9ditos Fiscais (Refis) do Imposto sobre Circula\u00e7\u00e3o de Mercadorias [&hellip;]\" \/>\n<meta property=\"og:url\" content=\"https:\/\/jornalfatosenoticias.com.br\/index.php\/2023\/05\/23\/adesao-ao-refis-2023-ate-o-dia-31-de-maio\/\" \/>\n<meta property=\"og:site_name\" content=\"Jornal Fatos e Not\u00edcias\" \/>\n<meta property=\"article:published_time\" content=\"2023-05-23T16:14:53+00:00\" \/>\n<meta property=\"article:modified_time\" content=\"2023-05-23T16:14:54+00:00\" \/>\n<meta property=\"og:image\" content=\"https:\/\/jornalfatosenoticias.com.br\/wp-content\/uploads\/2023\/05\/refis_freepik.jpg\" \/>\n\t<meta property=\"og:image:width\" content=\"1000\" \/>\n\t<meta property=\"og:image:height\" content=\"666\" \/>\n\t<meta property=\"og:image:type\" content=\"image\/jpeg\" \/>\n<meta name=\"author\" content=\"Luzimara Fernandes\" \/>\n<meta name=\"twitter:card\" content=\"summary_large_image\" \/>\n<meta name=\"twitter:label1\" content=\"Escrito por\" \/>\n\t<meta name=\"twitter:data1\" content=\"Luzimara Fernandes\" \/>\n\t<meta name=\"twitter:label2\" content=\"Est. tempo de leitura\" \/>\n\t<meta name=\"twitter:data2\" content=\"3 minutos\" \/>\n<script type=\"application\/ld+json\" class=\"yoast-schema-graph\">{\"@context\":\"https:\/\/schema.org\",\"@graph\":[{\"@type\":\"Article\",\"@id\":\"https:\/\/jornalfatosenoticias.com.br\/index.php\/2023\/05\/23\/adesao-ao-refis-2023-ate-o-dia-31-de-maio\/#article\",\"isPartOf\":{\"@id\":\"https:\/\/jornalfatosenoticias.com.br\/index.php\/2023\/05\/23\/adesao-ao-refis-2023-ate-o-dia-31-de-maio\/\"},\"author\":{\"name\":\"Luzimara Fernandes\",\"@id\":\"https:\/\/jornalfatosenoticias.com.br\/#\/schema\/person\/d63837fa13ac8666eb9e74e0985d6f81\"},\"headline\":\"Ades\u00e3o ao Refis 2023 at\u00e9 o dia 31 de maio\",\"datePublished\":\"2023-05-23T16:14:53+00:00\",\"dateModified\":\"2023-05-23T16:14:54+00:00\",\"mainEntityOfPage\":{\"@id\":\"https:\/\/jornalfatosenoticias.com.br\/index.php\/2023\/05\/23\/adesao-ao-refis-2023-ate-o-dia-31-de-maio\/\"},\"wordCount\":647,\"commentCount\":0,\"publisher\":{\"@id\":\"https:\/\/jornalfatosenoticias.com.br\/#organization\"},\"image\":{\"@id\":\"https:\/\/jornalfatosenoticias.com.br\/index.php\/2023\/05\/23\/adesao-ao-refis-2023-ate-o-dia-31-de-maio\/#primaryimage\"},\"thumbnailUrl\":\"https:\/\/jornalfatosenoticias.com.br\/wp-content\/uploads\/2023\/05\/refis_freepik.jpg\",\"keywords\":[\"ades\u00e3o\",\"Receita Estadual\",\"Refis\",\"Refis 2023\",\"Secretaria da Fazenda\"],\"articleSection\":[\"Economia\"],\"inLanguage\":\"pt-BR\",\"potentialAction\":[{\"@type\":\"CommentAction\",\"name\":\"Comment\",\"target\":[\"https:\/\/jornalfatosenoticias.com.br\/index.php\/2023\/05\/23\/adesao-ao-refis-2023-ate-o-dia-31-de-maio\/#respond\"]}]},{\"@type\":\"WebPage\",\"@id\":\"https:\/\/jornalfatosenoticias.com.br\/index.php\/2023\/05\/23\/adesao-ao-refis-2023-ate-o-dia-31-de-maio\/\",\"url\":\"https:\/\/jornalfatosenoticias.com.br\/index.php\/2023\/05\/23\/adesao-ao-refis-2023-ate-o-dia-31-de-maio\/\",\"name\":\"Ades\u00e3o ao Refis 2023 at\u00e9 o dia 31 de maio - Jornal Fatos e Not\u00edcias\",\"isPartOf\":{\"@id\":\"https:\/\/jornalfatosenoticias.com.br\/#website\"},\"primaryImageOfPage\":{\"@id\":\"https:\/\/jornalfatosenoticias.com.br\/index.php\/2023\/05\/23\/adesao-ao-refis-2023-ate-o-dia-31-de-maio\/#primaryimage\"},\"image\":{\"@id\":\"https:\/\/jornalfatosenoticias.com.br\/index.php\/2023\/05\/23\/adesao-ao-refis-2023-ate-o-dia-31-de-maio\/#primaryimage\"},\"thumbnailUrl\":\"https:\/\/jornalfatosenoticias.com.br\/wp-content\/uploads\/2023\/05\/refis_freepik.jpg\",\"datePublished\":\"2023-05-23T16:14:53+00:00\",\"dateModified\":\"2023-05-23T16:14:54+00:00\",\"breadcrumb\":{\"@id\":\"https:\/\/jornalfatosenoticias.com.br\/index.php\/2023\/05\/23\/adesao-ao-refis-2023-ate-o-dia-31-de-maio\/#breadcrumb\"},\"inLanguage\":\"pt-BR\",\"potentialAction\":[{\"@type\":\"ReadAction\",\"target\":[\"https:\/\/jornalfatosenoticias.com.br\/index.php\/2023\/05\/23\/adesao-ao-refis-2023-ate-o-dia-31-de-maio\/\"]}]},{\"@type\":\"ImageObject\",\"inLanguage\":\"pt-BR\",\"@id\":\"https:\/\/jornalfatosenoticias.com.br\/index.php\/2023\/05\/23\/adesao-ao-refis-2023-ate-o-dia-31-de-maio\/#primaryimage\",\"url\":\"https:\/\/jornalfatosenoticias.com.br\/wp-content\/uploads\/2023\/05\/refis_freepik.jpg\",\"contentUrl\":\"https:\/\/jornalfatosenoticias.com.br\/wp-content\/uploads\/2023\/05\/refis_freepik.jpg\",\"width\":1000,\"height\":666,\"caption\":\"Close-up of economist using calculator while going through bills and taxes in the office.\"},{\"@type\":\"BreadcrumbList\",\"@id\":\"https:\/\/jornalfatosenoticias.com.br\/index.php\/2023\/05\/23\/adesao-ao-refis-2023-ate-o-dia-31-de-maio\/#breadcrumb\",\"itemListElement\":[{\"@type\":\"ListItem\",\"position\":1,\"name\":\"In\u00edcio\",\"item\":\"https:\/\/jornalfatosenoticias.com.br\/\"},{\"@type\":\"ListItem\",\"position\":2,\"name\":\"Ades\u00e3o ao Refis 2023 at\u00e9 o dia 31 de maio\"}]},{\"@type\":\"WebSite\",\"@id\":\"https:\/\/jornalfatosenoticias.com.br\/#website\",\"url\":\"https:\/\/jornalfatosenoticias.com.br\/\",\"name\":\"Jornal Fatos e Not\u00edcias\",\"description\":\"Not\u00edcias em geral\",\"publisher\":{\"@id\":\"https:\/\/jornalfatosenoticias.com.br\/#organization\"},\"potentialAction\":[{\"@type\":\"SearchAction\",\"target\":{\"@type\":\"EntryPoint\",\"urlTemplate\":\"https:\/\/jornalfatosenoticias.com.br\/?s={search_term_string}\"},\"query-input\":{\"@type\":\"PropertyValueSpecification\",\"valueRequired\":true,\"valueName\":\"search_term_string\"}}],\"inLanguage\":\"pt-BR\"},{\"@type\":\"Organization\",\"@id\":\"https:\/\/jornalfatosenoticias.com.br\/#organization\",\"name\":\"Jornal Fatos e Not\u00edcias\",\"url\":\"https:\/\/jornalfatosenoticias.com.br\/\",\"logo\":{\"@type\":\"ImageObject\",\"inLanguage\":\"pt-BR\",\"@id\":\"https:\/\/jornalfatosenoticias.com.br\/#\/schema\/logo\/image\/\",\"url\":\"https:\/\/jornalfatosenoticias.com.br\/wp-content\/uploads\/2020\/02\/logo120.png\",\"contentUrl\":\"https:\/\/jornalfatosenoticias.com.br\/wp-content\/uploads\/2020\/02\/logo120.png\",\"width\":1227,\"height\":120,\"caption\":\"Jornal Fatos e Not\u00edcias\"},\"image\":{\"@id\":\"https:\/\/jornalfatosenoticias.com.br\/#\/schema\/logo\/image\/\"}},{\"@type\":\"Person\",\"@id\":\"https:\/\/jornalfatosenoticias.com.br\/#\/schema\/person\/d63837fa13ac8666eb9e74e0985d6f81\",\"name\":\"Luzimara Fernandes\",\"image\":{\"@type\":\"ImageObject\",\"inLanguage\":\"pt-BR\",\"@id\":\"https:\/\/jornalfatosenoticias.com.br\/#\/schema\/person\/image\/\",\"url\":\"https:\/\/jornalfatosenoticias.com.br\/wp-content\/uploads\/2025\/05\/EU_portal.jpg\",\"contentUrl\":\"https:\/\/jornalfatosenoticias.com.br\/wp-content\/uploads\/2025\/05\/EU_portal.jpg\",\"caption\":\"Luzimara Fernandes\"},\"description\":\"Jornalista MTB 2358-ES\",\"sameAs\":[\"https:\/\/jornalfatosenoticias.com.br\"],\"url\":\"https:\/\/jornalfatosenoticias.com.br\/index.php\/author\/luzimara\/\"}]}<\/script>\n<!-- \/ Yoast SEO plugin. -->","yoast_head_json":{"title":"Ades\u00e3o ao Refis 2023 at\u00e9 o dia 31 de maio - Jornal Fatos e Not\u00edcias","robots":{"index":"index","follow":"follow","max-snippet":"max-snippet:-1","max-image-preview":"max-image-preview:large","max-video-preview":"max-video-preview:-1"},"canonical":"https:\/\/jornalfatosenoticias.com.br\/index.php\/2023\/05\/23\/adesao-ao-refis-2023-ate-o-dia-31-de-maio\/","og_locale":"pt_BR","og_type":"article","og_title":"Ades\u00e3o ao Refis 2023 at\u00e9 o dia 31 de maio - Jornal Fatos e Not\u00edcias","og_description":"Para obter o desconto m\u00e1ximo previsto, o prazo \u00e9 at\u00e9 o dia 31 de maio, onde a redu\u00e7\u00e3o de multa chega a 100% Por Assessoria de Comunica\u00e7\u00e3o As empresas com d\u00edvidas de ICMS no Esp\u00edrito Santo j\u00e1 podem solicitar entrada no novo Programa de Recupera\u00e7\u00e3o de Cr\u00e9ditos Fiscais (Refis) do Imposto sobre Circula\u00e7\u00e3o de Mercadorias [&hellip;]","og_url":"https:\/\/jornalfatosenoticias.com.br\/index.php\/2023\/05\/23\/adesao-ao-refis-2023-ate-o-dia-31-de-maio\/","og_site_name":"Jornal Fatos e Not\u00edcias","article_published_time":"2023-05-23T16:14:53+00:00","article_modified_time":"2023-05-23T16:14:54+00:00","og_image":[{"width":1000,"height":666,"url":"https:\/\/jornalfatosenoticias.com.br\/wp-content\/uploads\/2023\/05\/refis_freepik.jpg","type":"image\/jpeg"}],"author":"Luzimara Fernandes","twitter_card":"summary_large_image","twitter_misc":{"Escrito por":"Luzimara Fernandes","Est. tempo de leitura":"3 minutos"},"schema":{"@context":"https:\/\/schema.org","@graph":[{"@type":"Article","@id":"https:\/\/jornalfatosenoticias.com.br\/index.php\/2023\/05\/23\/adesao-ao-refis-2023-ate-o-dia-31-de-maio\/#article","isPartOf":{"@id":"https:\/\/jornalfatosenoticias.com.br\/index.php\/2023\/05\/23\/adesao-ao-refis-2023-ate-o-dia-31-de-maio\/"},"author":{"name":"Luzimara Fernandes","@id":"https:\/\/jornalfatosenoticias.com.br\/#\/schema\/person\/d63837fa13ac8666eb9e74e0985d6f81"},"headline":"Ades\u00e3o ao Refis 2023 at\u00e9 o dia 31 de maio","datePublished":"2023-05-23T16:14:53+00:00","dateModified":"2023-05-23T16:14:54+00:00","mainEntityOfPage":{"@id":"https:\/\/jornalfatosenoticias.com.br\/index.php\/2023\/05\/23\/adesao-ao-refis-2023-ate-o-dia-31-de-maio\/"},"wordCount":647,"commentCount":0,"publisher":{"@id":"https:\/\/jornalfatosenoticias.com.br\/#organization"},"image":{"@id":"https:\/\/jornalfatosenoticias.com.br\/index.php\/2023\/05\/23\/adesao-ao-refis-2023-ate-o-dia-31-de-maio\/#primaryimage"},"thumbnailUrl":"https:\/\/jornalfatosenoticias.com.br\/wp-content\/uploads\/2023\/05\/refis_freepik.jpg","keywords":["ades\u00e3o","Receita Estadual","Refis","Refis 2023","Secretaria da Fazenda"],"articleSection":["Economia"],"inLanguage":"pt-BR","potentialAction":[{"@type":"CommentAction","name":"Comment","target":["https:\/\/jornalfatosenoticias.com.br\/index.php\/2023\/05\/23\/adesao-ao-refis-2023-ate-o-dia-31-de-maio\/#respond"]}]},{"@type":"WebPage","@id":"https:\/\/jornalfatosenoticias.com.br\/index.php\/2023\/05\/23\/adesao-ao-refis-2023-ate-o-dia-31-de-maio\/","url":"https:\/\/jornalfatosenoticias.com.br\/index.php\/2023\/05\/23\/adesao-ao-refis-2023-ate-o-dia-31-de-maio\/","name":"Ades\u00e3o ao Refis 2023 at\u00e9 o dia 31 de maio - Jornal Fatos e Not\u00edcias","isPartOf":{"@id":"https:\/\/jornalfatosenoticias.com.br\/#website"},"primaryImageOfPage":{"@id":"https:\/\/jornalfatosenoticias.com.br\/index.php\/2023\/05\/23\/adesao-ao-refis-2023-ate-o-dia-31-de-maio\/#primaryimage"},"image":{"@id":"https:\/\/jornalfatosenoticias.com.br\/index.php\/2023\/05\/23\/adesao-ao-refis-2023-ate-o-dia-31-de-maio\/#primaryimage"},"thumbnailUrl":"https:\/\/jornalfatosenoticias.com.br\/wp-content\/uploads\/2023\/05\/refis_freepik.jpg","datePublished":"2023-05-23T16:14:53+00:00","dateModified":"2023-05-23T16:14:54+00:00","breadcrumb":{"@id":"https:\/\/jornalfatosenoticias.com.br\/index.php\/2023\/05\/23\/adesao-ao-refis-2023-ate-o-dia-31-de-maio\/#breadcrumb"},"inLanguage":"pt-BR","potentialAction":[{"@type":"ReadAction","target":["https:\/\/jornalfatosenoticias.com.br\/index.php\/2023\/05\/23\/adesao-ao-refis-2023-ate-o-dia-31-de-maio\/"]}]},{"@type":"ImageObject","inLanguage":"pt-BR","@id":"https:\/\/jornalfatosenoticias.com.br\/index.php\/2023\/05\/23\/adesao-ao-refis-2023-ate-o-dia-31-de-maio\/#primaryimage","url":"https:\/\/jornalfatosenoticias.com.br\/wp-content\/uploads\/2023\/05\/refis_freepik.jpg","contentUrl":"https:\/\/jornalfatosenoticias.com.br\/wp-content\/uploads\/2023\/05\/refis_freepik.jpg","width":1000,"height":666,"caption":"Close-up of economist using calculator while going through bills and taxes in the office."},{"@type":"BreadcrumbList","@id":"https:\/\/jornalfatosenoticias.com.br\/index.php\/2023\/05\/23\/adesao-ao-refis-2023-ate-o-dia-31-de-maio\/#breadcrumb","itemListElement":[{"@type":"ListItem","position":1,"name":"In\u00edcio","item":"https:\/\/jornalfatosenoticias.com.br\/"},{"@type":"ListItem","position":2,"name":"Ades\u00e3o ao Refis 2023 at\u00e9 o dia 31 de maio"}]},{"@type":"WebSite","@id":"https:\/\/jornalfatosenoticias.com.br\/#website","url":"https:\/\/jornalfatosenoticias.com.br\/","name":"Jornal Fatos e Not\u00edcias","description":"Not\u00edcias em geral","publisher":{"@id":"https:\/\/jornalfatosenoticias.com.br\/#organization"},"potentialAction":[{"@type":"SearchAction","target":{"@type":"EntryPoint","urlTemplate":"https:\/\/jornalfatosenoticias.com.br\/?s={search_term_string}"},"query-input":{"@type":"PropertyValueSpecification","valueRequired":true,"valueName":"search_term_string"}}],"inLanguage":"pt-BR"},{"@type":"Organization","@id":"https:\/\/jornalfatosenoticias.com.br\/#organization","name":"Jornal Fatos e Not\u00edcias","url":"https:\/\/jornalfatosenoticias.com.br\/","logo":{"@type":"ImageObject","inLanguage":"pt-BR","@id":"https:\/\/jornalfatosenoticias.com.br\/#\/schema\/logo\/image\/","url":"https:\/\/jornalfatosenoticias.com.br\/wp-content\/uploads\/2020\/02\/logo120.png","contentUrl":"https:\/\/jornalfatosenoticias.com.br\/wp-content\/uploads\/2020\/02\/logo120.png","width":1227,"height":120,"caption":"Jornal Fatos e Not\u00edcias"},"image":{"@id":"https:\/\/jornalfatosenoticias.com.br\/#\/schema\/logo\/image\/"}},{"@type":"Person","@id":"https:\/\/jornalfatosenoticias.com.br\/#\/schema\/person\/d63837fa13ac8666eb9e74e0985d6f81","name":"Luzimara Fernandes","image":{"@type":"ImageObject","inLanguage":"pt-BR","@id":"https:\/\/jornalfatosenoticias.com.br\/#\/schema\/person\/image\/","url":"https:\/\/jornalfatosenoticias.com.br\/wp-content\/uploads\/2025\/05\/EU_portal.jpg","contentUrl":"https:\/\/jornalfatosenoticias.com.br\/wp-content\/uploads\/2025\/05\/EU_portal.jpg","caption":"Luzimara Fernandes"},"description":"Jornalista MTB 2358-ES","sameAs":["https:\/\/jornalfatosenoticias.com.br"],"url":"https:\/\/jornalfatosenoticias.com.br\/index.php\/author\/luzimara\/"}]}},"cc_featured_image_caption":{"caption_text":"(Foto: Freepik)","source_text":"","source_url":""},"jetpack_featured_media_url":"https:\/\/jornalfatosenoticias.com.br\/wp-content\/uploads\/2023\/05\/refis_freepik.jpg","_links":{"self":[{"href":"https:\/\/jornalfatosenoticias.com.br\/index.php\/wp-json\/wp\/v2\/posts\/41712","targetHints":{"allow":["GET"]}}],"collection":[{"href":"https:\/\/jornalfatosenoticias.com.br\/index.php\/wp-json\/wp\/v2\/posts"}],"about":[{"href":"https:\/\/jornalfatosenoticias.com.br\/index.php\/wp-json\/wp\/v2\/types\/post"}],"author":[{"embeddable":true,"href":"https:\/\/jornalfatosenoticias.com.br\/index.php\/wp-json\/wp\/v2\/users\/2"}],"replies":[{"embeddable":true,"href":"https:\/\/jornalfatosenoticias.com.br\/index.php\/wp-json\/wp\/v2\/comments?post=41712"}],"version-history":[{"count":0,"href":"https:\/\/jornalfatosenoticias.com.br\/index.php\/wp-json\/wp\/v2\/posts\/41712\/revisions"}],"wp:featuredmedia":[{"embeddable":true,"href":"https:\/\/jornalfatosenoticias.com.br\/index.php\/wp-json\/wp\/v2\/media\/41714"}],"wp:attachment":[{"href":"https:\/\/jornalfatosenoticias.com.br\/index.php\/wp-json\/wp\/v2\/media?parent=41712"}],"wp:term":[{"taxonomy":"category","embeddable":true,"href":"https:\/\/jornalfatosenoticias.com.br\/index.php\/wp-json\/wp\/v2\/categories?post=41712"},{"taxonomy":"post_tag","embeddable":true,"href":"https:\/\/jornalfatosenoticias.com.br\/index.php\/wp-json\/wp\/v2\/tags?post=41712"}],"curies":[{"name":"wp","href":"https:\/\/api.w.org\/{rel}","templated":true}]}}