{"id":41719,"date":"2023-05-24T09:20:54","date_gmt":"2023-05-24T12:20:54","guid":{"rendered":"https:\/\/jornalfatosenoticias.com.br\/?p=41719"},"modified":"2023-05-24T09:20:55","modified_gmt":"2023-05-24T12:20:55","slug":"alianca-entre-escola-e-territorio-permite-uma-educacao-integral","status":"publish","type":"post","link":"https:\/\/jornalfatosenoticias.com.br\/index.php\/2023\/05\/24\/alianca-entre-escola-e-territorio-permite-uma-educacao-integral\/","title":{"rendered":"Alian\u00e7a entre escola e territ\u00f3rio permite uma educa\u00e7\u00e3o integral"},"content":{"rendered":"\n<p><em><span class=\"has-inline-color has-black-color\">Uma pol\u00edtica p\u00fablica que garanta \u00e0 escola a autonomia de chegar a mais espa\u00e7os, alinhada ao curr\u00edculo, seria o caminho de a educa\u00e7\u00e3o integral chegar a cada vez mais escolas do Pa\u00eds<\/span><\/em><\/p>\n\n\n\n<p><em><span class=\"has-inline-color has-black-color\">Por <strong><a href=\"https:\/\/revistaeducacao.com.br\/author\/luciana-alvarez\/\">Luciana Alvarez<\/a><\/strong><\/span><\/em><\/p>\n\n\n\n<div class=\"wp-block-image\"><figure class=\"aligncenter size-large is-resized\"><img loading=\"lazy\" decoding=\"async\" src=\"https:\/\/jornalfatosenoticias.com.br\/wp-content\/uploads\/2022\/02\/Banner-2.png\" alt=\"\" class=\"wp-image-27877\" width=\"281\" height=\"234\"\/><\/figure><\/div>\n\n\n\n<p>Promover uma educa\u00e7\u00e3o integral pressup\u00f5e olhar para o estudante como um ser que existe tamb\u00e9m fora do ambiente escolar. Afinal, n\u00e3o adianta pensar nas dimens\u00f5es intelectual, emocional, f\u00edsica, social sem considerar que ele tem uma vida dentro de um espa\u00e7o geogr\u00e1fico. S\u00f3 com a articula\u00e7\u00e3o entre as escolas e outros atores do territ\u00f3rio, portanto, \u00e9 poss\u00edvel desenvolver o estudante de maneira completa. <\/p>\n\n\n\n<blockquote class=\"wp-block-quote is-layout-flow wp-block-quote-is-layout-flow\"><p><span class=\"has-inline-color has-luminous-vivid-orange-color\">A escola reconhecer o territ\u00f3rio \u00e9 uma forma de reconhecer os estudantes, porque eles seguem sendo sujeitos no territ\u00f3rio\u201d, afirma Raiana Ribeiro, coordenadora de programas na Cidade Escola Aprendiz.<\/span><\/p><\/blockquote>\n\n\n\n<div class=\"wp-block-image\"><figure class=\"aligncenter size-large is-resized\"><img loading=\"lazy\" decoding=\"async\" src=\"https:\/\/jornalfatosenoticias.com.br\/wp-content\/uploads\/2023\/03\/logo-Panper_portal.jpg\" alt=\"\" class=\"wp-image-40208\" width=\"290\" height=\"201\" srcset=\"https:\/\/jornalfatosenoticias.com.br\/wp-content\/uploads\/2023\/03\/logo-Panper_portal.jpg 400w, https:\/\/jornalfatosenoticias.com.br\/wp-content\/uploads\/2023\/03\/logo-Panper_portal-300x208.jpg 300w\" sizes=\"auto, (max-width: 290px) 100vw, 290px\" \/><\/figure><\/div>\n\n\n\n<p>Como cada territ\u00f3rio \u00e9 \u00fanico, n\u00e3o existe receita sobre como e com quem fazer as alian\u00e7as. Pode ser desde entidades oficiais, como uma Unidade B\u00e1sica de Sa\u00fade (UBS), at\u00e9 pessoas com saberes importantes para a comunidade, como um mestre de capoeira, uma bordadeira, um grafiteiro etc. A iniciativa pode sim partir da escola, mas, \u00e0s vezes, \u00e9 a pr\u00f3pria comunidade que procura essa integra\u00e7\u00e3o com a institui\u00e7\u00e3o de educa\u00e7\u00e3o.<br>Para dar certo, \u00e9 importante evitar alguns lugares-comuns de que incluir outros atores na educa\u00e7\u00e3o ser\u00e1 um trabalho extra para equipe docente, j\u00e1 sobrecarregada. <\/p>\n\n\n\n<div class=\"wp-block-image\"><figure class=\"aligncenter size-large\"><img loading=\"lazy\" decoding=\"async\" width=\"300\" height=\"222\" src=\"https:\/\/jornalfatosenoticias.com.br\/wp-content\/uploads\/2023\/03\/logo_Juliana-Graca.jpg\" alt=\"\" class=\"wp-image-39283\"\/><\/figure><\/div>\n\n\n\n<blockquote class=\"wp-block-quote is-layout-flow wp-block-quote-is-layout-flow\"><p><span class=\"has-inline-color has-luminous-vivid-orange-color\">A escola precisa de apoio. O trabalho em rede vai ajudar quem est\u00e1 na escola e apoiar nas quest\u00f5es e demandas que j\u00e1 existem. Ele vai trazer mais gente para a constru\u00e7\u00e3o dos caminhos\u201d, diz a educadora.<\/span><\/p><\/blockquote>\n\n\n\n<div class=\"wp-block-image\"><figure class=\"aligncenter size-large\"><img decoding=\"async\" src=\"https:\/\/jornalfatosenoticias.com.br\/wp-content\/uploads\/2020\/02\/barao-das-carnes-300x164-1.jpg\" alt=\"\" class=\"wp-image-34339\"\/><\/figure><\/div>\n\n\n\n<p>Mas o trabalho conjunto deve ser uma via de m\u00e3o dupla, com vantagens para todos. O territ\u00f3rio deve ser encarado como uma finalidade em si, e n\u00e3o apenas um meio de melhorar a aprendizagem dos mais novos. <\/p>\n\n\n\n<blockquote class=\"wp-block-quote is-layout-flow wp-block-quote-is-layout-flow\"><p><span class=\"has-inline-color has-luminous-vivid-orange-color\">A educa\u00e7\u00e3o integral que a gente defende vai ser provocadora por uma vis\u00e3o coletiva, um projeto para a comunidade, uma proposta que n\u00e3o \u00e9 s\u00f3 daquele sujeito, para ele fazer faculdade ter um emprego e ele \u2018melhorar\u2019 de vida\u201d, afirma a Raiana.<\/span><\/p><\/blockquote>\n\n\n\n<div class=\"wp-block-image\"><figure class=\"aligncenter size-large is-resized\"><img loading=\"lazy\" decoding=\"async\" src=\"https:\/\/jornalfatosenoticias.com.br\/wp-content\/uploads\/2022\/10\/Arte-jornal-Zucchi-600x600_Prancheta-1-1024x1024.jpg\" alt=\"\" class=\"wp-image-34782\" width=\"244\" height=\"244\" srcset=\"https:\/\/jornalfatosenoticias.com.br\/wp-content\/uploads\/2022\/10\/Arte-jornal-Zucchi-600x600_Prancheta-1-1024x1024.jpg 1024w, https:\/\/jornalfatosenoticias.com.br\/wp-content\/uploads\/2022\/10\/Arte-jornal-Zucchi-600x600_Prancheta-1-300x300.jpg 300w, https:\/\/jornalfatosenoticias.com.br\/wp-content\/uploads\/2022\/10\/Arte-jornal-Zucchi-600x600_Prancheta-1-150x150.jpg 150w, https:\/\/jornalfatosenoticias.com.br\/wp-content\/uploads\/2022\/10\/Arte-jornal-Zucchi-600x600_Prancheta-1-768x768.jpg 768w, https:\/\/jornalfatosenoticias.com.br\/wp-content\/uploads\/2022\/10\/Arte-jornal-Zucchi-600x600_Prancheta-1.jpg 1250w\" sizes=\"auto, (max-width: 244px) 100vw, 244px\" \/><\/figure><\/div>\n\n\n\n<p><strong><span class=\"has-inline-color has-black-color\">Planejar \u00e9 preciso<br><\/span><\/strong>Reconhecer a import\u00e2ncia de agir em conjunto \u00e9 o primeiro passo, mas sair da roda-viva de fazeres e obriga\u00e7\u00f5es da sala de aula pode representar um grande desafio. \u201cO sistema n\u00e3o ajuda os professores a se desprenderem de cartilhas, apostilas. Cobrados para fazer uma s\u00e9rie de entregas, acabam incorrendo em algo mais tradicional. Eles precisam de condi\u00e7\u00f5es para reformular suas aulas\u201d, afirma Mayra Antonelli Ponti, gerente de pol\u00edtica educacional e impacto no N\u00facleo de Excel\u00eancia em Tecnologias Sociais (Nees) e l\u00edder da agenda de desenvolvimento integral no Laborat\u00f3rio de Estudos e Pesquisas em Economia Social (Lepes), da Universidade de S\u00e3o Paulo.<\/p>\n\n\n\n<div class=\"wp-block-image\"><figure class=\"aligncenter size-large\"><img loading=\"lazy\" decoding=\"async\" width=\"300\" height=\"250\" src=\"https:\/\/jornalfatosenoticias.com.br\/wp-content\/uploads\/2022\/08\/arte-Casarao.jpg\" alt=\"\" class=\"wp-image-33178\"\/><\/figure><\/div>\n\n\n\n<p>Para que novas a\u00e7\u00f5es tenham repercuss\u00e3o efetiva na educa\u00e7\u00e3o, Mayra defende uma prepara\u00e7\u00e3o anterior feita em conjunto, em vez de uma a\u00e7\u00e3o isolada de um professor. \u201cA etapa do planejamento \u00e9 muito importante. Tenho que planejar para que fa\u00e7a sentido com o restante do ecossistema escolar\u201d, diz. S\u00f3 assim, a educa\u00e7\u00e3o far\u00e1 sentido para os estudantes.<\/p>\n\n\n\n<div class=\"wp-block-image\"><figure class=\"aligncenter size-large\"><img decoding=\"async\" src=\"https:\/\/jornalfatosenoticias.com.br\/wp-content\/uploads\/2020\/02\/logo_esteio.jpg\" alt=\"\" class=\"wp-image-1214\"\/><\/figure><\/div>\n\n\n\n<p>Planejar, contudo, n\u00e3o pode ser encarado como uma camisa de for\u00e7a, como uma cartilha a ser seguida ao p\u00e9 da letra. \u201cTudo bem mudar o que foi planejado; n\u00e3o \u00e9 para ser algo estanque. O planejamento serve de base, at\u00e9 para depois eu saber o que foi poss\u00edvel e o que n\u00e3o consegui fazer\u201d, explica Mayra.<\/p>\n\n\n\n<div class=\"wp-block-image\"><figure class=\"aligncenter size-large\"><img loading=\"lazy\" decoding=\"async\" width=\"1024\" height=\"99\" src=\"https:\/\/jornalfatosenoticias.com.br\/wp-content\/uploads\/2020\/02\/Logo-Mizu-segunda-2-1024x99.png\" alt=\"\" class=\"wp-image-2353\" srcset=\"https:\/\/jornalfatosenoticias.com.br\/wp-content\/uploads\/2020\/02\/Logo-Mizu-segunda-2-1024x99.png 1024w, https:\/\/jornalfatosenoticias.com.br\/wp-content\/uploads\/2020\/02\/Logo-Mizu-segunda-2-300x29.png 300w, https:\/\/jornalfatosenoticias.com.br\/wp-content\/uploads\/2020\/02\/Logo-Mizu-segunda-2-768x74.png 768w, https:\/\/jornalfatosenoticias.com.br\/wp-content\/uploads\/2020\/02\/Logo-Mizu-segunda-2.png 1240w\" sizes=\"auto, (max-width: 1024px) 100vw, 1024px\" \/><\/figure><\/div>\n\n\n\n<p>Claro que, para que a pr\u00f3pria escola possa ter mais articula\u00e7\u00e3o com seu territ\u00f3rio, ela precisa ter autonomia, defende Mayra. Portanto, uma pol\u00edtica p\u00fablica garantindo esse espa\u00e7o de autonomia alinhado ao curr\u00edculo seria o caminho de a educa\u00e7\u00e3o integral chegar a cada vez mais escolas do Pa\u00eds. A autonomia \u00e9 desej\u00e1vel, portanto, para escola, professores e alunos.<br>Promover o desenvolvimento do estudante de forma integral traz frutos que v\u00e3o al\u00e9m da melhoria do desempenho acad\u00eamico, podendo ter impacto, por exemplo, na sa\u00fade mental deles. <\/p>\n\n\n\n<div class=\"wp-block-image\"><figure class=\"aligncenter size-large is-resized\"><img loading=\"lazy\" decoding=\"async\" src=\"https:\/\/jornalfatosenoticias.com.br\/wp-content\/uploads\/2020\/02\/logo-embacia.jpg\" alt=\"\" class=\"wp-image-33905\" width=\"268\" height=\"268\"\/><\/figure><\/div>\n\n\n\n<blockquote class=\"wp-block-quote is-layout-flow wp-block-quote-is-layout-flow\"><p><span class=\"has-inline-color has-luminous-vivid-orange-color\">N\u00e3o quero dizer que a sa\u00fade mental \u00e9 responsabilidade da escola, mas ter um professor aberto ao di\u00e1logo tem provocado modifica\u00e7\u00f5es na pr\u00e1tica. Em um estudo de caso do Programa Inteligentes, no Cear\u00e1, vimos que houve uma queda nos casos de autoles\u00e3o\u201d, relata Mayra.<\/span><\/p><\/blockquote>\n\n\n\n<div class=\"wp-block-image\"><figure class=\"aligncenter size-large\"><img loading=\"lazy\" decoding=\"async\" width=\"1024\" height=\"110\" src=\"https:\/\/jornalfatosenoticias.com.br\/wp-content\/uploads\/2023\/03\/Crypton-1120-\u00d7-120-px-1-1024x110.png\" alt=\"\" class=\"wp-image-39211\" srcset=\"https:\/\/jornalfatosenoticias.com.br\/wp-content\/uploads\/2023\/03\/Crypton-1120-\u00d7-120-px-1-1024x110.png 1024w, https:\/\/jornalfatosenoticias.com.br\/wp-content\/uploads\/2023\/03\/Crypton-1120-\u00d7-120-px-1-300x32.png 300w, https:\/\/jornalfatosenoticias.com.br\/wp-content\/uploads\/2023\/03\/Crypton-1120-\u00d7-120-px-1-768x82.png 768w, https:\/\/jornalfatosenoticias.com.br\/wp-content\/uploads\/2023\/03\/Crypton-1120-\u00d7-120-px-1.png 1120w\" sizes=\"auto, (max-width: 1024px) 100vw, 1024px\" \/><\/figure><\/div>\n\n\n\n<p><strong><em>Fonte: <a href=\"https:\/\/revistaeducacao.com.br\/2023\/05\/12\/educacao-integral-bett\/\">Revista Educa\u00e7\u00e3o<\/a><\/em><\/strong><\/p>\n","protected":false},"excerpt":{"rendered":"<p>Uma pol\u00edtica p\u00fablica que garanta \u00e0 escola a autonomia de chegar a mais espa\u00e7os, alinhada ao curr\u00edculo, seria o caminho de a educa\u00e7\u00e3o integral chegar a cada vez mais escolas do Pa\u00eds Por Luciana Alvarez Promover uma educa\u00e7\u00e3o integral pressup\u00f5e olhar para o estudante como um ser que existe tamb\u00e9m fora do ambiente escolar. Afinal, [&hellip;]<\/p>\n","protected":false},"author":2,"featured_media":41720,"comment_status":"open","ping_status":"open","sticky":false,"template":"","format":"standard","meta":{"footnotes":""},"categories":[7],"tags":[19630,5036,19631],"class_list":["post-41719","post","type-post","status-publish","format-standard","has-post-thumbnail","hentry","category-educacao","tag-autonomia-escolar","tag-educacao-integral","tag-escola-e-familia"],"yoast_head":"<!-- This site is optimized with the Yoast SEO plugin v26.5 - https:\/\/yoast.com\/wordpress\/plugins\/seo\/ -->\n<title>Alian\u00e7a entre escola e territ\u00f3rio permite uma educa\u00e7\u00e3o integral - Jornal Fatos e Not\u00edcias<\/title>\n<meta name=\"robots\" content=\"index, follow, max-snippet:-1, max-image-preview:large, max-video-preview:-1\" \/>\n<link rel=\"canonical\" href=\"https:\/\/jornalfatosenoticias.com.br\/index.php\/2023\/05\/24\/alianca-entre-escola-e-territorio-permite-uma-educacao-integral\/\" \/>\n<meta property=\"og:locale\" content=\"pt_BR\" \/>\n<meta property=\"og:type\" content=\"article\" \/>\n<meta property=\"og:title\" content=\"Alian\u00e7a entre escola e territ\u00f3rio permite uma educa\u00e7\u00e3o integral - Jornal Fatos e Not\u00edcias\" \/>\n<meta property=\"og:description\" content=\"Uma pol\u00edtica p\u00fablica que garanta \u00e0 escola a autonomia de chegar a mais espa\u00e7os, alinhada ao curr\u00edculo, seria o caminho de a educa\u00e7\u00e3o integral chegar a cada vez mais escolas do Pa\u00eds Por Luciana Alvarez Promover uma educa\u00e7\u00e3o integral pressup\u00f5e olhar para o estudante como um ser que existe tamb\u00e9m fora do ambiente escolar. Afinal, [&hellip;]\" \/>\n<meta property=\"og:url\" content=\"https:\/\/jornalfatosenoticias.com.br\/index.php\/2023\/05\/24\/alianca-entre-escola-e-territorio-permite-uma-educacao-integral\/\" \/>\n<meta property=\"og:site_name\" content=\"Jornal Fatos e Not\u00edcias\" \/>\n<meta property=\"article:published_time\" content=\"2023-05-24T12:20:54+00:00\" \/>\n<meta property=\"article:modified_time\" content=\"2023-05-24T12:20:55+00:00\" \/>\n<meta property=\"og:image\" content=\"https:\/\/jornalfatosenoticias.com.br\/wp-content\/uploads\/2023\/05\/Alianca-entre-escola-e-territorio-permite-uma-educacao-integral.jpg\" \/>\n\t<meta property=\"og:image:width\" content=\"1000\" \/>\n\t<meta property=\"og:image:height\" content=\"627\" \/>\n\t<meta property=\"og:image:type\" content=\"image\/jpeg\" \/>\n<meta name=\"author\" content=\"Luzimara Fernandes\" \/>\n<meta name=\"twitter:card\" content=\"summary_large_image\" \/>\n<meta name=\"twitter:label1\" content=\"Escrito por\" \/>\n\t<meta name=\"twitter:data1\" content=\"Luzimara Fernandes\" \/>\n\t<meta name=\"twitter:label2\" content=\"Est. tempo de leitura\" \/>\n\t<meta name=\"twitter:data2\" content=\"4 minutos\" \/>\n<script type=\"application\/ld+json\" class=\"yoast-schema-graph\">{\"@context\":\"https:\/\/schema.org\",\"@graph\":[{\"@type\":\"Article\",\"@id\":\"https:\/\/jornalfatosenoticias.com.br\/index.php\/2023\/05\/24\/alianca-entre-escola-e-territorio-permite-uma-educacao-integral\/#article\",\"isPartOf\":{\"@id\":\"https:\/\/jornalfatosenoticias.com.br\/index.php\/2023\/05\/24\/alianca-entre-escola-e-territorio-permite-uma-educacao-integral\/\"},\"author\":{\"name\":\"Luzimara Fernandes\",\"@id\":\"https:\/\/jornalfatosenoticias.com.br\/#\/schema\/person\/d63837fa13ac8666eb9e74e0985d6f81\"},\"headline\":\"Alian\u00e7a entre escola e territ\u00f3rio permite uma educa\u00e7\u00e3o integral\",\"datePublished\":\"2023-05-24T12:20:54+00:00\",\"dateModified\":\"2023-05-24T12:20:55+00:00\",\"mainEntityOfPage\":{\"@id\":\"https:\/\/jornalfatosenoticias.com.br\/index.php\/2023\/05\/24\/alianca-entre-escola-e-territorio-permite-uma-educacao-integral\/\"},\"wordCount\":762,\"commentCount\":0,\"publisher\":{\"@id\":\"https:\/\/jornalfatosenoticias.com.br\/#organization\"},\"image\":{\"@id\":\"https:\/\/jornalfatosenoticias.com.br\/index.php\/2023\/05\/24\/alianca-entre-escola-e-territorio-permite-uma-educacao-integral\/#primaryimage\"},\"thumbnailUrl\":\"https:\/\/jornalfatosenoticias.com.br\/wp-content\/uploads\/2023\/05\/Alianca-entre-escola-e-territorio-permite-uma-educacao-integral.jpg\",\"keywords\":[\"autonomia escolar\",\"educa\u00e7\u00e3o integral\",\"escola e fam\u00edlia\"],\"articleSection\":[\"Educa\u00e7\u00e3o\"],\"inLanguage\":\"pt-BR\",\"potentialAction\":[{\"@type\":\"CommentAction\",\"name\":\"Comment\",\"target\":[\"https:\/\/jornalfatosenoticias.com.br\/index.php\/2023\/05\/24\/alianca-entre-escola-e-territorio-permite-uma-educacao-integral\/#respond\"]}]},{\"@type\":\"WebPage\",\"@id\":\"https:\/\/jornalfatosenoticias.com.br\/index.php\/2023\/05\/24\/alianca-entre-escola-e-territorio-permite-uma-educacao-integral\/\",\"url\":\"https:\/\/jornalfatosenoticias.com.br\/index.php\/2023\/05\/24\/alianca-entre-escola-e-territorio-permite-uma-educacao-integral\/\",\"name\":\"Alian\u00e7a entre escola e territ\u00f3rio permite uma educa\u00e7\u00e3o integral - Jornal Fatos e Not\u00edcias\",\"isPartOf\":{\"@id\":\"https:\/\/jornalfatosenoticias.com.br\/#website\"},\"primaryImageOfPage\":{\"@id\":\"https:\/\/jornalfatosenoticias.com.br\/index.php\/2023\/05\/24\/alianca-entre-escola-e-territorio-permite-uma-educacao-integral\/#primaryimage\"},\"image\":{\"@id\":\"https:\/\/jornalfatosenoticias.com.br\/index.php\/2023\/05\/24\/alianca-entre-escola-e-territorio-permite-uma-educacao-integral\/#primaryimage\"},\"thumbnailUrl\":\"https:\/\/jornalfatosenoticias.com.br\/wp-content\/uploads\/2023\/05\/Alianca-entre-escola-e-territorio-permite-uma-educacao-integral.jpg\",\"datePublished\":\"2023-05-24T12:20:54+00:00\",\"dateModified\":\"2023-05-24T12:20:55+00:00\",\"breadcrumb\":{\"@id\":\"https:\/\/jornalfatosenoticias.com.br\/index.php\/2023\/05\/24\/alianca-entre-escola-e-territorio-permite-uma-educacao-integral\/#breadcrumb\"},\"inLanguage\":\"pt-BR\",\"potentialAction\":[{\"@type\":\"ReadAction\",\"target\":[\"https:\/\/jornalfatosenoticias.com.br\/index.php\/2023\/05\/24\/alianca-entre-escola-e-territorio-permite-uma-educacao-integral\/\"]}]},{\"@type\":\"ImageObject\",\"inLanguage\":\"pt-BR\",\"@id\":\"https:\/\/jornalfatosenoticias.com.br\/index.php\/2023\/05\/24\/alianca-entre-escola-e-territorio-permite-uma-educacao-integral\/#primaryimage\",\"url\":\"https:\/\/jornalfatosenoticias.com.br\/wp-content\/uploads\/2023\/05\/Alianca-entre-escola-e-territorio-permite-uma-educacao-integral.jpg\",\"contentUrl\":\"https:\/\/jornalfatosenoticias.com.br\/wp-content\/uploads\/2023\/05\/Alianca-entre-escola-e-territorio-permite-uma-educacao-integral.jpg\",\"width\":1000,\"height\":627},{\"@type\":\"BreadcrumbList\",\"@id\":\"https:\/\/jornalfatosenoticias.com.br\/index.php\/2023\/05\/24\/alianca-entre-escola-e-territorio-permite-uma-educacao-integral\/#breadcrumb\",\"itemListElement\":[{\"@type\":\"ListItem\",\"position\":1,\"name\":\"In\u00edcio\",\"item\":\"https:\/\/jornalfatosenoticias.com.br\/\"},{\"@type\":\"ListItem\",\"position\":2,\"name\":\"Alian\u00e7a entre escola e territ\u00f3rio permite uma educa\u00e7\u00e3o integral\"}]},{\"@type\":\"WebSite\",\"@id\":\"https:\/\/jornalfatosenoticias.com.br\/#website\",\"url\":\"https:\/\/jornalfatosenoticias.com.br\/\",\"name\":\"Jornal Fatos e Not\u00edcias\",\"description\":\"Not\u00edcias em geral\",\"publisher\":{\"@id\":\"https:\/\/jornalfatosenoticias.com.br\/#organization\"},\"potentialAction\":[{\"@type\":\"SearchAction\",\"target\":{\"@type\":\"EntryPoint\",\"urlTemplate\":\"https:\/\/jornalfatosenoticias.com.br\/?s={search_term_string}\"},\"query-input\":{\"@type\":\"PropertyValueSpecification\",\"valueRequired\":true,\"valueName\":\"search_term_string\"}}],\"inLanguage\":\"pt-BR\"},{\"@type\":\"Organization\",\"@id\":\"https:\/\/jornalfatosenoticias.com.br\/#organization\",\"name\":\"Jornal Fatos e Not\u00edcias\",\"url\":\"https:\/\/jornalfatosenoticias.com.br\/\",\"logo\":{\"@type\":\"ImageObject\",\"inLanguage\":\"pt-BR\",\"@id\":\"https:\/\/jornalfatosenoticias.com.br\/#\/schema\/logo\/image\/\",\"url\":\"https:\/\/jornalfatosenoticias.com.br\/wp-content\/uploads\/2020\/02\/logo120.png\",\"contentUrl\":\"https:\/\/jornalfatosenoticias.com.br\/wp-content\/uploads\/2020\/02\/logo120.png\",\"width\":1227,\"height\":120,\"caption\":\"Jornal Fatos e Not\u00edcias\"},\"image\":{\"@id\":\"https:\/\/jornalfatosenoticias.com.br\/#\/schema\/logo\/image\/\"}},{\"@type\":\"Person\",\"@id\":\"https:\/\/jornalfatosenoticias.com.br\/#\/schema\/person\/d63837fa13ac8666eb9e74e0985d6f81\",\"name\":\"Luzimara Fernandes\",\"image\":{\"@type\":\"ImageObject\",\"inLanguage\":\"pt-BR\",\"@id\":\"https:\/\/jornalfatosenoticias.com.br\/#\/schema\/person\/image\/\",\"url\":\"https:\/\/jornalfatosenoticias.com.br\/wp-content\/uploads\/2025\/05\/EU_portal.jpg\",\"contentUrl\":\"https:\/\/jornalfatosenoticias.com.br\/wp-content\/uploads\/2025\/05\/EU_portal.jpg\",\"caption\":\"Luzimara Fernandes\"},\"description\":\"Jornalista MTB 2358-ES\",\"sameAs\":[\"https:\/\/jornalfatosenoticias.com.br\"],\"url\":\"https:\/\/jornalfatosenoticias.com.br\/index.php\/author\/luzimara\/\"}]}<\/script>\n<!-- \/ Yoast SEO plugin. -->","yoast_head_json":{"title":"Alian\u00e7a entre escola e territ\u00f3rio permite uma educa\u00e7\u00e3o integral - Jornal Fatos e Not\u00edcias","robots":{"index":"index","follow":"follow","max-snippet":"max-snippet:-1","max-image-preview":"max-image-preview:large","max-video-preview":"max-video-preview:-1"},"canonical":"https:\/\/jornalfatosenoticias.com.br\/index.php\/2023\/05\/24\/alianca-entre-escola-e-territorio-permite-uma-educacao-integral\/","og_locale":"pt_BR","og_type":"article","og_title":"Alian\u00e7a entre escola e territ\u00f3rio permite uma educa\u00e7\u00e3o integral - Jornal Fatos e Not\u00edcias","og_description":"Uma pol\u00edtica p\u00fablica que garanta \u00e0 escola a autonomia de chegar a mais espa\u00e7os, alinhada ao curr\u00edculo, seria o caminho de a educa\u00e7\u00e3o integral chegar a cada vez mais escolas do Pa\u00eds Por Luciana Alvarez Promover uma educa\u00e7\u00e3o integral pressup\u00f5e olhar para o estudante como um ser que existe tamb\u00e9m fora do ambiente escolar. Afinal, [&hellip;]","og_url":"https:\/\/jornalfatosenoticias.com.br\/index.php\/2023\/05\/24\/alianca-entre-escola-e-territorio-permite-uma-educacao-integral\/","og_site_name":"Jornal Fatos e Not\u00edcias","article_published_time":"2023-05-24T12:20:54+00:00","article_modified_time":"2023-05-24T12:20:55+00:00","og_image":[{"width":1000,"height":627,"url":"https:\/\/jornalfatosenoticias.com.br\/wp-content\/uploads\/2023\/05\/Alianca-entre-escola-e-territorio-permite-uma-educacao-integral.jpg","type":"image\/jpeg"}],"author":"Luzimara Fernandes","twitter_card":"summary_large_image","twitter_misc":{"Escrito por":"Luzimara Fernandes","Est. tempo de leitura":"4 minutos"},"schema":{"@context":"https:\/\/schema.org","@graph":[{"@type":"Article","@id":"https:\/\/jornalfatosenoticias.com.br\/index.php\/2023\/05\/24\/alianca-entre-escola-e-territorio-permite-uma-educacao-integral\/#article","isPartOf":{"@id":"https:\/\/jornalfatosenoticias.com.br\/index.php\/2023\/05\/24\/alianca-entre-escola-e-territorio-permite-uma-educacao-integral\/"},"author":{"name":"Luzimara Fernandes","@id":"https:\/\/jornalfatosenoticias.com.br\/#\/schema\/person\/d63837fa13ac8666eb9e74e0985d6f81"},"headline":"Alian\u00e7a entre escola e territ\u00f3rio permite uma educa\u00e7\u00e3o integral","datePublished":"2023-05-24T12:20:54+00:00","dateModified":"2023-05-24T12:20:55+00:00","mainEntityOfPage":{"@id":"https:\/\/jornalfatosenoticias.com.br\/index.php\/2023\/05\/24\/alianca-entre-escola-e-territorio-permite-uma-educacao-integral\/"},"wordCount":762,"commentCount":0,"publisher":{"@id":"https:\/\/jornalfatosenoticias.com.br\/#organization"},"image":{"@id":"https:\/\/jornalfatosenoticias.com.br\/index.php\/2023\/05\/24\/alianca-entre-escola-e-territorio-permite-uma-educacao-integral\/#primaryimage"},"thumbnailUrl":"https:\/\/jornalfatosenoticias.com.br\/wp-content\/uploads\/2023\/05\/Alianca-entre-escola-e-territorio-permite-uma-educacao-integral.jpg","keywords":["autonomia escolar","educa\u00e7\u00e3o integral","escola e fam\u00edlia"],"articleSection":["Educa\u00e7\u00e3o"],"inLanguage":"pt-BR","potentialAction":[{"@type":"CommentAction","name":"Comment","target":["https:\/\/jornalfatosenoticias.com.br\/index.php\/2023\/05\/24\/alianca-entre-escola-e-territorio-permite-uma-educacao-integral\/#respond"]}]},{"@type":"WebPage","@id":"https:\/\/jornalfatosenoticias.com.br\/index.php\/2023\/05\/24\/alianca-entre-escola-e-territorio-permite-uma-educacao-integral\/","url":"https:\/\/jornalfatosenoticias.com.br\/index.php\/2023\/05\/24\/alianca-entre-escola-e-territorio-permite-uma-educacao-integral\/","name":"Alian\u00e7a entre escola e territ\u00f3rio permite uma educa\u00e7\u00e3o integral - Jornal Fatos e Not\u00edcias","isPartOf":{"@id":"https:\/\/jornalfatosenoticias.com.br\/#website"},"primaryImageOfPage":{"@id":"https:\/\/jornalfatosenoticias.com.br\/index.php\/2023\/05\/24\/alianca-entre-escola-e-territorio-permite-uma-educacao-integral\/#primaryimage"},"image":{"@id":"https:\/\/jornalfatosenoticias.com.br\/index.php\/2023\/05\/24\/alianca-entre-escola-e-territorio-permite-uma-educacao-integral\/#primaryimage"},"thumbnailUrl":"https:\/\/jornalfatosenoticias.com.br\/wp-content\/uploads\/2023\/05\/Alianca-entre-escola-e-territorio-permite-uma-educacao-integral.jpg","datePublished":"2023-05-24T12:20:54+00:00","dateModified":"2023-05-24T12:20:55+00:00","breadcrumb":{"@id":"https:\/\/jornalfatosenoticias.com.br\/index.php\/2023\/05\/24\/alianca-entre-escola-e-territorio-permite-uma-educacao-integral\/#breadcrumb"},"inLanguage":"pt-BR","potentialAction":[{"@type":"ReadAction","target":["https:\/\/jornalfatosenoticias.com.br\/index.php\/2023\/05\/24\/alianca-entre-escola-e-territorio-permite-uma-educacao-integral\/"]}]},{"@type":"ImageObject","inLanguage":"pt-BR","@id":"https:\/\/jornalfatosenoticias.com.br\/index.php\/2023\/05\/24\/alianca-entre-escola-e-territorio-permite-uma-educacao-integral\/#primaryimage","url":"https:\/\/jornalfatosenoticias.com.br\/wp-content\/uploads\/2023\/05\/Alianca-entre-escola-e-territorio-permite-uma-educacao-integral.jpg","contentUrl":"https:\/\/jornalfatosenoticias.com.br\/wp-content\/uploads\/2023\/05\/Alianca-entre-escola-e-territorio-permite-uma-educacao-integral.jpg","width":1000,"height":627},{"@type":"BreadcrumbList","@id":"https:\/\/jornalfatosenoticias.com.br\/index.php\/2023\/05\/24\/alianca-entre-escola-e-territorio-permite-uma-educacao-integral\/#breadcrumb","itemListElement":[{"@type":"ListItem","position":1,"name":"In\u00edcio","item":"https:\/\/jornalfatosenoticias.com.br\/"},{"@type":"ListItem","position":2,"name":"Alian\u00e7a entre escola e territ\u00f3rio permite uma educa\u00e7\u00e3o integral"}]},{"@type":"WebSite","@id":"https:\/\/jornalfatosenoticias.com.br\/#website","url":"https:\/\/jornalfatosenoticias.com.br\/","name":"Jornal Fatos e Not\u00edcias","description":"Not\u00edcias em geral","publisher":{"@id":"https:\/\/jornalfatosenoticias.com.br\/#organization"},"potentialAction":[{"@type":"SearchAction","target":{"@type":"EntryPoint","urlTemplate":"https:\/\/jornalfatosenoticias.com.br\/?s={search_term_string}"},"query-input":{"@type":"PropertyValueSpecification","valueRequired":true,"valueName":"search_term_string"}}],"inLanguage":"pt-BR"},{"@type":"Organization","@id":"https:\/\/jornalfatosenoticias.com.br\/#organization","name":"Jornal Fatos e Not\u00edcias","url":"https:\/\/jornalfatosenoticias.com.br\/","logo":{"@type":"ImageObject","inLanguage":"pt-BR","@id":"https:\/\/jornalfatosenoticias.com.br\/#\/schema\/logo\/image\/","url":"https:\/\/jornalfatosenoticias.com.br\/wp-content\/uploads\/2020\/02\/logo120.png","contentUrl":"https:\/\/jornalfatosenoticias.com.br\/wp-content\/uploads\/2020\/02\/logo120.png","width":1227,"height":120,"caption":"Jornal Fatos e Not\u00edcias"},"image":{"@id":"https:\/\/jornalfatosenoticias.com.br\/#\/schema\/logo\/image\/"}},{"@type":"Person","@id":"https:\/\/jornalfatosenoticias.com.br\/#\/schema\/person\/d63837fa13ac8666eb9e74e0985d6f81","name":"Luzimara Fernandes","image":{"@type":"ImageObject","inLanguage":"pt-BR","@id":"https:\/\/jornalfatosenoticias.com.br\/#\/schema\/person\/image\/","url":"https:\/\/jornalfatosenoticias.com.br\/wp-content\/uploads\/2025\/05\/EU_portal.jpg","contentUrl":"https:\/\/jornalfatosenoticias.com.br\/wp-content\/uploads\/2025\/05\/EU_portal.jpg","caption":"Luzimara Fernandes"},"description":"Jornalista MTB 2358-ES","sameAs":["https:\/\/jornalfatosenoticias.com.br"],"url":"https:\/\/jornalfatosenoticias.com.br\/index.php\/author\/luzimara\/"}]}},"cc_featured_image_caption":{"caption_text":"(Foto: Freepik)","source_text":"","source_url":""},"jetpack_featured_media_url":"https:\/\/jornalfatosenoticias.com.br\/wp-content\/uploads\/2023\/05\/Alianca-entre-escola-e-territorio-permite-uma-educacao-integral.jpg","_links":{"self":[{"href":"https:\/\/jornalfatosenoticias.com.br\/index.php\/wp-json\/wp\/v2\/posts\/41719","targetHints":{"allow":["GET"]}}],"collection":[{"href":"https:\/\/jornalfatosenoticias.com.br\/index.php\/wp-json\/wp\/v2\/posts"}],"about":[{"href":"https:\/\/jornalfatosenoticias.com.br\/index.php\/wp-json\/wp\/v2\/types\/post"}],"author":[{"embeddable":true,"href":"https:\/\/jornalfatosenoticias.com.br\/index.php\/wp-json\/wp\/v2\/users\/2"}],"replies":[{"embeddable":true,"href":"https:\/\/jornalfatosenoticias.com.br\/index.php\/wp-json\/wp\/v2\/comments?post=41719"}],"version-history":[{"count":0,"href":"https:\/\/jornalfatosenoticias.com.br\/index.php\/wp-json\/wp\/v2\/posts\/41719\/revisions"}],"wp:featuredmedia":[{"embeddable":true,"href":"https:\/\/jornalfatosenoticias.com.br\/index.php\/wp-json\/wp\/v2\/media\/41720"}],"wp:attachment":[{"href":"https:\/\/jornalfatosenoticias.com.br\/index.php\/wp-json\/wp\/v2\/media?parent=41719"}],"wp:term":[{"taxonomy":"category","embeddable":true,"href":"https:\/\/jornalfatosenoticias.com.br\/index.php\/wp-json\/wp\/v2\/categories?post=41719"},{"taxonomy":"post_tag","embeddable":true,"href":"https:\/\/jornalfatosenoticias.com.br\/index.php\/wp-json\/wp\/v2\/tags?post=41719"}],"curies":[{"name":"wp","href":"https:\/\/api.w.org\/{rel}","templated":true}]}}