{"id":41737,"date":"2023-05-24T11:04:56","date_gmt":"2023-05-24T14:04:56","guid":{"rendered":"https:\/\/jornalfatosenoticias.com.br\/?p=41737"},"modified":"2023-05-24T11:30:57","modified_gmt":"2023-05-24T14:30:57","slug":"esforco-multinacional-busca-salvar-os-sapos-mais-coloridos-das-florestas-do-novo-mundo","status":"publish","type":"post","link":"https:\/\/jornalfatosenoticias.com.br\/index.php\/2023\/05\/24\/esforco-multinacional-busca-salvar-os-sapos-mais-coloridos-das-florestas-do-novo-mundo\/","title":{"rendered":"Esfor\u00e7o multinacional busca salvar os sapos mais coloridos das florestas do Novo Mundo"},"content":{"rendered":"\n<p><em><span class=\"has-inline-color has-black-color\">Por <strong><a href=\"https:\/\/territoriosecreto.com.br\/author\/trajanoxavier\/\">Trajano Xavier<\/a><\/strong><\/span><\/em><\/p>\n\n\n\n<div class=\"wp-block-image\"><figure class=\"aligncenter size-large\"><img loading=\"lazy\" decoding=\"async\" width=\"1024\" height=\"111\" src=\"https:\/\/jornalfatosenoticias.com.br\/wp-content\/uploads\/2020\/02\/WhatsApp-Image-2022-09-23-at-12.09.18-1024x111.jpeg\" alt=\"\" class=\"wp-image-34527\" srcset=\"https:\/\/jornalfatosenoticias.com.br\/wp-content\/uploads\/2020\/02\/WhatsApp-Image-2022-09-23-at-12.09.18-1024x111.jpeg 1024w, https:\/\/jornalfatosenoticias.com.br\/wp-content\/uploads\/2020\/02\/WhatsApp-Image-2022-09-23-at-12.09.18-300x32.jpeg 300w, https:\/\/jornalfatosenoticias.com.br\/wp-content\/uploads\/2020\/02\/WhatsApp-Image-2022-09-23-at-12.09.18-768x83.jpeg 768w, https:\/\/jornalfatosenoticias.com.br\/wp-content\/uploads\/2020\/02\/WhatsApp-Image-2022-09-23-at-12.09.18.jpeg 1121w\" sizes=\"auto, (max-width: 1024px) 100vw, 1024px\" \/><\/figure><\/div>\n\n\n\n<p>Milhares de anf\u00edbios morrem nas Am\u00e9ricas em decorr\u00eancia de um fungo letal, Batrachochytrium dendrobatidis (Bd), que causa uma doen\u00e7a chamada quitridiomicose. Algumas das esp\u00e9cies mais afetadas s\u00e3o as do g\u00eanero Atelopus, conhecidas como sapos-arlequim; por suas cores vivas, s\u00e3o chamados de \u201cjoias da regi\u00e3o neotropical\u201d. Na ativa desde 2019, a Iniciativa de Sobreviv\u00eancia Atelopus (ASI) re\u00fane cientistas de 15 pa\u00edses no esfor\u00e7o de evitar o desaparecimento dos sapos-arlequim \u2014 das 99 esp\u00e9cies conhecidas, metade j\u00e1 est\u00e1 possivelmente extinta. Quem tamb\u00e9m perde \u00e9 a sa\u00fade humana: na Am\u00e9rica Central, a extin\u00e7\u00e3o de anf\u00edbios fez aumentar os casos de mal\u00e1ria em at\u00e9 90%; um dos pap\u00e9is importantes desses animais \u00e9 o controle de outras popula\u00e7\u00f5es, entre elas a de mosquitos.<\/p>\n\n\n\n<div class=\"wp-block-image\"><figure class=\"aligncenter size-large\"><img loading=\"lazy\" decoding=\"async\" width=\"300\" height=\"222\" src=\"https:\/\/jornalfatosenoticias.com.br\/wp-content\/uploads\/2023\/03\/logo_Juliana-Graca.jpg\" alt=\"\" class=\"wp-image-39283\"\/><\/figure><\/div>\n\n\n\n<p>No final da d\u00e9cada de 1980, num congresso internacional de herpetologia \u2014 ramo da ci\u00eancia que estuda r\u00e9pteis e anf\u00edbios \u2014, pesquisadores de diversos pa\u00edses come\u00e7aram a relatar o desaparecimento e a queda nas popula\u00e7\u00f5es de sapos e r\u00e3s. Descobriu-se que n\u00e3o era um fato isolado: estava acontecendo em muitas florestas e montanhas das Am\u00e9ricas Central e do Sul.<br>Ap\u00f3s diversas an\u00e1lises, os cientistas constataram que milhares de anf\u00edbios estavam sendo v\u00edtimas de um fungo letal, origin\u00e1rio da \u00c1sia, o <em>Batrachochytrium dendrobatidis<\/em> (Bd), que causa uma doen\u00e7a chamada quitridiomicose. <\/p>\n\n\n\n<div class=\"wp-block-image\"><figure class=\"aligncenter size-large is-resized\"><img loading=\"lazy\" decoding=\"async\" src=\"https:\/\/jornalfatosenoticias.com.br\/wp-content\/uploads\/2022\/07\/Logo-Grupo-SEI.jpg\" alt=\"\" class=\"wp-image-31973\" width=\"316\" height=\"166\" srcset=\"https:\/\/jornalfatosenoticias.com.br\/wp-content\/uploads\/2022\/07\/Logo-Grupo-SEI.jpg 713w, https:\/\/jornalfatosenoticias.com.br\/wp-content\/uploads\/2022\/07\/Logo-Grupo-SEI-300x158.jpg 300w\" sizes=\"auto, (max-width: 316px) 100vw, 316px\" \/><\/figure><\/div>\n\n\n\n<p>No continente de origem, os animais s\u00e3o resistentes a ele, mas n\u00e3o nas Am\u00e9ricas. E dentre as muitas esp\u00e9cies de anf\u00edbios que foram dizimadas nas \u00faltimas d\u00e9cadas pelo Bd est\u00e3o as do g\u00eanero <em>Atelopus, <\/em>conhecidos popularmente como sapos-arlequim.<\/p>\n\n\n\n<div class=\"wp-block-image\"><figure class=\"aligncenter size-large\"><img loading=\"lazy\" decoding=\"async\" width=\"1000\" height=\"654\" src=\"https:\/\/jornalfatosenoticias.com.br\/wp-content\/uploads\/2023\/05\/sapo-colorido2.jpg\" alt=\"\" class=\"wp-image-41740\" srcset=\"https:\/\/jornalfatosenoticias.com.br\/wp-content\/uploads\/2023\/05\/sapo-colorido2.jpg 1000w, https:\/\/jornalfatosenoticias.com.br\/wp-content\/uploads\/2023\/05\/sapo-colorido2-300x196.jpg 300w, https:\/\/jornalfatosenoticias.com.br\/wp-content\/uploads\/2023\/05\/sapo-colorido2-768x502.jpg 768w\" sizes=\"auto, (max-width: 1000px) 100vw, 1000px\" \/><\/figure><\/div>\n\n\n\n<p>Encontrados da Costa Rica at\u00e9 a Bol\u00edvia, e do Equador at\u00e9 a Guiana Francesa, incluindo a Amaz\u00f4nia brasileira, eles medem somente entre dois e tr\u00eas cent\u00edmetros. Mas suas cores saltam aos olhos. Afinal, poucas criaturas na natureza apresentam tonalidades t\u00e3o vibrantes: rosa-choque, laranja, amarelo-neon, roxo. Por esta raz\u00e3o, s\u00e3o conhecidos como \u201cjoias da regi\u00e3o neotropical\u201d.<\/p>\n\n\n\n<div class=\"wp-block-image\"><figure class=\"aligncenter size-large is-resized\"><img loading=\"lazy\" decoding=\"async\" src=\"https:\/\/jornalfatosenoticias.com.br\/wp-content\/uploads\/2022\/02\/Banner-2.png\" alt=\"\" class=\"wp-image-27877\" width=\"268\" height=\"223\"\/><\/figure><\/div>\n\n\n\n<blockquote class=\"wp-block-quote is-layout-flow wp-block-quote-is-layout-flow\"><p><span class=\"has-inline-color has-luminous-vivid-orange-color\">Para os Atelopus, o fungo foi terr\u00edvel, devastador. Das 99 esp\u00e9cies que conhecemos, 4 est\u00e3o extintas na natureza e 40 s\u00e3o tidas como possivelmente extintas \u2014 a maior parte delas devido \u00e0 quitridiomicose associada \u00e0 destrui\u00e7\u00e3o do habitat\u201d, diz o bi\u00f3logo Luis Fernando Marin da Fonte, especialista em anf\u00edbios.<\/span><\/p><\/blockquote>\n\n\n\n<div class=\"wp-block-image\"><figure class=\"aligncenter size-large\"><img decoding=\"async\" src=\"https:\/\/jornalfatosenoticias.com.br\/wp-content\/uploads\/2020\/02\/barao-das-carnes-300x164-1.jpg\" alt=\"\" class=\"wp-image-34339\"\/><\/figure><\/div>\n\n\n\n<p>O pesquisador brasileiro \u00e9 o coordenador da <a href=\"https:\/\/pt.atelopus.org\/\">Iniciativa de Sobreviv\u00eancia Atelopus<\/a> (ASI), criada em 2019 para tentar salvar da extin\u00e7\u00e3o os sapos-arlequim. O esfor\u00e7o in\u00e9dito re\u00fane mais de 57 organiza\u00e7\u00f5es, de 15 pa\u00edses, entre eles o Brasil. Os cientistas perceberam que, em vez de trabalharem isolados, juntos seriam muito mais bem-sucedidos no objetivo comum.<\/p>\n\n\n\n<div class=\"wp-block-image\"><figure class=\"aligncenter size-large is-resized\"><img loading=\"lazy\" decoding=\"async\" src=\"https:\/\/jornalfatosenoticias.com.br\/wp-content\/uploads\/2022\/02\/FERRARI_MAQUINAS-E-FERRAMENTAS2.jpg\" alt=\"\" class=\"wp-image-27860\" width=\"263\" height=\"219\"\/><\/figure><\/div>\n\n\n\n<blockquote class=\"wp-block-quote is-layout-flow wp-block-quote-is-layout-flow\"><p><span class=\"has-inline-color has-luminous-vivid-orange-color\">Como um grupo incrivelmente diversificado de anf\u00edbios que enfrentam uma s\u00e9rie de amea\u00e7as, os sapos-arlequim precisam de solu\u00e7\u00f5es inovadoras propostas por um grupo de indiv\u00edduos e organiza\u00e7\u00f5es com diferentes conhecimentos e capacidades\u201d, afirma Lina Valencia, fundadora da ASI, copresidenta da For\u00e7a-Tarefa Atelopus do Grupo de Especialistas em Anf\u00edbios da Uni\u00e3o Internacional para a Conserva\u00e7\u00e3o da Natureza (IUCN) e coordenadora de pa\u00edses andinos da ONG norte-americana Re:wild.<\/span><\/p><\/blockquote>\n\n\n\n<div class=\"wp-block-image\"><figure class=\"aligncenter size-large\"><img loading=\"lazy\" decoding=\"async\" width=\"729\" height=\"90\" src=\"https:\/\/jornalfatosenoticias.com.br\/wp-content\/uploads\/2020\/02\/Logo_Mizu.png\" alt=\"\" class=\"wp-image-1441\" srcset=\"https:\/\/jornalfatosenoticias.com.br\/wp-content\/uploads\/2020\/02\/Logo_Mizu.png 729w, https:\/\/jornalfatosenoticias.com.br\/wp-content\/uploads\/2020\/02\/Logo_Mizu-300x37.png 300w\" sizes=\"auto, (max-width: 729px) 100vw, 729px\" \/><\/figure><\/div>\n\n\n\n<div class=\"wp-block-image\"><figure class=\"aligncenter size-large\"><img loading=\"lazy\" decoding=\"async\" width=\"627\" height=\"611\" src=\"https:\/\/jornalfatosenoticias.com.br\/wp-content\/uploads\/2023\/05\/sapo-colorido3.jpg\" alt=\"\" class=\"wp-image-41738\" srcset=\"https:\/\/jornalfatosenoticias.com.br\/wp-content\/uploads\/2023\/05\/sapo-colorido3.jpg 627w, https:\/\/jornalfatosenoticias.com.br\/wp-content\/uploads\/2023\/05\/sapo-colorido3-300x292.jpg 300w\" sizes=\"auto, (max-width: 627px) 100vw, 627px\" \/><\/figure><\/div>\n\n\n\n<p>N\u00e3o bastasse a alta letalidade do fungo Bd, por suas caracter\u00edsticas f\u00edsicas, os anf\u00edbios tamb\u00e9m s\u00e3o mais suscet\u00edveis \u00e0s mudan\u00e7as clim\u00e1ticas. Marin da Fonte explica que eles respiram atrav\u00e9s da pele e, como n\u00e3o t\u00eam capacidade de regular a temperatura do corpo, dependem da temperatura ambiental para isso.<\/p>\n\n\n\n<div class=\"wp-block-image\"><figure class=\"aligncenter size-large is-resized\"><img loading=\"lazy\" decoding=\"async\" src=\"https:\/\/jornalfatosenoticias.com.br\/wp-content\/uploads\/2022\/10\/RC_800x750_page-0001.jpg\" alt=\"\" class=\"wp-image-35338\" width=\"252\" height=\"236\" srcset=\"https:\/\/jornalfatosenoticias.com.br\/wp-content\/uploads\/2022\/10\/RC_800x750_page-0001.jpg 400w, https:\/\/jornalfatosenoticias.com.br\/wp-content\/uploads\/2022\/10\/RC_800x750_page-0001-300x281.jpg 300w\" sizes=\"auto, (max-width: 252px) 100vw, 252px\" \/><\/figure><\/div>\n\n\n\n<blockquote class=\"wp-block-quote is-layout-flow wp-block-quote-is-layout-flow\"><p><span class=\"has-inline-color has-luminous-vivid-orange-color\">No caso dos mam\u00edferos, se est\u00e1 quente demais, eles come\u00e7am a suar e a reduzir o metabolismo para compensar a energia perdida. Os anf\u00edbios n\u00e3o possuem essa capacidade. Ent\u00e3o, se l\u00e1 fora est\u00e1 muito quente, eles provavelmente acabar\u00e3o morrendo\u201d.<\/span><\/p><\/blockquote>\n\n\n\n<div class=\"wp-block-image\"><figure class=\"aligncenter size-large\"><img loading=\"lazy\" decoding=\"async\" width=\"1024\" height=\"110\" src=\"https:\/\/jornalfatosenoticias.com.br\/wp-content\/uploads\/2023\/03\/Crypton-1120-\u00d7-120-px-1-1024x110.png\" alt=\"\" class=\"wp-image-39211\" srcset=\"https:\/\/jornalfatosenoticias.com.br\/wp-content\/uploads\/2023\/03\/Crypton-1120-\u00d7-120-px-1-1024x110.png 1024w, https:\/\/jornalfatosenoticias.com.br\/wp-content\/uploads\/2023\/03\/Crypton-1120-\u00d7-120-px-1-300x32.png 300w, https:\/\/jornalfatosenoticias.com.br\/wp-content\/uploads\/2023\/03\/Crypton-1120-\u00d7-120-px-1-768x82.png 768w, https:\/\/jornalfatosenoticias.com.br\/wp-content\/uploads\/2023\/03\/Crypton-1120-\u00d7-120-px-1.png 1120w\" sizes=\"auto, (max-width: 1024px) 100vw, 1024px\" \/><\/figure><\/div>\n\n\n\n<p>Por essa raz\u00e3o, eles vivem em lugares \u00famidos e fogem da exposi\u00e7\u00e3o ao calor extremo. Sua pele, perme\u00e1vel, tamb\u00e9m \u00e9 mais sens\u00edvel \u00e0 polui\u00e7\u00e3o ou \u00e0 presen\u00e7a de agrot\u00f3xicos ou outros contaminantes na \u00e1gua de rios e riachos. J\u00e1 quando h\u00e1 desmatamento ou destrui\u00e7\u00e3o de seus habitats, alguns mam\u00edferos e aves podem conseguir fugir para outras \u00e1reas, o que n\u00e3o ocorre com sapos, r\u00e3s e pererecas, que acabam padecendo.<\/p>\n\n\n\n<div class=\"wp-block-image\"><figure class=\"aligncenter size-large\"><img loading=\"lazy\" decoding=\"async\" width=\"1000\" height=\"672\" src=\"https:\/\/jornalfatosenoticias.com.br\/wp-content\/uploads\/2023\/05\/sapo-colorido4.jpg\" alt=\"\" class=\"wp-image-41739\" srcset=\"https:\/\/jornalfatosenoticias.com.br\/wp-content\/uploads\/2023\/05\/sapo-colorido4.jpg 1000w, https:\/\/jornalfatosenoticias.com.br\/wp-content\/uploads\/2023\/05\/sapo-colorido4-300x202.jpg 300w, https:\/\/jornalfatosenoticias.com.br\/wp-content\/uploads\/2023\/05\/sapo-colorido4-768x516.jpg 768w\" sizes=\"auto, (max-width: 1000px) 100vw, 1000px\" \/><\/figure><\/div>\n\n\n\n<div class=\"wp-block-image\"><figure class=\"aligncenter size-large is-resized\"><img loading=\"lazy\" decoding=\"async\" src=\"https:\/\/jornalfatosenoticias.com.br\/wp-content\/uploads\/2023\/03\/nova-logo-Marquetti.jpg\" alt=\"\" class=\"wp-image-40207\" width=\"263\" height=\"177\" srcset=\"https:\/\/jornalfatosenoticias.com.br\/wp-content\/uploads\/2023\/03\/nova-logo-Marquetti.jpg 643w, https:\/\/jornalfatosenoticias.com.br\/wp-content\/uploads\/2023\/03\/nova-logo-Marquetti-300x202.jpg 300w\" sizes=\"auto, (max-width: 263px) 100vw, 263px\" \/><\/figure><\/div>\n\n\n\n<p>No caso dos sapos-arlequins, o que torna essas amea\u00e7as todas ainda mais graves \u00e9 que muitas de suas esp\u00e9cies s\u00e3o microend\u00eamicas, ou seja, algumas popula\u00e7\u00f5es s\u00e3o muito pequenas e encontradas somente numa \u00e1rea. Quando elas s\u00e3o atingidas seja pela quitridiomicose, pela destrui\u00e7\u00e3o desses habitats ou pelo aumento abrupto da temperatura, h\u00e1 um risco muito maior de extin\u00e7\u00e3o.<br>Col\u00f4mbia, Equador e Peru concentram o maior n\u00famero de esp\u00e9cies de sapos-arlequim descritas at\u00e9 hoje \u2014 41, 24 e 19, respectivamente. Mais de 75% delas vivem em ecossistemas de alta altitude, incluindo picos nevados a 4.500 metros de altura.<\/p>\n\n\n\n<div class=\"wp-block-image\"><figure class=\"aligncenter size-large is-resized\"><img loading=\"lazy\" decoding=\"async\" src=\"https:\/\/jornalfatosenoticias.com.br\/wp-content\/uploads\/2023\/04\/Logo_MasterMind.jpg\" alt=\"\" class=\"wp-image-40974\" width=\"277\" height=\"202\"\/><\/figure><\/div>\n\n\n\n<p>Existem suspeitas de que em ambientes mais frios o fungo \u00e9 mais violento do que naqueles mais \u00famidos e quentes, como na Amaz\u00f4nia, onde o Bd n\u00e3o \u00e9 um problema t\u00e3o grande como na regi\u00e3o dos Andes.<\/p>\n\n\n\n<h3 class=\"wp-block-heading\"><span class=\"has-inline-color has-vivid-green-cyan-color\">Menos sapos, mais mal\u00e1ria<\/span><\/h3>\n\n\n\n<div class=\"wp-block-image\"><figure class=\"aligncenter size-large\"><img loading=\"lazy\" decoding=\"async\" width=\"1000\" height=\"702\" src=\"https:\/\/jornalfatosenoticias.com.br\/wp-content\/uploads\/2023\/05\/sapo-colorido5.jpg\" alt=\"\" class=\"wp-image-41741\" srcset=\"https:\/\/jornalfatosenoticias.com.br\/wp-content\/uploads\/2023\/05\/sapo-colorido5.jpg 1000w, https:\/\/jornalfatosenoticias.com.br\/wp-content\/uploads\/2023\/05\/sapo-colorido5-300x211.jpg 300w, https:\/\/jornalfatosenoticias.com.br\/wp-content\/uploads\/2023\/05\/sapo-colorido5-768x539.jpg 768w\" sizes=\"auto, (max-width: 1000px) 100vw, 1000px\" \/><\/figure><\/div>\n\n\n\n<div class=\"wp-block-image\"><figure class=\"aligncenter size-large\"><img decoding=\"async\" src=\"https:\/\/jornalfatosenoticias.com.br\/wp-content\/uploads\/2020\/02\/logo-embacia-1-1024x110.jpg\" alt=\"\" class=\"wp-image-33954\"\/><\/figure><\/div>\n\n\n\n<p>Os anf\u00edbios s\u00e3o os animais vertebrados mais amea\u00e7ados do planeta. Todavia, n\u00e3o s\u00e3o eles que recebem os maiores investimentos para conserva\u00e7\u00e3o e nem os que aparecem nas grandes campanhas das principais organiza\u00e7\u00f5es de prote\u00e7\u00e3o ambiental do mundo. Afinal, pouca gente acha um sapo \u201clindo\u201d ou \u201cfofo\u201d.<\/p>\n\n\n\n<div class=\"wp-block-image\"><figure class=\"aligncenter size-large is-resized\"><img loading=\"lazy\" decoding=\"async\" src=\"https:\/\/jornalfatosenoticias.com.br\/wp-content\/uploads\/2020\/02\/casa-do-torresmo_portal.jpg\" alt=\"\" class=\"wp-image-34472\" width=\"267\" height=\"267\" srcset=\"https:\/\/jornalfatosenoticias.com.br\/wp-content\/uploads\/2020\/02\/casa-do-torresmo_portal.jpg 300w, https:\/\/jornalfatosenoticias.com.br\/wp-content\/uploads\/2020\/02\/casa-do-torresmo_portal-150x150.jpg 150w\" sizes=\"auto, (max-width: 267px) 100vw, 267px\" \/><\/figure><\/div>\n\n\n\n<blockquote class=\"wp-block-quote is-layout-flow wp-block-quote-is-layout-flow\"><p><span class=\"has-inline-color has-luminous-vivid-orange-color\">Quem ganha a aten\u00e7\u00e3o s\u00e3o sempre os mam\u00edferos ou as aves. Eles s\u00e3o mais carism\u00e1ticos\u201d, reconhece Marin da Fonte. \u201cE ningu\u00e9m precisa tentar convencer as pessoas porque \u00e9 importante proteger um panda, um le\u00e3o ou uma girafa\u201d.<\/span><\/p><\/blockquote>\n\n\n\n<div class=\"wp-block-image\"><figure class=\"aligncenter size-large\"><img loading=\"lazy\" decoding=\"async\" width=\"300\" height=\"250\" src=\"https:\/\/jornalfatosenoticias.com.br\/wp-content\/uploads\/2022\/08\/arte-Casarao.jpg\" alt=\"\" class=\"wp-image-33178\"\/><\/figure><\/div>\n\n\n\n<p>\u00c9 por isso que, al\u00e9m de pesquisas de campo e planejamento de estrat\u00e9gias de preserva\u00e7\u00e3o, um dos bra\u00e7os da ASI est\u00e1 ligado \u00e0 educa\u00e7\u00e3o ambiental. Faz-se necess\u00e1rio mudar a maneira como a sociedade enxerga esses bichos.<br>Um dos primeiros passos para alcan\u00e7ar essa meta foi dado durante um encontro realizado no ano passado na Col\u00f4mbia, que contou com a participa\u00e7\u00e3o de v\u00e1rios pesquisadores latino-americanos. O lugar foi escolhido a dedo: a Serra Nevada de Santa Marta, na Col\u00f4mbia, onde por alguma raz\u00e3o, ainda obscura, os sapos-arlequim parecem ser mais resistentes ao <em>Batrachochytrium dendrobatidis.<\/em><\/p>\n\n\n\n<div class=\"wp-block-image\"><figure class=\"aligncenter size-large is-resized\"><img loading=\"lazy\" decoding=\"async\" src=\"https:\/\/jornalfatosenoticias.com.br\/wp-content\/uploads\/2022\/02\/Precisao-Contabilidade-1024x724.jpg\" alt=\"\" class=\"wp-image-28088\" width=\"263\" height=\"186\"\/><\/figure><\/div>\n\n\n\n<p>Na primeira reuni\u00e3o presencial ap\u00f3s os dois anos da pandemia de covid-19, foram lan\u00e7ados v\u00e1rios materiais para engajar os leigos na prote\u00e7\u00e3o dos sapos-arlequins, dentre eles, um <a href=\"https:\/\/9a897f62-d7fd-4507-9900-81a1f5d50d28.filesusr.com\/ugd\/437a6f_0e1bcdc88a2b42df822cbd84d5dcb74c.pdf\">livro<\/a>\u00a0em portugu\u00eas, espanhol e ingl\u00eas\u00a0com informa\u00e7\u00f5es e ilustra\u00e7\u00f5es sobre as esp\u00e9cies, e ainda,\u00a0<a href=\"https:\/\/www.youtube.com\/watch?v=GMD1DSOTSYU\">v\u00eddeos e can\u00e7\u00f5es<\/a>, produzidos e gravados pela banda colombiana <em>Jacana Jacana.<\/em><\/p>\n\n\n\n<div class=\"wp-block-image\"><figure class=\"aligncenter size-large\"><img loading=\"lazy\" decoding=\"async\" width=\"1000\" height=\"674\" src=\"https:\/\/jornalfatosenoticias.com.br\/wp-content\/uploads\/2023\/05\/sapo-colorido6.jpg\" alt=\"\" class=\"wp-image-41742\" srcset=\"https:\/\/jornalfatosenoticias.com.br\/wp-content\/uploads\/2023\/05\/sapo-colorido6.jpg 1000w, https:\/\/jornalfatosenoticias.com.br\/wp-content\/uploads\/2023\/05\/sapo-colorido6-300x202.jpg 300w, https:\/\/jornalfatosenoticias.com.br\/wp-content\/uploads\/2023\/05\/sapo-colorido6-768x518.jpg 768w\" sizes=\"auto, (max-width: 1000px) 100vw, 1000px\" \/><\/figure><\/div>\n\n\n\n<blockquote class=\"wp-block-quote is-layout-flow wp-block-quote-is-layout-flow\"><p><span class=\"has-inline-color has-luminous-vivid-orange-color\">Para esse projeto escolhemos quatro esp\u00e9cies, bastante amea\u00e7adas, de quatro pa\u00edses: Panam\u00e1, Equador, Col\u00f4mbia e Brasil. No nosso caso, a brasileira foi o sapinho-manauara, end\u00eamico de Manaus, o<em> Atelopus manauensis\u201d,<\/em> conta o bi\u00f3logo Pedro Peloso, pesquisador do Museu Paraense Em\u00edlio Goeldi e um dos profissionais envolvidos na ASI.<\/span><\/p><\/blockquote>\n\n\n\n<div class=\"wp-block-image\"><figure class=\"aligncenter size-large is-resized\"><img loading=\"lazy\" decoding=\"async\" src=\"https:\/\/jornalfatosenoticias.com.br\/wp-content\/uploads\/2022\/10\/Arte-jornal-Zucchi-600x600_Prancheta-1-1024x1024.jpg\" alt=\"\" class=\"wp-image-34782\" width=\"263\" height=\"263\" srcset=\"https:\/\/jornalfatosenoticias.com.br\/wp-content\/uploads\/2022\/10\/Arte-jornal-Zucchi-600x600_Prancheta-1-1024x1024.jpg 1024w, https:\/\/jornalfatosenoticias.com.br\/wp-content\/uploads\/2022\/10\/Arte-jornal-Zucchi-600x600_Prancheta-1-300x300.jpg 300w, https:\/\/jornalfatosenoticias.com.br\/wp-content\/uploads\/2022\/10\/Arte-jornal-Zucchi-600x600_Prancheta-1-150x150.jpg 150w, https:\/\/jornalfatosenoticias.com.br\/wp-content\/uploads\/2022\/10\/Arte-jornal-Zucchi-600x600_Prancheta-1-768x768.jpg 768w, https:\/\/jornalfatosenoticias.com.br\/wp-content\/uploads\/2022\/10\/Arte-jornal-Zucchi-600x600_Prancheta-1.jpg 1250w\" sizes=\"auto, (max-width: 263px) 100vw, 263px\" \/><\/figure><\/div>\n\n\n\n<p>Para os cientistas, \u00e9 essencial que esses produtos alcancem um p\u00fablico al\u00e9m do cient\u00edfico. \u201cCom o livro, chegamos at\u00e9 as crian\u00e7as. J\u00e1 a m\u00fasica \u00e9 uma forma mais l\u00fadica de contar a hist\u00f3ria e muito mais interessante do que escrever um artigo cient\u00edfico ou um texto que s\u00f3 ser\u00e1 lido por pessoas com interesse na conserva\u00e7\u00e3o de anf\u00edbios\u201d, acredita o coordenador da Iniciativa de Sobreviv\u00eancia <em>Atelopus.<\/em> \u201cE, ao trabalhar com crian\u00e7as, voc\u00ea j\u00e1 quebra o preconceito. Essa coisa de que sapo \u00e9 nojento ou venenoso \u00e9 uma quest\u00e3o cultural de gera\u00e7\u00e3o para gera\u00e7\u00e3o. \u00c9 muito mais f\u00e1cil quebrar esse paradigma com elas\u201d.<\/p>\n\n\n\n<div class=\"wp-block-image\"><figure class=\"aligncenter size-large\"><img loading=\"lazy\" decoding=\"async\" width=\"1000\" height=\"661\" src=\"https:\/\/jornalfatosenoticias.com.br\/wp-content\/uploads\/2023\/05\/sapo-colorido7.jpg\" alt=\"\" class=\"wp-image-41743\" srcset=\"https:\/\/jornalfatosenoticias.com.br\/wp-content\/uploads\/2023\/05\/sapo-colorido7.jpg 1000w, https:\/\/jornalfatosenoticias.com.br\/wp-content\/uploads\/2023\/05\/sapo-colorido7-300x198.jpg 300w, https:\/\/jornalfatosenoticias.com.br\/wp-content\/uploads\/2023\/05\/sapo-colorido7-768x508.jpg 768w\" sizes=\"auto, (max-width: 1000px) 100vw, 1000px\" \/><\/figure><\/div>\n\n\n\n<p>N\u00e3o se sabe ainda se, no longo prazo, os sapos-arlequim conseguir\u00e3o ganhar imunidade ao <em>Batrachochytrium dendrobatidis,<\/em> todavia, estudos recentes j\u00e1 demonstram que o importante papel dos anf\u00edbios em seus ecossistemas, de controlar a popula\u00e7\u00e3o de outros animais, como mosquitos, est\u00e1 sendo afetado.<\/p>\n\n\n\n<div class=\"wp-block-image\"><figure class=\"aligncenter size-large\"><img decoding=\"async\" src=\"https:\/\/jornalfatosenoticias.com.br\/wp-content\/uploads\/2020\/02\/logo_esteio.jpg\" alt=\"\" class=\"wp-image-1214\"\/><\/figure><\/div>\n\n\n\n<p>Um <a href=\"https:\/\/iopscience.iop.org\/article\/10.1088\/1748-9326\/ac8e1d\">artigo cient\u00edfico publicado na\u00a0<em>Environmental Research Letters<\/em><\/a> em 2022 alerta que houve um aumento de casos de mal\u00e1ria entre seres humanos na Am\u00e9rica Central. Nos oito anos ap\u00f3s perdas substanciais de anf\u00edbios causada pelo Bd, houve um salto da doen\u00e7a equivalente a cerca de um caso extra a cada mil pessoas, o que significa um crescimento de 70% a 90%.<br>Para quem precisa de mais uma raz\u00e3o para lutar pela preserva\u00e7\u00e3o dessas belas e \u00fanicas joais neotropicais, est\u00e1 a\u00ed uma outra e muito preocupante.<\/p>\n\n\n\n<p><strong><em>Fonte: <a href=\"https:\/\/territoriosecreto.com.br\/esforco-multinacional-busca-salvar-os-sapos-mais-coloridos-das-florestas-do-novo-mundo\/\">Territ\u00f3rio Secreto<\/a><\/em><\/strong><\/p>\n","protected":false},"excerpt":{"rendered":"<p>Por Trajano Xavier Milhares de anf\u00edbios morrem nas Am\u00e9ricas em decorr\u00eancia de um fungo letal, Batrachochytrium dendrobatidis (Bd), que causa uma doen\u00e7a chamada quitridiomicose. Algumas das esp\u00e9cies mais afetadas s\u00e3o as do g\u00eanero Atelopus, conhecidas como sapos-arlequim; por suas cores vivas, s\u00e3o chamados de \u201cjoias da regi\u00e3o neotropical\u201d. Na ativa desde 2019, a Iniciativa de [&hellip;]<\/p>\n","protected":false},"author":2,"featured_media":41744,"comment_status":"open","ping_status":"open","sticky":false,"template":"","format":"standard","meta":{"footnotes":""},"categories":[8],"tags":[123,2228,334,7627,19643,516,19644,5605,1844,897,3512,9392,2858,183,423,1526,11554],"class_list":["post-41737","post","type-post","status-publish","format-standard","has-post-thumbnail","hentry","category-meio-ambiente","tag-amazonia","tag-anfibios","tag-biodiversidade","tag-biodiversidade-amazonica","tag-biodiversidade-de-florestas-tropicais","tag-conservacao","tag-crise-anfibia","tag-degradacao","tag-desmatamento","tag-ecologia","tag-especies-ameacadas","tag-especies-em-perigo","tag-fauna","tag-florestas","tag-florestas-tropicais","tag-sapos","tag-sapos-arlequins"],"yoast_head":"<!-- This site is optimized with the Yoast SEO plugin v26.5 - https:\/\/yoast.com\/wordpress\/plugins\/seo\/ -->\n<title>Esfor\u00e7o multinacional busca salvar os sapos mais coloridos das florestas do Novo Mundo - Jornal Fatos e Not\u00edcias<\/title>\n<meta name=\"robots\" content=\"index, follow, max-snippet:-1, max-image-preview:large, max-video-preview:-1\" \/>\n<link rel=\"canonical\" href=\"https:\/\/jornalfatosenoticias.com.br\/index.php\/2023\/05\/24\/esforco-multinacional-busca-salvar-os-sapos-mais-coloridos-das-florestas-do-novo-mundo\/\" \/>\n<meta property=\"og:locale\" content=\"pt_BR\" \/>\n<meta property=\"og:type\" content=\"article\" \/>\n<meta property=\"og:title\" content=\"Esfor\u00e7o multinacional busca salvar os sapos mais coloridos das florestas do Novo Mundo - Jornal Fatos e Not\u00edcias\" \/>\n<meta property=\"og:description\" content=\"Por Trajano Xavier Milhares de anf\u00edbios morrem nas Am\u00e9ricas em decorr\u00eancia de um fungo letal, Batrachochytrium dendrobatidis (Bd), que causa uma doen\u00e7a chamada quitridiomicose. Algumas das esp\u00e9cies mais afetadas s\u00e3o as do g\u00eanero Atelopus, conhecidas como sapos-arlequim; por suas cores vivas, s\u00e3o chamados de \u201cjoias da regi\u00e3o neotropical\u201d. Na ativa desde 2019, a Iniciativa de [&hellip;]\" \/>\n<meta property=\"og:url\" content=\"https:\/\/jornalfatosenoticias.com.br\/index.php\/2023\/05\/24\/esforco-multinacional-busca-salvar-os-sapos-mais-coloridos-das-florestas-do-novo-mundo\/\" \/>\n<meta property=\"og:site_name\" content=\"Jornal Fatos e Not\u00edcias\" \/>\n<meta property=\"article:published_time\" content=\"2023-05-24T14:04:56+00:00\" \/>\n<meta property=\"article:modified_time\" content=\"2023-05-24T14:30:57+00:00\" \/>\n<meta property=\"og:image\" content=\"https:\/\/jornalfatosenoticias.com.br\/wp-content\/uploads\/2023\/05\/sapo-colorido1.jpg\" \/>\n\t<meta property=\"og:image:width\" content=\"1000\" \/>\n\t<meta property=\"og:image:height\" content=\"481\" \/>\n\t<meta property=\"og:image:type\" content=\"image\/jpeg\" \/>\n<meta name=\"author\" content=\"Luzimara Fernandes\" \/>\n<meta name=\"twitter:card\" content=\"summary_large_image\" \/>\n<meta name=\"twitter:label1\" content=\"Escrito por\" \/>\n\t<meta name=\"twitter:data1\" content=\"Luzimara Fernandes\" \/>\n\t<meta name=\"twitter:label2\" content=\"Est. tempo de leitura\" \/>\n\t<meta name=\"twitter:data2\" content=\"7 minutos\" \/>\n<script type=\"application\/ld+json\" class=\"yoast-schema-graph\">{\"@context\":\"https:\/\/schema.org\",\"@graph\":[{\"@type\":\"Article\",\"@id\":\"https:\/\/jornalfatosenoticias.com.br\/index.php\/2023\/05\/24\/esforco-multinacional-busca-salvar-os-sapos-mais-coloridos-das-florestas-do-novo-mundo\/#article\",\"isPartOf\":{\"@id\":\"https:\/\/jornalfatosenoticias.com.br\/index.php\/2023\/05\/24\/esforco-multinacional-busca-salvar-os-sapos-mais-coloridos-das-florestas-do-novo-mundo\/\"},\"author\":{\"name\":\"Luzimara Fernandes\",\"@id\":\"https:\/\/jornalfatosenoticias.com.br\/#\/schema\/person\/d63837fa13ac8666eb9e74e0985d6f81\"},\"headline\":\"Esfor\u00e7o multinacional busca salvar os sapos mais coloridos das florestas do Novo Mundo\",\"datePublished\":\"2023-05-24T14:04:56+00:00\",\"dateModified\":\"2023-05-24T14:30:57+00:00\",\"mainEntityOfPage\":{\"@id\":\"https:\/\/jornalfatosenoticias.com.br\/index.php\/2023\/05\/24\/esforco-multinacional-busca-salvar-os-sapos-mais-coloridos-das-florestas-do-novo-mundo\/\"},\"wordCount\":1447,\"commentCount\":0,\"publisher\":{\"@id\":\"https:\/\/jornalfatosenoticias.com.br\/#organization\"},\"image\":{\"@id\":\"https:\/\/jornalfatosenoticias.com.br\/index.php\/2023\/05\/24\/esforco-multinacional-busca-salvar-os-sapos-mais-coloridos-das-florestas-do-novo-mundo\/#primaryimage\"},\"thumbnailUrl\":\"https:\/\/jornalfatosenoticias.com.br\/wp-content\/uploads\/2023\/05\/sapo-colorido1.jpg\",\"keywords\":[\"amaz\u00f4nia\",\"anf\u00edbios\",\"biodiversidade\",\"biodiversidade amaz\u00f4nica\",\"biodiversidade de florestas tropicais\",\"conserva\u00e7\u00e3o\",\"crise anf\u00edbia\",\"degrada\u00e7\u00e3o\",\"desmatamento\",\"ecologia\",\"esp\u00e9cies amea\u00e7adas\",\"esp\u00e9cies em perigo\",\"fauna\",\"florestas\",\"florestas tropicais\",\"sapos\",\"sapos-arlequins\"],\"articleSection\":[\"Meio ambiente\"],\"inLanguage\":\"pt-BR\",\"potentialAction\":[{\"@type\":\"CommentAction\",\"name\":\"Comment\",\"target\":[\"https:\/\/jornalfatosenoticias.com.br\/index.php\/2023\/05\/24\/esforco-multinacional-busca-salvar-os-sapos-mais-coloridos-das-florestas-do-novo-mundo\/#respond\"]}]},{\"@type\":\"WebPage\",\"@id\":\"https:\/\/jornalfatosenoticias.com.br\/index.php\/2023\/05\/24\/esforco-multinacional-busca-salvar-os-sapos-mais-coloridos-das-florestas-do-novo-mundo\/\",\"url\":\"https:\/\/jornalfatosenoticias.com.br\/index.php\/2023\/05\/24\/esforco-multinacional-busca-salvar-os-sapos-mais-coloridos-das-florestas-do-novo-mundo\/\",\"name\":\"Esfor\u00e7o multinacional busca salvar os sapos mais coloridos das florestas do Novo Mundo - Jornal Fatos e Not\u00edcias\",\"isPartOf\":{\"@id\":\"https:\/\/jornalfatosenoticias.com.br\/#website\"},\"primaryImageOfPage\":{\"@id\":\"https:\/\/jornalfatosenoticias.com.br\/index.php\/2023\/05\/24\/esforco-multinacional-busca-salvar-os-sapos-mais-coloridos-das-florestas-do-novo-mundo\/#primaryimage\"},\"image\":{\"@id\":\"https:\/\/jornalfatosenoticias.com.br\/index.php\/2023\/05\/24\/esforco-multinacional-busca-salvar-os-sapos-mais-coloridos-das-florestas-do-novo-mundo\/#primaryimage\"},\"thumbnailUrl\":\"https:\/\/jornalfatosenoticias.com.br\/wp-content\/uploads\/2023\/05\/sapo-colorido1.jpg\",\"datePublished\":\"2023-05-24T14:04:56+00:00\",\"dateModified\":\"2023-05-24T14:30:57+00:00\",\"breadcrumb\":{\"@id\":\"https:\/\/jornalfatosenoticias.com.br\/index.php\/2023\/05\/24\/esforco-multinacional-busca-salvar-os-sapos-mais-coloridos-das-florestas-do-novo-mundo\/#breadcrumb\"},\"inLanguage\":\"pt-BR\",\"potentialAction\":[{\"@type\":\"ReadAction\",\"target\":[\"https:\/\/jornalfatosenoticias.com.br\/index.php\/2023\/05\/24\/esforco-multinacional-busca-salvar-os-sapos-mais-coloridos-das-florestas-do-novo-mundo\/\"]}]},{\"@type\":\"ImageObject\",\"inLanguage\":\"pt-BR\",\"@id\":\"https:\/\/jornalfatosenoticias.com.br\/index.php\/2023\/05\/24\/esforco-multinacional-busca-salvar-os-sapos-mais-coloridos-das-florestas-do-novo-mundo\/#primaryimage\",\"url\":\"https:\/\/jornalfatosenoticias.com.br\/wp-content\/uploads\/2023\/05\/sapo-colorido1.jpg\",\"contentUrl\":\"https:\/\/jornalfatosenoticias.com.br\/wp-content\/uploads\/2023\/05\/sapo-colorido1.jpg\",\"width\":1000,\"height\":481},{\"@type\":\"BreadcrumbList\",\"@id\":\"https:\/\/jornalfatosenoticias.com.br\/index.php\/2023\/05\/24\/esforco-multinacional-busca-salvar-os-sapos-mais-coloridos-das-florestas-do-novo-mundo\/#breadcrumb\",\"itemListElement\":[{\"@type\":\"ListItem\",\"position\":1,\"name\":\"In\u00edcio\",\"item\":\"https:\/\/jornalfatosenoticias.com.br\/\"},{\"@type\":\"ListItem\",\"position\":2,\"name\":\"Esfor\u00e7o multinacional busca salvar os sapos mais coloridos das florestas do Novo Mundo\"}]},{\"@type\":\"WebSite\",\"@id\":\"https:\/\/jornalfatosenoticias.com.br\/#website\",\"url\":\"https:\/\/jornalfatosenoticias.com.br\/\",\"name\":\"Jornal Fatos e Not\u00edcias\",\"description\":\"Not\u00edcias em geral\",\"publisher\":{\"@id\":\"https:\/\/jornalfatosenoticias.com.br\/#organization\"},\"potentialAction\":[{\"@type\":\"SearchAction\",\"target\":{\"@type\":\"EntryPoint\",\"urlTemplate\":\"https:\/\/jornalfatosenoticias.com.br\/?s={search_term_string}\"},\"query-input\":{\"@type\":\"PropertyValueSpecification\",\"valueRequired\":true,\"valueName\":\"search_term_string\"}}],\"inLanguage\":\"pt-BR\"},{\"@type\":\"Organization\",\"@id\":\"https:\/\/jornalfatosenoticias.com.br\/#organization\",\"name\":\"Jornal Fatos e Not\u00edcias\",\"url\":\"https:\/\/jornalfatosenoticias.com.br\/\",\"logo\":{\"@type\":\"ImageObject\",\"inLanguage\":\"pt-BR\",\"@id\":\"https:\/\/jornalfatosenoticias.com.br\/#\/schema\/logo\/image\/\",\"url\":\"https:\/\/jornalfatosenoticias.com.br\/wp-content\/uploads\/2020\/02\/logo120.png\",\"contentUrl\":\"https:\/\/jornalfatosenoticias.com.br\/wp-content\/uploads\/2020\/02\/logo120.png\",\"width\":1227,\"height\":120,\"caption\":\"Jornal Fatos e Not\u00edcias\"},\"image\":{\"@id\":\"https:\/\/jornalfatosenoticias.com.br\/#\/schema\/logo\/image\/\"}},{\"@type\":\"Person\",\"@id\":\"https:\/\/jornalfatosenoticias.com.br\/#\/schema\/person\/d63837fa13ac8666eb9e74e0985d6f81\",\"name\":\"Luzimara Fernandes\",\"image\":{\"@type\":\"ImageObject\",\"inLanguage\":\"pt-BR\",\"@id\":\"https:\/\/jornalfatosenoticias.com.br\/#\/schema\/person\/image\/\",\"url\":\"https:\/\/jornalfatosenoticias.com.br\/wp-content\/uploads\/2025\/05\/EU_portal.jpg\",\"contentUrl\":\"https:\/\/jornalfatosenoticias.com.br\/wp-content\/uploads\/2025\/05\/EU_portal.jpg\",\"caption\":\"Luzimara Fernandes\"},\"description\":\"Jornalista MTB 2358-ES\",\"sameAs\":[\"https:\/\/jornalfatosenoticias.com.br\"],\"url\":\"https:\/\/jornalfatosenoticias.com.br\/index.php\/author\/luzimara\/\"}]}<\/script>\n<!-- \/ Yoast SEO plugin. -->","yoast_head_json":{"title":"Esfor\u00e7o multinacional busca salvar os sapos mais coloridos das florestas do Novo Mundo - Jornal Fatos e Not\u00edcias","robots":{"index":"index","follow":"follow","max-snippet":"max-snippet:-1","max-image-preview":"max-image-preview:large","max-video-preview":"max-video-preview:-1"},"canonical":"https:\/\/jornalfatosenoticias.com.br\/index.php\/2023\/05\/24\/esforco-multinacional-busca-salvar-os-sapos-mais-coloridos-das-florestas-do-novo-mundo\/","og_locale":"pt_BR","og_type":"article","og_title":"Esfor\u00e7o multinacional busca salvar os sapos mais coloridos das florestas do Novo Mundo - Jornal Fatos e Not\u00edcias","og_description":"Por Trajano Xavier Milhares de anf\u00edbios morrem nas Am\u00e9ricas em decorr\u00eancia de um fungo letal, Batrachochytrium dendrobatidis (Bd), que causa uma doen\u00e7a chamada quitridiomicose. Algumas das esp\u00e9cies mais afetadas s\u00e3o as do g\u00eanero Atelopus, conhecidas como sapos-arlequim; por suas cores vivas, s\u00e3o chamados de \u201cjoias da regi\u00e3o neotropical\u201d. Na ativa desde 2019, a Iniciativa de [&hellip;]","og_url":"https:\/\/jornalfatosenoticias.com.br\/index.php\/2023\/05\/24\/esforco-multinacional-busca-salvar-os-sapos-mais-coloridos-das-florestas-do-novo-mundo\/","og_site_name":"Jornal Fatos e Not\u00edcias","article_published_time":"2023-05-24T14:04:56+00:00","article_modified_time":"2023-05-24T14:30:57+00:00","og_image":[{"width":1000,"height":481,"url":"https:\/\/jornalfatosenoticias.com.br\/wp-content\/uploads\/2023\/05\/sapo-colorido1.jpg","type":"image\/jpeg"}],"author":"Luzimara Fernandes","twitter_card":"summary_large_image","twitter_misc":{"Escrito por":"Luzimara Fernandes","Est. tempo de leitura":"7 minutos"},"schema":{"@context":"https:\/\/schema.org","@graph":[{"@type":"Article","@id":"https:\/\/jornalfatosenoticias.com.br\/index.php\/2023\/05\/24\/esforco-multinacional-busca-salvar-os-sapos-mais-coloridos-das-florestas-do-novo-mundo\/#article","isPartOf":{"@id":"https:\/\/jornalfatosenoticias.com.br\/index.php\/2023\/05\/24\/esforco-multinacional-busca-salvar-os-sapos-mais-coloridos-das-florestas-do-novo-mundo\/"},"author":{"name":"Luzimara Fernandes","@id":"https:\/\/jornalfatosenoticias.com.br\/#\/schema\/person\/d63837fa13ac8666eb9e74e0985d6f81"},"headline":"Esfor\u00e7o multinacional busca salvar os sapos mais coloridos das florestas do Novo Mundo","datePublished":"2023-05-24T14:04:56+00:00","dateModified":"2023-05-24T14:30:57+00:00","mainEntityOfPage":{"@id":"https:\/\/jornalfatosenoticias.com.br\/index.php\/2023\/05\/24\/esforco-multinacional-busca-salvar-os-sapos-mais-coloridos-das-florestas-do-novo-mundo\/"},"wordCount":1447,"commentCount":0,"publisher":{"@id":"https:\/\/jornalfatosenoticias.com.br\/#organization"},"image":{"@id":"https:\/\/jornalfatosenoticias.com.br\/index.php\/2023\/05\/24\/esforco-multinacional-busca-salvar-os-sapos-mais-coloridos-das-florestas-do-novo-mundo\/#primaryimage"},"thumbnailUrl":"https:\/\/jornalfatosenoticias.com.br\/wp-content\/uploads\/2023\/05\/sapo-colorido1.jpg","keywords":["amaz\u00f4nia","anf\u00edbios","biodiversidade","biodiversidade amaz\u00f4nica","biodiversidade de florestas tropicais","conserva\u00e7\u00e3o","crise anf\u00edbia","degrada\u00e7\u00e3o","desmatamento","ecologia","esp\u00e9cies amea\u00e7adas","esp\u00e9cies em perigo","fauna","florestas","florestas tropicais","sapos","sapos-arlequins"],"articleSection":["Meio ambiente"],"inLanguage":"pt-BR","potentialAction":[{"@type":"CommentAction","name":"Comment","target":["https:\/\/jornalfatosenoticias.com.br\/index.php\/2023\/05\/24\/esforco-multinacional-busca-salvar-os-sapos-mais-coloridos-das-florestas-do-novo-mundo\/#respond"]}]},{"@type":"WebPage","@id":"https:\/\/jornalfatosenoticias.com.br\/index.php\/2023\/05\/24\/esforco-multinacional-busca-salvar-os-sapos-mais-coloridos-das-florestas-do-novo-mundo\/","url":"https:\/\/jornalfatosenoticias.com.br\/index.php\/2023\/05\/24\/esforco-multinacional-busca-salvar-os-sapos-mais-coloridos-das-florestas-do-novo-mundo\/","name":"Esfor\u00e7o multinacional busca salvar os sapos mais coloridos das florestas do Novo Mundo - Jornal Fatos e Not\u00edcias","isPartOf":{"@id":"https:\/\/jornalfatosenoticias.com.br\/#website"},"primaryImageOfPage":{"@id":"https:\/\/jornalfatosenoticias.com.br\/index.php\/2023\/05\/24\/esforco-multinacional-busca-salvar-os-sapos-mais-coloridos-das-florestas-do-novo-mundo\/#primaryimage"},"image":{"@id":"https:\/\/jornalfatosenoticias.com.br\/index.php\/2023\/05\/24\/esforco-multinacional-busca-salvar-os-sapos-mais-coloridos-das-florestas-do-novo-mundo\/#primaryimage"},"thumbnailUrl":"https:\/\/jornalfatosenoticias.com.br\/wp-content\/uploads\/2023\/05\/sapo-colorido1.jpg","datePublished":"2023-05-24T14:04:56+00:00","dateModified":"2023-05-24T14:30:57+00:00","breadcrumb":{"@id":"https:\/\/jornalfatosenoticias.com.br\/index.php\/2023\/05\/24\/esforco-multinacional-busca-salvar-os-sapos-mais-coloridos-das-florestas-do-novo-mundo\/#breadcrumb"},"inLanguage":"pt-BR","potentialAction":[{"@type":"ReadAction","target":["https:\/\/jornalfatosenoticias.com.br\/index.php\/2023\/05\/24\/esforco-multinacional-busca-salvar-os-sapos-mais-coloridos-das-florestas-do-novo-mundo\/"]}]},{"@type":"ImageObject","inLanguage":"pt-BR","@id":"https:\/\/jornalfatosenoticias.com.br\/index.php\/2023\/05\/24\/esforco-multinacional-busca-salvar-os-sapos-mais-coloridos-das-florestas-do-novo-mundo\/#primaryimage","url":"https:\/\/jornalfatosenoticias.com.br\/wp-content\/uploads\/2023\/05\/sapo-colorido1.jpg","contentUrl":"https:\/\/jornalfatosenoticias.com.br\/wp-content\/uploads\/2023\/05\/sapo-colorido1.jpg","width":1000,"height":481},{"@type":"BreadcrumbList","@id":"https:\/\/jornalfatosenoticias.com.br\/index.php\/2023\/05\/24\/esforco-multinacional-busca-salvar-os-sapos-mais-coloridos-das-florestas-do-novo-mundo\/#breadcrumb","itemListElement":[{"@type":"ListItem","position":1,"name":"In\u00edcio","item":"https:\/\/jornalfatosenoticias.com.br\/"},{"@type":"ListItem","position":2,"name":"Esfor\u00e7o multinacional busca salvar os sapos mais coloridos das florestas do Novo Mundo"}]},{"@type":"WebSite","@id":"https:\/\/jornalfatosenoticias.com.br\/#website","url":"https:\/\/jornalfatosenoticias.com.br\/","name":"Jornal Fatos e Not\u00edcias","description":"Not\u00edcias em geral","publisher":{"@id":"https:\/\/jornalfatosenoticias.com.br\/#organization"},"potentialAction":[{"@type":"SearchAction","target":{"@type":"EntryPoint","urlTemplate":"https:\/\/jornalfatosenoticias.com.br\/?s={search_term_string}"},"query-input":{"@type":"PropertyValueSpecification","valueRequired":true,"valueName":"search_term_string"}}],"inLanguage":"pt-BR"},{"@type":"Organization","@id":"https:\/\/jornalfatosenoticias.com.br\/#organization","name":"Jornal Fatos e Not\u00edcias","url":"https:\/\/jornalfatosenoticias.com.br\/","logo":{"@type":"ImageObject","inLanguage":"pt-BR","@id":"https:\/\/jornalfatosenoticias.com.br\/#\/schema\/logo\/image\/","url":"https:\/\/jornalfatosenoticias.com.br\/wp-content\/uploads\/2020\/02\/logo120.png","contentUrl":"https:\/\/jornalfatosenoticias.com.br\/wp-content\/uploads\/2020\/02\/logo120.png","width":1227,"height":120,"caption":"Jornal Fatos e Not\u00edcias"},"image":{"@id":"https:\/\/jornalfatosenoticias.com.br\/#\/schema\/logo\/image\/"}},{"@type":"Person","@id":"https:\/\/jornalfatosenoticias.com.br\/#\/schema\/person\/d63837fa13ac8666eb9e74e0985d6f81","name":"Luzimara Fernandes","image":{"@type":"ImageObject","inLanguage":"pt-BR","@id":"https:\/\/jornalfatosenoticias.com.br\/#\/schema\/person\/image\/","url":"https:\/\/jornalfatosenoticias.com.br\/wp-content\/uploads\/2025\/05\/EU_portal.jpg","contentUrl":"https:\/\/jornalfatosenoticias.com.br\/wp-content\/uploads\/2025\/05\/EU_portal.jpg","caption":"Luzimara Fernandes"},"description":"Jornalista MTB 2358-ES","sameAs":["https:\/\/jornalfatosenoticias.com.br"],"url":"https:\/\/jornalfatosenoticias.com.br\/index.php\/author\/luzimara\/"}]}},"cc_featured_image_caption":{"caption_text":"(Foto: Jaime Culebras\/ASI) ","source_text":"","source_url":""},"jetpack_featured_media_url":"https:\/\/jornalfatosenoticias.com.br\/wp-content\/uploads\/2023\/05\/sapo-colorido1.jpg","_links":{"self":[{"href":"https:\/\/jornalfatosenoticias.com.br\/index.php\/wp-json\/wp\/v2\/posts\/41737","targetHints":{"allow":["GET"]}}],"collection":[{"href":"https:\/\/jornalfatosenoticias.com.br\/index.php\/wp-json\/wp\/v2\/posts"}],"about":[{"href":"https:\/\/jornalfatosenoticias.com.br\/index.php\/wp-json\/wp\/v2\/types\/post"}],"author":[{"embeddable":true,"href":"https:\/\/jornalfatosenoticias.com.br\/index.php\/wp-json\/wp\/v2\/users\/2"}],"replies":[{"embeddable":true,"href":"https:\/\/jornalfatosenoticias.com.br\/index.php\/wp-json\/wp\/v2\/comments?post=41737"}],"version-history":[{"count":0,"href":"https:\/\/jornalfatosenoticias.com.br\/index.php\/wp-json\/wp\/v2\/posts\/41737\/revisions"}],"wp:featuredmedia":[{"embeddable":true,"href":"https:\/\/jornalfatosenoticias.com.br\/index.php\/wp-json\/wp\/v2\/media\/41744"}],"wp:attachment":[{"href":"https:\/\/jornalfatosenoticias.com.br\/index.php\/wp-json\/wp\/v2\/media?parent=41737"}],"wp:term":[{"taxonomy":"category","embeddable":true,"href":"https:\/\/jornalfatosenoticias.com.br\/index.php\/wp-json\/wp\/v2\/categories?post=41737"},{"taxonomy":"post_tag","embeddable":true,"href":"https:\/\/jornalfatosenoticias.com.br\/index.php\/wp-json\/wp\/v2\/tags?post=41737"}],"curies":[{"name":"wp","href":"https:\/\/api.w.org\/{rel}","templated":true}]}}