{"id":4178,"date":"2020-05-07T17:05:12","date_gmt":"2020-05-07T20:05:12","guid":{"rendered":"https:\/\/jornalfatosenoticias.com.br\/?p=4178"},"modified":"2020-05-07T17:05:13","modified_gmt":"2020-05-07T20:05:13","slug":"uso-do-celular-como-ferramenta-pedagogica-para-ensino-e-aprendizagem-da-literatura-capixaba","status":"publish","type":"post","link":"https:\/\/jornalfatosenoticias.com.br\/index.php\/2020\/05\/07\/uso-do-celular-como-ferramenta-pedagogica-para-ensino-e-aprendizagem-da-literatura-capixaba\/","title":{"rendered":"Uso do celular como ferramenta pedag\u00f3gica para ensino e aprendizagem da literatura capixaba"},"content":{"rendered":"\n<h6 class=\"wp-block-heading\"><em>PICINATI, Suander Leonardo Don\u00e1. Uso do celular como ferramenta pedag\u00f3gica para ensino e aprendizagem da Literatura Capixaba. 2020. Disserta\u00e7\u00e3o de Mestrado Profissional da Faculdade Vale do Cricar\u00e9 (FVC), S\u00e3o Mateus, Esp\u00edrito Santo, 2020<\/em><\/h6>\n\n\n\n<p><em>Texto: Leonardo Picinati<\/em><\/p>\n\n\n\n<p>Esta pesquisa objetiva contribuir com discuss\u00f5es acerca de que forma o celular pode ser utilizado como ferramenta pedag\u00f3gica para ensino e aprendizagem da Literatura Capixaba, em uma turma do 3\u00ba ano do Ensino M\u00e9dio nas escolas p\u00fablicas do Estado do Esp\u00edrito Santo, conforme diretrizes do Curr\u00edculo B\u00e1sico da Escola Estadual. Para tal fim, foram utilizados referenciais que incorporam a tecnologia digital da informa\u00e7\u00e3o e comunica\u00e7\u00e3o (TDIC) como suporte pedag\u00f3gico para a pr\u00e1tica dos professores e essencial como ferramenta de aproxima\u00e7\u00e3o do aluno e sua realidade.<br>Tem fundamento nas proposi\u00e7\u00f5es elencadas por Marilda Aparecida Behrens acerca da aprendizagem colaborativa, a fim de estabelecer discuss\u00f5es sobre as possibilidades de inser\u00e7\u00e3o dos recursos e ferramentas digitais em projetos de ensino e aprendizagem, entre outros relacionados \u00e0 tem\u00e1tica, bem como em documentos oficiais que regem a educa\u00e7\u00e3o brasileira. Referente \u00e0 metodologia utilizada, a op\u00e7\u00e3o foi a abordagem qualitativa do tipo pesquisa colaborativa de Ivana Maria Lopes de Melo Ibiapina. Os instrumentos de produ\u00e7\u00e3o de dados foram entrevistas com professor na modalidade ensino presencial e observa\u00e7\u00f5es explorat\u00f3rias colaborativas em sala de aula.<\/p>\n\n\n\n<figure class=\"wp-block-image size-large\"><img loading=\"lazy\" decoding=\"async\" width=\"728\" height=\"1024\" src=\"https:\/\/jornalfatosenoticias.com.br\/wp-content\/uploads\/2020\/05\/Livro-Experie\u0302ncia-Formativa-Produto-Final-PICINATI-mestrado-Uso-do-celular-como-ferramenta-pedago\u0301gica-para-ensino-e-aprendizagem-da-Literatura-Capixaba-728x1024.png\" alt=\"\" class=\"wp-image-4179\" srcset=\"https:\/\/jornalfatosenoticias.com.br\/wp-content\/uploads\/2020\/05\/Livro-Experie\u0302ncia-Formativa-Produto-Final-PICINATI-mestrado-Uso-do-celular-como-ferramenta-pedago\u0301gica-para-ensino-e-aprendizagem-da-Literatura-Capixaba-728x1024.png 728w, https:\/\/jornalfatosenoticias.com.br\/wp-content\/uploads\/2020\/05\/Livro-Experie\u0302ncia-Formativa-Produto-Final-PICINATI-mestrado-Uso-do-celular-como-ferramenta-pedago\u0301gica-para-ensino-e-aprendizagem-da-Literatura-Capixaba-213x300.png 213w, https:\/\/jornalfatosenoticias.com.br\/wp-content\/uploads\/2020\/05\/Livro-Experie\u0302ncia-Formativa-Produto-Final-PICINATI-mestrado-Uso-do-celular-como-ferramenta-pedago\u0301gica-para-ensino-e-aprendizagem-da-Literatura-Capixaba-768x1080.png 768w, https:\/\/jornalfatosenoticias.com.br\/wp-content\/uploads\/2020\/05\/Livro-Experie\u0302ncia-Formativa-Produto-Final-PICINATI-mestrado-Uso-do-celular-como-ferramenta-pedago\u0301gica-para-ensino-e-aprendizagem-da-Literatura-Capixaba.png 986w\" sizes=\"auto, (max-width: 728px) 100vw, 728px\" \/><figcaption><em>(Foto: Leonardo Picinati)<\/em><\/figcaption><\/figure>\n\n\n\n<p>Por este trabalho estar vinculado a um Programa de Mestrado Profissional, foram desenvolvidos tr\u00eas produtos educacionais: um perfil no site Wattpad sobre a produ\u00e7\u00e3o liter\u00e1ria capixaba de um escritor local, uma unidade did\u00e1tica para ser validada junto a professora em sala e, um livro com produ\u00e7\u00f5es textuais dos alunos envolvidos na pesquisa. Dessa forma, esperamos que tais produtos educacionais possam elencar importantes contribui\u00e7\u00f5es para a pr\u00e1tica pedag\u00f3gica de professores do Ensino M\u00e9dio. E ser tamb\u00e9m utilizado para as demais \u00e1reas e anos do ensino, de forma a elevar os di\u00e1logos acerca das tecnologias como ferramenta da atualidade visando proporcionar uma forma\u00e7\u00e3o melhor para os alunos em uma sociedade da informa\u00e7\u00e3o e do conhecimento.<\/p>\n\n\n\n<figure class=\"wp-block-image size-large\"><img loading=\"lazy\" decoding=\"async\" width=\"707\" height=\"1024\" src=\"https:\/\/jornalfatosenoticias.com.br\/wp-content\/uploads\/2020\/05\/Captura-de-Tela-2020-04-08-a\u0300s-19.14.16-707x1024.png\" alt=\"\" class=\"wp-image-4180\" srcset=\"https:\/\/jornalfatosenoticias.com.br\/wp-content\/uploads\/2020\/05\/Captura-de-Tela-2020-04-08-a\u0300s-19.14.16-707x1024.png 707w, https:\/\/jornalfatosenoticias.com.br\/wp-content\/uploads\/2020\/05\/Captura-de-Tela-2020-04-08-a\u0300s-19.14.16-207x300.png 207w, https:\/\/jornalfatosenoticias.com.br\/wp-content\/uploads\/2020\/05\/Captura-de-Tela-2020-04-08-a\u0300s-19.14.16-768x1113.png 768w, https:\/\/jornalfatosenoticias.com.br\/wp-content\/uploads\/2020\/05\/Captura-de-Tela-2020-04-08-a\u0300s-19.14.16.png 980w\" sizes=\"auto, (max-width: 707px) 100vw, 707px\" \/><figcaption><em>(Foto: Leonardo Picinati)<\/em><\/figcaption><\/figure>\n\n\n\n<p><strong>Sobre o autor do estudo<br><\/strong>O pesquisador PICINATI lecionou no decorrer do ano de 2019 aulas na disciplina de L\u00edngua Portuguesa para alunos do terceiro ano do ensino m\u00e9dio na Escola Belmiro, localizada no bairro Eurico Salles, Serra, ES, aplicando sua pesquisa de mestrado no qual busca contribuir com reflex\u00f5es e nas pr\u00e1ticas de profissionais da educa\u00e7\u00e3o acerca do Uso do celular do aluno em sala de aula como ferramenta pedag\u00f3gica no ensino da Literatura Capixaba.<br>Picinati acrescenta que \u201cO material educacional pode ser aproveitado parcial ou totalmente por outros professores ou profissionais da educa\u00e7\u00e3o de outras disciplinas, basta adaptar facilmente para seu eixo de estudo, tornando-se, assim, uma indispens\u00e1vel leitura para esses profissionais\u201d.<br>A disserta\u00e7\u00e3o do pesquisador foi defendida no dia 04 deste m\u00eas, no formato on-line que, por coincid\u00eancia \u00e9 a mesma defesa do pesquisador na presente pesquisa em tela: a tecnologia no cotidiano tamb\u00e9m da escola contribuindo para o \u201cAprender a aprender\u201d defendido por Behrens (2013), pesquisadora abordada por Picinati (2020).<\/p>\n","protected":false},"excerpt":{"rendered":"<p>PICINATI, Suander Leonardo Don\u00e1. Uso do celular como ferramenta pedag\u00f3gica para ensino e aprendizagem da Literatura Capixaba. 2020. Disserta\u00e7\u00e3o de Mestrado Profissional da Faculdade Vale do Cricar\u00e9 (FVC), S\u00e3o Mateus, Esp\u00edrito Santo, 2020 Texto: Leonardo Picinati Esta pesquisa objetiva contribuir com discuss\u00f5es acerca de que forma o celular pode ser utilizado como ferramenta pedag\u00f3gica para [&hellip;]<\/p>\n","protected":false},"author":3,"featured_media":4181,"comment_status":"open","ping_status":"open","sticky":false,"template":"","format":"standard","meta":{"footnotes":""},"categories":[7],"tags":[2463,2460,345,2459,2461,2462],"class_list":["post-4178","post","type-post","status-publish","format-standard","has-post-thumbnail","hentry","category-educacao","tag-aprendizagem","tag-dissertacao","tag-educacao","tag-literatura-capixaba","tag-mestrado","tag-uso-do-celular"],"yoast_head":"<!-- This site is optimized with the Yoast SEO plugin v26.5 - https:\/\/yoast.com\/wordpress\/plugins\/seo\/ -->\n<title>Uso do celular como ferramenta pedag\u00f3gica para ensino e aprendizagem da literatura capixaba - Jornal Fatos e Not\u00edcias<\/title>\n<meta name=\"robots\" content=\"index, follow, max-snippet:-1, max-image-preview:large, max-video-preview:-1\" \/>\n<link rel=\"canonical\" href=\"https:\/\/jornalfatosenoticias.com.br\/index.php\/2020\/05\/07\/uso-do-celular-como-ferramenta-pedagogica-para-ensino-e-aprendizagem-da-literatura-capixaba\/\" \/>\n<meta property=\"og:locale\" content=\"pt_BR\" \/>\n<meta property=\"og:type\" content=\"article\" \/>\n<meta property=\"og:title\" content=\"Uso do celular como ferramenta pedag\u00f3gica para ensino e aprendizagem da literatura capixaba - Jornal Fatos e Not\u00edcias\" \/>\n<meta property=\"og:description\" content=\"PICINATI, Suander Leonardo Don\u00e1. Uso do celular como ferramenta pedag\u00f3gica para ensino e aprendizagem da Literatura Capixaba. 2020. Disserta\u00e7\u00e3o de Mestrado Profissional da Faculdade Vale do Cricar\u00e9 (FVC), S\u00e3o Mateus, Esp\u00edrito Santo, 2020 Texto: Leonardo Picinati Esta pesquisa objetiva contribuir com discuss\u00f5es acerca de que forma o celular pode ser utilizado como ferramenta pedag\u00f3gica para [&hellip;]\" \/>\n<meta property=\"og:url\" content=\"https:\/\/jornalfatosenoticias.com.br\/index.php\/2020\/05\/07\/uso-do-celular-como-ferramenta-pedagogica-para-ensino-e-aprendizagem-da-literatura-capixaba\/\" \/>\n<meta property=\"og:site_name\" content=\"Jornal Fatos e Not\u00edcias\" \/>\n<meta property=\"article:published_time\" content=\"2020-05-07T20:05:12+00:00\" \/>\n<meta property=\"article:modified_time\" content=\"2020-05-07T20:05:13+00:00\" \/>\n<meta property=\"og:image\" content=\"https:\/\/jornalfatosenoticias.com.br\/wp-content\/uploads\/2020\/05\/miscelanea_belmiro-teixeira.jpg\" \/>\n\t<meta property=\"og:image:width\" content=\"1000\" \/>\n\t<meta property=\"og:image:height\" content=\"818\" \/>\n\t<meta property=\"og:image:type\" content=\"image\/jpeg\" \/>\n<meta name=\"author\" content=\"Haroldo Filho\" \/>\n<meta name=\"twitter:card\" content=\"summary_large_image\" \/>\n<meta name=\"twitter:label1\" content=\"Escrito por\" \/>\n\t<meta name=\"twitter:data1\" content=\"Haroldo Filho\" \/>\n\t<meta name=\"twitter:label2\" content=\"Est. tempo de leitura\" \/>\n\t<meta name=\"twitter:data2\" content=\"3 minutos\" \/>\n<script type=\"application\/ld+json\" class=\"yoast-schema-graph\">{\"@context\":\"https:\/\/schema.org\",\"@graph\":[{\"@type\":\"Article\",\"@id\":\"https:\/\/jornalfatosenoticias.com.br\/index.php\/2020\/05\/07\/uso-do-celular-como-ferramenta-pedagogica-para-ensino-e-aprendizagem-da-literatura-capixaba\/#article\",\"isPartOf\":{\"@id\":\"https:\/\/jornalfatosenoticias.com.br\/index.php\/2020\/05\/07\/uso-do-celular-como-ferramenta-pedagogica-para-ensino-e-aprendizagem-da-literatura-capixaba\/\"},\"author\":{\"name\":\"Haroldo Filho\",\"@id\":\"https:\/\/jornalfatosenoticias.com.br\/#\/schema\/person\/05c46cc25b42a5c27e004fb0fa6b4965\"},\"headline\":\"Uso do celular como ferramenta pedag\u00f3gica para ensino e aprendizagem da literatura capixaba\",\"datePublished\":\"2020-05-07T20:05:12+00:00\",\"dateModified\":\"2020-05-07T20:05:13+00:00\",\"mainEntityOfPage\":{\"@id\":\"https:\/\/jornalfatosenoticias.com.br\/index.php\/2020\/05\/07\/uso-do-celular-como-ferramenta-pedagogica-para-ensino-e-aprendizagem-da-literatura-capixaba\/\"},\"wordCount\":550,\"commentCount\":0,\"publisher\":{\"@id\":\"https:\/\/jornalfatosenoticias.com.br\/#organization\"},\"image\":{\"@id\":\"https:\/\/jornalfatosenoticias.com.br\/index.php\/2020\/05\/07\/uso-do-celular-como-ferramenta-pedagogica-para-ensino-e-aprendizagem-da-literatura-capixaba\/#primaryimage\"},\"thumbnailUrl\":\"https:\/\/jornalfatosenoticias.com.br\/wp-content\/uploads\/2020\/05\/miscelanea_belmiro-teixeira.jpg\",\"keywords\":[\"aprendizagem\",\"disserta\u00e7\u00e3o\",\"educa\u00e7\u00e3o\",\"literatura capixaba\",\"mestrado\",\"uso do celular\"],\"articleSection\":[\"Educa\u00e7\u00e3o\"],\"inLanguage\":\"pt-BR\",\"potentialAction\":[{\"@type\":\"CommentAction\",\"name\":\"Comment\",\"target\":[\"https:\/\/jornalfatosenoticias.com.br\/index.php\/2020\/05\/07\/uso-do-celular-como-ferramenta-pedagogica-para-ensino-e-aprendizagem-da-literatura-capixaba\/#respond\"]}]},{\"@type\":\"WebPage\",\"@id\":\"https:\/\/jornalfatosenoticias.com.br\/index.php\/2020\/05\/07\/uso-do-celular-como-ferramenta-pedagogica-para-ensino-e-aprendizagem-da-literatura-capixaba\/\",\"url\":\"https:\/\/jornalfatosenoticias.com.br\/index.php\/2020\/05\/07\/uso-do-celular-como-ferramenta-pedagogica-para-ensino-e-aprendizagem-da-literatura-capixaba\/\",\"name\":\"Uso do celular como ferramenta pedag\u00f3gica para ensino e aprendizagem da literatura capixaba - Jornal Fatos e Not\u00edcias\",\"isPartOf\":{\"@id\":\"https:\/\/jornalfatosenoticias.com.br\/#website\"},\"primaryImageOfPage\":{\"@id\":\"https:\/\/jornalfatosenoticias.com.br\/index.php\/2020\/05\/07\/uso-do-celular-como-ferramenta-pedagogica-para-ensino-e-aprendizagem-da-literatura-capixaba\/#primaryimage\"},\"image\":{\"@id\":\"https:\/\/jornalfatosenoticias.com.br\/index.php\/2020\/05\/07\/uso-do-celular-como-ferramenta-pedagogica-para-ensino-e-aprendizagem-da-literatura-capixaba\/#primaryimage\"},\"thumbnailUrl\":\"https:\/\/jornalfatosenoticias.com.br\/wp-content\/uploads\/2020\/05\/miscelanea_belmiro-teixeira.jpg\",\"datePublished\":\"2020-05-07T20:05:12+00:00\",\"dateModified\":\"2020-05-07T20:05:13+00:00\",\"breadcrumb\":{\"@id\":\"https:\/\/jornalfatosenoticias.com.br\/index.php\/2020\/05\/07\/uso-do-celular-como-ferramenta-pedagogica-para-ensino-e-aprendizagem-da-literatura-capixaba\/#breadcrumb\"},\"inLanguage\":\"pt-BR\",\"potentialAction\":[{\"@type\":\"ReadAction\",\"target\":[\"https:\/\/jornalfatosenoticias.com.br\/index.php\/2020\/05\/07\/uso-do-celular-como-ferramenta-pedagogica-para-ensino-e-aprendizagem-da-literatura-capixaba\/\"]}]},{\"@type\":\"ImageObject\",\"inLanguage\":\"pt-BR\",\"@id\":\"https:\/\/jornalfatosenoticias.com.br\/index.php\/2020\/05\/07\/uso-do-celular-como-ferramenta-pedagogica-para-ensino-e-aprendizagem-da-literatura-capixaba\/#primaryimage\",\"url\":\"https:\/\/jornalfatosenoticias.com.br\/wp-content\/uploads\/2020\/05\/miscelanea_belmiro-teixeira.jpg\",\"contentUrl\":\"https:\/\/jornalfatosenoticias.com.br\/wp-content\/uploads\/2020\/05\/miscelanea_belmiro-teixeira.jpg\",\"width\":1000,\"height\":818},{\"@type\":\"BreadcrumbList\",\"@id\":\"https:\/\/jornalfatosenoticias.com.br\/index.php\/2020\/05\/07\/uso-do-celular-como-ferramenta-pedagogica-para-ensino-e-aprendizagem-da-literatura-capixaba\/#breadcrumb\",\"itemListElement\":[{\"@type\":\"ListItem\",\"position\":1,\"name\":\"In\u00edcio\",\"item\":\"https:\/\/jornalfatosenoticias.com.br\/\"},{\"@type\":\"ListItem\",\"position\":2,\"name\":\"Uso do celular como ferramenta pedag\u00f3gica para ensino e aprendizagem da literatura capixaba\"}]},{\"@type\":\"WebSite\",\"@id\":\"https:\/\/jornalfatosenoticias.com.br\/#website\",\"url\":\"https:\/\/jornalfatosenoticias.com.br\/\",\"name\":\"Jornal Fatos e Not\u00edcias\",\"description\":\"Not\u00edcias em geral\",\"publisher\":{\"@id\":\"https:\/\/jornalfatosenoticias.com.br\/#organization\"},\"potentialAction\":[{\"@type\":\"SearchAction\",\"target\":{\"@type\":\"EntryPoint\",\"urlTemplate\":\"https:\/\/jornalfatosenoticias.com.br\/?s={search_term_string}\"},\"query-input\":{\"@type\":\"PropertyValueSpecification\",\"valueRequired\":true,\"valueName\":\"search_term_string\"}}],\"inLanguage\":\"pt-BR\"},{\"@type\":\"Organization\",\"@id\":\"https:\/\/jornalfatosenoticias.com.br\/#organization\",\"name\":\"Jornal Fatos e Not\u00edcias\",\"url\":\"https:\/\/jornalfatosenoticias.com.br\/\",\"logo\":{\"@type\":\"ImageObject\",\"inLanguage\":\"pt-BR\",\"@id\":\"https:\/\/jornalfatosenoticias.com.br\/#\/schema\/logo\/image\/\",\"url\":\"https:\/\/jornalfatosenoticias.com.br\/wp-content\/uploads\/2020\/02\/logo120.png\",\"contentUrl\":\"https:\/\/jornalfatosenoticias.com.br\/wp-content\/uploads\/2020\/02\/logo120.png\",\"width\":1227,\"height\":120,\"caption\":\"Jornal Fatos e Not\u00edcias\"},\"image\":{\"@id\":\"https:\/\/jornalfatosenoticias.com.br\/#\/schema\/logo\/image\/\"}},{\"@type\":\"Person\",\"@id\":\"https:\/\/jornalfatosenoticias.com.br\/#\/schema\/person\/05c46cc25b42a5c27e004fb0fa6b4965\",\"name\":\"Haroldo Filho\",\"image\":{\"@type\":\"ImageObject\",\"inLanguage\":\"pt-BR\",\"@id\":\"https:\/\/jornalfatosenoticias.com.br\/#\/schema\/person\/image\/\",\"url\":\"https:\/\/jornalfatosenoticias.com.br\/wp-content\/uploads\/2025\/08\/WhatsApp-Image-2025-08-18-at-15.30.28-150x150.jpeg\",\"contentUrl\":\"https:\/\/jornalfatosenoticias.com.br\/wp-content\/uploads\/2025\/08\/WhatsApp-Image-2025-08-18-at-15.30.28-150x150.jpeg\",\"caption\":\"Haroldo Filho\"},\"description\":\"Jornalista \u2013 DRT: 0003818\/ES Coordenador-geral da ONG Educar para Crescer\",\"url\":\"https:\/\/jornalfatosenoticias.com.br\/index.php\/author\/haroldo\/\"}]}<\/script>\n<!-- \/ Yoast SEO plugin. -->","yoast_head_json":{"title":"Uso do celular como ferramenta pedag\u00f3gica para ensino e aprendizagem da literatura capixaba - Jornal Fatos e Not\u00edcias","robots":{"index":"index","follow":"follow","max-snippet":"max-snippet:-1","max-image-preview":"max-image-preview:large","max-video-preview":"max-video-preview:-1"},"canonical":"https:\/\/jornalfatosenoticias.com.br\/index.php\/2020\/05\/07\/uso-do-celular-como-ferramenta-pedagogica-para-ensino-e-aprendizagem-da-literatura-capixaba\/","og_locale":"pt_BR","og_type":"article","og_title":"Uso do celular como ferramenta pedag\u00f3gica para ensino e aprendizagem da literatura capixaba - Jornal Fatos e Not\u00edcias","og_description":"PICINATI, Suander Leonardo Don\u00e1. Uso do celular como ferramenta pedag\u00f3gica para ensino e aprendizagem da Literatura Capixaba. 2020. Disserta\u00e7\u00e3o de Mestrado Profissional da Faculdade Vale do Cricar\u00e9 (FVC), S\u00e3o Mateus, Esp\u00edrito Santo, 2020 Texto: Leonardo Picinati Esta pesquisa objetiva contribuir com discuss\u00f5es acerca de que forma o celular pode ser utilizado como ferramenta pedag\u00f3gica para [&hellip;]","og_url":"https:\/\/jornalfatosenoticias.com.br\/index.php\/2020\/05\/07\/uso-do-celular-como-ferramenta-pedagogica-para-ensino-e-aprendizagem-da-literatura-capixaba\/","og_site_name":"Jornal Fatos e Not\u00edcias","article_published_time":"2020-05-07T20:05:12+00:00","article_modified_time":"2020-05-07T20:05:13+00:00","og_image":[{"width":1000,"height":818,"url":"https:\/\/jornalfatosenoticias.com.br\/wp-content\/uploads\/2020\/05\/miscelanea_belmiro-teixeira.jpg","type":"image\/jpeg"}],"author":"Haroldo Filho","twitter_card":"summary_large_image","twitter_misc":{"Escrito por":"Haroldo Filho","Est. tempo de leitura":"3 minutos"},"schema":{"@context":"https:\/\/schema.org","@graph":[{"@type":"Article","@id":"https:\/\/jornalfatosenoticias.com.br\/index.php\/2020\/05\/07\/uso-do-celular-como-ferramenta-pedagogica-para-ensino-e-aprendizagem-da-literatura-capixaba\/#article","isPartOf":{"@id":"https:\/\/jornalfatosenoticias.com.br\/index.php\/2020\/05\/07\/uso-do-celular-como-ferramenta-pedagogica-para-ensino-e-aprendizagem-da-literatura-capixaba\/"},"author":{"name":"Haroldo Filho","@id":"https:\/\/jornalfatosenoticias.com.br\/#\/schema\/person\/05c46cc25b42a5c27e004fb0fa6b4965"},"headline":"Uso do celular como ferramenta pedag\u00f3gica para ensino e aprendizagem da literatura capixaba","datePublished":"2020-05-07T20:05:12+00:00","dateModified":"2020-05-07T20:05:13+00:00","mainEntityOfPage":{"@id":"https:\/\/jornalfatosenoticias.com.br\/index.php\/2020\/05\/07\/uso-do-celular-como-ferramenta-pedagogica-para-ensino-e-aprendizagem-da-literatura-capixaba\/"},"wordCount":550,"commentCount":0,"publisher":{"@id":"https:\/\/jornalfatosenoticias.com.br\/#organization"},"image":{"@id":"https:\/\/jornalfatosenoticias.com.br\/index.php\/2020\/05\/07\/uso-do-celular-como-ferramenta-pedagogica-para-ensino-e-aprendizagem-da-literatura-capixaba\/#primaryimage"},"thumbnailUrl":"https:\/\/jornalfatosenoticias.com.br\/wp-content\/uploads\/2020\/05\/miscelanea_belmiro-teixeira.jpg","keywords":["aprendizagem","disserta\u00e7\u00e3o","educa\u00e7\u00e3o","literatura capixaba","mestrado","uso do celular"],"articleSection":["Educa\u00e7\u00e3o"],"inLanguage":"pt-BR","potentialAction":[{"@type":"CommentAction","name":"Comment","target":["https:\/\/jornalfatosenoticias.com.br\/index.php\/2020\/05\/07\/uso-do-celular-como-ferramenta-pedagogica-para-ensino-e-aprendizagem-da-literatura-capixaba\/#respond"]}]},{"@type":"WebPage","@id":"https:\/\/jornalfatosenoticias.com.br\/index.php\/2020\/05\/07\/uso-do-celular-como-ferramenta-pedagogica-para-ensino-e-aprendizagem-da-literatura-capixaba\/","url":"https:\/\/jornalfatosenoticias.com.br\/index.php\/2020\/05\/07\/uso-do-celular-como-ferramenta-pedagogica-para-ensino-e-aprendizagem-da-literatura-capixaba\/","name":"Uso do celular como ferramenta pedag\u00f3gica para ensino e aprendizagem da literatura capixaba - Jornal Fatos e Not\u00edcias","isPartOf":{"@id":"https:\/\/jornalfatosenoticias.com.br\/#website"},"primaryImageOfPage":{"@id":"https:\/\/jornalfatosenoticias.com.br\/index.php\/2020\/05\/07\/uso-do-celular-como-ferramenta-pedagogica-para-ensino-e-aprendizagem-da-literatura-capixaba\/#primaryimage"},"image":{"@id":"https:\/\/jornalfatosenoticias.com.br\/index.php\/2020\/05\/07\/uso-do-celular-como-ferramenta-pedagogica-para-ensino-e-aprendizagem-da-literatura-capixaba\/#primaryimage"},"thumbnailUrl":"https:\/\/jornalfatosenoticias.com.br\/wp-content\/uploads\/2020\/05\/miscelanea_belmiro-teixeira.jpg","datePublished":"2020-05-07T20:05:12+00:00","dateModified":"2020-05-07T20:05:13+00:00","breadcrumb":{"@id":"https:\/\/jornalfatosenoticias.com.br\/index.php\/2020\/05\/07\/uso-do-celular-como-ferramenta-pedagogica-para-ensino-e-aprendizagem-da-literatura-capixaba\/#breadcrumb"},"inLanguage":"pt-BR","potentialAction":[{"@type":"ReadAction","target":["https:\/\/jornalfatosenoticias.com.br\/index.php\/2020\/05\/07\/uso-do-celular-como-ferramenta-pedagogica-para-ensino-e-aprendizagem-da-literatura-capixaba\/"]}]},{"@type":"ImageObject","inLanguage":"pt-BR","@id":"https:\/\/jornalfatosenoticias.com.br\/index.php\/2020\/05\/07\/uso-do-celular-como-ferramenta-pedagogica-para-ensino-e-aprendizagem-da-literatura-capixaba\/#primaryimage","url":"https:\/\/jornalfatosenoticias.com.br\/wp-content\/uploads\/2020\/05\/miscelanea_belmiro-teixeira.jpg","contentUrl":"https:\/\/jornalfatosenoticias.com.br\/wp-content\/uploads\/2020\/05\/miscelanea_belmiro-teixeira.jpg","width":1000,"height":818},{"@type":"BreadcrumbList","@id":"https:\/\/jornalfatosenoticias.com.br\/index.php\/2020\/05\/07\/uso-do-celular-como-ferramenta-pedagogica-para-ensino-e-aprendizagem-da-literatura-capixaba\/#breadcrumb","itemListElement":[{"@type":"ListItem","position":1,"name":"In\u00edcio","item":"https:\/\/jornalfatosenoticias.com.br\/"},{"@type":"ListItem","position":2,"name":"Uso do celular como ferramenta pedag\u00f3gica para ensino e aprendizagem da literatura capixaba"}]},{"@type":"WebSite","@id":"https:\/\/jornalfatosenoticias.com.br\/#website","url":"https:\/\/jornalfatosenoticias.com.br\/","name":"Jornal Fatos e Not\u00edcias","description":"Not\u00edcias em geral","publisher":{"@id":"https:\/\/jornalfatosenoticias.com.br\/#organization"},"potentialAction":[{"@type":"SearchAction","target":{"@type":"EntryPoint","urlTemplate":"https:\/\/jornalfatosenoticias.com.br\/?s={search_term_string}"},"query-input":{"@type":"PropertyValueSpecification","valueRequired":true,"valueName":"search_term_string"}}],"inLanguage":"pt-BR"},{"@type":"Organization","@id":"https:\/\/jornalfatosenoticias.com.br\/#organization","name":"Jornal Fatos e Not\u00edcias","url":"https:\/\/jornalfatosenoticias.com.br\/","logo":{"@type":"ImageObject","inLanguage":"pt-BR","@id":"https:\/\/jornalfatosenoticias.com.br\/#\/schema\/logo\/image\/","url":"https:\/\/jornalfatosenoticias.com.br\/wp-content\/uploads\/2020\/02\/logo120.png","contentUrl":"https:\/\/jornalfatosenoticias.com.br\/wp-content\/uploads\/2020\/02\/logo120.png","width":1227,"height":120,"caption":"Jornal Fatos e Not\u00edcias"},"image":{"@id":"https:\/\/jornalfatosenoticias.com.br\/#\/schema\/logo\/image\/"}},{"@type":"Person","@id":"https:\/\/jornalfatosenoticias.com.br\/#\/schema\/person\/05c46cc25b42a5c27e004fb0fa6b4965","name":"Haroldo Filho","image":{"@type":"ImageObject","inLanguage":"pt-BR","@id":"https:\/\/jornalfatosenoticias.com.br\/#\/schema\/person\/image\/","url":"https:\/\/jornalfatosenoticias.com.br\/wp-content\/uploads\/2025\/08\/WhatsApp-Image-2025-08-18-at-15.30.28-150x150.jpeg","contentUrl":"https:\/\/jornalfatosenoticias.com.br\/wp-content\/uploads\/2025\/08\/WhatsApp-Image-2025-08-18-at-15.30.28-150x150.jpeg","caption":"Haroldo Filho"},"description":"Jornalista \u2013 DRT: 0003818\/ES Coordenador-geral da ONG Educar para Crescer","url":"https:\/\/jornalfatosenoticias.com.br\/index.php\/author\/haroldo\/"}]}},"cc_featured_image_caption":{"caption_text":"(Foto: Leonardo Picinati)","source_text":"","source_url":""},"jetpack_featured_media_url":"https:\/\/jornalfatosenoticias.com.br\/wp-content\/uploads\/2020\/05\/miscelanea_belmiro-teixeira.jpg","_links":{"self":[{"href":"https:\/\/jornalfatosenoticias.com.br\/index.php\/wp-json\/wp\/v2\/posts\/4178","targetHints":{"allow":["GET"]}}],"collection":[{"href":"https:\/\/jornalfatosenoticias.com.br\/index.php\/wp-json\/wp\/v2\/posts"}],"about":[{"href":"https:\/\/jornalfatosenoticias.com.br\/index.php\/wp-json\/wp\/v2\/types\/post"}],"author":[{"embeddable":true,"href":"https:\/\/jornalfatosenoticias.com.br\/index.php\/wp-json\/wp\/v2\/users\/3"}],"replies":[{"embeddable":true,"href":"https:\/\/jornalfatosenoticias.com.br\/index.php\/wp-json\/wp\/v2\/comments?post=4178"}],"version-history":[{"count":0,"href":"https:\/\/jornalfatosenoticias.com.br\/index.php\/wp-json\/wp\/v2\/posts\/4178\/revisions"}],"wp:featuredmedia":[{"embeddable":true,"href":"https:\/\/jornalfatosenoticias.com.br\/index.php\/wp-json\/wp\/v2\/media\/4181"}],"wp:attachment":[{"href":"https:\/\/jornalfatosenoticias.com.br\/index.php\/wp-json\/wp\/v2\/media?parent=4178"}],"wp:term":[{"taxonomy":"category","embeddable":true,"href":"https:\/\/jornalfatosenoticias.com.br\/index.php\/wp-json\/wp\/v2\/categories?post=4178"},{"taxonomy":"post_tag","embeddable":true,"href":"https:\/\/jornalfatosenoticias.com.br\/index.php\/wp-json\/wp\/v2\/tags?post=4178"}],"curies":[{"name":"wp","href":"https:\/\/api.w.org\/{rel}","templated":true}]}}