{"id":41781,"date":"2023-05-26T15:42:45","date_gmt":"2023-05-26T18:42:45","guid":{"rendered":"https:\/\/jornalfatosenoticias.com.br\/?p=41781"},"modified":"2023-05-26T15:42:46","modified_gmt":"2023-05-26T18:42:46","slug":"pai-genitor-padrasto-avo-tio-e-suas-criancas-parte-ii","status":"publish","type":"post","link":"https:\/\/jornalfatosenoticias.com.br\/index.php\/2023\/05\/26\/pai-genitor-padrasto-avo-tio-e-suas-criancas-parte-ii\/","title":{"rendered":"Pai, genitor, padrasto, av\u00f4 tio, e suas Crian\u00e7as \u2014 Parte II"},"content":{"rendered":"\n<p><span class=\"has-inline-color has-black-color\"><em>Um pai n\u00e3o maltrata um filho para atingir a m\u00e3e. E, se um pai viola as necessidades de cuidado de seu filhote, ele est\u00e1 rasgando a certid\u00e3o de pai<\/em><\/span><\/p>\n\n\n\n<div class=\"wp-block-image\"><figure class=\"aligncenter size-large\"><img decoding=\"async\" src=\"https:\/\/jornalfatosenoticias.com.br\/wp-content\/uploads\/2020\/02\/logo-embacia-1-1024x110.jpg\" alt=\"\" class=\"wp-image-33954\"\/><\/figure><\/div>\n\n\n\n<p>Pediram-me para incluir os primos. Se sairmos da consanguinidade e da conjugalidade do casal, ainda t\u00eam os padrinhos, os amig\u00f5es dos pais e os religiosos \u2014 padres, pastores, pais de santo, gurus.<br>Esse lugar \u00e9 ocupado por substitutos afetivos, ou substitutos tempor\u00e1rios, ou titulados, mas substitutos, no lugar que lhes \u00e9 dado pela fam\u00edlia e aceito, compulsoriamente, pela Crian\u00e7a. Todos, portanto, s\u00e3o empossados nesse lugar de autoridade para a Crian\u00e7a, que seja autoridade por afeto, cuidado e responsabilidade, que seja autoridade por autoritarismo com exerc\u00edcio de Poder.<\/p>\n\n\n\n<div class=\"wp-block-image\"><figure class=\"aligncenter size-large\"><img decoding=\"async\" src=\"https:\/\/jornalfatosenoticias.com.br\/wp-content\/uploads\/2020\/02\/logo_esteio.jpg\" alt=\"\" class=\"wp-image-1214\"\/><\/figure><\/div>\n\n\n\n<p>A quest\u00e3o que queremos trazer \u00e0 reflex\u00e3o \u00e9 justamente essa, j\u00e1 falada no primeiro artigo. A distin\u00e7\u00e3o entre ser pai e ser genitor, mesmo quando h\u00e1 consanguinidade. O fato de ter compartilhado a gera\u00e7\u00e3o de uma Crian\u00e7a, n\u00e3o faz um pai. Faz um genitor. E, se um pai viola as necessidades de cuidado de seu filhote, seja por n\u00e3o dar esses cuidados, seja por a\u00e7\u00e3o de usar o corpo da Crian\u00e7a para satisfazer seu prazer de Poder Absoluto, ele est\u00e1 rasgando a certid\u00e3o de pai. A partir desse momento ele reduz seu t\u00edtulo \u00e0 condi\u00e7\u00e3o de genitor.<\/p>\n\n\n\n<div class=\"wp-block-image\"><figure class=\"aligncenter size-large\"><img loading=\"lazy\" decoding=\"async\" width=\"300\" height=\"222\" src=\"https:\/\/jornalfatosenoticias.com.br\/wp-content\/uploads\/2023\/03\/logo_Juliana-Graca.jpg\" alt=\"\" class=\"wp-image-39283\"\/><\/figure><\/div>\n\n\n\n<p>Os doadores de s\u00eamen s\u00e3o genitores dos beb\u00eas que geram e, como tal, n\u00e3o t\u00eam nenhum compromisso com esses beb\u00eas, nem s\u00e3o benefici\u00e1rios de nenhum Direito como se fossem \u201cpais\u201d. Mas, a doutrina, que ora vigora na judicializa\u00e7\u00e3o da inf\u00e2ncia, determina que genitores sejam igualados a pais. Ou seja, aqueles que rasgaram a certid\u00e3o desse qualificativo por terem cometido crime contra sua pr\u00f3pria cria, s\u00e3o, legalmente, agraciados com a posse dessa cria.<\/p>\n\n\n\n<div class=\"wp-block-image\"><figure class=\"aligncenter size-large\"><img loading=\"lazy\" decoding=\"async\" width=\"1000\" height=\"557\" src=\"https:\/\/jornalfatosenoticias.com.br\/wp-content\/uploads\/2023\/05\/pai-que-matou-filhas_GO.jpg\" alt=\"\" class=\"wp-image-41782\" srcset=\"https:\/\/jornalfatosenoticias.com.br\/wp-content\/uploads\/2023\/05\/pai-que-matou-filhas_GO.jpg 1000w, https:\/\/jornalfatosenoticias.com.br\/wp-content\/uploads\/2023\/05\/pai-que-matou-filhas_GO-300x167.jpg 300w, https:\/\/jornalfatosenoticias.com.br\/wp-content\/uploads\/2023\/05\/pai-que-matou-filhas_GO-768x428.jpg 768w\" sizes=\"auto, (max-width: 1000px) 100vw, 1000px\" \/><figcaption><em><span class=\"has-inline-color has-black-color\">(Foto: Record TV\/R7)<\/span><\/em><\/figcaption><\/figure><\/div>\n\n\n\n<p>Poucos sabem a realidade que se abateu sobre Crian\u00e7as que s\u00e3o obrigadas a viver uma artificial <em><span class=\"has-inline-color has-black-color\">Priva\u00e7\u00e3o Materna Judicial.<\/span><\/em> Em contraposi\u00e7\u00e3o, tamb\u00e9m \u00e9 ignorada a subtra\u00e7\u00e3o do <em><span class=\"has-inline-color has-black-color\">Direito \u00e0 Maternidade<\/span><\/em> a m\u00e3es que, cumprindo a lei, denunciaram abuso sexual intrafamiliar de Crian\u00e7a, praticado pelo genitor. Mas, sem saber a Etiologia, com uma argumenta\u00e7\u00e3o pseudocient\u00edfica, e assentada em malabarismo acrob\u00e1tico para forjar uma justifica\u00e7\u00e3o, que \u00e9 il\u00f3gica, pessoas repetem o mantra de que essa lei de aliena\u00e7\u00e3o parental, promotora dessas perversidades, protege Crian\u00e7as e que, por isso, n\u00e3o pode ser revogada. Jogam areia nos olhos de todos porque essa lei \u00e9 uma duplicidade de artigos do ECA, que garante, este sim, Prote\u00e7\u00e3o Integral a Crian\u00e7as e Adolescentes.<\/p>\n\n\n\n<div class=\"wp-block-image\"><figure class=\"aligncenter size-large is-resized\"><img loading=\"lazy\" decoding=\"async\" src=\"https:\/\/jornalfatosenoticias.com.br\/wp-content\/uploads\/2023\/04\/Logo_MasterMind.jpg\" alt=\"\" class=\"wp-image-40974\" width=\"286\" height=\"208\"\/><\/figure><\/div>\n\n\n\n<p>Pais, aqueles homens que n\u00e3o sofrem da masculinidade fr\u00e1gil nem de desvio de car\u00e1ter, j\u00e1 compreenderam e exercem a import\u00e2ncia do seu lugar de cuidador, conhecem a import\u00e2ncia da m\u00e3e para seu filho e filha.<br>Genitores, n\u00e3o se conformam com o t\u00e9rmino da rela\u00e7\u00e3o, exigem acesso direto \u00e0 Crian\u00e7a, e fazem do filho ou filha a arma para ceifar a maternidade da ex. Nesse grupo est\u00e3o os que praticavam viol\u00eancia dom\u00e9stica contra a Mulher, e que, por vezes, usam esses filhos como vingan\u00e7a letal contra a m\u00e3e. Quantas Crian\u00e7as j\u00e1 ouvimos em not\u00edcia de assassinatos cru\u00e9is. <\/p>\n\n\n\n<div class=\"wp-block-image\"><figure class=\"aligncenter size-large\"><img loading=\"lazy\" decoding=\"async\" width=\"729\" height=\"90\" src=\"https:\/\/jornalfatosenoticias.com.br\/wp-content\/uploads\/2020\/02\/Logo_Mizu.png\" alt=\"\" class=\"wp-image-1441\" srcset=\"https:\/\/jornalfatosenoticias.com.br\/wp-content\/uploads\/2020\/02\/Logo_Mizu.png 729w, https:\/\/jornalfatosenoticias.com.br\/wp-content\/uploads\/2020\/02\/Logo_Mizu-300x37.png 300w\" sizes=\"auto, (max-width: 729px) 100vw, 729px\" \/><\/figure><\/div>\n\n\n\n<p>Quantas m\u00e3es foram assassinadas a tiros, facadas ou pauladas, em sua maioria dentro da casa, na presen\u00e7a das Crian\u00e7as. S\u00e3o genitores. Incapazes de se identificar com a Crian\u00e7a, incapazes de sentir empatia pela Crian\u00e7a, pela dor da perda fatal da m\u00e3e. Vimos isso em v\u00e1rios casos, e no caso emblem\u00e1tico da Ju\u00edza Viviane, morta por 16 facadas desferidas pelo genitor de suas filhas, que a tudo assistiram.<br>Um pai n\u00e3o faz mal \u00e0 m\u00e3e do filho, da filha. Mesmo que esteja embebido de raiva, que essa raiva at\u00e9 tenha motiva\u00e7\u00e3o, um pai n\u00e3o faz isso com a m\u00e3e dos filhos.<\/p>\n\n\n\n<div class=\"wp-block-image\"><figure class=\"aligncenter size-large\"><img loading=\"lazy\" decoding=\"async\" width=\"1024\" height=\"110\" src=\"https:\/\/jornalfatosenoticias.com.br\/wp-content\/uploads\/2023\/03\/Crypton-1120-\u00d7-120-px-1-1024x110.png\" alt=\"\" class=\"wp-image-39211\" srcset=\"https:\/\/jornalfatosenoticias.com.br\/wp-content\/uploads\/2023\/03\/Crypton-1120-\u00d7-120-px-1-1024x110.png 1024w, https:\/\/jornalfatosenoticias.com.br\/wp-content\/uploads\/2023\/03\/Crypton-1120-\u00d7-120-px-1-300x32.png 300w, https:\/\/jornalfatosenoticias.com.br\/wp-content\/uploads\/2023\/03\/Crypton-1120-\u00d7-120-px-1-768x82.png 768w, https:\/\/jornalfatosenoticias.com.br\/wp-content\/uploads\/2023\/03\/Crypton-1120-\u00d7-120-px-1.png 1120w\" sizes=\"auto, (max-width: 1024px) 100vw, 1024px\" \/><\/figure><\/div>\n\n\n\n<div class=\"wp-block-image\"><figure class=\"aligncenter size-large\"><img loading=\"lazy\" decoding=\"async\" width=\"563\" height=\"1000\" src=\"https:\/\/jornalfatosenoticias.com.br\/wp-content\/uploads\/2023\/05\/perfil-vitimas-violencia-infantil.jpg\" alt=\"\" class=\"wp-image-41783\" srcset=\"https:\/\/jornalfatosenoticias.com.br\/wp-content\/uploads\/2023\/05\/perfil-vitimas-violencia-infantil.jpg 563w, https:\/\/jornalfatosenoticias.com.br\/wp-content\/uploads\/2023\/05\/perfil-vitimas-violencia-infantil-169x300.jpg 169w\" sizes=\"auto, (max-width: 563px) 100vw, 563px\" \/><\/figure><\/div>\n\n\n\n<p>Assim tamb\u00e9m, um pai n\u00e3o maltrata um filho para atingir a m\u00e3e. Um pai n\u00e3o estupra um filho. Leia-se aqui a defini\u00e7\u00e3o jur\u00eddica de Estupro de Vulner\u00e1vel que contempla todo ato libidinoso, at\u00e9 aqueles que n\u00e3o tocam o corpo da Crian\u00e7a. Car\u00edcias, beijos na boca, lambidas, masturba\u00e7\u00e3o, beijo na boca, sexo oral, pr\u00e1ticas escatol\u00f3gicas, penetra\u00e7\u00e3o digital anal, e muitas outras pr\u00e1ticas libidinosas, todas s\u00e3o classificadas como <em><span class=\"has-inline-color has-black-color\">Estupro de Vulner\u00e1vel<\/span><\/em>. Para aqueles que ainda n\u00e3o entenderam essa defini\u00e7\u00e3o correta, e coerente com os estragos que causam todos os atos libidinosos, a informa\u00e7\u00e3o de que j\u00e1 houve uma condena\u00e7\u00e3o por<em><strong><span class=\"has-inline-color has-black-color\"> Estupro Virtual de Vulner\u00e1vel.<\/span><\/strong><\/em> H\u00e1 uma resist\u00eancia por parte de algumas pessoas que, talvez por restri\u00e7\u00e3o cognitiva ou restri\u00e7\u00e3o protetiva a abusadores, ou ainda por restri\u00e7\u00e3o doutrin\u00e1ria de misoginia, n\u00e3o aprendem a dimens\u00e3o de prote\u00e7\u00e3o \u00e0 Crian\u00e7a que essa defini\u00e7\u00e3o ampliada de Estupro de Vulner\u00e1vel trouxe.<\/p>\n\n\n\n<div class=\"wp-block-image\"><figure class=\"aligncenter size-large is-resized\"><img loading=\"lazy\" decoding=\"async\" src=\"https:\/\/jornalfatosenoticias.com.br\/wp-content\/uploads\/2023\/03\/logo-Panper_portal.jpg\" alt=\"\" class=\"wp-image-40208\" width=\"261\" height=\"181\" srcset=\"https:\/\/jornalfatosenoticias.com.br\/wp-content\/uploads\/2023\/03\/logo-Panper_portal.jpg 400w, https:\/\/jornalfatosenoticias.com.br\/wp-content\/uploads\/2023\/03\/logo-Panper_portal-300x208.jpg 300w\" sizes=\"auto, (max-width: 261px) 100vw, 261px\" \/><\/figure><\/div>\n\n\n\n<p>No entanto, apesar de termos o Estatuto da Crian\u00e7a e do Adolescente, completo, inspirador para diversos pa\u00edses, de termos uma defini\u00e7\u00e3o que contempla todas as situa\u00e7\u00f5es de viol\u00eancia sexual, leia-se viol\u00eancia que tamb\u00e9m cont\u00e9m das lacera\u00e7\u00f5es \u00e0s car\u00edcias, existe um entrave que penaliza as Crian\u00e7as v\u00edtimas desses genitores, padrastos, av\u00f4s, tios, irm\u00e3os, primos, condenando-as como mentirosas, autoras, sedutoras sexuais desses adultos, uns pobrezinhos coitados.<\/p>\n\n\n\n<div class=\"wp-block-image\"><figure class=\"aligncenter size-large is-resized\"><img loading=\"lazy\" decoding=\"async\" src=\"https:\/\/jornalfatosenoticias.com.br\/wp-content\/uploads\/2022\/10\/RC_800x750_page-0001.jpg\" alt=\"\" class=\"wp-image-35338\" width=\"256\" height=\"240\" srcset=\"https:\/\/jornalfatosenoticias.com.br\/wp-content\/uploads\/2022\/10\/RC_800x750_page-0001.jpg 400w, https:\/\/jornalfatosenoticias.com.br\/wp-content\/uploads\/2022\/10\/RC_800x750_page-0001-300x281.jpg 300w\" sizes=\"auto, (max-width: 256px) 100vw, 256px\" \/><\/figure><\/div>\n\n\n\n<p>Laudos s\u00e3o fabricados para perpetrar os <em><span class=\"has-inline-color has-black-color\">Estupros de Vulner\u00e1veis,<\/span><\/em> em linguagem apenas interpretativa, subjetiva, sem conex\u00e3o com argumentos cient\u00edficos, sem nenhuma preocupa\u00e7\u00e3o com a l\u00f3gica e a realidade do desenvolvimento cognitivo da Crian\u00e7a. Genitores seguem sob os ausp\u00edcios da lei e de seus operadores.<\/p>\n","protected":false},"excerpt":{"rendered":"<p>Um pai n\u00e3o maltrata um filho para atingir a m\u00e3e. E, se um pai viola as necessidades de cuidado de seu filhote, ele est\u00e1 rasgando a certid\u00e3o de pai Pediram-me para incluir os primos. Se sairmos da consanguinidade e da conjugalidade do casal, ainda t\u00eam os padrinhos, os amig\u00f5es dos pais e os religiosos \u2014 [&hellip;]<\/p>\n","protected":false},"author":8,"featured_media":41784,"comment_status":"open","ping_status":"open","sticky":false,"template":"","format":"standard","meta":{"footnotes":""},"categories":[2522],"tags":[1317,19528,4553,10494,8328,1368,17572],"class_list":["post-41781","post","type-post","status-publish","format-standard","has-post-thumbnail","hentry","category-comportamento","tag-crianca","tag-genitor","tag-maternidade","tag-paternidade","tag-poder","tag-vulnerabilidade","tag-vulnerabilidade-infantil"],"yoast_head":"<!-- This site is optimized with the Yoast SEO plugin v26.5 - https:\/\/yoast.com\/wordpress\/plugins\/seo\/ -->\n<title>Pai, genitor, padrasto, av\u00f4 tio, e suas Crian\u00e7as \u2014 Parte II - Jornal Fatos e Not\u00edcias<\/title>\n<meta name=\"robots\" content=\"index, follow, max-snippet:-1, max-image-preview:large, max-video-preview:-1\" \/>\n<link rel=\"canonical\" href=\"https:\/\/jornalfatosenoticias.com.br\/index.php\/2023\/05\/26\/pai-genitor-padrasto-avo-tio-e-suas-criancas-parte-ii\/\" \/>\n<meta property=\"og:locale\" content=\"pt_BR\" \/>\n<meta property=\"og:type\" content=\"article\" \/>\n<meta property=\"og:title\" content=\"Pai, genitor, padrasto, av\u00f4 tio, e suas Crian\u00e7as \u2014 Parte II - Jornal Fatos e Not\u00edcias\" \/>\n<meta property=\"og:description\" content=\"Um pai n\u00e3o maltrata um filho para atingir a m\u00e3e. E, se um pai viola as necessidades de cuidado de seu filhote, ele est\u00e1 rasgando a certid\u00e3o de pai Pediram-me para incluir os primos. Se sairmos da consanguinidade e da conjugalidade do casal, ainda t\u00eam os padrinhos, os amig\u00f5es dos pais e os religiosos \u2014 [&hellip;]\" \/>\n<meta property=\"og:url\" content=\"https:\/\/jornalfatosenoticias.com.br\/index.php\/2023\/05\/26\/pai-genitor-padrasto-avo-tio-e-suas-criancas-parte-ii\/\" \/>\n<meta property=\"og:site_name\" content=\"Jornal Fatos e Not\u00edcias\" \/>\n<meta property=\"article:published_time\" content=\"2023-05-26T18:42:45+00:00\" \/>\n<meta property=\"article:modified_time\" content=\"2023-05-26T18:42:46+00:00\" \/>\n<meta property=\"og:image\" content=\"https:\/\/jornalfatosenoticias.com.br\/wp-content\/uploads\/2023\/05\/violencia-domestica-e-infantil.jpg\" \/>\n\t<meta property=\"og:image:width\" content=\"1000\" \/>\n\t<meta property=\"og:image:height\" content=\"562\" \/>\n\t<meta property=\"og:image:type\" content=\"image\/jpeg\" \/>\n<meta name=\"author\" content=\"Ana Maria Iencarelli\" \/>\n<meta name=\"twitter:card\" content=\"summary_large_image\" \/>\n<meta name=\"twitter:label1\" content=\"Escrito por\" \/>\n\t<meta name=\"twitter:data1\" content=\"Ana Maria Iencarelli\" \/>\n\t<meta name=\"twitter:label2\" content=\"Est. tempo de leitura\" \/>\n\t<meta name=\"twitter:data2\" content=\"5 minutos\" \/>\n<script type=\"application\/ld+json\" class=\"yoast-schema-graph\">{\"@context\":\"https:\/\/schema.org\",\"@graph\":[{\"@type\":\"Article\",\"@id\":\"https:\/\/jornalfatosenoticias.com.br\/index.php\/2023\/05\/26\/pai-genitor-padrasto-avo-tio-e-suas-criancas-parte-ii\/#article\",\"isPartOf\":{\"@id\":\"https:\/\/jornalfatosenoticias.com.br\/index.php\/2023\/05\/26\/pai-genitor-padrasto-avo-tio-e-suas-criancas-parte-ii\/\"},\"author\":{\"name\":\"Ana Maria Iencarelli\",\"@id\":\"https:\/\/jornalfatosenoticias.com.br\/#\/schema\/person\/c33fcf5fb02d729d3fec92c6737a22d1\"},\"headline\":\"Pai, genitor, padrasto, av\u00f4 tio, e suas Crian\u00e7as \u2014 Parte II\",\"datePublished\":\"2023-05-26T18:42:45+00:00\",\"dateModified\":\"2023-05-26T18:42:46+00:00\",\"mainEntityOfPage\":{\"@id\":\"https:\/\/jornalfatosenoticias.com.br\/index.php\/2023\/05\/26\/pai-genitor-padrasto-avo-tio-e-suas-criancas-parte-ii\/\"},\"wordCount\":992,\"commentCount\":0,\"publisher\":{\"@id\":\"https:\/\/jornalfatosenoticias.com.br\/#organization\"},\"image\":{\"@id\":\"https:\/\/jornalfatosenoticias.com.br\/index.php\/2023\/05\/26\/pai-genitor-padrasto-avo-tio-e-suas-criancas-parte-ii\/#primaryimage\"},\"thumbnailUrl\":\"https:\/\/jornalfatosenoticias.com.br\/wp-content\/uploads\/2023\/05\/violencia-domestica-e-infantil.jpg\",\"keywords\":[\"crian\u00e7a\",\"genitor\",\"maternidade\",\"paternidade\",\"poder\",\"vulnerabilidade\",\"vulnerabilidade infantil\"],\"articleSection\":[\"Comportamento &amp; Equil\u00edbrio\"],\"inLanguage\":\"pt-BR\",\"potentialAction\":[{\"@type\":\"CommentAction\",\"name\":\"Comment\",\"target\":[\"https:\/\/jornalfatosenoticias.com.br\/index.php\/2023\/05\/26\/pai-genitor-padrasto-avo-tio-e-suas-criancas-parte-ii\/#respond\"]}]},{\"@type\":\"WebPage\",\"@id\":\"https:\/\/jornalfatosenoticias.com.br\/index.php\/2023\/05\/26\/pai-genitor-padrasto-avo-tio-e-suas-criancas-parte-ii\/\",\"url\":\"https:\/\/jornalfatosenoticias.com.br\/index.php\/2023\/05\/26\/pai-genitor-padrasto-avo-tio-e-suas-criancas-parte-ii\/\",\"name\":\"Pai, genitor, padrasto, av\u00f4 tio, e suas Crian\u00e7as \u2014 Parte II - Jornal Fatos e Not\u00edcias\",\"isPartOf\":{\"@id\":\"https:\/\/jornalfatosenoticias.com.br\/#website\"},\"primaryImageOfPage\":{\"@id\":\"https:\/\/jornalfatosenoticias.com.br\/index.php\/2023\/05\/26\/pai-genitor-padrasto-avo-tio-e-suas-criancas-parte-ii\/#primaryimage\"},\"image\":{\"@id\":\"https:\/\/jornalfatosenoticias.com.br\/index.php\/2023\/05\/26\/pai-genitor-padrasto-avo-tio-e-suas-criancas-parte-ii\/#primaryimage\"},\"thumbnailUrl\":\"https:\/\/jornalfatosenoticias.com.br\/wp-content\/uploads\/2023\/05\/violencia-domestica-e-infantil.jpg\",\"datePublished\":\"2023-05-26T18:42:45+00:00\",\"dateModified\":\"2023-05-26T18:42:46+00:00\",\"breadcrumb\":{\"@id\":\"https:\/\/jornalfatosenoticias.com.br\/index.php\/2023\/05\/26\/pai-genitor-padrasto-avo-tio-e-suas-criancas-parte-ii\/#breadcrumb\"},\"inLanguage\":\"pt-BR\",\"potentialAction\":[{\"@type\":\"ReadAction\",\"target\":[\"https:\/\/jornalfatosenoticias.com.br\/index.php\/2023\/05\/26\/pai-genitor-padrasto-avo-tio-e-suas-criancas-parte-ii\/\"]}]},{\"@type\":\"ImageObject\",\"inLanguage\":\"pt-BR\",\"@id\":\"https:\/\/jornalfatosenoticias.com.br\/index.php\/2023\/05\/26\/pai-genitor-padrasto-avo-tio-e-suas-criancas-parte-ii\/#primaryimage\",\"url\":\"https:\/\/jornalfatosenoticias.com.br\/wp-content\/uploads\/2023\/05\/violencia-domestica-e-infantil.jpg\",\"contentUrl\":\"https:\/\/jornalfatosenoticias.com.br\/wp-content\/uploads\/2023\/05\/violencia-domestica-e-infantil.jpg\",\"width\":1000,\"height\":562},{\"@type\":\"BreadcrumbList\",\"@id\":\"https:\/\/jornalfatosenoticias.com.br\/index.php\/2023\/05\/26\/pai-genitor-padrasto-avo-tio-e-suas-criancas-parte-ii\/#breadcrumb\",\"itemListElement\":[{\"@type\":\"ListItem\",\"position\":1,\"name\":\"In\u00edcio\",\"item\":\"https:\/\/jornalfatosenoticias.com.br\/\"},{\"@type\":\"ListItem\",\"position\":2,\"name\":\"Pai, genitor, padrasto, av\u00f4 tio, e suas Crian\u00e7as \u2014 Parte II\"}]},{\"@type\":\"WebSite\",\"@id\":\"https:\/\/jornalfatosenoticias.com.br\/#website\",\"url\":\"https:\/\/jornalfatosenoticias.com.br\/\",\"name\":\"Jornal Fatos e Not\u00edcias\",\"description\":\"Not\u00edcias em geral\",\"publisher\":{\"@id\":\"https:\/\/jornalfatosenoticias.com.br\/#organization\"},\"potentialAction\":[{\"@type\":\"SearchAction\",\"target\":{\"@type\":\"EntryPoint\",\"urlTemplate\":\"https:\/\/jornalfatosenoticias.com.br\/?s={search_term_string}\"},\"query-input\":{\"@type\":\"PropertyValueSpecification\",\"valueRequired\":true,\"valueName\":\"search_term_string\"}}],\"inLanguage\":\"pt-BR\"},{\"@type\":\"Organization\",\"@id\":\"https:\/\/jornalfatosenoticias.com.br\/#organization\",\"name\":\"Jornal Fatos e Not\u00edcias\",\"url\":\"https:\/\/jornalfatosenoticias.com.br\/\",\"logo\":{\"@type\":\"ImageObject\",\"inLanguage\":\"pt-BR\",\"@id\":\"https:\/\/jornalfatosenoticias.com.br\/#\/schema\/logo\/image\/\",\"url\":\"https:\/\/jornalfatosenoticias.com.br\/wp-content\/uploads\/2020\/02\/logo120.png\",\"contentUrl\":\"https:\/\/jornalfatosenoticias.com.br\/wp-content\/uploads\/2020\/02\/logo120.png\",\"width\":1227,\"height\":120,\"caption\":\"Jornal Fatos e Not\u00edcias\"},\"image\":{\"@id\":\"https:\/\/jornalfatosenoticias.com.br\/#\/schema\/logo\/image\/\"}},{\"@type\":\"Person\",\"@id\":\"https:\/\/jornalfatosenoticias.com.br\/#\/schema\/person\/c33fcf5fb02d729d3fec92c6737a22d1\",\"name\":\"Ana Maria Iencarelli\",\"image\":{\"@type\":\"ImageObject\",\"inLanguage\":\"pt-BR\",\"@id\":\"https:\/\/jornalfatosenoticias.com.br\/#\/schema\/person\/image\/\",\"url\":\"https:\/\/jornalfatosenoticias.com.br\/wp-content\/uploads\/2020\/02\/Ana-Maria-Iencarelli-1-150x150.jpg\",\"contentUrl\":\"https:\/\/jornalfatosenoticias.com.br\/wp-content\/uploads\/2020\/02\/Ana-Maria-Iencarelli-1-150x150.jpg\",\"caption\":\"Ana Maria Iencarelli\"},\"description\":\"Psicanalista Cl\u00ednica, especializada no atendimento a Crian\u00e7as e Adolescentes. Presidente da ONG Vozes de Anjos.\",\"url\":\"https:\/\/jornalfatosenoticias.com.br\/index.php\/author\/anamaria\/\"}]}<\/script>\n<!-- \/ Yoast SEO plugin. -->","yoast_head_json":{"title":"Pai, genitor, padrasto, av\u00f4 tio, e suas Crian\u00e7as \u2014 Parte II - Jornal Fatos e Not\u00edcias","robots":{"index":"index","follow":"follow","max-snippet":"max-snippet:-1","max-image-preview":"max-image-preview:large","max-video-preview":"max-video-preview:-1"},"canonical":"https:\/\/jornalfatosenoticias.com.br\/index.php\/2023\/05\/26\/pai-genitor-padrasto-avo-tio-e-suas-criancas-parte-ii\/","og_locale":"pt_BR","og_type":"article","og_title":"Pai, genitor, padrasto, av\u00f4 tio, e suas Crian\u00e7as \u2014 Parte II - Jornal Fatos e Not\u00edcias","og_description":"Um pai n\u00e3o maltrata um filho para atingir a m\u00e3e. E, se um pai viola as necessidades de cuidado de seu filhote, ele est\u00e1 rasgando a certid\u00e3o de pai Pediram-me para incluir os primos. Se sairmos da consanguinidade e da conjugalidade do casal, ainda t\u00eam os padrinhos, os amig\u00f5es dos pais e os religiosos \u2014 [&hellip;]","og_url":"https:\/\/jornalfatosenoticias.com.br\/index.php\/2023\/05\/26\/pai-genitor-padrasto-avo-tio-e-suas-criancas-parte-ii\/","og_site_name":"Jornal Fatos e Not\u00edcias","article_published_time":"2023-05-26T18:42:45+00:00","article_modified_time":"2023-05-26T18:42:46+00:00","og_image":[{"width":1000,"height":562,"url":"https:\/\/jornalfatosenoticias.com.br\/wp-content\/uploads\/2023\/05\/violencia-domestica-e-infantil.jpg","type":"image\/jpeg"}],"author":"Ana Maria Iencarelli","twitter_card":"summary_large_image","twitter_misc":{"Escrito por":"Ana Maria Iencarelli","Est. tempo de leitura":"5 minutos"},"schema":{"@context":"https:\/\/schema.org","@graph":[{"@type":"Article","@id":"https:\/\/jornalfatosenoticias.com.br\/index.php\/2023\/05\/26\/pai-genitor-padrasto-avo-tio-e-suas-criancas-parte-ii\/#article","isPartOf":{"@id":"https:\/\/jornalfatosenoticias.com.br\/index.php\/2023\/05\/26\/pai-genitor-padrasto-avo-tio-e-suas-criancas-parte-ii\/"},"author":{"name":"Ana Maria Iencarelli","@id":"https:\/\/jornalfatosenoticias.com.br\/#\/schema\/person\/c33fcf5fb02d729d3fec92c6737a22d1"},"headline":"Pai, genitor, padrasto, av\u00f4 tio, e suas Crian\u00e7as \u2014 Parte II","datePublished":"2023-05-26T18:42:45+00:00","dateModified":"2023-05-26T18:42:46+00:00","mainEntityOfPage":{"@id":"https:\/\/jornalfatosenoticias.com.br\/index.php\/2023\/05\/26\/pai-genitor-padrasto-avo-tio-e-suas-criancas-parte-ii\/"},"wordCount":992,"commentCount":0,"publisher":{"@id":"https:\/\/jornalfatosenoticias.com.br\/#organization"},"image":{"@id":"https:\/\/jornalfatosenoticias.com.br\/index.php\/2023\/05\/26\/pai-genitor-padrasto-avo-tio-e-suas-criancas-parte-ii\/#primaryimage"},"thumbnailUrl":"https:\/\/jornalfatosenoticias.com.br\/wp-content\/uploads\/2023\/05\/violencia-domestica-e-infantil.jpg","keywords":["crian\u00e7a","genitor","maternidade","paternidade","poder","vulnerabilidade","vulnerabilidade infantil"],"articleSection":["Comportamento &amp; Equil\u00edbrio"],"inLanguage":"pt-BR","potentialAction":[{"@type":"CommentAction","name":"Comment","target":["https:\/\/jornalfatosenoticias.com.br\/index.php\/2023\/05\/26\/pai-genitor-padrasto-avo-tio-e-suas-criancas-parte-ii\/#respond"]}]},{"@type":"WebPage","@id":"https:\/\/jornalfatosenoticias.com.br\/index.php\/2023\/05\/26\/pai-genitor-padrasto-avo-tio-e-suas-criancas-parte-ii\/","url":"https:\/\/jornalfatosenoticias.com.br\/index.php\/2023\/05\/26\/pai-genitor-padrasto-avo-tio-e-suas-criancas-parte-ii\/","name":"Pai, genitor, padrasto, av\u00f4 tio, e suas Crian\u00e7as \u2014 Parte II - Jornal Fatos e Not\u00edcias","isPartOf":{"@id":"https:\/\/jornalfatosenoticias.com.br\/#website"},"primaryImageOfPage":{"@id":"https:\/\/jornalfatosenoticias.com.br\/index.php\/2023\/05\/26\/pai-genitor-padrasto-avo-tio-e-suas-criancas-parte-ii\/#primaryimage"},"image":{"@id":"https:\/\/jornalfatosenoticias.com.br\/index.php\/2023\/05\/26\/pai-genitor-padrasto-avo-tio-e-suas-criancas-parte-ii\/#primaryimage"},"thumbnailUrl":"https:\/\/jornalfatosenoticias.com.br\/wp-content\/uploads\/2023\/05\/violencia-domestica-e-infantil.jpg","datePublished":"2023-05-26T18:42:45+00:00","dateModified":"2023-05-26T18:42:46+00:00","breadcrumb":{"@id":"https:\/\/jornalfatosenoticias.com.br\/index.php\/2023\/05\/26\/pai-genitor-padrasto-avo-tio-e-suas-criancas-parte-ii\/#breadcrumb"},"inLanguage":"pt-BR","potentialAction":[{"@type":"ReadAction","target":["https:\/\/jornalfatosenoticias.com.br\/index.php\/2023\/05\/26\/pai-genitor-padrasto-avo-tio-e-suas-criancas-parte-ii\/"]}]},{"@type":"ImageObject","inLanguage":"pt-BR","@id":"https:\/\/jornalfatosenoticias.com.br\/index.php\/2023\/05\/26\/pai-genitor-padrasto-avo-tio-e-suas-criancas-parte-ii\/#primaryimage","url":"https:\/\/jornalfatosenoticias.com.br\/wp-content\/uploads\/2023\/05\/violencia-domestica-e-infantil.jpg","contentUrl":"https:\/\/jornalfatosenoticias.com.br\/wp-content\/uploads\/2023\/05\/violencia-domestica-e-infantil.jpg","width":1000,"height":562},{"@type":"BreadcrumbList","@id":"https:\/\/jornalfatosenoticias.com.br\/index.php\/2023\/05\/26\/pai-genitor-padrasto-avo-tio-e-suas-criancas-parte-ii\/#breadcrumb","itemListElement":[{"@type":"ListItem","position":1,"name":"In\u00edcio","item":"https:\/\/jornalfatosenoticias.com.br\/"},{"@type":"ListItem","position":2,"name":"Pai, genitor, padrasto, av\u00f4 tio, e suas Crian\u00e7as \u2014 Parte II"}]},{"@type":"WebSite","@id":"https:\/\/jornalfatosenoticias.com.br\/#website","url":"https:\/\/jornalfatosenoticias.com.br\/","name":"Jornal Fatos e Not\u00edcias","description":"Not\u00edcias em geral","publisher":{"@id":"https:\/\/jornalfatosenoticias.com.br\/#organization"},"potentialAction":[{"@type":"SearchAction","target":{"@type":"EntryPoint","urlTemplate":"https:\/\/jornalfatosenoticias.com.br\/?s={search_term_string}"},"query-input":{"@type":"PropertyValueSpecification","valueRequired":true,"valueName":"search_term_string"}}],"inLanguage":"pt-BR"},{"@type":"Organization","@id":"https:\/\/jornalfatosenoticias.com.br\/#organization","name":"Jornal Fatos e Not\u00edcias","url":"https:\/\/jornalfatosenoticias.com.br\/","logo":{"@type":"ImageObject","inLanguage":"pt-BR","@id":"https:\/\/jornalfatosenoticias.com.br\/#\/schema\/logo\/image\/","url":"https:\/\/jornalfatosenoticias.com.br\/wp-content\/uploads\/2020\/02\/logo120.png","contentUrl":"https:\/\/jornalfatosenoticias.com.br\/wp-content\/uploads\/2020\/02\/logo120.png","width":1227,"height":120,"caption":"Jornal Fatos e Not\u00edcias"},"image":{"@id":"https:\/\/jornalfatosenoticias.com.br\/#\/schema\/logo\/image\/"}},{"@type":"Person","@id":"https:\/\/jornalfatosenoticias.com.br\/#\/schema\/person\/c33fcf5fb02d729d3fec92c6737a22d1","name":"Ana Maria Iencarelli","image":{"@type":"ImageObject","inLanguage":"pt-BR","@id":"https:\/\/jornalfatosenoticias.com.br\/#\/schema\/person\/image\/","url":"https:\/\/jornalfatosenoticias.com.br\/wp-content\/uploads\/2020\/02\/Ana-Maria-Iencarelli-1-150x150.jpg","contentUrl":"https:\/\/jornalfatosenoticias.com.br\/wp-content\/uploads\/2020\/02\/Ana-Maria-Iencarelli-1-150x150.jpg","caption":"Ana Maria Iencarelli"},"description":"Psicanalista Cl\u00ednica, especializada no atendimento a Crian\u00e7as e Adolescentes. Presidente da ONG Vozes de Anjos.","url":"https:\/\/jornalfatosenoticias.com.br\/index.php\/author\/anamaria\/"}]}},"cc_featured_image_caption":{"caption_text":"(Foto: AzMina) ","source_text":"","source_url":""},"jetpack_featured_media_url":"https:\/\/jornalfatosenoticias.com.br\/wp-content\/uploads\/2023\/05\/violencia-domestica-e-infantil.jpg","_links":{"self":[{"href":"https:\/\/jornalfatosenoticias.com.br\/index.php\/wp-json\/wp\/v2\/posts\/41781","targetHints":{"allow":["GET"]}}],"collection":[{"href":"https:\/\/jornalfatosenoticias.com.br\/index.php\/wp-json\/wp\/v2\/posts"}],"about":[{"href":"https:\/\/jornalfatosenoticias.com.br\/index.php\/wp-json\/wp\/v2\/types\/post"}],"author":[{"embeddable":true,"href":"https:\/\/jornalfatosenoticias.com.br\/index.php\/wp-json\/wp\/v2\/users\/8"}],"replies":[{"embeddable":true,"href":"https:\/\/jornalfatosenoticias.com.br\/index.php\/wp-json\/wp\/v2\/comments?post=41781"}],"version-history":[{"count":0,"href":"https:\/\/jornalfatosenoticias.com.br\/index.php\/wp-json\/wp\/v2\/posts\/41781\/revisions"}],"wp:featuredmedia":[{"embeddable":true,"href":"https:\/\/jornalfatosenoticias.com.br\/index.php\/wp-json\/wp\/v2\/media\/41784"}],"wp:attachment":[{"href":"https:\/\/jornalfatosenoticias.com.br\/index.php\/wp-json\/wp\/v2\/media?parent=41781"}],"wp:term":[{"taxonomy":"category","embeddable":true,"href":"https:\/\/jornalfatosenoticias.com.br\/index.php\/wp-json\/wp\/v2\/categories?post=41781"},{"taxonomy":"post_tag","embeddable":true,"href":"https:\/\/jornalfatosenoticias.com.br\/index.php\/wp-json\/wp\/v2\/tags?post=41781"}],"curies":[{"name":"wp","href":"https:\/\/api.w.org\/{rel}","templated":true}]}}