{"id":41810,"date":"2023-05-26T16:44:34","date_gmt":"2023-05-26T19:44:34","guid":{"rendered":"https:\/\/jornalfatosenoticias.com.br\/?p=41810"},"modified":"2023-05-26T16:44:35","modified_gmt":"2023-05-26T19:44:35","slug":"rota-de-sao-benedito-vence-premio-tomie-ohtake-e-ganha-projecao-nacional","status":"publish","type":"post","link":"https:\/\/jornalfatosenoticias.com.br\/index.php\/2023\/05\/26\/rota-de-sao-benedito-vence-premio-tomie-ohtake-e-ganha-projecao-nacional\/","title":{"rendered":"Rota de S\u00e3o Benedito vence Pr\u00eamio Tomie Ohtake e ganha proje\u00e7\u00e3o nacional"},"content":{"rendered":"\n<p><em><span class=\"has-inline-color has-black-color\">Por <strong>Edlamara Conti<\/strong><\/span><\/em><\/p>\n\n\n\n<div class=\"wp-block-image\"><figure class=\"aligncenter size-large\"><img loading=\"lazy\" decoding=\"async\" width=\"1024\" height=\"110\" src=\"https:\/\/jornalfatosenoticias.com.br\/wp-content\/uploads\/2022\/10\/Arte-jornal-Zucchi-1120x120_Prancheta-1-1024x110.jpg\" alt=\"\" class=\"wp-image-34772\" srcset=\"https:\/\/jornalfatosenoticias.com.br\/wp-content\/uploads\/2022\/10\/Arte-jornal-Zucchi-1120x120_Prancheta-1-1024x110.jpg 1024w, https:\/\/jornalfatosenoticias.com.br\/wp-content\/uploads\/2022\/10\/Arte-jornal-Zucchi-1120x120_Prancheta-1-300x32.jpg 300w, https:\/\/jornalfatosenoticias.com.br\/wp-content\/uploads\/2022\/10\/Arte-jornal-Zucchi-1120x120_Prancheta-1-768x82.jpg 768w, https:\/\/jornalfatosenoticias.com.br\/wp-content\/uploads\/2022\/10\/Arte-jornal-Zucchi-1120x120_Prancheta-1-1536x165.jpg 1536w, https:\/\/jornalfatosenoticias.com.br\/wp-content\/uploads\/2022\/10\/Arte-jornal-Zucchi-1120x120_Prancheta-1-2048x219.jpg 2048w\" sizes=\"auto, (max-width: 1024px) 100vw, 1024px\" \/><\/figure><\/div>\n\n\n\n<p>H\u00e1 um ano, moradores de Vit\u00f3ria t\u00eam se deslumbrado com as paisagens e hist\u00f3rias da Rota de S\u00e3o Benedito. Agora, esse grande projeto que articula arte, cultura, envolvimento comunit\u00e1rio e desenvolvimento econ\u00f4mico ganhou proje\u00e7\u00e3o nacional ao vencer o Pr\u00eamio Tomie Ohtake de Arquitetura Akzonobel, na categoria profissional.<br>O processo de cria\u00e7\u00e3o da Rota, os resultados no territ\u00f3rio e os atrativos do trajeto est\u00e3o expostos na galeria do Instituto Tomie Ohtake, em S\u00e3o Paulo, e ficar\u00e3o em cartaz at\u00e9 o dia 2 de julho. <\/p>\n\n\n\n<div class=\"wp-block-image\"><figure class=\"aligncenter size-large\"><img loading=\"lazy\" decoding=\"async\" width=\"300\" height=\"250\" src=\"https:\/\/jornalfatosenoticias.com.br\/wp-content\/uploads\/2022\/08\/arte-Casarao.jpg\" alt=\"\" class=\"wp-image-33178\"\/><\/figure><\/div>\n\n\n\n<p>A Rota de Turismo Comunit\u00e1rio de S\u00e3o Benedito \u00e9 um percurso rico em hist\u00f3ria e cultura, contadas pelos moradores e por pain\u00e9is art\u00edsticos gigantes. O roteiro tem pouco mais de um quil\u00f4metro de extens\u00e3o e leva ao Farol Morro Grande ou Farol de S\u00e3o Benedito, que fica a 208m de altitude, de onde se pode apreciar uma vista de 360\u00ba para a Grande Vit\u00f3ria.<br>O local j\u00e1 atraia ciclistas, mochileiros, ambientalistas e universit\u00e1rios, pessoas interessadas na paisagem, na \u00e1rea verde e no Farol de S\u00e3o Benedito, antes mesmo de a rota ser criada. <\/p>\n\n\n\n<div class=\"wp-block-image\"><figure class=\"aligncenter size-large is-resized\"><img loading=\"lazy\" decoding=\"async\" src=\"https:\/\/jornalfatosenoticias.com.br\/wp-content\/uploads\/2023\/03\/Crypton-1000-\u00d7-900-px-300x270-1.png\" alt=\"\" class=\"wp-image-40206\" width=\"248\" height=\"223\"\/><\/figure><\/div>\n\n\n\n<blockquote class=\"wp-block-quote is-layout-flow wp-block-quote-is-layout-flow\"><p><span class=\"has-inline-color has-luminous-vivid-orange-color\">Quando falamos que nossa prioridade \u00e9 cuidar das pessoas e da cidade, estamos falando de investir em projetos como esse. Identificamos a oportunidade de movimentar os pequenos neg\u00f3cios locais, potencializar o turismo e melhorar a vida dos moradores, que passam a ser vistos com a grandeza de suas hist\u00f3rias e feitos&#8221;, diz o secret\u00e1rio municipal de Cidadania, Direitos Humanos e Trabalho, Diego Libardi.<\/span><\/p><\/blockquote>\n\n\n\n<div class=\"wp-block-image\"><figure class=\"aligncenter size-large is-resized\"><img loading=\"lazy\" decoding=\"async\" src=\"https:\/\/jornalfatosenoticias.com.br\/wp-content\/uploads\/2023\/04\/Logo_MasterMind.jpg\" alt=\"\" class=\"wp-image-40974\" width=\"263\" height=\"191\"\/><\/figure><\/div>\n\n\n\n<p>O projeto foi idealizado pelo Ateli\u00ea de Ideias, dentro do Projeto Economia do Bem, e desenvolvido com recursos da Prefeitura de Vit\u00f3ria, por meio do Fundo Municipal de Prote\u00e7\u00e3o e Defesa do Consumidor. A gest\u00e3o dos recursos ficou a cargo da Ger\u00eancia de Qualifica\u00e7\u00e3o do Trabalhador da Secretaria Municipal de Cidadania, Direitos Humanos e Trabalho (Semcid).<\/p>\n\n\n\n<div class=\"wp-block-image\"><figure class=\"aligncenter size-large is-resized\"><img loading=\"lazy\" decoding=\"async\" src=\"https:\/\/jornalfatosenoticias.com.br\/wp-content\/uploads\/2022\/02\/Precisao-Contabilidade-1024x724.jpg\" alt=\"\" class=\"wp-image-28088\" width=\"308\" height=\"218\"\/><\/figure><\/div>\n\n\n\n<blockquote class=\"wp-block-quote is-layout-flow wp-block-quote-is-layout-flow\"><p><span class=\"has-inline-color has-luminous-vivid-orange-color\">Onde muitas pessoas v\u00eam lazer e turismo, n\u00f3s vemos qualifica\u00e7\u00e3o profissional, dinamiza\u00e7\u00e3o da economia local, sustentabilidade e aperfei\u00e7oamento das rela\u00e7\u00f5es de consumo. Estamos orgulhosos de ter investido nesse projeto e esperamos continuar fomentando iniciativas dessa natureza&#8221;, diz a gerente de Qualifica\u00e7\u00e3o do Trabalhador da Semcid, Thalyta Coutinho.<\/span><\/p><\/blockquote>\n\n\n\n<div class=\"wp-block-image\"><figure class=\"aligncenter size-large\"><img loading=\"lazy\" decoding=\"async\" width=\"1024\" height=\"99\" src=\"https:\/\/jornalfatosenoticias.com.br\/wp-content\/uploads\/2020\/02\/Logo-Mizu-segunda-2-1024x99.png\" alt=\"\" class=\"wp-image-2353\" srcset=\"https:\/\/jornalfatosenoticias.com.br\/wp-content\/uploads\/2020\/02\/Logo-Mizu-segunda-2-1024x99.png 1024w, https:\/\/jornalfatosenoticias.com.br\/wp-content\/uploads\/2020\/02\/Logo-Mizu-segunda-2-300x29.png 300w, https:\/\/jornalfatosenoticias.com.br\/wp-content\/uploads\/2020\/02\/Logo-Mizu-segunda-2-768x74.png 768w, https:\/\/jornalfatosenoticias.com.br\/wp-content\/uploads\/2020\/02\/Logo-Mizu-segunda-2.png 1240w\" sizes=\"auto, (max-width: 1024px) 100vw, 1024px\" \/><\/figure><\/div>\n\n\n\n<p>A concep\u00e7\u00e3o dos murais, sinaliza\u00e7\u00e3o, mobili\u00e1rio e do \u00e1udio tour foi desenvolvida pela Cidade Quintal, uma organiza\u00e7\u00e3o criada em 2016, voltada para o fortalecimento de comunidades e requalifica\u00e7\u00e3o de espa\u00e7os urbanos por meio da arte, do design e do urbanismo colaborativo.<\/p>\n\n\n\n<div class=\"wp-block-image\"><figure class=\"aligncenter size-large is-resized\"><img loading=\"lazy\" decoding=\"async\" src=\"https:\/\/jornalfatosenoticias.com.br\/wp-content\/uploads\/2020\/02\/logo-embacia.jpg\" alt=\"\" class=\"wp-image-33905\" width=\"249\" height=\"249\"\/><\/figure><\/div>\n\n\n\n<p><strong><span class=\"has-inline-color has-black-color\">Pr\u00eamio Tomie Ohtake de Arquitetura Akzonobel<br><\/span><\/strong>Segundo o Instituto Tomie Ohtake, o pr\u00eamio visa reconhecer formas inovadoras de pensar e construir o espa\u00e7o social, que contribuam para a arquitetura nacional atual nos seus mais variados contextos.<\/p>\n\n\n\n<blockquote class=\"wp-block-quote is-layout-flow wp-block-quote-is-layout-flow\"><p><span class=\"has-inline-color has-luminous-vivid-orange-color\">A Rota de S\u00e3o Benedito tem esse potencial. Ela partiu de uma demanda dos moradores para a transforma\u00e7\u00e3o do territ\u00f3rio, foi uma constru\u00e7\u00e3o gradual e cont\u00ednua&#8221;, explica Juliana Lisboa, diretora executiva da Cidade Quintal. &#8220;\u00c9 motivo de orgulho para n\u00f3s, que somos uma pequena organiza\u00e7\u00e3o fora do eixo Rio-S\u00e3o Paulo&#8221;, comemora.<\/span><\/p><\/blockquote>\n\n\n\n<div class=\"wp-block-image\"><figure class=\"aligncenter size-large is-resized\"><img loading=\"lazy\" decoding=\"async\" src=\"https:\/\/jornalfatosenoticias.com.br\/wp-content\/uploads\/2023\/03\/logo-Panper_portal.jpg\" alt=\"\" class=\"wp-image-40208\" width=\"269\" height=\"186\" srcset=\"https:\/\/jornalfatosenoticias.com.br\/wp-content\/uploads\/2023\/03\/logo-Panper_portal.jpg 400w, https:\/\/jornalfatosenoticias.com.br\/wp-content\/uploads\/2023\/03\/logo-Panper_portal-300x208.jpg 300w\" sizes=\"auto, (max-width: 269px) 100vw, 269px\" \/><\/figure><\/div>\n\n\n\n<p>Junto com a Rota de S\u00e3o Benedito, dois outros projetos venceram na categoria profissional: Casar\u00e3o 28, de Salvador (BA), e Centro de Refer\u00eancia Quebradeiras de Baba\u00e7u, do Povoado de Sumauma, em Vit\u00f3ria do Mearim (MA). Os trabalhos vencedores e os selecionados nas categorias profissional e acad\u00eamica, al\u00e9m das men\u00e7\u00f5es honrosas, comp\u00f5em a exposi\u00e7\u00e3o e o cat\u00e1logo do Instituto Tomie Ohtake.<\/p>\n\n\n\n<div class=\"wp-block-image\"><figure class=\"aligncenter size-large is-resized\"><img loading=\"lazy\" decoding=\"async\" src=\"https:\/\/jornalfatosenoticias.com.br\/wp-content\/uploads\/2022\/02\/FERRARI_MAQUINAS-E-FERRAMENTAS2.jpg\" alt=\"\" class=\"wp-image-27860\" width=\"264\" height=\"220\"\/><\/figure><\/div>\n\n\n\n<p><span class=\"has-inline-color has-vivid-red-color\"><span style=\"text-decoration: underline;\"><strong>Servi\u00e7o<\/strong><br><\/span><\/span>Rota de S\u00e3o Benedito no 9\u00ba Pr\u00eamio Tomie Ohtake de Arquitetura Akzonobel<br>Visita\u00e7\u00e3o at\u00e9 o dia 2 de julho<br>Av. Brigadeiro Faria Lima, 201, Pinheiros, em S\u00e3o Paulo (SP)<\/p>\n\n\n\n<p><strong><em>Fonte: <a href=\"https:\/\/www.vitoria.es.gov.br\/noticia\/rota-de-sao-benedito-vence-premio-tomie-ohtake-e-ganha-projecao-nacional-47734\">PMV<\/a><\/em><\/strong><\/p>\n","protected":false},"excerpt":{"rendered":"<p>Por Edlamara Conti H\u00e1 um ano, moradores de Vit\u00f3ria t\u00eam se deslumbrado com as paisagens e hist\u00f3rias da Rota de S\u00e3o Benedito. Agora, esse grande projeto que articula arte, cultura, envolvimento comunit\u00e1rio e desenvolvimento econ\u00f4mico ganhou proje\u00e7\u00e3o nacional ao vencer o Pr\u00eamio Tomie Ohtake de Arquitetura Akzonobel, na categoria profissional.O processo de cria\u00e7\u00e3o da Rota, [&hellip;]<\/p>\n","protected":false},"author":2,"featured_media":41811,"comment_status":"open","ping_status":"open","sticky":false,"template":"","format":"standard","meta":{"footnotes":""},"categories":[744],"tags":[19668,19671,19669,19670,882],"class_list":["post-41810","post","type-post","status-publish","format-standard","has-post-thumbnail","hentry","category-arq-urbanismo","tag-premio-tomie-ohtake","tag-premio-tomie-ohtake-de-arquitetura-akzonobel","tag-projecao-nacional","tag-rota-de-sao-benedito","tag-vitoria"],"yoast_head":"<!-- This site is optimized with the Yoast SEO plugin v26.5 - https:\/\/yoast.com\/wordpress\/plugins\/seo\/ -->\n<title>Rota de S\u00e3o Benedito vence Pr\u00eamio Tomie Ohtake e ganha proje\u00e7\u00e3o nacional - Jornal Fatos e Not\u00edcias<\/title>\n<meta name=\"robots\" content=\"index, follow, max-snippet:-1, max-image-preview:large, max-video-preview:-1\" \/>\n<link rel=\"canonical\" href=\"https:\/\/jornalfatosenoticias.com.br\/index.php\/2023\/05\/26\/rota-de-sao-benedito-vence-premio-tomie-ohtake-e-ganha-projecao-nacional\/\" \/>\n<meta property=\"og:locale\" content=\"pt_BR\" \/>\n<meta property=\"og:type\" content=\"article\" \/>\n<meta property=\"og:title\" content=\"Rota de S\u00e3o Benedito vence Pr\u00eamio Tomie Ohtake e ganha proje\u00e7\u00e3o nacional - Jornal Fatos e Not\u00edcias\" \/>\n<meta property=\"og:description\" content=\"Por Edlamara Conti H\u00e1 um ano, moradores de Vit\u00f3ria t\u00eam se deslumbrado com as paisagens e hist\u00f3rias da Rota de S\u00e3o Benedito. Agora, esse grande projeto que articula arte, cultura, envolvimento comunit\u00e1rio e desenvolvimento econ\u00f4mico ganhou proje\u00e7\u00e3o nacional ao vencer o Pr\u00eamio Tomie Ohtake de Arquitetura Akzonobel, na categoria profissional.O processo de cria\u00e7\u00e3o da Rota, [&hellip;]\" \/>\n<meta property=\"og:url\" content=\"https:\/\/jornalfatosenoticias.com.br\/index.php\/2023\/05\/26\/rota-de-sao-benedito-vence-premio-tomie-ohtake-e-ganha-projecao-nacional\/\" \/>\n<meta property=\"og:site_name\" content=\"Jornal Fatos e Not\u00edcias\" \/>\n<meta property=\"article:published_time\" content=\"2023-05-26T19:44:34+00:00\" \/>\n<meta property=\"article:modified_time\" content=\"2023-05-26T19:44:35+00:00\" \/>\n<meta property=\"og:image\" content=\"https:\/\/jornalfatosenoticias.com.br\/wp-content\/uploads\/2023\/05\/PREMIO-TOMIE-OHTAKE_VITORIA.jpg\" \/>\n\t<meta property=\"og:image:width\" content=\"1000\" \/>\n\t<meta property=\"og:image:height\" content=\"361\" \/>\n\t<meta property=\"og:image:type\" content=\"image\/jpeg\" \/>\n<meta name=\"author\" content=\"Luzimara Fernandes\" \/>\n<meta name=\"twitter:card\" content=\"summary_large_image\" \/>\n<meta name=\"twitter:label1\" content=\"Escrito por\" \/>\n\t<meta name=\"twitter:data1\" content=\"Luzimara Fernandes\" \/>\n\t<meta name=\"twitter:label2\" content=\"Est. tempo de leitura\" \/>\n\t<meta name=\"twitter:data2\" content=\"3 minutos\" \/>\n<script type=\"application\/ld+json\" class=\"yoast-schema-graph\">{\"@context\":\"https:\/\/schema.org\",\"@graph\":[{\"@type\":\"Article\",\"@id\":\"https:\/\/jornalfatosenoticias.com.br\/index.php\/2023\/05\/26\/rota-de-sao-benedito-vence-premio-tomie-ohtake-e-ganha-projecao-nacional\/#article\",\"isPartOf\":{\"@id\":\"https:\/\/jornalfatosenoticias.com.br\/index.php\/2023\/05\/26\/rota-de-sao-benedito-vence-premio-tomie-ohtake-e-ganha-projecao-nacional\/\"},\"author\":{\"name\":\"Luzimara Fernandes\",\"@id\":\"https:\/\/jornalfatosenoticias.com.br\/#\/schema\/person\/d63837fa13ac8666eb9e74e0985d6f81\"},\"headline\":\"Rota de S\u00e3o Benedito vence Pr\u00eamio Tomie Ohtake e ganha proje\u00e7\u00e3o nacional\",\"datePublished\":\"2023-05-26T19:44:34+00:00\",\"dateModified\":\"2023-05-26T19:44:35+00:00\",\"mainEntityOfPage\":{\"@id\":\"https:\/\/jornalfatosenoticias.com.br\/index.php\/2023\/05\/26\/rota-de-sao-benedito-vence-premio-tomie-ohtake-e-ganha-projecao-nacional\/\"},\"wordCount\":640,\"commentCount\":0,\"publisher\":{\"@id\":\"https:\/\/jornalfatosenoticias.com.br\/#organization\"},\"image\":{\"@id\":\"https:\/\/jornalfatosenoticias.com.br\/index.php\/2023\/05\/26\/rota-de-sao-benedito-vence-premio-tomie-ohtake-e-ganha-projecao-nacional\/#primaryimage\"},\"thumbnailUrl\":\"https:\/\/jornalfatosenoticias.com.br\/wp-content\/uploads\/2023\/05\/PREMIO-TOMIE-OHTAKE_VITORIA.jpg\",\"keywords\":[\"Pr\u00eamio Tomie Ohtake\",\"Pr\u00eamio Tomie Ohtake de Arquitetura Akzonobel\",\"proje\u00e7\u00e3o nacional\",\"Rota de S\u00e3o Benedito\",\"Vit\u00f3ria\"],\"articleSection\":[\"Arq &amp; Urb\"],\"inLanguage\":\"pt-BR\",\"potentialAction\":[{\"@type\":\"CommentAction\",\"name\":\"Comment\",\"target\":[\"https:\/\/jornalfatosenoticias.com.br\/index.php\/2023\/05\/26\/rota-de-sao-benedito-vence-premio-tomie-ohtake-e-ganha-projecao-nacional\/#respond\"]}]},{\"@type\":\"WebPage\",\"@id\":\"https:\/\/jornalfatosenoticias.com.br\/index.php\/2023\/05\/26\/rota-de-sao-benedito-vence-premio-tomie-ohtake-e-ganha-projecao-nacional\/\",\"url\":\"https:\/\/jornalfatosenoticias.com.br\/index.php\/2023\/05\/26\/rota-de-sao-benedito-vence-premio-tomie-ohtake-e-ganha-projecao-nacional\/\",\"name\":\"Rota de S\u00e3o Benedito vence Pr\u00eamio Tomie Ohtake e ganha proje\u00e7\u00e3o nacional - Jornal Fatos e Not\u00edcias\",\"isPartOf\":{\"@id\":\"https:\/\/jornalfatosenoticias.com.br\/#website\"},\"primaryImageOfPage\":{\"@id\":\"https:\/\/jornalfatosenoticias.com.br\/index.php\/2023\/05\/26\/rota-de-sao-benedito-vence-premio-tomie-ohtake-e-ganha-projecao-nacional\/#primaryimage\"},\"image\":{\"@id\":\"https:\/\/jornalfatosenoticias.com.br\/index.php\/2023\/05\/26\/rota-de-sao-benedito-vence-premio-tomie-ohtake-e-ganha-projecao-nacional\/#primaryimage\"},\"thumbnailUrl\":\"https:\/\/jornalfatosenoticias.com.br\/wp-content\/uploads\/2023\/05\/PREMIO-TOMIE-OHTAKE_VITORIA.jpg\",\"datePublished\":\"2023-05-26T19:44:34+00:00\",\"dateModified\":\"2023-05-26T19:44:35+00:00\",\"breadcrumb\":{\"@id\":\"https:\/\/jornalfatosenoticias.com.br\/index.php\/2023\/05\/26\/rota-de-sao-benedito-vence-premio-tomie-ohtake-e-ganha-projecao-nacional\/#breadcrumb\"},\"inLanguage\":\"pt-BR\",\"potentialAction\":[{\"@type\":\"ReadAction\",\"target\":[\"https:\/\/jornalfatosenoticias.com.br\/index.php\/2023\/05\/26\/rota-de-sao-benedito-vence-premio-tomie-ohtake-e-ganha-projecao-nacional\/\"]}]},{\"@type\":\"ImageObject\",\"inLanguage\":\"pt-BR\",\"@id\":\"https:\/\/jornalfatosenoticias.com.br\/index.php\/2023\/05\/26\/rota-de-sao-benedito-vence-premio-tomie-ohtake-e-ganha-projecao-nacional\/#primaryimage\",\"url\":\"https:\/\/jornalfatosenoticias.com.br\/wp-content\/uploads\/2023\/05\/PREMIO-TOMIE-OHTAKE_VITORIA.jpg\",\"contentUrl\":\"https:\/\/jornalfatosenoticias.com.br\/wp-content\/uploads\/2023\/05\/PREMIO-TOMIE-OHTAKE_VITORIA.jpg\",\"width\":1000,\"height\":361,\"caption\":\"Rota de S\u00e3o Benedito vence Pr\u00eamio Tomie Ohtake e ganha proje\u00e7\u00e3o nacional\"},{\"@type\":\"BreadcrumbList\",\"@id\":\"https:\/\/jornalfatosenoticias.com.br\/index.php\/2023\/05\/26\/rota-de-sao-benedito-vence-premio-tomie-ohtake-e-ganha-projecao-nacional\/#breadcrumb\",\"itemListElement\":[{\"@type\":\"ListItem\",\"position\":1,\"name\":\"In\u00edcio\",\"item\":\"https:\/\/jornalfatosenoticias.com.br\/\"},{\"@type\":\"ListItem\",\"position\":2,\"name\":\"Rota de S\u00e3o Benedito vence Pr\u00eamio Tomie Ohtake e ganha proje\u00e7\u00e3o nacional\"}]},{\"@type\":\"WebSite\",\"@id\":\"https:\/\/jornalfatosenoticias.com.br\/#website\",\"url\":\"https:\/\/jornalfatosenoticias.com.br\/\",\"name\":\"Jornal Fatos e Not\u00edcias\",\"description\":\"Not\u00edcias em geral\",\"publisher\":{\"@id\":\"https:\/\/jornalfatosenoticias.com.br\/#organization\"},\"potentialAction\":[{\"@type\":\"SearchAction\",\"target\":{\"@type\":\"EntryPoint\",\"urlTemplate\":\"https:\/\/jornalfatosenoticias.com.br\/?s={search_term_string}\"},\"query-input\":{\"@type\":\"PropertyValueSpecification\",\"valueRequired\":true,\"valueName\":\"search_term_string\"}}],\"inLanguage\":\"pt-BR\"},{\"@type\":\"Organization\",\"@id\":\"https:\/\/jornalfatosenoticias.com.br\/#organization\",\"name\":\"Jornal Fatos e Not\u00edcias\",\"url\":\"https:\/\/jornalfatosenoticias.com.br\/\",\"logo\":{\"@type\":\"ImageObject\",\"inLanguage\":\"pt-BR\",\"@id\":\"https:\/\/jornalfatosenoticias.com.br\/#\/schema\/logo\/image\/\",\"url\":\"https:\/\/jornalfatosenoticias.com.br\/wp-content\/uploads\/2020\/02\/logo120.png\",\"contentUrl\":\"https:\/\/jornalfatosenoticias.com.br\/wp-content\/uploads\/2020\/02\/logo120.png\",\"width\":1227,\"height\":120,\"caption\":\"Jornal Fatos e Not\u00edcias\"},\"image\":{\"@id\":\"https:\/\/jornalfatosenoticias.com.br\/#\/schema\/logo\/image\/\"}},{\"@type\":\"Person\",\"@id\":\"https:\/\/jornalfatosenoticias.com.br\/#\/schema\/person\/d63837fa13ac8666eb9e74e0985d6f81\",\"name\":\"Luzimara Fernandes\",\"image\":{\"@type\":\"ImageObject\",\"inLanguage\":\"pt-BR\",\"@id\":\"https:\/\/jornalfatosenoticias.com.br\/#\/schema\/person\/image\/\",\"url\":\"https:\/\/jornalfatosenoticias.com.br\/wp-content\/uploads\/2025\/05\/EU_portal.jpg\",\"contentUrl\":\"https:\/\/jornalfatosenoticias.com.br\/wp-content\/uploads\/2025\/05\/EU_portal.jpg\",\"caption\":\"Luzimara Fernandes\"},\"description\":\"Jornalista MTB 2358-ES\",\"sameAs\":[\"https:\/\/jornalfatosenoticias.com.br\"],\"url\":\"https:\/\/jornalfatosenoticias.com.br\/index.php\/author\/luzimara\/\"}]}<\/script>\n<!-- \/ Yoast SEO plugin. -->","yoast_head_json":{"title":"Rota de S\u00e3o Benedito vence Pr\u00eamio Tomie Ohtake e ganha proje\u00e7\u00e3o nacional - Jornal Fatos e Not\u00edcias","robots":{"index":"index","follow":"follow","max-snippet":"max-snippet:-1","max-image-preview":"max-image-preview:large","max-video-preview":"max-video-preview:-1"},"canonical":"https:\/\/jornalfatosenoticias.com.br\/index.php\/2023\/05\/26\/rota-de-sao-benedito-vence-premio-tomie-ohtake-e-ganha-projecao-nacional\/","og_locale":"pt_BR","og_type":"article","og_title":"Rota de S\u00e3o Benedito vence Pr\u00eamio Tomie Ohtake e ganha proje\u00e7\u00e3o nacional - Jornal Fatos e Not\u00edcias","og_description":"Por Edlamara Conti H\u00e1 um ano, moradores de Vit\u00f3ria t\u00eam se deslumbrado com as paisagens e hist\u00f3rias da Rota de S\u00e3o Benedito. Agora, esse grande projeto que articula arte, cultura, envolvimento comunit\u00e1rio e desenvolvimento econ\u00f4mico ganhou proje\u00e7\u00e3o nacional ao vencer o Pr\u00eamio Tomie Ohtake de Arquitetura Akzonobel, na categoria profissional.O processo de cria\u00e7\u00e3o da Rota, [&hellip;]","og_url":"https:\/\/jornalfatosenoticias.com.br\/index.php\/2023\/05\/26\/rota-de-sao-benedito-vence-premio-tomie-ohtake-e-ganha-projecao-nacional\/","og_site_name":"Jornal Fatos e Not\u00edcias","article_published_time":"2023-05-26T19:44:34+00:00","article_modified_time":"2023-05-26T19:44:35+00:00","og_image":[{"width":1000,"height":361,"url":"https:\/\/jornalfatosenoticias.com.br\/wp-content\/uploads\/2023\/05\/PREMIO-TOMIE-OHTAKE_VITORIA.jpg","type":"image\/jpeg"}],"author":"Luzimara Fernandes","twitter_card":"summary_large_image","twitter_misc":{"Escrito por":"Luzimara Fernandes","Est. tempo de leitura":"3 minutos"},"schema":{"@context":"https:\/\/schema.org","@graph":[{"@type":"Article","@id":"https:\/\/jornalfatosenoticias.com.br\/index.php\/2023\/05\/26\/rota-de-sao-benedito-vence-premio-tomie-ohtake-e-ganha-projecao-nacional\/#article","isPartOf":{"@id":"https:\/\/jornalfatosenoticias.com.br\/index.php\/2023\/05\/26\/rota-de-sao-benedito-vence-premio-tomie-ohtake-e-ganha-projecao-nacional\/"},"author":{"name":"Luzimara Fernandes","@id":"https:\/\/jornalfatosenoticias.com.br\/#\/schema\/person\/d63837fa13ac8666eb9e74e0985d6f81"},"headline":"Rota de S\u00e3o Benedito vence Pr\u00eamio Tomie Ohtake e ganha proje\u00e7\u00e3o nacional","datePublished":"2023-05-26T19:44:34+00:00","dateModified":"2023-05-26T19:44:35+00:00","mainEntityOfPage":{"@id":"https:\/\/jornalfatosenoticias.com.br\/index.php\/2023\/05\/26\/rota-de-sao-benedito-vence-premio-tomie-ohtake-e-ganha-projecao-nacional\/"},"wordCount":640,"commentCount":0,"publisher":{"@id":"https:\/\/jornalfatosenoticias.com.br\/#organization"},"image":{"@id":"https:\/\/jornalfatosenoticias.com.br\/index.php\/2023\/05\/26\/rota-de-sao-benedito-vence-premio-tomie-ohtake-e-ganha-projecao-nacional\/#primaryimage"},"thumbnailUrl":"https:\/\/jornalfatosenoticias.com.br\/wp-content\/uploads\/2023\/05\/PREMIO-TOMIE-OHTAKE_VITORIA.jpg","keywords":["Pr\u00eamio Tomie Ohtake","Pr\u00eamio Tomie Ohtake de Arquitetura Akzonobel","proje\u00e7\u00e3o nacional","Rota de S\u00e3o Benedito","Vit\u00f3ria"],"articleSection":["Arq &amp; Urb"],"inLanguage":"pt-BR","potentialAction":[{"@type":"CommentAction","name":"Comment","target":["https:\/\/jornalfatosenoticias.com.br\/index.php\/2023\/05\/26\/rota-de-sao-benedito-vence-premio-tomie-ohtake-e-ganha-projecao-nacional\/#respond"]}]},{"@type":"WebPage","@id":"https:\/\/jornalfatosenoticias.com.br\/index.php\/2023\/05\/26\/rota-de-sao-benedito-vence-premio-tomie-ohtake-e-ganha-projecao-nacional\/","url":"https:\/\/jornalfatosenoticias.com.br\/index.php\/2023\/05\/26\/rota-de-sao-benedito-vence-premio-tomie-ohtake-e-ganha-projecao-nacional\/","name":"Rota de S\u00e3o Benedito vence Pr\u00eamio Tomie Ohtake e ganha proje\u00e7\u00e3o nacional - Jornal Fatos e Not\u00edcias","isPartOf":{"@id":"https:\/\/jornalfatosenoticias.com.br\/#website"},"primaryImageOfPage":{"@id":"https:\/\/jornalfatosenoticias.com.br\/index.php\/2023\/05\/26\/rota-de-sao-benedito-vence-premio-tomie-ohtake-e-ganha-projecao-nacional\/#primaryimage"},"image":{"@id":"https:\/\/jornalfatosenoticias.com.br\/index.php\/2023\/05\/26\/rota-de-sao-benedito-vence-premio-tomie-ohtake-e-ganha-projecao-nacional\/#primaryimage"},"thumbnailUrl":"https:\/\/jornalfatosenoticias.com.br\/wp-content\/uploads\/2023\/05\/PREMIO-TOMIE-OHTAKE_VITORIA.jpg","datePublished":"2023-05-26T19:44:34+00:00","dateModified":"2023-05-26T19:44:35+00:00","breadcrumb":{"@id":"https:\/\/jornalfatosenoticias.com.br\/index.php\/2023\/05\/26\/rota-de-sao-benedito-vence-premio-tomie-ohtake-e-ganha-projecao-nacional\/#breadcrumb"},"inLanguage":"pt-BR","potentialAction":[{"@type":"ReadAction","target":["https:\/\/jornalfatosenoticias.com.br\/index.php\/2023\/05\/26\/rota-de-sao-benedito-vence-premio-tomie-ohtake-e-ganha-projecao-nacional\/"]}]},{"@type":"ImageObject","inLanguage":"pt-BR","@id":"https:\/\/jornalfatosenoticias.com.br\/index.php\/2023\/05\/26\/rota-de-sao-benedito-vence-premio-tomie-ohtake-e-ganha-projecao-nacional\/#primaryimage","url":"https:\/\/jornalfatosenoticias.com.br\/wp-content\/uploads\/2023\/05\/PREMIO-TOMIE-OHTAKE_VITORIA.jpg","contentUrl":"https:\/\/jornalfatosenoticias.com.br\/wp-content\/uploads\/2023\/05\/PREMIO-TOMIE-OHTAKE_VITORIA.jpg","width":1000,"height":361,"caption":"Rota de S\u00e3o Benedito vence Pr\u00eamio Tomie Ohtake e ganha proje\u00e7\u00e3o nacional"},{"@type":"BreadcrumbList","@id":"https:\/\/jornalfatosenoticias.com.br\/index.php\/2023\/05\/26\/rota-de-sao-benedito-vence-premio-tomie-ohtake-e-ganha-projecao-nacional\/#breadcrumb","itemListElement":[{"@type":"ListItem","position":1,"name":"In\u00edcio","item":"https:\/\/jornalfatosenoticias.com.br\/"},{"@type":"ListItem","position":2,"name":"Rota de S\u00e3o Benedito vence Pr\u00eamio Tomie Ohtake e ganha proje\u00e7\u00e3o nacional"}]},{"@type":"WebSite","@id":"https:\/\/jornalfatosenoticias.com.br\/#website","url":"https:\/\/jornalfatosenoticias.com.br\/","name":"Jornal Fatos e Not\u00edcias","description":"Not\u00edcias em geral","publisher":{"@id":"https:\/\/jornalfatosenoticias.com.br\/#organization"},"potentialAction":[{"@type":"SearchAction","target":{"@type":"EntryPoint","urlTemplate":"https:\/\/jornalfatosenoticias.com.br\/?s={search_term_string}"},"query-input":{"@type":"PropertyValueSpecification","valueRequired":true,"valueName":"search_term_string"}}],"inLanguage":"pt-BR"},{"@type":"Organization","@id":"https:\/\/jornalfatosenoticias.com.br\/#organization","name":"Jornal Fatos e Not\u00edcias","url":"https:\/\/jornalfatosenoticias.com.br\/","logo":{"@type":"ImageObject","inLanguage":"pt-BR","@id":"https:\/\/jornalfatosenoticias.com.br\/#\/schema\/logo\/image\/","url":"https:\/\/jornalfatosenoticias.com.br\/wp-content\/uploads\/2020\/02\/logo120.png","contentUrl":"https:\/\/jornalfatosenoticias.com.br\/wp-content\/uploads\/2020\/02\/logo120.png","width":1227,"height":120,"caption":"Jornal Fatos e Not\u00edcias"},"image":{"@id":"https:\/\/jornalfatosenoticias.com.br\/#\/schema\/logo\/image\/"}},{"@type":"Person","@id":"https:\/\/jornalfatosenoticias.com.br\/#\/schema\/person\/d63837fa13ac8666eb9e74e0985d6f81","name":"Luzimara Fernandes","image":{"@type":"ImageObject","inLanguage":"pt-BR","@id":"https:\/\/jornalfatosenoticias.com.br\/#\/schema\/person\/image\/","url":"https:\/\/jornalfatosenoticias.com.br\/wp-content\/uploads\/2025\/05\/EU_portal.jpg","contentUrl":"https:\/\/jornalfatosenoticias.com.br\/wp-content\/uploads\/2025\/05\/EU_portal.jpg","caption":"Luzimara Fernandes"},"description":"Jornalista MTB 2358-ES","sameAs":["https:\/\/jornalfatosenoticias.com.br"],"url":"https:\/\/jornalfatosenoticias.com.br\/index.php\/author\/luzimara\/"}]}},"cc_featured_image_caption":{"caption_text":"(Foto: Radan Brendon\/PMV) ","source_text":"","source_url":""},"jetpack_featured_media_url":"https:\/\/jornalfatosenoticias.com.br\/wp-content\/uploads\/2023\/05\/PREMIO-TOMIE-OHTAKE_VITORIA.jpg","_links":{"self":[{"href":"https:\/\/jornalfatosenoticias.com.br\/index.php\/wp-json\/wp\/v2\/posts\/41810","targetHints":{"allow":["GET"]}}],"collection":[{"href":"https:\/\/jornalfatosenoticias.com.br\/index.php\/wp-json\/wp\/v2\/posts"}],"about":[{"href":"https:\/\/jornalfatosenoticias.com.br\/index.php\/wp-json\/wp\/v2\/types\/post"}],"author":[{"embeddable":true,"href":"https:\/\/jornalfatosenoticias.com.br\/index.php\/wp-json\/wp\/v2\/users\/2"}],"replies":[{"embeddable":true,"href":"https:\/\/jornalfatosenoticias.com.br\/index.php\/wp-json\/wp\/v2\/comments?post=41810"}],"version-history":[{"count":0,"href":"https:\/\/jornalfatosenoticias.com.br\/index.php\/wp-json\/wp\/v2\/posts\/41810\/revisions"}],"wp:featuredmedia":[{"embeddable":true,"href":"https:\/\/jornalfatosenoticias.com.br\/index.php\/wp-json\/wp\/v2\/media\/41811"}],"wp:attachment":[{"href":"https:\/\/jornalfatosenoticias.com.br\/index.php\/wp-json\/wp\/v2\/media?parent=41810"}],"wp:term":[{"taxonomy":"category","embeddable":true,"href":"https:\/\/jornalfatosenoticias.com.br\/index.php\/wp-json\/wp\/v2\/categories?post=41810"},{"taxonomy":"post_tag","embeddable":true,"href":"https:\/\/jornalfatosenoticias.com.br\/index.php\/wp-json\/wp\/v2\/tags?post=41810"}],"curies":[{"name":"wp","href":"https:\/\/api.w.org\/{rel}","templated":true}]}}