{"id":41831,"date":"2023-05-29T10:42:09","date_gmt":"2023-05-29T13:42:09","guid":{"rendered":"https:\/\/jornalfatosenoticias.com.br\/?p=41831"},"modified":"2023-05-29T10:42:10","modified_gmt":"2023-05-29T13:42:10","slug":"mata-atlantica-tem-maior-numero-de-especies-ameacadas-diz-pesquisa-do-ibge","status":"publish","type":"post","link":"https:\/\/jornalfatosenoticias.com.br\/index.php\/2023\/05\/29\/mata-atlantica-tem-maior-numero-de-especies-ameacadas-diz-pesquisa-do-ibge\/","title":{"rendered":"Mata Atl\u00e2ntica tem maior n\u00famero de esp\u00e9cies amea\u00e7adas, diz pesquisa do IBGE"},"content":{"rendered":"\n<p><em><span class=\"has-inline-color has-black-color\">IBGE avaliou 21.456 esp\u00e9cies de animais e plantas em todos os biomas<\/span><\/em><\/p>\n\n\n\n<p><em><span class=\"has-inline-color has-black-color\">Por <strong>Vitor Abdala<\/strong><\/span><\/em><\/p>\n\n\n\n<div class=\"wp-block-image\"><figure class=\"aligncenter size-large\"><img loading=\"lazy\" decoding=\"async\" width=\"729\" height=\"90\" src=\"https:\/\/jornalfatosenoticias.com.br\/wp-content\/uploads\/2020\/02\/Logo_Mizu.png\" alt=\"\" class=\"wp-image-1441\" srcset=\"https:\/\/jornalfatosenoticias.com.br\/wp-content\/uploads\/2020\/02\/Logo_Mizu.png 729w, https:\/\/jornalfatosenoticias.com.br\/wp-content\/uploads\/2020\/02\/Logo_Mizu-300x37.png 300w\" sizes=\"auto, (max-width: 729px) 100vw, 729px\" \/><\/figure><\/div>\n\n\n\n<p>A Mata Atl\u00e2ntica \u00e9 o bioma brasileiro com maior n\u00famero de esp\u00e9cies de plantas e animais amea\u00e7ados de extin\u00e7\u00e3o no pa\u00eds. A constata\u00e7\u00e3o \u00e9 da pesquisa Contas de Ecossistemas \u2014 Esp\u00e9cies Amea\u00e7adas de Extin\u00e7\u00e3o no Brasil 2022, divulgada nesta quarta-feira (24), no Rio de Janeiro, pelo Instituto Brasileiro de Geografia e Estat\u00edstica (IBGE).<\/p>\n\n\n\n<div class=\"wp-block-image\"><figure class=\"aligncenter size-large is-resized\"><img loading=\"lazy\" decoding=\"async\" src=\"https:\/\/jornalfatosenoticias.com.br\/wp-content\/uploads\/2023\/03\/nova-logo-Marquetti.jpg\" alt=\"\" class=\"wp-image-40207\" width=\"296\" height=\"199\" srcset=\"https:\/\/jornalfatosenoticias.com.br\/wp-content\/uploads\/2023\/03\/nova-logo-Marquetti.jpg 643w, https:\/\/jornalfatosenoticias.com.br\/wp-content\/uploads\/2023\/03\/nova-logo-Marquetti-300x202.jpg 300w\" sizes=\"auto, (max-width: 296px) 100vw, 296px\" \/><\/figure><\/div>\n\n\n\n<p>O levantamento tem como base as <a href=\"http:\/\/agenciabrasil.ebc.com.br\/geral\/noticia\/2022-06\/tartaruga-verde-fica-fora-da-lista-de-especies-ameacadas-de-extincao\" target=\"_blank\" rel=\"noreferrer noopener\"><strong>listas de fauna<\/strong><\/a> \u2014 elaboradas pelo Instituto Chico Mendes de Conserva\u00e7\u00e3o da Biodiversidade (ICMBio) \u2014 e da flora, produzida pelo Jardim Bot\u00e2nico do Rio de Janeiro (JBRJ), ambas divulgadas no ano passado. Segundo o estudo, as duas institui\u00e7\u00f5es avaliaram 21.456 esp\u00e9cies de animais e plantas em todos os biomas do Pa\u00eds, ou seja, cerca de 12% de toda a biodiversidade brasileira. <\/p>\n\n\n\n<div class=\"wp-block-image\"><figure class=\"aligncenter size-large is-resized\"><img loading=\"lazy\" decoding=\"async\" src=\"https:\/\/jornalfatosenoticias.com.br\/wp-content\/uploads\/2020\/02\/casa-do-torresmo_portal.jpg\" alt=\"\" class=\"wp-image-34472\" width=\"262\" height=\"262\" srcset=\"https:\/\/jornalfatosenoticias.com.br\/wp-content\/uploads\/2020\/02\/casa-do-torresmo_portal.jpg 300w, https:\/\/jornalfatosenoticias.com.br\/wp-content\/uploads\/2020\/02\/casa-do-torresmo_portal-150x150.jpg 150w\" sizes=\"auto, (max-width: 262px) 100vw, 262px\" \/><\/figure><\/div>\n\n\n\n<p>A partir da\u00ed, t\u00e9cnicos classificaram as esp\u00e9cies em situa\u00e7\u00e3o de amea\u00e7a, que pode ser, em ordem crescente de preocupa\u00e7\u00e3o: vulner\u00e1vel (VU), em perigo (EM) e criticamente em perigo (CR). As consideradas \u201ccom dados insuficientes (DD)\u201d, \u201cmenos preocupante (LC)\u201d e \u201cquase amea\u00e7ada (NT)\u201d n\u00e3o s\u00e3o amea\u00e7adas. A categoria NT \u00e9 o \u00faltimo passo antes de a esp\u00e9cie entrar na classifica\u00e7\u00e3o VU: vulner\u00e1vel.<\/p>\n\n\n\n<div class=\"wp-block-image\"><figure class=\"aligncenter size-large is-resized\"><img loading=\"lazy\" decoding=\"async\" src=\"https:\/\/jornalfatosenoticias.com.br\/wp-content\/uploads\/2023\/03\/logo-Panper_portal.jpg\" alt=\"\" class=\"wp-image-40208\" width=\"279\" height=\"193\" srcset=\"https:\/\/jornalfatosenoticias.com.br\/wp-content\/uploads\/2023\/03\/logo-Panper_portal.jpg 400w, https:\/\/jornalfatosenoticias.com.br\/wp-content\/uploads\/2023\/03\/logo-Panper_portal-300x208.jpg 300w\" sizes=\"auto, (max-width: 279px) 100vw, 279px\" \/><\/figure><\/div>\n\n\n\n<p><strong><span class=\"has-inline-color has-vivid-green-cyan-color\">Avalia\u00e7\u00e3o<br><\/span><\/strong>A Mata Atl\u00e2ntica foi o bioma com maior n\u00famero de esp\u00e9cies avaliadas: 11.811. E tamb\u00e9m \u00e9 a \u00e1rea com maior total de esp\u00e9cies amea\u00e7adas: 2.845, ou seja, quase um quarto (24,1%). Segundo o IBGE, 43% das esp\u00e9cies amea\u00e7adas vivem na Mata Atl\u00e2ntica. \u00c9 tamb\u00e9m o bioma com mais esp\u00e9cies declaradas extintas: oito, segundo o IBGE, sendo a mais recente a perereca-gladiadora-de-sino (<em>Boana cymbalum<\/em>).<\/p>\n\n\n\n<div class=\"wp-block-image\"><figure class=\"aligncenter size-large is-resized\"><img loading=\"lazy\" decoding=\"async\" src=\"https:\/\/jornalfatosenoticias.com.br\/wp-content\/uploads\/2022\/10\/RC_800x750_page-0001.jpg\" alt=\"\" class=\"wp-image-35338\" width=\"266\" height=\"249\" srcset=\"https:\/\/jornalfatosenoticias.com.br\/wp-content\/uploads\/2022\/10\/RC_800x750_page-0001.jpg 400w, https:\/\/jornalfatosenoticias.com.br\/wp-content\/uploads\/2022\/10\/RC_800x750_page-0001-300x281.jpg 300w\" sizes=\"auto, (max-width: 266px) 100vw, 266px\" \/><\/figure><\/div>\n\n\n\n<blockquote class=\"wp-block-quote is-layout-flow wp-block-quote-is-layout-flow\"><p><span class=\"has-inline-color has-luminous-vivid-orange-color\">Leonardo Bergamini, pesquisador do IBGE, explica que \u201cisso est\u00e1 relacionado com caracter\u00edsticas intr\u00ednsecas ao pr\u00f3prio bioma, com muitas esp\u00e9cies end\u00eamicas, esp\u00e9cies com distribui\u00e7\u00e3o restrita, mas tamb\u00e9m existe um fator que \u00e9 o hist\u00f3rico de ocupa\u00e7\u00e3o da Mata Atl\u00e2ntica, o bioma com maior hist\u00f3rico de ocupa\u00e7\u00e3o e maior perda de \u00e1rea nativa. E h\u00e1 um terceiro fator: a maioria das institui\u00e7\u00f5es e centros de pesquisa est\u00e1 localizada nesse bioma, ent\u00e3o existe uma maior disponibilidade de informa\u00e7\u00f5es sobre sua biodiversidade, o que permite avaliar melhor o risco de extin\u00e7\u00e3o das esp\u00e9cies\u201d.<\/span><\/p><\/blockquote>\n\n\n\n<div class=\"wp-block-image\"><figure class=\"aligncenter size-large\"><img loading=\"lazy\" decoding=\"async\" width=\"1024\" height=\"100\" src=\"https:\/\/jornalfatosenoticias.com.br\/wp-content\/uploads\/2020\/02\/banner_ferramentas-1024x100.jpg\" alt=\"\" class=\"wp-image-1258\" srcset=\"https:\/\/jornalfatosenoticias.com.br\/wp-content\/uploads\/2020\/02\/banner_ferramentas-1024x100.jpg 1024w, https:\/\/jornalfatosenoticias.com.br\/wp-content\/uploads\/2020\/02\/banner_ferramentas-300x29.jpg 300w, https:\/\/jornalfatosenoticias.com.br\/wp-content\/uploads\/2020\/02\/banner_ferramentas-768x75.jpg 768w, https:\/\/jornalfatosenoticias.com.br\/wp-content\/uploads\/2020\/02\/banner_ferramentas.jpg 1227w\" sizes=\"auto, (max-width: 1024px) 100vw, 1024px\" \/><\/figure><\/div>\n\n\n\n<p>Em seguida, aparece o cerrado que, com 7.385 esp\u00e9cies avaliadas, teve 1.199 consideradas em risco (16,2% do total). Outros biomas com mais de 10% da vida selvagem amea\u00e7ada entre aquelas esp\u00e9cies avaliadas s\u00e3o a caatinga (3.220 ou 14,9%) e os pampas (229 ou 13,7%). Os biomas com menor n\u00famero de esp\u00e9cies amea\u00e7adas entre as avaliadas s\u00e3o a Amaz\u00f4nia (503 ou 6%) e o Pantanal (1.825 ou 4,1%).<\/p>\n\n\n\n<div class=\"wp-block-image\"><figure class=\"aligncenter size-large\"><img decoding=\"async\" src=\"https:\/\/jornalfatosenoticias.com.br\/wp-content\/uploads\/2020\/02\/barao-das-carnes-300x164-1.jpg\" alt=\"\" class=\"wp-image-34339\"\/><\/figure><\/div>\n\n\n\n<p><strong><span class=\"has-inline-color has-vivid-green-cyan-color\">Esp\u00e9cies avaliadas<br><\/span><\/strong>O IBGE tamb\u00e9m informou que o total de esp\u00e9cies avaliadas em 2022 aumentou em rela\u00e7\u00e3o \u00e0 lista elaborada em 2014. As plantas passaram de 9% do total (4.304) para 15% (7.517), enquanto os animais subiram de 10% (12.009) para 11% (13.939). <\/p>\n\n\n\n<div class=\"wp-block-image\"><figure class=\"aligncenter size-large\"><img decoding=\"async\" src=\"https:\/\/jornalfatosenoticias.com.br\/wp-content\/uploads\/2020\/02\/logo_esteio.jpg\" alt=\"\" class=\"wp-image-1214\"\/><\/figure><\/div>\n\n\n\n<blockquote class=\"wp-block-quote is-layout-flow wp-block-quote-is-layout-flow\"><p><span class=\"has-inline-color has-luminous-vivid-orange-color\">Isso \u00e9 um bom avan\u00e7o no sentido de ter um quadro mais completo de como est\u00e1 a situa\u00e7\u00e3o das esp\u00e9cies do Brasil e, consequentemente, como est\u00e1 a condi\u00e7\u00e3o dos ecossistemas onde elas ocorrem\u201d, disse Bergamini.<\/span><\/p><\/blockquote>\n\n\n\n<div class=\"wp-block-image\"><figure class=\"aligncenter size-large is-resized\"><img loading=\"lazy\" decoding=\"async\" src=\"https:\/\/jornalfatosenoticias.com.br\/wp-content\/uploads\/2022\/02\/Banner-2.png\" alt=\"\" class=\"wp-image-27877\" width=\"263\" height=\"219\"\/><\/figure><\/div>\n\n\n\n<p>As esp\u00e9cies amea\u00e7adas recuaram tanto na flora quanto na fauna. As esp\u00e9cies de planta com risco de extin\u00e7\u00e3o passaram de 47,4% em 2014 para 42,7% em 2022. J\u00e1 os animais amea\u00e7ados ca\u00edram de 9,8% para 9% no per\u00edodo. A queda, segundo o IBGE, pode ser explicada pelo aumento do n\u00famero de esp\u00e9cies avaliadas.<\/p>\n\n\n\n<div class=\"wp-block-image\"><figure class=\"aligncenter size-large is-resized\"><img loading=\"lazy\" decoding=\"async\" src=\"https:\/\/jornalfatosenoticias.com.br\/wp-content\/uploads\/2020\/02\/logo-embacia.jpg\" alt=\"\" class=\"wp-image-33905\" width=\"256\" height=\"256\"\/><\/figure><\/div>\n\n\n\n<p>Em rela\u00e7\u00e3o aos ambientes, a maior parte das esp\u00e9cies analisadas tanto para fauna quanto para flora \u00e9 de ambiente terrestre, indo de 65% em 2014 para 70% em 2022. As esp\u00e9cies de \u00e1gua doce passaram de 39% para 37% e as de ambiente marinho, de 16% para 15%.<\/p>\n\n\n\n<p><strong><em>Fonte: <a href=\"https:\/\/umsoplaneta.globo.com\/biodiversidade\/noticia\/2023\/05\/24\/mata-atlantica-tem-maior-numero-de-especies-ameacadas-diz-pesquisa-do-ibge.ghtml\">Um S\u00f3 Planeta<\/a><\/em><\/strong><\/p>\n","protected":false},"excerpt":{"rendered":"<p>IBGE avaliou 21.456 esp\u00e9cies de animais e plantas em todos os biomas Por Vitor Abdala A Mata Atl\u00e2ntica \u00e9 o bioma brasileiro com maior n\u00famero de esp\u00e9cies de plantas e animais amea\u00e7ados de extin\u00e7\u00e3o no pa\u00eds. A constata\u00e7\u00e3o \u00e9 da pesquisa Contas de Ecossistemas \u2014 Esp\u00e9cies Amea\u00e7adas de Extin\u00e7\u00e3o no Brasil 2022, divulgada nesta quarta-feira [&hellip;]<\/p>\n","protected":false},"author":2,"featured_media":41832,"comment_status":"open","ping_status":"open","sticky":false,"template":"","format":"standard","meta":{"footnotes":""},"categories":[8],"tags":[5159,1264,334,1064,219,1281,258,784,817],"class_list":["post-41831","post","type-post","status-publish","format-standard","has-post-thumbnail","hentry","category-meio-ambiente","tag-ameaca","tag-animais","tag-biodiversidade","tag-bioma","tag-extincao","tag-ibge","tag-mata-atlantica","tag-plantas","tag-risco"],"yoast_head":"<!-- This site is optimized with the Yoast SEO plugin v26.5 - https:\/\/yoast.com\/wordpress\/plugins\/seo\/ -->\n<title>Mata Atl\u00e2ntica tem maior n\u00famero de esp\u00e9cies amea\u00e7adas, diz pesquisa do IBGE - Jornal Fatos e Not\u00edcias<\/title>\n<meta name=\"robots\" content=\"index, follow, max-snippet:-1, max-image-preview:large, max-video-preview:-1\" \/>\n<link rel=\"canonical\" href=\"https:\/\/jornalfatosenoticias.com.br\/index.php\/2023\/05\/29\/mata-atlantica-tem-maior-numero-de-especies-ameacadas-diz-pesquisa-do-ibge\/\" \/>\n<meta property=\"og:locale\" content=\"pt_BR\" \/>\n<meta property=\"og:type\" content=\"article\" \/>\n<meta property=\"og:title\" content=\"Mata Atl\u00e2ntica tem maior n\u00famero de esp\u00e9cies amea\u00e7adas, diz pesquisa do IBGE - Jornal Fatos e Not\u00edcias\" \/>\n<meta property=\"og:description\" content=\"IBGE avaliou 21.456 esp\u00e9cies de animais e plantas em todos os biomas Por Vitor Abdala A Mata Atl\u00e2ntica \u00e9 o bioma brasileiro com maior n\u00famero de esp\u00e9cies de plantas e animais amea\u00e7ados de extin\u00e7\u00e3o no pa\u00eds. A constata\u00e7\u00e3o \u00e9 da pesquisa Contas de Ecossistemas \u2014 Esp\u00e9cies Amea\u00e7adas de Extin\u00e7\u00e3o no Brasil 2022, divulgada nesta quarta-feira [&hellip;]\" \/>\n<meta property=\"og:url\" content=\"https:\/\/jornalfatosenoticias.com.br\/index.php\/2023\/05\/29\/mata-atlantica-tem-maior-numero-de-especies-ameacadas-diz-pesquisa-do-ibge\/\" \/>\n<meta property=\"og:site_name\" content=\"Jornal Fatos e Not\u00edcias\" \/>\n<meta property=\"article:published_time\" content=\"2023-05-29T13:42:09+00:00\" \/>\n<meta property=\"article:modified_time\" content=\"2023-05-29T13:42:10+00:00\" \/>\n<meta property=\"og:image\" content=\"https:\/\/jornalfatosenoticias.com.br\/wp-content\/uploads\/2023\/05\/bicho-preguica.jpg\" \/>\n\t<meta property=\"og:image:width\" content=\"1000\" \/>\n\t<meta property=\"og:image:height\" content=\"598\" \/>\n\t<meta property=\"og:image:type\" content=\"image\/jpeg\" \/>\n<meta name=\"author\" content=\"Luzimara Fernandes\" \/>\n<meta name=\"twitter:card\" content=\"summary_large_image\" \/>\n<meta name=\"twitter:label1\" content=\"Escrito por\" \/>\n\t<meta name=\"twitter:data1\" content=\"Luzimara Fernandes\" \/>\n\t<meta name=\"twitter:label2\" content=\"Est. tempo de leitura\" \/>\n\t<meta name=\"twitter:data2\" content=\"3 minutos\" \/>\n<script type=\"application\/ld+json\" class=\"yoast-schema-graph\">{\"@context\":\"https:\/\/schema.org\",\"@graph\":[{\"@type\":\"Article\",\"@id\":\"https:\/\/jornalfatosenoticias.com.br\/index.php\/2023\/05\/29\/mata-atlantica-tem-maior-numero-de-especies-ameacadas-diz-pesquisa-do-ibge\/#article\",\"isPartOf\":{\"@id\":\"https:\/\/jornalfatosenoticias.com.br\/index.php\/2023\/05\/29\/mata-atlantica-tem-maior-numero-de-especies-ameacadas-diz-pesquisa-do-ibge\/\"},\"author\":{\"name\":\"Luzimara Fernandes\",\"@id\":\"https:\/\/jornalfatosenoticias.com.br\/#\/schema\/person\/d63837fa13ac8666eb9e74e0985d6f81\"},\"headline\":\"Mata Atl\u00e2ntica tem maior n\u00famero de esp\u00e9cies amea\u00e7adas, diz pesquisa do IBGE\",\"datePublished\":\"2023-05-29T13:42:09+00:00\",\"dateModified\":\"2023-05-29T13:42:10+00:00\",\"mainEntityOfPage\":{\"@id\":\"https:\/\/jornalfatosenoticias.com.br\/index.php\/2023\/05\/29\/mata-atlantica-tem-maior-numero-de-especies-ameacadas-diz-pesquisa-do-ibge\/\"},\"wordCount\":647,\"commentCount\":0,\"publisher\":{\"@id\":\"https:\/\/jornalfatosenoticias.com.br\/#organization\"},\"image\":{\"@id\":\"https:\/\/jornalfatosenoticias.com.br\/index.php\/2023\/05\/29\/mata-atlantica-tem-maior-numero-de-especies-ameacadas-diz-pesquisa-do-ibge\/#primaryimage\"},\"thumbnailUrl\":\"https:\/\/jornalfatosenoticias.com.br\/wp-content\/uploads\/2023\/05\/bicho-preguica.jpg\",\"keywords\":[\"amea\u00e7a\",\"animais\",\"biodiversidade\",\"bioma\",\"extin\u00e7\u00e3o\",\"IBGE\",\"mata atl\u00e2ntica\",\"plantas\",\"risco\"],\"articleSection\":[\"Meio ambiente\"],\"inLanguage\":\"pt-BR\",\"potentialAction\":[{\"@type\":\"CommentAction\",\"name\":\"Comment\",\"target\":[\"https:\/\/jornalfatosenoticias.com.br\/index.php\/2023\/05\/29\/mata-atlantica-tem-maior-numero-de-especies-ameacadas-diz-pesquisa-do-ibge\/#respond\"]}]},{\"@type\":\"WebPage\",\"@id\":\"https:\/\/jornalfatosenoticias.com.br\/index.php\/2023\/05\/29\/mata-atlantica-tem-maior-numero-de-especies-ameacadas-diz-pesquisa-do-ibge\/\",\"url\":\"https:\/\/jornalfatosenoticias.com.br\/index.php\/2023\/05\/29\/mata-atlantica-tem-maior-numero-de-especies-ameacadas-diz-pesquisa-do-ibge\/\",\"name\":\"Mata Atl\u00e2ntica tem maior n\u00famero de esp\u00e9cies amea\u00e7adas, diz pesquisa do IBGE - Jornal Fatos e Not\u00edcias\",\"isPartOf\":{\"@id\":\"https:\/\/jornalfatosenoticias.com.br\/#website\"},\"primaryImageOfPage\":{\"@id\":\"https:\/\/jornalfatosenoticias.com.br\/index.php\/2023\/05\/29\/mata-atlantica-tem-maior-numero-de-especies-ameacadas-diz-pesquisa-do-ibge\/#primaryimage\"},\"image\":{\"@id\":\"https:\/\/jornalfatosenoticias.com.br\/index.php\/2023\/05\/29\/mata-atlantica-tem-maior-numero-de-especies-ameacadas-diz-pesquisa-do-ibge\/#primaryimage\"},\"thumbnailUrl\":\"https:\/\/jornalfatosenoticias.com.br\/wp-content\/uploads\/2023\/05\/bicho-preguica.jpg\",\"datePublished\":\"2023-05-29T13:42:09+00:00\",\"dateModified\":\"2023-05-29T13:42:10+00:00\",\"breadcrumb\":{\"@id\":\"https:\/\/jornalfatosenoticias.com.br\/index.php\/2023\/05\/29\/mata-atlantica-tem-maior-numero-de-especies-ameacadas-diz-pesquisa-do-ibge\/#breadcrumb\"},\"inLanguage\":\"pt-BR\",\"potentialAction\":[{\"@type\":\"ReadAction\",\"target\":[\"https:\/\/jornalfatosenoticias.com.br\/index.php\/2023\/05\/29\/mata-atlantica-tem-maior-numero-de-especies-ameacadas-diz-pesquisa-do-ibge\/\"]}]},{\"@type\":\"ImageObject\",\"inLanguage\":\"pt-BR\",\"@id\":\"https:\/\/jornalfatosenoticias.com.br\/index.php\/2023\/05\/29\/mata-atlantica-tem-maior-numero-de-especies-ameacadas-diz-pesquisa-do-ibge\/#primaryimage\",\"url\":\"https:\/\/jornalfatosenoticias.com.br\/wp-content\/uploads\/2023\/05\/bicho-preguica.jpg\",\"contentUrl\":\"https:\/\/jornalfatosenoticias.com.br\/wp-content\/uploads\/2023\/05\/bicho-preguica.jpg\",\"width\":1000,\"height\":598},{\"@type\":\"BreadcrumbList\",\"@id\":\"https:\/\/jornalfatosenoticias.com.br\/index.php\/2023\/05\/29\/mata-atlantica-tem-maior-numero-de-especies-ameacadas-diz-pesquisa-do-ibge\/#breadcrumb\",\"itemListElement\":[{\"@type\":\"ListItem\",\"position\":1,\"name\":\"In\u00edcio\",\"item\":\"https:\/\/jornalfatosenoticias.com.br\/\"},{\"@type\":\"ListItem\",\"position\":2,\"name\":\"Mata Atl\u00e2ntica tem maior n\u00famero de esp\u00e9cies amea\u00e7adas, diz pesquisa do IBGE\"}]},{\"@type\":\"WebSite\",\"@id\":\"https:\/\/jornalfatosenoticias.com.br\/#website\",\"url\":\"https:\/\/jornalfatosenoticias.com.br\/\",\"name\":\"Jornal Fatos e Not\u00edcias\",\"description\":\"Not\u00edcias em geral\",\"publisher\":{\"@id\":\"https:\/\/jornalfatosenoticias.com.br\/#organization\"},\"potentialAction\":[{\"@type\":\"SearchAction\",\"target\":{\"@type\":\"EntryPoint\",\"urlTemplate\":\"https:\/\/jornalfatosenoticias.com.br\/?s={search_term_string}\"},\"query-input\":{\"@type\":\"PropertyValueSpecification\",\"valueRequired\":true,\"valueName\":\"search_term_string\"}}],\"inLanguage\":\"pt-BR\"},{\"@type\":\"Organization\",\"@id\":\"https:\/\/jornalfatosenoticias.com.br\/#organization\",\"name\":\"Jornal Fatos e Not\u00edcias\",\"url\":\"https:\/\/jornalfatosenoticias.com.br\/\",\"logo\":{\"@type\":\"ImageObject\",\"inLanguage\":\"pt-BR\",\"@id\":\"https:\/\/jornalfatosenoticias.com.br\/#\/schema\/logo\/image\/\",\"url\":\"https:\/\/jornalfatosenoticias.com.br\/wp-content\/uploads\/2020\/02\/logo120.png\",\"contentUrl\":\"https:\/\/jornalfatosenoticias.com.br\/wp-content\/uploads\/2020\/02\/logo120.png\",\"width\":1227,\"height\":120,\"caption\":\"Jornal Fatos e Not\u00edcias\"},\"image\":{\"@id\":\"https:\/\/jornalfatosenoticias.com.br\/#\/schema\/logo\/image\/\"}},{\"@type\":\"Person\",\"@id\":\"https:\/\/jornalfatosenoticias.com.br\/#\/schema\/person\/d63837fa13ac8666eb9e74e0985d6f81\",\"name\":\"Luzimara Fernandes\",\"image\":{\"@type\":\"ImageObject\",\"inLanguage\":\"pt-BR\",\"@id\":\"https:\/\/jornalfatosenoticias.com.br\/#\/schema\/person\/image\/\",\"url\":\"https:\/\/jornalfatosenoticias.com.br\/wp-content\/uploads\/2025\/05\/EU_portal.jpg\",\"contentUrl\":\"https:\/\/jornalfatosenoticias.com.br\/wp-content\/uploads\/2025\/05\/EU_portal.jpg\",\"caption\":\"Luzimara Fernandes\"},\"description\":\"Jornalista MTB 2358-ES\",\"sameAs\":[\"https:\/\/jornalfatosenoticias.com.br\"],\"url\":\"https:\/\/jornalfatosenoticias.com.br\/index.php\/author\/luzimara\/\"}]}<\/script>\n<!-- \/ Yoast SEO plugin. -->","yoast_head_json":{"title":"Mata Atl\u00e2ntica tem maior n\u00famero de esp\u00e9cies amea\u00e7adas, diz pesquisa do IBGE - Jornal Fatos e Not\u00edcias","robots":{"index":"index","follow":"follow","max-snippet":"max-snippet:-1","max-image-preview":"max-image-preview:large","max-video-preview":"max-video-preview:-1"},"canonical":"https:\/\/jornalfatosenoticias.com.br\/index.php\/2023\/05\/29\/mata-atlantica-tem-maior-numero-de-especies-ameacadas-diz-pesquisa-do-ibge\/","og_locale":"pt_BR","og_type":"article","og_title":"Mata Atl\u00e2ntica tem maior n\u00famero de esp\u00e9cies amea\u00e7adas, diz pesquisa do IBGE - Jornal Fatos e Not\u00edcias","og_description":"IBGE avaliou 21.456 esp\u00e9cies de animais e plantas em todos os biomas Por Vitor Abdala A Mata Atl\u00e2ntica \u00e9 o bioma brasileiro com maior n\u00famero de esp\u00e9cies de plantas e animais amea\u00e7ados de extin\u00e7\u00e3o no pa\u00eds. A constata\u00e7\u00e3o \u00e9 da pesquisa Contas de Ecossistemas \u2014 Esp\u00e9cies Amea\u00e7adas de Extin\u00e7\u00e3o no Brasil 2022, divulgada nesta quarta-feira [&hellip;]","og_url":"https:\/\/jornalfatosenoticias.com.br\/index.php\/2023\/05\/29\/mata-atlantica-tem-maior-numero-de-especies-ameacadas-diz-pesquisa-do-ibge\/","og_site_name":"Jornal Fatos e Not\u00edcias","article_published_time":"2023-05-29T13:42:09+00:00","article_modified_time":"2023-05-29T13:42:10+00:00","og_image":[{"width":1000,"height":598,"url":"https:\/\/jornalfatosenoticias.com.br\/wp-content\/uploads\/2023\/05\/bicho-preguica.jpg","type":"image\/jpeg"}],"author":"Luzimara Fernandes","twitter_card":"summary_large_image","twitter_misc":{"Escrito por":"Luzimara Fernandes","Est. tempo de leitura":"3 minutos"},"schema":{"@context":"https:\/\/schema.org","@graph":[{"@type":"Article","@id":"https:\/\/jornalfatosenoticias.com.br\/index.php\/2023\/05\/29\/mata-atlantica-tem-maior-numero-de-especies-ameacadas-diz-pesquisa-do-ibge\/#article","isPartOf":{"@id":"https:\/\/jornalfatosenoticias.com.br\/index.php\/2023\/05\/29\/mata-atlantica-tem-maior-numero-de-especies-ameacadas-diz-pesquisa-do-ibge\/"},"author":{"name":"Luzimara Fernandes","@id":"https:\/\/jornalfatosenoticias.com.br\/#\/schema\/person\/d63837fa13ac8666eb9e74e0985d6f81"},"headline":"Mata Atl\u00e2ntica tem maior n\u00famero de esp\u00e9cies amea\u00e7adas, diz pesquisa do IBGE","datePublished":"2023-05-29T13:42:09+00:00","dateModified":"2023-05-29T13:42:10+00:00","mainEntityOfPage":{"@id":"https:\/\/jornalfatosenoticias.com.br\/index.php\/2023\/05\/29\/mata-atlantica-tem-maior-numero-de-especies-ameacadas-diz-pesquisa-do-ibge\/"},"wordCount":647,"commentCount":0,"publisher":{"@id":"https:\/\/jornalfatosenoticias.com.br\/#organization"},"image":{"@id":"https:\/\/jornalfatosenoticias.com.br\/index.php\/2023\/05\/29\/mata-atlantica-tem-maior-numero-de-especies-ameacadas-diz-pesquisa-do-ibge\/#primaryimage"},"thumbnailUrl":"https:\/\/jornalfatosenoticias.com.br\/wp-content\/uploads\/2023\/05\/bicho-preguica.jpg","keywords":["amea\u00e7a","animais","biodiversidade","bioma","extin\u00e7\u00e3o","IBGE","mata atl\u00e2ntica","plantas","risco"],"articleSection":["Meio ambiente"],"inLanguage":"pt-BR","potentialAction":[{"@type":"CommentAction","name":"Comment","target":["https:\/\/jornalfatosenoticias.com.br\/index.php\/2023\/05\/29\/mata-atlantica-tem-maior-numero-de-especies-ameacadas-diz-pesquisa-do-ibge\/#respond"]}]},{"@type":"WebPage","@id":"https:\/\/jornalfatosenoticias.com.br\/index.php\/2023\/05\/29\/mata-atlantica-tem-maior-numero-de-especies-ameacadas-diz-pesquisa-do-ibge\/","url":"https:\/\/jornalfatosenoticias.com.br\/index.php\/2023\/05\/29\/mata-atlantica-tem-maior-numero-de-especies-ameacadas-diz-pesquisa-do-ibge\/","name":"Mata Atl\u00e2ntica tem maior n\u00famero de esp\u00e9cies amea\u00e7adas, diz pesquisa do IBGE - Jornal Fatos e Not\u00edcias","isPartOf":{"@id":"https:\/\/jornalfatosenoticias.com.br\/#website"},"primaryImageOfPage":{"@id":"https:\/\/jornalfatosenoticias.com.br\/index.php\/2023\/05\/29\/mata-atlantica-tem-maior-numero-de-especies-ameacadas-diz-pesquisa-do-ibge\/#primaryimage"},"image":{"@id":"https:\/\/jornalfatosenoticias.com.br\/index.php\/2023\/05\/29\/mata-atlantica-tem-maior-numero-de-especies-ameacadas-diz-pesquisa-do-ibge\/#primaryimage"},"thumbnailUrl":"https:\/\/jornalfatosenoticias.com.br\/wp-content\/uploads\/2023\/05\/bicho-preguica.jpg","datePublished":"2023-05-29T13:42:09+00:00","dateModified":"2023-05-29T13:42:10+00:00","breadcrumb":{"@id":"https:\/\/jornalfatosenoticias.com.br\/index.php\/2023\/05\/29\/mata-atlantica-tem-maior-numero-de-especies-ameacadas-diz-pesquisa-do-ibge\/#breadcrumb"},"inLanguage":"pt-BR","potentialAction":[{"@type":"ReadAction","target":["https:\/\/jornalfatosenoticias.com.br\/index.php\/2023\/05\/29\/mata-atlantica-tem-maior-numero-de-especies-ameacadas-diz-pesquisa-do-ibge\/"]}]},{"@type":"ImageObject","inLanguage":"pt-BR","@id":"https:\/\/jornalfatosenoticias.com.br\/index.php\/2023\/05\/29\/mata-atlantica-tem-maior-numero-de-especies-ameacadas-diz-pesquisa-do-ibge\/#primaryimage","url":"https:\/\/jornalfatosenoticias.com.br\/wp-content\/uploads\/2023\/05\/bicho-preguica.jpg","contentUrl":"https:\/\/jornalfatosenoticias.com.br\/wp-content\/uploads\/2023\/05\/bicho-preguica.jpg","width":1000,"height":598},{"@type":"BreadcrumbList","@id":"https:\/\/jornalfatosenoticias.com.br\/index.php\/2023\/05\/29\/mata-atlantica-tem-maior-numero-de-especies-ameacadas-diz-pesquisa-do-ibge\/#breadcrumb","itemListElement":[{"@type":"ListItem","position":1,"name":"In\u00edcio","item":"https:\/\/jornalfatosenoticias.com.br\/"},{"@type":"ListItem","position":2,"name":"Mata Atl\u00e2ntica tem maior n\u00famero de esp\u00e9cies amea\u00e7adas, diz pesquisa do IBGE"}]},{"@type":"WebSite","@id":"https:\/\/jornalfatosenoticias.com.br\/#website","url":"https:\/\/jornalfatosenoticias.com.br\/","name":"Jornal Fatos e Not\u00edcias","description":"Not\u00edcias em geral","publisher":{"@id":"https:\/\/jornalfatosenoticias.com.br\/#organization"},"potentialAction":[{"@type":"SearchAction","target":{"@type":"EntryPoint","urlTemplate":"https:\/\/jornalfatosenoticias.com.br\/?s={search_term_string}"},"query-input":{"@type":"PropertyValueSpecification","valueRequired":true,"valueName":"search_term_string"}}],"inLanguage":"pt-BR"},{"@type":"Organization","@id":"https:\/\/jornalfatosenoticias.com.br\/#organization","name":"Jornal Fatos e Not\u00edcias","url":"https:\/\/jornalfatosenoticias.com.br\/","logo":{"@type":"ImageObject","inLanguage":"pt-BR","@id":"https:\/\/jornalfatosenoticias.com.br\/#\/schema\/logo\/image\/","url":"https:\/\/jornalfatosenoticias.com.br\/wp-content\/uploads\/2020\/02\/logo120.png","contentUrl":"https:\/\/jornalfatosenoticias.com.br\/wp-content\/uploads\/2020\/02\/logo120.png","width":1227,"height":120,"caption":"Jornal Fatos e Not\u00edcias"},"image":{"@id":"https:\/\/jornalfatosenoticias.com.br\/#\/schema\/logo\/image\/"}},{"@type":"Person","@id":"https:\/\/jornalfatosenoticias.com.br\/#\/schema\/person\/d63837fa13ac8666eb9e74e0985d6f81","name":"Luzimara Fernandes","image":{"@type":"ImageObject","inLanguage":"pt-BR","@id":"https:\/\/jornalfatosenoticias.com.br\/#\/schema\/person\/image\/","url":"https:\/\/jornalfatosenoticias.com.br\/wp-content\/uploads\/2025\/05\/EU_portal.jpg","contentUrl":"https:\/\/jornalfatosenoticias.com.br\/wp-content\/uploads\/2025\/05\/EU_portal.jpg","caption":"Luzimara Fernandes"},"description":"Jornalista MTB 2358-ES","sameAs":["https:\/\/jornalfatosenoticias.com.br"],"url":"https:\/\/jornalfatosenoticias.com.br\/index.php\/author\/luzimara\/"}]}},"cc_featured_image_caption":{"caption_text":"(Foto: T\u00e2nia R\u00eago\/Ag\u00eancia Brasil) ","source_text":"","source_url":""},"jetpack_featured_media_url":"https:\/\/jornalfatosenoticias.com.br\/wp-content\/uploads\/2023\/05\/bicho-preguica.jpg","_links":{"self":[{"href":"https:\/\/jornalfatosenoticias.com.br\/index.php\/wp-json\/wp\/v2\/posts\/41831","targetHints":{"allow":["GET"]}}],"collection":[{"href":"https:\/\/jornalfatosenoticias.com.br\/index.php\/wp-json\/wp\/v2\/posts"}],"about":[{"href":"https:\/\/jornalfatosenoticias.com.br\/index.php\/wp-json\/wp\/v2\/types\/post"}],"author":[{"embeddable":true,"href":"https:\/\/jornalfatosenoticias.com.br\/index.php\/wp-json\/wp\/v2\/users\/2"}],"replies":[{"embeddable":true,"href":"https:\/\/jornalfatosenoticias.com.br\/index.php\/wp-json\/wp\/v2\/comments?post=41831"}],"version-history":[{"count":0,"href":"https:\/\/jornalfatosenoticias.com.br\/index.php\/wp-json\/wp\/v2\/posts\/41831\/revisions"}],"wp:featuredmedia":[{"embeddable":true,"href":"https:\/\/jornalfatosenoticias.com.br\/index.php\/wp-json\/wp\/v2\/media\/41832"}],"wp:attachment":[{"href":"https:\/\/jornalfatosenoticias.com.br\/index.php\/wp-json\/wp\/v2\/media?parent=41831"}],"wp:term":[{"taxonomy":"category","embeddable":true,"href":"https:\/\/jornalfatosenoticias.com.br\/index.php\/wp-json\/wp\/v2\/categories?post=41831"},{"taxonomy":"post_tag","embeddable":true,"href":"https:\/\/jornalfatosenoticias.com.br\/index.php\/wp-json\/wp\/v2\/tags?post=41831"}],"curies":[{"name":"wp","href":"https:\/\/api.w.org\/{rel}","templated":true}]}}