{"id":41837,"date":"2023-05-29T11:09:44","date_gmt":"2023-05-29T14:09:44","guid":{"rendered":"https:\/\/jornalfatosenoticias.com.br\/?p=41837"},"modified":"2023-05-29T11:09:46","modified_gmt":"2023-05-29T14:09:46","slug":"repercussao-do-encontro-entre-maduro-e-lula-retrocesso-e-vergonha-nacional","status":"publish","type":"post","link":"https:\/\/jornalfatosenoticias.com.br\/index.php\/2023\/05\/29\/repercussao-do-encontro-entre-maduro-e-lula-retrocesso-e-vergonha-nacional\/","title":{"rendered":"Repercuss\u00e3o do encontro entre Maduro e Lula: \u2018retrocesso\u2019 e \u2018vergonha nacional\u2019"},"content":{"rendered":"\n<p><em><span class=\"has-inline-color has-black-color\">Pol\u00edticos e analistas lembraram que ditadura da Venezuela \u00e9 cruel e persegue advers\u00e1rios pol\u00edticos<\/span><\/em><\/p>\n\n\n\n<div class=\"wp-block-image\"><figure class=\"aligncenter size-large is-resized\"><img loading=\"lazy\" decoding=\"async\" src=\"https:\/\/jornalfatosenoticias.com.br\/wp-content\/uploads\/2023\/03\/logo_Juliana-Graca.jpg\" alt=\"\" class=\"wp-image-39283\" width=\"288\" height=\"213\"\/><\/figure><\/div>\n\n\n\n<p>Pol\u00edticos e analistas criticaram com dureza a vinda do ditador da Venezuela, Nicol\u00e1s Maduro, ao Brasil. Retrocesso foi a palavra mais utilizada para classificar a retomada da rela\u00e7\u00e3o entre os dois pa\u00edses. Em 2019, depois das den\u00fancias de fraudes nas elei\u00e7\u00f5es venezuelanas, o Brasil, sob Jair Bolsonaro, rompeu rela\u00e7\u00f5es com o pa\u00eds vizinho e, inclusive, impediu Maduro de pisar em solo brasileiro.<\/p>\n\n\n\n<div class=\"wp-block-image\"><figure class=\"aligncenter size-large is-resized\"><img loading=\"lazy\" decoding=\"async\" src=\"https:\/\/jornalfatosenoticias.com.br\/wp-content\/uploads\/2022\/07\/Logo-Grupo-SEI.jpg\" alt=\"\" class=\"wp-image-31973\" width=\"318\" height=\"167\" srcset=\"https:\/\/jornalfatosenoticias.com.br\/wp-content\/uploads\/2022\/07\/Logo-Grupo-SEI.jpg 713w, https:\/\/jornalfatosenoticias.com.br\/wp-content\/uploads\/2022\/07\/Logo-Grupo-SEI-300x158.jpg 300w\" sizes=\"auto, (max-width: 318px) 100vw, 318px\" \/><\/figure><\/div>\n\n\n\n<p>O senador S\u00e9rgio Moro (Uni\u00e3o-PR) destacou as \u201chonras de Estado\u201d <strong><a href=\"https:\/\/revistaoeste.com\/politica\/maduro-chega-a-brasilia-para-encontro-com-lula-e-unasul\/\" target=\"_blank\" rel=\"noreferrer noopener\">dispensadas ao ditador pelo governo Lula<\/a><\/strong> e questionou se o petista ir\u00e1 cobrar Maduro pela volta da democracia. \u201cO Brasil voltou a receber com honras de Estado ditadores sul-americanos, desta vez Maduro. Outro sinal negativo para a comunidade internacional pelo Governo Lula. Ser\u00e1 cobrado do ditador o restabelecimento da democracia e dos direitos humanos na Venezuela?\u201d.<\/p>\n\n\n\n<figure class=\"wp-block-embed-twitter wp-block-embed is-type-rich is-provider-twitter\"><div class=\"wp-block-embed__wrapper\">\n<blockquote class=\"twitter-tweet\" data-width=\"550\" data-dnt=\"true\"><p lang=\"pt\" dir=\"ltr\">O Brasil voltou a receber com honras de Estado ditadores sul-americanos, desta vez Maduro. Outro sinal negativo para a comunidade internacional pelo Governo Lula. Ser\u00e1 cobrado do ditador o restabelecimento da democracia e dos direitos humanos na Venezuela?<\/p>&mdash; Sergio Moro (@SF_Moro) <a href=\"https:\/\/twitter.com\/SF_Moro\/status\/1663136924440068097?ref_src=twsrc%5Etfw\">May 29, 2023<\/a><\/blockquote><script async src=\"https:\/\/platform.twitter.com\/widgets.js\" charset=\"utf-8\"><\/script>\n<\/div><\/figure>\n\n\n\n<div class=\"wp-block-image\"><figure class=\"aligncenter size-large is-resized\"><img loading=\"lazy\" decoding=\"async\" src=\"https:\/\/jornalfatosenoticias.com.br\/wp-content\/uploads\/2020\/02\/casa-do-torresmo_portal.jpg\" alt=\"\" class=\"wp-image-34472\" width=\"262\" height=\"262\" srcset=\"https:\/\/jornalfatosenoticias.com.br\/wp-content\/uploads\/2020\/02\/casa-do-torresmo_portal.jpg 300w, https:\/\/jornalfatosenoticias.com.br\/wp-content\/uploads\/2020\/02\/casa-do-torresmo_portal-150x150.jpg 150w\" sizes=\"auto, (max-width: 262px) 100vw, 262px\" \/><\/figure><\/div>\n\n\n\n<p>Para o deputado Carlos Jordy (PL-RJ), a vinda de Maduro \u00e9 o s\u00edmbolo do retrocesso e um desrespeito \u00e0s v\u00edtimas do regime venezuelano. \u201cMaduro chegar ao Brasil. Esse \u00e9 o maior s\u00edmbolo desse governo. O retrocesso, a ode ao totalitarismo e o desprezo pelas v\u00edtimas do regime venezuelano. Tudo pelo projeto de poder. Ampliando rela\u00e7\u00f5es com pa\u00edses que nada trazem de ben\u00e9fico ao Brasil, apenas fortalecem a ditadura comunista\u201d.<\/p>\n\n\n\n<div class=\"wp-block-image\"><figure class=\"aligncenter size-large is-resized\"><img loading=\"lazy\" decoding=\"async\" src=\"https:\/\/jornalfatosenoticias.com.br\/wp-content\/uploads\/2022\/10\/RC_800x750_page-0001.jpg\" alt=\"\" class=\"wp-image-35338\" width=\"264\" height=\"247\" srcset=\"https:\/\/jornalfatosenoticias.com.br\/wp-content\/uploads\/2022\/10\/RC_800x750_page-0001.jpg 400w, https:\/\/jornalfatosenoticias.com.br\/wp-content\/uploads\/2022\/10\/RC_800x750_page-0001-300x281.jpg 300w\" sizes=\"auto, (max-width: 264px) 100vw, 264px\" \/><\/figure><\/div>\n\n\n\n<figure class=\"wp-block-embed-twitter wp-block-embed is-type-rich is-provider-twitter\"><div class=\"wp-block-embed__wrapper\">\n<blockquote class=\"twitter-tweet\" data-width=\"550\" data-dnt=\"true\"><p lang=\"pt\" dir=\"ltr\">Maduro chegar ao Brasil. Esse \u00e9 o maior s\u00edmbolo desse governo. O retrocesso, a ode ao totalitarismo e o desprezo pelas v\u00edtimas do regime venezuelano. Tudo pelo projeto de poder. Ampliando rela\u00e7\u00f5es com pa\u00edses que nada trazem de ben\u00e9fico ao Brasil, apenas fortalecem a ditadura\u2026 <a href=\"https:\/\/t.co\/hQgJl6kEaN\">pic.twitter.com\/hQgJl6kEaN<\/a><\/p>&mdash; Carlos Jordy (@carlosjordy) <a href=\"https:\/\/twitter.com\/carlosjordy\/status\/1663155921436934145?ref_src=twsrc%5Etfw\">May 29, 2023<\/a><\/blockquote><script async src=\"https:\/\/platform.twitter.com\/widgets.js\" charset=\"utf-8\"><\/script>\n<\/div><\/figure>\n\n\n\n<div class=\"wp-block-image\"><figure class=\"aligncenter size-large is-resized\"><img loading=\"lazy\" decoding=\"async\" src=\"https:\/\/jornalfatosenoticias.com.br\/wp-content\/uploads\/2023\/03\/nova-logo-Marquetti.jpg\" alt=\"\" class=\"wp-image-40207\" width=\"272\" height=\"182\" srcset=\"https:\/\/jornalfatosenoticias.com.br\/wp-content\/uploads\/2023\/03\/nova-logo-Marquetti.jpg 643w, https:\/\/jornalfatosenoticias.com.br\/wp-content\/uploads\/2023\/03\/nova-logo-Marquetti-300x202.jpg 300w\" sizes=\"auto, (max-width: 272px) 100vw, 272px\" \/><\/figure><\/div>\n\n\n\n<p>O antrop\u00f3logo Fl\u00e1vio Gordon, colunista de Oeste, lembrou que Maduro est\u00e1 impedido de entrar em v\u00e1rios pa\u00edses, \u201cmas, no Brasil, por ordem do governo aliado, os militares brasileiros o protegem\u201d. \u201cO ditador e narcotraficante Nicol\u00e1s Maduro n\u00e3o pode entrar em v\u00e1rios pa\u00edses, pois h\u00e1 uma recompensa de 15 milh\u00f5es de d\u00f3lares por sua captura. Mas, no Brasil, por ordem do governo aliado, os militares brasileiros o protegem\u201d.<\/p>\n\n\n\n<div class=\"wp-block-image\"><figure class=\"aligncenter size-large\"><img loading=\"lazy\" decoding=\"async\" width=\"729\" height=\"90\" src=\"https:\/\/jornalfatosenoticias.com.br\/wp-content\/uploads\/2020\/02\/Logo_Mizu.png\" alt=\"\" class=\"wp-image-1441\" srcset=\"https:\/\/jornalfatosenoticias.com.br\/wp-content\/uploads\/2020\/02\/Logo_Mizu.png 729w, https:\/\/jornalfatosenoticias.com.br\/wp-content\/uploads\/2020\/02\/Logo_Mizu-300x37.png 300w\" sizes=\"auto, (max-width: 729px) 100vw, 729px\" \/><\/figure><\/div>\n\n\n\n<figure class=\"wp-block-embed-twitter wp-block-embed is-type-rich is-provider-twitter\"><div class=\"wp-block-embed__wrapper\">\n<blockquote class=\"twitter-tweet\" data-width=\"550\" data-dnt=\"true\"><p lang=\"pt\" dir=\"ltr\">O ditador e NARCOTRAFICANTE Nicol\u00e1s Maduro n\u00e3o pode entrar em v\u00e1rios pa\u00edses, pois h\u00e1 uma recompensa de 15 milh\u00f5es de d\u00f3lares por sua captura. Mas, no Brasil, por ordem do governo aliado, os militares brasileiros o protegem. \u201cEstamos no mesmo passo, presidente\u201d &#8211; chega a dizer um\u2026<\/p>&mdash; Fl\u00e1vio Gordon (@flaviogordon) <a href=\"https:\/\/twitter.com\/flaviogordon\/status\/1663144803813449731?ref_src=twsrc%5Etfw\">May 29, 2023<\/a><\/blockquote><script async src=\"https:\/\/platform.twitter.com\/widgets.js\" charset=\"utf-8\"><\/script>\n<\/div><\/figure>\n\n\n\n<div class=\"wp-block-image\"><figure class=\"aligncenter size-large is-resized\"><img loading=\"lazy\" decoding=\"async\" src=\"https:\/\/jornalfatosenoticias.com.br\/wp-content\/uploads\/2023\/03\/logo-Panper_portal.jpg\" alt=\"\" class=\"wp-image-40208\" width=\"267\" height=\"185\" srcset=\"https:\/\/jornalfatosenoticias.com.br\/wp-content\/uploads\/2023\/03\/logo-Panper_portal.jpg 400w, https:\/\/jornalfatosenoticias.com.br\/wp-content\/uploads\/2023\/03\/logo-Panper_portal-300x208.jpg 300w\" sizes=\"auto, (max-width: 267px) 100vw, 267px\" \/><\/figure><\/div>\n\n\n\n<p>A deputada Bia Kicis (PL-DF) e outros cr\u00edticos lembraram que, durante a campanha eleitoral do ano passado, o <strong><a href=\"http:\/\/www.tse.jus.br\/\" target=\"_blank\" rel=\"noreferrer noopener\">Tribunal Superior Eleitoral (TSE)<\/a><\/strong> imp\u00f4s censura a quem associasse Lula a Maduro e ao ditador da Nicar\u00e1gua, Daniel Ortega, enquanto se mostrou bem mais tolerante com outras candidaturas.<\/p>\n\n\n\n<div class=\"wp-block-image\"><figure class=\"aligncenter size-large is-resized\"><img loading=\"lazy\" decoding=\"async\" src=\"https:\/\/jornalfatosenoticias.com.br\/wp-content\/uploads\/2022\/02\/FERRARI_MAQUINAS-E-FERRAMENTAS2.jpg\" alt=\"\" class=\"wp-image-27860\" width=\"296\" height=\"247\"\/><\/figure><\/div>\n\n\n\n<blockquote class=\"wp-block-quote is-layout-flow wp-block-quote-is-layout-flow\"><p><span class=\"has-inline-color has-luminous-vivid-orange-color\">O TSE proibiu que Jair Bolsonaro e seus apoiadores divulgassem que Lula era amigo de Ortega e de Maduro. Lula protege Ortega e Maduro acaba de chegar a Bras\u00edlia. Esconder informa\u00e7\u00f5es \u00e9 crime pra uns, para outros t\u00e1 liberado!\u201d, escreveu a parlamentar.<\/span><\/p><\/blockquote>\n\n\n\n<figure class=\"wp-block-embed-twitter wp-block-embed is-type-rich is-provider-twitter\"><div class=\"wp-block-embed__wrapper\">\n<blockquote class=\"twitter-tweet\" data-width=\"550\" data-dnt=\"true\"><p lang=\"pt\" dir=\"ltr\">O TRE\/RJ cassou <a href=\"https:\/\/twitter.com\/MCrivella?ref_src=twsrc%5Etfw\">@MCrivella<\/a> por abuso de poder por ter impedido q a popula\u00e7\u00e3o tivesse acesso a informa\u00e7\u00f5es sobre a sa\u00fade no RJ. O TSE proibiu que <a href=\"https:\/\/twitter.com\/jairbolsonaro?ref_src=twsrc%5Etfw\">@jairbolsonaro<\/a> e seus apoiadores divulgassem que Lula era amigo de Ortega e de Maduro.Lula protege Ortega e Maduro acaba de chegar a\u2026<\/p>&mdash; Bia Kicis (@Biakicis) <a href=\"https:\/\/twitter.com\/Biakicis\/status\/1663146256955318273?ref_src=twsrc%5Etfw\">May 29, 2023<\/a><\/blockquote><script async src=\"https:\/\/platform.twitter.com\/widgets.js\" charset=\"utf-8\"><\/script>\n<\/div><\/figure>\n\n\n\n<div class=\"wp-block-image\"><figure class=\"aligncenter size-large\"><img loading=\"lazy\" decoding=\"async\" width=\"300\" height=\"250\" src=\"https:\/\/jornalfatosenoticias.com.br\/wp-content\/uploads\/2022\/08\/arte-Casarao.jpg\" alt=\"\" class=\"wp-image-33178\"\/><\/figure><\/div>\n\n\n\n<p>O analista pol\u00edtico Leandro Ruschel comentou a brutalidade do governo de Maduro e a recep\u00e7\u00e3o por Lula. \u201cDitador sanguin\u00e1rio Maduro, acusado de crimes contra a humanidade, como tortura e assassinato de oponentes, al\u00e9m de ter levado mais de 90% dos venezuelanos \u00e0 pobreza extrema, \u00e9 recebido de bra\u00e7os abertos pelo governo do descondenado\u201d.<\/p>\n\n\n\n<figure class=\"wp-block-embed-twitter wp-block-embed is-type-rich is-provider-twitter\"><div class=\"wp-block-embed__wrapper\">\nhttps:\/\/twitter.com\/leandroruschel\/status\/1663011564247478273?ref_src=twsrc%5Etfw%7Ctwcamp%5Etweetembed%7Ctwterm%5E1663011564247478273%7Ctwgr%5Eba80cc32779776301035d702fd418990332e2a40%7Ctwcon%5Es1_&#038;ref_url=https%3A%2F%2Frevistaoeste.com%2Fpolitica%2Frepercussao-do-encontro-entre-maduro-e-lula-retrocesso-e-vergonha-nacional%2F\n<\/div><\/figure>\n\n\n\n<p>Em outro post, Ruschel tamb\u00e9m lembrou que o TSE impediu a divulga\u00e7\u00e3o de informa\u00e7\u00f5es sobre a proximidade de Lula com ditadores da Am\u00e9rica Latina.<\/p>\n\n\n\n<div class=\"wp-block-image\"><figure class=\"aligncenter size-large is-resized\"><img loading=\"lazy\" decoding=\"async\" src=\"https:\/\/jornalfatosenoticias.com.br\/wp-content\/uploads\/2022\/02\/Banner-2.png\" alt=\"\" class=\"wp-image-27877\" width=\"278\" height=\"232\"\/><\/figure><\/div>\n\n\n\n<figure class=\"wp-block-embed-twitter wp-block-embed is-type-rich is-provider-twitter\"><div class=\"wp-block-embed__wrapper\">\nhttps:\/\/twitter.com\/leandroruschel\/status\/1663151394617012225?ref_src=twsrc%5Etfw%7Ctwcamp%5Etweetembed%7Ctwterm%5E1663151394617012225%7Ctwgr%5Eba80cc32779776301035d702fd418990332e2a40%7Ctwcon%5Es1_&#038;ref_url=https%3A%2F%2Frevistaoeste.com%2Fpolitica%2Frepercussao-do-encontro-entre-maduro-e-lula-retrocesso-e-vergonha-nacional%2F\n<\/div><\/figure>\n\n\n\n<div class=\"wp-block-image\"><figure class=\"aligncenter size-large is-resized\"><img loading=\"lazy\" decoding=\"async\" src=\"https:\/\/jornalfatosenoticias.com.br\/wp-content\/uploads\/2023\/03\/Crypton-1000-\u00d7-900-px-300x270-1.png\" alt=\"\" class=\"wp-image-40206\" width=\"248\" height=\"223\"\/><\/figure><\/div>\n\n\n\n<p>O jornalista e ex-deputado federal Paulo Eduardo Martins (PL-PR) considerou uma \u201cvergonha nacional\u201d um \u201cditador comunista, assassinato e ladr\u00e3o\u201d ser recebido com pompa no Brasil.<\/p>\n\n\n\n<figure class=\"wp-block-embed-twitter wp-block-embed is-type-rich is-provider-twitter\"><div class=\"wp-block-embed__wrapper\">\n<blockquote class=\"twitter-tweet\" data-width=\"550\" data-dnt=\"true\"><p lang=\"pt\" dir=\"ltr\">Maduro, um ditador comunista, assassinato e ladr\u00e3o, \u00e9 recebido com pompa no Brasil.  No per\u00edodo NeoLul\u00edtico, a vergonha nacional est\u00e1 abaixo do pr\u00e9-sal. <a href=\"https:\/\/t.co\/ooxG3EWrat\">https:\/\/t.co\/ooxG3EWrat<\/a><\/p>&mdash; Paulo Eduardo Martins (@PauloMartins10) <a href=\"https:\/\/twitter.com\/PauloMartins10\/status\/1663016787246497792?ref_src=twsrc%5Etfw\">May 29, 2023<\/a><\/blockquote><script async src=\"https:\/\/platform.twitter.com\/widgets.js\" charset=\"utf-8\"><\/script>\n<\/div><\/figure>\n\n\n\n<p>A \u00faltima vez que Maduro esteve no Brasil foi em 2015, para a posse de Dilma Rousseff (PT).<\/p>\n\n\n\n<div class=\"wp-block-image\"><figure class=\"aligncenter size-large\"><img decoding=\"async\" src=\"https:\/\/jornalfatosenoticias.com.br\/wp-content\/uploads\/2020\/02\/logo-embacia-1-1024x110.jpg\" alt=\"\" class=\"wp-image-33954\"\/><\/figure><\/div>\n\n\n\n<p><strong><em>Fonte: <a href=\"https:\/\/revistaoeste.com\/politica\/repercussao-do-encontro-entre-maduro-e-lula-retrocesso-e-vergonha-nacional\/\">Revista Oeste<\/a><\/em><\/strong><\/p>\n","protected":false},"excerpt":{"rendered":"<p>Pol\u00edticos e analistas lembraram que ditadura da Venezuela \u00e9 cruel e persegue advers\u00e1rios pol\u00edticos Pol\u00edticos e analistas criticaram com dureza a vinda do ditador da Venezuela, Nicol\u00e1s Maduro, ao Brasil. Retrocesso foi a palavra mais utilizada para classificar a retomada da rela\u00e7\u00e3o entre os dois pa\u00edses. Em 2019, depois das den\u00fancias de fraudes nas elei\u00e7\u00f5es [&hellip;]<\/p>\n","protected":false},"author":2,"featured_media":41838,"comment_status":"open","ping_status":"open","sticky":false,"template":"","format":"standard","meta":{"footnotes":""},"categories":[5],"tags":[13870,19097,8605],"class_list":["post-41837","post","type-post","status-publish","format-standard","has-post-thumbnail","hentry","category-geral","tag-luiz-inacio-lula-da-silva","tag-nicolas-maduro","tag-venezuela"],"yoast_head":"<!-- This site is optimized with the Yoast SEO plugin v26.5 - https:\/\/yoast.com\/wordpress\/plugins\/seo\/ -->\n<title>Repercuss\u00e3o do encontro entre Maduro e Lula: \u2018retrocesso\u2019 e \u2018vergonha nacional\u2019 - Jornal Fatos e Not\u00edcias<\/title>\n<meta name=\"robots\" content=\"index, follow, max-snippet:-1, max-image-preview:large, max-video-preview:-1\" \/>\n<link rel=\"canonical\" href=\"https:\/\/jornalfatosenoticias.com.br\/index.php\/2023\/05\/29\/repercussao-do-encontro-entre-maduro-e-lula-retrocesso-e-vergonha-nacional\/\" \/>\n<meta property=\"og:locale\" content=\"pt_BR\" \/>\n<meta property=\"og:type\" content=\"article\" \/>\n<meta property=\"og:title\" content=\"Repercuss\u00e3o do encontro entre Maduro e Lula: \u2018retrocesso\u2019 e \u2018vergonha nacional\u2019 - Jornal Fatos e Not\u00edcias\" \/>\n<meta property=\"og:description\" content=\"Pol\u00edticos e analistas lembraram que ditadura da Venezuela \u00e9 cruel e persegue advers\u00e1rios pol\u00edticos Pol\u00edticos e analistas criticaram com dureza a vinda do ditador da Venezuela, Nicol\u00e1s Maduro, ao Brasil. Retrocesso foi a palavra mais utilizada para classificar a retomada da rela\u00e7\u00e3o entre os dois pa\u00edses. Em 2019, depois das den\u00fancias de fraudes nas elei\u00e7\u00f5es [&hellip;]\" \/>\n<meta property=\"og:url\" content=\"https:\/\/jornalfatosenoticias.com.br\/index.php\/2023\/05\/29\/repercussao-do-encontro-entre-maduro-e-lula-retrocesso-e-vergonha-nacional\/\" \/>\n<meta property=\"og:site_name\" content=\"Jornal Fatos e Not\u00edcias\" \/>\n<meta property=\"article:published_time\" content=\"2023-05-29T14:09:44+00:00\" \/>\n<meta property=\"article:modified_time\" content=\"2023-05-29T14:09:46+00:00\" \/>\n<meta property=\"og:image\" content=\"https:\/\/jornalfatosenoticias.com.br\/wp-content\/uploads\/2023\/05\/Maduro-chega-a-Brasilia-ditador.jpg\" \/>\n\t<meta property=\"og:image:width\" content=\"1000\" \/>\n\t<meta property=\"og:image:height\" content=\"562\" \/>\n\t<meta property=\"og:image:type\" content=\"image\/jpeg\" \/>\n<meta name=\"author\" content=\"Luzimara Fernandes\" \/>\n<meta name=\"twitter:card\" content=\"summary_large_image\" \/>\n<meta name=\"twitter:label1\" content=\"Escrito por\" \/>\n\t<meta name=\"twitter:data1\" content=\"Luzimara Fernandes\" \/>\n\t<meta name=\"twitter:label2\" content=\"Est. tempo de leitura\" \/>\n\t<meta name=\"twitter:data2\" content=\"4 minutos\" \/>\n<script type=\"application\/ld+json\" class=\"yoast-schema-graph\">{\"@context\":\"https:\/\/schema.org\",\"@graph\":[{\"@type\":\"Article\",\"@id\":\"https:\/\/jornalfatosenoticias.com.br\/index.php\/2023\/05\/29\/repercussao-do-encontro-entre-maduro-e-lula-retrocesso-e-vergonha-nacional\/#article\",\"isPartOf\":{\"@id\":\"https:\/\/jornalfatosenoticias.com.br\/index.php\/2023\/05\/29\/repercussao-do-encontro-entre-maduro-e-lula-retrocesso-e-vergonha-nacional\/\"},\"author\":{\"name\":\"Luzimara Fernandes\",\"@id\":\"https:\/\/jornalfatosenoticias.com.br\/#\/schema\/person\/d63837fa13ac8666eb9e74e0985d6f81\"},\"headline\":\"Repercuss\u00e3o do encontro entre Maduro e Lula: \u2018retrocesso\u2019 e \u2018vergonha nacional\u2019\",\"datePublished\":\"2023-05-29T14:09:44+00:00\",\"dateModified\":\"2023-05-29T14:09:46+00:00\",\"mainEntityOfPage\":{\"@id\":\"https:\/\/jornalfatosenoticias.com.br\/index.php\/2023\/05\/29\/repercussao-do-encontro-entre-maduro-e-lula-retrocesso-e-vergonha-nacional\/\"},\"wordCount\":768,\"commentCount\":0,\"publisher\":{\"@id\":\"https:\/\/jornalfatosenoticias.com.br\/#organization\"},\"image\":{\"@id\":\"https:\/\/jornalfatosenoticias.com.br\/index.php\/2023\/05\/29\/repercussao-do-encontro-entre-maduro-e-lula-retrocesso-e-vergonha-nacional\/#primaryimage\"},\"thumbnailUrl\":\"https:\/\/jornalfatosenoticias.com.br\/wp-content\/uploads\/2023\/05\/Maduro-chega-a-Brasilia-ditador.jpg\",\"keywords\":[\"Luiz In\u00e1cio Lula da Silva\",\"Nicol\u00e1s Maduro\",\"Venezuela\"],\"articleSection\":[\"Geral\"],\"inLanguage\":\"pt-BR\",\"potentialAction\":[{\"@type\":\"CommentAction\",\"name\":\"Comment\",\"target\":[\"https:\/\/jornalfatosenoticias.com.br\/index.php\/2023\/05\/29\/repercussao-do-encontro-entre-maduro-e-lula-retrocesso-e-vergonha-nacional\/#respond\"]}]},{\"@type\":\"WebPage\",\"@id\":\"https:\/\/jornalfatosenoticias.com.br\/index.php\/2023\/05\/29\/repercussao-do-encontro-entre-maduro-e-lula-retrocesso-e-vergonha-nacional\/\",\"url\":\"https:\/\/jornalfatosenoticias.com.br\/index.php\/2023\/05\/29\/repercussao-do-encontro-entre-maduro-e-lula-retrocesso-e-vergonha-nacional\/\",\"name\":\"Repercuss\u00e3o do encontro entre Maduro e Lula: \u2018retrocesso\u2019 e \u2018vergonha nacional\u2019 - Jornal Fatos e Not\u00edcias\",\"isPartOf\":{\"@id\":\"https:\/\/jornalfatosenoticias.com.br\/#website\"},\"primaryImageOfPage\":{\"@id\":\"https:\/\/jornalfatosenoticias.com.br\/index.php\/2023\/05\/29\/repercussao-do-encontro-entre-maduro-e-lula-retrocesso-e-vergonha-nacional\/#primaryimage\"},\"image\":{\"@id\":\"https:\/\/jornalfatosenoticias.com.br\/index.php\/2023\/05\/29\/repercussao-do-encontro-entre-maduro-e-lula-retrocesso-e-vergonha-nacional\/#primaryimage\"},\"thumbnailUrl\":\"https:\/\/jornalfatosenoticias.com.br\/wp-content\/uploads\/2023\/05\/Maduro-chega-a-Brasilia-ditador.jpg\",\"datePublished\":\"2023-05-29T14:09:44+00:00\",\"dateModified\":\"2023-05-29T14:09:46+00:00\",\"breadcrumb\":{\"@id\":\"https:\/\/jornalfatosenoticias.com.br\/index.php\/2023\/05\/29\/repercussao-do-encontro-entre-maduro-e-lula-retrocesso-e-vergonha-nacional\/#breadcrumb\"},\"inLanguage\":\"pt-BR\",\"potentialAction\":[{\"@type\":\"ReadAction\",\"target\":[\"https:\/\/jornalfatosenoticias.com.br\/index.php\/2023\/05\/29\/repercussao-do-encontro-entre-maduro-e-lula-retrocesso-e-vergonha-nacional\/\"]}]},{\"@type\":\"ImageObject\",\"inLanguage\":\"pt-BR\",\"@id\":\"https:\/\/jornalfatosenoticias.com.br\/index.php\/2023\/05\/29\/repercussao-do-encontro-entre-maduro-e-lula-retrocesso-e-vergonha-nacional\/#primaryimage\",\"url\":\"https:\/\/jornalfatosenoticias.com.br\/wp-content\/uploads\/2023\/05\/Maduro-chega-a-Brasilia-ditador.jpg\",\"contentUrl\":\"https:\/\/jornalfatosenoticias.com.br\/wp-content\/uploads\/2023\/05\/Maduro-chega-a-Brasilia-ditador.jpg\",\"width\":1000,\"height\":562},{\"@type\":\"BreadcrumbList\",\"@id\":\"https:\/\/jornalfatosenoticias.com.br\/index.php\/2023\/05\/29\/repercussao-do-encontro-entre-maduro-e-lula-retrocesso-e-vergonha-nacional\/#breadcrumb\",\"itemListElement\":[{\"@type\":\"ListItem\",\"position\":1,\"name\":\"In\u00edcio\",\"item\":\"https:\/\/jornalfatosenoticias.com.br\/\"},{\"@type\":\"ListItem\",\"position\":2,\"name\":\"Repercuss\u00e3o do encontro entre Maduro e Lula: \u2018retrocesso\u2019 e \u2018vergonha nacional\u2019\"}]},{\"@type\":\"WebSite\",\"@id\":\"https:\/\/jornalfatosenoticias.com.br\/#website\",\"url\":\"https:\/\/jornalfatosenoticias.com.br\/\",\"name\":\"Jornal Fatos e Not\u00edcias\",\"description\":\"Not\u00edcias em geral\",\"publisher\":{\"@id\":\"https:\/\/jornalfatosenoticias.com.br\/#organization\"},\"potentialAction\":[{\"@type\":\"SearchAction\",\"target\":{\"@type\":\"EntryPoint\",\"urlTemplate\":\"https:\/\/jornalfatosenoticias.com.br\/?s={search_term_string}\"},\"query-input\":{\"@type\":\"PropertyValueSpecification\",\"valueRequired\":true,\"valueName\":\"search_term_string\"}}],\"inLanguage\":\"pt-BR\"},{\"@type\":\"Organization\",\"@id\":\"https:\/\/jornalfatosenoticias.com.br\/#organization\",\"name\":\"Jornal Fatos e Not\u00edcias\",\"url\":\"https:\/\/jornalfatosenoticias.com.br\/\",\"logo\":{\"@type\":\"ImageObject\",\"inLanguage\":\"pt-BR\",\"@id\":\"https:\/\/jornalfatosenoticias.com.br\/#\/schema\/logo\/image\/\",\"url\":\"https:\/\/jornalfatosenoticias.com.br\/wp-content\/uploads\/2020\/02\/logo120.png\",\"contentUrl\":\"https:\/\/jornalfatosenoticias.com.br\/wp-content\/uploads\/2020\/02\/logo120.png\",\"width\":1227,\"height\":120,\"caption\":\"Jornal Fatos e Not\u00edcias\"},\"image\":{\"@id\":\"https:\/\/jornalfatosenoticias.com.br\/#\/schema\/logo\/image\/\"}},{\"@type\":\"Person\",\"@id\":\"https:\/\/jornalfatosenoticias.com.br\/#\/schema\/person\/d63837fa13ac8666eb9e74e0985d6f81\",\"name\":\"Luzimara Fernandes\",\"image\":{\"@type\":\"ImageObject\",\"inLanguage\":\"pt-BR\",\"@id\":\"https:\/\/jornalfatosenoticias.com.br\/#\/schema\/person\/image\/\",\"url\":\"https:\/\/jornalfatosenoticias.com.br\/wp-content\/uploads\/2025\/05\/EU_portal.jpg\",\"contentUrl\":\"https:\/\/jornalfatosenoticias.com.br\/wp-content\/uploads\/2025\/05\/EU_portal.jpg\",\"caption\":\"Luzimara Fernandes\"},\"description\":\"Jornalista MTB 2358-ES\",\"sameAs\":[\"https:\/\/jornalfatosenoticias.com.br\"],\"url\":\"https:\/\/jornalfatosenoticias.com.br\/index.php\/author\/luzimara\/\"}]}<\/script>\n<!-- \/ Yoast SEO plugin. -->","yoast_head_json":{"title":"Repercuss\u00e3o do encontro entre Maduro e Lula: \u2018retrocesso\u2019 e \u2018vergonha nacional\u2019 - Jornal Fatos e Not\u00edcias","robots":{"index":"index","follow":"follow","max-snippet":"max-snippet:-1","max-image-preview":"max-image-preview:large","max-video-preview":"max-video-preview:-1"},"canonical":"https:\/\/jornalfatosenoticias.com.br\/index.php\/2023\/05\/29\/repercussao-do-encontro-entre-maduro-e-lula-retrocesso-e-vergonha-nacional\/","og_locale":"pt_BR","og_type":"article","og_title":"Repercuss\u00e3o do encontro entre Maduro e Lula: \u2018retrocesso\u2019 e \u2018vergonha nacional\u2019 - Jornal Fatos e Not\u00edcias","og_description":"Pol\u00edticos e analistas lembraram que ditadura da Venezuela \u00e9 cruel e persegue advers\u00e1rios pol\u00edticos Pol\u00edticos e analistas criticaram com dureza a vinda do ditador da Venezuela, Nicol\u00e1s Maduro, ao Brasil. Retrocesso foi a palavra mais utilizada para classificar a retomada da rela\u00e7\u00e3o entre os dois pa\u00edses. Em 2019, depois das den\u00fancias de fraudes nas elei\u00e7\u00f5es [&hellip;]","og_url":"https:\/\/jornalfatosenoticias.com.br\/index.php\/2023\/05\/29\/repercussao-do-encontro-entre-maduro-e-lula-retrocesso-e-vergonha-nacional\/","og_site_name":"Jornal Fatos e Not\u00edcias","article_published_time":"2023-05-29T14:09:44+00:00","article_modified_time":"2023-05-29T14:09:46+00:00","og_image":[{"width":1000,"height":562,"url":"https:\/\/jornalfatosenoticias.com.br\/wp-content\/uploads\/2023\/05\/Maduro-chega-a-Brasilia-ditador.jpg","type":"image\/jpeg"}],"author":"Luzimara Fernandes","twitter_card":"summary_large_image","twitter_misc":{"Escrito por":"Luzimara Fernandes","Est. tempo de leitura":"4 minutos"},"schema":{"@context":"https:\/\/schema.org","@graph":[{"@type":"Article","@id":"https:\/\/jornalfatosenoticias.com.br\/index.php\/2023\/05\/29\/repercussao-do-encontro-entre-maduro-e-lula-retrocesso-e-vergonha-nacional\/#article","isPartOf":{"@id":"https:\/\/jornalfatosenoticias.com.br\/index.php\/2023\/05\/29\/repercussao-do-encontro-entre-maduro-e-lula-retrocesso-e-vergonha-nacional\/"},"author":{"name":"Luzimara Fernandes","@id":"https:\/\/jornalfatosenoticias.com.br\/#\/schema\/person\/d63837fa13ac8666eb9e74e0985d6f81"},"headline":"Repercuss\u00e3o do encontro entre Maduro e Lula: \u2018retrocesso\u2019 e \u2018vergonha nacional\u2019","datePublished":"2023-05-29T14:09:44+00:00","dateModified":"2023-05-29T14:09:46+00:00","mainEntityOfPage":{"@id":"https:\/\/jornalfatosenoticias.com.br\/index.php\/2023\/05\/29\/repercussao-do-encontro-entre-maduro-e-lula-retrocesso-e-vergonha-nacional\/"},"wordCount":768,"commentCount":0,"publisher":{"@id":"https:\/\/jornalfatosenoticias.com.br\/#organization"},"image":{"@id":"https:\/\/jornalfatosenoticias.com.br\/index.php\/2023\/05\/29\/repercussao-do-encontro-entre-maduro-e-lula-retrocesso-e-vergonha-nacional\/#primaryimage"},"thumbnailUrl":"https:\/\/jornalfatosenoticias.com.br\/wp-content\/uploads\/2023\/05\/Maduro-chega-a-Brasilia-ditador.jpg","keywords":["Luiz In\u00e1cio Lula da Silva","Nicol\u00e1s Maduro","Venezuela"],"articleSection":["Geral"],"inLanguage":"pt-BR","potentialAction":[{"@type":"CommentAction","name":"Comment","target":["https:\/\/jornalfatosenoticias.com.br\/index.php\/2023\/05\/29\/repercussao-do-encontro-entre-maduro-e-lula-retrocesso-e-vergonha-nacional\/#respond"]}]},{"@type":"WebPage","@id":"https:\/\/jornalfatosenoticias.com.br\/index.php\/2023\/05\/29\/repercussao-do-encontro-entre-maduro-e-lula-retrocesso-e-vergonha-nacional\/","url":"https:\/\/jornalfatosenoticias.com.br\/index.php\/2023\/05\/29\/repercussao-do-encontro-entre-maduro-e-lula-retrocesso-e-vergonha-nacional\/","name":"Repercuss\u00e3o do encontro entre Maduro e Lula: \u2018retrocesso\u2019 e \u2018vergonha nacional\u2019 - Jornal Fatos e Not\u00edcias","isPartOf":{"@id":"https:\/\/jornalfatosenoticias.com.br\/#website"},"primaryImageOfPage":{"@id":"https:\/\/jornalfatosenoticias.com.br\/index.php\/2023\/05\/29\/repercussao-do-encontro-entre-maduro-e-lula-retrocesso-e-vergonha-nacional\/#primaryimage"},"image":{"@id":"https:\/\/jornalfatosenoticias.com.br\/index.php\/2023\/05\/29\/repercussao-do-encontro-entre-maduro-e-lula-retrocesso-e-vergonha-nacional\/#primaryimage"},"thumbnailUrl":"https:\/\/jornalfatosenoticias.com.br\/wp-content\/uploads\/2023\/05\/Maduro-chega-a-Brasilia-ditador.jpg","datePublished":"2023-05-29T14:09:44+00:00","dateModified":"2023-05-29T14:09:46+00:00","breadcrumb":{"@id":"https:\/\/jornalfatosenoticias.com.br\/index.php\/2023\/05\/29\/repercussao-do-encontro-entre-maduro-e-lula-retrocesso-e-vergonha-nacional\/#breadcrumb"},"inLanguage":"pt-BR","potentialAction":[{"@type":"ReadAction","target":["https:\/\/jornalfatosenoticias.com.br\/index.php\/2023\/05\/29\/repercussao-do-encontro-entre-maduro-e-lula-retrocesso-e-vergonha-nacional\/"]}]},{"@type":"ImageObject","inLanguage":"pt-BR","@id":"https:\/\/jornalfatosenoticias.com.br\/index.php\/2023\/05\/29\/repercussao-do-encontro-entre-maduro-e-lula-retrocesso-e-vergonha-nacional\/#primaryimage","url":"https:\/\/jornalfatosenoticias.com.br\/wp-content\/uploads\/2023\/05\/Maduro-chega-a-Brasilia-ditador.jpg","contentUrl":"https:\/\/jornalfatosenoticias.com.br\/wp-content\/uploads\/2023\/05\/Maduro-chega-a-Brasilia-ditador.jpg","width":1000,"height":562},{"@type":"BreadcrumbList","@id":"https:\/\/jornalfatosenoticias.com.br\/index.php\/2023\/05\/29\/repercussao-do-encontro-entre-maduro-e-lula-retrocesso-e-vergonha-nacional\/#breadcrumb","itemListElement":[{"@type":"ListItem","position":1,"name":"In\u00edcio","item":"https:\/\/jornalfatosenoticias.com.br\/"},{"@type":"ListItem","position":2,"name":"Repercuss\u00e3o do encontro entre Maduro e Lula: \u2018retrocesso\u2019 e \u2018vergonha nacional\u2019"}]},{"@type":"WebSite","@id":"https:\/\/jornalfatosenoticias.com.br\/#website","url":"https:\/\/jornalfatosenoticias.com.br\/","name":"Jornal Fatos e Not\u00edcias","description":"Not\u00edcias em geral","publisher":{"@id":"https:\/\/jornalfatosenoticias.com.br\/#organization"},"potentialAction":[{"@type":"SearchAction","target":{"@type":"EntryPoint","urlTemplate":"https:\/\/jornalfatosenoticias.com.br\/?s={search_term_string}"},"query-input":{"@type":"PropertyValueSpecification","valueRequired":true,"valueName":"search_term_string"}}],"inLanguage":"pt-BR"},{"@type":"Organization","@id":"https:\/\/jornalfatosenoticias.com.br\/#organization","name":"Jornal Fatos e Not\u00edcias","url":"https:\/\/jornalfatosenoticias.com.br\/","logo":{"@type":"ImageObject","inLanguage":"pt-BR","@id":"https:\/\/jornalfatosenoticias.com.br\/#\/schema\/logo\/image\/","url":"https:\/\/jornalfatosenoticias.com.br\/wp-content\/uploads\/2020\/02\/logo120.png","contentUrl":"https:\/\/jornalfatosenoticias.com.br\/wp-content\/uploads\/2020\/02\/logo120.png","width":1227,"height":120,"caption":"Jornal Fatos e Not\u00edcias"},"image":{"@id":"https:\/\/jornalfatosenoticias.com.br\/#\/schema\/logo\/image\/"}},{"@type":"Person","@id":"https:\/\/jornalfatosenoticias.com.br\/#\/schema\/person\/d63837fa13ac8666eb9e74e0985d6f81","name":"Luzimara Fernandes","image":{"@type":"ImageObject","inLanguage":"pt-BR","@id":"https:\/\/jornalfatosenoticias.com.br\/#\/schema\/person\/image\/","url":"https:\/\/jornalfatosenoticias.com.br\/wp-content\/uploads\/2025\/05\/EU_portal.jpg","contentUrl":"https:\/\/jornalfatosenoticias.com.br\/wp-content\/uploads\/2025\/05\/EU_portal.jpg","caption":"Luzimara Fernandes"},"description":"Jornalista MTB 2358-ES","sameAs":["https:\/\/jornalfatosenoticias.com.br"],"url":"https:\/\/jornalfatosenoticias.com.br\/index.php\/author\/luzimara\/"}]}},"cc_featured_image_caption":{"caption_text":"(Foto: Divulga\u00e7\u00e3o\/Nicol\u00e1s Maduro)","source_text":"","source_url":""},"jetpack_featured_media_url":"https:\/\/jornalfatosenoticias.com.br\/wp-content\/uploads\/2023\/05\/Maduro-chega-a-Brasilia-ditador.jpg","_links":{"self":[{"href":"https:\/\/jornalfatosenoticias.com.br\/index.php\/wp-json\/wp\/v2\/posts\/41837","targetHints":{"allow":["GET"]}}],"collection":[{"href":"https:\/\/jornalfatosenoticias.com.br\/index.php\/wp-json\/wp\/v2\/posts"}],"about":[{"href":"https:\/\/jornalfatosenoticias.com.br\/index.php\/wp-json\/wp\/v2\/types\/post"}],"author":[{"embeddable":true,"href":"https:\/\/jornalfatosenoticias.com.br\/index.php\/wp-json\/wp\/v2\/users\/2"}],"replies":[{"embeddable":true,"href":"https:\/\/jornalfatosenoticias.com.br\/index.php\/wp-json\/wp\/v2\/comments?post=41837"}],"version-history":[{"count":0,"href":"https:\/\/jornalfatosenoticias.com.br\/index.php\/wp-json\/wp\/v2\/posts\/41837\/revisions"}],"wp:featuredmedia":[{"embeddable":true,"href":"https:\/\/jornalfatosenoticias.com.br\/index.php\/wp-json\/wp\/v2\/media\/41838"}],"wp:attachment":[{"href":"https:\/\/jornalfatosenoticias.com.br\/index.php\/wp-json\/wp\/v2\/media?parent=41837"}],"wp:term":[{"taxonomy":"category","embeddable":true,"href":"https:\/\/jornalfatosenoticias.com.br\/index.php\/wp-json\/wp\/v2\/categories?post=41837"},{"taxonomy":"post_tag","embeddable":true,"href":"https:\/\/jornalfatosenoticias.com.br\/index.php\/wp-json\/wp\/v2\/tags?post=41837"}],"curies":[{"name":"wp","href":"https:\/\/api.w.org\/{rel}","templated":true}]}}