{"id":41862,"date":"2023-05-29T18:40:33","date_gmt":"2023-05-29T21:40:33","guid":{"rendered":"https:\/\/jornalfatosenoticias.com.br\/?p=41862"},"modified":"2023-05-29T19:19:17","modified_gmt":"2023-05-29T22:19:17","slug":"silvia-vanders-lanca-novo-livro-de-poesias","status":"publish","type":"post","link":"https:\/\/jornalfatosenoticias.com.br\/index.php\/2023\/05\/29\/silvia-vanders-lanca-novo-livro-de-poesias\/","title":{"rendered":"Silvia Vanderss lan\u00e7a novo livro de poesias"},"content":{"rendered":"\n<p><span class=\"has-inline-color has-black-color\"><em>Colunista do <strong>Fatos &amp; Not\u00edcias<\/strong>, autora capixaba lan\u00e7ou, pela Amazon, o seu s\u00e9timo livro, \u2018Al\u00e9m do Ego\u2019<\/em><\/span><\/p>\n\n\n\n<div class=\"wp-block-image\"><figure class=\"aligncenter size-large\"><img loading=\"lazy\" decoding=\"async\" width=\"1024\" height=\"100\" src=\"https:\/\/jornalfatosenoticias.com.br\/wp-content\/uploads\/2022\/05\/NOVA-LOGO-CESCONETTO-1024x100.jpg\" alt=\"\" class=\"wp-image-30792\" srcset=\"https:\/\/jornalfatosenoticias.com.br\/wp-content\/uploads\/2022\/05\/NOVA-LOGO-CESCONETTO-1024x100.jpg 1024w, https:\/\/jornalfatosenoticias.com.br\/wp-content\/uploads\/2022\/05\/NOVA-LOGO-CESCONETTO-300x29.jpg 300w, https:\/\/jornalfatosenoticias.com.br\/wp-content\/uploads\/2022\/05\/NOVA-LOGO-CESCONETTO-768x75.jpg 768w, https:\/\/jornalfatosenoticias.com.br\/wp-content\/uploads\/2022\/05\/NOVA-LOGO-CESCONETTO.jpg 1280w\" sizes=\"auto, (max-width: 1024px) 100vw, 1024px\" \/><\/figure><\/div>\n\n\n\n<p>No \u00faltimo s\u00e1bado (27), a escritora e colunista deste jornal, Silvia Vanderss, lan\u00e7ou, pela Amazon, o livro de poesias \u2018Al\u00e9m do Ego\u2019. A autora capixaba \u00e9 formada em Administra\u00e7\u00e3o e Letras, e tem, agora, sete obras publicadas e que abrangem os g\u00eaneros, romance, suspense e poesia, al\u00e9m do Blog liter\u00e1rio: www.silviavanderss.com.br. &#8220;Al\u00e9m do Ego&#8221; veio para fazer as pessoas refletirem e procurar ser melhores. Foi pensado para o p\u00fablico do <strong>Fatos &amp; Not\u00edcias<\/strong>&#8220;, disse a autora.<\/p>\n\n\n\n<div class=\"wp-block-image\"><figure class=\"aligncenter size-large is-resized\"><img loading=\"lazy\" decoding=\"async\" src=\"https:\/\/jornalfatosenoticias.com.br\/wp-content\/uploads\/2023\/03\/Crypton-1000-\u00d7-900-px-300x270-1.png\" alt=\"\" class=\"wp-image-40206\" width=\"257\" height=\"231\"\/><\/figure><\/div>\n\n\n\n<p>Em entrevista de pr\u00e9-lan\u00e7amento, a escritora nos contou como a leitura entrou em sua vida, e como hoje dedica-se exclusivamente \u00e0 escrita. Silvia contou que desde sempre gostou de ler e escrever. Que, sempre teve a imagina\u00e7\u00e3o muito f\u00e9rtil, o que a fez desenvolver a escrita. Al\u00e9m da vasta imagina\u00e7\u00e3o, grandes autores fizeram parte da sua vida e s\u00e3o inspira\u00e7\u00f5es para a empreitada liter\u00e1ria. Nomes como Agatha Christie, Vin\u00edcius de Moraes, Thomas Harris e Nicholas Sparks, com suas encantadoras hist\u00f3rias, fizeram com que nascesse mais uma escritora.<\/p>\n\n\n\n<div class=\"wp-block-image\"><figure class=\"aligncenter size-large is-resized\"><img loading=\"lazy\" decoding=\"async\" src=\"https:\/\/jornalfatosenoticias.com.br\/wp-content\/uploads\/2023\/03\/logo_Juliana-Graca.jpg\" alt=\"\" class=\"wp-image-39283\" width=\"265\" height=\"196\"\/><\/figure><\/div>\n\n\n\n<blockquote class=\"wp-block-quote is-layout-flow wp-block-quote-is-layout-flow\"><p><span class=\"has-inline-color has-luminous-vivid-orange-color\">Eu sempre fui uma leitora ass\u00eddua, desde pequena. Me recordo de, aos sete oito anos, ser uma das primeiras a chegar \u00e0 biblioteca da escola. E, assim, fui me descobrindo uma leitora e, posteriormente, como autora. Eu lia muito Vin\u00edcius de Moraes, as poesias e os poemas dele me encantavam\u201d, explica.<\/span><\/p><\/blockquote>\n\n\n\n<div class=\"wp-block-image\"><figure class=\"aligncenter size-large is-resized\"><img loading=\"lazy\" decoding=\"async\" src=\"https:\/\/jornalfatosenoticias.com.br\/wp-content\/uploads\/2023\/03\/nova-logo-Marquetti.jpg\" alt=\"\" class=\"wp-image-40207\" width=\"258\" height=\"173\" srcset=\"https:\/\/jornalfatosenoticias.com.br\/wp-content\/uploads\/2023\/03\/nova-logo-Marquetti.jpg 643w, https:\/\/jornalfatosenoticias.com.br\/wp-content\/uploads\/2023\/03\/nova-logo-Marquetti-300x202.jpg 300w\" sizes=\"auto, (max-width: 258px) 100vw, 258px\" \/><\/figure><\/div>\n\n\n\n<p>A autora de Jacara\u00edpe, se descobriu escritora ainda na inf\u00e2ncia. Na adolesc\u00eancia, recebeu, da av\u00f3 paterna, uma m\u00e1quina de escrever. Foi ent\u00e3o que a m\u00e1gica aconteceu. \u201cMinha av\u00f3 me incentivou a passar tudo o que eu pensava para o papel e foi assim que comecei a escrever. Apesar de ser muito nova e de estar iniciando na literatura, eu tinha o maior prazer e orgulho de apresentar os meus textos. Eu lia minhas poesias para todo mundo, inclusive os meus colegas de trabalho. Nunca me acanhei de apresent\u00e1-las. Isso me incentivou muito a crescer como escritora, pois as pessoas que liam os meus textos, falavam que eu tinha talento\u201d, ressalta.<\/p>\n\n\n\n<div class=\"wp-block-image\"><figure class=\"aligncenter size-large is-resized\"><img loading=\"lazy\" decoding=\"async\" src=\"https:\/\/jornalfatosenoticias.com.br\/wp-content\/uploads\/2022\/02\/FERRARI_MAQUINAS-E-FERRAMENTAS2.jpg\" alt=\"\" class=\"wp-image-27860\" width=\"253\" height=\"211\"\/><\/figure><\/div>\n\n\n\n<p>Entre os 12 e 13 anos, come\u00e7ou a esbo\u00e7ar alguns rascunhos. Curiosamente, Silvia revela que n\u00e3o tinha muito ou nenhum incentivo para ler em casa. Pois vem de uma fam\u00edlia humilde, cuja m\u00e3e \u00e9 dona de casa e o pai, caminhoneiro. Pessoas que n\u00e3o tinham a leitura como h\u00e1bito. \u201cCostumo dizer que nasci com esse dom e acabei passando esse h\u00e1bito para outras pessoas da fam\u00edlia tamb\u00e9m. Come\u00e7aram a admirar e se perguntar \u2018quem essa menina puxou\u2019? Meu pai era um que se perguntava isso. Mas a minha av\u00f3 paterna sempre quis ser escritora. Ela sempre me disse isso\u201d, cita.<\/p>\n\n\n\n<div class=\"wp-block-image\"><figure class=\"aligncenter size-large is-resized\"><img loading=\"lazy\" decoding=\"async\" src=\"https:\/\/jornalfatosenoticias.com.br\/wp-content\/uploads\/2022\/07\/Logo-Grupo-SEI.jpg\" alt=\"\" class=\"wp-image-31973\" width=\"315\" height=\"165\" srcset=\"https:\/\/jornalfatosenoticias.com.br\/wp-content\/uploads\/2022\/07\/Logo-Grupo-SEI.jpg 713w, https:\/\/jornalfatosenoticias.com.br\/wp-content\/uploads\/2022\/07\/Logo-Grupo-SEI-300x158.jpg 300w\" sizes=\"auto, (max-width: 315px) 100vw, 315px\" \/><\/figure><\/div>\n\n\n\n<p>Sobre os estilos liter\u00e1rios, Silvia relata que sempre gostou de suspense, mas, tamb\u00e9m, lia muito romance, por\u00e9m ingressou no mundo liter\u00e1rio com a poesia, estilo que sempre a encantou. \u201cEu me considero muito ecl\u00e9tica e vers\u00e1til, na minha literatura. Tanto escrevo quanto leio. N\u00e3o consigo ficar apenas numa linha. Amo os autores brasileiros, sobretudo os mais antigos como Alu\u00edsio Azevedo, que eu lia muito\u201d.<\/p>\n\n\n\n<div class=\"wp-block-image\"><figure class=\"aligncenter size-large is-resized\"><img loading=\"lazy\" decoding=\"async\" src=\"https:\/\/jornalfatosenoticias.com.br\/wp-content\/uploads\/2020\/02\/casa-do-torresmo_portal.jpg\" alt=\"\" class=\"wp-image-34472\" width=\"243\" height=\"243\" srcset=\"https:\/\/jornalfatosenoticias.com.br\/wp-content\/uploads\/2020\/02\/casa-do-torresmo_portal.jpg 300w, https:\/\/jornalfatosenoticias.com.br\/wp-content\/uploads\/2020\/02\/casa-do-torresmo_portal-150x150.jpg 150w\" sizes=\"auto, (max-width: 243px) 100vw, 243px\" \/><\/figure><\/div>\n\n\n\n<blockquote class=\"wp-block-quote is-layout-flow wp-block-quote-is-layout-flow\"><p><span class=\"has-inline-color has-luminous-vivid-orange-color\">Acredito que tenho um dom dado por Deus, pois possuo uma imagina\u00e7\u00e3o f\u00e9rtil e sempre elaborei hist\u00f3ria em pensamentos. Tamb\u00e9m costumo ter sonhos que despertam a minha criatividade. No meu processo de cria\u00e7\u00e3o, escrevo ouvindo m\u00fasicas\u201d, destaca.<\/span><\/p><\/blockquote>\n\n\n\n<div class=\"wp-block-image\"><figure class=\"aligncenter size-large\"><img loading=\"lazy\" decoding=\"async\" width=\"1024\" height=\"110\" src=\"https:\/\/jornalfatosenoticias.com.br\/wp-content\/uploads\/2022\/10\/Arte-jornal-Zucchi-1120x120_Prancheta-1-1024x110.jpg\" alt=\"\" class=\"wp-image-34772\" srcset=\"https:\/\/jornalfatosenoticias.com.br\/wp-content\/uploads\/2022\/10\/Arte-jornal-Zucchi-1120x120_Prancheta-1-1024x110.jpg 1024w, https:\/\/jornalfatosenoticias.com.br\/wp-content\/uploads\/2022\/10\/Arte-jornal-Zucchi-1120x120_Prancheta-1-300x32.jpg 300w, https:\/\/jornalfatosenoticias.com.br\/wp-content\/uploads\/2022\/10\/Arte-jornal-Zucchi-1120x120_Prancheta-1-768x82.jpg 768w, https:\/\/jornalfatosenoticias.com.br\/wp-content\/uploads\/2022\/10\/Arte-jornal-Zucchi-1120x120_Prancheta-1-1536x165.jpg 1536w, https:\/\/jornalfatosenoticias.com.br\/wp-content\/uploads\/2022\/10\/Arte-jornal-Zucchi-1120x120_Prancheta-1-2048x219.jpg 2048w\" sizes=\"auto, (max-width: 1024px) 100vw, 1024px\" \/><\/figure><\/div>\n\n\n\n<p>No suspense, um autor que a inspira muito \u00e9 Thomas Harris de \u2018O Sil\u00eancio dos Inocentes\u2019. Outra fonte de inspira\u00e7\u00e3o \u00e9 o cinema. Silvia se diz uma amante da s\u00e9tima arte, que serve de inspira\u00e7\u00e3o para muitos dos seus textos, pois \u00e9 um elemento agregador. Quando vou escrever sobre determinado assunto, gosto de assistir alguma obra similar para que me sirva de inspira\u00e7\u00e3o.<\/p>\n\n\n\n<div class=\"wp-block-image\"><figure class=\"aligncenter size-large is-resized\"><img loading=\"lazy\" decoding=\"async\" src=\"https:\/\/jornalfatosenoticias.com.br\/wp-content\/uploads\/2023\/03\/logo-Panper_portal.jpg\" alt=\"\" class=\"wp-image-40208\" width=\"280\" height=\"194\" srcset=\"https:\/\/jornalfatosenoticias.com.br\/wp-content\/uploads\/2023\/03\/logo-Panper_portal.jpg 400w, https:\/\/jornalfatosenoticias.com.br\/wp-content\/uploads\/2023\/03\/logo-Panper_portal-300x208.jpg 300w\" sizes=\"auto, (max-width: 280px) 100vw, 280px\" \/><\/figure><\/div>\n\n\n\n<p>Indagada sobre as adapta\u00e7\u00f5es liter\u00e1rias para as telonas, Silvia diz que, na maioria das vezes, a produ\u00e7\u00e3o cinematogr\u00e1fica deixa a desejar. \u201cA maioria dos filmes que assisti, baseados em obras liter\u00e1rias, deixa muito a desejar, pelo menos na minha opini\u00e3o. Um dos poucos que eu gostei foi a adapta\u00e7\u00e3o de \u2018A menina que Roubava Livros\u2019, porque eu li a obra, vi o filme e realmente gostei. Mas, os outros, acho que deixaram um pouquinho a desejar. Quando eu sei que \u00e9 uma obra baseada em livro, eu j\u00e1 vou pro cinema focada e pensando \u2018ser\u00e1 que \u00e9 desse jeito?\u2019, \u2018ser\u00e1 que modificaram muito?\u2019. T\u00eam alguns que eu j\u00e1 fico t\u00e3o preocupada que prefiro nem ver o filme pra ficar com a mem\u00f3ria boa do livro. Mas nada contra quem prefira assistir ao filme do que ler o livro\u201d, acrescenta.<\/p>\n\n\n\n<div class=\"wp-block-image\"><figure class=\"aligncenter size-large\"><img loading=\"lazy\" decoding=\"async\" width=\"300\" height=\"250\" src=\"https:\/\/jornalfatosenoticias.com.br\/wp-content\/uploads\/2022\/08\/arte-Casarao.jpg\" alt=\"\" class=\"wp-image-33178\"\/><\/figure><\/div>\n\n\n\n<p>Sobre seus projetos atuais e futuros, Silvia explica que ainda est\u00e1 no caminho do desenvolvimento, que a arte \u00e9 uma jornada imprevis\u00edvel. Mas o apoio incondicional do companheiro a fez desabrochar e mergulhar de cabe\u00e7a na literatura. Pois, apesar de escrever desde muito jovem, s\u00f3 publicou os primeiros livros aos 32 anos.<\/p>\n\n\n\n<div class=\"wp-block-image\"><figure class=\"aligncenter size-large\"><img decoding=\"async\" src=\"https:\/\/jornalfatosenoticias.com.br\/wp-content\/uploads\/2020\/02\/barao-das-carnes-300x164-1.jpg\" alt=\"\" class=\"wp-image-34339\"\/><\/figure><\/div>\n\n\n\n<p>\u201c\u00c9 uma profiss\u00e3o diferenciada. Sou formada em administra\u00e7\u00e3o e j\u00e1 trabalhei em v\u00e1rias empresas corporativas. Comecei a escrever aos 12, 13 anos e a trabalhar aos 15. Isso aqui \u00e9 arte e a gente sabe que arte no Brasil \u00e9 um processo um pouco lento pra conseguir colocar do jeito que voc\u00ea pretende, como voc\u00ea almeja. Eu via a escrita como um hobby, n\u00e3o que eu n\u00e3o acreditasse no meu potencial, mas porque o meu tempo realmente era escasso e fui deixando os projetos na gaveta. Aos 27, 28 anos, quando conheci meu atual marido, ele come\u00e7ou a ler tudo o que eu escrevia e passou a me incentivar muito. Ele sempre disse que eu tinha perdido muito tempo e que j\u00e1 era pra eu estar l\u00e1 na frente. Ent\u00e3o, eu percebi que ele tinha raz\u00e3o e comecei a me lembrar de todas as pessoas que me incentivavam desde l\u00e1 de tr\u00e1s e comecei a perceber que poderia me tornar, sim, uma grande escritora. Foi a\u00ed que eu comecei a escrever os livros. Ainda trabalhava e, nos intervalos, escrevia. Dessa forma, escrevi dois livros. At\u00e9 que cheguei num ponto no qual tive que decidir qual caminho percorrer. Decidi pela carreira liter\u00e1ria e, como j\u00e1 tinha muito material escrito, lancei tr\u00eas livros de uma vez, aos 32 anos. Hoje, vivo integralmente da escrita\u201d, frisa.<\/p>\n\n\n\n<div class=\"wp-block-image\"><figure class=\"aligncenter size-large is-resized\"><img loading=\"lazy\" decoding=\"async\" src=\"https:\/\/jornalfatosenoticias.com.br\/wp-content\/uploads\/2022\/10\/RC_800x750_page-0001.jpg\" alt=\"\" class=\"wp-image-35338\" width=\"234\" height=\"219\" srcset=\"https:\/\/jornalfatosenoticias.com.br\/wp-content\/uploads\/2022\/10\/RC_800x750_page-0001.jpg 400w, https:\/\/jornalfatosenoticias.com.br\/wp-content\/uploads\/2022\/10\/RC_800x750_page-0001-300x281.jpg 300w\" sizes=\"auto, (max-width: 234px) 100vw, 234px\" \/><\/figure><\/div>\n\n\n\n<p>A aprendizagem \u00e9 cont\u00ednua e Silvia est\u00e1 desenvolvendo duas novas hist\u00f3rias e tamb\u00e9m tem dois originais para publica\u00e7\u00e3o. Os projetos s\u00e3o dentro dos g\u00eaneros romance e suspense. Al\u00e9m deles, h\u00e1 quatro originais e mais cinco outros em desenvolvimento.<br>\u201cO aprendizado \u00e9 constante e eu aprendi muito nesse caminho trilhado at\u00e9 aqui. Tive que aprender sobre tudo. Me descobri como empres\u00e1ria, como a assessora e, a\u00ed, comecei a alavancar. A minha primeira editora, a 24h, era de S\u00e3o Paulo, pela qual lancei os tr\u00eas primeiros livros. Ent\u00e3o, o come\u00e7o foi bem \u00e1rduo pra mim. Mas, hoje, eu me desenvolvo bem, gra\u00e7as a Deus\u201d.<\/p>\n\n\n\n<div class=\"wp-block-image\"><figure class=\"aligncenter size-large is-resized\"><img loading=\"lazy\" decoding=\"async\" src=\"https:\/\/jornalfatosenoticias.com.br\/wp-content\/uploads\/2022\/02\/Precisao-Contabilidade-1024x724.jpg\" alt=\"\" class=\"wp-image-28088\" width=\"288\" height=\"204\"\/><\/figure><\/div>\n\n\n\n<p>Depois dos primeiros lan\u00e7amentos, Silvia chegou \u00e0 Chiado, editora portuguesa com escrit\u00f3rios em S\u00e3o Paulo. Hoje, a parceria se estendeu \u00e0 Amazon, que oportuniza muitos autores nacionais. \u201cMesmo sendo dos EUA, voc\u00ea pode divulgar colocando as vers\u00f5es e-book e f\u00edsica. Isso te d\u00e1 um controle bem legal de tudo. Tenho dois livros na Amazon e mais esse lan\u00e7amento \u2018Al\u00e9m do Ego\u2019.<br>Apesar das dificuldades que todos sabem que \u00e9 viver e fazer cultura no Brasil, Silvia v\u00ea com bons olhos o cen\u00e1rio que se descortina em solo capixaba e acredita que tem tudo para decolar.<\/p>\n\n\n\n<div class=\"wp-block-image\"><figure class=\"aligncenter size-large is-resized\"><img loading=\"lazy\" decoding=\"async\" src=\"https:\/\/jornalfatosenoticias.com.br\/wp-content\/uploads\/2020\/02\/logo-embacia.jpg\" alt=\"\" class=\"wp-image-33905\" width=\"229\" height=\"229\"\/><\/figure><\/div>\n\n\n\n<p>\u201cAcredito que o mercado capixaba \u00e9 promissor, tenho visto um crescimento muito bacana. T\u00eam as feiras liter\u00e1rias, j\u00e1 tivemos bienal. De um tempo para c\u00e1, as coisas est\u00e3o se encaminhando bem. Tenho projetos n\u00e3o publicados, mas posso dizer que ainda me surpreendo com o que escrevo. Crio de acordo com as minhas inspira\u00e7\u00f5es e sempre buscando me aperfei\u00e7oar naquilo que amo fazer, que \u00e9 escrever. Minhas inspira\u00e7\u00f5es para as hist\u00f3rias contadas v\u00eam de viv\u00eancias pessoais, de relatos de familiares e at\u00e9 mesmo de sonhos\u201d, finaliza.<\/p>\n\n\n\n<div class=\"wp-block-image\"><figure class=\"aligncenter size-large\"><img loading=\"lazy\" decoding=\"async\" width=\"729\" height=\"90\" src=\"https:\/\/jornalfatosenoticias.com.br\/wp-content\/uploads\/2020\/02\/Logo_Mizu.png\" alt=\"\" class=\"wp-image-1441\" srcset=\"https:\/\/jornalfatosenoticias.com.br\/wp-content\/uploads\/2020\/02\/Logo_Mizu.png 729w, https:\/\/jornalfatosenoticias.com.br\/wp-content\/uploads\/2020\/02\/Logo_Mizu-300x37.png 300w\" sizes=\"auto, (max-width: 729px) 100vw, 729px\" \/><\/figure><\/div>\n\n\n\n<p><strong><span class=\"has-inline-color has-vivid-purple-color\">Obras de Silvia Vanderss<br><\/span>1 \u2013 Entre o Tempo e o Amor<\/strong><\/p>\n\n\n\n<div class=\"wp-block-image\"><figure class=\"aligncenter size-large is-resized\"><img loading=\"lazy\" decoding=\"async\" src=\"https:\/\/jornalfatosenoticias.com.br\/wp-content\/uploads\/2023\/05\/entre-o-tempo-e-o-amor.jpg\" alt=\"\" class=\"wp-image-41866\" width=\"580\" height=\"842\" srcset=\"https:\/\/jornalfatosenoticias.com.br\/wp-content\/uploads\/2023\/05\/entre-o-tempo-e-o-amor.jpg 661w, https:\/\/jornalfatosenoticias.com.br\/wp-content\/uploads\/2023\/05\/entre-o-tempo-e-o-amor-207x300.jpg 207w\" sizes=\"auto, (max-width: 580px) 100vw, 580px\" \/><figcaption><em><span class=\"has-inline-color has-black-color\">(Foto: Divulga\u00e7\u00e3o)<\/span><\/em><\/figcaption><\/figure><\/div>\n\n\n\n<p>Romance \u00e9pico, com viagem no tempo e um amor \u00fanico que aquece os cora\u00e7\u00f5es<\/p>\n\n\n\n<p><strong>2 \u2013 Marcas de uma Vida<br><\/strong>Romance que envolve contextos diversos sobre preconceitos<\/p>\n\n\n\n<p><strong>3 \u2013 Inspira\u00e7\u00f5es<\/strong><\/p>\n\n\n\n<div class=\"wp-block-image\"><figure class=\"aligncenter size-large\"><img loading=\"lazy\" decoding=\"async\" width=\"624\" height=\"960\" src=\"https:\/\/jornalfatosenoticias.com.br\/wp-content\/uploads\/2023\/05\/inspiracoes.jpg\" alt=\"\" class=\"wp-image-41865\" srcset=\"https:\/\/jornalfatosenoticias.com.br\/wp-content\/uploads\/2023\/05\/inspiracoes.jpg 624w, https:\/\/jornalfatosenoticias.com.br\/wp-content\/uploads\/2023\/05\/inspiracoes-195x300.jpg 195w\" sizes=\"auto, (max-width: 624px) 100vw, 624px\" \/><figcaption><span class=\"has-inline-color has-black-color\"><em><strong>Arte:&nbsp;<\/strong>Jean Carlos Oliveira<\/em><br><\/span><\/figcaption><\/figure><\/div>\n\n\n\n<p>Poesias e poemas com temas variados sobre o amor e a vida<\/p>\n\n\n\n<p><strong>4 \u2013 O Medo\/The Fear<\/strong><\/p>\n\n\n\n<div class=\"wp-block-image\"><figure class=\"aligncenter size-large\"><img loading=\"lazy\" decoding=\"async\" width=\"1000\" height=\"499\" src=\"https:\/\/jornalfatosenoticias.com.br\/wp-content\/uploads\/2023\/05\/o-medo_the-fear.jpg\" alt=\"\" class=\"wp-image-41863\" srcset=\"https:\/\/jornalfatosenoticias.com.br\/wp-content\/uploads\/2023\/05\/o-medo_the-fear.jpg 1000w, https:\/\/jornalfatosenoticias.com.br\/wp-content\/uploads\/2023\/05\/o-medo_the-fear-300x150.jpg 300w, https:\/\/jornalfatosenoticias.com.br\/wp-content\/uploads\/2023\/05\/o-medo_the-fear-768x383.jpg 768w\" sizes=\"auto, (max-width: 1000px) 100vw, 1000px\" \/><figcaption><em><span class=\"has-inline-color has-black-color\"><strong>Arte: <\/strong>Thais Alves<\/span><\/em><\/figcaption><\/figure><\/div>\n\n\n\n<p>Contos de terror e suspense que revelam in\u00fameras formas de sentir medo. Alguns deles foram inspirados em fatos reais. A obra foi publicada, em ingl\u00eas, pela Amazon nos Estados Unidos, no Canad\u00e1 e no Reino Unido e tem feito muito sucesso.<\/p>\n\n\n\n<p><strong>5 \u2013 Lances &amp; Amor<\/strong><\/p>\n\n\n\n<div class=\"wp-block-image\"><figure class=\"aligncenter size-large\"><img loading=\"lazy\" decoding=\"async\" width=\"695\" height=\"1000\" src=\"https:\/\/jornalfatosenoticias.com.br\/wp-content\/uploads\/2022\/11\/Silvia-Vandeers-Lances-Amor-APROVADA.jpg\" alt=\"\" class=\"wp-image-36424\" srcset=\"https:\/\/jornalfatosenoticias.com.br\/wp-content\/uploads\/2022\/11\/Silvia-Vandeers-Lances-Amor-APROVADA.jpg 695w, https:\/\/jornalfatosenoticias.com.br\/wp-content\/uploads\/2022\/11\/Silvia-Vandeers-Lances-Amor-APROVADA-209x300.jpg 209w\" sizes=\"auto, (max-width: 695px) 100vw, 695px\" \/><figcaption><em><span class=\"has-inline-color has-black-color\"><strong>Arte:<\/strong> Thais Alves<br><\/span><\/em><\/figcaption><\/figure><\/div>\n\n\n\n<p>Contos que relatam hist\u00f3rias de amores e desilus\u00f5es. Aborda a supera\u00e7\u00e3o emocional de v\u00e1rias maneiras. Alguns, inspirados em pessoas e situa\u00e7\u00f5es reais<\/p>\n\n\n\n<p><strong>6 \u2013 Al\u00e9m do Ego<\/strong><\/p>\n\n\n\n<div class=\"wp-block-image\"><figure class=\"aligncenter size-large\"><img loading=\"lazy\" decoding=\"async\" width=\"1000\" height=\"1000\" src=\"https:\/\/jornalfatosenoticias.com.br\/wp-content\/uploads\/2023\/05\/lancamento_alem-do-ego.jpg\" alt=\"\" class=\"wp-image-41864\" srcset=\"https:\/\/jornalfatosenoticias.com.br\/wp-content\/uploads\/2023\/05\/lancamento_alem-do-ego.jpg 1000w, https:\/\/jornalfatosenoticias.com.br\/wp-content\/uploads\/2023\/05\/lancamento_alem-do-ego-300x300.jpg 300w, https:\/\/jornalfatosenoticias.com.br\/wp-content\/uploads\/2023\/05\/lancamento_alem-do-ego-150x150.jpg 150w, https:\/\/jornalfatosenoticias.com.br\/wp-content\/uploads\/2023\/05\/lancamento_alem-do-ego-768x768.jpg 768w\" sizes=\"auto, (max-width: 1000px) 100vw, 1000px\" \/><figcaption><em><span class=\"has-inline-color has-black-color\"><strong>Arte:<\/strong> Divulga\u00e7\u00e3o<br><\/span><\/em><\/figcaption><\/figure><\/div>\n\n\n\n<p>Poesias e poemas que relatam a resili\u00eancia e a ressignifica\u00e7\u00e3o dentro de um contexto emocional para situa\u00e7\u00f5es vividas em nosso cotidiano<\/p>\n\n\n\n<p><strong><span class=\"has-inline-color has-vivid-purple-color\">Sobre a autora<br><\/span><\/strong>Capixaba, formada em Administra\u00e7\u00e3o e Letras, tem seis obras publicadas que abrangem os g\u00eaneros, romance, suspense e poesia<br><em><span class=\"has-inline-color has-black-color\">Blog liter\u00e1rio: www.silviavanderss.com.br<br><\/span><\/em><strong>Silvia Vanderss<\/strong> \u00e9 casada, h\u00e1 18 anos, com o administrador <strong>Laudelino Thomazini<\/strong>, e tem quatro filhos<\/p>\n","protected":false},"excerpt":{"rendered":"<p>Colunista do Fatos &amp; Not\u00edcias, autora capixaba lan\u00e7ou, pela Amazon, o seu s\u00e9timo livro, \u2018Al\u00e9m do Ego\u2019 No \u00faltimo s\u00e1bado (27), a escritora e colunista deste jornal, Silvia Vanderss, lan\u00e7ou, pela Amazon, o livro de poesias \u2018Al\u00e9m do Ego\u2019. A autora capixaba \u00e9 formada em Administra\u00e7\u00e3o e Letras, e tem, agora, sete obras publicadas e [&hellip;]<\/p>\n","protected":false},"author":2,"featured_media":41867,"comment_status":"open","ping_status":"open","sticky":false,"template":"","format":"standard","meta":{"footnotes":""},"categories":[4],"tags":[927,10677,3577,914,1217,9408,19695],"class_list":["post-41862","post","type-post","status-publish","format-standard","has-post-thumbnail","hentry","category-cultura","tag-amazon","tag-autora-capixaba","tag-lancamento","tag-literatura","tag-livro","tag-obras-literarias","tag-silvia-vanderss"],"yoast_head":"<!-- This site is optimized with the Yoast SEO plugin v26.5 - https:\/\/yoast.com\/wordpress\/plugins\/seo\/ -->\n<title>Silvia Vanderss lan\u00e7a novo livro de poesias - Jornal Fatos e Not\u00edcias<\/title>\n<meta name=\"robots\" content=\"index, follow, max-snippet:-1, max-image-preview:large, max-video-preview:-1\" \/>\n<link rel=\"canonical\" href=\"https:\/\/jornalfatosenoticias.com.br\/index.php\/2023\/05\/29\/silvia-vanders-lanca-novo-livro-de-poesias\/\" \/>\n<meta property=\"og:locale\" content=\"pt_BR\" \/>\n<meta property=\"og:type\" content=\"article\" \/>\n<meta property=\"og:title\" content=\"Silvia Vanderss lan\u00e7a novo livro de poesias - Jornal Fatos e Not\u00edcias\" \/>\n<meta property=\"og:description\" content=\"Colunista do Fatos &amp; Not\u00edcias, autora capixaba lan\u00e7ou, pela Amazon, o seu s\u00e9timo livro, \u2018Al\u00e9m do Ego\u2019 No \u00faltimo s\u00e1bado (27), a escritora e colunista deste jornal, Silvia Vanderss, lan\u00e7ou, pela Amazon, o livro de poesias \u2018Al\u00e9m do Ego\u2019. A autora capixaba \u00e9 formada em Administra\u00e7\u00e3o e Letras, e tem, agora, sete obras publicadas e [&hellip;]\" \/>\n<meta property=\"og:url\" content=\"https:\/\/jornalfatosenoticias.com.br\/index.php\/2023\/05\/29\/silvia-vanders-lanca-novo-livro-de-poesias\/\" \/>\n<meta property=\"og:site_name\" content=\"Jornal Fatos e Not\u00edcias\" \/>\n<meta property=\"article:published_time\" content=\"2023-05-29T21:40:33+00:00\" \/>\n<meta property=\"article:modified_time\" content=\"2023-05-29T22:19:17+00:00\" \/>\n<meta property=\"og:image\" content=\"https:\/\/jornalfatosenoticias.com.br\/wp-content\/uploads\/2023\/05\/silvia-1.jpg\" \/>\n\t<meta property=\"og:image:width\" content=\"1000\" \/>\n\t<meta property=\"og:image:height\" content=\"666\" \/>\n\t<meta property=\"og:image:type\" content=\"image\/jpeg\" \/>\n<meta name=\"author\" content=\"Luzimara Fernandes\" \/>\n<meta name=\"twitter:card\" content=\"summary_large_image\" \/>\n<meta name=\"twitter:label1\" content=\"Escrito por\" \/>\n\t<meta name=\"twitter:data1\" content=\"Luzimara Fernandes\" \/>\n\t<meta name=\"twitter:label2\" content=\"Est. tempo de leitura\" \/>\n\t<meta name=\"twitter:data2\" content=\"8 minutos\" \/>\n<script type=\"application\/ld+json\" class=\"yoast-schema-graph\">{\"@context\":\"https:\/\/schema.org\",\"@graph\":[{\"@type\":\"Article\",\"@id\":\"https:\/\/jornalfatosenoticias.com.br\/index.php\/2023\/05\/29\/silvia-vanders-lanca-novo-livro-de-poesias\/#article\",\"isPartOf\":{\"@id\":\"https:\/\/jornalfatosenoticias.com.br\/index.php\/2023\/05\/29\/silvia-vanders-lanca-novo-livro-de-poesias\/\"},\"author\":{\"name\":\"Luzimara Fernandes\",\"@id\":\"https:\/\/jornalfatosenoticias.com.br\/#\/schema\/person\/d63837fa13ac8666eb9e74e0985d6f81\"},\"headline\":\"Silvia Vanderss lan\u00e7a novo livro de poesias\",\"datePublished\":\"2023-05-29T21:40:33+00:00\",\"dateModified\":\"2023-05-29T22:19:17+00:00\",\"mainEntityOfPage\":{\"@id\":\"https:\/\/jornalfatosenoticias.com.br\/index.php\/2023\/05\/29\/silvia-vanders-lanca-novo-livro-de-poesias\/\"},\"wordCount\":1616,\"commentCount\":0,\"publisher\":{\"@id\":\"https:\/\/jornalfatosenoticias.com.br\/#organization\"},\"image\":{\"@id\":\"https:\/\/jornalfatosenoticias.com.br\/index.php\/2023\/05\/29\/silvia-vanders-lanca-novo-livro-de-poesias\/#primaryimage\"},\"thumbnailUrl\":\"https:\/\/jornalfatosenoticias.com.br\/wp-content\/uploads\/2023\/05\/silvia-1.jpg\",\"keywords\":[\"Amazon\",\"autora capixaba\",\"lan\u00e7amento\",\"literatura\",\"livro\",\"obras liter\u00e1rias\",\"Silvia Vanderss\"],\"articleSection\":[\"Cultura\"],\"inLanguage\":\"pt-BR\",\"potentialAction\":[{\"@type\":\"CommentAction\",\"name\":\"Comment\",\"target\":[\"https:\/\/jornalfatosenoticias.com.br\/index.php\/2023\/05\/29\/silvia-vanders-lanca-novo-livro-de-poesias\/#respond\"]}]},{\"@type\":\"WebPage\",\"@id\":\"https:\/\/jornalfatosenoticias.com.br\/index.php\/2023\/05\/29\/silvia-vanders-lanca-novo-livro-de-poesias\/\",\"url\":\"https:\/\/jornalfatosenoticias.com.br\/index.php\/2023\/05\/29\/silvia-vanders-lanca-novo-livro-de-poesias\/\",\"name\":\"Silvia Vanderss lan\u00e7a novo livro de poesias - Jornal Fatos e Not\u00edcias\",\"isPartOf\":{\"@id\":\"https:\/\/jornalfatosenoticias.com.br\/#website\"},\"primaryImageOfPage\":{\"@id\":\"https:\/\/jornalfatosenoticias.com.br\/index.php\/2023\/05\/29\/silvia-vanders-lanca-novo-livro-de-poesias\/#primaryimage\"},\"image\":{\"@id\":\"https:\/\/jornalfatosenoticias.com.br\/index.php\/2023\/05\/29\/silvia-vanders-lanca-novo-livro-de-poesias\/#primaryimage\"},\"thumbnailUrl\":\"https:\/\/jornalfatosenoticias.com.br\/wp-content\/uploads\/2023\/05\/silvia-1.jpg\",\"datePublished\":\"2023-05-29T21:40:33+00:00\",\"dateModified\":\"2023-05-29T22:19:17+00:00\",\"breadcrumb\":{\"@id\":\"https:\/\/jornalfatosenoticias.com.br\/index.php\/2023\/05\/29\/silvia-vanders-lanca-novo-livro-de-poesias\/#breadcrumb\"},\"inLanguage\":\"pt-BR\",\"potentialAction\":[{\"@type\":\"ReadAction\",\"target\":[\"https:\/\/jornalfatosenoticias.com.br\/index.php\/2023\/05\/29\/silvia-vanders-lanca-novo-livro-de-poesias\/\"]}]},{\"@type\":\"ImageObject\",\"inLanguage\":\"pt-BR\",\"@id\":\"https:\/\/jornalfatosenoticias.com.br\/index.php\/2023\/05\/29\/silvia-vanders-lanca-novo-livro-de-poesias\/#primaryimage\",\"url\":\"https:\/\/jornalfatosenoticias.com.br\/wp-content\/uploads\/2023\/05\/silvia-1.jpg\",\"contentUrl\":\"https:\/\/jornalfatosenoticias.com.br\/wp-content\/uploads\/2023\/05\/silvia-1.jpg\",\"width\":1000,\"height\":666},{\"@type\":\"BreadcrumbList\",\"@id\":\"https:\/\/jornalfatosenoticias.com.br\/index.php\/2023\/05\/29\/silvia-vanders-lanca-novo-livro-de-poesias\/#breadcrumb\",\"itemListElement\":[{\"@type\":\"ListItem\",\"position\":1,\"name\":\"In\u00edcio\",\"item\":\"https:\/\/jornalfatosenoticias.com.br\/\"},{\"@type\":\"ListItem\",\"position\":2,\"name\":\"Silvia Vanderss lan\u00e7a novo livro de poesias\"}]},{\"@type\":\"WebSite\",\"@id\":\"https:\/\/jornalfatosenoticias.com.br\/#website\",\"url\":\"https:\/\/jornalfatosenoticias.com.br\/\",\"name\":\"Jornal Fatos e Not\u00edcias\",\"description\":\"Not\u00edcias em geral\",\"publisher\":{\"@id\":\"https:\/\/jornalfatosenoticias.com.br\/#organization\"},\"potentialAction\":[{\"@type\":\"SearchAction\",\"target\":{\"@type\":\"EntryPoint\",\"urlTemplate\":\"https:\/\/jornalfatosenoticias.com.br\/?s={search_term_string}\"},\"query-input\":{\"@type\":\"PropertyValueSpecification\",\"valueRequired\":true,\"valueName\":\"search_term_string\"}}],\"inLanguage\":\"pt-BR\"},{\"@type\":\"Organization\",\"@id\":\"https:\/\/jornalfatosenoticias.com.br\/#organization\",\"name\":\"Jornal Fatos e Not\u00edcias\",\"url\":\"https:\/\/jornalfatosenoticias.com.br\/\",\"logo\":{\"@type\":\"ImageObject\",\"inLanguage\":\"pt-BR\",\"@id\":\"https:\/\/jornalfatosenoticias.com.br\/#\/schema\/logo\/image\/\",\"url\":\"https:\/\/jornalfatosenoticias.com.br\/wp-content\/uploads\/2020\/02\/logo120.png\",\"contentUrl\":\"https:\/\/jornalfatosenoticias.com.br\/wp-content\/uploads\/2020\/02\/logo120.png\",\"width\":1227,\"height\":120,\"caption\":\"Jornal Fatos e Not\u00edcias\"},\"image\":{\"@id\":\"https:\/\/jornalfatosenoticias.com.br\/#\/schema\/logo\/image\/\"}},{\"@type\":\"Person\",\"@id\":\"https:\/\/jornalfatosenoticias.com.br\/#\/schema\/person\/d63837fa13ac8666eb9e74e0985d6f81\",\"name\":\"Luzimara Fernandes\",\"image\":{\"@type\":\"ImageObject\",\"inLanguage\":\"pt-BR\",\"@id\":\"https:\/\/jornalfatosenoticias.com.br\/#\/schema\/person\/image\/\",\"url\":\"https:\/\/jornalfatosenoticias.com.br\/wp-content\/uploads\/2025\/05\/EU_portal.jpg\",\"contentUrl\":\"https:\/\/jornalfatosenoticias.com.br\/wp-content\/uploads\/2025\/05\/EU_portal.jpg\",\"caption\":\"Luzimara Fernandes\"},\"description\":\"Jornalista MTB 2358-ES\",\"sameAs\":[\"https:\/\/jornalfatosenoticias.com.br\"],\"url\":\"https:\/\/jornalfatosenoticias.com.br\/index.php\/author\/luzimara\/\"}]}<\/script>\n<!-- \/ Yoast SEO plugin. -->","yoast_head_json":{"title":"Silvia Vanderss lan\u00e7a novo livro de poesias - Jornal Fatos e Not\u00edcias","robots":{"index":"index","follow":"follow","max-snippet":"max-snippet:-1","max-image-preview":"max-image-preview:large","max-video-preview":"max-video-preview:-1"},"canonical":"https:\/\/jornalfatosenoticias.com.br\/index.php\/2023\/05\/29\/silvia-vanders-lanca-novo-livro-de-poesias\/","og_locale":"pt_BR","og_type":"article","og_title":"Silvia Vanderss lan\u00e7a novo livro de poesias - Jornal Fatos e Not\u00edcias","og_description":"Colunista do Fatos &amp; Not\u00edcias, autora capixaba lan\u00e7ou, pela Amazon, o seu s\u00e9timo livro, \u2018Al\u00e9m do Ego\u2019 No \u00faltimo s\u00e1bado (27), a escritora e colunista deste jornal, Silvia Vanderss, lan\u00e7ou, pela Amazon, o livro de poesias \u2018Al\u00e9m do Ego\u2019. A autora capixaba \u00e9 formada em Administra\u00e7\u00e3o e Letras, e tem, agora, sete obras publicadas e [&hellip;]","og_url":"https:\/\/jornalfatosenoticias.com.br\/index.php\/2023\/05\/29\/silvia-vanders-lanca-novo-livro-de-poesias\/","og_site_name":"Jornal Fatos e Not\u00edcias","article_published_time":"2023-05-29T21:40:33+00:00","article_modified_time":"2023-05-29T22:19:17+00:00","og_image":[{"width":1000,"height":666,"url":"https:\/\/jornalfatosenoticias.com.br\/wp-content\/uploads\/2023\/05\/silvia-1.jpg","type":"image\/jpeg"}],"author":"Luzimara Fernandes","twitter_card":"summary_large_image","twitter_misc":{"Escrito por":"Luzimara Fernandes","Est. tempo de leitura":"8 minutos"},"schema":{"@context":"https:\/\/schema.org","@graph":[{"@type":"Article","@id":"https:\/\/jornalfatosenoticias.com.br\/index.php\/2023\/05\/29\/silvia-vanders-lanca-novo-livro-de-poesias\/#article","isPartOf":{"@id":"https:\/\/jornalfatosenoticias.com.br\/index.php\/2023\/05\/29\/silvia-vanders-lanca-novo-livro-de-poesias\/"},"author":{"name":"Luzimara Fernandes","@id":"https:\/\/jornalfatosenoticias.com.br\/#\/schema\/person\/d63837fa13ac8666eb9e74e0985d6f81"},"headline":"Silvia Vanderss lan\u00e7a novo livro de poesias","datePublished":"2023-05-29T21:40:33+00:00","dateModified":"2023-05-29T22:19:17+00:00","mainEntityOfPage":{"@id":"https:\/\/jornalfatosenoticias.com.br\/index.php\/2023\/05\/29\/silvia-vanders-lanca-novo-livro-de-poesias\/"},"wordCount":1616,"commentCount":0,"publisher":{"@id":"https:\/\/jornalfatosenoticias.com.br\/#organization"},"image":{"@id":"https:\/\/jornalfatosenoticias.com.br\/index.php\/2023\/05\/29\/silvia-vanders-lanca-novo-livro-de-poesias\/#primaryimage"},"thumbnailUrl":"https:\/\/jornalfatosenoticias.com.br\/wp-content\/uploads\/2023\/05\/silvia-1.jpg","keywords":["Amazon","autora capixaba","lan\u00e7amento","literatura","livro","obras liter\u00e1rias","Silvia Vanderss"],"articleSection":["Cultura"],"inLanguage":"pt-BR","potentialAction":[{"@type":"CommentAction","name":"Comment","target":["https:\/\/jornalfatosenoticias.com.br\/index.php\/2023\/05\/29\/silvia-vanders-lanca-novo-livro-de-poesias\/#respond"]}]},{"@type":"WebPage","@id":"https:\/\/jornalfatosenoticias.com.br\/index.php\/2023\/05\/29\/silvia-vanders-lanca-novo-livro-de-poesias\/","url":"https:\/\/jornalfatosenoticias.com.br\/index.php\/2023\/05\/29\/silvia-vanders-lanca-novo-livro-de-poesias\/","name":"Silvia Vanderss lan\u00e7a novo livro de poesias - Jornal Fatos e Not\u00edcias","isPartOf":{"@id":"https:\/\/jornalfatosenoticias.com.br\/#website"},"primaryImageOfPage":{"@id":"https:\/\/jornalfatosenoticias.com.br\/index.php\/2023\/05\/29\/silvia-vanders-lanca-novo-livro-de-poesias\/#primaryimage"},"image":{"@id":"https:\/\/jornalfatosenoticias.com.br\/index.php\/2023\/05\/29\/silvia-vanders-lanca-novo-livro-de-poesias\/#primaryimage"},"thumbnailUrl":"https:\/\/jornalfatosenoticias.com.br\/wp-content\/uploads\/2023\/05\/silvia-1.jpg","datePublished":"2023-05-29T21:40:33+00:00","dateModified":"2023-05-29T22:19:17+00:00","breadcrumb":{"@id":"https:\/\/jornalfatosenoticias.com.br\/index.php\/2023\/05\/29\/silvia-vanders-lanca-novo-livro-de-poesias\/#breadcrumb"},"inLanguage":"pt-BR","potentialAction":[{"@type":"ReadAction","target":["https:\/\/jornalfatosenoticias.com.br\/index.php\/2023\/05\/29\/silvia-vanders-lanca-novo-livro-de-poesias\/"]}]},{"@type":"ImageObject","inLanguage":"pt-BR","@id":"https:\/\/jornalfatosenoticias.com.br\/index.php\/2023\/05\/29\/silvia-vanders-lanca-novo-livro-de-poesias\/#primaryimage","url":"https:\/\/jornalfatosenoticias.com.br\/wp-content\/uploads\/2023\/05\/silvia-1.jpg","contentUrl":"https:\/\/jornalfatosenoticias.com.br\/wp-content\/uploads\/2023\/05\/silvia-1.jpg","width":1000,"height":666},{"@type":"BreadcrumbList","@id":"https:\/\/jornalfatosenoticias.com.br\/index.php\/2023\/05\/29\/silvia-vanders-lanca-novo-livro-de-poesias\/#breadcrumb","itemListElement":[{"@type":"ListItem","position":1,"name":"In\u00edcio","item":"https:\/\/jornalfatosenoticias.com.br\/"},{"@type":"ListItem","position":2,"name":"Silvia Vanderss lan\u00e7a novo livro de poesias"}]},{"@type":"WebSite","@id":"https:\/\/jornalfatosenoticias.com.br\/#website","url":"https:\/\/jornalfatosenoticias.com.br\/","name":"Jornal Fatos e Not\u00edcias","description":"Not\u00edcias em geral","publisher":{"@id":"https:\/\/jornalfatosenoticias.com.br\/#organization"},"potentialAction":[{"@type":"SearchAction","target":{"@type":"EntryPoint","urlTemplate":"https:\/\/jornalfatosenoticias.com.br\/?s={search_term_string}"},"query-input":{"@type":"PropertyValueSpecification","valueRequired":true,"valueName":"search_term_string"}}],"inLanguage":"pt-BR"},{"@type":"Organization","@id":"https:\/\/jornalfatosenoticias.com.br\/#organization","name":"Jornal Fatos e Not\u00edcias","url":"https:\/\/jornalfatosenoticias.com.br\/","logo":{"@type":"ImageObject","inLanguage":"pt-BR","@id":"https:\/\/jornalfatosenoticias.com.br\/#\/schema\/logo\/image\/","url":"https:\/\/jornalfatosenoticias.com.br\/wp-content\/uploads\/2020\/02\/logo120.png","contentUrl":"https:\/\/jornalfatosenoticias.com.br\/wp-content\/uploads\/2020\/02\/logo120.png","width":1227,"height":120,"caption":"Jornal Fatos e Not\u00edcias"},"image":{"@id":"https:\/\/jornalfatosenoticias.com.br\/#\/schema\/logo\/image\/"}},{"@type":"Person","@id":"https:\/\/jornalfatosenoticias.com.br\/#\/schema\/person\/d63837fa13ac8666eb9e74e0985d6f81","name":"Luzimara Fernandes","image":{"@type":"ImageObject","inLanguage":"pt-BR","@id":"https:\/\/jornalfatosenoticias.com.br\/#\/schema\/person\/image\/","url":"https:\/\/jornalfatosenoticias.com.br\/wp-content\/uploads\/2025\/05\/EU_portal.jpg","contentUrl":"https:\/\/jornalfatosenoticias.com.br\/wp-content\/uploads\/2025\/05\/EU_portal.jpg","caption":"Luzimara Fernandes"},"description":"Jornalista MTB 2358-ES","sameAs":["https:\/\/jornalfatosenoticias.com.br"],"url":"https:\/\/jornalfatosenoticias.com.br\/index.php\/author\/luzimara\/"}]}},"cc_featured_image_caption":{"caption_text":"(Foto: Ton Costa\/F&N)","source_text":"","source_url":""},"jetpack_featured_media_url":"https:\/\/jornalfatosenoticias.com.br\/wp-content\/uploads\/2023\/05\/silvia-1.jpg","_links":{"self":[{"href":"https:\/\/jornalfatosenoticias.com.br\/index.php\/wp-json\/wp\/v2\/posts\/41862","targetHints":{"allow":["GET"]}}],"collection":[{"href":"https:\/\/jornalfatosenoticias.com.br\/index.php\/wp-json\/wp\/v2\/posts"}],"about":[{"href":"https:\/\/jornalfatosenoticias.com.br\/index.php\/wp-json\/wp\/v2\/types\/post"}],"author":[{"embeddable":true,"href":"https:\/\/jornalfatosenoticias.com.br\/index.php\/wp-json\/wp\/v2\/users\/2"}],"replies":[{"embeddable":true,"href":"https:\/\/jornalfatosenoticias.com.br\/index.php\/wp-json\/wp\/v2\/comments?post=41862"}],"version-history":[{"count":0,"href":"https:\/\/jornalfatosenoticias.com.br\/index.php\/wp-json\/wp\/v2\/posts\/41862\/revisions"}],"wp:featuredmedia":[{"embeddable":true,"href":"https:\/\/jornalfatosenoticias.com.br\/index.php\/wp-json\/wp\/v2\/media\/41867"}],"wp:attachment":[{"href":"https:\/\/jornalfatosenoticias.com.br\/index.php\/wp-json\/wp\/v2\/media?parent=41862"}],"wp:term":[{"taxonomy":"category","embeddable":true,"href":"https:\/\/jornalfatosenoticias.com.br\/index.php\/wp-json\/wp\/v2\/categories?post=41862"},{"taxonomy":"post_tag","embeddable":true,"href":"https:\/\/jornalfatosenoticias.com.br\/index.php\/wp-json\/wp\/v2\/tags?post=41862"}],"curies":[{"name":"wp","href":"https:\/\/api.w.org\/{rel}","templated":true}]}}