{"id":41931,"date":"2023-05-31T09:20:02","date_gmt":"2023-05-31T12:20:02","guid":{"rendered":"https:\/\/jornalfatosenoticias.com.br\/?p=41931"},"modified":"2023-05-31T09:20:02","modified_gmt":"2023-05-31T12:20:02","slug":"secretaria-de-educacao-de-vitoria-assina-pacto-pela-aprendizagem","status":"publish","type":"post","link":"https:\/\/jornalfatosenoticias.com.br\/index.php\/2023\/05\/31\/secretaria-de-educacao-de-vitoria-assina-pacto-pela-aprendizagem\/","title":{"rendered":"Secretaria de Educa\u00e7\u00e3o de Vit\u00f3ria assina pacto pela aprendizagem"},"content":{"rendered":"\n<p><em><span class=\"has-inline-color has-black-color\">Por<\/span><\/em><strong><em><span class=\"has-inline-color has-black-color\"> Brunella Fran\u00e7a<\/span><\/em><\/strong><\/p>\n\n\n\n<div class=\"wp-block-image\"><figure class=\"aligncenter size-large\"><img loading=\"lazy\" decoding=\"async\" width=\"1024\" height=\"100\" src=\"https:\/\/jornalfatosenoticias.com.br\/wp-content\/uploads\/2022\/05\/NOVA-LOGO-CESCONETTO-1024x100.jpg\" alt=\"\" class=\"wp-image-30792\" srcset=\"https:\/\/jornalfatosenoticias.com.br\/wp-content\/uploads\/2022\/05\/NOVA-LOGO-CESCONETTO-1024x100.jpg 1024w, https:\/\/jornalfatosenoticias.com.br\/wp-content\/uploads\/2022\/05\/NOVA-LOGO-CESCONETTO-300x29.jpg 300w, https:\/\/jornalfatosenoticias.com.br\/wp-content\/uploads\/2022\/05\/NOVA-LOGO-CESCONETTO-768x75.jpg 768w, https:\/\/jornalfatosenoticias.com.br\/wp-content\/uploads\/2022\/05\/NOVA-LOGO-CESCONETTO.jpg 1280w\" sizes=\"auto, (max-width: 1024px) 100vw, 1024px\" \/><\/figure><\/div>\n\n\n\n<p>O foco no estudante e o acompanhamento minucioso da alfabetiza\u00e7\u00e3o, garantindo o direito \u00e0 aprendizagem. A Secretaria de Educa\u00e7\u00e3o de Vit\u00f3ria (Seme) assinou hoje o Plano de Pactua\u00e7\u00e3o de Metas do Paes\/Idebes 2023, junto ao Governo do Estado. O pacto tem como objetivo melhorar os indicadores educacionais da educa\u00e7\u00e3o b\u00e1sica no Esp\u00edrito Santo e busca avaliar o dom\u00ednio de compet\u00eancias como leitura, escrita e c\u00e1lculo adequado \u00e0 idade e ao n\u00edvel de escolariza\u00e7\u00e3o.<\/p>\n\n\n\n<div class=\"wp-block-image\"><figure class=\"aligncenter size-large is-resized\"><img loading=\"lazy\" decoding=\"async\" src=\"https:\/\/jornalfatosenoticias.com.br\/wp-content\/uploads\/2023\/03\/logo_Juliana-Graca.jpg\" alt=\"\" class=\"wp-image-39283\" width=\"266\" height=\"197\"\/><\/figure><\/div>\n\n\n\n<p>O prefeito de Vit\u00f3ria, Lorenzo Pazolini, esteve presente na solenidade e agradeceu aos profissionais da Educa\u00e7\u00e3o presentes, gestores das Escolas Municipais de Ensino Fundamental (Emef) e pedagogos, pelo carinho e dedica\u00e7\u00e3o \u00e0s crian\u00e7as e estudantes matriculados na rede de ensino.<\/p>\n\n\n\n<div class=\"wp-block-image\"><figure class=\"aligncenter size-large is-resized\"><img loading=\"lazy\" decoding=\"async\" src=\"https:\/\/jornalfatosenoticias.com.br\/wp-content\/uploads\/2022\/02\/Precisao-Contabilidade-1024x724.jpg\" alt=\"\" class=\"wp-image-28088\" width=\"293\" height=\"207\"\/><\/figure><\/div>\n\n\n\n<blockquote class=\"wp-block-quote is-layout-flow wp-block-quote-is-layout-flow\"><p><span class=\"has-inline-color has-luminous-vivid-orange-color\">A nossa educa\u00e7\u00e3o sempre tem tido destaque, v\u00e1rios gestores me procuram buscando dialogar e entender o que voc\u00eas fazem diariamente em nossos territ\u00f3rios para o sucesso. Sabemos que n\u00e3o \u00e9 f\u00e1cil gerir uma unidade educacional, entender a realidade de cada uma respeitando suas realidades e caracter\u00edsticas. Aqui n\u00f3s estamos pactuando uma melhoraria, mas principalmente um diagn\u00f3stico. A gest\u00e3o p\u00fablica deve ser baseada em evid\u00eancias. Em Vit\u00f3ria temos uma educa\u00e7\u00e3o de qualidade t\u00e9cnica e cidad\u00e3, para a vida, isso gra\u00e7as ao trabalho que voc\u00eas desenvolvem&#8221;, destacou o chefe do executivo municipal.<\/span><\/p><\/blockquote>\n\n\n\n<div class=\"wp-block-image\"><figure class=\"aligncenter size-large is-resized\"><img loading=\"lazy\" decoding=\"async\" src=\"https:\/\/jornalfatosenoticias.com.br\/wp-content\/uploads\/2020\/02\/logo-embacia.jpg\" alt=\"\" class=\"wp-image-33905\" width=\"258\" height=\"258\"\/><\/figure><\/div>\n\n\n\n<p>Representante da Secretaria Estadual de Educa\u00e7\u00e3o (Sedu), Saulo Andreon, gerente do Regime de Colabora\u00e7\u00e3o do Estado com os munic\u00edpios capixabas, ressaltou a necessidade de ter espa\u00e7os harm\u00f4nicos nas unidades de ensino para potencializar a aprendizagem e trabalhar em conjunto.<\/p>\n\n\n\n<div class=\"wp-block-image\"><figure class=\"aligncenter size-large is-resized\"><img loading=\"lazy\" decoding=\"async\" src=\"https:\/\/jornalfatosenoticias.com.br\/wp-content\/uploads\/2023\/04\/Logo_MasterMind.jpg\" alt=\"\" class=\"wp-image-40974\" width=\"270\" height=\"196\"\/><\/figure><\/div>\n\n\n\n<p>&#8220;Aos diretores e pedagogos, n\u00e3o se alcan\u00e7a resultados diferentes com processos iguais. \u00c9 preciso fazer uma reflex\u00e3o sobre esse processo, que \u00e9 o mais importante, como voc\u00ea vai agir com aquele estudante que n\u00e3o alcan\u00e7ou o n\u00edvel de aprendizagem que deveria alcan\u00e7ar. A meta \u00e9 uma consequ\u00eancia de encontrar harmonia na integra\u00e7\u00e3o dos componentes curriculares da alfabetiza\u00e7\u00e3o&#8221;, pontuou.<\/p>\n\n\n\n<div class=\"wp-block-image\"><figure class=\"aligncenter size-large\"><img decoding=\"async\" src=\"https:\/\/jornalfatosenoticias.com.br\/wp-content\/uploads\/2020\/02\/barao-das-carnes-300x164-1.jpg\" alt=\"\" class=\"wp-image-34339\"\/><\/figure><\/div>\n\n\n\n<p>A secret\u00e1ria de Educa\u00e7\u00e3o de Vit\u00f3ria, Juliana Rohsner, chamou a aten\u00e7\u00e3o para a necessidade de, em todas as unidades de ensino, acompanhar a evolu\u00e7\u00e3o da aprendizagem dos estudantes por meio das avalia\u00e7\u00f5es diagn\u00f3sticas que s\u00e3o realizadas na rede.<\/p>\n\n\n\n<div class=\"wp-block-image\"><figure class=\"aligncenter size-large is-resized\"><img loading=\"lazy\" decoding=\"async\" src=\"https:\/\/jornalfatosenoticias.com.br\/wp-content\/uploads\/2023\/03\/Crypton-1000-\u00d7-900-px-300x270-1.png\" alt=\"\" class=\"wp-image-40206\" width=\"264\" height=\"238\"\/><\/figure><\/div>\n\n\n\n<blockquote class=\"wp-block-quote is-layout-flow wp-block-quote-is-layout-flow\"><p><span class=\"has-inline-color has-luminous-vivid-orange-color\">Ao olhar todos esses dados e fazer essa pactua\u00e7\u00e3o de metas, estamos trazendo a necessidade de planejar por meio de evid\u00eancias. Precisamos falar da alegria de ensinar e da alegria de aprender. A aprendizagem precisa ser prazerosa. Precisamos de ter escolas bem cuidadas, o ambiente f\u00edsico revela o cuidado que temos com os nossos estudantes. Precisamos garantir um ambiente f\u00edsico, bem cuidado, limpo. Ter intencionalidade nas a\u00e7\u00f5es. Temos que ter um clima escolar acolhedor. Na sala de aula, quais s\u00e3o as estrat\u00e9gias para aqueles estudantes que n\u00e3o est\u00e3o ainda no n\u00edvel de aprendizagem que eles deveriam estar? Quero que todos saiam daqui com o compromisso de cada um com as nossas metas, que nada mais \u00e9 do que o compromisso com os nossos estudantes&#8221;, afirmou.<\/span><\/p><\/blockquote>\n\n\n\n<div class=\"wp-block-image\"><figure class=\"aligncenter size-large is-resized\"><img loading=\"lazy\" decoding=\"async\" src=\"https:\/\/jornalfatosenoticias.com.br\/wp-content\/uploads\/2022\/07\/Logo-Grupo-SEI.jpg\" alt=\"\" class=\"wp-image-31973\" width=\"284\" height=\"149\" srcset=\"https:\/\/jornalfatosenoticias.com.br\/wp-content\/uploads\/2022\/07\/Logo-Grupo-SEI.jpg 713w, https:\/\/jornalfatosenoticias.com.br\/wp-content\/uploads\/2022\/07\/Logo-Grupo-SEI-300x158.jpg 300w\" sizes=\"auto, (max-width: 284px) 100vw, 284px\" \/><\/figure><\/div>\n\n\n\n<p><strong><span class=\"has-inline-color has-vivid-purple-color\">O Paes<br><\/span><\/strong>O Pacto pela Aprendizagem no Esp\u00edrito Santo (Paes) \u00e9 uma iniciativa do Governo do Estado, com o objetivo de fortalecer a aprendizagem das crian\u00e7as desde a Educa\u00e7\u00e3o Infantil at\u00e9 as s\u00e9ries finais do Ensino Fundamental, desenvolvida a partir do estabelecimento de um regime de colabora\u00e7\u00e3o entre o Estado e as redes municipais de ensino. O Paes \u00e9 um importante instrumento para a melhoria dos indicadores de avalia\u00e7\u00e3o dos munic\u00edpios.<\/p>\n\n\n\n<div class=\"wp-block-image\"><figure class=\"aligncenter size-large is-resized\"><img loading=\"lazy\" decoding=\"async\" src=\"https:\/\/jornalfatosenoticias.com.br\/wp-content\/uploads\/2022\/02\/FERRARI_MAQUINAS-E-FERRAMENTAS2.jpg\" alt=\"\" class=\"wp-image-27860\" width=\"264\" height=\"220\"\/><\/figure><\/div>\n\n\n\n<p>\u00c9 desenvolvido mediante uma interven\u00e7\u00e3o sist\u00eamica em tr\u00eas eixos de atua\u00e7\u00e3o: Apoio \u00e0 Gest\u00e3o, Fortalecimento da Aprendizagem e Planejamento e Suporte, envolve apoio t\u00e9cnico e financeiro e prop\u00f5e criar condi\u00e7\u00f5es para alfabetizar todas as crian\u00e7as na idade recomendada, al\u00e9m de ampliar suas a\u00e7\u00f5es para melhorar os resultados de aprendizagem dos estudantes da rede p\u00fablica at\u00e9 o 9\u00ba ano do ensino fundamental.<\/p>\n\n\n\n<p><strong><em>Fonte: <a href=\"https:\/\/www.vitoria.es.gov.br\/noticia\/nenhum-estudante-a-menos-secretaria-de-educacao-assina-pacto-pela-aprendizagem-47772\">PMV<\/a><\/em><\/strong><\/p>\n","protected":false},"excerpt":{"rendered":"<p>Por Brunella Fran\u00e7a O foco no estudante e o acompanhamento minucioso da alfabetiza\u00e7\u00e3o, garantindo o direito \u00e0 aprendizagem. A Secretaria de Educa\u00e7\u00e3o de Vit\u00f3ria (Seme) assinou hoje o Plano de Pactua\u00e7\u00e3o de Metas do Paes\/Idebes 2023, junto ao Governo do Estado. O pacto tem como objetivo melhorar os indicadores educacionais da educa\u00e7\u00e3o b\u00e1sica no Esp\u00edrito [&hellip;]<\/p>\n","protected":false},"author":2,"featured_media":41932,"comment_status":"open","ping_status":"open","sticky":false,"template":"","format":"standard","meta":{"footnotes":""},"categories":[7],"tags":[3821,2463,19729,8254,19728],"class_list":["post-41931","post","type-post","status-publish","format-standard","has-post-thumbnail","hentry","category-educacao","tag-alfabetizacao","tag-aprendizagem","tag-pacto-pela-aprendizagem","tag-paes","tag-secretaria-de-educacao-de-vitoria"],"yoast_head":"<!-- This site is optimized with the Yoast SEO plugin v26.5 - https:\/\/yoast.com\/wordpress\/plugins\/seo\/ -->\n<title>Secretaria de Educa\u00e7\u00e3o de Vit\u00f3ria assina pacto pela aprendizagem - Jornal Fatos e Not\u00edcias<\/title>\n<meta name=\"robots\" content=\"index, follow, max-snippet:-1, max-image-preview:large, max-video-preview:-1\" \/>\n<link rel=\"canonical\" href=\"https:\/\/jornalfatosenoticias.com.br\/index.php\/2023\/05\/31\/secretaria-de-educacao-de-vitoria-assina-pacto-pela-aprendizagem\/\" \/>\n<meta property=\"og:locale\" content=\"pt_BR\" \/>\n<meta property=\"og:type\" content=\"article\" \/>\n<meta property=\"og:title\" content=\"Secretaria de Educa\u00e7\u00e3o de Vit\u00f3ria assina pacto pela aprendizagem - Jornal Fatos e Not\u00edcias\" \/>\n<meta property=\"og:description\" content=\"Por Brunella Fran\u00e7a O foco no estudante e o acompanhamento minucioso da alfabetiza\u00e7\u00e3o, garantindo o direito \u00e0 aprendizagem. A Secretaria de Educa\u00e7\u00e3o de Vit\u00f3ria (Seme) assinou hoje o Plano de Pactua\u00e7\u00e3o de Metas do Paes\/Idebes 2023, junto ao Governo do Estado. O pacto tem como objetivo melhorar os indicadores educacionais da educa\u00e7\u00e3o b\u00e1sica no Esp\u00edrito [&hellip;]\" \/>\n<meta property=\"og:url\" content=\"https:\/\/jornalfatosenoticias.com.br\/index.php\/2023\/05\/31\/secretaria-de-educacao-de-vitoria-assina-pacto-pela-aprendizagem\/\" \/>\n<meta property=\"og:site_name\" content=\"Jornal Fatos e Not\u00edcias\" \/>\n<meta property=\"article:published_time\" content=\"2023-05-31T12:20:02+00:00\" \/>\n<meta property=\"og:image\" content=\"https:\/\/jornalfatosenoticias.com.br\/wp-content\/uploads\/2023\/05\/pacto-pela-aprendizagem-vitoria.jpg\" \/>\n\t<meta property=\"og:image:width\" content=\"1000\" \/>\n\t<meta property=\"og:image:height\" content=\"665\" \/>\n\t<meta property=\"og:image:type\" content=\"image\/jpeg\" \/>\n<meta name=\"author\" content=\"Luzimara Fernandes\" \/>\n<meta name=\"twitter:card\" content=\"summary_large_image\" \/>\n<meta name=\"twitter:label1\" content=\"Escrito por\" \/>\n\t<meta name=\"twitter:data1\" content=\"Luzimara Fernandes\" \/>\n\t<meta name=\"twitter:label2\" content=\"Est. tempo de leitura\" \/>\n\t<meta name=\"twitter:data2\" content=\"3 minutos\" \/>\n<script type=\"application\/ld+json\" class=\"yoast-schema-graph\">{\"@context\":\"https:\/\/schema.org\",\"@graph\":[{\"@type\":\"Article\",\"@id\":\"https:\/\/jornalfatosenoticias.com.br\/index.php\/2023\/05\/31\/secretaria-de-educacao-de-vitoria-assina-pacto-pela-aprendizagem\/#article\",\"isPartOf\":{\"@id\":\"https:\/\/jornalfatosenoticias.com.br\/index.php\/2023\/05\/31\/secretaria-de-educacao-de-vitoria-assina-pacto-pela-aprendizagem\/\"},\"author\":{\"name\":\"Luzimara Fernandes\",\"@id\":\"https:\/\/jornalfatosenoticias.com.br\/#\/schema\/person\/d63837fa13ac8666eb9e74e0985d6f81\"},\"headline\":\"Secretaria de Educa\u00e7\u00e3o de Vit\u00f3ria assina pacto pela aprendizagem\",\"datePublished\":\"2023-05-31T12:20:02+00:00\",\"mainEntityOfPage\":{\"@id\":\"https:\/\/jornalfatosenoticias.com.br\/index.php\/2023\/05\/31\/secretaria-de-educacao-de-vitoria-assina-pacto-pela-aprendizagem\/\"},\"wordCount\":685,\"commentCount\":0,\"publisher\":{\"@id\":\"https:\/\/jornalfatosenoticias.com.br\/#organization\"},\"image\":{\"@id\":\"https:\/\/jornalfatosenoticias.com.br\/index.php\/2023\/05\/31\/secretaria-de-educacao-de-vitoria-assina-pacto-pela-aprendizagem\/#primaryimage\"},\"thumbnailUrl\":\"https:\/\/jornalfatosenoticias.com.br\/wp-content\/uploads\/2023\/05\/pacto-pela-aprendizagem-vitoria.jpg\",\"keywords\":[\"alfabetiza\u00e7\u00e3o\",\"aprendizagem\",\"pacto pela aprendizagem\",\"Paes\",\"Secretaria de Educa\u00e7\u00e3o de Vit\u00f3ria\"],\"articleSection\":[\"Educa\u00e7\u00e3o\"],\"inLanguage\":\"pt-BR\",\"potentialAction\":[{\"@type\":\"CommentAction\",\"name\":\"Comment\",\"target\":[\"https:\/\/jornalfatosenoticias.com.br\/index.php\/2023\/05\/31\/secretaria-de-educacao-de-vitoria-assina-pacto-pela-aprendizagem\/#respond\"]}]},{\"@type\":\"WebPage\",\"@id\":\"https:\/\/jornalfatosenoticias.com.br\/index.php\/2023\/05\/31\/secretaria-de-educacao-de-vitoria-assina-pacto-pela-aprendizagem\/\",\"url\":\"https:\/\/jornalfatosenoticias.com.br\/index.php\/2023\/05\/31\/secretaria-de-educacao-de-vitoria-assina-pacto-pela-aprendizagem\/\",\"name\":\"Secretaria de Educa\u00e7\u00e3o de Vit\u00f3ria assina pacto pela aprendizagem - Jornal Fatos e Not\u00edcias\",\"isPartOf\":{\"@id\":\"https:\/\/jornalfatosenoticias.com.br\/#website\"},\"primaryImageOfPage\":{\"@id\":\"https:\/\/jornalfatosenoticias.com.br\/index.php\/2023\/05\/31\/secretaria-de-educacao-de-vitoria-assina-pacto-pela-aprendizagem\/#primaryimage\"},\"image\":{\"@id\":\"https:\/\/jornalfatosenoticias.com.br\/index.php\/2023\/05\/31\/secretaria-de-educacao-de-vitoria-assina-pacto-pela-aprendizagem\/#primaryimage\"},\"thumbnailUrl\":\"https:\/\/jornalfatosenoticias.com.br\/wp-content\/uploads\/2023\/05\/pacto-pela-aprendizagem-vitoria.jpg\",\"datePublished\":\"2023-05-31T12:20:02+00:00\",\"breadcrumb\":{\"@id\":\"https:\/\/jornalfatosenoticias.com.br\/index.php\/2023\/05\/31\/secretaria-de-educacao-de-vitoria-assina-pacto-pela-aprendizagem\/#breadcrumb\"},\"inLanguage\":\"pt-BR\",\"potentialAction\":[{\"@type\":\"ReadAction\",\"target\":[\"https:\/\/jornalfatosenoticias.com.br\/index.php\/2023\/05\/31\/secretaria-de-educacao-de-vitoria-assina-pacto-pela-aprendizagem\/\"]}]},{\"@type\":\"ImageObject\",\"inLanguage\":\"pt-BR\",\"@id\":\"https:\/\/jornalfatosenoticias.com.br\/index.php\/2023\/05\/31\/secretaria-de-educacao-de-vitoria-assina-pacto-pela-aprendizagem\/#primaryimage\",\"url\":\"https:\/\/jornalfatosenoticias.com.br\/wp-content\/uploads\/2023\/05\/pacto-pela-aprendizagem-vitoria.jpg\",\"contentUrl\":\"https:\/\/jornalfatosenoticias.com.br\/wp-content\/uploads\/2023\/05\/pacto-pela-aprendizagem-vitoria.jpg\",\"width\":1000,\"height\":665,\"caption\":\"Pactua\u00e7\u00e3o de Metas da Educa\u00e7\u00e3o no audit\u00f3rio da PMV\"},{\"@type\":\"BreadcrumbList\",\"@id\":\"https:\/\/jornalfatosenoticias.com.br\/index.php\/2023\/05\/31\/secretaria-de-educacao-de-vitoria-assina-pacto-pela-aprendizagem\/#breadcrumb\",\"itemListElement\":[{\"@type\":\"ListItem\",\"position\":1,\"name\":\"In\u00edcio\",\"item\":\"https:\/\/jornalfatosenoticias.com.br\/\"},{\"@type\":\"ListItem\",\"position\":2,\"name\":\"Secretaria de Educa\u00e7\u00e3o de Vit\u00f3ria assina pacto pela aprendizagem\"}]},{\"@type\":\"WebSite\",\"@id\":\"https:\/\/jornalfatosenoticias.com.br\/#website\",\"url\":\"https:\/\/jornalfatosenoticias.com.br\/\",\"name\":\"Jornal Fatos e Not\u00edcias\",\"description\":\"Not\u00edcias em geral\",\"publisher\":{\"@id\":\"https:\/\/jornalfatosenoticias.com.br\/#organization\"},\"potentialAction\":[{\"@type\":\"SearchAction\",\"target\":{\"@type\":\"EntryPoint\",\"urlTemplate\":\"https:\/\/jornalfatosenoticias.com.br\/?s={search_term_string}\"},\"query-input\":{\"@type\":\"PropertyValueSpecification\",\"valueRequired\":true,\"valueName\":\"search_term_string\"}}],\"inLanguage\":\"pt-BR\"},{\"@type\":\"Organization\",\"@id\":\"https:\/\/jornalfatosenoticias.com.br\/#organization\",\"name\":\"Jornal Fatos e Not\u00edcias\",\"url\":\"https:\/\/jornalfatosenoticias.com.br\/\",\"logo\":{\"@type\":\"ImageObject\",\"inLanguage\":\"pt-BR\",\"@id\":\"https:\/\/jornalfatosenoticias.com.br\/#\/schema\/logo\/image\/\",\"url\":\"https:\/\/jornalfatosenoticias.com.br\/wp-content\/uploads\/2020\/02\/logo120.png\",\"contentUrl\":\"https:\/\/jornalfatosenoticias.com.br\/wp-content\/uploads\/2020\/02\/logo120.png\",\"width\":1227,\"height\":120,\"caption\":\"Jornal Fatos e Not\u00edcias\"},\"image\":{\"@id\":\"https:\/\/jornalfatosenoticias.com.br\/#\/schema\/logo\/image\/\"}},{\"@type\":\"Person\",\"@id\":\"https:\/\/jornalfatosenoticias.com.br\/#\/schema\/person\/d63837fa13ac8666eb9e74e0985d6f81\",\"name\":\"Luzimara Fernandes\",\"image\":{\"@type\":\"ImageObject\",\"inLanguage\":\"pt-BR\",\"@id\":\"https:\/\/jornalfatosenoticias.com.br\/#\/schema\/person\/image\/\",\"url\":\"https:\/\/jornalfatosenoticias.com.br\/wp-content\/uploads\/2025\/05\/EU_portal.jpg\",\"contentUrl\":\"https:\/\/jornalfatosenoticias.com.br\/wp-content\/uploads\/2025\/05\/EU_portal.jpg\",\"caption\":\"Luzimara Fernandes\"},\"description\":\"Jornalista MTB 2358-ES\",\"sameAs\":[\"https:\/\/jornalfatosenoticias.com.br\"],\"url\":\"https:\/\/jornalfatosenoticias.com.br\/index.php\/author\/luzimara\/\"}]}<\/script>\n<!-- \/ Yoast SEO plugin. -->","yoast_head_json":{"title":"Secretaria de Educa\u00e7\u00e3o de Vit\u00f3ria assina pacto pela aprendizagem - Jornal Fatos e Not\u00edcias","robots":{"index":"index","follow":"follow","max-snippet":"max-snippet:-1","max-image-preview":"max-image-preview:large","max-video-preview":"max-video-preview:-1"},"canonical":"https:\/\/jornalfatosenoticias.com.br\/index.php\/2023\/05\/31\/secretaria-de-educacao-de-vitoria-assina-pacto-pela-aprendizagem\/","og_locale":"pt_BR","og_type":"article","og_title":"Secretaria de Educa\u00e7\u00e3o de Vit\u00f3ria assina pacto pela aprendizagem - Jornal Fatos e Not\u00edcias","og_description":"Por Brunella Fran\u00e7a O foco no estudante e o acompanhamento minucioso da alfabetiza\u00e7\u00e3o, garantindo o direito \u00e0 aprendizagem. A Secretaria de Educa\u00e7\u00e3o de Vit\u00f3ria (Seme) assinou hoje o Plano de Pactua\u00e7\u00e3o de Metas do Paes\/Idebes 2023, junto ao Governo do Estado. O pacto tem como objetivo melhorar os indicadores educacionais da educa\u00e7\u00e3o b\u00e1sica no Esp\u00edrito [&hellip;]","og_url":"https:\/\/jornalfatosenoticias.com.br\/index.php\/2023\/05\/31\/secretaria-de-educacao-de-vitoria-assina-pacto-pela-aprendizagem\/","og_site_name":"Jornal Fatos e Not\u00edcias","article_published_time":"2023-05-31T12:20:02+00:00","og_image":[{"width":1000,"height":665,"url":"https:\/\/jornalfatosenoticias.com.br\/wp-content\/uploads\/2023\/05\/pacto-pela-aprendizagem-vitoria.jpg","type":"image\/jpeg"}],"author":"Luzimara Fernandes","twitter_card":"summary_large_image","twitter_misc":{"Escrito por":"Luzimara Fernandes","Est. tempo de leitura":"3 minutos"},"schema":{"@context":"https:\/\/schema.org","@graph":[{"@type":"Article","@id":"https:\/\/jornalfatosenoticias.com.br\/index.php\/2023\/05\/31\/secretaria-de-educacao-de-vitoria-assina-pacto-pela-aprendizagem\/#article","isPartOf":{"@id":"https:\/\/jornalfatosenoticias.com.br\/index.php\/2023\/05\/31\/secretaria-de-educacao-de-vitoria-assina-pacto-pela-aprendizagem\/"},"author":{"name":"Luzimara Fernandes","@id":"https:\/\/jornalfatosenoticias.com.br\/#\/schema\/person\/d63837fa13ac8666eb9e74e0985d6f81"},"headline":"Secretaria de Educa\u00e7\u00e3o de Vit\u00f3ria assina pacto pela aprendizagem","datePublished":"2023-05-31T12:20:02+00:00","mainEntityOfPage":{"@id":"https:\/\/jornalfatosenoticias.com.br\/index.php\/2023\/05\/31\/secretaria-de-educacao-de-vitoria-assina-pacto-pela-aprendizagem\/"},"wordCount":685,"commentCount":0,"publisher":{"@id":"https:\/\/jornalfatosenoticias.com.br\/#organization"},"image":{"@id":"https:\/\/jornalfatosenoticias.com.br\/index.php\/2023\/05\/31\/secretaria-de-educacao-de-vitoria-assina-pacto-pela-aprendizagem\/#primaryimage"},"thumbnailUrl":"https:\/\/jornalfatosenoticias.com.br\/wp-content\/uploads\/2023\/05\/pacto-pela-aprendizagem-vitoria.jpg","keywords":["alfabetiza\u00e7\u00e3o","aprendizagem","pacto pela aprendizagem","Paes","Secretaria de Educa\u00e7\u00e3o de Vit\u00f3ria"],"articleSection":["Educa\u00e7\u00e3o"],"inLanguage":"pt-BR","potentialAction":[{"@type":"CommentAction","name":"Comment","target":["https:\/\/jornalfatosenoticias.com.br\/index.php\/2023\/05\/31\/secretaria-de-educacao-de-vitoria-assina-pacto-pela-aprendizagem\/#respond"]}]},{"@type":"WebPage","@id":"https:\/\/jornalfatosenoticias.com.br\/index.php\/2023\/05\/31\/secretaria-de-educacao-de-vitoria-assina-pacto-pela-aprendizagem\/","url":"https:\/\/jornalfatosenoticias.com.br\/index.php\/2023\/05\/31\/secretaria-de-educacao-de-vitoria-assina-pacto-pela-aprendizagem\/","name":"Secretaria de Educa\u00e7\u00e3o de Vit\u00f3ria assina pacto pela aprendizagem - Jornal Fatos e Not\u00edcias","isPartOf":{"@id":"https:\/\/jornalfatosenoticias.com.br\/#website"},"primaryImageOfPage":{"@id":"https:\/\/jornalfatosenoticias.com.br\/index.php\/2023\/05\/31\/secretaria-de-educacao-de-vitoria-assina-pacto-pela-aprendizagem\/#primaryimage"},"image":{"@id":"https:\/\/jornalfatosenoticias.com.br\/index.php\/2023\/05\/31\/secretaria-de-educacao-de-vitoria-assina-pacto-pela-aprendizagem\/#primaryimage"},"thumbnailUrl":"https:\/\/jornalfatosenoticias.com.br\/wp-content\/uploads\/2023\/05\/pacto-pela-aprendizagem-vitoria.jpg","datePublished":"2023-05-31T12:20:02+00:00","breadcrumb":{"@id":"https:\/\/jornalfatosenoticias.com.br\/index.php\/2023\/05\/31\/secretaria-de-educacao-de-vitoria-assina-pacto-pela-aprendizagem\/#breadcrumb"},"inLanguage":"pt-BR","potentialAction":[{"@type":"ReadAction","target":["https:\/\/jornalfatosenoticias.com.br\/index.php\/2023\/05\/31\/secretaria-de-educacao-de-vitoria-assina-pacto-pela-aprendizagem\/"]}]},{"@type":"ImageObject","inLanguage":"pt-BR","@id":"https:\/\/jornalfatosenoticias.com.br\/index.php\/2023\/05\/31\/secretaria-de-educacao-de-vitoria-assina-pacto-pela-aprendizagem\/#primaryimage","url":"https:\/\/jornalfatosenoticias.com.br\/wp-content\/uploads\/2023\/05\/pacto-pela-aprendizagem-vitoria.jpg","contentUrl":"https:\/\/jornalfatosenoticias.com.br\/wp-content\/uploads\/2023\/05\/pacto-pela-aprendizagem-vitoria.jpg","width":1000,"height":665,"caption":"Pactua\u00e7\u00e3o de Metas da Educa\u00e7\u00e3o no audit\u00f3rio da PMV"},{"@type":"BreadcrumbList","@id":"https:\/\/jornalfatosenoticias.com.br\/index.php\/2023\/05\/31\/secretaria-de-educacao-de-vitoria-assina-pacto-pela-aprendizagem\/#breadcrumb","itemListElement":[{"@type":"ListItem","position":1,"name":"In\u00edcio","item":"https:\/\/jornalfatosenoticias.com.br\/"},{"@type":"ListItem","position":2,"name":"Secretaria de Educa\u00e7\u00e3o de Vit\u00f3ria assina pacto pela aprendizagem"}]},{"@type":"WebSite","@id":"https:\/\/jornalfatosenoticias.com.br\/#website","url":"https:\/\/jornalfatosenoticias.com.br\/","name":"Jornal Fatos e Not\u00edcias","description":"Not\u00edcias em geral","publisher":{"@id":"https:\/\/jornalfatosenoticias.com.br\/#organization"},"potentialAction":[{"@type":"SearchAction","target":{"@type":"EntryPoint","urlTemplate":"https:\/\/jornalfatosenoticias.com.br\/?s={search_term_string}"},"query-input":{"@type":"PropertyValueSpecification","valueRequired":true,"valueName":"search_term_string"}}],"inLanguage":"pt-BR"},{"@type":"Organization","@id":"https:\/\/jornalfatosenoticias.com.br\/#organization","name":"Jornal Fatos e Not\u00edcias","url":"https:\/\/jornalfatosenoticias.com.br\/","logo":{"@type":"ImageObject","inLanguage":"pt-BR","@id":"https:\/\/jornalfatosenoticias.com.br\/#\/schema\/logo\/image\/","url":"https:\/\/jornalfatosenoticias.com.br\/wp-content\/uploads\/2020\/02\/logo120.png","contentUrl":"https:\/\/jornalfatosenoticias.com.br\/wp-content\/uploads\/2020\/02\/logo120.png","width":1227,"height":120,"caption":"Jornal Fatos e Not\u00edcias"},"image":{"@id":"https:\/\/jornalfatosenoticias.com.br\/#\/schema\/logo\/image\/"}},{"@type":"Person","@id":"https:\/\/jornalfatosenoticias.com.br\/#\/schema\/person\/d63837fa13ac8666eb9e74e0985d6f81","name":"Luzimara Fernandes","image":{"@type":"ImageObject","inLanguage":"pt-BR","@id":"https:\/\/jornalfatosenoticias.com.br\/#\/schema\/person\/image\/","url":"https:\/\/jornalfatosenoticias.com.br\/wp-content\/uploads\/2025\/05\/EU_portal.jpg","contentUrl":"https:\/\/jornalfatosenoticias.com.br\/wp-content\/uploads\/2025\/05\/EU_portal.jpg","caption":"Luzimara Fernandes"},"description":"Jornalista MTB 2358-ES","sameAs":["https:\/\/jornalfatosenoticias.com.br"],"url":"https:\/\/jornalfatosenoticias.com.br\/index.php\/author\/luzimara\/"}]}},"cc_featured_image_caption":{"caption_text":"(Foto: Elizabeth Nader\/PMV) \r\n","source_text":"","source_url":""},"jetpack_featured_media_url":"https:\/\/jornalfatosenoticias.com.br\/wp-content\/uploads\/2023\/05\/pacto-pela-aprendizagem-vitoria.jpg","_links":{"self":[{"href":"https:\/\/jornalfatosenoticias.com.br\/index.php\/wp-json\/wp\/v2\/posts\/41931","targetHints":{"allow":["GET"]}}],"collection":[{"href":"https:\/\/jornalfatosenoticias.com.br\/index.php\/wp-json\/wp\/v2\/posts"}],"about":[{"href":"https:\/\/jornalfatosenoticias.com.br\/index.php\/wp-json\/wp\/v2\/types\/post"}],"author":[{"embeddable":true,"href":"https:\/\/jornalfatosenoticias.com.br\/index.php\/wp-json\/wp\/v2\/users\/2"}],"replies":[{"embeddable":true,"href":"https:\/\/jornalfatosenoticias.com.br\/index.php\/wp-json\/wp\/v2\/comments?post=41931"}],"version-history":[{"count":0,"href":"https:\/\/jornalfatosenoticias.com.br\/index.php\/wp-json\/wp\/v2\/posts\/41931\/revisions"}],"wp:featuredmedia":[{"embeddable":true,"href":"https:\/\/jornalfatosenoticias.com.br\/index.php\/wp-json\/wp\/v2\/media\/41932"}],"wp:attachment":[{"href":"https:\/\/jornalfatosenoticias.com.br\/index.php\/wp-json\/wp\/v2\/media?parent=41931"}],"wp:term":[{"taxonomy":"category","embeddable":true,"href":"https:\/\/jornalfatosenoticias.com.br\/index.php\/wp-json\/wp\/v2\/categories?post=41931"},{"taxonomy":"post_tag","embeddable":true,"href":"https:\/\/jornalfatosenoticias.com.br\/index.php\/wp-json\/wp\/v2\/tags?post=41931"}],"curies":[{"name":"wp","href":"https:\/\/api.w.org\/{rel}","templated":true}]}}