{"id":41966,"date":"2023-06-01T14:58:28","date_gmt":"2023-06-01T17:58:28","guid":{"rendered":"https:\/\/jornalfatosenoticias.com.br\/?p=41966"},"modified":"2023-06-01T14:58:30","modified_gmt":"2023-06-01T17:58:30","slug":"para-onde-esta-indo-o-brasil","status":"publish","type":"post","link":"https:\/\/jornalfatosenoticias.com.br\/index.php\/2023\/06\/01\/para-onde-esta-indo-o-brasil\/","title":{"rendered":"Para onde est\u00e1 indo o Brasil?"},"content":{"rendered":"\n<p><span class=\"has-inline-color has-black-color\"><em>A Venezuela vive uma tr\u00e1gica realidade, faltam alimentos, o povo foge da ditadura que comanda o pa\u00eds e a crise econ\u00f4mica piora diariamente. E voc\u00ea, teme que o Brasil repita os mesmos erros da Venezuela? Ver como a Venezuela est\u00e1 hoje pode ser um sinal de alerta para os brasileiros<\/em><\/span><\/p>\n\n\n\n<div class=\"wp-block-image\"><figure class=\"aligncenter size-large\"><img loading=\"lazy\" decoding=\"async\" width=\"1024\" height=\"110\" src=\"https:\/\/jornalfatosenoticias.com.br\/wp-content\/uploads\/2023\/03\/Crypton-1120-\u00d7-120-px-1-1024x110.png\" alt=\"\" class=\"wp-image-39211\" srcset=\"https:\/\/jornalfatosenoticias.com.br\/wp-content\/uploads\/2023\/03\/Crypton-1120-\u00d7-120-px-1-1024x110.png 1024w, https:\/\/jornalfatosenoticias.com.br\/wp-content\/uploads\/2023\/03\/Crypton-1120-\u00d7-120-px-1-300x32.png 300w, https:\/\/jornalfatosenoticias.com.br\/wp-content\/uploads\/2023\/03\/Crypton-1120-\u00d7-120-px-1-768x82.png 768w, https:\/\/jornalfatosenoticias.com.br\/wp-content\/uploads\/2023\/03\/Crypton-1120-\u00d7-120-px-1.png 1120w\" sizes=\"auto, (max-width: 1024px) 100vw, 1024px\" \/><\/figure><\/div>\n\n\n\n<p>N\u00e3o tem como n\u00e3o chutar o balde\u2026 a todo instante tento manter a calma, mas n\u00e3o tem jeito, quero mesmo \u00e9 mandar esse desgoverno para casa do %$#@$%@}. Sempre me questiono, se seria esse desgoverno um teste de paci\u00eancia. Acho que s\u00f3 Freud mesmo para responder porque o cidad\u00e3o de bem n\u00e3o aguenta mais tanta humilha\u00e7\u00e3o e ser feito de ot\u00e1rio. Essas afrontas e farras, sem precedente, com o er\u00e1rio t\u00eam dilapidado o patrim\u00f4nio do povo.<\/p>\n\n\n\n<div class=\"wp-block-image\"><figure class=\"aligncenter size-large is-resized\"><img loading=\"lazy\" decoding=\"async\" src=\"https:\/\/jornalfatosenoticias.com.br\/wp-content\/uploads\/2022\/02\/Precisao-Contabilidade-1024x724.jpg\" alt=\"\" class=\"wp-image-28088\" width=\"327\" height=\"231\"\/><\/figure><\/div>\n\n\n\n<p>A farra \u00e9 escancarada e rola de tudo. Projetos sem p\u00e9 nem cabe\u00e7a como o do Minist\u00e9rio da Cultura que, por mais inacredit\u00e1vel e absurdo que pare\u00e7a, pretende gastar mais de R$ 1,4 milh\u00e3o para promover o Brasil na falida Argentina. Ser\u00e1 que esses cabe\u00e7as de bagre acreditam mesmo nessa ideia de \u201cjerico\u201d?<br>Na C\u00e2mara, pedidos de partidos de esquerda s\u00e3o aceitos sem o menor constrangimento, como \u00e9 o caso do Psol, que sugeriu \u00e0 Casa, custear passagens a\u00e9reas para filhos de parlamentares. A falta de bom senso se torna mediocridade.<\/p>\n\n\n\n<div class=\"wp-block-image\"><figure class=\"aligncenter size-large is-resized\"><img loading=\"lazy\" decoding=\"async\" src=\"https:\/\/jornalfatosenoticias.com.br\/wp-content\/uploads\/2023\/03\/nova-logo-Marquetti.jpg\" alt=\"\" class=\"wp-image-40207\" width=\"258\" height=\"173\" srcset=\"https:\/\/jornalfatosenoticias.com.br\/wp-content\/uploads\/2023\/03\/nova-logo-Marquetti.jpg 643w, https:\/\/jornalfatosenoticias.com.br\/wp-content\/uploads\/2023\/03\/nova-logo-Marquetti-300x202.jpg 300w\" sizes=\"auto, (max-width: 258px) 100vw, 258px\" \/><\/figure><\/div>\n\n\n\n<p>Bem no perfil da canhota, um bunker, \u00e9 isso que voc\u00ea est\u00e1 lendo mesmo, foi estourado pela pol\u00edcia no Rio de Janeiro, no local foram encontrados 17 narcotraficantes armados at\u00e9 os dentes com fuzis, granadas e armas de grosso calibre. O bunker ficava dentro de uma ONG que era apoiada por \u2018artistas e pol\u00edticos\u2019 \u2014 por meio de emendas parlamentares \u2014 e muito famosa por criticar a atua\u00e7\u00e3o da pol\u00edcia em favelas e defender o desarmamento. A cereja do bolo \u00e9 que a \u2018prestigiosa\u2019 institui\u00e7\u00e3o era presidida por um traficante do Morro do Alem\u00e3o.<\/p>\n\n\n\n<div class=\"wp-block-image\"><figure class=\"aligncenter size-large is-resized\"><img loading=\"lazy\" decoding=\"async\" src=\"https:\/\/jornalfatosenoticias.com.br\/wp-content\/uploads\/2022\/07\/Logo-Grupo-SEI.jpg\" alt=\"\" class=\"wp-image-31973\" width=\"265\" height=\"139\" srcset=\"https:\/\/jornalfatosenoticias.com.br\/wp-content\/uploads\/2022\/07\/Logo-Grupo-SEI.jpg 713w, https:\/\/jornalfatosenoticias.com.br\/wp-content\/uploads\/2022\/07\/Logo-Grupo-SEI-300x158.jpg 300w\" sizes=\"auto, (max-width: 265px) 100vw, 265px\" \/><\/figure><\/div>\n\n\n\n<p>Poderia, aqui, elencar dezenas de a\u00e7\u00f5es catastr\u00f3ficas desse desgoverno e, por que n\u00e3o dizer, da Justi\u00e7a tamb\u00e9m. Mas seria pouco espa\u00e7o para muito assunto. Por isso, vou me ater a alguns fatos que realmente t\u00eam me indignado como a preocupante situa\u00e7\u00e3o educacional do Pa\u00eds. Os verdadeiros educadores foram substitu\u00eddos por doutrinadores, disciplinas como matem\u00e1tica, portugu\u00eas, ci\u00eancias, hist\u00f3ria e geografia, para citar algumas, ficaram de lado. H\u00e1 uma doutrina\u00e7\u00e3o ideol\u00f3gica de esquerda por parte dos educadores.<\/p>\n\n\n\n<div class=\"wp-block-image\"><figure class=\"aligncenter size-large\"><img decoding=\"async\" src=\"https:\/\/jornalfatosenoticias.com.br\/wp-content\/uploads\/2020\/02\/barao-das-carnes-300x164-1.jpg\" alt=\"\" class=\"wp-image-34339\"\/><\/figure><\/div>\n\n\n\n<div class=\"wp-block-jetpack-slideshow aligncenter\" data-effect=\"slide\"><div class=\"wp-block-jetpack-slideshow_container swiper-container\"><ul class=\"wp-block-jetpack-slideshow_swiper-wrapper swiper-wrapper\"><li class=\"wp-block-jetpack-slideshow_slide swiper-slide\"><figure><img loading=\"lazy\" decoding=\"async\" width=\"1000\" height=\"622\" alt=\"\" class=\"wp-block-jetpack-slideshow_image wp-image-41969\" data-id=\"41969\" src=\"https:\/\/jornalfatosenoticias.com.br\/wp-content\/uploads\/2023\/06\/crianca-hospital_Venezuela.jpg\" srcset=\"https:\/\/jornalfatosenoticias.com.br\/wp-content\/uploads\/2023\/06\/crianca-hospital_Venezuela.jpg 1000w, https:\/\/jornalfatosenoticias.com.br\/wp-content\/uploads\/2023\/06\/crianca-hospital_Venezuela-300x187.jpg 300w, https:\/\/jornalfatosenoticias.com.br\/wp-content\/uploads\/2023\/06\/crianca-hospital_Venezuela-768x478.jpg 768w\" sizes=\"auto, (max-width: 1000px) 100vw, 1000px\" \/><figcaption class=\"wp-block-jetpack-slideshow_caption gallery-caption\">Crise se agrava e crian\u00e7as morrem de fome na Venezuela (Foto: Estad\u00e3o Conte\u00fado)<\/figcaption><\/figure><\/li><li class=\"wp-block-jetpack-slideshow_slide swiper-slide\"><figure><img loading=\"lazy\" decoding=\"async\" width=\"1000\" height=\"648\" alt=\"\" class=\"wp-block-jetpack-slideshow_image wp-image-41970\" data-id=\"41970\" src=\"https:\/\/jornalfatosenoticias.com.br\/wp-content\/uploads\/2023\/06\/hospital_Venezuela1.jpeg\" srcset=\"https:\/\/jornalfatosenoticias.com.br\/wp-content\/uploads\/2023\/06\/hospital_Venezuela1.jpeg 1000w, https:\/\/jornalfatosenoticias.com.br\/wp-content\/uploads\/2023\/06\/hospital_Venezuela1-300x194.jpeg 300w, https:\/\/jornalfatosenoticias.com.br\/wp-content\/uploads\/2023\/06\/hospital_Venezuela1-768x498.jpeg 768w, https:\/\/jornalfatosenoticias.com.br\/wp-content\/uploads\/2023\/06\/hospital_Venezuela1-880x570.jpeg 880w\" sizes=\"auto, (max-width: 1000px) 100vw, 1000px\" \/><figcaption class=\"wp-block-jetpack-slideshow_caption gallery-caption\">Abandono, improvisos e sujeira: retrato dos hospitais p\u00fablicos da Venezuela (Foto: Reprodu\u00e7\u00e3o\/The New York Times)<\/figcaption><\/figure><\/li><\/ul><a class=\"wp-block-jetpack-slideshow_button-prev swiper-button-prev swiper-button-white\" role=\"button\"><\/a><a class=\"wp-block-jetpack-slideshow_button-next swiper-button-next swiper-button-white\" role=\"button\"><\/a><a aria-label=\"Pause Slideshow\" class=\"wp-block-jetpack-slideshow_button-pause\" role=\"button\"><\/a><div class=\"wp-block-jetpack-slideshow_pagination swiper-pagination swiper-pagination-white\"><\/div><\/div><\/div>\n\n\n\n<p>S\u00f3 para ilustrar o que estou dizendo, uma dupla de pesquisadores realizou um levantamento com 288 professores de Hist\u00f3ria de pa\u00edses do Mercosul \u2014 Brasil, Argentina Uruguai e Paraguai e Chile. Uma das perguntas do question\u00e1rio foi em qual partido os docentes costumam votar nas elei\u00e7\u00f5es. Ao todo, 84,5% dos professores brasileiros disseram preferir siglas de esquerda ou centro-esquerda. O centro, a centro-direita e a direita, somados, corresponderam a 15,5% dos entrevistados.<\/p>\n\n\n\n<div class=\"wp-block-image\"><figure class=\"aligncenter size-large is-resized\"><img loading=\"lazy\" decoding=\"async\" src=\"https:\/\/jornalfatosenoticias.com.br\/wp-content\/uploads\/2022\/02\/FERRARI_MAQUINAS-E-FERRAMENTAS2.jpg\" alt=\"\" class=\"wp-image-27860\" width=\"262\" height=\"218\"\/><\/figure><\/div>\n\n\n\n<p>Esses dados ilustram bem o que foi a \u00faltima elei\u00e7\u00e3o no Brasil. Com um hist\u00f3rico pregresso invej\u00e1vel (para n\u00e3o dizer o contr\u00e1rio), o pernambucano \u2014 que propalou aos quatro ventos e enganou os mais humildes se fazendo por um deles \u2014 vem ostentando riquezas desde que assumiu o cargo. Um dos mais recentes \u00e9 a troca do avi\u00e3o presidencial (j\u00e1 apelidado de Aerolula) para oferecer mais conforto \u00e0 Janja. Em campanha, usou todas as artimanhas e influ\u00eancias nos Poderes para se eleger. Das promessas, de picanha e cervejinha aos mais vulner\u00e1veis, incentivos fiscais aos empres\u00e1rios desavisados e \u00e0 classe art\u00edstica, s\u00f3 cumpriu o prometido aos c\u00famplices, como a volta da descarada Lei Rouanet e a abertura da torneira para comprar aliados para seus projetos na C\u00e2mara e no Senado. De resto, o povo est\u00e1 pagando por sua burrice ou ingenuidade o que, honestamente, n\u00e3o consigo discernir.<\/p>\n\n\n\n<div class=\"wp-block-image\"><figure class=\"aligncenter size-large is-resized\"><img loading=\"lazy\" decoding=\"async\" src=\"https:\/\/jornalfatosenoticias.com.br\/wp-content\/uploads\/2022\/10\/RC_800x750_page-0001.jpg\" alt=\"\" class=\"wp-image-35338\" width=\"249\" height=\"233\" srcset=\"https:\/\/jornalfatosenoticias.com.br\/wp-content\/uploads\/2022\/10\/RC_800x750_page-0001.jpg 400w, https:\/\/jornalfatosenoticias.com.br\/wp-content\/uploads\/2022\/10\/RC_800x750_page-0001-300x281.jpg 300w\" sizes=\"auto, (max-width: 249px) 100vw, 249px\" \/><\/figure><\/div>\n\n\n\n<p>Tentando desesperadamente implantar um sistema de governo socialista, Lula vem sacrificando os mais necessitados (o que \u00e9 uma tremenda ironia, para quem se intitula como \u2018o pai dos pobres\u2019). Prova dessa enganadora e desumana ideologia pol\u00edtica, pode ser assistida em v\u00eddeo no Instagram, que mostra uma adutora sendo destru\u00edda com explosivos no Serid\u00f3-Para\u00edba, sert\u00e3o nordestino, que abastecia \u00e1gua para toda a regi\u00e3o. Seria o pagamento pelo apoio recebido dos coron\u00e9is (empres\u00e1rios de caminh\u00f5es-pipas) na elei\u00e7\u00e3o de 2022? N\u00e3o tenho a menor d\u00favida.<\/p>\n\n\n\n<div class=\"wp-block-image\"><figure class=\"aligncenter size-large is-resized\"><img loading=\"lazy\" decoding=\"async\" src=\"https:\/\/jornalfatosenoticias.com.br\/wp-content\/uploads\/2020\/02\/casa-do-torresmo_portal.jpg\" alt=\"\" class=\"wp-image-34472\" width=\"237\" height=\"237\" srcset=\"https:\/\/jornalfatosenoticias.com.br\/wp-content\/uploads\/2020\/02\/casa-do-torresmo_portal.jpg 300w, https:\/\/jornalfatosenoticias.com.br\/wp-content\/uploads\/2020\/02\/casa-do-torresmo_portal-150x150.jpg 150w\" sizes=\"auto, (max-width: 237px) 100vw, 237px\" \/><\/figure><\/div>\n\n\n\n<p>Ainda no Nordeste, o que pensar de um presidente que, h\u00e1 alguns meses, prometeu amparo aos mais necessitados e, hoje, obstrui canais interrompendo o fornecimento de \u00e1gua oriunda da transposi\u00e7\u00e3o do Rio S\u00e3o Francisco. Obra abandonada pelos governos petistas e conclu\u00edda pelo ex-presidente Jair Bolsonaro. Seria uma vingan\u00e7a? Se for, n\u00e3o me surpreende, pois \u00e9 um comportamento bem caracter\u00edstico da velha pol\u00edtica, da qual o PT sempre fez parte.<\/p>\n\n\n\n<div class=\"wp-block-image\"><figure class=\"aligncenter size-large\"><img loading=\"lazy\" decoding=\"async\" width=\"1024\" height=\"99\" src=\"https:\/\/jornalfatosenoticias.com.br\/wp-content\/uploads\/2020\/02\/Logo-Mizu-segunda-2-1024x99.png\" alt=\"\" class=\"wp-image-2353\" srcset=\"https:\/\/jornalfatosenoticias.com.br\/wp-content\/uploads\/2020\/02\/Logo-Mizu-segunda-2-1024x99.png 1024w, https:\/\/jornalfatosenoticias.com.br\/wp-content\/uploads\/2020\/02\/Logo-Mizu-segunda-2-300x29.png 300w, https:\/\/jornalfatosenoticias.com.br\/wp-content\/uploads\/2020\/02\/Logo-Mizu-segunda-2-768x74.png 768w, https:\/\/jornalfatosenoticias.com.br\/wp-content\/uploads\/2020\/02\/Logo-Mizu-segunda-2.png 1240w\" sizes=\"auto, (max-width: 1024px) 100vw, 1024px\" \/><\/figure><\/div>\n\n\n\n<div class=\"wp-block-image\"><figure class=\"aligncenter size-large\"><img loading=\"lazy\" decoding=\"async\" width=\"800\" height=\"1000\" src=\"https:\/\/jornalfatosenoticias.com.br\/wp-content\/uploads\/2023\/06\/Lula-e-Maduro-526.jpg\" alt=\"\" class=\"wp-image-41967\" srcset=\"https:\/\/jornalfatosenoticias.com.br\/wp-content\/uploads\/2023\/06\/Lula-e-Maduro-526.jpg 800w, https:\/\/jornalfatosenoticias.com.br\/wp-content\/uploads\/2023\/06\/Lula-e-Maduro-526-240x300.jpg 240w, https:\/\/jornalfatosenoticias.com.br\/wp-content\/uploads\/2023\/06\/Lula-e-Maduro-526-768x960.jpg 768w\" sizes=\"auto, (max-width: 800px) 100vw, 800px\" \/><\/figure><\/div>\n\n\n\n<p>Todavia, n\u00e3o posso deixar de citar a vergonha maior que aconteceu no in\u00edcio da semana que foi a recep\u00e7\u00e3o com honrarias de chefe de Estado e contin\u00eancias militares ao narcotraficante e narcoterrorista, Nicol\u00e1s Maduro, que sujeita milh\u00f5es e mata milhares de pessoas com a sua pol\u00edtica ditatorial. Lembro, ainda, que este elemento est\u00e1 com a cabe\u00e7a a pr\u00eamio de U$$ 15 milh\u00f5es, algo pr\u00f3ximo de R$ 75 milh\u00f5es, pelo governo dos Estados Unidos.<\/p>\n\n\n\n<div class=\"wp-block-image\"><figure class=\"aligncenter size-large is-resized\"><img loading=\"lazy\" decoding=\"async\" src=\"https:\/\/jornalfatosenoticias.com.br\/wp-content\/uploads\/2022\/02\/Banner-2.png\" alt=\"\" class=\"wp-image-27877\" width=\"253\" height=\"211\"\/><\/figure><\/div>\n\n\n\n<p>Na tribuna, parlamentares conservadores protestaram. O deputado federal Caporezzo (PL), rasgou o verbo e lavou a alma de milh\u00f5es de brasileiros ao chamar Lula de canalha por defender Nicol\u00e1s Maduro. \u201cEnt\u00e3o, o mundo inteiro n\u00e3o ficou chocado com as cenas de blindados da Guarda Nacional venezuelana atropelando cidad\u00e3os que estavam protestando contra o governo, pessoas foram mortas, massacradas\u2026 ent\u00e3o aquelas imagens s\u00e3o s\u00f3 narrativas?\u201d. <\/p>\n\n\n\n<div class=\"wp-block-image\"><figure class=\"aligncenter size-large is-resized\"><img loading=\"lazy\" decoding=\"async\" src=\"https:\/\/jornalfatosenoticias.com.br\/wp-content\/uploads\/2022\/08\/arte-Casarao.jpg\" alt=\"\" class=\"wp-image-33178\" width=\"235\" height=\"196\"\/><\/figure><\/div>\n\n\n\n<p>Continuando, o parlamentar citou que Lula disse, tamb\u00e9m, \u201cque tudo n\u00e3o passa de uma persegui\u00e7\u00e3o do governo dos Estados Unidos. E que o relat\u00f3rio da ONU, quando diz que Nicol\u00e1s Maduro praticou crimes contra a humanidade atrav\u00e9s da pr\u00e1tica sistem\u00e1tica de torturas f\u00edsicas, psicol\u00f3gicas e viol\u00eancia sexual contra os opositores do regime, n\u00e3o passa de fal\u00e1cias\u201d.<\/p>\n\n\n\n<div class=\"wp-block-image\"><figure class=\"aligncenter size-large\"><img loading=\"lazy\" decoding=\"async\" width=\"1000\" height=\"600\" src=\"https:\/\/jornalfatosenoticias.com.br\/wp-content\/uploads\/2023\/06\/bebes-venezuela-caixa-papelao.jpg\" alt=\"\" class=\"wp-image-41968\" srcset=\"https:\/\/jornalfatosenoticias.com.br\/wp-content\/uploads\/2023\/06\/bebes-venezuela-caixa-papelao.jpg 1000w, https:\/\/jornalfatosenoticias.com.br\/wp-content\/uploads\/2023\/06\/bebes-venezuela-caixa-papelao-300x180.jpg 300w, https:\/\/jornalfatosenoticias.com.br\/wp-content\/uploads\/2023\/06\/bebes-venezuela-caixa-papelao-768x461.jpg 768w\" sizes=\"auto, (max-width: 1000px) 100vw, 1000px\" \/><figcaption><em><span class=\"has-inline-color has-black-color\">Por crise, beb\u00eas dormem em caixas em hospital da Venezuela (Foto: Twitter\/Reprodu\u00e7\u00e3o)<\/span><\/em><\/figcaption><\/figure><\/div>\n\n\n\n<p>Caporezzo explanou ainda que, s\u00f3 em 2021, mais de 11 mil pessoas foram assassinadas naquele pa\u00eds. <\/p>\n\n\n\n<blockquote class=\"wp-block-quote is-layout-flow wp-block-quote-is-layout-flow\"><p><span class=\"has-inline-color has-luminous-vivid-orange-color\">Qualquer pessoa que anda em ruas do Brasil, inclusive na cidade de Uberl\u00e2ndia, pode ver muitos venezuelanos pedindo esmola, fugindo da extrema pobreza. Nos \u00faltimos cinco meses, o The New York Times, entrevistou m\u00e9dicos de 21 hospitais, em dezessete estados venezuelanos, e os profissionais descrevem salas de emerg\u00eancias cheias de crian\u00e7as com desnutri\u00e7\u00e3o grave. A esquerda fala que luta contra a pobreza, fala que luta contra ditadura e est\u00e1 a\u00ed com um presidente passando a m\u00e3o na cabe\u00e7a de um ditador sanguin\u00e1rio\u201d, critica.<\/span><\/p><\/blockquote>\n\n\n\n<div class=\"wp-block-image\"><figure class=\"aligncenter size-large is-resized\"><img loading=\"lazy\" decoding=\"async\" src=\"https:\/\/jornalfatosenoticias.com.br\/wp-content\/uploads\/2020\/02\/logo-embacia.jpg\" alt=\"\" class=\"wp-image-33905\" width=\"228\" height=\"228\"\/><\/figure><\/div>\n\n\n\n<p>O deputado lembrou, tamb\u00e9m, das proibi\u00e7\u00f5es de campanha impostas pelo Tribunal Superior Eleitoral (TSE) que impediam o ent\u00e3o presidente, Jair Bolsonaro de falar a verdade sobre Lula e sua \u00edntima rela\u00e7\u00e3o com ditadores e regimes ditatoriais. <\/p>\n\n\n\n<div class=\"wp-block-image\"><figure class=\"aligncenter size-large is-resized\"><img loading=\"lazy\" decoding=\"async\" src=\"https:\/\/jornalfatosenoticias.com.br\/wp-content\/uploads\/2023\/03\/logo-Panper_portal.jpg\" alt=\"\" class=\"wp-image-40208\" width=\"248\" height=\"172\" srcset=\"https:\/\/jornalfatosenoticias.com.br\/wp-content\/uploads\/2023\/03\/logo-Panper_portal.jpg 400w, https:\/\/jornalfatosenoticias.com.br\/wp-content\/uploads\/2023\/03\/logo-Panper_portal-300x208.jpg 300w\" sizes=\"auto, (max-width: 248px) 100vw, 248px\" \/><\/figure><\/div>\n\n\n\n<blockquote class=\"wp-block-quote is-layout-flow wp-block-quote-is-layout-flow\"><p><span class=\"has-inline-color has-luminous-vivid-orange-color\">O TSE proibiu, em campanha, que Lula fosse citado como amigo de Maduro, mas n\u00e3o demorou seis meses para esse \u201ccanalha\u201d [Lula] receber esse narcoterrorista com pompas de chefe de Estado e honraria militar. Uma vergonha para o Brasil!\u201d, desabafou.<\/span><\/p><\/blockquote>\n\n\n\n<div class=\"wp-block-image\"><figure class=\"aligncenter size-large\"><img decoding=\"async\" src=\"https:\/\/jornalfatosenoticias.com.br\/wp-content\/uploads\/2020\/02\/logo_esteio.jpg\" alt=\"\" class=\"wp-image-1214\"\/><\/figure><\/div>\n\n\n\n<p>Termino fazendo coro \u00e0 fala do conservador Caporezzo e aproveito para clamar, a voc\u00ea, que esteve comigo at\u00e9 o final deste texto, a defender a liberdade e a nossa Bandeira. Saia da sua zona de conforto enquanto h\u00e1 tempo, podemos estar entrando numa c\u00e2mara de g\u00e1s ou num beco sem sa\u00edda, pense nisso. Ainda h\u00e1 tempo de salvar nossa P\u00e1tria Amada, Brasil!<br>At\u00e9 a pr\u00f3xima!<\/p>\n","protected":false},"excerpt":{"rendered":"<p>A Venezuela vive uma tr\u00e1gica realidade, faltam alimentos, o povo foge da ditadura que comanda o pa\u00eds e a crise econ\u00f4mica piora diariamente. E voc\u00ea, teme que o Brasil repita os mesmos erros da Venezuela? Ver como a Venezuela est\u00e1 hoje pode ser um sinal de alerta para os brasileiros N\u00e3o tem como n\u00e3o chutar [&hellip;]<\/p>\n","protected":false},"author":3,"featured_media":41971,"comment_status":"open","ping_status":"open","sticky":false,"template":"","format":"standard","meta":{"footnotes":""},"categories":[10],"tags":[597,1244,1203,7580,19097,8605],"class_list":["post-41966","post","type-post","status-publish","format-standard","has-post-thumbnail","hentry","category-politica","tag-brasil","tag-ditadura","tag-fome","tag-lula","tag-nicolas-maduro","tag-venezuela"],"yoast_head":"<!-- This site is optimized with the Yoast SEO plugin v26.5 - https:\/\/yoast.com\/wordpress\/plugins\/seo\/ -->\n<title>Para onde est\u00e1 indo o Brasil? - Jornal Fatos e Not\u00edcias<\/title>\n<meta name=\"robots\" content=\"index, follow, max-snippet:-1, max-image-preview:large, max-video-preview:-1\" \/>\n<link rel=\"canonical\" href=\"https:\/\/jornalfatosenoticias.com.br\/index.php\/2023\/06\/01\/para-onde-esta-indo-o-brasil\/\" \/>\n<meta property=\"og:locale\" content=\"pt_BR\" \/>\n<meta property=\"og:type\" content=\"article\" \/>\n<meta property=\"og:title\" content=\"Para onde est\u00e1 indo o Brasil? - Jornal Fatos e Not\u00edcias\" \/>\n<meta property=\"og:description\" content=\"A Venezuela vive uma tr\u00e1gica realidade, faltam alimentos, o povo foge da ditadura que comanda o pa\u00eds e a crise econ\u00f4mica piora diariamente. E voc\u00ea, teme que o Brasil repita os mesmos erros da Venezuela? Ver como a Venezuela est\u00e1 hoje pode ser um sinal de alerta para os brasileiros N\u00e3o tem como n\u00e3o chutar [&hellip;]\" \/>\n<meta property=\"og:url\" content=\"https:\/\/jornalfatosenoticias.com.br\/index.php\/2023\/06\/01\/para-onde-esta-indo-o-brasil\/\" \/>\n<meta property=\"og:site_name\" content=\"Jornal Fatos e Not\u00edcias\" \/>\n<meta property=\"article:published_time\" content=\"2023-06-01T17:58:28+00:00\" \/>\n<meta property=\"article:modified_time\" content=\"2023-06-01T17:58:30+00:00\" \/>\n<meta property=\"og:image\" content=\"https:\/\/jornalfatosenoticias.com.br\/wp-content\/uploads\/2023\/06\/Lula-e-Maduro_capa.jpg\" \/>\n\t<meta property=\"og:image:width\" content=\"798\" \/>\n\t<meta property=\"og:image:height\" content=\"619\" \/>\n\t<meta property=\"og:image:type\" content=\"image\/jpeg\" \/>\n<meta name=\"author\" content=\"Haroldo Filho\" \/>\n<meta name=\"twitter:card\" content=\"summary_large_image\" \/>\n<meta name=\"twitter:label1\" content=\"Escrito por\" \/>\n\t<meta name=\"twitter:data1\" content=\"Haroldo Filho\" \/>\n\t<meta name=\"twitter:label2\" content=\"Est. tempo de leitura\" \/>\n\t<meta name=\"twitter:data2\" content=\"7 minutos\" \/>\n<script type=\"application\/ld+json\" class=\"yoast-schema-graph\">{\"@context\":\"https:\/\/schema.org\",\"@graph\":[{\"@type\":\"Article\",\"@id\":\"https:\/\/jornalfatosenoticias.com.br\/index.php\/2023\/06\/01\/para-onde-esta-indo-o-brasil\/#article\",\"isPartOf\":{\"@id\":\"https:\/\/jornalfatosenoticias.com.br\/index.php\/2023\/06\/01\/para-onde-esta-indo-o-brasil\/\"},\"author\":{\"name\":\"Haroldo Filho\",\"@id\":\"https:\/\/jornalfatosenoticias.com.br\/#\/schema\/person\/05c46cc25b42a5c27e004fb0fa6b4965\"},\"headline\":\"Para onde est\u00e1 indo o Brasil?\",\"datePublished\":\"2023-06-01T17:58:28+00:00\",\"dateModified\":\"2023-06-01T17:58:30+00:00\",\"mainEntityOfPage\":{\"@id\":\"https:\/\/jornalfatosenoticias.com.br\/index.php\/2023\/06\/01\/para-onde-esta-indo-o-brasil\/\"},\"wordCount\":1347,\"commentCount\":0,\"publisher\":{\"@id\":\"https:\/\/jornalfatosenoticias.com.br\/#organization\"},\"image\":{\"@id\":\"https:\/\/jornalfatosenoticias.com.br\/index.php\/2023\/06\/01\/para-onde-esta-indo-o-brasil\/#primaryimage\"},\"thumbnailUrl\":\"https:\/\/jornalfatosenoticias.com.br\/wp-content\/uploads\/2023\/06\/Lula-e-Maduro_capa.jpg\",\"keywords\":[\"Brasil\",\"ditadura\",\"fome\",\"Lula\",\"Nicol\u00e1s Maduro\",\"Venezuela\"],\"articleSection\":[\"Pol\u00edtica\"],\"inLanguage\":\"pt-BR\",\"potentialAction\":[{\"@type\":\"CommentAction\",\"name\":\"Comment\",\"target\":[\"https:\/\/jornalfatosenoticias.com.br\/index.php\/2023\/06\/01\/para-onde-esta-indo-o-brasil\/#respond\"]}]},{\"@type\":\"WebPage\",\"@id\":\"https:\/\/jornalfatosenoticias.com.br\/index.php\/2023\/06\/01\/para-onde-esta-indo-o-brasil\/\",\"url\":\"https:\/\/jornalfatosenoticias.com.br\/index.php\/2023\/06\/01\/para-onde-esta-indo-o-brasil\/\",\"name\":\"Para onde est\u00e1 indo o Brasil? - Jornal Fatos e Not\u00edcias\",\"isPartOf\":{\"@id\":\"https:\/\/jornalfatosenoticias.com.br\/#website\"},\"primaryImageOfPage\":{\"@id\":\"https:\/\/jornalfatosenoticias.com.br\/index.php\/2023\/06\/01\/para-onde-esta-indo-o-brasil\/#primaryimage\"},\"image\":{\"@id\":\"https:\/\/jornalfatosenoticias.com.br\/index.php\/2023\/06\/01\/para-onde-esta-indo-o-brasil\/#primaryimage\"},\"thumbnailUrl\":\"https:\/\/jornalfatosenoticias.com.br\/wp-content\/uploads\/2023\/06\/Lula-e-Maduro_capa.jpg\",\"datePublished\":\"2023-06-01T17:58:28+00:00\",\"dateModified\":\"2023-06-01T17:58:30+00:00\",\"breadcrumb\":{\"@id\":\"https:\/\/jornalfatosenoticias.com.br\/index.php\/2023\/06\/01\/para-onde-esta-indo-o-brasil\/#breadcrumb\"},\"inLanguage\":\"pt-BR\",\"potentialAction\":[{\"@type\":\"ReadAction\",\"target\":[\"https:\/\/jornalfatosenoticias.com.br\/index.php\/2023\/06\/01\/para-onde-esta-indo-o-brasil\/\"]}]},{\"@type\":\"ImageObject\",\"inLanguage\":\"pt-BR\",\"@id\":\"https:\/\/jornalfatosenoticias.com.br\/index.php\/2023\/06\/01\/para-onde-esta-indo-o-brasil\/#primaryimage\",\"url\":\"https:\/\/jornalfatosenoticias.com.br\/wp-content\/uploads\/2023\/06\/Lula-e-Maduro_capa.jpg\",\"contentUrl\":\"https:\/\/jornalfatosenoticias.com.br\/wp-content\/uploads\/2023\/06\/Lula-e-Maduro_capa.jpg\",\"width\":798,\"height\":619},{\"@type\":\"BreadcrumbList\",\"@id\":\"https:\/\/jornalfatosenoticias.com.br\/index.php\/2023\/06\/01\/para-onde-esta-indo-o-brasil\/#breadcrumb\",\"itemListElement\":[{\"@type\":\"ListItem\",\"position\":1,\"name\":\"In\u00edcio\",\"item\":\"https:\/\/jornalfatosenoticias.com.br\/\"},{\"@type\":\"ListItem\",\"position\":2,\"name\":\"Para onde est\u00e1 indo o Brasil?\"}]},{\"@type\":\"WebSite\",\"@id\":\"https:\/\/jornalfatosenoticias.com.br\/#website\",\"url\":\"https:\/\/jornalfatosenoticias.com.br\/\",\"name\":\"Jornal Fatos e Not\u00edcias\",\"description\":\"Not\u00edcias em geral\",\"publisher\":{\"@id\":\"https:\/\/jornalfatosenoticias.com.br\/#organization\"},\"potentialAction\":[{\"@type\":\"SearchAction\",\"target\":{\"@type\":\"EntryPoint\",\"urlTemplate\":\"https:\/\/jornalfatosenoticias.com.br\/?s={search_term_string}\"},\"query-input\":{\"@type\":\"PropertyValueSpecification\",\"valueRequired\":true,\"valueName\":\"search_term_string\"}}],\"inLanguage\":\"pt-BR\"},{\"@type\":\"Organization\",\"@id\":\"https:\/\/jornalfatosenoticias.com.br\/#organization\",\"name\":\"Jornal Fatos e Not\u00edcias\",\"url\":\"https:\/\/jornalfatosenoticias.com.br\/\",\"logo\":{\"@type\":\"ImageObject\",\"inLanguage\":\"pt-BR\",\"@id\":\"https:\/\/jornalfatosenoticias.com.br\/#\/schema\/logo\/image\/\",\"url\":\"https:\/\/jornalfatosenoticias.com.br\/wp-content\/uploads\/2020\/02\/logo120.png\",\"contentUrl\":\"https:\/\/jornalfatosenoticias.com.br\/wp-content\/uploads\/2020\/02\/logo120.png\",\"width\":1227,\"height\":120,\"caption\":\"Jornal Fatos e Not\u00edcias\"},\"image\":{\"@id\":\"https:\/\/jornalfatosenoticias.com.br\/#\/schema\/logo\/image\/\"}},{\"@type\":\"Person\",\"@id\":\"https:\/\/jornalfatosenoticias.com.br\/#\/schema\/person\/05c46cc25b42a5c27e004fb0fa6b4965\",\"name\":\"Haroldo Filho\",\"image\":{\"@type\":\"ImageObject\",\"inLanguage\":\"pt-BR\",\"@id\":\"https:\/\/jornalfatosenoticias.com.br\/#\/schema\/person\/image\/\",\"url\":\"https:\/\/jornalfatosenoticias.com.br\/wp-content\/uploads\/2025\/08\/WhatsApp-Image-2025-08-18-at-15.30.28-150x150.jpeg\",\"contentUrl\":\"https:\/\/jornalfatosenoticias.com.br\/wp-content\/uploads\/2025\/08\/WhatsApp-Image-2025-08-18-at-15.30.28-150x150.jpeg\",\"caption\":\"Haroldo Filho\"},\"description\":\"Jornalista \u2013 DRT: 0003818\/ES Coordenador-geral da ONG Educar para Crescer\",\"url\":\"https:\/\/jornalfatosenoticias.com.br\/index.php\/author\/haroldo\/\"}]}<\/script>\n<!-- \/ Yoast SEO plugin. -->","yoast_head_json":{"title":"Para onde est\u00e1 indo o Brasil? - Jornal Fatos e Not\u00edcias","robots":{"index":"index","follow":"follow","max-snippet":"max-snippet:-1","max-image-preview":"max-image-preview:large","max-video-preview":"max-video-preview:-1"},"canonical":"https:\/\/jornalfatosenoticias.com.br\/index.php\/2023\/06\/01\/para-onde-esta-indo-o-brasil\/","og_locale":"pt_BR","og_type":"article","og_title":"Para onde est\u00e1 indo o Brasil? - Jornal Fatos e Not\u00edcias","og_description":"A Venezuela vive uma tr\u00e1gica realidade, faltam alimentos, o povo foge da ditadura que comanda o pa\u00eds e a crise econ\u00f4mica piora diariamente. E voc\u00ea, teme que o Brasil repita os mesmos erros da Venezuela? Ver como a Venezuela est\u00e1 hoje pode ser um sinal de alerta para os brasileiros N\u00e3o tem como n\u00e3o chutar [&hellip;]","og_url":"https:\/\/jornalfatosenoticias.com.br\/index.php\/2023\/06\/01\/para-onde-esta-indo-o-brasil\/","og_site_name":"Jornal Fatos e Not\u00edcias","article_published_time":"2023-06-01T17:58:28+00:00","article_modified_time":"2023-06-01T17:58:30+00:00","og_image":[{"width":798,"height":619,"url":"https:\/\/jornalfatosenoticias.com.br\/wp-content\/uploads\/2023\/06\/Lula-e-Maduro_capa.jpg","type":"image\/jpeg"}],"author":"Haroldo Filho","twitter_card":"summary_large_image","twitter_misc":{"Escrito por":"Haroldo Filho","Est. tempo de leitura":"7 minutos"},"schema":{"@context":"https:\/\/schema.org","@graph":[{"@type":"Article","@id":"https:\/\/jornalfatosenoticias.com.br\/index.php\/2023\/06\/01\/para-onde-esta-indo-o-brasil\/#article","isPartOf":{"@id":"https:\/\/jornalfatosenoticias.com.br\/index.php\/2023\/06\/01\/para-onde-esta-indo-o-brasil\/"},"author":{"name":"Haroldo Filho","@id":"https:\/\/jornalfatosenoticias.com.br\/#\/schema\/person\/05c46cc25b42a5c27e004fb0fa6b4965"},"headline":"Para onde est\u00e1 indo o Brasil?","datePublished":"2023-06-01T17:58:28+00:00","dateModified":"2023-06-01T17:58:30+00:00","mainEntityOfPage":{"@id":"https:\/\/jornalfatosenoticias.com.br\/index.php\/2023\/06\/01\/para-onde-esta-indo-o-brasil\/"},"wordCount":1347,"commentCount":0,"publisher":{"@id":"https:\/\/jornalfatosenoticias.com.br\/#organization"},"image":{"@id":"https:\/\/jornalfatosenoticias.com.br\/index.php\/2023\/06\/01\/para-onde-esta-indo-o-brasil\/#primaryimage"},"thumbnailUrl":"https:\/\/jornalfatosenoticias.com.br\/wp-content\/uploads\/2023\/06\/Lula-e-Maduro_capa.jpg","keywords":["Brasil","ditadura","fome","Lula","Nicol\u00e1s Maduro","Venezuela"],"articleSection":["Pol\u00edtica"],"inLanguage":"pt-BR","potentialAction":[{"@type":"CommentAction","name":"Comment","target":["https:\/\/jornalfatosenoticias.com.br\/index.php\/2023\/06\/01\/para-onde-esta-indo-o-brasil\/#respond"]}]},{"@type":"WebPage","@id":"https:\/\/jornalfatosenoticias.com.br\/index.php\/2023\/06\/01\/para-onde-esta-indo-o-brasil\/","url":"https:\/\/jornalfatosenoticias.com.br\/index.php\/2023\/06\/01\/para-onde-esta-indo-o-brasil\/","name":"Para onde est\u00e1 indo o Brasil? - Jornal Fatos e Not\u00edcias","isPartOf":{"@id":"https:\/\/jornalfatosenoticias.com.br\/#website"},"primaryImageOfPage":{"@id":"https:\/\/jornalfatosenoticias.com.br\/index.php\/2023\/06\/01\/para-onde-esta-indo-o-brasil\/#primaryimage"},"image":{"@id":"https:\/\/jornalfatosenoticias.com.br\/index.php\/2023\/06\/01\/para-onde-esta-indo-o-brasil\/#primaryimage"},"thumbnailUrl":"https:\/\/jornalfatosenoticias.com.br\/wp-content\/uploads\/2023\/06\/Lula-e-Maduro_capa.jpg","datePublished":"2023-06-01T17:58:28+00:00","dateModified":"2023-06-01T17:58:30+00:00","breadcrumb":{"@id":"https:\/\/jornalfatosenoticias.com.br\/index.php\/2023\/06\/01\/para-onde-esta-indo-o-brasil\/#breadcrumb"},"inLanguage":"pt-BR","potentialAction":[{"@type":"ReadAction","target":["https:\/\/jornalfatosenoticias.com.br\/index.php\/2023\/06\/01\/para-onde-esta-indo-o-brasil\/"]}]},{"@type":"ImageObject","inLanguage":"pt-BR","@id":"https:\/\/jornalfatosenoticias.com.br\/index.php\/2023\/06\/01\/para-onde-esta-indo-o-brasil\/#primaryimage","url":"https:\/\/jornalfatosenoticias.com.br\/wp-content\/uploads\/2023\/06\/Lula-e-Maduro_capa.jpg","contentUrl":"https:\/\/jornalfatosenoticias.com.br\/wp-content\/uploads\/2023\/06\/Lula-e-Maduro_capa.jpg","width":798,"height":619},{"@type":"BreadcrumbList","@id":"https:\/\/jornalfatosenoticias.com.br\/index.php\/2023\/06\/01\/para-onde-esta-indo-o-brasil\/#breadcrumb","itemListElement":[{"@type":"ListItem","position":1,"name":"In\u00edcio","item":"https:\/\/jornalfatosenoticias.com.br\/"},{"@type":"ListItem","position":2,"name":"Para onde est\u00e1 indo o Brasil?"}]},{"@type":"WebSite","@id":"https:\/\/jornalfatosenoticias.com.br\/#website","url":"https:\/\/jornalfatosenoticias.com.br\/","name":"Jornal Fatos e Not\u00edcias","description":"Not\u00edcias em geral","publisher":{"@id":"https:\/\/jornalfatosenoticias.com.br\/#organization"},"potentialAction":[{"@type":"SearchAction","target":{"@type":"EntryPoint","urlTemplate":"https:\/\/jornalfatosenoticias.com.br\/?s={search_term_string}"},"query-input":{"@type":"PropertyValueSpecification","valueRequired":true,"valueName":"search_term_string"}}],"inLanguage":"pt-BR"},{"@type":"Organization","@id":"https:\/\/jornalfatosenoticias.com.br\/#organization","name":"Jornal Fatos e Not\u00edcias","url":"https:\/\/jornalfatosenoticias.com.br\/","logo":{"@type":"ImageObject","inLanguage":"pt-BR","@id":"https:\/\/jornalfatosenoticias.com.br\/#\/schema\/logo\/image\/","url":"https:\/\/jornalfatosenoticias.com.br\/wp-content\/uploads\/2020\/02\/logo120.png","contentUrl":"https:\/\/jornalfatosenoticias.com.br\/wp-content\/uploads\/2020\/02\/logo120.png","width":1227,"height":120,"caption":"Jornal Fatos e Not\u00edcias"},"image":{"@id":"https:\/\/jornalfatosenoticias.com.br\/#\/schema\/logo\/image\/"}},{"@type":"Person","@id":"https:\/\/jornalfatosenoticias.com.br\/#\/schema\/person\/05c46cc25b42a5c27e004fb0fa6b4965","name":"Haroldo Filho","image":{"@type":"ImageObject","inLanguage":"pt-BR","@id":"https:\/\/jornalfatosenoticias.com.br\/#\/schema\/person\/image\/","url":"https:\/\/jornalfatosenoticias.com.br\/wp-content\/uploads\/2025\/08\/WhatsApp-Image-2025-08-18-at-15.30.28-150x150.jpeg","contentUrl":"https:\/\/jornalfatosenoticias.com.br\/wp-content\/uploads\/2025\/08\/WhatsApp-Image-2025-08-18-at-15.30.28-150x150.jpeg","caption":"Haroldo Filho"},"description":"Jornalista \u2013 DRT: 0003818\/ES Coordenador-geral da ONG Educar para Crescer","url":"https:\/\/jornalfatosenoticias.com.br\/index.php\/author\/haroldo\/"}]}},"cc_featured_image_caption":{"caption_text":"","source_text":"","source_url":""},"jetpack_featured_media_url":"https:\/\/jornalfatosenoticias.com.br\/wp-content\/uploads\/2023\/06\/Lula-e-Maduro_capa.jpg","_links":{"self":[{"href":"https:\/\/jornalfatosenoticias.com.br\/index.php\/wp-json\/wp\/v2\/posts\/41966","targetHints":{"allow":["GET"]}}],"collection":[{"href":"https:\/\/jornalfatosenoticias.com.br\/index.php\/wp-json\/wp\/v2\/posts"}],"about":[{"href":"https:\/\/jornalfatosenoticias.com.br\/index.php\/wp-json\/wp\/v2\/types\/post"}],"author":[{"embeddable":true,"href":"https:\/\/jornalfatosenoticias.com.br\/index.php\/wp-json\/wp\/v2\/users\/3"}],"replies":[{"embeddable":true,"href":"https:\/\/jornalfatosenoticias.com.br\/index.php\/wp-json\/wp\/v2\/comments?post=41966"}],"version-history":[{"count":0,"href":"https:\/\/jornalfatosenoticias.com.br\/index.php\/wp-json\/wp\/v2\/posts\/41966\/revisions"}],"wp:featuredmedia":[{"embeddable":true,"href":"https:\/\/jornalfatosenoticias.com.br\/index.php\/wp-json\/wp\/v2\/media\/41971"}],"wp:attachment":[{"href":"https:\/\/jornalfatosenoticias.com.br\/index.php\/wp-json\/wp\/v2\/media?parent=41966"}],"wp:term":[{"taxonomy":"category","embeddable":true,"href":"https:\/\/jornalfatosenoticias.com.br\/index.php\/wp-json\/wp\/v2\/categories?post=41966"},{"taxonomy":"post_tag","embeddable":true,"href":"https:\/\/jornalfatosenoticias.com.br\/index.php\/wp-json\/wp\/v2\/tags?post=41966"}],"curies":[{"name":"wp","href":"https:\/\/api.w.org\/{rel}","templated":true}]}}