{"id":41994,"date":"2023-06-01T15:53:33","date_gmt":"2023-06-01T18:53:33","guid":{"rendered":"https:\/\/jornalfatosenoticias.com.br\/?p=41994"},"modified":"2023-06-01T15:53:34","modified_gmt":"2023-06-01T18:53:34","slug":"3a-edicao-da-feira-vinho-gastronomia-comeca-na-sexta-2","status":"publish","type":"post","link":"https:\/\/jornalfatosenoticias.com.br\/index.php\/2023\/06\/01\/3a-edicao-da-feira-vinho-gastronomia-comeca-na-sexta-2\/","title":{"rendered":"3\u00aa edi\u00e7\u00e3o da Feira Vinho &amp; Gastronomia come\u00e7a na sexta (2)"},"content":{"rendered":"\n<p><em><span class=\"has-inline-color has-black-color\">Agito gastron\u00f4mico vai at\u00e9 domingo (4) no Steffen e vai contar com r\u00f3tulos exclusivos de vinhos, cervejas artesanais, cacha\u00e7as e muito mais<\/span><\/em><\/p>\n\n\n\n<p><em><span class=\"has-inline-color has-luminous-vivid-orange-color\">Texto: <strong>Assessoria de Comunica\u00e7\u00e3o<\/strong><\/span><\/em><\/p>\n\n\n\n<div class=\"wp-block-image\"><figure class=\"aligncenter size-large is-resized\"><img loading=\"lazy\" decoding=\"async\" src=\"https:\/\/jornalfatosenoticias.com.br\/wp-content\/uploads\/2023\/03\/nova-logo-Marquetti.jpg\" alt=\"\" class=\"wp-image-40207\" width=\"241\" height=\"162\" srcset=\"https:\/\/jornalfatosenoticias.com.br\/wp-content\/uploads\/2023\/03\/nova-logo-Marquetti.jpg 643w, https:\/\/jornalfatosenoticias.com.br\/wp-content\/uploads\/2023\/03\/nova-logo-Marquetti-300x202.jpg 300w\" sizes=\"auto, (max-width: 241px) 100vw, 241px\" \/><\/figure><\/div>\n\n\n\n<p>Est\u00e1 chegando a 3\u00aa edi\u00e7\u00e3o da Feira Vinho &amp; Gastronomia no Esp\u00edrito Santo. Os apaixonados por vinhos sofisticados, cervejas artesanais, cacha\u00e7as, destilados e culin\u00e1ria de alta qualidade podem aproveitar a melhor experi\u00eancia gastron\u00f4mica no Steffen Centro de Eventos, durante os dias 2, 3 e 4 de junho.<\/p>\n\n\n\n<blockquote class=\"wp-block-quote is-layout-flow wp-block-quote-is-layout-flow\"><p><span class=\"has-inline-color has-luminous-vivid-orange-color\">A <strong>Feira Vinho &amp; Gastronomia<\/strong> traz as maiores novidades e inova\u00e7\u00f5es do segmento. Milhares nos visitaram no ano passado e a edi\u00e7\u00e3o desse ano ser\u00e1 ainda melhor&#8221;, convida o produtor de eventos Ildo Steffen. <\/span><\/p><\/blockquote>\n\n\n\n<div class=\"wp-block-image\"><figure class=\"aligncenter size-large is-resized\"><img loading=\"lazy\" decoding=\"async\" src=\"https:\/\/jornalfatosenoticias.com.br\/wp-content\/uploads\/2022\/08\/arte-Casarao.jpg\" alt=\"\" class=\"wp-image-33178\" width=\"232\" height=\"193\"\/><\/figure><\/div>\n\n\n\n<p>Para aproximar os visitantes das marcas mais consagradas do mercado degusta\u00e7\u00f5es de vinhos, cervejas artesanais, cacha\u00e7as e outras bebidas. Para completar, as famosas del\u00edcias do buf\u00ea Steffen como mignon ao molho champignon, til\u00e1pia com pir\u00e3o, bacalhau \u00e0 portuguesa e bob\u00f3 de camar\u00e3o.<br>Ainda na feira, dezenas de expositores exclusivos, aulas-show com chefs renomados, harmoniza\u00e7\u00e3o de bebidas e palestras. Destaque na programa\u00e7\u00e3o para conhecer os vinhos eslovenos da Puklavec Family Wines, com o representante da marca no Brasil, Moacir Martins Jr.<\/p>\n\n\n\n<div class=\"wp-block-image\"><figure class=\"aligncenter size-large\"><img loading=\"lazy\" decoding=\"async\" width=\"1024\" height=\"99\" src=\"https:\/\/jornalfatosenoticias.com.br\/wp-content\/uploads\/2020\/02\/Logo-Mizu-segunda-2-1024x99.png\" alt=\"\" class=\"wp-image-2353\" srcset=\"https:\/\/jornalfatosenoticias.com.br\/wp-content\/uploads\/2020\/02\/Logo-Mizu-segunda-2-1024x99.png 1024w, https:\/\/jornalfatosenoticias.com.br\/wp-content\/uploads\/2020\/02\/Logo-Mizu-segunda-2-300x29.png 300w, https:\/\/jornalfatosenoticias.com.br\/wp-content\/uploads\/2020\/02\/Logo-Mizu-segunda-2-768x74.png 768w, https:\/\/jornalfatosenoticias.com.br\/wp-content\/uploads\/2020\/02\/Logo-Mizu-segunda-2.png 1240w\" sizes=\"auto, (max-width: 1024px) 100vw, 1024px\" \/><\/figure><\/div>\n\n\n\n<p>Outros destaques no tradicional burburinho gastron\u00f4mico \u00e9 a famosa costela no bafo, receita de fam\u00edlia do ga\u00facho Ildo Steffen, tenra e perfeitamente temperada, e a suculenta paella marinera que ser\u00e1 preparada pelo chef Will Ribas. Tudo isso em ambiente aconchegante, climatizado, que conta com estacionamento e seguran\u00e7a. A 3\u00aa Vinho e Gastronomia acontece na sexta, dia 2, das 18h \u00e0s 22h; nos dias 3 e 4, das 14h \u00e0s 22h.<\/p>\n\n\n\n<div class=\"wp-block-image\"><figure class=\"aligncenter size-large\"><img loading=\"lazy\" decoding=\"async\" width=\"1000\" height=\"666\" src=\"https:\/\/jornalfatosenoticias.com.br\/wp-content\/uploads\/2023\/06\/steffen.jpg\" alt=\"\" class=\"wp-image-41995\" srcset=\"https:\/\/jornalfatosenoticias.com.br\/wp-content\/uploads\/2023\/06\/steffen.jpg 1000w, https:\/\/jornalfatosenoticias.com.br\/wp-content\/uploads\/2023\/06\/steffen-300x200.jpg 300w, https:\/\/jornalfatosenoticias.com.br\/wp-content\/uploads\/2023\/06\/steffen-768x511.jpg 768w\" sizes=\"auto, (max-width: 1000px) 100vw, 1000px\" \/><figcaption><em><span class=\"has-inline-color has-black-color\">(Foto: Divulga\u00e7\u00e3o)<\/span><\/em><\/figcaption><\/figure><\/div>\n\n\n\n<p>O Chef Will Ribas ser\u00e1 uma das atra\u00e7\u00f5es da feira. Ele far\u00e1 sua especialidade, paella. &#8220;\u00c9 uma receita espanhola que tem tudo a ver com o nosso estado&#8221;, conta ele, que promete uma surpresa para os visitantes no in\u00edcio da sua apresenta\u00e7\u00e3o. Ribas disse ainda tamb\u00e9m n\u00e3o vai perder as outras atra\u00e7\u00f5es da Feira, j\u00e1 que considera que poucos eventos s\u00e3o capazes de reunir grandes nomes do mercado de vinho, gastronomia e hotelaria como esse.<\/p>\n\n\n\n<div class=\"wp-block-image\"><figure class=\"aligncenter size-large is-resized\"><img loading=\"lazy\" decoding=\"async\" src=\"https:\/\/jornalfatosenoticias.com.br\/wp-content\/uploads\/2022\/02\/Banner-2.png\" alt=\"\" class=\"wp-image-27877\" width=\"258\" height=\"215\"\/><\/figure><\/div>\n\n\n\n<p>Outa atra\u00e7\u00e3o imperd\u00edvel \u00e9 o stand da Uvino Vinhos, uma da empresas mais tradicionais do Esp\u00edrito Santo. O sommelier Pablo Mansk promete lan\u00e7amentos exclusivos e uma experi\u00eancia de excel\u00eancia. <\/p>\n\n\n\n<blockquote class=\"wp-block-quote is-layout-flow wp-block-quote-is-layout-flow\"><p><span class=\"has-inline-color has-luminous-vivid-orange-color\">A estrela do show ser\u00e1 um vinho feito para a nobreza da Georgia com sete uvas para o Pr\u00edncipe Ioane. O vinho leva o nome dele&#8221;, diz.<\/span><\/p><\/blockquote>\n\n\n\n<div class=\"wp-block-image\"><figure class=\"aligncenter size-large is-resized\"><img loading=\"lazy\" decoding=\"async\" src=\"https:\/\/jornalfatosenoticias.com.br\/wp-content\/uploads\/2022\/07\/Logo-Grupo-SEI.jpg\" alt=\"\" class=\"wp-image-31973\" width=\"263\" height=\"138\" srcset=\"https:\/\/jornalfatosenoticias.com.br\/wp-content\/uploads\/2022\/07\/Logo-Grupo-SEI.jpg 713w, https:\/\/jornalfatosenoticias.com.br\/wp-content\/uploads\/2022\/07\/Logo-Grupo-SEI-300x158.jpg 300w\" sizes=\"auto, (max-width: 263px) 100vw, 263px\" \/><\/figure><\/div>\n\n\n\n<p>Al\u00e9m dele, a Uvino trar\u00e1 os vinhos Instict Black Vranec e o Byzantium Fetasca Neagra, que s\u00e3o os favoritos do especialista Pablo Mansk. Mansk completa que est\u00e1 sempre buscando novidades para seus clientes e os valores come\u00e7am em R$ 35,00. &#8220;\u00c9 poss\u00edvel tomar um bom vinho com pre\u00e7o acess\u00edvel\u201d.<\/p>\n\n\n\n<div class=\"wp-block-image\"><figure class=\"aligncenter size-large is-resized\"><img loading=\"lazy\" decoding=\"async\" src=\"https:\/\/jornalfatosenoticias.com.br\/wp-content\/uploads\/2020\/02\/logo-embacia.jpg\" alt=\"\" class=\"wp-image-33905\" width=\"248\" height=\"248\"\/><\/figure><\/div>\n\n\n\n<p><strong><span class=\"has-inline-color has-vivid-purple-color\"><span style=\"text-decoration: underline;\">Servi\u00e7o: 3\u00aa Feira Vinho &amp; Gastronomia<br><\/span><\/span>Quando<\/strong><br>Sexta 02\/06 de 18h as 22h<br>S\u00e1bado 03\/06 de 14h as 22h<br>Domingo 04\/06 de 14h as 22h<br><strong>Onde: <\/strong>Steffen Eventos \u2014 Rodovia ES 010, km 4 (Vit\u00f3ria \u2014 Jacara\u00edpe) \u2014 Serra \u2014 ES.<br><strong>Ingressos:<\/strong> R$ 150 por dia, com desconto para grupos a partir de 10 pessoas.<br><em><span class=\"has-inline-color has-black-color\"><strong>Venda:<\/strong> www.jacredenciei.com.br<br><\/span><\/em><strong>Informa\u00e7\u00f5es:<\/strong> (27) 98132-3232 \/ (27) 99994-6535<\/p>\n\n\n\n<div class=\"wp-block-image\"><figure class=\"aligncenter size-large is-resized\"><img loading=\"lazy\" decoding=\"async\" src=\"https:\/\/jornalfatosenoticias.com.br\/wp-content\/uploads\/2022\/02\/FERRARI_MAQUINAS-E-FERRAMENTAS2.jpg\" alt=\"\" class=\"wp-image-27860\" width=\"287\" height=\"239\"\/><\/figure><\/div>\n\n\n\n<p><strong><span class=\"has-inline-color has-vivid-purple-color\"><span style=\"text-decoration: underline;\">PROGRAMA\u00c7\u00c3O 3\u00ba EDI\u00c7\u00c3O FEIRA VINHO &amp; GASTRONOMIA<br><\/span><\/span>02\/06\/2023 \u2013 Sexta-feira<br><\/strong>18:00 \u2013 Abertura da 3\u00ba edi\u00e7\u00e3o da Feira Vinho &amp; Gastronomia.<br>19:00 \u2013 Abertura oficial com autoridades.<br>20:00 \u2013 Palestra com o Sommelier Pablo Mansk com o tema Vinhos Ex\u00f3ticos.<br>21:00 \u2013 Aula-Show com Chef Theo \u2013 Participante do MasterChef 2017.<br>22:00 \u2013 Paella \u2013 Chef Will Ribas e Costela Ga\u00facha Buffet Steffen.<br>Os stands estar\u00e3o abertos \u00e0 visita\u00e7\u00e3o de 18h \u00e0s 22h.<\/p>\n\n\n\n<div class=\"wp-block-image\"><figure class=\"aligncenter size-large is-resized\"><img loading=\"lazy\" decoding=\"async\" src=\"https:\/\/jornalfatosenoticias.com.br\/wp-content\/uploads\/2023\/03\/Crypton-1000-\u00d7-900-px-300x270-1.png\" alt=\"\" class=\"wp-image-40206\" width=\"239\" height=\"215\"\/><\/figure><\/div>\n\n\n\n<p><strong>03\/06\/2023 \u2013 S\u00e1bado<br><\/strong>18:00 &#8211; Produ\u00e7\u00e3o de Vinhos da Eslov\u00eania e Maced\u00f4nia com Moacir Martins Jr. da Puklavec Family Wines.<br>19:00 \u2013 Produ\u00e7\u00e3o de Cervejas com Mestre Cervejeira Juliana Regiani &#8211; Cervejaria Fratelli Reggiani<br>20:00 \u2013 Aula-show com Chef Hugo Grassi<br>21:00 \u2013 Paella \u2013 Chef Will Ribas e Costela Ga\u00facha Buffet Steffen.<\/p>\n\n\n\n<div class=\"wp-block-image\"><figure class=\"aligncenter size-large is-resized\"><img loading=\"lazy\" decoding=\"async\" src=\"https:\/\/jornalfatosenoticias.com.br\/wp-content\/uploads\/2022\/02\/Precisao-Contabilidade-1024x724.jpg\" alt=\"\" class=\"wp-image-28088\" width=\"286\" height=\"202\"\/><\/figure><\/div>\n\n\n\n<p><strong>04\/06\/2023 \u2013 Domingo<br><\/strong>18:00 \u2013 Palestra com Fl\u00e1vio Azevedo da Casa de Sommelier.<br>19:00 \u2013 Cria\u00e7\u00e3o de Drinks \u2013 Diageo<br>20:00 \u2013 Aula-Show com Chef Robson Della Fonte<br>21:00 \u2013 Paella \u2013 Chef Will Ribas e Costela Ga\u00facha &#8211; Buffet Steffen.<br><em>Os stands estar\u00e3o abertos \u00e0 visita\u00e7\u00e3o de 14h \u00e0s 22h.<\/em><\/p>\n","protected":false},"excerpt":{"rendered":"<p>Agito gastron\u00f4mico vai at\u00e9 domingo (4) no Steffen e vai contar com r\u00f3tulos exclusivos de vinhos, cervejas artesanais, cacha\u00e7as e muito mais Texto: Assessoria de Comunica\u00e7\u00e3o Est\u00e1 chegando a 3\u00aa edi\u00e7\u00e3o da Feira Vinho &amp; Gastronomia no Esp\u00edrito Santo. Os apaixonados por vinhos sofisticados, cervejas artesanais, cacha\u00e7as, destilados e culin\u00e1ria de alta qualidade podem aproveitar [&hellip;]<\/p>\n","protected":false},"author":2,"featured_media":41996,"comment_status":"open","ping_status":"open","sticky":false,"template":"","format":"standard","meta":{"footnotes":""},"categories":[5],"tags":[19758,19761,19760,19762,19759,2198],"class_list":["post-41994","post","type-post","status-publish","format-standard","has-post-thumbnail","hentry","category-geral","tag-agito-gastronomico","tag-cachacas","tag-cerimonial-steffen","tag-cervejas-artesanais","tag-feira-vinho-gastronomia","tag-vinhos"],"yoast_head":"<!-- This site is optimized with the Yoast SEO plugin v26.5 - https:\/\/yoast.com\/wordpress\/plugins\/seo\/ -->\n<title>3\u00aa edi\u00e7\u00e3o da Feira Vinho &amp; Gastronomia come\u00e7a na sexta (2) - Jornal Fatos e Not\u00edcias<\/title>\n<meta name=\"robots\" content=\"index, follow, max-snippet:-1, max-image-preview:large, max-video-preview:-1\" \/>\n<link rel=\"canonical\" href=\"https:\/\/jornalfatosenoticias.com.br\/index.php\/2023\/06\/01\/3a-edicao-da-feira-vinho-gastronomia-comeca-na-sexta-2\/\" \/>\n<meta property=\"og:locale\" content=\"pt_BR\" \/>\n<meta property=\"og:type\" content=\"article\" \/>\n<meta property=\"og:title\" content=\"3\u00aa edi\u00e7\u00e3o da Feira Vinho &amp; Gastronomia come\u00e7a na sexta (2) - Jornal Fatos e Not\u00edcias\" \/>\n<meta property=\"og:description\" content=\"Agito gastron\u00f4mico vai at\u00e9 domingo (4) no Steffen e vai contar com r\u00f3tulos exclusivos de vinhos, cervejas artesanais, cacha\u00e7as e muito mais Texto: Assessoria de Comunica\u00e7\u00e3o Est\u00e1 chegando a 3\u00aa edi\u00e7\u00e3o da Feira Vinho &amp; Gastronomia no Esp\u00edrito Santo. Os apaixonados por vinhos sofisticados, cervejas artesanais, cacha\u00e7as, destilados e culin\u00e1ria de alta qualidade podem aproveitar [&hellip;]\" \/>\n<meta property=\"og:url\" content=\"https:\/\/jornalfatosenoticias.com.br\/index.php\/2023\/06\/01\/3a-edicao-da-feira-vinho-gastronomia-comeca-na-sexta-2\/\" \/>\n<meta property=\"og:site_name\" content=\"Jornal Fatos e Not\u00edcias\" \/>\n<meta property=\"article:published_time\" content=\"2023-06-01T18:53:33+00:00\" \/>\n<meta property=\"article:modified_time\" content=\"2023-06-01T18:53:34+00:00\" \/>\n<meta property=\"og:image\" content=\"https:\/\/jornalfatosenoticias.com.br\/wp-content\/uploads\/2023\/06\/steffen2.jpg\" \/>\n\t<meta property=\"og:image:width\" content=\"1000\" \/>\n\t<meta property=\"og:image:height\" content=\"666\" \/>\n\t<meta property=\"og:image:type\" content=\"image\/jpeg\" \/>\n<meta name=\"author\" content=\"Luzimara Fernandes\" \/>\n<meta name=\"twitter:card\" content=\"summary_large_image\" \/>\n<meta name=\"twitter:label1\" content=\"Escrito por\" \/>\n\t<meta name=\"twitter:data1\" content=\"Luzimara Fernandes\" \/>\n\t<meta name=\"twitter:label2\" content=\"Est. tempo de leitura\" \/>\n\t<meta name=\"twitter:data2\" content=\"3 minutos\" \/>\n<script type=\"application\/ld+json\" class=\"yoast-schema-graph\">{\"@context\":\"https:\/\/schema.org\",\"@graph\":[{\"@type\":\"Article\",\"@id\":\"https:\/\/jornalfatosenoticias.com.br\/index.php\/2023\/06\/01\/3a-edicao-da-feira-vinho-gastronomia-comeca-na-sexta-2\/#article\",\"isPartOf\":{\"@id\":\"https:\/\/jornalfatosenoticias.com.br\/index.php\/2023\/06\/01\/3a-edicao-da-feira-vinho-gastronomia-comeca-na-sexta-2\/\"},\"author\":{\"name\":\"Luzimara Fernandes\",\"@id\":\"https:\/\/jornalfatosenoticias.com.br\/#\/schema\/person\/d63837fa13ac8666eb9e74e0985d6f81\"},\"headline\":\"3\u00aa edi\u00e7\u00e3o da Feira Vinho &amp; Gastronomia come\u00e7a na sexta (2)\",\"datePublished\":\"2023-06-01T18:53:33+00:00\",\"dateModified\":\"2023-06-01T18:53:34+00:00\",\"mainEntityOfPage\":{\"@id\":\"https:\/\/jornalfatosenoticias.com.br\/index.php\/2023\/06\/01\/3a-edicao-da-feira-vinho-gastronomia-comeca-na-sexta-2\/\"},\"wordCount\":688,\"commentCount\":0,\"publisher\":{\"@id\":\"https:\/\/jornalfatosenoticias.com.br\/#organization\"},\"image\":{\"@id\":\"https:\/\/jornalfatosenoticias.com.br\/index.php\/2023\/06\/01\/3a-edicao-da-feira-vinho-gastronomia-comeca-na-sexta-2\/#primaryimage\"},\"thumbnailUrl\":\"https:\/\/jornalfatosenoticias.com.br\/wp-content\/uploads\/2023\/06\/steffen2.jpg\",\"keywords\":[\"agito gastron\u00f4mico\",\"cacha\u00e7as\",\"Cerimonial Steffen\",\"cervejas artesanais\",\"Feira Vinho &amp; Gastronomia\",\"vinhos\"],\"articleSection\":[\"Geral\"],\"inLanguage\":\"pt-BR\",\"potentialAction\":[{\"@type\":\"CommentAction\",\"name\":\"Comment\",\"target\":[\"https:\/\/jornalfatosenoticias.com.br\/index.php\/2023\/06\/01\/3a-edicao-da-feira-vinho-gastronomia-comeca-na-sexta-2\/#respond\"]}]},{\"@type\":\"WebPage\",\"@id\":\"https:\/\/jornalfatosenoticias.com.br\/index.php\/2023\/06\/01\/3a-edicao-da-feira-vinho-gastronomia-comeca-na-sexta-2\/\",\"url\":\"https:\/\/jornalfatosenoticias.com.br\/index.php\/2023\/06\/01\/3a-edicao-da-feira-vinho-gastronomia-comeca-na-sexta-2\/\",\"name\":\"3\u00aa edi\u00e7\u00e3o da Feira Vinho &amp; Gastronomia come\u00e7a na sexta (2) - Jornal Fatos e Not\u00edcias\",\"isPartOf\":{\"@id\":\"https:\/\/jornalfatosenoticias.com.br\/#website\"},\"primaryImageOfPage\":{\"@id\":\"https:\/\/jornalfatosenoticias.com.br\/index.php\/2023\/06\/01\/3a-edicao-da-feira-vinho-gastronomia-comeca-na-sexta-2\/#primaryimage\"},\"image\":{\"@id\":\"https:\/\/jornalfatosenoticias.com.br\/index.php\/2023\/06\/01\/3a-edicao-da-feira-vinho-gastronomia-comeca-na-sexta-2\/#primaryimage\"},\"thumbnailUrl\":\"https:\/\/jornalfatosenoticias.com.br\/wp-content\/uploads\/2023\/06\/steffen2.jpg\",\"datePublished\":\"2023-06-01T18:53:33+00:00\",\"dateModified\":\"2023-06-01T18:53:34+00:00\",\"breadcrumb\":{\"@id\":\"https:\/\/jornalfatosenoticias.com.br\/index.php\/2023\/06\/01\/3a-edicao-da-feira-vinho-gastronomia-comeca-na-sexta-2\/#breadcrumb\"},\"inLanguage\":\"pt-BR\",\"potentialAction\":[{\"@type\":\"ReadAction\",\"target\":[\"https:\/\/jornalfatosenoticias.com.br\/index.php\/2023\/06\/01\/3a-edicao-da-feira-vinho-gastronomia-comeca-na-sexta-2\/\"]}]},{\"@type\":\"ImageObject\",\"inLanguage\":\"pt-BR\",\"@id\":\"https:\/\/jornalfatosenoticias.com.br\/index.php\/2023\/06\/01\/3a-edicao-da-feira-vinho-gastronomia-comeca-na-sexta-2\/#primaryimage\",\"url\":\"https:\/\/jornalfatosenoticias.com.br\/wp-content\/uploads\/2023\/06\/steffen2.jpg\",\"contentUrl\":\"https:\/\/jornalfatosenoticias.com.br\/wp-content\/uploads\/2023\/06\/steffen2.jpg\",\"width\":1000,\"height\":666},{\"@type\":\"BreadcrumbList\",\"@id\":\"https:\/\/jornalfatosenoticias.com.br\/index.php\/2023\/06\/01\/3a-edicao-da-feira-vinho-gastronomia-comeca-na-sexta-2\/#breadcrumb\",\"itemListElement\":[{\"@type\":\"ListItem\",\"position\":1,\"name\":\"In\u00edcio\",\"item\":\"https:\/\/jornalfatosenoticias.com.br\/\"},{\"@type\":\"ListItem\",\"position\":2,\"name\":\"3\u00aa edi\u00e7\u00e3o da Feira Vinho &amp; Gastronomia come\u00e7a na sexta (2)\"}]},{\"@type\":\"WebSite\",\"@id\":\"https:\/\/jornalfatosenoticias.com.br\/#website\",\"url\":\"https:\/\/jornalfatosenoticias.com.br\/\",\"name\":\"Jornal Fatos e Not\u00edcias\",\"description\":\"Not\u00edcias em geral\",\"publisher\":{\"@id\":\"https:\/\/jornalfatosenoticias.com.br\/#organization\"},\"potentialAction\":[{\"@type\":\"SearchAction\",\"target\":{\"@type\":\"EntryPoint\",\"urlTemplate\":\"https:\/\/jornalfatosenoticias.com.br\/?s={search_term_string}\"},\"query-input\":{\"@type\":\"PropertyValueSpecification\",\"valueRequired\":true,\"valueName\":\"search_term_string\"}}],\"inLanguage\":\"pt-BR\"},{\"@type\":\"Organization\",\"@id\":\"https:\/\/jornalfatosenoticias.com.br\/#organization\",\"name\":\"Jornal Fatos e Not\u00edcias\",\"url\":\"https:\/\/jornalfatosenoticias.com.br\/\",\"logo\":{\"@type\":\"ImageObject\",\"inLanguage\":\"pt-BR\",\"@id\":\"https:\/\/jornalfatosenoticias.com.br\/#\/schema\/logo\/image\/\",\"url\":\"https:\/\/jornalfatosenoticias.com.br\/wp-content\/uploads\/2020\/02\/logo120.png\",\"contentUrl\":\"https:\/\/jornalfatosenoticias.com.br\/wp-content\/uploads\/2020\/02\/logo120.png\",\"width\":1227,\"height\":120,\"caption\":\"Jornal Fatos e Not\u00edcias\"},\"image\":{\"@id\":\"https:\/\/jornalfatosenoticias.com.br\/#\/schema\/logo\/image\/\"}},{\"@type\":\"Person\",\"@id\":\"https:\/\/jornalfatosenoticias.com.br\/#\/schema\/person\/d63837fa13ac8666eb9e74e0985d6f81\",\"name\":\"Luzimara Fernandes\",\"image\":{\"@type\":\"ImageObject\",\"inLanguage\":\"pt-BR\",\"@id\":\"https:\/\/jornalfatosenoticias.com.br\/#\/schema\/person\/image\/\",\"url\":\"https:\/\/jornalfatosenoticias.com.br\/wp-content\/uploads\/2025\/05\/EU_portal.jpg\",\"contentUrl\":\"https:\/\/jornalfatosenoticias.com.br\/wp-content\/uploads\/2025\/05\/EU_portal.jpg\",\"caption\":\"Luzimara Fernandes\"},\"description\":\"Jornalista MTB 2358-ES\",\"sameAs\":[\"https:\/\/jornalfatosenoticias.com.br\"],\"url\":\"https:\/\/jornalfatosenoticias.com.br\/index.php\/author\/luzimara\/\"}]}<\/script>\n<!-- \/ Yoast SEO plugin. -->","yoast_head_json":{"title":"3\u00aa edi\u00e7\u00e3o da Feira Vinho &amp; Gastronomia come\u00e7a na sexta (2) - Jornal Fatos e Not\u00edcias","robots":{"index":"index","follow":"follow","max-snippet":"max-snippet:-1","max-image-preview":"max-image-preview:large","max-video-preview":"max-video-preview:-1"},"canonical":"https:\/\/jornalfatosenoticias.com.br\/index.php\/2023\/06\/01\/3a-edicao-da-feira-vinho-gastronomia-comeca-na-sexta-2\/","og_locale":"pt_BR","og_type":"article","og_title":"3\u00aa edi\u00e7\u00e3o da Feira Vinho &amp; Gastronomia come\u00e7a na sexta (2) - Jornal Fatos e Not\u00edcias","og_description":"Agito gastron\u00f4mico vai at\u00e9 domingo (4) no Steffen e vai contar com r\u00f3tulos exclusivos de vinhos, cervejas artesanais, cacha\u00e7as e muito mais Texto: Assessoria de Comunica\u00e7\u00e3o Est\u00e1 chegando a 3\u00aa edi\u00e7\u00e3o da Feira Vinho &amp; Gastronomia no Esp\u00edrito Santo. Os apaixonados por vinhos sofisticados, cervejas artesanais, cacha\u00e7as, destilados e culin\u00e1ria de alta qualidade podem aproveitar [&hellip;]","og_url":"https:\/\/jornalfatosenoticias.com.br\/index.php\/2023\/06\/01\/3a-edicao-da-feira-vinho-gastronomia-comeca-na-sexta-2\/","og_site_name":"Jornal Fatos e Not\u00edcias","article_published_time":"2023-06-01T18:53:33+00:00","article_modified_time":"2023-06-01T18:53:34+00:00","og_image":[{"width":1000,"height":666,"url":"https:\/\/jornalfatosenoticias.com.br\/wp-content\/uploads\/2023\/06\/steffen2.jpg","type":"image\/jpeg"}],"author":"Luzimara Fernandes","twitter_card":"summary_large_image","twitter_misc":{"Escrito por":"Luzimara Fernandes","Est. tempo de leitura":"3 minutos"},"schema":{"@context":"https:\/\/schema.org","@graph":[{"@type":"Article","@id":"https:\/\/jornalfatosenoticias.com.br\/index.php\/2023\/06\/01\/3a-edicao-da-feira-vinho-gastronomia-comeca-na-sexta-2\/#article","isPartOf":{"@id":"https:\/\/jornalfatosenoticias.com.br\/index.php\/2023\/06\/01\/3a-edicao-da-feira-vinho-gastronomia-comeca-na-sexta-2\/"},"author":{"name":"Luzimara Fernandes","@id":"https:\/\/jornalfatosenoticias.com.br\/#\/schema\/person\/d63837fa13ac8666eb9e74e0985d6f81"},"headline":"3\u00aa edi\u00e7\u00e3o da Feira Vinho &amp; Gastronomia come\u00e7a na sexta (2)","datePublished":"2023-06-01T18:53:33+00:00","dateModified":"2023-06-01T18:53:34+00:00","mainEntityOfPage":{"@id":"https:\/\/jornalfatosenoticias.com.br\/index.php\/2023\/06\/01\/3a-edicao-da-feira-vinho-gastronomia-comeca-na-sexta-2\/"},"wordCount":688,"commentCount":0,"publisher":{"@id":"https:\/\/jornalfatosenoticias.com.br\/#organization"},"image":{"@id":"https:\/\/jornalfatosenoticias.com.br\/index.php\/2023\/06\/01\/3a-edicao-da-feira-vinho-gastronomia-comeca-na-sexta-2\/#primaryimage"},"thumbnailUrl":"https:\/\/jornalfatosenoticias.com.br\/wp-content\/uploads\/2023\/06\/steffen2.jpg","keywords":["agito gastron\u00f4mico","cacha\u00e7as","Cerimonial Steffen","cervejas artesanais","Feira Vinho &amp; Gastronomia","vinhos"],"articleSection":["Geral"],"inLanguage":"pt-BR","potentialAction":[{"@type":"CommentAction","name":"Comment","target":["https:\/\/jornalfatosenoticias.com.br\/index.php\/2023\/06\/01\/3a-edicao-da-feira-vinho-gastronomia-comeca-na-sexta-2\/#respond"]}]},{"@type":"WebPage","@id":"https:\/\/jornalfatosenoticias.com.br\/index.php\/2023\/06\/01\/3a-edicao-da-feira-vinho-gastronomia-comeca-na-sexta-2\/","url":"https:\/\/jornalfatosenoticias.com.br\/index.php\/2023\/06\/01\/3a-edicao-da-feira-vinho-gastronomia-comeca-na-sexta-2\/","name":"3\u00aa edi\u00e7\u00e3o da Feira Vinho &amp; Gastronomia come\u00e7a na sexta (2) - Jornal Fatos e Not\u00edcias","isPartOf":{"@id":"https:\/\/jornalfatosenoticias.com.br\/#website"},"primaryImageOfPage":{"@id":"https:\/\/jornalfatosenoticias.com.br\/index.php\/2023\/06\/01\/3a-edicao-da-feira-vinho-gastronomia-comeca-na-sexta-2\/#primaryimage"},"image":{"@id":"https:\/\/jornalfatosenoticias.com.br\/index.php\/2023\/06\/01\/3a-edicao-da-feira-vinho-gastronomia-comeca-na-sexta-2\/#primaryimage"},"thumbnailUrl":"https:\/\/jornalfatosenoticias.com.br\/wp-content\/uploads\/2023\/06\/steffen2.jpg","datePublished":"2023-06-01T18:53:33+00:00","dateModified":"2023-06-01T18:53:34+00:00","breadcrumb":{"@id":"https:\/\/jornalfatosenoticias.com.br\/index.php\/2023\/06\/01\/3a-edicao-da-feira-vinho-gastronomia-comeca-na-sexta-2\/#breadcrumb"},"inLanguage":"pt-BR","potentialAction":[{"@type":"ReadAction","target":["https:\/\/jornalfatosenoticias.com.br\/index.php\/2023\/06\/01\/3a-edicao-da-feira-vinho-gastronomia-comeca-na-sexta-2\/"]}]},{"@type":"ImageObject","inLanguage":"pt-BR","@id":"https:\/\/jornalfatosenoticias.com.br\/index.php\/2023\/06\/01\/3a-edicao-da-feira-vinho-gastronomia-comeca-na-sexta-2\/#primaryimage","url":"https:\/\/jornalfatosenoticias.com.br\/wp-content\/uploads\/2023\/06\/steffen2.jpg","contentUrl":"https:\/\/jornalfatosenoticias.com.br\/wp-content\/uploads\/2023\/06\/steffen2.jpg","width":1000,"height":666},{"@type":"BreadcrumbList","@id":"https:\/\/jornalfatosenoticias.com.br\/index.php\/2023\/06\/01\/3a-edicao-da-feira-vinho-gastronomia-comeca-na-sexta-2\/#breadcrumb","itemListElement":[{"@type":"ListItem","position":1,"name":"In\u00edcio","item":"https:\/\/jornalfatosenoticias.com.br\/"},{"@type":"ListItem","position":2,"name":"3\u00aa edi\u00e7\u00e3o da Feira Vinho &amp; Gastronomia come\u00e7a na sexta (2)"}]},{"@type":"WebSite","@id":"https:\/\/jornalfatosenoticias.com.br\/#website","url":"https:\/\/jornalfatosenoticias.com.br\/","name":"Jornal Fatos e Not\u00edcias","description":"Not\u00edcias em geral","publisher":{"@id":"https:\/\/jornalfatosenoticias.com.br\/#organization"},"potentialAction":[{"@type":"SearchAction","target":{"@type":"EntryPoint","urlTemplate":"https:\/\/jornalfatosenoticias.com.br\/?s={search_term_string}"},"query-input":{"@type":"PropertyValueSpecification","valueRequired":true,"valueName":"search_term_string"}}],"inLanguage":"pt-BR"},{"@type":"Organization","@id":"https:\/\/jornalfatosenoticias.com.br\/#organization","name":"Jornal Fatos e Not\u00edcias","url":"https:\/\/jornalfatosenoticias.com.br\/","logo":{"@type":"ImageObject","inLanguage":"pt-BR","@id":"https:\/\/jornalfatosenoticias.com.br\/#\/schema\/logo\/image\/","url":"https:\/\/jornalfatosenoticias.com.br\/wp-content\/uploads\/2020\/02\/logo120.png","contentUrl":"https:\/\/jornalfatosenoticias.com.br\/wp-content\/uploads\/2020\/02\/logo120.png","width":1227,"height":120,"caption":"Jornal Fatos e Not\u00edcias"},"image":{"@id":"https:\/\/jornalfatosenoticias.com.br\/#\/schema\/logo\/image\/"}},{"@type":"Person","@id":"https:\/\/jornalfatosenoticias.com.br\/#\/schema\/person\/d63837fa13ac8666eb9e74e0985d6f81","name":"Luzimara Fernandes","image":{"@type":"ImageObject","inLanguage":"pt-BR","@id":"https:\/\/jornalfatosenoticias.com.br\/#\/schema\/person\/image\/","url":"https:\/\/jornalfatosenoticias.com.br\/wp-content\/uploads\/2025\/05\/EU_portal.jpg","contentUrl":"https:\/\/jornalfatosenoticias.com.br\/wp-content\/uploads\/2025\/05\/EU_portal.jpg","caption":"Luzimara Fernandes"},"description":"Jornalista MTB 2358-ES","sameAs":["https:\/\/jornalfatosenoticias.com.br"],"url":"https:\/\/jornalfatosenoticias.com.br\/index.php\/author\/luzimara\/"}]}},"cc_featured_image_caption":{"caption_text":"(Foto: Divulga\u00e7\u00e3o) \r\n","source_text":"","source_url":""},"jetpack_featured_media_url":"https:\/\/jornalfatosenoticias.com.br\/wp-content\/uploads\/2023\/06\/steffen2.jpg","_links":{"self":[{"href":"https:\/\/jornalfatosenoticias.com.br\/index.php\/wp-json\/wp\/v2\/posts\/41994","targetHints":{"allow":["GET"]}}],"collection":[{"href":"https:\/\/jornalfatosenoticias.com.br\/index.php\/wp-json\/wp\/v2\/posts"}],"about":[{"href":"https:\/\/jornalfatosenoticias.com.br\/index.php\/wp-json\/wp\/v2\/types\/post"}],"author":[{"embeddable":true,"href":"https:\/\/jornalfatosenoticias.com.br\/index.php\/wp-json\/wp\/v2\/users\/2"}],"replies":[{"embeddable":true,"href":"https:\/\/jornalfatosenoticias.com.br\/index.php\/wp-json\/wp\/v2\/comments?post=41994"}],"version-history":[{"count":0,"href":"https:\/\/jornalfatosenoticias.com.br\/index.php\/wp-json\/wp\/v2\/posts\/41994\/revisions"}],"wp:featuredmedia":[{"embeddable":true,"href":"https:\/\/jornalfatosenoticias.com.br\/index.php\/wp-json\/wp\/v2\/media\/41996"}],"wp:attachment":[{"href":"https:\/\/jornalfatosenoticias.com.br\/index.php\/wp-json\/wp\/v2\/media?parent=41994"}],"wp:term":[{"taxonomy":"category","embeddable":true,"href":"https:\/\/jornalfatosenoticias.com.br\/index.php\/wp-json\/wp\/v2\/categories?post=41994"},{"taxonomy":"post_tag","embeddable":true,"href":"https:\/\/jornalfatosenoticias.com.br\/index.php\/wp-json\/wp\/v2\/tags?post=41994"}],"curies":[{"name":"wp","href":"https:\/\/api.w.org\/{rel}","templated":true}]}}