{"id":42007,"date":"2023-06-02T10:01:50","date_gmt":"2023-06-02T13:01:50","guid":{"rendered":"https:\/\/jornalfatosenoticias.com.br\/?p=42007"},"modified":"2023-06-02T10:01:50","modified_gmt":"2023-06-02T13:01:50","slug":"menino-de-13-anos-quebra-recorde-ao-se-tornar-o-biologo-molecular-mais-novo-do-mundo","status":"publish","type":"post","link":"https:\/\/jornalfatosenoticias.com.br\/index.php\/2023\/06\/02\/menino-de-13-anos-quebra-recorde-ao-se-tornar-o-biologo-molecular-mais-novo-do-mundo\/","title":{"rendered":"Menino de 13 anos quebra recorde ao se tornar o bi\u00f3logo molecular mais novo do mundo"},"content":{"rendered":"\n<p><em><span class=\"has-inline-color has-black-color\">O garoto, origin\u00e1rio do M\u00e9xico, teve uma inf\u00e2ncia peculiar e chegou a constranger professores com sua intelig\u00eancia<\/span><\/em><\/p>\n\n\n\n<div class=\"wp-block-image\"><figure class=\"aligncenter size-large\"><img loading=\"lazy\" decoding=\"async\" width=\"729\" height=\"90\" src=\"https:\/\/jornalfatosenoticias.com.br\/wp-content\/uploads\/2020\/02\/Logo_Mizu.png\" alt=\"\" class=\"wp-image-1441\" srcset=\"https:\/\/jornalfatosenoticias.com.br\/wp-content\/uploads\/2020\/02\/Logo_Mizu.png 729w, https:\/\/jornalfatosenoticias.com.br\/wp-content\/uploads\/2020\/02\/Logo_Mizu-300x37.png 300w\" sizes=\"auto, (max-width: 729px) 100vw, 729px\" \/><\/figure><\/div>\n\n\n\n<p>Um adolescente mexicano se destacou ao se formar como o <a href=\"https:\/\/aventurasnahistoria.uol.com.br\/noticias\/historia-hoje\/biologo-permite-que-animais-o-machuquem-em-nome-da-ciencia.phtml\">bi\u00f3logo<\/a> molecular mais jovem do mundo aos 13 anos pela Universidade de Guadalajara, no M\u00e9xico. Com uma paix\u00e3o pela biologia desde cedo, ele quebrou v\u00e1rios recordes e j\u00e1 possui um mestrado em seu curr\u00edculo.<br><strong>Ian Emmanuel Gonz\u00e1lez Santos,<\/strong> natural de Puerto Vallarta, teve uma inf\u00e2ncia incomum em compara\u00e7\u00e3o com outras <a href=\"https:\/\/aventurasnahistoria.uol.com.br\/noticias\/reportagem\/thomas-geve-o-menino-que-retratou-os-horrores-de-auschwitz-atraves-de-desenhos.phtml\">crian\u00e7as<\/a>. Segundo o portal mexicano &#8220;Naci\u00f3n321&#8221;, aos tr\u00eas anos ele j\u00e1 lia e falava perfeitamente.<\/p>\n\n\n\n<div class=\"wp-block-image\"><figure class=\"aligncenter size-large\"><img decoding=\"async\" src=\"https:\/\/jornalfatosenoticias.com.br\/wp-content\/uploads\/2020\/02\/barao-das-carnes-300x164-1.jpg\" alt=\"\" class=\"wp-image-34339\"\/><\/figure><\/div>\n\n\n\n<p>Aos sete anos, <strong>Ian<\/strong> come\u00e7ou a trabalhar em um estudo sobre regenera\u00e7\u00e3o de melan\u00f3citos (c\u00e9lulas produtoras de melanina que s\u00e3o respons\u00e1veis pela pigmenta\u00e7\u00e3o da pele) em pacientes com vitiligo (doen\u00e7a que causa despigmenta\u00e7\u00e3o). Embora sua intelig\u00eancia fosse <a href=\"https:\/\/aventurasnahistoria.uol.com.br\/noticias\/historia-hoje\/jovem-brasileiro-bate-recorde-de-memorizacao-no-guinness-book.phtml\">excepcional<\/a> para a idade, ele enfrentou dificuldades na escola, de acordo com sua m\u00e3e.<\/p>\n\n\n\n<div class=\"wp-block-image\"><figure class=\"aligncenter size-large is-resized\"><img loading=\"lazy\" decoding=\"async\" src=\"https:\/\/jornalfatosenoticias.com.br\/wp-content\/uploads\/2022\/08\/arte-Casarao.jpg\" alt=\"\" class=\"wp-image-33178\" width=\"257\" height=\"214\"\/><\/figure><\/div>\n\n\n\n<blockquote class=\"wp-block-quote is-layout-flow wp-block-quote-is-layout-flow\"><p><span class=\"has-inline-color has-luminous-vivid-orange-color\">Muitas vezes me disseram n\u00e3o e superei os obst\u00e1culos. Eles me disseram uma vez na escola dele que ele tinha um problema de d\u00e9ficit de aten\u00e7\u00e3o e um problema cognitivo. As escolas n\u00e3o est\u00e3o preparadas para o diagn\u00f3stico, acompanhamento ou suporte para crian\u00e7as com alta capacidade\u201d, relatou a m\u00e3e ao jornal.<\/span><\/p><\/blockquote>\n\n\n\n<div class=\"wp-block-image\"><figure class=\"aligncenter size-large is-resized\"><img loading=\"lazy\" decoding=\"async\" src=\"https:\/\/jornalfatosenoticias.com.br\/wp-content\/uploads\/2020\/02\/logo-embacia.jpg\" alt=\"\" class=\"wp-image-33905\" width=\"270\" height=\"270\"\/><\/figure><\/div>\n\n\n\n<p>Devido \u00e0s limita\u00e7\u00f5es da escola em responder \u00e0s perguntas de <strong>Ian,<\/strong> ele foi retirado do ambiente escolar e come\u00e7ou a estudar em casa, como mencionado pelo jornal, via CNN Brasil. O <a href=\"https:\/\/aventurasnahistoria.uol.com.br\/noticias\/almanaque\/lenda-que-inspirou-o-filme-o-menino-e-o-tigre.phtml\">garoto<\/a> conheceu <strong>Francisco Josu\u00e9 Carrilo Ballesteros, <\/strong>um professor de Ci\u00eancias Exatas e Engenharia da Universidade de Guadalajara, aos nove anos de idade. O homem o convidou para assistir a uma aula no ambiente universit\u00e1rio, e foi nesse momento que <strong>Ian<\/strong> percebeu que aquele era o seu lugar. Ap\u00f3s obter seus certificados de ensino fundamental e m\u00e9dio, conseguiu iniciar sua gradua\u00e7\u00e3o.<\/p>\n\n\n\n<div class=\"wp-block-image\"><figure class=\"aligncenter size-large is-resized\"><img loading=\"lazy\" decoding=\"async\" src=\"https:\/\/jornalfatosenoticias.com.br\/wp-content\/uploads\/2023\/03\/logo_Juliana-Graca.jpg\" alt=\"\" class=\"wp-image-39283\" width=\"276\" height=\"204\"\/><\/figure><\/div>\n\n\n\n<p>Agora, aos treze anos, ele se tornar\u00e1 o estudante mais jovem na hist\u00f3ria da Universidade de Guadalajara a se formar com um mestrado em biologia molecular. <strong>Ian<\/strong> j\u00e1 faz planos para iniciar um doutorado e sonha em descobrir curas para doen\u00e7as e ajudar pessoas, ainda de acordo com o jornal.<\/p>\n\n\n\n<p><em><strong>Fonte: <a href=\"https:\/\/aventurasnahistoria.uol.com.br\/noticias\/historia-hoje\/menino-de-13-anos-quebra-recorde-ao-se-tornar-o-biologo-molecular-mais-novo-do-mundo.phtml\">Aventuras na Hist\u00f3ria<\/a><\/strong><\/em><\/p>\n","protected":false},"excerpt":{"rendered":"<p>O garoto, origin\u00e1rio do M\u00e9xico, teve uma inf\u00e2ncia peculiar e chegou a constranger professores com sua intelig\u00eancia Um adolescente mexicano se destacou ao se formar como o bi\u00f3logo molecular mais jovem do mundo aos 13 anos pela Universidade de Guadalajara, no M\u00e9xico. Com uma paix\u00e3o pela biologia desde cedo, ele quebrou v\u00e1rios recordes e j\u00e1 [&hellip;]<\/p>\n","protected":false},"author":2,"featured_media":42008,"comment_status":"open","ping_status":"open","sticky":false,"template":"","format":"standard","meta":{"footnotes":""},"categories":[7],"tags":[2047,2066,714,18186,19770,357,4949],"class_list":["post-42007","post","type-post","status-publish","format-standard","has-post-thumbnail","hentry","category-educacao","tag-biologo","tag-conhecimento","tag-estudo","tag-menino","tag-mexicano","tag-professores","tag-recorde"],"yoast_head":"<!-- This site is optimized with the Yoast SEO plugin v26.5 - https:\/\/yoast.com\/wordpress\/plugins\/seo\/ -->\n<title>Menino de 13 anos quebra recorde ao se tornar o bi\u00f3logo molecular mais novo do mundo - Jornal Fatos e Not\u00edcias<\/title>\n<meta name=\"robots\" content=\"index, follow, max-snippet:-1, max-image-preview:large, max-video-preview:-1\" \/>\n<link rel=\"canonical\" href=\"https:\/\/jornalfatosenoticias.com.br\/index.php\/2023\/06\/02\/menino-de-13-anos-quebra-recorde-ao-se-tornar-o-biologo-molecular-mais-novo-do-mundo\/\" \/>\n<meta property=\"og:locale\" content=\"pt_BR\" \/>\n<meta property=\"og:type\" content=\"article\" \/>\n<meta property=\"og:title\" content=\"Menino de 13 anos quebra recorde ao se tornar o bi\u00f3logo molecular mais novo do mundo - Jornal Fatos e Not\u00edcias\" \/>\n<meta property=\"og:description\" content=\"O garoto, origin\u00e1rio do M\u00e9xico, teve uma inf\u00e2ncia peculiar e chegou a constranger professores com sua intelig\u00eancia Um adolescente mexicano se destacou ao se formar como o bi\u00f3logo molecular mais jovem do mundo aos 13 anos pela Universidade de Guadalajara, no M\u00e9xico. Com uma paix\u00e3o pela biologia desde cedo, ele quebrou v\u00e1rios recordes e j\u00e1 [&hellip;]\" \/>\n<meta property=\"og:url\" content=\"https:\/\/jornalfatosenoticias.com.br\/index.php\/2023\/06\/02\/menino-de-13-anos-quebra-recorde-ao-se-tornar-o-biologo-molecular-mais-novo-do-mundo\/\" \/>\n<meta property=\"og:site_name\" content=\"Jornal Fatos e Not\u00edcias\" \/>\n<meta property=\"article:published_time\" content=\"2023-06-02T13:01:50+00:00\" \/>\n<meta property=\"og:image\" content=\"https:\/\/jornalfatosenoticias.com.br\/wp-content\/uploads\/2023\/06\/garoto-mexicano.jpg\" \/>\n\t<meta property=\"og:image:width\" content=\"855\" \/>\n\t<meta property=\"og:image:height\" content=\"462\" \/>\n\t<meta property=\"og:image:type\" content=\"image\/jpeg\" \/>\n<meta name=\"author\" content=\"Luzimara Fernandes\" \/>\n<meta name=\"twitter:card\" content=\"summary_large_image\" \/>\n<meta name=\"twitter:label1\" content=\"Escrito por\" \/>\n\t<meta name=\"twitter:data1\" content=\"Luzimara Fernandes\" \/>\n\t<meta name=\"twitter:label2\" content=\"Est. tempo de leitura\" \/>\n\t<meta name=\"twitter:data2\" content=\"2 minutos\" \/>\n<script type=\"application\/ld+json\" class=\"yoast-schema-graph\">{\"@context\":\"https:\/\/schema.org\",\"@graph\":[{\"@type\":\"Article\",\"@id\":\"https:\/\/jornalfatosenoticias.com.br\/index.php\/2023\/06\/02\/menino-de-13-anos-quebra-recorde-ao-se-tornar-o-biologo-molecular-mais-novo-do-mundo\/#article\",\"isPartOf\":{\"@id\":\"https:\/\/jornalfatosenoticias.com.br\/index.php\/2023\/06\/02\/menino-de-13-anos-quebra-recorde-ao-se-tornar-o-biologo-molecular-mais-novo-do-mundo\/\"},\"author\":{\"name\":\"Luzimara Fernandes\",\"@id\":\"https:\/\/jornalfatosenoticias.com.br\/#\/schema\/person\/d63837fa13ac8666eb9e74e0985d6f81\"},\"headline\":\"Menino de 13 anos quebra recorde ao se tornar o bi\u00f3logo molecular mais novo do mundo\",\"datePublished\":\"2023-06-02T13:01:50+00:00\",\"mainEntityOfPage\":{\"@id\":\"https:\/\/jornalfatosenoticias.com.br\/index.php\/2023\/06\/02\/menino-de-13-anos-quebra-recorde-ao-se-tornar-o-biologo-molecular-mais-novo-do-mundo\/\"},\"wordCount\":399,\"commentCount\":0,\"publisher\":{\"@id\":\"https:\/\/jornalfatosenoticias.com.br\/#organization\"},\"image\":{\"@id\":\"https:\/\/jornalfatosenoticias.com.br\/index.php\/2023\/06\/02\/menino-de-13-anos-quebra-recorde-ao-se-tornar-o-biologo-molecular-mais-novo-do-mundo\/#primaryimage\"},\"thumbnailUrl\":\"https:\/\/jornalfatosenoticias.com.br\/wp-content\/uploads\/2023\/06\/garoto-mexicano.jpg\",\"keywords\":[\"bi\u00f3logo\",\"conhecimento\",\"Estudo\",\"menino\",\"mexicano\",\"professores\",\"recorde\"],\"articleSection\":[\"Educa\u00e7\u00e3o\"],\"inLanguage\":\"pt-BR\",\"potentialAction\":[{\"@type\":\"CommentAction\",\"name\":\"Comment\",\"target\":[\"https:\/\/jornalfatosenoticias.com.br\/index.php\/2023\/06\/02\/menino-de-13-anos-quebra-recorde-ao-se-tornar-o-biologo-molecular-mais-novo-do-mundo\/#respond\"]}]},{\"@type\":\"WebPage\",\"@id\":\"https:\/\/jornalfatosenoticias.com.br\/index.php\/2023\/06\/02\/menino-de-13-anos-quebra-recorde-ao-se-tornar-o-biologo-molecular-mais-novo-do-mundo\/\",\"url\":\"https:\/\/jornalfatosenoticias.com.br\/index.php\/2023\/06\/02\/menino-de-13-anos-quebra-recorde-ao-se-tornar-o-biologo-molecular-mais-novo-do-mundo\/\",\"name\":\"Menino de 13 anos quebra recorde ao se tornar o bi\u00f3logo molecular mais novo do mundo - Jornal Fatos e Not\u00edcias\",\"isPartOf\":{\"@id\":\"https:\/\/jornalfatosenoticias.com.br\/#website\"},\"primaryImageOfPage\":{\"@id\":\"https:\/\/jornalfatosenoticias.com.br\/index.php\/2023\/06\/02\/menino-de-13-anos-quebra-recorde-ao-se-tornar-o-biologo-molecular-mais-novo-do-mundo\/#primaryimage\"},\"image\":{\"@id\":\"https:\/\/jornalfatosenoticias.com.br\/index.php\/2023\/06\/02\/menino-de-13-anos-quebra-recorde-ao-se-tornar-o-biologo-molecular-mais-novo-do-mundo\/#primaryimage\"},\"thumbnailUrl\":\"https:\/\/jornalfatosenoticias.com.br\/wp-content\/uploads\/2023\/06\/garoto-mexicano.jpg\",\"datePublished\":\"2023-06-02T13:01:50+00:00\",\"breadcrumb\":{\"@id\":\"https:\/\/jornalfatosenoticias.com.br\/index.php\/2023\/06\/02\/menino-de-13-anos-quebra-recorde-ao-se-tornar-o-biologo-molecular-mais-novo-do-mundo\/#breadcrumb\"},\"inLanguage\":\"pt-BR\",\"potentialAction\":[{\"@type\":\"ReadAction\",\"target\":[\"https:\/\/jornalfatosenoticias.com.br\/index.php\/2023\/06\/02\/menino-de-13-anos-quebra-recorde-ao-se-tornar-o-biologo-molecular-mais-novo-do-mundo\/\"]}]},{\"@type\":\"ImageObject\",\"inLanguage\":\"pt-BR\",\"@id\":\"https:\/\/jornalfatosenoticias.com.br\/index.php\/2023\/06\/02\/menino-de-13-anos-quebra-recorde-ao-se-tornar-o-biologo-molecular-mais-novo-do-mundo\/#primaryimage\",\"url\":\"https:\/\/jornalfatosenoticias.com.br\/wp-content\/uploads\/2023\/06\/garoto-mexicano.jpg\",\"contentUrl\":\"https:\/\/jornalfatosenoticias.com.br\/wp-content\/uploads\/2023\/06\/garoto-mexicano.jpg\",\"width\":855,\"height\":462},{\"@type\":\"BreadcrumbList\",\"@id\":\"https:\/\/jornalfatosenoticias.com.br\/index.php\/2023\/06\/02\/menino-de-13-anos-quebra-recorde-ao-se-tornar-o-biologo-molecular-mais-novo-do-mundo\/#breadcrumb\",\"itemListElement\":[{\"@type\":\"ListItem\",\"position\":1,\"name\":\"In\u00edcio\",\"item\":\"https:\/\/jornalfatosenoticias.com.br\/\"},{\"@type\":\"ListItem\",\"position\":2,\"name\":\"Menino de 13 anos quebra recorde ao se tornar o bi\u00f3logo molecular mais novo do mundo\"}]},{\"@type\":\"WebSite\",\"@id\":\"https:\/\/jornalfatosenoticias.com.br\/#website\",\"url\":\"https:\/\/jornalfatosenoticias.com.br\/\",\"name\":\"Jornal Fatos e Not\u00edcias\",\"description\":\"Not\u00edcias em geral\",\"publisher\":{\"@id\":\"https:\/\/jornalfatosenoticias.com.br\/#organization\"},\"potentialAction\":[{\"@type\":\"SearchAction\",\"target\":{\"@type\":\"EntryPoint\",\"urlTemplate\":\"https:\/\/jornalfatosenoticias.com.br\/?s={search_term_string}\"},\"query-input\":{\"@type\":\"PropertyValueSpecification\",\"valueRequired\":true,\"valueName\":\"search_term_string\"}}],\"inLanguage\":\"pt-BR\"},{\"@type\":\"Organization\",\"@id\":\"https:\/\/jornalfatosenoticias.com.br\/#organization\",\"name\":\"Jornal Fatos e Not\u00edcias\",\"url\":\"https:\/\/jornalfatosenoticias.com.br\/\",\"logo\":{\"@type\":\"ImageObject\",\"inLanguage\":\"pt-BR\",\"@id\":\"https:\/\/jornalfatosenoticias.com.br\/#\/schema\/logo\/image\/\",\"url\":\"https:\/\/jornalfatosenoticias.com.br\/wp-content\/uploads\/2020\/02\/logo120.png\",\"contentUrl\":\"https:\/\/jornalfatosenoticias.com.br\/wp-content\/uploads\/2020\/02\/logo120.png\",\"width\":1227,\"height\":120,\"caption\":\"Jornal Fatos e Not\u00edcias\"},\"image\":{\"@id\":\"https:\/\/jornalfatosenoticias.com.br\/#\/schema\/logo\/image\/\"}},{\"@type\":\"Person\",\"@id\":\"https:\/\/jornalfatosenoticias.com.br\/#\/schema\/person\/d63837fa13ac8666eb9e74e0985d6f81\",\"name\":\"Luzimara Fernandes\",\"image\":{\"@type\":\"ImageObject\",\"inLanguage\":\"pt-BR\",\"@id\":\"https:\/\/jornalfatosenoticias.com.br\/#\/schema\/person\/image\/\",\"url\":\"https:\/\/jornalfatosenoticias.com.br\/wp-content\/uploads\/2025\/05\/EU_portal.jpg\",\"contentUrl\":\"https:\/\/jornalfatosenoticias.com.br\/wp-content\/uploads\/2025\/05\/EU_portal.jpg\",\"caption\":\"Luzimara Fernandes\"},\"description\":\"Jornalista MTB 2358-ES\",\"sameAs\":[\"https:\/\/jornalfatosenoticias.com.br\"],\"url\":\"https:\/\/jornalfatosenoticias.com.br\/index.php\/author\/luzimara\/\"}]}<\/script>\n<!-- \/ Yoast SEO plugin. -->","yoast_head_json":{"title":"Menino de 13 anos quebra recorde ao se tornar o bi\u00f3logo molecular mais novo do mundo - Jornal Fatos e Not\u00edcias","robots":{"index":"index","follow":"follow","max-snippet":"max-snippet:-1","max-image-preview":"max-image-preview:large","max-video-preview":"max-video-preview:-1"},"canonical":"https:\/\/jornalfatosenoticias.com.br\/index.php\/2023\/06\/02\/menino-de-13-anos-quebra-recorde-ao-se-tornar-o-biologo-molecular-mais-novo-do-mundo\/","og_locale":"pt_BR","og_type":"article","og_title":"Menino de 13 anos quebra recorde ao se tornar o bi\u00f3logo molecular mais novo do mundo - Jornal Fatos e Not\u00edcias","og_description":"O garoto, origin\u00e1rio do M\u00e9xico, teve uma inf\u00e2ncia peculiar e chegou a constranger professores com sua intelig\u00eancia Um adolescente mexicano se destacou ao se formar como o bi\u00f3logo molecular mais jovem do mundo aos 13 anos pela Universidade de Guadalajara, no M\u00e9xico. Com uma paix\u00e3o pela biologia desde cedo, ele quebrou v\u00e1rios recordes e j\u00e1 [&hellip;]","og_url":"https:\/\/jornalfatosenoticias.com.br\/index.php\/2023\/06\/02\/menino-de-13-anos-quebra-recorde-ao-se-tornar-o-biologo-molecular-mais-novo-do-mundo\/","og_site_name":"Jornal Fatos e Not\u00edcias","article_published_time":"2023-06-02T13:01:50+00:00","og_image":[{"width":855,"height":462,"url":"https:\/\/jornalfatosenoticias.com.br\/wp-content\/uploads\/2023\/06\/garoto-mexicano.jpg","type":"image\/jpeg"}],"author":"Luzimara Fernandes","twitter_card":"summary_large_image","twitter_misc":{"Escrito por":"Luzimara Fernandes","Est. tempo de leitura":"2 minutos"},"schema":{"@context":"https:\/\/schema.org","@graph":[{"@type":"Article","@id":"https:\/\/jornalfatosenoticias.com.br\/index.php\/2023\/06\/02\/menino-de-13-anos-quebra-recorde-ao-se-tornar-o-biologo-molecular-mais-novo-do-mundo\/#article","isPartOf":{"@id":"https:\/\/jornalfatosenoticias.com.br\/index.php\/2023\/06\/02\/menino-de-13-anos-quebra-recorde-ao-se-tornar-o-biologo-molecular-mais-novo-do-mundo\/"},"author":{"name":"Luzimara Fernandes","@id":"https:\/\/jornalfatosenoticias.com.br\/#\/schema\/person\/d63837fa13ac8666eb9e74e0985d6f81"},"headline":"Menino de 13 anos quebra recorde ao se tornar o bi\u00f3logo molecular mais novo do mundo","datePublished":"2023-06-02T13:01:50+00:00","mainEntityOfPage":{"@id":"https:\/\/jornalfatosenoticias.com.br\/index.php\/2023\/06\/02\/menino-de-13-anos-quebra-recorde-ao-se-tornar-o-biologo-molecular-mais-novo-do-mundo\/"},"wordCount":399,"commentCount":0,"publisher":{"@id":"https:\/\/jornalfatosenoticias.com.br\/#organization"},"image":{"@id":"https:\/\/jornalfatosenoticias.com.br\/index.php\/2023\/06\/02\/menino-de-13-anos-quebra-recorde-ao-se-tornar-o-biologo-molecular-mais-novo-do-mundo\/#primaryimage"},"thumbnailUrl":"https:\/\/jornalfatosenoticias.com.br\/wp-content\/uploads\/2023\/06\/garoto-mexicano.jpg","keywords":["bi\u00f3logo","conhecimento","Estudo","menino","mexicano","professores","recorde"],"articleSection":["Educa\u00e7\u00e3o"],"inLanguage":"pt-BR","potentialAction":[{"@type":"CommentAction","name":"Comment","target":["https:\/\/jornalfatosenoticias.com.br\/index.php\/2023\/06\/02\/menino-de-13-anos-quebra-recorde-ao-se-tornar-o-biologo-molecular-mais-novo-do-mundo\/#respond"]}]},{"@type":"WebPage","@id":"https:\/\/jornalfatosenoticias.com.br\/index.php\/2023\/06\/02\/menino-de-13-anos-quebra-recorde-ao-se-tornar-o-biologo-molecular-mais-novo-do-mundo\/","url":"https:\/\/jornalfatosenoticias.com.br\/index.php\/2023\/06\/02\/menino-de-13-anos-quebra-recorde-ao-se-tornar-o-biologo-molecular-mais-novo-do-mundo\/","name":"Menino de 13 anos quebra recorde ao se tornar o bi\u00f3logo molecular mais novo do mundo - Jornal Fatos e Not\u00edcias","isPartOf":{"@id":"https:\/\/jornalfatosenoticias.com.br\/#website"},"primaryImageOfPage":{"@id":"https:\/\/jornalfatosenoticias.com.br\/index.php\/2023\/06\/02\/menino-de-13-anos-quebra-recorde-ao-se-tornar-o-biologo-molecular-mais-novo-do-mundo\/#primaryimage"},"image":{"@id":"https:\/\/jornalfatosenoticias.com.br\/index.php\/2023\/06\/02\/menino-de-13-anos-quebra-recorde-ao-se-tornar-o-biologo-molecular-mais-novo-do-mundo\/#primaryimage"},"thumbnailUrl":"https:\/\/jornalfatosenoticias.com.br\/wp-content\/uploads\/2023\/06\/garoto-mexicano.jpg","datePublished":"2023-06-02T13:01:50+00:00","breadcrumb":{"@id":"https:\/\/jornalfatosenoticias.com.br\/index.php\/2023\/06\/02\/menino-de-13-anos-quebra-recorde-ao-se-tornar-o-biologo-molecular-mais-novo-do-mundo\/#breadcrumb"},"inLanguage":"pt-BR","potentialAction":[{"@type":"ReadAction","target":["https:\/\/jornalfatosenoticias.com.br\/index.php\/2023\/06\/02\/menino-de-13-anos-quebra-recorde-ao-se-tornar-o-biologo-molecular-mais-novo-do-mundo\/"]}]},{"@type":"ImageObject","inLanguage":"pt-BR","@id":"https:\/\/jornalfatosenoticias.com.br\/index.php\/2023\/06\/02\/menino-de-13-anos-quebra-recorde-ao-se-tornar-o-biologo-molecular-mais-novo-do-mundo\/#primaryimage","url":"https:\/\/jornalfatosenoticias.com.br\/wp-content\/uploads\/2023\/06\/garoto-mexicano.jpg","contentUrl":"https:\/\/jornalfatosenoticias.com.br\/wp-content\/uploads\/2023\/06\/garoto-mexicano.jpg","width":855,"height":462},{"@type":"BreadcrumbList","@id":"https:\/\/jornalfatosenoticias.com.br\/index.php\/2023\/06\/02\/menino-de-13-anos-quebra-recorde-ao-se-tornar-o-biologo-molecular-mais-novo-do-mundo\/#breadcrumb","itemListElement":[{"@type":"ListItem","position":1,"name":"In\u00edcio","item":"https:\/\/jornalfatosenoticias.com.br\/"},{"@type":"ListItem","position":2,"name":"Menino de 13 anos quebra recorde ao se tornar o bi\u00f3logo molecular mais novo do mundo"}]},{"@type":"WebSite","@id":"https:\/\/jornalfatosenoticias.com.br\/#website","url":"https:\/\/jornalfatosenoticias.com.br\/","name":"Jornal Fatos e Not\u00edcias","description":"Not\u00edcias em geral","publisher":{"@id":"https:\/\/jornalfatosenoticias.com.br\/#organization"},"potentialAction":[{"@type":"SearchAction","target":{"@type":"EntryPoint","urlTemplate":"https:\/\/jornalfatosenoticias.com.br\/?s={search_term_string}"},"query-input":{"@type":"PropertyValueSpecification","valueRequired":true,"valueName":"search_term_string"}}],"inLanguage":"pt-BR"},{"@type":"Organization","@id":"https:\/\/jornalfatosenoticias.com.br\/#organization","name":"Jornal Fatos e Not\u00edcias","url":"https:\/\/jornalfatosenoticias.com.br\/","logo":{"@type":"ImageObject","inLanguage":"pt-BR","@id":"https:\/\/jornalfatosenoticias.com.br\/#\/schema\/logo\/image\/","url":"https:\/\/jornalfatosenoticias.com.br\/wp-content\/uploads\/2020\/02\/logo120.png","contentUrl":"https:\/\/jornalfatosenoticias.com.br\/wp-content\/uploads\/2020\/02\/logo120.png","width":1227,"height":120,"caption":"Jornal Fatos e Not\u00edcias"},"image":{"@id":"https:\/\/jornalfatosenoticias.com.br\/#\/schema\/logo\/image\/"}},{"@type":"Person","@id":"https:\/\/jornalfatosenoticias.com.br\/#\/schema\/person\/d63837fa13ac8666eb9e74e0985d6f81","name":"Luzimara Fernandes","image":{"@type":"ImageObject","inLanguage":"pt-BR","@id":"https:\/\/jornalfatosenoticias.com.br\/#\/schema\/person\/image\/","url":"https:\/\/jornalfatosenoticias.com.br\/wp-content\/uploads\/2025\/05\/EU_portal.jpg","contentUrl":"https:\/\/jornalfatosenoticias.com.br\/wp-content\/uploads\/2025\/05\/EU_portal.jpg","caption":"Luzimara Fernandes"},"description":"Jornalista MTB 2358-ES","sameAs":["https:\/\/jornalfatosenoticias.com.br"],"url":"https:\/\/jornalfatosenoticias.com.br\/index.php\/author\/luzimara\/"}]}},"cc_featured_image_caption":{"caption_text":"(Foto: Reprodu\u00e7\u00e3o\/Twitter) ","source_text":"","source_url":""},"jetpack_featured_media_url":"https:\/\/jornalfatosenoticias.com.br\/wp-content\/uploads\/2023\/06\/garoto-mexicano.jpg","_links":{"self":[{"href":"https:\/\/jornalfatosenoticias.com.br\/index.php\/wp-json\/wp\/v2\/posts\/42007","targetHints":{"allow":["GET"]}}],"collection":[{"href":"https:\/\/jornalfatosenoticias.com.br\/index.php\/wp-json\/wp\/v2\/posts"}],"about":[{"href":"https:\/\/jornalfatosenoticias.com.br\/index.php\/wp-json\/wp\/v2\/types\/post"}],"author":[{"embeddable":true,"href":"https:\/\/jornalfatosenoticias.com.br\/index.php\/wp-json\/wp\/v2\/users\/2"}],"replies":[{"embeddable":true,"href":"https:\/\/jornalfatosenoticias.com.br\/index.php\/wp-json\/wp\/v2\/comments?post=42007"}],"version-history":[{"count":0,"href":"https:\/\/jornalfatosenoticias.com.br\/index.php\/wp-json\/wp\/v2\/posts\/42007\/revisions"}],"wp:featuredmedia":[{"embeddable":true,"href":"https:\/\/jornalfatosenoticias.com.br\/index.php\/wp-json\/wp\/v2\/media\/42008"}],"wp:attachment":[{"href":"https:\/\/jornalfatosenoticias.com.br\/index.php\/wp-json\/wp\/v2\/media?parent=42007"}],"wp:term":[{"taxonomy":"category","embeddable":true,"href":"https:\/\/jornalfatosenoticias.com.br\/index.php\/wp-json\/wp\/v2\/categories?post=42007"},{"taxonomy":"post_tag","embeddable":true,"href":"https:\/\/jornalfatosenoticias.com.br\/index.php\/wp-json\/wp\/v2\/tags?post=42007"}],"curies":[{"name":"wp","href":"https:\/\/api.w.org\/{rel}","templated":true}]}}