{"id":42073,"date":"2023-06-05T11:10:05","date_gmt":"2023-06-05T14:10:05","guid":{"rendered":"https:\/\/jornalfatosenoticias.com.br\/?p=42073"},"modified":"2023-06-05T11:10:06","modified_gmt":"2023-06-05T14:10:06","slug":"arqueologos-encontram-fosseis-de-ancestrais-dos-elefantes","status":"publish","type":"post","link":"https:\/\/jornalfatosenoticias.com.br\/index.php\/2023\/06\/05\/arqueologos-encontram-fosseis-de-ancestrais-dos-elefantes\/","title":{"rendered":"Arque\u00f3logos encontram f\u00f3sseis de ancestrais dos elefantes"},"content":{"rendered":"\n<p><span class=\"has-inline-color has-black-color\"><em>Cemit\u00e9rio onde restos foram achados tem cinco milh\u00f5es de anos<\/em><\/span><\/p>\n\n\n\n<p><em><span class=\"has-inline-color has-black-color\">Por <\/span><\/em><strong><em><span class=\"has-inline-color has-black-color\">Est\u00eav\u00e3o J\u00fanior<\/span><\/em><\/strong><\/p>\n\n\n\n<div class=\"wp-block-image\"><figure class=\"aligncenter size-large\"><img loading=\"lazy\" decoding=\"async\" width=\"1024\" height=\"111\" src=\"https:\/\/jornalfatosenoticias.com.br\/wp-content\/uploads\/2020\/02\/WhatsApp-Image-2022-09-23-at-12.09.18-1024x111.jpeg\" alt=\"\" class=\"wp-image-34527\" srcset=\"https:\/\/jornalfatosenoticias.com.br\/wp-content\/uploads\/2020\/02\/WhatsApp-Image-2022-09-23-at-12.09.18-1024x111.jpeg 1024w, https:\/\/jornalfatosenoticias.com.br\/wp-content\/uploads\/2020\/02\/WhatsApp-Image-2022-09-23-at-12.09.18-300x32.jpeg 300w, https:\/\/jornalfatosenoticias.com.br\/wp-content\/uploads\/2020\/02\/WhatsApp-Image-2022-09-23-at-12.09.18-768x83.jpeg 768w, https:\/\/jornalfatosenoticias.com.br\/wp-content\/uploads\/2020\/02\/WhatsApp-Image-2022-09-23-at-12.09.18.jpeg 1121w\" sizes=\"auto, (max-width: 1024px) 100vw, 1024px\" \/><\/figure><\/div>\n\n\n\n<p>Uma equipe de arque\u00f3logos encontrou f\u00f3sseis de <em>Gomphotherium,<\/em> ancestrais dos elefantes, que teriam vivido durante o fim do per\u00edodo Mioceno. Os pesquisadores acharam os ossos sob montanhas de areia e argila perto de um rio, no norte da Fl\u00f3rida, nos Estados Unidos. A descoberta foi anunciada no portal Phys.org, na \u00faltima quinta-feira (31).<br>O \u201ccemit\u00e9rio\u201d tem cinco milh\u00f5es de anos. Nele, os cientistas descobriram esqueletos completos, com um adulto e pelo menos sete filhotes. Jonathan Bloch, curador de paleontologia de vertebrados do Museu de Hist\u00f3ria Natural da Fl\u00f3rida, estima que o adulto media 2,5 metros de altura. Com as presas inclu\u00eddas, o cr\u00e2nio tem mais de tr\u00eas metros de comprimento.<\/p>\n\n\n\n<div class=\"wp-block-image\"><figure class=\"aligncenter size-large is-resized\"><img loading=\"lazy\" decoding=\"async\" src=\"https:\/\/jornalfatosenoticias.com.br\/wp-content\/uploads\/2022\/08\/arte-Casarao.jpg\" alt=\"\" class=\"wp-image-33178\" width=\"277\" height=\"231\"\/><\/figure><\/div>\n\n\n\n<p>Ao contr\u00e1rio do seu semelhante mais conhecido, o mamute-lanoso, que surgiu e desapareceu pouco antes e depois das eras glaciais do Pleistoceno, o <em>Gomphotherium <\/em>tem um registro f\u00f3ssil muito longo, com mais de 20 milh\u00f5es de anos. Eles se originaram na \u00c1frica, no in\u00edcio do Mioceno e, com o tempo, se dispersaram para Europa e \u00c1sia.<\/p>\n\n\n\n<div class=\"wp-block-image\"><figure class=\"aligncenter size-large\"><img decoding=\"async\" src=\"https:\/\/jornalfatosenoticias.com.br\/wp-content\/uploads\/2020\/02\/barao-das-carnes-300x164-1.jpg\" alt=\"\" class=\"wp-image-34339\"\/><\/figure><\/div>\n\n\n\n<div class=\"wp-block-image\"><figure class=\"aligncenter size-large\"><img loading=\"lazy\" decoding=\"async\" width=\"1000\" height=\"665\" src=\"https:\/\/jornalfatosenoticias.com.br\/wp-content\/uploads\/2023\/06\/Ancestral-elefante-fosseis.jpg\" alt=\"\" class=\"wp-image-42074\" srcset=\"https:\/\/jornalfatosenoticias.com.br\/wp-content\/uploads\/2023\/06\/Ancestral-elefante-fosseis.jpg 1000w, https:\/\/jornalfatosenoticias.com.br\/wp-content\/uploads\/2023\/06\/Ancestral-elefante-fosseis-300x200.jpg 300w, https:\/\/jornalfatosenoticias.com.br\/wp-content\/uploads\/2023\/06\/Ancestral-elefante-fosseis-768x511.jpg 768w\" sizes=\"auto, (max-width: 1000px) 100vw, 1000px\" \/><figcaption><em><span class=\"has-inline-color has-black-color\">Cemit\u00e9rio onde os ancestrais dos elefante foram descobertos (Foto: Reprodu\u00e7\u00e3o\/Museu da Fl\u00f3rida)<\/span><\/em><\/figcaption><\/figure><\/div>\n\n\n\n<p><strong><span class=\"has-inline-color has-vivid-purple-color\">Como os f\u00f3sseis dos ancestrais de elefantes foram achados<br><\/span><\/strong>Desde 2015, as escava\u00e7\u00f5es ocorrem no s\u00edtio arqueol\u00f3gico Montbrook Fossil Dig, quando Eddie Hodge, um propriet\u00e1rio de terras da regi\u00e3o, contratou pesquisadores do Museu da Fl\u00f3rida, momentos depois de ter encontrado os f\u00f3sseis em sua propriedade por acaso.<\/p>\n\n\n\n<div class=\"wp-block-image\"><figure class=\"aligncenter size-large\"><img decoding=\"async\" src=\"https:\/\/jornalfatosenoticias.com.br\/wp-content\/uploads\/2020\/02\/logo-embacia-1-1024x110.jpg\" alt=\"\" class=\"wp-image-33954\"\/><\/figure><\/div>\n\n\n\n<p>Em mar\u00e7o de 2022, Bloch e sua equipe descobriram partes de um esqueleto de <em>Gomphoterium.<\/em> Mas, a princ\u00edpio, n\u00e3o parecia grande novidade. Quando Dean Warner, professor de qu\u00edmica aposentado e volunt\u00e1rio na escava\u00e7\u00e3o, encontrou um p\u00e9 articulado de algo muito grande que as aten\u00e7\u00f5es se voltaram para o achado.<\/p>\n\n\n\n<div class=\"wp-block-image\"><figure class=\"aligncenter size-large is-resized\"><img loading=\"lazy\" decoding=\"async\" src=\"https:\/\/jornalfatosenoticias.com.br\/wp-content\/uploads\/2022\/02\/Banner-2.png\" alt=\"\" class=\"wp-image-27877\" width=\"264\" height=\"220\"\/><\/figure><\/div>\n\n\n\n<blockquote class=\"wp-block-quote is-layout-flow wp-block-quote-is-layout-flow\"><p><span class=\"has-inline-color has-luminous-vivid-orange-color\">Comecei a encontrar um ap\u00f3s o outro, os ossos do dedo do p\u00e9 e do tornozelo\u201d, disse o pesquisador, no comunicado. \u201cConforme continuei a escavar, a ulna e o r\u00e1dio come\u00e7aram a aparecer tamb\u00e9m\u201d.<\/span><\/p><\/blockquote>\n\n\n\n<p><strong><em>Fonte: <a href=\"https:\/\/revistaoeste.com\/mundo\/arqueologos-encontram-fosseis-de-ancestrais-dos-elefantes\/\">Revista Oeste<\/a><\/em><\/strong><\/p>\n","protected":false},"excerpt":{"rendered":"<p>Cemit\u00e9rio onde restos foram achados tem cinco milh\u00f5es de anos Por Est\u00eav\u00e3o J\u00fanior Uma equipe de arque\u00f3logos encontrou f\u00f3sseis de Gomphotherium, ancestrais dos elefantes, que teriam vivido durante o fim do per\u00edodo Mioceno. Os pesquisadores acharam os ossos sob montanhas de areia e argila perto de um rio, no norte da Fl\u00f3rida, nos Estados Unidos. [&hellip;]<\/p>\n","protected":false},"author":2,"featured_media":42075,"comment_status":"open","ping_status":"open","sticky":false,"template":"","format":"standard","meta":{"footnotes":""},"categories":[9808],"tags":[19795,1478,166,663,19794],"class_list":["post-42073","post","type-post","status-publish","format-standard","has-post-thumbnail","hentry","category-paleo-arqueologia","tag-ancestrais-dos-elefantes","tag-arqueologia","tag-ciencia","tag-fossil","tag-fossil-elefante"],"yoast_head":"<!-- This site is optimized with the Yoast SEO plugin v26.5 - https:\/\/yoast.com\/wordpress\/plugins\/seo\/ -->\n<title>Arque\u00f3logos encontram f\u00f3sseis de ancestrais dos elefantes - Jornal Fatos e Not\u00edcias<\/title>\n<meta name=\"robots\" content=\"index, follow, max-snippet:-1, max-image-preview:large, max-video-preview:-1\" \/>\n<link rel=\"canonical\" href=\"https:\/\/jornalfatosenoticias.com.br\/index.php\/2023\/06\/05\/arqueologos-encontram-fosseis-de-ancestrais-dos-elefantes\/\" \/>\n<meta property=\"og:locale\" content=\"pt_BR\" \/>\n<meta property=\"og:type\" content=\"article\" \/>\n<meta property=\"og:title\" content=\"Arque\u00f3logos encontram f\u00f3sseis de ancestrais dos elefantes - Jornal Fatos e Not\u00edcias\" \/>\n<meta property=\"og:description\" content=\"Cemit\u00e9rio onde restos foram achados tem cinco milh\u00f5es de anos Por Est\u00eav\u00e3o J\u00fanior Uma equipe de arque\u00f3logos encontrou f\u00f3sseis de Gomphotherium, ancestrais dos elefantes, que teriam vivido durante o fim do per\u00edodo Mioceno. Os pesquisadores acharam os ossos sob montanhas de areia e argila perto de um rio, no norte da Fl\u00f3rida, nos Estados Unidos. [&hellip;]\" \/>\n<meta property=\"og:url\" content=\"https:\/\/jornalfatosenoticias.com.br\/index.php\/2023\/06\/05\/arqueologos-encontram-fosseis-de-ancestrais-dos-elefantes\/\" \/>\n<meta property=\"og:site_name\" content=\"Jornal Fatos e Not\u00edcias\" \/>\n<meta property=\"article:published_time\" content=\"2023-06-05T14:10:05+00:00\" \/>\n<meta property=\"article:modified_time\" content=\"2023-06-05T14:10:06+00:00\" \/>\n<meta property=\"og:image\" content=\"https:\/\/jornalfatosenoticias.com.br\/wp-content\/uploads\/2023\/06\/Ancestral-elefante1.jpg\" \/>\n\t<meta property=\"og:image:width\" content=\"1000\" \/>\n\t<meta property=\"og:image:height\" content=\"694\" \/>\n\t<meta property=\"og:image:type\" content=\"image\/jpeg\" \/>\n<meta name=\"author\" content=\"Luzimara Fernandes\" \/>\n<meta name=\"twitter:card\" content=\"summary_large_image\" \/>\n<meta name=\"twitter:label1\" content=\"Escrito por\" \/>\n\t<meta name=\"twitter:data1\" content=\"Luzimara Fernandes\" \/>\n\t<meta name=\"twitter:label2\" content=\"Est. tempo de leitura\" \/>\n\t<meta name=\"twitter:data2\" content=\"2 minutos\" \/>\n<script type=\"application\/ld+json\" class=\"yoast-schema-graph\">{\"@context\":\"https:\/\/schema.org\",\"@graph\":[{\"@type\":\"Article\",\"@id\":\"https:\/\/jornalfatosenoticias.com.br\/index.php\/2023\/06\/05\/arqueologos-encontram-fosseis-de-ancestrais-dos-elefantes\/#article\",\"isPartOf\":{\"@id\":\"https:\/\/jornalfatosenoticias.com.br\/index.php\/2023\/06\/05\/arqueologos-encontram-fosseis-de-ancestrais-dos-elefantes\/\"},\"author\":{\"name\":\"Luzimara Fernandes\",\"@id\":\"https:\/\/jornalfatosenoticias.com.br\/#\/schema\/person\/d63837fa13ac8666eb9e74e0985d6f81\"},\"headline\":\"Arque\u00f3logos encontram f\u00f3sseis de ancestrais dos elefantes\",\"datePublished\":\"2023-06-05T14:10:05+00:00\",\"dateModified\":\"2023-06-05T14:10:06+00:00\",\"mainEntityOfPage\":{\"@id\":\"https:\/\/jornalfatosenoticias.com.br\/index.php\/2023\/06\/05\/arqueologos-encontram-fosseis-de-ancestrais-dos-elefantes\/\"},\"wordCount\":372,\"commentCount\":0,\"publisher\":{\"@id\":\"https:\/\/jornalfatosenoticias.com.br\/#organization\"},\"image\":{\"@id\":\"https:\/\/jornalfatosenoticias.com.br\/index.php\/2023\/06\/05\/arqueologos-encontram-fosseis-de-ancestrais-dos-elefantes\/#primaryimage\"},\"thumbnailUrl\":\"https:\/\/jornalfatosenoticias.com.br\/wp-content\/uploads\/2023\/06\/Ancestral-elefante1.jpg\",\"keywords\":[\"ancestrais dos elefantes\",\"arqueologia\",\"ci\u00eancia\",\"f\u00f3ssil\",\"f\u00f3ssil elefante\"],\"articleSection\":[\"Paleo &amp; Arqueologia\"],\"inLanguage\":\"pt-BR\",\"potentialAction\":[{\"@type\":\"CommentAction\",\"name\":\"Comment\",\"target\":[\"https:\/\/jornalfatosenoticias.com.br\/index.php\/2023\/06\/05\/arqueologos-encontram-fosseis-de-ancestrais-dos-elefantes\/#respond\"]}]},{\"@type\":\"WebPage\",\"@id\":\"https:\/\/jornalfatosenoticias.com.br\/index.php\/2023\/06\/05\/arqueologos-encontram-fosseis-de-ancestrais-dos-elefantes\/\",\"url\":\"https:\/\/jornalfatosenoticias.com.br\/index.php\/2023\/06\/05\/arqueologos-encontram-fosseis-de-ancestrais-dos-elefantes\/\",\"name\":\"Arque\u00f3logos encontram f\u00f3sseis de ancestrais dos elefantes - Jornal Fatos e Not\u00edcias\",\"isPartOf\":{\"@id\":\"https:\/\/jornalfatosenoticias.com.br\/#website\"},\"primaryImageOfPage\":{\"@id\":\"https:\/\/jornalfatosenoticias.com.br\/index.php\/2023\/06\/05\/arqueologos-encontram-fosseis-de-ancestrais-dos-elefantes\/#primaryimage\"},\"image\":{\"@id\":\"https:\/\/jornalfatosenoticias.com.br\/index.php\/2023\/06\/05\/arqueologos-encontram-fosseis-de-ancestrais-dos-elefantes\/#primaryimage\"},\"thumbnailUrl\":\"https:\/\/jornalfatosenoticias.com.br\/wp-content\/uploads\/2023\/06\/Ancestral-elefante1.jpg\",\"datePublished\":\"2023-06-05T14:10:05+00:00\",\"dateModified\":\"2023-06-05T14:10:06+00:00\",\"breadcrumb\":{\"@id\":\"https:\/\/jornalfatosenoticias.com.br\/index.php\/2023\/06\/05\/arqueologos-encontram-fosseis-de-ancestrais-dos-elefantes\/#breadcrumb\"},\"inLanguage\":\"pt-BR\",\"potentialAction\":[{\"@type\":\"ReadAction\",\"target\":[\"https:\/\/jornalfatosenoticias.com.br\/index.php\/2023\/06\/05\/arqueologos-encontram-fosseis-de-ancestrais-dos-elefantes\/\"]}]},{\"@type\":\"ImageObject\",\"inLanguage\":\"pt-BR\",\"@id\":\"https:\/\/jornalfatosenoticias.com.br\/index.php\/2023\/06\/05\/arqueologos-encontram-fosseis-de-ancestrais-dos-elefantes\/#primaryimage\",\"url\":\"https:\/\/jornalfatosenoticias.com.br\/wp-content\/uploads\/2023\/06\/Ancestral-elefante1.jpg\",\"contentUrl\":\"https:\/\/jornalfatosenoticias.com.br\/wp-content\/uploads\/2023\/06\/Ancestral-elefante1.jpg\",\"width\":1000,\"height\":694},{\"@type\":\"BreadcrumbList\",\"@id\":\"https:\/\/jornalfatosenoticias.com.br\/index.php\/2023\/06\/05\/arqueologos-encontram-fosseis-de-ancestrais-dos-elefantes\/#breadcrumb\",\"itemListElement\":[{\"@type\":\"ListItem\",\"position\":1,\"name\":\"In\u00edcio\",\"item\":\"https:\/\/jornalfatosenoticias.com.br\/\"},{\"@type\":\"ListItem\",\"position\":2,\"name\":\"Arque\u00f3logos encontram f\u00f3sseis de ancestrais dos elefantes\"}]},{\"@type\":\"WebSite\",\"@id\":\"https:\/\/jornalfatosenoticias.com.br\/#website\",\"url\":\"https:\/\/jornalfatosenoticias.com.br\/\",\"name\":\"Jornal Fatos e Not\u00edcias\",\"description\":\"Not\u00edcias em geral\",\"publisher\":{\"@id\":\"https:\/\/jornalfatosenoticias.com.br\/#organization\"},\"potentialAction\":[{\"@type\":\"SearchAction\",\"target\":{\"@type\":\"EntryPoint\",\"urlTemplate\":\"https:\/\/jornalfatosenoticias.com.br\/?s={search_term_string}\"},\"query-input\":{\"@type\":\"PropertyValueSpecification\",\"valueRequired\":true,\"valueName\":\"search_term_string\"}}],\"inLanguage\":\"pt-BR\"},{\"@type\":\"Organization\",\"@id\":\"https:\/\/jornalfatosenoticias.com.br\/#organization\",\"name\":\"Jornal Fatos e Not\u00edcias\",\"url\":\"https:\/\/jornalfatosenoticias.com.br\/\",\"logo\":{\"@type\":\"ImageObject\",\"inLanguage\":\"pt-BR\",\"@id\":\"https:\/\/jornalfatosenoticias.com.br\/#\/schema\/logo\/image\/\",\"url\":\"https:\/\/jornalfatosenoticias.com.br\/wp-content\/uploads\/2020\/02\/logo120.png\",\"contentUrl\":\"https:\/\/jornalfatosenoticias.com.br\/wp-content\/uploads\/2020\/02\/logo120.png\",\"width\":1227,\"height\":120,\"caption\":\"Jornal Fatos e Not\u00edcias\"},\"image\":{\"@id\":\"https:\/\/jornalfatosenoticias.com.br\/#\/schema\/logo\/image\/\"}},{\"@type\":\"Person\",\"@id\":\"https:\/\/jornalfatosenoticias.com.br\/#\/schema\/person\/d63837fa13ac8666eb9e74e0985d6f81\",\"name\":\"Luzimara Fernandes\",\"image\":{\"@type\":\"ImageObject\",\"inLanguage\":\"pt-BR\",\"@id\":\"https:\/\/jornalfatosenoticias.com.br\/#\/schema\/person\/image\/\",\"url\":\"https:\/\/jornalfatosenoticias.com.br\/wp-content\/uploads\/2025\/05\/EU_portal.jpg\",\"contentUrl\":\"https:\/\/jornalfatosenoticias.com.br\/wp-content\/uploads\/2025\/05\/EU_portal.jpg\",\"caption\":\"Luzimara Fernandes\"},\"description\":\"Jornalista MTB 2358-ES\",\"sameAs\":[\"https:\/\/jornalfatosenoticias.com.br\"],\"url\":\"https:\/\/jornalfatosenoticias.com.br\/index.php\/author\/luzimara\/\"}]}<\/script>\n<!-- \/ Yoast SEO plugin. -->","yoast_head_json":{"title":"Arque\u00f3logos encontram f\u00f3sseis de ancestrais dos elefantes - Jornal Fatos e Not\u00edcias","robots":{"index":"index","follow":"follow","max-snippet":"max-snippet:-1","max-image-preview":"max-image-preview:large","max-video-preview":"max-video-preview:-1"},"canonical":"https:\/\/jornalfatosenoticias.com.br\/index.php\/2023\/06\/05\/arqueologos-encontram-fosseis-de-ancestrais-dos-elefantes\/","og_locale":"pt_BR","og_type":"article","og_title":"Arque\u00f3logos encontram f\u00f3sseis de ancestrais dos elefantes - Jornal Fatos e Not\u00edcias","og_description":"Cemit\u00e9rio onde restos foram achados tem cinco milh\u00f5es de anos Por Est\u00eav\u00e3o J\u00fanior Uma equipe de arque\u00f3logos encontrou f\u00f3sseis de Gomphotherium, ancestrais dos elefantes, que teriam vivido durante o fim do per\u00edodo Mioceno. Os pesquisadores acharam os ossos sob montanhas de areia e argila perto de um rio, no norte da Fl\u00f3rida, nos Estados Unidos. [&hellip;]","og_url":"https:\/\/jornalfatosenoticias.com.br\/index.php\/2023\/06\/05\/arqueologos-encontram-fosseis-de-ancestrais-dos-elefantes\/","og_site_name":"Jornal Fatos e Not\u00edcias","article_published_time":"2023-06-05T14:10:05+00:00","article_modified_time":"2023-06-05T14:10:06+00:00","og_image":[{"width":1000,"height":694,"url":"https:\/\/jornalfatosenoticias.com.br\/wp-content\/uploads\/2023\/06\/Ancestral-elefante1.jpg","type":"image\/jpeg"}],"author":"Luzimara Fernandes","twitter_card":"summary_large_image","twitter_misc":{"Escrito por":"Luzimara Fernandes","Est. tempo de leitura":"2 minutos"},"schema":{"@context":"https:\/\/schema.org","@graph":[{"@type":"Article","@id":"https:\/\/jornalfatosenoticias.com.br\/index.php\/2023\/06\/05\/arqueologos-encontram-fosseis-de-ancestrais-dos-elefantes\/#article","isPartOf":{"@id":"https:\/\/jornalfatosenoticias.com.br\/index.php\/2023\/06\/05\/arqueologos-encontram-fosseis-de-ancestrais-dos-elefantes\/"},"author":{"name":"Luzimara Fernandes","@id":"https:\/\/jornalfatosenoticias.com.br\/#\/schema\/person\/d63837fa13ac8666eb9e74e0985d6f81"},"headline":"Arque\u00f3logos encontram f\u00f3sseis de ancestrais dos elefantes","datePublished":"2023-06-05T14:10:05+00:00","dateModified":"2023-06-05T14:10:06+00:00","mainEntityOfPage":{"@id":"https:\/\/jornalfatosenoticias.com.br\/index.php\/2023\/06\/05\/arqueologos-encontram-fosseis-de-ancestrais-dos-elefantes\/"},"wordCount":372,"commentCount":0,"publisher":{"@id":"https:\/\/jornalfatosenoticias.com.br\/#organization"},"image":{"@id":"https:\/\/jornalfatosenoticias.com.br\/index.php\/2023\/06\/05\/arqueologos-encontram-fosseis-de-ancestrais-dos-elefantes\/#primaryimage"},"thumbnailUrl":"https:\/\/jornalfatosenoticias.com.br\/wp-content\/uploads\/2023\/06\/Ancestral-elefante1.jpg","keywords":["ancestrais dos elefantes","arqueologia","ci\u00eancia","f\u00f3ssil","f\u00f3ssil elefante"],"articleSection":["Paleo &amp; Arqueologia"],"inLanguage":"pt-BR","potentialAction":[{"@type":"CommentAction","name":"Comment","target":["https:\/\/jornalfatosenoticias.com.br\/index.php\/2023\/06\/05\/arqueologos-encontram-fosseis-de-ancestrais-dos-elefantes\/#respond"]}]},{"@type":"WebPage","@id":"https:\/\/jornalfatosenoticias.com.br\/index.php\/2023\/06\/05\/arqueologos-encontram-fosseis-de-ancestrais-dos-elefantes\/","url":"https:\/\/jornalfatosenoticias.com.br\/index.php\/2023\/06\/05\/arqueologos-encontram-fosseis-de-ancestrais-dos-elefantes\/","name":"Arque\u00f3logos encontram f\u00f3sseis de ancestrais dos elefantes - Jornal Fatos e Not\u00edcias","isPartOf":{"@id":"https:\/\/jornalfatosenoticias.com.br\/#website"},"primaryImageOfPage":{"@id":"https:\/\/jornalfatosenoticias.com.br\/index.php\/2023\/06\/05\/arqueologos-encontram-fosseis-de-ancestrais-dos-elefantes\/#primaryimage"},"image":{"@id":"https:\/\/jornalfatosenoticias.com.br\/index.php\/2023\/06\/05\/arqueologos-encontram-fosseis-de-ancestrais-dos-elefantes\/#primaryimage"},"thumbnailUrl":"https:\/\/jornalfatosenoticias.com.br\/wp-content\/uploads\/2023\/06\/Ancestral-elefante1.jpg","datePublished":"2023-06-05T14:10:05+00:00","dateModified":"2023-06-05T14:10:06+00:00","breadcrumb":{"@id":"https:\/\/jornalfatosenoticias.com.br\/index.php\/2023\/06\/05\/arqueologos-encontram-fosseis-de-ancestrais-dos-elefantes\/#breadcrumb"},"inLanguage":"pt-BR","potentialAction":[{"@type":"ReadAction","target":["https:\/\/jornalfatosenoticias.com.br\/index.php\/2023\/06\/05\/arqueologos-encontram-fosseis-de-ancestrais-dos-elefantes\/"]}]},{"@type":"ImageObject","inLanguage":"pt-BR","@id":"https:\/\/jornalfatosenoticias.com.br\/index.php\/2023\/06\/05\/arqueologos-encontram-fosseis-de-ancestrais-dos-elefantes\/#primaryimage","url":"https:\/\/jornalfatosenoticias.com.br\/wp-content\/uploads\/2023\/06\/Ancestral-elefante1.jpg","contentUrl":"https:\/\/jornalfatosenoticias.com.br\/wp-content\/uploads\/2023\/06\/Ancestral-elefante1.jpg","width":1000,"height":694},{"@type":"BreadcrumbList","@id":"https:\/\/jornalfatosenoticias.com.br\/index.php\/2023\/06\/05\/arqueologos-encontram-fosseis-de-ancestrais-dos-elefantes\/#breadcrumb","itemListElement":[{"@type":"ListItem","position":1,"name":"In\u00edcio","item":"https:\/\/jornalfatosenoticias.com.br\/"},{"@type":"ListItem","position":2,"name":"Arque\u00f3logos encontram f\u00f3sseis de ancestrais dos elefantes"}]},{"@type":"WebSite","@id":"https:\/\/jornalfatosenoticias.com.br\/#website","url":"https:\/\/jornalfatosenoticias.com.br\/","name":"Jornal Fatos e Not\u00edcias","description":"Not\u00edcias em geral","publisher":{"@id":"https:\/\/jornalfatosenoticias.com.br\/#organization"},"potentialAction":[{"@type":"SearchAction","target":{"@type":"EntryPoint","urlTemplate":"https:\/\/jornalfatosenoticias.com.br\/?s={search_term_string}"},"query-input":{"@type":"PropertyValueSpecification","valueRequired":true,"valueName":"search_term_string"}}],"inLanguage":"pt-BR"},{"@type":"Organization","@id":"https:\/\/jornalfatosenoticias.com.br\/#organization","name":"Jornal Fatos e Not\u00edcias","url":"https:\/\/jornalfatosenoticias.com.br\/","logo":{"@type":"ImageObject","inLanguage":"pt-BR","@id":"https:\/\/jornalfatosenoticias.com.br\/#\/schema\/logo\/image\/","url":"https:\/\/jornalfatosenoticias.com.br\/wp-content\/uploads\/2020\/02\/logo120.png","contentUrl":"https:\/\/jornalfatosenoticias.com.br\/wp-content\/uploads\/2020\/02\/logo120.png","width":1227,"height":120,"caption":"Jornal Fatos e Not\u00edcias"},"image":{"@id":"https:\/\/jornalfatosenoticias.com.br\/#\/schema\/logo\/image\/"}},{"@type":"Person","@id":"https:\/\/jornalfatosenoticias.com.br\/#\/schema\/person\/d63837fa13ac8666eb9e74e0985d6f81","name":"Luzimara Fernandes","image":{"@type":"ImageObject","inLanguage":"pt-BR","@id":"https:\/\/jornalfatosenoticias.com.br\/#\/schema\/person\/image\/","url":"https:\/\/jornalfatosenoticias.com.br\/wp-content\/uploads\/2025\/05\/EU_portal.jpg","contentUrl":"https:\/\/jornalfatosenoticias.com.br\/wp-content\/uploads\/2025\/05\/EU_portal.jpg","caption":"Luzimara Fernandes"},"description":"Jornalista MTB 2358-ES","sameAs":["https:\/\/jornalfatosenoticias.com.br"],"url":"https:\/\/jornalfatosenoticias.com.br\/index.php\/author\/luzimara\/"}]}},"cc_featured_image_caption":{"caption_text":"(Foto: Reprodu\u00e7\u00e3o\/Museu da Fl\u00f3rida)","source_text":"","source_url":""},"jetpack_featured_media_url":"https:\/\/jornalfatosenoticias.com.br\/wp-content\/uploads\/2023\/06\/Ancestral-elefante1.jpg","_links":{"self":[{"href":"https:\/\/jornalfatosenoticias.com.br\/index.php\/wp-json\/wp\/v2\/posts\/42073","targetHints":{"allow":["GET"]}}],"collection":[{"href":"https:\/\/jornalfatosenoticias.com.br\/index.php\/wp-json\/wp\/v2\/posts"}],"about":[{"href":"https:\/\/jornalfatosenoticias.com.br\/index.php\/wp-json\/wp\/v2\/types\/post"}],"author":[{"embeddable":true,"href":"https:\/\/jornalfatosenoticias.com.br\/index.php\/wp-json\/wp\/v2\/users\/2"}],"replies":[{"embeddable":true,"href":"https:\/\/jornalfatosenoticias.com.br\/index.php\/wp-json\/wp\/v2\/comments?post=42073"}],"version-history":[{"count":0,"href":"https:\/\/jornalfatosenoticias.com.br\/index.php\/wp-json\/wp\/v2\/posts\/42073\/revisions"}],"wp:featuredmedia":[{"embeddable":true,"href":"https:\/\/jornalfatosenoticias.com.br\/index.php\/wp-json\/wp\/v2\/media\/42075"}],"wp:attachment":[{"href":"https:\/\/jornalfatosenoticias.com.br\/index.php\/wp-json\/wp\/v2\/media?parent=42073"}],"wp:term":[{"taxonomy":"category","embeddable":true,"href":"https:\/\/jornalfatosenoticias.com.br\/index.php\/wp-json\/wp\/v2\/categories?post=42073"},{"taxonomy":"post_tag","embeddable":true,"href":"https:\/\/jornalfatosenoticias.com.br\/index.php\/wp-json\/wp\/v2\/tags?post=42073"}],"curies":[{"name":"wp","href":"https:\/\/api.w.org\/{rel}","templated":true}]}}