{"id":42093,"date":"2023-06-05T14:38:48","date_gmt":"2023-06-05T17:38:48","guid":{"rendered":"https:\/\/jornalfatosenoticias.com.br\/?p=42093"},"modified":"2023-06-05T14:38:50","modified_gmt":"2023-06-05T17:38:50","slug":"a-farra-dos-ministros-de-lula-nos-avioes-da-fab","status":"publish","type":"post","link":"https:\/\/jornalfatosenoticias.com.br\/index.php\/2023\/06\/05\/a-farra-dos-ministros-de-lula-nos-avioes-da-fab\/","title":{"rendered":"A farra dos ministros de Lula nos avi\u00f5es da FAB"},"content":{"rendered":"\n<p><em><span class=\"has-inline-color has-black-color\">O ministro da Justi\u00e7a e Seguran\u00e7a P\u00fablica, Fl\u00e1vio Dino, \u00e9 o titular que mais tem feito uso das aeronaves oficiais, com nove voos de Bras\u00edlia para o Maranh\u00e3o<\/span><\/em><\/p>\n\n\n\n<p><em><span class=\"has-inline-color has-black-color\">Por <strong>Fernando de Castro<\/strong><\/span><\/em><\/p>\n\n\n\n<div class=\"wp-block-image\"><figure class=\"aligncenter size-large is-resized\"><img loading=\"lazy\" decoding=\"async\" src=\"https:\/\/jornalfatosenoticias.com.br\/wp-content\/uploads\/2022\/02\/FERRARI_MAQUINAS-E-FERRAMENTAS2.jpg\" alt=\"\" class=\"wp-image-27860\" width=\"234\" height=\"195\"\/><\/figure><\/div>\n\n\n\n<p>Ministros do <strong><a href=\"https:\/\/revistaoeste.com\/?s=governo+Lula\" target=\"_blank\" rel=\"noreferrer noopener\">governo Lula<\/a><\/strong>\u00a0est\u00e3o fazendo uso de avi\u00f5es da\u00a0<strong><a href=\"https:\/\/www.fab.mil.br\/index.php\" target=\"_blank\" rel=\"noreferrer noopener\">For\u00e7a A\u00e9rea Brasileira (FAB)<\/a><\/strong> para passar o fim de semana em suas cidades de origem e depois retornar a Bras\u00edlia usando o mesmo privil\u00e9gio. A informa\u00e7\u00e3o foi divulgada nesta segunda-feira (5), pelo site Metr\u00f3poles.<\/p>\n\n\n\n<div class=\"wp-block-image\"><figure class=\"aligncenter size-large is-resized\"><img loading=\"lazy\" decoding=\"async\" src=\"https:\/\/jornalfatosenoticias.com.br\/wp-content\/uploads\/2022\/02\/Precisao-Contabilidade-1024x724.jpg\" alt=\"\" class=\"wp-image-28088\" width=\"277\" height=\"196\"\/><\/figure><\/div>\n\n\n\n<p>De acordo com dados da FAB, o ministro da Justi\u00e7a e Seguran\u00e7a P\u00fablica, <strong><a href=\"https:\/\/revistaoeste.com\/?s=Fl%C3%A1vio+Dino\" target=\"_blank\" rel=\"noreferrer noopener\">Fl\u00e1vio Dino<\/a><\/strong>, \u00e9 quem mais tem feito uso das aeronaves oficiais, com nove voos de Bras\u00edlia para o Maranh\u00e3o. Mais quatro ministros do governo Lula viajaram \u00e0s sextas-feiras, esticaram o fim de semana nas suas cidades e retornaram a Bras\u00edlia, tamb\u00e9m nas asas da FAB, aos domingos ou \u00e0s segundas-feiras.<\/p>\n\n\n\n<div class=\"wp-block-image\"><figure class=\"aligncenter size-large is-resized\"><img loading=\"lazy\" decoding=\"async\" src=\"https:\/\/jornalfatosenoticias.com.br\/wp-content\/uploads\/2023\/03\/nova-logo-Marquetti.jpg\" alt=\"\" class=\"wp-image-40207\" width=\"253\" height=\"170\" srcset=\"https:\/\/jornalfatosenoticias.com.br\/wp-content\/uploads\/2023\/03\/nova-logo-Marquetti.jpg 643w, https:\/\/jornalfatosenoticias.com.br\/wp-content\/uploads\/2023\/03\/nova-logo-Marquetti-300x202.jpg 300w\" sizes=\"auto, (max-width: 253px) 100vw, 253px\" \/><\/figure><\/div>\n\n\n\n<p>Embora Dino seja o campe\u00e3o de viagens, o ministro do Trabalho e Emprego, Luiz Marinho, tamb\u00e9m tem feito uso das aeronaves oficiais, com oito viagens para S\u00e3o Paulo \u00e0s sextas-feiras, com retorno \u00e0 capital federal no in\u00edcio da semana seguinte. Marinho come\u00e7ou a voar ainda em janeiro, quando n\u00e3o tinha agenda oficial.<\/p>\n\n\n\n<div class=\"wp-block-image\"><figure class=\"aligncenter size-large is-resized\"><img loading=\"lazy\" decoding=\"async\" src=\"https:\/\/jornalfatosenoticias.com.br\/wp-content\/uploads\/2022\/10\/RC_800x750_page-0001.jpg\" alt=\"\" class=\"wp-image-35338\" width=\"239\" height=\"224\" srcset=\"https:\/\/jornalfatosenoticias.com.br\/wp-content\/uploads\/2022\/10\/RC_800x750_page-0001.jpg 400w, https:\/\/jornalfatosenoticias.com.br\/wp-content\/uploads\/2022\/10\/RC_800x750_page-0001-300x281.jpg 300w\" sizes=\"auto, (max-width: 239px) 100vw, 239px\" \/><\/figure><\/div>\n\n\n\n<p>Em terceiro lugar est\u00e1 o ministro da Fazenda, <strong><a href=\"https:\/\/revistaoeste.com\/?s=Fernando+Haddad\" target=\"_blank\" rel=\"noreferrer noopener\">Fernando Haddad<\/a><\/strong>, que fez, ao todo, sete voos com destino a S\u00e3o Paulo. Com um gabinete em Bras\u00edlia e outro na capital paulista, da qual foi prefeito entre 2013 e 2016, ele tem por h\u00e1bito marcar reuni\u00f5es ou entrevistas na cidade \u00e0s sextas-feiras. Assim, justifica as viagens.<\/p>\n\n\n\n<div class=\"wp-block-image\"><figure class=\"aligncenter size-large\"><img decoding=\"async\" src=\"https:\/\/jornalfatosenoticias.com.br\/wp-content\/uploads\/2020\/02\/logo_esteio.jpg\" alt=\"\" class=\"wp-image-1214\"\/><\/figure><\/div>\n\n\n\n<p>Em quarto lugar, a ministra da Sa\u00fade, N\u00edsia Trindade viajou sete vezes em avi\u00f5es da FAB \u00e0s sextas-feiras para o Rio de Janeiro, sua cidade natal. Em todas as viagens, ela alegou motivos de servi\u00e7o na capital fluminense.<br>J\u00e1 a ministra do Turismo, Daniela do Waguinho, voou para o Rio tr\u00eas vezes em avi\u00f5es oficiais nos fins de semana. Em todas as viagens ela apontou raz\u00f5es de servi\u00e7o, com compromissos marcados \u00e0s sextas e \u00e0s segundas-feiras.<\/p>\n\n\n\n<div class=\"wp-block-image\"><figure class=\"aligncenter size-large is-resized\"><img loading=\"lazy\" decoding=\"async\" src=\"https:\/\/jornalfatosenoticias.com.br\/wp-content\/uploads\/2020\/02\/logo-embacia.jpg\" alt=\"\" class=\"wp-image-33905\" width=\"254\" height=\"254\"\/><\/figure><\/div>\n\n\n\n<p><strong><span class=\"has-inline-color has-black-color\">Outro lado<br><\/span><\/strong>Os ministros Fl\u00e1vio Dino e Luiz Marinho alegaram motivos de seguran\u00e7a para usar os jatos da FAB. Em nota, as outras pastas tamb\u00e9m declararam que fazem uso das aeronaves oficiais em conformidade com a lei.<\/p>\n\n\n\n<div class=\"wp-block-image\"><figure class=\"aligncenter size-large is-resized\"><img loading=\"lazy\" decoding=\"async\" src=\"https:\/\/jornalfatosenoticias.com.br\/wp-content\/uploads\/2022\/08\/arte-Casarao.jpg\" alt=\"\" class=\"wp-image-33178\" width=\"246\" height=\"205\"\/><\/figure><\/div>\n\n\n\n<p><strong><em>Fonte:<a href=\"https:\/\/revistaoeste.com\/politica\/a-farra-dos-ministros-de-lula-nos-avioes-da-fab\/\"> Revista Oeste<\/a><\/em><\/strong><\/p>\n","protected":false},"excerpt":{"rendered":"<p>O ministro da Justi\u00e7a e Seguran\u00e7a P\u00fablica, Fl\u00e1vio Dino, \u00e9 o titular que mais tem feito uso das aeronaves oficiais, com nove voos de Bras\u00edlia para o Maranh\u00e3o Por Fernando de Castro Ministros do governo Lula\u00a0est\u00e3o fazendo uso de avi\u00f5es da\u00a0For\u00e7a A\u00e9rea Brasileira (FAB) para passar o fim de semana em suas cidades de origem [&hellip;]<\/p>\n","protected":false},"author":2,"featured_media":42094,"comment_status":"open","ping_status":"open","sticky":false,"template":"","format":"standard","meta":{"footnotes":""},"categories":[10],"tags":[19803,1000,16744,18343],"class_list":["post-42093","post","type-post","status-publish","format-standard","has-post-thumbnail","hentry","category-politica","tag-avioes-da-fab","tag-fab","tag-farra-com-o-dinheiro-publico","tag-governo-lula"],"yoast_head":"<!-- This site is optimized with the Yoast SEO plugin v26.5 - https:\/\/yoast.com\/wordpress\/plugins\/seo\/ -->\n<title>A farra dos ministros de Lula nos avi\u00f5es da FAB - Jornal Fatos e Not\u00edcias<\/title>\n<meta name=\"robots\" content=\"index, follow, max-snippet:-1, max-image-preview:large, max-video-preview:-1\" \/>\n<link rel=\"canonical\" href=\"https:\/\/jornalfatosenoticias.com.br\/index.php\/2023\/06\/05\/a-farra-dos-ministros-de-lula-nos-avioes-da-fab\/\" \/>\n<meta property=\"og:locale\" content=\"pt_BR\" \/>\n<meta property=\"og:type\" content=\"article\" \/>\n<meta property=\"og:title\" content=\"A farra dos ministros de Lula nos avi\u00f5es da FAB - Jornal Fatos e Not\u00edcias\" \/>\n<meta property=\"og:description\" content=\"O ministro da Justi\u00e7a e Seguran\u00e7a P\u00fablica, Fl\u00e1vio Dino, \u00e9 o titular que mais tem feito uso das aeronaves oficiais, com nove voos de Bras\u00edlia para o Maranh\u00e3o Por Fernando de Castro Ministros do governo Lula\u00a0est\u00e3o fazendo uso de avi\u00f5es da\u00a0For\u00e7a A\u00e9rea Brasileira (FAB) para passar o fim de semana em suas cidades de origem [&hellip;]\" \/>\n<meta property=\"og:url\" content=\"https:\/\/jornalfatosenoticias.com.br\/index.php\/2023\/06\/05\/a-farra-dos-ministros-de-lula-nos-avioes-da-fab\/\" \/>\n<meta property=\"og:site_name\" content=\"Jornal Fatos e Not\u00edcias\" \/>\n<meta property=\"article:published_time\" content=\"2023-06-05T17:38:48+00:00\" \/>\n<meta property=\"article:modified_time\" content=\"2023-06-05T17:38:50+00:00\" \/>\n<meta property=\"og:image\" content=\"https:\/\/jornalfatosenoticias.com.br\/wp-content\/uploads\/2023\/06\/aviao-fab.jpg\" \/>\n\t<meta property=\"og:image:width\" content=\"960\" \/>\n\t<meta property=\"og:image:height\" content=\"636\" \/>\n\t<meta property=\"og:image:type\" content=\"image\/jpeg\" \/>\n<meta name=\"author\" content=\"Luzimara Fernandes\" \/>\n<meta name=\"twitter:card\" content=\"summary_large_image\" \/>\n<meta name=\"twitter:label1\" content=\"Escrito por\" \/>\n\t<meta name=\"twitter:data1\" content=\"Luzimara Fernandes\" \/>\n\t<meta name=\"twitter:label2\" content=\"Est. tempo de leitura\" \/>\n\t<meta name=\"twitter:data2\" content=\"2 minutos\" \/>\n<script type=\"application\/ld+json\" class=\"yoast-schema-graph\">{\"@context\":\"https:\/\/schema.org\",\"@graph\":[{\"@type\":\"Article\",\"@id\":\"https:\/\/jornalfatosenoticias.com.br\/index.php\/2023\/06\/05\/a-farra-dos-ministros-de-lula-nos-avioes-da-fab\/#article\",\"isPartOf\":{\"@id\":\"https:\/\/jornalfatosenoticias.com.br\/index.php\/2023\/06\/05\/a-farra-dos-ministros-de-lula-nos-avioes-da-fab\/\"},\"author\":{\"name\":\"Luzimara Fernandes\",\"@id\":\"https:\/\/jornalfatosenoticias.com.br\/#\/schema\/person\/d63837fa13ac8666eb9e74e0985d6f81\"},\"headline\":\"A farra dos ministros de Lula nos avi\u00f5es da FAB\",\"datePublished\":\"2023-06-05T17:38:48+00:00\",\"dateModified\":\"2023-06-05T17:38:50+00:00\",\"mainEntityOfPage\":{\"@id\":\"https:\/\/jornalfatosenoticias.com.br\/index.php\/2023\/06\/05\/a-farra-dos-ministros-de-lula-nos-avioes-da-fab\/\"},\"wordCount\":410,\"commentCount\":0,\"publisher\":{\"@id\":\"https:\/\/jornalfatosenoticias.com.br\/#organization\"},\"image\":{\"@id\":\"https:\/\/jornalfatosenoticias.com.br\/index.php\/2023\/06\/05\/a-farra-dos-ministros-de-lula-nos-avioes-da-fab\/#primaryimage\"},\"thumbnailUrl\":\"https:\/\/jornalfatosenoticias.com.br\/wp-content\/uploads\/2023\/06\/aviao-fab.jpg\",\"keywords\":[\"avi\u00f5es da FAB\",\"FAB\",\"farra com o dinheiro p\u00fablico\",\"governo Lula\"],\"articleSection\":[\"Pol\u00edtica\"],\"inLanguage\":\"pt-BR\",\"potentialAction\":[{\"@type\":\"CommentAction\",\"name\":\"Comment\",\"target\":[\"https:\/\/jornalfatosenoticias.com.br\/index.php\/2023\/06\/05\/a-farra-dos-ministros-de-lula-nos-avioes-da-fab\/#respond\"]}]},{\"@type\":\"WebPage\",\"@id\":\"https:\/\/jornalfatosenoticias.com.br\/index.php\/2023\/06\/05\/a-farra-dos-ministros-de-lula-nos-avioes-da-fab\/\",\"url\":\"https:\/\/jornalfatosenoticias.com.br\/index.php\/2023\/06\/05\/a-farra-dos-ministros-de-lula-nos-avioes-da-fab\/\",\"name\":\"A farra dos ministros de Lula nos avi\u00f5es da FAB - Jornal Fatos e Not\u00edcias\",\"isPartOf\":{\"@id\":\"https:\/\/jornalfatosenoticias.com.br\/#website\"},\"primaryImageOfPage\":{\"@id\":\"https:\/\/jornalfatosenoticias.com.br\/index.php\/2023\/06\/05\/a-farra-dos-ministros-de-lula-nos-avioes-da-fab\/#primaryimage\"},\"image\":{\"@id\":\"https:\/\/jornalfatosenoticias.com.br\/index.php\/2023\/06\/05\/a-farra-dos-ministros-de-lula-nos-avioes-da-fab\/#primaryimage\"},\"thumbnailUrl\":\"https:\/\/jornalfatosenoticias.com.br\/wp-content\/uploads\/2023\/06\/aviao-fab.jpg\",\"datePublished\":\"2023-06-05T17:38:48+00:00\",\"dateModified\":\"2023-06-05T17:38:50+00:00\",\"breadcrumb\":{\"@id\":\"https:\/\/jornalfatosenoticias.com.br\/index.php\/2023\/06\/05\/a-farra-dos-ministros-de-lula-nos-avioes-da-fab\/#breadcrumb\"},\"inLanguage\":\"pt-BR\",\"potentialAction\":[{\"@type\":\"ReadAction\",\"target\":[\"https:\/\/jornalfatosenoticias.com.br\/index.php\/2023\/06\/05\/a-farra-dos-ministros-de-lula-nos-avioes-da-fab\/\"]}]},{\"@type\":\"ImageObject\",\"inLanguage\":\"pt-BR\",\"@id\":\"https:\/\/jornalfatosenoticias.com.br\/index.php\/2023\/06\/05\/a-farra-dos-ministros-de-lula-nos-avioes-da-fab\/#primaryimage\",\"url\":\"https:\/\/jornalfatosenoticias.com.br\/wp-content\/uploads\/2023\/06\/aviao-fab.jpg\",\"contentUrl\":\"https:\/\/jornalfatosenoticias.com.br\/wp-content\/uploads\/2023\/06\/aviao-fab.jpg\",\"width\":960,\"height\":636},{\"@type\":\"BreadcrumbList\",\"@id\":\"https:\/\/jornalfatosenoticias.com.br\/index.php\/2023\/06\/05\/a-farra-dos-ministros-de-lula-nos-avioes-da-fab\/#breadcrumb\",\"itemListElement\":[{\"@type\":\"ListItem\",\"position\":1,\"name\":\"In\u00edcio\",\"item\":\"https:\/\/jornalfatosenoticias.com.br\/\"},{\"@type\":\"ListItem\",\"position\":2,\"name\":\"A farra dos ministros de Lula nos avi\u00f5es da FAB\"}]},{\"@type\":\"WebSite\",\"@id\":\"https:\/\/jornalfatosenoticias.com.br\/#website\",\"url\":\"https:\/\/jornalfatosenoticias.com.br\/\",\"name\":\"Jornal Fatos e Not\u00edcias\",\"description\":\"Not\u00edcias em geral\",\"publisher\":{\"@id\":\"https:\/\/jornalfatosenoticias.com.br\/#organization\"},\"potentialAction\":[{\"@type\":\"SearchAction\",\"target\":{\"@type\":\"EntryPoint\",\"urlTemplate\":\"https:\/\/jornalfatosenoticias.com.br\/?s={search_term_string}\"},\"query-input\":{\"@type\":\"PropertyValueSpecification\",\"valueRequired\":true,\"valueName\":\"search_term_string\"}}],\"inLanguage\":\"pt-BR\"},{\"@type\":\"Organization\",\"@id\":\"https:\/\/jornalfatosenoticias.com.br\/#organization\",\"name\":\"Jornal Fatos e Not\u00edcias\",\"url\":\"https:\/\/jornalfatosenoticias.com.br\/\",\"logo\":{\"@type\":\"ImageObject\",\"inLanguage\":\"pt-BR\",\"@id\":\"https:\/\/jornalfatosenoticias.com.br\/#\/schema\/logo\/image\/\",\"url\":\"https:\/\/jornalfatosenoticias.com.br\/wp-content\/uploads\/2020\/02\/logo120.png\",\"contentUrl\":\"https:\/\/jornalfatosenoticias.com.br\/wp-content\/uploads\/2020\/02\/logo120.png\",\"width\":1227,\"height\":120,\"caption\":\"Jornal Fatos e Not\u00edcias\"},\"image\":{\"@id\":\"https:\/\/jornalfatosenoticias.com.br\/#\/schema\/logo\/image\/\"}},{\"@type\":\"Person\",\"@id\":\"https:\/\/jornalfatosenoticias.com.br\/#\/schema\/person\/d63837fa13ac8666eb9e74e0985d6f81\",\"name\":\"Luzimara Fernandes\",\"image\":{\"@type\":\"ImageObject\",\"inLanguage\":\"pt-BR\",\"@id\":\"https:\/\/jornalfatosenoticias.com.br\/#\/schema\/person\/image\/\",\"url\":\"https:\/\/jornalfatosenoticias.com.br\/wp-content\/uploads\/2025\/05\/EU_portal.jpg\",\"contentUrl\":\"https:\/\/jornalfatosenoticias.com.br\/wp-content\/uploads\/2025\/05\/EU_portal.jpg\",\"caption\":\"Luzimara Fernandes\"},\"description\":\"Jornalista MTB 2358-ES\",\"sameAs\":[\"https:\/\/jornalfatosenoticias.com.br\"],\"url\":\"https:\/\/jornalfatosenoticias.com.br\/index.php\/author\/luzimara\/\"}]}<\/script>\n<!-- \/ Yoast SEO plugin. -->","yoast_head_json":{"title":"A farra dos ministros de Lula nos avi\u00f5es da FAB - Jornal Fatos e Not\u00edcias","robots":{"index":"index","follow":"follow","max-snippet":"max-snippet:-1","max-image-preview":"max-image-preview:large","max-video-preview":"max-video-preview:-1"},"canonical":"https:\/\/jornalfatosenoticias.com.br\/index.php\/2023\/06\/05\/a-farra-dos-ministros-de-lula-nos-avioes-da-fab\/","og_locale":"pt_BR","og_type":"article","og_title":"A farra dos ministros de Lula nos avi\u00f5es da FAB - Jornal Fatos e Not\u00edcias","og_description":"O ministro da Justi\u00e7a e Seguran\u00e7a P\u00fablica, Fl\u00e1vio Dino, \u00e9 o titular que mais tem feito uso das aeronaves oficiais, com nove voos de Bras\u00edlia para o Maranh\u00e3o Por Fernando de Castro Ministros do governo Lula\u00a0est\u00e3o fazendo uso de avi\u00f5es da\u00a0For\u00e7a A\u00e9rea Brasileira (FAB) para passar o fim de semana em suas cidades de origem [&hellip;]","og_url":"https:\/\/jornalfatosenoticias.com.br\/index.php\/2023\/06\/05\/a-farra-dos-ministros-de-lula-nos-avioes-da-fab\/","og_site_name":"Jornal Fatos e Not\u00edcias","article_published_time":"2023-06-05T17:38:48+00:00","article_modified_time":"2023-06-05T17:38:50+00:00","og_image":[{"width":960,"height":636,"url":"https:\/\/jornalfatosenoticias.com.br\/wp-content\/uploads\/2023\/06\/aviao-fab.jpg","type":"image\/jpeg"}],"author":"Luzimara Fernandes","twitter_card":"summary_large_image","twitter_misc":{"Escrito por":"Luzimara Fernandes","Est. tempo de leitura":"2 minutos"},"schema":{"@context":"https:\/\/schema.org","@graph":[{"@type":"Article","@id":"https:\/\/jornalfatosenoticias.com.br\/index.php\/2023\/06\/05\/a-farra-dos-ministros-de-lula-nos-avioes-da-fab\/#article","isPartOf":{"@id":"https:\/\/jornalfatosenoticias.com.br\/index.php\/2023\/06\/05\/a-farra-dos-ministros-de-lula-nos-avioes-da-fab\/"},"author":{"name":"Luzimara Fernandes","@id":"https:\/\/jornalfatosenoticias.com.br\/#\/schema\/person\/d63837fa13ac8666eb9e74e0985d6f81"},"headline":"A farra dos ministros de Lula nos avi\u00f5es da FAB","datePublished":"2023-06-05T17:38:48+00:00","dateModified":"2023-06-05T17:38:50+00:00","mainEntityOfPage":{"@id":"https:\/\/jornalfatosenoticias.com.br\/index.php\/2023\/06\/05\/a-farra-dos-ministros-de-lula-nos-avioes-da-fab\/"},"wordCount":410,"commentCount":0,"publisher":{"@id":"https:\/\/jornalfatosenoticias.com.br\/#organization"},"image":{"@id":"https:\/\/jornalfatosenoticias.com.br\/index.php\/2023\/06\/05\/a-farra-dos-ministros-de-lula-nos-avioes-da-fab\/#primaryimage"},"thumbnailUrl":"https:\/\/jornalfatosenoticias.com.br\/wp-content\/uploads\/2023\/06\/aviao-fab.jpg","keywords":["avi\u00f5es da FAB","FAB","farra com o dinheiro p\u00fablico","governo Lula"],"articleSection":["Pol\u00edtica"],"inLanguage":"pt-BR","potentialAction":[{"@type":"CommentAction","name":"Comment","target":["https:\/\/jornalfatosenoticias.com.br\/index.php\/2023\/06\/05\/a-farra-dos-ministros-de-lula-nos-avioes-da-fab\/#respond"]}]},{"@type":"WebPage","@id":"https:\/\/jornalfatosenoticias.com.br\/index.php\/2023\/06\/05\/a-farra-dos-ministros-de-lula-nos-avioes-da-fab\/","url":"https:\/\/jornalfatosenoticias.com.br\/index.php\/2023\/06\/05\/a-farra-dos-ministros-de-lula-nos-avioes-da-fab\/","name":"A farra dos ministros de Lula nos avi\u00f5es da FAB - Jornal Fatos e Not\u00edcias","isPartOf":{"@id":"https:\/\/jornalfatosenoticias.com.br\/#website"},"primaryImageOfPage":{"@id":"https:\/\/jornalfatosenoticias.com.br\/index.php\/2023\/06\/05\/a-farra-dos-ministros-de-lula-nos-avioes-da-fab\/#primaryimage"},"image":{"@id":"https:\/\/jornalfatosenoticias.com.br\/index.php\/2023\/06\/05\/a-farra-dos-ministros-de-lula-nos-avioes-da-fab\/#primaryimage"},"thumbnailUrl":"https:\/\/jornalfatosenoticias.com.br\/wp-content\/uploads\/2023\/06\/aviao-fab.jpg","datePublished":"2023-06-05T17:38:48+00:00","dateModified":"2023-06-05T17:38:50+00:00","breadcrumb":{"@id":"https:\/\/jornalfatosenoticias.com.br\/index.php\/2023\/06\/05\/a-farra-dos-ministros-de-lula-nos-avioes-da-fab\/#breadcrumb"},"inLanguage":"pt-BR","potentialAction":[{"@type":"ReadAction","target":["https:\/\/jornalfatosenoticias.com.br\/index.php\/2023\/06\/05\/a-farra-dos-ministros-de-lula-nos-avioes-da-fab\/"]}]},{"@type":"ImageObject","inLanguage":"pt-BR","@id":"https:\/\/jornalfatosenoticias.com.br\/index.php\/2023\/06\/05\/a-farra-dos-ministros-de-lula-nos-avioes-da-fab\/#primaryimage","url":"https:\/\/jornalfatosenoticias.com.br\/wp-content\/uploads\/2023\/06\/aviao-fab.jpg","contentUrl":"https:\/\/jornalfatosenoticias.com.br\/wp-content\/uploads\/2023\/06\/aviao-fab.jpg","width":960,"height":636},{"@type":"BreadcrumbList","@id":"https:\/\/jornalfatosenoticias.com.br\/index.php\/2023\/06\/05\/a-farra-dos-ministros-de-lula-nos-avioes-da-fab\/#breadcrumb","itemListElement":[{"@type":"ListItem","position":1,"name":"In\u00edcio","item":"https:\/\/jornalfatosenoticias.com.br\/"},{"@type":"ListItem","position":2,"name":"A farra dos ministros de Lula nos avi\u00f5es da FAB"}]},{"@type":"WebSite","@id":"https:\/\/jornalfatosenoticias.com.br\/#website","url":"https:\/\/jornalfatosenoticias.com.br\/","name":"Jornal Fatos e Not\u00edcias","description":"Not\u00edcias em geral","publisher":{"@id":"https:\/\/jornalfatosenoticias.com.br\/#organization"},"potentialAction":[{"@type":"SearchAction","target":{"@type":"EntryPoint","urlTemplate":"https:\/\/jornalfatosenoticias.com.br\/?s={search_term_string}"},"query-input":{"@type":"PropertyValueSpecification","valueRequired":true,"valueName":"search_term_string"}}],"inLanguage":"pt-BR"},{"@type":"Organization","@id":"https:\/\/jornalfatosenoticias.com.br\/#organization","name":"Jornal Fatos e Not\u00edcias","url":"https:\/\/jornalfatosenoticias.com.br\/","logo":{"@type":"ImageObject","inLanguage":"pt-BR","@id":"https:\/\/jornalfatosenoticias.com.br\/#\/schema\/logo\/image\/","url":"https:\/\/jornalfatosenoticias.com.br\/wp-content\/uploads\/2020\/02\/logo120.png","contentUrl":"https:\/\/jornalfatosenoticias.com.br\/wp-content\/uploads\/2020\/02\/logo120.png","width":1227,"height":120,"caption":"Jornal Fatos e Not\u00edcias"},"image":{"@id":"https:\/\/jornalfatosenoticias.com.br\/#\/schema\/logo\/image\/"}},{"@type":"Person","@id":"https:\/\/jornalfatosenoticias.com.br\/#\/schema\/person\/d63837fa13ac8666eb9e74e0985d6f81","name":"Luzimara Fernandes","image":{"@type":"ImageObject","inLanguage":"pt-BR","@id":"https:\/\/jornalfatosenoticias.com.br\/#\/schema\/person\/image\/","url":"https:\/\/jornalfatosenoticias.com.br\/wp-content\/uploads\/2025\/05\/EU_portal.jpg","contentUrl":"https:\/\/jornalfatosenoticias.com.br\/wp-content\/uploads\/2025\/05\/EU_portal.jpg","caption":"Luzimara Fernandes"},"description":"Jornalista MTB 2358-ES","sameAs":["https:\/\/jornalfatosenoticias.com.br"],"url":"https:\/\/jornalfatosenoticias.com.br\/index.php\/author\/luzimara\/"}]}},"cc_featured_image_caption":{"caption_text":"(Foto: Ag\u00eancia Senado)","source_text":"","source_url":""},"jetpack_featured_media_url":"https:\/\/jornalfatosenoticias.com.br\/wp-content\/uploads\/2023\/06\/aviao-fab.jpg","_links":{"self":[{"href":"https:\/\/jornalfatosenoticias.com.br\/index.php\/wp-json\/wp\/v2\/posts\/42093","targetHints":{"allow":["GET"]}}],"collection":[{"href":"https:\/\/jornalfatosenoticias.com.br\/index.php\/wp-json\/wp\/v2\/posts"}],"about":[{"href":"https:\/\/jornalfatosenoticias.com.br\/index.php\/wp-json\/wp\/v2\/types\/post"}],"author":[{"embeddable":true,"href":"https:\/\/jornalfatosenoticias.com.br\/index.php\/wp-json\/wp\/v2\/users\/2"}],"replies":[{"embeddable":true,"href":"https:\/\/jornalfatosenoticias.com.br\/index.php\/wp-json\/wp\/v2\/comments?post=42093"}],"version-history":[{"count":0,"href":"https:\/\/jornalfatosenoticias.com.br\/index.php\/wp-json\/wp\/v2\/posts\/42093\/revisions"}],"wp:featuredmedia":[{"embeddable":true,"href":"https:\/\/jornalfatosenoticias.com.br\/index.php\/wp-json\/wp\/v2\/media\/42094"}],"wp:attachment":[{"href":"https:\/\/jornalfatosenoticias.com.br\/index.php\/wp-json\/wp\/v2\/media?parent=42093"}],"wp:term":[{"taxonomy":"category","embeddable":true,"href":"https:\/\/jornalfatosenoticias.com.br\/index.php\/wp-json\/wp\/v2\/categories?post=42093"},{"taxonomy":"post_tag","embeddable":true,"href":"https:\/\/jornalfatosenoticias.com.br\/index.php\/wp-json\/wp\/v2\/tags?post=42093"}],"curies":[{"name":"wp","href":"https:\/\/api.w.org\/{rel}","templated":true}]}}