{"id":4210,"date":"2020-05-07T17:57:22","date_gmt":"2020-05-07T20:57:22","guid":{"rendered":"https:\/\/jornalfatosenoticias.com.br\/?p=4210"},"modified":"2020-05-07T17:57:27","modified_gmt":"2020-05-07T20:57:27","slug":"siria-e-brasil-sonhos-apagados-na-infancia-e-adolescencia","status":"publish","type":"post","link":"https:\/\/jornalfatosenoticias.com.br\/index.php\/2020\/05\/07\/siria-e-brasil-sonhos-apagados-na-infancia-e-adolescencia\/","title":{"rendered":"S\u00edria e Brasil: sonhos apagados na inf\u00e2ncia e adolesc\u00eancia"},"content":{"rendered":"\n<h6 class=\"wp-block-heading\"><em>Mais de quatro milh\u00f5es de meninas e meninos s\u00edrios e brasileiros n\u00e3o frequentam a escola. Com realidades distintas, o fato \u00e9 que governos e sociedades devem mobilizar-se nessa causa<\/em><\/h6>\n\n\n\n<p>O \u00faltimo relat\u00f3rio da Comiss\u00e3o de Inqu\u00e9rito da ONU sobre a S\u00edria, rec\u00e9m-divulgado, apresenta resultados danosos para a inf\u00e2ncia e a adolesc\u00eancia do Pa\u00eds, desabonador para as for\u00e7as envolvidas numa guerra de nove anos e constrangedor para a civiliza\u00e7\u00e3o global, que ainda n\u00e3o conseguiu estabelecer a paz entre os povos. O conflito, como enfatiza o documento, roubou a inf\u00e2ncia de meninos e meninas e os sujeitou a graves viola\u00e7\u00f5es de direitos e \u00e0 viol\u00eancia, incluindo assassinatos, mutila\u00e7\u00f5es, deslocamentos, recrutamentos for\u00e7ados, tortura, estupro e escravid\u00e3o sexual.<br>\u00c9 lament\u00e1vel que as partes beligerantes sequer respeitem as leis da guerra e a Conven\u00e7\u00e3o dos Direitos da Crian\u00e7a. O governo \u00e9 respons\u00e1vel pela prote\u00e7\u00e3o de meninos e meninas, mas todos os atores do confronto tamb\u00e9m devem zelar por eles nas \u00e1reas territoriais sob seu dom\u00ednio. A saber, o relat\u00f3rio da ONU define com precis\u00e3o a neglig\u00eancia e a trucul\u00eancia contra a inf\u00e2ncia e a adolesc\u00eancia, a come\u00e7ar por seu t\u00edtulo: \u201cEles apagaram os sonhos dos meus filhos\u201d. Trata-se de refer\u00eancia relativa \u00e0 entrevista com uma mulher, sobre os ataques \u00e0 sua aldeia, em Idlib, cidade do Noroeste da S\u00edria.<br>Ali\u00e1s, \u00e9 chocante observar no estudo, no qual foram ouvidas mais de cinco mil pessoas, os relatos de bombas termob\u00e1ricas, com efeito devastador, e armas qu\u00edmicas. Mulheres e meninas sofrem viol\u00eancia sexual. Sob o imp\u00e9rio do medo, muitas s\u00e3o confinadas em suas casas, removidas da escola ou enfrentam obst\u00e1culos para acessar os servi\u00e7os de sa\u00fade. Meninos, principalmente aqueles com mais de 12 anos, s\u00e3o presos, mantidos em centros de deten\u00e7\u00e3o e recrutados por grupos armados e mil\u00edcias. Os combatentes de 14 a 17 anos est\u00e3o nas linhas de frente das batalhas. Assim tamb\u00e9m, \u00e9 estarrecedor o impacto da guerra s\u00edria na educa\u00e7\u00e3o, com mais de 2,1 milh\u00f5es de crian\u00e7as n\u00e3o frequentando regularmente as aulas.<\/p>\n\n\n\n<figure class=\"wp-block-image size-large\"><img loading=\"lazy\" decoding=\"async\" width=\"1000\" height=\"659\" src=\"https:\/\/jornalfatosenoticias.com.br\/wp-content\/uploads\/2020\/05\/infancia-abandonada.jpg\" alt=\"\" class=\"wp-image-4211\" srcset=\"https:\/\/jornalfatosenoticias.com.br\/wp-content\/uploads\/2020\/05\/infancia-abandonada.jpg 1000w, https:\/\/jornalfatosenoticias.com.br\/wp-content\/uploads\/2020\/05\/infancia-abandonada-300x198.jpg 300w, https:\/\/jornalfatosenoticias.com.br\/wp-content\/uploads\/2020\/05\/infancia-abandonada-768x506.jpg 768w\" sizes=\"auto, (max-width: 1000px) 100vw, 1000px\" \/><figcaption><em>Crian\u00e7as s\u00e3o as mais atingidas, pois, nos locais mais pobres, a taxa de fertilidade \u00e9 maior (Foto: Rodrigo Nunes\/Esp. CB\/D.A Press)<\/em><\/figcaption><\/figure>\n\n\n\n<p>No Brasil, infelizmente, h\u00e1 uma situa\u00e7\u00e3o an\u00e1loga. Guardadas as devidas propor\u00e7\u00f5es, \u00e9 grande o n\u00famero de meninos e meninas submetidos ao recrutamento do crime organizado, expostos \u00e0 viol\u00eancia em numerosas comunidades e alijados do direito \u00e0 educa\u00e7\u00e3o. Segundo o IBGE, mais de dois milh\u00f5es de crian\u00e7as e adolescentes no Pa\u00eds est\u00e3o fora das salas de aula. Nesse sentido, o contingente equivale a 5% da popula\u00e7\u00e3o nessa faixa et\u00e1ria. Al\u00e9m disso, auditoria do Tribunal de Contas da Uni\u00e3o (TCU) mostra que quase metade dos 800 munic\u00edpios pesquisados n\u00e3o adota medida alguma para acabar com a exclus\u00e3o escolar.<br>Os resultados s\u00e3o graves e se refletem na sociedade, como se constata em dados divulgados pela Pnad Cont\u00ednua \u2013 Suplemento Educa\u00e7\u00e3o, tamb\u00e9m do IBGE: 11 milh\u00f5es de jovens brasileiros de 15 a 29 anos n\u00e3o est\u00e3o ocupados no mercado de trabalho e nem estudando ou se qualificando. Em resumo, o grupo representa 23% dos habitantes nessa faixa et\u00e1ria. Portanto, outro problema \u00e9 a baixa qualidade do ensino, evidenciada pelo desempenho do Brasil no \u00faltimo Programa Internacional de Avalia\u00e7\u00e3o de Estudantes (Pisa): nossos jovens continuam entre os \u00faltimos dez colocados em matem\u00e1tica; em leitura, estamos atr\u00e1s de 50 pa\u00edses; e em ci\u00eancia, perdemos para 65. Detalhe: s\u00e3o 80 na\u00e7\u00f5es participantes.<\/p>\n\n\n\n<figure class=\"wp-block-image size-large\"><img loading=\"lazy\" decoding=\"async\" width=\"1000\" height=\"665\" src=\"https:\/\/jornalfatosenoticias.com.br\/wp-content\/uploads\/2020\/05\/infancia-siria-brasil-educacao.jpg\" alt=\"\" class=\"wp-image-4212\" srcset=\"https:\/\/jornalfatosenoticias.com.br\/wp-content\/uploads\/2020\/05\/infancia-siria-brasil-educacao.jpg 1000w, https:\/\/jornalfatosenoticias.com.br\/wp-content\/uploads\/2020\/05\/infancia-siria-brasil-educacao-300x200.jpg 300w, https:\/\/jornalfatosenoticias.com.br\/wp-content\/uploads\/2020\/05\/infancia-siria-brasil-educacao-768x511.jpg 768w\" sizes=\"auto, (max-width: 1000px) 100vw, 1000px\" \/><figcaption><em>Em pleno s\u00e9culo XXI, inf\u00e2ncia e adolesc\u00eancia ainda s\u00e3o negadas (Foto: Shutterstock)<\/em><\/figcaption><\/figure>\n\n\n\n<p>Al\u00e9m de integrarmos os esfor\u00e7os da diplomacia global para pacificar a S\u00edria e outros povos em situa\u00e7\u00e3o de guerra, \u00e9 priorit\u00e1rio proteger nossas crian\u00e7as e adolescentes e lhes garantir o direito \u00e0 educa\u00e7\u00e3o de qualidade, fundamental para mudar seus destinos. Sendo assim, governos, fam\u00edlias e toda a sociedade devem mobilizar-se nessa causa. Caso contr\u00e1rio, tamb\u00e9m continuaremos apagando os sonhos de parcela expressiva da inf\u00e2ncia e da juventude de nosso Pa\u00eds.<\/p>\n\n\n\n<p><strong><em>Fonte: <a href=\"https:\/\/revistaeducacao.com.br\/2020\/04\/30\/infancia-adolescencia-siria-brasil\/\">Revista Educa\u00e7\u00e3o<\/a><\/em><\/strong><\/p>\n","protected":false},"excerpt":{"rendered":"<p>Mais de quatro milh\u00f5es de meninas e meninos s\u00edrios e brasileiros n\u00e3o frequentam a escola. Com realidades distintas, o fato \u00e9 que governos e sociedades devem mobilizar-se nessa causa O \u00faltimo relat\u00f3rio da Comiss\u00e3o de Inqu\u00e9rito da ONU sobre a S\u00edria, rec\u00e9m-divulgado, apresenta resultados danosos para a inf\u00e2ncia e a adolesc\u00eancia do Pa\u00eds, desabonador para [&hellip;]<\/p>\n","protected":false},"author":2,"featured_media":4213,"comment_status":"open","ping_status":"open","sticky":false,"template":"","format":"standard","meta":{"footnotes":""},"categories":[7],"tags":[2478,670,410,2477,648,1202,2479],"class_list":["post-4210","post","type-post","status-publish","format-standard","has-post-thumbnail","hentry","category-educacao","tag-conflito","tag-criancas","tag-escola","tag-infancia-negligenciada","tag-onu","tag-pobreza","tag-violencia"],"yoast_head":"<!-- This site is optimized with the Yoast SEO plugin v26.5 - https:\/\/yoast.com\/wordpress\/plugins\/seo\/ -->\n<title>S\u00edria e Brasil: sonhos apagados na inf\u00e2ncia e adolesc\u00eancia - Jornal Fatos e Not\u00edcias<\/title>\n<meta name=\"robots\" content=\"index, follow, max-snippet:-1, max-image-preview:large, max-video-preview:-1\" \/>\n<link rel=\"canonical\" href=\"https:\/\/jornalfatosenoticias.com.br\/index.php\/2020\/05\/07\/siria-e-brasil-sonhos-apagados-na-infancia-e-adolescencia\/\" \/>\n<meta property=\"og:locale\" content=\"pt_BR\" \/>\n<meta property=\"og:type\" content=\"article\" \/>\n<meta property=\"og:title\" content=\"S\u00edria e Brasil: sonhos apagados na inf\u00e2ncia e adolesc\u00eancia - Jornal Fatos e Not\u00edcias\" \/>\n<meta property=\"og:description\" content=\"Mais de quatro milh\u00f5es de meninas e meninos s\u00edrios e brasileiros n\u00e3o frequentam a escola. Com realidades distintas, o fato \u00e9 que governos e sociedades devem mobilizar-se nessa causa O \u00faltimo relat\u00f3rio da Comiss\u00e3o de Inqu\u00e9rito da ONU sobre a S\u00edria, rec\u00e9m-divulgado, apresenta resultados danosos para a inf\u00e2ncia e a adolesc\u00eancia do Pa\u00eds, desabonador para [&hellip;]\" \/>\n<meta property=\"og:url\" content=\"https:\/\/jornalfatosenoticias.com.br\/index.php\/2020\/05\/07\/siria-e-brasil-sonhos-apagados-na-infancia-e-adolescencia\/\" \/>\n<meta property=\"og:site_name\" content=\"Jornal Fatos e Not\u00edcias\" \/>\n<meta property=\"article:published_time\" content=\"2020-05-07T20:57:22+00:00\" \/>\n<meta property=\"article:modified_time\" content=\"2020-05-07T20:57:27+00:00\" \/>\n<meta property=\"og:image\" content=\"https:\/\/jornalfatosenoticias.com.br\/wp-content\/uploads\/2020\/05\/crian\u00e7as-lendo-no-lixo.jpg\" \/>\n\t<meta property=\"og:image:width\" content=\"865\" \/>\n\t<meta property=\"og:image:height\" content=\"631\" \/>\n\t<meta property=\"og:image:type\" content=\"image\/jpeg\" \/>\n<meta name=\"author\" content=\"Luzimara Fernandes\" \/>\n<meta name=\"twitter:card\" content=\"summary_large_image\" \/>\n<meta name=\"twitter:label1\" content=\"Escrito por\" \/>\n\t<meta name=\"twitter:data1\" content=\"Luzimara Fernandes\" \/>\n\t<meta name=\"twitter:label2\" content=\"Est. tempo de leitura\" \/>\n\t<meta name=\"twitter:data2\" content=\"4 minutos\" \/>\n<script type=\"application\/ld+json\" class=\"yoast-schema-graph\">{\"@context\":\"https:\/\/schema.org\",\"@graph\":[{\"@type\":\"Article\",\"@id\":\"https:\/\/jornalfatosenoticias.com.br\/index.php\/2020\/05\/07\/siria-e-brasil-sonhos-apagados-na-infancia-e-adolescencia\/#article\",\"isPartOf\":{\"@id\":\"https:\/\/jornalfatosenoticias.com.br\/index.php\/2020\/05\/07\/siria-e-brasil-sonhos-apagados-na-infancia-e-adolescencia\/\"},\"author\":{\"name\":\"Luzimara Fernandes\",\"@id\":\"https:\/\/jornalfatosenoticias.com.br\/#\/schema\/person\/d63837fa13ac8666eb9e74e0985d6f81\"},\"headline\":\"S\u00edria e Brasil: sonhos apagados na inf\u00e2ncia e adolesc\u00eancia\",\"datePublished\":\"2020-05-07T20:57:22+00:00\",\"dateModified\":\"2020-05-07T20:57:27+00:00\",\"mainEntityOfPage\":{\"@id\":\"https:\/\/jornalfatosenoticias.com.br\/index.php\/2020\/05\/07\/siria-e-brasil-sonhos-apagados-na-infancia-e-adolescencia\/\"},\"wordCount\":732,\"commentCount\":0,\"publisher\":{\"@id\":\"https:\/\/jornalfatosenoticias.com.br\/#organization\"},\"image\":{\"@id\":\"https:\/\/jornalfatosenoticias.com.br\/index.php\/2020\/05\/07\/siria-e-brasil-sonhos-apagados-na-infancia-e-adolescencia\/#primaryimage\"},\"thumbnailUrl\":\"https:\/\/jornalfatosenoticias.com.br\/wp-content\/uploads\/2020\/05\/crian\u00e7as-lendo-no-lixo.jpg\",\"keywords\":[\"conflito\",\"crian\u00e7as\",\"escola\",\"inf\u00e2ncia negligenciada\",\"ONU\",\"pobreza\",\"viol\u00eancia\"],\"articleSection\":[\"Educa\u00e7\u00e3o\"],\"inLanguage\":\"pt-BR\",\"potentialAction\":[{\"@type\":\"CommentAction\",\"name\":\"Comment\",\"target\":[\"https:\/\/jornalfatosenoticias.com.br\/index.php\/2020\/05\/07\/siria-e-brasil-sonhos-apagados-na-infancia-e-adolescencia\/#respond\"]}]},{\"@type\":\"WebPage\",\"@id\":\"https:\/\/jornalfatosenoticias.com.br\/index.php\/2020\/05\/07\/siria-e-brasil-sonhos-apagados-na-infancia-e-adolescencia\/\",\"url\":\"https:\/\/jornalfatosenoticias.com.br\/index.php\/2020\/05\/07\/siria-e-brasil-sonhos-apagados-na-infancia-e-adolescencia\/\",\"name\":\"S\u00edria e Brasil: sonhos apagados na inf\u00e2ncia e adolesc\u00eancia - Jornal Fatos e Not\u00edcias\",\"isPartOf\":{\"@id\":\"https:\/\/jornalfatosenoticias.com.br\/#website\"},\"primaryImageOfPage\":{\"@id\":\"https:\/\/jornalfatosenoticias.com.br\/index.php\/2020\/05\/07\/siria-e-brasil-sonhos-apagados-na-infancia-e-adolescencia\/#primaryimage\"},\"image\":{\"@id\":\"https:\/\/jornalfatosenoticias.com.br\/index.php\/2020\/05\/07\/siria-e-brasil-sonhos-apagados-na-infancia-e-adolescencia\/#primaryimage\"},\"thumbnailUrl\":\"https:\/\/jornalfatosenoticias.com.br\/wp-content\/uploads\/2020\/05\/crian\u00e7as-lendo-no-lixo.jpg\",\"datePublished\":\"2020-05-07T20:57:22+00:00\",\"dateModified\":\"2020-05-07T20:57:27+00:00\",\"breadcrumb\":{\"@id\":\"https:\/\/jornalfatosenoticias.com.br\/index.php\/2020\/05\/07\/siria-e-brasil-sonhos-apagados-na-infancia-e-adolescencia\/#breadcrumb\"},\"inLanguage\":\"pt-BR\",\"potentialAction\":[{\"@type\":\"ReadAction\",\"target\":[\"https:\/\/jornalfatosenoticias.com.br\/index.php\/2020\/05\/07\/siria-e-brasil-sonhos-apagados-na-infancia-e-adolescencia\/\"]}]},{\"@type\":\"ImageObject\",\"inLanguage\":\"pt-BR\",\"@id\":\"https:\/\/jornalfatosenoticias.com.br\/index.php\/2020\/05\/07\/siria-e-brasil-sonhos-apagados-na-infancia-e-adolescencia\/#primaryimage\",\"url\":\"https:\/\/jornalfatosenoticias.com.br\/wp-content\/uploads\/2020\/05\/crian\u00e7as-lendo-no-lixo.jpg\",\"contentUrl\":\"https:\/\/jornalfatosenoticias.com.br\/wp-content\/uploads\/2020\/05\/crian\u00e7as-lendo-no-lixo.jpg\",\"width\":865,\"height\":631},{\"@type\":\"BreadcrumbList\",\"@id\":\"https:\/\/jornalfatosenoticias.com.br\/index.php\/2020\/05\/07\/siria-e-brasil-sonhos-apagados-na-infancia-e-adolescencia\/#breadcrumb\",\"itemListElement\":[{\"@type\":\"ListItem\",\"position\":1,\"name\":\"In\u00edcio\",\"item\":\"https:\/\/jornalfatosenoticias.com.br\/\"},{\"@type\":\"ListItem\",\"position\":2,\"name\":\"S\u00edria e Brasil: sonhos apagados na inf\u00e2ncia e adolesc\u00eancia\"}]},{\"@type\":\"WebSite\",\"@id\":\"https:\/\/jornalfatosenoticias.com.br\/#website\",\"url\":\"https:\/\/jornalfatosenoticias.com.br\/\",\"name\":\"Jornal Fatos e Not\u00edcias\",\"description\":\"Not\u00edcias em geral\",\"publisher\":{\"@id\":\"https:\/\/jornalfatosenoticias.com.br\/#organization\"},\"potentialAction\":[{\"@type\":\"SearchAction\",\"target\":{\"@type\":\"EntryPoint\",\"urlTemplate\":\"https:\/\/jornalfatosenoticias.com.br\/?s={search_term_string}\"},\"query-input\":{\"@type\":\"PropertyValueSpecification\",\"valueRequired\":true,\"valueName\":\"search_term_string\"}}],\"inLanguage\":\"pt-BR\"},{\"@type\":\"Organization\",\"@id\":\"https:\/\/jornalfatosenoticias.com.br\/#organization\",\"name\":\"Jornal Fatos e Not\u00edcias\",\"url\":\"https:\/\/jornalfatosenoticias.com.br\/\",\"logo\":{\"@type\":\"ImageObject\",\"inLanguage\":\"pt-BR\",\"@id\":\"https:\/\/jornalfatosenoticias.com.br\/#\/schema\/logo\/image\/\",\"url\":\"https:\/\/jornalfatosenoticias.com.br\/wp-content\/uploads\/2020\/02\/logo120.png\",\"contentUrl\":\"https:\/\/jornalfatosenoticias.com.br\/wp-content\/uploads\/2020\/02\/logo120.png\",\"width\":1227,\"height\":120,\"caption\":\"Jornal Fatos e Not\u00edcias\"},\"image\":{\"@id\":\"https:\/\/jornalfatosenoticias.com.br\/#\/schema\/logo\/image\/\"}},{\"@type\":\"Person\",\"@id\":\"https:\/\/jornalfatosenoticias.com.br\/#\/schema\/person\/d63837fa13ac8666eb9e74e0985d6f81\",\"name\":\"Luzimara Fernandes\",\"image\":{\"@type\":\"ImageObject\",\"inLanguage\":\"pt-BR\",\"@id\":\"https:\/\/jornalfatosenoticias.com.br\/#\/schema\/person\/image\/\",\"url\":\"https:\/\/jornalfatosenoticias.com.br\/wp-content\/uploads\/2025\/05\/EU_portal.jpg\",\"contentUrl\":\"https:\/\/jornalfatosenoticias.com.br\/wp-content\/uploads\/2025\/05\/EU_portal.jpg\",\"caption\":\"Luzimara Fernandes\"},\"description\":\"Jornalista MTB 2358-ES\",\"sameAs\":[\"https:\/\/jornalfatosenoticias.com.br\"],\"url\":\"https:\/\/jornalfatosenoticias.com.br\/index.php\/author\/luzimara\/\"}]}<\/script>\n<!-- \/ Yoast SEO plugin. -->","yoast_head_json":{"title":"S\u00edria e Brasil: sonhos apagados na inf\u00e2ncia e adolesc\u00eancia - Jornal Fatos e Not\u00edcias","robots":{"index":"index","follow":"follow","max-snippet":"max-snippet:-1","max-image-preview":"max-image-preview:large","max-video-preview":"max-video-preview:-1"},"canonical":"https:\/\/jornalfatosenoticias.com.br\/index.php\/2020\/05\/07\/siria-e-brasil-sonhos-apagados-na-infancia-e-adolescencia\/","og_locale":"pt_BR","og_type":"article","og_title":"S\u00edria e Brasil: sonhos apagados na inf\u00e2ncia e adolesc\u00eancia - Jornal Fatos e Not\u00edcias","og_description":"Mais de quatro milh\u00f5es de meninas e meninos s\u00edrios e brasileiros n\u00e3o frequentam a escola. Com realidades distintas, o fato \u00e9 que governos e sociedades devem mobilizar-se nessa causa O \u00faltimo relat\u00f3rio da Comiss\u00e3o de Inqu\u00e9rito da ONU sobre a S\u00edria, rec\u00e9m-divulgado, apresenta resultados danosos para a inf\u00e2ncia e a adolesc\u00eancia do Pa\u00eds, desabonador para [&hellip;]","og_url":"https:\/\/jornalfatosenoticias.com.br\/index.php\/2020\/05\/07\/siria-e-brasil-sonhos-apagados-na-infancia-e-adolescencia\/","og_site_name":"Jornal Fatos e Not\u00edcias","article_published_time":"2020-05-07T20:57:22+00:00","article_modified_time":"2020-05-07T20:57:27+00:00","og_image":[{"width":865,"height":631,"url":"https:\/\/jornalfatosenoticias.com.br\/wp-content\/uploads\/2020\/05\/crian\u00e7as-lendo-no-lixo.jpg","type":"image\/jpeg"}],"author":"Luzimara Fernandes","twitter_card":"summary_large_image","twitter_misc":{"Escrito por":"Luzimara Fernandes","Est. tempo de leitura":"4 minutos"},"schema":{"@context":"https:\/\/schema.org","@graph":[{"@type":"Article","@id":"https:\/\/jornalfatosenoticias.com.br\/index.php\/2020\/05\/07\/siria-e-brasil-sonhos-apagados-na-infancia-e-adolescencia\/#article","isPartOf":{"@id":"https:\/\/jornalfatosenoticias.com.br\/index.php\/2020\/05\/07\/siria-e-brasil-sonhos-apagados-na-infancia-e-adolescencia\/"},"author":{"name":"Luzimara Fernandes","@id":"https:\/\/jornalfatosenoticias.com.br\/#\/schema\/person\/d63837fa13ac8666eb9e74e0985d6f81"},"headline":"S\u00edria e Brasil: sonhos apagados na inf\u00e2ncia e adolesc\u00eancia","datePublished":"2020-05-07T20:57:22+00:00","dateModified":"2020-05-07T20:57:27+00:00","mainEntityOfPage":{"@id":"https:\/\/jornalfatosenoticias.com.br\/index.php\/2020\/05\/07\/siria-e-brasil-sonhos-apagados-na-infancia-e-adolescencia\/"},"wordCount":732,"commentCount":0,"publisher":{"@id":"https:\/\/jornalfatosenoticias.com.br\/#organization"},"image":{"@id":"https:\/\/jornalfatosenoticias.com.br\/index.php\/2020\/05\/07\/siria-e-brasil-sonhos-apagados-na-infancia-e-adolescencia\/#primaryimage"},"thumbnailUrl":"https:\/\/jornalfatosenoticias.com.br\/wp-content\/uploads\/2020\/05\/crian\u00e7as-lendo-no-lixo.jpg","keywords":["conflito","crian\u00e7as","escola","inf\u00e2ncia negligenciada","ONU","pobreza","viol\u00eancia"],"articleSection":["Educa\u00e7\u00e3o"],"inLanguage":"pt-BR","potentialAction":[{"@type":"CommentAction","name":"Comment","target":["https:\/\/jornalfatosenoticias.com.br\/index.php\/2020\/05\/07\/siria-e-brasil-sonhos-apagados-na-infancia-e-adolescencia\/#respond"]}]},{"@type":"WebPage","@id":"https:\/\/jornalfatosenoticias.com.br\/index.php\/2020\/05\/07\/siria-e-brasil-sonhos-apagados-na-infancia-e-adolescencia\/","url":"https:\/\/jornalfatosenoticias.com.br\/index.php\/2020\/05\/07\/siria-e-brasil-sonhos-apagados-na-infancia-e-adolescencia\/","name":"S\u00edria e Brasil: sonhos apagados na inf\u00e2ncia e adolesc\u00eancia - Jornal Fatos e Not\u00edcias","isPartOf":{"@id":"https:\/\/jornalfatosenoticias.com.br\/#website"},"primaryImageOfPage":{"@id":"https:\/\/jornalfatosenoticias.com.br\/index.php\/2020\/05\/07\/siria-e-brasil-sonhos-apagados-na-infancia-e-adolescencia\/#primaryimage"},"image":{"@id":"https:\/\/jornalfatosenoticias.com.br\/index.php\/2020\/05\/07\/siria-e-brasil-sonhos-apagados-na-infancia-e-adolescencia\/#primaryimage"},"thumbnailUrl":"https:\/\/jornalfatosenoticias.com.br\/wp-content\/uploads\/2020\/05\/crian\u00e7as-lendo-no-lixo.jpg","datePublished":"2020-05-07T20:57:22+00:00","dateModified":"2020-05-07T20:57:27+00:00","breadcrumb":{"@id":"https:\/\/jornalfatosenoticias.com.br\/index.php\/2020\/05\/07\/siria-e-brasil-sonhos-apagados-na-infancia-e-adolescencia\/#breadcrumb"},"inLanguage":"pt-BR","potentialAction":[{"@type":"ReadAction","target":["https:\/\/jornalfatosenoticias.com.br\/index.php\/2020\/05\/07\/siria-e-brasil-sonhos-apagados-na-infancia-e-adolescencia\/"]}]},{"@type":"ImageObject","inLanguage":"pt-BR","@id":"https:\/\/jornalfatosenoticias.com.br\/index.php\/2020\/05\/07\/siria-e-brasil-sonhos-apagados-na-infancia-e-adolescencia\/#primaryimage","url":"https:\/\/jornalfatosenoticias.com.br\/wp-content\/uploads\/2020\/05\/crian\u00e7as-lendo-no-lixo.jpg","contentUrl":"https:\/\/jornalfatosenoticias.com.br\/wp-content\/uploads\/2020\/05\/crian\u00e7as-lendo-no-lixo.jpg","width":865,"height":631},{"@type":"BreadcrumbList","@id":"https:\/\/jornalfatosenoticias.com.br\/index.php\/2020\/05\/07\/siria-e-brasil-sonhos-apagados-na-infancia-e-adolescencia\/#breadcrumb","itemListElement":[{"@type":"ListItem","position":1,"name":"In\u00edcio","item":"https:\/\/jornalfatosenoticias.com.br\/"},{"@type":"ListItem","position":2,"name":"S\u00edria e Brasil: sonhos apagados na inf\u00e2ncia e adolesc\u00eancia"}]},{"@type":"WebSite","@id":"https:\/\/jornalfatosenoticias.com.br\/#website","url":"https:\/\/jornalfatosenoticias.com.br\/","name":"Jornal Fatos e Not\u00edcias","description":"Not\u00edcias em geral","publisher":{"@id":"https:\/\/jornalfatosenoticias.com.br\/#organization"},"potentialAction":[{"@type":"SearchAction","target":{"@type":"EntryPoint","urlTemplate":"https:\/\/jornalfatosenoticias.com.br\/?s={search_term_string}"},"query-input":{"@type":"PropertyValueSpecification","valueRequired":true,"valueName":"search_term_string"}}],"inLanguage":"pt-BR"},{"@type":"Organization","@id":"https:\/\/jornalfatosenoticias.com.br\/#organization","name":"Jornal Fatos e Not\u00edcias","url":"https:\/\/jornalfatosenoticias.com.br\/","logo":{"@type":"ImageObject","inLanguage":"pt-BR","@id":"https:\/\/jornalfatosenoticias.com.br\/#\/schema\/logo\/image\/","url":"https:\/\/jornalfatosenoticias.com.br\/wp-content\/uploads\/2020\/02\/logo120.png","contentUrl":"https:\/\/jornalfatosenoticias.com.br\/wp-content\/uploads\/2020\/02\/logo120.png","width":1227,"height":120,"caption":"Jornal Fatos e Not\u00edcias"},"image":{"@id":"https:\/\/jornalfatosenoticias.com.br\/#\/schema\/logo\/image\/"}},{"@type":"Person","@id":"https:\/\/jornalfatosenoticias.com.br\/#\/schema\/person\/d63837fa13ac8666eb9e74e0985d6f81","name":"Luzimara Fernandes","image":{"@type":"ImageObject","inLanguage":"pt-BR","@id":"https:\/\/jornalfatosenoticias.com.br\/#\/schema\/person\/image\/","url":"https:\/\/jornalfatosenoticias.com.br\/wp-content\/uploads\/2025\/05\/EU_portal.jpg","contentUrl":"https:\/\/jornalfatosenoticias.com.br\/wp-content\/uploads\/2025\/05\/EU_portal.jpg","caption":"Luzimara Fernandes"},"description":"Jornalista MTB 2358-ES","sameAs":["https:\/\/jornalfatosenoticias.com.br"],"url":"https:\/\/jornalfatosenoticias.com.br\/index.php\/author\/luzimara\/"}]}},"cc_featured_image_caption":{"caption_text":"Crian\u00e7as (Foto: Peu Ricardo\/DP)","source_text":"","source_url":""},"jetpack_featured_media_url":"https:\/\/jornalfatosenoticias.com.br\/wp-content\/uploads\/2020\/05\/crian\u00e7as-lendo-no-lixo.jpg","_links":{"self":[{"href":"https:\/\/jornalfatosenoticias.com.br\/index.php\/wp-json\/wp\/v2\/posts\/4210","targetHints":{"allow":["GET"]}}],"collection":[{"href":"https:\/\/jornalfatosenoticias.com.br\/index.php\/wp-json\/wp\/v2\/posts"}],"about":[{"href":"https:\/\/jornalfatosenoticias.com.br\/index.php\/wp-json\/wp\/v2\/types\/post"}],"author":[{"embeddable":true,"href":"https:\/\/jornalfatosenoticias.com.br\/index.php\/wp-json\/wp\/v2\/users\/2"}],"replies":[{"embeddable":true,"href":"https:\/\/jornalfatosenoticias.com.br\/index.php\/wp-json\/wp\/v2\/comments?post=4210"}],"version-history":[{"count":0,"href":"https:\/\/jornalfatosenoticias.com.br\/index.php\/wp-json\/wp\/v2\/posts\/4210\/revisions"}],"wp:featuredmedia":[{"embeddable":true,"href":"https:\/\/jornalfatosenoticias.com.br\/index.php\/wp-json\/wp\/v2\/media\/4213"}],"wp:attachment":[{"href":"https:\/\/jornalfatosenoticias.com.br\/index.php\/wp-json\/wp\/v2\/media?parent=4210"}],"wp:term":[{"taxonomy":"category","embeddable":true,"href":"https:\/\/jornalfatosenoticias.com.br\/index.php\/wp-json\/wp\/v2\/categories?post=4210"},{"taxonomy":"post_tag","embeddable":true,"href":"https:\/\/jornalfatosenoticias.com.br\/index.php\/wp-json\/wp\/v2\/tags?post=4210"}],"curies":[{"name":"wp","href":"https:\/\/api.w.org\/{rel}","templated":true}]}}