{"id":42148,"date":"2023-06-07T09:25:00","date_gmt":"2023-06-07T12:25:00","guid":{"rendered":"https:\/\/jornalfatosenoticias.com.br\/?p=42148"},"modified":"2023-06-07T09:25:02","modified_gmt":"2023-06-07T12:25:02","slug":"cerca-de-57-das-criancas-nao-se-movimentam-pelo-tempo-proposto-pela-oms","status":"publish","type":"post","link":"https:\/\/jornalfatosenoticias.com.br\/index.php\/2023\/06\/07\/cerca-de-57-das-criancas-nao-se-movimentam-pelo-tempo-proposto-pela-oms\/","title":{"rendered":"Cerca de 57% das crian\u00e7as n\u00e3o se movimentam pelo tempo proposto pela OMS"},"content":{"rendered":"\n<p><span class=\"has-inline-color has-black-color\"><em>A Organiza\u00e7\u00e3o Mundial da Sa\u00fade recomenda 60 minutos de atividade f\u00edsica moderada ou alta e d\u00e1 orienta\u00e7\u00f5es sobre uso de telas e sono, a depender da idade da crian\u00e7a; estudo da UFPB destaca que equil\u00edbrio entre esses fatores \u00e9 chave para desenvolvimento infantil integral<\/em><\/span><\/p>\n\n\n\n<div class=\"wp-block-image\"><figure class=\"aligncenter size-large\"><img loading=\"lazy\" decoding=\"async\" width=\"1024\" height=\"111\" src=\"https:\/\/jornalfatosenoticias.com.br\/wp-content\/uploads\/2020\/02\/WhatsApp-Image-2022-09-23-at-12.09.18-1024x111.jpeg\" alt=\"\" class=\"wp-image-34527\" srcset=\"https:\/\/jornalfatosenoticias.com.br\/wp-content\/uploads\/2020\/02\/WhatsApp-Image-2022-09-23-at-12.09.18-1024x111.jpeg 1024w, https:\/\/jornalfatosenoticias.com.br\/wp-content\/uploads\/2020\/02\/WhatsApp-Image-2022-09-23-at-12.09.18-300x32.jpeg 300w, https:\/\/jornalfatosenoticias.com.br\/wp-content\/uploads\/2020\/02\/WhatsApp-Image-2022-09-23-at-12.09.18-768x83.jpeg 768w, https:\/\/jornalfatosenoticias.com.br\/wp-content\/uploads\/2020\/02\/WhatsApp-Image-2022-09-23-at-12.09.18.jpeg 1121w\" sizes=\"auto, (max-width: 1024px) 100vw, 1024px\" \/><\/figure><\/div>\n\n\n\n<p>O tempo que as crian\u00e7as dedicam \u00e0 realiza\u00e7\u00e3o de atividades f\u00edsicas como <a href=\"https:\/\/cangurunews.com.br\/obesidade-na-infancia\/\">andar, correr, pular, jogar bola<\/a>\u00a0e passear de bicicleta, est\u00e1 diretamente relacionado ao\u00a0<a href=\"https:\/\/cangurunews.com.br\/atividade-fisica-cerebro\/\">aumento da aten\u00e7\u00e3o<\/a>, habilidades motoras e capacidade de socializa\u00e7\u00e3o. No entanto, cerca de 57,4% das crian\u00e7as n\u00e3o se movimentam pelo tempo proposto pela Organiza\u00e7\u00e3o Mundial da Sa\u00fade (OMS).<\/p>\n\n\n\n<div class=\"wp-block-image\"><figure class=\"aligncenter size-large\"><img decoding=\"async\" src=\"https:\/\/jornalfatosenoticias.com.br\/wp-content\/uploads\/2020\/02\/barao-das-carnes-300x164-1.jpg\" alt=\"\" class=\"wp-image-34339\"\/><\/figure><\/div>\n\n\n\n<p>Esse \u00e9 um dos dados apresentados no estudo <strong>&#8220;A import\u00e2ncia do equil\u00edbrio entre atividade f\u00edsica,\u00a0<a href=\"https:\/\/cangurunews.com.br\/alimentacao-e-falta-de-atividade-fisica-sao-responsaveis-por-90-dos-casos-de-pressao-alta-em-criancas\/\">tempo sedent\u00e1rio<\/a>\u00a0e sono para o desenvolvimento infantil&#8221;,<\/strong> realizado por Clarice Martins, professora associada do Departamento de Educa\u00e7\u00e3o F\u00edsica da Universidade Federal da Para\u00edba (UFPB).<br>O estudo acompanhou 270 crian\u00e7as de tr\u00eas a cinco anos matriculadas em pr\u00e9-escolas localizadas em zonas de baixa renda da cidade de Jo\u00e3o Pessoa (PB). <\/p>\n\n\n\n<div class=\"wp-block-image\"><figure class=\"aligncenter size-large is-resized\"><img loading=\"lazy\" decoding=\"async\" src=\"https:\/\/jornalfatosenoticias.com.br\/wp-content\/uploads\/2022\/10\/RC_800x750_page-0001.jpg\" alt=\"\" class=\"wp-image-35338\" width=\"264\" height=\"248\" srcset=\"https:\/\/jornalfatosenoticias.com.br\/wp-content\/uploads\/2022\/10\/RC_800x750_page-0001.jpg 400w, https:\/\/jornalfatosenoticias.com.br\/wp-content\/uploads\/2022\/10\/RC_800x750_page-0001-300x281.jpg 300w\" sizes=\"auto, (max-width: 264px) 100vw, 264px\" \/><\/figure><\/div>\n\n\n\n<p>O intuito foi identificar se os pequenos de fam\u00edlias de baixa renda cumprem as seguintes recomenda\u00e7\u00f5es de distribui\u00e7\u00e3o de tempo di\u00e1rio determinados pela Organiza\u00e7\u00e3o Mundial da Sa\u00fade (OMS):<br><strong><span class=\"has-inline-color has-black-color\">\u2022 Atividade F\u00edsica: <\/span><\/strong>180 min ao longo do dia, dos quais pelo menos 60 min devem ser com atividades de moderada a alta intensidade;<br><strong><span class=\"has-inline-color has-black-color\">\u2022 Comportamento sedent\u00e1rio: <\/span><\/strong>n\u00e3o mais que 60 min consecutivos de exposi\u00e7\u00e3o \u00e0s telas;<br><strong><span class=\"has-inline-color has-black-color\">\u2022 Sono:<\/span><\/strong> entre 11 e 13 horas (tr\u00eas a quatro anos) e entre nove e 11 horas (cinco a seis anos).<\/p>\n\n\n\n<div class=\"wp-block-image\"><figure class=\"aligncenter size-large is-resized\"><img loading=\"lazy\" decoding=\"async\" src=\"https:\/\/jornalfatosenoticias.com.br\/wp-content\/uploads\/2023\/03\/Crypton-1000-\u00d7-900-px-300x270-1.png\" alt=\"\" class=\"wp-image-40206\" width=\"246\" height=\"221\"\/><\/figure><\/div>\n\n\n\n<p><strong><span class=\"has-inline-color has-vivid-purple-color\">Segundo o levantamento, as crian\u00e7as:<br><\/span><span class=\"has-inline-color has-black-color\">\u2022 64,8%<\/span><\/strong> n\u00e3o dormem a quantidade de horas recomendada;<br><strong><span class=\"has-inline-color has-black-color\">\u2022 84,8%<\/span><\/strong> ficam expostas \u00e0s telas por tempo maior do que o m\u00e1ximo indicado;<br><strong><span class=\"has-inline-color has-black-color\">\u2022 57,4% <\/span><\/strong>n\u00e3o cumprem o tempo recomendado de atividade f\u00edsica;<br><strong><span class=\"has-inline-color has-black-color\">\u2022 33%<\/span><\/strong> n\u00e3o aderem a nenhuma das recomenda\u00e7\u00f5es;<br><strong><span class=\"has-inline-color has-black-color\">\u2022 3% <\/span><\/strong>somente das crian\u00e7as de baixa renda entre tr\u00eas e cinco anos cumprem todas as recomenda\u00e7\u00f5es da OMS.<\/p>\n\n\n\n<div class=\"wp-block-image\"><figure class=\"aligncenter size-large is-resized\"><img loading=\"lazy\" decoding=\"async\" src=\"https:\/\/jornalfatosenoticias.com.br\/wp-content\/uploads\/2022\/07\/Logo-Grupo-SEI.jpg\" alt=\"\" class=\"wp-image-31973\" width=\"259\" height=\"136\" srcset=\"https:\/\/jornalfatosenoticias.com.br\/wp-content\/uploads\/2022\/07\/Logo-Grupo-SEI.jpg 713w, https:\/\/jornalfatosenoticias.com.br\/wp-content\/uploads\/2022\/07\/Logo-Grupo-SEI-300x158.jpg 300w\" sizes=\"auto, (max-width: 259px) 100vw, 259px\" \/><\/figure><\/div>\n\n\n\n<p>Um maior equil\u00edbrio do tempo gasto entre atividade f\u00edsica, sono e comportamento sedent\u00e1rio pode, contudo, influenciar positivamente o desenvolvimento infantil. De acordo com a publica\u00e7\u00e3o, crian\u00e7as que substitu\u00edram de cinco a 20 minutos por dia de tempo sentado por atividades f\u00edsicas apresentaram:<br><strong><span class=\"has-inline-color has-black-color\">\u2022 34% <\/span><\/strong>de aumento na aten\u00e7\u00e3o, foco e inibi\u00e7\u00e3o de impulsos indesej\u00e1veis;<br><strong><span class=\"has-inline-color has-black-color\">\u2022 35%<\/span><\/strong> de aumento nas habilidades motoras;<br><strong><span class=\"has-inline-color has-black-color\">\u2022 29%<\/span><\/strong> de aumento na resist\u00eancia cardiorrespirat\u00f3ria;<br><strong><span class=\"has-inline-color has-black-color\">\u2022 7%<\/span><\/strong> de aumento na for\u00e7a;<br><strong><span class=\"has-inline-color has-black-color\">\u2022 15%<\/span><\/strong> de aumento nas habilidades de socializa\u00e7\u00e3o.<\/p>\n\n\n\n<div class=\"wp-block-image\"><figure class=\"aligncenter size-large is-resized\"><img loading=\"lazy\" decoding=\"async\" src=\"https:\/\/jornalfatosenoticias.com.br\/wp-content\/uploads\/2022\/08\/arte-Casarao.jpg\" alt=\"\" class=\"wp-image-33178\" width=\"257\" height=\"214\"\/><\/figure><\/div>\n\n\n\n<blockquote class=\"wp-block-quote is-layout-flow wp-block-quote-is-layout-flow\"><p><span class=\"has-inline-color has-luminous-vivid-orange-color\">A primeira inf\u00e2ncia \u00e9 fundamental para a forma\u00e7\u00e3o integral da crian\u00e7a. Nesse per\u00edodo, o tempo despendido em atividades f\u00edsicas, <a href=\"https:\/\/cangurunews.com.br\/pratica-regular-de-atividade-fisica-traz-beneficios-diversos-as-criancas\/\">comportamento sedent\u00e1rio<\/a> e sono est\u00e1 diretamente associado ao desenvolvimento de habilidades cognitivas, f\u00edsico-motoras e socioemocionais. Os ganhos de seguir as recomenda\u00e7\u00f5es da OMS s\u00e3o in\u00fameros e se refletem na sa\u00fade f\u00edsica e emocional da crian\u00e7a, com efeitos na adolesc\u00eancia e na idade adulta, podendo reduzir riscos de doen\u00e7as futuras, como obesidade, depress\u00e3o e ansiedade, por exemplo\u201d, explica Clarice.<\/span><\/p><\/blockquote>\n\n\n\n<div class=\"wp-block-image\"><figure class=\"aligncenter size-large\"><img loading=\"lazy\" decoding=\"async\" width=\"729\" height=\"90\" src=\"https:\/\/jornalfatosenoticias.com.br\/wp-content\/uploads\/2020\/02\/Logo_Mizu.png\" alt=\"\" class=\"wp-image-1441\" srcset=\"https:\/\/jornalfatosenoticias.com.br\/wp-content\/uploads\/2020\/02\/Logo_Mizu.png 729w, https:\/\/jornalfatosenoticias.com.br\/wp-content\/uploads\/2020\/02\/Logo_Mizu-300x37.png 300w\" sizes=\"auto, (max-width: 729px) 100vw, 729px\" \/><\/figure><\/div>\n\n\n\n<p>O estudo refor\u00e7a, ainda, o papel da gest\u00e3o p\u00fablica na aplica\u00e7\u00e3o pr\u00e1tica das recomenda\u00e7\u00f5es da OMS. Segundo Clarice, \u00e9 necess\u00e1rio promover a\u00e7\u00f5es educativas entre pais e filhos e investir na capacita\u00e7\u00e3o de professores para melhor adequa\u00e7\u00e3o de tempo dentro das pr\u00e9-escolas, evitando longos per\u00edodos com as crian\u00e7as sentadas a partir da inclus\u00e3o de atividades com movimento durante a rotina.<\/p>\n\n\n\n<div class=\"wp-block-image\"><figure class=\"aligncenter size-large is-resized\"><img loading=\"lazy\" decoding=\"async\" src=\"https:\/\/jornalfatosenoticias.com.br\/wp-content\/uploads\/2022\/02\/FERRARI_MAQUINAS-E-FERRAMENTAS2.jpg\" alt=\"\" class=\"wp-image-27860\" width=\"235\" height=\"196\"\/><\/figure><\/div>\n\n\n\n<p>A pesquisa \u00e9 uma das finalistas do <a href=\"https:\/\/ncpi.org.br\/frentes-de-atuacao\/premio-ciencia-pela-primeira-infancia\/\" target=\"_blank\" rel=\"noreferrer noopener\">Pr\u00eamio Ci\u00eancia Pela Primeira Inf\u00e2ncia<\/a>, desenvolvido pelo N\u00facleo Ci\u00eancia pela Inf\u00e2ncia (NCPI) com objetivo de identificar e reconhecer pesquisadores de diferentes partes do Brasil com estudos focados no desenvolvimento de crian\u00e7as de zero a seis anos.<\/p>\n\n\n\n<div class=\"wp-block-image\"><figure class=\"aligncenter size-large is-resized\"><img loading=\"lazy\" decoding=\"async\" src=\"https:\/\/jornalfatosenoticias.com.br\/wp-content\/uploads\/2020\/02\/logo-embacia.jpg\" alt=\"\" class=\"wp-image-33905\" width=\"222\" height=\"222\"\/><\/figure><\/div>\n\n\n\n<p>Para acessar o estudo na \u00edntegra,\u00a0<a href=\"https:\/\/ncpi.org.br\/publicacoes\/a-importancia-do-equilibrio-entre-atividade-fisica-tempo-sedentario-e-sono-para-o-desenvolvimento-infantil\/\" target=\"_blank\" rel=\"noreferrer noopener\">clique aqui<\/a>.<\/p>\n\n\n\n<p><strong><em>Fonte: <a href=\"https:\/\/cangurunews.com.br\/cerca-de-57-das-criancas-nao-fazem-atividade-fisica-pelo-tempo-proposto-pela-oms-indica-pesquisa\/\">Canguru News<\/a><\/em><\/strong><\/p>\n","protected":false},"excerpt":{"rendered":"<p>A Organiza\u00e7\u00e3o Mundial da Sa\u00fade recomenda 60 minutos de atividade f\u00edsica moderada ou alta e d\u00e1 orienta\u00e7\u00f5es sobre uso de telas e sono, a depender da idade da crian\u00e7a; estudo da UFPB destaca que equil\u00edbrio entre esses fatores \u00e9 chave para desenvolvimento infantil integral O tempo que as crian\u00e7as dedicam \u00e0 realiza\u00e7\u00e3o de atividades f\u00edsicas [&hellip;]<\/p>\n","protected":false},"author":2,"featured_media":42149,"comment_status":"open","ping_status":"open","sticky":false,"template":"","format":"standard","meta":{"footnotes":""},"categories":[42],"tags":[6913,1317,1042,4123,9301,19828,19829,19830,19831,19832],"class_list":["post-42148","post","type-post","status-publish","format-standard","has-post-thumbnail","hentry","category-bem-estar","tag-atividade-fisica","tag-crianca","tag-desenvolvimento-infantil","tag-movimento","tag-organizacao-mundial-da-saude","tag-recomendacoes-oms","tag-recomendacoes-uso-de-telas","tag-sono-infantil","tag-tempo-sedentario","tag-ufpb"],"yoast_head":"<!-- This site is optimized with the Yoast SEO plugin v26.5 - https:\/\/yoast.com\/wordpress\/plugins\/seo\/ -->\n<title>Cerca de 57% das crian\u00e7as n\u00e3o se movimentam pelo tempo proposto pela OMS - Jornal Fatos e Not\u00edcias<\/title>\n<meta name=\"robots\" content=\"index, follow, max-snippet:-1, max-image-preview:large, max-video-preview:-1\" \/>\n<link rel=\"canonical\" href=\"https:\/\/jornalfatosenoticias.com.br\/index.php\/2023\/06\/07\/cerca-de-57-das-criancas-nao-se-movimentam-pelo-tempo-proposto-pela-oms\/\" \/>\n<meta property=\"og:locale\" content=\"pt_BR\" \/>\n<meta property=\"og:type\" content=\"article\" \/>\n<meta property=\"og:title\" content=\"Cerca de 57% das crian\u00e7as n\u00e3o se movimentam pelo tempo proposto pela OMS - Jornal Fatos e Not\u00edcias\" \/>\n<meta property=\"og:description\" content=\"A Organiza\u00e7\u00e3o Mundial da Sa\u00fade recomenda 60 minutos de atividade f\u00edsica moderada ou alta e d\u00e1 orienta\u00e7\u00f5es sobre uso de telas e sono, a depender da idade da crian\u00e7a; estudo da UFPB destaca que equil\u00edbrio entre esses fatores \u00e9 chave para desenvolvimento infantil integral O tempo que as crian\u00e7as dedicam \u00e0 realiza\u00e7\u00e3o de atividades f\u00edsicas [&hellip;]\" \/>\n<meta property=\"og:url\" content=\"https:\/\/jornalfatosenoticias.com.br\/index.php\/2023\/06\/07\/cerca-de-57-das-criancas-nao-se-movimentam-pelo-tempo-proposto-pela-oms\/\" \/>\n<meta property=\"og:site_name\" content=\"Jornal Fatos e Not\u00edcias\" \/>\n<meta property=\"article:published_time\" content=\"2023-06-07T12:25:00+00:00\" \/>\n<meta property=\"article:modified_time\" content=\"2023-06-07T12:25:02+00:00\" \/>\n<meta property=\"og:image\" content=\"https:\/\/jornalfatosenoticias.com.br\/wp-content\/uploads\/2023\/06\/criancas-nao-se-movimentam-pelo-tempo-proposto-pela-OMS.jpg\" \/>\n\t<meta property=\"og:image:width\" content=\"1000\" \/>\n\t<meta property=\"og:image:height\" content=\"645\" \/>\n\t<meta property=\"og:image:type\" content=\"image\/jpeg\" \/>\n<meta name=\"author\" content=\"Luzimara Fernandes\" \/>\n<meta name=\"twitter:card\" content=\"summary_large_image\" \/>\n<meta name=\"twitter:label1\" content=\"Escrito por\" \/>\n\t<meta name=\"twitter:data1\" content=\"Luzimara Fernandes\" \/>\n\t<meta name=\"twitter:label2\" content=\"Est. tempo de leitura\" \/>\n\t<meta name=\"twitter:data2\" content=\"3 minutos\" \/>\n<script type=\"application\/ld+json\" class=\"yoast-schema-graph\">{\"@context\":\"https:\/\/schema.org\",\"@graph\":[{\"@type\":\"Article\",\"@id\":\"https:\/\/jornalfatosenoticias.com.br\/index.php\/2023\/06\/07\/cerca-de-57-das-criancas-nao-se-movimentam-pelo-tempo-proposto-pela-oms\/#article\",\"isPartOf\":{\"@id\":\"https:\/\/jornalfatosenoticias.com.br\/index.php\/2023\/06\/07\/cerca-de-57-das-criancas-nao-se-movimentam-pelo-tempo-proposto-pela-oms\/\"},\"author\":{\"name\":\"Luzimara Fernandes\",\"@id\":\"https:\/\/jornalfatosenoticias.com.br\/#\/schema\/person\/d63837fa13ac8666eb9e74e0985d6f81\"},\"headline\":\"Cerca de 57% das crian\u00e7as n\u00e3o se movimentam pelo tempo proposto pela OMS\",\"datePublished\":\"2023-06-07T12:25:00+00:00\",\"dateModified\":\"2023-06-07T12:25:02+00:00\",\"mainEntityOfPage\":{\"@id\":\"https:\/\/jornalfatosenoticias.com.br\/index.php\/2023\/06\/07\/cerca-de-57-das-criancas-nao-se-movimentam-pelo-tempo-proposto-pela-oms\/\"},\"wordCount\":658,\"commentCount\":0,\"publisher\":{\"@id\":\"https:\/\/jornalfatosenoticias.com.br\/#organization\"},\"image\":{\"@id\":\"https:\/\/jornalfatosenoticias.com.br\/index.php\/2023\/06\/07\/cerca-de-57-das-criancas-nao-se-movimentam-pelo-tempo-proposto-pela-oms\/#primaryimage\"},\"thumbnailUrl\":\"https:\/\/jornalfatosenoticias.com.br\/wp-content\/uploads\/2023\/06\/criancas-nao-se-movimentam-pelo-tempo-proposto-pela-OMS.jpg\",\"keywords\":[\"atividade f\u00edsica\",\"crian\u00e7a\",\"desenvolvimento infantil\",\"movimento\",\"Organiza\u00e7\u00e3o Mundial da Sa\u00fade\",\"recomenda\u00e7\u00f5es OMS\",\"recomenda\u00e7\u00f5es uso de telas\",\"sono infantil\",\"tempo sedent\u00e1rio\",\"UFPB\"],\"articleSection\":[\"Bem-estar\"],\"inLanguage\":\"pt-BR\",\"potentialAction\":[{\"@type\":\"CommentAction\",\"name\":\"Comment\",\"target\":[\"https:\/\/jornalfatosenoticias.com.br\/index.php\/2023\/06\/07\/cerca-de-57-das-criancas-nao-se-movimentam-pelo-tempo-proposto-pela-oms\/#respond\"]}]},{\"@type\":\"WebPage\",\"@id\":\"https:\/\/jornalfatosenoticias.com.br\/index.php\/2023\/06\/07\/cerca-de-57-das-criancas-nao-se-movimentam-pelo-tempo-proposto-pela-oms\/\",\"url\":\"https:\/\/jornalfatosenoticias.com.br\/index.php\/2023\/06\/07\/cerca-de-57-das-criancas-nao-se-movimentam-pelo-tempo-proposto-pela-oms\/\",\"name\":\"Cerca de 57% das crian\u00e7as n\u00e3o se movimentam pelo tempo proposto pela OMS - Jornal Fatos e Not\u00edcias\",\"isPartOf\":{\"@id\":\"https:\/\/jornalfatosenoticias.com.br\/#website\"},\"primaryImageOfPage\":{\"@id\":\"https:\/\/jornalfatosenoticias.com.br\/index.php\/2023\/06\/07\/cerca-de-57-das-criancas-nao-se-movimentam-pelo-tempo-proposto-pela-oms\/#primaryimage\"},\"image\":{\"@id\":\"https:\/\/jornalfatosenoticias.com.br\/index.php\/2023\/06\/07\/cerca-de-57-das-criancas-nao-se-movimentam-pelo-tempo-proposto-pela-oms\/#primaryimage\"},\"thumbnailUrl\":\"https:\/\/jornalfatosenoticias.com.br\/wp-content\/uploads\/2023\/06\/criancas-nao-se-movimentam-pelo-tempo-proposto-pela-OMS.jpg\",\"datePublished\":\"2023-06-07T12:25:00+00:00\",\"dateModified\":\"2023-06-07T12:25:02+00:00\",\"breadcrumb\":{\"@id\":\"https:\/\/jornalfatosenoticias.com.br\/index.php\/2023\/06\/07\/cerca-de-57-das-criancas-nao-se-movimentam-pelo-tempo-proposto-pela-oms\/#breadcrumb\"},\"inLanguage\":\"pt-BR\",\"potentialAction\":[{\"@type\":\"ReadAction\",\"target\":[\"https:\/\/jornalfatosenoticias.com.br\/index.php\/2023\/06\/07\/cerca-de-57-das-criancas-nao-se-movimentam-pelo-tempo-proposto-pela-oms\/\"]}]},{\"@type\":\"ImageObject\",\"inLanguage\":\"pt-BR\",\"@id\":\"https:\/\/jornalfatosenoticias.com.br\/index.php\/2023\/06\/07\/cerca-de-57-das-criancas-nao-se-movimentam-pelo-tempo-proposto-pela-oms\/#primaryimage\",\"url\":\"https:\/\/jornalfatosenoticias.com.br\/wp-content\/uploads\/2023\/06\/criancas-nao-se-movimentam-pelo-tempo-proposto-pela-OMS.jpg\",\"contentUrl\":\"https:\/\/jornalfatosenoticias.com.br\/wp-content\/uploads\/2023\/06\/criancas-nao-se-movimentam-pelo-tempo-proposto-pela-OMS.jpg\",\"width\":1000,\"height\":645},{\"@type\":\"BreadcrumbList\",\"@id\":\"https:\/\/jornalfatosenoticias.com.br\/index.php\/2023\/06\/07\/cerca-de-57-das-criancas-nao-se-movimentam-pelo-tempo-proposto-pela-oms\/#breadcrumb\",\"itemListElement\":[{\"@type\":\"ListItem\",\"position\":1,\"name\":\"In\u00edcio\",\"item\":\"https:\/\/jornalfatosenoticias.com.br\/\"},{\"@type\":\"ListItem\",\"position\":2,\"name\":\"Cerca de 57% das crian\u00e7as n\u00e3o se movimentam pelo tempo proposto pela OMS\"}]},{\"@type\":\"WebSite\",\"@id\":\"https:\/\/jornalfatosenoticias.com.br\/#website\",\"url\":\"https:\/\/jornalfatosenoticias.com.br\/\",\"name\":\"Jornal Fatos e Not\u00edcias\",\"description\":\"Not\u00edcias em geral\",\"publisher\":{\"@id\":\"https:\/\/jornalfatosenoticias.com.br\/#organization\"},\"potentialAction\":[{\"@type\":\"SearchAction\",\"target\":{\"@type\":\"EntryPoint\",\"urlTemplate\":\"https:\/\/jornalfatosenoticias.com.br\/?s={search_term_string}\"},\"query-input\":{\"@type\":\"PropertyValueSpecification\",\"valueRequired\":true,\"valueName\":\"search_term_string\"}}],\"inLanguage\":\"pt-BR\"},{\"@type\":\"Organization\",\"@id\":\"https:\/\/jornalfatosenoticias.com.br\/#organization\",\"name\":\"Jornal Fatos e Not\u00edcias\",\"url\":\"https:\/\/jornalfatosenoticias.com.br\/\",\"logo\":{\"@type\":\"ImageObject\",\"inLanguage\":\"pt-BR\",\"@id\":\"https:\/\/jornalfatosenoticias.com.br\/#\/schema\/logo\/image\/\",\"url\":\"https:\/\/jornalfatosenoticias.com.br\/wp-content\/uploads\/2020\/02\/logo120.png\",\"contentUrl\":\"https:\/\/jornalfatosenoticias.com.br\/wp-content\/uploads\/2020\/02\/logo120.png\",\"width\":1227,\"height\":120,\"caption\":\"Jornal Fatos e Not\u00edcias\"},\"image\":{\"@id\":\"https:\/\/jornalfatosenoticias.com.br\/#\/schema\/logo\/image\/\"}},{\"@type\":\"Person\",\"@id\":\"https:\/\/jornalfatosenoticias.com.br\/#\/schema\/person\/d63837fa13ac8666eb9e74e0985d6f81\",\"name\":\"Luzimara Fernandes\",\"image\":{\"@type\":\"ImageObject\",\"inLanguage\":\"pt-BR\",\"@id\":\"https:\/\/jornalfatosenoticias.com.br\/#\/schema\/person\/image\/\",\"url\":\"https:\/\/jornalfatosenoticias.com.br\/wp-content\/uploads\/2025\/05\/EU_portal.jpg\",\"contentUrl\":\"https:\/\/jornalfatosenoticias.com.br\/wp-content\/uploads\/2025\/05\/EU_portal.jpg\",\"caption\":\"Luzimara Fernandes\"},\"description\":\"Jornalista MTB 2358-ES\",\"sameAs\":[\"https:\/\/jornalfatosenoticias.com.br\"],\"url\":\"https:\/\/jornalfatosenoticias.com.br\/index.php\/author\/luzimara\/\"}]}<\/script>\n<!-- \/ Yoast SEO plugin. -->","yoast_head_json":{"title":"Cerca de 57% das crian\u00e7as n\u00e3o se movimentam pelo tempo proposto pela OMS - Jornal Fatos e Not\u00edcias","robots":{"index":"index","follow":"follow","max-snippet":"max-snippet:-1","max-image-preview":"max-image-preview:large","max-video-preview":"max-video-preview:-1"},"canonical":"https:\/\/jornalfatosenoticias.com.br\/index.php\/2023\/06\/07\/cerca-de-57-das-criancas-nao-se-movimentam-pelo-tempo-proposto-pela-oms\/","og_locale":"pt_BR","og_type":"article","og_title":"Cerca de 57% das crian\u00e7as n\u00e3o se movimentam pelo tempo proposto pela OMS - Jornal Fatos e Not\u00edcias","og_description":"A Organiza\u00e7\u00e3o Mundial da Sa\u00fade recomenda 60 minutos de atividade f\u00edsica moderada ou alta e d\u00e1 orienta\u00e7\u00f5es sobre uso de telas e sono, a depender da idade da crian\u00e7a; estudo da UFPB destaca que equil\u00edbrio entre esses fatores \u00e9 chave para desenvolvimento infantil integral O tempo que as crian\u00e7as dedicam \u00e0 realiza\u00e7\u00e3o de atividades f\u00edsicas [&hellip;]","og_url":"https:\/\/jornalfatosenoticias.com.br\/index.php\/2023\/06\/07\/cerca-de-57-das-criancas-nao-se-movimentam-pelo-tempo-proposto-pela-oms\/","og_site_name":"Jornal Fatos e Not\u00edcias","article_published_time":"2023-06-07T12:25:00+00:00","article_modified_time":"2023-06-07T12:25:02+00:00","og_image":[{"width":1000,"height":645,"url":"https:\/\/jornalfatosenoticias.com.br\/wp-content\/uploads\/2023\/06\/criancas-nao-se-movimentam-pelo-tempo-proposto-pela-OMS.jpg","type":"image\/jpeg"}],"author":"Luzimara Fernandes","twitter_card":"summary_large_image","twitter_misc":{"Escrito por":"Luzimara Fernandes","Est. tempo de leitura":"3 minutos"},"schema":{"@context":"https:\/\/schema.org","@graph":[{"@type":"Article","@id":"https:\/\/jornalfatosenoticias.com.br\/index.php\/2023\/06\/07\/cerca-de-57-das-criancas-nao-se-movimentam-pelo-tempo-proposto-pela-oms\/#article","isPartOf":{"@id":"https:\/\/jornalfatosenoticias.com.br\/index.php\/2023\/06\/07\/cerca-de-57-das-criancas-nao-se-movimentam-pelo-tempo-proposto-pela-oms\/"},"author":{"name":"Luzimara Fernandes","@id":"https:\/\/jornalfatosenoticias.com.br\/#\/schema\/person\/d63837fa13ac8666eb9e74e0985d6f81"},"headline":"Cerca de 57% das crian\u00e7as n\u00e3o se movimentam pelo tempo proposto pela OMS","datePublished":"2023-06-07T12:25:00+00:00","dateModified":"2023-06-07T12:25:02+00:00","mainEntityOfPage":{"@id":"https:\/\/jornalfatosenoticias.com.br\/index.php\/2023\/06\/07\/cerca-de-57-das-criancas-nao-se-movimentam-pelo-tempo-proposto-pela-oms\/"},"wordCount":658,"commentCount":0,"publisher":{"@id":"https:\/\/jornalfatosenoticias.com.br\/#organization"},"image":{"@id":"https:\/\/jornalfatosenoticias.com.br\/index.php\/2023\/06\/07\/cerca-de-57-das-criancas-nao-se-movimentam-pelo-tempo-proposto-pela-oms\/#primaryimage"},"thumbnailUrl":"https:\/\/jornalfatosenoticias.com.br\/wp-content\/uploads\/2023\/06\/criancas-nao-se-movimentam-pelo-tempo-proposto-pela-OMS.jpg","keywords":["atividade f\u00edsica","crian\u00e7a","desenvolvimento infantil","movimento","Organiza\u00e7\u00e3o Mundial da Sa\u00fade","recomenda\u00e7\u00f5es OMS","recomenda\u00e7\u00f5es uso de telas","sono infantil","tempo sedent\u00e1rio","UFPB"],"articleSection":["Bem-estar"],"inLanguage":"pt-BR","potentialAction":[{"@type":"CommentAction","name":"Comment","target":["https:\/\/jornalfatosenoticias.com.br\/index.php\/2023\/06\/07\/cerca-de-57-das-criancas-nao-se-movimentam-pelo-tempo-proposto-pela-oms\/#respond"]}]},{"@type":"WebPage","@id":"https:\/\/jornalfatosenoticias.com.br\/index.php\/2023\/06\/07\/cerca-de-57-das-criancas-nao-se-movimentam-pelo-tempo-proposto-pela-oms\/","url":"https:\/\/jornalfatosenoticias.com.br\/index.php\/2023\/06\/07\/cerca-de-57-das-criancas-nao-se-movimentam-pelo-tempo-proposto-pela-oms\/","name":"Cerca de 57% das crian\u00e7as n\u00e3o se movimentam pelo tempo proposto pela OMS - Jornal Fatos e Not\u00edcias","isPartOf":{"@id":"https:\/\/jornalfatosenoticias.com.br\/#website"},"primaryImageOfPage":{"@id":"https:\/\/jornalfatosenoticias.com.br\/index.php\/2023\/06\/07\/cerca-de-57-das-criancas-nao-se-movimentam-pelo-tempo-proposto-pela-oms\/#primaryimage"},"image":{"@id":"https:\/\/jornalfatosenoticias.com.br\/index.php\/2023\/06\/07\/cerca-de-57-das-criancas-nao-se-movimentam-pelo-tempo-proposto-pela-oms\/#primaryimage"},"thumbnailUrl":"https:\/\/jornalfatosenoticias.com.br\/wp-content\/uploads\/2023\/06\/criancas-nao-se-movimentam-pelo-tempo-proposto-pela-OMS.jpg","datePublished":"2023-06-07T12:25:00+00:00","dateModified":"2023-06-07T12:25:02+00:00","breadcrumb":{"@id":"https:\/\/jornalfatosenoticias.com.br\/index.php\/2023\/06\/07\/cerca-de-57-das-criancas-nao-se-movimentam-pelo-tempo-proposto-pela-oms\/#breadcrumb"},"inLanguage":"pt-BR","potentialAction":[{"@type":"ReadAction","target":["https:\/\/jornalfatosenoticias.com.br\/index.php\/2023\/06\/07\/cerca-de-57-das-criancas-nao-se-movimentam-pelo-tempo-proposto-pela-oms\/"]}]},{"@type":"ImageObject","inLanguage":"pt-BR","@id":"https:\/\/jornalfatosenoticias.com.br\/index.php\/2023\/06\/07\/cerca-de-57-das-criancas-nao-se-movimentam-pelo-tempo-proposto-pela-oms\/#primaryimage","url":"https:\/\/jornalfatosenoticias.com.br\/wp-content\/uploads\/2023\/06\/criancas-nao-se-movimentam-pelo-tempo-proposto-pela-OMS.jpg","contentUrl":"https:\/\/jornalfatosenoticias.com.br\/wp-content\/uploads\/2023\/06\/criancas-nao-se-movimentam-pelo-tempo-proposto-pela-OMS.jpg","width":1000,"height":645},{"@type":"BreadcrumbList","@id":"https:\/\/jornalfatosenoticias.com.br\/index.php\/2023\/06\/07\/cerca-de-57-das-criancas-nao-se-movimentam-pelo-tempo-proposto-pela-oms\/#breadcrumb","itemListElement":[{"@type":"ListItem","position":1,"name":"In\u00edcio","item":"https:\/\/jornalfatosenoticias.com.br\/"},{"@type":"ListItem","position":2,"name":"Cerca de 57% das crian\u00e7as n\u00e3o se movimentam pelo tempo proposto pela OMS"}]},{"@type":"WebSite","@id":"https:\/\/jornalfatosenoticias.com.br\/#website","url":"https:\/\/jornalfatosenoticias.com.br\/","name":"Jornal Fatos e Not\u00edcias","description":"Not\u00edcias em geral","publisher":{"@id":"https:\/\/jornalfatosenoticias.com.br\/#organization"},"potentialAction":[{"@type":"SearchAction","target":{"@type":"EntryPoint","urlTemplate":"https:\/\/jornalfatosenoticias.com.br\/?s={search_term_string}"},"query-input":{"@type":"PropertyValueSpecification","valueRequired":true,"valueName":"search_term_string"}}],"inLanguage":"pt-BR"},{"@type":"Organization","@id":"https:\/\/jornalfatosenoticias.com.br\/#organization","name":"Jornal Fatos e Not\u00edcias","url":"https:\/\/jornalfatosenoticias.com.br\/","logo":{"@type":"ImageObject","inLanguage":"pt-BR","@id":"https:\/\/jornalfatosenoticias.com.br\/#\/schema\/logo\/image\/","url":"https:\/\/jornalfatosenoticias.com.br\/wp-content\/uploads\/2020\/02\/logo120.png","contentUrl":"https:\/\/jornalfatosenoticias.com.br\/wp-content\/uploads\/2020\/02\/logo120.png","width":1227,"height":120,"caption":"Jornal Fatos e Not\u00edcias"},"image":{"@id":"https:\/\/jornalfatosenoticias.com.br\/#\/schema\/logo\/image\/"}},{"@type":"Person","@id":"https:\/\/jornalfatosenoticias.com.br\/#\/schema\/person\/d63837fa13ac8666eb9e74e0985d6f81","name":"Luzimara Fernandes","image":{"@type":"ImageObject","inLanguage":"pt-BR","@id":"https:\/\/jornalfatosenoticias.com.br\/#\/schema\/person\/image\/","url":"https:\/\/jornalfatosenoticias.com.br\/wp-content\/uploads\/2025\/05\/EU_portal.jpg","contentUrl":"https:\/\/jornalfatosenoticias.com.br\/wp-content\/uploads\/2025\/05\/EU_portal.jpg","caption":"Luzimara Fernandes"},"description":"Jornalista MTB 2358-ES","sameAs":["https:\/\/jornalfatosenoticias.com.br"],"url":"https:\/\/jornalfatosenoticias.com.br\/index.php\/author\/luzimara\/"}]}},"cc_featured_image_caption":{"caption_text":"(Foto: Getty Images) ","source_text":"","source_url":""},"jetpack_featured_media_url":"https:\/\/jornalfatosenoticias.com.br\/wp-content\/uploads\/2023\/06\/criancas-nao-se-movimentam-pelo-tempo-proposto-pela-OMS.jpg","_links":{"self":[{"href":"https:\/\/jornalfatosenoticias.com.br\/index.php\/wp-json\/wp\/v2\/posts\/42148","targetHints":{"allow":["GET"]}}],"collection":[{"href":"https:\/\/jornalfatosenoticias.com.br\/index.php\/wp-json\/wp\/v2\/posts"}],"about":[{"href":"https:\/\/jornalfatosenoticias.com.br\/index.php\/wp-json\/wp\/v2\/types\/post"}],"author":[{"embeddable":true,"href":"https:\/\/jornalfatosenoticias.com.br\/index.php\/wp-json\/wp\/v2\/users\/2"}],"replies":[{"embeddable":true,"href":"https:\/\/jornalfatosenoticias.com.br\/index.php\/wp-json\/wp\/v2\/comments?post=42148"}],"version-history":[{"count":0,"href":"https:\/\/jornalfatosenoticias.com.br\/index.php\/wp-json\/wp\/v2\/posts\/42148\/revisions"}],"wp:featuredmedia":[{"embeddable":true,"href":"https:\/\/jornalfatosenoticias.com.br\/index.php\/wp-json\/wp\/v2\/media\/42149"}],"wp:attachment":[{"href":"https:\/\/jornalfatosenoticias.com.br\/index.php\/wp-json\/wp\/v2\/media?parent=42148"}],"wp:term":[{"taxonomy":"category","embeddable":true,"href":"https:\/\/jornalfatosenoticias.com.br\/index.php\/wp-json\/wp\/v2\/categories?post=42148"},{"taxonomy":"post_tag","embeddable":true,"href":"https:\/\/jornalfatosenoticias.com.br\/index.php\/wp-json\/wp\/v2\/tags?post=42148"}],"curies":[{"name":"wp","href":"https:\/\/api.w.org\/{rel}","templated":true}]}}