{"id":42154,"date":"2023-06-07T09:42:51","date_gmt":"2023-06-07T12:42:51","guid":{"rendered":"https:\/\/jornalfatosenoticias.com.br\/?p=42154"},"modified":"2023-06-07T09:42:52","modified_gmt":"2023-06-07T12:42:52","slug":"cientistas-encontram-uma-maneira-de-captar-energia-eletrica-do-ar","status":"publish","type":"post","link":"https:\/\/jornalfatosenoticias.com.br\/index.php\/2023\/06\/07\/cientistas-encontram-uma-maneira-de-captar-energia-eletrica-do-ar\/","title":{"rendered":"Cientistas encontram uma maneira de captar energia el\u00e9trica do ar"},"content":{"rendered":"\n<p><em><span class=\"has-inline-color has-black-color\">Por<\/span><\/em><strong><em><span class=\"has-inline-color has-black-color\"> <a href=\"https:\/\/gizmodo.uol.com.br\/author\/luisa-costa\/\">Lu\u00edsa Costa<\/a><\/span><\/em><\/strong><\/p>\n\n\n\n<div class=\"wp-block-image\"><figure class=\"aligncenter size-large\"><img loading=\"lazy\" decoding=\"async\" width=\"1024\" height=\"100\" src=\"https:\/\/jornalfatosenoticias.com.br\/wp-content\/uploads\/2020\/02\/banner_ferramentas-1024x100.jpg\" alt=\"\" class=\"wp-image-1258\" srcset=\"https:\/\/jornalfatosenoticias.com.br\/wp-content\/uploads\/2020\/02\/banner_ferramentas-1024x100.jpg 1024w, https:\/\/jornalfatosenoticias.com.br\/wp-content\/uploads\/2020\/02\/banner_ferramentas-300x29.jpg 300w, https:\/\/jornalfatosenoticias.com.br\/wp-content\/uploads\/2020\/02\/banner_ferramentas-768x75.jpg 768w, https:\/\/jornalfatosenoticias.com.br\/wp-content\/uploads\/2020\/02\/banner_ferramentas.jpg 1227w\" sizes=\"auto, (max-width: 1024px) 100vw, 1024px\" \/><\/figure><\/div>\n\n\n\n<p>Engenheiros da University of Massachusetts Amherst, nos Estados Unidos, inventaram um dispositivo que pode captar energia el\u00e9trica com a umidade do ar. Eles afirmam que o produto, ainda em fase de testes, pode ser desenvolvido com qualquer material. Mas desde que tenha um monte de furos com 100 nan\u00f4metros de di\u00e2metro \u2014 ou um mil\u00e9simo da largura de um fio de cabelo.<br>Como assim coletar energia el\u00e9trica no ar? O engenheiro Jun Yao, autor do estudo, explica: <\/p>\n\n\n\n<div class=\"wp-block-image\"><figure class=\"aligncenter size-large is-resized\"><img loading=\"lazy\" decoding=\"async\" src=\"https:\/\/jornalfatosenoticias.com.br\/wp-content\/uploads\/2022\/10\/RC_800x750_page-0001.jpg\" alt=\"\" class=\"wp-image-35338\" width=\"247\" height=\"232\" srcset=\"https:\/\/jornalfatosenoticias.com.br\/wp-content\/uploads\/2022\/10\/RC_800x750_page-0001.jpg 400w, https:\/\/jornalfatosenoticias.com.br\/wp-content\/uploads\/2022\/10\/RC_800x750_page-0001-300x281.jpg 300w\" sizes=\"auto, (max-width: 247px) 100vw, 247px\" \/><\/figure><\/div>\n\n\n\n<blockquote class=\"wp-block-quote is-layout-flow wp-block-quote-is-layout-flow\"><p><span class=\"has-inline-color has-luminous-vivid-orange-color\">Uma <a href=\"https:\/\/gizmodo.uol.com.br\/tag\/nuvens\/\" target=\"_blank\" rel=\"noreferrer noopener\">nuvem<\/a> n\u00e3o \u00e9 nada mais do que uma massa de got\u00edculas de \u00e1gua. Cada uma dessas got\u00edculas cont\u00e9m uma carga e, quando as condi\u00e7\u00f5es s\u00e3o adequadas, a nuvem pode produzir um raio. O que fizemos foi criar uma nuvem em pequena escala [\u2026] para que possamos colher a eletricidade\u201d.<\/span><\/p><\/blockquote>\n\n\n\n<div class=\"wp-block-image\"><figure class=\"aligncenter size-large is-resized\"><img loading=\"lazy\" decoding=\"async\" src=\"https:\/\/jornalfatosenoticias.com.br\/wp-content\/uploads\/2022\/07\/Logo-Grupo-SEI.jpg\" alt=\"\" class=\"wp-image-31973\" width=\"292\" height=\"153\" srcset=\"https:\/\/jornalfatosenoticias.com.br\/wp-content\/uploads\/2022\/07\/Logo-Grupo-SEI.jpg 713w, https:\/\/jornalfatosenoticias.com.br\/wp-content\/uploads\/2022\/07\/Logo-Grupo-SEI-300x158.jpg 300w\" sizes=\"auto, (max-width: 292px) 100vw, 292px\" \/><\/figure><\/div>\n\n\n\n<p>O dispositivo \u00e9 feito com uma fina pel\u00edcula de celulose \u2014 mas <a href=\"https:\/\/www.sciencedirect.com\/topics\/agricultural-and-biological-sciences\/silk-proteins\" target=\"_blank\" rel=\"noreferrer noopener\">prote\u00edna da seda<\/a>\u00a0e\u00a0<a href=\"https:\/\/www.sciencedirect.com\/topics\/materials-science\/graphene-oxide\" target=\"_blank\" rel=\"noreferrer noopener\">\u00f3xido de grafeno<\/a> tamb\u00e9m s\u00e3o op\u00e7\u00f5es \u2014 com nanoporos pelos quais as mol\u00e9culas de \u00e1gua viajam. Esse movimento transfere as cargas el\u00e9tricas da \u00e1gua para o material. \u00c0 medida que as mol\u00e9culas de \u00e1gua se acumulam no topo da pel\u00edcula, acontece um desequil\u00edbrio de carga entre os dois lados do dispositivo.<br>O ar ascendente, explicam os cientistas, cria mais colis\u00f5es entre as mol\u00e9culas de \u00e1gua que est\u00e3o no topo da nuvem em miniatura \u2014 e o resultado \u00e9 um excesso de carga positiva na parte superior do dispositivo e um excesso de carga negativa na parte inferior.<\/p>\n\n\n\n<div class=\"wp-block-image\"><figure class=\"aligncenter size-large is-resized\"><img loading=\"lazy\" decoding=\"async\" src=\"https:\/\/jornalfatosenoticias.com.br\/wp-content\/uploads\/2020\/02\/casa-do-torresmo_portal.jpg\" alt=\"\" class=\"wp-image-34472\" width=\"234\" height=\"234\" srcset=\"https:\/\/jornalfatosenoticias.com.br\/wp-content\/uploads\/2020\/02\/casa-do-torresmo_portal.jpg 300w, https:\/\/jornalfatosenoticias.com.br\/wp-content\/uploads\/2020\/02\/casa-do-torresmo_portal-150x150.jpg 150w\" sizes=\"auto, (max-width: 234px) 100vw, 234px\" \/><\/figure><\/div>\n\n\n\n<p>A energia el\u00e9trica pode ent\u00e3o ser redirecionada para alimentar pequenos dispositivos ou armazenada em uma bateria. Por enquanto, os engenheiros conseguiram gerar uma sa\u00edda de tens\u00e3o espont\u00e2nea de 260 milivolts com o dispositivo \u2014 um celular requer cerca de 5 volts. Mas a equipe acredita que pode alcan\u00e7ar uma pot\u00eancia maior sobrepondo v\u00e1rias pel\u00edculas. <\/p>\n\n\n\n<div class=\"wp-block-image\"><figure class=\"aligncenter size-large is-resized\"><img loading=\"lazy\" decoding=\"async\" src=\"https:\/\/jornalfatosenoticias.com.br\/wp-content\/uploads\/2022\/08\/arte-Casarao.jpg\" alt=\"\" class=\"wp-image-33178\" width=\"262\" height=\"218\"\/><\/figure><\/div>\n\n\n\n<blockquote class=\"wp-block-quote is-layout-flow wp-block-quote-is-layout-flow\"><p><span class=\"has-inline-color has-luminous-vivid-orange-color\">A ideia \u00e9 simples, mas nunca foi descoberta antes e abre todos os tipos de possibilidades\u201d, disse Yao. <\/span><\/p><\/blockquote>\n\n\n\n<div class=\"wp-block-image\"><figure class=\"aligncenter size-large\"><img decoding=\"async\" src=\"https:\/\/jornalfatosenoticias.com.br\/wp-content\/uploads\/2020\/02\/logo-embacia-1-1024x110.jpg\" alt=\"\" class=\"wp-image-33954\"\/><\/figure><\/div>\n\n\n\n<p>O estudo foi <a href=\"https:\/\/onlinelibrary.wiley.com\/doi\/10.1002\/adma.202300748\" target=\"_blank\" rel=\"noreferrer noopener\">publicado<\/a> no in\u00edcio do m\u00eas na revista <em>Advanced Materials.<\/em><\/p>\n\n\n\n<p><strong><em>Fonte: <a href=\"https:\/\/gizmodo.uol.com.br\/cientistas-encontram-uma-maneira-de-captar-energia-eletrica-do-ar\/\">GizModo<\/a><\/em><\/strong><\/p>\n","protected":false},"excerpt":{"rendered":"<p>Por Lu\u00edsa Costa Engenheiros da University of Massachusetts Amherst, nos Estados Unidos, inventaram um dispositivo que pode captar energia el\u00e9trica com a umidade do ar. Eles afirmam que o produto, ainda em fase de testes, pode ser desenvolvido com qualquer material. Mas desde que tenha um monte de furos com 100 nan\u00f4metros de di\u00e2metro \u2014 [&hellip;]<\/p>\n","protected":false},"author":2,"featured_media":42155,"comment_status":"open","ping_status":"open","sticky":false,"template":"","format":"standard","meta":{"footnotes":""},"categories":[3],"tags":[450,19839,201,1577,198],"class_list":["post-42154","post","type-post","status-publish","format-standard","has-post-thumbnail","hentry","category-tecnologia","tag-ar","tag-captar-energia-eletrica-do-ar","tag-eletricidade","tag-energia-eletrica","tag-tecnologia"],"yoast_head":"<!-- This site is optimized with the Yoast SEO plugin v26.5 - https:\/\/yoast.com\/wordpress\/plugins\/seo\/ -->\n<title>Cientistas encontram uma maneira de captar energia el\u00e9trica do ar - Jornal Fatos e Not\u00edcias<\/title>\n<meta name=\"robots\" content=\"index, follow, max-snippet:-1, max-image-preview:large, max-video-preview:-1\" \/>\n<link rel=\"canonical\" href=\"https:\/\/jornalfatosenoticias.com.br\/index.php\/2023\/06\/07\/cientistas-encontram-uma-maneira-de-captar-energia-eletrica-do-ar\/\" \/>\n<meta property=\"og:locale\" content=\"pt_BR\" \/>\n<meta property=\"og:type\" content=\"article\" \/>\n<meta property=\"og:title\" content=\"Cientistas encontram uma maneira de captar energia el\u00e9trica do ar - Jornal Fatos e Not\u00edcias\" \/>\n<meta property=\"og:description\" content=\"Por Lu\u00edsa Costa Engenheiros da University of Massachusetts Amherst, nos Estados Unidos, inventaram um dispositivo que pode captar energia el\u00e9trica com a umidade do ar. Eles afirmam que o produto, ainda em fase de testes, pode ser desenvolvido com qualquer material. Mas desde que tenha um monte de furos com 100 nan\u00f4metros de di\u00e2metro \u2014 [&hellip;]\" \/>\n<meta property=\"og:url\" content=\"https:\/\/jornalfatosenoticias.com.br\/index.php\/2023\/06\/07\/cientistas-encontram-uma-maneira-de-captar-energia-eletrica-do-ar\/\" \/>\n<meta property=\"og:site_name\" content=\"Jornal Fatos e Not\u00edcias\" \/>\n<meta property=\"article:published_time\" content=\"2023-06-07T12:42:51+00:00\" \/>\n<meta property=\"article:modified_time\" content=\"2023-06-07T12:42:52+00:00\" \/>\n<meta property=\"og:image\" content=\"https:\/\/jornalfatosenoticias.com.br\/wp-content\/uploads\/2023\/06\/dispositivo-energia-eletrica-ar.png\" \/>\n\t<meta property=\"og:image:width\" content=\"1000\" \/>\n\t<meta property=\"og:image:height\" content=\"570\" \/>\n\t<meta property=\"og:image:type\" content=\"image\/png\" \/>\n<meta name=\"author\" content=\"Luzimara Fernandes\" \/>\n<meta name=\"twitter:card\" content=\"summary_large_image\" \/>\n<meta name=\"twitter:label1\" content=\"Escrito por\" \/>\n\t<meta name=\"twitter:data1\" content=\"Luzimara Fernandes\" \/>\n\t<meta name=\"twitter:label2\" content=\"Est. tempo de leitura\" \/>\n\t<meta name=\"twitter:data2\" content=\"2 minutos\" \/>\n<script type=\"application\/ld+json\" class=\"yoast-schema-graph\">{\"@context\":\"https:\/\/schema.org\",\"@graph\":[{\"@type\":\"Article\",\"@id\":\"https:\/\/jornalfatosenoticias.com.br\/index.php\/2023\/06\/07\/cientistas-encontram-uma-maneira-de-captar-energia-eletrica-do-ar\/#article\",\"isPartOf\":{\"@id\":\"https:\/\/jornalfatosenoticias.com.br\/index.php\/2023\/06\/07\/cientistas-encontram-uma-maneira-de-captar-energia-eletrica-do-ar\/\"},\"author\":{\"name\":\"Luzimara Fernandes\",\"@id\":\"https:\/\/jornalfatosenoticias.com.br\/#\/schema\/person\/d63837fa13ac8666eb9e74e0985d6f81\"},\"headline\":\"Cientistas encontram uma maneira de captar energia el\u00e9trica do ar\",\"datePublished\":\"2023-06-07T12:42:51+00:00\",\"dateModified\":\"2023-06-07T12:42:52+00:00\",\"mainEntityOfPage\":{\"@id\":\"https:\/\/jornalfatosenoticias.com.br\/index.php\/2023\/06\/07\/cientistas-encontram-uma-maneira-de-captar-energia-eletrica-do-ar\/\"},\"wordCount\":362,\"commentCount\":0,\"publisher\":{\"@id\":\"https:\/\/jornalfatosenoticias.com.br\/#organization\"},\"image\":{\"@id\":\"https:\/\/jornalfatosenoticias.com.br\/index.php\/2023\/06\/07\/cientistas-encontram-uma-maneira-de-captar-energia-eletrica-do-ar\/#primaryimage\"},\"thumbnailUrl\":\"https:\/\/jornalfatosenoticias.com.br\/wp-content\/uploads\/2023\/06\/dispositivo-energia-eletrica-ar.png\",\"keywords\":[\"ar\",\"captar energia el\u00e9trica do ar\",\"eletricidade\",\"energia el\u00e9trica\",\"tecnologia\"],\"articleSection\":[\"Tecnologia &amp; Inova\u00e7\u00e3o\"],\"inLanguage\":\"pt-BR\",\"potentialAction\":[{\"@type\":\"CommentAction\",\"name\":\"Comment\",\"target\":[\"https:\/\/jornalfatosenoticias.com.br\/index.php\/2023\/06\/07\/cientistas-encontram-uma-maneira-de-captar-energia-eletrica-do-ar\/#respond\"]}]},{\"@type\":\"WebPage\",\"@id\":\"https:\/\/jornalfatosenoticias.com.br\/index.php\/2023\/06\/07\/cientistas-encontram-uma-maneira-de-captar-energia-eletrica-do-ar\/\",\"url\":\"https:\/\/jornalfatosenoticias.com.br\/index.php\/2023\/06\/07\/cientistas-encontram-uma-maneira-de-captar-energia-eletrica-do-ar\/\",\"name\":\"Cientistas encontram uma maneira de captar energia el\u00e9trica do ar - Jornal Fatos e Not\u00edcias\",\"isPartOf\":{\"@id\":\"https:\/\/jornalfatosenoticias.com.br\/#website\"},\"primaryImageOfPage\":{\"@id\":\"https:\/\/jornalfatosenoticias.com.br\/index.php\/2023\/06\/07\/cientistas-encontram-uma-maneira-de-captar-energia-eletrica-do-ar\/#primaryimage\"},\"image\":{\"@id\":\"https:\/\/jornalfatosenoticias.com.br\/index.php\/2023\/06\/07\/cientistas-encontram-uma-maneira-de-captar-energia-eletrica-do-ar\/#primaryimage\"},\"thumbnailUrl\":\"https:\/\/jornalfatosenoticias.com.br\/wp-content\/uploads\/2023\/06\/dispositivo-energia-eletrica-ar.png\",\"datePublished\":\"2023-06-07T12:42:51+00:00\",\"dateModified\":\"2023-06-07T12:42:52+00:00\",\"breadcrumb\":{\"@id\":\"https:\/\/jornalfatosenoticias.com.br\/index.php\/2023\/06\/07\/cientistas-encontram-uma-maneira-de-captar-energia-eletrica-do-ar\/#breadcrumb\"},\"inLanguage\":\"pt-BR\",\"potentialAction\":[{\"@type\":\"ReadAction\",\"target\":[\"https:\/\/jornalfatosenoticias.com.br\/index.php\/2023\/06\/07\/cientistas-encontram-uma-maneira-de-captar-energia-eletrica-do-ar\/\"]}]},{\"@type\":\"ImageObject\",\"inLanguage\":\"pt-BR\",\"@id\":\"https:\/\/jornalfatosenoticias.com.br\/index.php\/2023\/06\/07\/cientistas-encontram-uma-maneira-de-captar-energia-eletrica-do-ar\/#primaryimage\",\"url\":\"https:\/\/jornalfatosenoticias.com.br\/wp-content\/uploads\/2023\/06\/dispositivo-energia-eletrica-ar.png\",\"contentUrl\":\"https:\/\/jornalfatosenoticias.com.br\/wp-content\/uploads\/2023\/06\/dispositivo-energia-eletrica-ar.png\",\"width\":1000,\"height\":570},{\"@type\":\"BreadcrumbList\",\"@id\":\"https:\/\/jornalfatosenoticias.com.br\/index.php\/2023\/06\/07\/cientistas-encontram-uma-maneira-de-captar-energia-eletrica-do-ar\/#breadcrumb\",\"itemListElement\":[{\"@type\":\"ListItem\",\"position\":1,\"name\":\"In\u00edcio\",\"item\":\"https:\/\/jornalfatosenoticias.com.br\/\"},{\"@type\":\"ListItem\",\"position\":2,\"name\":\"Cientistas encontram uma maneira de captar energia el\u00e9trica do ar\"}]},{\"@type\":\"WebSite\",\"@id\":\"https:\/\/jornalfatosenoticias.com.br\/#website\",\"url\":\"https:\/\/jornalfatosenoticias.com.br\/\",\"name\":\"Jornal Fatos e Not\u00edcias\",\"description\":\"Not\u00edcias em geral\",\"publisher\":{\"@id\":\"https:\/\/jornalfatosenoticias.com.br\/#organization\"},\"potentialAction\":[{\"@type\":\"SearchAction\",\"target\":{\"@type\":\"EntryPoint\",\"urlTemplate\":\"https:\/\/jornalfatosenoticias.com.br\/?s={search_term_string}\"},\"query-input\":{\"@type\":\"PropertyValueSpecification\",\"valueRequired\":true,\"valueName\":\"search_term_string\"}}],\"inLanguage\":\"pt-BR\"},{\"@type\":\"Organization\",\"@id\":\"https:\/\/jornalfatosenoticias.com.br\/#organization\",\"name\":\"Jornal Fatos e Not\u00edcias\",\"url\":\"https:\/\/jornalfatosenoticias.com.br\/\",\"logo\":{\"@type\":\"ImageObject\",\"inLanguage\":\"pt-BR\",\"@id\":\"https:\/\/jornalfatosenoticias.com.br\/#\/schema\/logo\/image\/\",\"url\":\"https:\/\/jornalfatosenoticias.com.br\/wp-content\/uploads\/2020\/02\/logo120.png\",\"contentUrl\":\"https:\/\/jornalfatosenoticias.com.br\/wp-content\/uploads\/2020\/02\/logo120.png\",\"width\":1227,\"height\":120,\"caption\":\"Jornal Fatos e Not\u00edcias\"},\"image\":{\"@id\":\"https:\/\/jornalfatosenoticias.com.br\/#\/schema\/logo\/image\/\"}},{\"@type\":\"Person\",\"@id\":\"https:\/\/jornalfatosenoticias.com.br\/#\/schema\/person\/d63837fa13ac8666eb9e74e0985d6f81\",\"name\":\"Luzimara Fernandes\",\"image\":{\"@type\":\"ImageObject\",\"inLanguage\":\"pt-BR\",\"@id\":\"https:\/\/jornalfatosenoticias.com.br\/#\/schema\/person\/image\/\",\"url\":\"https:\/\/jornalfatosenoticias.com.br\/wp-content\/uploads\/2025\/05\/EU_portal.jpg\",\"contentUrl\":\"https:\/\/jornalfatosenoticias.com.br\/wp-content\/uploads\/2025\/05\/EU_portal.jpg\",\"caption\":\"Luzimara Fernandes\"},\"description\":\"Jornalista MTB 2358-ES\",\"sameAs\":[\"https:\/\/jornalfatosenoticias.com.br\"],\"url\":\"https:\/\/jornalfatosenoticias.com.br\/index.php\/author\/luzimara\/\"}]}<\/script>\n<!-- \/ Yoast SEO plugin. -->","yoast_head_json":{"title":"Cientistas encontram uma maneira de captar energia el\u00e9trica do ar - Jornal Fatos e Not\u00edcias","robots":{"index":"index","follow":"follow","max-snippet":"max-snippet:-1","max-image-preview":"max-image-preview:large","max-video-preview":"max-video-preview:-1"},"canonical":"https:\/\/jornalfatosenoticias.com.br\/index.php\/2023\/06\/07\/cientistas-encontram-uma-maneira-de-captar-energia-eletrica-do-ar\/","og_locale":"pt_BR","og_type":"article","og_title":"Cientistas encontram uma maneira de captar energia el\u00e9trica do ar - Jornal Fatos e Not\u00edcias","og_description":"Por Lu\u00edsa Costa Engenheiros da University of Massachusetts Amherst, nos Estados Unidos, inventaram um dispositivo que pode captar energia el\u00e9trica com a umidade do ar. Eles afirmam que o produto, ainda em fase de testes, pode ser desenvolvido com qualquer material. Mas desde que tenha um monte de furos com 100 nan\u00f4metros de di\u00e2metro \u2014 [&hellip;]","og_url":"https:\/\/jornalfatosenoticias.com.br\/index.php\/2023\/06\/07\/cientistas-encontram-uma-maneira-de-captar-energia-eletrica-do-ar\/","og_site_name":"Jornal Fatos e Not\u00edcias","article_published_time":"2023-06-07T12:42:51+00:00","article_modified_time":"2023-06-07T12:42:52+00:00","og_image":[{"width":1000,"height":570,"url":"https:\/\/jornalfatosenoticias.com.br\/wp-content\/uploads\/2023\/06\/dispositivo-energia-eletrica-ar.png","type":"image\/png"}],"author":"Luzimara Fernandes","twitter_card":"summary_large_image","twitter_misc":{"Escrito por":"Luzimara Fernandes","Est. tempo de leitura":"2 minutos"},"schema":{"@context":"https:\/\/schema.org","@graph":[{"@type":"Article","@id":"https:\/\/jornalfatosenoticias.com.br\/index.php\/2023\/06\/07\/cientistas-encontram-uma-maneira-de-captar-energia-eletrica-do-ar\/#article","isPartOf":{"@id":"https:\/\/jornalfatosenoticias.com.br\/index.php\/2023\/06\/07\/cientistas-encontram-uma-maneira-de-captar-energia-eletrica-do-ar\/"},"author":{"name":"Luzimara Fernandes","@id":"https:\/\/jornalfatosenoticias.com.br\/#\/schema\/person\/d63837fa13ac8666eb9e74e0985d6f81"},"headline":"Cientistas encontram uma maneira de captar energia el\u00e9trica do ar","datePublished":"2023-06-07T12:42:51+00:00","dateModified":"2023-06-07T12:42:52+00:00","mainEntityOfPage":{"@id":"https:\/\/jornalfatosenoticias.com.br\/index.php\/2023\/06\/07\/cientistas-encontram-uma-maneira-de-captar-energia-eletrica-do-ar\/"},"wordCount":362,"commentCount":0,"publisher":{"@id":"https:\/\/jornalfatosenoticias.com.br\/#organization"},"image":{"@id":"https:\/\/jornalfatosenoticias.com.br\/index.php\/2023\/06\/07\/cientistas-encontram-uma-maneira-de-captar-energia-eletrica-do-ar\/#primaryimage"},"thumbnailUrl":"https:\/\/jornalfatosenoticias.com.br\/wp-content\/uploads\/2023\/06\/dispositivo-energia-eletrica-ar.png","keywords":["ar","captar energia el\u00e9trica do ar","eletricidade","energia el\u00e9trica","tecnologia"],"articleSection":["Tecnologia &amp; Inova\u00e7\u00e3o"],"inLanguage":"pt-BR","potentialAction":[{"@type":"CommentAction","name":"Comment","target":["https:\/\/jornalfatosenoticias.com.br\/index.php\/2023\/06\/07\/cientistas-encontram-uma-maneira-de-captar-energia-eletrica-do-ar\/#respond"]}]},{"@type":"WebPage","@id":"https:\/\/jornalfatosenoticias.com.br\/index.php\/2023\/06\/07\/cientistas-encontram-uma-maneira-de-captar-energia-eletrica-do-ar\/","url":"https:\/\/jornalfatosenoticias.com.br\/index.php\/2023\/06\/07\/cientistas-encontram-uma-maneira-de-captar-energia-eletrica-do-ar\/","name":"Cientistas encontram uma maneira de captar energia el\u00e9trica do ar - Jornal Fatos e Not\u00edcias","isPartOf":{"@id":"https:\/\/jornalfatosenoticias.com.br\/#website"},"primaryImageOfPage":{"@id":"https:\/\/jornalfatosenoticias.com.br\/index.php\/2023\/06\/07\/cientistas-encontram-uma-maneira-de-captar-energia-eletrica-do-ar\/#primaryimage"},"image":{"@id":"https:\/\/jornalfatosenoticias.com.br\/index.php\/2023\/06\/07\/cientistas-encontram-uma-maneira-de-captar-energia-eletrica-do-ar\/#primaryimage"},"thumbnailUrl":"https:\/\/jornalfatosenoticias.com.br\/wp-content\/uploads\/2023\/06\/dispositivo-energia-eletrica-ar.png","datePublished":"2023-06-07T12:42:51+00:00","dateModified":"2023-06-07T12:42:52+00:00","breadcrumb":{"@id":"https:\/\/jornalfatosenoticias.com.br\/index.php\/2023\/06\/07\/cientistas-encontram-uma-maneira-de-captar-energia-eletrica-do-ar\/#breadcrumb"},"inLanguage":"pt-BR","potentialAction":[{"@type":"ReadAction","target":["https:\/\/jornalfatosenoticias.com.br\/index.php\/2023\/06\/07\/cientistas-encontram-uma-maneira-de-captar-energia-eletrica-do-ar\/"]}]},{"@type":"ImageObject","inLanguage":"pt-BR","@id":"https:\/\/jornalfatosenoticias.com.br\/index.php\/2023\/06\/07\/cientistas-encontram-uma-maneira-de-captar-energia-eletrica-do-ar\/#primaryimage","url":"https:\/\/jornalfatosenoticias.com.br\/wp-content\/uploads\/2023\/06\/dispositivo-energia-eletrica-ar.png","contentUrl":"https:\/\/jornalfatosenoticias.com.br\/wp-content\/uploads\/2023\/06\/dispositivo-energia-eletrica-ar.png","width":1000,"height":570},{"@type":"BreadcrumbList","@id":"https:\/\/jornalfatosenoticias.com.br\/index.php\/2023\/06\/07\/cientistas-encontram-uma-maneira-de-captar-energia-eletrica-do-ar\/#breadcrumb","itemListElement":[{"@type":"ListItem","position":1,"name":"In\u00edcio","item":"https:\/\/jornalfatosenoticias.com.br\/"},{"@type":"ListItem","position":2,"name":"Cientistas encontram uma maneira de captar energia el\u00e9trica do ar"}]},{"@type":"WebSite","@id":"https:\/\/jornalfatosenoticias.com.br\/#website","url":"https:\/\/jornalfatosenoticias.com.br\/","name":"Jornal Fatos e Not\u00edcias","description":"Not\u00edcias em geral","publisher":{"@id":"https:\/\/jornalfatosenoticias.com.br\/#organization"},"potentialAction":[{"@type":"SearchAction","target":{"@type":"EntryPoint","urlTemplate":"https:\/\/jornalfatosenoticias.com.br\/?s={search_term_string}"},"query-input":{"@type":"PropertyValueSpecification","valueRequired":true,"valueName":"search_term_string"}}],"inLanguage":"pt-BR"},{"@type":"Organization","@id":"https:\/\/jornalfatosenoticias.com.br\/#organization","name":"Jornal Fatos e Not\u00edcias","url":"https:\/\/jornalfatosenoticias.com.br\/","logo":{"@type":"ImageObject","inLanguage":"pt-BR","@id":"https:\/\/jornalfatosenoticias.com.br\/#\/schema\/logo\/image\/","url":"https:\/\/jornalfatosenoticias.com.br\/wp-content\/uploads\/2020\/02\/logo120.png","contentUrl":"https:\/\/jornalfatosenoticias.com.br\/wp-content\/uploads\/2020\/02\/logo120.png","width":1227,"height":120,"caption":"Jornal Fatos e Not\u00edcias"},"image":{"@id":"https:\/\/jornalfatosenoticias.com.br\/#\/schema\/logo\/image\/"}},{"@type":"Person","@id":"https:\/\/jornalfatosenoticias.com.br\/#\/schema\/person\/d63837fa13ac8666eb9e74e0985d6f81","name":"Luzimara Fernandes","image":{"@type":"ImageObject","inLanguage":"pt-BR","@id":"https:\/\/jornalfatosenoticias.com.br\/#\/schema\/person\/image\/","url":"https:\/\/jornalfatosenoticias.com.br\/wp-content\/uploads\/2025\/05\/EU_portal.jpg","contentUrl":"https:\/\/jornalfatosenoticias.com.br\/wp-content\/uploads\/2025\/05\/EU_portal.jpg","caption":"Luzimara Fernandes"},"description":"Jornalista MTB 2358-ES","sameAs":["https:\/\/jornalfatosenoticias.com.br"],"url":"https:\/\/jornalfatosenoticias.com.br\/index.php\/author\/luzimara\/"}]}},"cc_featured_image_caption":{"caption_text":"(Foto: Ella Maru Studio\/Reprodu\u00e7\u00e3o) ","source_text":"","source_url":""},"jetpack_featured_media_url":"https:\/\/jornalfatosenoticias.com.br\/wp-content\/uploads\/2023\/06\/dispositivo-energia-eletrica-ar.png","_links":{"self":[{"href":"https:\/\/jornalfatosenoticias.com.br\/index.php\/wp-json\/wp\/v2\/posts\/42154","targetHints":{"allow":["GET"]}}],"collection":[{"href":"https:\/\/jornalfatosenoticias.com.br\/index.php\/wp-json\/wp\/v2\/posts"}],"about":[{"href":"https:\/\/jornalfatosenoticias.com.br\/index.php\/wp-json\/wp\/v2\/types\/post"}],"author":[{"embeddable":true,"href":"https:\/\/jornalfatosenoticias.com.br\/index.php\/wp-json\/wp\/v2\/users\/2"}],"replies":[{"embeddable":true,"href":"https:\/\/jornalfatosenoticias.com.br\/index.php\/wp-json\/wp\/v2\/comments?post=42154"}],"version-history":[{"count":0,"href":"https:\/\/jornalfatosenoticias.com.br\/index.php\/wp-json\/wp\/v2\/posts\/42154\/revisions"}],"wp:featuredmedia":[{"embeddable":true,"href":"https:\/\/jornalfatosenoticias.com.br\/index.php\/wp-json\/wp\/v2\/media\/42155"}],"wp:attachment":[{"href":"https:\/\/jornalfatosenoticias.com.br\/index.php\/wp-json\/wp\/v2\/media?parent=42154"}],"wp:term":[{"taxonomy":"category","embeddable":true,"href":"https:\/\/jornalfatosenoticias.com.br\/index.php\/wp-json\/wp\/v2\/categories?post=42154"},{"taxonomy":"post_tag","embeddable":true,"href":"https:\/\/jornalfatosenoticias.com.br\/index.php\/wp-json\/wp\/v2\/tags?post=42154"}],"curies":[{"name":"wp","href":"https:\/\/api.w.org\/{rel}","templated":true}]}}