{"id":42211,"date":"2023-06-08T14:18:02","date_gmt":"2023-06-08T17:18:02","guid":{"rendered":"https:\/\/jornalfatosenoticias.com.br\/?p=42211"},"modified":"2023-06-08T14:18:04","modified_gmt":"2023-06-08T17:18:04","slug":"semente-de-tamarindo-e-utilizada-na-fabricacao-de-bioplastico","status":"publish","type":"post","link":"https:\/\/jornalfatosenoticias.com.br\/index.php\/2023\/06\/08\/semente-de-tamarindo-e-utilizada-na-fabricacao-de-bioplastico\/","title":{"rendered":"Semente de tamarindo \u00e9 utilizada na fabrica\u00e7\u00e3o de biopl\u00e1stico"},"content":{"rendered":"\n<p><em><span class=\"has-inline-color has-black-color\">Por <strong><a href=\"https:\/\/territoriosecreto.com.br\/author\/trajanoxavier\/\">Trajano Xavier<\/a><\/strong><\/span><\/em><\/p>\n\n\n\n<div class=\"wp-block-image\"><figure class=\"aligncenter size-large\"><img loading=\"lazy\" decoding=\"async\" width=\"729\" height=\"90\" src=\"https:\/\/jornalfatosenoticias.com.br\/wp-content\/uploads\/2020\/02\/Logo_Mizu.png\" alt=\"\" class=\"wp-image-1441\" srcset=\"https:\/\/jornalfatosenoticias.com.br\/wp-content\/uploads\/2020\/02\/Logo_Mizu.png 729w, https:\/\/jornalfatosenoticias.com.br\/wp-content\/uploads\/2020\/02\/Logo_Mizu-300x37.png 300w\" sizes=\"auto, (max-width: 729px) 100vw, 729px\" \/><\/figure><\/div>\n\n\n\n<p>A goma da semente de tamarindo \u00e9 utilizada h\u00e1 muito tempo como espessante de alimentos, mas, no Jap\u00e3o, tamb\u00e9m tem sido empregada no desenvolvimento de um pl\u00e1stico biodegrad\u00e1vel que pode ser usado para tudo, desde embalagens flex\u00edveis e materiais para roupas at\u00e9 produtos moldados para autom\u00f3veis e eletrodom\u00e9sticos.<\/p>\n\n\n\n<blockquote class=\"wp-block-quote is-layout-flow wp-block-quote-is-layout-flow\"><p><span class=\"has-inline-color has-luminous-vivid-orange-color\">A goma de semente de tamarindo \u00e9 um polissacar\u00eddeo sol\u00favel em \u00e1gua com alto peso molecular. Tamb\u00e9m \u00e9 classificado como um xiloglucano, que s\u00e3o polissacar\u00eddeos lineares com excelente compatibilidade e biodegradabilidade\u201d, explica \u00e0 Nature Shinji Utsunomiya, da empresa japonesa MP Gokyo Food &amp; Chemical.<\/span><\/p><\/blockquote>\n\n\n\n<div class=\"wp-block-image\"><figure class=\"aligncenter size-large is-resized\"><img loading=\"lazy\" decoding=\"async\" src=\"https:\/\/jornalfatosenoticias.com.br\/wp-content\/uploads\/2022\/07\/Logo-Grupo-SEI.jpg\" alt=\"\" class=\"wp-image-31973\" width=\"276\" height=\"145\" srcset=\"https:\/\/jornalfatosenoticias.com.br\/wp-content\/uploads\/2022\/07\/Logo-Grupo-SEI.jpg 713w, https:\/\/jornalfatosenoticias.com.br\/wp-content\/uploads\/2022\/07\/Logo-Grupo-SEI-300x158.jpg 300w\" sizes=\"auto, (max-width: 276px) 100vw, 276px\" \/><\/figure><\/div>\n\n\n\n<p>A goma \u00e9 feita por meio do refino de componentes de polissacar\u00eddeos das sementes de tamarindo, uma fruta azeda comumente cultivada na \u00cdndia e no sudeste da \u00c1sia. No Brasil, o tamarindo foi popularizado com o aux\u00edlio do seriado de humor mexicano Chaves, no qual, em um dos epis\u00f3dios, seu refresco \u00e9 comercializado.<\/p>\n\n\n\n<div class=\"wp-block-image\"><figure class=\"aligncenter size-large is-resized\"><img loading=\"lazy\" decoding=\"async\" src=\"https:\/\/jornalfatosenoticias.com.br\/wp-content\/uploads\/2022\/02\/FERRARI_MAQUINAS-E-FERRAMENTAS2.jpg\" alt=\"\" class=\"wp-image-27860\" width=\"251\" height=\"209\"\/><\/figure><\/div>\n\n\n\n<p>Al\u00e9m das sementes usadas para produzir aditivos alimentares, a maioria \u00e9 jogada fora depois que a fruta \u00e9 consumida, observa Utsunomiya. Portanto, os biopl\u00e1sticos de goma de semente de tamarindo podem contribuir para uma economia circular sustent\u00e1vel na qual os res\u00edduos s\u00e3o reaproveitados, acrescenta ele. As \u00e1rvores de tamarindo tamb\u00e9m crescem bem em solos secos e inf\u00e9rteis, e provavelmente n\u00e3o competir\u00e3o por valiosas terras agr\u00edcolas.<\/p>\n\n\n\n<div class=\"wp-block-image\"><figure class=\"aligncenter size-large is-resized\"><img loading=\"lazy\" decoding=\"async\" src=\"https:\/\/jornalfatosenoticias.com.br\/wp-content\/uploads\/2020\/02\/logo-embacia.jpg\" alt=\"\" class=\"wp-image-33905\" width=\"231\" height=\"231\"\/><\/figure><\/div>\n\n\n\n<p><strong><span class=\"has-inline-color has-vivid-purple-color\">Escala industrial<br><\/span><\/strong>A MP Gokyo Food &amp; Chemical come\u00e7ou a distribuir a goma de semente de tamarindo em escala industrial em 1964, comercializada sob a marca GLYLOID. Em 2021, foi lan\u00e7ada uma nova marca, TAMAVISCO, para o setor de cosm\u00e9ticos. Esses produtos s\u00e3o utilizados como espessantes e para fazer filmes que limitam a passagem de gases.<\/p>\n\n\n\n<div class=\"wp-block-image\"><figure class=\"aligncenter size-large\"><img decoding=\"async\" src=\"https:\/\/jornalfatosenoticias.com.br\/wp-content\/uploads\/2020\/02\/barao-das-carnes-300x164-1.jpg\" alt=\"\" class=\"wp-image-34339\"\/><\/figure><\/div>\n\n\n\n<p><strong><em>Fonte: <a href=\"https:\/\/territoriosecreto.com.br\/semente-de-tamarindo-e-utilizada-na-fabricacao-de-bioplastico\/\">Territ\u00f3rio Secreto<\/a><\/em><\/strong><\/p>\n","protected":false},"excerpt":{"rendered":"<p>Por Trajano Xavier A goma da semente de tamarindo \u00e9 utilizada h\u00e1 muito tempo como espessante de alimentos, mas, no Jap\u00e3o, tamb\u00e9m tem sido empregada no desenvolvimento de um pl\u00e1stico biodegrad\u00e1vel que pode ser usado para tudo, desde embalagens flex\u00edveis e materiais para roupas at\u00e9 produtos moldados para autom\u00f3veis e eletrodom\u00e9sticos. A goma de semente [&hellip;]<\/p>\n","protected":false},"author":2,"featured_media":42212,"comment_status":"open","ping_status":"open","sticky":false,"template":"","format":"standard","meta":{"footnotes":""},"categories":[3],"tags":[5250,19861,19862,19863],"class_list":["post-42211","post","type-post","status-publish","format-standard","has-post-thumbnail","hentry","category-tecnologia","tag-bioplastico","tag-fabricacao-de-bioplastico","tag-semente-de-tamarindo","tag-tamarindo"],"yoast_head":"<!-- This site is optimized with the Yoast SEO plugin v26.5 - https:\/\/yoast.com\/wordpress\/plugins\/seo\/ -->\n<title>Semente de tamarindo \u00e9 utilizada na fabrica\u00e7\u00e3o de biopl\u00e1stico - Jornal Fatos e Not\u00edcias<\/title>\n<meta name=\"robots\" content=\"index, follow, max-snippet:-1, max-image-preview:large, max-video-preview:-1\" \/>\n<link rel=\"canonical\" href=\"https:\/\/jornalfatosenoticias.com.br\/index.php\/2023\/06\/08\/semente-de-tamarindo-e-utilizada-na-fabricacao-de-bioplastico\/\" \/>\n<meta property=\"og:locale\" content=\"pt_BR\" \/>\n<meta property=\"og:type\" content=\"article\" \/>\n<meta property=\"og:title\" content=\"Semente de tamarindo \u00e9 utilizada na fabrica\u00e7\u00e3o de biopl\u00e1stico - Jornal Fatos e Not\u00edcias\" \/>\n<meta property=\"og:description\" content=\"Por Trajano Xavier A goma da semente de tamarindo \u00e9 utilizada h\u00e1 muito tempo como espessante de alimentos, mas, no Jap\u00e3o, tamb\u00e9m tem sido empregada no desenvolvimento de um pl\u00e1stico biodegrad\u00e1vel que pode ser usado para tudo, desde embalagens flex\u00edveis e materiais para roupas at\u00e9 produtos moldados para autom\u00f3veis e eletrodom\u00e9sticos. A goma de semente [&hellip;]\" \/>\n<meta property=\"og:url\" content=\"https:\/\/jornalfatosenoticias.com.br\/index.php\/2023\/06\/08\/semente-de-tamarindo-e-utilizada-na-fabricacao-de-bioplastico\/\" \/>\n<meta property=\"og:site_name\" content=\"Jornal Fatos e Not\u00edcias\" \/>\n<meta property=\"article:published_time\" content=\"2023-06-08T17:18:02+00:00\" \/>\n<meta property=\"article:modified_time\" content=\"2023-06-08T17:18:04+00:00\" \/>\n<meta property=\"og:image\" content=\"https:\/\/jornalfatosenoticias.com.br\/wp-content\/uploads\/2023\/06\/tamarindo.jpg\" \/>\n\t<meta property=\"og:image:width\" content=\"1000\" \/>\n\t<meta property=\"og:image:height\" content=\"668\" \/>\n\t<meta property=\"og:image:type\" content=\"image\/jpeg\" \/>\n<meta name=\"author\" content=\"Luzimara Fernandes\" \/>\n<meta name=\"twitter:card\" content=\"summary_large_image\" \/>\n<meta name=\"twitter:label1\" content=\"Escrito por\" \/>\n\t<meta name=\"twitter:data1\" content=\"Luzimara Fernandes\" \/>\n\t<meta name=\"twitter:label2\" content=\"Est. tempo de leitura\" \/>\n\t<meta name=\"twitter:data2\" content=\"1 minuto\" \/>\n<script type=\"application\/ld+json\" class=\"yoast-schema-graph\">{\"@context\":\"https:\/\/schema.org\",\"@graph\":[{\"@type\":\"Article\",\"@id\":\"https:\/\/jornalfatosenoticias.com.br\/index.php\/2023\/06\/08\/semente-de-tamarindo-e-utilizada-na-fabricacao-de-bioplastico\/#article\",\"isPartOf\":{\"@id\":\"https:\/\/jornalfatosenoticias.com.br\/index.php\/2023\/06\/08\/semente-de-tamarindo-e-utilizada-na-fabricacao-de-bioplastico\/\"},\"author\":{\"name\":\"Luzimara Fernandes\",\"@id\":\"https:\/\/jornalfatosenoticias.com.br\/#\/schema\/person\/d63837fa13ac8666eb9e74e0985d6f81\"},\"headline\":\"Semente de tamarindo \u00e9 utilizada na fabrica\u00e7\u00e3o de biopl\u00e1stico\",\"datePublished\":\"2023-06-08T17:18:02+00:00\",\"dateModified\":\"2023-06-08T17:18:04+00:00\",\"mainEntityOfPage\":{\"@id\":\"https:\/\/jornalfatosenoticias.com.br\/index.php\/2023\/06\/08\/semente-de-tamarindo-e-utilizada-na-fabricacao-de-bioplastico\/\"},\"wordCount\":302,\"commentCount\":0,\"publisher\":{\"@id\":\"https:\/\/jornalfatosenoticias.com.br\/#organization\"},\"image\":{\"@id\":\"https:\/\/jornalfatosenoticias.com.br\/index.php\/2023\/06\/08\/semente-de-tamarindo-e-utilizada-na-fabricacao-de-bioplastico\/#primaryimage\"},\"thumbnailUrl\":\"https:\/\/jornalfatosenoticias.com.br\/wp-content\/uploads\/2023\/06\/tamarindo.jpg\",\"keywords\":[\"biopl\u00e1stico\",\"fabrica\u00e7\u00e3o de biopl\u00e1stico\",\"semente de tamarindo\",\"tamarindo\"],\"articleSection\":[\"Tecnologia &amp; Inova\u00e7\u00e3o\"],\"inLanguage\":\"pt-BR\",\"potentialAction\":[{\"@type\":\"CommentAction\",\"name\":\"Comment\",\"target\":[\"https:\/\/jornalfatosenoticias.com.br\/index.php\/2023\/06\/08\/semente-de-tamarindo-e-utilizada-na-fabricacao-de-bioplastico\/#respond\"]}]},{\"@type\":\"WebPage\",\"@id\":\"https:\/\/jornalfatosenoticias.com.br\/index.php\/2023\/06\/08\/semente-de-tamarindo-e-utilizada-na-fabricacao-de-bioplastico\/\",\"url\":\"https:\/\/jornalfatosenoticias.com.br\/index.php\/2023\/06\/08\/semente-de-tamarindo-e-utilizada-na-fabricacao-de-bioplastico\/\",\"name\":\"Semente de tamarindo \u00e9 utilizada na fabrica\u00e7\u00e3o de biopl\u00e1stico - Jornal Fatos e Not\u00edcias\",\"isPartOf\":{\"@id\":\"https:\/\/jornalfatosenoticias.com.br\/#website\"},\"primaryImageOfPage\":{\"@id\":\"https:\/\/jornalfatosenoticias.com.br\/index.php\/2023\/06\/08\/semente-de-tamarindo-e-utilizada-na-fabricacao-de-bioplastico\/#primaryimage\"},\"image\":{\"@id\":\"https:\/\/jornalfatosenoticias.com.br\/index.php\/2023\/06\/08\/semente-de-tamarindo-e-utilizada-na-fabricacao-de-bioplastico\/#primaryimage\"},\"thumbnailUrl\":\"https:\/\/jornalfatosenoticias.com.br\/wp-content\/uploads\/2023\/06\/tamarindo.jpg\",\"datePublished\":\"2023-06-08T17:18:02+00:00\",\"dateModified\":\"2023-06-08T17:18:04+00:00\",\"breadcrumb\":{\"@id\":\"https:\/\/jornalfatosenoticias.com.br\/index.php\/2023\/06\/08\/semente-de-tamarindo-e-utilizada-na-fabricacao-de-bioplastico\/#breadcrumb\"},\"inLanguage\":\"pt-BR\",\"potentialAction\":[{\"@type\":\"ReadAction\",\"target\":[\"https:\/\/jornalfatosenoticias.com.br\/index.php\/2023\/06\/08\/semente-de-tamarindo-e-utilizada-na-fabricacao-de-bioplastico\/\"]}]},{\"@type\":\"ImageObject\",\"inLanguage\":\"pt-BR\",\"@id\":\"https:\/\/jornalfatosenoticias.com.br\/index.php\/2023\/06\/08\/semente-de-tamarindo-e-utilizada-na-fabricacao-de-bioplastico\/#primaryimage\",\"url\":\"https:\/\/jornalfatosenoticias.com.br\/wp-content\/uploads\/2023\/06\/tamarindo.jpg\",\"contentUrl\":\"https:\/\/jornalfatosenoticias.com.br\/wp-content\/uploads\/2023\/06\/tamarindo.jpg\",\"width\":1000,\"height\":668},{\"@type\":\"BreadcrumbList\",\"@id\":\"https:\/\/jornalfatosenoticias.com.br\/index.php\/2023\/06\/08\/semente-de-tamarindo-e-utilizada-na-fabricacao-de-bioplastico\/#breadcrumb\",\"itemListElement\":[{\"@type\":\"ListItem\",\"position\":1,\"name\":\"In\u00edcio\",\"item\":\"https:\/\/jornalfatosenoticias.com.br\/\"},{\"@type\":\"ListItem\",\"position\":2,\"name\":\"Semente de tamarindo \u00e9 utilizada na fabrica\u00e7\u00e3o de biopl\u00e1stico\"}]},{\"@type\":\"WebSite\",\"@id\":\"https:\/\/jornalfatosenoticias.com.br\/#website\",\"url\":\"https:\/\/jornalfatosenoticias.com.br\/\",\"name\":\"Jornal Fatos e Not\u00edcias\",\"description\":\"Not\u00edcias em geral\",\"publisher\":{\"@id\":\"https:\/\/jornalfatosenoticias.com.br\/#organization\"},\"potentialAction\":[{\"@type\":\"SearchAction\",\"target\":{\"@type\":\"EntryPoint\",\"urlTemplate\":\"https:\/\/jornalfatosenoticias.com.br\/?s={search_term_string}\"},\"query-input\":{\"@type\":\"PropertyValueSpecification\",\"valueRequired\":true,\"valueName\":\"search_term_string\"}}],\"inLanguage\":\"pt-BR\"},{\"@type\":\"Organization\",\"@id\":\"https:\/\/jornalfatosenoticias.com.br\/#organization\",\"name\":\"Jornal Fatos e Not\u00edcias\",\"url\":\"https:\/\/jornalfatosenoticias.com.br\/\",\"logo\":{\"@type\":\"ImageObject\",\"inLanguage\":\"pt-BR\",\"@id\":\"https:\/\/jornalfatosenoticias.com.br\/#\/schema\/logo\/image\/\",\"url\":\"https:\/\/jornalfatosenoticias.com.br\/wp-content\/uploads\/2020\/02\/logo120.png\",\"contentUrl\":\"https:\/\/jornalfatosenoticias.com.br\/wp-content\/uploads\/2020\/02\/logo120.png\",\"width\":1227,\"height\":120,\"caption\":\"Jornal Fatos e Not\u00edcias\"},\"image\":{\"@id\":\"https:\/\/jornalfatosenoticias.com.br\/#\/schema\/logo\/image\/\"}},{\"@type\":\"Person\",\"@id\":\"https:\/\/jornalfatosenoticias.com.br\/#\/schema\/person\/d63837fa13ac8666eb9e74e0985d6f81\",\"name\":\"Luzimara Fernandes\",\"image\":{\"@type\":\"ImageObject\",\"inLanguage\":\"pt-BR\",\"@id\":\"https:\/\/jornalfatosenoticias.com.br\/#\/schema\/person\/image\/\",\"url\":\"https:\/\/jornalfatosenoticias.com.br\/wp-content\/uploads\/2025\/05\/EU_portal.jpg\",\"contentUrl\":\"https:\/\/jornalfatosenoticias.com.br\/wp-content\/uploads\/2025\/05\/EU_portal.jpg\",\"caption\":\"Luzimara Fernandes\"},\"description\":\"Jornalista MTB 2358-ES\",\"sameAs\":[\"https:\/\/jornalfatosenoticias.com.br\"],\"url\":\"https:\/\/jornalfatosenoticias.com.br\/index.php\/author\/luzimara\/\"}]}<\/script>\n<!-- \/ Yoast SEO plugin. -->","yoast_head_json":{"title":"Semente de tamarindo \u00e9 utilizada na fabrica\u00e7\u00e3o de biopl\u00e1stico - Jornal Fatos e Not\u00edcias","robots":{"index":"index","follow":"follow","max-snippet":"max-snippet:-1","max-image-preview":"max-image-preview:large","max-video-preview":"max-video-preview:-1"},"canonical":"https:\/\/jornalfatosenoticias.com.br\/index.php\/2023\/06\/08\/semente-de-tamarindo-e-utilizada-na-fabricacao-de-bioplastico\/","og_locale":"pt_BR","og_type":"article","og_title":"Semente de tamarindo \u00e9 utilizada na fabrica\u00e7\u00e3o de biopl\u00e1stico - Jornal Fatos e Not\u00edcias","og_description":"Por Trajano Xavier A goma da semente de tamarindo \u00e9 utilizada h\u00e1 muito tempo como espessante de alimentos, mas, no Jap\u00e3o, tamb\u00e9m tem sido empregada no desenvolvimento de um pl\u00e1stico biodegrad\u00e1vel que pode ser usado para tudo, desde embalagens flex\u00edveis e materiais para roupas at\u00e9 produtos moldados para autom\u00f3veis e eletrodom\u00e9sticos. A goma de semente [&hellip;]","og_url":"https:\/\/jornalfatosenoticias.com.br\/index.php\/2023\/06\/08\/semente-de-tamarindo-e-utilizada-na-fabricacao-de-bioplastico\/","og_site_name":"Jornal Fatos e Not\u00edcias","article_published_time":"2023-06-08T17:18:02+00:00","article_modified_time":"2023-06-08T17:18:04+00:00","og_image":[{"width":1000,"height":668,"url":"https:\/\/jornalfatosenoticias.com.br\/wp-content\/uploads\/2023\/06\/tamarindo.jpg","type":"image\/jpeg"}],"author":"Luzimara Fernandes","twitter_card":"summary_large_image","twitter_misc":{"Escrito por":"Luzimara Fernandes","Est. tempo de leitura":"1 minuto"},"schema":{"@context":"https:\/\/schema.org","@graph":[{"@type":"Article","@id":"https:\/\/jornalfatosenoticias.com.br\/index.php\/2023\/06\/08\/semente-de-tamarindo-e-utilizada-na-fabricacao-de-bioplastico\/#article","isPartOf":{"@id":"https:\/\/jornalfatosenoticias.com.br\/index.php\/2023\/06\/08\/semente-de-tamarindo-e-utilizada-na-fabricacao-de-bioplastico\/"},"author":{"name":"Luzimara Fernandes","@id":"https:\/\/jornalfatosenoticias.com.br\/#\/schema\/person\/d63837fa13ac8666eb9e74e0985d6f81"},"headline":"Semente de tamarindo \u00e9 utilizada na fabrica\u00e7\u00e3o de biopl\u00e1stico","datePublished":"2023-06-08T17:18:02+00:00","dateModified":"2023-06-08T17:18:04+00:00","mainEntityOfPage":{"@id":"https:\/\/jornalfatosenoticias.com.br\/index.php\/2023\/06\/08\/semente-de-tamarindo-e-utilizada-na-fabricacao-de-bioplastico\/"},"wordCount":302,"commentCount":0,"publisher":{"@id":"https:\/\/jornalfatosenoticias.com.br\/#organization"},"image":{"@id":"https:\/\/jornalfatosenoticias.com.br\/index.php\/2023\/06\/08\/semente-de-tamarindo-e-utilizada-na-fabricacao-de-bioplastico\/#primaryimage"},"thumbnailUrl":"https:\/\/jornalfatosenoticias.com.br\/wp-content\/uploads\/2023\/06\/tamarindo.jpg","keywords":["biopl\u00e1stico","fabrica\u00e7\u00e3o de biopl\u00e1stico","semente de tamarindo","tamarindo"],"articleSection":["Tecnologia &amp; Inova\u00e7\u00e3o"],"inLanguage":"pt-BR","potentialAction":[{"@type":"CommentAction","name":"Comment","target":["https:\/\/jornalfatosenoticias.com.br\/index.php\/2023\/06\/08\/semente-de-tamarindo-e-utilizada-na-fabricacao-de-bioplastico\/#respond"]}]},{"@type":"WebPage","@id":"https:\/\/jornalfatosenoticias.com.br\/index.php\/2023\/06\/08\/semente-de-tamarindo-e-utilizada-na-fabricacao-de-bioplastico\/","url":"https:\/\/jornalfatosenoticias.com.br\/index.php\/2023\/06\/08\/semente-de-tamarindo-e-utilizada-na-fabricacao-de-bioplastico\/","name":"Semente de tamarindo \u00e9 utilizada na fabrica\u00e7\u00e3o de biopl\u00e1stico - Jornal Fatos e Not\u00edcias","isPartOf":{"@id":"https:\/\/jornalfatosenoticias.com.br\/#website"},"primaryImageOfPage":{"@id":"https:\/\/jornalfatosenoticias.com.br\/index.php\/2023\/06\/08\/semente-de-tamarindo-e-utilizada-na-fabricacao-de-bioplastico\/#primaryimage"},"image":{"@id":"https:\/\/jornalfatosenoticias.com.br\/index.php\/2023\/06\/08\/semente-de-tamarindo-e-utilizada-na-fabricacao-de-bioplastico\/#primaryimage"},"thumbnailUrl":"https:\/\/jornalfatosenoticias.com.br\/wp-content\/uploads\/2023\/06\/tamarindo.jpg","datePublished":"2023-06-08T17:18:02+00:00","dateModified":"2023-06-08T17:18:04+00:00","breadcrumb":{"@id":"https:\/\/jornalfatosenoticias.com.br\/index.php\/2023\/06\/08\/semente-de-tamarindo-e-utilizada-na-fabricacao-de-bioplastico\/#breadcrumb"},"inLanguage":"pt-BR","potentialAction":[{"@type":"ReadAction","target":["https:\/\/jornalfatosenoticias.com.br\/index.php\/2023\/06\/08\/semente-de-tamarindo-e-utilizada-na-fabricacao-de-bioplastico\/"]}]},{"@type":"ImageObject","inLanguage":"pt-BR","@id":"https:\/\/jornalfatosenoticias.com.br\/index.php\/2023\/06\/08\/semente-de-tamarindo-e-utilizada-na-fabricacao-de-bioplastico\/#primaryimage","url":"https:\/\/jornalfatosenoticias.com.br\/wp-content\/uploads\/2023\/06\/tamarindo.jpg","contentUrl":"https:\/\/jornalfatosenoticias.com.br\/wp-content\/uploads\/2023\/06\/tamarindo.jpg","width":1000,"height":668},{"@type":"BreadcrumbList","@id":"https:\/\/jornalfatosenoticias.com.br\/index.php\/2023\/06\/08\/semente-de-tamarindo-e-utilizada-na-fabricacao-de-bioplastico\/#breadcrumb","itemListElement":[{"@type":"ListItem","position":1,"name":"In\u00edcio","item":"https:\/\/jornalfatosenoticias.com.br\/"},{"@type":"ListItem","position":2,"name":"Semente de tamarindo \u00e9 utilizada na fabrica\u00e7\u00e3o de biopl\u00e1stico"}]},{"@type":"WebSite","@id":"https:\/\/jornalfatosenoticias.com.br\/#website","url":"https:\/\/jornalfatosenoticias.com.br\/","name":"Jornal Fatos e Not\u00edcias","description":"Not\u00edcias em geral","publisher":{"@id":"https:\/\/jornalfatosenoticias.com.br\/#organization"},"potentialAction":[{"@type":"SearchAction","target":{"@type":"EntryPoint","urlTemplate":"https:\/\/jornalfatosenoticias.com.br\/?s={search_term_string}"},"query-input":{"@type":"PropertyValueSpecification","valueRequired":true,"valueName":"search_term_string"}}],"inLanguage":"pt-BR"},{"@type":"Organization","@id":"https:\/\/jornalfatosenoticias.com.br\/#organization","name":"Jornal Fatos e Not\u00edcias","url":"https:\/\/jornalfatosenoticias.com.br\/","logo":{"@type":"ImageObject","inLanguage":"pt-BR","@id":"https:\/\/jornalfatosenoticias.com.br\/#\/schema\/logo\/image\/","url":"https:\/\/jornalfatosenoticias.com.br\/wp-content\/uploads\/2020\/02\/logo120.png","contentUrl":"https:\/\/jornalfatosenoticias.com.br\/wp-content\/uploads\/2020\/02\/logo120.png","width":1227,"height":120,"caption":"Jornal Fatos e Not\u00edcias"},"image":{"@id":"https:\/\/jornalfatosenoticias.com.br\/#\/schema\/logo\/image\/"}},{"@type":"Person","@id":"https:\/\/jornalfatosenoticias.com.br\/#\/schema\/person\/d63837fa13ac8666eb9e74e0985d6f81","name":"Luzimara Fernandes","image":{"@type":"ImageObject","inLanguage":"pt-BR","@id":"https:\/\/jornalfatosenoticias.com.br\/#\/schema\/person\/image\/","url":"https:\/\/jornalfatosenoticias.com.br\/wp-content\/uploads\/2025\/05\/EU_portal.jpg","contentUrl":"https:\/\/jornalfatosenoticias.com.br\/wp-content\/uploads\/2025\/05\/EU_portal.jpg","caption":"Luzimara Fernandes"},"description":"Jornalista MTB 2358-ES","sameAs":["https:\/\/jornalfatosenoticias.com.br"],"url":"https:\/\/jornalfatosenoticias.com.br\/index.php\/author\/luzimara\/"}]}},"cc_featured_image_caption":{"caption_text":"(Foto: Getty Images) ","source_text":"","source_url":""},"jetpack_featured_media_url":"https:\/\/jornalfatosenoticias.com.br\/wp-content\/uploads\/2023\/06\/tamarindo.jpg","_links":{"self":[{"href":"https:\/\/jornalfatosenoticias.com.br\/index.php\/wp-json\/wp\/v2\/posts\/42211","targetHints":{"allow":["GET"]}}],"collection":[{"href":"https:\/\/jornalfatosenoticias.com.br\/index.php\/wp-json\/wp\/v2\/posts"}],"about":[{"href":"https:\/\/jornalfatosenoticias.com.br\/index.php\/wp-json\/wp\/v2\/types\/post"}],"author":[{"embeddable":true,"href":"https:\/\/jornalfatosenoticias.com.br\/index.php\/wp-json\/wp\/v2\/users\/2"}],"replies":[{"embeddable":true,"href":"https:\/\/jornalfatosenoticias.com.br\/index.php\/wp-json\/wp\/v2\/comments?post=42211"}],"version-history":[{"count":0,"href":"https:\/\/jornalfatosenoticias.com.br\/index.php\/wp-json\/wp\/v2\/posts\/42211\/revisions"}],"wp:featuredmedia":[{"embeddable":true,"href":"https:\/\/jornalfatosenoticias.com.br\/index.php\/wp-json\/wp\/v2\/media\/42212"}],"wp:attachment":[{"href":"https:\/\/jornalfatosenoticias.com.br\/index.php\/wp-json\/wp\/v2\/media?parent=42211"}],"wp:term":[{"taxonomy":"category","embeddable":true,"href":"https:\/\/jornalfatosenoticias.com.br\/index.php\/wp-json\/wp\/v2\/categories?post=42211"},{"taxonomy":"post_tag","embeddable":true,"href":"https:\/\/jornalfatosenoticias.com.br\/index.php\/wp-json\/wp\/v2\/tags?post=42211"}],"curies":[{"name":"wp","href":"https:\/\/api.w.org\/{rel}","templated":true}]}}