{"id":42214,"date":"2023-06-08T14:27:32","date_gmt":"2023-06-08T17:27:32","guid":{"rendered":"https:\/\/jornalfatosenoticias.com.br\/?p=42214"},"modified":"2023-06-08T14:27:33","modified_gmt":"2023-06-08T17:27:33","slug":"a-europa-perdeu-mais-de-meio-bilhao-de-aves-em-40-anos","status":"publish","type":"post","link":"https:\/\/jornalfatosenoticias.com.br\/index.php\/2023\/06\/08\/a-europa-perdeu-mais-de-meio-bilhao-de-aves-em-40-anos\/","title":{"rendered":"A Europa perdeu mais de meio bilh\u00e3o de aves em 40 anos"},"content":{"rendered":"\n<p><em><span class=\"has-inline-color has-black-color\">Cerca de 550 milh\u00f5es de aves foram perdidas da popula\u00e7\u00e3o total da Europa. A maior causa? Agrot\u00f3xicos e fertilizantes<\/span><\/em><\/p>\n\n\n\n<div class=\"wp-block-image\"><figure class=\"aligncenter size-large\"><img loading=\"lazy\" decoding=\"async\" width=\"1024\" height=\"109\" src=\"https:\/\/jornalfatosenoticias.com.br\/wp-content\/uploads\/2020\/02\/Propaganda-RC-Radiadores-Jornal_page-0001-1024x109.jpg\" alt=\"\" class=\"wp-image-35278\" srcset=\"https:\/\/jornalfatosenoticias.com.br\/wp-content\/uploads\/2020\/02\/Propaganda-RC-Radiadores-Jornal_page-0001-1024x109.jpg 1024w, https:\/\/jornalfatosenoticias.com.br\/wp-content\/uploads\/2020\/02\/Propaganda-RC-Radiadores-Jornal_page-0001-300x32.jpg 300w, https:\/\/jornalfatosenoticias.com.br\/wp-content\/uploads\/2020\/02\/Propaganda-RC-Radiadores-Jornal_page-0001-768x82.jpg 768w, https:\/\/jornalfatosenoticias.com.br\/wp-content\/uploads\/2020\/02\/Propaganda-RC-Radiadores-Jornal_page-0001.jpg 1220w\" sizes=\"auto, (max-width: 1024px) 100vw, 1024px\" \/><\/figure><\/div>\n\n\n\n<p>Dados sobre o decl\u00ednio da biodiversidade s\u00e3o irregulares \u2014 restritos a algumas causas, alguns lugares e algumas esp\u00e9cies. Entretanto, esse n\u00e3o \u00e9 o caso dos p\u00e1ssaros na Europa, de acordo com levantamento de dados publicado na revista <em>The Royal Society <\/em>e divulgado no jornal<em> The Conversation<\/em> semana passada.<br>Cerca de 550 milh\u00f5es de aves foram perdidas da popula\u00e7\u00e3o total da Europa nos \u00faltimos 40 anos. \u00c9 uma estat\u00edstica chocante e nos diz algo profundo sobre o relacionamento rompido da humanidade com a natureza. Outro artigo, publicado m\u00eas passado na revista estadunidense <em>Proceedings of the National Academy of Sciences<\/em> (PNAS) analisou como 170 esp\u00e9cies de aves responderam \u00e0s press\u00f5es induzidas pelas atividades humanas na Europa, usando dados coletados em mais de 20 mil locais de monitoramento em 28 pa\u00edses ao longo de 37 anos, incluindo dados do Reino Unido.<\/p>\n\n\n\n<div class=\"wp-block-image\"><figure class=\"aligncenter size-large is-resized\"><img loading=\"lazy\" decoding=\"async\" src=\"https:\/\/jornalfatosenoticias.com.br\/wp-content\/uploads\/2023\/03\/Crypton-1000-\u00d7-900-px-300x270-1.png\" alt=\"\" class=\"wp-image-40206\" width=\"252\" height=\"227\"\/><\/figure><\/div>\n\n\n\n<p>Os cientistas descobriram que os produtos qu\u00edmicos usados nas fazendas para controlar insetos e plantas vistas como ervas daninhas que podem reduzir o rendimento das colheitas est\u00e3o privando muitas aves de sua principal fonte de alimento e que essa \u00e9 a maior causa de seu decl\u00ednio em toda a Europa. Os pesquisadores observaram quatro grandes fontes de press\u00e3o sobre as popula\u00e7\u00f5es de aves: <strong><span class=\"has-inline-color has-black-color\">intensifica\u00e7\u00e3o agr\u00edcola<\/span><\/strong> (medida pelo alto uso de pesticidas e fertilizantes), <strong><span class=\"has-inline-color has-black-color\">mudan\u00e7a clim\u00e1tica<\/span><\/strong> e sua influ\u00eancia nas temperaturas, <strong><span class=\"has-inline-color has-black-color\">mudan\u00e7as na cobertura florestal <\/span><\/strong><span class=\"has-inline-color has-black-color\">e<\/span><strong><span class=\"has-inline-color has-black-color\"> urbaniza\u00e7\u00e3o.<\/span><\/strong><\/p>\n\n\n\n<div class=\"wp-block-image\"><figure class=\"aligncenter size-large is-resized\"><img loading=\"lazy\" decoding=\"async\" src=\"https:\/\/jornalfatosenoticias.com.br\/wp-content\/uploads\/2023\/03\/nova-logo-Marquetti.jpg\" alt=\"\" class=\"wp-image-40207\" width=\"264\" height=\"177\" srcset=\"https:\/\/jornalfatosenoticias.com.br\/wp-content\/uploads\/2023\/03\/nova-logo-Marquetti.jpg 643w, https:\/\/jornalfatosenoticias.com.br\/wp-content\/uploads\/2023\/03\/nova-logo-Marquetti-300x202.jpg 300w\" sizes=\"auto, (max-width: 264px) 100vw, 264px\" \/><\/figure><\/div>\n\n\n\n<p>Os m\u00e9todos modernos de cultivo foram a maior causa de decl\u00ednio para a maioria das popula\u00e7\u00f5es de p\u00e1ssaros \u2014 especialmente para aqueles que se alimentam de insetos e outros invertebrados, como andorinh\u00f5es, alv\u00e9olas amarelas, papa-moscas-pintados, trigos e peixes-pedra. A forma como as aves responderam \u00e0s mudan\u00e7as na cobertura florestal, urbaniza\u00e7\u00e3o e mudan\u00e7as clim\u00e1ticas foi muito mais vari\u00e1vel e espec\u00edfica para cada esp\u00e9cie.<\/p>\n\n\n\n<div class=\"wp-block-image\"><figure class=\"aligncenter size-large\"><img loading=\"lazy\" decoding=\"async\" width=\"1000\" height=\"666\" src=\"https:\/\/jornalfatosenoticias.com.br\/wp-content\/uploads\/2023\/06\/aves-Europa_gettyimages.jpg\" alt=\"\" class=\"wp-image-42215\" srcset=\"https:\/\/jornalfatosenoticias.com.br\/wp-content\/uploads\/2023\/06\/aves-Europa_gettyimages.jpg 1000w, https:\/\/jornalfatosenoticias.com.br\/wp-content\/uploads\/2023\/06\/aves-Europa_gettyimages-300x200.jpg 300w, https:\/\/jornalfatosenoticias.com.br\/wp-content\/uploads\/2023\/06\/aves-Europa_gettyimages-768x511.jpg 768w\" sizes=\"auto, (max-width: 1000px) 100vw, 1000px\" \/><figcaption><em><span class=\"has-inline-color has-black-color\">(Foto: Getty Images)<\/span><\/em><\/figcaption><\/figure><\/div>\n\n\n\n<div class=\"wp-block-image\"><figure class=\"aligncenter size-large\"><img loading=\"lazy\" decoding=\"async\" width=\"1024\" height=\"111\" src=\"https:\/\/jornalfatosenoticias.com.br\/wp-content\/uploads\/2020\/02\/WhatsApp-Image-2022-09-23-at-12.09.18-1024x111.jpeg\" alt=\"\" class=\"wp-image-34527\" srcset=\"https:\/\/jornalfatosenoticias.com.br\/wp-content\/uploads\/2020\/02\/WhatsApp-Image-2022-09-23-at-12.09.18-1024x111.jpeg 1024w, https:\/\/jornalfatosenoticias.com.br\/wp-content\/uploads\/2020\/02\/WhatsApp-Image-2022-09-23-at-12.09.18-300x32.jpeg 300w, https:\/\/jornalfatosenoticias.com.br\/wp-content\/uploads\/2020\/02\/WhatsApp-Image-2022-09-23-at-12.09.18-768x83.jpeg 768w, https:\/\/jornalfatosenoticias.com.br\/wp-content\/uploads\/2020\/02\/WhatsApp-Image-2022-09-23-at-12.09.18.jpeg 1121w\" sizes=\"auto, (max-width: 1024px) 100vw, 1024px\" \/><\/figure><\/div>\n\n\n\n<p>Entre 1980 e 2016, as aves comuns na Europa diminu\u00edram em abund\u00e2ncia em um quarto. Mas o n\u00famero de aves agr\u00edcolas caiu mais da metade durante esse per\u00edodo. Tamb\u00e9m houve decl\u00ednios tanto nas aves florestais quanto nas urbanas, nas aves do norte, que preferem o frio, e at\u00e9 mesmo em algumas esp\u00e9cies de aves do sul, que preferem o calor \u2014 embora a tend\u00eancia geral neste \u00faltimo grupo de aves seja de crescimento constante.<\/p>\n\n\n\n<div class=\"wp-block-image\"><figure class=\"aligncenter size-large is-resized\"><img loading=\"lazy\" decoding=\"async\" src=\"https:\/\/jornalfatosenoticias.com.br\/wp-content\/uploads\/2020\/02\/casa-do-torresmo_portal.jpg\" alt=\"\" class=\"wp-image-34472\" width=\"241\" height=\"241\" srcset=\"https:\/\/jornalfatosenoticias.com.br\/wp-content\/uploads\/2020\/02\/casa-do-torresmo_portal.jpg 300w, https:\/\/jornalfatosenoticias.com.br\/wp-content\/uploads\/2020\/02\/casa-do-torresmo_portal-150x150.jpg 150w\" sizes=\"auto, (max-width: 241px) 100vw, 241px\" \/><\/figure><\/div>\n\n\n\n<p>Uma das principais conclus\u00f5es do estudo \u00e9 que o grande uso de pesticidas e fertilizantes em fazendas em particular \u00e9 o fator mais significativo para o decl\u00ednio da popula\u00e7\u00e3o de aves em toda a Europa, incluindo o Reino Unido. De acordo com um dos pesquisadores, Aur\u00e9lien Audevard, \u00e0 PNAS, isso n\u00e3o \u00e9 uma grande surpresa \u2014 muitos estudos chegaram a essa conclus\u00e3o. Mas este \u00e9 o primeiro estudo a analisar as press\u00f5es antr\u00f3picas de uma s\u00f3 vez, usando alguns dos melhores dados dispon\u00edveis e m\u00e9todos estat\u00edsticos modernos. Os resultados s\u00e3o claros.<\/p>\n\n\n\n<div class=\"wp-block-image\"><figure class=\"aligncenter size-large is-resized\"><img loading=\"lazy\" decoding=\"async\" src=\"https:\/\/jornalfatosenoticias.com.br\/wp-content\/uploads\/2023\/04\/Logo_MasterMind.jpg\" alt=\"\" class=\"wp-image-40974\" width=\"272\" height=\"198\"\/><\/figure><\/div>\n\n\n\n<p>As pr\u00e1ticas agr\u00edcolas come\u00e7aram a mudar significativamente ap\u00f3s a segunda guerra mundial, quando os pa\u00edses introduziram medidas para aumentar a produ\u00e7\u00e3o das fazendas. No entanto, tais esfor\u00e7os para aumentar a produ\u00e7\u00e3o, incluindo uma crescente depend\u00eancia de pesticidas e fertilizantes, tiveram um custo significativo para as aves e outros animais selvagens e, de forma cr\u00edtica, para a sa\u00fade geral do meio ambiente.<\/p>\n\n\n\n<div class=\"wp-block-image\"><figure class=\"aligncenter size-large is-resized\"><img loading=\"lazy\" decoding=\"async\" src=\"https:\/\/jornalfatosenoticias.com.br\/wp-content\/uploads\/2022\/08\/arte-Casarao.jpg\" alt=\"\" class=\"wp-image-33178\" width=\"254\" height=\"212\"\/><\/figure><\/div>\n\n\n\n<p>Um relat\u00f3rio recente do governo do Reino Unido descobriu que a perda de biodiversidade, juntamente com as mudan\u00e7as clim\u00e1ticas, representava a maior amea\u00e7a de m\u00e9dio a longo prazo para a produ\u00e7\u00e3o dom\u00e9stica de alimentos. A perda da biodiversidade tem consequ\u00eancias para a sociedade muito al\u00e9m das esp\u00e9cies amea\u00e7adas de extin\u00e7\u00e3o.<\/p>\n\n\n\n<div class=\"wp-block-image\"><figure class=\"aligncenter size-large is-resized\"><img loading=\"lazy\" decoding=\"async\" src=\"https:\/\/jornalfatosenoticias.com.br\/wp-content\/uploads\/2022\/02\/Banner-2.png\" alt=\"\" class=\"wp-image-27877\" width=\"252\" height=\"210\"\/><\/figure><\/div>\n\n\n\n<p><strong><span class=\"has-inline-color has-vivid-green-cyan-color\">Como os agrot\u00f3xicos afetam as aves?<br><\/span><\/strong>De acordo com Audevard, as aves s\u00e3o afetadas principalmente por pesticidas e fertilizantes atrav\u00e9s da perda de alimentos, embora esses produtos qu\u00edmicos tamb\u00e9m possam afetar diretamente sua sa\u00fade. Os pesticidas s\u00e3o projetados para matar os insetos e invertebrados que os p\u00e1ssaros consomem. <\/p>\n\n\n\n<div class=\"wp-block-image\"><figure class=\"aligncenter size-large is-resized\"><img loading=\"lazy\" decoding=\"async\" src=\"https:\/\/jornalfatosenoticias.com.br\/wp-content\/uploads\/2023\/03\/logo_Juliana-Graca.jpg\" alt=\"\" class=\"wp-image-39283\" width=\"269\" height=\"199\"\/><\/figure><\/div>\n\n\n\n<p>Os fertilizantes mudam o tipo de planta que cresce em um ambiente, muitas vezes em detrimento de uma grande variedade de esp\u00e9cies. Os invertebrados precisam dessa vegeta\u00e7\u00e3o para se alimentar e se abrigar, e os p\u00e1ssaros tamb\u00e9m precisam dela \u2014 assim como os invertebrados.<\/p>\n\n\n\n<div class=\"wp-block-image\"><figure class=\"aligncenter size-large\"><img decoding=\"async\" src=\"https:\/\/jornalfatosenoticias.com.br\/wp-content\/uploads\/2020\/02\/logo_esteio.jpg\" alt=\"\" class=\"wp-image-1214\"\/><\/figure><\/div>\n\n\n\n<p>Os invertebrados s\u00e3o uma parte importante da dieta de muitas esp\u00e9cies de aves, mas s\u00e3o combust\u00edvel de foguete para os filhotes em crescimento, que s\u00e3o o motor do crescimento populacional. Os invertebrados s\u00e3o particularmente importantes durante o per\u00edodo de reprodu\u00e7\u00e3o para mais de 80% das aves do estudo. Por isso, a dram\u00e1tica perda de insetos tem um impacto profundo nas aves.<\/p>\n\n\n\n<p><strong><em>Fonte: <a href=\"https:\/\/espacoecologico.com.br\/a-europa-perdeu-mais-de-meio-bilhao-de-aves-em-40-anos-a-maior-causa-agrotoxicos-e-fertilizantes\/\">Espa\u00e7o Ecol\u00f3gico<\/a><\/em><\/strong><\/p>\n","protected":false},"excerpt":{"rendered":"<p>Cerca de 550 milh\u00f5es de aves foram perdidas da popula\u00e7\u00e3o total da Europa. A maior causa? Agrot\u00f3xicos e fertilizantes Dados sobre o decl\u00ednio da biodiversidade s\u00e3o irregulares \u2014 restritos a algumas causas, alguns lugares e algumas esp\u00e9cies. Entretanto, esse n\u00e3o \u00e9 o caso dos p\u00e1ssaros na Europa, de acordo com levantamento de dados publicado na [&hellip;]<\/p>\n","protected":false},"author":2,"featured_media":42216,"comment_status":"open","ping_status":"open","sticky":false,"template":"","format":"standard","meta":{"footnotes":""},"categories":[8],"tags":[1016,321,125,19864,360,180],"class_list":["post-42214","post","type-post","status-publish","format-standard","has-post-thumbnail","hentry","category-meio-ambiente","tag-agrotoxicos","tag-aves","tag-europa","tag-morte-de-aves","tag-mudancas-climaticas","tag-passaros"],"yoast_head":"<!-- This site is optimized with the Yoast SEO plugin v26.5 - https:\/\/yoast.com\/wordpress\/plugins\/seo\/ -->\n<title>A Europa perdeu mais de meio bilh\u00e3o de aves em 40 anos - Jornal Fatos e Not\u00edcias<\/title>\n<meta name=\"robots\" content=\"index, follow, max-snippet:-1, max-image-preview:large, max-video-preview:-1\" \/>\n<link rel=\"canonical\" href=\"https:\/\/jornalfatosenoticias.com.br\/index.php\/2023\/06\/08\/a-europa-perdeu-mais-de-meio-bilhao-de-aves-em-40-anos\/\" \/>\n<meta property=\"og:locale\" content=\"pt_BR\" \/>\n<meta property=\"og:type\" content=\"article\" \/>\n<meta property=\"og:title\" content=\"A Europa perdeu mais de meio bilh\u00e3o de aves em 40 anos - Jornal Fatos e Not\u00edcias\" \/>\n<meta property=\"og:description\" content=\"Cerca de 550 milh\u00f5es de aves foram perdidas da popula\u00e7\u00e3o total da Europa. A maior causa? Agrot\u00f3xicos e fertilizantes Dados sobre o decl\u00ednio da biodiversidade s\u00e3o irregulares \u2014 restritos a algumas causas, alguns lugares e algumas esp\u00e9cies. Entretanto, esse n\u00e3o \u00e9 o caso dos p\u00e1ssaros na Europa, de acordo com levantamento de dados publicado na [&hellip;]\" \/>\n<meta property=\"og:url\" content=\"https:\/\/jornalfatosenoticias.com.br\/index.php\/2023\/06\/08\/a-europa-perdeu-mais-de-meio-bilhao-de-aves-em-40-anos\/\" \/>\n<meta property=\"og:site_name\" content=\"Jornal Fatos e Not\u00edcias\" \/>\n<meta property=\"article:published_time\" content=\"2023-06-08T17:27:32+00:00\" \/>\n<meta property=\"article:modified_time\" content=\"2023-06-08T17:27:33+00:00\" \/>\n<meta property=\"og:image\" content=\"https:\/\/jornalfatosenoticias.com.br\/wp-content\/uploads\/2023\/06\/passaro-europa_capa.jpg\" \/>\n\t<meta property=\"og:image:width\" content=\"1000\" \/>\n\t<meta property=\"og:image:height\" content=\"592\" \/>\n\t<meta property=\"og:image:type\" content=\"image\/jpeg\" \/>\n<meta name=\"author\" content=\"Luzimara Fernandes\" \/>\n<meta name=\"twitter:card\" content=\"summary_large_image\" \/>\n<meta name=\"twitter:label1\" content=\"Escrito por\" \/>\n\t<meta name=\"twitter:data1\" content=\"Luzimara Fernandes\" \/>\n\t<meta name=\"twitter:label2\" content=\"Est. tempo de leitura\" \/>\n\t<meta name=\"twitter:data2\" content=\"4 minutos\" \/>\n<script type=\"application\/ld+json\" class=\"yoast-schema-graph\">{\"@context\":\"https:\/\/schema.org\",\"@graph\":[{\"@type\":\"Article\",\"@id\":\"https:\/\/jornalfatosenoticias.com.br\/index.php\/2023\/06\/08\/a-europa-perdeu-mais-de-meio-bilhao-de-aves-em-40-anos\/#article\",\"isPartOf\":{\"@id\":\"https:\/\/jornalfatosenoticias.com.br\/index.php\/2023\/06\/08\/a-europa-perdeu-mais-de-meio-bilhao-de-aves-em-40-anos\/\"},\"author\":{\"name\":\"Luzimara Fernandes\",\"@id\":\"https:\/\/jornalfatosenoticias.com.br\/#\/schema\/person\/d63837fa13ac8666eb9e74e0985d6f81\"},\"headline\":\"A Europa perdeu mais de meio bilh\u00e3o de aves em 40 anos\",\"datePublished\":\"2023-06-08T17:27:32+00:00\",\"dateModified\":\"2023-06-08T17:27:33+00:00\",\"mainEntityOfPage\":{\"@id\":\"https:\/\/jornalfatosenoticias.com.br\/index.php\/2023\/06\/08\/a-europa-perdeu-mais-de-meio-bilhao-de-aves-em-40-anos\/\"},\"wordCount\":836,\"commentCount\":0,\"publisher\":{\"@id\":\"https:\/\/jornalfatosenoticias.com.br\/#organization\"},\"image\":{\"@id\":\"https:\/\/jornalfatosenoticias.com.br\/index.php\/2023\/06\/08\/a-europa-perdeu-mais-de-meio-bilhao-de-aves-em-40-anos\/#primaryimage\"},\"thumbnailUrl\":\"https:\/\/jornalfatosenoticias.com.br\/wp-content\/uploads\/2023\/06\/passaro-europa_capa.jpg\",\"keywords\":[\"agrot\u00f3xicos\",\"aves\",\"Europa\",\"morte de aves\",\"mudan\u00e7as clim\u00e1ticas\",\"p\u00e1ssaros\"],\"articleSection\":[\"Meio ambiente\"],\"inLanguage\":\"pt-BR\",\"potentialAction\":[{\"@type\":\"CommentAction\",\"name\":\"Comment\",\"target\":[\"https:\/\/jornalfatosenoticias.com.br\/index.php\/2023\/06\/08\/a-europa-perdeu-mais-de-meio-bilhao-de-aves-em-40-anos\/#respond\"]}]},{\"@type\":\"WebPage\",\"@id\":\"https:\/\/jornalfatosenoticias.com.br\/index.php\/2023\/06\/08\/a-europa-perdeu-mais-de-meio-bilhao-de-aves-em-40-anos\/\",\"url\":\"https:\/\/jornalfatosenoticias.com.br\/index.php\/2023\/06\/08\/a-europa-perdeu-mais-de-meio-bilhao-de-aves-em-40-anos\/\",\"name\":\"A Europa perdeu mais de meio bilh\u00e3o de aves em 40 anos - Jornal Fatos e Not\u00edcias\",\"isPartOf\":{\"@id\":\"https:\/\/jornalfatosenoticias.com.br\/#website\"},\"primaryImageOfPage\":{\"@id\":\"https:\/\/jornalfatosenoticias.com.br\/index.php\/2023\/06\/08\/a-europa-perdeu-mais-de-meio-bilhao-de-aves-em-40-anos\/#primaryimage\"},\"image\":{\"@id\":\"https:\/\/jornalfatosenoticias.com.br\/index.php\/2023\/06\/08\/a-europa-perdeu-mais-de-meio-bilhao-de-aves-em-40-anos\/#primaryimage\"},\"thumbnailUrl\":\"https:\/\/jornalfatosenoticias.com.br\/wp-content\/uploads\/2023\/06\/passaro-europa_capa.jpg\",\"datePublished\":\"2023-06-08T17:27:32+00:00\",\"dateModified\":\"2023-06-08T17:27:33+00:00\",\"breadcrumb\":{\"@id\":\"https:\/\/jornalfatosenoticias.com.br\/index.php\/2023\/06\/08\/a-europa-perdeu-mais-de-meio-bilhao-de-aves-em-40-anos\/#breadcrumb\"},\"inLanguage\":\"pt-BR\",\"potentialAction\":[{\"@type\":\"ReadAction\",\"target\":[\"https:\/\/jornalfatosenoticias.com.br\/index.php\/2023\/06\/08\/a-europa-perdeu-mais-de-meio-bilhao-de-aves-em-40-anos\/\"]}]},{\"@type\":\"ImageObject\",\"inLanguage\":\"pt-BR\",\"@id\":\"https:\/\/jornalfatosenoticias.com.br\/index.php\/2023\/06\/08\/a-europa-perdeu-mais-de-meio-bilhao-de-aves-em-40-anos\/#primaryimage\",\"url\":\"https:\/\/jornalfatosenoticias.com.br\/wp-content\/uploads\/2023\/06\/passaro-europa_capa.jpg\",\"contentUrl\":\"https:\/\/jornalfatosenoticias.com.br\/wp-content\/uploads\/2023\/06\/passaro-europa_capa.jpg\",\"width\":1000,\"height\":592},{\"@type\":\"BreadcrumbList\",\"@id\":\"https:\/\/jornalfatosenoticias.com.br\/index.php\/2023\/06\/08\/a-europa-perdeu-mais-de-meio-bilhao-de-aves-em-40-anos\/#breadcrumb\",\"itemListElement\":[{\"@type\":\"ListItem\",\"position\":1,\"name\":\"In\u00edcio\",\"item\":\"https:\/\/jornalfatosenoticias.com.br\/\"},{\"@type\":\"ListItem\",\"position\":2,\"name\":\"A Europa perdeu mais de meio bilh\u00e3o de aves em 40 anos\"}]},{\"@type\":\"WebSite\",\"@id\":\"https:\/\/jornalfatosenoticias.com.br\/#website\",\"url\":\"https:\/\/jornalfatosenoticias.com.br\/\",\"name\":\"Jornal Fatos e Not\u00edcias\",\"description\":\"Not\u00edcias em geral\",\"publisher\":{\"@id\":\"https:\/\/jornalfatosenoticias.com.br\/#organization\"},\"potentialAction\":[{\"@type\":\"SearchAction\",\"target\":{\"@type\":\"EntryPoint\",\"urlTemplate\":\"https:\/\/jornalfatosenoticias.com.br\/?s={search_term_string}\"},\"query-input\":{\"@type\":\"PropertyValueSpecification\",\"valueRequired\":true,\"valueName\":\"search_term_string\"}}],\"inLanguage\":\"pt-BR\"},{\"@type\":\"Organization\",\"@id\":\"https:\/\/jornalfatosenoticias.com.br\/#organization\",\"name\":\"Jornal Fatos e Not\u00edcias\",\"url\":\"https:\/\/jornalfatosenoticias.com.br\/\",\"logo\":{\"@type\":\"ImageObject\",\"inLanguage\":\"pt-BR\",\"@id\":\"https:\/\/jornalfatosenoticias.com.br\/#\/schema\/logo\/image\/\",\"url\":\"https:\/\/jornalfatosenoticias.com.br\/wp-content\/uploads\/2020\/02\/logo120.png\",\"contentUrl\":\"https:\/\/jornalfatosenoticias.com.br\/wp-content\/uploads\/2020\/02\/logo120.png\",\"width\":1227,\"height\":120,\"caption\":\"Jornal Fatos e Not\u00edcias\"},\"image\":{\"@id\":\"https:\/\/jornalfatosenoticias.com.br\/#\/schema\/logo\/image\/\"}},{\"@type\":\"Person\",\"@id\":\"https:\/\/jornalfatosenoticias.com.br\/#\/schema\/person\/d63837fa13ac8666eb9e74e0985d6f81\",\"name\":\"Luzimara Fernandes\",\"image\":{\"@type\":\"ImageObject\",\"inLanguage\":\"pt-BR\",\"@id\":\"https:\/\/jornalfatosenoticias.com.br\/#\/schema\/person\/image\/\",\"url\":\"https:\/\/jornalfatosenoticias.com.br\/wp-content\/uploads\/2025\/05\/EU_portal.jpg\",\"contentUrl\":\"https:\/\/jornalfatosenoticias.com.br\/wp-content\/uploads\/2025\/05\/EU_portal.jpg\",\"caption\":\"Luzimara Fernandes\"},\"description\":\"Jornalista MTB 2358-ES\",\"sameAs\":[\"https:\/\/jornalfatosenoticias.com.br\"],\"url\":\"https:\/\/jornalfatosenoticias.com.br\/index.php\/author\/luzimara\/\"}]}<\/script>\n<!-- \/ Yoast SEO plugin. -->","yoast_head_json":{"title":"A Europa perdeu mais de meio bilh\u00e3o de aves em 40 anos - Jornal Fatos e Not\u00edcias","robots":{"index":"index","follow":"follow","max-snippet":"max-snippet:-1","max-image-preview":"max-image-preview:large","max-video-preview":"max-video-preview:-1"},"canonical":"https:\/\/jornalfatosenoticias.com.br\/index.php\/2023\/06\/08\/a-europa-perdeu-mais-de-meio-bilhao-de-aves-em-40-anos\/","og_locale":"pt_BR","og_type":"article","og_title":"A Europa perdeu mais de meio bilh\u00e3o de aves em 40 anos - Jornal Fatos e Not\u00edcias","og_description":"Cerca de 550 milh\u00f5es de aves foram perdidas da popula\u00e7\u00e3o total da Europa. A maior causa? Agrot\u00f3xicos e fertilizantes Dados sobre o decl\u00ednio da biodiversidade s\u00e3o irregulares \u2014 restritos a algumas causas, alguns lugares e algumas esp\u00e9cies. Entretanto, esse n\u00e3o \u00e9 o caso dos p\u00e1ssaros na Europa, de acordo com levantamento de dados publicado na [&hellip;]","og_url":"https:\/\/jornalfatosenoticias.com.br\/index.php\/2023\/06\/08\/a-europa-perdeu-mais-de-meio-bilhao-de-aves-em-40-anos\/","og_site_name":"Jornal Fatos e Not\u00edcias","article_published_time":"2023-06-08T17:27:32+00:00","article_modified_time":"2023-06-08T17:27:33+00:00","og_image":[{"width":1000,"height":592,"url":"https:\/\/jornalfatosenoticias.com.br\/wp-content\/uploads\/2023\/06\/passaro-europa_capa.jpg","type":"image\/jpeg"}],"author":"Luzimara Fernandes","twitter_card":"summary_large_image","twitter_misc":{"Escrito por":"Luzimara Fernandes","Est. tempo de leitura":"4 minutos"},"schema":{"@context":"https:\/\/schema.org","@graph":[{"@type":"Article","@id":"https:\/\/jornalfatosenoticias.com.br\/index.php\/2023\/06\/08\/a-europa-perdeu-mais-de-meio-bilhao-de-aves-em-40-anos\/#article","isPartOf":{"@id":"https:\/\/jornalfatosenoticias.com.br\/index.php\/2023\/06\/08\/a-europa-perdeu-mais-de-meio-bilhao-de-aves-em-40-anos\/"},"author":{"name":"Luzimara Fernandes","@id":"https:\/\/jornalfatosenoticias.com.br\/#\/schema\/person\/d63837fa13ac8666eb9e74e0985d6f81"},"headline":"A Europa perdeu mais de meio bilh\u00e3o de aves em 40 anos","datePublished":"2023-06-08T17:27:32+00:00","dateModified":"2023-06-08T17:27:33+00:00","mainEntityOfPage":{"@id":"https:\/\/jornalfatosenoticias.com.br\/index.php\/2023\/06\/08\/a-europa-perdeu-mais-de-meio-bilhao-de-aves-em-40-anos\/"},"wordCount":836,"commentCount":0,"publisher":{"@id":"https:\/\/jornalfatosenoticias.com.br\/#organization"},"image":{"@id":"https:\/\/jornalfatosenoticias.com.br\/index.php\/2023\/06\/08\/a-europa-perdeu-mais-de-meio-bilhao-de-aves-em-40-anos\/#primaryimage"},"thumbnailUrl":"https:\/\/jornalfatosenoticias.com.br\/wp-content\/uploads\/2023\/06\/passaro-europa_capa.jpg","keywords":["agrot\u00f3xicos","aves","Europa","morte de aves","mudan\u00e7as clim\u00e1ticas","p\u00e1ssaros"],"articleSection":["Meio ambiente"],"inLanguage":"pt-BR","potentialAction":[{"@type":"CommentAction","name":"Comment","target":["https:\/\/jornalfatosenoticias.com.br\/index.php\/2023\/06\/08\/a-europa-perdeu-mais-de-meio-bilhao-de-aves-em-40-anos\/#respond"]}]},{"@type":"WebPage","@id":"https:\/\/jornalfatosenoticias.com.br\/index.php\/2023\/06\/08\/a-europa-perdeu-mais-de-meio-bilhao-de-aves-em-40-anos\/","url":"https:\/\/jornalfatosenoticias.com.br\/index.php\/2023\/06\/08\/a-europa-perdeu-mais-de-meio-bilhao-de-aves-em-40-anos\/","name":"A Europa perdeu mais de meio bilh\u00e3o de aves em 40 anos - Jornal Fatos e Not\u00edcias","isPartOf":{"@id":"https:\/\/jornalfatosenoticias.com.br\/#website"},"primaryImageOfPage":{"@id":"https:\/\/jornalfatosenoticias.com.br\/index.php\/2023\/06\/08\/a-europa-perdeu-mais-de-meio-bilhao-de-aves-em-40-anos\/#primaryimage"},"image":{"@id":"https:\/\/jornalfatosenoticias.com.br\/index.php\/2023\/06\/08\/a-europa-perdeu-mais-de-meio-bilhao-de-aves-em-40-anos\/#primaryimage"},"thumbnailUrl":"https:\/\/jornalfatosenoticias.com.br\/wp-content\/uploads\/2023\/06\/passaro-europa_capa.jpg","datePublished":"2023-06-08T17:27:32+00:00","dateModified":"2023-06-08T17:27:33+00:00","breadcrumb":{"@id":"https:\/\/jornalfatosenoticias.com.br\/index.php\/2023\/06\/08\/a-europa-perdeu-mais-de-meio-bilhao-de-aves-em-40-anos\/#breadcrumb"},"inLanguage":"pt-BR","potentialAction":[{"@type":"ReadAction","target":["https:\/\/jornalfatosenoticias.com.br\/index.php\/2023\/06\/08\/a-europa-perdeu-mais-de-meio-bilhao-de-aves-em-40-anos\/"]}]},{"@type":"ImageObject","inLanguage":"pt-BR","@id":"https:\/\/jornalfatosenoticias.com.br\/index.php\/2023\/06\/08\/a-europa-perdeu-mais-de-meio-bilhao-de-aves-em-40-anos\/#primaryimage","url":"https:\/\/jornalfatosenoticias.com.br\/wp-content\/uploads\/2023\/06\/passaro-europa_capa.jpg","contentUrl":"https:\/\/jornalfatosenoticias.com.br\/wp-content\/uploads\/2023\/06\/passaro-europa_capa.jpg","width":1000,"height":592},{"@type":"BreadcrumbList","@id":"https:\/\/jornalfatosenoticias.com.br\/index.php\/2023\/06\/08\/a-europa-perdeu-mais-de-meio-bilhao-de-aves-em-40-anos\/#breadcrumb","itemListElement":[{"@type":"ListItem","position":1,"name":"In\u00edcio","item":"https:\/\/jornalfatosenoticias.com.br\/"},{"@type":"ListItem","position":2,"name":"A Europa perdeu mais de meio bilh\u00e3o de aves em 40 anos"}]},{"@type":"WebSite","@id":"https:\/\/jornalfatosenoticias.com.br\/#website","url":"https:\/\/jornalfatosenoticias.com.br\/","name":"Jornal Fatos e Not\u00edcias","description":"Not\u00edcias em geral","publisher":{"@id":"https:\/\/jornalfatosenoticias.com.br\/#organization"},"potentialAction":[{"@type":"SearchAction","target":{"@type":"EntryPoint","urlTemplate":"https:\/\/jornalfatosenoticias.com.br\/?s={search_term_string}"},"query-input":{"@type":"PropertyValueSpecification","valueRequired":true,"valueName":"search_term_string"}}],"inLanguage":"pt-BR"},{"@type":"Organization","@id":"https:\/\/jornalfatosenoticias.com.br\/#organization","name":"Jornal Fatos e Not\u00edcias","url":"https:\/\/jornalfatosenoticias.com.br\/","logo":{"@type":"ImageObject","inLanguage":"pt-BR","@id":"https:\/\/jornalfatosenoticias.com.br\/#\/schema\/logo\/image\/","url":"https:\/\/jornalfatosenoticias.com.br\/wp-content\/uploads\/2020\/02\/logo120.png","contentUrl":"https:\/\/jornalfatosenoticias.com.br\/wp-content\/uploads\/2020\/02\/logo120.png","width":1227,"height":120,"caption":"Jornal Fatos e Not\u00edcias"},"image":{"@id":"https:\/\/jornalfatosenoticias.com.br\/#\/schema\/logo\/image\/"}},{"@type":"Person","@id":"https:\/\/jornalfatosenoticias.com.br\/#\/schema\/person\/d63837fa13ac8666eb9e74e0985d6f81","name":"Luzimara Fernandes","image":{"@type":"ImageObject","inLanguage":"pt-BR","@id":"https:\/\/jornalfatosenoticias.com.br\/#\/schema\/person\/image\/","url":"https:\/\/jornalfatosenoticias.com.br\/wp-content\/uploads\/2025\/05\/EU_portal.jpg","contentUrl":"https:\/\/jornalfatosenoticias.com.br\/wp-content\/uploads\/2025\/05\/EU_portal.jpg","caption":"Luzimara Fernandes"},"description":"Jornalista MTB 2358-ES","sameAs":["https:\/\/jornalfatosenoticias.com.br"],"url":"https:\/\/jornalfatosenoticias.com.br\/index.php\/author\/luzimara\/"}]}},"cc_featured_image_caption":{"caption_text":"(Foto: Freepik) ","source_text":"","source_url":""},"jetpack_featured_media_url":"https:\/\/jornalfatosenoticias.com.br\/wp-content\/uploads\/2023\/06\/passaro-europa_capa.jpg","_links":{"self":[{"href":"https:\/\/jornalfatosenoticias.com.br\/index.php\/wp-json\/wp\/v2\/posts\/42214","targetHints":{"allow":["GET"]}}],"collection":[{"href":"https:\/\/jornalfatosenoticias.com.br\/index.php\/wp-json\/wp\/v2\/posts"}],"about":[{"href":"https:\/\/jornalfatosenoticias.com.br\/index.php\/wp-json\/wp\/v2\/types\/post"}],"author":[{"embeddable":true,"href":"https:\/\/jornalfatosenoticias.com.br\/index.php\/wp-json\/wp\/v2\/users\/2"}],"replies":[{"embeddable":true,"href":"https:\/\/jornalfatosenoticias.com.br\/index.php\/wp-json\/wp\/v2\/comments?post=42214"}],"version-history":[{"count":0,"href":"https:\/\/jornalfatosenoticias.com.br\/index.php\/wp-json\/wp\/v2\/posts\/42214\/revisions"}],"wp:featuredmedia":[{"embeddable":true,"href":"https:\/\/jornalfatosenoticias.com.br\/index.php\/wp-json\/wp\/v2\/media\/42216"}],"wp:attachment":[{"href":"https:\/\/jornalfatosenoticias.com.br\/index.php\/wp-json\/wp\/v2\/media?parent=42214"}],"wp:term":[{"taxonomy":"category","embeddable":true,"href":"https:\/\/jornalfatosenoticias.com.br\/index.php\/wp-json\/wp\/v2\/categories?post=42214"},{"taxonomy":"post_tag","embeddable":true,"href":"https:\/\/jornalfatosenoticias.com.br\/index.php\/wp-json\/wp\/v2\/tags?post=42214"}],"curies":[{"name":"wp","href":"https:\/\/api.w.org\/{rel}","templated":true}]}}