{"id":42224,"date":"2023-06-08T14:43:15","date_gmt":"2023-06-08T17:43:15","guid":{"rendered":"https:\/\/jornalfatosenoticias.com.br\/?p=42224"},"modified":"2023-06-08T14:43:16","modified_gmt":"2023-06-08T17:43:16","slug":"mulheres-sao-as-mais-contratadas-na-educacao-privada-brasileira","status":"publish","type":"post","link":"https:\/\/jornalfatosenoticias.com.br\/index.php\/2023\/06\/08\/mulheres-sao-as-mais-contratadas-na-educacao-privada-brasileira\/","title":{"rendered":"Mulheres s\u00e3o as mais contratadas na educa\u00e7\u00e3o privada brasileira"},"content":{"rendered":"\n<p><em><span class=\"has-inline-color has-black-color\">Pesquisa feita pela empresa Sponte apresenta o perfil da doc\u00eancia no setor privado e revela tamb\u00e9m que, desde 2022, as escolas particulares t\u00eam contratado mais educadores(as), tendo um aumento de 60% quando comparado com 2019<\/span><\/em><\/p>\n\n\n\n<div class=\"wp-block-image\"><figure class=\"aligncenter size-large is-resized\"><img loading=\"lazy\" decoding=\"async\" src=\"https:\/\/jornalfatosenoticias.com.br\/wp-content\/uploads\/2022\/02\/FERRARI_MAQUINAS-E-FERRAMENTAS2.jpg\" alt=\"\" class=\"wp-image-27860\" width=\"244\" height=\"203\"\/><\/figure><\/div>\n\n\n\n<p>Um levantamento com mais de cinco mil institui\u00e7\u00f5es privadas de ensino para tra\u00e7ar o perfil do docente mais contratado no Pa\u00eds foi divulgado recentemente e constata que de todas as categorias analisadas \u2014 cursos livres, ensino profissionalizante, cursos t\u00e9cnicos, cursos de idiomas, educa\u00e7\u00e3o b\u00e1sica, educa\u00e7\u00e3o infantil e ensino superior \u2014 o perfil que prevalece \u00e9 o de mulheres de 21 a 40 anos. O estudo foi feito pela Sponte, vertical de educa\u00e7\u00e3o da Linx, empresa l\u00edder em tecnologia para o varejo.<\/p>\n\n\n\n<div class=\"wp-block-image\"><figure class=\"aligncenter size-large\"><img decoding=\"async\" src=\"https:\/\/jornalfatosenoticias.com.br\/wp-content\/uploads\/2020\/02\/barao-das-carnes-300x164-1.jpg\" alt=\"\" class=\"wp-image-34339\"\/><\/figure><\/div>\n\n\n\n<p>Os destaques, por\u00e9m, foram as regi\u00f5es Norte e Centro-Oeste, que apresentaram dados diferentes da tend\u00eancia nacional em uma das categorias. Nos estados do Norte, embora as mulheres sejam as mais contratadas, professoras entre 41 e 50 anos s\u00e3o maioria nas institui\u00e7\u00f5es de ensino superior. J\u00e1 nos estados do Centro-Oeste, somente institui\u00e7\u00f5es de ensino profissionalizante t\u00eam homens como o perfil mais contratado, sendo esses de 21 a 30 anos.<\/p>\n\n\n\n<div class=\"wp-block-image\"><figure class=\"aligncenter size-large is-resized\"><img loading=\"lazy\" decoding=\"async\" src=\"https:\/\/jornalfatosenoticias.com.br\/wp-content\/uploads\/2022\/07\/Logo-Grupo-SEI.jpg\" alt=\"\" class=\"wp-image-31973\" width=\"300\" height=\"157\" srcset=\"https:\/\/jornalfatosenoticias.com.br\/wp-content\/uploads\/2022\/07\/Logo-Grupo-SEI.jpg 713w, https:\/\/jornalfatosenoticias.com.br\/wp-content\/uploads\/2022\/07\/Logo-Grupo-SEI-300x158.jpg 300w\" sizes=\"auto, (max-width: 300px) 100vw, 300px\" \/><\/figure><\/div>\n\n\n\n<p>A pesquisa tamb\u00e9m apresentou um crescimento exponencial \u2014 chegando a 60% quando comparado 2019 com 2022 \u2014 de profissionais contratados na rede privada e que tende a permanecer em crescimento. <\/p>\n\n\n\n<div class=\"wp-block-image\"><figure class=\"aligncenter size-large is-resized\"><img loading=\"lazy\" decoding=\"async\" src=\"https:\/\/jornalfatosenoticias.com.br\/wp-content\/uploads\/2020\/02\/logo_esteio.jpg\" alt=\"\" class=\"wp-image-1214\" width=\"205\" height=\"171\"\/><\/figure><\/div>\n\n\n\n<p>Cristopher Morais, diretor de neg\u00f3cios da empresa, explica que \u201co cen\u00e1rio da educa\u00e7\u00e3o privada no Brasil passou por momentos complicados nos \u00faltimos anos por conta da pandemia da covid-19. Infelizmente, observamos o n\u00famero de professores registrados cair entre os anos de 2019 e 2020, por\u00e9m, em 2022, com o retorno absoluto das aulas presenciais, os n\u00fameros s\u00e3o positivos e temos uma crescente de docentes registrados em institui\u00e7\u00f5es privadas de ensino\u201d.<\/p>\n\n\n\n<div class=\"wp-block-image\"><figure class=\"aligncenter size-large is-resized\"><img loading=\"lazy\" decoding=\"async\" src=\"https:\/\/jornalfatosenoticias.com.br\/wp-content\/uploads\/2023\/03\/logo-Panper_portal.jpg\" alt=\"\" class=\"wp-image-40208\" width=\"254\" height=\"176\" srcset=\"https:\/\/jornalfatosenoticias.com.br\/wp-content\/uploads\/2023\/03\/logo-Panper_portal.jpg 400w, https:\/\/jornalfatosenoticias.com.br\/wp-content\/uploads\/2023\/03\/logo-Panper_portal-300x208.jpg 300w\" sizes=\"auto, (max-width: 254px) 100vw, 254px\" \/><\/figure><\/div>\n\n\n\n<p><strong><em>Fonte: <a href=\"https:\/\/revistaeducacao.com.br\/2023\/05\/31\/perfil-docente-mulheres\/\">Revista Educa\u00e7\u00e3o<\/a><\/em><\/strong><\/p>\n","protected":false},"excerpt":{"rendered":"<p>Pesquisa feita pela empresa Sponte apresenta o perfil da doc\u00eancia no setor privado e revela tamb\u00e9m que, desde 2022, as escolas particulares t\u00eam contratado mais educadores(as), tendo um aumento de 60% quando comparado com 2019 Um levantamento com mais de cinco mil institui\u00e7\u00f5es privadas de ensino para tra\u00e7ar o perfil do docente mais contratado no [&hellip;]<\/p>\n","protected":false},"author":2,"featured_media":42225,"comment_status":"open","ping_status":"open","sticky":false,"template":"","format":"standard","meta":{"footnotes":""},"categories":[7],"tags":[19868,9584,387,19869,19870],"class_list":["post-42224","post","type-post","status-publish","format-standard","has-post-thumbnail","hentry","category-educacao","tag-educacao-privada","tag-educadores","tag-mulheres","tag-perfil-docente","tag-sponte"],"yoast_head":"<!-- This site is optimized with the Yoast SEO plugin v26.5 - https:\/\/yoast.com\/wordpress\/plugins\/seo\/ -->\n<title>Mulheres s\u00e3o as mais contratadas na educa\u00e7\u00e3o privada brasileira - Jornal Fatos e Not\u00edcias<\/title>\n<meta name=\"robots\" content=\"index, follow, max-snippet:-1, max-image-preview:large, max-video-preview:-1\" \/>\n<link rel=\"canonical\" href=\"https:\/\/jornalfatosenoticias.com.br\/index.php\/2023\/06\/08\/mulheres-sao-as-mais-contratadas-na-educacao-privada-brasileira\/\" \/>\n<meta property=\"og:locale\" content=\"pt_BR\" \/>\n<meta property=\"og:type\" content=\"article\" \/>\n<meta property=\"og:title\" content=\"Mulheres s\u00e3o as mais contratadas na educa\u00e7\u00e3o privada brasileira - Jornal Fatos e Not\u00edcias\" \/>\n<meta property=\"og:description\" content=\"Pesquisa feita pela empresa Sponte apresenta o perfil da doc\u00eancia no setor privado e revela tamb\u00e9m que, desde 2022, as escolas particulares t\u00eam contratado mais educadores(as), tendo um aumento de 60% quando comparado com 2019 Um levantamento com mais de cinco mil institui\u00e7\u00f5es privadas de ensino para tra\u00e7ar o perfil do docente mais contratado no [&hellip;]\" \/>\n<meta property=\"og:url\" content=\"https:\/\/jornalfatosenoticias.com.br\/index.php\/2023\/06\/08\/mulheres-sao-as-mais-contratadas-na-educacao-privada-brasileira\/\" \/>\n<meta property=\"og:site_name\" content=\"Jornal Fatos e Not\u00edcias\" \/>\n<meta property=\"article:published_time\" content=\"2023-06-08T17:43:15+00:00\" \/>\n<meta property=\"article:modified_time\" content=\"2023-06-08T17:43:16+00:00\" \/>\n<meta property=\"og:image\" content=\"https:\/\/jornalfatosenoticias.com.br\/wp-content\/uploads\/2023\/06\/perfl-docente_Getty-Images.jpg\" \/>\n\t<meta property=\"og:image:width\" content=\"1000\" \/>\n\t<meta property=\"og:image:height\" content=\"634\" \/>\n\t<meta property=\"og:image:type\" content=\"image\/jpeg\" \/>\n<meta name=\"author\" content=\"Luzimara Fernandes\" \/>\n<meta name=\"twitter:card\" content=\"summary_large_image\" \/>\n<meta name=\"twitter:label1\" content=\"Escrito por\" \/>\n\t<meta name=\"twitter:data1\" content=\"Luzimara Fernandes\" \/>\n\t<meta name=\"twitter:label2\" content=\"Est. tempo de leitura\" \/>\n\t<meta name=\"twitter:data2\" content=\"1 minuto\" \/>\n<script type=\"application\/ld+json\" class=\"yoast-schema-graph\">{\"@context\":\"https:\/\/schema.org\",\"@graph\":[{\"@type\":\"Article\",\"@id\":\"https:\/\/jornalfatosenoticias.com.br\/index.php\/2023\/06\/08\/mulheres-sao-as-mais-contratadas-na-educacao-privada-brasileira\/#article\",\"isPartOf\":{\"@id\":\"https:\/\/jornalfatosenoticias.com.br\/index.php\/2023\/06\/08\/mulheres-sao-as-mais-contratadas-na-educacao-privada-brasileira\/\"},\"author\":{\"name\":\"Luzimara Fernandes\",\"@id\":\"https:\/\/jornalfatosenoticias.com.br\/#\/schema\/person\/d63837fa13ac8666eb9e74e0985d6f81\"},\"headline\":\"Mulheres s\u00e3o as mais contratadas na educa\u00e7\u00e3o privada brasileira\",\"datePublished\":\"2023-06-08T17:43:15+00:00\",\"dateModified\":\"2023-06-08T17:43:16+00:00\",\"mainEntityOfPage\":{\"@id\":\"https:\/\/jornalfatosenoticias.com.br\/index.php\/2023\/06\/08\/mulheres-sao-as-mais-contratadas-na-educacao-privada-brasileira\/\"},\"wordCount\":308,\"commentCount\":0,\"publisher\":{\"@id\":\"https:\/\/jornalfatosenoticias.com.br\/#organization\"},\"image\":{\"@id\":\"https:\/\/jornalfatosenoticias.com.br\/index.php\/2023\/06\/08\/mulheres-sao-as-mais-contratadas-na-educacao-privada-brasileira\/#primaryimage\"},\"thumbnailUrl\":\"https:\/\/jornalfatosenoticias.com.br\/wp-content\/uploads\/2023\/06\/perfl-docente_Getty-Images.jpg\",\"keywords\":[\"educa\u00e7\u00e3o privada\",\"educadores\",\"mulheres\",\"perfil docente\",\"Sponte\"],\"articleSection\":[\"Educa\u00e7\u00e3o\"],\"inLanguage\":\"pt-BR\",\"potentialAction\":[{\"@type\":\"CommentAction\",\"name\":\"Comment\",\"target\":[\"https:\/\/jornalfatosenoticias.com.br\/index.php\/2023\/06\/08\/mulheres-sao-as-mais-contratadas-na-educacao-privada-brasileira\/#respond\"]}]},{\"@type\":\"WebPage\",\"@id\":\"https:\/\/jornalfatosenoticias.com.br\/index.php\/2023\/06\/08\/mulheres-sao-as-mais-contratadas-na-educacao-privada-brasileira\/\",\"url\":\"https:\/\/jornalfatosenoticias.com.br\/index.php\/2023\/06\/08\/mulheres-sao-as-mais-contratadas-na-educacao-privada-brasileira\/\",\"name\":\"Mulheres s\u00e3o as mais contratadas na educa\u00e7\u00e3o privada brasileira - Jornal Fatos e Not\u00edcias\",\"isPartOf\":{\"@id\":\"https:\/\/jornalfatosenoticias.com.br\/#website\"},\"primaryImageOfPage\":{\"@id\":\"https:\/\/jornalfatosenoticias.com.br\/index.php\/2023\/06\/08\/mulheres-sao-as-mais-contratadas-na-educacao-privada-brasileira\/#primaryimage\"},\"image\":{\"@id\":\"https:\/\/jornalfatosenoticias.com.br\/index.php\/2023\/06\/08\/mulheres-sao-as-mais-contratadas-na-educacao-privada-brasileira\/#primaryimage\"},\"thumbnailUrl\":\"https:\/\/jornalfatosenoticias.com.br\/wp-content\/uploads\/2023\/06\/perfl-docente_Getty-Images.jpg\",\"datePublished\":\"2023-06-08T17:43:15+00:00\",\"dateModified\":\"2023-06-08T17:43:16+00:00\",\"breadcrumb\":{\"@id\":\"https:\/\/jornalfatosenoticias.com.br\/index.php\/2023\/06\/08\/mulheres-sao-as-mais-contratadas-na-educacao-privada-brasileira\/#breadcrumb\"},\"inLanguage\":\"pt-BR\",\"potentialAction\":[{\"@type\":\"ReadAction\",\"target\":[\"https:\/\/jornalfatosenoticias.com.br\/index.php\/2023\/06\/08\/mulheres-sao-as-mais-contratadas-na-educacao-privada-brasileira\/\"]}]},{\"@type\":\"ImageObject\",\"inLanguage\":\"pt-BR\",\"@id\":\"https:\/\/jornalfatosenoticias.com.br\/index.php\/2023\/06\/08\/mulheres-sao-as-mais-contratadas-na-educacao-privada-brasileira\/#primaryimage\",\"url\":\"https:\/\/jornalfatosenoticias.com.br\/wp-content\/uploads\/2023\/06\/perfl-docente_Getty-Images.jpg\",\"contentUrl\":\"https:\/\/jornalfatosenoticias.com.br\/wp-content\/uploads\/2023\/06\/perfl-docente_Getty-Images.jpg\",\"width\":1000,\"height\":634},{\"@type\":\"BreadcrumbList\",\"@id\":\"https:\/\/jornalfatosenoticias.com.br\/index.php\/2023\/06\/08\/mulheres-sao-as-mais-contratadas-na-educacao-privada-brasileira\/#breadcrumb\",\"itemListElement\":[{\"@type\":\"ListItem\",\"position\":1,\"name\":\"In\u00edcio\",\"item\":\"https:\/\/jornalfatosenoticias.com.br\/\"},{\"@type\":\"ListItem\",\"position\":2,\"name\":\"Mulheres s\u00e3o as mais contratadas na educa\u00e7\u00e3o privada brasileira\"}]},{\"@type\":\"WebSite\",\"@id\":\"https:\/\/jornalfatosenoticias.com.br\/#website\",\"url\":\"https:\/\/jornalfatosenoticias.com.br\/\",\"name\":\"Jornal Fatos e Not\u00edcias\",\"description\":\"Not\u00edcias em geral\",\"publisher\":{\"@id\":\"https:\/\/jornalfatosenoticias.com.br\/#organization\"},\"potentialAction\":[{\"@type\":\"SearchAction\",\"target\":{\"@type\":\"EntryPoint\",\"urlTemplate\":\"https:\/\/jornalfatosenoticias.com.br\/?s={search_term_string}\"},\"query-input\":{\"@type\":\"PropertyValueSpecification\",\"valueRequired\":true,\"valueName\":\"search_term_string\"}}],\"inLanguage\":\"pt-BR\"},{\"@type\":\"Organization\",\"@id\":\"https:\/\/jornalfatosenoticias.com.br\/#organization\",\"name\":\"Jornal Fatos e Not\u00edcias\",\"url\":\"https:\/\/jornalfatosenoticias.com.br\/\",\"logo\":{\"@type\":\"ImageObject\",\"inLanguage\":\"pt-BR\",\"@id\":\"https:\/\/jornalfatosenoticias.com.br\/#\/schema\/logo\/image\/\",\"url\":\"https:\/\/jornalfatosenoticias.com.br\/wp-content\/uploads\/2020\/02\/logo120.png\",\"contentUrl\":\"https:\/\/jornalfatosenoticias.com.br\/wp-content\/uploads\/2020\/02\/logo120.png\",\"width\":1227,\"height\":120,\"caption\":\"Jornal Fatos e Not\u00edcias\"},\"image\":{\"@id\":\"https:\/\/jornalfatosenoticias.com.br\/#\/schema\/logo\/image\/\"}},{\"@type\":\"Person\",\"@id\":\"https:\/\/jornalfatosenoticias.com.br\/#\/schema\/person\/d63837fa13ac8666eb9e74e0985d6f81\",\"name\":\"Luzimara Fernandes\",\"image\":{\"@type\":\"ImageObject\",\"inLanguage\":\"pt-BR\",\"@id\":\"https:\/\/jornalfatosenoticias.com.br\/#\/schema\/person\/image\/\",\"url\":\"https:\/\/jornalfatosenoticias.com.br\/wp-content\/uploads\/2025\/05\/EU_portal.jpg\",\"contentUrl\":\"https:\/\/jornalfatosenoticias.com.br\/wp-content\/uploads\/2025\/05\/EU_portal.jpg\",\"caption\":\"Luzimara Fernandes\"},\"description\":\"Jornalista MTB 2358-ES\",\"sameAs\":[\"https:\/\/jornalfatosenoticias.com.br\"],\"url\":\"https:\/\/jornalfatosenoticias.com.br\/index.php\/author\/luzimara\/\"}]}<\/script>\n<!-- \/ Yoast SEO plugin. -->","yoast_head_json":{"title":"Mulheres s\u00e3o as mais contratadas na educa\u00e7\u00e3o privada brasileira - Jornal Fatos e Not\u00edcias","robots":{"index":"index","follow":"follow","max-snippet":"max-snippet:-1","max-image-preview":"max-image-preview:large","max-video-preview":"max-video-preview:-1"},"canonical":"https:\/\/jornalfatosenoticias.com.br\/index.php\/2023\/06\/08\/mulheres-sao-as-mais-contratadas-na-educacao-privada-brasileira\/","og_locale":"pt_BR","og_type":"article","og_title":"Mulheres s\u00e3o as mais contratadas na educa\u00e7\u00e3o privada brasileira - Jornal Fatos e Not\u00edcias","og_description":"Pesquisa feita pela empresa Sponte apresenta o perfil da doc\u00eancia no setor privado e revela tamb\u00e9m que, desde 2022, as escolas particulares t\u00eam contratado mais educadores(as), tendo um aumento de 60% quando comparado com 2019 Um levantamento com mais de cinco mil institui\u00e7\u00f5es privadas de ensino para tra\u00e7ar o perfil do docente mais contratado no [&hellip;]","og_url":"https:\/\/jornalfatosenoticias.com.br\/index.php\/2023\/06\/08\/mulheres-sao-as-mais-contratadas-na-educacao-privada-brasileira\/","og_site_name":"Jornal Fatos e Not\u00edcias","article_published_time":"2023-06-08T17:43:15+00:00","article_modified_time":"2023-06-08T17:43:16+00:00","og_image":[{"width":1000,"height":634,"url":"https:\/\/jornalfatosenoticias.com.br\/wp-content\/uploads\/2023\/06\/perfl-docente_Getty-Images.jpg","type":"image\/jpeg"}],"author":"Luzimara Fernandes","twitter_card":"summary_large_image","twitter_misc":{"Escrito por":"Luzimara Fernandes","Est. tempo de leitura":"1 minuto"},"schema":{"@context":"https:\/\/schema.org","@graph":[{"@type":"Article","@id":"https:\/\/jornalfatosenoticias.com.br\/index.php\/2023\/06\/08\/mulheres-sao-as-mais-contratadas-na-educacao-privada-brasileira\/#article","isPartOf":{"@id":"https:\/\/jornalfatosenoticias.com.br\/index.php\/2023\/06\/08\/mulheres-sao-as-mais-contratadas-na-educacao-privada-brasileira\/"},"author":{"name":"Luzimara Fernandes","@id":"https:\/\/jornalfatosenoticias.com.br\/#\/schema\/person\/d63837fa13ac8666eb9e74e0985d6f81"},"headline":"Mulheres s\u00e3o as mais contratadas na educa\u00e7\u00e3o privada brasileira","datePublished":"2023-06-08T17:43:15+00:00","dateModified":"2023-06-08T17:43:16+00:00","mainEntityOfPage":{"@id":"https:\/\/jornalfatosenoticias.com.br\/index.php\/2023\/06\/08\/mulheres-sao-as-mais-contratadas-na-educacao-privada-brasileira\/"},"wordCount":308,"commentCount":0,"publisher":{"@id":"https:\/\/jornalfatosenoticias.com.br\/#organization"},"image":{"@id":"https:\/\/jornalfatosenoticias.com.br\/index.php\/2023\/06\/08\/mulheres-sao-as-mais-contratadas-na-educacao-privada-brasileira\/#primaryimage"},"thumbnailUrl":"https:\/\/jornalfatosenoticias.com.br\/wp-content\/uploads\/2023\/06\/perfl-docente_Getty-Images.jpg","keywords":["educa\u00e7\u00e3o privada","educadores","mulheres","perfil docente","Sponte"],"articleSection":["Educa\u00e7\u00e3o"],"inLanguage":"pt-BR","potentialAction":[{"@type":"CommentAction","name":"Comment","target":["https:\/\/jornalfatosenoticias.com.br\/index.php\/2023\/06\/08\/mulheres-sao-as-mais-contratadas-na-educacao-privada-brasileira\/#respond"]}]},{"@type":"WebPage","@id":"https:\/\/jornalfatosenoticias.com.br\/index.php\/2023\/06\/08\/mulheres-sao-as-mais-contratadas-na-educacao-privada-brasileira\/","url":"https:\/\/jornalfatosenoticias.com.br\/index.php\/2023\/06\/08\/mulheres-sao-as-mais-contratadas-na-educacao-privada-brasileira\/","name":"Mulheres s\u00e3o as mais contratadas na educa\u00e7\u00e3o privada brasileira - Jornal Fatos e Not\u00edcias","isPartOf":{"@id":"https:\/\/jornalfatosenoticias.com.br\/#website"},"primaryImageOfPage":{"@id":"https:\/\/jornalfatosenoticias.com.br\/index.php\/2023\/06\/08\/mulheres-sao-as-mais-contratadas-na-educacao-privada-brasileira\/#primaryimage"},"image":{"@id":"https:\/\/jornalfatosenoticias.com.br\/index.php\/2023\/06\/08\/mulheres-sao-as-mais-contratadas-na-educacao-privada-brasileira\/#primaryimage"},"thumbnailUrl":"https:\/\/jornalfatosenoticias.com.br\/wp-content\/uploads\/2023\/06\/perfl-docente_Getty-Images.jpg","datePublished":"2023-06-08T17:43:15+00:00","dateModified":"2023-06-08T17:43:16+00:00","breadcrumb":{"@id":"https:\/\/jornalfatosenoticias.com.br\/index.php\/2023\/06\/08\/mulheres-sao-as-mais-contratadas-na-educacao-privada-brasileira\/#breadcrumb"},"inLanguage":"pt-BR","potentialAction":[{"@type":"ReadAction","target":["https:\/\/jornalfatosenoticias.com.br\/index.php\/2023\/06\/08\/mulheres-sao-as-mais-contratadas-na-educacao-privada-brasileira\/"]}]},{"@type":"ImageObject","inLanguage":"pt-BR","@id":"https:\/\/jornalfatosenoticias.com.br\/index.php\/2023\/06\/08\/mulheres-sao-as-mais-contratadas-na-educacao-privada-brasileira\/#primaryimage","url":"https:\/\/jornalfatosenoticias.com.br\/wp-content\/uploads\/2023\/06\/perfl-docente_Getty-Images.jpg","contentUrl":"https:\/\/jornalfatosenoticias.com.br\/wp-content\/uploads\/2023\/06\/perfl-docente_Getty-Images.jpg","width":1000,"height":634},{"@type":"BreadcrumbList","@id":"https:\/\/jornalfatosenoticias.com.br\/index.php\/2023\/06\/08\/mulheres-sao-as-mais-contratadas-na-educacao-privada-brasileira\/#breadcrumb","itemListElement":[{"@type":"ListItem","position":1,"name":"In\u00edcio","item":"https:\/\/jornalfatosenoticias.com.br\/"},{"@type":"ListItem","position":2,"name":"Mulheres s\u00e3o as mais contratadas na educa\u00e7\u00e3o privada brasileira"}]},{"@type":"WebSite","@id":"https:\/\/jornalfatosenoticias.com.br\/#website","url":"https:\/\/jornalfatosenoticias.com.br\/","name":"Jornal Fatos e Not\u00edcias","description":"Not\u00edcias em geral","publisher":{"@id":"https:\/\/jornalfatosenoticias.com.br\/#organization"},"potentialAction":[{"@type":"SearchAction","target":{"@type":"EntryPoint","urlTemplate":"https:\/\/jornalfatosenoticias.com.br\/?s={search_term_string}"},"query-input":{"@type":"PropertyValueSpecification","valueRequired":true,"valueName":"search_term_string"}}],"inLanguage":"pt-BR"},{"@type":"Organization","@id":"https:\/\/jornalfatosenoticias.com.br\/#organization","name":"Jornal Fatos e Not\u00edcias","url":"https:\/\/jornalfatosenoticias.com.br\/","logo":{"@type":"ImageObject","inLanguage":"pt-BR","@id":"https:\/\/jornalfatosenoticias.com.br\/#\/schema\/logo\/image\/","url":"https:\/\/jornalfatosenoticias.com.br\/wp-content\/uploads\/2020\/02\/logo120.png","contentUrl":"https:\/\/jornalfatosenoticias.com.br\/wp-content\/uploads\/2020\/02\/logo120.png","width":1227,"height":120,"caption":"Jornal Fatos e Not\u00edcias"},"image":{"@id":"https:\/\/jornalfatosenoticias.com.br\/#\/schema\/logo\/image\/"}},{"@type":"Person","@id":"https:\/\/jornalfatosenoticias.com.br\/#\/schema\/person\/d63837fa13ac8666eb9e74e0985d6f81","name":"Luzimara Fernandes","image":{"@type":"ImageObject","inLanguage":"pt-BR","@id":"https:\/\/jornalfatosenoticias.com.br\/#\/schema\/person\/image\/","url":"https:\/\/jornalfatosenoticias.com.br\/wp-content\/uploads\/2025\/05\/EU_portal.jpg","contentUrl":"https:\/\/jornalfatosenoticias.com.br\/wp-content\/uploads\/2025\/05\/EU_portal.jpg","caption":"Luzimara Fernandes"},"description":"Jornalista MTB 2358-ES","sameAs":["https:\/\/jornalfatosenoticias.com.br"],"url":"https:\/\/jornalfatosenoticias.com.br\/index.php\/author\/luzimara\/"}]}},"cc_featured_image_caption":{"caption_text":"(Foto: Getty Images) ","source_text":"","source_url":""},"jetpack_featured_media_url":"https:\/\/jornalfatosenoticias.com.br\/wp-content\/uploads\/2023\/06\/perfl-docente_Getty-Images.jpg","_links":{"self":[{"href":"https:\/\/jornalfatosenoticias.com.br\/index.php\/wp-json\/wp\/v2\/posts\/42224","targetHints":{"allow":["GET"]}}],"collection":[{"href":"https:\/\/jornalfatosenoticias.com.br\/index.php\/wp-json\/wp\/v2\/posts"}],"about":[{"href":"https:\/\/jornalfatosenoticias.com.br\/index.php\/wp-json\/wp\/v2\/types\/post"}],"author":[{"embeddable":true,"href":"https:\/\/jornalfatosenoticias.com.br\/index.php\/wp-json\/wp\/v2\/users\/2"}],"replies":[{"embeddable":true,"href":"https:\/\/jornalfatosenoticias.com.br\/index.php\/wp-json\/wp\/v2\/comments?post=42224"}],"version-history":[{"count":0,"href":"https:\/\/jornalfatosenoticias.com.br\/index.php\/wp-json\/wp\/v2\/posts\/42224\/revisions"}],"wp:featuredmedia":[{"embeddable":true,"href":"https:\/\/jornalfatosenoticias.com.br\/index.php\/wp-json\/wp\/v2\/media\/42225"}],"wp:attachment":[{"href":"https:\/\/jornalfatosenoticias.com.br\/index.php\/wp-json\/wp\/v2\/media?parent=42224"}],"wp:term":[{"taxonomy":"category","embeddable":true,"href":"https:\/\/jornalfatosenoticias.com.br\/index.php\/wp-json\/wp\/v2\/categories?post=42224"},{"taxonomy":"post_tag","embeddable":true,"href":"https:\/\/jornalfatosenoticias.com.br\/index.php\/wp-json\/wp\/v2\/tags?post=42224"}],"curies":[{"name":"wp","href":"https:\/\/api.w.org\/{rel}","templated":true}]}}