{"id":42239,"date":"2023-06-09T11:23:39","date_gmt":"2023-06-09T14:23:39","guid":{"rendered":"https:\/\/jornalfatosenoticias.com.br\/?p=42239"},"modified":"2023-06-09T11:23:41","modified_gmt":"2023-06-09T14:23:41","slug":"macaco-aranha-raro-nasce-em-zoologico-no-reino-unido","status":"publish","type":"post","link":"https:\/\/jornalfatosenoticias.com.br\/index.php\/2023\/06\/09\/macaco-aranha-raro-nasce-em-zoologico-no-reino-unido\/","title":{"rendered":"Macaco-aranha raro nasce em zool\u00f3gico no Reino Unido"},"content":{"rendered":"\n<p><em><span class=\"has-inline-color has-black-color\">Por <\/span><\/em><strong><em><span class=\"has-inline-color has-black-color\"><a href=\"https:\/\/territoriosecreto.com.br\/author\/trajanoxavier\/\">Trajano Xavier<\/a><\/span><\/em><\/strong><\/p>\n\n\n\n<div class=\"wp-block-image\"><figure class=\"aligncenter size-large\"><img loading=\"lazy\" decoding=\"async\" width=\"729\" height=\"90\" src=\"https:\/\/jornalfatosenoticias.com.br\/wp-content\/uploads\/2020\/02\/Logo_Mizu.png\" alt=\"\" class=\"wp-image-1441\" srcset=\"https:\/\/jornalfatosenoticias.com.br\/wp-content\/uploads\/2020\/02\/Logo_Mizu.png 729w, https:\/\/jornalfatosenoticias.com.br\/wp-content\/uploads\/2020\/02\/Logo_Mizu-300x37.png 300w\" sizes=\"auto, (max-width: 729px) 100vw, 729px\" \/><\/figure><\/div>\n\n\n\n<p><a href=\"https:\/\/www.treehugger.com\/surprising-facts-spider-monkeys-4864486\">Os tratadores encontraram um macaco-aranha<\/a> rec\u00e9m-nascido sendo embalado por sua m\u00e3e em um zool\u00f3gico no Reino Unido. Este novo beb\u00ea no Zool\u00f3gico de Chester \u00e9 um macaco-aranha colombiano de cabe\u00e7a preta. Os pais s\u00e3o a m\u00e3e de 11 anos Kiara e o pai de 32 anos, Popoyan.<\/p>\n\n\n\n<blockquote class=\"wp-block-quote is-layout-flow wp-block-quote-is-layout-flow\"><p><span class=\"has-inline-color has-luminous-vivid-orange-color\">\u201cKiara \u00e9 uma m\u00e3e muito carinhosa e protetora. Ela a carregou perto e est\u00e1 sempre checando seu precioso rec\u00e9m-chegado\u201d, disse Nick Davis, vice-curador de mam\u00edferos e especialista em primatologia do zool\u00f3gico, ao Treehugger. \u201cEla \u00e9 uma m\u00e3e experiente, ent\u00e3o a maternidade \u00e9 muito natural para ela, e estamos vendo todos os sinais certos em seu comportamento com o filho. Por enquanto, ela est\u00e1 mantendo o beb\u00ea por perto at\u00e9 que se tornem fortes e confiantes o suficiente para procurar comida e escalar de forma independente\u201d.<\/span><\/p><\/blockquote>\n\n\n\n<div class=\"wp-block-image\"><figure class=\"aligncenter size-large is-resized\"><img loading=\"lazy\" decoding=\"async\" src=\"https:\/\/jornalfatosenoticias.com.br\/wp-content\/uploads\/2022\/08\/arte-Casarao.jpg\" alt=\"\" class=\"wp-image-33178\" width=\"274\" height=\"228\"\/><\/figure><\/div>\n\n\n\n<p>Os macacos-aranha colombianos (<em>Ateles fusciceps rufiventris<\/em>) s\u00e3o encontrados principalmente na Col\u00f4mbia e no Panam\u00e1. Eles s\u00e3o classificados como vulner\u00e1veis \u200b\u200bpela Uni\u00e3o Internacional para a Conserva\u00e7\u00e3o da Natureza (IUCN) e correm risco de extin\u00e7\u00e3o.<\/p>\n\n\n\n<div class=\"wp-block-image\"><figure class=\"aligncenter size-large\"><img decoding=\"async\" src=\"https:\/\/jornalfatosenoticias.com.br\/wp-content\/uploads\/2020\/02\/barao-das-carnes-300x164-1.jpg\" alt=\"\" class=\"wp-image-34339\"\/><\/figure><\/div>\n\n\n\n<p>Os pesquisadores acreditam que sua popula\u00e7\u00e3o caiu 30% ou mais nas \u00faltimas tr\u00eas gera\u00e7\u00f5es ou 45 anos. Os macacos est\u00e3o amea\u00e7ados pela perda cont\u00ednua de seu habitat na floresta tropical, bem como pela ca\u00e7a para carne de ca\u00e7a e com\u00e9rcio de animais de estima\u00e7\u00e3o. O raro beb\u00ea primata apoia um programa internacional de reprodu\u00e7\u00e3o que existe para ajudar a proteger a esp\u00e9cie, de acordo com o zool\u00f3gico.<\/p>\n\n\n\n<div class=\"wp-block-image\"><figure class=\"aligncenter size-large is-resized\"><img loading=\"lazy\" decoding=\"async\" src=\"https:\/\/jornalfatosenoticias.com.br\/wp-content\/uploads\/2022\/02\/Banner-2.png\" alt=\"\" class=\"wp-image-27877\" width=\"232\" height=\"193\"\/><\/figure><\/div>\n\n\n\n<blockquote class=\"wp-block-quote is-layout-flow wp-block-quote-is-layout-flow\"><p><span class=\"has-inline-color has-luminous-vivid-orange-color\">Os macacos-aranha colombianos s\u00e3o vulner\u00e1veis \u200b\u200b\u00e0 extin\u00e7\u00e3o e, portanto, o precioso rec\u00e9m-chegado de Kiara \u00e9 uma grande adi\u00e7\u00e3o ao programa internacional de cria\u00e7\u00e3o da esp\u00e9cie\u201d, disse Davis em um comunicado.<\/span><\/p><\/blockquote>\n\n\n\n<div class=\"wp-block-image\"><figure class=\"aligncenter size-large\"><img loading=\"lazy\" decoding=\"async\" width=\"1000\" height=\"701\" src=\"https:\/\/jornalfatosenoticias.com.br\/wp-content\/uploads\/2023\/06\/macaco-aranha2.jpg\" alt=\"\" class=\"wp-image-42240\" srcset=\"https:\/\/jornalfatosenoticias.com.br\/wp-content\/uploads\/2023\/06\/macaco-aranha2.jpg 1000w, https:\/\/jornalfatosenoticias.com.br\/wp-content\/uploads\/2023\/06\/macaco-aranha2-300x210.jpg 300w, https:\/\/jornalfatosenoticias.com.br\/wp-content\/uploads\/2023\/06\/macaco-aranha2-768x538.jpg 768w\" sizes=\"auto, (max-width: 1000px) 100vw, 1000px\" \/><figcaption><em><span class=\"has-inline-color has-black-color\">(Foto: Zool\u00f3gico de Chester)<\/span><\/em><\/figcaption><\/figure><\/div>\n\n\n\n<div class=\"wp-block-image\"><figure class=\"aligncenter size-large\"><img loading=\"lazy\" decoding=\"async\" width=\"1024\" height=\"110\" src=\"https:\/\/jornalfatosenoticias.com.br\/wp-content\/uploads\/2023\/03\/Crypton-1120-\u00d7-120-px-1-1024x110.png\" alt=\"\" class=\"wp-image-39211\" srcset=\"https:\/\/jornalfatosenoticias.com.br\/wp-content\/uploads\/2023\/03\/Crypton-1120-\u00d7-120-px-1-1024x110.png 1024w, https:\/\/jornalfatosenoticias.com.br\/wp-content\/uploads\/2023\/03\/Crypton-1120-\u00d7-120-px-1-300x32.png 300w, https:\/\/jornalfatosenoticias.com.br\/wp-content\/uploads\/2023\/03\/Crypton-1120-\u00d7-120-px-1-768x82.png 768w, https:\/\/jornalfatosenoticias.com.br\/wp-content\/uploads\/2023\/03\/Crypton-1120-\u00d7-120-px-1.png 1120w\" sizes=\"auto, (max-width: 1024px) 100vw, 1024px\" \/><\/figure><\/div>\n\n\n\n<p>\u201c\u00c9 fant\u00e1stico ver Kiara embalar seu novo beb\u00ea de perto \u2014 ela \u00e9 uma m\u00e3e experiente, ent\u00e3o voltou \u00e0 maternidade. O beb\u00ea come\u00e7ar\u00e1 a se aventurar ap\u00f3s cerca de seis meses, mas ficar\u00e1 perto da m\u00e3e por cerca de 12 meses, quando o pequeno estar\u00e1 forte e confiante o suficiente para procurar comida e escalar independentemente. Os cuidadores ainda n\u00e3o sabem o sexo do beb\u00ea, mas ser\u00e3o capazes de determinar se \u00e9 homem ou mulher assim que o beb\u00ea come\u00e7ar a deixar a m\u00e3e em alguns meses\u201d, diz Davis.<\/p>\n\n\n\n<div class=\"wp-block-image\"><figure class=\"aligncenter size-large is-resized\"><img loading=\"lazy\" decoding=\"async\" src=\"https:\/\/jornalfatosenoticias.com.br\/wp-content\/uploads\/2022\/07\/Logo-Grupo-SEI.jpg\" alt=\"\" class=\"wp-image-31973\" width=\"246\" height=\"129\" srcset=\"https:\/\/jornalfatosenoticias.com.br\/wp-content\/uploads\/2022\/07\/Logo-Grupo-SEI.jpg 713w, https:\/\/jornalfatosenoticias.com.br\/wp-content\/uploads\/2022\/07\/Logo-Grupo-SEI-300x158.jpg 300w\" sizes=\"auto, (max-width: 246px) 100vw, 246px\" \/><\/figure><\/div>\n\n\n\n<p><strong><span class=\"has-inline-color has-vivid-green-cyan-color\">Sobre macacos-aranha<br><\/span><\/strong>O macaco-aranha colombiano \u00e9 uma das esp\u00e9cies menos conhecidas, de acordo com o grupo de vida selvagem Neotropical Primate Conservation. \u00c9 uma subesp\u00e9cie do macaco-aranha de cabe\u00e7a marrom (<em>Ateles fusciceps<\/em>) que \u00e9 nativo da Col\u00f4mbia, Equador e Panam\u00e1.<\/p>\n\n\n\n<div class=\"wp-block-image\"><figure class=\"aligncenter size-large is-resized\"><img loading=\"lazy\" decoding=\"async\" src=\"https:\/\/jornalfatosenoticias.com.br\/wp-content\/uploads\/2023\/03\/logo-Panper_portal.jpg\" alt=\"\" class=\"wp-image-40208\" width=\"243\" height=\"168\" srcset=\"https:\/\/jornalfatosenoticias.com.br\/wp-content\/uploads\/2023\/03\/logo-Panper_portal.jpg 400w, https:\/\/jornalfatosenoticias.com.br\/wp-content\/uploads\/2023\/03\/logo-Panper_portal-300x208.jpg 300w\" sizes=\"auto, (max-width: 243px) 100vw, 243px\" \/><\/figure><\/div>\n\n\n\n<p>Os macacos-aranha t\u00eam corpos esguios e membros longos e finos. Eles balan\u00e7am, saltam e se penduram em galhos, suspensos por suas caudas. Eles t\u00eam cerca de 16 a 22 polegadas (40 a 55 cent\u00edmetros) de comprimento, mas suas caudas s\u00e3o muito mais longas que seus corpos e podem ter at\u00e9 34 polegadas (85 cent\u00edmetros) de comprimento. Sua cauda pre\u00eansil os ajuda a se mover e se segurar nos galhos enquanto usam as m\u00e3os para <a href=\"https:\/\/www.treehugger.com\/spider-monkeys-use-collective-computing-when-foraging-for-food-5072154\">coletar comida<\/a>.<br>Eles foram nomeados por sua apar\u00eancia geral de aranha, particularmente por sua apar\u00eancia quando est\u00e3o pendurados de cabe\u00e7a para baixo nas \u00e1rvores. Os macacos-aranha t\u00eam um filhote de cada vez, do qual a m\u00e3e normalmente cuida at\u00e9 que o beb\u00ea tenha cerca de 20 meses de idade.<\/p>\n\n\n\n<div class=\"wp-block-image\"><figure class=\"aligncenter size-large is-resized\"><img loading=\"lazy\" decoding=\"async\" src=\"https:\/\/jornalfatosenoticias.com.br\/wp-content\/uploads\/2020\/02\/logo-embacia.jpg\" alt=\"\" class=\"wp-image-33905\" width=\"237\" height=\"237\"\/><\/figure><\/div>\n\n\n\n<blockquote class=\"wp-block-quote is-layout-flow wp-block-quote-is-layout-flow\"><p><span class=\"has-inline-color has-luminous-vivid-orange-color\">S\u00e3o incrivelmente \u00e1geis e fascinantes de observar, passando a maior parte do tempo no alto das \u00e1rvores, saltando at\u00e9 uma dist\u00e2ncia de nove metros. Eles podem andar na posi\u00e7\u00e3o vertical e se comunicar por meio de vocaliza\u00e7\u00f5es relinchadas de alta frequ\u00eancia\u201d, disse Davis. \u201cA estrutura social de um grupo de macacos-aranha \u00e9 bem diferente da maioria das outras esp\u00e9cies de macacos e o grupo aqui em Chester provou ser realmente importante para nossa compreens\u00e3o cient\u00edfica mais ampla das esp\u00e9cies. Numerosos conservacionistas e pesquisadores estudaram os macacos-aranha aqui \u2014 desenvolvendo m\u00e9todos para registrar dados comportamentais que eles ent\u00e3o transferiram e aplicaram \u00e0 a\u00e7\u00e3o vital de conserva\u00e7\u00e3o no campo\u201d.<\/span><\/p><\/blockquote>\n\n\n\n<p><strong><em>Fonte: <a href=\"https:\/\/territoriosecreto.com.br\/macaco-aranha-raro-nasce-em-zoologico-no-reino-unido\/\">Territ\u00f3rio Secreto<\/a><\/em><\/strong><\/p>\n","protected":false},"excerpt":{"rendered":"<p>Por Trajano Xavier Os tratadores encontraram um macaco-aranha rec\u00e9m-nascido sendo embalado por sua m\u00e3e em um zool\u00f3gico no Reino Unido. Este novo beb\u00ea no Zool\u00f3gico de Chester \u00e9 um macaco-aranha colombiano de cabe\u00e7a preta. Os pais s\u00e3o a m\u00e3e de 11 anos Kiara e o pai de 32 anos, Popoyan. \u201cKiara \u00e9 uma m\u00e3e muito [&hellip;]<\/p>\n","protected":false},"author":2,"featured_media":42241,"comment_status":"open","ping_status":"open","sticky":false,"template":"","format":"standard","meta":{"footnotes":""},"categories":[8],"tags":[213,19879,2834,1698,19880],"class_list":["post-42239","post","type-post","status-publish","format-standard","has-post-thumbnail","hentry","category-meio-ambiente","tag-filhote","tag-macaco-aranha","tag-reino-unido","tag-zoologico","tag-zoologico-de-chester"],"yoast_head":"<!-- This site is optimized with the Yoast SEO plugin v26.5 - https:\/\/yoast.com\/wordpress\/plugins\/seo\/ -->\n<title>Macaco-aranha raro nasce em zool\u00f3gico no Reino Unido - Jornal Fatos e Not\u00edcias<\/title>\n<meta name=\"robots\" content=\"index, follow, max-snippet:-1, max-image-preview:large, max-video-preview:-1\" \/>\n<link rel=\"canonical\" href=\"https:\/\/jornalfatosenoticias.com.br\/index.php\/2023\/06\/09\/macaco-aranha-raro-nasce-em-zoologico-no-reino-unido\/\" \/>\n<meta property=\"og:locale\" content=\"pt_BR\" \/>\n<meta property=\"og:type\" content=\"article\" \/>\n<meta property=\"og:title\" content=\"Macaco-aranha raro nasce em zool\u00f3gico no Reino Unido - Jornal Fatos e Not\u00edcias\" \/>\n<meta property=\"og:description\" content=\"Por Trajano Xavier Os tratadores encontraram um macaco-aranha rec\u00e9m-nascido sendo embalado por sua m\u00e3e em um zool\u00f3gico no Reino Unido. Este novo beb\u00ea no Zool\u00f3gico de Chester \u00e9 um macaco-aranha colombiano de cabe\u00e7a preta. Os pais s\u00e3o a m\u00e3e de 11 anos Kiara e o pai de 32 anos, Popoyan. \u201cKiara \u00e9 uma m\u00e3e muito [&hellip;]\" \/>\n<meta property=\"og:url\" content=\"https:\/\/jornalfatosenoticias.com.br\/index.php\/2023\/06\/09\/macaco-aranha-raro-nasce-em-zoologico-no-reino-unido\/\" \/>\n<meta property=\"og:site_name\" content=\"Jornal Fatos e Not\u00edcias\" \/>\n<meta property=\"article:published_time\" content=\"2023-06-09T14:23:39+00:00\" \/>\n<meta property=\"article:modified_time\" content=\"2023-06-09T14:23:41+00:00\" \/>\n<meta property=\"og:image\" content=\"https:\/\/jornalfatosenoticias.com.br\/wp-content\/uploads\/2023\/06\/macaco-aranha.jpg\" \/>\n\t<meta property=\"og:image:width\" content=\"1000\" \/>\n\t<meta property=\"og:image:height\" content=\"654\" \/>\n\t<meta property=\"og:image:type\" content=\"image\/jpeg\" \/>\n<meta name=\"author\" content=\"Luzimara Fernandes\" \/>\n<meta name=\"twitter:card\" content=\"summary_large_image\" \/>\n<meta name=\"twitter:label1\" content=\"Escrito por\" \/>\n\t<meta name=\"twitter:data1\" content=\"Luzimara Fernandes\" \/>\n\t<meta name=\"twitter:label2\" content=\"Est. tempo de leitura\" \/>\n\t<meta name=\"twitter:data2\" content=\"3 minutos\" \/>\n<script type=\"application\/ld+json\" class=\"yoast-schema-graph\">{\"@context\":\"https:\/\/schema.org\",\"@graph\":[{\"@type\":\"Article\",\"@id\":\"https:\/\/jornalfatosenoticias.com.br\/index.php\/2023\/06\/09\/macaco-aranha-raro-nasce-em-zoologico-no-reino-unido\/#article\",\"isPartOf\":{\"@id\":\"https:\/\/jornalfatosenoticias.com.br\/index.php\/2023\/06\/09\/macaco-aranha-raro-nasce-em-zoologico-no-reino-unido\/\"},\"author\":{\"name\":\"Luzimara Fernandes\",\"@id\":\"https:\/\/jornalfatosenoticias.com.br\/#\/schema\/person\/d63837fa13ac8666eb9e74e0985d6f81\"},\"headline\":\"Macaco-aranha raro nasce em zool\u00f3gico no Reino Unido\",\"datePublished\":\"2023-06-09T14:23:39+00:00\",\"dateModified\":\"2023-06-09T14:23:41+00:00\",\"mainEntityOfPage\":{\"@id\":\"https:\/\/jornalfatosenoticias.com.br\/index.php\/2023\/06\/09\/macaco-aranha-raro-nasce-em-zoologico-no-reino-unido\/\"},\"wordCount\":694,\"commentCount\":0,\"publisher\":{\"@id\":\"https:\/\/jornalfatosenoticias.com.br\/#organization\"},\"image\":{\"@id\":\"https:\/\/jornalfatosenoticias.com.br\/index.php\/2023\/06\/09\/macaco-aranha-raro-nasce-em-zoologico-no-reino-unido\/#primaryimage\"},\"thumbnailUrl\":\"https:\/\/jornalfatosenoticias.com.br\/wp-content\/uploads\/2023\/06\/macaco-aranha.jpg\",\"keywords\":[\"filhote\",\"macaco-aranha\",\"Reino Unido\",\"zool\u00f3gico\",\"Zool\u00f3gico de Chester\"],\"articleSection\":[\"Meio ambiente\"],\"inLanguage\":\"pt-BR\",\"potentialAction\":[{\"@type\":\"CommentAction\",\"name\":\"Comment\",\"target\":[\"https:\/\/jornalfatosenoticias.com.br\/index.php\/2023\/06\/09\/macaco-aranha-raro-nasce-em-zoologico-no-reino-unido\/#respond\"]}]},{\"@type\":\"WebPage\",\"@id\":\"https:\/\/jornalfatosenoticias.com.br\/index.php\/2023\/06\/09\/macaco-aranha-raro-nasce-em-zoologico-no-reino-unido\/\",\"url\":\"https:\/\/jornalfatosenoticias.com.br\/index.php\/2023\/06\/09\/macaco-aranha-raro-nasce-em-zoologico-no-reino-unido\/\",\"name\":\"Macaco-aranha raro nasce em zool\u00f3gico no Reino Unido - Jornal Fatos e Not\u00edcias\",\"isPartOf\":{\"@id\":\"https:\/\/jornalfatosenoticias.com.br\/#website\"},\"primaryImageOfPage\":{\"@id\":\"https:\/\/jornalfatosenoticias.com.br\/index.php\/2023\/06\/09\/macaco-aranha-raro-nasce-em-zoologico-no-reino-unido\/#primaryimage\"},\"image\":{\"@id\":\"https:\/\/jornalfatosenoticias.com.br\/index.php\/2023\/06\/09\/macaco-aranha-raro-nasce-em-zoologico-no-reino-unido\/#primaryimage\"},\"thumbnailUrl\":\"https:\/\/jornalfatosenoticias.com.br\/wp-content\/uploads\/2023\/06\/macaco-aranha.jpg\",\"datePublished\":\"2023-06-09T14:23:39+00:00\",\"dateModified\":\"2023-06-09T14:23:41+00:00\",\"breadcrumb\":{\"@id\":\"https:\/\/jornalfatosenoticias.com.br\/index.php\/2023\/06\/09\/macaco-aranha-raro-nasce-em-zoologico-no-reino-unido\/#breadcrumb\"},\"inLanguage\":\"pt-BR\",\"potentialAction\":[{\"@type\":\"ReadAction\",\"target\":[\"https:\/\/jornalfatosenoticias.com.br\/index.php\/2023\/06\/09\/macaco-aranha-raro-nasce-em-zoologico-no-reino-unido\/\"]}]},{\"@type\":\"ImageObject\",\"inLanguage\":\"pt-BR\",\"@id\":\"https:\/\/jornalfatosenoticias.com.br\/index.php\/2023\/06\/09\/macaco-aranha-raro-nasce-em-zoologico-no-reino-unido\/#primaryimage\",\"url\":\"https:\/\/jornalfatosenoticias.com.br\/wp-content\/uploads\/2023\/06\/macaco-aranha.jpg\",\"contentUrl\":\"https:\/\/jornalfatosenoticias.com.br\/wp-content\/uploads\/2023\/06\/macaco-aranha.jpg\",\"width\":1000,\"height\":654},{\"@type\":\"BreadcrumbList\",\"@id\":\"https:\/\/jornalfatosenoticias.com.br\/index.php\/2023\/06\/09\/macaco-aranha-raro-nasce-em-zoologico-no-reino-unido\/#breadcrumb\",\"itemListElement\":[{\"@type\":\"ListItem\",\"position\":1,\"name\":\"In\u00edcio\",\"item\":\"https:\/\/jornalfatosenoticias.com.br\/\"},{\"@type\":\"ListItem\",\"position\":2,\"name\":\"Macaco-aranha raro nasce em zool\u00f3gico no Reino Unido\"}]},{\"@type\":\"WebSite\",\"@id\":\"https:\/\/jornalfatosenoticias.com.br\/#website\",\"url\":\"https:\/\/jornalfatosenoticias.com.br\/\",\"name\":\"Jornal Fatos e Not\u00edcias\",\"description\":\"Not\u00edcias em geral\",\"publisher\":{\"@id\":\"https:\/\/jornalfatosenoticias.com.br\/#organization\"},\"potentialAction\":[{\"@type\":\"SearchAction\",\"target\":{\"@type\":\"EntryPoint\",\"urlTemplate\":\"https:\/\/jornalfatosenoticias.com.br\/?s={search_term_string}\"},\"query-input\":{\"@type\":\"PropertyValueSpecification\",\"valueRequired\":true,\"valueName\":\"search_term_string\"}}],\"inLanguage\":\"pt-BR\"},{\"@type\":\"Organization\",\"@id\":\"https:\/\/jornalfatosenoticias.com.br\/#organization\",\"name\":\"Jornal Fatos e Not\u00edcias\",\"url\":\"https:\/\/jornalfatosenoticias.com.br\/\",\"logo\":{\"@type\":\"ImageObject\",\"inLanguage\":\"pt-BR\",\"@id\":\"https:\/\/jornalfatosenoticias.com.br\/#\/schema\/logo\/image\/\",\"url\":\"https:\/\/jornalfatosenoticias.com.br\/wp-content\/uploads\/2020\/02\/logo120.png\",\"contentUrl\":\"https:\/\/jornalfatosenoticias.com.br\/wp-content\/uploads\/2020\/02\/logo120.png\",\"width\":1227,\"height\":120,\"caption\":\"Jornal Fatos e Not\u00edcias\"},\"image\":{\"@id\":\"https:\/\/jornalfatosenoticias.com.br\/#\/schema\/logo\/image\/\"}},{\"@type\":\"Person\",\"@id\":\"https:\/\/jornalfatosenoticias.com.br\/#\/schema\/person\/d63837fa13ac8666eb9e74e0985d6f81\",\"name\":\"Luzimara Fernandes\",\"image\":{\"@type\":\"ImageObject\",\"inLanguage\":\"pt-BR\",\"@id\":\"https:\/\/jornalfatosenoticias.com.br\/#\/schema\/person\/image\/\",\"url\":\"https:\/\/jornalfatosenoticias.com.br\/wp-content\/uploads\/2025\/05\/EU_portal.jpg\",\"contentUrl\":\"https:\/\/jornalfatosenoticias.com.br\/wp-content\/uploads\/2025\/05\/EU_portal.jpg\",\"caption\":\"Luzimara Fernandes\"},\"description\":\"Jornalista MTB 2358-ES\",\"sameAs\":[\"https:\/\/jornalfatosenoticias.com.br\"],\"url\":\"https:\/\/jornalfatosenoticias.com.br\/index.php\/author\/luzimara\/\"}]}<\/script>\n<!-- \/ Yoast SEO plugin. -->","yoast_head_json":{"title":"Macaco-aranha raro nasce em zool\u00f3gico no Reino Unido - Jornal Fatos e Not\u00edcias","robots":{"index":"index","follow":"follow","max-snippet":"max-snippet:-1","max-image-preview":"max-image-preview:large","max-video-preview":"max-video-preview:-1"},"canonical":"https:\/\/jornalfatosenoticias.com.br\/index.php\/2023\/06\/09\/macaco-aranha-raro-nasce-em-zoologico-no-reino-unido\/","og_locale":"pt_BR","og_type":"article","og_title":"Macaco-aranha raro nasce em zool\u00f3gico no Reino Unido - Jornal Fatos e Not\u00edcias","og_description":"Por Trajano Xavier Os tratadores encontraram um macaco-aranha rec\u00e9m-nascido sendo embalado por sua m\u00e3e em um zool\u00f3gico no Reino Unido. Este novo beb\u00ea no Zool\u00f3gico de Chester \u00e9 um macaco-aranha colombiano de cabe\u00e7a preta. Os pais s\u00e3o a m\u00e3e de 11 anos Kiara e o pai de 32 anos, Popoyan. \u201cKiara \u00e9 uma m\u00e3e muito [&hellip;]","og_url":"https:\/\/jornalfatosenoticias.com.br\/index.php\/2023\/06\/09\/macaco-aranha-raro-nasce-em-zoologico-no-reino-unido\/","og_site_name":"Jornal Fatos e Not\u00edcias","article_published_time":"2023-06-09T14:23:39+00:00","article_modified_time":"2023-06-09T14:23:41+00:00","og_image":[{"width":1000,"height":654,"url":"https:\/\/jornalfatosenoticias.com.br\/wp-content\/uploads\/2023\/06\/macaco-aranha.jpg","type":"image\/jpeg"}],"author":"Luzimara Fernandes","twitter_card":"summary_large_image","twitter_misc":{"Escrito por":"Luzimara Fernandes","Est. tempo de leitura":"3 minutos"},"schema":{"@context":"https:\/\/schema.org","@graph":[{"@type":"Article","@id":"https:\/\/jornalfatosenoticias.com.br\/index.php\/2023\/06\/09\/macaco-aranha-raro-nasce-em-zoologico-no-reino-unido\/#article","isPartOf":{"@id":"https:\/\/jornalfatosenoticias.com.br\/index.php\/2023\/06\/09\/macaco-aranha-raro-nasce-em-zoologico-no-reino-unido\/"},"author":{"name":"Luzimara Fernandes","@id":"https:\/\/jornalfatosenoticias.com.br\/#\/schema\/person\/d63837fa13ac8666eb9e74e0985d6f81"},"headline":"Macaco-aranha raro nasce em zool\u00f3gico no Reino Unido","datePublished":"2023-06-09T14:23:39+00:00","dateModified":"2023-06-09T14:23:41+00:00","mainEntityOfPage":{"@id":"https:\/\/jornalfatosenoticias.com.br\/index.php\/2023\/06\/09\/macaco-aranha-raro-nasce-em-zoologico-no-reino-unido\/"},"wordCount":694,"commentCount":0,"publisher":{"@id":"https:\/\/jornalfatosenoticias.com.br\/#organization"},"image":{"@id":"https:\/\/jornalfatosenoticias.com.br\/index.php\/2023\/06\/09\/macaco-aranha-raro-nasce-em-zoologico-no-reino-unido\/#primaryimage"},"thumbnailUrl":"https:\/\/jornalfatosenoticias.com.br\/wp-content\/uploads\/2023\/06\/macaco-aranha.jpg","keywords":["filhote","macaco-aranha","Reino Unido","zool\u00f3gico","Zool\u00f3gico de Chester"],"articleSection":["Meio ambiente"],"inLanguage":"pt-BR","potentialAction":[{"@type":"CommentAction","name":"Comment","target":["https:\/\/jornalfatosenoticias.com.br\/index.php\/2023\/06\/09\/macaco-aranha-raro-nasce-em-zoologico-no-reino-unido\/#respond"]}]},{"@type":"WebPage","@id":"https:\/\/jornalfatosenoticias.com.br\/index.php\/2023\/06\/09\/macaco-aranha-raro-nasce-em-zoologico-no-reino-unido\/","url":"https:\/\/jornalfatosenoticias.com.br\/index.php\/2023\/06\/09\/macaco-aranha-raro-nasce-em-zoologico-no-reino-unido\/","name":"Macaco-aranha raro nasce em zool\u00f3gico no Reino Unido - Jornal Fatos e Not\u00edcias","isPartOf":{"@id":"https:\/\/jornalfatosenoticias.com.br\/#website"},"primaryImageOfPage":{"@id":"https:\/\/jornalfatosenoticias.com.br\/index.php\/2023\/06\/09\/macaco-aranha-raro-nasce-em-zoologico-no-reino-unido\/#primaryimage"},"image":{"@id":"https:\/\/jornalfatosenoticias.com.br\/index.php\/2023\/06\/09\/macaco-aranha-raro-nasce-em-zoologico-no-reino-unido\/#primaryimage"},"thumbnailUrl":"https:\/\/jornalfatosenoticias.com.br\/wp-content\/uploads\/2023\/06\/macaco-aranha.jpg","datePublished":"2023-06-09T14:23:39+00:00","dateModified":"2023-06-09T14:23:41+00:00","breadcrumb":{"@id":"https:\/\/jornalfatosenoticias.com.br\/index.php\/2023\/06\/09\/macaco-aranha-raro-nasce-em-zoologico-no-reino-unido\/#breadcrumb"},"inLanguage":"pt-BR","potentialAction":[{"@type":"ReadAction","target":["https:\/\/jornalfatosenoticias.com.br\/index.php\/2023\/06\/09\/macaco-aranha-raro-nasce-em-zoologico-no-reino-unido\/"]}]},{"@type":"ImageObject","inLanguage":"pt-BR","@id":"https:\/\/jornalfatosenoticias.com.br\/index.php\/2023\/06\/09\/macaco-aranha-raro-nasce-em-zoologico-no-reino-unido\/#primaryimage","url":"https:\/\/jornalfatosenoticias.com.br\/wp-content\/uploads\/2023\/06\/macaco-aranha.jpg","contentUrl":"https:\/\/jornalfatosenoticias.com.br\/wp-content\/uploads\/2023\/06\/macaco-aranha.jpg","width":1000,"height":654},{"@type":"BreadcrumbList","@id":"https:\/\/jornalfatosenoticias.com.br\/index.php\/2023\/06\/09\/macaco-aranha-raro-nasce-em-zoologico-no-reino-unido\/#breadcrumb","itemListElement":[{"@type":"ListItem","position":1,"name":"In\u00edcio","item":"https:\/\/jornalfatosenoticias.com.br\/"},{"@type":"ListItem","position":2,"name":"Macaco-aranha raro nasce em zool\u00f3gico no Reino Unido"}]},{"@type":"WebSite","@id":"https:\/\/jornalfatosenoticias.com.br\/#website","url":"https:\/\/jornalfatosenoticias.com.br\/","name":"Jornal Fatos e Not\u00edcias","description":"Not\u00edcias em geral","publisher":{"@id":"https:\/\/jornalfatosenoticias.com.br\/#organization"},"potentialAction":[{"@type":"SearchAction","target":{"@type":"EntryPoint","urlTemplate":"https:\/\/jornalfatosenoticias.com.br\/?s={search_term_string}"},"query-input":{"@type":"PropertyValueSpecification","valueRequired":true,"valueName":"search_term_string"}}],"inLanguage":"pt-BR"},{"@type":"Organization","@id":"https:\/\/jornalfatosenoticias.com.br\/#organization","name":"Jornal Fatos e Not\u00edcias","url":"https:\/\/jornalfatosenoticias.com.br\/","logo":{"@type":"ImageObject","inLanguage":"pt-BR","@id":"https:\/\/jornalfatosenoticias.com.br\/#\/schema\/logo\/image\/","url":"https:\/\/jornalfatosenoticias.com.br\/wp-content\/uploads\/2020\/02\/logo120.png","contentUrl":"https:\/\/jornalfatosenoticias.com.br\/wp-content\/uploads\/2020\/02\/logo120.png","width":1227,"height":120,"caption":"Jornal Fatos e Not\u00edcias"},"image":{"@id":"https:\/\/jornalfatosenoticias.com.br\/#\/schema\/logo\/image\/"}},{"@type":"Person","@id":"https:\/\/jornalfatosenoticias.com.br\/#\/schema\/person\/d63837fa13ac8666eb9e74e0985d6f81","name":"Luzimara Fernandes","image":{"@type":"ImageObject","inLanguage":"pt-BR","@id":"https:\/\/jornalfatosenoticias.com.br\/#\/schema\/person\/image\/","url":"https:\/\/jornalfatosenoticias.com.br\/wp-content\/uploads\/2025\/05\/EU_portal.jpg","contentUrl":"https:\/\/jornalfatosenoticias.com.br\/wp-content\/uploads\/2025\/05\/EU_portal.jpg","caption":"Luzimara Fernandes"},"description":"Jornalista MTB 2358-ES","sameAs":["https:\/\/jornalfatosenoticias.com.br"],"url":"https:\/\/jornalfatosenoticias.com.br\/index.php\/author\/luzimara\/"}]}},"cc_featured_image_caption":{"caption_text":"(Foto: Zool\u00f3gico de Chester) ","source_text":"","source_url":""},"jetpack_featured_media_url":"https:\/\/jornalfatosenoticias.com.br\/wp-content\/uploads\/2023\/06\/macaco-aranha.jpg","_links":{"self":[{"href":"https:\/\/jornalfatosenoticias.com.br\/index.php\/wp-json\/wp\/v2\/posts\/42239","targetHints":{"allow":["GET"]}}],"collection":[{"href":"https:\/\/jornalfatosenoticias.com.br\/index.php\/wp-json\/wp\/v2\/posts"}],"about":[{"href":"https:\/\/jornalfatosenoticias.com.br\/index.php\/wp-json\/wp\/v2\/types\/post"}],"author":[{"embeddable":true,"href":"https:\/\/jornalfatosenoticias.com.br\/index.php\/wp-json\/wp\/v2\/users\/2"}],"replies":[{"embeddable":true,"href":"https:\/\/jornalfatosenoticias.com.br\/index.php\/wp-json\/wp\/v2\/comments?post=42239"}],"version-history":[{"count":0,"href":"https:\/\/jornalfatosenoticias.com.br\/index.php\/wp-json\/wp\/v2\/posts\/42239\/revisions"}],"wp:featuredmedia":[{"embeddable":true,"href":"https:\/\/jornalfatosenoticias.com.br\/index.php\/wp-json\/wp\/v2\/media\/42241"}],"wp:attachment":[{"href":"https:\/\/jornalfatosenoticias.com.br\/index.php\/wp-json\/wp\/v2\/media?parent=42239"}],"wp:term":[{"taxonomy":"category","embeddable":true,"href":"https:\/\/jornalfatosenoticias.com.br\/index.php\/wp-json\/wp\/v2\/categories?post=42239"},{"taxonomy":"post_tag","embeddable":true,"href":"https:\/\/jornalfatosenoticias.com.br\/index.php\/wp-json\/wp\/v2\/tags?post=42239"}],"curies":[{"name":"wp","href":"https:\/\/api.w.org\/{rel}","templated":true}]}}