{"id":42275,"date":"2023-06-12T09:16:03","date_gmt":"2023-06-12T12:16:03","guid":{"rendered":"https:\/\/jornalfatosenoticias.com.br\/?p=42275"},"modified":"2023-06-12T09:16:03","modified_gmt":"2023-06-12T12:16:03","slug":"festa-do-morango-tem-estrutura-renovada-e-ganha-galpao-permanente","status":"publish","type":"post","link":"https:\/\/jornalfatosenoticias.com.br\/index.php\/2023\/06\/12\/festa-do-morango-tem-estrutura-renovada-e-ganha-galpao-permanente\/","title":{"rendered":"Festa do Morango tem estrutura renovada e ganha galp\u00e3o permanente"},"content":{"rendered":"\n<p><em><span class=\"has-inline-color has-luminous-vivid-orange-color\">Texto: <strong>Assessoria de Comunica\u00e7\u00e3o<\/strong><\/span><\/em><\/p>\n\n\n\n<div class=\"wp-block-image\"><figure class=\"aligncenter size-large\"><img loading=\"lazy\" decoding=\"async\" width=\"729\" height=\"90\" src=\"https:\/\/jornalfatosenoticias.com.br\/wp-content\/uploads\/2020\/02\/Logo_Mizu.png\" alt=\"\" class=\"wp-image-1441\" srcset=\"https:\/\/jornalfatosenoticias.com.br\/wp-content\/uploads\/2020\/02\/Logo_Mizu.png 729w, https:\/\/jornalfatosenoticias.com.br\/wp-content\/uploads\/2020\/02\/Logo_Mizu-300x37.png 300w\" sizes=\"auto, (max-width: 729px) 100vw, 729px\" \/><\/figure><\/div>\n\n\n\n<p>Os apaixonados pela tradicional Festa do Morango, realizada em Pedra Azul, Domingos Martins, ter\u00e3o uma surpresa agrad\u00e1vel quando chegarem ao Centro de Eventos Morang\u00e3o, durante a 33\u00aa edi\u00e7\u00e3o da festa, que este ano ser\u00e1 entre os dias 4 e 6 de agosto.<br>Nos \u00faltimos anos, diversas melhorias foram realizadas no local do evento. A presidente da Associa\u00e7\u00e3o Festa do Morango (Afemor), Lair da Penha Cebin, explicou que um galp\u00e3o fixo com mais de 1,7 mil metros foi constru\u00eddo no espa\u00e7o principal das comemora\u00e7\u00f5es, proporcionando mais comodidade a quem deseja curtir as atra\u00e7\u00f5es musicais e a farta culin\u00e1ria.<\/p>\n\n\n\n<div class=\"wp-block-image\"><figure class=\"aligncenter size-large is-resized\"><img loading=\"lazy\" decoding=\"async\" src=\"https:\/\/jornalfatosenoticias.com.br\/wp-content\/uploads\/2022\/02\/Banner-2.png\" alt=\"\" class=\"wp-image-27877\" width=\"284\" height=\"237\"\/><\/figure><\/div>\n\n\n\n<blockquote class=\"wp-block-quote is-layout-flow wp-block-quote-is-layout-flow\"><p><span class=\"has-inline-color has-luminous-vivid-orange-color\">J\u00e1 estamos planejando construir mais uma etapa do galp\u00e3o, para que a maior parte do Morang\u00e3o tenha uma cobertura fixa nos pr\u00f3ximos anos\u201d, destacou Lair. A presidente da Afemor informou que o centro de eventos tamb\u00e9m passou a contar com sistema de energia subterr\u00e2nea e um projeto contra inc\u00eandio permanente aprovado pelo Corpo de Bombeiros. \u201cNas edi\u00e7\u00f5es anteriores sempre alug\u00e1vamos grandes geradores de energia e havia o risco de o fornecimento ser interrompido se houvesse uma sobrecarga. Agora n\u00e3o temos mais esse risco, al\u00e9m de ser muito mais seguro\u201d, explicou. Outra melhoria \u00e9 no sistema de g\u00e1s encanado para abastecer os fog\u00f5es onde s\u00e3o preparados os pratos servidos nos tr\u00eas dias da festa. \u201cJ\u00e1 temos um projeto pronto e recursos garantidos para reconstruir toda a nossa cozinha, mas as obras ser\u00e3o feitas para a festa do pr\u00f3ximo ano. O cal\u00e7amento do galp\u00e3o tamb\u00e9m ganhar\u00e1 um piso de concreto\u201d, revelou.<\/span><\/p><\/blockquote>\n\n\n\n<div class=\"wp-block-image\"><figure class=\"aligncenter size-large\"><img loading=\"lazy\" decoding=\"async\" width=\"745\" height=\"1000\" src=\"https:\/\/jornalfatosenoticias.com.br\/wp-content\/uploads\/2023\/06\/Estrutura-Morangao-10.jpeg\" alt=\"\" class=\"wp-image-42276\" srcset=\"https:\/\/jornalfatosenoticias.com.br\/wp-content\/uploads\/2023\/06\/Estrutura-Morangao-10.jpeg 745w, https:\/\/jornalfatosenoticias.com.br\/wp-content\/uploads\/2023\/06\/Estrutura-Morangao-10-224x300.jpeg 224w\" sizes=\"auto, (max-width: 745px) 100vw, 745px\" \/><figcaption><em><span class=\"has-inline-color has-black-color\">Festa do Morango tem estrutura renovada e ganha galp\u00e3o permanente (Foto: Assessoria de Comunica\u00e7\u00e3o)<\/span><\/em><\/figcaption><\/figure><\/div>\n\n\n\n<p><strong><span class=\"has-inline-color has-vivid-purple-color\">Projetos sociais<br><\/span><\/strong>Com as melhorias que est\u00e3o sendo feitas no Morang\u00e3o, a Afemor prev\u00ea que o local seja usado para a realiza\u00e7\u00e3o de diversos eventos durante o ano, al\u00e9m de ser um espa\u00e7o para atividades sociais, como para os grupos de terceira idade, e esportivos para as crian\u00e7as da regi\u00e3o.<\/p>\n\n\n\n<div class=\"wp-block-image\"><figure class=\"aligncenter size-large is-resized\"><img loading=\"lazy\" decoding=\"async\" src=\"https:\/\/jornalfatosenoticias.com.br\/wp-content\/uploads\/2023\/03\/Crypton-1000-\u00d7-900-px-300x270-1.png\" alt=\"\" class=\"wp-image-40206\" width=\"258\" height=\"232\"\/><\/figure><\/div>\n\n\n\n<blockquote class=\"wp-block-quote is-layout-flow wp-block-quote-is-layout-flow\"><p><span class=\"has-inline-color has-luminous-vivid-orange-color\">Os recursos que conseguimos com a Festa do Morango e com esses outros eventos s\u00e3o revertidos a melhorias na nossa estrutura e para auxiliar em a\u00e7\u00f5es em comunidades da regi\u00e3o, onde vivem os mais de 650 volunt\u00e1rios que trabalham diretamente na Festa do Morango\u201d, enfatizou Lair.<\/span><\/p><\/blockquote>\n\n\n\n<div class=\"wp-block-image\"><figure class=\"aligncenter size-large is-resized\"><img loading=\"lazy\" decoding=\"async\" src=\"https:\/\/jornalfatosenoticias.com.br\/wp-content\/uploads\/2022\/02\/FERRARI_MAQUINAS-E-FERRAMENTAS2.jpg\" alt=\"\" class=\"wp-image-27860\" width=\"265\" height=\"221\"\/><\/figure><\/div>\n\n\n\n<p><strong><span class=\"has-inline-color has-vivid-purple-color\">Atra\u00e7\u00f5es<br><\/span><\/strong>Al\u00e9m das centenas de tortas de morango e as duas gigantes, que s\u00e3o as estrelas da festa, atra\u00e7\u00f5es musicais animar\u00e3o os tr\u00eas dias de programa\u00e7\u00e3o. Clube Big Beatles, Felipe Fantin, Xiru do Sul, Som e Cia Produ\u00e7\u00f5es Musicais, Os Carreteiros e Leandro Bellumat s\u00e3o algumas atra\u00e7\u00f5es musicais do evento, que ter\u00e1 ainda apresenta\u00e7\u00f5es culturais e o desfile com as belas jovens que ir\u00e3o concorrer ao t\u00edtulo de rainha e princesas da festa.<\/p>\n\n\n\n<div class=\"wp-block-image\"><figure class=\"aligncenter size-large is-resized\"><img loading=\"lazy\" decoding=\"async\" src=\"https:\/\/jornalfatosenoticias.com.br\/wp-content\/uploads\/2023\/03\/logo-Panper_portal.jpg\" alt=\"\" class=\"wp-image-40208\" width=\"282\" height=\"195\" srcset=\"https:\/\/jornalfatosenoticias.com.br\/wp-content\/uploads\/2023\/03\/logo-Panper_portal.jpg 400w, https:\/\/jornalfatosenoticias.com.br\/wp-content\/uploads\/2023\/03\/logo-Panper_portal-300x208.jpg 300w\" sizes=\"auto, (max-width: 282px) 100vw, 282px\" \/><\/figure><\/div>\n\n\n\n<p>Pratos t\u00edpicos como polenta com queijo e lingui\u00e7a, por\u00e7\u00f5es variadas, almo\u00e7o t\u00edpico, op\u00e7\u00f5es de vinhos e diversas outras del\u00edcias gastron\u00f4micas far\u00e3o parte do card\u00e1pio. As duas tortas gigantes, sendo uma com mais de 300 quilos, ser\u00e3o fatiadas no s\u00e1bado e no domingo (5 e 6). A venda dos ingressos deve come\u00e7ar nos pr\u00f3ximos dias em pontos fixos na regi\u00e3o e de forma on-line.<\/p>\n\n\n\n<p><strong><span class=\"has-inline-color has-vivid-purple-color\">Servi\u00e7o<\/span><\/strong><\/p>\n\n\n\n<div class=\"wp-block-image\"><figure class=\"aligncenter size-large is-resized\"><img loading=\"lazy\" decoding=\"async\" src=\"https:\/\/jornalfatosenoticias.com.br\/wp-content\/uploads\/2023\/03\/nova-logo-Marquetti.jpg\" alt=\"\" class=\"wp-image-40207\" width=\"273\" height=\"183\" srcset=\"https:\/\/jornalfatosenoticias.com.br\/wp-content\/uploads\/2023\/03\/nova-logo-Marquetti.jpg 643w, https:\/\/jornalfatosenoticias.com.br\/wp-content\/uploads\/2023\/03\/nova-logo-Marquetti-300x202.jpg 300w\" sizes=\"auto, (max-width: 273px) 100vw, 273px\" \/><\/figure><\/div>\n\n\n\n<ul class=\"wp-block-list\"><li><strong><span class=\"has-inline-color has-vivid-red-color\">33\u00aa Festa do Morango<\/span><\/strong><\/li><li><strong>Onde:<\/strong> Centro de Eventos Morang\u00e3o \u2013 Pedra Azul \u2013 Domingos Martins<\/li><li><strong>Quando:<\/strong> 4 a 6 de agosto<\/li><li><strong>Ingressos:<\/strong> dia 04 (sexta-feira) \u2013 entrada gratuita; dia 05 (s\u00e1bado) \u2013 R$ 20,00 at\u00e9 17h e R$ 40,00 a partir de 19h; dia 06 (domingo) \u2013 R$ 30,00<\/li><li><strong><em><span class=\"has-inline-color has-black-color\">OBS: <\/span><\/em><\/strong>a meia-entrada ser\u00e1 concedida a todos que possuem o direito legal, como estudantes, doadores de sangue, idosos, professores, entre outros.<\/li><\/ul>\n\n\n\n<div class=\"wp-block-image\"><figure class=\"aligncenter size-large is-resized\"><img loading=\"lazy\" decoding=\"async\" src=\"https:\/\/jornalfatosenoticias.com.br\/wp-content\/uploads\/2022\/07\/Logo-Grupo-SEI.jpg\" alt=\"\" class=\"wp-image-31973\" width=\"322\" height=\"169\" srcset=\"https:\/\/jornalfatosenoticias.com.br\/wp-content\/uploads\/2022\/07\/Logo-Grupo-SEI.jpg 713w, https:\/\/jornalfatosenoticias.com.br\/wp-content\/uploads\/2022\/07\/Logo-Grupo-SEI-300x158.jpg 300w\" sizes=\"auto, (max-width: 322px) 100vw, 322px\" \/><\/figure><\/div>\n\n\n\n<h3 class=\"wp-block-heading\"><span class=\"has-inline-color has-vivid-purple-color\">Programa\u00e7\u00e3o da Festa do Morango 2023<\/span><\/h3>\n\n\n\n<div class=\"wp-block-image\"><figure class=\"aligncenter size-large\"><img loading=\"lazy\" decoding=\"async\" width=\"1000\" height=\"637\" src=\"https:\/\/jornalfatosenoticias.com.br\/wp-content\/uploads\/2023\/06\/Estrutura-Morangao-12.jpeg\" alt=\"\" class=\"wp-image-42277\" srcset=\"https:\/\/jornalfatosenoticias.com.br\/wp-content\/uploads\/2023\/06\/Estrutura-Morangao-12.jpeg 1000w, https:\/\/jornalfatosenoticias.com.br\/wp-content\/uploads\/2023\/06\/Estrutura-Morangao-12-300x191.jpeg 300w, https:\/\/jornalfatosenoticias.com.br\/wp-content\/uploads\/2023\/06\/Estrutura-Morangao-12-768x489.jpeg 768w\" sizes=\"auto, (max-width: 1000px) 100vw, 1000px\" \/><figcaption><em><span class=\"has-inline-color has-black-color\">Festa do Morango tem estrutura renovada e ganha galp\u00e3o permanente (Foto: Assessoria de Comunica\u00e7\u00e3o)<\/span><\/em><\/figcaption><\/figure><\/div>\n\n\n\n<p><strong><span class=\"has-inline-color has-vivid-red-color\">Sexta-feira (04\/08)<br><\/span><\/strong>18h30 \u2013 Abertura dos port\u00f5es<br>19h \u2013 Abertura da 33\u00b0 Festa do Morango<br>19h30 \u2013 Show com Irm\u00e3os Valle<br>20h \u2013 Desfile para elei\u00e7\u00e3o da Rainha e Princesas da 33\u00b0 Festa do Morango<br>23h \u2013 Show com Os Carreteiros<br>02h \u2013 Fechamento dos port\u00f5es<\/p>\n\n\n\n<div class=\"wp-block-image\"><figure class=\"aligncenter size-large is-resized\"><img loading=\"lazy\" decoding=\"async\" src=\"https:\/\/jornalfatosenoticias.com.br\/wp-content\/uploads\/2022\/08\/arte-Casarao.jpg\" alt=\"\" class=\"wp-image-33178\" width=\"272\" height=\"227\"\/><\/figure><\/div>\n\n\n\n<p><strong><span class=\"has-inline-color has-vivid-red-color\">S\u00e1bado (05\/08)<br><\/span><\/strong>10h \u2013 Abertura dos port\u00f5es<br>11h \u2013 Almo\u00e7o t\u00edpico<br>11h30 \u2013 Show com Leandro Bellumat<br>13h30 \u2013 Apresenta\u00e7\u00e3o do grupo de dan\u00e7a Rheinland<br>14h \u2013 Apresenta\u00e7\u00e3o banda cultural Martinense<br>15h \u2013 Corte da torta gigante<br>15h30 \u2013 Apresenta\u00e7\u00e3o com a banda Xiru do Sul<br>17h \u2013 Pausa t\u00e9cnica<br>19h \u2013 Reabertura dos Port\u00f5es<br>20h \u2013 Show com Clube Big Beatles<br>23h \u2013 Show com Filipe Fantin<br>01h \u2013 Show com Som e Cia Produ\u00e7\u00f5es Musicais<br>02h \u2013 Fechamento dos port\u00f5es e encerramento da bilheteria<\/p>\n\n\n\n<div class=\"wp-block-image\"><figure class=\"aligncenter size-large\"><img decoding=\"async\" src=\"https:\/\/jornalfatosenoticias.com.br\/wp-content\/uploads\/2020\/02\/barao-das-carnes-300x164-1.jpg\" alt=\"\" class=\"wp-image-34339\"\/><\/figure><\/div>\n\n\n\n<p><strong><span class=\"has-inline-color has-vivid-red-color\">Domingo (06\/08)<br><\/span><\/strong>08h \u2013 Missa<br>09h \u2013 Abertura dos port\u00f5es<br>10h \u2013 Moda de viola com Marcos Brusco<br>11h \u2013 Almo\u00e7o t\u00edpico<br>11h30 \u2013 Apresenta\u00e7\u00e3o do grupo de dan\u00e7a Berdfreunde<br>12h \u2013 Show com Leandro Bellumat<br>13h30 \u2013 Apresenta\u00e7\u00e3o do grupo de dan\u00e7as Blumen der Erde Volkstanzgruppe<br>14h \u2013 Corte da torta gigante<br>14h30 \u2013 Apresenta\u00e7\u00e3o do grupo de dan\u00e7as Pietra Azurra<br>15h30 \u2013 Show com Eder de Oliveira<br>19h \u2013 Encerramento da festa<\/p>\n\n\n\n<div class=\"wp-block-image\"><figure class=\"aligncenter size-large\"><img loading=\"lazy\" decoding=\"async\" width=\"1024\" height=\"109\" src=\"https:\/\/jornalfatosenoticias.com.br\/wp-content\/uploads\/2020\/02\/Propaganda-RC-Radiadores-Jornal_page-0001-1024x109.jpg\" alt=\"\" class=\"wp-image-35278\" srcset=\"https:\/\/jornalfatosenoticias.com.br\/wp-content\/uploads\/2020\/02\/Propaganda-RC-Radiadores-Jornal_page-0001-1024x109.jpg 1024w, https:\/\/jornalfatosenoticias.com.br\/wp-content\/uploads\/2020\/02\/Propaganda-RC-Radiadores-Jornal_page-0001-300x32.jpg 300w, https:\/\/jornalfatosenoticias.com.br\/wp-content\/uploads\/2020\/02\/Propaganda-RC-Radiadores-Jornal_page-0001-768x82.jpg 768w, https:\/\/jornalfatosenoticias.com.br\/wp-content\/uploads\/2020\/02\/Propaganda-RC-Radiadores-Jornal_page-0001.jpg 1220w\" sizes=\"auto, (max-width: 1024px) 100vw, 1024px\" \/><\/figure><\/div>\n","protected":false},"excerpt":{"rendered":"<p>Texto: Assessoria de Comunica\u00e7\u00e3o Os apaixonados pela tradicional Festa do Morango, realizada em Pedra Azul, Domingos Martins, ter\u00e3o uma surpresa agrad\u00e1vel quando chegarem ao Centro de Eventos Morang\u00e3o, durante a 33\u00aa edi\u00e7\u00e3o da festa, que este ano ser\u00e1 entre os dias 4 e 6 de agosto.Nos \u00faltimos anos, diversas melhorias foram realizadas no local do [&hellip;]<\/p>\n","protected":false},"author":2,"featured_media":42278,"comment_status":"open","ping_status":"open","sticky":false,"template":"","format":"standard","meta":{"footnotes":""},"categories":[4],"tags":[19899,19898,19896,19897],"class_list":["post-42275","post","type-post","status-publish","format-standard","has-post-thumbnail","hentry","category-cultura","tag-afemor","tag-centro-de-eventos-morangao","tag-festa-do-morango","tag-galpao"],"yoast_head":"<!-- This site is optimized with the Yoast SEO plugin v26.5 - https:\/\/yoast.com\/wordpress\/plugins\/seo\/ -->\n<title>Festa do Morango tem estrutura renovada e ganha galp\u00e3o permanente - Jornal Fatos e Not\u00edcias<\/title>\n<meta name=\"robots\" content=\"index, follow, max-snippet:-1, max-image-preview:large, max-video-preview:-1\" \/>\n<link rel=\"canonical\" href=\"https:\/\/jornalfatosenoticias.com.br\/index.php\/2023\/06\/12\/festa-do-morango-tem-estrutura-renovada-e-ganha-galpao-permanente\/\" \/>\n<meta property=\"og:locale\" content=\"pt_BR\" \/>\n<meta property=\"og:type\" content=\"article\" \/>\n<meta property=\"og:title\" content=\"Festa do Morango tem estrutura renovada e ganha galp\u00e3o permanente - Jornal Fatos e Not\u00edcias\" \/>\n<meta property=\"og:description\" content=\"Texto: Assessoria de Comunica\u00e7\u00e3o Os apaixonados pela tradicional Festa do Morango, realizada em Pedra Azul, Domingos Martins, ter\u00e3o uma surpresa agrad\u00e1vel quando chegarem ao Centro de Eventos Morang\u00e3o, durante a 33\u00aa edi\u00e7\u00e3o da festa, que este ano ser\u00e1 entre os dias 4 e 6 de agosto.Nos \u00faltimos anos, diversas melhorias foram realizadas no local do [&hellip;]\" \/>\n<meta property=\"og:url\" content=\"https:\/\/jornalfatosenoticias.com.br\/index.php\/2023\/06\/12\/festa-do-morango-tem-estrutura-renovada-e-ganha-galpao-permanente\/\" \/>\n<meta property=\"og:site_name\" content=\"Jornal Fatos e Not\u00edcias\" \/>\n<meta property=\"article:published_time\" content=\"2023-06-12T12:16:03+00:00\" \/>\n<meta property=\"og:image\" content=\"https:\/\/jornalfatosenoticias.com.br\/wp-content\/uploads\/2023\/06\/Estrutura-Morangao-1.jpeg\" \/>\n\t<meta property=\"og:image:width\" content=\"1000\" \/>\n\t<meta property=\"og:image:height\" content=\"639\" \/>\n\t<meta property=\"og:image:type\" content=\"image\/jpeg\" \/>\n<meta name=\"author\" content=\"Luzimara Fernandes\" \/>\n<meta name=\"twitter:card\" content=\"summary_large_image\" \/>\n<meta name=\"twitter:label1\" content=\"Escrito por\" \/>\n\t<meta name=\"twitter:data1\" content=\"Luzimara Fernandes\" \/>\n\t<meta name=\"twitter:label2\" content=\"Est. tempo de leitura\" \/>\n\t<meta name=\"twitter:data2\" content=\"4 minutos\" \/>\n<script type=\"application\/ld+json\" class=\"yoast-schema-graph\">{\"@context\":\"https:\/\/schema.org\",\"@graph\":[{\"@type\":\"Article\",\"@id\":\"https:\/\/jornalfatosenoticias.com.br\/index.php\/2023\/06\/12\/festa-do-morango-tem-estrutura-renovada-e-ganha-galpao-permanente\/#article\",\"isPartOf\":{\"@id\":\"https:\/\/jornalfatosenoticias.com.br\/index.php\/2023\/06\/12\/festa-do-morango-tem-estrutura-renovada-e-ganha-galpao-permanente\/\"},\"author\":{\"name\":\"Luzimara Fernandes\",\"@id\":\"https:\/\/jornalfatosenoticias.com.br\/#\/schema\/person\/d63837fa13ac8666eb9e74e0985d6f81\"},\"headline\":\"Festa do Morango tem estrutura renovada e ganha galp\u00e3o permanente\",\"datePublished\":\"2023-06-12T12:16:03+00:00\",\"mainEntityOfPage\":{\"@id\":\"https:\/\/jornalfatosenoticias.com.br\/index.php\/2023\/06\/12\/festa-do-morango-tem-estrutura-renovada-e-ganha-galpao-permanente\/\"},\"wordCount\":848,\"commentCount\":0,\"publisher\":{\"@id\":\"https:\/\/jornalfatosenoticias.com.br\/#organization\"},\"image\":{\"@id\":\"https:\/\/jornalfatosenoticias.com.br\/index.php\/2023\/06\/12\/festa-do-morango-tem-estrutura-renovada-e-ganha-galpao-permanente\/#primaryimage\"},\"thumbnailUrl\":\"https:\/\/jornalfatosenoticias.com.br\/wp-content\/uploads\/2023\/06\/Estrutura-Morangao-1.jpeg\",\"keywords\":[\"Afemor\",\"Centro de Eventos Morang\u00e3o\",\"Festa do Morango\",\"galp\u00e3o\"],\"articleSection\":[\"Cultura\"],\"inLanguage\":\"pt-BR\",\"potentialAction\":[{\"@type\":\"CommentAction\",\"name\":\"Comment\",\"target\":[\"https:\/\/jornalfatosenoticias.com.br\/index.php\/2023\/06\/12\/festa-do-morango-tem-estrutura-renovada-e-ganha-galpao-permanente\/#respond\"]}]},{\"@type\":\"WebPage\",\"@id\":\"https:\/\/jornalfatosenoticias.com.br\/index.php\/2023\/06\/12\/festa-do-morango-tem-estrutura-renovada-e-ganha-galpao-permanente\/\",\"url\":\"https:\/\/jornalfatosenoticias.com.br\/index.php\/2023\/06\/12\/festa-do-morango-tem-estrutura-renovada-e-ganha-galpao-permanente\/\",\"name\":\"Festa do Morango tem estrutura renovada e ganha galp\u00e3o permanente - Jornal Fatos e Not\u00edcias\",\"isPartOf\":{\"@id\":\"https:\/\/jornalfatosenoticias.com.br\/#website\"},\"primaryImageOfPage\":{\"@id\":\"https:\/\/jornalfatosenoticias.com.br\/index.php\/2023\/06\/12\/festa-do-morango-tem-estrutura-renovada-e-ganha-galpao-permanente\/#primaryimage\"},\"image\":{\"@id\":\"https:\/\/jornalfatosenoticias.com.br\/index.php\/2023\/06\/12\/festa-do-morango-tem-estrutura-renovada-e-ganha-galpao-permanente\/#primaryimage\"},\"thumbnailUrl\":\"https:\/\/jornalfatosenoticias.com.br\/wp-content\/uploads\/2023\/06\/Estrutura-Morangao-1.jpeg\",\"datePublished\":\"2023-06-12T12:16:03+00:00\",\"breadcrumb\":{\"@id\":\"https:\/\/jornalfatosenoticias.com.br\/index.php\/2023\/06\/12\/festa-do-morango-tem-estrutura-renovada-e-ganha-galpao-permanente\/#breadcrumb\"},\"inLanguage\":\"pt-BR\",\"potentialAction\":[{\"@type\":\"ReadAction\",\"target\":[\"https:\/\/jornalfatosenoticias.com.br\/index.php\/2023\/06\/12\/festa-do-morango-tem-estrutura-renovada-e-ganha-galpao-permanente\/\"]}]},{\"@type\":\"ImageObject\",\"inLanguage\":\"pt-BR\",\"@id\":\"https:\/\/jornalfatosenoticias.com.br\/index.php\/2023\/06\/12\/festa-do-morango-tem-estrutura-renovada-e-ganha-galpao-permanente\/#primaryimage\",\"url\":\"https:\/\/jornalfatosenoticias.com.br\/wp-content\/uploads\/2023\/06\/Estrutura-Morangao-1.jpeg\",\"contentUrl\":\"https:\/\/jornalfatosenoticias.com.br\/wp-content\/uploads\/2023\/06\/Estrutura-Morangao-1.jpeg\",\"width\":1000,\"height\":639},{\"@type\":\"BreadcrumbList\",\"@id\":\"https:\/\/jornalfatosenoticias.com.br\/index.php\/2023\/06\/12\/festa-do-morango-tem-estrutura-renovada-e-ganha-galpao-permanente\/#breadcrumb\",\"itemListElement\":[{\"@type\":\"ListItem\",\"position\":1,\"name\":\"In\u00edcio\",\"item\":\"https:\/\/jornalfatosenoticias.com.br\/\"},{\"@type\":\"ListItem\",\"position\":2,\"name\":\"Festa do Morango tem estrutura renovada e ganha galp\u00e3o permanente\"}]},{\"@type\":\"WebSite\",\"@id\":\"https:\/\/jornalfatosenoticias.com.br\/#website\",\"url\":\"https:\/\/jornalfatosenoticias.com.br\/\",\"name\":\"Jornal Fatos e Not\u00edcias\",\"description\":\"Not\u00edcias em geral\",\"publisher\":{\"@id\":\"https:\/\/jornalfatosenoticias.com.br\/#organization\"},\"potentialAction\":[{\"@type\":\"SearchAction\",\"target\":{\"@type\":\"EntryPoint\",\"urlTemplate\":\"https:\/\/jornalfatosenoticias.com.br\/?s={search_term_string}\"},\"query-input\":{\"@type\":\"PropertyValueSpecification\",\"valueRequired\":true,\"valueName\":\"search_term_string\"}}],\"inLanguage\":\"pt-BR\"},{\"@type\":\"Organization\",\"@id\":\"https:\/\/jornalfatosenoticias.com.br\/#organization\",\"name\":\"Jornal Fatos e Not\u00edcias\",\"url\":\"https:\/\/jornalfatosenoticias.com.br\/\",\"logo\":{\"@type\":\"ImageObject\",\"inLanguage\":\"pt-BR\",\"@id\":\"https:\/\/jornalfatosenoticias.com.br\/#\/schema\/logo\/image\/\",\"url\":\"https:\/\/jornalfatosenoticias.com.br\/wp-content\/uploads\/2020\/02\/logo120.png\",\"contentUrl\":\"https:\/\/jornalfatosenoticias.com.br\/wp-content\/uploads\/2020\/02\/logo120.png\",\"width\":1227,\"height\":120,\"caption\":\"Jornal Fatos e Not\u00edcias\"},\"image\":{\"@id\":\"https:\/\/jornalfatosenoticias.com.br\/#\/schema\/logo\/image\/\"}},{\"@type\":\"Person\",\"@id\":\"https:\/\/jornalfatosenoticias.com.br\/#\/schema\/person\/d63837fa13ac8666eb9e74e0985d6f81\",\"name\":\"Luzimara Fernandes\",\"image\":{\"@type\":\"ImageObject\",\"inLanguage\":\"pt-BR\",\"@id\":\"https:\/\/jornalfatosenoticias.com.br\/#\/schema\/person\/image\/\",\"url\":\"https:\/\/jornalfatosenoticias.com.br\/wp-content\/uploads\/2025\/05\/EU_portal.jpg\",\"contentUrl\":\"https:\/\/jornalfatosenoticias.com.br\/wp-content\/uploads\/2025\/05\/EU_portal.jpg\",\"caption\":\"Luzimara Fernandes\"},\"description\":\"Jornalista MTB 2358-ES\",\"sameAs\":[\"https:\/\/jornalfatosenoticias.com.br\"],\"url\":\"https:\/\/jornalfatosenoticias.com.br\/index.php\/author\/luzimara\/\"}]}<\/script>\n<!-- \/ Yoast SEO plugin. -->","yoast_head_json":{"title":"Festa do Morango tem estrutura renovada e ganha galp\u00e3o permanente - Jornal Fatos e Not\u00edcias","robots":{"index":"index","follow":"follow","max-snippet":"max-snippet:-1","max-image-preview":"max-image-preview:large","max-video-preview":"max-video-preview:-1"},"canonical":"https:\/\/jornalfatosenoticias.com.br\/index.php\/2023\/06\/12\/festa-do-morango-tem-estrutura-renovada-e-ganha-galpao-permanente\/","og_locale":"pt_BR","og_type":"article","og_title":"Festa do Morango tem estrutura renovada e ganha galp\u00e3o permanente - Jornal Fatos e Not\u00edcias","og_description":"Texto: Assessoria de Comunica\u00e7\u00e3o Os apaixonados pela tradicional Festa do Morango, realizada em Pedra Azul, Domingos Martins, ter\u00e3o uma surpresa agrad\u00e1vel quando chegarem ao Centro de Eventos Morang\u00e3o, durante a 33\u00aa edi\u00e7\u00e3o da festa, que este ano ser\u00e1 entre os dias 4 e 6 de agosto.Nos \u00faltimos anos, diversas melhorias foram realizadas no local do [&hellip;]","og_url":"https:\/\/jornalfatosenoticias.com.br\/index.php\/2023\/06\/12\/festa-do-morango-tem-estrutura-renovada-e-ganha-galpao-permanente\/","og_site_name":"Jornal Fatos e Not\u00edcias","article_published_time":"2023-06-12T12:16:03+00:00","og_image":[{"width":1000,"height":639,"url":"https:\/\/jornalfatosenoticias.com.br\/wp-content\/uploads\/2023\/06\/Estrutura-Morangao-1.jpeg","type":"image\/jpeg"}],"author":"Luzimara Fernandes","twitter_card":"summary_large_image","twitter_misc":{"Escrito por":"Luzimara Fernandes","Est. tempo de leitura":"4 minutos"},"schema":{"@context":"https:\/\/schema.org","@graph":[{"@type":"Article","@id":"https:\/\/jornalfatosenoticias.com.br\/index.php\/2023\/06\/12\/festa-do-morango-tem-estrutura-renovada-e-ganha-galpao-permanente\/#article","isPartOf":{"@id":"https:\/\/jornalfatosenoticias.com.br\/index.php\/2023\/06\/12\/festa-do-morango-tem-estrutura-renovada-e-ganha-galpao-permanente\/"},"author":{"name":"Luzimara Fernandes","@id":"https:\/\/jornalfatosenoticias.com.br\/#\/schema\/person\/d63837fa13ac8666eb9e74e0985d6f81"},"headline":"Festa do Morango tem estrutura renovada e ganha galp\u00e3o permanente","datePublished":"2023-06-12T12:16:03+00:00","mainEntityOfPage":{"@id":"https:\/\/jornalfatosenoticias.com.br\/index.php\/2023\/06\/12\/festa-do-morango-tem-estrutura-renovada-e-ganha-galpao-permanente\/"},"wordCount":848,"commentCount":0,"publisher":{"@id":"https:\/\/jornalfatosenoticias.com.br\/#organization"},"image":{"@id":"https:\/\/jornalfatosenoticias.com.br\/index.php\/2023\/06\/12\/festa-do-morango-tem-estrutura-renovada-e-ganha-galpao-permanente\/#primaryimage"},"thumbnailUrl":"https:\/\/jornalfatosenoticias.com.br\/wp-content\/uploads\/2023\/06\/Estrutura-Morangao-1.jpeg","keywords":["Afemor","Centro de Eventos Morang\u00e3o","Festa do Morango","galp\u00e3o"],"articleSection":["Cultura"],"inLanguage":"pt-BR","potentialAction":[{"@type":"CommentAction","name":"Comment","target":["https:\/\/jornalfatosenoticias.com.br\/index.php\/2023\/06\/12\/festa-do-morango-tem-estrutura-renovada-e-ganha-galpao-permanente\/#respond"]}]},{"@type":"WebPage","@id":"https:\/\/jornalfatosenoticias.com.br\/index.php\/2023\/06\/12\/festa-do-morango-tem-estrutura-renovada-e-ganha-galpao-permanente\/","url":"https:\/\/jornalfatosenoticias.com.br\/index.php\/2023\/06\/12\/festa-do-morango-tem-estrutura-renovada-e-ganha-galpao-permanente\/","name":"Festa do Morango tem estrutura renovada e ganha galp\u00e3o permanente - Jornal Fatos e Not\u00edcias","isPartOf":{"@id":"https:\/\/jornalfatosenoticias.com.br\/#website"},"primaryImageOfPage":{"@id":"https:\/\/jornalfatosenoticias.com.br\/index.php\/2023\/06\/12\/festa-do-morango-tem-estrutura-renovada-e-ganha-galpao-permanente\/#primaryimage"},"image":{"@id":"https:\/\/jornalfatosenoticias.com.br\/index.php\/2023\/06\/12\/festa-do-morango-tem-estrutura-renovada-e-ganha-galpao-permanente\/#primaryimage"},"thumbnailUrl":"https:\/\/jornalfatosenoticias.com.br\/wp-content\/uploads\/2023\/06\/Estrutura-Morangao-1.jpeg","datePublished":"2023-06-12T12:16:03+00:00","breadcrumb":{"@id":"https:\/\/jornalfatosenoticias.com.br\/index.php\/2023\/06\/12\/festa-do-morango-tem-estrutura-renovada-e-ganha-galpao-permanente\/#breadcrumb"},"inLanguage":"pt-BR","potentialAction":[{"@type":"ReadAction","target":["https:\/\/jornalfatosenoticias.com.br\/index.php\/2023\/06\/12\/festa-do-morango-tem-estrutura-renovada-e-ganha-galpao-permanente\/"]}]},{"@type":"ImageObject","inLanguage":"pt-BR","@id":"https:\/\/jornalfatosenoticias.com.br\/index.php\/2023\/06\/12\/festa-do-morango-tem-estrutura-renovada-e-ganha-galpao-permanente\/#primaryimage","url":"https:\/\/jornalfatosenoticias.com.br\/wp-content\/uploads\/2023\/06\/Estrutura-Morangao-1.jpeg","contentUrl":"https:\/\/jornalfatosenoticias.com.br\/wp-content\/uploads\/2023\/06\/Estrutura-Morangao-1.jpeg","width":1000,"height":639},{"@type":"BreadcrumbList","@id":"https:\/\/jornalfatosenoticias.com.br\/index.php\/2023\/06\/12\/festa-do-morango-tem-estrutura-renovada-e-ganha-galpao-permanente\/#breadcrumb","itemListElement":[{"@type":"ListItem","position":1,"name":"In\u00edcio","item":"https:\/\/jornalfatosenoticias.com.br\/"},{"@type":"ListItem","position":2,"name":"Festa do Morango tem estrutura renovada e ganha galp\u00e3o permanente"}]},{"@type":"WebSite","@id":"https:\/\/jornalfatosenoticias.com.br\/#website","url":"https:\/\/jornalfatosenoticias.com.br\/","name":"Jornal Fatos e Not\u00edcias","description":"Not\u00edcias em geral","publisher":{"@id":"https:\/\/jornalfatosenoticias.com.br\/#organization"},"potentialAction":[{"@type":"SearchAction","target":{"@type":"EntryPoint","urlTemplate":"https:\/\/jornalfatosenoticias.com.br\/?s={search_term_string}"},"query-input":{"@type":"PropertyValueSpecification","valueRequired":true,"valueName":"search_term_string"}}],"inLanguage":"pt-BR"},{"@type":"Organization","@id":"https:\/\/jornalfatosenoticias.com.br\/#organization","name":"Jornal Fatos e Not\u00edcias","url":"https:\/\/jornalfatosenoticias.com.br\/","logo":{"@type":"ImageObject","inLanguage":"pt-BR","@id":"https:\/\/jornalfatosenoticias.com.br\/#\/schema\/logo\/image\/","url":"https:\/\/jornalfatosenoticias.com.br\/wp-content\/uploads\/2020\/02\/logo120.png","contentUrl":"https:\/\/jornalfatosenoticias.com.br\/wp-content\/uploads\/2020\/02\/logo120.png","width":1227,"height":120,"caption":"Jornal Fatos e Not\u00edcias"},"image":{"@id":"https:\/\/jornalfatosenoticias.com.br\/#\/schema\/logo\/image\/"}},{"@type":"Person","@id":"https:\/\/jornalfatosenoticias.com.br\/#\/schema\/person\/d63837fa13ac8666eb9e74e0985d6f81","name":"Luzimara Fernandes","image":{"@type":"ImageObject","inLanguage":"pt-BR","@id":"https:\/\/jornalfatosenoticias.com.br\/#\/schema\/person\/image\/","url":"https:\/\/jornalfatosenoticias.com.br\/wp-content\/uploads\/2025\/05\/EU_portal.jpg","contentUrl":"https:\/\/jornalfatosenoticias.com.br\/wp-content\/uploads\/2025\/05\/EU_portal.jpg","caption":"Luzimara Fernandes"},"description":"Jornalista MTB 2358-ES","sameAs":["https:\/\/jornalfatosenoticias.com.br"],"url":"https:\/\/jornalfatosenoticias.com.br\/index.php\/author\/luzimara\/"}]}},"cc_featured_image_caption":{"caption_text":"(Foto: Assessoria de Comunica\u00e7\u00e3o) ","source_text":"","source_url":""},"jetpack_featured_media_url":"https:\/\/jornalfatosenoticias.com.br\/wp-content\/uploads\/2023\/06\/Estrutura-Morangao-1.jpeg","_links":{"self":[{"href":"https:\/\/jornalfatosenoticias.com.br\/index.php\/wp-json\/wp\/v2\/posts\/42275","targetHints":{"allow":["GET"]}}],"collection":[{"href":"https:\/\/jornalfatosenoticias.com.br\/index.php\/wp-json\/wp\/v2\/posts"}],"about":[{"href":"https:\/\/jornalfatosenoticias.com.br\/index.php\/wp-json\/wp\/v2\/types\/post"}],"author":[{"embeddable":true,"href":"https:\/\/jornalfatosenoticias.com.br\/index.php\/wp-json\/wp\/v2\/users\/2"}],"replies":[{"embeddable":true,"href":"https:\/\/jornalfatosenoticias.com.br\/index.php\/wp-json\/wp\/v2\/comments?post=42275"}],"version-history":[{"count":0,"href":"https:\/\/jornalfatosenoticias.com.br\/index.php\/wp-json\/wp\/v2\/posts\/42275\/revisions"}],"wp:featuredmedia":[{"embeddable":true,"href":"https:\/\/jornalfatosenoticias.com.br\/index.php\/wp-json\/wp\/v2\/media\/42278"}],"wp:attachment":[{"href":"https:\/\/jornalfatosenoticias.com.br\/index.php\/wp-json\/wp\/v2\/media?parent=42275"}],"wp:term":[{"taxonomy":"category","embeddable":true,"href":"https:\/\/jornalfatosenoticias.com.br\/index.php\/wp-json\/wp\/v2\/categories?post=42275"},{"taxonomy":"post_tag","embeddable":true,"href":"https:\/\/jornalfatosenoticias.com.br\/index.php\/wp-json\/wp\/v2\/tags?post=42275"}],"curies":[{"name":"wp","href":"https:\/\/api.w.org\/{rel}","templated":true}]}}