{"id":42286,"date":"2023-06-12T10:19:54","date_gmt":"2023-06-12T13:19:54","guid":{"rendered":"https:\/\/jornalfatosenoticias.com.br\/?p=42286"},"modified":"2023-06-12T10:19:57","modified_gmt":"2023-06-12T13:19:57","slug":"cientista-explica-quando-e-como-o-sol-se-apagara","status":"publish","type":"post","link":"https:\/\/jornalfatosenoticias.com.br\/index.php\/2023\/06\/12\/cientista-explica-quando-e-como-o-sol-se-apagara\/","title":{"rendered":"Cientista explica quando e como o Sol se apagar\u00e1"},"content":{"rendered":"\n<div class=\"wp-block-image\"><figure class=\"aligncenter size-large\"><img loading=\"lazy\" decoding=\"async\" width=\"1024\" height=\"110\" src=\"https:\/\/jornalfatosenoticias.com.br\/wp-content\/uploads\/2023\/03\/Crypton-1120-\u00d7-120-px-1-1024x110.png\" alt=\"\" class=\"wp-image-39211\" srcset=\"https:\/\/jornalfatosenoticias.com.br\/wp-content\/uploads\/2023\/03\/Crypton-1120-\u00d7-120-px-1-1024x110.png 1024w, https:\/\/jornalfatosenoticias.com.br\/wp-content\/uploads\/2023\/03\/Crypton-1120-\u00d7-120-px-1-300x32.png 300w, https:\/\/jornalfatosenoticias.com.br\/wp-content\/uploads\/2023\/03\/Crypton-1120-\u00d7-120-px-1-768x82.png 768w, https:\/\/jornalfatosenoticias.com.br\/wp-content\/uploads\/2023\/03\/Crypton-1120-\u00d7-120-px-1.png 1120w\" sizes=\"auto, (max-width: 1024px) 100vw, 1024px\" \/><\/figure><\/div>\n\n\n\n<p>Frio, fome e extin\u00e7\u00e3o da humanidade \u2014 tais consequ\u00eancias s\u00e3o retratadas por muitos escritores em hist\u00f3rias apocal\u00edpticas relacionadas \u00e0 extin\u00e7\u00e3o natural do Sol. A Sputnik discutiu com cientistas da Universidade Federal do B\u00e1ltico da R\u00fassia se as coisas s\u00e3o mesmo t\u00e3o ruins, se h\u00e1 esperan\u00e7a ou se tudo ser\u00e1 bem pior.<br><strong>O Sol brilha j\u00e1 h\u00e1 cerca de 4,6 bilh\u00f5es de anos. E o hidrog\u00eanio \u00e9 o combust\u00edvel que mant\u00e9m a &#8220;chama&#8221; do nosso astro,<\/strong> disse o chefe do agrupamento educacional e cient\u00edfico Instituto de Altas Tecnologias da Universidade Federal do B\u00e1ltico, doutor em ci\u00eancias f\u00edsicas e matem\u00e1ticas e professor, Artyom Yurov.<\/p>\n\n\n\n<div class=\"wp-block-image\"><figure class=\"aligncenter size-large is-resized\"><img loading=\"lazy\" decoding=\"async\" src=\"https:\/\/jornalfatosenoticias.com.br\/wp-content\/uploads\/2022\/02\/Banner-2.png\" alt=\"\" class=\"wp-image-27877\" width=\"286\" height=\"238\"\/><\/figure><\/div>\n\n\n\n<blockquote class=\"wp-block-quote is-layout-flow wp-block-quote-is-layout-flow\"><p><span class=\"has-inline-color has-luminous-vivid-orange-color\">O Sol tem uma massa enorme, que cria uma for\u00e7a que quer comprimir, colapsar a nossa estrela. E isso poderia acontecer muito rapidamente, se n\u00e3o fosse por uma coisa. Especificamente, o forno flamejante de <a href=\"https:\/\/sputniknewsbrasil.com.br\/20221117\/caos-cosmico-causado-por-formacao-de-estrela-da-pistas-sobre-primordios-do-sistema-solar-foto-25965392.html\" target=\"_blank\" rel=\"noreferrer noopener\">hidrog\u00eanio no centro do Sol<\/a>&#8220;, explicou o especialista.<\/span><\/p><\/blockquote>\n\n\n\n<div class=\"wp-block-image\"><figure class=\"aligncenter size-large is-resized\"><img loading=\"lazy\" decoding=\"async\" src=\"https:\/\/jornalfatosenoticias.com.br\/wp-content\/uploads\/2023\/03\/logo-Panper_portal.jpg\" alt=\"\" class=\"wp-image-40208\" width=\"299\" height=\"207\" srcset=\"https:\/\/jornalfatosenoticias.com.br\/wp-content\/uploads\/2023\/03\/logo-Panper_portal.jpg 400w, https:\/\/jornalfatosenoticias.com.br\/wp-content\/uploads\/2023\/03\/logo-Panper_portal-300x208.jpg 300w\" sizes=\"auto, (max-width: 299px) 100vw, 299px\" \/><\/figure><\/div>\n\n\n\n<p>Segundo ele, a temperatura nesse &#8220;forno&#8221; atinge 15 milh\u00f5es de graus Celsius, e com dez milh\u00f5es de graus as leis da f\u00edsica desencadeiam a poderosa for\u00e7a da rea\u00e7\u00e3o termonuclear. &#8220;A imagem pac\u00edfica do equil\u00edbrio entre duas for\u00e7as \u2014 da gravidade, que tenta comprimir, e da press\u00e3o do forno termonuclear, que busca &#8216;inchar&#8217; \u2013 se manter\u00e1 por cerca de cinco bilh\u00f5es de anos, mas depois ter\u00e3o in\u00edcio processos grandiosos, inimagin\u00e1veis e mortais para as pessoas (se ainda existirem)&#8221;, disse Yurov.<br>A imagina\u00e7\u00e3o dos autores de fic\u00e7\u00e3o cient\u00edfica retrata frequentemente um mundo no futuro distante, onde o Sol simplesmente se extingue ou est\u00e1 prestes a extinguir-se. <\/p>\n\n\n\n<div class=\"wp-block-image\"><figure class=\"aligncenter size-large is-resized\"><img loading=\"lazy\" decoding=\"async\" src=\"https:\/\/jornalfatosenoticias.com.br\/wp-content\/uploads\/2022\/02\/Precisao-Contabilidade-1024x724.jpg\" alt=\"\" class=\"wp-image-28088\" width=\"321\" height=\"227\"\/><\/figure><\/div>\n\n\n\n<blockquote class=\"wp-block-quote is-layout-flow wp-block-quote-is-layout-flow\"><p><span class=\"has-inline-color has-luminous-vivid-orange-color\">A realidade ser\u00e1 muito mais assustadora e impressionante! Em cinco bilh\u00f5es de anos, quase todo o hidrog\u00eanio no <a href=\"https:\/\/sputniknewsbrasil.com.br\/20230508\/misterioso-padrao-de-sombra-no-espaco-revela-surpresa-fora-de-serie-foto-28749593.html\" target=\"_blank\" rel=\"noreferrer noopener\">n\u00facleo do Sol<\/a> ser\u00e1 expulso pelo h\u00e9lio rec\u00e9m-formado, porque ele \u00e9 mais denso e desloca o hidrog\u00eanio. Entretanto, haver\u00e1 muito hidrog\u00eanio na estrela. N\u00e3o no centro, mas sim nas \u00e1reas em torno, onde a temperatura \u00e9 menor&#8221;, explica o cientista.<\/span><\/p><\/blockquote>\n\n\n\n<p>Segundo ele, isso levar\u00e1 ao fato de que o calor e, mais importante, a press\u00e3o vindos do centro come\u00e7ar\u00e3o a enfraquecer. Mas isso n\u00e3o significa que as suposi\u00e7\u00f5es dos escritores sobre uma extin\u00e7\u00e3o suave da estrela se tornar\u00e3o realidade.<\/p>\n\n\n\n<div class=\"wp-block-image\"><figure class=\"aligncenter size-large\"><img decoding=\"async\" src=\"https:\/\/jornalfatosenoticias.com.br\/wp-content\/uploads\/2020\/02\/barao-das-carnes-300x164-1.jpg\" alt=\"\" class=\"wp-image-34339\"\/><\/figure><\/div>\n\n\n\n<p><strong><span class=\"has-inline-color has-black-color\">Sol vermelho gigante cobrir\u00e1 todo o c\u00e9u<br><\/span><\/strong>&#8220;A queda da press\u00e3o de dentro far\u00e1 com que a gravidade finalmente comece a dominar, e o Sol come\u00e7ar\u00e1 a se contrair. E depois de um tempo, devido a essa compress\u00e3o, a temperatura da estrela aumentar\u00e1 drasticamente&#8221;, aponta f\u00edsico russo. Na sequ\u00eancia disso, quando a temperatura na fina <a href=\"https:\/\/sputniknewsbrasil.com.br\/20230329\/cientistas-russos-revelam-que-tempestades-magneticas-destroem-camada-de-ozonio-da-terra-28237469.html\" target=\"_blank\" rel=\"noreferrer noopener\">camada de hidrog\u00eanio<\/a> que cobre o n\u00facleo de h\u00e9lio atingir dez milh\u00f5es de graus Celsius, ser\u00e1 reativada de novo a m\u00e1quina termonuclear que converter\u00e1 o hidrog\u00eanio em h\u00e9lio quando o calor for libertado.<\/p>\n\n\n\n<div class=\"wp-block-image\"><figure class=\"aligncenter size-large\"><img decoding=\"async\" src=\"https:\/\/jornalfatosenoticias.com.br\/wp-content\/uploads\/2020\/02\/logo_esteio.jpg\" alt=\"\" class=\"wp-image-1214\"\/><\/figure><\/div>\n\n\n\n<blockquote class=\"wp-block-quote is-layout-flow wp-block-quote-is-layout-flow\"><p><span class=\"has-inline-color has-luminous-vivid-orange-color\">A fogueira se acender\u00e1 novamente. Mas agora isso n\u00e3o queimar\u00e1 no n\u00facleo, mas na fina camada de hidrog\u00eanio ao redor do h\u00e9lio. Como resultado, haver\u00e1 n\u00e3o s\u00f3 uma rea\u00e7\u00e3o extremamente intensa, mas tamb\u00e9m um aumento repentino da press\u00e3o, o que provocar\u00e1 o incha\u00e7o do Sol&#8221;, diz o professor.<\/span><\/p><\/blockquote>\n\n\n\n<div class=\"wp-block-image\"><figure class=\"aligncenter size-large\"><img loading=\"lazy\" decoding=\"async\" width=\"729\" height=\"90\" src=\"https:\/\/jornalfatosenoticias.com.br\/wp-content\/uploads\/2020\/02\/Logo_Mizu.png\" alt=\"\" class=\"wp-image-1441\" srcset=\"https:\/\/jornalfatosenoticias.com.br\/wp-content\/uploads\/2020\/02\/Logo_Mizu.png 729w, https:\/\/jornalfatosenoticias.com.br\/wp-content\/uploads\/2020\/02\/Logo_Mizu-300x37.png 300w\" sizes=\"auto, (max-width: 729px) 100vw, 729px\" \/><\/figure><\/div>\n\n\n\n<p><strong><span class=\"has-inline-color has-black-color\">Ter\u00e1 a humanidade chance de salva\u00e7\u00e3o?<br><\/span><\/strong>Segundo Yurov, os <a href=\"https:\/\/sputniknewsbrasil.com.br\/20221121\/causas-que-provocaram-morte-por-calor-de-venus-sao-reveladas-26033992.html\" target=\"_blank\" rel=\"noreferrer noopener\">planetas mais pr\u00f3ximos do Sol<\/a> estar\u00e3o sob ataque: Merc\u00fario ser\u00e1 definitivamente dizimado dentro do gigante inchado, V\u00eanus, de acordo com os c\u00e1lculos, estar\u00e1 no limite. <\/p>\n\n\n\n<blockquote class=\"wp-block-quote is-layout-flow wp-block-quote-is-layout-flow\"><p><span class=\"has-inline-color has-luminous-vivid-orange-color\">O Sol provavelmente n\u00e3o alcan\u00e7ar\u00e1 a Terra, mas isso n\u00e3o a salvar\u00e1: todos os oceanos evaporar\u00e3o, a atmosfera desaparecer\u00e1. Tudo ser\u00e1 inundado com lava. A temperatura m\u00e9dia no planeta ser\u00e1 de v\u00e1rios milhares de graus. [Ser\u00e1] um inferno ardente, com um Sol vermelho que cobrir\u00e1 todo o c\u00e9u. [\u2026] Por isso, as condi\u00e7\u00f5es clim\u00e1ticas na Terra durante esse per\u00edodo excluir\u00e3o a vida&#8221;, acrescentou o especialista.<\/span><\/p><\/blockquote>\n\n\n\n<div class=\"wp-block-image\"><figure class=\"aligncenter size-large is-resized\"><img loading=\"lazy\" decoding=\"async\" src=\"https:\/\/jornalfatosenoticias.com.br\/wp-content\/uploads\/2022\/07\/Logo-Grupo-SEI.jpg\" alt=\"\" class=\"wp-image-31973\" width=\"349\" height=\"183\" srcset=\"https:\/\/jornalfatosenoticias.com.br\/wp-content\/uploads\/2022\/07\/Logo-Grupo-SEI.jpg 713w, https:\/\/jornalfatosenoticias.com.br\/wp-content\/uploads\/2022\/07\/Logo-Grupo-SEI-300x158.jpg 300w\" sizes=\"auto, (max-width: 349px) 100vw, 349px\" \/><\/figure><\/div>\n\n\n\n<p>Em sua opini\u00e3o, a \u00fanica chance para a civiliza\u00e7\u00e3o humana sobreviver \u00e9 explorar o espa\u00e7o e os planetas distantes. Pode-se come\u00e7ar por Marte, uma vez que o Sol inchado n\u00e3o chegar\u00e1 a este planeta e, al\u00e9m disso, ele pode at\u00e9 pode criar l\u00e1 condi\u00e7\u00f5es bastante aceit\u00e1veis e amenas por v\u00e1rios bilh\u00f5es de anos.<\/p>\n\n\n\n<p><strong><em>Fonte: <a href=\"https:\/\/sputniknewsbrasil.com.br\/20230610\/fogo-em-vez-do-ceu-cientista-explica-quando-e-como-o-sol-se-apagara-29174405.html\">Sputnik News Brasil<\/a><\/em><\/strong><\/p>\n","protected":false},"excerpt":{"rendered":"<p>Frio, fome e extin\u00e7\u00e3o da humanidade \u2014 tais consequ\u00eancias s\u00e3o retratadas por muitos escritores em hist\u00f3rias apocal\u00edpticas relacionadas \u00e0 extin\u00e7\u00e3o natural do Sol. A Sputnik discutiu com cientistas da Universidade Federal do B\u00e1ltico da R\u00fassia se as coisas s\u00e3o mesmo t\u00e3o ruins, se h\u00e1 esperan\u00e7a ou se tudo ser\u00e1 bem pior.O Sol brilha j\u00e1 h\u00e1 [&hellip;]<\/p>\n","protected":false},"author":2,"featured_media":42287,"comment_status":"open","ping_status":"open","sticky":false,"template":"","format":"standard","meta":{"footnotes":""},"categories":[2],"tags":[472,166,2438,13321,5028,383,434,1650,466,94],"class_list":["post-42286","post","type-post","status-publish","format-standard","has-post-thumbnail","hentry","category-ciencia","tag-astronomia","tag-ciencia","tag-exploracao-espacial","tag-helio","tag-hidrogenio","tag-humanidade","tag-marte","tag-planetas","tag-sol","tag-terra"],"yoast_head":"<!-- This site is optimized with the Yoast SEO plugin v26.5 - https:\/\/yoast.com\/wordpress\/plugins\/seo\/ -->\n<title>Cientista explica quando e como o Sol se apagar\u00e1 - Jornal Fatos e Not\u00edcias<\/title>\n<meta name=\"robots\" content=\"index, follow, max-snippet:-1, max-image-preview:large, max-video-preview:-1\" \/>\n<link rel=\"canonical\" href=\"https:\/\/jornalfatosenoticias.com.br\/index.php\/2023\/06\/12\/cientista-explica-quando-e-como-o-sol-se-apagara\/\" \/>\n<meta property=\"og:locale\" content=\"pt_BR\" \/>\n<meta property=\"og:type\" content=\"article\" \/>\n<meta property=\"og:title\" content=\"Cientista explica quando e como o Sol se apagar\u00e1 - Jornal Fatos e Not\u00edcias\" \/>\n<meta property=\"og:description\" content=\"Frio, fome e extin\u00e7\u00e3o da humanidade \u2014 tais consequ\u00eancias s\u00e3o retratadas por muitos escritores em hist\u00f3rias apocal\u00edpticas relacionadas \u00e0 extin\u00e7\u00e3o natural do Sol. A Sputnik discutiu com cientistas da Universidade Federal do B\u00e1ltico da R\u00fassia se as coisas s\u00e3o mesmo t\u00e3o ruins, se h\u00e1 esperan\u00e7a ou se tudo ser\u00e1 bem pior.O Sol brilha j\u00e1 h\u00e1 [&hellip;]\" \/>\n<meta property=\"og:url\" content=\"https:\/\/jornalfatosenoticias.com.br\/index.php\/2023\/06\/12\/cientista-explica-quando-e-como-o-sol-se-apagara\/\" \/>\n<meta property=\"og:site_name\" content=\"Jornal Fatos e Not\u00edcias\" \/>\n<meta property=\"article:published_time\" content=\"2023-06-12T13:19:54+00:00\" \/>\n<meta property=\"article:modified_time\" content=\"2023-06-12T13:19:57+00:00\" \/>\n<meta property=\"og:image\" content=\"https:\/\/jornalfatosenoticias.com.br\/wp-content\/uploads\/2023\/06\/tempestade-solar-atingir-terra.jpg\" \/>\n\t<meta property=\"og:image:width\" content=\"1000\" \/>\n\t<meta property=\"og:image:height\" content=\"454\" \/>\n\t<meta property=\"og:image:type\" content=\"image\/jpeg\" \/>\n<meta name=\"author\" content=\"Luzimara Fernandes\" \/>\n<meta name=\"twitter:card\" content=\"summary_large_image\" \/>\n<meta name=\"twitter:label1\" content=\"Escrito por\" \/>\n\t<meta name=\"twitter:data1\" content=\"Luzimara Fernandes\" \/>\n\t<meta name=\"twitter:label2\" content=\"Est. tempo de leitura\" \/>\n\t<meta name=\"twitter:data2\" content=\"4 minutos\" \/>\n<script type=\"application\/ld+json\" class=\"yoast-schema-graph\">{\"@context\":\"https:\/\/schema.org\",\"@graph\":[{\"@type\":\"Article\",\"@id\":\"https:\/\/jornalfatosenoticias.com.br\/index.php\/2023\/06\/12\/cientista-explica-quando-e-como-o-sol-se-apagara\/#article\",\"isPartOf\":{\"@id\":\"https:\/\/jornalfatosenoticias.com.br\/index.php\/2023\/06\/12\/cientista-explica-quando-e-como-o-sol-se-apagara\/\"},\"author\":{\"name\":\"Luzimara Fernandes\",\"@id\":\"https:\/\/jornalfatosenoticias.com.br\/#\/schema\/person\/d63837fa13ac8666eb9e74e0985d6f81\"},\"headline\":\"Cientista explica quando e como o Sol se apagar\u00e1\",\"datePublished\":\"2023-06-12T13:19:54+00:00\",\"dateModified\":\"2023-06-12T13:19:57+00:00\",\"mainEntityOfPage\":{\"@id\":\"https:\/\/jornalfatosenoticias.com.br\/index.php\/2023\/06\/12\/cientista-explica-quando-e-como-o-sol-se-apagara\/\"},\"wordCount\":738,\"commentCount\":0,\"publisher\":{\"@id\":\"https:\/\/jornalfatosenoticias.com.br\/#organization\"},\"image\":{\"@id\":\"https:\/\/jornalfatosenoticias.com.br\/index.php\/2023\/06\/12\/cientista-explica-quando-e-como-o-sol-se-apagara\/#primaryimage\"},\"thumbnailUrl\":\"https:\/\/jornalfatosenoticias.com.br\/wp-content\/uploads\/2023\/06\/tempestade-solar-atingir-terra.jpg\",\"keywords\":[\"Astronomia\",\"ci\u00eancia\",\"explora\u00e7\u00e3o espacial\",\"H\u00e9lio\",\"hidrog\u00eanio\",\"humanidade\",\"Marte\",\"planetas\",\"Sol\",\"Terra\"],\"articleSection\":[\"Ci\u00eancia\"],\"inLanguage\":\"pt-BR\",\"potentialAction\":[{\"@type\":\"CommentAction\",\"name\":\"Comment\",\"target\":[\"https:\/\/jornalfatosenoticias.com.br\/index.php\/2023\/06\/12\/cientista-explica-quando-e-como-o-sol-se-apagara\/#respond\"]}]},{\"@type\":\"WebPage\",\"@id\":\"https:\/\/jornalfatosenoticias.com.br\/index.php\/2023\/06\/12\/cientista-explica-quando-e-como-o-sol-se-apagara\/\",\"url\":\"https:\/\/jornalfatosenoticias.com.br\/index.php\/2023\/06\/12\/cientista-explica-quando-e-como-o-sol-se-apagara\/\",\"name\":\"Cientista explica quando e como o Sol se apagar\u00e1 - Jornal Fatos e Not\u00edcias\",\"isPartOf\":{\"@id\":\"https:\/\/jornalfatosenoticias.com.br\/#website\"},\"primaryImageOfPage\":{\"@id\":\"https:\/\/jornalfatosenoticias.com.br\/index.php\/2023\/06\/12\/cientista-explica-quando-e-como-o-sol-se-apagara\/#primaryimage\"},\"image\":{\"@id\":\"https:\/\/jornalfatosenoticias.com.br\/index.php\/2023\/06\/12\/cientista-explica-quando-e-como-o-sol-se-apagara\/#primaryimage\"},\"thumbnailUrl\":\"https:\/\/jornalfatosenoticias.com.br\/wp-content\/uploads\/2023\/06\/tempestade-solar-atingir-terra.jpg\",\"datePublished\":\"2023-06-12T13:19:54+00:00\",\"dateModified\":\"2023-06-12T13:19:57+00:00\",\"breadcrumb\":{\"@id\":\"https:\/\/jornalfatosenoticias.com.br\/index.php\/2023\/06\/12\/cientista-explica-quando-e-como-o-sol-se-apagara\/#breadcrumb\"},\"inLanguage\":\"pt-BR\",\"potentialAction\":[{\"@type\":\"ReadAction\",\"target\":[\"https:\/\/jornalfatosenoticias.com.br\/index.php\/2023\/06\/12\/cientista-explica-quando-e-como-o-sol-se-apagara\/\"]}]},{\"@type\":\"ImageObject\",\"inLanguage\":\"pt-BR\",\"@id\":\"https:\/\/jornalfatosenoticias.com.br\/index.php\/2023\/06\/12\/cientista-explica-quando-e-como-o-sol-se-apagara\/#primaryimage\",\"url\":\"https:\/\/jornalfatosenoticias.com.br\/wp-content\/uploads\/2023\/06\/tempestade-solar-atingir-terra.jpg\",\"contentUrl\":\"https:\/\/jornalfatosenoticias.com.br\/wp-content\/uploads\/2023\/06\/tempestade-solar-atingir-terra.jpg\",\"width\":1000,\"height\":454},{\"@type\":\"BreadcrumbList\",\"@id\":\"https:\/\/jornalfatosenoticias.com.br\/index.php\/2023\/06\/12\/cientista-explica-quando-e-como-o-sol-se-apagara\/#breadcrumb\",\"itemListElement\":[{\"@type\":\"ListItem\",\"position\":1,\"name\":\"In\u00edcio\",\"item\":\"https:\/\/jornalfatosenoticias.com.br\/\"},{\"@type\":\"ListItem\",\"position\":2,\"name\":\"Cientista explica quando e como o Sol se apagar\u00e1\"}]},{\"@type\":\"WebSite\",\"@id\":\"https:\/\/jornalfatosenoticias.com.br\/#website\",\"url\":\"https:\/\/jornalfatosenoticias.com.br\/\",\"name\":\"Jornal Fatos e Not\u00edcias\",\"description\":\"Not\u00edcias em geral\",\"publisher\":{\"@id\":\"https:\/\/jornalfatosenoticias.com.br\/#organization\"},\"potentialAction\":[{\"@type\":\"SearchAction\",\"target\":{\"@type\":\"EntryPoint\",\"urlTemplate\":\"https:\/\/jornalfatosenoticias.com.br\/?s={search_term_string}\"},\"query-input\":{\"@type\":\"PropertyValueSpecification\",\"valueRequired\":true,\"valueName\":\"search_term_string\"}}],\"inLanguage\":\"pt-BR\"},{\"@type\":\"Organization\",\"@id\":\"https:\/\/jornalfatosenoticias.com.br\/#organization\",\"name\":\"Jornal Fatos e Not\u00edcias\",\"url\":\"https:\/\/jornalfatosenoticias.com.br\/\",\"logo\":{\"@type\":\"ImageObject\",\"inLanguage\":\"pt-BR\",\"@id\":\"https:\/\/jornalfatosenoticias.com.br\/#\/schema\/logo\/image\/\",\"url\":\"https:\/\/jornalfatosenoticias.com.br\/wp-content\/uploads\/2020\/02\/logo120.png\",\"contentUrl\":\"https:\/\/jornalfatosenoticias.com.br\/wp-content\/uploads\/2020\/02\/logo120.png\",\"width\":1227,\"height\":120,\"caption\":\"Jornal Fatos e Not\u00edcias\"},\"image\":{\"@id\":\"https:\/\/jornalfatosenoticias.com.br\/#\/schema\/logo\/image\/\"}},{\"@type\":\"Person\",\"@id\":\"https:\/\/jornalfatosenoticias.com.br\/#\/schema\/person\/d63837fa13ac8666eb9e74e0985d6f81\",\"name\":\"Luzimara Fernandes\",\"image\":{\"@type\":\"ImageObject\",\"inLanguage\":\"pt-BR\",\"@id\":\"https:\/\/jornalfatosenoticias.com.br\/#\/schema\/person\/image\/\",\"url\":\"https:\/\/jornalfatosenoticias.com.br\/wp-content\/uploads\/2025\/05\/EU_portal.jpg\",\"contentUrl\":\"https:\/\/jornalfatosenoticias.com.br\/wp-content\/uploads\/2025\/05\/EU_portal.jpg\",\"caption\":\"Luzimara Fernandes\"},\"description\":\"Jornalista MTB 2358-ES\",\"sameAs\":[\"https:\/\/jornalfatosenoticias.com.br\"],\"url\":\"https:\/\/jornalfatosenoticias.com.br\/index.php\/author\/luzimara\/\"}]}<\/script>\n<!-- \/ Yoast SEO plugin. -->","yoast_head_json":{"title":"Cientista explica quando e como o Sol se apagar\u00e1 - Jornal Fatos e Not\u00edcias","robots":{"index":"index","follow":"follow","max-snippet":"max-snippet:-1","max-image-preview":"max-image-preview:large","max-video-preview":"max-video-preview:-1"},"canonical":"https:\/\/jornalfatosenoticias.com.br\/index.php\/2023\/06\/12\/cientista-explica-quando-e-como-o-sol-se-apagara\/","og_locale":"pt_BR","og_type":"article","og_title":"Cientista explica quando e como o Sol se apagar\u00e1 - Jornal Fatos e Not\u00edcias","og_description":"Frio, fome e extin\u00e7\u00e3o da humanidade \u2014 tais consequ\u00eancias s\u00e3o retratadas por muitos escritores em hist\u00f3rias apocal\u00edpticas relacionadas \u00e0 extin\u00e7\u00e3o natural do Sol. A Sputnik discutiu com cientistas da Universidade Federal do B\u00e1ltico da R\u00fassia se as coisas s\u00e3o mesmo t\u00e3o ruins, se h\u00e1 esperan\u00e7a ou se tudo ser\u00e1 bem pior.O Sol brilha j\u00e1 h\u00e1 [&hellip;]","og_url":"https:\/\/jornalfatosenoticias.com.br\/index.php\/2023\/06\/12\/cientista-explica-quando-e-como-o-sol-se-apagara\/","og_site_name":"Jornal Fatos e Not\u00edcias","article_published_time":"2023-06-12T13:19:54+00:00","article_modified_time":"2023-06-12T13:19:57+00:00","og_image":[{"width":1000,"height":454,"url":"https:\/\/jornalfatosenoticias.com.br\/wp-content\/uploads\/2023\/06\/tempestade-solar-atingir-terra.jpg","type":"image\/jpeg"}],"author":"Luzimara Fernandes","twitter_card":"summary_large_image","twitter_misc":{"Escrito por":"Luzimara Fernandes","Est. tempo de leitura":"4 minutos"},"schema":{"@context":"https:\/\/schema.org","@graph":[{"@type":"Article","@id":"https:\/\/jornalfatosenoticias.com.br\/index.php\/2023\/06\/12\/cientista-explica-quando-e-como-o-sol-se-apagara\/#article","isPartOf":{"@id":"https:\/\/jornalfatosenoticias.com.br\/index.php\/2023\/06\/12\/cientista-explica-quando-e-como-o-sol-se-apagara\/"},"author":{"name":"Luzimara Fernandes","@id":"https:\/\/jornalfatosenoticias.com.br\/#\/schema\/person\/d63837fa13ac8666eb9e74e0985d6f81"},"headline":"Cientista explica quando e como o Sol se apagar\u00e1","datePublished":"2023-06-12T13:19:54+00:00","dateModified":"2023-06-12T13:19:57+00:00","mainEntityOfPage":{"@id":"https:\/\/jornalfatosenoticias.com.br\/index.php\/2023\/06\/12\/cientista-explica-quando-e-como-o-sol-se-apagara\/"},"wordCount":738,"commentCount":0,"publisher":{"@id":"https:\/\/jornalfatosenoticias.com.br\/#organization"},"image":{"@id":"https:\/\/jornalfatosenoticias.com.br\/index.php\/2023\/06\/12\/cientista-explica-quando-e-como-o-sol-se-apagara\/#primaryimage"},"thumbnailUrl":"https:\/\/jornalfatosenoticias.com.br\/wp-content\/uploads\/2023\/06\/tempestade-solar-atingir-terra.jpg","keywords":["Astronomia","ci\u00eancia","explora\u00e7\u00e3o espacial","H\u00e9lio","hidrog\u00eanio","humanidade","Marte","planetas","Sol","Terra"],"articleSection":["Ci\u00eancia"],"inLanguage":"pt-BR","potentialAction":[{"@type":"CommentAction","name":"Comment","target":["https:\/\/jornalfatosenoticias.com.br\/index.php\/2023\/06\/12\/cientista-explica-quando-e-como-o-sol-se-apagara\/#respond"]}]},{"@type":"WebPage","@id":"https:\/\/jornalfatosenoticias.com.br\/index.php\/2023\/06\/12\/cientista-explica-quando-e-como-o-sol-se-apagara\/","url":"https:\/\/jornalfatosenoticias.com.br\/index.php\/2023\/06\/12\/cientista-explica-quando-e-como-o-sol-se-apagara\/","name":"Cientista explica quando e como o Sol se apagar\u00e1 - Jornal Fatos e Not\u00edcias","isPartOf":{"@id":"https:\/\/jornalfatosenoticias.com.br\/#website"},"primaryImageOfPage":{"@id":"https:\/\/jornalfatosenoticias.com.br\/index.php\/2023\/06\/12\/cientista-explica-quando-e-como-o-sol-se-apagara\/#primaryimage"},"image":{"@id":"https:\/\/jornalfatosenoticias.com.br\/index.php\/2023\/06\/12\/cientista-explica-quando-e-como-o-sol-se-apagara\/#primaryimage"},"thumbnailUrl":"https:\/\/jornalfatosenoticias.com.br\/wp-content\/uploads\/2023\/06\/tempestade-solar-atingir-terra.jpg","datePublished":"2023-06-12T13:19:54+00:00","dateModified":"2023-06-12T13:19:57+00:00","breadcrumb":{"@id":"https:\/\/jornalfatosenoticias.com.br\/index.php\/2023\/06\/12\/cientista-explica-quando-e-como-o-sol-se-apagara\/#breadcrumb"},"inLanguage":"pt-BR","potentialAction":[{"@type":"ReadAction","target":["https:\/\/jornalfatosenoticias.com.br\/index.php\/2023\/06\/12\/cientista-explica-quando-e-como-o-sol-se-apagara\/"]}]},{"@type":"ImageObject","inLanguage":"pt-BR","@id":"https:\/\/jornalfatosenoticias.com.br\/index.php\/2023\/06\/12\/cientista-explica-quando-e-como-o-sol-se-apagara\/#primaryimage","url":"https:\/\/jornalfatosenoticias.com.br\/wp-content\/uploads\/2023\/06\/tempestade-solar-atingir-terra.jpg","contentUrl":"https:\/\/jornalfatosenoticias.com.br\/wp-content\/uploads\/2023\/06\/tempestade-solar-atingir-terra.jpg","width":1000,"height":454},{"@type":"BreadcrumbList","@id":"https:\/\/jornalfatosenoticias.com.br\/index.php\/2023\/06\/12\/cientista-explica-quando-e-como-o-sol-se-apagara\/#breadcrumb","itemListElement":[{"@type":"ListItem","position":1,"name":"In\u00edcio","item":"https:\/\/jornalfatosenoticias.com.br\/"},{"@type":"ListItem","position":2,"name":"Cientista explica quando e como o Sol se apagar\u00e1"}]},{"@type":"WebSite","@id":"https:\/\/jornalfatosenoticias.com.br\/#website","url":"https:\/\/jornalfatosenoticias.com.br\/","name":"Jornal Fatos e Not\u00edcias","description":"Not\u00edcias em geral","publisher":{"@id":"https:\/\/jornalfatosenoticias.com.br\/#organization"},"potentialAction":[{"@type":"SearchAction","target":{"@type":"EntryPoint","urlTemplate":"https:\/\/jornalfatosenoticias.com.br\/?s={search_term_string}"},"query-input":{"@type":"PropertyValueSpecification","valueRequired":true,"valueName":"search_term_string"}}],"inLanguage":"pt-BR"},{"@type":"Organization","@id":"https:\/\/jornalfatosenoticias.com.br\/#organization","name":"Jornal Fatos e Not\u00edcias","url":"https:\/\/jornalfatosenoticias.com.br\/","logo":{"@type":"ImageObject","inLanguage":"pt-BR","@id":"https:\/\/jornalfatosenoticias.com.br\/#\/schema\/logo\/image\/","url":"https:\/\/jornalfatosenoticias.com.br\/wp-content\/uploads\/2020\/02\/logo120.png","contentUrl":"https:\/\/jornalfatosenoticias.com.br\/wp-content\/uploads\/2020\/02\/logo120.png","width":1227,"height":120,"caption":"Jornal Fatos e Not\u00edcias"},"image":{"@id":"https:\/\/jornalfatosenoticias.com.br\/#\/schema\/logo\/image\/"}},{"@type":"Person","@id":"https:\/\/jornalfatosenoticias.com.br\/#\/schema\/person\/d63837fa13ac8666eb9e74e0985d6f81","name":"Luzimara Fernandes","image":{"@type":"ImageObject","inLanguage":"pt-BR","@id":"https:\/\/jornalfatosenoticias.com.br\/#\/schema\/person\/image\/","url":"https:\/\/jornalfatosenoticias.com.br\/wp-content\/uploads\/2025\/05\/EU_portal.jpg","contentUrl":"https:\/\/jornalfatosenoticias.com.br\/wp-content\/uploads\/2025\/05\/EU_portal.jpg","caption":"Luzimara Fernandes"},"description":"Jornalista MTB 2358-ES","sameAs":["https:\/\/jornalfatosenoticias.com.br"],"url":"https:\/\/jornalfatosenoticias.com.br\/index.php\/author\/luzimara\/"}]}},"cc_featured_image_caption":{"caption_text":"(Foto: Getty Images) ","source_text":"","source_url":""},"jetpack_featured_media_url":"https:\/\/jornalfatosenoticias.com.br\/wp-content\/uploads\/2023\/06\/tempestade-solar-atingir-terra.jpg","_links":{"self":[{"href":"https:\/\/jornalfatosenoticias.com.br\/index.php\/wp-json\/wp\/v2\/posts\/42286","targetHints":{"allow":["GET"]}}],"collection":[{"href":"https:\/\/jornalfatosenoticias.com.br\/index.php\/wp-json\/wp\/v2\/posts"}],"about":[{"href":"https:\/\/jornalfatosenoticias.com.br\/index.php\/wp-json\/wp\/v2\/types\/post"}],"author":[{"embeddable":true,"href":"https:\/\/jornalfatosenoticias.com.br\/index.php\/wp-json\/wp\/v2\/users\/2"}],"replies":[{"embeddable":true,"href":"https:\/\/jornalfatosenoticias.com.br\/index.php\/wp-json\/wp\/v2\/comments?post=42286"}],"version-history":[{"count":0,"href":"https:\/\/jornalfatosenoticias.com.br\/index.php\/wp-json\/wp\/v2\/posts\/42286\/revisions"}],"wp:featuredmedia":[{"embeddable":true,"href":"https:\/\/jornalfatosenoticias.com.br\/index.php\/wp-json\/wp\/v2\/media\/42287"}],"wp:attachment":[{"href":"https:\/\/jornalfatosenoticias.com.br\/index.php\/wp-json\/wp\/v2\/media?parent=42286"}],"wp:term":[{"taxonomy":"category","embeddable":true,"href":"https:\/\/jornalfatosenoticias.com.br\/index.php\/wp-json\/wp\/v2\/categories?post=42286"},{"taxonomy":"post_tag","embeddable":true,"href":"https:\/\/jornalfatosenoticias.com.br\/index.php\/wp-json\/wp\/v2\/tags?post=42286"}],"curies":[{"name":"wp","href":"https:\/\/api.w.org\/{rel}","templated":true}]}}