{"id":42289,"date":"2023-06-12T10:37:54","date_gmt":"2023-06-12T13:37:54","guid":{"rendered":"https:\/\/jornalfatosenoticias.com.br\/?p=42289"},"modified":"2023-06-12T10:37:54","modified_gmt":"2023-06-12T13:37:54","slug":"pipa-aquatica-usa-mares-para-gerar-energia","status":"publish","type":"post","link":"https:\/\/jornalfatosenoticias.com.br\/index.php\/2023\/06\/12\/pipa-aquatica-usa-mares-para-gerar-energia\/","title":{"rendered":"\u201cPipa aqu\u00e1tica\u201d usa mar\u00e9s para gerar energia"},"content":{"rendered":"\n<p><em><span class=\"has-inline-color has-black-color\">Dispositivo inusitado j\u00e1 abastece energeticamente as Ilhas Faro\u00e9<\/span><\/em><\/p>\n\n\n\n<p><em><span class=\"has-inline-color has-black-color\">Por: <strong><a href=\"https:\/\/ciclovivo.com.br\/author\/marcia-sousa\/\">Marcia Sousa<\/a><\/strong><\/span><\/em><\/p>\n\n\n\n<div class=\"wp-block-image\"><figure class=\"aligncenter size-large\"><img loading=\"lazy\" decoding=\"async\" width=\"1024\" height=\"100\" src=\"https:\/\/jornalfatosenoticias.com.br\/wp-content\/uploads\/2020\/02\/banner_ferramentas-1024x100.jpg\" alt=\"\" class=\"wp-image-1258\" srcset=\"https:\/\/jornalfatosenoticias.com.br\/wp-content\/uploads\/2020\/02\/banner_ferramentas-1024x100.jpg 1024w, https:\/\/jornalfatosenoticias.com.br\/wp-content\/uploads\/2020\/02\/banner_ferramentas-300x29.jpg 300w, https:\/\/jornalfatosenoticias.com.br\/wp-content\/uploads\/2020\/02\/banner_ferramentas-768x75.jpg 768w, https:\/\/jornalfatosenoticias.com.br\/wp-content\/uploads\/2020\/02\/banner_ferramentas.jpg 1227w\" sizes=\"auto, (max-width: 1024px) 100vw, 1024px\" \/><\/figure><\/div>\n\n\n\n<p>Um dispositivo inusitado est\u00e1 ajudando a abastecer as Ilhas Faro\u00e9 \u2014 um arquip\u00e9lago entre a Esc\u00f3cia e a Isl\u00e2ndia \u2014 com energia renov\u00e1vel. \u00c9 o Dragon 4, uma \u201cpipa aqu\u00e1tica\u201d que gera eletricidade a partir de fluxos de mar\u00e9 e correntes oce\u00e2nicas. O Dragon 4 \u00e9 uma <a href=\"https:\/\/ciclovivo.com.br\/inovacao\/tecnologia\/holanda-testa-turbina-que-gera-energia-com-movimento-das-ondas\/\" target=\"_blank\" rel=\"noreferrer noopener\">turbina<\/a> cujo desenho e performance imita uma pipa voando. O modelo consiste em uma asa, que carrega uma turbina diretamente acoplada a um gerador. Leve, modular e escal\u00e1vel s\u00e3o algumas das caracter\u00edsticas do produto.<\/p>\n\n\n\n<div class=\"wp-block-image\"><figure class=\"aligncenter size-large is-resized\"><img loading=\"lazy\" decoding=\"async\" src=\"https:\/\/jornalfatosenoticias.com.br\/wp-content\/uploads\/2022\/10\/RC_800x750_page-0001.jpg\" alt=\"\" class=\"wp-image-35338\" width=\"249\" height=\"234\" srcset=\"https:\/\/jornalfatosenoticias.com.br\/wp-content\/uploads\/2022\/10\/RC_800x750_page-0001.jpg 400w, https:\/\/jornalfatosenoticias.com.br\/wp-content\/uploads\/2022\/10\/RC_800x750_page-0001-300x281.jpg 300w\" sizes=\"auto, (max-width: 249px) 100vw, 249px\" \/><\/figure><\/div>\n\n\n\n<p>Desenvolvida pela empresa sueca Minesto, o dispositivo vem passando por v\u00e1rios testes na \u00faltima d\u00e9cada. Em 2022, come\u00e7ou a fornecer eletricidade \u00e0 rede el\u00e9trica nas Ilhas Faro\u00e9. A ideia \u00e9 aproveitar a fonte inesgot\u00e1vel de <a href=\"https:\/\/ciclovivo.com.br\/canal\/planeta\/energia\/\" target=\"_blank\" rel=\"noreferrer noopener\">energia renov\u00e1vel<\/a> proporcionada pela for\u00e7a das mar\u00e9s.<\/p>\n\n\n\n<div class=\"wp-block-image\"><figure class=\"aligncenter size-large\"><img loading=\"lazy\" decoding=\"async\" width=\"1000\" height=\"711\" src=\"https:\/\/jornalfatosenoticias.com.br\/wp-content\/uploads\/2023\/06\/pipa-aquatica-MINESTO2.jpg\" alt=\"\" class=\"wp-image-42290\" srcset=\"https:\/\/jornalfatosenoticias.com.br\/wp-content\/uploads\/2023\/06\/pipa-aquatica-MINESTO2.jpg 1000w, https:\/\/jornalfatosenoticias.com.br\/wp-content\/uploads\/2023\/06\/pipa-aquatica-MINESTO2-300x213.jpg 300w, https:\/\/jornalfatosenoticias.com.br\/wp-content\/uploads\/2023\/06\/pipa-aquatica-MINESTO2-768x546.jpg 768w\" sizes=\"auto, (max-width: 1000px) 100vw, 1000px\" \/><figcaption><em><span class=\"has-inline-color has-black-color\">(Foto: Minesto)<\/span><\/em><\/figcaption><\/figure><\/div>\n\n\n\n<p>A asa usa a for\u00e7a de sustenta\u00e7\u00e3o hidrodin\u00e2mica criada pela corrente subaqu\u00e1tica para mover a pipa. Com um sistema de controle a bordo, a pipa \u00e9 dirigida autonomamente em uma trajet\u00f3ria predeterminada em forma de oito, puxando a turbina atrav\u00e9s da \u00e1gua em um <a href=\"https:\/\/ciclovivo.com.br\/inovacao\/tecnologia\/turbina-hidrocinetica-transforma-fluxo-de-agua-em-energia\/\" target=\"_blank\" rel=\"noreferrer noopener\">fluxo de \u00e1gua<\/a> v\u00e1rias vezes maior do que a velocidade real do fluxo. O eixo da turbina move o gerador que produz eletricidade e envia para a rede.<\/p>\n\n\n\n<div class=\"wp-block-image\"><figure class=\"aligncenter size-large is-resized\"><img loading=\"lazy\" decoding=\"async\" src=\"https:\/\/jornalfatosenoticias.com.br\/wp-content\/uploads\/2023\/03\/logo-Panper_portal.jpg\" alt=\"\" class=\"wp-image-40208\" width=\"276\" height=\"191\" srcset=\"https:\/\/jornalfatosenoticias.com.br\/wp-content\/uploads\/2023\/03\/logo-Panper_portal.jpg 400w, https:\/\/jornalfatosenoticias.com.br\/wp-content\/uploads\/2023\/03\/logo-Panper_portal-300x208.jpg 300w\" sizes=\"auto, (max-width: 276px) 100vw, 276px\" \/><\/figure><\/div>\n\n\n\n<blockquote class=\"wp-block-quote is-layout-flow wp-block-quote-is-layout-flow\"><p><span class=\"has-inline-color has-luminous-vivid-orange-color\">Imagine que voc\u00ea est\u00e1 em uma praia, empinando uma pipa contra o vento. Voc\u00ea sente a forte for\u00e7a das cordas da pipa. Ao empinar a pipa de lado, voc\u00ea percebe que ela voa mais r\u00e1pido \u2014 muito mais r\u00e1pido do que o pr\u00f3prio vento est\u00e1 soprando. Empinar uma pipa atrav\u00e9s do fluxo \u00e9 o mesmo princ\u00edpio por tr\u00e1s da <a href=\"https:\/\/ciclovivo.com.br\/canal\/inovacao\/tecnologia\/\" target=\"_blank\" rel=\"noreferrer noopener\">tecnologia<\/a> oce\u00e2nica patenteada\u201d, explica a empresa Minesto. \u201cExceto \u2014 em vez de voar em uma praia, \u2018voamos\u2019 no oceano, pois a \u00e1gua \u00e9 quase mil vezes mais densa que o ar, ent\u00e3o a energia \u00e9 muito mais concentrada\u201d, completa.<\/span><\/p><\/blockquote>\n\n\n\n<div class=\"wp-block-image\"><figure class=\"aligncenter size-large\"><img loading=\"lazy\" decoding=\"async\" width=\"1024\" height=\"110\" src=\"https:\/\/jornalfatosenoticias.com.br\/wp-content\/uploads\/2023\/03\/Crypton-1120-\u00d7-120-px-1-1024x110.png\" alt=\"\" class=\"wp-image-39211\" srcset=\"https:\/\/jornalfatosenoticias.com.br\/wp-content\/uploads\/2023\/03\/Crypton-1120-\u00d7-120-px-1-1024x110.png 1024w, https:\/\/jornalfatosenoticias.com.br\/wp-content\/uploads\/2023\/03\/Crypton-1120-\u00d7-120-px-1-300x32.png 300w, https:\/\/jornalfatosenoticias.com.br\/wp-content\/uploads\/2023\/03\/Crypton-1120-\u00d7-120-px-1-768x82.png 768w, https:\/\/jornalfatosenoticias.com.br\/wp-content\/uploads\/2023\/03\/Crypton-1120-\u00d7-120-px-1.png 1120w\" sizes=\"auto, (max-width: 1024px) 100vw, 1024px\" \/><\/figure><\/div>\n\n\n\n<div class=\"wp-block-image\"><figure class=\"aligncenter size-large\"><img loading=\"lazy\" decoding=\"async\" width=\"1000\" height=\"561\" src=\"https:\/\/jornalfatosenoticias.com.br\/wp-content\/uploads\/2023\/06\/pipa-aquatica-MINESTO3.jpg\" alt=\"\" class=\"wp-image-42291\" srcset=\"https:\/\/jornalfatosenoticias.com.br\/wp-content\/uploads\/2023\/06\/pipa-aquatica-MINESTO3.jpg 1000w, https:\/\/jornalfatosenoticias.com.br\/wp-content\/uploads\/2023\/06\/pipa-aquatica-MINESTO3-300x168.jpg 300w, https:\/\/jornalfatosenoticias.com.br\/wp-content\/uploads\/2023\/06\/pipa-aquatica-MINESTO3-768x431.jpg 768w\" sizes=\"auto, (max-width: 1000px) 100vw, 1000px\" \/><figcaption><em><span class=\"has-inline-color has-black-color\">(Foto: Minesto)<\/span><\/em><\/figcaption><\/figure><\/div>\n\n\n\n<p>O pequeno sistema de \u201cpipa aqu\u00e1tica\u201d de 100 quilowatts foi instalado em outubro nas Ilhas Faro\u00e9 e apresentou resultados recordes em termos de eletricidade total gerada, desempenho m\u00e1ximo e convers\u00e3o de energia em geral. Um segundo equipamento j\u00e1 foi implantado desde ent\u00e3o e a Minesto possui um plano detalhado para a constru\u00e7\u00e3o gradual de conjuntos de turbinas. Com uma capacidade total de 120 MW de energia das mar\u00e9s, gerando cerca de 350 GWh por ano, as matrizes forneceriam 40% do crescente consumo de eletricidade das Ilhas Faro\u00e9.<\/p>\n\n\n\n<div class=\"wp-block-image\"><figure class=\"aligncenter size-large is-resized\"><img loading=\"lazy\" decoding=\"async\" src=\"https:\/\/jornalfatosenoticias.com.br\/wp-content\/uploads\/2020\/02\/casa-do-torresmo_portal.jpg\" alt=\"\" class=\"wp-image-34472\" width=\"264\" height=\"264\" srcset=\"https:\/\/jornalfatosenoticias.com.br\/wp-content\/uploads\/2020\/02\/casa-do-torresmo_portal.jpg 300w, https:\/\/jornalfatosenoticias.com.br\/wp-content\/uploads\/2020\/02\/casa-do-torresmo_portal-150x150.jpg 150w\" sizes=\"auto, (max-width: 264px) 100vw, 264px\" \/><\/figure><\/div>\n\n\n\n<p>A Uni\u00e3o Europeia quer obter 40 gigawatts de energia \u201coce\u00e2nica\u201d at\u00e9 2050, por\u00e9m h\u00e1 grandes desafios no desenvolvimento, expans\u00e3o da tecnologia e alto custo. Por enquanto, a Minesto assinou acordos para levar sua tecnologia de energia das mar\u00e9s para as Filipinas e Taiwan, cujo abastecimento energ\u00e9tico prov\u00e9m 95% de combust\u00edveis f\u00f3sseis.<\/p>\n\n\n\n<p><strong><em>Fonte: <a href=\"https:\/\/ciclovivo.com.br\/inovacao\/tecnologia\/pipa-aquatica-usa-mares-para-gerar-energia\/\">CicloVivo<\/a><\/em><\/strong><\/p>\n","protected":false},"excerpt":{"rendered":"<p>Dispositivo inusitado j\u00e1 abastece energeticamente as Ilhas Faro\u00e9 Por: Marcia Sousa Um dispositivo inusitado est\u00e1 ajudando a abastecer as Ilhas Faro\u00e9 \u2014 um arquip\u00e9lago entre a Esc\u00f3cia e a Isl\u00e2ndia \u2014 com energia renov\u00e1vel. \u00c9 o Dragon 4, uma \u201cpipa aqu\u00e1tica\u201d que gera eletricidade a partir de fluxos de mar\u00e9 e correntes oce\u00e2nicas. O Dragon [&hellip;]<\/p>\n","protected":false},"author":2,"featured_media":42292,"comment_status":"open","ping_status":"open","sticky":false,"template":"","format":"standard","meta":{"footnotes":""},"categories":[3],"tags":[19901,18659,19902,2831,19903,19904],"class_list":["post-42289","post","type-post","status-publish","format-standard","has-post-thumbnail","hentry","category-tecnologia","tag-energia-das-mares","tag-energia-das-ondas","tag-ilhas-faroe-2","tag-mares-2","tag-pipa-aquatica","tag-tecnologia-oceanica"],"yoast_head":"<!-- This site is optimized with the Yoast SEO plugin v26.5 - https:\/\/yoast.com\/wordpress\/plugins\/seo\/ -->\n<title>\u201cPipa aqu\u00e1tica\u201d usa mar\u00e9s para gerar energia - Jornal Fatos e Not\u00edcias<\/title>\n<meta name=\"robots\" content=\"index, follow, max-snippet:-1, max-image-preview:large, max-video-preview:-1\" \/>\n<link rel=\"canonical\" href=\"https:\/\/jornalfatosenoticias.com.br\/index.php\/2023\/06\/12\/pipa-aquatica-usa-mares-para-gerar-energia\/\" \/>\n<meta property=\"og:locale\" content=\"pt_BR\" \/>\n<meta property=\"og:type\" content=\"article\" \/>\n<meta property=\"og:title\" content=\"\u201cPipa aqu\u00e1tica\u201d usa mar\u00e9s para gerar energia - Jornal Fatos e Not\u00edcias\" \/>\n<meta property=\"og:description\" content=\"Dispositivo inusitado j\u00e1 abastece energeticamente as Ilhas Faro\u00e9 Por: Marcia Sousa Um dispositivo inusitado est\u00e1 ajudando a abastecer as Ilhas Faro\u00e9 \u2014 um arquip\u00e9lago entre a Esc\u00f3cia e a Isl\u00e2ndia \u2014 com energia renov\u00e1vel. \u00c9 o Dragon 4, uma \u201cpipa aqu\u00e1tica\u201d que gera eletricidade a partir de fluxos de mar\u00e9 e correntes oce\u00e2nicas. O Dragon [&hellip;]\" \/>\n<meta property=\"og:url\" content=\"https:\/\/jornalfatosenoticias.com.br\/index.php\/2023\/06\/12\/pipa-aquatica-usa-mares-para-gerar-energia\/\" \/>\n<meta property=\"og:site_name\" content=\"Jornal Fatos e Not\u00edcias\" \/>\n<meta property=\"article:published_time\" content=\"2023-06-12T13:37:54+00:00\" \/>\n<meta property=\"og:image\" content=\"https:\/\/jornalfatosenoticias.com.br\/wp-content\/uploads\/2023\/06\/pipa-aquatica-MINESTO.jpg\" \/>\n\t<meta property=\"og:image:width\" content=\"1000\" \/>\n\t<meta property=\"og:image:height\" content=\"665\" \/>\n\t<meta property=\"og:image:type\" content=\"image\/jpeg\" \/>\n<meta name=\"author\" content=\"Luzimara Fernandes\" \/>\n<meta name=\"twitter:card\" content=\"summary_large_image\" \/>\n<meta name=\"twitter:label1\" content=\"Escrito por\" \/>\n\t<meta name=\"twitter:data1\" content=\"Luzimara Fernandes\" \/>\n\t<meta name=\"twitter:label2\" content=\"Est. tempo de leitura\" \/>\n\t<meta name=\"twitter:data2\" content=\"2 minutos\" \/>\n<script type=\"application\/ld+json\" class=\"yoast-schema-graph\">{\"@context\":\"https:\/\/schema.org\",\"@graph\":[{\"@type\":\"Article\",\"@id\":\"https:\/\/jornalfatosenoticias.com.br\/index.php\/2023\/06\/12\/pipa-aquatica-usa-mares-para-gerar-energia\/#article\",\"isPartOf\":{\"@id\":\"https:\/\/jornalfatosenoticias.com.br\/index.php\/2023\/06\/12\/pipa-aquatica-usa-mares-para-gerar-energia\/\"},\"author\":{\"name\":\"Luzimara Fernandes\",\"@id\":\"https:\/\/jornalfatosenoticias.com.br\/#\/schema\/person\/d63837fa13ac8666eb9e74e0985d6f81\"},\"headline\":\"\u201cPipa aqu\u00e1tica\u201d usa mar\u00e9s para gerar energia\",\"datePublished\":\"2023-06-12T13:37:54+00:00\",\"mainEntityOfPage\":{\"@id\":\"https:\/\/jornalfatosenoticias.com.br\/index.php\/2023\/06\/12\/pipa-aquatica-usa-mares-para-gerar-energia\/\"},\"wordCount\":483,\"commentCount\":0,\"publisher\":{\"@id\":\"https:\/\/jornalfatosenoticias.com.br\/#organization\"},\"image\":{\"@id\":\"https:\/\/jornalfatosenoticias.com.br\/index.php\/2023\/06\/12\/pipa-aquatica-usa-mares-para-gerar-energia\/#primaryimage\"},\"thumbnailUrl\":\"https:\/\/jornalfatosenoticias.com.br\/wp-content\/uploads\/2023\/06\/pipa-aquatica-MINESTO.jpg\",\"keywords\":[\"energia das mar\u00e9s\",\"energia das ondas\",\"Ilhas Faro\u00e9\",\"mar\u00e9s\",\"pipa aqu\u00e1tica\",\"tecnologia oce\u00e2nica\"],\"articleSection\":[\"Tecnologia &amp; Inova\u00e7\u00e3o\"],\"inLanguage\":\"pt-BR\",\"potentialAction\":[{\"@type\":\"CommentAction\",\"name\":\"Comment\",\"target\":[\"https:\/\/jornalfatosenoticias.com.br\/index.php\/2023\/06\/12\/pipa-aquatica-usa-mares-para-gerar-energia\/#respond\"]}]},{\"@type\":\"WebPage\",\"@id\":\"https:\/\/jornalfatosenoticias.com.br\/index.php\/2023\/06\/12\/pipa-aquatica-usa-mares-para-gerar-energia\/\",\"url\":\"https:\/\/jornalfatosenoticias.com.br\/index.php\/2023\/06\/12\/pipa-aquatica-usa-mares-para-gerar-energia\/\",\"name\":\"\u201cPipa aqu\u00e1tica\u201d usa mar\u00e9s para gerar energia - Jornal Fatos e Not\u00edcias\",\"isPartOf\":{\"@id\":\"https:\/\/jornalfatosenoticias.com.br\/#website\"},\"primaryImageOfPage\":{\"@id\":\"https:\/\/jornalfatosenoticias.com.br\/index.php\/2023\/06\/12\/pipa-aquatica-usa-mares-para-gerar-energia\/#primaryimage\"},\"image\":{\"@id\":\"https:\/\/jornalfatosenoticias.com.br\/index.php\/2023\/06\/12\/pipa-aquatica-usa-mares-para-gerar-energia\/#primaryimage\"},\"thumbnailUrl\":\"https:\/\/jornalfatosenoticias.com.br\/wp-content\/uploads\/2023\/06\/pipa-aquatica-MINESTO.jpg\",\"datePublished\":\"2023-06-12T13:37:54+00:00\",\"breadcrumb\":{\"@id\":\"https:\/\/jornalfatosenoticias.com.br\/index.php\/2023\/06\/12\/pipa-aquatica-usa-mares-para-gerar-energia\/#breadcrumb\"},\"inLanguage\":\"pt-BR\",\"potentialAction\":[{\"@type\":\"ReadAction\",\"target\":[\"https:\/\/jornalfatosenoticias.com.br\/index.php\/2023\/06\/12\/pipa-aquatica-usa-mares-para-gerar-energia\/\"]}]},{\"@type\":\"ImageObject\",\"inLanguage\":\"pt-BR\",\"@id\":\"https:\/\/jornalfatosenoticias.com.br\/index.php\/2023\/06\/12\/pipa-aquatica-usa-mares-para-gerar-energia\/#primaryimage\",\"url\":\"https:\/\/jornalfatosenoticias.com.br\/wp-content\/uploads\/2023\/06\/pipa-aquatica-MINESTO.jpg\",\"contentUrl\":\"https:\/\/jornalfatosenoticias.com.br\/wp-content\/uploads\/2023\/06\/pipa-aquatica-MINESTO.jpg\",\"width\":1000,\"height\":665},{\"@type\":\"BreadcrumbList\",\"@id\":\"https:\/\/jornalfatosenoticias.com.br\/index.php\/2023\/06\/12\/pipa-aquatica-usa-mares-para-gerar-energia\/#breadcrumb\",\"itemListElement\":[{\"@type\":\"ListItem\",\"position\":1,\"name\":\"In\u00edcio\",\"item\":\"https:\/\/jornalfatosenoticias.com.br\/\"},{\"@type\":\"ListItem\",\"position\":2,\"name\":\"\u201cPipa aqu\u00e1tica\u201d usa mar\u00e9s para gerar energia\"}]},{\"@type\":\"WebSite\",\"@id\":\"https:\/\/jornalfatosenoticias.com.br\/#website\",\"url\":\"https:\/\/jornalfatosenoticias.com.br\/\",\"name\":\"Jornal Fatos e Not\u00edcias\",\"description\":\"Not\u00edcias em geral\",\"publisher\":{\"@id\":\"https:\/\/jornalfatosenoticias.com.br\/#organization\"},\"potentialAction\":[{\"@type\":\"SearchAction\",\"target\":{\"@type\":\"EntryPoint\",\"urlTemplate\":\"https:\/\/jornalfatosenoticias.com.br\/?s={search_term_string}\"},\"query-input\":{\"@type\":\"PropertyValueSpecification\",\"valueRequired\":true,\"valueName\":\"search_term_string\"}}],\"inLanguage\":\"pt-BR\"},{\"@type\":\"Organization\",\"@id\":\"https:\/\/jornalfatosenoticias.com.br\/#organization\",\"name\":\"Jornal Fatos e Not\u00edcias\",\"url\":\"https:\/\/jornalfatosenoticias.com.br\/\",\"logo\":{\"@type\":\"ImageObject\",\"inLanguage\":\"pt-BR\",\"@id\":\"https:\/\/jornalfatosenoticias.com.br\/#\/schema\/logo\/image\/\",\"url\":\"https:\/\/jornalfatosenoticias.com.br\/wp-content\/uploads\/2020\/02\/logo120.png\",\"contentUrl\":\"https:\/\/jornalfatosenoticias.com.br\/wp-content\/uploads\/2020\/02\/logo120.png\",\"width\":1227,\"height\":120,\"caption\":\"Jornal Fatos e Not\u00edcias\"},\"image\":{\"@id\":\"https:\/\/jornalfatosenoticias.com.br\/#\/schema\/logo\/image\/\"}},{\"@type\":\"Person\",\"@id\":\"https:\/\/jornalfatosenoticias.com.br\/#\/schema\/person\/d63837fa13ac8666eb9e74e0985d6f81\",\"name\":\"Luzimara Fernandes\",\"image\":{\"@type\":\"ImageObject\",\"inLanguage\":\"pt-BR\",\"@id\":\"https:\/\/jornalfatosenoticias.com.br\/#\/schema\/person\/image\/\",\"url\":\"https:\/\/jornalfatosenoticias.com.br\/wp-content\/uploads\/2025\/05\/EU_portal.jpg\",\"contentUrl\":\"https:\/\/jornalfatosenoticias.com.br\/wp-content\/uploads\/2025\/05\/EU_portal.jpg\",\"caption\":\"Luzimara Fernandes\"},\"description\":\"Jornalista MTB 2358-ES\",\"sameAs\":[\"https:\/\/jornalfatosenoticias.com.br\"],\"url\":\"https:\/\/jornalfatosenoticias.com.br\/index.php\/author\/luzimara\/\"}]}<\/script>\n<!-- \/ Yoast SEO plugin. -->","yoast_head_json":{"title":"\u201cPipa aqu\u00e1tica\u201d usa mar\u00e9s para gerar energia - Jornal Fatos e Not\u00edcias","robots":{"index":"index","follow":"follow","max-snippet":"max-snippet:-1","max-image-preview":"max-image-preview:large","max-video-preview":"max-video-preview:-1"},"canonical":"https:\/\/jornalfatosenoticias.com.br\/index.php\/2023\/06\/12\/pipa-aquatica-usa-mares-para-gerar-energia\/","og_locale":"pt_BR","og_type":"article","og_title":"\u201cPipa aqu\u00e1tica\u201d usa mar\u00e9s para gerar energia - Jornal Fatos e Not\u00edcias","og_description":"Dispositivo inusitado j\u00e1 abastece energeticamente as Ilhas Faro\u00e9 Por: Marcia Sousa Um dispositivo inusitado est\u00e1 ajudando a abastecer as Ilhas Faro\u00e9 \u2014 um arquip\u00e9lago entre a Esc\u00f3cia e a Isl\u00e2ndia \u2014 com energia renov\u00e1vel. \u00c9 o Dragon 4, uma \u201cpipa aqu\u00e1tica\u201d que gera eletricidade a partir de fluxos de mar\u00e9 e correntes oce\u00e2nicas. O Dragon [&hellip;]","og_url":"https:\/\/jornalfatosenoticias.com.br\/index.php\/2023\/06\/12\/pipa-aquatica-usa-mares-para-gerar-energia\/","og_site_name":"Jornal Fatos e Not\u00edcias","article_published_time":"2023-06-12T13:37:54+00:00","og_image":[{"width":1000,"height":665,"url":"https:\/\/jornalfatosenoticias.com.br\/wp-content\/uploads\/2023\/06\/pipa-aquatica-MINESTO.jpg","type":"image\/jpeg"}],"author":"Luzimara Fernandes","twitter_card":"summary_large_image","twitter_misc":{"Escrito por":"Luzimara Fernandes","Est. tempo de leitura":"2 minutos"},"schema":{"@context":"https:\/\/schema.org","@graph":[{"@type":"Article","@id":"https:\/\/jornalfatosenoticias.com.br\/index.php\/2023\/06\/12\/pipa-aquatica-usa-mares-para-gerar-energia\/#article","isPartOf":{"@id":"https:\/\/jornalfatosenoticias.com.br\/index.php\/2023\/06\/12\/pipa-aquatica-usa-mares-para-gerar-energia\/"},"author":{"name":"Luzimara Fernandes","@id":"https:\/\/jornalfatosenoticias.com.br\/#\/schema\/person\/d63837fa13ac8666eb9e74e0985d6f81"},"headline":"\u201cPipa aqu\u00e1tica\u201d usa mar\u00e9s para gerar energia","datePublished":"2023-06-12T13:37:54+00:00","mainEntityOfPage":{"@id":"https:\/\/jornalfatosenoticias.com.br\/index.php\/2023\/06\/12\/pipa-aquatica-usa-mares-para-gerar-energia\/"},"wordCount":483,"commentCount":0,"publisher":{"@id":"https:\/\/jornalfatosenoticias.com.br\/#organization"},"image":{"@id":"https:\/\/jornalfatosenoticias.com.br\/index.php\/2023\/06\/12\/pipa-aquatica-usa-mares-para-gerar-energia\/#primaryimage"},"thumbnailUrl":"https:\/\/jornalfatosenoticias.com.br\/wp-content\/uploads\/2023\/06\/pipa-aquatica-MINESTO.jpg","keywords":["energia das mar\u00e9s","energia das ondas","Ilhas Faro\u00e9","mar\u00e9s","pipa aqu\u00e1tica","tecnologia oce\u00e2nica"],"articleSection":["Tecnologia &amp; Inova\u00e7\u00e3o"],"inLanguage":"pt-BR","potentialAction":[{"@type":"CommentAction","name":"Comment","target":["https:\/\/jornalfatosenoticias.com.br\/index.php\/2023\/06\/12\/pipa-aquatica-usa-mares-para-gerar-energia\/#respond"]}]},{"@type":"WebPage","@id":"https:\/\/jornalfatosenoticias.com.br\/index.php\/2023\/06\/12\/pipa-aquatica-usa-mares-para-gerar-energia\/","url":"https:\/\/jornalfatosenoticias.com.br\/index.php\/2023\/06\/12\/pipa-aquatica-usa-mares-para-gerar-energia\/","name":"\u201cPipa aqu\u00e1tica\u201d usa mar\u00e9s para gerar energia - Jornal Fatos e Not\u00edcias","isPartOf":{"@id":"https:\/\/jornalfatosenoticias.com.br\/#website"},"primaryImageOfPage":{"@id":"https:\/\/jornalfatosenoticias.com.br\/index.php\/2023\/06\/12\/pipa-aquatica-usa-mares-para-gerar-energia\/#primaryimage"},"image":{"@id":"https:\/\/jornalfatosenoticias.com.br\/index.php\/2023\/06\/12\/pipa-aquatica-usa-mares-para-gerar-energia\/#primaryimage"},"thumbnailUrl":"https:\/\/jornalfatosenoticias.com.br\/wp-content\/uploads\/2023\/06\/pipa-aquatica-MINESTO.jpg","datePublished":"2023-06-12T13:37:54+00:00","breadcrumb":{"@id":"https:\/\/jornalfatosenoticias.com.br\/index.php\/2023\/06\/12\/pipa-aquatica-usa-mares-para-gerar-energia\/#breadcrumb"},"inLanguage":"pt-BR","potentialAction":[{"@type":"ReadAction","target":["https:\/\/jornalfatosenoticias.com.br\/index.php\/2023\/06\/12\/pipa-aquatica-usa-mares-para-gerar-energia\/"]}]},{"@type":"ImageObject","inLanguage":"pt-BR","@id":"https:\/\/jornalfatosenoticias.com.br\/index.php\/2023\/06\/12\/pipa-aquatica-usa-mares-para-gerar-energia\/#primaryimage","url":"https:\/\/jornalfatosenoticias.com.br\/wp-content\/uploads\/2023\/06\/pipa-aquatica-MINESTO.jpg","contentUrl":"https:\/\/jornalfatosenoticias.com.br\/wp-content\/uploads\/2023\/06\/pipa-aquatica-MINESTO.jpg","width":1000,"height":665},{"@type":"BreadcrumbList","@id":"https:\/\/jornalfatosenoticias.com.br\/index.php\/2023\/06\/12\/pipa-aquatica-usa-mares-para-gerar-energia\/#breadcrumb","itemListElement":[{"@type":"ListItem","position":1,"name":"In\u00edcio","item":"https:\/\/jornalfatosenoticias.com.br\/"},{"@type":"ListItem","position":2,"name":"\u201cPipa aqu\u00e1tica\u201d usa mar\u00e9s para gerar energia"}]},{"@type":"WebSite","@id":"https:\/\/jornalfatosenoticias.com.br\/#website","url":"https:\/\/jornalfatosenoticias.com.br\/","name":"Jornal Fatos e Not\u00edcias","description":"Not\u00edcias em geral","publisher":{"@id":"https:\/\/jornalfatosenoticias.com.br\/#organization"},"potentialAction":[{"@type":"SearchAction","target":{"@type":"EntryPoint","urlTemplate":"https:\/\/jornalfatosenoticias.com.br\/?s={search_term_string}"},"query-input":{"@type":"PropertyValueSpecification","valueRequired":true,"valueName":"search_term_string"}}],"inLanguage":"pt-BR"},{"@type":"Organization","@id":"https:\/\/jornalfatosenoticias.com.br\/#organization","name":"Jornal Fatos e Not\u00edcias","url":"https:\/\/jornalfatosenoticias.com.br\/","logo":{"@type":"ImageObject","inLanguage":"pt-BR","@id":"https:\/\/jornalfatosenoticias.com.br\/#\/schema\/logo\/image\/","url":"https:\/\/jornalfatosenoticias.com.br\/wp-content\/uploads\/2020\/02\/logo120.png","contentUrl":"https:\/\/jornalfatosenoticias.com.br\/wp-content\/uploads\/2020\/02\/logo120.png","width":1227,"height":120,"caption":"Jornal Fatos e Not\u00edcias"},"image":{"@id":"https:\/\/jornalfatosenoticias.com.br\/#\/schema\/logo\/image\/"}},{"@type":"Person","@id":"https:\/\/jornalfatosenoticias.com.br\/#\/schema\/person\/d63837fa13ac8666eb9e74e0985d6f81","name":"Luzimara Fernandes","image":{"@type":"ImageObject","inLanguage":"pt-BR","@id":"https:\/\/jornalfatosenoticias.com.br\/#\/schema\/person\/image\/","url":"https:\/\/jornalfatosenoticias.com.br\/wp-content\/uploads\/2025\/05\/EU_portal.jpg","contentUrl":"https:\/\/jornalfatosenoticias.com.br\/wp-content\/uploads\/2025\/05\/EU_portal.jpg","caption":"Luzimara Fernandes"},"description":"Jornalista MTB 2358-ES","sameAs":["https:\/\/jornalfatosenoticias.com.br"],"url":"https:\/\/jornalfatosenoticias.com.br\/index.php\/author\/luzimara\/"}]}},"cc_featured_image_caption":{"caption_text":"(Foto: Minesto) ","source_text":"","source_url":""},"jetpack_featured_media_url":"https:\/\/jornalfatosenoticias.com.br\/wp-content\/uploads\/2023\/06\/pipa-aquatica-MINESTO.jpg","_links":{"self":[{"href":"https:\/\/jornalfatosenoticias.com.br\/index.php\/wp-json\/wp\/v2\/posts\/42289","targetHints":{"allow":["GET"]}}],"collection":[{"href":"https:\/\/jornalfatosenoticias.com.br\/index.php\/wp-json\/wp\/v2\/posts"}],"about":[{"href":"https:\/\/jornalfatosenoticias.com.br\/index.php\/wp-json\/wp\/v2\/types\/post"}],"author":[{"embeddable":true,"href":"https:\/\/jornalfatosenoticias.com.br\/index.php\/wp-json\/wp\/v2\/users\/2"}],"replies":[{"embeddable":true,"href":"https:\/\/jornalfatosenoticias.com.br\/index.php\/wp-json\/wp\/v2\/comments?post=42289"}],"version-history":[{"count":0,"href":"https:\/\/jornalfatosenoticias.com.br\/index.php\/wp-json\/wp\/v2\/posts\/42289\/revisions"}],"wp:featuredmedia":[{"embeddable":true,"href":"https:\/\/jornalfatosenoticias.com.br\/index.php\/wp-json\/wp\/v2\/media\/42292"}],"wp:attachment":[{"href":"https:\/\/jornalfatosenoticias.com.br\/index.php\/wp-json\/wp\/v2\/media?parent=42289"}],"wp:term":[{"taxonomy":"category","embeddable":true,"href":"https:\/\/jornalfatosenoticias.com.br\/index.php\/wp-json\/wp\/v2\/categories?post=42289"},{"taxonomy":"post_tag","embeddable":true,"href":"https:\/\/jornalfatosenoticias.com.br\/index.php\/wp-json\/wp\/v2\/tags?post=42289"}],"curies":[{"name":"wp","href":"https:\/\/api.w.org\/{rel}","templated":true}]}}