{"id":42308,"date":"2023-06-12T15:57:31","date_gmt":"2023-06-12T18:57:31","guid":{"rendered":"https:\/\/jornalfatosenoticias.com.br\/?p=42308"},"modified":"2023-06-12T15:57:33","modified_gmt":"2023-06-12T18:57:33","slug":"tribunais-gastam-r-35-bilhoes-com-compra-de-ferias-de-juizes","status":"publish","type":"post","link":"https:\/\/jornalfatosenoticias.com.br\/index.php\/2023\/06\/12\/tribunais-gastam-r-35-bilhoes-com-compra-de-ferias-de-juizes\/","title":{"rendered":"Tribunais gastam R$ 3,5 bilh\u00f5es com \u2018compra\u2019 de f\u00e9rias de ju\u00edzes"},"content":{"rendered":"\n<p><em><span class=\"has-inline-color has-black-color\">Cifras com indeniza\u00e7\u00f5es de f\u00e9rias n\u00e3o tiradas aumentaram 74% nos \u00faltimos quatro anos<\/span><\/em><\/p>\n\n\n\n<div class=\"wp-block-image\"><figure class=\"aligncenter size-large is-resized\"><img loading=\"lazy\" decoding=\"async\" src=\"https:\/\/jornalfatosenoticias.com.br\/wp-content\/uploads\/2022\/02\/Precisao-Contabilidade-1024x724.jpg\" alt=\"\" class=\"wp-image-28088\" width=\"272\" height=\"192\"\/><\/figure><\/div>\n\n\n\n<p>Os tribunais de <strong><a href=\"https:\/\/www.google.com\/search?q=%22justi%C3%A7a%22+site%3Arevistaoeste.com&amp;ei=r0CHZI7dGvTZ1sQPr92qkA0&amp;ved=0ahUKEwjO8JPWjL7_AhX0rJUCHa-uCtIQ4dUDCA8&amp;uact=5&amp;oq=%22justi%C3%A7a%22+site%3Arevistaoeste.com&amp;gs_lcp=Cgxnd3Mtd2l6LXNlcnAQA0oECEEYAVD5BVj_C2DIDmgBcAB4AIABaIgBjAWSAQM2LjGYAQCgAQHAAQE&amp;sclient=gws-wiz-serp\" target=\"_blank\" rel=\"noreferrer noopener\">Justi\u00e7a<\/a><\/strong>\u00a0gastaram ao menos R$ 3,5 bilh\u00f5es nos \u00faltimos seis anos com a compra de parte das f\u00e9rias de 60 dias dos ju\u00edzes, desembargadores e\u00a0<strong><a href=\"https:\/\/revistaoeste.com\/?s=ministros\" target=\"_blank\" rel=\"noreferrer noopener\">ministros<\/a><\/strong>. A informa\u00e7\u00e3o foi publicada no domingo 11, pelo jornal <em><span class=\"has-inline-color has-black-color\">O Estado de S. Paulo.<\/span><\/em><br>O Brasil tem 18 mil magistrados, conforme dados do <strong><a href=\"https:\/\/revistaoeste.com\/?s=conselho+nacional+de+justi%C3%A7a\" target=\"_blank\" rel=\"noreferrer noopener\">Conselho Nacional de Justi\u00e7a<\/a><\/strong> (CNJ). Os gastos com indeniza\u00e7\u00f5es de f\u00e9rias n\u00e3o tiradas aumentam continuamente: cresceram 74%, nos \u00faltimos quatro anos. Com a venda de f\u00e9rias, os magistrados ganham remunera\u00e7\u00f5es acima do teto constitucional, hoje em R$ 41,6 mil.<\/p>\n\n\n\n<div class=\"wp-block-image\"><figure class=\"aligncenter size-large\"><img loading=\"lazy\" decoding=\"async\" width=\"300\" height=\"250\" src=\"https:\/\/jornalfatosenoticias.com.br\/wp-content\/uploads\/2022\/02\/Banner-2.png\" alt=\"\" class=\"wp-image-27877\"\/><\/figure><\/div>\n\n\n\n<p>S\u00f3 entre janeiro e maio de 2023, os <strong><a href=\"https:\/\/revistaoeste.com\/?s=tribunais\" target=\"_blank\" rel=\"noreferrer noopener\">tribunais<\/a><\/strong> j\u00e1 compraram parte das f\u00e9rias de 8.360 ju\u00edzes por R$ 307 milh\u00f5es. Em 2022, o gasto foi de R$ 772 milh\u00f5es. Em 2021, foram R$ 677 milh\u00f5es. Os dados foram retirados do Conselho Nacional de Justi\u00e7a.<br>Em 2018, quase 30 mil verbas indenizat\u00f3rias de venda de f\u00e9rias foram liberadas. No ano passado, o volume ultrapassou 45 mil.<\/p>\n\n\n\n<div class=\"wp-block-image\"><figure class=\"aligncenter size-large is-resized\"><img loading=\"lazy\" decoding=\"async\" src=\"https:\/\/jornalfatosenoticias.com.br\/wp-content\/uploads\/2020\/02\/logo-embacia.jpg\" alt=\"\" class=\"wp-image-33905\" width=\"259\" height=\"259\"\/><\/figure><\/div>\n\n\n\n<blockquote class=\"wp-block-quote is-layout-flow wp-block-quote-is-layout-flow\"><p><span class=\"has-inline-color has-luminous-vivid-orange-color\">Os n\u00fameros s\u00e3o maiores do que o total de ju\u00edzes porque h\u00e1 pagamentos retroativos ou valores quitados em mais de um m\u00eas\u201d, explicou o jornal.<\/span><\/p><\/blockquote>\n\n\n\n<p><strong><em>Fonte: <a href=\"https:\/\/revistaoeste.com\/politica\/tribunais-35-bilhoes-compra-de-ferias-juizes\/\">Revista Oeste<\/a><\/em><\/strong><\/p>\n","protected":false},"excerpt":{"rendered":"<p>Cifras com indeniza\u00e7\u00f5es de f\u00e9rias n\u00e3o tiradas aumentaram 74% nos \u00faltimos quatro anos Os tribunais de Justi\u00e7a\u00a0gastaram ao menos R$ 3,5 bilh\u00f5es nos \u00faltimos seis anos com a compra de parte das f\u00e9rias de 60 dias dos ju\u00edzes, desembargadores e\u00a0ministros. A informa\u00e7\u00e3o foi publicada no domingo 11, pelo jornal O Estado de S. Paulo.O Brasil [&hellip;]<\/p>\n","protected":false},"author":2,"featured_media":42309,"comment_status":"open","ping_status":"open","sticky":false,"template":"","format":"standard","meta":{"footnotes":""},"categories":[10],"tags":[295,16744,6617,6537,1345,19913],"class_list":["post-42308","post","type-post","status-publish","format-standard","has-post-thumbnail","hentry","category-politica","tag-cnj","tag-farra-com-o-dinheiro-publico","tag-ferias","tag-gastos","tag-justica","tag-tribunais-de-justica"],"yoast_head":"<!-- This site is optimized with the Yoast SEO plugin v26.5 - https:\/\/yoast.com\/wordpress\/plugins\/seo\/ -->\n<title>Tribunais gastam R$ 3,5 bilh\u00f5es com \u2018compra\u2019 de f\u00e9rias de ju\u00edzes - Jornal Fatos e Not\u00edcias<\/title>\n<meta name=\"robots\" content=\"index, follow, max-snippet:-1, max-image-preview:large, max-video-preview:-1\" \/>\n<link rel=\"canonical\" href=\"https:\/\/jornalfatosenoticias.com.br\/index.php\/2023\/06\/12\/tribunais-gastam-r-35-bilhoes-com-compra-de-ferias-de-juizes\/\" \/>\n<meta property=\"og:locale\" content=\"pt_BR\" \/>\n<meta property=\"og:type\" content=\"article\" \/>\n<meta property=\"og:title\" content=\"Tribunais gastam R$ 3,5 bilh\u00f5es com \u2018compra\u2019 de f\u00e9rias de ju\u00edzes - Jornal Fatos e Not\u00edcias\" \/>\n<meta property=\"og:description\" content=\"Cifras com indeniza\u00e7\u00f5es de f\u00e9rias n\u00e3o tiradas aumentaram 74% nos \u00faltimos quatro anos Os tribunais de Justi\u00e7a\u00a0gastaram ao menos R$ 3,5 bilh\u00f5es nos \u00faltimos seis anos com a compra de parte das f\u00e9rias de 60 dias dos ju\u00edzes, desembargadores e\u00a0ministros. A informa\u00e7\u00e3o foi publicada no domingo 11, pelo jornal O Estado de S. Paulo.O Brasil [&hellip;]\" \/>\n<meta property=\"og:url\" content=\"https:\/\/jornalfatosenoticias.com.br\/index.php\/2023\/06\/12\/tribunais-gastam-r-35-bilhoes-com-compra-de-ferias-de-juizes\/\" \/>\n<meta property=\"og:site_name\" content=\"Jornal Fatos e Not\u00edcias\" \/>\n<meta property=\"article:published_time\" content=\"2023-06-12T18:57:31+00:00\" \/>\n<meta property=\"article:modified_time\" content=\"2023-06-12T18:57:33+00:00\" \/>\n<meta property=\"og:image\" content=\"https:\/\/jornalfatosenoticias.com.br\/wp-content\/uploads\/2023\/06\/juizes-ferias.jpg\" \/>\n\t<meta property=\"og:image:width\" content=\"1000\" \/>\n\t<meta property=\"og:image:height\" content=\"666\" \/>\n\t<meta property=\"og:image:type\" content=\"image\/jpeg\" \/>\n<meta name=\"author\" content=\"Luzimara Fernandes\" \/>\n<meta name=\"twitter:card\" content=\"summary_large_image\" \/>\n<meta name=\"twitter:label1\" content=\"Escrito por\" \/>\n\t<meta name=\"twitter:data1\" content=\"Luzimara Fernandes\" \/>\n\t<meta name=\"twitter:label2\" content=\"Est. tempo de leitura\" \/>\n\t<meta name=\"twitter:data2\" content=\"1 minuto\" \/>\n<script type=\"application\/ld+json\" class=\"yoast-schema-graph\">{\"@context\":\"https:\/\/schema.org\",\"@graph\":[{\"@type\":\"Article\",\"@id\":\"https:\/\/jornalfatosenoticias.com.br\/index.php\/2023\/06\/12\/tribunais-gastam-r-35-bilhoes-com-compra-de-ferias-de-juizes\/#article\",\"isPartOf\":{\"@id\":\"https:\/\/jornalfatosenoticias.com.br\/index.php\/2023\/06\/12\/tribunais-gastam-r-35-bilhoes-com-compra-de-ferias-de-juizes\/\"},\"author\":{\"name\":\"Luzimara Fernandes\",\"@id\":\"https:\/\/jornalfatosenoticias.com.br\/#\/schema\/person\/d63837fa13ac8666eb9e74e0985d6f81\"},\"headline\":\"Tribunais gastam R$ 3,5 bilh\u00f5es com \u2018compra\u2019 de f\u00e9rias de ju\u00edzes\",\"datePublished\":\"2023-06-12T18:57:31+00:00\",\"dateModified\":\"2023-06-12T18:57:33+00:00\",\"mainEntityOfPage\":{\"@id\":\"https:\/\/jornalfatosenoticias.com.br\/index.php\/2023\/06\/12\/tribunais-gastam-r-35-bilhoes-com-compra-de-ferias-de-juizes\/\"},\"wordCount\":220,\"commentCount\":0,\"publisher\":{\"@id\":\"https:\/\/jornalfatosenoticias.com.br\/#organization\"},\"image\":{\"@id\":\"https:\/\/jornalfatosenoticias.com.br\/index.php\/2023\/06\/12\/tribunais-gastam-r-35-bilhoes-com-compra-de-ferias-de-juizes\/#primaryimage\"},\"thumbnailUrl\":\"https:\/\/jornalfatosenoticias.com.br\/wp-content\/uploads\/2023\/06\/juizes-ferias.jpg\",\"keywords\":[\"CNJ\",\"farra com o dinheiro p\u00fablico\",\"f\u00e9rias\",\"gastos\",\"justi\u00e7a\",\"tribunais de justi\u00e7a\"],\"articleSection\":[\"Pol\u00edtica\"],\"inLanguage\":\"pt-BR\",\"potentialAction\":[{\"@type\":\"CommentAction\",\"name\":\"Comment\",\"target\":[\"https:\/\/jornalfatosenoticias.com.br\/index.php\/2023\/06\/12\/tribunais-gastam-r-35-bilhoes-com-compra-de-ferias-de-juizes\/#respond\"]}]},{\"@type\":\"WebPage\",\"@id\":\"https:\/\/jornalfatosenoticias.com.br\/index.php\/2023\/06\/12\/tribunais-gastam-r-35-bilhoes-com-compra-de-ferias-de-juizes\/\",\"url\":\"https:\/\/jornalfatosenoticias.com.br\/index.php\/2023\/06\/12\/tribunais-gastam-r-35-bilhoes-com-compra-de-ferias-de-juizes\/\",\"name\":\"Tribunais gastam R$ 3,5 bilh\u00f5es com \u2018compra\u2019 de f\u00e9rias de ju\u00edzes - Jornal Fatos e Not\u00edcias\",\"isPartOf\":{\"@id\":\"https:\/\/jornalfatosenoticias.com.br\/#website\"},\"primaryImageOfPage\":{\"@id\":\"https:\/\/jornalfatosenoticias.com.br\/index.php\/2023\/06\/12\/tribunais-gastam-r-35-bilhoes-com-compra-de-ferias-de-juizes\/#primaryimage\"},\"image\":{\"@id\":\"https:\/\/jornalfatosenoticias.com.br\/index.php\/2023\/06\/12\/tribunais-gastam-r-35-bilhoes-com-compra-de-ferias-de-juizes\/#primaryimage\"},\"thumbnailUrl\":\"https:\/\/jornalfatosenoticias.com.br\/wp-content\/uploads\/2023\/06\/juizes-ferias.jpg\",\"datePublished\":\"2023-06-12T18:57:31+00:00\",\"dateModified\":\"2023-06-12T18:57:33+00:00\",\"breadcrumb\":{\"@id\":\"https:\/\/jornalfatosenoticias.com.br\/index.php\/2023\/06\/12\/tribunais-gastam-r-35-bilhoes-com-compra-de-ferias-de-juizes\/#breadcrumb\"},\"inLanguage\":\"pt-BR\",\"potentialAction\":[{\"@type\":\"ReadAction\",\"target\":[\"https:\/\/jornalfatosenoticias.com.br\/index.php\/2023\/06\/12\/tribunais-gastam-r-35-bilhoes-com-compra-de-ferias-de-juizes\/\"]}]},{\"@type\":\"ImageObject\",\"inLanguage\":\"pt-BR\",\"@id\":\"https:\/\/jornalfatosenoticias.com.br\/index.php\/2023\/06\/12\/tribunais-gastam-r-35-bilhoes-com-compra-de-ferias-de-juizes\/#primaryimage\",\"url\":\"https:\/\/jornalfatosenoticias.com.br\/wp-content\/uploads\/2023\/06\/juizes-ferias.jpg\",\"contentUrl\":\"https:\/\/jornalfatosenoticias.com.br\/wp-content\/uploads\/2023\/06\/juizes-ferias.jpg\",\"width\":1000,\"height\":666},{\"@type\":\"BreadcrumbList\",\"@id\":\"https:\/\/jornalfatosenoticias.com.br\/index.php\/2023\/06\/12\/tribunais-gastam-r-35-bilhoes-com-compra-de-ferias-de-juizes\/#breadcrumb\",\"itemListElement\":[{\"@type\":\"ListItem\",\"position\":1,\"name\":\"In\u00edcio\",\"item\":\"https:\/\/jornalfatosenoticias.com.br\/\"},{\"@type\":\"ListItem\",\"position\":2,\"name\":\"Tribunais gastam R$ 3,5 bilh\u00f5es com \u2018compra\u2019 de f\u00e9rias de ju\u00edzes\"}]},{\"@type\":\"WebSite\",\"@id\":\"https:\/\/jornalfatosenoticias.com.br\/#website\",\"url\":\"https:\/\/jornalfatosenoticias.com.br\/\",\"name\":\"Jornal Fatos e Not\u00edcias\",\"description\":\"Not\u00edcias em geral\",\"publisher\":{\"@id\":\"https:\/\/jornalfatosenoticias.com.br\/#organization\"},\"potentialAction\":[{\"@type\":\"SearchAction\",\"target\":{\"@type\":\"EntryPoint\",\"urlTemplate\":\"https:\/\/jornalfatosenoticias.com.br\/?s={search_term_string}\"},\"query-input\":{\"@type\":\"PropertyValueSpecification\",\"valueRequired\":true,\"valueName\":\"search_term_string\"}}],\"inLanguage\":\"pt-BR\"},{\"@type\":\"Organization\",\"@id\":\"https:\/\/jornalfatosenoticias.com.br\/#organization\",\"name\":\"Jornal Fatos e Not\u00edcias\",\"url\":\"https:\/\/jornalfatosenoticias.com.br\/\",\"logo\":{\"@type\":\"ImageObject\",\"inLanguage\":\"pt-BR\",\"@id\":\"https:\/\/jornalfatosenoticias.com.br\/#\/schema\/logo\/image\/\",\"url\":\"https:\/\/jornalfatosenoticias.com.br\/wp-content\/uploads\/2020\/02\/logo120.png\",\"contentUrl\":\"https:\/\/jornalfatosenoticias.com.br\/wp-content\/uploads\/2020\/02\/logo120.png\",\"width\":1227,\"height\":120,\"caption\":\"Jornal Fatos e Not\u00edcias\"},\"image\":{\"@id\":\"https:\/\/jornalfatosenoticias.com.br\/#\/schema\/logo\/image\/\"}},{\"@type\":\"Person\",\"@id\":\"https:\/\/jornalfatosenoticias.com.br\/#\/schema\/person\/d63837fa13ac8666eb9e74e0985d6f81\",\"name\":\"Luzimara Fernandes\",\"image\":{\"@type\":\"ImageObject\",\"inLanguage\":\"pt-BR\",\"@id\":\"https:\/\/jornalfatosenoticias.com.br\/#\/schema\/person\/image\/\",\"url\":\"https:\/\/jornalfatosenoticias.com.br\/wp-content\/uploads\/2025\/05\/EU_portal.jpg\",\"contentUrl\":\"https:\/\/jornalfatosenoticias.com.br\/wp-content\/uploads\/2025\/05\/EU_portal.jpg\",\"caption\":\"Luzimara Fernandes\"},\"description\":\"Jornalista MTB 2358-ES\",\"sameAs\":[\"https:\/\/jornalfatosenoticias.com.br\"],\"url\":\"https:\/\/jornalfatosenoticias.com.br\/index.php\/author\/luzimara\/\"}]}<\/script>\n<!-- \/ Yoast SEO plugin. -->","yoast_head_json":{"title":"Tribunais gastam R$ 3,5 bilh\u00f5es com \u2018compra\u2019 de f\u00e9rias de ju\u00edzes - Jornal Fatos e Not\u00edcias","robots":{"index":"index","follow":"follow","max-snippet":"max-snippet:-1","max-image-preview":"max-image-preview:large","max-video-preview":"max-video-preview:-1"},"canonical":"https:\/\/jornalfatosenoticias.com.br\/index.php\/2023\/06\/12\/tribunais-gastam-r-35-bilhoes-com-compra-de-ferias-de-juizes\/","og_locale":"pt_BR","og_type":"article","og_title":"Tribunais gastam R$ 3,5 bilh\u00f5es com \u2018compra\u2019 de f\u00e9rias de ju\u00edzes - Jornal Fatos e Not\u00edcias","og_description":"Cifras com indeniza\u00e7\u00f5es de f\u00e9rias n\u00e3o tiradas aumentaram 74% nos \u00faltimos quatro anos Os tribunais de Justi\u00e7a\u00a0gastaram ao menos R$ 3,5 bilh\u00f5es nos \u00faltimos seis anos com a compra de parte das f\u00e9rias de 60 dias dos ju\u00edzes, desembargadores e\u00a0ministros. A informa\u00e7\u00e3o foi publicada no domingo 11, pelo jornal O Estado de S. Paulo.O Brasil [&hellip;]","og_url":"https:\/\/jornalfatosenoticias.com.br\/index.php\/2023\/06\/12\/tribunais-gastam-r-35-bilhoes-com-compra-de-ferias-de-juizes\/","og_site_name":"Jornal Fatos e Not\u00edcias","article_published_time":"2023-06-12T18:57:31+00:00","article_modified_time":"2023-06-12T18:57:33+00:00","og_image":[{"width":1000,"height":666,"url":"https:\/\/jornalfatosenoticias.com.br\/wp-content\/uploads\/2023\/06\/juizes-ferias.jpg","type":"image\/jpeg"}],"author":"Luzimara Fernandes","twitter_card":"summary_large_image","twitter_misc":{"Escrito por":"Luzimara Fernandes","Est. tempo de leitura":"1 minuto"},"schema":{"@context":"https:\/\/schema.org","@graph":[{"@type":"Article","@id":"https:\/\/jornalfatosenoticias.com.br\/index.php\/2023\/06\/12\/tribunais-gastam-r-35-bilhoes-com-compra-de-ferias-de-juizes\/#article","isPartOf":{"@id":"https:\/\/jornalfatosenoticias.com.br\/index.php\/2023\/06\/12\/tribunais-gastam-r-35-bilhoes-com-compra-de-ferias-de-juizes\/"},"author":{"name":"Luzimara Fernandes","@id":"https:\/\/jornalfatosenoticias.com.br\/#\/schema\/person\/d63837fa13ac8666eb9e74e0985d6f81"},"headline":"Tribunais gastam R$ 3,5 bilh\u00f5es com \u2018compra\u2019 de f\u00e9rias de ju\u00edzes","datePublished":"2023-06-12T18:57:31+00:00","dateModified":"2023-06-12T18:57:33+00:00","mainEntityOfPage":{"@id":"https:\/\/jornalfatosenoticias.com.br\/index.php\/2023\/06\/12\/tribunais-gastam-r-35-bilhoes-com-compra-de-ferias-de-juizes\/"},"wordCount":220,"commentCount":0,"publisher":{"@id":"https:\/\/jornalfatosenoticias.com.br\/#organization"},"image":{"@id":"https:\/\/jornalfatosenoticias.com.br\/index.php\/2023\/06\/12\/tribunais-gastam-r-35-bilhoes-com-compra-de-ferias-de-juizes\/#primaryimage"},"thumbnailUrl":"https:\/\/jornalfatosenoticias.com.br\/wp-content\/uploads\/2023\/06\/juizes-ferias.jpg","keywords":["CNJ","farra com o dinheiro p\u00fablico","f\u00e9rias","gastos","justi\u00e7a","tribunais de justi\u00e7a"],"articleSection":["Pol\u00edtica"],"inLanguage":"pt-BR","potentialAction":[{"@type":"CommentAction","name":"Comment","target":["https:\/\/jornalfatosenoticias.com.br\/index.php\/2023\/06\/12\/tribunais-gastam-r-35-bilhoes-com-compra-de-ferias-de-juizes\/#respond"]}]},{"@type":"WebPage","@id":"https:\/\/jornalfatosenoticias.com.br\/index.php\/2023\/06\/12\/tribunais-gastam-r-35-bilhoes-com-compra-de-ferias-de-juizes\/","url":"https:\/\/jornalfatosenoticias.com.br\/index.php\/2023\/06\/12\/tribunais-gastam-r-35-bilhoes-com-compra-de-ferias-de-juizes\/","name":"Tribunais gastam R$ 3,5 bilh\u00f5es com \u2018compra\u2019 de f\u00e9rias de ju\u00edzes - Jornal Fatos e Not\u00edcias","isPartOf":{"@id":"https:\/\/jornalfatosenoticias.com.br\/#website"},"primaryImageOfPage":{"@id":"https:\/\/jornalfatosenoticias.com.br\/index.php\/2023\/06\/12\/tribunais-gastam-r-35-bilhoes-com-compra-de-ferias-de-juizes\/#primaryimage"},"image":{"@id":"https:\/\/jornalfatosenoticias.com.br\/index.php\/2023\/06\/12\/tribunais-gastam-r-35-bilhoes-com-compra-de-ferias-de-juizes\/#primaryimage"},"thumbnailUrl":"https:\/\/jornalfatosenoticias.com.br\/wp-content\/uploads\/2023\/06\/juizes-ferias.jpg","datePublished":"2023-06-12T18:57:31+00:00","dateModified":"2023-06-12T18:57:33+00:00","breadcrumb":{"@id":"https:\/\/jornalfatosenoticias.com.br\/index.php\/2023\/06\/12\/tribunais-gastam-r-35-bilhoes-com-compra-de-ferias-de-juizes\/#breadcrumb"},"inLanguage":"pt-BR","potentialAction":[{"@type":"ReadAction","target":["https:\/\/jornalfatosenoticias.com.br\/index.php\/2023\/06\/12\/tribunais-gastam-r-35-bilhoes-com-compra-de-ferias-de-juizes\/"]}]},{"@type":"ImageObject","inLanguage":"pt-BR","@id":"https:\/\/jornalfatosenoticias.com.br\/index.php\/2023\/06\/12\/tribunais-gastam-r-35-bilhoes-com-compra-de-ferias-de-juizes\/#primaryimage","url":"https:\/\/jornalfatosenoticias.com.br\/wp-content\/uploads\/2023\/06\/juizes-ferias.jpg","contentUrl":"https:\/\/jornalfatosenoticias.com.br\/wp-content\/uploads\/2023\/06\/juizes-ferias.jpg","width":1000,"height":666},{"@type":"BreadcrumbList","@id":"https:\/\/jornalfatosenoticias.com.br\/index.php\/2023\/06\/12\/tribunais-gastam-r-35-bilhoes-com-compra-de-ferias-de-juizes\/#breadcrumb","itemListElement":[{"@type":"ListItem","position":1,"name":"In\u00edcio","item":"https:\/\/jornalfatosenoticias.com.br\/"},{"@type":"ListItem","position":2,"name":"Tribunais gastam R$ 3,5 bilh\u00f5es com \u2018compra\u2019 de f\u00e9rias de ju\u00edzes"}]},{"@type":"WebSite","@id":"https:\/\/jornalfatosenoticias.com.br\/#website","url":"https:\/\/jornalfatosenoticias.com.br\/","name":"Jornal Fatos e Not\u00edcias","description":"Not\u00edcias em geral","publisher":{"@id":"https:\/\/jornalfatosenoticias.com.br\/#organization"},"potentialAction":[{"@type":"SearchAction","target":{"@type":"EntryPoint","urlTemplate":"https:\/\/jornalfatosenoticias.com.br\/?s={search_term_string}"},"query-input":{"@type":"PropertyValueSpecification","valueRequired":true,"valueName":"search_term_string"}}],"inLanguage":"pt-BR"},{"@type":"Organization","@id":"https:\/\/jornalfatosenoticias.com.br\/#organization","name":"Jornal Fatos e Not\u00edcias","url":"https:\/\/jornalfatosenoticias.com.br\/","logo":{"@type":"ImageObject","inLanguage":"pt-BR","@id":"https:\/\/jornalfatosenoticias.com.br\/#\/schema\/logo\/image\/","url":"https:\/\/jornalfatosenoticias.com.br\/wp-content\/uploads\/2020\/02\/logo120.png","contentUrl":"https:\/\/jornalfatosenoticias.com.br\/wp-content\/uploads\/2020\/02\/logo120.png","width":1227,"height":120,"caption":"Jornal Fatos e Not\u00edcias"},"image":{"@id":"https:\/\/jornalfatosenoticias.com.br\/#\/schema\/logo\/image\/"}},{"@type":"Person","@id":"https:\/\/jornalfatosenoticias.com.br\/#\/schema\/person\/d63837fa13ac8666eb9e74e0985d6f81","name":"Luzimara Fernandes","image":{"@type":"ImageObject","inLanguage":"pt-BR","@id":"https:\/\/jornalfatosenoticias.com.br\/#\/schema\/person\/image\/","url":"https:\/\/jornalfatosenoticias.com.br\/wp-content\/uploads\/2025\/05\/EU_portal.jpg","contentUrl":"https:\/\/jornalfatosenoticias.com.br\/wp-content\/uploads\/2025\/05\/EU_portal.jpg","caption":"Luzimara Fernandes"},"description":"Jornalista MTB 2358-ES","sameAs":["https:\/\/jornalfatosenoticias.com.br"],"url":"https:\/\/jornalfatosenoticias.com.br\/index.php\/author\/luzimara\/"}]}},"cc_featured_image_caption":{"caption_text":"(Foto: Freepik) ","source_text":"","source_url":""},"jetpack_featured_media_url":"https:\/\/jornalfatosenoticias.com.br\/wp-content\/uploads\/2023\/06\/juizes-ferias.jpg","_links":{"self":[{"href":"https:\/\/jornalfatosenoticias.com.br\/index.php\/wp-json\/wp\/v2\/posts\/42308","targetHints":{"allow":["GET"]}}],"collection":[{"href":"https:\/\/jornalfatosenoticias.com.br\/index.php\/wp-json\/wp\/v2\/posts"}],"about":[{"href":"https:\/\/jornalfatosenoticias.com.br\/index.php\/wp-json\/wp\/v2\/types\/post"}],"author":[{"embeddable":true,"href":"https:\/\/jornalfatosenoticias.com.br\/index.php\/wp-json\/wp\/v2\/users\/2"}],"replies":[{"embeddable":true,"href":"https:\/\/jornalfatosenoticias.com.br\/index.php\/wp-json\/wp\/v2\/comments?post=42308"}],"version-history":[{"count":0,"href":"https:\/\/jornalfatosenoticias.com.br\/index.php\/wp-json\/wp\/v2\/posts\/42308\/revisions"}],"wp:featuredmedia":[{"embeddable":true,"href":"https:\/\/jornalfatosenoticias.com.br\/index.php\/wp-json\/wp\/v2\/media\/42309"}],"wp:attachment":[{"href":"https:\/\/jornalfatosenoticias.com.br\/index.php\/wp-json\/wp\/v2\/media?parent=42308"}],"wp:term":[{"taxonomy":"category","embeddable":true,"href":"https:\/\/jornalfatosenoticias.com.br\/index.php\/wp-json\/wp\/v2\/categories?post=42308"},{"taxonomy":"post_tag","embeddable":true,"href":"https:\/\/jornalfatosenoticias.com.br\/index.php\/wp-json\/wp\/v2\/tags?post=42308"}],"curies":[{"name":"wp","href":"https:\/\/api.w.org\/{rel}","templated":true}]}}