{"id":42316,"date":"2023-06-13T08:56:57","date_gmt":"2023-06-13T11:56:57","guid":{"rendered":"https:\/\/jornalfatosenoticias.com.br\/?p=42316"},"modified":"2023-06-13T08:56:58","modified_gmt":"2023-06-13T11:56:58","slug":"experimento-mostra-areas-de-cidades-brasileiras-propensas-a-inundacoes","status":"publish","type":"post","link":"https:\/\/jornalfatosenoticias.com.br\/index.php\/2023\/06\/13\/experimento-mostra-areas-de-cidades-brasileiras-propensas-a-inundacoes\/","title":{"rendered":"Experimento mostra \u00e1reas de cidades brasileiras propensas a inunda\u00e7\u00f5es"},"content":{"rendered":"\n<p><em><span class=\"has-inline-color has-black-color\">Modelos que preveem a expans\u00e3o urbana e mudan\u00e7as no uso do solo foram combinados com modelos hidrodin\u00e2micos<\/span><\/em><\/p>\n\n\n\n<p><em><span class=\"has-inline-color has-black-color\">Por <strong><a href=\"https:\/\/olhardigital.com.br\/author\/rodrigo-mozelli\/\">Rodrigo Mozelli<\/a><\/strong><\/span><\/em><\/p>\n\n\n\n<div class=\"wp-block-image\"><figure class=\"aligncenter size-large\"><img decoding=\"async\" src=\"https:\/\/jornalfatosenoticias.com.br\/wp-content\/uploads\/2020\/02\/barao-das-carnes-300x164-1.jpg\" alt=\"\" class=\"wp-image-34339\"\/><\/figure><\/div>\n\n\n\n<p>Cientistas do Instituto Nacional de Pesquisas <a href=\"https:\/\/olhardigital.com.br\/2021\/07\/12\/videos\/voo-da-virgin-galactic-entra-para-a-historia-da-conquista-do-espaco\/\" target=\"_blank\" rel=\"noreferrer noopener\">Espaciais<\/a> (Inpe) combinaram modelos que preveem a expans\u00e3o urbana e mudan\u00e7as no uso do solo com modelos hidrodin\u00e2micos para criar uma metodologia capaz de fornecer informa\u00e7\u00f5es <a href=\"https:\/\/olhardigital.com.br\/2023\/05\/30\/ciencia-e-espaco\/por-que-a-oceania-e-considerada-um-continente-arquipelago\/\" target=\"_blank\" rel=\"noreferrer noopener\">geogr\u00e1ficas<\/a> que identificam \u00e1reas de cidades sujeitas a inunda\u00e7\u00f5es, especialmente aquelas vulner\u00e1veis \u200b\u200bao impacto de chuvas extremamente fortes.<br>O estudo pioneiro foi baseado em dados de S\u00e3o Caetano do Sul, munic\u00edpio da regi\u00e3o metropolitana de <a href=\"https:\/\/olhardigital.com.br\/2023\/06\/07\/medicina-e-saude\/sp-envenenamentos-por-taturanas-preocupa-autoridades\/\" target=\"_blank\" rel=\"noreferrer noopener\">S\u00e3o Paulo<\/a>, mas a metodologia pode ser utilizada por outras cidades para tra\u00e7ar pol\u00edticas p\u00fablicas e tomar decis\u00f5es sobre os impactos desses fen\u00f4menos a fim de evitar mortes de <a href=\"https:\/\/olhardigital.com.br\/2021\/07\/30\/videos\/drones-fornecem-sinal-de-internet-para-regioes-afetadas-pelas-chuvas-na-china\/\" target=\"_blank\" rel=\"noreferrer noopener\">moradores<\/a> e destrui\u00e7\u00e3o de edif\u00edcios e infraestruturas.<\/p>\n\n\n\n<div class=\"wp-block-image\"><figure class=\"aligncenter size-large is-resized\"><img loading=\"lazy\" decoding=\"async\" src=\"https:\/\/jornalfatosenoticias.com.br\/wp-content\/uploads\/2022\/08\/arte-Casarao.jpg\" alt=\"\" class=\"wp-image-33178\" width=\"277\" height=\"231\"\/><\/figure><\/div>\n\n\n\n<p><strong><span class=\"has-inline-color has-black-color\">Metodologia<br><\/span>\u2022<\/strong> Os resultados preliminares s\u00e3o relatados em artigo publicado na revista <em>Water.<\/em> Eles fazem parte da pesquisa de Ph.D. de Elton Vicente Escobar Silva, primeiro autor do artigo e pesquisador do Inpe;<br><strong>\u2022<\/strong> Em parceria com a UFPB, a UFRGS e com \u00f3rg\u00e3os locais, os pesquisadores \u201ctestaram\u201d a metodologia de modelagem com dados da defesa civil da cidade paulista referentes a enchente ocorrida em 10 de mar\u00e7o de 2019, quando tr\u00eas pessoas morreram afogadas e a enchente atingiu quase dois metros de profundidade em v\u00e1rias ruas.<\/p>\n\n\n\n<div class=\"wp-block-image\"><figure class=\"aligncenter size-large\"><img decoding=\"async\" src=\"https:\/\/jornalfatosenoticias.com.br\/wp-content\/uploads\/2020\/02\/logo_esteio.jpg\" alt=\"\" class=\"wp-image-1214\"\/><\/figure><\/div>\n\n\n\n<blockquote class=\"wp-block-quote is-layout-flow wp-block-quote-is-layout-flow\"><p><span class=\"has-inline-color has-luminous-vivid-orange-color\">Trabalho com modelagem h\u00e1 anos, com foco nas mudan\u00e7as de uso e cobertura do solo em \u00e1reas urbanas. Queria combinar isso com a simula\u00e7\u00e3o de enchentes. A oportunidade surgiu em conex\u00e3o com o projeto de Elton&#8221;, explica Cl\u00e1udia Maria de Almeida, pesquisadora do Inpe, onde chefia a unidade de sensoriamento remoto urbano do instituto (Laborat\u00f3rio CITIES), coautora do artigo e orientadora da tese de Silva, \u00e0 Ag\u00eancia Fapesp. \u201cO estudo inovou ao combinar a modelagem hidrodin\u00e2mica de \u00e1reas urbanas com a complexidade da rede de drenagem subterr\u00e2nea e ao usar dados reais para calibrar e validar o modelo. Combinamos imagens espaciais de alt\u00edssima resolu\u00e7\u00e3o e deep learning. Tudo isso ligado ao big data e cidades inteligentes\u201d, disse ela.<\/span><\/p><\/blockquote>\n\n\n\n<div class=\"wp-block-image\"><figure class=\"aligncenter size-large is-resized\"><img loading=\"lazy\" decoding=\"async\" src=\"https:\/\/jornalfatosenoticias.com.br\/wp-content\/uploads\/2022\/07\/Logo-Grupo-SEI.jpg\" alt=\"\" class=\"wp-image-31973\" width=\"284\" height=\"149\" srcset=\"https:\/\/jornalfatosenoticias.com.br\/wp-content\/uploads\/2022\/07\/Logo-Grupo-SEI.jpg 713w, https:\/\/jornalfatosenoticias.com.br\/wp-content\/uploads\/2022\/07\/Logo-Grupo-SEI-300x158.jpg 300w\" sizes=\"auto, (max-width: 284px) 100vw, 284px\" \/><\/figure><\/div>\n\n\n\n<p><strong><span class=\"has-inline-color has-black-color\">Cidades inteligentes<br><\/span><\/strong>A discuss\u00e3o sobre cidades inteligentes come\u00e7ou em 2010, inicialmente envolvendo quest\u00f5es tecnol\u00f3gicas, como sistemas integrados de controle de sem\u00e1foros e pontos de \u00f4nibus com Wi-Fi. A sustentabilidade e a qualidade de vida dos moradores foram inclu\u00eddas mais recentemente.<br>Segundo as Na\u00e7\u00f5es Unidas, a popula\u00e7\u00e3o mundial chegou a oito bilh\u00f5es em 2022, com 56% vivendo em \u00e1reas urbanas. Espera-se que a popula\u00e7\u00e3o aumente para 9,7 bilh\u00f5es at\u00e9 2050, com 6,6 bilh\u00f5es (68%) vivendo em cidades.<\/p>\n\n\n\n<div class=\"wp-block-image\"><figure class=\"aligncenter size-large is-resized\"><img loading=\"lazy\" decoding=\"async\" src=\"https:\/\/jornalfatosenoticias.com.br\/wp-content\/uploads\/2022\/02\/Banner-2.png\" alt=\"\" class=\"wp-image-27877\" width=\"272\" height=\"227\"\/><\/figure><\/div>\n\n\n\n<p>Atualmente, as cidades est\u00e3o se expandindo com o dobro da taxa de crescimento populacional. Nas pr\u00f3ximas tr\u00eas d\u00e9cadas, as \u00e1reas urbanas em todo o mundo devem totalizar mais de tr\u00eas milh\u00f5es de km\u00b2, o equivalente ao territ\u00f3rio da \u00cdndia.<br>O planejamento da cidade n\u00e3o est\u00e1 avan\u00e7ando no mesmo ritmo. Por exemplo, a urbaniza\u00e7\u00e3o desenfreada incorre em mudan\u00e7as no uso e cobertura da terra, expande as superf\u00edcies imperme\u00e1veis e altera a hidrologia.<\/p>\n\n\n\n<div class=\"wp-block-image\"><figure class=\"aligncenter size-large is-resized\"><img loading=\"lazy\" decoding=\"async\" src=\"https:\/\/jornalfatosenoticias.com.br\/wp-content\/uploads\/2023\/03\/logo-Panper_portal.jpg\" alt=\"\" class=\"wp-image-40208\" width=\"270\" height=\"187\" srcset=\"https:\/\/jornalfatosenoticias.com.br\/wp-content\/uploads\/2023\/03\/logo-Panper_portal.jpg 400w, https:\/\/jornalfatosenoticias.com.br\/wp-content\/uploads\/2023\/03\/logo-Panper_portal-300x208.jpg 300w\" sizes=\"auto, (max-width: 270px) 100vw, 270px\" \/><\/figure><\/div>\n\n\n\n<p>Em conjunto com a maior frequ\u00eancia de eventos clim\u00e1ticos extremos devido \u00e0s mudan\u00e7as clim\u00e1ticas, isso exp\u00f5e as cidades a inunda\u00e7\u00f5es e deslizamentos de terra na esta\u00e7\u00e3o chuvosa.<\/p>\n\n\n\n<p><strong><span class=\"has-inline-color has-black-color\">Tabula\u00e7\u00e3o cruzada<br><\/span>\u2022 <\/strong>Para a modelagem hidrodin\u00e2mica, os pesquisadores usaram pacote de software chamado Sistema de An\u00e1lise de Rios do Centro de Engenharia Hidrol\u00f3gica (HEC-RAS), que simula o fluxo de \u00e1gua e a eleva\u00e7\u00e3o da superf\u00edcie, bem como o transporte de sedimentos;<br><strong>\u2022 <\/strong>Para identificar \u00e1reas propensas a inunda\u00e7\u00f5es, eles usaram dois modelos digitais de terreno (DTMs) com diferentes resolu\u00e7\u00f5es espaciais de 0,5m e 5m;<br><strong>\u2022 <\/strong>Um DTM \u00e9 uma representa\u00e7\u00e3o matem\u00e1tica da topografia da superf\u00edcie da Terra, excluindo todos os objetos verticais;<br><strong>\u2022<\/strong> O modelo pode ser manipulado por programas de computador e normalmente \u00e9 visualizado como grade na qual um valor de eleva\u00e7\u00e3o \u00e9 atribu\u00eddo a cada p\u00edxel;<br><strong>\u2022<\/strong> Vegeta\u00e7\u00e3o, edif\u00edcios e outras caracter\u00edsticas s\u00e3o removidas digitalmente. Neste estudo, os pesquisadores usaram quatro intervalos de computa\u00e7\u00e3o (1, 15, 30 e 60 segundos) em sua an\u00e1lise das simula\u00e7\u00f5es.<\/p>\n\n\n\n<div class=\"wp-block-image\"><figure class=\"aligncenter size-large is-resized\"><img loading=\"lazy\" decoding=\"async\" src=\"https:\/\/jornalfatosenoticias.com.br\/wp-content\/uploads\/2022\/02\/FERRARI_MAQUINAS-E-FERRAMENTAS2.jpg\" alt=\"\" class=\"wp-image-27860\" width=\"272\" height=\"227\"\/><\/figure><\/div>\n\n\n\n<p>Os melhores resultados foram obtidos nas simula\u00e7\u00f5es com resolu\u00e7\u00e3o espacial de 5m, que apresentaram mapas com maior cobertura de \u00e1reas alag\u00e1veis (278 de 286 pontos, ou 97,2%) no menor tempo de computa\u00e7\u00e3o.<br>Eles identificaram o potencial de inunda\u00e7\u00e3o em \u00e1reas n\u00e3o detectadas pelas autoridades de defesa civil ou pelos cidad\u00e3os de S\u00e3o Caetano durante eventos reais de inunda\u00e7\u00e3o.<\/p>\n\n\n\n<div class=\"wp-block-image\"><figure class=\"aligncenter size-large is-resized\"><img loading=\"lazy\" decoding=\"async\" src=\"https:\/\/jornalfatosenoticias.com.br\/wp-content\/uploads\/2022\/02\/Precisao-Contabilidade-1024x724.jpg\" alt=\"\" class=\"wp-image-28088\" width=\"290\" height=\"205\"\/><\/figure><\/div>\n\n\n\n<blockquote class=\"wp-block-quote is-layout-flow wp-block-quote-is-layout-flow\"><p><span class=\"has-inline-color has-luminous-vivid-orange-color\">Propusemo-nos a criar metodologia para apoiar os respons\u00e1veis pelas decis\u00f5es. Simulamos as altera\u00e7\u00f5es projetadas do uso do solo v\u00e1rios anos \u00e0 frente e seu impacto na rede de cursos de \u00e1gua. A partir da\u00ed, \u00e9 poss\u00edvel fazer simula\u00e7\u00f5es com cen\u00e1rios. Um exemplo seria especificar mil\u00edmetros de chuva em determinado per\u00edodo para prever o impacto em \u00e1rea de cidade em termos de inunda\u00e7\u00e3o. Os administradores p\u00fablicos podem usar essa capacidade para tomar decis\u00f5es, evitando danos econ\u00f4micos e tamb\u00e9m perda de vidas&#8221;, afirma Elton Vicente Escobar Silva, primeiro autor do artigo e pesquisador do Inpe.<\/span><\/p><\/blockquote>\n\n\n\n<p>Os pesquisadores ressaltaram a necessidade de as cidades atualizarem seus bancos de dados para esse tipo de an\u00e1lise, assim como S\u00e3o Caetano. <\/p>\n\n\n\n<blockquote class=\"wp-block-quote is-layout-flow wp-block-quote-is-layout-flow\"><p><span class=\"has-inline-color has-luminous-vivid-orange-color\">O modelo funciona e \u00e9 alimentado por dados. \u00c9 importante que as cidades tenham informa\u00e7\u00f5es atualizadas, inclusive registros de casos extremos, como grandes enchentes e inunda\u00e7\u00f5es\u201d, disse Almeida.<\/span><\/p><\/blockquote>\n\n\n\n<div class=\"wp-block-image\"><figure class=\"aligncenter size-large is-resized\"><img loading=\"lazy\" decoding=\"async\" src=\"https:\/\/jornalfatosenoticias.com.br\/wp-content\/uploads\/2020\/02\/logo-embacia.jpg\" alt=\"\" class=\"wp-image-33905\" width=\"251\" height=\"251\"\/><\/figure><\/div>\n\n\n\n<p>S\u00e3o Caetano faz parte de densa conurba\u00e7\u00e3o que abrange a cidade de S\u00e3o Paulo e as cidades vizinhas de Santo Andr\u00e9 e S\u00e3o Bernardo. Ela sofreu com muitas enchentes e inunda\u00e7\u00f5es \u2014 29 entre 2000 e 2022 \u2014 segundo os pesquisadores.<br>Por outro lado, ocupa o primeiro lugar entre todos os 5,57 mil munic\u00edpios do Brasil em sustentabilidade com base no \u00cdndice de Desenvolvimento Sustent\u00e1vel das Cidades \u2014 Brasil (IDSC-BR), parte de s\u00e9rie de relat\u00f3rios produzidos pela Rede de Solu\u00e7\u00f5es para o Desenvolvimento Sustent\u00e1vel das Na\u00e7\u00f5es Unidas (SDSN) para monitorar a implementa\u00e7\u00e3o dos Objetivos de Desenvolvimento Sustent\u00e1vel (ODS) nos pa\u00edses-membros.<\/p>\n\n\n\n<div class=\"wp-block-image\"><figure class=\"aligncenter size-large is-resized\"><img loading=\"lazy\" decoding=\"async\" src=\"https:\/\/jornalfatosenoticias.com.br\/wp-content\/uploads\/2023\/03\/nova-logo-Marquetti.jpg\" alt=\"\" class=\"wp-image-40207\" width=\"270\" height=\"181\" srcset=\"https:\/\/jornalfatosenoticias.com.br\/wp-content\/uploads\/2023\/03\/nova-logo-Marquetti.jpg 643w, https:\/\/jornalfatosenoticias.com.br\/wp-content\/uploads\/2023\/03\/nova-logo-Marquetti-300x202.jpg 300w\" sizes=\"auto, (max-width: 270px) 100vw, 270px\" \/><\/figure><\/div>\n\n\n\n<p>Com cerca de 162 mil habitantes, o munic\u00edpio possui sistema completo de tratamento de esgoto conectado a 100% das resid\u00eancias. Quase a totalidade dos domic\u00edlios urbanos (95,4%) est\u00e1 localizada em vias p\u00fablicas arborizadas, e uma parcela razoavelmente grande (37%) em vias adequadamente urbanizadas (pavimentadas e com cal\u00e7adas, meios-fios e bueiros), segundo o IBGE.<\/p>\n\n\n\n<p><strong><em>Fonte: <a href=\"https:\/\/olhardigital.com.br\/2023\/06\/12\/ciencia-e-espaco\/experimento-mostra-areas-de-cidades-brasileiras-propensas-a-inundacoes\/\">Olhar Digital<\/a><\/em><\/strong><\/p>\n","protected":false},"excerpt":{"rendered":"<p>Modelos que preveem a expans\u00e3o urbana e mudan\u00e7as no uso do solo foram combinados com modelos hidrodin\u00e2micos Por Rodrigo Mozelli Cientistas do Instituto Nacional de Pesquisas Espaciais (Inpe) combinaram modelos que preveem a expans\u00e3o urbana e mudan\u00e7as no uso do solo com modelos hidrodin\u00e2micos para criar uma metodologia capaz de fornecer informa\u00e7\u00f5es geogr\u00e1ficas que identificam [&hellip;]<\/p>\n","protected":false},"author":2,"featured_media":42317,"comment_status":"open","ping_status":"open","sticky":false,"template":"","format":"standard","meta":{"footnotes":""},"categories":[5],"tags":[597,5829,1897,9696,12954,19914,305],"class_list":["post-42316","post","type-post","status-publish","format-standard","has-post-thumbnail","hentry","category-geral","tag-brasil","tag-enchentes","tag-inpe","tag-inundacoes","tag-salvador","tag-sao-caetano-do-sul","tag-sao-paulo"],"yoast_head":"<!-- This site is optimized with the Yoast SEO plugin v26.5 - https:\/\/yoast.com\/wordpress\/plugins\/seo\/ -->\n<title>Experimento mostra \u00e1reas de cidades brasileiras propensas a inunda\u00e7\u00f5es - Jornal Fatos e Not\u00edcias<\/title>\n<meta name=\"robots\" content=\"index, follow, max-snippet:-1, max-image-preview:large, max-video-preview:-1\" \/>\n<link rel=\"canonical\" href=\"https:\/\/jornalfatosenoticias.com.br\/index.php\/2023\/06\/13\/experimento-mostra-areas-de-cidades-brasileiras-propensas-a-inundacoes\/\" \/>\n<meta property=\"og:locale\" content=\"pt_BR\" \/>\n<meta property=\"og:type\" content=\"article\" \/>\n<meta property=\"og:title\" content=\"Experimento mostra \u00e1reas de cidades brasileiras propensas a inunda\u00e7\u00f5es - Jornal Fatos e Not\u00edcias\" \/>\n<meta property=\"og:description\" content=\"Modelos que preveem a expans\u00e3o urbana e mudan\u00e7as no uso do solo foram combinados com modelos hidrodin\u00e2micos Por Rodrigo Mozelli Cientistas do Instituto Nacional de Pesquisas Espaciais (Inpe) combinaram modelos que preveem a expans\u00e3o urbana e mudan\u00e7as no uso do solo com modelos hidrodin\u00e2micos para criar uma metodologia capaz de fornecer informa\u00e7\u00f5es geogr\u00e1ficas que identificam [&hellip;]\" \/>\n<meta property=\"og:url\" content=\"https:\/\/jornalfatosenoticias.com.br\/index.php\/2023\/06\/13\/experimento-mostra-areas-de-cidades-brasileiras-propensas-a-inundacoes\/\" \/>\n<meta property=\"og:site_name\" content=\"Jornal Fatos e Not\u00edcias\" \/>\n<meta property=\"article:published_time\" content=\"2023-06-13T11:56:57+00:00\" \/>\n<meta property=\"article:modified_time\" content=\"2023-06-13T11:56:58+00:00\" \/>\n<meta property=\"og:image\" content=\"https:\/\/jornalfatosenoticias.com.br\/wp-content\/uploads\/2023\/06\/Brasil_Salvador_enchente.jpg\" \/>\n\t<meta property=\"og:image:width\" content=\"1000\" \/>\n\t<meta property=\"og:image:height\" content=\"666\" \/>\n\t<meta property=\"og:image:type\" content=\"image\/jpeg\" \/>\n<meta name=\"author\" content=\"Luzimara Fernandes\" \/>\n<meta name=\"twitter:card\" content=\"summary_large_image\" \/>\n<meta name=\"twitter:label1\" content=\"Escrito por\" \/>\n\t<meta name=\"twitter:data1\" content=\"Luzimara Fernandes\" \/>\n\t<meta name=\"twitter:label2\" content=\"Est. tempo de leitura\" \/>\n\t<meta name=\"twitter:data2\" content=\"5 minutos\" \/>\n<script type=\"application\/ld+json\" class=\"yoast-schema-graph\">{\"@context\":\"https:\/\/schema.org\",\"@graph\":[{\"@type\":\"Article\",\"@id\":\"https:\/\/jornalfatosenoticias.com.br\/index.php\/2023\/06\/13\/experimento-mostra-areas-de-cidades-brasileiras-propensas-a-inundacoes\/#article\",\"isPartOf\":{\"@id\":\"https:\/\/jornalfatosenoticias.com.br\/index.php\/2023\/06\/13\/experimento-mostra-areas-de-cidades-brasileiras-propensas-a-inundacoes\/\"},\"author\":{\"name\":\"Luzimara Fernandes\",\"@id\":\"https:\/\/jornalfatosenoticias.com.br\/#\/schema\/person\/d63837fa13ac8666eb9e74e0985d6f81\"},\"headline\":\"Experimento mostra \u00e1reas de cidades brasileiras propensas a inunda\u00e7\u00f5es\",\"datePublished\":\"2023-06-13T11:56:57+00:00\",\"dateModified\":\"2023-06-13T11:56:58+00:00\",\"mainEntityOfPage\":{\"@id\":\"https:\/\/jornalfatosenoticias.com.br\/index.php\/2023\/06\/13\/experimento-mostra-areas-de-cidades-brasileiras-propensas-a-inundacoes\/\"},\"wordCount\":1103,\"commentCount\":0,\"publisher\":{\"@id\":\"https:\/\/jornalfatosenoticias.com.br\/#organization\"},\"image\":{\"@id\":\"https:\/\/jornalfatosenoticias.com.br\/index.php\/2023\/06\/13\/experimento-mostra-areas-de-cidades-brasileiras-propensas-a-inundacoes\/#primaryimage\"},\"thumbnailUrl\":\"https:\/\/jornalfatosenoticias.com.br\/wp-content\/uploads\/2023\/06\/Brasil_Salvador_enchente.jpg\",\"keywords\":[\"Brasil\",\"enchentes\",\"Inpe\",\"inunda\u00e7\u00f5es\",\"Salvador\",\"S\u00e3o Caetano do Sul\",\"S\u00e3o Paulo\"],\"articleSection\":[\"Geral\"],\"inLanguage\":\"pt-BR\",\"potentialAction\":[{\"@type\":\"CommentAction\",\"name\":\"Comment\",\"target\":[\"https:\/\/jornalfatosenoticias.com.br\/index.php\/2023\/06\/13\/experimento-mostra-areas-de-cidades-brasileiras-propensas-a-inundacoes\/#respond\"]}]},{\"@type\":\"WebPage\",\"@id\":\"https:\/\/jornalfatosenoticias.com.br\/index.php\/2023\/06\/13\/experimento-mostra-areas-de-cidades-brasileiras-propensas-a-inundacoes\/\",\"url\":\"https:\/\/jornalfatosenoticias.com.br\/index.php\/2023\/06\/13\/experimento-mostra-areas-de-cidades-brasileiras-propensas-a-inundacoes\/\",\"name\":\"Experimento mostra \u00e1reas de cidades brasileiras propensas a inunda\u00e7\u00f5es - Jornal Fatos e Not\u00edcias\",\"isPartOf\":{\"@id\":\"https:\/\/jornalfatosenoticias.com.br\/#website\"},\"primaryImageOfPage\":{\"@id\":\"https:\/\/jornalfatosenoticias.com.br\/index.php\/2023\/06\/13\/experimento-mostra-areas-de-cidades-brasileiras-propensas-a-inundacoes\/#primaryimage\"},\"image\":{\"@id\":\"https:\/\/jornalfatosenoticias.com.br\/index.php\/2023\/06\/13\/experimento-mostra-areas-de-cidades-brasileiras-propensas-a-inundacoes\/#primaryimage\"},\"thumbnailUrl\":\"https:\/\/jornalfatosenoticias.com.br\/wp-content\/uploads\/2023\/06\/Brasil_Salvador_enchente.jpg\",\"datePublished\":\"2023-06-13T11:56:57+00:00\",\"dateModified\":\"2023-06-13T11:56:58+00:00\",\"breadcrumb\":{\"@id\":\"https:\/\/jornalfatosenoticias.com.br\/index.php\/2023\/06\/13\/experimento-mostra-areas-de-cidades-brasileiras-propensas-a-inundacoes\/#breadcrumb\"},\"inLanguage\":\"pt-BR\",\"potentialAction\":[{\"@type\":\"ReadAction\",\"target\":[\"https:\/\/jornalfatosenoticias.com.br\/index.php\/2023\/06\/13\/experimento-mostra-areas-de-cidades-brasileiras-propensas-a-inundacoes\/\"]}]},{\"@type\":\"ImageObject\",\"inLanguage\":\"pt-BR\",\"@id\":\"https:\/\/jornalfatosenoticias.com.br\/index.php\/2023\/06\/13\/experimento-mostra-areas-de-cidades-brasileiras-propensas-a-inundacoes\/#primaryimage\",\"url\":\"https:\/\/jornalfatosenoticias.com.br\/wp-content\/uploads\/2023\/06\/Brasil_Salvador_enchente.jpg\",\"contentUrl\":\"https:\/\/jornalfatosenoticias.com.br\/wp-content\/uploads\/2023\/06\/Brasil_Salvador_enchente.jpg\",\"width\":1000,\"height\":666},{\"@type\":\"BreadcrumbList\",\"@id\":\"https:\/\/jornalfatosenoticias.com.br\/index.php\/2023\/06\/13\/experimento-mostra-areas-de-cidades-brasileiras-propensas-a-inundacoes\/#breadcrumb\",\"itemListElement\":[{\"@type\":\"ListItem\",\"position\":1,\"name\":\"In\u00edcio\",\"item\":\"https:\/\/jornalfatosenoticias.com.br\/\"},{\"@type\":\"ListItem\",\"position\":2,\"name\":\"Experimento mostra \u00e1reas de cidades brasileiras propensas a inunda\u00e7\u00f5es\"}]},{\"@type\":\"WebSite\",\"@id\":\"https:\/\/jornalfatosenoticias.com.br\/#website\",\"url\":\"https:\/\/jornalfatosenoticias.com.br\/\",\"name\":\"Jornal Fatos e Not\u00edcias\",\"description\":\"Not\u00edcias em geral\",\"publisher\":{\"@id\":\"https:\/\/jornalfatosenoticias.com.br\/#organization\"},\"potentialAction\":[{\"@type\":\"SearchAction\",\"target\":{\"@type\":\"EntryPoint\",\"urlTemplate\":\"https:\/\/jornalfatosenoticias.com.br\/?s={search_term_string}\"},\"query-input\":{\"@type\":\"PropertyValueSpecification\",\"valueRequired\":true,\"valueName\":\"search_term_string\"}}],\"inLanguage\":\"pt-BR\"},{\"@type\":\"Organization\",\"@id\":\"https:\/\/jornalfatosenoticias.com.br\/#organization\",\"name\":\"Jornal Fatos e Not\u00edcias\",\"url\":\"https:\/\/jornalfatosenoticias.com.br\/\",\"logo\":{\"@type\":\"ImageObject\",\"inLanguage\":\"pt-BR\",\"@id\":\"https:\/\/jornalfatosenoticias.com.br\/#\/schema\/logo\/image\/\",\"url\":\"https:\/\/jornalfatosenoticias.com.br\/wp-content\/uploads\/2020\/02\/logo120.png\",\"contentUrl\":\"https:\/\/jornalfatosenoticias.com.br\/wp-content\/uploads\/2020\/02\/logo120.png\",\"width\":1227,\"height\":120,\"caption\":\"Jornal Fatos e Not\u00edcias\"},\"image\":{\"@id\":\"https:\/\/jornalfatosenoticias.com.br\/#\/schema\/logo\/image\/\"}},{\"@type\":\"Person\",\"@id\":\"https:\/\/jornalfatosenoticias.com.br\/#\/schema\/person\/d63837fa13ac8666eb9e74e0985d6f81\",\"name\":\"Luzimara Fernandes\",\"image\":{\"@type\":\"ImageObject\",\"inLanguage\":\"pt-BR\",\"@id\":\"https:\/\/jornalfatosenoticias.com.br\/#\/schema\/person\/image\/\",\"url\":\"https:\/\/jornalfatosenoticias.com.br\/wp-content\/uploads\/2025\/05\/EU_portal.jpg\",\"contentUrl\":\"https:\/\/jornalfatosenoticias.com.br\/wp-content\/uploads\/2025\/05\/EU_portal.jpg\",\"caption\":\"Luzimara Fernandes\"},\"description\":\"Jornalista MTB 2358-ES\",\"sameAs\":[\"https:\/\/jornalfatosenoticias.com.br\"],\"url\":\"https:\/\/jornalfatosenoticias.com.br\/index.php\/author\/luzimara\/\"}]}<\/script>\n<!-- \/ Yoast SEO plugin. -->","yoast_head_json":{"title":"Experimento mostra \u00e1reas de cidades brasileiras propensas a inunda\u00e7\u00f5es - Jornal Fatos e Not\u00edcias","robots":{"index":"index","follow":"follow","max-snippet":"max-snippet:-1","max-image-preview":"max-image-preview:large","max-video-preview":"max-video-preview:-1"},"canonical":"https:\/\/jornalfatosenoticias.com.br\/index.php\/2023\/06\/13\/experimento-mostra-areas-de-cidades-brasileiras-propensas-a-inundacoes\/","og_locale":"pt_BR","og_type":"article","og_title":"Experimento mostra \u00e1reas de cidades brasileiras propensas a inunda\u00e7\u00f5es - Jornal Fatos e Not\u00edcias","og_description":"Modelos que preveem a expans\u00e3o urbana e mudan\u00e7as no uso do solo foram combinados com modelos hidrodin\u00e2micos Por Rodrigo Mozelli Cientistas do Instituto Nacional de Pesquisas Espaciais (Inpe) combinaram modelos que preveem a expans\u00e3o urbana e mudan\u00e7as no uso do solo com modelos hidrodin\u00e2micos para criar uma metodologia capaz de fornecer informa\u00e7\u00f5es geogr\u00e1ficas que identificam [&hellip;]","og_url":"https:\/\/jornalfatosenoticias.com.br\/index.php\/2023\/06\/13\/experimento-mostra-areas-de-cidades-brasileiras-propensas-a-inundacoes\/","og_site_name":"Jornal Fatos e Not\u00edcias","article_published_time":"2023-06-13T11:56:57+00:00","article_modified_time":"2023-06-13T11:56:58+00:00","og_image":[{"width":1000,"height":666,"url":"https:\/\/jornalfatosenoticias.com.br\/wp-content\/uploads\/2023\/06\/Brasil_Salvador_enchente.jpg","type":"image\/jpeg"}],"author":"Luzimara Fernandes","twitter_card":"summary_large_image","twitter_misc":{"Escrito por":"Luzimara Fernandes","Est. tempo de leitura":"5 minutos"},"schema":{"@context":"https:\/\/schema.org","@graph":[{"@type":"Article","@id":"https:\/\/jornalfatosenoticias.com.br\/index.php\/2023\/06\/13\/experimento-mostra-areas-de-cidades-brasileiras-propensas-a-inundacoes\/#article","isPartOf":{"@id":"https:\/\/jornalfatosenoticias.com.br\/index.php\/2023\/06\/13\/experimento-mostra-areas-de-cidades-brasileiras-propensas-a-inundacoes\/"},"author":{"name":"Luzimara Fernandes","@id":"https:\/\/jornalfatosenoticias.com.br\/#\/schema\/person\/d63837fa13ac8666eb9e74e0985d6f81"},"headline":"Experimento mostra \u00e1reas de cidades brasileiras propensas a inunda\u00e7\u00f5es","datePublished":"2023-06-13T11:56:57+00:00","dateModified":"2023-06-13T11:56:58+00:00","mainEntityOfPage":{"@id":"https:\/\/jornalfatosenoticias.com.br\/index.php\/2023\/06\/13\/experimento-mostra-areas-de-cidades-brasileiras-propensas-a-inundacoes\/"},"wordCount":1103,"commentCount":0,"publisher":{"@id":"https:\/\/jornalfatosenoticias.com.br\/#organization"},"image":{"@id":"https:\/\/jornalfatosenoticias.com.br\/index.php\/2023\/06\/13\/experimento-mostra-areas-de-cidades-brasileiras-propensas-a-inundacoes\/#primaryimage"},"thumbnailUrl":"https:\/\/jornalfatosenoticias.com.br\/wp-content\/uploads\/2023\/06\/Brasil_Salvador_enchente.jpg","keywords":["Brasil","enchentes","Inpe","inunda\u00e7\u00f5es","Salvador","S\u00e3o Caetano do Sul","S\u00e3o Paulo"],"articleSection":["Geral"],"inLanguage":"pt-BR","potentialAction":[{"@type":"CommentAction","name":"Comment","target":["https:\/\/jornalfatosenoticias.com.br\/index.php\/2023\/06\/13\/experimento-mostra-areas-de-cidades-brasileiras-propensas-a-inundacoes\/#respond"]}]},{"@type":"WebPage","@id":"https:\/\/jornalfatosenoticias.com.br\/index.php\/2023\/06\/13\/experimento-mostra-areas-de-cidades-brasileiras-propensas-a-inundacoes\/","url":"https:\/\/jornalfatosenoticias.com.br\/index.php\/2023\/06\/13\/experimento-mostra-areas-de-cidades-brasileiras-propensas-a-inundacoes\/","name":"Experimento mostra \u00e1reas de cidades brasileiras propensas a inunda\u00e7\u00f5es - Jornal Fatos e Not\u00edcias","isPartOf":{"@id":"https:\/\/jornalfatosenoticias.com.br\/#website"},"primaryImageOfPage":{"@id":"https:\/\/jornalfatosenoticias.com.br\/index.php\/2023\/06\/13\/experimento-mostra-areas-de-cidades-brasileiras-propensas-a-inundacoes\/#primaryimage"},"image":{"@id":"https:\/\/jornalfatosenoticias.com.br\/index.php\/2023\/06\/13\/experimento-mostra-areas-de-cidades-brasileiras-propensas-a-inundacoes\/#primaryimage"},"thumbnailUrl":"https:\/\/jornalfatosenoticias.com.br\/wp-content\/uploads\/2023\/06\/Brasil_Salvador_enchente.jpg","datePublished":"2023-06-13T11:56:57+00:00","dateModified":"2023-06-13T11:56:58+00:00","breadcrumb":{"@id":"https:\/\/jornalfatosenoticias.com.br\/index.php\/2023\/06\/13\/experimento-mostra-areas-de-cidades-brasileiras-propensas-a-inundacoes\/#breadcrumb"},"inLanguage":"pt-BR","potentialAction":[{"@type":"ReadAction","target":["https:\/\/jornalfatosenoticias.com.br\/index.php\/2023\/06\/13\/experimento-mostra-areas-de-cidades-brasileiras-propensas-a-inundacoes\/"]}]},{"@type":"ImageObject","inLanguage":"pt-BR","@id":"https:\/\/jornalfatosenoticias.com.br\/index.php\/2023\/06\/13\/experimento-mostra-areas-de-cidades-brasileiras-propensas-a-inundacoes\/#primaryimage","url":"https:\/\/jornalfatosenoticias.com.br\/wp-content\/uploads\/2023\/06\/Brasil_Salvador_enchente.jpg","contentUrl":"https:\/\/jornalfatosenoticias.com.br\/wp-content\/uploads\/2023\/06\/Brasil_Salvador_enchente.jpg","width":1000,"height":666},{"@type":"BreadcrumbList","@id":"https:\/\/jornalfatosenoticias.com.br\/index.php\/2023\/06\/13\/experimento-mostra-areas-de-cidades-brasileiras-propensas-a-inundacoes\/#breadcrumb","itemListElement":[{"@type":"ListItem","position":1,"name":"In\u00edcio","item":"https:\/\/jornalfatosenoticias.com.br\/"},{"@type":"ListItem","position":2,"name":"Experimento mostra \u00e1reas de cidades brasileiras propensas a inunda\u00e7\u00f5es"}]},{"@type":"WebSite","@id":"https:\/\/jornalfatosenoticias.com.br\/#website","url":"https:\/\/jornalfatosenoticias.com.br\/","name":"Jornal Fatos e Not\u00edcias","description":"Not\u00edcias em geral","publisher":{"@id":"https:\/\/jornalfatosenoticias.com.br\/#organization"},"potentialAction":[{"@type":"SearchAction","target":{"@type":"EntryPoint","urlTemplate":"https:\/\/jornalfatosenoticias.com.br\/?s={search_term_string}"},"query-input":{"@type":"PropertyValueSpecification","valueRequired":true,"valueName":"search_term_string"}}],"inLanguage":"pt-BR"},{"@type":"Organization","@id":"https:\/\/jornalfatosenoticias.com.br\/#organization","name":"Jornal Fatos e Not\u00edcias","url":"https:\/\/jornalfatosenoticias.com.br\/","logo":{"@type":"ImageObject","inLanguage":"pt-BR","@id":"https:\/\/jornalfatosenoticias.com.br\/#\/schema\/logo\/image\/","url":"https:\/\/jornalfatosenoticias.com.br\/wp-content\/uploads\/2020\/02\/logo120.png","contentUrl":"https:\/\/jornalfatosenoticias.com.br\/wp-content\/uploads\/2020\/02\/logo120.png","width":1227,"height":120,"caption":"Jornal Fatos e Not\u00edcias"},"image":{"@id":"https:\/\/jornalfatosenoticias.com.br\/#\/schema\/logo\/image\/"}},{"@type":"Person","@id":"https:\/\/jornalfatosenoticias.com.br\/#\/schema\/person\/d63837fa13ac8666eb9e74e0985d6f81","name":"Luzimara Fernandes","image":{"@type":"ImageObject","inLanguage":"pt-BR","@id":"https:\/\/jornalfatosenoticias.com.br\/#\/schema\/person\/image\/","url":"https:\/\/jornalfatosenoticias.com.br\/wp-content\/uploads\/2025\/05\/EU_portal.jpg","contentUrl":"https:\/\/jornalfatosenoticias.com.br\/wp-content\/uploads\/2025\/05\/EU_portal.jpg","caption":"Luzimara Fernandes"},"description":"Jornalista MTB 2358-ES","sameAs":["https:\/\/jornalfatosenoticias.com.br"],"url":"https:\/\/jornalfatosenoticias.com.br\/index.php\/author\/luzimara\/"}]}},"cc_featured_image_caption":{"caption_text":"(Foto: Dreamstime\/Joa Souza) ","source_text":"","source_url":""},"jetpack_featured_media_url":"https:\/\/jornalfatosenoticias.com.br\/wp-content\/uploads\/2023\/06\/Brasil_Salvador_enchente.jpg","_links":{"self":[{"href":"https:\/\/jornalfatosenoticias.com.br\/index.php\/wp-json\/wp\/v2\/posts\/42316","targetHints":{"allow":["GET"]}}],"collection":[{"href":"https:\/\/jornalfatosenoticias.com.br\/index.php\/wp-json\/wp\/v2\/posts"}],"about":[{"href":"https:\/\/jornalfatosenoticias.com.br\/index.php\/wp-json\/wp\/v2\/types\/post"}],"author":[{"embeddable":true,"href":"https:\/\/jornalfatosenoticias.com.br\/index.php\/wp-json\/wp\/v2\/users\/2"}],"replies":[{"embeddable":true,"href":"https:\/\/jornalfatosenoticias.com.br\/index.php\/wp-json\/wp\/v2\/comments?post=42316"}],"version-history":[{"count":0,"href":"https:\/\/jornalfatosenoticias.com.br\/index.php\/wp-json\/wp\/v2\/posts\/42316\/revisions"}],"wp:featuredmedia":[{"embeddable":true,"href":"https:\/\/jornalfatosenoticias.com.br\/index.php\/wp-json\/wp\/v2\/media\/42317"}],"wp:attachment":[{"href":"https:\/\/jornalfatosenoticias.com.br\/index.php\/wp-json\/wp\/v2\/media?parent=42316"}],"wp:term":[{"taxonomy":"category","embeddable":true,"href":"https:\/\/jornalfatosenoticias.com.br\/index.php\/wp-json\/wp\/v2\/categories?post=42316"},{"taxonomy":"post_tag","embeddable":true,"href":"https:\/\/jornalfatosenoticias.com.br\/index.php\/wp-json\/wp\/v2\/tags?post=42316"}],"curies":[{"name":"wp","href":"https:\/\/api.w.org\/{rel}","templated":true}]}}