{"id":42319,"date":"2023-06-13T09:12:14","date_gmt":"2023-06-13T12:12:14","guid":{"rendered":"https:\/\/jornalfatosenoticias.com.br\/?p=42319"},"modified":"2023-06-13T09:12:16","modified_gmt":"2023-06-13T12:12:16","slug":"novo-dispositivo-detecta-radiacao-em-escala-de-ate-um-trilionesimo","status":"publish","type":"post","link":"https:\/\/jornalfatosenoticias.com.br\/index.php\/2023\/06\/13\/novo-dispositivo-detecta-radiacao-em-escala-de-ate-um-trilionesimo\/","title":{"rendered":"Novo dispositivo detecta radia\u00e7\u00e3o em escala de at\u00e9 um trilion\u00e9simo"},"content":{"rendered":"\n<p><em><span class=\"has-inline-color has-black-color\">Descoberta \u00e9 capaz de avaliar radia\u00e7\u00e3o em objetos b\u00e1sicos, permitindo analisar com mais exatid\u00e3o em experimentos de f\u00edsica qu\u00e2ntica<\/span><\/em><\/p>\n\n\n\n<p><em><span class=\"has-inline-color has-black-color\">Por <strong><a href=\"https:\/\/olhardigital.com.br\/author\/alisson-santos\/\">Alisson Santos<\/a><\/strong><\/span><\/em><\/p>\n\n\n\n<div class=\"wp-block-image\"><figure class=\"aligncenter size-large is-resized\"><img loading=\"lazy\" decoding=\"async\" src=\"https:\/\/jornalfatosenoticias.com.br\/wp-content\/uploads\/2022\/02\/FERRARI_MAQUINAS-E-FERRAMENTAS2.jpg\" alt=\"\" class=\"wp-image-27860\" width=\"252\" height=\"210\"\/><\/figure><\/div>\n\n\n\n<p>Uma pesquisa publicada na <em>Review of Scientific Instruments<\/em> mostrou que um grupo de pesquisadores conseguiu medir com precis\u00e3o a <a href=\"https:\/\/olhardigital.com.br\/2021\/09\/07\/videos\/hyundai-vision-fk-hibrido-a-hidrogenio-promete-superar-porsche-em-potencia\/\" target=\"_blank\" rel=\"noreferrer noopener\">pot\u00eancia<\/a> em escala que \u00e9 um trilh\u00e3o de vezes menor do que \u00e9 alcan\u00e7ado com instrumentos que possu\u00edmos hoje.<br>Essa descoberta consegue analisar minunciosamente a <a href=\"https:\/\/olhardigital.com.br\/2023\/05\/22\/ciencia-e-espaco\/cinturao-de-radiacao-e-detectado-fora-do-sistema-solar\/\" target=\"_blank\" rel=\"noreferrer noopener\">radia\u00e7\u00e3o<\/a> em objetos b\u00e1sicos, como o micro-ondas, permitindo avaliar com mais exatid\u00e3o em experimentos de <a href=\"https:\/\/olhardigital.com.br\/2023\/05\/19\/ciencia-e-espaco\/material-inteligente-desafia-as-leis-de-newton\/\" target=\"_blank\" rel=\"noreferrer noopener\">f\u00edsica<\/a> qu\u00e2ntica. Entenda os principais pontos positivos dessa descoberta:<\/p>\n\n\n\n<div class=\"wp-block-image\"><figure class=\"aligncenter size-large\"><img loading=\"lazy\" decoding=\"async\" width=\"1024\" height=\"99\" src=\"https:\/\/jornalfatosenoticias.com.br\/wp-content\/uploads\/2020\/02\/Logo-Mizu-segunda-2-1024x99.png\" alt=\"\" class=\"wp-image-2353\" srcset=\"https:\/\/jornalfatosenoticias.com.br\/wp-content\/uploads\/2020\/02\/Logo-Mizu-segunda-2-1024x99.png 1024w, https:\/\/jornalfatosenoticias.com.br\/wp-content\/uploads\/2020\/02\/Logo-Mizu-segunda-2-300x29.png 300w, https:\/\/jornalfatosenoticias.com.br\/wp-content\/uploads\/2020\/02\/Logo-Mizu-segunda-2-768x74.png 768w, https:\/\/jornalfatosenoticias.com.br\/wp-content\/uploads\/2020\/02\/Logo-Mizu-segunda-2.png 1240w\" sizes=\"auto, (max-width: 1024px) 100vw, 1024px\" \/><\/figure><\/div>\n\n\n\n<p><strong>\u2022<\/strong> Medir a pot\u00eancia em n\u00edveis ultrabaixos pode ser \u00fatil para os cientistas que constroem sistemas qu\u00e2nticos;<br><strong>\u2022<\/strong> Esses sistemas s\u00e3o extremamente pequenos em escala e geralmente muito frios em termos de temperatura e, agora, podem ser medidos com mais exatid\u00e3o;<br><strong>\u2022<\/strong> Um \u00f3timo exemplo da fun\u00e7\u00e3o dessa sistema \u00e9 para medir calibrar melhor os qubits \u2014 part\u00edculas no centro dos computadores qu\u00e2nticos e substituem os bits cl\u00e1ssicos.<\/p>\n\n\n\n<div class=\"wp-block-image\"><figure class=\"aligncenter size-large is-resized\"><img loading=\"lazy\" decoding=\"async\" src=\"https:\/\/jornalfatosenoticias.com.br\/wp-content\/uploads\/2022\/10\/RC_800x750_page-0001.jpg\" alt=\"\" class=\"wp-image-35338\" width=\"236\" height=\"222\" srcset=\"https:\/\/jornalfatosenoticias.com.br\/wp-content\/uploads\/2022\/10\/RC_800x750_page-0001.jpg 400w, https:\/\/jornalfatosenoticias.com.br\/wp-content\/uploads\/2022\/10\/RC_800x750_page-0001-300x281.jpg 300w\" sizes=\"auto, (max-width: 236px) 100vw, 236px\" \/><\/figure><\/div>\n\n\n\n<blockquote class=\"wp-block-quote is-layout-flow wp-block-quote-is-layout-flow\"><p><span class=\"has-inline-color has-luminous-vivid-orange-color\">Os sensores de pot\u00eancia comercial normalmente medem a pot\u00eancia na escala de um miliwatt\u201d, afirma Russell Lake, cientista s\u00eanior da empresa de tecnologia qu\u00e2ntica Bluefors, na Finl\u00e2ndia.<\/span><\/p><\/blockquote>\n\n\n\n<div class=\"wp-block-image\"><figure class=\"aligncenter size-large is-resized\"><img loading=\"lazy\" decoding=\"async\" src=\"https:\/\/jornalfatosenoticias.com.br\/wp-content\/uploads\/2022\/07\/Logo-Grupo-SEI.jpg\" alt=\"\" class=\"wp-image-31973\" width=\"288\" height=\"151\" srcset=\"https:\/\/jornalfatosenoticias.com.br\/wp-content\/uploads\/2022\/07\/Logo-Grupo-SEI.jpg 713w, https:\/\/jornalfatosenoticias.com.br\/wp-content\/uploads\/2022\/07\/Logo-Grupo-SEI-300x158.jpg 300w\" sizes=\"auto, (max-width: 288px) 100vw, 288px\" \/><\/figure><\/div>\n\n\n\n<p>Durante os experimentos qu\u00e2nticos, a energia \u00e9 medida usando term\u00f4metro especial, chamado bol\u00f4metro. Essa tecnologia consegue medir a temperatura por meio de pequena tira de material, como metal ou semicondutor, que muda sua resist\u00eancia el\u00e9trica enquanto absorve energia.<\/p>\n\n\n\n<div class=\"wp-block-image\"><figure class=\"aligncenter size-large is-resized\"><img loading=\"lazy\" decoding=\"async\" src=\"https:\/\/jornalfatosenoticias.com.br\/wp-content\/uploads\/2022\/02\/Precisao-Contabilidade-1024x724.jpg\" alt=\"\" class=\"wp-image-28088\" width=\"292\" height=\"206\"\/><\/figure><\/div>\n\n\n\n<blockquote class=\"wp-block-quote is-layout-flow wp-block-quote-is-layout-flow\"><p><span class=\"has-inline-color has-luminous-vivid-orange-color\">Este bol\u00f4metro faz isso com precis\u00e3o e confiabilidade em um femtowatt ou menos. Isso \u00e9 um trilh\u00e3o de vezes menos energia do que a usada em calibra\u00e7\u00f5es de energia t\u00edpicas&#8221;, explica Russell Lake, cientista s\u00eanior da empresa de tecnologia qu\u00e2ntica Bluefors.<\/span><\/p><\/blockquote>\n\n\n\n<div class=\"wp-block-image\"><figure class=\"aligncenter size-large is-resized\"><img loading=\"lazy\" decoding=\"async\" src=\"https:\/\/jornalfatosenoticias.com.br\/wp-content\/uploads\/2020\/02\/casa-do-torresmo_portal.jpg\" alt=\"\" class=\"wp-image-34472\" width=\"224\" height=\"224\" srcset=\"https:\/\/jornalfatosenoticias.com.br\/wp-content\/uploads\/2020\/02\/casa-do-torresmo_portal.jpg 300w, https:\/\/jornalfatosenoticias.com.br\/wp-content\/uploads\/2020\/02\/casa-do-torresmo_portal-150x150.jpg 150w\" sizes=\"auto, (max-width: 224px) 100vw, 224px\" \/><\/figure><\/div>\n\n\n\n<p>Nesse projeto, os pesquisadores adicionaram aquecedor com uma corrente e tens\u00e3o conhecidas. Sabendo sobre a quantidade de calor aplicado, os cientistas detectaram mudan\u00e7as de energia muito pequenas feitas por micro-ondas.<\/p>\n\n\n\n<blockquote class=\"wp-block-quote is-layout-flow wp-block-quote-is-layout-flow\"><p><span class=\"has-inline-color has-luminous-vivid-orange-color\">A medi\u00e7\u00e3o de micro-ondas acontece em comunica\u00e7\u00f5es sem fio, tecnologia de radar e muitos outros campos\u201d, aponta Lake. \u201cEles t\u00eam suas maneiras de realizar medi\u00e7\u00f5es precisas, mas n\u00e3o havia como fazer o mesmo ao medir sinais de micro-ondas muito fracos para a tecnologia qu\u00e2ntica\u201d.<\/span><\/p><\/blockquote>\n\n\n\n<div class=\"wp-block-image\"><figure class=\"aligncenter size-large\"><img decoding=\"async\" src=\"https:\/\/jornalfatosenoticias.com.br\/wp-content\/uploads\/2020\/02\/logo_esteio.jpg\" alt=\"\" class=\"wp-image-1214\"\/><\/figure><\/div>\n\n\n\n<blockquote class=\"wp-block-quote is-layout-flow wp-block-quote-is-layout-flow\"><p><span class=\"has-inline-color has-luminous-vivid-orange-color\">Para resultados precisos, as linhas de medi\u00e7\u00e3o usadas para controlar os qubits devem estar em temperaturas muito baixas, sem f\u00f3tons t\u00e9rmicos e excesso de radia\u00e7\u00e3o\u201d, disse Mikko M\u00f6tt\u00f6nen, f\u00edsico qu\u00e2ntico da Universidade Aalto, na Finl\u00e2ndia. \u201cAgora, com este bol\u00f4metro, podemos realmente medir a temperatura da radia\u00e7\u00e3o sem interfer\u00eancia do circuito qubit\u201d.<\/span><\/p><\/blockquote>\n\n\n\n<p><strong><em>Fonte: <a href=\"https:\/\/olhardigital.com.br\/2023\/06\/12\/ciencia-e-espaco\/novo-dispositivo-detecta-radiacao-em-ate-um-trilionesimo\/\">Olhar Digital<\/a><\/em><\/strong><\/p>\n","protected":false},"excerpt":{"rendered":"<p>Descoberta \u00e9 capaz de avaliar radia\u00e7\u00e3o em objetos b\u00e1sicos, permitindo analisar com mais exatid\u00e3o em experimentos de f\u00edsica qu\u00e2ntica Por Alisson Santos Uma pesquisa publicada na Review of Scientific Instruments mostrou que um grupo de pesquisadores conseguiu medir com precis\u00e3o a pot\u00eancia em escala que \u00e9 um trilh\u00e3o de vezes menor do que \u00e9 alcan\u00e7ado [&hellip;]<\/p>\n","protected":false},"author":2,"featured_media":42320,"comment_status":"open","ping_status":"open","sticky":false,"template":"","format":"standard","meta":{"footnotes":""},"categories":[3],"tags":[1105,3320,6985,13070],"class_list":["post-42319","post","type-post","status-publish","format-standard","has-post-thumbnail","hentry","category-tecnologia","tag-cientistas","tag-dispositivo","tag-fisica-quantica","tag-radiacao"],"yoast_head":"<!-- This site is optimized with the Yoast SEO plugin v26.5 - https:\/\/yoast.com\/wordpress\/plugins\/seo\/ -->\n<title>Novo dispositivo detecta radia\u00e7\u00e3o em escala de at\u00e9 um trilion\u00e9simo - Jornal Fatos e Not\u00edcias<\/title>\n<meta name=\"robots\" content=\"index, follow, max-snippet:-1, max-image-preview:large, max-video-preview:-1\" \/>\n<link rel=\"canonical\" href=\"https:\/\/jornalfatosenoticias.com.br\/index.php\/2023\/06\/13\/novo-dispositivo-detecta-radiacao-em-escala-de-ate-um-trilionesimo\/\" \/>\n<meta property=\"og:locale\" content=\"pt_BR\" \/>\n<meta property=\"og:type\" content=\"article\" \/>\n<meta property=\"og:title\" content=\"Novo dispositivo detecta radia\u00e7\u00e3o em escala de at\u00e9 um trilion\u00e9simo - Jornal Fatos e Not\u00edcias\" \/>\n<meta property=\"og:description\" content=\"Descoberta \u00e9 capaz de avaliar radia\u00e7\u00e3o em objetos b\u00e1sicos, permitindo analisar com mais exatid\u00e3o em experimentos de f\u00edsica qu\u00e2ntica Por Alisson Santos Uma pesquisa publicada na Review of Scientific Instruments mostrou que um grupo de pesquisadores conseguiu medir com precis\u00e3o a pot\u00eancia em escala que \u00e9 um trilh\u00e3o de vezes menor do que \u00e9 alcan\u00e7ado [&hellip;]\" \/>\n<meta property=\"og:url\" content=\"https:\/\/jornalfatosenoticias.com.br\/index.php\/2023\/06\/13\/novo-dispositivo-detecta-radiacao-em-escala-de-ate-um-trilionesimo\/\" \/>\n<meta property=\"og:site_name\" content=\"Jornal Fatos e Not\u00edcias\" \/>\n<meta property=\"article:published_time\" content=\"2023-06-13T12:12:14+00:00\" \/>\n<meta property=\"article:modified_time\" content=\"2023-06-13T12:12:16+00:00\" \/>\n<meta property=\"og:image\" content=\"https:\/\/jornalfatosenoticias.com.br\/wp-content\/uploads\/2023\/06\/novo-dispositivo-detecta-radiacao.jpg\" \/>\n\t<meta property=\"og:image:width\" content=\"1000\" \/>\n\t<meta property=\"og:image:height\" content=\"402\" \/>\n\t<meta property=\"og:image:type\" content=\"image\/jpeg\" \/>\n<meta name=\"author\" content=\"Luzimara Fernandes\" \/>\n<meta name=\"twitter:card\" content=\"summary_large_image\" \/>\n<meta name=\"twitter:label1\" content=\"Escrito por\" \/>\n\t<meta name=\"twitter:data1\" content=\"Luzimara Fernandes\" \/>\n\t<meta name=\"twitter:label2\" content=\"Est. tempo de leitura\" \/>\n\t<meta name=\"twitter:data2\" content=\"2 minutos\" \/>\n<script type=\"application\/ld+json\" class=\"yoast-schema-graph\">{\"@context\":\"https:\/\/schema.org\",\"@graph\":[{\"@type\":\"Article\",\"@id\":\"https:\/\/jornalfatosenoticias.com.br\/index.php\/2023\/06\/13\/novo-dispositivo-detecta-radiacao-em-escala-de-ate-um-trilionesimo\/#article\",\"isPartOf\":{\"@id\":\"https:\/\/jornalfatosenoticias.com.br\/index.php\/2023\/06\/13\/novo-dispositivo-detecta-radiacao-em-escala-de-ate-um-trilionesimo\/\"},\"author\":{\"name\":\"Luzimara Fernandes\",\"@id\":\"https:\/\/jornalfatosenoticias.com.br\/#\/schema\/person\/d63837fa13ac8666eb9e74e0985d6f81\"},\"headline\":\"Novo dispositivo detecta radia\u00e7\u00e3o em escala de at\u00e9 um trilion\u00e9simo\",\"datePublished\":\"2023-06-13T12:12:14+00:00\",\"dateModified\":\"2023-06-13T12:12:16+00:00\",\"mainEntityOfPage\":{\"@id\":\"https:\/\/jornalfatosenoticias.com.br\/index.php\/2023\/06\/13\/novo-dispositivo-detecta-radiacao-em-escala-de-ate-um-trilionesimo\/\"},\"wordCount\":455,\"commentCount\":0,\"publisher\":{\"@id\":\"https:\/\/jornalfatosenoticias.com.br\/#organization\"},\"image\":{\"@id\":\"https:\/\/jornalfatosenoticias.com.br\/index.php\/2023\/06\/13\/novo-dispositivo-detecta-radiacao-em-escala-de-ate-um-trilionesimo\/#primaryimage\"},\"thumbnailUrl\":\"https:\/\/jornalfatosenoticias.com.br\/wp-content\/uploads\/2023\/06\/novo-dispositivo-detecta-radiacao.jpg\",\"keywords\":[\"cientistas\",\"dispositivo\",\"f\u00edsica qu\u00e2ntica\",\"radia\u00e7\u00e3o\"],\"articleSection\":[\"Tecnologia &amp; Inova\u00e7\u00e3o\"],\"inLanguage\":\"pt-BR\",\"potentialAction\":[{\"@type\":\"CommentAction\",\"name\":\"Comment\",\"target\":[\"https:\/\/jornalfatosenoticias.com.br\/index.php\/2023\/06\/13\/novo-dispositivo-detecta-radiacao-em-escala-de-ate-um-trilionesimo\/#respond\"]}]},{\"@type\":\"WebPage\",\"@id\":\"https:\/\/jornalfatosenoticias.com.br\/index.php\/2023\/06\/13\/novo-dispositivo-detecta-radiacao-em-escala-de-ate-um-trilionesimo\/\",\"url\":\"https:\/\/jornalfatosenoticias.com.br\/index.php\/2023\/06\/13\/novo-dispositivo-detecta-radiacao-em-escala-de-ate-um-trilionesimo\/\",\"name\":\"Novo dispositivo detecta radia\u00e7\u00e3o em escala de at\u00e9 um trilion\u00e9simo - Jornal Fatos e Not\u00edcias\",\"isPartOf\":{\"@id\":\"https:\/\/jornalfatosenoticias.com.br\/#website\"},\"primaryImageOfPage\":{\"@id\":\"https:\/\/jornalfatosenoticias.com.br\/index.php\/2023\/06\/13\/novo-dispositivo-detecta-radiacao-em-escala-de-ate-um-trilionesimo\/#primaryimage\"},\"image\":{\"@id\":\"https:\/\/jornalfatosenoticias.com.br\/index.php\/2023\/06\/13\/novo-dispositivo-detecta-radiacao-em-escala-de-ate-um-trilionesimo\/#primaryimage\"},\"thumbnailUrl\":\"https:\/\/jornalfatosenoticias.com.br\/wp-content\/uploads\/2023\/06\/novo-dispositivo-detecta-radiacao.jpg\",\"datePublished\":\"2023-06-13T12:12:14+00:00\",\"dateModified\":\"2023-06-13T12:12:16+00:00\",\"breadcrumb\":{\"@id\":\"https:\/\/jornalfatosenoticias.com.br\/index.php\/2023\/06\/13\/novo-dispositivo-detecta-radiacao-em-escala-de-ate-um-trilionesimo\/#breadcrumb\"},\"inLanguage\":\"pt-BR\",\"potentialAction\":[{\"@type\":\"ReadAction\",\"target\":[\"https:\/\/jornalfatosenoticias.com.br\/index.php\/2023\/06\/13\/novo-dispositivo-detecta-radiacao-em-escala-de-ate-um-trilionesimo\/\"]}]},{\"@type\":\"ImageObject\",\"inLanguage\":\"pt-BR\",\"@id\":\"https:\/\/jornalfatosenoticias.com.br\/index.php\/2023\/06\/13\/novo-dispositivo-detecta-radiacao-em-escala-de-ate-um-trilionesimo\/#primaryimage\",\"url\":\"https:\/\/jornalfatosenoticias.com.br\/wp-content\/uploads\/2023\/06\/novo-dispositivo-detecta-radiacao.jpg\",\"contentUrl\":\"https:\/\/jornalfatosenoticias.com.br\/wp-content\/uploads\/2023\/06\/novo-dispositivo-detecta-radiacao.jpg\",\"width\":1000,\"height\":402},{\"@type\":\"BreadcrumbList\",\"@id\":\"https:\/\/jornalfatosenoticias.com.br\/index.php\/2023\/06\/13\/novo-dispositivo-detecta-radiacao-em-escala-de-ate-um-trilionesimo\/#breadcrumb\",\"itemListElement\":[{\"@type\":\"ListItem\",\"position\":1,\"name\":\"In\u00edcio\",\"item\":\"https:\/\/jornalfatosenoticias.com.br\/\"},{\"@type\":\"ListItem\",\"position\":2,\"name\":\"Novo dispositivo detecta radia\u00e7\u00e3o em escala de at\u00e9 um trilion\u00e9simo\"}]},{\"@type\":\"WebSite\",\"@id\":\"https:\/\/jornalfatosenoticias.com.br\/#website\",\"url\":\"https:\/\/jornalfatosenoticias.com.br\/\",\"name\":\"Jornal Fatos e Not\u00edcias\",\"description\":\"Not\u00edcias em geral\",\"publisher\":{\"@id\":\"https:\/\/jornalfatosenoticias.com.br\/#organization\"},\"potentialAction\":[{\"@type\":\"SearchAction\",\"target\":{\"@type\":\"EntryPoint\",\"urlTemplate\":\"https:\/\/jornalfatosenoticias.com.br\/?s={search_term_string}\"},\"query-input\":{\"@type\":\"PropertyValueSpecification\",\"valueRequired\":true,\"valueName\":\"search_term_string\"}}],\"inLanguage\":\"pt-BR\"},{\"@type\":\"Organization\",\"@id\":\"https:\/\/jornalfatosenoticias.com.br\/#organization\",\"name\":\"Jornal Fatos e Not\u00edcias\",\"url\":\"https:\/\/jornalfatosenoticias.com.br\/\",\"logo\":{\"@type\":\"ImageObject\",\"inLanguage\":\"pt-BR\",\"@id\":\"https:\/\/jornalfatosenoticias.com.br\/#\/schema\/logo\/image\/\",\"url\":\"https:\/\/jornalfatosenoticias.com.br\/wp-content\/uploads\/2020\/02\/logo120.png\",\"contentUrl\":\"https:\/\/jornalfatosenoticias.com.br\/wp-content\/uploads\/2020\/02\/logo120.png\",\"width\":1227,\"height\":120,\"caption\":\"Jornal Fatos e Not\u00edcias\"},\"image\":{\"@id\":\"https:\/\/jornalfatosenoticias.com.br\/#\/schema\/logo\/image\/\"}},{\"@type\":\"Person\",\"@id\":\"https:\/\/jornalfatosenoticias.com.br\/#\/schema\/person\/d63837fa13ac8666eb9e74e0985d6f81\",\"name\":\"Luzimara Fernandes\",\"image\":{\"@type\":\"ImageObject\",\"inLanguage\":\"pt-BR\",\"@id\":\"https:\/\/jornalfatosenoticias.com.br\/#\/schema\/person\/image\/\",\"url\":\"https:\/\/jornalfatosenoticias.com.br\/wp-content\/uploads\/2025\/05\/EU_portal.jpg\",\"contentUrl\":\"https:\/\/jornalfatosenoticias.com.br\/wp-content\/uploads\/2025\/05\/EU_portal.jpg\",\"caption\":\"Luzimara Fernandes\"},\"description\":\"Jornalista MTB 2358-ES\",\"sameAs\":[\"https:\/\/jornalfatosenoticias.com.br\"],\"url\":\"https:\/\/jornalfatosenoticias.com.br\/index.php\/author\/luzimara\/\"}]}<\/script>\n<!-- \/ Yoast SEO plugin. -->","yoast_head_json":{"title":"Novo dispositivo detecta radia\u00e7\u00e3o em escala de at\u00e9 um trilion\u00e9simo - Jornal Fatos e Not\u00edcias","robots":{"index":"index","follow":"follow","max-snippet":"max-snippet:-1","max-image-preview":"max-image-preview:large","max-video-preview":"max-video-preview:-1"},"canonical":"https:\/\/jornalfatosenoticias.com.br\/index.php\/2023\/06\/13\/novo-dispositivo-detecta-radiacao-em-escala-de-ate-um-trilionesimo\/","og_locale":"pt_BR","og_type":"article","og_title":"Novo dispositivo detecta radia\u00e7\u00e3o em escala de at\u00e9 um trilion\u00e9simo - Jornal Fatos e Not\u00edcias","og_description":"Descoberta \u00e9 capaz de avaliar radia\u00e7\u00e3o em objetos b\u00e1sicos, permitindo analisar com mais exatid\u00e3o em experimentos de f\u00edsica qu\u00e2ntica Por Alisson Santos Uma pesquisa publicada na Review of Scientific Instruments mostrou que um grupo de pesquisadores conseguiu medir com precis\u00e3o a pot\u00eancia em escala que \u00e9 um trilh\u00e3o de vezes menor do que \u00e9 alcan\u00e7ado [&hellip;]","og_url":"https:\/\/jornalfatosenoticias.com.br\/index.php\/2023\/06\/13\/novo-dispositivo-detecta-radiacao-em-escala-de-ate-um-trilionesimo\/","og_site_name":"Jornal Fatos e Not\u00edcias","article_published_time":"2023-06-13T12:12:14+00:00","article_modified_time":"2023-06-13T12:12:16+00:00","og_image":[{"width":1000,"height":402,"url":"https:\/\/jornalfatosenoticias.com.br\/wp-content\/uploads\/2023\/06\/novo-dispositivo-detecta-radiacao.jpg","type":"image\/jpeg"}],"author":"Luzimara Fernandes","twitter_card":"summary_large_image","twitter_misc":{"Escrito por":"Luzimara Fernandes","Est. tempo de leitura":"2 minutos"},"schema":{"@context":"https:\/\/schema.org","@graph":[{"@type":"Article","@id":"https:\/\/jornalfatosenoticias.com.br\/index.php\/2023\/06\/13\/novo-dispositivo-detecta-radiacao-em-escala-de-ate-um-trilionesimo\/#article","isPartOf":{"@id":"https:\/\/jornalfatosenoticias.com.br\/index.php\/2023\/06\/13\/novo-dispositivo-detecta-radiacao-em-escala-de-ate-um-trilionesimo\/"},"author":{"name":"Luzimara Fernandes","@id":"https:\/\/jornalfatosenoticias.com.br\/#\/schema\/person\/d63837fa13ac8666eb9e74e0985d6f81"},"headline":"Novo dispositivo detecta radia\u00e7\u00e3o em escala de at\u00e9 um trilion\u00e9simo","datePublished":"2023-06-13T12:12:14+00:00","dateModified":"2023-06-13T12:12:16+00:00","mainEntityOfPage":{"@id":"https:\/\/jornalfatosenoticias.com.br\/index.php\/2023\/06\/13\/novo-dispositivo-detecta-radiacao-em-escala-de-ate-um-trilionesimo\/"},"wordCount":455,"commentCount":0,"publisher":{"@id":"https:\/\/jornalfatosenoticias.com.br\/#organization"},"image":{"@id":"https:\/\/jornalfatosenoticias.com.br\/index.php\/2023\/06\/13\/novo-dispositivo-detecta-radiacao-em-escala-de-ate-um-trilionesimo\/#primaryimage"},"thumbnailUrl":"https:\/\/jornalfatosenoticias.com.br\/wp-content\/uploads\/2023\/06\/novo-dispositivo-detecta-radiacao.jpg","keywords":["cientistas","dispositivo","f\u00edsica qu\u00e2ntica","radia\u00e7\u00e3o"],"articleSection":["Tecnologia &amp; Inova\u00e7\u00e3o"],"inLanguage":"pt-BR","potentialAction":[{"@type":"CommentAction","name":"Comment","target":["https:\/\/jornalfatosenoticias.com.br\/index.php\/2023\/06\/13\/novo-dispositivo-detecta-radiacao-em-escala-de-ate-um-trilionesimo\/#respond"]}]},{"@type":"WebPage","@id":"https:\/\/jornalfatosenoticias.com.br\/index.php\/2023\/06\/13\/novo-dispositivo-detecta-radiacao-em-escala-de-ate-um-trilionesimo\/","url":"https:\/\/jornalfatosenoticias.com.br\/index.php\/2023\/06\/13\/novo-dispositivo-detecta-radiacao-em-escala-de-ate-um-trilionesimo\/","name":"Novo dispositivo detecta radia\u00e7\u00e3o em escala de at\u00e9 um trilion\u00e9simo - Jornal Fatos e Not\u00edcias","isPartOf":{"@id":"https:\/\/jornalfatosenoticias.com.br\/#website"},"primaryImageOfPage":{"@id":"https:\/\/jornalfatosenoticias.com.br\/index.php\/2023\/06\/13\/novo-dispositivo-detecta-radiacao-em-escala-de-ate-um-trilionesimo\/#primaryimage"},"image":{"@id":"https:\/\/jornalfatosenoticias.com.br\/index.php\/2023\/06\/13\/novo-dispositivo-detecta-radiacao-em-escala-de-ate-um-trilionesimo\/#primaryimage"},"thumbnailUrl":"https:\/\/jornalfatosenoticias.com.br\/wp-content\/uploads\/2023\/06\/novo-dispositivo-detecta-radiacao.jpg","datePublished":"2023-06-13T12:12:14+00:00","dateModified":"2023-06-13T12:12:16+00:00","breadcrumb":{"@id":"https:\/\/jornalfatosenoticias.com.br\/index.php\/2023\/06\/13\/novo-dispositivo-detecta-radiacao-em-escala-de-ate-um-trilionesimo\/#breadcrumb"},"inLanguage":"pt-BR","potentialAction":[{"@type":"ReadAction","target":["https:\/\/jornalfatosenoticias.com.br\/index.php\/2023\/06\/13\/novo-dispositivo-detecta-radiacao-em-escala-de-ate-um-trilionesimo\/"]}]},{"@type":"ImageObject","inLanguage":"pt-BR","@id":"https:\/\/jornalfatosenoticias.com.br\/index.php\/2023\/06\/13\/novo-dispositivo-detecta-radiacao-em-escala-de-ate-um-trilionesimo\/#primaryimage","url":"https:\/\/jornalfatosenoticias.com.br\/wp-content\/uploads\/2023\/06\/novo-dispositivo-detecta-radiacao.jpg","contentUrl":"https:\/\/jornalfatosenoticias.com.br\/wp-content\/uploads\/2023\/06\/novo-dispositivo-detecta-radiacao.jpg","width":1000,"height":402},{"@type":"BreadcrumbList","@id":"https:\/\/jornalfatosenoticias.com.br\/index.php\/2023\/06\/13\/novo-dispositivo-detecta-radiacao-em-escala-de-ate-um-trilionesimo\/#breadcrumb","itemListElement":[{"@type":"ListItem","position":1,"name":"In\u00edcio","item":"https:\/\/jornalfatosenoticias.com.br\/"},{"@type":"ListItem","position":2,"name":"Novo dispositivo detecta radia\u00e7\u00e3o em escala de at\u00e9 um trilion\u00e9simo"}]},{"@type":"WebSite","@id":"https:\/\/jornalfatosenoticias.com.br\/#website","url":"https:\/\/jornalfatosenoticias.com.br\/","name":"Jornal Fatos e Not\u00edcias","description":"Not\u00edcias em geral","publisher":{"@id":"https:\/\/jornalfatosenoticias.com.br\/#organization"},"potentialAction":[{"@type":"SearchAction","target":{"@type":"EntryPoint","urlTemplate":"https:\/\/jornalfatosenoticias.com.br\/?s={search_term_string}"},"query-input":{"@type":"PropertyValueSpecification","valueRequired":true,"valueName":"search_term_string"}}],"inLanguage":"pt-BR"},{"@type":"Organization","@id":"https:\/\/jornalfatosenoticias.com.br\/#organization","name":"Jornal Fatos e Not\u00edcias","url":"https:\/\/jornalfatosenoticias.com.br\/","logo":{"@type":"ImageObject","inLanguage":"pt-BR","@id":"https:\/\/jornalfatosenoticias.com.br\/#\/schema\/logo\/image\/","url":"https:\/\/jornalfatosenoticias.com.br\/wp-content\/uploads\/2020\/02\/logo120.png","contentUrl":"https:\/\/jornalfatosenoticias.com.br\/wp-content\/uploads\/2020\/02\/logo120.png","width":1227,"height":120,"caption":"Jornal Fatos e Not\u00edcias"},"image":{"@id":"https:\/\/jornalfatosenoticias.com.br\/#\/schema\/logo\/image\/"}},{"@type":"Person","@id":"https:\/\/jornalfatosenoticias.com.br\/#\/schema\/person\/d63837fa13ac8666eb9e74e0985d6f81","name":"Luzimara Fernandes","image":{"@type":"ImageObject","inLanguage":"pt-BR","@id":"https:\/\/jornalfatosenoticias.com.br\/#\/schema\/person\/image\/","url":"https:\/\/jornalfatosenoticias.com.br\/wp-content\/uploads\/2025\/05\/EU_portal.jpg","contentUrl":"https:\/\/jornalfatosenoticias.com.br\/wp-content\/uploads\/2025\/05\/EU_portal.jpg","caption":"Luzimara Fernandes"},"description":"Jornalista MTB 2358-ES","sameAs":["https:\/\/jornalfatosenoticias.com.br"],"url":"https:\/\/jornalfatosenoticias.com.br\/index.php\/author\/luzimara\/"}]}},"cc_featured_image_caption":{"caption_text":"(Foto: Bluefors\/Olhar Digital) ","source_text":"","source_url":""},"jetpack_featured_media_url":"https:\/\/jornalfatosenoticias.com.br\/wp-content\/uploads\/2023\/06\/novo-dispositivo-detecta-radiacao.jpg","_links":{"self":[{"href":"https:\/\/jornalfatosenoticias.com.br\/index.php\/wp-json\/wp\/v2\/posts\/42319","targetHints":{"allow":["GET"]}}],"collection":[{"href":"https:\/\/jornalfatosenoticias.com.br\/index.php\/wp-json\/wp\/v2\/posts"}],"about":[{"href":"https:\/\/jornalfatosenoticias.com.br\/index.php\/wp-json\/wp\/v2\/types\/post"}],"author":[{"embeddable":true,"href":"https:\/\/jornalfatosenoticias.com.br\/index.php\/wp-json\/wp\/v2\/users\/2"}],"replies":[{"embeddable":true,"href":"https:\/\/jornalfatosenoticias.com.br\/index.php\/wp-json\/wp\/v2\/comments?post=42319"}],"version-history":[{"count":0,"href":"https:\/\/jornalfatosenoticias.com.br\/index.php\/wp-json\/wp\/v2\/posts\/42319\/revisions"}],"wp:featuredmedia":[{"embeddable":true,"href":"https:\/\/jornalfatosenoticias.com.br\/index.php\/wp-json\/wp\/v2\/media\/42320"}],"wp:attachment":[{"href":"https:\/\/jornalfatosenoticias.com.br\/index.php\/wp-json\/wp\/v2\/media?parent=42319"}],"wp:term":[{"taxonomy":"category","embeddable":true,"href":"https:\/\/jornalfatosenoticias.com.br\/index.php\/wp-json\/wp\/v2\/categories?post=42319"},{"taxonomy":"post_tag","embeddable":true,"href":"https:\/\/jornalfatosenoticias.com.br\/index.php\/wp-json\/wp\/v2\/tags?post=42319"}],"curies":[{"name":"wp","href":"https:\/\/api.w.org\/{rel}","templated":true}]}}