{"id":4236,"date":"2020-05-08T13:15:20","date_gmt":"2020-05-08T16:15:20","guid":{"rendered":"https:\/\/jornalfatosenoticias.com.br\/?p=4236"},"modified":"2020-05-08T13:15:25","modified_gmt":"2020-05-08T16:15:25","slug":"estudo-mostra-que-gasto-com-agua-vem-caindo-na-economia-brasileira","status":"publish","type":"post","link":"https:\/\/jornalfatosenoticias.com.br\/index.php\/2020\/05\/08\/estudo-mostra-que-gasto-com-agua-vem-caindo-na-economia-brasileira\/","title":{"rendered":"Estudo mostra que gasto com \u00e1gua vem caindo na economia brasileira"},"content":{"rendered":"\n<h6 class=\"wp-block-heading\"><em>IBGE e Ag\u00eancia Nacional de \u00c1guas tra\u00e7am o perfil de consumo h\u00eddrico<\/em><\/h6>\n\n\n\n<p>Estudo in\u00e9dito do Instituto Brasileiro de Geografia e Estat\u00edstica (IBGE), em parceria com a Ag\u00eancia Nacional de \u00c1guas (ANA), divulgado ontem (07) mostra qual a disponibilidade dos recursos h\u00eddricos do Pa\u00eds e as demandas de \u00e1gua nos setores da economia em escala nacional.<br>Atrav\u00e9s do cruzamento de dados, as Contas Econ\u00f4micas e Ambientais da \u00c1gua mostram que uma fam\u00edlia brasileira consumia, em m\u00e9dia, 116 litros de \u00e1gua por dia, em 2017, \u00faltimo ano do estudo.<br>Em 2013, primeiro ano que o instituto come\u00e7ou a pesquisar o consumo de \u00e1gua no Pa\u00eds, a m\u00e9dia era de 121 litros por dia por fam\u00edlia. O per\u00edodo da pesquisa atravessa o ano de 2015, marcado por uma crise h\u00eddrica no Pa\u00eds, quando a m\u00e9dia caiu para 114 litros\/dia.<br>O economista Michel Lapip, gerente de Contas Econ\u00f4micas e Ambientais do IBGE, lembrou, em entrevista \u00e0 Ag\u00eancia Brasil, que a retirada total de \u00e1gua da economia tem aumentado de forma progressiva entre 2013 e 2017.<br>No in\u00edcio da pesquisa, em 2013, por exemplo, o consumo de \u00e1gua para cada R$ 1 de Valor Adicional Bruto mostrava que eram gastos 7,1 litros por real. Em 2017, este valor caiu para R$ 6,3 litros por real.<br>\u201cO que \u00e9 uma coisa boa dentro desse indicador. Significa que para gerar R$ 1 de Valor Adicionado na economia, temos precisado no Brasil cada vez menos de \u00e1gua\u201d, explica.<br>Entretanto, o estudo muda quando se fala exclusivamente de agricultura, pecu\u00e1ria, produ\u00e7\u00e3o florestal, pesca e aquicultura: 1.061 litros\/R$. Descontado o volume de \u00e1gua do solo utilizado por essa atividade, foram necess\u00e1rios 96 litros\/R$ em 2017.<br>Em contrapartida, o economista do IBGE informou que o custo m\u00e9dio por volume de \u00e1gua e esgoto da economia tem evolu\u00eddo progressivamente entre 2013 e 2017. Em 2013, o valor foi R$ 2,18 (R$\/m\u00b3), chegando a 2017 com valor de R$ 3,06 (R$\/m\u00b3). O custo m\u00e9dio da \u00e1gua e esgoto nas grandes regi\u00f5es \u00e9 calculado da \u00e1gua que vem do setor de abastecimento.<br>\u201cVai depender de como a regi\u00e3o est\u00e1 fazendo o mecanismo de regula\u00e7\u00e3o de pre\u00e7o da \u00e1gua e do esgoto\u201d. Michel Lapip esclareceu que a agricultura, por exemplo, capta a \u00e1gua que utiliza direto no meio ambiente. \u201cEla n\u00e3o recebe essa \u00e1gua do setor de abastecimento\u201d.<\/p>\n\n\n\n<h4 class=\"wp-block-heading\">Consumo<\/h4>\n\n\n\n<p>Sobre o indicador de efici\u00eancia do consumo de \u00e1gua, o melhor resultado foi registrado no Sudeste: R$ 30,47 por metro c\u00fabico. Ou seja, para um metro c\u00fabico usado na economia foram gerados R$ 30,47 de valor adicionado. O pior resultado foi observado no Centro-Oeste do Pa\u00eds, com R$ 6,63 por metro c\u00fabico. O custo com a \u00e1gua de distribui\u00e7\u00e3o e servi\u00e7o de esgoto, por sua vez, teve o maior valor na Regi\u00e3o Centro-Oeste, com R$ 4,71 por metro c\u00fabico. O menor valor foi encontrado no Norte, R$ 1,92 por metro c\u00fabico.<br>Em 2017, o consumo total de \u00e1gua, que corresponde \u00e0 \u00e1gua utilizada menos a \u00e1gua que retorna para o meio ambiente, foi de 329,8 trilh\u00f5es de litros. As principais atividades respons\u00e1veis pelo consumo de \u00e1gua foram agricultura, pecu\u00e1ria, produ\u00e7\u00e3o florestal, pesca e aquicultura (97,4%).<br>Considerando a \u00e1gua do solo, o Centro-Oeste se destacou entre as grandes regi\u00f5es, em 2017, apresentando a maior intensidade de consumo de \u00e1gua, com 1.511,9 litros para cada R$ 1 gerado na regi\u00e3o. Excluindo o volume de \u00e1gua do solo, o Nordeste teve \u00e0quele ano o maior resultado, com 151,4 litros para cada R$ 1 gerado.<br>Com rela\u00e7\u00e3o ao uso de \u00e1gua de distribui\u00e7\u00e3o, o estudo mostra que a regi\u00e3o com a maior participa\u00e7\u00e3o, em 2017, foi o Sudeste (45%), seguido do Nordeste (29%), Sul (14%), Centro-oeste (6%) e Norte (6%).<\/p>\n\n\n\n<p><strong><em>Fonte: <a href=\"https:\/\/agenciabrasil.ebc.com.br\/economia\/noticia\/2020-05\/estudo-mostra-o-gasto-com-agua-vem-caindo-na-economia-brasileira\">Ag\u00eancia Brasil<\/a><\/em><\/strong><\/p>\n","protected":false},"excerpt":{"rendered":"<p>IBGE e Ag\u00eancia Nacional de \u00c1guas tra\u00e7am o perfil de consumo h\u00eddrico Estudo in\u00e9dito do Instituto Brasileiro de Geografia e Estat\u00edstica (IBGE), em parceria com a Ag\u00eancia Nacional de \u00c1guas (ANA), divulgado ontem (07) mostra qual a disponibilidade dos recursos h\u00eddricos do Pa\u00eds e as demandas de \u00e1gua nos setores da economia em escala nacional.Atrav\u00e9s [&hellip;]<\/p>\n","protected":false},"author":2,"featured_media":4237,"comment_status":"open","ping_status":"open","sticky":false,"template":"","format":"standard","meta":{"footnotes":""},"categories":[9],"tags":[451,1281,2493],"class_list":["post-4236","post","type-post","status-publish","format-standard","has-post-thumbnail","hentry","category-economia","tag-agua","tag-ibge","tag-pesquisa-fiesp"],"yoast_head":"<!-- This site is optimized with the Yoast SEO plugin v26.5 - https:\/\/yoast.com\/wordpress\/plugins\/seo\/ -->\n<title>Estudo mostra que gasto com \u00e1gua vem caindo na economia brasileira - Jornal Fatos e Not\u00edcias<\/title>\n<meta name=\"robots\" content=\"index, follow, max-snippet:-1, max-image-preview:large, max-video-preview:-1\" \/>\n<link rel=\"canonical\" href=\"https:\/\/jornalfatosenoticias.com.br\/index.php\/2020\/05\/08\/estudo-mostra-que-gasto-com-agua-vem-caindo-na-economia-brasileira\/\" \/>\n<meta property=\"og:locale\" content=\"pt_BR\" \/>\n<meta property=\"og:type\" content=\"article\" \/>\n<meta property=\"og:title\" content=\"Estudo mostra que gasto com \u00e1gua vem caindo na economia brasileira - Jornal Fatos e Not\u00edcias\" \/>\n<meta property=\"og:description\" content=\"IBGE e Ag\u00eancia Nacional de \u00c1guas tra\u00e7am o perfil de consumo h\u00eddrico Estudo in\u00e9dito do Instituto Brasileiro de Geografia e Estat\u00edstica (IBGE), em parceria com a Ag\u00eancia Nacional de \u00c1guas (ANA), divulgado ontem (07) mostra qual a disponibilidade dos recursos h\u00eddricos do Pa\u00eds e as demandas de \u00e1gua nos setores da economia em escala nacional.Atrav\u00e9s [&hellip;]\" \/>\n<meta property=\"og:url\" content=\"https:\/\/jornalfatosenoticias.com.br\/index.php\/2020\/05\/08\/estudo-mostra-que-gasto-com-agua-vem-caindo-na-economia-brasileira\/\" \/>\n<meta property=\"og:site_name\" content=\"Jornal Fatos e Not\u00edcias\" \/>\n<meta property=\"article:published_time\" content=\"2020-05-08T16:15:20+00:00\" \/>\n<meta property=\"article:modified_time\" content=\"2020-05-08T16:15:25+00:00\" \/>\n<meta property=\"og:image\" content=\"https:\/\/jornalfatosenoticias.com.br\/wp-content\/uploads\/2020\/05\/gasto-com-agua.jpg\" \/>\n\t<meta property=\"og:image:width\" content=\"1000\" \/>\n\t<meta property=\"og:image:height\" content=\"500\" \/>\n\t<meta property=\"og:image:type\" content=\"image\/jpeg\" \/>\n<meta name=\"author\" content=\"Luzimara Fernandes\" \/>\n<meta name=\"twitter:card\" content=\"summary_large_image\" \/>\n<meta name=\"twitter:label1\" content=\"Escrito por\" \/>\n\t<meta name=\"twitter:data1\" content=\"Luzimara Fernandes\" \/>\n\t<meta name=\"twitter:label2\" content=\"Est. tempo de leitura\" \/>\n\t<meta name=\"twitter:data2\" content=\"3 minutos\" \/>\n<script type=\"application\/ld+json\" class=\"yoast-schema-graph\">{\"@context\":\"https:\/\/schema.org\",\"@graph\":[{\"@type\":\"Article\",\"@id\":\"https:\/\/jornalfatosenoticias.com.br\/index.php\/2020\/05\/08\/estudo-mostra-que-gasto-com-agua-vem-caindo-na-economia-brasileira\/#article\",\"isPartOf\":{\"@id\":\"https:\/\/jornalfatosenoticias.com.br\/index.php\/2020\/05\/08\/estudo-mostra-que-gasto-com-agua-vem-caindo-na-economia-brasileira\/\"},\"author\":{\"name\":\"Luzimara Fernandes\",\"@id\":\"https:\/\/jornalfatosenoticias.com.br\/#\/schema\/person\/d63837fa13ac8666eb9e74e0985d6f81\"},\"headline\":\"Estudo mostra que gasto com \u00e1gua vem caindo na economia brasileira\",\"datePublished\":\"2020-05-08T16:15:20+00:00\",\"dateModified\":\"2020-05-08T16:15:25+00:00\",\"mainEntityOfPage\":{\"@id\":\"https:\/\/jornalfatosenoticias.com.br\/index.php\/2020\/05\/08\/estudo-mostra-que-gasto-com-agua-vem-caindo-na-economia-brasileira\/\"},\"wordCount\":637,\"commentCount\":0,\"publisher\":{\"@id\":\"https:\/\/jornalfatosenoticias.com.br\/#organization\"},\"image\":{\"@id\":\"https:\/\/jornalfatosenoticias.com.br\/index.php\/2020\/05\/08\/estudo-mostra-que-gasto-com-agua-vem-caindo-na-economia-brasileira\/#primaryimage\"},\"thumbnailUrl\":\"https:\/\/jornalfatosenoticias.com.br\/wp-content\/uploads\/2020\/05\/gasto-com-agua.jpg\",\"keywords\":[\"\u00e1gua\",\"IBGE\",\"pesquisa Fiesp\"],\"articleSection\":[\"Economia\"],\"inLanguage\":\"pt-BR\",\"potentialAction\":[{\"@type\":\"CommentAction\",\"name\":\"Comment\",\"target\":[\"https:\/\/jornalfatosenoticias.com.br\/index.php\/2020\/05\/08\/estudo-mostra-que-gasto-com-agua-vem-caindo-na-economia-brasileira\/#respond\"]}]},{\"@type\":\"WebPage\",\"@id\":\"https:\/\/jornalfatosenoticias.com.br\/index.php\/2020\/05\/08\/estudo-mostra-que-gasto-com-agua-vem-caindo-na-economia-brasileira\/\",\"url\":\"https:\/\/jornalfatosenoticias.com.br\/index.php\/2020\/05\/08\/estudo-mostra-que-gasto-com-agua-vem-caindo-na-economia-brasileira\/\",\"name\":\"Estudo mostra que gasto com \u00e1gua vem caindo na economia brasileira - Jornal Fatos e Not\u00edcias\",\"isPartOf\":{\"@id\":\"https:\/\/jornalfatosenoticias.com.br\/#website\"},\"primaryImageOfPage\":{\"@id\":\"https:\/\/jornalfatosenoticias.com.br\/index.php\/2020\/05\/08\/estudo-mostra-que-gasto-com-agua-vem-caindo-na-economia-brasileira\/#primaryimage\"},\"image\":{\"@id\":\"https:\/\/jornalfatosenoticias.com.br\/index.php\/2020\/05\/08\/estudo-mostra-que-gasto-com-agua-vem-caindo-na-economia-brasileira\/#primaryimage\"},\"thumbnailUrl\":\"https:\/\/jornalfatosenoticias.com.br\/wp-content\/uploads\/2020\/05\/gasto-com-agua.jpg\",\"datePublished\":\"2020-05-08T16:15:20+00:00\",\"dateModified\":\"2020-05-08T16:15:25+00:00\",\"breadcrumb\":{\"@id\":\"https:\/\/jornalfatosenoticias.com.br\/index.php\/2020\/05\/08\/estudo-mostra-que-gasto-com-agua-vem-caindo-na-economia-brasileira\/#breadcrumb\"},\"inLanguage\":\"pt-BR\",\"potentialAction\":[{\"@type\":\"ReadAction\",\"target\":[\"https:\/\/jornalfatosenoticias.com.br\/index.php\/2020\/05\/08\/estudo-mostra-que-gasto-com-agua-vem-caindo-na-economia-brasileira\/\"]}]},{\"@type\":\"ImageObject\",\"inLanguage\":\"pt-BR\",\"@id\":\"https:\/\/jornalfatosenoticias.com.br\/index.php\/2020\/05\/08\/estudo-mostra-que-gasto-com-agua-vem-caindo-na-economia-brasileira\/#primaryimage\",\"url\":\"https:\/\/jornalfatosenoticias.com.br\/wp-content\/uploads\/2020\/05\/gasto-com-agua.jpg\",\"contentUrl\":\"https:\/\/jornalfatosenoticias.com.br\/wp-content\/uploads\/2020\/05\/gasto-com-agua.jpg\",\"width\":1000,\"height\":500},{\"@type\":\"BreadcrumbList\",\"@id\":\"https:\/\/jornalfatosenoticias.com.br\/index.php\/2020\/05\/08\/estudo-mostra-que-gasto-com-agua-vem-caindo-na-economia-brasileira\/#breadcrumb\",\"itemListElement\":[{\"@type\":\"ListItem\",\"position\":1,\"name\":\"In\u00edcio\",\"item\":\"https:\/\/jornalfatosenoticias.com.br\/\"},{\"@type\":\"ListItem\",\"position\":2,\"name\":\"Estudo mostra que gasto com \u00e1gua vem caindo na economia brasileira\"}]},{\"@type\":\"WebSite\",\"@id\":\"https:\/\/jornalfatosenoticias.com.br\/#website\",\"url\":\"https:\/\/jornalfatosenoticias.com.br\/\",\"name\":\"Jornal Fatos e Not\u00edcias\",\"description\":\"Not\u00edcias em geral\",\"publisher\":{\"@id\":\"https:\/\/jornalfatosenoticias.com.br\/#organization\"},\"potentialAction\":[{\"@type\":\"SearchAction\",\"target\":{\"@type\":\"EntryPoint\",\"urlTemplate\":\"https:\/\/jornalfatosenoticias.com.br\/?s={search_term_string}\"},\"query-input\":{\"@type\":\"PropertyValueSpecification\",\"valueRequired\":true,\"valueName\":\"search_term_string\"}}],\"inLanguage\":\"pt-BR\"},{\"@type\":\"Organization\",\"@id\":\"https:\/\/jornalfatosenoticias.com.br\/#organization\",\"name\":\"Jornal Fatos e Not\u00edcias\",\"url\":\"https:\/\/jornalfatosenoticias.com.br\/\",\"logo\":{\"@type\":\"ImageObject\",\"inLanguage\":\"pt-BR\",\"@id\":\"https:\/\/jornalfatosenoticias.com.br\/#\/schema\/logo\/image\/\",\"url\":\"https:\/\/jornalfatosenoticias.com.br\/wp-content\/uploads\/2020\/02\/logo120.png\",\"contentUrl\":\"https:\/\/jornalfatosenoticias.com.br\/wp-content\/uploads\/2020\/02\/logo120.png\",\"width\":1227,\"height\":120,\"caption\":\"Jornal Fatos e Not\u00edcias\"},\"image\":{\"@id\":\"https:\/\/jornalfatosenoticias.com.br\/#\/schema\/logo\/image\/\"}},{\"@type\":\"Person\",\"@id\":\"https:\/\/jornalfatosenoticias.com.br\/#\/schema\/person\/d63837fa13ac8666eb9e74e0985d6f81\",\"name\":\"Luzimara Fernandes\",\"image\":{\"@type\":\"ImageObject\",\"inLanguage\":\"pt-BR\",\"@id\":\"https:\/\/jornalfatosenoticias.com.br\/#\/schema\/person\/image\/\",\"url\":\"https:\/\/jornalfatosenoticias.com.br\/wp-content\/uploads\/2025\/05\/EU_portal.jpg\",\"contentUrl\":\"https:\/\/jornalfatosenoticias.com.br\/wp-content\/uploads\/2025\/05\/EU_portal.jpg\",\"caption\":\"Luzimara Fernandes\"},\"description\":\"Jornalista MTB 2358-ES\",\"sameAs\":[\"https:\/\/jornalfatosenoticias.com.br\"],\"url\":\"https:\/\/jornalfatosenoticias.com.br\/index.php\/author\/luzimara\/\"}]}<\/script>\n<!-- \/ Yoast SEO plugin. -->","yoast_head_json":{"title":"Estudo mostra que gasto com \u00e1gua vem caindo na economia brasileira - Jornal Fatos e Not\u00edcias","robots":{"index":"index","follow":"follow","max-snippet":"max-snippet:-1","max-image-preview":"max-image-preview:large","max-video-preview":"max-video-preview:-1"},"canonical":"https:\/\/jornalfatosenoticias.com.br\/index.php\/2020\/05\/08\/estudo-mostra-que-gasto-com-agua-vem-caindo-na-economia-brasileira\/","og_locale":"pt_BR","og_type":"article","og_title":"Estudo mostra que gasto com \u00e1gua vem caindo na economia brasileira - Jornal Fatos e Not\u00edcias","og_description":"IBGE e Ag\u00eancia Nacional de \u00c1guas tra\u00e7am o perfil de consumo h\u00eddrico Estudo in\u00e9dito do Instituto Brasileiro de Geografia e Estat\u00edstica (IBGE), em parceria com a Ag\u00eancia Nacional de \u00c1guas (ANA), divulgado ontem (07) mostra qual a disponibilidade dos recursos h\u00eddricos do Pa\u00eds e as demandas de \u00e1gua nos setores da economia em escala nacional.Atrav\u00e9s [&hellip;]","og_url":"https:\/\/jornalfatosenoticias.com.br\/index.php\/2020\/05\/08\/estudo-mostra-que-gasto-com-agua-vem-caindo-na-economia-brasileira\/","og_site_name":"Jornal Fatos e Not\u00edcias","article_published_time":"2020-05-08T16:15:20+00:00","article_modified_time":"2020-05-08T16:15:25+00:00","og_image":[{"width":1000,"height":500,"url":"https:\/\/jornalfatosenoticias.com.br\/wp-content\/uploads\/2020\/05\/gasto-com-agua.jpg","type":"image\/jpeg"}],"author":"Luzimara Fernandes","twitter_card":"summary_large_image","twitter_misc":{"Escrito por":"Luzimara Fernandes","Est. tempo de leitura":"3 minutos"},"schema":{"@context":"https:\/\/schema.org","@graph":[{"@type":"Article","@id":"https:\/\/jornalfatosenoticias.com.br\/index.php\/2020\/05\/08\/estudo-mostra-que-gasto-com-agua-vem-caindo-na-economia-brasileira\/#article","isPartOf":{"@id":"https:\/\/jornalfatosenoticias.com.br\/index.php\/2020\/05\/08\/estudo-mostra-que-gasto-com-agua-vem-caindo-na-economia-brasileira\/"},"author":{"name":"Luzimara Fernandes","@id":"https:\/\/jornalfatosenoticias.com.br\/#\/schema\/person\/d63837fa13ac8666eb9e74e0985d6f81"},"headline":"Estudo mostra que gasto com \u00e1gua vem caindo na economia brasileira","datePublished":"2020-05-08T16:15:20+00:00","dateModified":"2020-05-08T16:15:25+00:00","mainEntityOfPage":{"@id":"https:\/\/jornalfatosenoticias.com.br\/index.php\/2020\/05\/08\/estudo-mostra-que-gasto-com-agua-vem-caindo-na-economia-brasileira\/"},"wordCount":637,"commentCount":0,"publisher":{"@id":"https:\/\/jornalfatosenoticias.com.br\/#organization"},"image":{"@id":"https:\/\/jornalfatosenoticias.com.br\/index.php\/2020\/05\/08\/estudo-mostra-que-gasto-com-agua-vem-caindo-na-economia-brasileira\/#primaryimage"},"thumbnailUrl":"https:\/\/jornalfatosenoticias.com.br\/wp-content\/uploads\/2020\/05\/gasto-com-agua.jpg","keywords":["\u00e1gua","IBGE","pesquisa Fiesp"],"articleSection":["Economia"],"inLanguage":"pt-BR","potentialAction":[{"@type":"CommentAction","name":"Comment","target":["https:\/\/jornalfatosenoticias.com.br\/index.php\/2020\/05\/08\/estudo-mostra-que-gasto-com-agua-vem-caindo-na-economia-brasileira\/#respond"]}]},{"@type":"WebPage","@id":"https:\/\/jornalfatosenoticias.com.br\/index.php\/2020\/05\/08\/estudo-mostra-que-gasto-com-agua-vem-caindo-na-economia-brasileira\/","url":"https:\/\/jornalfatosenoticias.com.br\/index.php\/2020\/05\/08\/estudo-mostra-que-gasto-com-agua-vem-caindo-na-economia-brasileira\/","name":"Estudo mostra que gasto com \u00e1gua vem caindo na economia brasileira - Jornal Fatos e Not\u00edcias","isPartOf":{"@id":"https:\/\/jornalfatosenoticias.com.br\/#website"},"primaryImageOfPage":{"@id":"https:\/\/jornalfatosenoticias.com.br\/index.php\/2020\/05\/08\/estudo-mostra-que-gasto-com-agua-vem-caindo-na-economia-brasileira\/#primaryimage"},"image":{"@id":"https:\/\/jornalfatosenoticias.com.br\/index.php\/2020\/05\/08\/estudo-mostra-que-gasto-com-agua-vem-caindo-na-economia-brasileira\/#primaryimage"},"thumbnailUrl":"https:\/\/jornalfatosenoticias.com.br\/wp-content\/uploads\/2020\/05\/gasto-com-agua.jpg","datePublished":"2020-05-08T16:15:20+00:00","dateModified":"2020-05-08T16:15:25+00:00","breadcrumb":{"@id":"https:\/\/jornalfatosenoticias.com.br\/index.php\/2020\/05\/08\/estudo-mostra-que-gasto-com-agua-vem-caindo-na-economia-brasileira\/#breadcrumb"},"inLanguage":"pt-BR","potentialAction":[{"@type":"ReadAction","target":["https:\/\/jornalfatosenoticias.com.br\/index.php\/2020\/05\/08\/estudo-mostra-que-gasto-com-agua-vem-caindo-na-economia-brasileira\/"]}]},{"@type":"ImageObject","inLanguage":"pt-BR","@id":"https:\/\/jornalfatosenoticias.com.br\/index.php\/2020\/05\/08\/estudo-mostra-que-gasto-com-agua-vem-caindo-na-economia-brasileira\/#primaryimage","url":"https:\/\/jornalfatosenoticias.com.br\/wp-content\/uploads\/2020\/05\/gasto-com-agua.jpg","contentUrl":"https:\/\/jornalfatosenoticias.com.br\/wp-content\/uploads\/2020\/05\/gasto-com-agua.jpg","width":1000,"height":500},{"@type":"BreadcrumbList","@id":"https:\/\/jornalfatosenoticias.com.br\/index.php\/2020\/05\/08\/estudo-mostra-que-gasto-com-agua-vem-caindo-na-economia-brasileira\/#breadcrumb","itemListElement":[{"@type":"ListItem","position":1,"name":"In\u00edcio","item":"https:\/\/jornalfatosenoticias.com.br\/"},{"@type":"ListItem","position":2,"name":"Estudo mostra que gasto com \u00e1gua vem caindo na economia brasileira"}]},{"@type":"WebSite","@id":"https:\/\/jornalfatosenoticias.com.br\/#website","url":"https:\/\/jornalfatosenoticias.com.br\/","name":"Jornal Fatos e Not\u00edcias","description":"Not\u00edcias em geral","publisher":{"@id":"https:\/\/jornalfatosenoticias.com.br\/#organization"},"potentialAction":[{"@type":"SearchAction","target":{"@type":"EntryPoint","urlTemplate":"https:\/\/jornalfatosenoticias.com.br\/?s={search_term_string}"},"query-input":{"@type":"PropertyValueSpecification","valueRequired":true,"valueName":"search_term_string"}}],"inLanguage":"pt-BR"},{"@type":"Organization","@id":"https:\/\/jornalfatosenoticias.com.br\/#organization","name":"Jornal Fatos e Not\u00edcias","url":"https:\/\/jornalfatosenoticias.com.br\/","logo":{"@type":"ImageObject","inLanguage":"pt-BR","@id":"https:\/\/jornalfatosenoticias.com.br\/#\/schema\/logo\/image\/","url":"https:\/\/jornalfatosenoticias.com.br\/wp-content\/uploads\/2020\/02\/logo120.png","contentUrl":"https:\/\/jornalfatosenoticias.com.br\/wp-content\/uploads\/2020\/02\/logo120.png","width":1227,"height":120,"caption":"Jornal Fatos e Not\u00edcias"},"image":{"@id":"https:\/\/jornalfatosenoticias.com.br\/#\/schema\/logo\/image\/"}},{"@type":"Person","@id":"https:\/\/jornalfatosenoticias.com.br\/#\/schema\/person\/d63837fa13ac8666eb9e74e0985d6f81","name":"Luzimara Fernandes","image":{"@type":"ImageObject","inLanguage":"pt-BR","@id":"https:\/\/jornalfatosenoticias.com.br\/#\/schema\/person\/image\/","url":"https:\/\/jornalfatosenoticias.com.br\/wp-content\/uploads\/2025\/05\/EU_portal.jpg","contentUrl":"https:\/\/jornalfatosenoticias.com.br\/wp-content\/uploads\/2025\/05\/EU_portal.jpg","caption":"Luzimara Fernandes"},"description":"Jornalista MTB 2358-ES","sameAs":["https:\/\/jornalfatosenoticias.com.br"],"url":"https:\/\/jornalfatosenoticias.com.br\/index.php\/author\/luzimara\/"}]}},"cc_featured_image_caption":{"caption_text":"Torneiras (Foto: Katja Just\/Pixabay)\r\n","source_text":"","source_url":""},"jetpack_featured_media_url":"https:\/\/jornalfatosenoticias.com.br\/wp-content\/uploads\/2020\/05\/gasto-com-agua.jpg","_links":{"self":[{"href":"https:\/\/jornalfatosenoticias.com.br\/index.php\/wp-json\/wp\/v2\/posts\/4236","targetHints":{"allow":["GET"]}}],"collection":[{"href":"https:\/\/jornalfatosenoticias.com.br\/index.php\/wp-json\/wp\/v2\/posts"}],"about":[{"href":"https:\/\/jornalfatosenoticias.com.br\/index.php\/wp-json\/wp\/v2\/types\/post"}],"author":[{"embeddable":true,"href":"https:\/\/jornalfatosenoticias.com.br\/index.php\/wp-json\/wp\/v2\/users\/2"}],"replies":[{"embeddable":true,"href":"https:\/\/jornalfatosenoticias.com.br\/index.php\/wp-json\/wp\/v2\/comments?post=4236"}],"version-history":[{"count":0,"href":"https:\/\/jornalfatosenoticias.com.br\/index.php\/wp-json\/wp\/v2\/posts\/4236\/revisions"}],"wp:featuredmedia":[{"embeddable":true,"href":"https:\/\/jornalfatosenoticias.com.br\/index.php\/wp-json\/wp\/v2\/media\/4237"}],"wp:attachment":[{"href":"https:\/\/jornalfatosenoticias.com.br\/index.php\/wp-json\/wp\/v2\/media?parent=4236"}],"wp:term":[{"taxonomy":"category","embeddable":true,"href":"https:\/\/jornalfatosenoticias.com.br\/index.php\/wp-json\/wp\/v2\/categories?post=4236"},{"taxonomy":"post_tag","embeddable":true,"href":"https:\/\/jornalfatosenoticias.com.br\/index.php\/wp-json\/wp\/v2\/tags?post=4236"}],"curies":[{"name":"wp","href":"https:\/\/api.w.org\/{rel}","templated":true}]}}