{"id":4239,"date":"2020-05-08T13:21:14","date_gmt":"2020-05-08T16:21:14","guid":{"rendered":"https:\/\/jornalfatosenoticias.com.br\/?p=4239"},"modified":"2020-05-08T13:21:21","modified_gmt":"2020-05-08T16:21:21","slug":"brasileiro-critica-estrategia-de-preservacao-de-florestas-na-science","status":"publish","type":"post","link":"https:\/\/jornalfatosenoticias.com.br\/index.php\/2020\/05\/08\/brasileiro-critica-estrategia-de-preservacao-de-florestas-na-science\/","title":{"rendered":"Brasileiro critica estrat\u00e9gia de preserva\u00e7\u00e3o de florestas na &#8216;Science&#8217;"},"content":{"rendered":"\n<h6 class=\"wp-block-heading\"><em>Em artigo, pesquisadores mostram como uma pol\u00edtica ambiental baseada apenas no plantio de \u00e1rvores n\u00e3o \u00e9 o bastante para mitigar os efeitos das mudan\u00e7as clim\u00e1ticas<\/em><\/h6>\n\n\n\n<p>A promo\u00e7\u00e3o global do plantio de \u00e1rvores pode n\u00e3o ser a solu\u00e7\u00e3o para problemas ambientais complexos, segundo cr\u00edtica de pesquisadores publicada em artigo de perspectiva na revista Science em 7 de maio. Os pesquisadores Pedro Brancalion, do Departamento de Ci\u00eancias Florestais da Escola Superior de Agricultura Luiz de Queiroz (Esalq), da Universidade de S\u00e3o Paulo (USP), e Karen Holl, da Universidade da Calif\u00f3rnia, em Santa Cruz, Estados Unidos, endossam os benef\u00edcios trazidos pelas \u00e1rvores, mas advertem que reduzir o desmatamento e a degrada\u00e7\u00e3o florestal pode ser uma solu\u00e7\u00e3o mais eficiente, barata e ecol\u00f3gica do que plantar \u00e1rvores.<br>Brancalion contesta a vis\u00e3o de que o plantio de \u00e1rvores \u00e9 sempre bom e necess\u00e1rio para resolver problemas ambientais. \u201cNem sempre, plantar \u00e1rvores \u00e9 a melhor solu\u00e7\u00e3o para um determinado problema ambiental, havendo um conjunto bem mais amplo de op\u00e7\u00f5es que devem ser consideradas\u201d, explica ele, que \u00e9 especialista na restaura\u00e7\u00e3o de florestas tropicais e vice-coordenador do Pacto pela Restaura\u00e7\u00e3o da Mata Atl\u00e2ntica. O plantio de \u00e1rvores compensa apenas cerca de \u2153 das emiss\u00f5es de gases de efeito estufa. Por isso, para mitigar os efeitos das mudan\u00e7as clim\u00e1ticas seria preciso adotar uma estrat\u00e9gia multifacetada, atuando tamb\u00e9m na prote\u00e7\u00e3o das florestas existentes e na redu\u00e7\u00e3o dr\u00e1stica da emiss\u00e3o de gases de efeito estufa.<br>Segundo os pesquisadores, a prote\u00e7\u00e3o de florestas existentes \u00e9 um dos fatores que determinam o sucesso do plantio de \u00e1rvores. Ao comentar o plano ambicioso de reflorestamento anunciado pelos pa\u00edses do G7 em 2019 para compensar o crescimento do desmatamento e das queimadas na Amaz\u00f4nia, Pedro avalia que ele \u201cseria in\u00f3cuo j\u00e1 que esses problemas decorrem da inoper\u00e2ncia da fiscaliza\u00e7\u00e3o ambiental e n\u00e3o seriam resolvidos apenas com o plantio de novas \u00e1rvores\u201d.<br>Os pesquisadores destacam que plantar \u00e1rvores pode ajudar a biodiversidade, melhorar a qualidade da \u00e1gua e sequestrar carbono. Mas, dependendo de onde e como as \u00e1rvores s\u00e3o plantadas, essa atividade pode ser danosa e reduzir o suprimento de \u00e1gua em campos e cerrados nativos, onde o ecossistema nativo n\u00e3o \u00e9 florestal. Por isso, o planejamento de longo prazo se torna uma etapa essencial nas iniciativas de plantio de \u00e1rvores em larga escala.<br>De acordo com Brancalion, o planejamento precisa levar em conta \u201co envolvimento social e a integra\u00e7\u00e3o das \u00e1rvores com outros usos do solo\u201d. Equilibrar objetivos sociais e ecol\u00f3gicos e coordenar e monitorar \u00e1reas de plantio de \u00e1rvores tamb\u00e9m s\u00e3o recomenda\u00e7\u00f5es levantadas pelos pesquisadores no artigo. Eles alertam que apenas plantar \u00e1rvores n\u00e3o garante que elas sobreviver\u00e3o. Uma an\u00e1lise dos esfor\u00e7os de restaura\u00e7\u00e3o florestal no Sri Lanka ap\u00f3s o tsunami de 2004 mostrou que menos de 10% das \u00e1rvores sobreviveram, em 75% dos locais, observam. Por isso, seria preciso investir num esfor\u00e7o coletivo de preserva\u00e7\u00e3o destas \u00e1rvores, com integra\u00e7\u00e3o de governos, sociedade civil organizada e produtores rurais.<\/p>\n\n\n\n<p><strong><em>Fonte: <a href=\"https:\/\/revistagalileu.globo.com\/Ciencia\/Meio-Ambiente\/noticia\/2020\/05\/brasileiro-critica-estrategia-de-preservacao-de-florestas-na-science.html\">Revista Galileu<\/a><\/em><\/strong><\/p>\n","protected":false},"excerpt":{"rendered":"<p>Em artigo, pesquisadores mostram como uma pol\u00edtica ambiental baseada apenas no plantio de \u00e1rvores n\u00e3o \u00e9 o bastante para mitigar os efeitos das mudan\u00e7as clim\u00e1ticas A promo\u00e7\u00e3o global do plantio de \u00e1rvores pode n\u00e3o ser a solu\u00e7\u00e3o para problemas ambientais complexos, segundo cr\u00edtica de pesquisadores publicada em artigo de perspectiva na revista Science em 7 [&hellip;]<\/p>\n","protected":false},"author":2,"featured_media":4240,"comment_status":"open","ping_status":"open","sticky":false,"template":"","format":"standard","meta":{"footnotes":""},"categories":[8],"tags":[781,2494,1844,258,2495],"class_list":["post-4239","post","type-post","status-publish","format-standard","has-post-thumbnail","hentry","category-meio-ambiente","tag-arvores","tag-degradacao-florestal","tag-desmatamento","tag-mata-atlantica","tag-plantio"],"yoast_head":"<!-- This site is optimized with the Yoast SEO plugin v26.5 - https:\/\/yoast.com\/wordpress\/plugins\/seo\/ -->\n<title>Brasileiro critica estrat\u00e9gia de preserva\u00e7\u00e3o de florestas na &#039;Science&#039; - Jornal Fatos e Not\u00edcias<\/title>\n<meta name=\"robots\" content=\"index, follow, max-snippet:-1, max-image-preview:large, max-video-preview:-1\" \/>\n<link rel=\"canonical\" href=\"https:\/\/jornalfatosenoticias.com.br\/index.php\/2020\/05\/08\/brasileiro-critica-estrategia-de-preservacao-de-florestas-na-science\/\" \/>\n<meta property=\"og:locale\" content=\"pt_BR\" \/>\n<meta property=\"og:type\" content=\"article\" \/>\n<meta property=\"og:title\" content=\"Brasileiro critica estrat\u00e9gia de preserva\u00e7\u00e3o de florestas na &#039;Science&#039; - Jornal Fatos e Not\u00edcias\" \/>\n<meta property=\"og:description\" content=\"Em artigo, pesquisadores mostram como uma pol\u00edtica ambiental baseada apenas no plantio de \u00e1rvores n\u00e3o \u00e9 o bastante para mitigar os efeitos das mudan\u00e7as clim\u00e1ticas A promo\u00e7\u00e3o global do plantio de \u00e1rvores pode n\u00e3o ser a solu\u00e7\u00e3o para problemas ambientais complexos, segundo cr\u00edtica de pesquisadores publicada em artigo de perspectiva na revista Science em 7 [&hellip;]\" \/>\n<meta property=\"og:url\" content=\"https:\/\/jornalfatosenoticias.com.br\/index.php\/2020\/05\/08\/brasileiro-critica-estrategia-de-preservacao-de-florestas-na-science\/\" \/>\n<meta property=\"og:site_name\" content=\"Jornal Fatos e Not\u00edcias\" \/>\n<meta property=\"article:published_time\" content=\"2020-05-08T16:21:14+00:00\" \/>\n<meta property=\"article:modified_time\" content=\"2020-05-08T16:21:21+00:00\" \/>\n<meta property=\"og:image\" content=\"https:\/\/jornalfatosenoticias.com.br\/wp-content\/uploads\/2020\/05\/plantio-de-arvores.jpg\" \/>\n\t<meta property=\"og:image:width\" content=\"1000\" \/>\n\t<meta property=\"og:image:height\" content=\"666\" \/>\n\t<meta property=\"og:image:type\" content=\"image\/jpeg\" \/>\n<meta name=\"author\" content=\"Luzimara Fernandes\" \/>\n<meta name=\"twitter:card\" content=\"summary_large_image\" \/>\n<meta name=\"twitter:label1\" content=\"Escrito por\" \/>\n\t<meta name=\"twitter:data1\" content=\"Luzimara Fernandes\" \/>\n\t<meta name=\"twitter:label2\" content=\"Est. tempo de leitura\" \/>\n\t<meta name=\"twitter:data2\" content=\"3 minutos\" \/>\n<script type=\"application\/ld+json\" class=\"yoast-schema-graph\">{\"@context\":\"https:\/\/schema.org\",\"@graph\":[{\"@type\":\"Article\",\"@id\":\"https:\/\/jornalfatosenoticias.com.br\/index.php\/2020\/05\/08\/brasileiro-critica-estrategia-de-preservacao-de-florestas-na-science\/#article\",\"isPartOf\":{\"@id\":\"https:\/\/jornalfatosenoticias.com.br\/index.php\/2020\/05\/08\/brasileiro-critica-estrategia-de-preservacao-de-florestas-na-science\/\"},\"author\":{\"name\":\"Luzimara Fernandes\",\"@id\":\"https:\/\/jornalfatosenoticias.com.br\/#\/schema\/person\/d63837fa13ac8666eb9e74e0985d6f81\"},\"headline\":\"Brasileiro critica estrat\u00e9gia de preserva\u00e7\u00e3o de florestas na &#8216;Science&#8217;\",\"datePublished\":\"2020-05-08T16:21:14+00:00\",\"dateModified\":\"2020-05-08T16:21:21+00:00\",\"mainEntityOfPage\":{\"@id\":\"https:\/\/jornalfatosenoticias.com.br\/index.php\/2020\/05\/08\/brasileiro-critica-estrategia-de-preservacao-de-florestas-na-science\/\"},\"wordCount\":540,\"commentCount\":0,\"publisher\":{\"@id\":\"https:\/\/jornalfatosenoticias.com.br\/#organization\"},\"image\":{\"@id\":\"https:\/\/jornalfatosenoticias.com.br\/index.php\/2020\/05\/08\/brasileiro-critica-estrategia-de-preservacao-de-florestas-na-science\/#primaryimage\"},\"thumbnailUrl\":\"https:\/\/jornalfatosenoticias.com.br\/wp-content\/uploads\/2020\/05\/plantio-de-arvores.jpg\",\"keywords\":[\"\u00e1rvores\",\"degrada\u00e7\u00e3o florestal\",\"desmatamento\",\"mata atl\u00e2ntica\",\"plantio\"],\"articleSection\":[\"Meio ambiente\"],\"inLanguage\":\"pt-BR\",\"potentialAction\":[{\"@type\":\"CommentAction\",\"name\":\"Comment\",\"target\":[\"https:\/\/jornalfatosenoticias.com.br\/index.php\/2020\/05\/08\/brasileiro-critica-estrategia-de-preservacao-de-florestas-na-science\/#respond\"]}]},{\"@type\":\"WebPage\",\"@id\":\"https:\/\/jornalfatosenoticias.com.br\/index.php\/2020\/05\/08\/brasileiro-critica-estrategia-de-preservacao-de-florestas-na-science\/\",\"url\":\"https:\/\/jornalfatosenoticias.com.br\/index.php\/2020\/05\/08\/brasileiro-critica-estrategia-de-preservacao-de-florestas-na-science\/\",\"name\":\"Brasileiro critica estrat\u00e9gia de preserva\u00e7\u00e3o de florestas na 'Science' - Jornal Fatos e Not\u00edcias\",\"isPartOf\":{\"@id\":\"https:\/\/jornalfatosenoticias.com.br\/#website\"},\"primaryImageOfPage\":{\"@id\":\"https:\/\/jornalfatosenoticias.com.br\/index.php\/2020\/05\/08\/brasileiro-critica-estrategia-de-preservacao-de-florestas-na-science\/#primaryimage\"},\"image\":{\"@id\":\"https:\/\/jornalfatosenoticias.com.br\/index.php\/2020\/05\/08\/brasileiro-critica-estrategia-de-preservacao-de-florestas-na-science\/#primaryimage\"},\"thumbnailUrl\":\"https:\/\/jornalfatosenoticias.com.br\/wp-content\/uploads\/2020\/05\/plantio-de-arvores.jpg\",\"datePublished\":\"2020-05-08T16:21:14+00:00\",\"dateModified\":\"2020-05-08T16:21:21+00:00\",\"breadcrumb\":{\"@id\":\"https:\/\/jornalfatosenoticias.com.br\/index.php\/2020\/05\/08\/brasileiro-critica-estrategia-de-preservacao-de-florestas-na-science\/#breadcrumb\"},\"inLanguage\":\"pt-BR\",\"potentialAction\":[{\"@type\":\"ReadAction\",\"target\":[\"https:\/\/jornalfatosenoticias.com.br\/index.php\/2020\/05\/08\/brasileiro-critica-estrategia-de-preservacao-de-florestas-na-science\/\"]}]},{\"@type\":\"ImageObject\",\"inLanguage\":\"pt-BR\",\"@id\":\"https:\/\/jornalfatosenoticias.com.br\/index.php\/2020\/05\/08\/brasileiro-critica-estrategia-de-preservacao-de-florestas-na-science\/#primaryimage\",\"url\":\"https:\/\/jornalfatosenoticias.com.br\/wp-content\/uploads\/2020\/05\/plantio-de-arvores.jpg\",\"contentUrl\":\"https:\/\/jornalfatosenoticias.com.br\/wp-content\/uploads\/2020\/05\/plantio-de-arvores.jpg\",\"width\":1000,\"height\":666},{\"@type\":\"BreadcrumbList\",\"@id\":\"https:\/\/jornalfatosenoticias.com.br\/index.php\/2020\/05\/08\/brasileiro-critica-estrategia-de-preservacao-de-florestas-na-science\/#breadcrumb\",\"itemListElement\":[{\"@type\":\"ListItem\",\"position\":1,\"name\":\"In\u00edcio\",\"item\":\"https:\/\/jornalfatosenoticias.com.br\/\"},{\"@type\":\"ListItem\",\"position\":2,\"name\":\"Brasileiro critica estrat\u00e9gia de preserva\u00e7\u00e3o de florestas na &#8216;Science&#8217;\"}]},{\"@type\":\"WebSite\",\"@id\":\"https:\/\/jornalfatosenoticias.com.br\/#website\",\"url\":\"https:\/\/jornalfatosenoticias.com.br\/\",\"name\":\"Jornal Fatos e Not\u00edcias\",\"description\":\"Not\u00edcias em geral\",\"publisher\":{\"@id\":\"https:\/\/jornalfatosenoticias.com.br\/#organization\"},\"potentialAction\":[{\"@type\":\"SearchAction\",\"target\":{\"@type\":\"EntryPoint\",\"urlTemplate\":\"https:\/\/jornalfatosenoticias.com.br\/?s={search_term_string}\"},\"query-input\":{\"@type\":\"PropertyValueSpecification\",\"valueRequired\":true,\"valueName\":\"search_term_string\"}}],\"inLanguage\":\"pt-BR\"},{\"@type\":\"Organization\",\"@id\":\"https:\/\/jornalfatosenoticias.com.br\/#organization\",\"name\":\"Jornal Fatos e Not\u00edcias\",\"url\":\"https:\/\/jornalfatosenoticias.com.br\/\",\"logo\":{\"@type\":\"ImageObject\",\"inLanguage\":\"pt-BR\",\"@id\":\"https:\/\/jornalfatosenoticias.com.br\/#\/schema\/logo\/image\/\",\"url\":\"https:\/\/jornalfatosenoticias.com.br\/wp-content\/uploads\/2020\/02\/logo120.png\",\"contentUrl\":\"https:\/\/jornalfatosenoticias.com.br\/wp-content\/uploads\/2020\/02\/logo120.png\",\"width\":1227,\"height\":120,\"caption\":\"Jornal Fatos e Not\u00edcias\"},\"image\":{\"@id\":\"https:\/\/jornalfatosenoticias.com.br\/#\/schema\/logo\/image\/\"}},{\"@type\":\"Person\",\"@id\":\"https:\/\/jornalfatosenoticias.com.br\/#\/schema\/person\/d63837fa13ac8666eb9e74e0985d6f81\",\"name\":\"Luzimara Fernandes\",\"image\":{\"@type\":\"ImageObject\",\"inLanguage\":\"pt-BR\",\"@id\":\"https:\/\/jornalfatosenoticias.com.br\/#\/schema\/person\/image\/\",\"url\":\"https:\/\/jornalfatosenoticias.com.br\/wp-content\/uploads\/2025\/05\/EU_portal.jpg\",\"contentUrl\":\"https:\/\/jornalfatosenoticias.com.br\/wp-content\/uploads\/2025\/05\/EU_portal.jpg\",\"caption\":\"Luzimara Fernandes\"},\"description\":\"Jornalista MTB 2358-ES\",\"sameAs\":[\"https:\/\/jornalfatosenoticias.com.br\"],\"url\":\"https:\/\/jornalfatosenoticias.com.br\/index.php\/author\/luzimara\/\"}]}<\/script>\n<!-- \/ Yoast SEO plugin. -->","yoast_head_json":{"title":"Brasileiro critica estrat\u00e9gia de preserva\u00e7\u00e3o de florestas na 'Science' - Jornal Fatos e Not\u00edcias","robots":{"index":"index","follow":"follow","max-snippet":"max-snippet:-1","max-image-preview":"max-image-preview:large","max-video-preview":"max-video-preview:-1"},"canonical":"https:\/\/jornalfatosenoticias.com.br\/index.php\/2020\/05\/08\/brasileiro-critica-estrategia-de-preservacao-de-florestas-na-science\/","og_locale":"pt_BR","og_type":"article","og_title":"Brasileiro critica estrat\u00e9gia de preserva\u00e7\u00e3o de florestas na 'Science' - Jornal Fatos e Not\u00edcias","og_description":"Em artigo, pesquisadores mostram como uma pol\u00edtica ambiental baseada apenas no plantio de \u00e1rvores n\u00e3o \u00e9 o bastante para mitigar os efeitos das mudan\u00e7as clim\u00e1ticas A promo\u00e7\u00e3o global do plantio de \u00e1rvores pode n\u00e3o ser a solu\u00e7\u00e3o para problemas ambientais complexos, segundo cr\u00edtica de pesquisadores publicada em artigo de perspectiva na revista Science em 7 [&hellip;]","og_url":"https:\/\/jornalfatosenoticias.com.br\/index.php\/2020\/05\/08\/brasileiro-critica-estrategia-de-preservacao-de-florestas-na-science\/","og_site_name":"Jornal Fatos e Not\u00edcias","article_published_time":"2020-05-08T16:21:14+00:00","article_modified_time":"2020-05-08T16:21:21+00:00","og_image":[{"width":1000,"height":666,"url":"https:\/\/jornalfatosenoticias.com.br\/wp-content\/uploads\/2020\/05\/plantio-de-arvores.jpg","type":"image\/jpeg"}],"author":"Luzimara Fernandes","twitter_card":"summary_large_image","twitter_misc":{"Escrito por":"Luzimara Fernandes","Est. tempo de leitura":"3 minutos"},"schema":{"@context":"https:\/\/schema.org","@graph":[{"@type":"Article","@id":"https:\/\/jornalfatosenoticias.com.br\/index.php\/2020\/05\/08\/brasileiro-critica-estrategia-de-preservacao-de-florestas-na-science\/#article","isPartOf":{"@id":"https:\/\/jornalfatosenoticias.com.br\/index.php\/2020\/05\/08\/brasileiro-critica-estrategia-de-preservacao-de-florestas-na-science\/"},"author":{"name":"Luzimara Fernandes","@id":"https:\/\/jornalfatosenoticias.com.br\/#\/schema\/person\/d63837fa13ac8666eb9e74e0985d6f81"},"headline":"Brasileiro critica estrat\u00e9gia de preserva\u00e7\u00e3o de florestas na &#8216;Science&#8217;","datePublished":"2020-05-08T16:21:14+00:00","dateModified":"2020-05-08T16:21:21+00:00","mainEntityOfPage":{"@id":"https:\/\/jornalfatosenoticias.com.br\/index.php\/2020\/05\/08\/brasileiro-critica-estrategia-de-preservacao-de-florestas-na-science\/"},"wordCount":540,"commentCount":0,"publisher":{"@id":"https:\/\/jornalfatosenoticias.com.br\/#organization"},"image":{"@id":"https:\/\/jornalfatosenoticias.com.br\/index.php\/2020\/05\/08\/brasileiro-critica-estrategia-de-preservacao-de-florestas-na-science\/#primaryimage"},"thumbnailUrl":"https:\/\/jornalfatosenoticias.com.br\/wp-content\/uploads\/2020\/05\/plantio-de-arvores.jpg","keywords":["\u00e1rvores","degrada\u00e7\u00e3o florestal","desmatamento","mata atl\u00e2ntica","plantio"],"articleSection":["Meio ambiente"],"inLanguage":"pt-BR","potentialAction":[{"@type":"CommentAction","name":"Comment","target":["https:\/\/jornalfatosenoticias.com.br\/index.php\/2020\/05\/08\/brasileiro-critica-estrategia-de-preservacao-de-florestas-na-science\/#respond"]}]},{"@type":"WebPage","@id":"https:\/\/jornalfatosenoticias.com.br\/index.php\/2020\/05\/08\/brasileiro-critica-estrategia-de-preservacao-de-florestas-na-science\/","url":"https:\/\/jornalfatosenoticias.com.br\/index.php\/2020\/05\/08\/brasileiro-critica-estrategia-de-preservacao-de-florestas-na-science\/","name":"Brasileiro critica estrat\u00e9gia de preserva\u00e7\u00e3o de florestas na 'Science' - Jornal Fatos e Not\u00edcias","isPartOf":{"@id":"https:\/\/jornalfatosenoticias.com.br\/#website"},"primaryImageOfPage":{"@id":"https:\/\/jornalfatosenoticias.com.br\/index.php\/2020\/05\/08\/brasileiro-critica-estrategia-de-preservacao-de-florestas-na-science\/#primaryimage"},"image":{"@id":"https:\/\/jornalfatosenoticias.com.br\/index.php\/2020\/05\/08\/brasileiro-critica-estrategia-de-preservacao-de-florestas-na-science\/#primaryimage"},"thumbnailUrl":"https:\/\/jornalfatosenoticias.com.br\/wp-content\/uploads\/2020\/05\/plantio-de-arvores.jpg","datePublished":"2020-05-08T16:21:14+00:00","dateModified":"2020-05-08T16:21:21+00:00","breadcrumb":{"@id":"https:\/\/jornalfatosenoticias.com.br\/index.php\/2020\/05\/08\/brasileiro-critica-estrategia-de-preservacao-de-florestas-na-science\/#breadcrumb"},"inLanguage":"pt-BR","potentialAction":[{"@type":"ReadAction","target":["https:\/\/jornalfatosenoticias.com.br\/index.php\/2020\/05\/08\/brasileiro-critica-estrategia-de-preservacao-de-florestas-na-science\/"]}]},{"@type":"ImageObject","inLanguage":"pt-BR","@id":"https:\/\/jornalfatosenoticias.com.br\/index.php\/2020\/05\/08\/brasileiro-critica-estrategia-de-preservacao-de-florestas-na-science\/#primaryimage","url":"https:\/\/jornalfatosenoticias.com.br\/wp-content\/uploads\/2020\/05\/plantio-de-arvores.jpg","contentUrl":"https:\/\/jornalfatosenoticias.com.br\/wp-content\/uploads\/2020\/05\/plantio-de-arvores.jpg","width":1000,"height":666},{"@type":"BreadcrumbList","@id":"https:\/\/jornalfatosenoticias.com.br\/index.php\/2020\/05\/08\/brasileiro-critica-estrategia-de-preservacao-de-florestas-na-science\/#breadcrumb","itemListElement":[{"@type":"ListItem","position":1,"name":"In\u00edcio","item":"https:\/\/jornalfatosenoticias.com.br\/"},{"@type":"ListItem","position":2,"name":"Brasileiro critica estrat\u00e9gia de preserva\u00e7\u00e3o de florestas na &#8216;Science&#8217;"}]},{"@type":"WebSite","@id":"https:\/\/jornalfatosenoticias.com.br\/#website","url":"https:\/\/jornalfatosenoticias.com.br\/","name":"Jornal Fatos e Not\u00edcias","description":"Not\u00edcias em geral","publisher":{"@id":"https:\/\/jornalfatosenoticias.com.br\/#organization"},"potentialAction":[{"@type":"SearchAction","target":{"@type":"EntryPoint","urlTemplate":"https:\/\/jornalfatosenoticias.com.br\/?s={search_term_string}"},"query-input":{"@type":"PropertyValueSpecification","valueRequired":true,"valueName":"search_term_string"}}],"inLanguage":"pt-BR"},{"@type":"Organization","@id":"https:\/\/jornalfatosenoticias.com.br\/#organization","name":"Jornal Fatos e Not\u00edcias","url":"https:\/\/jornalfatosenoticias.com.br\/","logo":{"@type":"ImageObject","inLanguage":"pt-BR","@id":"https:\/\/jornalfatosenoticias.com.br\/#\/schema\/logo\/image\/","url":"https:\/\/jornalfatosenoticias.com.br\/wp-content\/uploads\/2020\/02\/logo120.png","contentUrl":"https:\/\/jornalfatosenoticias.com.br\/wp-content\/uploads\/2020\/02\/logo120.png","width":1227,"height":120,"caption":"Jornal Fatos e Not\u00edcias"},"image":{"@id":"https:\/\/jornalfatosenoticias.com.br\/#\/schema\/logo\/image\/"}},{"@type":"Person","@id":"https:\/\/jornalfatosenoticias.com.br\/#\/schema\/person\/d63837fa13ac8666eb9e74e0985d6f81","name":"Luzimara Fernandes","image":{"@type":"ImageObject","inLanguage":"pt-BR","@id":"https:\/\/jornalfatosenoticias.com.br\/#\/schema\/person\/image\/","url":"https:\/\/jornalfatosenoticias.com.br\/wp-content\/uploads\/2025\/05\/EU_portal.jpg","contentUrl":"https:\/\/jornalfatosenoticias.com.br\/wp-content\/uploads\/2025\/05\/EU_portal.jpg","caption":"Luzimara Fernandes"},"description":"Jornalista MTB 2358-ES","sameAs":["https:\/\/jornalfatosenoticias.com.br"],"url":"https:\/\/jornalfatosenoticias.com.br\/index.php\/author\/luzimara\/"}]}},"cc_featured_image_caption":{"caption_text":"\u00c1rvores (Foto: Rudolf Jakkel\/Pexels)","source_text":"","source_url":""},"jetpack_featured_media_url":"https:\/\/jornalfatosenoticias.com.br\/wp-content\/uploads\/2020\/05\/plantio-de-arvores.jpg","_links":{"self":[{"href":"https:\/\/jornalfatosenoticias.com.br\/index.php\/wp-json\/wp\/v2\/posts\/4239","targetHints":{"allow":["GET"]}}],"collection":[{"href":"https:\/\/jornalfatosenoticias.com.br\/index.php\/wp-json\/wp\/v2\/posts"}],"about":[{"href":"https:\/\/jornalfatosenoticias.com.br\/index.php\/wp-json\/wp\/v2\/types\/post"}],"author":[{"embeddable":true,"href":"https:\/\/jornalfatosenoticias.com.br\/index.php\/wp-json\/wp\/v2\/users\/2"}],"replies":[{"embeddable":true,"href":"https:\/\/jornalfatosenoticias.com.br\/index.php\/wp-json\/wp\/v2\/comments?post=4239"}],"version-history":[{"count":0,"href":"https:\/\/jornalfatosenoticias.com.br\/index.php\/wp-json\/wp\/v2\/posts\/4239\/revisions"}],"wp:featuredmedia":[{"embeddable":true,"href":"https:\/\/jornalfatosenoticias.com.br\/index.php\/wp-json\/wp\/v2\/media\/4240"}],"wp:attachment":[{"href":"https:\/\/jornalfatosenoticias.com.br\/index.php\/wp-json\/wp\/v2\/media?parent=4239"}],"wp:term":[{"taxonomy":"category","embeddable":true,"href":"https:\/\/jornalfatosenoticias.com.br\/index.php\/wp-json\/wp\/v2\/categories?post=4239"},{"taxonomy":"post_tag","embeddable":true,"href":"https:\/\/jornalfatosenoticias.com.br\/index.php\/wp-json\/wp\/v2\/tags?post=4239"}],"curies":[{"name":"wp","href":"https:\/\/api.w.org\/{rel}","templated":true}]}}