{"id":42394,"date":"2023-06-14T11:13:10","date_gmt":"2023-06-14T14:13:10","guid":{"rendered":"https:\/\/jornalfatosenoticias.com.br\/?p=42394"},"modified":"2023-06-14T11:13:12","modified_gmt":"2023-06-14T14:13:12","slug":"vaquita-a-beira-da-extincao-farois-de-esperanca-para-o-mamifero-marinho-mais-raro-do-mundo","status":"publish","type":"post","link":"https:\/\/jornalfatosenoticias.com.br\/index.php\/2023\/06\/14\/vaquita-a-beira-da-extincao-farois-de-esperanca-para-o-mamifero-marinho-mais-raro-do-mundo\/","title":{"rendered":"Vaquita \u00e0 beira da extin\u00e7\u00e3o: far\u00f3is de esperan\u00e7a para o mam\u00edfero marinho mais raro do mundo"},"content":{"rendered":"\n<p><em><span class=\"has-inline-color has-black-color\">Por <strong>Francesca Capozzi<\/strong><\/span><\/em><\/p>\n\n\n\n<div class=\"wp-block-image\"><figure class=\"aligncenter size-large\"><img loading=\"lazy\" decoding=\"async\" width=\"1024\" height=\"110\" src=\"https:\/\/jornalfatosenoticias.com.br\/wp-content\/uploads\/2023\/03\/Crypton-1120-\u00d7-120-px-1-1024x110.png\" alt=\"\" class=\"wp-image-39211\" srcset=\"https:\/\/jornalfatosenoticias.com.br\/wp-content\/uploads\/2023\/03\/Crypton-1120-\u00d7-120-px-1-1024x110.png 1024w, https:\/\/jornalfatosenoticias.com.br\/wp-content\/uploads\/2023\/03\/Crypton-1120-\u00d7-120-px-1-300x32.png 300w, https:\/\/jornalfatosenoticias.com.br\/wp-content\/uploads\/2023\/03\/Crypton-1120-\u00d7-120-px-1-768x82.png 768w, https:\/\/jornalfatosenoticias.com.br\/wp-content\/uploads\/2023\/03\/Crypton-1120-\u00d7-120-px-1.png 1120w\" sizes=\"auto, (max-width: 1024px) 100vw, 1024px\" \/><\/figure><\/div>\n\n\n\n<p>\u00c9 o<strong> <a href=\"https:\/\/www.iucnredlist.org\/species\/17028\/214541137\" target=\"_blank\" rel=\"noreferrer noopener\">mam\u00edfero marinho mais amea\u00e7ado do mundo<\/a><\/strong>\u00a0e os esfor\u00e7os exaustivos para proteger a esp\u00e9cie est\u00e3o valendo a pena.\u00a0A vaquita,\u00a0<em>Phocoena sinus<\/em> ou boto do Golfo do M\u00e9xico ainda est\u00e1 conosco e as not\u00edcias s\u00e3o nada menos que incr\u00edveis. Um estudo cient\u00edfico mostrou no ano passado que poder\u00edamos salvar <strong>os \u00faltimos 10 esp\u00e9cimes restantes nas \u00e1guas do nosso planeta<\/strong> e parece que estamos fazendo isso da maneira certa. Os resultados da Pesquisa Vaquita de 2023 provam isso.<\/p>\n\n\n\n<div class=\"wp-block-image\"><figure class=\"aligncenter size-large is-resized\"><img loading=\"lazy\" decoding=\"async\" src=\"https:\/\/jornalfatosenoticias.com.br\/wp-content\/uploads\/2022\/07\/Logo-Grupo-SEI.jpg\" alt=\"\" class=\"wp-image-31973\" width=\"277\" height=\"145\" srcset=\"https:\/\/jornalfatosenoticias.com.br\/wp-content\/uploads\/2022\/07\/Logo-Grupo-SEI.jpg 713w, https:\/\/jornalfatosenoticias.com.br\/wp-content\/uploads\/2022\/07\/Logo-Grupo-SEI-300x158.jpg 300w\" sizes=\"auto, (max-width: 277px) 100vw, 277px\" \/><\/figure><\/div>\n\n\n\n<p>O relat\u00f3rio divulgado recentemente confirmou a presen\u00e7a de 10 a 13 vaquitas no M\u00e9xico, incluindo um filhote rec\u00e9m-nascido. Isso significa que o <strong>n\u00famero de esp\u00e9cimes avistados permaneceu est\u00e1vel<\/strong> desde as \u00faltimas expedi\u00e7\u00f5es de pesquisa de 2019 e 2021. Para pesquisadores, bi\u00f3logos e ativistas marinhos, este \u00e9 um primeiro passo muito importante para salvar a vaquita do precip\u00edcio, embora seja uma vit\u00f3ria inicial.<\/p>\n\n\n\n<div class=\"wp-block-image\"><figure class=\"aligncenter size-large is-resized\"><img loading=\"lazy\" decoding=\"async\" src=\"https:\/\/jornalfatosenoticias.com.br\/wp-content\/uploads\/2022\/02\/Precisao-Contabilidade-1024x724.jpg\" alt=\"\" class=\"wp-image-28088\" width=\"278\" height=\"197\"\/><\/figure><\/div>\n\n\n\n<blockquote class=\"wp-block-quote is-layout-flow wp-block-quote-is-layout-flow\"><p><span class=\"has-inline-color has-luminous-vivid-orange-color\">Esta pesquisa revelou o maior sucesso de conserva\u00e7\u00e3o das vaquitas em meus 30 anos de trabalho para conservar esta esp\u00e9cie\u201d, disse a Dra. Barbara Taylor, l\u00edder da pesquisa. <\/span><\/p><\/blockquote>\n\n\n\n<div class=\"wp-block-image\"><figure class=\"aligncenter size-large is-resized\"><img loading=\"lazy\" decoding=\"async\" src=\"https:\/\/jornalfatosenoticias.com.br\/wp-content\/uploads\/2022\/02\/FERRARI_MAQUINAS-E-FERRAMENTAS2.jpg\" alt=\"\" class=\"wp-image-27860\" width=\"262\" height=\"218\"\/><\/figure><\/div>\n\n\n\n<p>A Pesquisa Vaquita de 2023 foi realizada de 10 a 26 de maio por 14 observadores altamente treinados em parceria com a Sea Shepherd Association e a Comiss\u00e3o de \u00c1reas Naturais Protegidas do M\u00e9xico (Conanp). Especialistas estimaram visualmente o tamanho da popula\u00e7\u00e3o de vaquitas a bordo de duas embarca\u00e7\u00f5es usando drones e fotografia.<\/p>\n\n\n\n<div class=\"wp-block-image\"><figure class=\"aligncenter size-large is-resized\"><img loading=\"lazy\" decoding=\"async\" src=\"https:\/\/jornalfatosenoticias.com.br\/wp-content\/uploads\/2023\/03\/nova-logo-Marquetti.jpg\" alt=\"\" class=\"wp-image-40207\" width=\"252\" height=\"169\" srcset=\"https:\/\/jornalfatosenoticias.com.br\/wp-content\/uploads\/2023\/03\/nova-logo-Marquetti.jpg 643w, https:\/\/jornalfatosenoticias.com.br\/wp-content\/uploads\/2023\/03\/nova-logo-Marquetti-300x202.jpg 300w\" sizes=\"auto, (max-width: 252px) 100vw, 252px\" \/><\/figure><\/div>\n\n\n\n<p>As vaquitas foram localizadas e rastreadas enquanto se alimentavam. Todos os esp\u00e9cimes pareciam saud\u00e1veis. Ap\u00f3s um terr\u00edvel decl\u00ednio populacional de 45%, temia-se que as vaquitas j\u00e1 estivessem extintas, hoje \u2014 contra todas as probabilidades \u2014 n\u00e3o \u00e9 o caso.<\/p>\n\n\n\n<div class=\"wp-block-image\"><figure class=\"aligncenter size-large is-resized\"><img loading=\"lazy\" decoding=\"async\" src=\"https:\/\/jornalfatosenoticias.com.br\/wp-content\/uploads\/2020\/02\/casa-do-torresmo_portal.jpg\" alt=\"\" class=\"wp-image-34472\" width=\"255\" height=\"255\" srcset=\"https:\/\/jornalfatosenoticias.com.br\/wp-content\/uploads\/2020\/02\/casa-do-torresmo_portal.jpg 300w, https:\/\/jornalfatosenoticias.com.br\/wp-content\/uploads\/2020\/02\/casa-do-torresmo_portal-150x150.jpg 150w\" sizes=\"auto, (max-width: 255px) 100vw, 255px\" \/><\/figure><\/div>\n\n\n\n<p>Mas como poderia ter sido evitado o pior para o boto mexicano? Acompanhando de perto a atividade pesqueira nos \u00faltimos meses naquele que \u00e9 apelidado de \u201co \u00faltimo reduto da vaquita\u201d. Em 2022, a Marinha Mexicana colocou 193 blocos de concreto com ganchos de metal de 3m de altura nesta \u00e1rea para combater as redes de emalhar. Isso levou \u00e0 <strong>redu\u00e7\u00e3o de 90%<\/strong> dessas redes de pesca, a\u00e7\u00e3o considerada mais significativa para a prote\u00e7\u00e3o da esp\u00e9cie.<\/p>\n\n\n\n<div class=\"wp-block-image\"><figure class=\"aligncenter size-large\"><img decoding=\"async\" src=\"https:\/\/jornalfatosenoticias.com.br\/wp-content\/uploads\/2020\/02\/logo_esteio.jpg\" alt=\"\" class=\"wp-image-1214\"\/><\/figure><\/div>\n\n\n\n<blockquote class=\"wp-block-quote is-layout-flow wp-block-quote-is-layout-flow\"><p><span class=\"has-inline-color has-luminous-vivid-orange-color\">Os resultados da pesquisa de maio de 2023 fornecem evid\u00eancias claras de que esse tipo de prote\u00e7\u00e3o precisa ser expandido para cobrir mais \u00e1reas remanescentes de vaquita de alto uso\u201d, dizem os especialistas. <\/span><\/p><\/blockquote>\n\n\n\n<div class=\"wp-block-image\"><figure class=\"aligncenter size-large is-resized\"><img loading=\"lazy\" decoding=\"async\" src=\"https:\/\/jornalfatosenoticias.com.br\/wp-content\/uploads\/2023\/03\/logo-Panper_portal.jpg\" alt=\"\" class=\"wp-image-40208\" width=\"270\" height=\"187\" srcset=\"https:\/\/jornalfatosenoticias.com.br\/wp-content\/uploads\/2023\/03\/logo-Panper_portal.jpg 400w, https:\/\/jornalfatosenoticias.com.br\/wp-content\/uploads\/2023\/03\/logo-Panper_portal-300x208.jpg 300w\" sizes=\"auto, (max-width: 270px) 100vw, 270px\" \/><\/figure><\/div>\n\n\n\n<p>O caminho pela frente \u00e9 muito longo e cheio de obst\u00e1culos, mas esse resultado demonstra o que os estudiosos j\u00e1 afirmavam: n\u00e3o ser\u00e1 f\u00e1cil, mas podemos salvar as vaquitas.<\/p>\n\n\n\n<p><strong><em>Fonte: <a href=\"https:\/\/www.greenmebrasil.com\/animais-em-extincao\/80098-vaquita-a-beira-da-extincao-farois-de-esperanca-para-o-mamifero-marinho-mais-raro-do-mundo\/\">GreenMe Brasil<\/a><\/em><\/strong><\/p>\n","protected":false},"excerpt":{"rendered":"<p>Por Francesca Capozzi \u00c9 o mam\u00edfero marinho mais amea\u00e7ado do mundo\u00a0e os esfor\u00e7os exaustivos para proteger a esp\u00e9cie est\u00e3o valendo a pena.\u00a0A vaquita,\u00a0Phocoena sinus ou boto do Golfo do M\u00e9xico ainda est\u00e1 conosco e as not\u00edcias s\u00e3o nada menos que incr\u00edveis. Um estudo cient\u00edfico mostrou no ano passado que poder\u00edamos salvar os \u00faltimos 10 esp\u00e9cimes [&hellip;]<\/p>\n","protected":false},"author":2,"featured_media":42395,"comment_status":"open","ping_status":"open","sticky":false,"template":"","format":"standard","meta":{"footnotes":""},"categories":[8],"tags":[219,1229,14341,19951],"class_list":["post-42394","post","type-post","status-publish","format-standard","has-post-thumbnail","hentry","category-meio-ambiente","tag-extincao","tag-mamifero","tag-mamiferos-marinhos","tag-vaquita"],"yoast_head":"<!-- This site is optimized with the Yoast SEO plugin v26.5 - https:\/\/yoast.com\/wordpress\/plugins\/seo\/ -->\n<title>Vaquita \u00e0 beira da extin\u00e7\u00e3o: far\u00f3is de esperan\u00e7a para o mam\u00edfero marinho mais raro do mundo - Jornal Fatos e Not\u00edcias<\/title>\n<meta name=\"robots\" content=\"index, follow, max-snippet:-1, max-image-preview:large, max-video-preview:-1\" \/>\n<link rel=\"canonical\" href=\"https:\/\/jornalfatosenoticias.com.br\/index.php\/2023\/06\/14\/vaquita-a-beira-da-extincao-farois-de-esperanca-para-o-mamifero-marinho-mais-raro-do-mundo\/\" \/>\n<meta property=\"og:locale\" content=\"pt_BR\" \/>\n<meta property=\"og:type\" content=\"article\" \/>\n<meta property=\"og:title\" content=\"Vaquita \u00e0 beira da extin\u00e7\u00e3o: far\u00f3is de esperan\u00e7a para o mam\u00edfero marinho mais raro do mundo - Jornal Fatos e Not\u00edcias\" \/>\n<meta property=\"og:description\" content=\"Por Francesca Capozzi \u00c9 o mam\u00edfero marinho mais amea\u00e7ado do mundo\u00a0e os esfor\u00e7os exaustivos para proteger a esp\u00e9cie est\u00e3o valendo a pena.\u00a0A vaquita,\u00a0Phocoena sinus ou boto do Golfo do M\u00e9xico ainda est\u00e1 conosco e as not\u00edcias s\u00e3o nada menos que incr\u00edveis. Um estudo cient\u00edfico mostrou no ano passado que poder\u00edamos salvar os \u00faltimos 10 esp\u00e9cimes [&hellip;]\" \/>\n<meta property=\"og:url\" content=\"https:\/\/jornalfatosenoticias.com.br\/index.php\/2023\/06\/14\/vaquita-a-beira-da-extincao-farois-de-esperanca-para-o-mamifero-marinho-mais-raro-do-mundo\/\" \/>\n<meta property=\"og:site_name\" content=\"Jornal Fatos e Not\u00edcias\" \/>\n<meta property=\"article:published_time\" content=\"2023-06-14T14:13:10+00:00\" \/>\n<meta property=\"article:modified_time\" content=\"2023-06-14T14:13:12+00:00\" \/>\n<meta property=\"og:image\" content=\"https:\/\/jornalfatosenoticias.com.br\/wp-content\/uploads\/2023\/06\/vaquita.jpg\" \/>\n\t<meta property=\"og:image:width\" content=\"1000\" \/>\n\t<meta property=\"og:image:height\" content=\"559\" \/>\n\t<meta property=\"og:image:type\" content=\"image\/jpeg\" \/>\n<meta name=\"author\" content=\"Luzimara Fernandes\" \/>\n<meta name=\"twitter:card\" content=\"summary_large_image\" \/>\n<meta name=\"twitter:label1\" content=\"Escrito por\" \/>\n\t<meta name=\"twitter:data1\" content=\"Luzimara Fernandes\" \/>\n\t<meta name=\"twitter:label2\" content=\"Est. tempo de leitura\" \/>\n\t<meta name=\"twitter:data2\" content=\"2 minutos\" \/>\n<script type=\"application\/ld+json\" class=\"yoast-schema-graph\">{\"@context\":\"https:\/\/schema.org\",\"@graph\":[{\"@type\":\"Article\",\"@id\":\"https:\/\/jornalfatosenoticias.com.br\/index.php\/2023\/06\/14\/vaquita-a-beira-da-extincao-farois-de-esperanca-para-o-mamifero-marinho-mais-raro-do-mundo\/#article\",\"isPartOf\":{\"@id\":\"https:\/\/jornalfatosenoticias.com.br\/index.php\/2023\/06\/14\/vaquita-a-beira-da-extincao-farois-de-esperanca-para-o-mamifero-marinho-mais-raro-do-mundo\/\"},\"author\":{\"name\":\"Luzimara Fernandes\",\"@id\":\"https:\/\/jornalfatosenoticias.com.br\/#\/schema\/person\/d63837fa13ac8666eb9e74e0985d6f81\"},\"headline\":\"Vaquita \u00e0 beira da extin\u00e7\u00e3o: far\u00f3is de esperan\u00e7a para o mam\u00edfero marinho mais raro do mundo\",\"datePublished\":\"2023-06-14T14:13:10+00:00\",\"dateModified\":\"2023-06-14T14:13:12+00:00\",\"mainEntityOfPage\":{\"@id\":\"https:\/\/jornalfatosenoticias.com.br\/index.php\/2023\/06\/14\/vaquita-a-beira-da-extincao-farois-de-esperanca-para-o-mamifero-marinho-mais-raro-do-mundo\/\"},\"wordCount\":445,\"commentCount\":0,\"publisher\":{\"@id\":\"https:\/\/jornalfatosenoticias.com.br\/#organization\"},\"image\":{\"@id\":\"https:\/\/jornalfatosenoticias.com.br\/index.php\/2023\/06\/14\/vaquita-a-beira-da-extincao-farois-de-esperanca-para-o-mamifero-marinho-mais-raro-do-mundo\/#primaryimage\"},\"thumbnailUrl\":\"https:\/\/jornalfatosenoticias.com.br\/wp-content\/uploads\/2023\/06\/vaquita.jpg\",\"keywords\":[\"extin\u00e7\u00e3o\",\"mam\u00edfero\",\"mam\u00edferos marinhos\",\"vaquita\"],\"articleSection\":[\"Meio ambiente\"],\"inLanguage\":\"pt-BR\",\"potentialAction\":[{\"@type\":\"CommentAction\",\"name\":\"Comment\",\"target\":[\"https:\/\/jornalfatosenoticias.com.br\/index.php\/2023\/06\/14\/vaquita-a-beira-da-extincao-farois-de-esperanca-para-o-mamifero-marinho-mais-raro-do-mundo\/#respond\"]}]},{\"@type\":\"WebPage\",\"@id\":\"https:\/\/jornalfatosenoticias.com.br\/index.php\/2023\/06\/14\/vaquita-a-beira-da-extincao-farois-de-esperanca-para-o-mamifero-marinho-mais-raro-do-mundo\/\",\"url\":\"https:\/\/jornalfatosenoticias.com.br\/index.php\/2023\/06\/14\/vaquita-a-beira-da-extincao-farois-de-esperanca-para-o-mamifero-marinho-mais-raro-do-mundo\/\",\"name\":\"Vaquita \u00e0 beira da extin\u00e7\u00e3o: far\u00f3is de esperan\u00e7a para o mam\u00edfero marinho mais raro do mundo - Jornal Fatos e Not\u00edcias\",\"isPartOf\":{\"@id\":\"https:\/\/jornalfatosenoticias.com.br\/#website\"},\"primaryImageOfPage\":{\"@id\":\"https:\/\/jornalfatosenoticias.com.br\/index.php\/2023\/06\/14\/vaquita-a-beira-da-extincao-farois-de-esperanca-para-o-mamifero-marinho-mais-raro-do-mundo\/#primaryimage\"},\"image\":{\"@id\":\"https:\/\/jornalfatosenoticias.com.br\/index.php\/2023\/06\/14\/vaquita-a-beira-da-extincao-farois-de-esperanca-para-o-mamifero-marinho-mais-raro-do-mundo\/#primaryimage\"},\"thumbnailUrl\":\"https:\/\/jornalfatosenoticias.com.br\/wp-content\/uploads\/2023\/06\/vaquita.jpg\",\"datePublished\":\"2023-06-14T14:13:10+00:00\",\"dateModified\":\"2023-06-14T14:13:12+00:00\",\"breadcrumb\":{\"@id\":\"https:\/\/jornalfatosenoticias.com.br\/index.php\/2023\/06\/14\/vaquita-a-beira-da-extincao-farois-de-esperanca-para-o-mamifero-marinho-mais-raro-do-mundo\/#breadcrumb\"},\"inLanguage\":\"pt-BR\",\"potentialAction\":[{\"@type\":\"ReadAction\",\"target\":[\"https:\/\/jornalfatosenoticias.com.br\/index.php\/2023\/06\/14\/vaquita-a-beira-da-extincao-farois-de-esperanca-para-o-mamifero-marinho-mais-raro-do-mundo\/\"]}]},{\"@type\":\"ImageObject\",\"inLanguage\":\"pt-BR\",\"@id\":\"https:\/\/jornalfatosenoticias.com.br\/index.php\/2023\/06\/14\/vaquita-a-beira-da-extincao-farois-de-esperanca-para-o-mamifero-marinho-mais-raro-do-mundo\/#primaryimage\",\"url\":\"https:\/\/jornalfatosenoticias.com.br\/wp-content\/uploads\/2023\/06\/vaquita.jpg\",\"contentUrl\":\"https:\/\/jornalfatosenoticias.com.br\/wp-content\/uploads\/2023\/06\/vaquita.jpg\",\"width\":1000,\"height\":559},{\"@type\":\"BreadcrumbList\",\"@id\":\"https:\/\/jornalfatosenoticias.com.br\/index.php\/2023\/06\/14\/vaquita-a-beira-da-extincao-farois-de-esperanca-para-o-mamifero-marinho-mais-raro-do-mundo\/#breadcrumb\",\"itemListElement\":[{\"@type\":\"ListItem\",\"position\":1,\"name\":\"In\u00edcio\",\"item\":\"https:\/\/jornalfatosenoticias.com.br\/\"},{\"@type\":\"ListItem\",\"position\":2,\"name\":\"Vaquita \u00e0 beira da extin\u00e7\u00e3o: far\u00f3is de esperan\u00e7a para o mam\u00edfero marinho mais raro do mundo\"}]},{\"@type\":\"WebSite\",\"@id\":\"https:\/\/jornalfatosenoticias.com.br\/#website\",\"url\":\"https:\/\/jornalfatosenoticias.com.br\/\",\"name\":\"Jornal Fatos e Not\u00edcias\",\"description\":\"Not\u00edcias em geral\",\"publisher\":{\"@id\":\"https:\/\/jornalfatosenoticias.com.br\/#organization\"},\"potentialAction\":[{\"@type\":\"SearchAction\",\"target\":{\"@type\":\"EntryPoint\",\"urlTemplate\":\"https:\/\/jornalfatosenoticias.com.br\/?s={search_term_string}\"},\"query-input\":{\"@type\":\"PropertyValueSpecification\",\"valueRequired\":true,\"valueName\":\"search_term_string\"}}],\"inLanguage\":\"pt-BR\"},{\"@type\":\"Organization\",\"@id\":\"https:\/\/jornalfatosenoticias.com.br\/#organization\",\"name\":\"Jornal Fatos e Not\u00edcias\",\"url\":\"https:\/\/jornalfatosenoticias.com.br\/\",\"logo\":{\"@type\":\"ImageObject\",\"inLanguage\":\"pt-BR\",\"@id\":\"https:\/\/jornalfatosenoticias.com.br\/#\/schema\/logo\/image\/\",\"url\":\"https:\/\/jornalfatosenoticias.com.br\/wp-content\/uploads\/2020\/02\/logo120.png\",\"contentUrl\":\"https:\/\/jornalfatosenoticias.com.br\/wp-content\/uploads\/2020\/02\/logo120.png\",\"width\":1227,\"height\":120,\"caption\":\"Jornal Fatos e Not\u00edcias\"},\"image\":{\"@id\":\"https:\/\/jornalfatosenoticias.com.br\/#\/schema\/logo\/image\/\"}},{\"@type\":\"Person\",\"@id\":\"https:\/\/jornalfatosenoticias.com.br\/#\/schema\/person\/d63837fa13ac8666eb9e74e0985d6f81\",\"name\":\"Luzimara Fernandes\",\"image\":{\"@type\":\"ImageObject\",\"inLanguage\":\"pt-BR\",\"@id\":\"https:\/\/jornalfatosenoticias.com.br\/#\/schema\/person\/image\/\",\"url\":\"https:\/\/jornalfatosenoticias.com.br\/wp-content\/uploads\/2025\/05\/EU_portal.jpg\",\"contentUrl\":\"https:\/\/jornalfatosenoticias.com.br\/wp-content\/uploads\/2025\/05\/EU_portal.jpg\",\"caption\":\"Luzimara Fernandes\"},\"description\":\"Jornalista MTB 2358-ES\",\"sameAs\":[\"https:\/\/jornalfatosenoticias.com.br\"],\"url\":\"https:\/\/jornalfatosenoticias.com.br\/index.php\/author\/luzimara\/\"}]}<\/script>\n<!-- \/ Yoast SEO plugin. -->","yoast_head_json":{"title":"Vaquita \u00e0 beira da extin\u00e7\u00e3o: far\u00f3is de esperan\u00e7a para o mam\u00edfero marinho mais raro do mundo - Jornal Fatos e Not\u00edcias","robots":{"index":"index","follow":"follow","max-snippet":"max-snippet:-1","max-image-preview":"max-image-preview:large","max-video-preview":"max-video-preview:-1"},"canonical":"https:\/\/jornalfatosenoticias.com.br\/index.php\/2023\/06\/14\/vaquita-a-beira-da-extincao-farois-de-esperanca-para-o-mamifero-marinho-mais-raro-do-mundo\/","og_locale":"pt_BR","og_type":"article","og_title":"Vaquita \u00e0 beira da extin\u00e7\u00e3o: far\u00f3is de esperan\u00e7a para o mam\u00edfero marinho mais raro do mundo - Jornal Fatos e Not\u00edcias","og_description":"Por Francesca Capozzi \u00c9 o mam\u00edfero marinho mais amea\u00e7ado do mundo\u00a0e os esfor\u00e7os exaustivos para proteger a esp\u00e9cie est\u00e3o valendo a pena.\u00a0A vaquita,\u00a0Phocoena sinus ou boto do Golfo do M\u00e9xico ainda est\u00e1 conosco e as not\u00edcias s\u00e3o nada menos que incr\u00edveis. Um estudo cient\u00edfico mostrou no ano passado que poder\u00edamos salvar os \u00faltimos 10 esp\u00e9cimes [&hellip;]","og_url":"https:\/\/jornalfatosenoticias.com.br\/index.php\/2023\/06\/14\/vaquita-a-beira-da-extincao-farois-de-esperanca-para-o-mamifero-marinho-mais-raro-do-mundo\/","og_site_name":"Jornal Fatos e Not\u00edcias","article_published_time":"2023-06-14T14:13:10+00:00","article_modified_time":"2023-06-14T14:13:12+00:00","og_image":[{"width":1000,"height":559,"url":"https:\/\/jornalfatosenoticias.com.br\/wp-content\/uploads\/2023\/06\/vaquita.jpg","type":"image\/jpeg"}],"author":"Luzimara Fernandes","twitter_card":"summary_large_image","twitter_misc":{"Escrito por":"Luzimara Fernandes","Est. tempo de leitura":"2 minutos"},"schema":{"@context":"https:\/\/schema.org","@graph":[{"@type":"Article","@id":"https:\/\/jornalfatosenoticias.com.br\/index.php\/2023\/06\/14\/vaquita-a-beira-da-extincao-farois-de-esperanca-para-o-mamifero-marinho-mais-raro-do-mundo\/#article","isPartOf":{"@id":"https:\/\/jornalfatosenoticias.com.br\/index.php\/2023\/06\/14\/vaquita-a-beira-da-extincao-farois-de-esperanca-para-o-mamifero-marinho-mais-raro-do-mundo\/"},"author":{"name":"Luzimara Fernandes","@id":"https:\/\/jornalfatosenoticias.com.br\/#\/schema\/person\/d63837fa13ac8666eb9e74e0985d6f81"},"headline":"Vaquita \u00e0 beira da extin\u00e7\u00e3o: far\u00f3is de esperan\u00e7a para o mam\u00edfero marinho mais raro do mundo","datePublished":"2023-06-14T14:13:10+00:00","dateModified":"2023-06-14T14:13:12+00:00","mainEntityOfPage":{"@id":"https:\/\/jornalfatosenoticias.com.br\/index.php\/2023\/06\/14\/vaquita-a-beira-da-extincao-farois-de-esperanca-para-o-mamifero-marinho-mais-raro-do-mundo\/"},"wordCount":445,"commentCount":0,"publisher":{"@id":"https:\/\/jornalfatosenoticias.com.br\/#organization"},"image":{"@id":"https:\/\/jornalfatosenoticias.com.br\/index.php\/2023\/06\/14\/vaquita-a-beira-da-extincao-farois-de-esperanca-para-o-mamifero-marinho-mais-raro-do-mundo\/#primaryimage"},"thumbnailUrl":"https:\/\/jornalfatosenoticias.com.br\/wp-content\/uploads\/2023\/06\/vaquita.jpg","keywords":["extin\u00e7\u00e3o","mam\u00edfero","mam\u00edferos marinhos","vaquita"],"articleSection":["Meio ambiente"],"inLanguage":"pt-BR","potentialAction":[{"@type":"CommentAction","name":"Comment","target":["https:\/\/jornalfatosenoticias.com.br\/index.php\/2023\/06\/14\/vaquita-a-beira-da-extincao-farois-de-esperanca-para-o-mamifero-marinho-mais-raro-do-mundo\/#respond"]}]},{"@type":"WebPage","@id":"https:\/\/jornalfatosenoticias.com.br\/index.php\/2023\/06\/14\/vaquita-a-beira-da-extincao-farois-de-esperanca-para-o-mamifero-marinho-mais-raro-do-mundo\/","url":"https:\/\/jornalfatosenoticias.com.br\/index.php\/2023\/06\/14\/vaquita-a-beira-da-extincao-farois-de-esperanca-para-o-mamifero-marinho-mais-raro-do-mundo\/","name":"Vaquita \u00e0 beira da extin\u00e7\u00e3o: far\u00f3is de esperan\u00e7a para o mam\u00edfero marinho mais raro do mundo - Jornal Fatos e Not\u00edcias","isPartOf":{"@id":"https:\/\/jornalfatosenoticias.com.br\/#website"},"primaryImageOfPage":{"@id":"https:\/\/jornalfatosenoticias.com.br\/index.php\/2023\/06\/14\/vaquita-a-beira-da-extincao-farois-de-esperanca-para-o-mamifero-marinho-mais-raro-do-mundo\/#primaryimage"},"image":{"@id":"https:\/\/jornalfatosenoticias.com.br\/index.php\/2023\/06\/14\/vaquita-a-beira-da-extincao-farois-de-esperanca-para-o-mamifero-marinho-mais-raro-do-mundo\/#primaryimage"},"thumbnailUrl":"https:\/\/jornalfatosenoticias.com.br\/wp-content\/uploads\/2023\/06\/vaquita.jpg","datePublished":"2023-06-14T14:13:10+00:00","dateModified":"2023-06-14T14:13:12+00:00","breadcrumb":{"@id":"https:\/\/jornalfatosenoticias.com.br\/index.php\/2023\/06\/14\/vaquita-a-beira-da-extincao-farois-de-esperanca-para-o-mamifero-marinho-mais-raro-do-mundo\/#breadcrumb"},"inLanguage":"pt-BR","potentialAction":[{"@type":"ReadAction","target":["https:\/\/jornalfatosenoticias.com.br\/index.php\/2023\/06\/14\/vaquita-a-beira-da-extincao-farois-de-esperanca-para-o-mamifero-marinho-mais-raro-do-mundo\/"]}]},{"@type":"ImageObject","inLanguage":"pt-BR","@id":"https:\/\/jornalfatosenoticias.com.br\/index.php\/2023\/06\/14\/vaquita-a-beira-da-extincao-farois-de-esperanca-para-o-mamifero-marinho-mais-raro-do-mundo\/#primaryimage","url":"https:\/\/jornalfatosenoticias.com.br\/wp-content\/uploads\/2023\/06\/vaquita.jpg","contentUrl":"https:\/\/jornalfatosenoticias.com.br\/wp-content\/uploads\/2023\/06\/vaquita.jpg","width":1000,"height":559},{"@type":"BreadcrumbList","@id":"https:\/\/jornalfatosenoticias.com.br\/index.php\/2023\/06\/14\/vaquita-a-beira-da-extincao-farois-de-esperanca-para-o-mamifero-marinho-mais-raro-do-mundo\/#breadcrumb","itemListElement":[{"@type":"ListItem","position":1,"name":"In\u00edcio","item":"https:\/\/jornalfatosenoticias.com.br\/"},{"@type":"ListItem","position":2,"name":"Vaquita \u00e0 beira da extin\u00e7\u00e3o: far\u00f3is de esperan\u00e7a para o mam\u00edfero marinho mais raro do mundo"}]},{"@type":"WebSite","@id":"https:\/\/jornalfatosenoticias.com.br\/#website","url":"https:\/\/jornalfatosenoticias.com.br\/","name":"Jornal Fatos e Not\u00edcias","description":"Not\u00edcias em geral","publisher":{"@id":"https:\/\/jornalfatosenoticias.com.br\/#organization"},"potentialAction":[{"@type":"SearchAction","target":{"@type":"EntryPoint","urlTemplate":"https:\/\/jornalfatosenoticias.com.br\/?s={search_term_string}"},"query-input":{"@type":"PropertyValueSpecification","valueRequired":true,"valueName":"search_term_string"}}],"inLanguage":"pt-BR"},{"@type":"Organization","@id":"https:\/\/jornalfatosenoticias.com.br\/#organization","name":"Jornal Fatos e Not\u00edcias","url":"https:\/\/jornalfatosenoticias.com.br\/","logo":{"@type":"ImageObject","inLanguage":"pt-BR","@id":"https:\/\/jornalfatosenoticias.com.br\/#\/schema\/logo\/image\/","url":"https:\/\/jornalfatosenoticias.com.br\/wp-content\/uploads\/2020\/02\/logo120.png","contentUrl":"https:\/\/jornalfatosenoticias.com.br\/wp-content\/uploads\/2020\/02\/logo120.png","width":1227,"height":120,"caption":"Jornal Fatos e Not\u00edcias"},"image":{"@id":"https:\/\/jornalfatosenoticias.com.br\/#\/schema\/logo\/image\/"}},{"@type":"Person","@id":"https:\/\/jornalfatosenoticias.com.br\/#\/schema\/person\/d63837fa13ac8666eb9e74e0985d6f81","name":"Luzimara Fernandes","image":{"@type":"ImageObject","inLanguage":"pt-BR","@id":"https:\/\/jornalfatosenoticias.com.br\/#\/schema\/person\/image\/","url":"https:\/\/jornalfatosenoticias.com.br\/wp-content\/uploads\/2025\/05\/EU_portal.jpg","contentUrl":"https:\/\/jornalfatosenoticias.com.br\/wp-content\/uploads\/2025\/05\/EU_portal.jpg","caption":"Luzimara Fernandes"},"description":"Jornalista MTB 2358-ES","sameAs":["https:\/\/jornalfatosenoticias.com.br"],"url":"https:\/\/jornalfatosenoticias.com.br\/index.php\/author\/luzimara\/"}]}},"cc_featured_image_caption":{"caption_text":"(Foto: Sea Shepherd\/Facebook) ","source_text":"","source_url":""},"jetpack_featured_media_url":"https:\/\/jornalfatosenoticias.com.br\/wp-content\/uploads\/2023\/06\/vaquita.jpg","_links":{"self":[{"href":"https:\/\/jornalfatosenoticias.com.br\/index.php\/wp-json\/wp\/v2\/posts\/42394","targetHints":{"allow":["GET"]}}],"collection":[{"href":"https:\/\/jornalfatosenoticias.com.br\/index.php\/wp-json\/wp\/v2\/posts"}],"about":[{"href":"https:\/\/jornalfatosenoticias.com.br\/index.php\/wp-json\/wp\/v2\/types\/post"}],"author":[{"embeddable":true,"href":"https:\/\/jornalfatosenoticias.com.br\/index.php\/wp-json\/wp\/v2\/users\/2"}],"replies":[{"embeddable":true,"href":"https:\/\/jornalfatosenoticias.com.br\/index.php\/wp-json\/wp\/v2\/comments?post=42394"}],"version-history":[{"count":0,"href":"https:\/\/jornalfatosenoticias.com.br\/index.php\/wp-json\/wp\/v2\/posts\/42394\/revisions"}],"wp:featuredmedia":[{"embeddable":true,"href":"https:\/\/jornalfatosenoticias.com.br\/index.php\/wp-json\/wp\/v2\/media\/42395"}],"wp:attachment":[{"href":"https:\/\/jornalfatosenoticias.com.br\/index.php\/wp-json\/wp\/v2\/media?parent=42394"}],"wp:term":[{"taxonomy":"category","embeddable":true,"href":"https:\/\/jornalfatosenoticias.com.br\/index.php\/wp-json\/wp\/v2\/categories?post=42394"},{"taxonomy":"post_tag","embeddable":true,"href":"https:\/\/jornalfatosenoticias.com.br\/index.php\/wp-json\/wp\/v2\/tags?post=42394"}],"curies":[{"name":"wp","href":"https:\/\/api.w.org\/{rel}","templated":true}]}}