{"id":42403,"date":"2023-06-14T13:40:09","date_gmt":"2023-06-14T16:40:09","guid":{"rendered":"https:\/\/jornalfatosenoticias.com.br\/?p=42403"},"modified":"2023-06-14T13:40:10","modified_gmt":"2023-06-14T16:40:10","slug":"economista-questiona-tese-de-que-reforma-de-impostos-do-governo-vai-gerar-crescimento","status":"publish","type":"post","link":"https:\/\/jornalfatosenoticias.com.br\/index.php\/2023\/06\/14\/economista-questiona-tese-de-que-reforma-de-impostos-do-governo-vai-gerar-crescimento\/","title":{"rendered":"Economista questiona tese de que reforma de impostos do governo vai gerar crescimento"},"content":{"rendered":"\n<p><em><span class=\"has-inline-color has-black-color\">Por <strong><a href=\"https:\/\/www.gazetadopovo.com.br\/autor\/celio-yano\/\">C\u00e9lio Yano<\/a><\/strong><\/span><\/em><\/p>\n\n\n\n<div class=\"wp-block-image\"><figure class=\"aligncenter size-large\"><img loading=\"lazy\" decoding=\"async\" width=\"1024\" height=\"111\" src=\"https:\/\/jornalfatosenoticias.com.br\/wp-content\/uploads\/2020\/02\/WhatsApp-Image-2022-09-23-at-12.09.18-1024x111.jpeg\" alt=\"\" class=\"wp-image-34527\" srcset=\"https:\/\/jornalfatosenoticias.com.br\/wp-content\/uploads\/2020\/02\/WhatsApp-Image-2022-09-23-at-12.09.18-1024x111.jpeg 1024w, https:\/\/jornalfatosenoticias.com.br\/wp-content\/uploads\/2020\/02\/WhatsApp-Image-2022-09-23-at-12.09.18-300x32.jpeg 300w, https:\/\/jornalfatosenoticias.com.br\/wp-content\/uploads\/2020\/02\/WhatsApp-Image-2022-09-23-at-12.09.18-768x83.jpeg 768w, https:\/\/jornalfatosenoticias.com.br\/wp-content\/uploads\/2020\/02\/WhatsApp-Image-2022-09-23-at-12.09.18.jpeg 1121w\" sizes=\"auto, (max-width: 1024px) 100vw, 1024px\" \/><\/figure><\/div>\n\n\n\n<p>O economista Erik Figueiredo p\u00f5e em d\u00favida a hip\u00f3tese de que a reforma tribut\u00e1ria apoiada pelo governo vai necessariamente incrementar o PIB. \u201cIsso \u00e9 baseado em um modelo que ningu\u00e9m sabe de fato se funciona, se foi calibrado da forma correta\u201d, diz Figueiredo, que presidiu o Ipea em 2022 e hoje \u00e9 diretor-executivo do Instituto Mauro Borges de Estat\u00edsticas e Estudos Socioecon\u00f4micos (IMB), ligado ao governo de Goi\u00e1s.<\/p>\n\n\n\n<div class=\"wp-block-image\"><figure class=\"aligncenter size-large is-resized\"><img loading=\"lazy\" decoding=\"async\" src=\"https:\/\/jornalfatosenoticias.com.br\/wp-content\/uploads\/2022\/02\/Banner-2.png\" alt=\"\" class=\"wp-image-27877\" width=\"251\" height=\"209\"\/><\/figure><\/div>\n\n\n\n<blockquote class=\"wp-block-quote is-layout-flow wp-block-quote-is-layout-flow\"><p><span class=\"has-inline-color has-luminous-vivid-orange-color\">Quando voc\u00ea olha a evid\u00eancia internacional, n\u00e3o consegue encontrar nenhuma experi\u00eancia concreta que de fato observe isso\u201d.<\/span><\/p><\/blockquote>\n\n\n\n<div class=\"wp-block-image\"><figure class=\"aligncenter size-large\"><img decoding=\"async\" src=\"https:\/\/jornalfatosenoticias.com.br\/wp-content\/uploads\/2020\/02\/barao-das-carnes-300x164-1.jpg\" alt=\"\" class=\"wp-image-34339\"\/><\/figure><\/div>\n\n\n\n<p>O economista comparou a taxa de crescimento de pa\u00edses que usam o Imposto sobre Valor Agregado (IVA) cinco anos antes da ado\u00e7\u00e3o do imposto e cinco anos depois. Em m\u00e9dia, o crescimento no quinqu\u00eanio anterior foi de 1,7%, enquanto que no p\u00f3s-IVA o ritmo de aumento no PIB foi de 1,1%. No caso da Argentina, o avan\u00e7o do indicador nos dois per\u00edodos foi de 4,6% e de 2,1%, respectivamente.<\/p>\n\n\n\n<div class=\"wp-block-image\"><figure class=\"aligncenter size-large is-resized\"><img loading=\"lazy\" decoding=\"async\" src=\"https:\/\/jornalfatosenoticias.com.br\/wp-content\/uploads\/2020\/02\/logo-embacia.jpg\" alt=\"\" class=\"wp-image-33905\" width=\"244\" height=\"244\"\/><\/figure><\/div>\n\n\n\n<blockquote class=\"wp-block-quote is-layout-flow wp-block-quote-is-layout-flow\"><p><span class=\"has-inline-color has-luminous-vivid-orange-color\">Ent\u00e3o, na verdade, houve uma desacelera\u00e7\u00e3o nesses pa\u00edses. S\u00f3 no Brasil que est\u00e1 garantido esse crescimento?\u201d, questiona. \u201cEvidente que n\u00e3o estamos discutindo uma rela\u00e7\u00e3o de causa e efeito aqui. H\u00e1 muitas particularidades que podem determinar o sucesso ou n\u00e3o do IVA nos diferentes pa\u00edses. Mas s\u00e3o justamente essas particularidades que est\u00e3o sendo colocadas de lado neste momento\u201d, ressalta.<\/span><\/p><\/blockquote>\n\n\n\n<div class=\"wp-block-image\"><figure class=\"aligncenter size-large\"><img decoding=\"async\" src=\"https:\/\/jornalfatosenoticias.com.br\/wp-content\/uploads\/2020\/02\/logo_esteio.jpg\" alt=\"\" class=\"wp-image-1214\"\/><\/figure><\/div>\n\n\n\n<p><strong><em>Fonte: <a href=\"https:\/\/www.gazetadopovo.com.br\/economia\/economista-questiona-tese-de-que-reforma-de-impostos-do-governo-vai-gerar-crescimento\/\">Gazeta do Povo<\/a><\/em><\/strong><\/p>\n","protected":false},"excerpt":{"rendered":"<p>Por C\u00e9lio Yano O economista Erik Figueiredo p\u00f5e em d\u00favida a hip\u00f3tese de que a reforma tribut\u00e1ria apoiada pelo governo vai necessariamente incrementar o PIB. \u201cIsso \u00e9 baseado em um modelo que ningu\u00e9m sabe de fato se funciona, se foi calibrado da forma correta\u201d, diz Figueiredo, que presidiu o Ipea em 2022 e hoje \u00e9 [&hellip;]<\/p>\n","protected":false},"author":2,"featured_media":42404,"comment_status":"open","ping_status":"open","sticky":false,"template":"","format":"standard","meta":{"footnotes":""},"categories":[9],"tags":[597,1971,240,8257,4046],"class_list":["post-42403","post","type-post","status-publish","format-standard","has-post-thumbnail","hentry","category-economia","tag-brasil","tag-desemprego","tag-economia","tag-impostos","tag-reforma-tributaria"],"yoast_head":"<!-- This site is optimized with the Yoast SEO plugin v26.5 - https:\/\/yoast.com\/wordpress\/plugins\/seo\/ -->\n<title>Economista questiona tese de que reforma de impostos do governo vai gerar crescimento - Jornal Fatos e Not\u00edcias<\/title>\n<meta name=\"robots\" content=\"index, follow, max-snippet:-1, max-image-preview:large, max-video-preview:-1\" \/>\n<link rel=\"canonical\" href=\"https:\/\/jornalfatosenoticias.com.br\/index.php\/2023\/06\/14\/economista-questiona-tese-de-que-reforma-de-impostos-do-governo-vai-gerar-crescimento\/\" \/>\n<meta property=\"og:locale\" content=\"pt_BR\" \/>\n<meta property=\"og:type\" content=\"article\" \/>\n<meta property=\"og:title\" content=\"Economista questiona tese de que reforma de impostos do governo vai gerar crescimento - Jornal Fatos e Not\u00edcias\" \/>\n<meta property=\"og:description\" content=\"Por C\u00e9lio Yano O economista Erik Figueiredo p\u00f5e em d\u00favida a hip\u00f3tese de que a reforma tribut\u00e1ria apoiada pelo governo vai necessariamente incrementar o PIB. \u201cIsso \u00e9 baseado em um modelo que ningu\u00e9m sabe de fato se funciona, se foi calibrado da forma correta\u201d, diz Figueiredo, que presidiu o Ipea em 2022 e hoje \u00e9 [&hellip;]\" \/>\n<meta property=\"og:url\" content=\"https:\/\/jornalfatosenoticias.com.br\/index.php\/2023\/06\/14\/economista-questiona-tese-de-que-reforma-de-impostos-do-governo-vai-gerar-crescimento\/\" \/>\n<meta property=\"og:site_name\" content=\"Jornal Fatos e Not\u00edcias\" \/>\n<meta property=\"article:published_time\" content=\"2023-06-14T16:40:09+00:00\" \/>\n<meta property=\"article:modified_time\" content=\"2023-06-14T16:40:10+00:00\" \/>\n<meta property=\"og:image\" content=\"https:\/\/jornalfatosenoticias.com.br\/wp-content\/uploads\/2023\/06\/erik-figueiredo.jpg\" \/>\n\t<meta property=\"og:image:width\" content=\"960\" \/>\n\t<meta property=\"og:image:height\" content=\"540\" \/>\n\t<meta property=\"og:image:type\" content=\"image\/jpeg\" \/>\n<meta name=\"author\" content=\"Luzimara Fernandes\" \/>\n<meta name=\"twitter:card\" content=\"summary_large_image\" \/>\n<meta name=\"twitter:label1\" content=\"Escrito por\" \/>\n\t<meta name=\"twitter:data1\" content=\"Luzimara Fernandes\" \/>\n\t<meta name=\"twitter:label2\" content=\"Est. tempo de leitura\" \/>\n\t<meta name=\"twitter:data2\" content=\"1 minuto\" \/>\n<script type=\"application\/ld+json\" class=\"yoast-schema-graph\">{\"@context\":\"https:\/\/schema.org\",\"@graph\":[{\"@type\":\"Article\",\"@id\":\"https:\/\/jornalfatosenoticias.com.br\/index.php\/2023\/06\/14\/economista-questiona-tese-de-que-reforma-de-impostos-do-governo-vai-gerar-crescimento\/#article\",\"isPartOf\":{\"@id\":\"https:\/\/jornalfatosenoticias.com.br\/index.php\/2023\/06\/14\/economista-questiona-tese-de-que-reforma-de-impostos-do-governo-vai-gerar-crescimento\/\"},\"author\":{\"name\":\"Luzimara Fernandes\",\"@id\":\"https:\/\/jornalfatosenoticias.com.br\/#\/schema\/person\/d63837fa13ac8666eb9e74e0985d6f81\"},\"headline\":\"Economista questiona tese de que reforma de impostos do governo vai gerar crescimento\",\"datePublished\":\"2023-06-14T16:40:09+00:00\",\"dateModified\":\"2023-06-14T16:40:10+00:00\",\"mainEntityOfPage\":{\"@id\":\"https:\/\/jornalfatosenoticias.com.br\/index.php\/2023\/06\/14\/economista-questiona-tese-de-que-reforma-de-impostos-do-governo-vai-gerar-crescimento\/\"},\"wordCount\":253,\"commentCount\":0,\"publisher\":{\"@id\":\"https:\/\/jornalfatosenoticias.com.br\/#organization\"},\"image\":{\"@id\":\"https:\/\/jornalfatosenoticias.com.br\/index.php\/2023\/06\/14\/economista-questiona-tese-de-que-reforma-de-impostos-do-governo-vai-gerar-crescimento\/#primaryimage\"},\"thumbnailUrl\":\"https:\/\/jornalfatosenoticias.com.br\/wp-content\/uploads\/2023\/06\/erik-figueiredo.jpg\",\"keywords\":[\"Brasil\",\"desemprego\",\"economia\",\"impostos\",\"Reforma Tribut\u00e1ria\"],\"articleSection\":[\"Economia\"],\"inLanguage\":\"pt-BR\",\"potentialAction\":[{\"@type\":\"CommentAction\",\"name\":\"Comment\",\"target\":[\"https:\/\/jornalfatosenoticias.com.br\/index.php\/2023\/06\/14\/economista-questiona-tese-de-que-reforma-de-impostos-do-governo-vai-gerar-crescimento\/#respond\"]}]},{\"@type\":\"WebPage\",\"@id\":\"https:\/\/jornalfatosenoticias.com.br\/index.php\/2023\/06\/14\/economista-questiona-tese-de-que-reforma-de-impostos-do-governo-vai-gerar-crescimento\/\",\"url\":\"https:\/\/jornalfatosenoticias.com.br\/index.php\/2023\/06\/14\/economista-questiona-tese-de-que-reforma-de-impostos-do-governo-vai-gerar-crescimento\/\",\"name\":\"Economista questiona tese de que reforma de impostos do governo vai gerar crescimento - Jornal Fatos e Not\u00edcias\",\"isPartOf\":{\"@id\":\"https:\/\/jornalfatosenoticias.com.br\/#website\"},\"primaryImageOfPage\":{\"@id\":\"https:\/\/jornalfatosenoticias.com.br\/index.php\/2023\/06\/14\/economista-questiona-tese-de-que-reforma-de-impostos-do-governo-vai-gerar-crescimento\/#primaryimage\"},\"image\":{\"@id\":\"https:\/\/jornalfatosenoticias.com.br\/index.php\/2023\/06\/14\/economista-questiona-tese-de-que-reforma-de-impostos-do-governo-vai-gerar-crescimento\/#primaryimage\"},\"thumbnailUrl\":\"https:\/\/jornalfatosenoticias.com.br\/wp-content\/uploads\/2023\/06\/erik-figueiredo.jpg\",\"datePublished\":\"2023-06-14T16:40:09+00:00\",\"dateModified\":\"2023-06-14T16:40:10+00:00\",\"breadcrumb\":{\"@id\":\"https:\/\/jornalfatosenoticias.com.br\/index.php\/2023\/06\/14\/economista-questiona-tese-de-que-reforma-de-impostos-do-governo-vai-gerar-crescimento\/#breadcrumb\"},\"inLanguage\":\"pt-BR\",\"potentialAction\":[{\"@type\":\"ReadAction\",\"target\":[\"https:\/\/jornalfatosenoticias.com.br\/index.php\/2023\/06\/14\/economista-questiona-tese-de-que-reforma-de-impostos-do-governo-vai-gerar-crescimento\/\"]}]},{\"@type\":\"ImageObject\",\"inLanguage\":\"pt-BR\",\"@id\":\"https:\/\/jornalfatosenoticias.com.br\/index.php\/2023\/06\/14\/economista-questiona-tese-de-que-reforma-de-impostos-do-governo-vai-gerar-crescimento\/#primaryimage\",\"url\":\"https:\/\/jornalfatosenoticias.com.br\/wp-content\/uploads\/2023\/06\/erik-figueiredo.jpg\",\"contentUrl\":\"https:\/\/jornalfatosenoticias.com.br\/wp-content\/uploads\/2023\/06\/erik-figueiredo.jpg\",\"width\":960,\"height\":540},{\"@type\":\"BreadcrumbList\",\"@id\":\"https:\/\/jornalfatosenoticias.com.br\/index.php\/2023\/06\/14\/economista-questiona-tese-de-que-reforma-de-impostos-do-governo-vai-gerar-crescimento\/#breadcrumb\",\"itemListElement\":[{\"@type\":\"ListItem\",\"position\":1,\"name\":\"In\u00edcio\",\"item\":\"https:\/\/jornalfatosenoticias.com.br\/\"},{\"@type\":\"ListItem\",\"position\":2,\"name\":\"Economista questiona tese de que reforma de impostos do governo vai gerar crescimento\"}]},{\"@type\":\"WebSite\",\"@id\":\"https:\/\/jornalfatosenoticias.com.br\/#website\",\"url\":\"https:\/\/jornalfatosenoticias.com.br\/\",\"name\":\"Jornal Fatos e Not\u00edcias\",\"description\":\"Not\u00edcias em geral\",\"publisher\":{\"@id\":\"https:\/\/jornalfatosenoticias.com.br\/#organization\"},\"potentialAction\":[{\"@type\":\"SearchAction\",\"target\":{\"@type\":\"EntryPoint\",\"urlTemplate\":\"https:\/\/jornalfatosenoticias.com.br\/?s={search_term_string}\"},\"query-input\":{\"@type\":\"PropertyValueSpecification\",\"valueRequired\":true,\"valueName\":\"search_term_string\"}}],\"inLanguage\":\"pt-BR\"},{\"@type\":\"Organization\",\"@id\":\"https:\/\/jornalfatosenoticias.com.br\/#organization\",\"name\":\"Jornal Fatos e Not\u00edcias\",\"url\":\"https:\/\/jornalfatosenoticias.com.br\/\",\"logo\":{\"@type\":\"ImageObject\",\"inLanguage\":\"pt-BR\",\"@id\":\"https:\/\/jornalfatosenoticias.com.br\/#\/schema\/logo\/image\/\",\"url\":\"https:\/\/jornalfatosenoticias.com.br\/wp-content\/uploads\/2020\/02\/logo120.png\",\"contentUrl\":\"https:\/\/jornalfatosenoticias.com.br\/wp-content\/uploads\/2020\/02\/logo120.png\",\"width\":1227,\"height\":120,\"caption\":\"Jornal Fatos e Not\u00edcias\"},\"image\":{\"@id\":\"https:\/\/jornalfatosenoticias.com.br\/#\/schema\/logo\/image\/\"}},{\"@type\":\"Person\",\"@id\":\"https:\/\/jornalfatosenoticias.com.br\/#\/schema\/person\/d63837fa13ac8666eb9e74e0985d6f81\",\"name\":\"Luzimara Fernandes\",\"image\":{\"@type\":\"ImageObject\",\"inLanguage\":\"pt-BR\",\"@id\":\"https:\/\/jornalfatosenoticias.com.br\/#\/schema\/person\/image\/\",\"url\":\"https:\/\/jornalfatosenoticias.com.br\/wp-content\/uploads\/2025\/05\/EU_portal.jpg\",\"contentUrl\":\"https:\/\/jornalfatosenoticias.com.br\/wp-content\/uploads\/2025\/05\/EU_portal.jpg\",\"caption\":\"Luzimara Fernandes\"},\"description\":\"Jornalista MTB 2358-ES\",\"sameAs\":[\"https:\/\/jornalfatosenoticias.com.br\"],\"url\":\"https:\/\/jornalfatosenoticias.com.br\/index.php\/author\/luzimara\/\"}]}<\/script>\n<!-- \/ Yoast SEO plugin. -->","yoast_head_json":{"title":"Economista questiona tese de que reforma de impostos do governo vai gerar crescimento - Jornal Fatos e Not\u00edcias","robots":{"index":"index","follow":"follow","max-snippet":"max-snippet:-1","max-image-preview":"max-image-preview:large","max-video-preview":"max-video-preview:-1"},"canonical":"https:\/\/jornalfatosenoticias.com.br\/index.php\/2023\/06\/14\/economista-questiona-tese-de-que-reforma-de-impostos-do-governo-vai-gerar-crescimento\/","og_locale":"pt_BR","og_type":"article","og_title":"Economista questiona tese de que reforma de impostos do governo vai gerar crescimento - Jornal Fatos e Not\u00edcias","og_description":"Por C\u00e9lio Yano O economista Erik Figueiredo p\u00f5e em d\u00favida a hip\u00f3tese de que a reforma tribut\u00e1ria apoiada pelo governo vai necessariamente incrementar o PIB. \u201cIsso \u00e9 baseado em um modelo que ningu\u00e9m sabe de fato se funciona, se foi calibrado da forma correta\u201d, diz Figueiredo, que presidiu o Ipea em 2022 e hoje \u00e9 [&hellip;]","og_url":"https:\/\/jornalfatosenoticias.com.br\/index.php\/2023\/06\/14\/economista-questiona-tese-de-que-reforma-de-impostos-do-governo-vai-gerar-crescimento\/","og_site_name":"Jornal Fatos e Not\u00edcias","article_published_time":"2023-06-14T16:40:09+00:00","article_modified_time":"2023-06-14T16:40:10+00:00","og_image":[{"width":960,"height":540,"url":"https:\/\/jornalfatosenoticias.com.br\/wp-content\/uploads\/2023\/06\/erik-figueiredo.jpg","type":"image\/jpeg"}],"author":"Luzimara Fernandes","twitter_card":"summary_large_image","twitter_misc":{"Escrito por":"Luzimara Fernandes","Est. tempo de leitura":"1 minuto"},"schema":{"@context":"https:\/\/schema.org","@graph":[{"@type":"Article","@id":"https:\/\/jornalfatosenoticias.com.br\/index.php\/2023\/06\/14\/economista-questiona-tese-de-que-reforma-de-impostos-do-governo-vai-gerar-crescimento\/#article","isPartOf":{"@id":"https:\/\/jornalfatosenoticias.com.br\/index.php\/2023\/06\/14\/economista-questiona-tese-de-que-reforma-de-impostos-do-governo-vai-gerar-crescimento\/"},"author":{"name":"Luzimara Fernandes","@id":"https:\/\/jornalfatosenoticias.com.br\/#\/schema\/person\/d63837fa13ac8666eb9e74e0985d6f81"},"headline":"Economista questiona tese de que reforma de impostos do governo vai gerar crescimento","datePublished":"2023-06-14T16:40:09+00:00","dateModified":"2023-06-14T16:40:10+00:00","mainEntityOfPage":{"@id":"https:\/\/jornalfatosenoticias.com.br\/index.php\/2023\/06\/14\/economista-questiona-tese-de-que-reforma-de-impostos-do-governo-vai-gerar-crescimento\/"},"wordCount":253,"commentCount":0,"publisher":{"@id":"https:\/\/jornalfatosenoticias.com.br\/#organization"},"image":{"@id":"https:\/\/jornalfatosenoticias.com.br\/index.php\/2023\/06\/14\/economista-questiona-tese-de-que-reforma-de-impostos-do-governo-vai-gerar-crescimento\/#primaryimage"},"thumbnailUrl":"https:\/\/jornalfatosenoticias.com.br\/wp-content\/uploads\/2023\/06\/erik-figueiredo.jpg","keywords":["Brasil","desemprego","economia","impostos","Reforma Tribut\u00e1ria"],"articleSection":["Economia"],"inLanguage":"pt-BR","potentialAction":[{"@type":"CommentAction","name":"Comment","target":["https:\/\/jornalfatosenoticias.com.br\/index.php\/2023\/06\/14\/economista-questiona-tese-de-que-reforma-de-impostos-do-governo-vai-gerar-crescimento\/#respond"]}]},{"@type":"WebPage","@id":"https:\/\/jornalfatosenoticias.com.br\/index.php\/2023\/06\/14\/economista-questiona-tese-de-que-reforma-de-impostos-do-governo-vai-gerar-crescimento\/","url":"https:\/\/jornalfatosenoticias.com.br\/index.php\/2023\/06\/14\/economista-questiona-tese-de-que-reforma-de-impostos-do-governo-vai-gerar-crescimento\/","name":"Economista questiona tese de que reforma de impostos do governo vai gerar crescimento - Jornal Fatos e Not\u00edcias","isPartOf":{"@id":"https:\/\/jornalfatosenoticias.com.br\/#website"},"primaryImageOfPage":{"@id":"https:\/\/jornalfatosenoticias.com.br\/index.php\/2023\/06\/14\/economista-questiona-tese-de-que-reforma-de-impostos-do-governo-vai-gerar-crescimento\/#primaryimage"},"image":{"@id":"https:\/\/jornalfatosenoticias.com.br\/index.php\/2023\/06\/14\/economista-questiona-tese-de-que-reforma-de-impostos-do-governo-vai-gerar-crescimento\/#primaryimage"},"thumbnailUrl":"https:\/\/jornalfatosenoticias.com.br\/wp-content\/uploads\/2023\/06\/erik-figueiredo.jpg","datePublished":"2023-06-14T16:40:09+00:00","dateModified":"2023-06-14T16:40:10+00:00","breadcrumb":{"@id":"https:\/\/jornalfatosenoticias.com.br\/index.php\/2023\/06\/14\/economista-questiona-tese-de-que-reforma-de-impostos-do-governo-vai-gerar-crescimento\/#breadcrumb"},"inLanguage":"pt-BR","potentialAction":[{"@type":"ReadAction","target":["https:\/\/jornalfatosenoticias.com.br\/index.php\/2023\/06\/14\/economista-questiona-tese-de-que-reforma-de-impostos-do-governo-vai-gerar-crescimento\/"]}]},{"@type":"ImageObject","inLanguage":"pt-BR","@id":"https:\/\/jornalfatosenoticias.com.br\/index.php\/2023\/06\/14\/economista-questiona-tese-de-que-reforma-de-impostos-do-governo-vai-gerar-crescimento\/#primaryimage","url":"https:\/\/jornalfatosenoticias.com.br\/wp-content\/uploads\/2023\/06\/erik-figueiredo.jpg","contentUrl":"https:\/\/jornalfatosenoticias.com.br\/wp-content\/uploads\/2023\/06\/erik-figueiredo.jpg","width":960,"height":540},{"@type":"BreadcrumbList","@id":"https:\/\/jornalfatosenoticias.com.br\/index.php\/2023\/06\/14\/economista-questiona-tese-de-que-reforma-de-impostos-do-governo-vai-gerar-crescimento\/#breadcrumb","itemListElement":[{"@type":"ListItem","position":1,"name":"In\u00edcio","item":"https:\/\/jornalfatosenoticias.com.br\/"},{"@type":"ListItem","position":2,"name":"Economista questiona tese de que reforma de impostos do governo vai gerar crescimento"}]},{"@type":"WebSite","@id":"https:\/\/jornalfatosenoticias.com.br\/#website","url":"https:\/\/jornalfatosenoticias.com.br\/","name":"Jornal Fatos e Not\u00edcias","description":"Not\u00edcias em geral","publisher":{"@id":"https:\/\/jornalfatosenoticias.com.br\/#organization"},"potentialAction":[{"@type":"SearchAction","target":{"@type":"EntryPoint","urlTemplate":"https:\/\/jornalfatosenoticias.com.br\/?s={search_term_string}"},"query-input":{"@type":"PropertyValueSpecification","valueRequired":true,"valueName":"search_term_string"}}],"inLanguage":"pt-BR"},{"@type":"Organization","@id":"https:\/\/jornalfatosenoticias.com.br\/#organization","name":"Jornal Fatos e Not\u00edcias","url":"https:\/\/jornalfatosenoticias.com.br\/","logo":{"@type":"ImageObject","inLanguage":"pt-BR","@id":"https:\/\/jornalfatosenoticias.com.br\/#\/schema\/logo\/image\/","url":"https:\/\/jornalfatosenoticias.com.br\/wp-content\/uploads\/2020\/02\/logo120.png","contentUrl":"https:\/\/jornalfatosenoticias.com.br\/wp-content\/uploads\/2020\/02\/logo120.png","width":1227,"height":120,"caption":"Jornal Fatos e Not\u00edcias"},"image":{"@id":"https:\/\/jornalfatosenoticias.com.br\/#\/schema\/logo\/image\/"}},{"@type":"Person","@id":"https:\/\/jornalfatosenoticias.com.br\/#\/schema\/person\/d63837fa13ac8666eb9e74e0985d6f81","name":"Luzimara Fernandes","image":{"@type":"ImageObject","inLanguage":"pt-BR","@id":"https:\/\/jornalfatosenoticias.com.br\/#\/schema\/person\/image\/","url":"https:\/\/jornalfatosenoticias.com.br\/wp-content\/uploads\/2025\/05\/EU_portal.jpg","contentUrl":"https:\/\/jornalfatosenoticias.com.br\/wp-content\/uploads\/2025\/05\/EU_portal.jpg","caption":"Luzimara Fernandes"},"description":"Jornalista MTB 2358-ES","sameAs":["https:\/\/jornalfatosenoticias.com.br"],"url":"https:\/\/jornalfatosenoticias.com.br\/index.php\/author\/luzimara\/"}]}},"cc_featured_image_caption":{"caption_text":"(Foto: Washington Costa\/Minist\u00e9rio da Economia) ","source_text":"","source_url":""},"jetpack_featured_media_url":"https:\/\/jornalfatosenoticias.com.br\/wp-content\/uploads\/2023\/06\/erik-figueiredo.jpg","_links":{"self":[{"href":"https:\/\/jornalfatosenoticias.com.br\/index.php\/wp-json\/wp\/v2\/posts\/42403","targetHints":{"allow":["GET"]}}],"collection":[{"href":"https:\/\/jornalfatosenoticias.com.br\/index.php\/wp-json\/wp\/v2\/posts"}],"about":[{"href":"https:\/\/jornalfatosenoticias.com.br\/index.php\/wp-json\/wp\/v2\/types\/post"}],"author":[{"embeddable":true,"href":"https:\/\/jornalfatosenoticias.com.br\/index.php\/wp-json\/wp\/v2\/users\/2"}],"replies":[{"embeddable":true,"href":"https:\/\/jornalfatosenoticias.com.br\/index.php\/wp-json\/wp\/v2\/comments?post=42403"}],"version-history":[{"count":0,"href":"https:\/\/jornalfatosenoticias.com.br\/index.php\/wp-json\/wp\/v2\/posts\/42403\/revisions"}],"wp:featuredmedia":[{"embeddable":true,"href":"https:\/\/jornalfatosenoticias.com.br\/index.php\/wp-json\/wp\/v2\/media\/42404"}],"wp:attachment":[{"href":"https:\/\/jornalfatosenoticias.com.br\/index.php\/wp-json\/wp\/v2\/media?parent=42403"}],"wp:term":[{"taxonomy":"category","embeddable":true,"href":"https:\/\/jornalfatosenoticias.com.br\/index.php\/wp-json\/wp\/v2\/categories?post=42403"},{"taxonomy":"post_tag","embeddable":true,"href":"https:\/\/jornalfatosenoticias.com.br\/index.php\/wp-json\/wp\/v2\/tags?post=42403"}],"curies":[{"name":"wp","href":"https:\/\/api.w.org\/{rel}","templated":true}]}}