{"id":42421,"date":"2023-06-15T17:07:45","date_gmt":"2023-06-15T20:07:45","guid":{"rendered":"https:\/\/jornalfatosenoticias.com.br\/?p=42421"},"modified":"2023-06-15T17:09:00","modified_gmt":"2023-06-15T20:09:00","slug":"voce-saberia-diferenciar-uma-ong-de-uma-osc","status":"publish","type":"post","link":"https:\/\/jornalfatosenoticias.com.br\/index.php\/2023\/06\/15\/voce-saberia-diferenciar-uma-ong-de-uma-osc\/","title":{"rendered":"Voc\u00ea saberia diferenciar uma ONG de uma OSC?"},"content":{"rendered":"\n<div class=\"wp-block-image is-style-rounded\"><figure class=\"alignleft size-large is-resized\"><img loading=\"lazy\" decoding=\"async\" src=\"https:\/\/jornalfatosenoticias.com.br\/wp-content\/uploads\/2023\/05\/CLAUDIO_ONG-removebg-preview.png\" alt=\"\" class=\"wp-image-41147\" width=\"89\" height=\"103\"\/><\/figure><\/div>\n\n\n\n<p>  <\/p>\n\n\n\n<p><\/p>\n\n\n\n<p><em><span class=\"has-inline-color has-luminous-vivid-orange-color\">Por\u00a0<strong>*Claudio Monteiro<\/strong><\/span><\/em><\/p>\n\n\n\n<p><\/p>\n\n\n\n<div class=\"wp-block-image\"><figure class=\"aligncenter size-large\"><img loading=\"lazy\" decoding=\"async\" width=\"729\" height=\"90\" src=\"https:\/\/jornalfatosenoticias.com.br\/wp-content\/uploads\/2020\/02\/Logo_Mizu.png\" alt=\"\" class=\"wp-image-1441\" srcset=\"https:\/\/jornalfatosenoticias.com.br\/wp-content\/uploads\/2020\/02\/Logo_Mizu.png 729w, https:\/\/jornalfatosenoticias.com.br\/wp-content\/uploads\/2020\/02\/Logo_Mizu-300x37.png 300w\" sizes=\"auto, (max-width: 729px) 100vw, 729px\" \/><\/figure><\/div>\n\n\n\n<p>Pode parecer a mesma coisa, o que de certo \u00e9! \u201cMas muita hora nessa calma!\u201d. A escrita dessa frase erradamente \u00e9 proposital e serve para ilustrar o que tenho a esclarecer. Afinal, apesar da forma errada, voc\u00ea entendeu perfeitamente o sentido da frase. Pois \u00e9 isto que acontece quando nos referimos \u00e0 sigla ONG. Ela \u00e9 usada de forma errada, mas voc\u00ea sabe do que se trata.<br>Ent\u00e3o, vamos l\u00e1! A Sigla, depois de in\u00fameros esc\u00e2ndalos envolvendo pol\u00edticos, emendas parlamentares, vantagens, recurso p\u00fablico e atos il\u00edcitos, acabou sendo marginalizada por uma grande parcela da popula\u00e7\u00e3o, visto que a \u201cfarra\u201d foi grande quando se utilizavam de institui\u00e7\u00f5es sem fins lucrativos, as \u201cextintas\u201d ONGs para lavar e acessar dinheiro p\u00fablico. Mas, claro que isso n\u00e3o foi a regra.<\/p>\n\n\n\n<div class=\"wp-block-image\"><figure class=\"aligncenter size-large is-resized\"><img loading=\"lazy\" decoding=\"async\" src=\"https:\/\/jornalfatosenoticias.com.br\/wp-content\/uploads\/2022\/07\/Logo-Grupo-SEI.jpg\" alt=\"\" class=\"wp-image-31973\" width=\"312\" height=\"164\" srcset=\"https:\/\/jornalfatosenoticias.com.br\/wp-content\/uploads\/2022\/07\/Logo-Grupo-SEI.jpg 713w, https:\/\/jornalfatosenoticias.com.br\/wp-content\/uploads\/2022\/07\/Logo-Grupo-SEI-300x158.jpg 300w\" sizes=\"auto, (max-width: 312px) 100vw, 312px\" \/><\/figure><\/div>\n\n\n\n<p>Muitas institui\u00e7\u00f5es s\u00e9rias acabaram \u201cpagando o pato\u201d e sendo estereotipadas pelo erro de terceiros. Por\u00e9m, em 2014, com a Lei 13.019 sancionada, ato registrado pelo agenda pol\u00edtica conhecida como Marco Regulat\u00f3rio das Organiza\u00e7\u00f5es da Sociedade Civil (MROSC), movimento criado para discutir e aperfei\u00e7oar o ambiente Jur\u00eddico das rela\u00e7\u00f5es da poder p\u00fablico com as ONGs, hoje reconhecidas como OSCs, o que explicarei a seguir, pois n\u00e3o s\u00f3 a sigla \u201cONG\u201d foi alterada, como tamb\u00e9m a legisla\u00e7\u00e3o vigente.<\/p>\n\n\n\n<div class=\"wp-block-image\"><figure class=\"aligncenter size-large is-resized\"><img loading=\"lazy\" decoding=\"async\" src=\"https:\/\/jornalfatosenoticias.com.br\/wp-content\/uploads\/2022\/02\/Precisao-Contabilidade-1024x724.jpg\" alt=\"\" class=\"wp-image-28088\" width=\"280\" height=\"198\"\/><\/figure><\/div>\n\n\n\n<p>O terceiro setor, e boa parte da sociedade civil, j\u00e1 utiliza a nova nomenclatura Organiza\u00e7\u00e3o da Sociedade Civil (OSC) para dar refer\u00eancia a Pessoas Jur\u00eddicas Sem Fins Lucrativos, com as devidas ressalvas para as Associa\u00e7\u00f5es, Funda\u00e7\u00f5es e outras poucas entidades do terceiro setor. Mas, para isso, foi preciso muita discuss\u00e3o acerca do assunto, a fim de estabelecer este regime jur\u00eddico, que \u00e9 base para as parcerias entre as OSCs e o Poder P\u00fablico.<\/p>\n\n\n\n<div class=\"wp-block-image\"><figure class=\"aligncenter size-large is-resized\"><img loading=\"lazy\" decoding=\"async\" src=\"https:\/\/jornalfatosenoticias.com.br\/wp-content\/uploads\/2022\/02\/FERRARI_MAQUINAS-E-FERRAMENTAS2.jpg\" alt=\"\" class=\"wp-image-27860\" width=\"258\" height=\"215\"\/><\/figure><\/div>\n\n\n\n<p>Ent\u00e3o, com o surgimento da Lei 13.019\/2014 (MROSC), uma das iniciativas de mudan\u00e7a da nomenclatura das ONGs tinha como papel principal desconstruir a imagem deturpada dessas organiza\u00e7\u00f5es. Assim, com a nova Lei, crit\u00e9rios importantes passaram a garantir o uso de recursos p\u00fablicos de forma \u00e9tica e transparente. As modifica\u00e7\u00f5es tiveram seu efeito positivo para a sociedade.<\/p>\n\n\n\n<div class=\"wp-block-image\"><figure class=\"aligncenter size-large is-resized\"><img loading=\"lazy\" decoding=\"async\" src=\"https:\/\/jornalfatosenoticias.com.br\/wp-content\/uploads\/2023\/03\/logo-Panper_portal.jpg\" alt=\"\" class=\"wp-image-40208\" width=\"268\" height=\"186\" srcset=\"https:\/\/jornalfatosenoticias.com.br\/wp-content\/uploads\/2023\/03\/logo-Panper_portal.jpg 400w, https:\/\/jornalfatosenoticias.com.br\/wp-content\/uploads\/2023\/03\/logo-Panper_portal-300x208.jpg 300w\" sizes=\"auto, (max-width: 268px) 100vw, 268px\" \/><\/figure><\/div>\n\n\n\n<p>Uma dessas modifica\u00e7\u00f5es se refere \u00e0 nomenclatura das diversas manifesta\u00e7\u00f5es organizacionais que existem, que s\u00e3o: as entidades privadas sem fins lucrativos; as sociedades cooperativas previstas na lei 9.867\/1999; e as organiza\u00e7\u00f5es religiosas, conforme a Lei 13.204\/2015. Todas passam a ser reconhecidas \u00fanica e exclusivamente como OSCs.<br>Um tema inclusive curioso \u00e9 o caso das Organiza\u00e7\u00f5es da Sociedade Civil de Interesse P\u00fablico (Oscips), organiza\u00e7\u00f5es reconhecidas, at\u00e9 ent\u00e3o, como \u00fanicas institui\u00e7\u00f5es aptas para a realiza\u00e7\u00e3o de Termos de Parceria com o Poder P\u00fablico na esfera federal.<\/p>\n\n\n\n<div class=\"wp-block-image\"><figure class=\"aligncenter size-large is-resized\"><img loading=\"lazy\" decoding=\"async\" src=\"https:\/\/jornalfatosenoticias.com.br\/wp-content\/uploads\/2022\/10\/RC_800x750_page-0001.jpg\" alt=\"\" class=\"wp-image-35338\" width=\"264\" height=\"247\" srcset=\"https:\/\/jornalfatosenoticias.com.br\/wp-content\/uploads\/2022\/10\/RC_800x750_page-0001.jpg 400w, https:\/\/jornalfatosenoticias.com.br\/wp-content\/uploads\/2022\/10\/RC_800x750_page-0001-300x281.jpg 300w\" sizes=\"auto, (max-width: 264px) 100vw, 264px\" \/><\/figure><\/div>\n\n\n\n<p>Com a Lei 13.019\/2014 todas aquelas que citei acima, inclusive as Oscips passaram a ser reconhecidas como OSCs, dando igualmente o mesmo poder jur\u00eddico a todas. O que era antes um t\u00edtulo cobi\u00e7ado pelas \u201cONGs\u201d do passado est\u00e1 obsoleto se considerarmos que todas as OSCs podem realizar parcerias com as respectivas esferas de poder.<\/p>\n\n\n\n<div class=\"wp-block-image\"><figure class=\"aligncenter size-large\"><img decoding=\"async\" src=\"https:\/\/jornalfatosenoticias.com.br\/wp-content\/uploads\/2020\/02\/barao-das-carnes-300x164-1.jpg\" alt=\"\" class=\"wp-image-34339\"\/><\/figure><\/div>\n\n\n\n<p>Junto com esse importante t\u00edtulo, outros como t\u00edtulo de utilidade p\u00fablica municipal, estadual e federal perderam sua relev\u00e2ncia. Na verdade, se n\u00e3o fosse a falta de interpreta\u00e7\u00e3o de quem executa as parcerias p\u00fablicas, tais t\u00edtulos j\u00e1 deveriam ter sido exclu\u00eddos e n\u00e3o mais exigidos. \u00c9 claro que com as devidas considera\u00e7\u00f5es da Lei, que indicam um ano de exist\u00eancia da OSC para parcerias com a esfera municipal, dois anos para a esfera Estadual e tr\u00eas para a Federal. O assunto ainda \u00e9 debatido em espa\u00e7os democr\u00e1ticos do terceiro setor.<\/p>\n\n\n\n<div class=\"wp-block-image\"><figure class=\"aligncenter size-large is-resized\"><img loading=\"lazy\" decoding=\"async\" src=\"https:\/\/jornalfatosenoticias.com.br\/wp-content\/uploads\/2020\/02\/casa-do-torresmo_portal.jpg\" alt=\"\" class=\"wp-image-34472\" width=\"247\" height=\"247\" srcset=\"https:\/\/jornalfatosenoticias.com.br\/wp-content\/uploads\/2020\/02\/casa-do-torresmo_portal.jpg 300w, https:\/\/jornalfatosenoticias.com.br\/wp-content\/uploads\/2020\/02\/casa-do-torresmo_portal-150x150.jpg 150w\" sizes=\"auto, (max-width: 247px) 100vw, 247px\" \/><\/figure><\/div>\n\n\n\n<p>Ent\u00e3o, voltando ao fato de como s\u00e3o e devem ser identificadas as Organiza\u00e7\u00f5es Sem Fins Lucrativos, especificamente as OSCs, podemos afirmar que se a OSC ainda se apresenta com a nomenclatura ONG, possivelmente ainda n\u00e3o se adaptou \u00e0 nova legisla\u00e7\u00e3o, neste caso cumprindo as exig\u00eancias legais que competem entre v\u00e1rios procedimentos, uma reformula\u00e7\u00e3o significativa no estatuto social e\/ou, ela ainda n\u00e3o se atentou a importante necessidade de ressignifica\u00e7\u00e3o da nomenclatura ONG.<\/p>\n\n\n\n<div class=\"wp-block-image\"><figure class=\"aligncenter size-large is-resized\"><img loading=\"lazy\" decoding=\"async\" src=\"https:\/\/jornalfatosenoticias.com.br\/wp-content\/uploads\/2020\/02\/logo-embacia.jpg\" alt=\"\" class=\"wp-image-33905\" width=\"239\" height=\"239\"\/><\/figure><\/div>\n\n\n\n<p>O assunto carece de muita aten\u00e7\u00e3o e leitura pois advogados renomados acabam se deixando levar por quest\u00f5es interpretativas, o que \u00e9 muito normal nos meandros da Lei. Ent\u00e3o, voc\u00ea j\u00e1 sabe! Quando se deparar com alguma situa\u00e7\u00e3o em que normalmente identificaria a institui\u00e7\u00e3o como \u201cONG\u201d, chame-a agora de OSC, em raz\u00e3o deste importante Marco Hist\u00f3rico para o Terceiro Setor.<\/p>\n\n\n\n<p><em><span class=\"has-inline-color has-black-color\">*CEO do Instituto PEB e Mentor de OSCs<\/span><\/em><\/p>\n","protected":false},"excerpt":{"rendered":"<p>Por\u00a0*Claudio Monteiro Pode parecer a mesma coisa, o que de certo \u00e9! \u201cMas muita hora nessa calma!\u201d. A escrita dessa frase erradamente \u00e9 proposital e serve para ilustrar o que tenho a esclarecer. Afinal, apesar da forma errada, voc\u00ea entendeu perfeitamente o sentido da frase. Pois \u00e9 isto que acontece quando nos referimos \u00e0 sigla [&hellip;]<\/p>\n","protected":false},"author":2,"featured_media":42422,"comment_status":"open","ping_status":"open","sticky":false,"template":"","format":"standard","meta":{"footnotes":""},"categories":[5],"tags":[19958,775,19549,19292,1684],"class_list":["post-42421","post","type-post","status-publish","format-standard","has-post-thumbnail","hentry","category-geral","tag-instituicoes-sem-fins-lucrativos","tag-ong","tag-osc","tag-terceiro-setor","tag-voluntariado"],"yoast_head":"<!-- This site is optimized with the Yoast SEO plugin v26.5 - https:\/\/yoast.com\/wordpress\/plugins\/seo\/ -->\n<title>Voc\u00ea saberia diferenciar uma ONG de uma OSC? - Jornal Fatos e Not\u00edcias<\/title>\n<meta name=\"robots\" content=\"index, follow, max-snippet:-1, max-image-preview:large, max-video-preview:-1\" \/>\n<link rel=\"canonical\" href=\"https:\/\/jornalfatosenoticias.com.br\/index.php\/2023\/06\/15\/voce-saberia-diferenciar-uma-ong-de-uma-osc\/\" \/>\n<meta property=\"og:locale\" content=\"pt_BR\" \/>\n<meta property=\"og:type\" content=\"article\" \/>\n<meta property=\"og:title\" content=\"Voc\u00ea saberia diferenciar uma ONG de uma OSC? - Jornal Fatos e Not\u00edcias\" \/>\n<meta property=\"og:description\" content=\"Por\u00a0*Claudio Monteiro Pode parecer a mesma coisa, o que de certo \u00e9! \u201cMas muita hora nessa calma!\u201d. A escrita dessa frase erradamente \u00e9 proposital e serve para ilustrar o que tenho a esclarecer. Afinal, apesar da forma errada, voc\u00ea entendeu perfeitamente o sentido da frase. Pois \u00e9 isto que acontece quando nos referimos \u00e0 sigla [&hellip;]\" \/>\n<meta property=\"og:url\" content=\"https:\/\/jornalfatosenoticias.com.br\/index.php\/2023\/06\/15\/voce-saberia-diferenciar-uma-ong-de-uma-osc\/\" \/>\n<meta property=\"og:site_name\" content=\"Jornal Fatos e Not\u00edcias\" \/>\n<meta property=\"article:published_time\" content=\"2023-06-15T20:07:45+00:00\" \/>\n<meta property=\"article:modified_time\" content=\"2023-06-15T20:09:00+00:00\" \/>\n<meta property=\"og:image\" content=\"https:\/\/jornalfatosenoticias.com.br\/wp-content\/uploads\/2023\/06\/OSCIPS.jpg\" \/>\n\t<meta property=\"og:image:width\" content=\"1000\" \/>\n\t<meta property=\"og:image:height\" content=\"476\" \/>\n\t<meta property=\"og:image:type\" content=\"image\/jpeg\" \/>\n<meta name=\"author\" content=\"Luzimara Fernandes\" \/>\n<meta name=\"twitter:card\" content=\"summary_large_image\" \/>\n<meta name=\"twitter:label1\" content=\"Escrito por\" \/>\n\t<meta name=\"twitter:data1\" content=\"Luzimara Fernandes\" \/>\n\t<meta name=\"twitter:label2\" content=\"Est. tempo de leitura\" \/>\n\t<meta name=\"twitter:data2\" content=\"4 minutos\" \/>\n<script type=\"application\/ld+json\" class=\"yoast-schema-graph\">{\"@context\":\"https:\/\/schema.org\",\"@graph\":[{\"@type\":\"Article\",\"@id\":\"https:\/\/jornalfatosenoticias.com.br\/index.php\/2023\/06\/15\/voce-saberia-diferenciar-uma-ong-de-uma-osc\/#article\",\"isPartOf\":{\"@id\":\"https:\/\/jornalfatosenoticias.com.br\/index.php\/2023\/06\/15\/voce-saberia-diferenciar-uma-ong-de-uma-osc\/\"},\"author\":{\"name\":\"Luzimara Fernandes\",\"@id\":\"https:\/\/jornalfatosenoticias.com.br\/#\/schema\/person\/d63837fa13ac8666eb9e74e0985d6f81\"},\"headline\":\"Voc\u00ea saberia diferenciar uma ONG de uma OSC?\",\"datePublished\":\"2023-06-15T20:07:45+00:00\",\"dateModified\":\"2023-06-15T20:09:00+00:00\",\"mainEntityOfPage\":{\"@id\":\"https:\/\/jornalfatosenoticias.com.br\/index.php\/2023\/06\/15\/voce-saberia-diferenciar-uma-ong-de-uma-osc\/\"},\"wordCount\":773,\"commentCount\":0,\"publisher\":{\"@id\":\"https:\/\/jornalfatosenoticias.com.br\/#organization\"},\"image\":{\"@id\":\"https:\/\/jornalfatosenoticias.com.br\/index.php\/2023\/06\/15\/voce-saberia-diferenciar-uma-ong-de-uma-osc\/#primaryimage\"},\"thumbnailUrl\":\"https:\/\/jornalfatosenoticias.com.br\/wp-content\/uploads\/2023\/06\/OSCIPS.jpg\",\"keywords\":[\"institui\u00e7\u00f5es sem fins lucrativos\",\"ONG\",\"OSC\",\"terceiro setor\",\"voluntariado\"],\"articleSection\":[\"Geral\"],\"inLanguage\":\"pt-BR\",\"potentialAction\":[{\"@type\":\"CommentAction\",\"name\":\"Comment\",\"target\":[\"https:\/\/jornalfatosenoticias.com.br\/index.php\/2023\/06\/15\/voce-saberia-diferenciar-uma-ong-de-uma-osc\/#respond\"]}]},{\"@type\":\"WebPage\",\"@id\":\"https:\/\/jornalfatosenoticias.com.br\/index.php\/2023\/06\/15\/voce-saberia-diferenciar-uma-ong-de-uma-osc\/\",\"url\":\"https:\/\/jornalfatosenoticias.com.br\/index.php\/2023\/06\/15\/voce-saberia-diferenciar-uma-ong-de-uma-osc\/\",\"name\":\"Voc\u00ea saberia diferenciar uma ONG de uma OSC? - Jornal Fatos e Not\u00edcias\",\"isPartOf\":{\"@id\":\"https:\/\/jornalfatosenoticias.com.br\/#website\"},\"primaryImageOfPage\":{\"@id\":\"https:\/\/jornalfatosenoticias.com.br\/index.php\/2023\/06\/15\/voce-saberia-diferenciar-uma-ong-de-uma-osc\/#primaryimage\"},\"image\":{\"@id\":\"https:\/\/jornalfatosenoticias.com.br\/index.php\/2023\/06\/15\/voce-saberia-diferenciar-uma-ong-de-uma-osc\/#primaryimage\"},\"thumbnailUrl\":\"https:\/\/jornalfatosenoticias.com.br\/wp-content\/uploads\/2023\/06\/OSCIPS.jpg\",\"datePublished\":\"2023-06-15T20:07:45+00:00\",\"dateModified\":\"2023-06-15T20:09:00+00:00\",\"breadcrumb\":{\"@id\":\"https:\/\/jornalfatosenoticias.com.br\/index.php\/2023\/06\/15\/voce-saberia-diferenciar-uma-ong-de-uma-osc\/#breadcrumb\"},\"inLanguage\":\"pt-BR\",\"potentialAction\":[{\"@type\":\"ReadAction\",\"target\":[\"https:\/\/jornalfatosenoticias.com.br\/index.php\/2023\/06\/15\/voce-saberia-diferenciar-uma-ong-de-uma-osc\/\"]}]},{\"@type\":\"ImageObject\",\"inLanguage\":\"pt-BR\",\"@id\":\"https:\/\/jornalfatosenoticias.com.br\/index.php\/2023\/06\/15\/voce-saberia-diferenciar-uma-ong-de-uma-osc\/#primaryimage\",\"url\":\"https:\/\/jornalfatosenoticias.com.br\/wp-content\/uploads\/2023\/06\/OSCIPS.jpg\",\"contentUrl\":\"https:\/\/jornalfatosenoticias.com.br\/wp-content\/uploads\/2023\/06\/OSCIPS.jpg\",\"width\":1000,\"height\":476},{\"@type\":\"BreadcrumbList\",\"@id\":\"https:\/\/jornalfatosenoticias.com.br\/index.php\/2023\/06\/15\/voce-saberia-diferenciar-uma-ong-de-uma-osc\/#breadcrumb\",\"itemListElement\":[{\"@type\":\"ListItem\",\"position\":1,\"name\":\"In\u00edcio\",\"item\":\"https:\/\/jornalfatosenoticias.com.br\/\"},{\"@type\":\"ListItem\",\"position\":2,\"name\":\"Voc\u00ea saberia diferenciar uma ONG de uma OSC?\"}]},{\"@type\":\"WebSite\",\"@id\":\"https:\/\/jornalfatosenoticias.com.br\/#website\",\"url\":\"https:\/\/jornalfatosenoticias.com.br\/\",\"name\":\"Jornal Fatos e Not\u00edcias\",\"description\":\"Not\u00edcias em geral\",\"publisher\":{\"@id\":\"https:\/\/jornalfatosenoticias.com.br\/#organization\"},\"potentialAction\":[{\"@type\":\"SearchAction\",\"target\":{\"@type\":\"EntryPoint\",\"urlTemplate\":\"https:\/\/jornalfatosenoticias.com.br\/?s={search_term_string}\"},\"query-input\":{\"@type\":\"PropertyValueSpecification\",\"valueRequired\":true,\"valueName\":\"search_term_string\"}}],\"inLanguage\":\"pt-BR\"},{\"@type\":\"Organization\",\"@id\":\"https:\/\/jornalfatosenoticias.com.br\/#organization\",\"name\":\"Jornal Fatos e Not\u00edcias\",\"url\":\"https:\/\/jornalfatosenoticias.com.br\/\",\"logo\":{\"@type\":\"ImageObject\",\"inLanguage\":\"pt-BR\",\"@id\":\"https:\/\/jornalfatosenoticias.com.br\/#\/schema\/logo\/image\/\",\"url\":\"https:\/\/jornalfatosenoticias.com.br\/wp-content\/uploads\/2020\/02\/logo120.png\",\"contentUrl\":\"https:\/\/jornalfatosenoticias.com.br\/wp-content\/uploads\/2020\/02\/logo120.png\",\"width\":1227,\"height\":120,\"caption\":\"Jornal Fatos e Not\u00edcias\"},\"image\":{\"@id\":\"https:\/\/jornalfatosenoticias.com.br\/#\/schema\/logo\/image\/\"}},{\"@type\":\"Person\",\"@id\":\"https:\/\/jornalfatosenoticias.com.br\/#\/schema\/person\/d63837fa13ac8666eb9e74e0985d6f81\",\"name\":\"Luzimara Fernandes\",\"image\":{\"@type\":\"ImageObject\",\"inLanguage\":\"pt-BR\",\"@id\":\"https:\/\/jornalfatosenoticias.com.br\/#\/schema\/person\/image\/\",\"url\":\"https:\/\/jornalfatosenoticias.com.br\/wp-content\/uploads\/2025\/05\/EU_portal.jpg\",\"contentUrl\":\"https:\/\/jornalfatosenoticias.com.br\/wp-content\/uploads\/2025\/05\/EU_portal.jpg\",\"caption\":\"Luzimara Fernandes\"},\"description\":\"Jornalista MTB 2358-ES\",\"sameAs\":[\"https:\/\/jornalfatosenoticias.com.br\"],\"url\":\"https:\/\/jornalfatosenoticias.com.br\/index.php\/author\/luzimara\/\"}]}<\/script>\n<!-- \/ Yoast SEO plugin. -->","yoast_head_json":{"title":"Voc\u00ea saberia diferenciar uma ONG de uma OSC? - Jornal Fatos e Not\u00edcias","robots":{"index":"index","follow":"follow","max-snippet":"max-snippet:-1","max-image-preview":"max-image-preview:large","max-video-preview":"max-video-preview:-1"},"canonical":"https:\/\/jornalfatosenoticias.com.br\/index.php\/2023\/06\/15\/voce-saberia-diferenciar-uma-ong-de-uma-osc\/","og_locale":"pt_BR","og_type":"article","og_title":"Voc\u00ea saberia diferenciar uma ONG de uma OSC? - Jornal Fatos e Not\u00edcias","og_description":"Por\u00a0*Claudio Monteiro Pode parecer a mesma coisa, o que de certo \u00e9! \u201cMas muita hora nessa calma!\u201d. A escrita dessa frase erradamente \u00e9 proposital e serve para ilustrar o que tenho a esclarecer. Afinal, apesar da forma errada, voc\u00ea entendeu perfeitamente o sentido da frase. Pois \u00e9 isto que acontece quando nos referimos \u00e0 sigla [&hellip;]","og_url":"https:\/\/jornalfatosenoticias.com.br\/index.php\/2023\/06\/15\/voce-saberia-diferenciar-uma-ong-de-uma-osc\/","og_site_name":"Jornal Fatos e Not\u00edcias","article_published_time":"2023-06-15T20:07:45+00:00","article_modified_time":"2023-06-15T20:09:00+00:00","og_image":[{"width":1000,"height":476,"url":"https:\/\/jornalfatosenoticias.com.br\/wp-content\/uploads\/2023\/06\/OSCIPS.jpg","type":"image\/jpeg"}],"author":"Luzimara Fernandes","twitter_card":"summary_large_image","twitter_misc":{"Escrito por":"Luzimara Fernandes","Est. tempo de leitura":"4 minutos"},"schema":{"@context":"https:\/\/schema.org","@graph":[{"@type":"Article","@id":"https:\/\/jornalfatosenoticias.com.br\/index.php\/2023\/06\/15\/voce-saberia-diferenciar-uma-ong-de-uma-osc\/#article","isPartOf":{"@id":"https:\/\/jornalfatosenoticias.com.br\/index.php\/2023\/06\/15\/voce-saberia-diferenciar-uma-ong-de-uma-osc\/"},"author":{"name":"Luzimara Fernandes","@id":"https:\/\/jornalfatosenoticias.com.br\/#\/schema\/person\/d63837fa13ac8666eb9e74e0985d6f81"},"headline":"Voc\u00ea saberia diferenciar uma ONG de uma OSC?","datePublished":"2023-06-15T20:07:45+00:00","dateModified":"2023-06-15T20:09:00+00:00","mainEntityOfPage":{"@id":"https:\/\/jornalfatosenoticias.com.br\/index.php\/2023\/06\/15\/voce-saberia-diferenciar-uma-ong-de-uma-osc\/"},"wordCount":773,"commentCount":0,"publisher":{"@id":"https:\/\/jornalfatosenoticias.com.br\/#organization"},"image":{"@id":"https:\/\/jornalfatosenoticias.com.br\/index.php\/2023\/06\/15\/voce-saberia-diferenciar-uma-ong-de-uma-osc\/#primaryimage"},"thumbnailUrl":"https:\/\/jornalfatosenoticias.com.br\/wp-content\/uploads\/2023\/06\/OSCIPS.jpg","keywords":["institui\u00e7\u00f5es sem fins lucrativos","ONG","OSC","terceiro setor","voluntariado"],"articleSection":["Geral"],"inLanguage":"pt-BR","potentialAction":[{"@type":"CommentAction","name":"Comment","target":["https:\/\/jornalfatosenoticias.com.br\/index.php\/2023\/06\/15\/voce-saberia-diferenciar-uma-ong-de-uma-osc\/#respond"]}]},{"@type":"WebPage","@id":"https:\/\/jornalfatosenoticias.com.br\/index.php\/2023\/06\/15\/voce-saberia-diferenciar-uma-ong-de-uma-osc\/","url":"https:\/\/jornalfatosenoticias.com.br\/index.php\/2023\/06\/15\/voce-saberia-diferenciar-uma-ong-de-uma-osc\/","name":"Voc\u00ea saberia diferenciar uma ONG de uma OSC? - Jornal Fatos e Not\u00edcias","isPartOf":{"@id":"https:\/\/jornalfatosenoticias.com.br\/#website"},"primaryImageOfPage":{"@id":"https:\/\/jornalfatosenoticias.com.br\/index.php\/2023\/06\/15\/voce-saberia-diferenciar-uma-ong-de-uma-osc\/#primaryimage"},"image":{"@id":"https:\/\/jornalfatosenoticias.com.br\/index.php\/2023\/06\/15\/voce-saberia-diferenciar-uma-ong-de-uma-osc\/#primaryimage"},"thumbnailUrl":"https:\/\/jornalfatosenoticias.com.br\/wp-content\/uploads\/2023\/06\/OSCIPS.jpg","datePublished":"2023-06-15T20:07:45+00:00","dateModified":"2023-06-15T20:09:00+00:00","breadcrumb":{"@id":"https:\/\/jornalfatosenoticias.com.br\/index.php\/2023\/06\/15\/voce-saberia-diferenciar-uma-ong-de-uma-osc\/#breadcrumb"},"inLanguage":"pt-BR","potentialAction":[{"@type":"ReadAction","target":["https:\/\/jornalfatosenoticias.com.br\/index.php\/2023\/06\/15\/voce-saberia-diferenciar-uma-ong-de-uma-osc\/"]}]},{"@type":"ImageObject","inLanguage":"pt-BR","@id":"https:\/\/jornalfatosenoticias.com.br\/index.php\/2023\/06\/15\/voce-saberia-diferenciar-uma-ong-de-uma-osc\/#primaryimage","url":"https:\/\/jornalfatosenoticias.com.br\/wp-content\/uploads\/2023\/06\/OSCIPS.jpg","contentUrl":"https:\/\/jornalfatosenoticias.com.br\/wp-content\/uploads\/2023\/06\/OSCIPS.jpg","width":1000,"height":476},{"@type":"BreadcrumbList","@id":"https:\/\/jornalfatosenoticias.com.br\/index.php\/2023\/06\/15\/voce-saberia-diferenciar-uma-ong-de-uma-osc\/#breadcrumb","itemListElement":[{"@type":"ListItem","position":1,"name":"In\u00edcio","item":"https:\/\/jornalfatosenoticias.com.br\/"},{"@type":"ListItem","position":2,"name":"Voc\u00ea saberia diferenciar uma ONG de uma OSC?"}]},{"@type":"WebSite","@id":"https:\/\/jornalfatosenoticias.com.br\/#website","url":"https:\/\/jornalfatosenoticias.com.br\/","name":"Jornal Fatos e Not\u00edcias","description":"Not\u00edcias em geral","publisher":{"@id":"https:\/\/jornalfatosenoticias.com.br\/#organization"},"potentialAction":[{"@type":"SearchAction","target":{"@type":"EntryPoint","urlTemplate":"https:\/\/jornalfatosenoticias.com.br\/?s={search_term_string}"},"query-input":{"@type":"PropertyValueSpecification","valueRequired":true,"valueName":"search_term_string"}}],"inLanguage":"pt-BR"},{"@type":"Organization","@id":"https:\/\/jornalfatosenoticias.com.br\/#organization","name":"Jornal Fatos e Not\u00edcias","url":"https:\/\/jornalfatosenoticias.com.br\/","logo":{"@type":"ImageObject","inLanguage":"pt-BR","@id":"https:\/\/jornalfatosenoticias.com.br\/#\/schema\/logo\/image\/","url":"https:\/\/jornalfatosenoticias.com.br\/wp-content\/uploads\/2020\/02\/logo120.png","contentUrl":"https:\/\/jornalfatosenoticias.com.br\/wp-content\/uploads\/2020\/02\/logo120.png","width":1227,"height":120,"caption":"Jornal Fatos e Not\u00edcias"},"image":{"@id":"https:\/\/jornalfatosenoticias.com.br\/#\/schema\/logo\/image\/"}},{"@type":"Person","@id":"https:\/\/jornalfatosenoticias.com.br\/#\/schema\/person\/d63837fa13ac8666eb9e74e0985d6f81","name":"Luzimara Fernandes","image":{"@type":"ImageObject","inLanguage":"pt-BR","@id":"https:\/\/jornalfatosenoticias.com.br\/#\/schema\/person\/image\/","url":"https:\/\/jornalfatosenoticias.com.br\/wp-content\/uploads\/2025\/05\/EU_portal.jpg","contentUrl":"https:\/\/jornalfatosenoticias.com.br\/wp-content\/uploads\/2025\/05\/EU_portal.jpg","caption":"Luzimara Fernandes"},"description":"Jornalista MTB 2358-ES","sameAs":["https:\/\/jornalfatosenoticias.com.br"],"url":"https:\/\/jornalfatosenoticias.com.br\/index.php\/author\/luzimara\/"}]}},"cc_featured_image_caption":{"caption_text":"","source_text":"","source_url":""},"jetpack_featured_media_url":"https:\/\/jornalfatosenoticias.com.br\/wp-content\/uploads\/2023\/06\/OSCIPS.jpg","_links":{"self":[{"href":"https:\/\/jornalfatosenoticias.com.br\/index.php\/wp-json\/wp\/v2\/posts\/42421","targetHints":{"allow":["GET"]}}],"collection":[{"href":"https:\/\/jornalfatosenoticias.com.br\/index.php\/wp-json\/wp\/v2\/posts"}],"about":[{"href":"https:\/\/jornalfatosenoticias.com.br\/index.php\/wp-json\/wp\/v2\/types\/post"}],"author":[{"embeddable":true,"href":"https:\/\/jornalfatosenoticias.com.br\/index.php\/wp-json\/wp\/v2\/users\/2"}],"replies":[{"embeddable":true,"href":"https:\/\/jornalfatosenoticias.com.br\/index.php\/wp-json\/wp\/v2\/comments?post=42421"}],"version-history":[{"count":0,"href":"https:\/\/jornalfatosenoticias.com.br\/index.php\/wp-json\/wp\/v2\/posts\/42421\/revisions"}],"wp:featuredmedia":[{"embeddable":true,"href":"https:\/\/jornalfatosenoticias.com.br\/index.php\/wp-json\/wp\/v2\/media\/42422"}],"wp:attachment":[{"href":"https:\/\/jornalfatosenoticias.com.br\/index.php\/wp-json\/wp\/v2\/media?parent=42421"}],"wp:term":[{"taxonomy":"category","embeddable":true,"href":"https:\/\/jornalfatosenoticias.com.br\/index.php\/wp-json\/wp\/v2\/categories?post=42421"},{"taxonomy":"post_tag","embeddable":true,"href":"https:\/\/jornalfatosenoticias.com.br\/index.php\/wp-json\/wp\/v2\/tags?post=42421"}],"curies":[{"name":"wp","href":"https:\/\/api.w.org\/{rel}","templated":true}]}}