{"id":42432,"date":"2023-06-15T17:24:33","date_gmt":"2023-06-15T20:24:33","guid":{"rendered":"https:\/\/jornalfatosenoticias.com.br\/?p=42432"},"modified":"2023-06-15T17:24:34","modified_gmt":"2023-06-15T20:24:34","slug":"a-nova-era","status":"publish","type":"post","link":"https:\/\/jornalfatosenoticias.com.br\/index.php\/2023\/06\/15\/a-nova-era\/","title":{"rendered":"A Nova Era"},"content":{"rendered":"\n<div class=\"wp-block-image\"><figure class=\"aligncenter size-large\"><img loading=\"lazy\" decoding=\"async\" width=\"1024\" height=\"100\" src=\"https:\/\/jornalfatosenoticias.com.br\/wp-content\/uploads\/2022\/05\/NOVA-LOGO-CESCONETTO-1024x100.jpg\" alt=\"\" class=\"wp-image-30792\" srcset=\"https:\/\/jornalfatosenoticias.com.br\/wp-content\/uploads\/2022\/05\/NOVA-LOGO-CESCONETTO-1024x100.jpg 1024w, https:\/\/jornalfatosenoticias.com.br\/wp-content\/uploads\/2022\/05\/NOVA-LOGO-CESCONETTO-300x29.jpg 300w, https:\/\/jornalfatosenoticias.com.br\/wp-content\/uploads\/2022\/05\/NOVA-LOGO-CESCONETTO-768x75.jpg 768w, https:\/\/jornalfatosenoticias.com.br\/wp-content\/uploads\/2022\/05\/NOVA-LOGO-CESCONETTO.jpg 1280w\" sizes=\"auto, (max-width: 1024px) 100vw, 1024px\" \/><\/figure><\/div>\n\n\n\n<p>Talvez, seja verdade<br>Que uma nova era se<br>Descortina e se anuncia<br>Na terra, somente n\u00e3o<br>V\u00ea quem n\u00e3o quer ou<br>N\u00e3o est\u00e1 preparado<br>Para ver al\u00e9m do que<br>Os olhos f\u00edsicos podem<br>Ou querem enxergar<\/p>\n\n\n\n<div class=\"wp-block-image\"><figure class=\"aligncenter size-large is-resized\"><img loading=\"lazy\" decoding=\"async\" src=\"https:\/\/jornalfatosenoticias.com.br\/wp-content\/uploads\/2020\/02\/logo-embacia.jpg\" alt=\"\" class=\"wp-image-33905\" width=\"210\" height=\"210\"\/><\/figure><\/div>\n\n\n\n<p>Talvez, a era de Aqu\u00e1rio,<br>Um tempo novo de<br>Autoconscientiza\u00e7\u00e3o e de<br>Espiritualidade aflorada,<br>Uma era do \u201ceu maior\u201d e<br>Da expans\u00e3o da consci\u00eancia<br>Individual e coletiva<\/p>\n\n\n\n<div class=\"wp-block-image\"><figure class=\"aligncenter size-large\"><img decoding=\"async\" src=\"https:\/\/jornalfatosenoticias.com.br\/wp-content\/uploads\/2020\/02\/barao-das-carnes-300x164-1.jpg\" alt=\"\" class=\"wp-image-34339\"\/><\/figure><\/div>\n\n\n\n<p>Uma \u00e9poca de novos<br>Valores, novas formas de<br>Ver e de estar no mundo,<br>Nesta toada, o organismo<br>Terra progride e, com ela,<br>O organismo humano, com<br>Novas ideias e concep\u00e7\u00f5es,<br>Novas linguagens e novos<br>Meios de comunica\u00e7\u00e3o,<br>Novos meios tecnol\u00f3gicos<br>Mais r\u00e1pidos e mais eficazes,<br>Uma verdadeira revolu\u00e7\u00e3o<br>Do pensamento humano,<br>Numa velocidade nunca<br>Dantes vista pelo homem<\/p>\n\n\n\n<div class=\"wp-block-image\"><figure class=\"aligncenter size-large\"><img decoding=\"async\" src=\"https:\/\/jornalfatosenoticias.com.br\/wp-content\/uploads\/2020\/02\/logo_esteio.jpg\" alt=\"\" class=\"wp-image-1214\"\/><\/figure><\/div>\n\n\n\n<p>O novo n\u00e3o veio aniquilar<br>O antigo, mas, adapt\u00e1-lo, e,<br>Nesta fase de transi\u00e7\u00e3o, uma<br>Crise se instala no mundo,<br>Por meio daqueles refrat\u00e1rios<br>E que temem as mudan\u00e7as<br>Inevit\u00e1veis da nova ordem,<br>Mas, quem tem maturidade,<br>Clareza de pensamento e<br>Certeza no Poder de Deus, se<br>Alegra e nada teme, pois, sabe<br>Que n\u00e3o h\u00e1 progresso sem crise<\/p>\n\n\n\n<div class=\"wp-block-image\"><figure class=\"aligncenter size-large is-resized\"><img loading=\"lazy\" decoding=\"async\" src=\"https:\/\/jornalfatosenoticias.com.br\/wp-content\/uploads\/2023\/03\/Crypton-1000-\u00d7-900-px-300x270-1.png\" alt=\"\" class=\"wp-image-40206\" width=\"239\" height=\"215\"\/><\/figure><\/div>\n\n\n\n<p>S\u00e3o os ventos da mudan\u00e7a, n\u00e3o<br>O tempo apocal\u00edptico, cheio de<br>Cataclismos, terremotos, pestes,<br>Guerras nucleares ou cometas de<br>Final de mundo, como se acreditava<br>Antes, mas, ao contr\u00e1rio, a aurora<br>De um novo tempo, um despertar<br>De uma era mais feliz e mais ditosa,<br>Um tempo mais integral e muito<br>Mais espiritualizado<\/p>\n\n\n\n<div class=\"wp-block-image\"><figure class=\"aligncenter size-large is-resized\"><img loading=\"lazy\" decoding=\"async\" src=\"https:\/\/jornalfatosenoticias.com.br\/wp-content\/uploads\/2023\/03\/logo_Juliana-Graca.jpg\" alt=\"\" class=\"wp-image-39283\" width=\"255\" height=\"189\"\/><\/figure><\/div>\n\n\n\n<p>Mas, este novo tempo reclama<br>De n\u00f3s um processo \u00edntimo de<br>Reforma e de purifica\u00e7\u00e3o, um<br>Passo mais elevado na dire\u00e7\u00e3o<br>Do \u201cSelf\u201d, uma mudan\u00e7a dr\u00e1stica<br>De atitude mental, uma melhora<br>De nossos atos, de nossas palavras<br>E de nossos pensamentos, em<br>Outras palavras, a busca de uma<br>Sintonia mais fina e mais pura,<br>Um mergulho no autoconhecimento,<br>No estudo, na ci\u00eancia, na \u00e9tica, na<br>Mudan\u00e7a de comportamento, al\u00e9m<br>De uma vibra\u00e7\u00e3o superior<\/p>\n\n\n\n<div class=\"wp-block-image\"><figure class=\"aligncenter size-large is-resized\"><img loading=\"lazy\" decoding=\"async\" src=\"https:\/\/jornalfatosenoticias.com.br\/wp-content\/uploads\/2023\/04\/Logo_MasterMind.jpg\" alt=\"\" class=\"wp-image-40974\" width=\"252\" height=\"183\"\/><\/figure><\/div>\n\n\n\n<p>Uma mente aberta e um cora\u00e7\u00e3o<br>Disposto para aceita\u00e7\u00e3o do novo,<br>Resili\u00eancia para se adaptar ao novo<br>E coragem para combater o pensamento<br>At\u00e1vico, o obscurantismo, o fanatismo<br>E o preconceito generalizado, uma<br>Nova forma de vida no planeta que<br>Avan\u00e7a em uma velocidade vertiginosa<br>Neste \u201cmundo novo\u201d, este mundo que<br>Bauman, chamou de l\u00edquido<\/p>\n\n\n\n<div class=\"wp-block-image\"><figure class=\"aligncenter size-large is-resized\"><img loading=\"lazy\" decoding=\"async\" src=\"https:\/\/jornalfatosenoticias.com.br\/wp-content\/uploads\/2022\/08\/arte-Casarao.jpg\" alt=\"\" class=\"wp-image-33178\" width=\"271\" height=\"226\"\/><\/figure><\/div>\n\n\n\n<p>Uma mudan\u00e7a de status do \u201ceu\u201d<br>Para o \u201cn\u00f3s\u201d, a substitui\u00e7\u00e3o das lutas<br>E da competi\u00e7\u00e3o est\u00e9ril capitalista<br>E egoica para a ideia da coopera\u00e7\u00e3o,<br>Do amor, da empatia e da felicidade<br>Relativa, tudo isto, rumo ao mundo<br>T\u00e3o esperado da regenera\u00e7\u00e3o.<br>E se tudo isto for verdade, voc\u00ea est\u00e1<br>Preparado?<\/p>\n","protected":false},"excerpt":{"rendered":"<p>Talvez, seja verdadeQue uma nova era seDescortina e se anunciaNa terra, somente n\u00e3oV\u00ea quem n\u00e3o quer ouN\u00e3o est\u00e1 preparadoPara ver al\u00e9m do queOs olhos f\u00edsicos podemOu querem enxergar Talvez, a era de Aqu\u00e1rio,Um tempo novo deAutoconscientiza\u00e7\u00e3o e deEspiritualidade aflorada,Uma era do \u201ceu maior\u201d eDa expans\u00e3o da consci\u00eanciaIndividual e coletiva Uma \u00e9poca de novosValores, novas formas [&hellip;]<\/p>\n","protected":false},"author":20,"featured_media":42433,"comment_status":"open","ping_status":"open","sticky":false,"template":"","format":"standard","meta":{"footnotes":""},"categories":[4],"tags":[1221,2373,6491,1602,18486],"class_list":["post-42432","post","type-post","status-publish","format-standard","has-post-thumbnail","hentry","category-cultura","tag-coracao","tag-mente","tag-palavras","tag-poesia","tag-purificacao"],"yoast_head":"<!-- This site is optimized with the Yoast SEO plugin v26.5 - https:\/\/yoast.com\/wordpress\/plugins\/seo\/ -->\n<title>A Nova Era - Jornal Fatos e Not\u00edcias<\/title>\n<meta name=\"robots\" content=\"index, follow, max-snippet:-1, max-image-preview:large, max-video-preview:-1\" \/>\n<link rel=\"canonical\" href=\"https:\/\/jornalfatosenoticias.com.br\/index.php\/2023\/06\/15\/a-nova-era\/\" \/>\n<meta property=\"og:locale\" content=\"pt_BR\" \/>\n<meta property=\"og:type\" content=\"article\" \/>\n<meta property=\"og:title\" content=\"A Nova Era - Jornal Fatos e Not\u00edcias\" \/>\n<meta property=\"og:description\" content=\"Talvez, seja verdadeQue uma nova era seDescortina e se anunciaNa terra, somente n\u00e3oV\u00ea quem n\u00e3o quer ouN\u00e3o est\u00e1 preparadoPara ver al\u00e9m do queOs olhos f\u00edsicos podemOu querem enxergar Talvez, a era de Aqu\u00e1rio,Um tempo novo deAutoconscientiza\u00e7\u00e3o e deEspiritualidade aflorada,Uma era do \u201ceu maior\u201d eDa expans\u00e3o da consci\u00eanciaIndividual e coletiva Uma \u00e9poca de novosValores, novas formas [&hellip;]\" \/>\n<meta property=\"og:url\" content=\"https:\/\/jornalfatosenoticias.com.br\/index.php\/2023\/06\/15\/a-nova-era\/\" \/>\n<meta property=\"og:site_name\" content=\"Jornal Fatos e Not\u00edcias\" \/>\n<meta property=\"article:published_time\" content=\"2023-06-15T20:24:33+00:00\" \/>\n<meta property=\"article:modified_time\" content=\"2023-06-15T20:24:34+00:00\" \/>\n<meta property=\"og:image\" content=\"https:\/\/jornalfatosenoticias.com.br\/wp-content\/uploads\/2023\/06\/Mario-Vieira.jpg\" \/>\n\t<meta property=\"og:image:width\" content=\"920\" \/>\n\t<meta property=\"og:image:height\" content=\"992\" \/>\n\t<meta property=\"og:image:type\" content=\"image\/jpeg\" \/>\n<meta name=\"author\" content=\"M\u00e1rio Vieira\" \/>\n<meta name=\"twitter:card\" content=\"summary_large_image\" \/>\n<meta name=\"twitter:label1\" content=\"Escrito por\" \/>\n\t<meta name=\"twitter:data1\" content=\"M\u00e1rio Vieira\" \/>\n\t<meta name=\"twitter:label2\" content=\"Est. tempo de leitura\" \/>\n\t<meta name=\"twitter:data2\" content=\"2 minutos\" \/>\n<script type=\"application\/ld+json\" class=\"yoast-schema-graph\">{\"@context\":\"https:\/\/schema.org\",\"@graph\":[{\"@type\":\"Article\",\"@id\":\"https:\/\/jornalfatosenoticias.com.br\/index.php\/2023\/06\/15\/a-nova-era\/#article\",\"isPartOf\":{\"@id\":\"https:\/\/jornalfatosenoticias.com.br\/index.php\/2023\/06\/15\/a-nova-era\/\"},\"author\":{\"name\":\"M\u00e1rio Vieira\",\"@id\":\"https:\/\/jornalfatosenoticias.com.br\/#\/schema\/person\/30ad7100d3327eb592fff379e3c2a827\"},\"headline\":\"A Nova Era\",\"datePublished\":\"2023-06-15T20:24:33+00:00\",\"dateModified\":\"2023-06-15T20:24:34+00:00\",\"mainEntityOfPage\":{\"@id\":\"https:\/\/jornalfatosenoticias.com.br\/index.php\/2023\/06\/15\/a-nova-era\/\"},\"wordCount\":408,\"commentCount\":0,\"publisher\":{\"@id\":\"https:\/\/jornalfatosenoticias.com.br\/#organization\"},\"image\":{\"@id\":\"https:\/\/jornalfatosenoticias.com.br\/index.php\/2023\/06\/15\/a-nova-era\/#primaryimage\"},\"thumbnailUrl\":\"https:\/\/jornalfatosenoticias.com.br\/wp-content\/uploads\/2023\/06\/Mario-Vieira.jpg\",\"keywords\":[\"cora\u00e7\u00e3o\",\"mente\",\"palavras\",\"poesia\",\"purifica\u00e7\u00e3o\"],\"articleSection\":[\"Cultura\"],\"inLanguage\":\"pt-BR\",\"potentialAction\":[{\"@type\":\"CommentAction\",\"name\":\"Comment\",\"target\":[\"https:\/\/jornalfatosenoticias.com.br\/index.php\/2023\/06\/15\/a-nova-era\/#respond\"]}]},{\"@type\":\"WebPage\",\"@id\":\"https:\/\/jornalfatosenoticias.com.br\/index.php\/2023\/06\/15\/a-nova-era\/\",\"url\":\"https:\/\/jornalfatosenoticias.com.br\/index.php\/2023\/06\/15\/a-nova-era\/\",\"name\":\"A Nova Era - Jornal Fatos e Not\u00edcias\",\"isPartOf\":{\"@id\":\"https:\/\/jornalfatosenoticias.com.br\/#website\"},\"primaryImageOfPage\":{\"@id\":\"https:\/\/jornalfatosenoticias.com.br\/index.php\/2023\/06\/15\/a-nova-era\/#primaryimage\"},\"image\":{\"@id\":\"https:\/\/jornalfatosenoticias.com.br\/index.php\/2023\/06\/15\/a-nova-era\/#primaryimage\"},\"thumbnailUrl\":\"https:\/\/jornalfatosenoticias.com.br\/wp-content\/uploads\/2023\/06\/Mario-Vieira.jpg\",\"datePublished\":\"2023-06-15T20:24:33+00:00\",\"dateModified\":\"2023-06-15T20:24:34+00:00\",\"breadcrumb\":{\"@id\":\"https:\/\/jornalfatosenoticias.com.br\/index.php\/2023\/06\/15\/a-nova-era\/#breadcrumb\"},\"inLanguage\":\"pt-BR\",\"potentialAction\":[{\"@type\":\"ReadAction\",\"target\":[\"https:\/\/jornalfatosenoticias.com.br\/index.php\/2023\/06\/15\/a-nova-era\/\"]}]},{\"@type\":\"ImageObject\",\"inLanguage\":\"pt-BR\",\"@id\":\"https:\/\/jornalfatosenoticias.com.br\/index.php\/2023\/06\/15\/a-nova-era\/#primaryimage\",\"url\":\"https:\/\/jornalfatosenoticias.com.br\/wp-content\/uploads\/2023\/06\/Mario-Vieira.jpg\",\"contentUrl\":\"https:\/\/jornalfatosenoticias.com.br\/wp-content\/uploads\/2023\/06\/Mario-Vieira.jpg\",\"width\":920,\"height\":992},{\"@type\":\"BreadcrumbList\",\"@id\":\"https:\/\/jornalfatosenoticias.com.br\/index.php\/2023\/06\/15\/a-nova-era\/#breadcrumb\",\"itemListElement\":[{\"@type\":\"ListItem\",\"position\":1,\"name\":\"In\u00edcio\",\"item\":\"https:\/\/jornalfatosenoticias.com.br\/\"},{\"@type\":\"ListItem\",\"position\":2,\"name\":\"A Nova Era\"}]},{\"@type\":\"WebSite\",\"@id\":\"https:\/\/jornalfatosenoticias.com.br\/#website\",\"url\":\"https:\/\/jornalfatosenoticias.com.br\/\",\"name\":\"Jornal Fatos e Not\u00edcias\",\"description\":\"Not\u00edcias em geral\",\"publisher\":{\"@id\":\"https:\/\/jornalfatosenoticias.com.br\/#organization\"},\"potentialAction\":[{\"@type\":\"SearchAction\",\"target\":{\"@type\":\"EntryPoint\",\"urlTemplate\":\"https:\/\/jornalfatosenoticias.com.br\/?s={search_term_string}\"},\"query-input\":{\"@type\":\"PropertyValueSpecification\",\"valueRequired\":true,\"valueName\":\"search_term_string\"}}],\"inLanguage\":\"pt-BR\"},{\"@type\":\"Organization\",\"@id\":\"https:\/\/jornalfatosenoticias.com.br\/#organization\",\"name\":\"Jornal Fatos e Not\u00edcias\",\"url\":\"https:\/\/jornalfatosenoticias.com.br\/\",\"logo\":{\"@type\":\"ImageObject\",\"inLanguage\":\"pt-BR\",\"@id\":\"https:\/\/jornalfatosenoticias.com.br\/#\/schema\/logo\/image\/\",\"url\":\"https:\/\/jornalfatosenoticias.com.br\/wp-content\/uploads\/2020\/02\/logo120.png\",\"contentUrl\":\"https:\/\/jornalfatosenoticias.com.br\/wp-content\/uploads\/2020\/02\/logo120.png\",\"width\":1227,\"height\":120,\"caption\":\"Jornal Fatos e Not\u00edcias\"},\"image\":{\"@id\":\"https:\/\/jornalfatosenoticias.com.br\/#\/schema\/logo\/image\/\"}},{\"@type\":\"Person\",\"@id\":\"https:\/\/jornalfatosenoticias.com.br\/#\/schema\/person\/30ad7100d3327eb592fff379e3c2a827\",\"name\":\"M\u00e1rio Vieira\",\"image\":{\"@type\":\"ImageObject\",\"inLanguage\":\"pt-BR\",\"@id\":\"https:\/\/jornalfatosenoticias.com.br\/#\/schema\/person\/image\/\",\"url\":\"https:\/\/jornalfatosenoticias.com.br\/wp-content\/uploads\/2023\/06\/MARIO-removebg-preview-150x150.png\",\"contentUrl\":\"https:\/\/jornalfatosenoticias.com.br\/wp-content\/uploads\/2023\/06\/MARIO-removebg-preview-150x150.png\",\"caption\":\"M\u00e1rio Vieira\"},\"description\":\"Capixaba, casado, autor e advogado\",\"url\":\"https:\/\/jornalfatosenoticias.com.br\/index.php\/author\/mario\/\"}]}<\/script>\n<!-- \/ Yoast SEO plugin. -->","yoast_head_json":{"title":"A Nova Era - Jornal Fatos e Not\u00edcias","robots":{"index":"index","follow":"follow","max-snippet":"max-snippet:-1","max-image-preview":"max-image-preview:large","max-video-preview":"max-video-preview:-1"},"canonical":"https:\/\/jornalfatosenoticias.com.br\/index.php\/2023\/06\/15\/a-nova-era\/","og_locale":"pt_BR","og_type":"article","og_title":"A Nova Era - Jornal Fatos e Not\u00edcias","og_description":"Talvez, seja verdadeQue uma nova era seDescortina e se anunciaNa terra, somente n\u00e3oV\u00ea quem n\u00e3o quer ouN\u00e3o est\u00e1 preparadoPara ver al\u00e9m do queOs olhos f\u00edsicos podemOu querem enxergar Talvez, a era de Aqu\u00e1rio,Um tempo novo deAutoconscientiza\u00e7\u00e3o e deEspiritualidade aflorada,Uma era do \u201ceu maior\u201d eDa expans\u00e3o da consci\u00eanciaIndividual e coletiva Uma \u00e9poca de novosValores, novas formas [&hellip;]","og_url":"https:\/\/jornalfatosenoticias.com.br\/index.php\/2023\/06\/15\/a-nova-era\/","og_site_name":"Jornal Fatos e Not\u00edcias","article_published_time":"2023-06-15T20:24:33+00:00","article_modified_time":"2023-06-15T20:24:34+00:00","og_image":[{"width":920,"height":992,"url":"https:\/\/jornalfatosenoticias.com.br\/wp-content\/uploads\/2023\/06\/Mario-Vieira.jpg","type":"image\/jpeg"}],"author":"M\u00e1rio Vieira","twitter_card":"summary_large_image","twitter_misc":{"Escrito por":"M\u00e1rio Vieira","Est. tempo de leitura":"2 minutos"},"schema":{"@context":"https:\/\/schema.org","@graph":[{"@type":"Article","@id":"https:\/\/jornalfatosenoticias.com.br\/index.php\/2023\/06\/15\/a-nova-era\/#article","isPartOf":{"@id":"https:\/\/jornalfatosenoticias.com.br\/index.php\/2023\/06\/15\/a-nova-era\/"},"author":{"name":"M\u00e1rio Vieira","@id":"https:\/\/jornalfatosenoticias.com.br\/#\/schema\/person\/30ad7100d3327eb592fff379e3c2a827"},"headline":"A Nova Era","datePublished":"2023-06-15T20:24:33+00:00","dateModified":"2023-06-15T20:24:34+00:00","mainEntityOfPage":{"@id":"https:\/\/jornalfatosenoticias.com.br\/index.php\/2023\/06\/15\/a-nova-era\/"},"wordCount":408,"commentCount":0,"publisher":{"@id":"https:\/\/jornalfatosenoticias.com.br\/#organization"},"image":{"@id":"https:\/\/jornalfatosenoticias.com.br\/index.php\/2023\/06\/15\/a-nova-era\/#primaryimage"},"thumbnailUrl":"https:\/\/jornalfatosenoticias.com.br\/wp-content\/uploads\/2023\/06\/Mario-Vieira.jpg","keywords":["cora\u00e7\u00e3o","mente","palavras","poesia","purifica\u00e7\u00e3o"],"articleSection":["Cultura"],"inLanguage":"pt-BR","potentialAction":[{"@type":"CommentAction","name":"Comment","target":["https:\/\/jornalfatosenoticias.com.br\/index.php\/2023\/06\/15\/a-nova-era\/#respond"]}]},{"@type":"WebPage","@id":"https:\/\/jornalfatosenoticias.com.br\/index.php\/2023\/06\/15\/a-nova-era\/","url":"https:\/\/jornalfatosenoticias.com.br\/index.php\/2023\/06\/15\/a-nova-era\/","name":"A Nova Era - Jornal Fatos e Not\u00edcias","isPartOf":{"@id":"https:\/\/jornalfatosenoticias.com.br\/#website"},"primaryImageOfPage":{"@id":"https:\/\/jornalfatosenoticias.com.br\/index.php\/2023\/06\/15\/a-nova-era\/#primaryimage"},"image":{"@id":"https:\/\/jornalfatosenoticias.com.br\/index.php\/2023\/06\/15\/a-nova-era\/#primaryimage"},"thumbnailUrl":"https:\/\/jornalfatosenoticias.com.br\/wp-content\/uploads\/2023\/06\/Mario-Vieira.jpg","datePublished":"2023-06-15T20:24:33+00:00","dateModified":"2023-06-15T20:24:34+00:00","breadcrumb":{"@id":"https:\/\/jornalfatosenoticias.com.br\/index.php\/2023\/06\/15\/a-nova-era\/#breadcrumb"},"inLanguage":"pt-BR","potentialAction":[{"@type":"ReadAction","target":["https:\/\/jornalfatosenoticias.com.br\/index.php\/2023\/06\/15\/a-nova-era\/"]}]},{"@type":"ImageObject","inLanguage":"pt-BR","@id":"https:\/\/jornalfatosenoticias.com.br\/index.php\/2023\/06\/15\/a-nova-era\/#primaryimage","url":"https:\/\/jornalfatosenoticias.com.br\/wp-content\/uploads\/2023\/06\/Mario-Vieira.jpg","contentUrl":"https:\/\/jornalfatosenoticias.com.br\/wp-content\/uploads\/2023\/06\/Mario-Vieira.jpg","width":920,"height":992},{"@type":"BreadcrumbList","@id":"https:\/\/jornalfatosenoticias.com.br\/index.php\/2023\/06\/15\/a-nova-era\/#breadcrumb","itemListElement":[{"@type":"ListItem","position":1,"name":"In\u00edcio","item":"https:\/\/jornalfatosenoticias.com.br\/"},{"@type":"ListItem","position":2,"name":"A Nova Era"}]},{"@type":"WebSite","@id":"https:\/\/jornalfatosenoticias.com.br\/#website","url":"https:\/\/jornalfatosenoticias.com.br\/","name":"Jornal Fatos e Not\u00edcias","description":"Not\u00edcias em geral","publisher":{"@id":"https:\/\/jornalfatosenoticias.com.br\/#organization"},"potentialAction":[{"@type":"SearchAction","target":{"@type":"EntryPoint","urlTemplate":"https:\/\/jornalfatosenoticias.com.br\/?s={search_term_string}"},"query-input":{"@type":"PropertyValueSpecification","valueRequired":true,"valueName":"search_term_string"}}],"inLanguage":"pt-BR"},{"@type":"Organization","@id":"https:\/\/jornalfatosenoticias.com.br\/#organization","name":"Jornal Fatos e Not\u00edcias","url":"https:\/\/jornalfatosenoticias.com.br\/","logo":{"@type":"ImageObject","inLanguage":"pt-BR","@id":"https:\/\/jornalfatosenoticias.com.br\/#\/schema\/logo\/image\/","url":"https:\/\/jornalfatosenoticias.com.br\/wp-content\/uploads\/2020\/02\/logo120.png","contentUrl":"https:\/\/jornalfatosenoticias.com.br\/wp-content\/uploads\/2020\/02\/logo120.png","width":1227,"height":120,"caption":"Jornal Fatos e Not\u00edcias"},"image":{"@id":"https:\/\/jornalfatosenoticias.com.br\/#\/schema\/logo\/image\/"}},{"@type":"Person","@id":"https:\/\/jornalfatosenoticias.com.br\/#\/schema\/person\/30ad7100d3327eb592fff379e3c2a827","name":"M\u00e1rio Vieira","image":{"@type":"ImageObject","inLanguage":"pt-BR","@id":"https:\/\/jornalfatosenoticias.com.br\/#\/schema\/person\/image\/","url":"https:\/\/jornalfatosenoticias.com.br\/wp-content\/uploads\/2023\/06\/MARIO-removebg-preview-150x150.png","contentUrl":"https:\/\/jornalfatosenoticias.com.br\/wp-content\/uploads\/2023\/06\/MARIO-removebg-preview-150x150.png","caption":"M\u00e1rio Vieira"},"description":"Capixaba, casado, autor e advogado","url":"https:\/\/jornalfatosenoticias.com.br\/index.php\/author\/mario\/"}]}},"cc_featured_image_caption":{"caption_text":"(Foto: Arquivo Pessoal) ","source_text":"","source_url":""},"jetpack_featured_media_url":"https:\/\/jornalfatosenoticias.com.br\/wp-content\/uploads\/2023\/06\/Mario-Vieira.jpg","_links":{"self":[{"href":"https:\/\/jornalfatosenoticias.com.br\/index.php\/wp-json\/wp\/v2\/posts\/42432","targetHints":{"allow":["GET"]}}],"collection":[{"href":"https:\/\/jornalfatosenoticias.com.br\/index.php\/wp-json\/wp\/v2\/posts"}],"about":[{"href":"https:\/\/jornalfatosenoticias.com.br\/index.php\/wp-json\/wp\/v2\/types\/post"}],"author":[{"embeddable":true,"href":"https:\/\/jornalfatosenoticias.com.br\/index.php\/wp-json\/wp\/v2\/users\/20"}],"replies":[{"embeddable":true,"href":"https:\/\/jornalfatosenoticias.com.br\/index.php\/wp-json\/wp\/v2\/comments?post=42432"}],"version-history":[{"count":0,"href":"https:\/\/jornalfatosenoticias.com.br\/index.php\/wp-json\/wp\/v2\/posts\/42432\/revisions"}],"wp:featuredmedia":[{"embeddable":true,"href":"https:\/\/jornalfatosenoticias.com.br\/index.php\/wp-json\/wp\/v2\/media\/42433"}],"wp:attachment":[{"href":"https:\/\/jornalfatosenoticias.com.br\/index.php\/wp-json\/wp\/v2\/media?parent=42432"}],"wp:term":[{"taxonomy":"category","embeddable":true,"href":"https:\/\/jornalfatosenoticias.com.br\/index.php\/wp-json\/wp\/v2\/categories?post=42432"},{"taxonomy":"post_tag","embeddable":true,"href":"https:\/\/jornalfatosenoticias.com.br\/index.php\/wp-json\/wp\/v2\/tags?post=42432"}],"curies":[{"name":"wp","href":"https:\/\/api.w.org\/{rel}","templated":true}]}}