{"id":42435,"date":"2023-06-15T17:31:06","date_gmt":"2023-06-15T20:31:06","guid":{"rendered":"https:\/\/jornalfatosenoticias.com.br\/?p=42435"},"modified":"2023-06-15T17:31:07","modified_gmt":"2023-06-15T20:31:07","slug":"astronomos-encontram-diamante-cosmico","status":"publish","type":"post","link":"https:\/\/jornalfatosenoticias.com.br\/index.php\/2023\/06\/15\/astronomos-encontram-diamante-cosmico\/","title":{"rendered":"Astr\u00f4nomos encontram \u2018diamante c\u00f3smico\u2019"},"content":{"rendered":"\n<p><em><span class=\"has-inline-color has-black-color\">Corpo celeste est\u00e1 em estrela morta<\/span><\/em><\/p>\n\n\n\n<p><em><span class=\"has-inline-color has-black-color\">Por<strong> <\/strong><\/span><\/em><strong><em><span class=\"has-inline-color has-black-color\">Est\u00eav\u00e3o J\u00fanior<\/span><\/em><\/strong><\/p>\n\n\n\n<div class=\"wp-block-image\"><figure class=\"aligncenter size-large\"><img loading=\"lazy\" decoding=\"async\" width=\"729\" height=\"90\" src=\"https:\/\/jornalfatosenoticias.com.br\/wp-content\/uploads\/2020\/02\/Logo_Mizu.png\" alt=\"\" class=\"wp-image-1441\" srcset=\"https:\/\/jornalfatosenoticias.com.br\/wp-content\/uploads\/2020\/02\/Logo_Mizu.png 729w, https:\/\/jornalfatosenoticias.com.br\/wp-content\/uploads\/2020\/02\/Logo_Mizu-300x37.png 300w\" sizes=\"auto, (max-width: 729px) 100vw, 729px\" \/><\/figure><\/div>\n\n\n\n<p>Uma equipe de astr\u00f4nomos encontrou um \u201cdiamante c\u00f3smico\u201d em uma estrela an\u00e3 branca, a 104 anos-luz da Terra. A descoberta foi <strong><a href=\"https:\/\/arxiv.org\/abs\/2306.03140\" target=\"_blank\" rel=\"noreferrer noopener\">publicada no site arXiv<\/a><\/strong>, em 5 de junho. De acordo com os pesquisadores, a an\u00e3 branca estudada \u00e9 composta de carbono e oxig\u00eanio met\u00e1lico. A massa e a temperatura da estrela revelam que seu centro est\u00e1 em um processo de transforma\u00e7\u00e3o para se tornar uma massa densa e dura de diamante.<\/p>\n\n\n\n<figure class=\"wp-block-embed-twitter wp-block-embed is-type-rich is-provider-twitter\"><div class=\"wp-block-embed__wrapper\">\n<blockquote class=\"twitter-tweet\" data-width=\"550\" data-dnt=\"true\"><p lang=\"en\" dir=\"ltr\">White Dwarf Star Enters Its Crystallization Era, Turning Into A &#39;Cosmic Diamond \ud83d\udc8e <br><br>As a certain type of dead star cools, it gradually hardens and crystallizes. <a href=\"https:\/\/twitter.com\/hashtag\/astronomy?src=hash&amp;ref_src=twsrc%5Etfw\">#astronomy<\/a> <a href=\"https:\/\/twitter.com\/hashtag\/science?src=hash&amp;ref_src=twsrc%5Etfw\">#science<\/a> <a href=\"https:\/\/twitter.com\/hashtag\/diamond?src=hash&amp;ref_src=twsrc%5Etfw\">#diamond<\/a> <a href=\"https:\/\/t.co\/WWcRnu0oKw\">pic.twitter.com\/WWcRnu0oKw<\/a><\/p>&mdash; Henrique Pereira (@Hickgeography) <a href=\"https:\/\/twitter.com\/Hickgeography\/status\/1667909431361961985?ref_src=twsrc%5Etfw\">June 11, 2023<\/a><\/blockquote><script async src=\"https:\/\/platform.twitter.com\/widgets.js\" charset=\"utf-8\"><\/script>\n<\/div><\/figure>\n\n\n\n<div class=\"wp-block-image\"><figure class=\"aligncenter size-large is-resized\"><img loading=\"lazy\" decoding=\"async\" src=\"https:\/\/jornalfatosenoticias.com.br\/wp-content\/uploads\/2023\/04\/Logo_MasterMind.jpg\" alt=\"\" class=\"wp-image-40974\" width=\"275\" height=\"200\"\/><\/figure><\/div>\n\n\n\n<p>Segundo o Centro de Astrof\u00edsica Harvard &amp; Smithsonian, assim como esta estrela, o Sol tamb\u00e9m vai se tornar uma an\u00e3 branca quando morrer, daqui a cinco bilh\u00f5es de anos. Provavelmente dois bilh\u00f5es de anos depois disso, o n\u00facleo de brasa do astro tamb\u00e9m se cristalizar\u00e1, o que vai deixar um diamante gigante no centro do Sistema Solar.<\/p>\n\n\n\n<div class=\"wp-block-image\"><figure class=\"aligncenter size-large is-resized\"><img loading=\"lazy\" decoding=\"async\" src=\"https:\/\/jornalfatosenoticias.com.br\/wp-content\/uploads\/2022\/02\/Banner-2.png\" alt=\"\" class=\"wp-image-27877\" width=\"239\" height=\"199\"\/><\/figure><\/div>\n\n\n\n<p>Os especialistas descobriram que a estrela an\u00e3 branca est\u00e1 gravitacionalmente ligada ao que seria um sistema de tr\u00eas estrelas batizado HD 190412, que na verdade era um sistema qu\u00e1druplo. A descoberta revela que pode haver muito mais desses sistemas do que o imaginado. <\/p>\n\n\n\n<div class=\"wp-block-image\"><figure class=\"aligncenter size-large is-resized\"><img loading=\"lazy\" decoding=\"async\" src=\"https:\/\/jornalfatosenoticias.com.br\/wp-content\/uploads\/2022\/02\/Precisao-Contabilidade-1024x724.jpg\" alt=\"\" class=\"wp-image-28088\" width=\"294\" height=\"208\"\/><\/figure><\/div>\n\n\n\n<blockquote class=\"wp-block-quote is-layout-flow wp-block-quote-is-layout-flow\"><p><span class=\"has-inline-color has-luminous-vivid-orange-color\">Neste trabalho relatamos que uma an\u00e3 branca recentemente descoberta \u00e9 uma companheira ligada \u00e0 estrela tripla HD 190412, formando um novo sistema semelhante a Sirius na vizinhan\u00e7a solar\u201d, escreveu a equipe de astr\u00f4nomos no estudo.<\/span><\/p><\/blockquote>\n\n\n\n<div class=\"wp-block-image\"><figure class=\"aligncenter size-large\"><img decoding=\"async\" src=\"https:\/\/jornalfatosenoticias.com.br\/wp-content\/uploads\/2020\/02\/barao-das-carnes-300x164-1.jpg\" alt=\"\" class=\"wp-image-34339\"\/><\/figure><\/div>\n\n\n\n<p><em><span class=\"has-inline-color has-black-color\">(<strong>Foto: <\/strong>Centro de Astrof\u00edsica\/Harvard &amp; Smithsonian)<\/span><\/em><\/p>\n\n\n\n<p><strong><em>Fonte: <a href=\"https:\/\/revistaoeste.com\/mundo\/astronomos-encontram-diamante-cosmico-em-estrela-morta\/\">Revista Oeste<\/a><\/em><\/strong><\/p>\n","protected":false},"excerpt":{"rendered":"<p>Corpo celeste est\u00e1 em estrela morta Por Est\u00eav\u00e3o J\u00fanior Uma equipe de astr\u00f4nomos encontrou um \u201cdiamante c\u00f3smico\u201d em uma estrela an\u00e3 branca, a 104 anos-luz da Terra. A descoberta foi publicada no site arXiv, em 5 de junho. De acordo com os pesquisadores, a an\u00e3 branca estudada \u00e9 composta de carbono e oxig\u00eanio met\u00e1lico. A [&hellip;]<\/p>\n","protected":false},"author":2,"featured_media":42436,"comment_status":"open","ping_status":"open","sticky":false,"template":"","format":"standard","meta":{"footnotes":""},"categories":[2],"tags":[6260,166,12230,19959,466],"class_list":["post-42435","post","type-post","status-publish","format-standard","has-post-thumbnail","hentry","category-ciencia","tag-ana-branca","tag-ciencia","tag-diamante","tag-estrela-ana-branca","tag-sol"],"yoast_head":"<!-- This site is optimized with the Yoast SEO plugin v26.5 - https:\/\/yoast.com\/wordpress\/plugins\/seo\/ -->\n<title>Astr\u00f4nomos encontram \u2018diamante c\u00f3smico\u2019 - Jornal Fatos e Not\u00edcias<\/title>\n<meta name=\"robots\" content=\"index, follow, max-snippet:-1, max-image-preview:large, max-video-preview:-1\" \/>\n<link rel=\"canonical\" href=\"https:\/\/jornalfatosenoticias.com.br\/index.php\/2023\/06\/15\/astronomos-encontram-diamante-cosmico\/\" \/>\n<meta property=\"og:locale\" content=\"pt_BR\" \/>\n<meta property=\"og:type\" content=\"article\" \/>\n<meta property=\"og:title\" content=\"Astr\u00f4nomos encontram \u2018diamante c\u00f3smico\u2019 - Jornal Fatos e Not\u00edcias\" \/>\n<meta property=\"og:description\" content=\"Corpo celeste est\u00e1 em estrela morta Por Est\u00eav\u00e3o J\u00fanior Uma equipe de astr\u00f4nomos encontrou um \u201cdiamante c\u00f3smico\u201d em uma estrela an\u00e3 branca, a 104 anos-luz da Terra. A descoberta foi publicada no site arXiv, em 5 de junho. De acordo com os pesquisadores, a an\u00e3 branca estudada \u00e9 composta de carbono e oxig\u00eanio met\u00e1lico. A [&hellip;]\" \/>\n<meta property=\"og:url\" content=\"https:\/\/jornalfatosenoticias.com.br\/index.php\/2023\/06\/15\/astronomos-encontram-diamante-cosmico\/\" \/>\n<meta property=\"og:site_name\" content=\"Jornal Fatos e Not\u00edcias\" \/>\n<meta property=\"article:published_time\" content=\"2023-06-15T20:31:06+00:00\" \/>\n<meta property=\"article:modified_time\" content=\"2023-06-15T20:31:07+00:00\" \/>\n<meta property=\"og:image\" content=\"https:\/\/jornalfatosenoticias.com.br\/wp-content\/uploads\/2023\/06\/diamante-cosmico.jpg\" \/>\n\t<meta property=\"og:image:width\" content=\"1000\" \/>\n\t<meta property=\"og:image:height\" content=\"404\" \/>\n\t<meta property=\"og:image:type\" content=\"image\/jpeg\" \/>\n<meta name=\"author\" content=\"Luzimara Fernandes\" \/>\n<meta name=\"twitter:card\" content=\"summary_large_image\" \/>\n<meta name=\"twitter:label1\" content=\"Escrito por\" \/>\n\t<meta name=\"twitter:data1\" content=\"Luzimara Fernandes\" \/>\n\t<meta name=\"twitter:label2\" content=\"Est. tempo de leitura\" \/>\n\t<meta name=\"twitter:data2\" content=\"1 minuto\" \/>\n<script type=\"application\/ld+json\" class=\"yoast-schema-graph\">{\"@context\":\"https:\/\/schema.org\",\"@graph\":[{\"@type\":\"Article\",\"@id\":\"https:\/\/jornalfatosenoticias.com.br\/index.php\/2023\/06\/15\/astronomos-encontram-diamante-cosmico\/#article\",\"isPartOf\":{\"@id\":\"https:\/\/jornalfatosenoticias.com.br\/index.php\/2023\/06\/15\/astronomos-encontram-diamante-cosmico\/\"},\"author\":{\"name\":\"Luzimara Fernandes\",\"@id\":\"https:\/\/jornalfatosenoticias.com.br\/#\/schema\/person\/d63837fa13ac8666eb9e74e0985d6f81\"},\"headline\":\"Astr\u00f4nomos encontram \u2018diamante c\u00f3smico\u2019\",\"datePublished\":\"2023-06-15T20:31:06+00:00\",\"dateModified\":\"2023-06-15T20:31:07+00:00\",\"mainEntityOfPage\":{\"@id\":\"https:\/\/jornalfatosenoticias.com.br\/index.php\/2023\/06\/15\/astronomos-encontram-diamante-cosmico\/\"},\"wordCount\":281,\"commentCount\":0,\"publisher\":{\"@id\":\"https:\/\/jornalfatosenoticias.com.br\/#organization\"},\"image\":{\"@id\":\"https:\/\/jornalfatosenoticias.com.br\/index.php\/2023\/06\/15\/astronomos-encontram-diamante-cosmico\/#primaryimage\"},\"thumbnailUrl\":\"https:\/\/jornalfatosenoticias.com.br\/wp-content\/uploads\/2023\/06\/diamante-cosmico.jpg\",\"keywords\":[\"an\u00e3 branca\",\"ci\u00eancia\",\"diamante\",\"estrela an\u00e3 branca\",\"Sol\"],\"articleSection\":[\"Ci\u00eancia\"],\"inLanguage\":\"pt-BR\",\"potentialAction\":[{\"@type\":\"CommentAction\",\"name\":\"Comment\",\"target\":[\"https:\/\/jornalfatosenoticias.com.br\/index.php\/2023\/06\/15\/astronomos-encontram-diamante-cosmico\/#respond\"]}]},{\"@type\":\"WebPage\",\"@id\":\"https:\/\/jornalfatosenoticias.com.br\/index.php\/2023\/06\/15\/astronomos-encontram-diamante-cosmico\/\",\"url\":\"https:\/\/jornalfatosenoticias.com.br\/index.php\/2023\/06\/15\/astronomos-encontram-diamante-cosmico\/\",\"name\":\"Astr\u00f4nomos encontram \u2018diamante c\u00f3smico\u2019 - Jornal Fatos e Not\u00edcias\",\"isPartOf\":{\"@id\":\"https:\/\/jornalfatosenoticias.com.br\/#website\"},\"primaryImageOfPage\":{\"@id\":\"https:\/\/jornalfatosenoticias.com.br\/index.php\/2023\/06\/15\/astronomos-encontram-diamante-cosmico\/#primaryimage\"},\"image\":{\"@id\":\"https:\/\/jornalfatosenoticias.com.br\/index.php\/2023\/06\/15\/astronomos-encontram-diamante-cosmico\/#primaryimage\"},\"thumbnailUrl\":\"https:\/\/jornalfatosenoticias.com.br\/wp-content\/uploads\/2023\/06\/diamante-cosmico.jpg\",\"datePublished\":\"2023-06-15T20:31:06+00:00\",\"dateModified\":\"2023-06-15T20:31:07+00:00\",\"breadcrumb\":{\"@id\":\"https:\/\/jornalfatosenoticias.com.br\/index.php\/2023\/06\/15\/astronomos-encontram-diamante-cosmico\/#breadcrumb\"},\"inLanguage\":\"pt-BR\",\"potentialAction\":[{\"@type\":\"ReadAction\",\"target\":[\"https:\/\/jornalfatosenoticias.com.br\/index.php\/2023\/06\/15\/astronomos-encontram-diamante-cosmico\/\"]}]},{\"@type\":\"ImageObject\",\"inLanguage\":\"pt-BR\",\"@id\":\"https:\/\/jornalfatosenoticias.com.br\/index.php\/2023\/06\/15\/astronomos-encontram-diamante-cosmico\/#primaryimage\",\"url\":\"https:\/\/jornalfatosenoticias.com.br\/wp-content\/uploads\/2023\/06\/diamante-cosmico.jpg\",\"contentUrl\":\"https:\/\/jornalfatosenoticias.com.br\/wp-content\/uploads\/2023\/06\/diamante-cosmico.jpg\",\"width\":1000,\"height\":404},{\"@type\":\"BreadcrumbList\",\"@id\":\"https:\/\/jornalfatosenoticias.com.br\/index.php\/2023\/06\/15\/astronomos-encontram-diamante-cosmico\/#breadcrumb\",\"itemListElement\":[{\"@type\":\"ListItem\",\"position\":1,\"name\":\"In\u00edcio\",\"item\":\"https:\/\/jornalfatosenoticias.com.br\/\"},{\"@type\":\"ListItem\",\"position\":2,\"name\":\"Astr\u00f4nomos encontram \u2018diamante c\u00f3smico\u2019\"}]},{\"@type\":\"WebSite\",\"@id\":\"https:\/\/jornalfatosenoticias.com.br\/#website\",\"url\":\"https:\/\/jornalfatosenoticias.com.br\/\",\"name\":\"Jornal Fatos e Not\u00edcias\",\"description\":\"Not\u00edcias em geral\",\"publisher\":{\"@id\":\"https:\/\/jornalfatosenoticias.com.br\/#organization\"},\"potentialAction\":[{\"@type\":\"SearchAction\",\"target\":{\"@type\":\"EntryPoint\",\"urlTemplate\":\"https:\/\/jornalfatosenoticias.com.br\/?s={search_term_string}\"},\"query-input\":{\"@type\":\"PropertyValueSpecification\",\"valueRequired\":true,\"valueName\":\"search_term_string\"}}],\"inLanguage\":\"pt-BR\"},{\"@type\":\"Organization\",\"@id\":\"https:\/\/jornalfatosenoticias.com.br\/#organization\",\"name\":\"Jornal Fatos e Not\u00edcias\",\"url\":\"https:\/\/jornalfatosenoticias.com.br\/\",\"logo\":{\"@type\":\"ImageObject\",\"inLanguage\":\"pt-BR\",\"@id\":\"https:\/\/jornalfatosenoticias.com.br\/#\/schema\/logo\/image\/\",\"url\":\"https:\/\/jornalfatosenoticias.com.br\/wp-content\/uploads\/2020\/02\/logo120.png\",\"contentUrl\":\"https:\/\/jornalfatosenoticias.com.br\/wp-content\/uploads\/2020\/02\/logo120.png\",\"width\":1227,\"height\":120,\"caption\":\"Jornal Fatos e Not\u00edcias\"},\"image\":{\"@id\":\"https:\/\/jornalfatosenoticias.com.br\/#\/schema\/logo\/image\/\"}},{\"@type\":\"Person\",\"@id\":\"https:\/\/jornalfatosenoticias.com.br\/#\/schema\/person\/d63837fa13ac8666eb9e74e0985d6f81\",\"name\":\"Luzimara Fernandes\",\"image\":{\"@type\":\"ImageObject\",\"inLanguage\":\"pt-BR\",\"@id\":\"https:\/\/jornalfatosenoticias.com.br\/#\/schema\/person\/image\/\",\"url\":\"https:\/\/jornalfatosenoticias.com.br\/wp-content\/uploads\/2025\/05\/EU_portal.jpg\",\"contentUrl\":\"https:\/\/jornalfatosenoticias.com.br\/wp-content\/uploads\/2025\/05\/EU_portal.jpg\",\"caption\":\"Luzimara Fernandes\"},\"description\":\"Jornalista MTB 2358-ES\",\"sameAs\":[\"https:\/\/jornalfatosenoticias.com.br\"],\"url\":\"https:\/\/jornalfatosenoticias.com.br\/index.php\/author\/luzimara\/\"}]}<\/script>\n<!-- \/ Yoast SEO plugin. -->","yoast_head_json":{"title":"Astr\u00f4nomos encontram \u2018diamante c\u00f3smico\u2019 - Jornal Fatos e Not\u00edcias","robots":{"index":"index","follow":"follow","max-snippet":"max-snippet:-1","max-image-preview":"max-image-preview:large","max-video-preview":"max-video-preview:-1"},"canonical":"https:\/\/jornalfatosenoticias.com.br\/index.php\/2023\/06\/15\/astronomos-encontram-diamante-cosmico\/","og_locale":"pt_BR","og_type":"article","og_title":"Astr\u00f4nomos encontram \u2018diamante c\u00f3smico\u2019 - Jornal Fatos e Not\u00edcias","og_description":"Corpo celeste est\u00e1 em estrela morta Por Est\u00eav\u00e3o J\u00fanior Uma equipe de astr\u00f4nomos encontrou um \u201cdiamante c\u00f3smico\u201d em uma estrela an\u00e3 branca, a 104 anos-luz da Terra. A descoberta foi publicada no site arXiv, em 5 de junho. De acordo com os pesquisadores, a an\u00e3 branca estudada \u00e9 composta de carbono e oxig\u00eanio met\u00e1lico. A [&hellip;]","og_url":"https:\/\/jornalfatosenoticias.com.br\/index.php\/2023\/06\/15\/astronomos-encontram-diamante-cosmico\/","og_site_name":"Jornal Fatos e Not\u00edcias","article_published_time":"2023-06-15T20:31:06+00:00","article_modified_time":"2023-06-15T20:31:07+00:00","og_image":[{"width":1000,"height":404,"url":"https:\/\/jornalfatosenoticias.com.br\/wp-content\/uploads\/2023\/06\/diamante-cosmico.jpg","type":"image\/jpeg"}],"author":"Luzimara Fernandes","twitter_card":"summary_large_image","twitter_misc":{"Escrito por":"Luzimara Fernandes","Est. tempo de leitura":"1 minuto"},"schema":{"@context":"https:\/\/schema.org","@graph":[{"@type":"Article","@id":"https:\/\/jornalfatosenoticias.com.br\/index.php\/2023\/06\/15\/astronomos-encontram-diamante-cosmico\/#article","isPartOf":{"@id":"https:\/\/jornalfatosenoticias.com.br\/index.php\/2023\/06\/15\/astronomos-encontram-diamante-cosmico\/"},"author":{"name":"Luzimara Fernandes","@id":"https:\/\/jornalfatosenoticias.com.br\/#\/schema\/person\/d63837fa13ac8666eb9e74e0985d6f81"},"headline":"Astr\u00f4nomos encontram \u2018diamante c\u00f3smico\u2019","datePublished":"2023-06-15T20:31:06+00:00","dateModified":"2023-06-15T20:31:07+00:00","mainEntityOfPage":{"@id":"https:\/\/jornalfatosenoticias.com.br\/index.php\/2023\/06\/15\/astronomos-encontram-diamante-cosmico\/"},"wordCount":281,"commentCount":0,"publisher":{"@id":"https:\/\/jornalfatosenoticias.com.br\/#organization"},"image":{"@id":"https:\/\/jornalfatosenoticias.com.br\/index.php\/2023\/06\/15\/astronomos-encontram-diamante-cosmico\/#primaryimage"},"thumbnailUrl":"https:\/\/jornalfatosenoticias.com.br\/wp-content\/uploads\/2023\/06\/diamante-cosmico.jpg","keywords":["an\u00e3 branca","ci\u00eancia","diamante","estrela an\u00e3 branca","Sol"],"articleSection":["Ci\u00eancia"],"inLanguage":"pt-BR","potentialAction":[{"@type":"CommentAction","name":"Comment","target":["https:\/\/jornalfatosenoticias.com.br\/index.php\/2023\/06\/15\/astronomos-encontram-diamante-cosmico\/#respond"]}]},{"@type":"WebPage","@id":"https:\/\/jornalfatosenoticias.com.br\/index.php\/2023\/06\/15\/astronomos-encontram-diamante-cosmico\/","url":"https:\/\/jornalfatosenoticias.com.br\/index.php\/2023\/06\/15\/astronomos-encontram-diamante-cosmico\/","name":"Astr\u00f4nomos encontram \u2018diamante c\u00f3smico\u2019 - Jornal Fatos e Not\u00edcias","isPartOf":{"@id":"https:\/\/jornalfatosenoticias.com.br\/#website"},"primaryImageOfPage":{"@id":"https:\/\/jornalfatosenoticias.com.br\/index.php\/2023\/06\/15\/astronomos-encontram-diamante-cosmico\/#primaryimage"},"image":{"@id":"https:\/\/jornalfatosenoticias.com.br\/index.php\/2023\/06\/15\/astronomos-encontram-diamante-cosmico\/#primaryimage"},"thumbnailUrl":"https:\/\/jornalfatosenoticias.com.br\/wp-content\/uploads\/2023\/06\/diamante-cosmico.jpg","datePublished":"2023-06-15T20:31:06+00:00","dateModified":"2023-06-15T20:31:07+00:00","breadcrumb":{"@id":"https:\/\/jornalfatosenoticias.com.br\/index.php\/2023\/06\/15\/astronomos-encontram-diamante-cosmico\/#breadcrumb"},"inLanguage":"pt-BR","potentialAction":[{"@type":"ReadAction","target":["https:\/\/jornalfatosenoticias.com.br\/index.php\/2023\/06\/15\/astronomos-encontram-diamante-cosmico\/"]}]},{"@type":"ImageObject","inLanguage":"pt-BR","@id":"https:\/\/jornalfatosenoticias.com.br\/index.php\/2023\/06\/15\/astronomos-encontram-diamante-cosmico\/#primaryimage","url":"https:\/\/jornalfatosenoticias.com.br\/wp-content\/uploads\/2023\/06\/diamante-cosmico.jpg","contentUrl":"https:\/\/jornalfatosenoticias.com.br\/wp-content\/uploads\/2023\/06\/diamante-cosmico.jpg","width":1000,"height":404},{"@type":"BreadcrumbList","@id":"https:\/\/jornalfatosenoticias.com.br\/index.php\/2023\/06\/15\/astronomos-encontram-diamante-cosmico\/#breadcrumb","itemListElement":[{"@type":"ListItem","position":1,"name":"In\u00edcio","item":"https:\/\/jornalfatosenoticias.com.br\/"},{"@type":"ListItem","position":2,"name":"Astr\u00f4nomos encontram \u2018diamante c\u00f3smico\u2019"}]},{"@type":"WebSite","@id":"https:\/\/jornalfatosenoticias.com.br\/#website","url":"https:\/\/jornalfatosenoticias.com.br\/","name":"Jornal Fatos e Not\u00edcias","description":"Not\u00edcias em geral","publisher":{"@id":"https:\/\/jornalfatosenoticias.com.br\/#organization"},"potentialAction":[{"@type":"SearchAction","target":{"@type":"EntryPoint","urlTemplate":"https:\/\/jornalfatosenoticias.com.br\/?s={search_term_string}"},"query-input":{"@type":"PropertyValueSpecification","valueRequired":true,"valueName":"search_term_string"}}],"inLanguage":"pt-BR"},{"@type":"Organization","@id":"https:\/\/jornalfatosenoticias.com.br\/#organization","name":"Jornal Fatos e Not\u00edcias","url":"https:\/\/jornalfatosenoticias.com.br\/","logo":{"@type":"ImageObject","inLanguage":"pt-BR","@id":"https:\/\/jornalfatosenoticias.com.br\/#\/schema\/logo\/image\/","url":"https:\/\/jornalfatosenoticias.com.br\/wp-content\/uploads\/2020\/02\/logo120.png","contentUrl":"https:\/\/jornalfatosenoticias.com.br\/wp-content\/uploads\/2020\/02\/logo120.png","width":1227,"height":120,"caption":"Jornal Fatos e Not\u00edcias"},"image":{"@id":"https:\/\/jornalfatosenoticias.com.br\/#\/schema\/logo\/image\/"}},{"@type":"Person","@id":"https:\/\/jornalfatosenoticias.com.br\/#\/schema\/person\/d63837fa13ac8666eb9e74e0985d6f81","name":"Luzimara Fernandes","image":{"@type":"ImageObject","inLanguage":"pt-BR","@id":"https:\/\/jornalfatosenoticias.com.br\/#\/schema\/person\/image\/","url":"https:\/\/jornalfatosenoticias.com.br\/wp-content\/uploads\/2025\/05\/EU_portal.jpg","contentUrl":"https:\/\/jornalfatosenoticias.com.br\/wp-content\/uploads\/2025\/05\/EU_portal.jpg","caption":"Luzimara Fernandes"},"description":"Jornalista MTB 2358-ES","sameAs":["https:\/\/jornalfatosenoticias.com.br"],"url":"https:\/\/jornalfatosenoticias.com.br\/index.php\/author\/luzimara\/"}]}},"cc_featured_image_caption":{"caption_text":"","source_text":"","source_url":""},"jetpack_featured_media_url":"https:\/\/jornalfatosenoticias.com.br\/wp-content\/uploads\/2023\/06\/diamante-cosmico.jpg","_links":{"self":[{"href":"https:\/\/jornalfatosenoticias.com.br\/index.php\/wp-json\/wp\/v2\/posts\/42435","targetHints":{"allow":["GET"]}}],"collection":[{"href":"https:\/\/jornalfatosenoticias.com.br\/index.php\/wp-json\/wp\/v2\/posts"}],"about":[{"href":"https:\/\/jornalfatosenoticias.com.br\/index.php\/wp-json\/wp\/v2\/types\/post"}],"author":[{"embeddable":true,"href":"https:\/\/jornalfatosenoticias.com.br\/index.php\/wp-json\/wp\/v2\/users\/2"}],"replies":[{"embeddable":true,"href":"https:\/\/jornalfatosenoticias.com.br\/index.php\/wp-json\/wp\/v2\/comments?post=42435"}],"version-history":[{"count":0,"href":"https:\/\/jornalfatosenoticias.com.br\/index.php\/wp-json\/wp\/v2\/posts\/42435\/revisions"}],"wp:featuredmedia":[{"embeddable":true,"href":"https:\/\/jornalfatosenoticias.com.br\/index.php\/wp-json\/wp\/v2\/media\/42436"}],"wp:attachment":[{"href":"https:\/\/jornalfatosenoticias.com.br\/index.php\/wp-json\/wp\/v2\/media?parent=42435"}],"wp:term":[{"taxonomy":"category","embeddable":true,"href":"https:\/\/jornalfatosenoticias.com.br\/index.php\/wp-json\/wp\/v2\/categories?post=42435"},{"taxonomy":"post_tag","embeddable":true,"href":"https:\/\/jornalfatosenoticias.com.br\/index.php\/wp-json\/wp\/v2\/tags?post=42435"}],"curies":[{"name":"wp","href":"https:\/\/api.w.org\/{rel}","templated":true}]}}