{"id":42450,"date":"2023-06-15T18:27:55","date_gmt":"2023-06-15T21:27:55","guid":{"rendered":"https:\/\/jornalfatosenoticias.com.br\/?p=42450"},"modified":"2023-06-15T18:27:56","modified_gmt":"2023-06-15T21:27:56","slug":"a-semana-em-brasilia-e-no-es-policia-federal-realiza-operacao-contra-o-senador-marcos-do-val","status":"publish","type":"post","link":"https:\/\/jornalfatosenoticias.com.br\/index.php\/2023\/06\/15\/a-semana-em-brasilia-e-no-es-policia-federal-realiza-operacao-contra-o-senador-marcos-do-val\/","title":{"rendered":"A Semana em Bras\u00edlia e no ES \u2014 Pol\u00edcia Federal realiza opera\u00e7\u00e3o contra o senador Marcos do Val"},"content":{"rendered":"\n<p><em><span class=\"has-inline-color has-black-color\">Buscas s\u00e3o realizadas a pedido do ministro Alexandre de Moraes, do Supremo Tribunal Federal<\/span><\/em><\/p>\n\n\n\n<div class=\"wp-block-image\"><figure class=\"aligncenter size-large\"><img loading=\"lazy\" decoding=\"async\" width=\"1024\" height=\"100\" src=\"https:\/\/jornalfatosenoticias.com.br\/wp-content\/uploads\/2020\/02\/banner_ferramentas-1024x100.jpg\" alt=\"\" class=\"wp-image-1258\" srcset=\"https:\/\/jornalfatosenoticias.com.br\/wp-content\/uploads\/2020\/02\/banner_ferramentas-1024x100.jpg 1024w, https:\/\/jornalfatosenoticias.com.br\/wp-content\/uploads\/2020\/02\/banner_ferramentas-300x29.jpg 300w, https:\/\/jornalfatosenoticias.com.br\/wp-content\/uploads\/2020\/02\/banner_ferramentas-768x75.jpg 768w, https:\/\/jornalfatosenoticias.com.br\/wp-content\/uploads\/2020\/02\/banner_ferramentas.jpg 1227w\" sizes=\"auto, (max-width: 1024px) 100vw, 1024px\" \/><\/figure><\/div>\n\n\n\n<p>A Pol\u00edcia Federal (PF) cumpre, na tarde desta quinta-feira (15), mandados de busca e apreens\u00e3o em diversos endere\u00e7os ligados ao senador <strong>Marcos do Val <\/strong>(Podemos-ES).<br>O pedido partiu do ministro do Supremo Tribunal Federal (STF) Alexandre de Moraes h\u00e1 algumas semanas. Entre os endere\u00e7os est\u00e3o: o apartamento funcional ocupado pelo senador em Bras\u00edlia, o gabinete dele no Congresso Nacional e um local no Esp\u00edrito Santo.<br>Al\u00e9m dos mandados de busca e apreens\u00e3o, o magistrado determinou que PF ou\u00e7a o senador o mais r\u00e1pido poss\u00edvel para apurar a suposta obstru\u00e7\u00e3o de justi\u00e7a \u2014 raz\u00e3o da realiza\u00e7\u00e3o da opera\u00e7\u00e3o. H\u00e1 dois dias, o senador usou o perfil no Twitter para divulgar documentos ent\u00e3o sigilosos da Ag\u00eancia Brasileira de Intelig\u00eancia.<\/p>\n\n\n\n<div class=\"wp-block-image\"><figure class=\"aligncenter size-large\"><img decoding=\"async\" src=\"https:\/\/jornalfatosenoticias.com.br\/wp-content\/uploads\/2020\/02\/barao-das-carnes-300x164-1.jpg\" alt=\"\" class=\"wp-image-34339\"\/><\/figure><\/div>\n\n\n\n<p>Em fevereiro deste ano, o ministro Alexandre de Moraes determinou a abertura de um inqu\u00e9rito contra o senador para apurar a suspeitas de crimes de falso testemunho, denuncia\u00e7\u00e3o caluniosa, coa\u00e7\u00e3o e divulga\u00e7\u00e3o de documentos sigilosos.<br>Antes disso, do Val fez uma transmiss\u00e3o ao vivo por uma rede social em que afirmava que a revista Veja publicaria uma mat\u00e9ria que supostamente mostraria que o ex-presidente Jair Bolsonaro tentou coagi-lo a realizar um <em>\u201cgolpe de Estado\u201d.<\/em><\/p>\n\n\n\n<div class=\"wp-block-image\"><figure class=\"aligncenter size-large is-resized\"><img loading=\"lazy\" decoding=\"async\" src=\"https:\/\/jornalfatosenoticias.com.br\/wp-content\/uploads\/2023\/03\/nova-logo-Marquetti.jpg\" alt=\"\" class=\"wp-image-40207\" width=\"262\" height=\"176\" srcset=\"https:\/\/jornalfatosenoticias.com.br\/wp-content\/uploads\/2023\/03\/nova-logo-Marquetti.jpg 643w, https:\/\/jornalfatosenoticias.com.br\/wp-content\/uploads\/2023\/03\/nova-logo-Marquetti-300x202.jpg 300w\" sizes=\"auto, (max-width: 262px) 100vw, 262px\" \/><\/figure><\/div>\n\n\n\n<p>Depois disso, Marcos do Val fez uma postagem no Instagram afirmando que pretendia sair \u201cdefinitivamente da pol\u00edtica\u201d. Ele declarou que, durante quatro anos, se dedicou exclusivamente ao Senado, deixando de conviver com a fam\u00edlia. Na ocasi\u00e3o, avisou que pretendia pedir afastamento do cargo, para o qual foi eleito em 2018 e cujo mandato, de oito anos, vai at\u00e9 fevereiro de 2026.<\/p>\n\n\n\n<blockquote class=\"wp-block-quote is-layout-flow wp-block-quote-is-layout-flow\"><p><span class=\"has-inline-color has-luminous-vivid-orange-color\">Nos pr\u00f3ximos dias, darei entrada no pedido de afastamento do Senado e voltarei para a minha carreira nos EUA\u201d, escreveu o senador. \u201cN\u00e3o adianta ser transparente, honesto e lutar por um Brasil melhor, sem os ataques e as ofensas que seguem da mesma forma\u201d.<\/span><\/p><\/blockquote>\n\n\n\n<div class=\"wp-block-image\"><figure class=\"aligncenter size-large is-resized\"><img loading=\"lazy\" decoding=\"async\" src=\"https:\/\/jornalfatosenoticias.com.br\/wp-content\/uploads\/2022\/08\/arte-Casarao.jpg\" alt=\"\" class=\"wp-image-33178\" width=\"268\" height=\"223\"\/><\/figure><\/div>\n\n\n\n<p><strong><span class=\"has-inline-color has-black-color\">Cr\u00edticas contra Alexandre de Moraes<br><\/span><\/strong>Na quarta-feira 14, Marcos do Val fez uma publica\u00e7\u00e3o afirmando que as decis\u00f5es do ministro Alexandre de Moares s\u00e3o \u201canticonstitucionais\u201d e que caberia aos senadores \u201cfiscalizar, afastar e at\u00e9 \u2018impeachmar\u2019 ministros do STF\u201d. Agora, no entanto, o Twitter do senador foi bloqueado em cumprimento da ordem contra parlamentar. <em><span class=\"has-inline-color has-black-color\">(Fonte: Revista Oeste)<\/span><\/em><\/p>\n\n\n\n<hr class=\"wp-block-separator\"\/>\n\n\n\n<h3 class=\"wp-block-heading\"><strong><span class=\"has-inline-color has-black-color\">Yuval<\/span><\/strong><\/h3>\n\n\n\n<div class=\"wp-block-image\"><figure class=\"aligncenter size-large\"><img loading=\"lazy\" decoding=\"async\" width=\"1024\" height=\"576\" src=\"https:\/\/jornalfatosenoticias.com.br\/wp-content\/uploads\/2023\/06\/AI-528-1024x576.jpg\" alt=\"\" class=\"wp-image-42451\" srcset=\"https:\/\/jornalfatosenoticias.com.br\/wp-content\/uploads\/2023\/06\/AI-528-1024x576.jpg 1024w, https:\/\/jornalfatosenoticias.com.br\/wp-content\/uploads\/2023\/06\/AI-528-300x169.jpg 300w, https:\/\/jornalfatosenoticias.com.br\/wp-content\/uploads\/2023\/06\/AI-528-768x432.jpg 768w, https:\/\/jornalfatosenoticias.com.br\/wp-content\/uploads\/2023\/06\/AI-528.jpg 1280w\" sizes=\"auto, (max-width: 1024px) 100vw, 1024px\" \/><figcaption><em><span class=\"has-inline-color has-black-color\">(Imagem: YouTube)<\/span><\/em><\/figcaption><\/figure><\/div>\n\n\n\n<p>O escritor Yuval publicou o v\u00eddeo de sua participa\u00e7\u00e3o nas redes sociais no dia 06 de junho. Ele sustenta que o poder da intelig\u00eancia artificial (AI) pode ser aproveitada e aplicado para remodelar a religi\u00e3o sob a perspectiva globalista do F\u00f3rum Econ\u00f4mico Mundial de \u201cequidade\u201d e inclus\u00e3o.<br>Em conversa com o jornalista portugu\u00eas Pedro Pinto, Yuval disse \u00e0 plateia que a intelig\u00eancia artificial \u00e9 \u201ca primeira tecnologia que pode criar novas ideias\u201d. \u201cVoc\u00ea sabe, a imprensa, o r\u00e1dio, a televis\u00e3o, eles transmitem, eles divulgam as ideias criadas pelo c\u00e9rebro humano, pela mente humana. Eles n\u00e3o podem criar uma ideia nova\u201d. Citando a impress\u00e3o da B\u00edblia de Gutenberg, Yuval disse que embora a imprensa tenha imprimido tantas c\u00f3pias da B\u00edblia, n\u00e3o foi capaz de criar uma \u201cnova p\u00e1gina\u201d.<\/p>\n\n\n\n<div class=\"wp-block-image\"><figure class=\"aligncenter size-large is-resized\"><img loading=\"lazy\" decoding=\"async\" src=\"https:\/\/jornalfatosenoticias.com.br\/wp-content\/uploads\/2022\/07\/Logo-Grupo-SEI.jpg\" alt=\"\" class=\"wp-image-31973\" width=\"296\" height=\"155\" srcset=\"https:\/\/jornalfatosenoticias.com.br\/wp-content\/uploads\/2022\/07\/Logo-Grupo-SEI.jpg 713w, https:\/\/jornalfatosenoticias.com.br\/wp-content\/uploads\/2022\/07\/Logo-Grupo-SEI-300x158.jpg 300w\" sizes=\"auto, (max-width: 296px) 100vw, 296px\" \/><\/figure><\/div>\n\n\n\n<p>O globalista revelou, ent\u00e3o, que a solu\u00e7\u00e3o para os supostos problemas da religi\u00e3o seria a reescritura das escrituras atrav\u00e9s da intelig\u00eancia artificial. \u201cA IA pode criar novas ideias; pode at\u00e9 escrever uma nova B\u00edblia\u201d, afirmou. \u201cAo longo da hist\u00f3ria, as religi\u00f5es sonharam em ter um livro escrito por uma intelig\u00eancia sobre-humana, por uma entidade n\u00e3o humana\u201d, acrescentou.<br>\u201cEm alguns anos, pode haver religi\u00f5es que s\u00e3o realmente corretas (\u2026) basta pensar em uma religi\u00e3o cujo livro sagrado \u00e9 escrito por uma intelig\u00eancia artificial. Isso pode ser uma realidade em alguns anos\u201d, concluiu.<\/p>\n\n\n\n<div class=\"wp-block-image\"><figure class=\"aligncenter size-large is-resized\"><img loading=\"lazy\" decoding=\"async\" src=\"https:\/\/jornalfatosenoticias.com.br\/wp-content\/uploads\/2022\/10\/RC_800x750_page-0001.jpg\" alt=\"\" class=\"wp-image-35338\" width=\"262\" height=\"246\" srcset=\"https:\/\/jornalfatosenoticias.com.br\/wp-content\/uploads\/2022\/10\/RC_800x750_page-0001.jpg 400w, https:\/\/jornalfatosenoticias.com.br\/wp-content\/uploads\/2022\/10\/RC_800x750_page-0001-300x281.jpg 300w\" sizes=\"auto, (max-width: 262px) 100vw, 262px\" \/><\/figure><\/div>\n\n\n\n<hr class=\"wp-block-separator\"\/>\n\n\n\n<p><strong><span class=\"has-inline-color has-black-color\">Foro de S\u00e3o Paulo<br><\/span><\/strong>Reuni\u00e3o de ditadores que v\u00eam governando seus pa\u00edses \u00e0 bala, o Foro de S\u00e3o Paulo acontecer\u00e1 no final deste m\u00eas. Mais uma edi\u00e7\u00e3o desta atrocidade. Desde seu in\u00edcio, 1990, o que vimos na Am\u00e9rica Latina foi um projeto de poder perverso e s\u00f3 trouxe mis\u00e9ria para o continente americano.<\/p>\n\n\n\n<div class=\"wp-block-image\"><figure class=\"aligncenter size-large is-resized\"><img loading=\"lazy\" decoding=\"async\" src=\"https:\/\/jornalfatosenoticias.com.br\/wp-content\/uploads\/2022\/02\/Banner-2.png\" alt=\"\" class=\"wp-image-27877\" width=\"275\" height=\"229\"\/><\/figure><\/div>\n\n\n\n<hr class=\"wp-block-separator\"\/>\n\n\n\n<h3 class=\"wp-block-heading\"><span class=\"has-inline-color has-black-color\">Foro de S\u00e3o Paulo cobra ingressos em d\u00f3lares para encontro em Bras\u00edlia no final do m\u00eas<\/span><\/h3>\n\n\n\n<div class=\"wp-block-image\"><figure class=\"aligncenter size-large\"><img loading=\"lazy\" decoding=\"async\" width=\"578\" height=\"723\" src=\"https:\/\/jornalfatosenoticias.com.br\/wp-content\/uploads\/2023\/06\/FORO-DE-SP-COBRA-INGRESSOS-EM-DOLAR.jpg\" alt=\"\" class=\"wp-image-42452\" srcset=\"https:\/\/jornalfatosenoticias.com.br\/wp-content\/uploads\/2023\/06\/FORO-DE-SP-COBRA-INGRESSOS-EM-DOLAR.jpg 578w, https:\/\/jornalfatosenoticias.com.br\/wp-content\/uploads\/2023\/06\/FORO-DE-SP-COBRA-INGRESSOS-EM-DOLAR-240x300.jpg 240w\" sizes=\"auto, (max-width: 578px) 100vw, 578px\" \/><figcaption><em><span class=\"has-inline-color has-black-color\">(Imagem: Facebook)<\/span><\/em><\/figcaption><\/figure><\/div>\n\n\n\n<p>A 26\u00aa Reuni\u00e3o do Foro de S\u00e3o Paulo, que ser\u00e1 realizada entre os dias 29 de junho e 2 de julho em Bras\u00edlia, est\u00e1 vendendo ingressos em d\u00f3lares para quem quiser participar do evento. O grupo de partidos e organiza\u00e7\u00f5es de esquerda vai cobrar US$ 250 (R$ 1,2 mil) para membros e US$ 50 (R$ 243) para acesso individual.<br>A cobran\u00e7a de ingresso em d\u00f3lar ocorre em meio ao discurso cr\u00edtico do que seria um \u201cimperialismo estadunidense\u201d e numa busca de l\u00edderes latino-americanos \u2014 como Luiz In\u00e1cio Lula da Silva (PT) \u2014 por uma menor depend\u00eancia da moeda.<\/p>\n\n\n\n<div class=\"wp-block-image\"><figure class=\"aligncenter size-large is-resized\"><img loading=\"lazy\" decoding=\"async\" src=\"https:\/\/jornalfatosenoticias.com.br\/wp-content\/uploads\/2020\/02\/logo-embacia.jpg\" alt=\"\" class=\"wp-image-33905\" width=\"253\" height=\"253\"\/><\/figure><\/div>\n\n\n\n<p>O encontro em Bras\u00edlia foi motivado principalmente pela elei\u00e7\u00e3o de Lula que, desde o in\u00edcio do novo governo, vem tentando estreitar a rela\u00e7\u00e3o com as na\u00e7\u00f5es do continente, inclusive com a ditadura venezuelana de Nicol\u00e1s Maduro.<br>A edi\u00e7\u00e3o deste ano do encontro ter\u00e1 uma programa\u00e7\u00e3o com discuss\u00f5es que envolvem desde pol\u00edticas de integra\u00e7\u00e3o dos pa\u00edses e governos de esquerda at\u00e9 a uma an\u00e1lise e debates sobre o uso das redes sociais e \u201cplataformas de luta do movimento sindical e popular\u201d, segundo explica o site do encontro sem detalhar o que deve ser discutido. Ser\u00e3o dois pain\u00e9is voltados a esse tema ao longo de um dia inteiro.<\/p>\n\n\n\n<div class=\"wp-block-image\"><figure class=\"aligncenter size-large is-resized\"><img loading=\"lazy\" decoding=\"async\" src=\"https:\/\/jornalfatosenoticias.com.br\/wp-content\/uploads\/2023\/04\/Logo_MasterMind.jpg\" alt=\"\" class=\"wp-image-40974\" width=\"256\" height=\"186\"\/><\/figure><\/div>\n\n\n\n<p>Tamb\u00e9m ser\u00e1 realizado um painel voltado especificamente para a \u201csitua\u00e7\u00e3o brasileira e as pol\u00edticas de governo\u201d, que deve ter uma an\u00e1lise sobre o cen\u00e1rio pol\u00edtico nacional e a pr\u00f3pria elei\u00e7\u00e3o de Lula com a volta do PT ao poder. O partido, inclusive, ter\u00e1 uma festa de confraterniza\u00e7\u00e3o como parte da programa\u00e7\u00e3o oficial do Foro no pen\u00faltimo dia. <em><span class=\"has-inline-color has-black-color\">(Fonte: Gazeta do Povo)<\/span><\/em><\/p>\n\n\n\n<hr class=\"wp-block-separator\"\/>\n\n\n\n<h3 class=\"wp-block-heading\"><strong><span class=\"has-inline-color has-black-color\">Lula diz que problema com o agroneg\u00f3cio \u00e9 \u201cideol\u00f3gico\u201d e n\u00e3o de dinheiro ou Plano Safra<\/span><\/strong><\/h3>\n\n\n\n<div class=\"wp-block-image\"><figure class=\"aligncenter size-large\"><img loading=\"lazy\" decoding=\"async\" width=\"960\" height=\"540\" src=\"https:\/\/jornalfatosenoticias.com.br\/wp-content\/uploads\/2023\/06\/lula-528.jpg\" alt=\"\" class=\"wp-image-42453\" srcset=\"https:\/\/jornalfatosenoticias.com.br\/wp-content\/uploads\/2023\/06\/lula-528.jpg 960w, https:\/\/jornalfatosenoticias.com.br\/wp-content\/uploads\/2023\/06\/lula-528-300x169.jpg 300w, https:\/\/jornalfatosenoticias.com.br\/wp-content\/uploads\/2023\/06\/lula-528-768x432.jpg 768w\" sizes=\"auto, (max-width: 960px) 100vw, 960px\" \/><figcaption><em><span class=\"has-inline-color has-black-color\">(Foto: Reprodu\u00e7\u00e3o\/YouTube)<\/span><\/em><\/figcaption><\/figure><\/div>\n\n\n\n<p>Em mais um epis\u00f3dio de diferen\u00e7as com o agroneg\u00f3cio, que vem tendo uma rela\u00e7\u00e3o conflituosa desde a elei\u00e7\u00e3o do ano passado, Luiz In\u00e1cio Lula da Silva (PT) disse, na manh\u00e3 desta quinta (15), que o problema com o setor \u00e9 \u201cideol\u00f3gico\u201d, e n\u00e3o de falta de dinheiro ou de um bom Plano Safra.<br>A afirma\u00e7\u00e3o foi dada durante uma entrevista a um grupo de r\u00e1dios do estado de Goi\u00e1s, onde Lula estar\u00e1 na sexta (16) para inaugurar um trecho da Ferrovia Norte-Sul, na cidade de Rio Verde.<\/p>\n\n\n\n<div class=\"wp-block-image\"><figure class=\"aligncenter size-large\"><img loading=\"lazy\" decoding=\"async\" width=\"300\" height=\"222\" src=\"https:\/\/jornalfatosenoticias.com.br\/wp-content\/uploads\/2023\/03\/logo_Juliana-Graca.jpg\" alt=\"\" class=\"wp-image-39283\"\/><\/figure><\/div>\n\n\n\n<p>Durante a entrevista, o presidente foi questionado sobre a rela\u00e7\u00e3o com o setor, que j\u00e1 chamou produtores de \u201cfascistas e negacionistas\u201d em discursos oficiais. Lula disse que \u201co problema deles conosco \u00e9 ideol\u00f3gico, n\u00e3o \u00e9 problema de dinheiro a mais no Plano Safra\u201d.<br>\u201cEu n\u00e3o quero saber se o produtor rural gosta de mim ou n\u00e3o. N\u00e3o \u00e9 isso que est\u00e1 em jogo\u201d, disse ressaltando que \u201co que est\u00e1 em jogo\u201d \u00e9 a recupera\u00e7\u00e3o e aumento da capacidade produtiva do pa\u00eds sem desmatamento e sem queimada. Ele repetiu a informa\u00e7\u00e3o de que h\u00e1 mais de 30 milh\u00f5es de hectares de terras degradadas \u201cque podem ser recuperadas e que podemos dobrar nossa produ\u00e7\u00e3o agr\u00edcola\u201d. <em><span class=\"has-inline-color has-black-color\">(Fonte: Gazeta do Povo)<\/span><\/em><\/p>\n\n\n\n<div class=\"wp-block-image\"><figure class=\"aligncenter size-large is-resized\"><img loading=\"lazy\" decoding=\"async\" src=\"https:\/\/jornalfatosenoticias.com.br\/wp-content\/uploads\/2023\/03\/Crypton-1000-\u00d7-900-px-300x270-1.png\" alt=\"\" class=\"wp-image-40206\" width=\"260\" height=\"234\"\/><\/figure><\/div>\n\n\n\n<hr class=\"wp-block-separator\"\/>\n\n\n\n<h3 class=\"wp-block-heading\"><strong><span class=\"has-inline-color has-black-color\">Atua\u00e7\u00e3o de grupos criminosos acelera a devasta\u00e7\u00e3o da Amaz\u00f4nia colombiana<\/span><\/strong><\/h3>\n\n\n\n<div class=\"wp-block-image\"><figure class=\"aligncenter size-large\"><img loading=\"lazy\" decoding=\"async\" width=\"960\" height=\"540\" src=\"https:\/\/jornalfatosenoticias.com.br\/wp-content\/uploads\/2023\/06\/amazonia.colombiana-528.jpg\" alt=\"\" class=\"wp-image-42454\" srcset=\"https:\/\/jornalfatosenoticias.com.br\/wp-content\/uploads\/2023\/06\/amazonia.colombiana-528.jpg 960w, https:\/\/jornalfatosenoticias.com.br\/wp-content\/uploads\/2023\/06\/amazonia.colombiana-528-300x169.jpg 300w, https:\/\/jornalfatosenoticias.com.br\/wp-content\/uploads\/2023\/06\/amazonia.colombiana-528-768x432.jpg 768w\" sizes=\"auto, (max-width: 960px) 100vw, 960px\" \/><figcaption><em><span class=\"has-inline-color has-black-color\">(Foto: EFE\/Juan Diego L\u00f3pez)<\/span><\/em><\/figcaption><\/figure><\/div>\n\n\n\n<p>A Amaz\u00f4nia colombiana se tornou alvo de aten\u00e7\u00e3o mundial desde o in\u00edcio de maio, devido ao caso das quatro crian\u00e7as que ficaram mais de um m\u00eas desaparecidas na floresta ap\u00f3s a queda de um avi\u00e3o \u2014 e que finalmente foram encontradas com vida na \u00faltima sexta-feira (9). Entretanto, a exemplo do que ocorre com a Amaz\u00f4nia venezuelana, a por\u00e7\u00e3o da floresta localizada em territ\u00f3rio colombiano (que tem pouco mais de 39 milh\u00f5es de hectares, o correspondente a menos de 10% do total da \u00e1rea amaz\u00f4nica) n\u00e3o costuma ser t\u00e3o falada quanto a brasileira. Entretanto, vem sofrendo uma press\u00e3o crescente, que inclusive foi um dos temas da reuni\u00e3o entre Luiz In\u00e1cio Lula da Silva e Gustavo Petro no final de maio.<\/p>\n\n\n\n<div class=\"wp-block-image\"><figure class=\"aligncenter size-large is-resized\"><img loading=\"lazy\" decoding=\"async\" src=\"https:\/\/jornalfatosenoticias.com.br\/wp-content\/uploads\/2023\/03\/logo-Panper_portal.jpg\" alt=\"\" class=\"wp-image-40208\" width=\"245\" height=\"170\" srcset=\"https:\/\/jornalfatosenoticias.com.br\/wp-content\/uploads\/2023\/03\/logo-Panper_portal.jpg 400w, https:\/\/jornalfatosenoticias.com.br\/wp-content\/uploads\/2023\/03\/logo-Panper_portal-300x208.jpg 300w\" sizes=\"auto, (max-width: 245px) 100vw, 245px\" \/><\/figure><\/div>\n\n\n\n<p>As estat\u00edsticas e os especialistas ambientais apontam que o desmatamento aumentou desde o acordo de paz entre o governo da Col\u00f4mbia e a guerrilha For\u00e7as Armadas Revolucion\u00e1rias da Col\u00f4mbia (Farc). \u201cO acordo indicou o fim da conserva\u00e7\u00e3o sob a mira de armas liderada pelas Farc. Sinalizou o in\u00edcio de novas atividades de uso da terra, como a pecu\u00e1ria, promovida por cart\u00e9is de drogas e grandes latifundi\u00e1rios que buscam capitalizar a partir de pol\u00edticas fundi\u00e1rias mais favor\u00e1veis\u201d, apontou uma reportagem de fevereiro da revista Nature.<\/p>\n\n\n\n<div class=\"wp-block-image\"><figure class=\"aligncenter size-large is-resized\"><img loading=\"lazy\" decoding=\"async\" src=\"https:\/\/jornalfatosenoticias.com.br\/wp-content\/uploads\/2020\/02\/casa-do-torresmo_portal.jpg\" alt=\"\" class=\"wp-image-34472\" width=\"231\" height=\"231\" srcset=\"https:\/\/jornalfatosenoticias.com.br\/wp-content\/uploads\/2020\/02\/casa-do-torresmo_portal.jpg 300w, https:\/\/jornalfatosenoticias.com.br\/wp-content\/uploads\/2020\/02\/casa-do-torresmo_portal-150x150.jpg 150w\" sizes=\"auto, (max-width: 231px) 100vw, 231px\" \/><\/figure><\/div>\n\n\n\n<p>Segundo dados do Instituto de Hidrologia, Meteorologia e Estudos Ambientais (Ideam), em 2016, ano em que o acordo com as Farc foi assinado, houve um desmatamento de 178.597 hectares, um aumento de 44% em rela\u00e7\u00e3o a 2015. Entre 2020 e 2022, foram perdidos 294 mil hectares, o equivalente a 0,75%, da Amaz\u00f4nia colombiana.<br>As Farc n\u00e3o mantinham as \u00e1rvores em p\u00e9 porque tinham \u201cconsci\u00eancia ambiental\u201d. Longe disso: o interesse da guerrilha era utilizar a mata cerrada para se esconder das for\u00e7as de seguran\u00e7a. Ao mesmo tempo, as Farc promoviam a deteriora\u00e7\u00e3o da Amaz\u00f4nia colombiana de outras maneiras, ao realizar diretamente ou permitir atividades degradantes para o bioma, como o plantio de coca, minera\u00e7\u00e3o ilegal e ataques \u00e0 infraestrutura petrol\u00edfera que contaminaram rios da regi\u00e3o.<\/p>\n\n\n\n<div class=\"wp-block-image\"><figure class=\"aligncenter size-large\"><img decoding=\"async\" src=\"https:\/\/jornalfatosenoticias.com.br\/wp-content\/uploads\/2020\/02\/logo_esteio.jpg\" alt=\"\" class=\"wp-image-1214\"\/><\/figure><\/div>\n\n\n\n<p>Um estudo de 2021, do qual participaram v\u00e1rias organiza\u00e7\u00f5es ligadas ao meio ambiente, apontou que hoje a devasta\u00e7\u00e3o \u00e9 promovida por grupos armados ilegais, atores privados e funcion\u00e1rios p\u00fablicos corruptos.<br>\u201cComunidades locais, organiza\u00e7\u00f5es n\u00e3o governamentais e institui\u00e7\u00f5es estatais que tentam proteger a Amaz\u00f4nia entraram em conflito com os interesses desses grupos poderosos e, como consequ\u00eancia, tornaram-se cada vez mais alvos de ataques\u201d, disse Juan Carlos Garz\u00f3n, pesquisador da Ideas for Peace Foundation e um dos autores do estudo.<br>Ap\u00f3s o resgaste das quatro crian\u00e7as ind\u00edgenas na \u00faltima sexta-feira, o pai das duas sobreviventes mais jovens relatou que elas estavam fugindo de um grupo armado que recruta menores \u00e0 for\u00e7a e que passou a controlar a regi\u00e3o onde fica a reserva ind\u00edgena onde vivem, no sul da Amaz\u00f4nia colombiana.<\/p>\n\n\n\n<div class=\"wp-block-image\"><figure class=\"aligncenter size-large is-resized\"><img loading=\"lazy\" decoding=\"async\" src=\"https:\/\/jornalfatosenoticias.com.br\/wp-content\/uploads\/2022\/02\/Precisao-Contabilidade-1024x724.jpg\" alt=\"\" class=\"wp-image-28088\" width=\"302\" height=\"213\"\/><\/figure><\/div>\n\n\n\n<p>De acordo com a Nature, a pecu\u00e1ria atualmente \u00e9 o principal fator de press\u00e3o sobre a floresta, com os plantios de coca exercendo um papel menor. \u201cH\u00e1 evid\u00eancias de uma convers\u00e3o recente e explosiva de florestas para a pecu\u00e1ria fora da fronteira agr\u00edcola e dentro de \u00e1reas protegidas desde a fase de negocia\u00e7\u00e3o do acordo de paz. Em contraste, a coca \u00e9 notavelmente persistente, sugerindo que os programas de substitui\u00e7\u00e3o de cultivos t\u00eam sido ineficazes em impedir a expans\u00e3o do cultivo nas \u00e1reas protegidas\u201d, alertou a revista.<br>Um estudo recente do Instituto de Pesquisas Cient\u00edficas da Amaz\u00f4nia Sinchi apontou que, se mantidos os patamares atuais de explora\u00e7\u00e3o e destrui\u00e7\u00e3o da floresta dentro da Col\u00f4mbia, 2,1 milh\u00f5es de hectares poder\u00e3o ser perdidos at\u00e9 2040, o equivalente ao estado de Sergipe. <\/p>\n\n\n\n<div class=\"wp-block-image\"><figure class=\"aligncenter size-large is-resized\"><img loading=\"lazy\" decoding=\"async\" src=\"https:\/\/jornalfatosenoticias.com.br\/wp-content\/uploads\/2022\/02\/FERRARI_MAQUINAS-E-FERRAMENTAS2.jpg\" alt=\"\" class=\"wp-image-27860\" width=\"264\" height=\"220\"\/><\/figure><\/div>\n\n\n\n<p>Por outro lado, segundo o Instituto Sinchi, caso seja adotado um modelo sustent\u00e1vel, com sistemas agroflorestais de produ\u00e7\u00e3o e ecoturismo, isso poderia evitar o desmatamento de pelo menos 3,5 milh\u00f5es de hectares.<br>\u201c\u00c9 mais valioso para a sociedade manter as \u00e1reas amaz\u00f4nicas de p\u00e9 do que permitir o sepultamento de 110 mil hectares por ano [m\u00e9dia do desmatamento desde 1990] e depois come\u00e7ar a fazer investimentos p\u00fablicos para restaura\u00e7\u00e3o ecol\u00f3gica\u201d, afirmou Uriel Murcia, pesquisador do Instituto Sinchi, ao jornal El Pa\u00eds. (Fonte: Gazeta do Povo)<\/p>\n\n\n\n<hr class=\"wp-block-separator\"\/>\n\n\n\n<p><strong><span class=\"has-inline-color has-black-color\">Marina Silva, corre aqui<br><\/span><\/strong>MST recebe multa por desmatamentos em \u00e1rea invadida no Sul do Paran\u00e1 enquanto no Cerrado, o atual desgoverno, registra recorde de desmatamento e tem segundo pior \u00edndice da Amaz\u00f4nia.<\/p>\n\n\n\n<div class=\"wp-block-image\"><figure class=\"aligncenter size-large\"><img loading=\"lazy\" decoding=\"async\" width=\"855\" height=\"570\" src=\"https:\/\/jornalfatosenoticias.com.br\/wp-content\/uploads\/2023\/06\/Marina-528-B.jpg\" alt=\"\" class=\"wp-image-42455\" srcset=\"https:\/\/jornalfatosenoticias.com.br\/wp-content\/uploads\/2023\/06\/Marina-528-B.jpg 855w, https:\/\/jornalfatosenoticias.com.br\/wp-content\/uploads\/2023\/06\/Marina-528-B-300x200.jpg 300w, https:\/\/jornalfatosenoticias.com.br\/wp-content\/uploads\/2023\/06\/Marina-528-B-768x512.jpg 768w\" sizes=\"auto, (max-width: 855px) 100vw, 855px\" \/><figcaption><em><span class=\"has-inline-color has-black-color\">(Foto: Senado Federal)<\/span><\/em><\/figcaption><\/figure><\/div>\n\n\n\n<hr class=\"wp-block-separator\"\/>\n\n\n\n<h3 class=\"wp-block-heading\"><strong><span class=\"has-inline-color has-black-color\">Direito de existir \u2014 Parada do Orgulho LGBT+<\/span><\/strong><\/h3>\n\n\n\n<div class=\"wp-block-image\"><figure class=\"aligncenter size-large\"><img loading=\"lazy\" decoding=\"async\" width=\"630\" height=\"420\" src=\"https:\/\/jornalfatosenoticias.com.br\/wp-content\/uploads\/2023\/06\/Silvio-528.jpeg\" alt=\"\" class=\"wp-image-42456\" srcset=\"https:\/\/jornalfatosenoticias.com.br\/wp-content\/uploads\/2023\/06\/Silvio-528.jpeg 630w, https:\/\/jornalfatosenoticias.com.br\/wp-content\/uploads\/2023\/06\/Silvio-528-300x200.jpeg 300w\" sizes=\"auto, (max-width: 630px) 100vw, 630px\" \/><figcaption><em><span class=\"has-inline-color has-black-color\">(Foto: Portal gov.br)<\/span><\/em><\/figcaption><\/figure><\/div>\n\n\n\n<p>O ministro dos Direitos Humanos e da Cidadania do governo de Luiz In\u00e1cio Lula da Silva, participou do \u00faltimo domingo (11) da 27\u00aa Parada do Orgulho LGBT+, em S\u00e3o Paulo, e afirmou que \u00e9 dever do estado brasileiro garantir que o p\u00fablico da marcha \u201ctenha o direito de existir\u201d.<br>O ministro afirmou que estava no palco como representante de um governo que busca \u201cuma grande virada\u201d, ap\u00f3s os ataques sofridos pelo p\u00fablico LGBT+ na \u00faltima gest\u00e3o. Houve muitas refer\u00eancias e cr\u00edticas ao ex-presidente Jair Bolsonaro (PL) no palco do evento.<\/p>\n\n\n\n<hr class=\"wp-block-separator\"\/>\n\n\n\n<p><strong><span class=\"has-inline-color has-black-color\">Confisco<br><\/span><\/strong>Ditador apoiado por Lula, Daniel Ortega confisca propriedades de opositores. Seria o confisco do bem?<\/p>\n\n\n\n<div class=\"wp-block-image\"><figure class=\"aligncenter size-large\"><img loading=\"lazy\" decoding=\"async\" width=\"487\" height=\"670\" src=\"https:\/\/jornalfatosenoticias.com.br\/wp-content\/uploads\/2023\/06\/Ortega-528.jpg\" alt=\"\" class=\"wp-image-42457\" srcset=\"https:\/\/jornalfatosenoticias.com.br\/wp-content\/uploads\/2023\/06\/Ortega-528.jpg 487w, https:\/\/jornalfatosenoticias.com.br\/wp-content\/uploads\/2023\/06\/Ortega-528-218x300.jpg 218w\" sizes=\"auto, (max-width: 487px) 100vw, 487px\" \/><figcaption><em><span class=\"has-inline-color has-black-color\">(Foto: Wikip\u00e9dia)<\/span><\/em><\/figcaption><\/figure><\/div>\n\n\n\n<hr class=\"wp-block-separator\"\/>\n\n\n\n<h3 class=\"wp-block-heading\"><strong><span class=\"has-inline-color has-black-color\">Humorista do Canal Hip\u00f3critas deixa o pres\u00eddio ap\u00f3s 90 dias preso por ordem de Moraes<\/span><\/strong><\/h3>\n\n\n\n<div class=\"wp-block-image\"><figure class=\"aligncenter size-large\"><img loading=\"lazy\" decoding=\"async\" width=\"667\" height=\"460\" src=\"https:\/\/jornalfatosenoticias.com.br\/wp-content\/uploads\/2023\/06\/MONARCA.jpg\" alt=\"\" class=\"wp-image-42458\" srcset=\"https:\/\/jornalfatosenoticias.com.br\/wp-content\/uploads\/2023\/06\/MONARCA.jpg 667w, https:\/\/jornalfatosenoticias.com.br\/wp-content\/uploads\/2023\/06\/MONARCA-300x207.jpg 300w\" sizes=\"auto, (max-width: 667px) 100vw, 667px\" \/><figcaption><em><span class=\"has-inline-color has-black-color\">(Foto: Reprodu\u00e7\u00e3o)<\/span><\/em><\/figcaption><\/figure><\/div>\n\n\n\n<p>O ministro do Supremo Tribunal Federal (STF) Alexandre de Moraes concedeu, nesta quarta-feira (14), liberdade provis\u00f3ria ao humorista Bismark Fugazza, do Canal Hip\u00f3critas, que estava preso desde 17 de mar\u00e7o no Complexo M\u00e9dico Penal do Paran\u00e1. Familiares confirmaram \u00e0 Gazeta do Povo que o humorista deixou o pres\u00eddio por volta das 9h40 desta quinta-feira (15).<br>O humorista, que foi preso no Paraguai, participava de manifesta\u00e7\u00f5es pr\u00f3-Bolsonaro e contra a posse de Luiz In\u00e1cio Lula da Silva (PT), e tamb\u00e9m esteve no acampamento em frente ao QG do Ex\u00e9rcito, em Bras\u00edlia.<br>\u201cEle estava detido por suposto envolvimento com atos antidemocr\u00e1ticos, nos quais grupos financiados por empres\u00e1rios a serem identificados, insatisfeitos com o resultado das elei\u00e7\u00f5es de 2022, passaram a bloquear o tr\u00e1fego de rodovias do pa\u00eds, com o intuito de abolir o Estado Democr\u00e1tico de Direito, pleiteando um &#8216;golpe militar&#8217;\u201d, disse a assessoria de Bismark, em nota.<br>O relat\u00f3rio final da Pol\u00edcia Federal sobre o caso apontou, em 12 de maio, que \u201cN\u00e3o foi poss\u00edvel evidenciar, de maneira minimamente razo\u00e1vel, que Bismark tenha praticado ou promovido a pr\u00e1tica dos atos atentat\u00f3rios \u00e0s institui\u00e7\u00f5es democr\u00e1ticas ocorrido no dia 08\/01\/2023\u201d.<br>A Procuradoria-Geral da Rep\u00fablica (PGR) tamb\u00e9m se manifestou contra a manuten\u00e7\u00e3o da pris\u00e3o, que durou 90 dias. \u201cNo presente momento, como salientado pela Procuradoria-Geral da Rep\u00fablica, n\u00e3o h\u00e1 raz\u00f5es para a manuten\u00e7\u00e3o da medida cautelar extrema, cuja efic\u00e1cia j\u00e1 se mostrou suficiente\u201d, escreveu o ministro.<br>Apesar da soltura, Moraes determinou uma s\u00e9rie de medidas cautelares ao humorista, como uso de tornozeleira eletr\u00f4nica, proibi\u00e7\u00e3o de deixar a cidade onde mora e proibi\u00e7\u00e3o do uso de redes sociais. Fugazza tamb\u00e9m teve cancelados seu passaporte e seus registros de armas de fogo e dever\u00e1 se apresentar semanalmente \u00e0 Justi\u00e7a por tempo indeterminado. <em><span class=\"has-inline-color has-black-color\">(Fonte: Gazeta do Povo)<\/span><\/em><\/p>\n","protected":false},"excerpt":{"rendered":"<p>Buscas s\u00e3o realizadas a pedido do ministro Alexandre de Moraes, do Supremo Tribunal Federal A Pol\u00edcia Federal (PF) cumpre, na tarde desta quinta-feira (15), mandados de busca e apreens\u00e3o em diversos endere\u00e7os ligados ao senador Marcos do Val (Podemos-ES).O pedido partiu do ministro do Supremo Tribunal Federal (STF) Alexandre de Moraes h\u00e1 algumas semanas. Entre [&hellip;]<\/p>\n","protected":false},"author":3,"featured_media":42459,"comment_status":"open","ping_status":"open","sticky":false,"template":"","format":"standard","meta":{"footnotes":""},"categories":[10],"tags":[13889,7580,2026,2146,486,14068,294],"class_list":["post-42450","post","type-post","status-publish","format-standard","has-post-thumbnail","hentry","category-politica","tag-alexandre-de-moraes","tag-lula","tag-pf","tag-policia-federal","tag-senado","tag-senadores","tag-stf"],"yoast_head":"<!-- This site is optimized with the Yoast SEO plugin v26.5 - https:\/\/yoast.com\/wordpress\/plugins\/seo\/ -->\n<title>A Semana em Bras\u00edlia e no ES \u2014 Pol\u00edcia Federal realiza opera\u00e7\u00e3o contra o senador Marcos do Val - Jornal Fatos e Not\u00edcias<\/title>\n<meta name=\"robots\" content=\"index, follow, max-snippet:-1, max-image-preview:large, max-video-preview:-1\" \/>\n<link rel=\"canonical\" href=\"https:\/\/jornalfatosenoticias.com.br\/index.php\/2023\/06\/15\/a-semana-em-brasilia-e-no-es-policia-federal-realiza-operacao-contra-o-senador-marcos-do-val\/\" \/>\n<meta property=\"og:locale\" content=\"pt_BR\" \/>\n<meta property=\"og:type\" content=\"article\" \/>\n<meta property=\"og:title\" content=\"A Semana em Bras\u00edlia e no ES \u2014 Pol\u00edcia Federal realiza opera\u00e7\u00e3o contra o senador Marcos do Val - Jornal Fatos e Not\u00edcias\" \/>\n<meta property=\"og:description\" content=\"Buscas s\u00e3o realizadas a pedido do ministro Alexandre de Moraes, do Supremo Tribunal Federal A Pol\u00edcia Federal (PF) cumpre, na tarde desta quinta-feira (15), mandados de busca e apreens\u00e3o em diversos endere\u00e7os ligados ao senador Marcos do Val (Podemos-ES).O pedido partiu do ministro do Supremo Tribunal Federal (STF) Alexandre de Moraes h\u00e1 algumas semanas. Entre [&hellip;]\" \/>\n<meta property=\"og:url\" content=\"https:\/\/jornalfatosenoticias.com.br\/index.php\/2023\/06\/15\/a-semana-em-brasilia-e-no-es-policia-federal-realiza-operacao-contra-o-senador-marcos-do-val\/\" \/>\n<meta property=\"og:site_name\" content=\"Jornal Fatos e Not\u00edcias\" \/>\n<meta property=\"article:published_time\" content=\"2023-06-15T21:27:55+00:00\" \/>\n<meta property=\"article:modified_time\" content=\"2023-06-15T21:27:56+00:00\" \/>\n<meta property=\"og:image\" content=\"https:\/\/jornalfatosenoticias.com.br\/wp-content\/uploads\/2023\/06\/senador-marcos-do-val.jpg\" \/>\n\t<meta property=\"og:image:width\" content=\"1000\" \/>\n\t<meta property=\"og:image:height\" content=\"598\" \/>\n\t<meta property=\"og:image:type\" content=\"image\/jpeg\" \/>\n<meta name=\"author\" content=\"Haroldo Filho\" \/>\n<meta name=\"twitter:card\" content=\"summary_large_image\" \/>\n<meta name=\"twitter:label1\" content=\"Escrito por\" \/>\n\t<meta name=\"twitter:data1\" content=\"Haroldo Filho\" \/>\n\t<meta name=\"twitter:label2\" content=\"Est. tempo de leitura\" \/>\n\t<meta name=\"twitter:data2\" content=\"13 minutos\" \/>\n<script type=\"application\/ld+json\" class=\"yoast-schema-graph\">{\"@context\":\"https:\/\/schema.org\",\"@graph\":[{\"@type\":\"Article\",\"@id\":\"https:\/\/jornalfatosenoticias.com.br\/index.php\/2023\/06\/15\/a-semana-em-brasilia-e-no-es-policia-federal-realiza-operacao-contra-o-senador-marcos-do-val\/#article\",\"isPartOf\":{\"@id\":\"https:\/\/jornalfatosenoticias.com.br\/index.php\/2023\/06\/15\/a-semana-em-brasilia-e-no-es-policia-federal-realiza-operacao-contra-o-senador-marcos-do-val\/\"},\"author\":{\"name\":\"Haroldo Filho\",\"@id\":\"https:\/\/jornalfatosenoticias.com.br\/#\/schema\/person\/05c46cc25b42a5c27e004fb0fa6b4965\"},\"headline\":\"A Semana em Bras\u00edlia e no ES \u2014 Pol\u00edcia Federal realiza opera\u00e7\u00e3o contra o senador Marcos do Val\",\"datePublished\":\"2023-06-15T21:27:55+00:00\",\"dateModified\":\"2023-06-15T21:27:56+00:00\",\"mainEntityOfPage\":{\"@id\":\"https:\/\/jornalfatosenoticias.com.br\/index.php\/2023\/06\/15\/a-semana-em-brasilia-e-no-es-policia-federal-realiza-operacao-contra-o-senador-marcos-do-val\/\"},\"wordCount\":2538,\"commentCount\":0,\"publisher\":{\"@id\":\"https:\/\/jornalfatosenoticias.com.br\/#organization\"},\"image\":{\"@id\":\"https:\/\/jornalfatosenoticias.com.br\/index.php\/2023\/06\/15\/a-semana-em-brasilia-e-no-es-policia-federal-realiza-operacao-contra-o-senador-marcos-do-val\/#primaryimage\"},\"thumbnailUrl\":\"https:\/\/jornalfatosenoticias.com.br\/wp-content\/uploads\/2023\/06\/senador-marcos-do-val.jpg\",\"keywords\":[\"Alexandre de Moraes\",\"Lula\",\"PF\",\"Pol\u00edcia Federal\",\"Senado\",\"senadores\",\"STF\"],\"articleSection\":[\"Pol\u00edtica\"],\"inLanguage\":\"pt-BR\",\"potentialAction\":[{\"@type\":\"CommentAction\",\"name\":\"Comment\",\"target\":[\"https:\/\/jornalfatosenoticias.com.br\/index.php\/2023\/06\/15\/a-semana-em-brasilia-e-no-es-policia-federal-realiza-operacao-contra-o-senador-marcos-do-val\/#respond\"]}]},{\"@type\":\"WebPage\",\"@id\":\"https:\/\/jornalfatosenoticias.com.br\/index.php\/2023\/06\/15\/a-semana-em-brasilia-e-no-es-policia-federal-realiza-operacao-contra-o-senador-marcos-do-val\/\",\"url\":\"https:\/\/jornalfatosenoticias.com.br\/index.php\/2023\/06\/15\/a-semana-em-brasilia-e-no-es-policia-federal-realiza-operacao-contra-o-senador-marcos-do-val\/\",\"name\":\"A Semana em Bras\u00edlia e no ES \u2014 Pol\u00edcia Federal realiza opera\u00e7\u00e3o contra o senador Marcos do Val - Jornal Fatos e Not\u00edcias\",\"isPartOf\":{\"@id\":\"https:\/\/jornalfatosenoticias.com.br\/#website\"},\"primaryImageOfPage\":{\"@id\":\"https:\/\/jornalfatosenoticias.com.br\/index.php\/2023\/06\/15\/a-semana-em-brasilia-e-no-es-policia-federal-realiza-operacao-contra-o-senador-marcos-do-val\/#primaryimage\"},\"image\":{\"@id\":\"https:\/\/jornalfatosenoticias.com.br\/index.php\/2023\/06\/15\/a-semana-em-brasilia-e-no-es-policia-federal-realiza-operacao-contra-o-senador-marcos-do-val\/#primaryimage\"},\"thumbnailUrl\":\"https:\/\/jornalfatosenoticias.com.br\/wp-content\/uploads\/2023\/06\/senador-marcos-do-val.jpg\",\"datePublished\":\"2023-06-15T21:27:55+00:00\",\"dateModified\":\"2023-06-15T21:27:56+00:00\",\"breadcrumb\":{\"@id\":\"https:\/\/jornalfatosenoticias.com.br\/index.php\/2023\/06\/15\/a-semana-em-brasilia-e-no-es-policia-federal-realiza-operacao-contra-o-senador-marcos-do-val\/#breadcrumb\"},\"inLanguage\":\"pt-BR\",\"potentialAction\":[{\"@type\":\"ReadAction\",\"target\":[\"https:\/\/jornalfatosenoticias.com.br\/index.php\/2023\/06\/15\/a-semana-em-brasilia-e-no-es-policia-federal-realiza-operacao-contra-o-senador-marcos-do-val\/\"]}]},{\"@type\":\"ImageObject\",\"inLanguage\":\"pt-BR\",\"@id\":\"https:\/\/jornalfatosenoticias.com.br\/index.php\/2023\/06\/15\/a-semana-em-brasilia-e-no-es-policia-federal-realiza-operacao-contra-o-senador-marcos-do-val\/#primaryimage\",\"url\":\"https:\/\/jornalfatosenoticias.com.br\/wp-content\/uploads\/2023\/06\/senador-marcos-do-val.jpg\",\"contentUrl\":\"https:\/\/jornalfatosenoticias.com.br\/wp-content\/uploads\/2023\/06\/senador-marcos-do-val.jpg\",\"width\":1000,\"height\":598},{\"@type\":\"BreadcrumbList\",\"@id\":\"https:\/\/jornalfatosenoticias.com.br\/index.php\/2023\/06\/15\/a-semana-em-brasilia-e-no-es-policia-federal-realiza-operacao-contra-o-senador-marcos-do-val\/#breadcrumb\",\"itemListElement\":[{\"@type\":\"ListItem\",\"position\":1,\"name\":\"In\u00edcio\",\"item\":\"https:\/\/jornalfatosenoticias.com.br\/\"},{\"@type\":\"ListItem\",\"position\":2,\"name\":\"A Semana em Bras\u00edlia e no ES \u2014 Pol\u00edcia Federal realiza opera\u00e7\u00e3o contra o senador Marcos do Val\"}]},{\"@type\":\"WebSite\",\"@id\":\"https:\/\/jornalfatosenoticias.com.br\/#website\",\"url\":\"https:\/\/jornalfatosenoticias.com.br\/\",\"name\":\"Jornal Fatos e Not\u00edcias\",\"description\":\"Not\u00edcias em geral\",\"publisher\":{\"@id\":\"https:\/\/jornalfatosenoticias.com.br\/#organization\"},\"potentialAction\":[{\"@type\":\"SearchAction\",\"target\":{\"@type\":\"EntryPoint\",\"urlTemplate\":\"https:\/\/jornalfatosenoticias.com.br\/?s={search_term_string}\"},\"query-input\":{\"@type\":\"PropertyValueSpecification\",\"valueRequired\":true,\"valueName\":\"search_term_string\"}}],\"inLanguage\":\"pt-BR\"},{\"@type\":\"Organization\",\"@id\":\"https:\/\/jornalfatosenoticias.com.br\/#organization\",\"name\":\"Jornal Fatos e Not\u00edcias\",\"url\":\"https:\/\/jornalfatosenoticias.com.br\/\",\"logo\":{\"@type\":\"ImageObject\",\"inLanguage\":\"pt-BR\",\"@id\":\"https:\/\/jornalfatosenoticias.com.br\/#\/schema\/logo\/image\/\",\"url\":\"https:\/\/jornalfatosenoticias.com.br\/wp-content\/uploads\/2020\/02\/logo120.png\",\"contentUrl\":\"https:\/\/jornalfatosenoticias.com.br\/wp-content\/uploads\/2020\/02\/logo120.png\",\"width\":1227,\"height\":120,\"caption\":\"Jornal Fatos e Not\u00edcias\"},\"image\":{\"@id\":\"https:\/\/jornalfatosenoticias.com.br\/#\/schema\/logo\/image\/\"}},{\"@type\":\"Person\",\"@id\":\"https:\/\/jornalfatosenoticias.com.br\/#\/schema\/person\/05c46cc25b42a5c27e004fb0fa6b4965\",\"name\":\"Haroldo Filho\",\"image\":{\"@type\":\"ImageObject\",\"inLanguage\":\"pt-BR\",\"@id\":\"https:\/\/jornalfatosenoticias.com.br\/#\/schema\/person\/image\/\",\"url\":\"https:\/\/jornalfatosenoticias.com.br\/wp-content\/uploads\/2025\/08\/WhatsApp-Image-2025-08-18-at-15.30.28-150x150.jpeg\",\"contentUrl\":\"https:\/\/jornalfatosenoticias.com.br\/wp-content\/uploads\/2025\/08\/WhatsApp-Image-2025-08-18-at-15.30.28-150x150.jpeg\",\"caption\":\"Haroldo Filho\"},\"description\":\"Jornalista \u2013 DRT: 0003818\/ES Coordenador-geral da ONG Educar para Crescer\",\"url\":\"https:\/\/jornalfatosenoticias.com.br\/index.php\/author\/haroldo\/\"}]}<\/script>\n<!-- \/ Yoast SEO plugin. -->","yoast_head_json":{"title":"A Semana em Bras\u00edlia e no ES \u2014 Pol\u00edcia Federal realiza opera\u00e7\u00e3o contra o senador Marcos do Val - Jornal Fatos e Not\u00edcias","robots":{"index":"index","follow":"follow","max-snippet":"max-snippet:-1","max-image-preview":"max-image-preview:large","max-video-preview":"max-video-preview:-1"},"canonical":"https:\/\/jornalfatosenoticias.com.br\/index.php\/2023\/06\/15\/a-semana-em-brasilia-e-no-es-policia-federal-realiza-operacao-contra-o-senador-marcos-do-val\/","og_locale":"pt_BR","og_type":"article","og_title":"A Semana em Bras\u00edlia e no ES \u2014 Pol\u00edcia Federal realiza opera\u00e7\u00e3o contra o senador Marcos do Val - Jornal Fatos e Not\u00edcias","og_description":"Buscas s\u00e3o realizadas a pedido do ministro Alexandre de Moraes, do Supremo Tribunal Federal A Pol\u00edcia Federal (PF) cumpre, na tarde desta quinta-feira (15), mandados de busca e apreens\u00e3o em diversos endere\u00e7os ligados ao senador Marcos do Val (Podemos-ES).O pedido partiu do ministro do Supremo Tribunal Federal (STF) Alexandre de Moraes h\u00e1 algumas semanas. Entre [&hellip;]","og_url":"https:\/\/jornalfatosenoticias.com.br\/index.php\/2023\/06\/15\/a-semana-em-brasilia-e-no-es-policia-federal-realiza-operacao-contra-o-senador-marcos-do-val\/","og_site_name":"Jornal Fatos e Not\u00edcias","article_published_time":"2023-06-15T21:27:55+00:00","article_modified_time":"2023-06-15T21:27:56+00:00","og_image":[{"width":1000,"height":598,"url":"https:\/\/jornalfatosenoticias.com.br\/wp-content\/uploads\/2023\/06\/senador-marcos-do-val.jpg","type":"image\/jpeg"}],"author":"Haroldo Filho","twitter_card":"summary_large_image","twitter_misc":{"Escrito por":"Haroldo Filho","Est. tempo de leitura":"13 minutos"},"schema":{"@context":"https:\/\/schema.org","@graph":[{"@type":"Article","@id":"https:\/\/jornalfatosenoticias.com.br\/index.php\/2023\/06\/15\/a-semana-em-brasilia-e-no-es-policia-federal-realiza-operacao-contra-o-senador-marcos-do-val\/#article","isPartOf":{"@id":"https:\/\/jornalfatosenoticias.com.br\/index.php\/2023\/06\/15\/a-semana-em-brasilia-e-no-es-policia-federal-realiza-operacao-contra-o-senador-marcos-do-val\/"},"author":{"name":"Haroldo Filho","@id":"https:\/\/jornalfatosenoticias.com.br\/#\/schema\/person\/05c46cc25b42a5c27e004fb0fa6b4965"},"headline":"A Semana em Bras\u00edlia e no ES \u2014 Pol\u00edcia Federal realiza opera\u00e7\u00e3o contra o senador Marcos do Val","datePublished":"2023-06-15T21:27:55+00:00","dateModified":"2023-06-15T21:27:56+00:00","mainEntityOfPage":{"@id":"https:\/\/jornalfatosenoticias.com.br\/index.php\/2023\/06\/15\/a-semana-em-brasilia-e-no-es-policia-federal-realiza-operacao-contra-o-senador-marcos-do-val\/"},"wordCount":2538,"commentCount":0,"publisher":{"@id":"https:\/\/jornalfatosenoticias.com.br\/#organization"},"image":{"@id":"https:\/\/jornalfatosenoticias.com.br\/index.php\/2023\/06\/15\/a-semana-em-brasilia-e-no-es-policia-federal-realiza-operacao-contra-o-senador-marcos-do-val\/#primaryimage"},"thumbnailUrl":"https:\/\/jornalfatosenoticias.com.br\/wp-content\/uploads\/2023\/06\/senador-marcos-do-val.jpg","keywords":["Alexandre de Moraes","Lula","PF","Pol\u00edcia Federal","Senado","senadores","STF"],"articleSection":["Pol\u00edtica"],"inLanguage":"pt-BR","potentialAction":[{"@type":"CommentAction","name":"Comment","target":["https:\/\/jornalfatosenoticias.com.br\/index.php\/2023\/06\/15\/a-semana-em-brasilia-e-no-es-policia-federal-realiza-operacao-contra-o-senador-marcos-do-val\/#respond"]}]},{"@type":"WebPage","@id":"https:\/\/jornalfatosenoticias.com.br\/index.php\/2023\/06\/15\/a-semana-em-brasilia-e-no-es-policia-federal-realiza-operacao-contra-o-senador-marcos-do-val\/","url":"https:\/\/jornalfatosenoticias.com.br\/index.php\/2023\/06\/15\/a-semana-em-brasilia-e-no-es-policia-federal-realiza-operacao-contra-o-senador-marcos-do-val\/","name":"A Semana em Bras\u00edlia e no ES \u2014 Pol\u00edcia Federal realiza opera\u00e7\u00e3o contra o senador Marcos do Val - Jornal Fatos e Not\u00edcias","isPartOf":{"@id":"https:\/\/jornalfatosenoticias.com.br\/#website"},"primaryImageOfPage":{"@id":"https:\/\/jornalfatosenoticias.com.br\/index.php\/2023\/06\/15\/a-semana-em-brasilia-e-no-es-policia-federal-realiza-operacao-contra-o-senador-marcos-do-val\/#primaryimage"},"image":{"@id":"https:\/\/jornalfatosenoticias.com.br\/index.php\/2023\/06\/15\/a-semana-em-brasilia-e-no-es-policia-federal-realiza-operacao-contra-o-senador-marcos-do-val\/#primaryimage"},"thumbnailUrl":"https:\/\/jornalfatosenoticias.com.br\/wp-content\/uploads\/2023\/06\/senador-marcos-do-val.jpg","datePublished":"2023-06-15T21:27:55+00:00","dateModified":"2023-06-15T21:27:56+00:00","breadcrumb":{"@id":"https:\/\/jornalfatosenoticias.com.br\/index.php\/2023\/06\/15\/a-semana-em-brasilia-e-no-es-policia-federal-realiza-operacao-contra-o-senador-marcos-do-val\/#breadcrumb"},"inLanguage":"pt-BR","potentialAction":[{"@type":"ReadAction","target":["https:\/\/jornalfatosenoticias.com.br\/index.php\/2023\/06\/15\/a-semana-em-brasilia-e-no-es-policia-federal-realiza-operacao-contra-o-senador-marcos-do-val\/"]}]},{"@type":"ImageObject","inLanguage":"pt-BR","@id":"https:\/\/jornalfatosenoticias.com.br\/index.php\/2023\/06\/15\/a-semana-em-brasilia-e-no-es-policia-federal-realiza-operacao-contra-o-senador-marcos-do-val\/#primaryimage","url":"https:\/\/jornalfatosenoticias.com.br\/wp-content\/uploads\/2023\/06\/senador-marcos-do-val.jpg","contentUrl":"https:\/\/jornalfatosenoticias.com.br\/wp-content\/uploads\/2023\/06\/senador-marcos-do-val.jpg","width":1000,"height":598},{"@type":"BreadcrumbList","@id":"https:\/\/jornalfatosenoticias.com.br\/index.php\/2023\/06\/15\/a-semana-em-brasilia-e-no-es-policia-federal-realiza-operacao-contra-o-senador-marcos-do-val\/#breadcrumb","itemListElement":[{"@type":"ListItem","position":1,"name":"In\u00edcio","item":"https:\/\/jornalfatosenoticias.com.br\/"},{"@type":"ListItem","position":2,"name":"A Semana em Bras\u00edlia e no ES \u2014 Pol\u00edcia Federal realiza opera\u00e7\u00e3o contra o senador Marcos do Val"}]},{"@type":"WebSite","@id":"https:\/\/jornalfatosenoticias.com.br\/#website","url":"https:\/\/jornalfatosenoticias.com.br\/","name":"Jornal Fatos e Not\u00edcias","description":"Not\u00edcias em geral","publisher":{"@id":"https:\/\/jornalfatosenoticias.com.br\/#organization"},"potentialAction":[{"@type":"SearchAction","target":{"@type":"EntryPoint","urlTemplate":"https:\/\/jornalfatosenoticias.com.br\/?s={search_term_string}"},"query-input":{"@type":"PropertyValueSpecification","valueRequired":true,"valueName":"search_term_string"}}],"inLanguage":"pt-BR"},{"@type":"Organization","@id":"https:\/\/jornalfatosenoticias.com.br\/#organization","name":"Jornal Fatos e Not\u00edcias","url":"https:\/\/jornalfatosenoticias.com.br\/","logo":{"@type":"ImageObject","inLanguage":"pt-BR","@id":"https:\/\/jornalfatosenoticias.com.br\/#\/schema\/logo\/image\/","url":"https:\/\/jornalfatosenoticias.com.br\/wp-content\/uploads\/2020\/02\/logo120.png","contentUrl":"https:\/\/jornalfatosenoticias.com.br\/wp-content\/uploads\/2020\/02\/logo120.png","width":1227,"height":120,"caption":"Jornal Fatos e Not\u00edcias"},"image":{"@id":"https:\/\/jornalfatosenoticias.com.br\/#\/schema\/logo\/image\/"}},{"@type":"Person","@id":"https:\/\/jornalfatosenoticias.com.br\/#\/schema\/person\/05c46cc25b42a5c27e004fb0fa6b4965","name":"Haroldo Filho","image":{"@type":"ImageObject","inLanguage":"pt-BR","@id":"https:\/\/jornalfatosenoticias.com.br\/#\/schema\/person\/image\/","url":"https:\/\/jornalfatosenoticias.com.br\/wp-content\/uploads\/2025\/08\/WhatsApp-Image-2025-08-18-at-15.30.28-150x150.jpeg","contentUrl":"https:\/\/jornalfatosenoticias.com.br\/wp-content\/uploads\/2025\/08\/WhatsApp-Image-2025-08-18-at-15.30.28-150x150.jpeg","caption":"Haroldo Filho"},"description":"Jornalista \u2013 DRT: 0003818\/ES Coordenador-geral da ONG Educar para Crescer","url":"https:\/\/jornalfatosenoticias.com.br\/index.php\/author\/haroldo\/"}]}},"cc_featured_image_caption":{"caption_text":"(Foto: Ag\u00eancia Senado)","source_text":"","source_url":""},"jetpack_featured_media_url":"https:\/\/jornalfatosenoticias.com.br\/wp-content\/uploads\/2023\/06\/senador-marcos-do-val.jpg","_links":{"self":[{"href":"https:\/\/jornalfatosenoticias.com.br\/index.php\/wp-json\/wp\/v2\/posts\/42450","targetHints":{"allow":["GET"]}}],"collection":[{"href":"https:\/\/jornalfatosenoticias.com.br\/index.php\/wp-json\/wp\/v2\/posts"}],"about":[{"href":"https:\/\/jornalfatosenoticias.com.br\/index.php\/wp-json\/wp\/v2\/types\/post"}],"author":[{"embeddable":true,"href":"https:\/\/jornalfatosenoticias.com.br\/index.php\/wp-json\/wp\/v2\/users\/3"}],"replies":[{"embeddable":true,"href":"https:\/\/jornalfatosenoticias.com.br\/index.php\/wp-json\/wp\/v2\/comments?post=42450"}],"version-history":[{"count":0,"href":"https:\/\/jornalfatosenoticias.com.br\/index.php\/wp-json\/wp\/v2\/posts\/42450\/revisions"}],"wp:featuredmedia":[{"embeddable":true,"href":"https:\/\/jornalfatosenoticias.com.br\/index.php\/wp-json\/wp\/v2\/media\/42459"}],"wp:attachment":[{"href":"https:\/\/jornalfatosenoticias.com.br\/index.php\/wp-json\/wp\/v2\/media?parent=42450"}],"wp:term":[{"taxonomy":"category","embeddable":true,"href":"https:\/\/jornalfatosenoticias.com.br\/index.php\/wp-json\/wp\/v2\/categories?post=42450"},{"taxonomy":"post_tag","embeddable":true,"href":"https:\/\/jornalfatosenoticias.com.br\/index.php\/wp-json\/wp\/v2\/tags?post=42450"}],"curies":[{"name":"wp","href":"https:\/\/api.w.org\/{rel}","templated":true}]}}