{"id":4246,"date":"2020-05-08T13:36:10","date_gmt":"2020-05-08T16:36:10","guid":{"rendered":"https:\/\/jornalfatosenoticias.com.br\/?p=4246"},"modified":"2020-05-08T13:36:16","modified_gmt":"2020-05-08T16:36:16","slug":"implante-cerebral-da-empresa-de-elon-musk-promete-restaurar-lembrancas","status":"publish","type":"post","link":"https:\/\/jornalfatosenoticias.com.br\/index.php\/2020\/05\/08\/implante-cerebral-da-empresa-de-elon-musk-promete-restaurar-lembrancas\/","title":{"rendered":"Implante cerebral da empresa de Elon Musk promete restaurar lembran\u00e7as"},"content":{"rendered":"\n<h6 class=\"wp-block-heading\"><em>Neuralink, a startup cofundada por Musk, quer come\u00e7ar a testar a tecnologia em indiv\u00edduos em menos de um ano<\/em><\/h6>\n\n\n\n<p>Em entrevista concedida durante a grava\u00e7\u00e3o do podcast de Joe Rogan, Elon Musk disse que a startup Neuralink poder estar prestes a iniciar testes de tecnologia em humanos. A empresa, que \u00e9 cofundada pelo empres\u00e1rio, trabalha h\u00e1 algum tempo em desenvolver a intelig\u00eancia artificial (IA) e seu papel na simbiose entre homem e m\u00e1quina.<br>De acordo com ele, a Neuralink ainda n\u00e3o est\u00e1 &#8220;testando em pessoas, mas acho que n\u00e3o vai demorar muito. Podemos implantar um link neural em um indiv\u00edduo em menos de um ano&#8221;. A not\u00edcia chega alguns meses depois de o empres\u00e1rio declarar que a empresa trabalha em um projeto &#8220;impressionante&#8221;.<br>Em julho de 2019, a empresa divulgou planos de fazer buracos no cr\u00e2nio de indiv\u00edduos usando lasers para introduzir eletrodos flex\u00edveis em seus c\u00e9rebros. Agora, o poss\u00edvel trabalho da Neuralink parece ter avan\u00e7ado bastante, j\u00e1 que Musk foi capaz de revelar que o implante ter\u00e1 cerca de 2,5 cm de di\u00e2metro e ser\u00e1 colocado ap\u00f3s retirada de uma pequena parte da cabe\u00e7a.<br>Ap\u00f3s a revela\u00e7\u00e3o, o empres\u00e1rio subestimou os riscos de tal procedimento, alegando que &#8220;h\u00e1 uma possibilidade muito baixa de rejei\u00e7\u00e3o [do corpo]&#8221;. &#8220;As pessoas colocam monitores card\u00edacos e coisas para convuls\u00f5es, al\u00e9m de implantar quadris e joelhos artificiais. \u00c9 poss\u00edvel saber o que causa rejei\u00e7\u00e3o ou n\u00e3o&#8221;, completa.<br>Embora pare\u00e7a um procedimento invasivo e violento, o objetivo \u00e9 restaurar a funcionalidade do c\u00e9rebro. Por exemplo, aqueles com Alzheimer podem ter suas mem\u00f3rias restauradas. Para exemplificar a a\u00e7\u00e3o do dispositivo no c\u00e9rebro, Musk disse que uma pessoa com problemas possui um \u00f3rg\u00e3o que funciona como uma conjun\u00e7\u00e3o de circuitos, mas que &#8220;est\u00e3o com defeito&#8221;.<\/p>\n\n\n\n<h4 class=\"wp-block-heading\">Est\u00e1gio do projeto<\/h4>\n\n\n\n<figure class=\"wp-block-image size-large\"><img loading=\"lazy\" decoding=\"async\" width=\"1000\" height=\"636\" src=\"https:\/\/jornalfatosenoticias.com.br\/wp-content\/uploads\/2020\/05\/cerebro.jpg\" alt=\"\" class=\"wp-image-4247\" srcset=\"https:\/\/jornalfatosenoticias.com.br\/wp-content\/uploads\/2020\/05\/cerebro.jpg 1000w, https:\/\/jornalfatosenoticias.com.br\/wp-content\/uploads\/2020\/05\/cerebro-300x191.jpg 300w, https:\/\/jornalfatosenoticias.com.br\/wp-content\/uploads\/2020\/05\/cerebro-768x488.jpg 768w\" sizes=\"auto, (max-width: 1000px) 100vw, 1000px\" \/><figcaption><em>C\u00e9rebro, intelig\u00eancia artificial (Foto: Olhar Digital\/Reprodu\u00e7\u00e3o)<\/em><\/figcaption><\/figure>\n\n\n\n<p>Mesmo com as promessas de melhoria na qualidade de vida das pessoas, a tecnologia ainda est\u00e1 em est\u00e1gios bastante iniciais. &#8220;Ainda h\u00e1 muito trabalho a fazer&#8221;, declara o empres\u00e1rio. Ele ainda destacou que planeja um cronograma de testes que deve levar cerca de um ano.<br>Ao ser questionado por Rogen sobre o impacto de sua cria\u00e7\u00e3o na sociedade, Musk disse que o projeto n\u00e3o deveria surpreender, j\u00e1 que &#8220;somos cyborgs at\u00e9 certo ponto. Se perdemos o telefone ou computador, parece que est\u00e1 faltando um membro&#8221;.<\/p>\n\n\n\n<p><strong><em>Fonte: <a href=\"https:\/\/olhardigital.com.br\/noticia\/implante-cerebral-da-empresa-de-elon-musk-promete-restaurar-lembrancas\/100475\">Olhar Digital<\/a><\/em><\/strong><\/p>\n","protected":false},"excerpt":{"rendered":"<p>Neuralink, a startup cofundada por Musk, quer come\u00e7ar a testar a tecnologia em indiv\u00edduos em menos de um ano Em entrevista concedida durante a grava\u00e7\u00e3o do podcast de Joe Rogan, Elon Musk disse que a startup Neuralink poder estar prestes a iniciar testes de tecnologia em humanos. A empresa, que \u00e9 cofundada pelo empres\u00e1rio, trabalha [&hellip;]<\/p>\n","protected":false},"author":2,"featured_media":4248,"comment_status":"open","ping_status":"open","sticky":false,"template":"","format":"standard","meta":{"footnotes":""},"categories":[3],"tags":[2501,2336,1634,2502,53,2503,2504,198],"class_list":["post-4246","post","type-post","status-publish","format-standard","has-post-thumbnail","hentry","category-tecnologia","tag-alzheimer","tag-cerebro","tag-elon-musk","tag-futuro","tag-inteligencia-artificial","tag-neuralink","tag-startup","tag-tecnologia"],"yoast_head":"<!-- This site is optimized with the Yoast SEO plugin v26.5 - https:\/\/yoast.com\/wordpress\/plugins\/seo\/ -->\n<title>Implante cerebral da empresa de Elon Musk promete restaurar lembran\u00e7as - Jornal Fatos e Not\u00edcias<\/title>\n<meta name=\"robots\" content=\"index, follow, max-snippet:-1, max-image-preview:large, max-video-preview:-1\" \/>\n<link rel=\"canonical\" href=\"https:\/\/jornalfatosenoticias.com.br\/index.php\/2020\/05\/08\/implante-cerebral-da-empresa-de-elon-musk-promete-restaurar-lembrancas\/\" \/>\n<meta property=\"og:locale\" content=\"pt_BR\" \/>\n<meta property=\"og:type\" content=\"article\" \/>\n<meta property=\"og:title\" content=\"Implante cerebral da empresa de Elon Musk promete restaurar lembran\u00e7as - Jornal Fatos e Not\u00edcias\" \/>\n<meta property=\"og:description\" content=\"Neuralink, a startup cofundada por Musk, quer come\u00e7ar a testar a tecnologia em indiv\u00edduos em menos de um ano Em entrevista concedida durante a grava\u00e7\u00e3o do podcast de Joe Rogan, Elon Musk disse que a startup Neuralink poder estar prestes a iniciar testes de tecnologia em humanos. A empresa, que \u00e9 cofundada pelo empres\u00e1rio, trabalha [&hellip;]\" \/>\n<meta property=\"og:url\" content=\"https:\/\/jornalfatosenoticias.com.br\/index.php\/2020\/05\/08\/implante-cerebral-da-empresa-de-elon-musk-promete-restaurar-lembrancas\/\" \/>\n<meta property=\"og:site_name\" content=\"Jornal Fatos e Not\u00edcias\" \/>\n<meta property=\"article:published_time\" content=\"2020-05-08T16:36:10+00:00\" \/>\n<meta property=\"article:modified_time\" content=\"2020-05-08T16:36:16+00:00\" \/>\n<meta property=\"og:image\" content=\"https:\/\/jornalfatosenoticias.com.br\/wp-content\/uploads\/2020\/05\/cerebro_conectado.jpg\" \/>\n\t<meta property=\"og:image:width\" content=\"1000\" \/>\n\t<meta property=\"og:image:height\" content=\"562\" \/>\n\t<meta property=\"og:image:type\" content=\"image\/jpeg\" \/>\n<meta name=\"author\" content=\"Luzimara Fernandes\" \/>\n<meta name=\"twitter:card\" content=\"summary_large_image\" \/>\n<meta name=\"twitter:label1\" content=\"Escrito por\" \/>\n\t<meta name=\"twitter:data1\" content=\"Luzimara Fernandes\" \/>\n\t<meta name=\"twitter:label2\" content=\"Est. tempo de leitura\" \/>\n\t<meta name=\"twitter:data2\" content=\"2 minutos\" \/>\n<script type=\"application\/ld+json\" class=\"yoast-schema-graph\">{\"@context\":\"https:\/\/schema.org\",\"@graph\":[{\"@type\":\"Article\",\"@id\":\"https:\/\/jornalfatosenoticias.com.br\/index.php\/2020\/05\/08\/implante-cerebral-da-empresa-de-elon-musk-promete-restaurar-lembrancas\/#article\",\"isPartOf\":{\"@id\":\"https:\/\/jornalfatosenoticias.com.br\/index.php\/2020\/05\/08\/implante-cerebral-da-empresa-de-elon-musk-promete-restaurar-lembrancas\/\"},\"author\":{\"name\":\"Luzimara Fernandes\",\"@id\":\"https:\/\/jornalfatosenoticias.com.br\/#\/schema\/person\/d63837fa13ac8666eb9e74e0985d6f81\"},\"headline\":\"Implante cerebral da empresa de Elon Musk promete restaurar lembran\u00e7as\",\"datePublished\":\"2020-05-08T16:36:10+00:00\",\"dateModified\":\"2020-05-08T16:36:16+00:00\",\"mainEntityOfPage\":{\"@id\":\"https:\/\/jornalfatosenoticias.com.br\/index.php\/2020\/05\/08\/implante-cerebral-da-empresa-de-elon-musk-promete-restaurar-lembrancas\/\"},\"wordCount\":438,\"commentCount\":0,\"publisher\":{\"@id\":\"https:\/\/jornalfatosenoticias.com.br\/#organization\"},\"image\":{\"@id\":\"https:\/\/jornalfatosenoticias.com.br\/index.php\/2020\/05\/08\/implante-cerebral-da-empresa-de-elon-musk-promete-restaurar-lembrancas\/#primaryimage\"},\"thumbnailUrl\":\"https:\/\/jornalfatosenoticias.com.br\/wp-content\/uploads\/2020\/05\/cerebro_conectado.jpg\",\"keywords\":[\"Alzheimer\",\"c\u00e9rebro\",\"Elon Musk\",\"futuro\",\"intelig\u00eancia artificial\",\"Neuralink\",\"startup\",\"tecnologia\"],\"articleSection\":[\"Tecnologia &amp; Inova\u00e7\u00e3o\"],\"inLanguage\":\"pt-BR\",\"potentialAction\":[{\"@type\":\"CommentAction\",\"name\":\"Comment\",\"target\":[\"https:\/\/jornalfatosenoticias.com.br\/index.php\/2020\/05\/08\/implante-cerebral-da-empresa-de-elon-musk-promete-restaurar-lembrancas\/#respond\"]}]},{\"@type\":\"WebPage\",\"@id\":\"https:\/\/jornalfatosenoticias.com.br\/index.php\/2020\/05\/08\/implante-cerebral-da-empresa-de-elon-musk-promete-restaurar-lembrancas\/\",\"url\":\"https:\/\/jornalfatosenoticias.com.br\/index.php\/2020\/05\/08\/implante-cerebral-da-empresa-de-elon-musk-promete-restaurar-lembrancas\/\",\"name\":\"Implante cerebral da empresa de Elon Musk promete restaurar lembran\u00e7as - Jornal Fatos e Not\u00edcias\",\"isPartOf\":{\"@id\":\"https:\/\/jornalfatosenoticias.com.br\/#website\"},\"primaryImageOfPage\":{\"@id\":\"https:\/\/jornalfatosenoticias.com.br\/index.php\/2020\/05\/08\/implante-cerebral-da-empresa-de-elon-musk-promete-restaurar-lembrancas\/#primaryimage\"},\"image\":{\"@id\":\"https:\/\/jornalfatosenoticias.com.br\/index.php\/2020\/05\/08\/implante-cerebral-da-empresa-de-elon-musk-promete-restaurar-lembrancas\/#primaryimage\"},\"thumbnailUrl\":\"https:\/\/jornalfatosenoticias.com.br\/wp-content\/uploads\/2020\/05\/cerebro_conectado.jpg\",\"datePublished\":\"2020-05-08T16:36:10+00:00\",\"dateModified\":\"2020-05-08T16:36:16+00:00\",\"breadcrumb\":{\"@id\":\"https:\/\/jornalfatosenoticias.com.br\/index.php\/2020\/05\/08\/implante-cerebral-da-empresa-de-elon-musk-promete-restaurar-lembrancas\/#breadcrumb\"},\"inLanguage\":\"pt-BR\",\"potentialAction\":[{\"@type\":\"ReadAction\",\"target\":[\"https:\/\/jornalfatosenoticias.com.br\/index.php\/2020\/05\/08\/implante-cerebral-da-empresa-de-elon-musk-promete-restaurar-lembrancas\/\"]}]},{\"@type\":\"ImageObject\",\"inLanguage\":\"pt-BR\",\"@id\":\"https:\/\/jornalfatosenoticias.com.br\/index.php\/2020\/05\/08\/implante-cerebral-da-empresa-de-elon-musk-promete-restaurar-lembrancas\/#primaryimage\",\"url\":\"https:\/\/jornalfatosenoticias.com.br\/wp-content\/uploads\/2020\/05\/cerebro_conectado.jpg\",\"contentUrl\":\"https:\/\/jornalfatosenoticias.com.br\/wp-content\/uploads\/2020\/05\/cerebro_conectado.jpg\",\"width\":1000,\"height\":562},{\"@type\":\"BreadcrumbList\",\"@id\":\"https:\/\/jornalfatosenoticias.com.br\/index.php\/2020\/05\/08\/implante-cerebral-da-empresa-de-elon-musk-promete-restaurar-lembrancas\/#breadcrumb\",\"itemListElement\":[{\"@type\":\"ListItem\",\"position\":1,\"name\":\"In\u00edcio\",\"item\":\"https:\/\/jornalfatosenoticias.com.br\/\"},{\"@type\":\"ListItem\",\"position\":2,\"name\":\"Implante cerebral da empresa de Elon Musk promete restaurar lembran\u00e7as\"}]},{\"@type\":\"WebSite\",\"@id\":\"https:\/\/jornalfatosenoticias.com.br\/#website\",\"url\":\"https:\/\/jornalfatosenoticias.com.br\/\",\"name\":\"Jornal Fatos e Not\u00edcias\",\"description\":\"Not\u00edcias em geral\",\"publisher\":{\"@id\":\"https:\/\/jornalfatosenoticias.com.br\/#organization\"},\"potentialAction\":[{\"@type\":\"SearchAction\",\"target\":{\"@type\":\"EntryPoint\",\"urlTemplate\":\"https:\/\/jornalfatosenoticias.com.br\/?s={search_term_string}\"},\"query-input\":{\"@type\":\"PropertyValueSpecification\",\"valueRequired\":true,\"valueName\":\"search_term_string\"}}],\"inLanguage\":\"pt-BR\"},{\"@type\":\"Organization\",\"@id\":\"https:\/\/jornalfatosenoticias.com.br\/#organization\",\"name\":\"Jornal Fatos e Not\u00edcias\",\"url\":\"https:\/\/jornalfatosenoticias.com.br\/\",\"logo\":{\"@type\":\"ImageObject\",\"inLanguage\":\"pt-BR\",\"@id\":\"https:\/\/jornalfatosenoticias.com.br\/#\/schema\/logo\/image\/\",\"url\":\"https:\/\/jornalfatosenoticias.com.br\/wp-content\/uploads\/2020\/02\/logo120.png\",\"contentUrl\":\"https:\/\/jornalfatosenoticias.com.br\/wp-content\/uploads\/2020\/02\/logo120.png\",\"width\":1227,\"height\":120,\"caption\":\"Jornal Fatos e Not\u00edcias\"},\"image\":{\"@id\":\"https:\/\/jornalfatosenoticias.com.br\/#\/schema\/logo\/image\/\"}},{\"@type\":\"Person\",\"@id\":\"https:\/\/jornalfatosenoticias.com.br\/#\/schema\/person\/d63837fa13ac8666eb9e74e0985d6f81\",\"name\":\"Luzimara Fernandes\",\"image\":{\"@type\":\"ImageObject\",\"inLanguage\":\"pt-BR\",\"@id\":\"https:\/\/jornalfatosenoticias.com.br\/#\/schema\/person\/image\/\",\"url\":\"https:\/\/jornalfatosenoticias.com.br\/wp-content\/uploads\/2025\/05\/EU_portal.jpg\",\"contentUrl\":\"https:\/\/jornalfatosenoticias.com.br\/wp-content\/uploads\/2025\/05\/EU_portal.jpg\",\"caption\":\"Luzimara Fernandes\"},\"description\":\"Jornalista MTB 2358-ES\",\"sameAs\":[\"https:\/\/jornalfatosenoticias.com.br\"],\"url\":\"https:\/\/jornalfatosenoticias.com.br\/index.php\/author\/luzimara\/\"}]}<\/script>\n<!-- \/ Yoast SEO plugin. -->","yoast_head_json":{"title":"Implante cerebral da empresa de Elon Musk promete restaurar lembran\u00e7as - Jornal Fatos e Not\u00edcias","robots":{"index":"index","follow":"follow","max-snippet":"max-snippet:-1","max-image-preview":"max-image-preview:large","max-video-preview":"max-video-preview:-1"},"canonical":"https:\/\/jornalfatosenoticias.com.br\/index.php\/2020\/05\/08\/implante-cerebral-da-empresa-de-elon-musk-promete-restaurar-lembrancas\/","og_locale":"pt_BR","og_type":"article","og_title":"Implante cerebral da empresa de Elon Musk promete restaurar lembran\u00e7as - Jornal Fatos e Not\u00edcias","og_description":"Neuralink, a startup cofundada por Musk, quer come\u00e7ar a testar a tecnologia em indiv\u00edduos em menos de um ano Em entrevista concedida durante a grava\u00e7\u00e3o do podcast de Joe Rogan, Elon Musk disse que a startup Neuralink poder estar prestes a iniciar testes de tecnologia em humanos. A empresa, que \u00e9 cofundada pelo empres\u00e1rio, trabalha [&hellip;]","og_url":"https:\/\/jornalfatosenoticias.com.br\/index.php\/2020\/05\/08\/implante-cerebral-da-empresa-de-elon-musk-promete-restaurar-lembrancas\/","og_site_name":"Jornal Fatos e Not\u00edcias","article_published_time":"2020-05-08T16:36:10+00:00","article_modified_time":"2020-05-08T16:36:16+00:00","og_image":[{"width":1000,"height":562,"url":"https:\/\/jornalfatosenoticias.com.br\/wp-content\/uploads\/2020\/05\/cerebro_conectado.jpg","type":"image\/jpeg"}],"author":"Luzimara Fernandes","twitter_card":"summary_large_image","twitter_misc":{"Escrito por":"Luzimara Fernandes","Est. tempo de leitura":"2 minutos"},"schema":{"@context":"https:\/\/schema.org","@graph":[{"@type":"Article","@id":"https:\/\/jornalfatosenoticias.com.br\/index.php\/2020\/05\/08\/implante-cerebral-da-empresa-de-elon-musk-promete-restaurar-lembrancas\/#article","isPartOf":{"@id":"https:\/\/jornalfatosenoticias.com.br\/index.php\/2020\/05\/08\/implante-cerebral-da-empresa-de-elon-musk-promete-restaurar-lembrancas\/"},"author":{"name":"Luzimara Fernandes","@id":"https:\/\/jornalfatosenoticias.com.br\/#\/schema\/person\/d63837fa13ac8666eb9e74e0985d6f81"},"headline":"Implante cerebral da empresa de Elon Musk promete restaurar lembran\u00e7as","datePublished":"2020-05-08T16:36:10+00:00","dateModified":"2020-05-08T16:36:16+00:00","mainEntityOfPage":{"@id":"https:\/\/jornalfatosenoticias.com.br\/index.php\/2020\/05\/08\/implante-cerebral-da-empresa-de-elon-musk-promete-restaurar-lembrancas\/"},"wordCount":438,"commentCount":0,"publisher":{"@id":"https:\/\/jornalfatosenoticias.com.br\/#organization"},"image":{"@id":"https:\/\/jornalfatosenoticias.com.br\/index.php\/2020\/05\/08\/implante-cerebral-da-empresa-de-elon-musk-promete-restaurar-lembrancas\/#primaryimage"},"thumbnailUrl":"https:\/\/jornalfatosenoticias.com.br\/wp-content\/uploads\/2020\/05\/cerebro_conectado.jpg","keywords":["Alzheimer","c\u00e9rebro","Elon Musk","futuro","intelig\u00eancia artificial","Neuralink","startup","tecnologia"],"articleSection":["Tecnologia &amp; Inova\u00e7\u00e3o"],"inLanguage":"pt-BR","potentialAction":[{"@type":"CommentAction","name":"Comment","target":["https:\/\/jornalfatosenoticias.com.br\/index.php\/2020\/05\/08\/implante-cerebral-da-empresa-de-elon-musk-promete-restaurar-lembrancas\/#respond"]}]},{"@type":"WebPage","@id":"https:\/\/jornalfatosenoticias.com.br\/index.php\/2020\/05\/08\/implante-cerebral-da-empresa-de-elon-musk-promete-restaurar-lembrancas\/","url":"https:\/\/jornalfatosenoticias.com.br\/index.php\/2020\/05\/08\/implante-cerebral-da-empresa-de-elon-musk-promete-restaurar-lembrancas\/","name":"Implante cerebral da empresa de Elon Musk promete restaurar lembran\u00e7as - Jornal Fatos e Not\u00edcias","isPartOf":{"@id":"https:\/\/jornalfatosenoticias.com.br\/#website"},"primaryImageOfPage":{"@id":"https:\/\/jornalfatosenoticias.com.br\/index.php\/2020\/05\/08\/implante-cerebral-da-empresa-de-elon-musk-promete-restaurar-lembrancas\/#primaryimage"},"image":{"@id":"https:\/\/jornalfatosenoticias.com.br\/index.php\/2020\/05\/08\/implante-cerebral-da-empresa-de-elon-musk-promete-restaurar-lembrancas\/#primaryimage"},"thumbnailUrl":"https:\/\/jornalfatosenoticias.com.br\/wp-content\/uploads\/2020\/05\/cerebro_conectado.jpg","datePublished":"2020-05-08T16:36:10+00:00","dateModified":"2020-05-08T16:36:16+00:00","breadcrumb":{"@id":"https:\/\/jornalfatosenoticias.com.br\/index.php\/2020\/05\/08\/implante-cerebral-da-empresa-de-elon-musk-promete-restaurar-lembrancas\/#breadcrumb"},"inLanguage":"pt-BR","potentialAction":[{"@type":"ReadAction","target":["https:\/\/jornalfatosenoticias.com.br\/index.php\/2020\/05\/08\/implante-cerebral-da-empresa-de-elon-musk-promete-restaurar-lembrancas\/"]}]},{"@type":"ImageObject","inLanguage":"pt-BR","@id":"https:\/\/jornalfatosenoticias.com.br\/index.php\/2020\/05\/08\/implante-cerebral-da-empresa-de-elon-musk-promete-restaurar-lembrancas\/#primaryimage","url":"https:\/\/jornalfatosenoticias.com.br\/wp-content\/uploads\/2020\/05\/cerebro_conectado.jpg","contentUrl":"https:\/\/jornalfatosenoticias.com.br\/wp-content\/uploads\/2020\/05\/cerebro_conectado.jpg","width":1000,"height":562},{"@type":"BreadcrumbList","@id":"https:\/\/jornalfatosenoticias.com.br\/index.php\/2020\/05\/08\/implante-cerebral-da-empresa-de-elon-musk-promete-restaurar-lembrancas\/#breadcrumb","itemListElement":[{"@type":"ListItem","position":1,"name":"In\u00edcio","item":"https:\/\/jornalfatosenoticias.com.br\/"},{"@type":"ListItem","position":2,"name":"Implante cerebral da empresa de Elon Musk promete restaurar lembran\u00e7as"}]},{"@type":"WebSite","@id":"https:\/\/jornalfatosenoticias.com.br\/#website","url":"https:\/\/jornalfatosenoticias.com.br\/","name":"Jornal Fatos e Not\u00edcias","description":"Not\u00edcias em geral","publisher":{"@id":"https:\/\/jornalfatosenoticias.com.br\/#organization"},"potentialAction":[{"@type":"SearchAction","target":{"@type":"EntryPoint","urlTemplate":"https:\/\/jornalfatosenoticias.com.br\/?s={search_term_string}"},"query-input":{"@type":"PropertyValueSpecification","valueRequired":true,"valueName":"search_term_string"}}],"inLanguage":"pt-BR"},{"@type":"Organization","@id":"https:\/\/jornalfatosenoticias.com.br\/#organization","name":"Jornal Fatos e Not\u00edcias","url":"https:\/\/jornalfatosenoticias.com.br\/","logo":{"@type":"ImageObject","inLanguage":"pt-BR","@id":"https:\/\/jornalfatosenoticias.com.br\/#\/schema\/logo\/image\/","url":"https:\/\/jornalfatosenoticias.com.br\/wp-content\/uploads\/2020\/02\/logo120.png","contentUrl":"https:\/\/jornalfatosenoticias.com.br\/wp-content\/uploads\/2020\/02\/logo120.png","width":1227,"height":120,"caption":"Jornal Fatos e Not\u00edcias"},"image":{"@id":"https:\/\/jornalfatosenoticias.com.br\/#\/schema\/logo\/image\/"}},{"@type":"Person","@id":"https:\/\/jornalfatosenoticias.com.br\/#\/schema\/person\/d63837fa13ac8666eb9e74e0985d6f81","name":"Luzimara Fernandes","image":{"@type":"ImageObject","inLanguage":"pt-BR","@id":"https:\/\/jornalfatosenoticias.com.br\/#\/schema\/person\/image\/","url":"https:\/\/jornalfatosenoticias.com.br\/wp-content\/uploads\/2025\/05\/EU_portal.jpg","contentUrl":"https:\/\/jornalfatosenoticias.com.br\/wp-content\/uploads\/2025\/05\/EU_portal.jpg","caption":"Luzimara Fernandes"},"description":"Jornalista MTB 2358-ES","sameAs":["https:\/\/jornalfatosenoticias.com.br"],"url":"https:\/\/jornalfatosenoticias.com.br\/index.php\/author\/luzimara\/"}]}},"cc_featured_image_caption":{"caption_text":"C\u00e9rebro conectado (Foto: Shutterstock)","source_text":"","source_url":""},"jetpack_featured_media_url":"https:\/\/jornalfatosenoticias.com.br\/wp-content\/uploads\/2020\/05\/cerebro_conectado.jpg","_links":{"self":[{"href":"https:\/\/jornalfatosenoticias.com.br\/index.php\/wp-json\/wp\/v2\/posts\/4246","targetHints":{"allow":["GET"]}}],"collection":[{"href":"https:\/\/jornalfatosenoticias.com.br\/index.php\/wp-json\/wp\/v2\/posts"}],"about":[{"href":"https:\/\/jornalfatosenoticias.com.br\/index.php\/wp-json\/wp\/v2\/types\/post"}],"author":[{"embeddable":true,"href":"https:\/\/jornalfatosenoticias.com.br\/index.php\/wp-json\/wp\/v2\/users\/2"}],"replies":[{"embeddable":true,"href":"https:\/\/jornalfatosenoticias.com.br\/index.php\/wp-json\/wp\/v2\/comments?post=4246"}],"version-history":[{"count":0,"href":"https:\/\/jornalfatosenoticias.com.br\/index.php\/wp-json\/wp\/v2\/posts\/4246\/revisions"}],"wp:featuredmedia":[{"embeddable":true,"href":"https:\/\/jornalfatosenoticias.com.br\/index.php\/wp-json\/wp\/v2\/media\/4248"}],"wp:attachment":[{"href":"https:\/\/jornalfatosenoticias.com.br\/index.php\/wp-json\/wp\/v2\/media?parent=4246"}],"wp:term":[{"taxonomy":"category","embeddable":true,"href":"https:\/\/jornalfatosenoticias.com.br\/index.php\/wp-json\/wp\/v2\/categories?post=4246"},{"taxonomy":"post_tag","embeddable":true,"href":"https:\/\/jornalfatosenoticias.com.br\/index.php\/wp-json\/wp\/v2\/tags?post=4246"}],"curies":[{"name":"wp","href":"https:\/\/api.w.org\/{rel}","templated":true}]}}