{"id":42467,"date":"2023-06-16T09:28:37","date_gmt":"2023-06-16T12:28:37","guid":{"rendered":"https:\/\/jornalfatosenoticias.com.br\/?p=42467"},"modified":"2023-06-16T09:28:39","modified_gmt":"2023-06-16T12:28:39","slug":"oficina-inedita-abre-vagas-remanescentes-na-fafi","status":"publish","type":"post","link":"https:\/\/jornalfatosenoticias.com.br\/index.php\/2023\/06\/16\/oficina-inedita-abre-vagas-remanescentes-na-fafi\/","title":{"rendered":"Oficina in\u00e9dita abre vagas remanescentes na Fafi"},"content":{"rendered":"\n<p><em><span class=\"has-inline-color has-black-color\">Por <strong>Pedro Vargas<\/strong><\/span><\/em><\/p>\n\n\n\n<div class=\"wp-block-image\"><figure class=\"aligncenter size-large is-resized\"><img loading=\"lazy\" decoding=\"async\" src=\"https:\/\/jornalfatosenoticias.com.br\/wp-content\/uploads\/2022\/02\/Banner-2.png\" alt=\"\" class=\"wp-image-27877\" width=\"244\" height=\"203\"\/><\/figure><\/div>\n\n\n\n<p>A Escola T\u00e9cnica Municipal de Teatro, Dan\u00e7a e M\u00fasica (Fafi), maior institui\u00e7\u00e3o de forma\u00e7\u00f5es art\u00edsticas da capital, abre a semana com uma excelente not\u00edcia para quem deseja se tornar um artista de musicais: do dia 19 ao dia 22 de junho estar\u00e3o abertas 15 vagas remanescentes para a in\u00e9dita oficina &#8220;Teatro de Musicais Juvenil&#8221;, destinadas \u00e0 jovens de 15 a 17 anos de idade.<\/p>\n\n\n\n<div class=\"wp-block-image\"><figure class=\"aligncenter size-large\"><img decoding=\"async\" src=\"https:\/\/jornalfatosenoticias.com.br\/wp-content\/uploads\/2020\/02\/barao-das-carnes-300x164-1.jpg\" alt=\"\" class=\"wp-image-34339\"\/><\/figure><\/div>\n\n\n\n<p>As inscri\u00e7\u00f5es para as aulas, que est\u00e3o em andamento e seguem at\u00e9 o m\u00eas de novembro deste ano, dever\u00e3o ser realizadas presencialmente na secretaria da sede da Escola, na Avenida Jer\u00f4nimo Monteiro, 656, no Centro Hist\u00f3rico de Vit\u00f3ria, das 9 \u00e0s 16 horas.<\/p>\n\n\n\n<div class=\"wp-block-image\"><figure class=\"aligncenter size-large is-resized\"><img loading=\"lazy\" decoding=\"async\" src=\"https:\/\/jornalfatosenoticias.com.br\/wp-content\/uploads\/2022\/02\/Precisao-Contabilidade-1024x724.jpg\" alt=\"\" class=\"wp-image-28088\" width=\"270\" height=\"191\"\/><\/figure><\/div>\n\n\n\n<p>&#8220;Essa \u00e9 a primeira vez que a Fafi oferta uma oficina para o p\u00fablico juvenil, que re\u00fane as tr\u00eas modalidades art\u00edsticas: teatro, dan\u00e7a e m\u00fasica, em uma s\u00f3 atividade&#8221;, declara a gerente da institui\u00e7\u00e3o, Larissa Almeida.<br>A oficina compreende duas aulas semanais, com dura\u00e7\u00e3o de tr\u00eas horas, as ter\u00e7as e quintas-feiras, das 14 \u00e0s 17 horas. Durante as aulas os instrutores promovem experi\u00eancias pr\u00e1ticas para os jovens que se interessam por este segmento art\u00edstico.<\/p>\n\n\n\n<div class=\"wp-block-image\"><figure class=\"aligncenter size-large is-resized\"><img loading=\"lazy\" decoding=\"async\" src=\"https:\/\/jornalfatosenoticias.com.br\/wp-content\/uploads\/2020\/02\/logo-embacia.jpg\" alt=\"\" class=\"wp-image-33905\" width=\"230\" height=\"230\"\/><\/figure><\/div>\n\n\n\n<p>Para realiza\u00e7\u00e3o da matr\u00edcula \u00e9 exigido um documento de identifica\u00e7\u00e3o com foto ou c\u00f3pia da Certid\u00e3o de Nascimento. Na ocasi\u00e3o da inscri\u00e7\u00e3o um formul\u00e1rio tamb\u00e9m dever\u00e1 ser preenchido. O(a) candidato(a) que se inscrever participar\u00e1 de dois momentos de avalia\u00e7\u00e3o presencial, uma prova pr\u00e1tica e uma entrevista, nos dias 27 e 29 de junho das 14 \u00e0s 17 horas.<\/p>\n\n\n\n<div class=\"wp-block-image\"><figure class=\"aligncenter size-large\"><img loading=\"lazy\" decoding=\"async\" width=\"576\" height=\"1024\" src=\"https:\/\/jornalfatosenoticias.com.br\/wp-content\/uploads\/2023\/06\/ofcina-Fafi-576x1024.jpg\" alt=\"\" class=\"wp-image-42468\" srcset=\"https:\/\/jornalfatosenoticias.com.br\/wp-content\/uploads\/2023\/06\/ofcina-Fafi-576x1024.jpg 576w, https:\/\/jornalfatosenoticias.com.br\/wp-content\/uploads\/2023\/06\/ofcina-Fafi-169x300.jpg 169w, https:\/\/jornalfatosenoticias.com.br\/wp-content\/uploads\/2023\/06\/ofcina-Fafi-768x1365.jpg 768w, https:\/\/jornalfatosenoticias.com.br\/wp-content\/uploads\/2023\/06\/ofcina-Fafi.jpg 800w\" sizes=\"auto, (max-width: 576px) 100vw, 576px\" \/><figcaption><em><span class=\"has-inline-color has-black-color\">Inscri\u00e7\u00f5es abrem na pr\u00f3xima segunda (19) (Foto: Divulga\u00e7\u00e3o\/PMV)<\/span><\/em><\/figcaption><\/figure><\/div>\n\n\n\n<p><strong><span class=\"has-inline-color has-black-color\">Servi\u00e7o<br><\/span><\/strong><em><span style=\"text-decoration: underline;\">Inscri\u00e7\u00f5es presenciais para oficina de Teatro de Musicais Juvenil da Fafi<br><\/span><\/em><strong>Quando: <\/strong>19 a 22 de junho das 9 \u00e0s 16 horas.<br><strong>Onde: <\/strong>Sede da Fafi \u2014 Avenida Jer\u00f4nimo Monteiro, 656, Centro Hist\u00f3rico de Vit\u00f3ria<\/p>\n\n\n\n<p><strong><em>Fonte: <a href=\"https:\/\/www.vitoria.es.gov.br\/noticia\/teatro-oficina-inedita-abre-vagas-remanescentes-na-fafi-47866\">PMV<\/a><\/em><\/strong><\/p>\n","protected":false},"excerpt":{"rendered":"<p>Por Pedro Vargas A Escola T\u00e9cnica Municipal de Teatro, Dan\u00e7a e M\u00fasica (Fafi), maior institui\u00e7\u00e3o de forma\u00e7\u00f5es art\u00edsticas da capital, abre a semana com uma excelente not\u00edcia para quem deseja se tornar um artista de musicais: do dia 19 ao dia 22 de junho estar\u00e3o abertas 15 vagas remanescentes para a in\u00e9dita oficina &#8220;Teatro de [&hellip;]<\/p>\n","protected":false},"author":2,"featured_media":42469,"comment_status":"open","ping_status":"open","sticky":false,"template":"","format":"standard","meta":{"footnotes":""},"categories":[4],"tags":[4243,8981,951],"class_list":["post-42467","post","type-post","status-publish","format-standard","has-post-thumbnail","hentry","category-cultura","tag-fafi","tag-oficina","tag-vagas"],"yoast_head":"<!-- This site is optimized with the Yoast SEO plugin v26.5 - https:\/\/yoast.com\/wordpress\/plugins\/seo\/ -->\n<title>Oficina in\u00e9dita abre vagas remanescentes na Fafi - Jornal Fatos e Not\u00edcias<\/title>\n<meta name=\"robots\" content=\"index, follow, max-snippet:-1, max-image-preview:large, max-video-preview:-1\" \/>\n<link rel=\"canonical\" href=\"https:\/\/jornalfatosenoticias.com.br\/index.php\/2023\/06\/16\/oficina-inedita-abre-vagas-remanescentes-na-fafi\/\" \/>\n<meta property=\"og:locale\" content=\"pt_BR\" \/>\n<meta property=\"og:type\" content=\"article\" \/>\n<meta property=\"og:title\" content=\"Oficina in\u00e9dita abre vagas remanescentes na Fafi - Jornal Fatos e Not\u00edcias\" \/>\n<meta property=\"og:description\" content=\"Por Pedro Vargas A Escola T\u00e9cnica Municipal de Teatro, Dan\u00e7a e M\u00fasica (Fafi), maior institui\u00e7\u00e3o de forma\u00e7\u00f5es art\u00edsticas da capital, abre a semana com uma excelente not\u00edcia para quem deseja se tornar um artista de musicais: do dia 19 ao dia 22 de junho estar\u00e3o abertas 15 vagas remanescentes para a in\u00e9dita oficina &#8220;Teatro de [&hellip;]\" \/>\n<meta property=\"og:url\" content=\"https:\/\/jornalfatosenoticias.com.br\/index.php\/2023\/06\/16\/oficina-inedita-abre-vagas-remanescentes-na-fafi\/\" \/>\n<meta property=\"og:site_name\" content=\"Jornal Fatos e Not\u00edcias\" \/>\n<meta property=\"article:published_time\" content=\"2023-06-16T12:28:37+00:00\" \/>\n<meta property=\"article:modified_time\" content=\"2023-06-16T12:28:39+00:00\" \/>\n<meta property=\"og:image\" content=\"https:\/\/jornalfatosenoticias.com.br\/wp-content\/uploads\/2023\/06\/ofcina-Fafi_capa.jpg\" \/>\n\t<meta property=\"og:image:width\" content=\"800\" \/>\n\t<meta property=\"og:image:height\" content=\"275\" \/>\n\t<meta property=\"og:image:type\" content=\"image\/jpeg\" \/>\n<meta name=\"author\" content=\"Luzimara Fernandes\" \/>\n<meta name=\"twitter:card\" content=\"summary_large_image\" \/>\n<meta name=\"twitter:label1\" content=\"Escrito por\" \/>\n\t<meta name=\"twitter:data1\" content=\"Luzimara Fernandes\" \/>\n\t<meta name=\"twitter:label2\" content=\"Est. tempo de leitura\" \/>\n\t<meta name=\"twitter:data2\" content=\"2 minutos\" \/>\n<script type=\"application\/ld+json\" class=\"yoast-schema-graph\">{\"@context\":\"https:\/\/schema.org\",\"@graph\":[{\"@type\":\"Article\",\"@id\":\"https:\/\/jornalfatosenoticias.com.br\/index.php\/2023\/06\/16\/oficina-inedita-abre-vagas-remanescentes-na-fafi\/#article\",\"isPartOf\":{\"@id\":\"https:\/\/jornalfatosenoticias.com.br\/index.php\/2023\/06\/16\/oficina-inedita-abre-vagas-remanescentes-na-fafi\/\"},\"author\":{\"name\":\"Luzimara Fernandes\",\"@id\":\"https:\/\/jornalfatosenoticias.com.br\/#\/schema\/person\/d63837fa13ac8666eb9e74e0985d6f81\"},\"headline\":\"Oficina in\u00e9dita abre vagas remanescentes na Fafi\",\"datePublished\":\"2023-06-16T12:28:37+00:00\",\"dateModified\":\"2023-06-16T12:28:39+00:00\",\"mainEntityOfPage\":{\"@id\":\"https:\/\/jornalfatosenoticias.com.br\/index.php\/2023\/06\/16\/oficina-inedita-abre-vagas-remanescentes-na-fafi\/\"},\"wordCount\":323,\"commentCount\":0,\"publisher\":{\"@id\":\"https:\/\/jornalfatosenoticias.com.br\/#organization\"},\"image\":{\"@id\":\"https:\/\/jornalfatosenoticias.com.br\/index.php\/2023\/06\/16\/oficina-inedita-abre-vagas-remanescentes-na-fafi\/#primaryimage\"},\"thumbnailUrl\":\"https:\/\/jornalfatosenoticias.com.br\/wp-content\/uploads\/2023\/06\/ofcina-Fafi_capa.jpg\",\"keywords\":[\"Fafi\",\"oficina\",\"vagas\"],\"articleSection\":[\"Cultura\"],\"inLanguage\":\"pt-BR\",\"potentialAction\":[{\"@type\":\"CommentAction\",\"name\":\"Comment\",\"target\":[\"https:\/\/jornalfatosenoticias.com.br\/index.php\/2023\/06\/16\/oficina-inedita-abre-vagas-remanescentes-na-fafi\/#respond\"]}]},{\"@type\":\"WebPage\",\"@id\":\"https:\/\/jornalfatosenoticias.com.br\/index.php\/2023\/06\/16\/oficina-inedita-abre-vagas-remanescentes-na-fafi\/\",\"url\":\"https:\/\/jornalfatosenoticias.com.br\/index.php\/2023\/06\/16\/oficina-inedita-abre-vagas-remanescentes-na-fafi\/\",\"name\":\"Oficina in\u00e9dita abre vagas remanescentes na Fafi - Jornal Fatos e Not\u00edcias\",\"isPartOf\":{\"@id\":\"https:\/\/jornalfatosenoticias.com.br\/#website\"},\"primaryImageOfPage\":{\"@id\":\"https:\/\/jornalfatosenoticias.com.br\/index.php\/2023\/06\/16\/oficina-inedita-abre-vagas-remanescentes-na-fafi\/#primaryimage\"},\"image\":{\"@id\":\"https:\/\/jornalfatosenoticias.com.br\/index.php\/2023\/06\/16\/oficina-inedita-abre-vagas-remanescentes-na-fafi\/#primaryimage\"},\"thumbnailUrl\":\"https:\/\/jornalfatosenoticias.com.br\/wp-content\/uploads\/2023\/06\/ofcina-Fafi_capa.jpg\",\"datePublished\":\"2023-06-16T12:28:37+00:00\",\"dateModified\":\"2023-06-16T12:28:39+00:00\",\"breadcrumb\":{\"@id\":\"https:\/\/jornalfatosenoticias.com.br\/index.php\/2023\/06\/16\/oficina-inedita-abre-vagas-remanescentes-na-fafi\/#breadcrumb\"},\"inLanguage\":\"pt-BR\",\"potentialAction\":[{\"@type\":\"ReadAction\",\"target\":[\"https:\/\/jornalfatosenoticias.com.br\/index.php\/2023\/06\/16\/oficina-inedita-abre-vagas-remanescentes-na-fafi\/\"]}]},{\"@type\":\"ImageObject\",\"inLanguage\":\"pt-BR\",\"@id\":\"https:\/\/jornalfatosenoticias.com.br\/index.php\/2023\/06\/16\/oficina-inedita-abre-vagas-remanescentes-na-fafi\/#primaryimage\",\"url\":\"https:\/\/jornalfatosenoticias.com.br\/wp-content\/uploads\/2023\/06\/ofcina-Fafi_capa.jpg\",\"contentUrl\":\"https:\/\/jornalfatosenoticias.com.br\/wp-content\/uploads\/2023\/06\/ofcina-Fafi_capa.jpg\",\"width\":800,\"height\":275,\"caption\":\"Inscri\u00e7\u00f5es abrem na pr\u00f3xima segunda (19).\"},{\"@type\":\"BreadcrumbList\",\"@id\":\"https:\/\/jornalfatosenoticias.com.br\/index.php\/2023\/06\/16\/oficina-inedita-abre-vagas-remanescentes-na-fafi\/#breadcrumb\",\"itemListElement\":[{\"@type\":\"ListItem\",\"position\":1,\"name\":\"In\u00edcio\",\"item\":\"https:\/\/jornalfatosenoticias.com.br\/\"},{\"@type\":\"ListItem\",\"position\":2,\"name\":\"Oficina in\u00e9dita abre vagas remanescentes na Fafi\"}]},{\"@type\":\"WebSite\",\"@id\":\"https:\/\/jornalfatosenoticias.com.br\/#website\",\"url\":\"https:\/\/jornalfatosenoticias.com.br\/\",\"name\":\"Jornal Fatos e Not\u00edcias\",\"description\":\"Not\u00edcias em geral\",\"publisher\":{\"@id\":\"https:\/\/jornalfatosenoticias.com.br\/#organization\"},\"potentialAction\":[{\"@type\":\"SearchAction\",\"target\":{\"@type\":\"EntryPoint\",\"urlTemplate\":\"https:\/\/jornalfatosenoticias.com.br\/?s={search_term_string}\"},\"query-input\":{\"@type\":\"PropertyValueSpecification\",\"valueRequired\":true,\"valueName\":\"search_term_string\"}}],\"inLanguage\":\"pt-BR\"},{\"@type\":\"Organization\",\"@id\":\"https:\/\/jornalfatosenoticias.com.br\/#organization\",\"name\":\"Jornal Fatos e Not\u00edcias\",\"url\":\"https:\/\/jornalfatosenoticias.com.br\/\",\"logo\":{\"@type\":\"ImageObject\",\"inLanguage\":\"pt-BR\",\"@id\":\"https:\/\/jornalfatosenoticias.com.br\/#\/schema\/logo\/image\/\",\"url\":\"https:\/\/jornalfatosenoticias.com.br\/wp-content\/uploads\/2020\/02\/logo120.png\",\"contentUrl\":\"https:\/\/jornalfatosenoticias.com.br\/wp-content\/uploads\/2020\/02\/logo120.png\",\"width\":1227,\"height\":120,\"caption\":\"Jornal Fatos e Not\u00edcias\"},\"image\":{\"@id\":\"https:\/\/jornalfatosenoticias.com.br\/#\/schema\/logo\/image\/\"}},{\"@type\":\"Person\",\"@id\":\"https:\/\/jornalfatosenoticias.com.br\/#\/schema\/person\/d63837fa13ac8666eb9e74e0985d6f81\",\"name\":\"Luzimara Fernandes\",\"image\":{\"@type\":\"ImageObject\",\"inLanguage\":\"pt-BR\",\"@id\":\"https:\/\/jornalfatosenoticias.com.br\/#\/schema\/person\/image\/\",\"url\":\"https:\/\/jornalfatosenoticias.com.br\/wp-content\/uploads\/2025\/05\/EU_portal.jpg\",\"contentUrl\":\"https:\/\/jornalfatosenoticias.com.br\/wp-content\/uploads\/2025\/05\/EU_portal.jpg\",\"caption\":\"Luzimara Fernandes\"},\"description\":\"Jornalista MTB 2358-ES\",\"sameAs\":[\"https:\/\/jornalfatosenoticias.com.br\"],\"url\":\"https:\/\/jornalfatosenoticias.com.br\/index.php\/author\/luzimara\/\"}]}<\/script>\n<!-- \/ Yoast SEO plugin. -->","yoast_head_json":{"title":"Oficina in\u00e9dita abre vagas remanescentes na Fafi - Jornal Fatos e Not\u00edcias","robots":{"index":"index","follow":"follow","max-snippet":"max-snippet:-1","max-image-preview":"max-image-preview:large","max-video-preview":"max-video-preview:-1"},"canonical":"https:\/\/jornalfatosenoticias.com.br\/index.php\/2023\/06\/16\/oficina-inedita-abre-vagas-remanescentes-na-fafi\/","og_locale":"pt_BR","og_type":"article","og_title":"Oficina in\u00e9dita abre vagas remanescentes na Fafi - Jornal Fatos e Not\u00edcias","og_description":"Por Pedro Vargas A Escola T\u00e9cnica Municipal de Teatro, Dan\u00e7a e M\u00fasica (Fafi), maior institui\u00e7\u00e3o de forma\u00e7\u00f5es art\u00edsticas da capital, abre a semana com uma excelente not\u00edcia para quem deseja se tornar um artista de musicais: do dia 19 ao dia 22 de junho estar\u00e3o abertas 15 vagas remanescentes para a in\u00e9dita oficina &#8220;Teatro de [&hellip;]","og_url":"https:\/\/jornalfatosenoticias.com.br\/index.php\/2023\/06\/16\/oficina-inedita-abre-vagas-remanescentes-na-fafi\/","og_site_name":"Jornal Fatos e Not\u00edcias","article_published_time":"2023-06-16T12:28:37+00:00","article_modified_time":"2023-06-16T12:28:39+00:00","og_image":[{"width":800,"height":275,"url":"https:\/\/jornalfatosenoticias.com.br\/wp-content\/uploads\/2023\/06\/ofcina-Fafi_capa.jpg","type":"image\/jpeg"}],"author":"Luzimara Fernandes","twitter_card":"summary_large_image","twitter_misc":{"Escrito por":"Luzimara Fernandes","Est. tempo de leitura":"2 minutos"},"schema":{"@context":"https:\/\/schema.org","@graph":[{"@type":"Article","@id":"https:\/\/jornalfatosenoticias.com.br\/index.php\/2023\/06\/16\/oficina-inedita-abre-vagas-remanescentes-na-fafi\/#article","isPartOf":{"@id":"https:\/\/jornalfatosenoticias.com.br\/index.php\/2023\/06\/16\/oficina-inedita-abre-vagas-remanescentes-na-fafi\/"},"author":{"name":"Luzimara Fernandes","@id":"https:\/\/jornalfatosenoticias.com.br\/#\/schema\/person\/d63837fa13ac8666eb9e74e0985d6f81"},"headline":"Oficina in\u00e9dita abre vagas remanescentes na Fafi","datePublished":"2023-06-16T12:28:37+00:00","dateModified":"2023-06-16T12:28:39+00:00","mainEntityOfPage":{"@id":"https:\/\/jornalfatosenoticias.com.br\/index.php\/2023\/06\/16\/oficina-inedita-abre-vagas-remanescentes-na-fafi\/"},"wordCount":323,"commentCount":0,"publisher":{"@id":"https:\/\/jornalfatosenoticias.com.br\/#organization"},"image":{"@id":"https:\/\/jornalfatosenoticias.com.br\/index.php\/2023\/06\/16\/oficina-inedita-abre-vagas-remanescentes-na-fafi\/#primaryimage"},"thumbnailUrl":"https:\/\/jornalfatosenoticias.com.br\/wp-content\/uploads\/2023\/06\/ofcina-Fafi_capa.jpg","keywords":["Fafi","oficina","vagas"],"articleSection":["Cultura"],"inLanguage":"pt-BR","potentialAction":[{"@type":"CommentAction","name":"Comment","target":["https:\/\/jornalfatosenoticias.com.br\/index.php\/2023\/06\/16\/oficina-inedita-abre-vagas-remanescentes-na-fafi\/#respond"]}]},{"@type":"WebPage","@id":"https:\/\/jornalfatosenoticias.com.br\/index.php\/2023\/06\/16\/oficina-inedita-abre-vagas-remanescentes-na-fafi\/","url":"https:\/\/jornalfatosenoticias.com.br\/index.php\/2023\/06\/16\/oficina-inedita-abre-vagas-remanescentes-na-fafi\/","name":"Oficina in\u00e9dita abre vagas remanescentes na Fafi - Jornal Fatos e Not\u00edcias","isPartOf":{"@id":"https:\/\/jornalfatosenoticias.com.br\/#website"},"primaryImageOfPage":{"@id":"https:\/\/jornalfatosenoticias.com.br\/index.php\/2023\/06\/16\/oficina-inedita-abre-vagas-remanescentes-na-fafi\/#primaryimage"},"image":{"@id":"https:\/\/jornalfatosenoticias.com.br\/index.php\/2023\/06\/16\/oficina-inedita-abre-vagas-remanescentes-na-fafi\/#primaryimage"},"thumbnailUrl":"https:\/\/jornalfatosenoticias.com.br\/wp-content\/uploads\/2023\/06\/ofcina-Fafi_capa.jpg","datePublished":"2023-06-16T12:28:37+00:00","dateModified":"2023-06-16T12:28:39+00:00","breadcrumb":{"@id":"https:\/\/jornalfatosenoticias.com.br\/index.php\/2023\/06\/16\/oficina-inedita-abre-vagas-remanescentes-na-fafi\/#breadcrumb"},"inLanguage":"pt-BR","potentialAction":[{"@type":"ReadAction","target":["https:\/\/jornalfatosenoticias.com.br\/index.php\/2023\/06\/16\/oficina-inedita-abre-vagas-remanescentes-na-fafi\/"]}]},{"@type":"ImageObject","inLanguage":"pt-BR","@id":"https:\/\/jornalfatosenoticias.com.br\/index.php\/2023\/06\/16\/oficina-inedita-abre-vagas-remanescentes-na-fafi\/#primaryimage","url":"https:\/\/jornalfatosenoticias.com.br\/wp-content\/uploads\/2023\/06\/ofcina-Fafi_capa.jpg","contentUrl":"https:\/\/jornalfatosenoticias.com.br\/wp-content\/uploads\/2023\/06\/ofcina-Fafi_capa.jpg","width":800,"height":275,"caption":"Inscri\u00e7\u00f5es abrem na pr\u00f3xima segunda (19)."},{"@type":"BreadcrumbList","@id":"https:\/\/jornalfatosenoticias.com.br\/index.php\/2023\/06\/16\/oficina-inedita-abre-vagas-remanescentes-na-fafi\/#breadcrumb","itemListElement":[{"@type":"ListItem","position":1,"name":"In\u00edcio","item":"https:\/\/jornalfatosenoticias.com.br\/"},{"@type":"ListItem","position":2,"name":"Oficina in\u00e9dita abre vagas remanescentes na Fafi"}]},{"@type":"WebSite","@id":"https:\/\/jornalfatosenoticias.com.br\/#website","url":"https:\/\/jornalfatosenoticias.com.br\/","name":"Jornal Fatos e Not\u00edcias","description":"Not\u00edcias em geral","publisher":{"@id":"https:\/\/jornalfatosenoticias.com.br\/#organization"},"potentialAction":[{"@type":"SearchAction","target":{"@type":"EntryPoint","urlTemplate":"https:\/\/jornalfatosenoticias.com.br\/?s={search_term_string}"},"query-input":{"@type":"PropertyValueSpecification","valueRequired":true,"valueName":"search_term_string"}}],"inLanguage":"pt-BR"},{"@type":"Organization","@id":"https:\/\/jornalfatosenoticias.com.br\/#organization","name":"Jornal Fatos e Not\u00edcias","url":"https:\/\/jornalfatosenoticias.com.br\/","logo":{"@type":"ImageObject","inLanguage":"pt-BR","@id":"https:\/\/jornalfatosenoticias.com.br\/#\/schema\/logo\/image\/","url":"https:\/\/jornalfatosenoticias.com.br\/wp-content\/uploads\/2020\/02\/logo120.png","contentUrl":"https:\/\/jornalfatosenoticias.com.br\/wp-content\/uploads\/2020\/02\/logo120.png","width":1227,"height":120,"caption":"Jornal Fatos e Not\u00edcias"},"image":{"@id":"https:\/\/jornalfatosenoticias.com.br\/#\/schema\/logo\/image\/"}},{"@type":"Person","@id":"https:\/\/jornalfatosenoticias.com.br\/#\/schema\/person\/d63837fa13ac8666eb9e74e0985d6f81","name":"Luzimara Fernandes","image":{"@type":"ImageObject","inLanguage":"pt-BR","@id":"https:\/\/jornalfatosenoticias.com.br\/#\/schema\/person\/image\/","url":"https:\/\/jornalfatosenoticias.com.br\/wp-content\/uploads\/2025\/05\/EU_portal.jpg","contentUrl":"https:\/\/jornalfatosenoticias.com.br\/wp-content\/uploads\/2025\/05\/EU_portal.jpg","caption":"Luzimara Fernandes"},"description":"Jornalista MTB 2358-ES","sameAs":["https:\/\/jornalfatosenoticias.com.br"],"url":"https:\/\/jornalfatosenoticias.com.br\/index.php\/author\/luzimara\/"}]}},"cc_featured_image_caption":{"caption_text":"(Foto: Divulga\u00e7\u00e3o\/PMV) ","source_text":"","source_url":""},"jetpack_featured_media_url":"https:\/\/jornalfatosenoticias.com.br\/wp-content\/uploads\/2023\/06\/ofcina-Fafi_capa.jpg","_links":{"self":[{"href":"https:\/\/jornalfatosenoticias.com.br\/index.php\/wp-json\/wp\/v2\/posts\/42467","targetHints":{"allow":["GET"]}}],"collection":[{"href":"https:\/\/jornalfatosenoticias.com.br\/index.php\/wp-json\/wp\/v2\/posts"}],"about":[{"href":"https:\/\/jornalfatosenoticias.com.br\/index.php\/wp-json\/wp\/v2\/types\/post"}],"author":[{"embeddable":true,"href":"https:\/\/jornalfatosenoticias.com.br\/index.php\/wp-json\/wp\/v2\/users\/2"}],"replies":[{"embeddable":true,"href":"https:\/\/jornalfatosenoticias.com.br\/index.php\/wp-json\/wp\/v2\/comments?post=42467"}],"version-history":[{"count":0,"href":"https:\/\/jornalfatosenoticias.com.br\/index.php\/wp-json\/wp\/v2\/posts\/42467\/revisions"}],"wp:featuredmedia":[{"embeddable":true,"href":"https:\/\/jornalfatosenoticias.com.br\/index.php\/wp-json\/wp\/v2\/media\/42469"}],"wp:attachment":[{"href":"https:\/\/jornalfatosenoticias.com.br\/index.php\/wp-json\/wp\/v2\/media?parent=42467"}],"wp:term":[{"taxonomy":"category","embeddable":true,"href":"https:\/\/jornalfatosenoticias.com.br\/index.php\/wp-json\/wp\/v2\/categories?post=42467"},{"taxonomy":"post_tag","embeddable":true,"href":"https:\/\/jornalfatosenoticias.com.br\/index.php\/wp-json\/wp\/v2\/tags?post=42467"}],"curies":[{"name":"wp","href":"https:\/\/api.w.org\/{rel}","templated":true}]}}