{"id":42480,"date":"2023-06-16T10:32:04","date_gmt":"2023-06-16T13:32:04","guid":{"rendered":"https:\/\/jornalfatosenoticias.com.br\/?p=42480"},"modified":"2023-06-16T10:32:04","modified_gmt":"2023-06-16T13:32:04","slug":"campanha-destaca-papel-da-escola-na-alimentacao-saudavel","status":"publish","type":"post","link":"https:\/\/jornalfatosenoticias.com.br\/index.php\/2023\/06\/16\/campanha-destaca-papel-da-escola-na-alimentacao-saudavel\/","title":{"rendered":"Campanha destaca papel da escola na alimenta\u00e7\u00e3o saud\u00e1vel"},"content":{"rendered":"\n<p><em><span class=\"has-inline-color has-black-color\">Iniciativa do Idec alerta para a m\u00e1 qualidade dos alimentos oferecidos nas escolas e como isso contribui para a forma\u00e7\u00e3o de h\u00e1bitos alimentares ruins em toda uma gera\u00e7\u00e3o<\/span><\/em><\/p>\n\n\n\n<div class=\"wp-block-image\"><figure class=\"aligncenter size-large is-resized\"><img loading=\"lazy\" decoding=\"async\" src=\"https:\/\/jornalfatosenoticias.com.br\/wp-content\/uploads\/2022\/02\/Banner-2.png\" alt=\"\" class=\"wp-image-27877\" width=\"274\" height=\"228\"\/><\/figure><\/div>\n\n\n\n<p>Salgadinhos, sucos de caixinha, bebidas ado\u00e7adas\u2026 Na correria do dia a dia, muitas m\u00e3es acabam optando por usar alimentos como esses no <a href=\"https:\/\/cangurunews.com.br\/lanches-saudaveis-para-as-criancas\/\">lanche dos filhos<\/a>, sem se atentar para os males que podem trazer \u00e0 sa\u00fade. Visando inibir o consumo de ultraprocessados nas institui\u00e7\u00f5es de ensino, o Idec lan\u00e7ou a campanha <a href=\"https:\/\/comerbemnaescola.org.br\/\" target=\"_blank\" rel=\"noreferrer noopener\">Comer bem na escola: essa \u00e9 uma li\u00e7\u00e3o pra vida toda<\/a>, que enfatiza o papel de escolas p\u00fablicas e particulares como espa\u00e7o de forma\u00e7\u00e3o e na cria\u00e7\u00e3o de\u00a0<a href=\"vhttps:\/\/cangurunews.com.br\/alimentacao-na-infancia-molda-o-cerebro-e-gostos-na-vida-adulta\/\">gostos e costumes<\/a>\u00a0entre as crian\u00e7as e os jovens. A inten\u00e7\u00e3o, segundo o instituto, \u00e9 que fam\u00edlias e comunidade escolar se unam para promover mudan\u00e7as, n\u00e3o s\u00f3 exigindo uma melhor\u00a0<a href=\"https:\/\/cangurunews.com.br\/mitos-alimentacao-infantil\/\">oferta de alimentos<\/a>, como cobrando as autoridades para que as pol\u00edticas p\u00fablicas abracem essa causa.<\/p>\n\n\n\n<div class=\"wp-block-image\"><figure class=\"aligncenter size-large is-resized\"><img loading=\"lazy\" decoding=\"async\" src=\"https:\/\/jornalfatosenoticias.com.br\/wp-content\/uploads\/2022\/02\/FERRARI_MAQUINAS-E-FERRAMENTAS2.jpg\" alt=\"\" class=\"wp-image-27860\" width=\"277\" height=\"231\"\/><\/figure><\/div>\n\n\n\n<blockquote class=\"wp-block-quote is-layout-flow wp-block-quote-is-layout-flow\"><p><span class=\"has-inline-color has-luminous-vivid-orange-color\">Bebidas e alimentos ultraprocessados, cheios de aditivos qu\u00edmicos, s\u00e3o vendidos nas escolas e em seu entorno como se fossem grandes aliados na hora de planejar a alimenta\u00e7\u00e3o das crian\u00e7as, mas podem <a href=\"https:\/\/cangurunews.com.br\/brasil-tera-7-milhoes-de-criancas-com-obesidade-ate-2030\/\">prejudicar a sa\u00fade<\/a> dos nossos filhos e filhas agora e no futuro\u201d, destaca La\u00eds Amaral, supervisora t\u00e9cnica do Programa de Alimenta\u00e7\u00e3o Saud\u00e1vel e Sustent\u00e1vel do Instituto Brasileiro de Defesa do Consumidor (Idec). Segundo La\u00eds, o ambiente influencia diretamente os h\u00e1bitos alimentares das crian\u00e7as, e \u00e9 na escola que elas passam pelo menos metade do dia. Por isso, queremos que a escola seja um ambiente seguro, de autocuidado, com uma oferta mais variada e saud\u00e1vel para comer\u201d.<\/span><\/p><\/blockquote>\n\n\n\n<div class=\"wp-block-image\"><figure class=\"aligncenter size-large is-resized\"><img loading=\"lazy\" decoding=\"async\" src=\"https:\/\/jornalfatosenoticias.com.br\/wp-content\/uploads\/2023\/03\/logo-Panper_portal.jpg\" alt=\"\" class=\"wp-image-40208\" width=\"275\" height=\"190\" srcset=\"https:\/\/jornalfatosenoticias.com.br\/wp-content\/uploads\/2023\/03\/logo-Panper_portal.jpg 400w, https:\/\/jornalfatosenoticias.com.br\/wp-content\/uploads\/2023\/03\/logo-Panper_portal-300x208.jpg 300w\" sizes=\"auto, (max-width: 275px) 100vw, 275px\" \/><\/figure><\/div>\n\n\n\n<p>Em rodadas de pesquisas qualitativas realizadas em alguns estados brasileiros, o Idec constatou que muitos professores e familiares n\u00e3o conhecem os impactos negativos imediatos que o consumo de ultraprocessados traz \u00e0 sa\u00fade de crian\u00e7as e adolescentes. Por achar que qualquer efeito nocivo s\u00f3 acontece a m\u00e9dio e longo prazos, esse p\u00fablico muitas vezes n\u00e3o atua de forma mais efetiva na constru\u00e7\u00e3o de h\u00e1bitos alimentares saud\u00e1veis.<\/p>\n\n\n\n<div class=\"wp-block-image\"><figure class=\"aligncenter size-large\"><img loading=\"lazy\" decoding=\"async\" width=\"966\" height=\"420\" src=\"https:\/\/jornalfatosenoticias.com.br\/wp-content\/uploads\/2023\/06\/campanha-alimentacao-escolas-966x420-1.png\" alt=\"\" class=\"wp-image-42481\" srcset=\"https:\/\/jornalfatosenoticias.com.br\/wp-content\/uploads\/2023\/06\/campanha-alimentacao-escolas-966x420-1.png 966w, https:\/\/jornalfatosenoticias.com.br\/wp-content\/uploads\/2023\/06\/campanha-alimentacao-escolas-966x420-1-300x130.png 300w, https:\/\/jornalfatosenoticias.com.br\/wp-content\/uploads\/2023\/06\/campanha-alimentacao-escolas-966x420-1-768x334.png 768w\" sizes=\"auto, (max-width: 966px) 100vw, 966px\" \/><figcaption><em><span class=\"has-inline-color has-black-color\">Fonte: Campanha Comer bem na escola<\/span><\/em><\/figcaption><\/figure><\/div>\n\n\n\n<p><strong><span class=\"has-inline-color has-vivid-purple-color\">Preju\u00edzos \u00e0 sa\u00fade da m\u00e1 alimenta\u00e7\u00e3o<br><\/span><\/strong>Segundo o Estudo de Riscos Cardiovasculares em Adolescentes (Erica), um dos mais amplos estudos feitos sobre o tema no Brasil, at\u00e9 2025, mais de 100 mil crian\u00e7as e adolescentes poder\u00e3o desenvolver diabetes tipo 2. O estudo tamb\u00e9m mostrou que 9,6% dos nossos jovens sofrem de hipertens\u00e3o arterial e 90% desses casos s\u00e3o associados a m\u00e1 alimenta\u00e7\u00e3o. Al\u00e9m disso, de acordo com dados do Minist\u00e9rio da Sa\u00fade, quase 32% das crian\u00e7as entre cinco e nove anos apresentaram <a href=\"https:\/\/cangurunews.com.br\/brasil-tera-7-milhoes-de-criancas-com-obesidade-ate-2030\/\">excesso de peso<\/a> em 2020.<\/p>\n\n\n\n<div class=\"wp-block-image\"><figure class=\"aligncenter size-large is-resized\"><img loading=\"lazy\" decoding=\"async\" src=\"https:\/\/jornalfatosenoticias.com.br\/wp-content\/uploads\/2022\/08\/arte-Casarao.jpg\" alt=\"\" class=\"wp-image-33178\" width=\"270\" height=\"225\"\/><\/figure><\/div>\n\n\n\n<p><strong><span class=\"has-inline-color has-vivid-purple-color\">Legisla\u00e7\u00e3o<br><\/span><\/strong>No Brasil, n\u00e3o h\u00e1 uma lei federal que pro\u00edba a venda de alimentos n\u00e3o saud\u00e1veis dentro das escolas, embora existam iniciativas locais e esfor\u00e7os isolados para promover uma alimenta\u00e7\u00e3o mais equilibrada nas institui\u00e7\u00f5es de ensino. Nesse contexto, destaca-se a import\u00e2ncia do Programa Nacional de Alimenta\u00e7\u00e3o Escolar (PNAE), que foi estabelecido em 1955 e h\u00e1 mais de 60 anos oferta alimentos saud\u00e1veis nas escolas p\u00fablicas, visando garantir o direito \u00e0 alimenta\u00e7\u00e3o adequada e saud\u00e1vel aos estudantes da rede p\u00fablica de ensino.<\/p>\n\n\n\n<div class=\"wp-block-image\"><figure class=\"aligncenter size-large\"><img decoding=\"async\" src=\"https:\/\/jornalfatosenoticias.com.br\/wp-content\/uploads\/2020\/02\/barao-das-carnes-300x164-1.jpg\" alt=\"\" class=\"wp-image-34339\"\/><\/figure><\/div>\n\n\n\n<p>A campanha sobre a import\u00e2ncia da alimenta\u00e7\u00e3o saud\u00e1vel nas escolas inclui filme em TV aberta, a\u00e7\u00e3o em plataformas de streaming e redes sociais, entre outras estrat\u00e9gias. Saiba mais <a href=\"https:\/\/comerbemnaescola.org.br\/\" target=\"_blank\" rel=\"noreferrer noopener\">aqui<\/a>.<\/p>\n\n\n\n<p><strong><em>Fonte: <a href=\"https:\/\/cangurunews.com.br\/campanha-destaca-papel-da-escola-na-alimentacao-saudavel\/\">Canguru News<\/a><\/em><\/strong><\/p>\n","protected":false},"excerpt":{"rendered":"<p>Iniciativa do Idec alerta para a m\u00e1 qualidade dos alimentos oferecidos nas escolas e como isso contribui para a forma\u00e7\u00e3o de h\u00e1bitos alimentares ruins em toda uma gera\u00e7\u00e3o Salgadinhos, sucos de caixinha, bebidas ado\u00e7adas\u2026 Na correria do dia a dia, muitas m\u00e3es acabam optando por usar alimentos como esses no lanche dos filhos, sem se [&hellip;]<\/p>\n","protected":false},"author":2,"featured_media":42482,"comment_status":"open","ping_status":"open","sticky":false,"template":"","format":"standard","meta":{"footnotes":""},"categories":[7],"tags":[19977,11446,829,16166],"class_list":["post-42480","post","type-post","status-publish","format-standard","has-post-thumbnail","hentry","category-educacao","tag-alimentacao-saudavel-na-escola","tag-alimentos-ultraprocessados","tag-campanha","tag-habitos-alimentares-ruins"],"yoast_head":"<!-- This site is optimized with the Yoast SEO plugin v26.5 - https:\/\/yoast.com\/wordpress\/plugins\/seo\/ -->\n<title>Campanha destaca papel da escola na alimenta\u00e7\u00e3o saud\u00e1vel - Jornal Fatos e Not\u00edcias<\/title>\n<meta name=\"robots\" content=\"index, follow, max-snippet:-1, max-image-preview:large, max-video-preview:-1\" \/>\n<link rel=\"canonical\" href=\"https:\/\/jornalfatosenoticias.com.br\/index.php\/2023\/06\/16\/campanha-destaca-papel-da-escola-na-alimentacao-saudavel\/\" \/>\n<meta property=\"og:locale\" content=\"pt_BR\" \/>\n<meta property=\"og:type\" content=\"article\" \/>\n<meta property=\"og:title\" content=\"Campanha destaca papel da escola na alimenta\u00e7\u00e3o saud\u00e1vel - Jornal Fatos e Not\u00edcias\" \/>\n<meta property=\"og:description\" content=\"Iniciativa do Idec alerta para a m\u00e1 qualidade dos alimentos oferecidos nas escolas e como isso contribui para a forma\u00e7\u00e3o de h\u00e1bitos alimentares ruins em toda uma gera\u00e7\u00e3o Salgadinhos, sucos de caixinha, bebidas ado\u00e7adas\u2026 Na correria do dia a dia, muitas m\u00e3es acabam optando por usar alimentos como esses no lanche dos filhos, sem se [&hellip;]\" \/>\n<meta property=\"og:url\" content=\"https:\/\/jornalfatosenoticias.com.br\/index.php\/2023\/06\/16\/campanha-destaca-papel-da-escola-na-alimentacao-saudavel\/\" \/>\n<meta property=\"og:site_name\" content=\"Jornal Fatos e Not\u00edcias\" \/>\n<meta property=\"article:published_time\" content=\"2023-06-16T13:32:04+00:00\" \/>\n<meta property=\"og:image\" content=\"https:\/\/jornalfatosenoticias.com.br\/wp-content\/uploads\/2023\/06\/alimentacao-saudavel-na-escola.jpg\" \/>\n\t<meta property=\"og:image:width\" content=\"1000\" \/>\n\t<meta property=\"og:image:height\" content=\"666\" \/>\n\t<meta property=\"og:image:type\" content=\"image\/jpeg\" \/>\n<meta name=\"author\" content=\"Luzimara Fernandes\" \/>\n<meta name=\"twitter:card\" content=\"summary_large_image\" \/>\n<meta name=\"twitter:label1\" content=\"Escrito por\" \/>\n\t<meta name=\"twitter:data1\" content=\"Luzimara Fernandes\" \/>\n\t<meta name=\"twitter:label2\" content=\"Est. tempo de leitura\" \/>\n\t<meta name=\"twitter:data2\" content=\"3 minutos\" \/>\n<script type=\"application\/ld+json\" class=\"yoast-schema-graph\">{\"@context\":\"https:\/\/schema.org\",\"@graph\":[{\"@type\":\"Article\",\"@id\":\"https:\/\/jornalfatosenoticias.com.br\/index.php\/2023\/06\/16\/campanha-destaca-papel-da-escola-na-alimentacao-saudavel\/#article\",\"isPartOf\":{\"@id\":\"https:\/\/jornalfatosenoticias.com.br\/index.php\/2023\/06\/16\/campanha-destaca-papel-da-escola-na-alimentacao-saudavel\/\"},\"author\":{\"name\":\"Luzimara Fernandes\",\"@id\":\"https:\/\/jornalfatosenoticias.com.br\/#\/schema\/person\/d63837fa13ac8666eb9e74e0985d6f81\"},\"headline\":\"Campanha destaca papel da escola na alimenta\u00e7\u00e3o saud\u00e1vel\",\"datePublished\":\"2023-06-16T13:32:04+00:00\",\"mainEntityOfPage\":{\"@id\":\"https:\/\/jornalfatosenoticias.com.br\/index.php\/2023\/06\/16\/campanha-destaca-papel-da-escola-na-alimentacao-saudavel\/\"},\"wordCount\":600,\"commentCount\":0,\"publisher\":{\"@id\":\"https:\/\/jornalfatosenoticias.com.br\/#organization\"},\"image\":{\"@id\":\"https:\/\/jornalfatosenoticias.com.br\/index.php\/2023\/06\/16\/campanha-destaca-papel-da-escola-na-alimentacao-saudavel\/#primaryimage\"},\"thumbnailUrl\":\"https:\/\/jornalfatosenoticias.com.br\/wp-content\/uploads\/2023\/06\/alimentacao-saudavel-na-escola.jpg\",\"keywords\":[\"alimenta\u00e7\u00e3o saud\u00e1vel na escola\",\"alimentos ultraprocessados\",\"campanha\",\"h\u00e1bitos alimentares ruins\"],\"articleSection\":[\"Educa\u00e7\u00e3o\"],\"inLanguage\":\"pt-BR\",\"potentialAction\":[{\"@type\":\"CommentAction\",\"name\":\"Comment\",\"target\":[\"https:\/\/jornalfatosenoticias.com.br\/index.php\/2023\/06\/16\/campanha-destaca-papel-da-escola-na-alimentacao-saudavel\/#respond\"]}]},{\"@type\":\"WebPage\",\"@id\":\"https:\/\/jornalfatosenoticias.com.br\/index.php\/2023\/06\/16\/campanha-destaca-papel-da-escola-na-alimentacao-saudavel\/\",\"url\":\"https:\/\/jornalfatosenoticias.com.br\/index.php\/2023\/06\/16\/campanha-destaca-papel-da-escola-na-alimentacao-saudavel\/\",\"name\":\"Campanha destaca papel da escola na alimenta\u00e7\u00e3o saud\u00e1vel - Jornal Fatos e Not\u00edcias\",\"isPartOf\":{\"@id\":\"https:\/\/jornalfatosenoticias.com.br\/#website\"},\"primaryImageOfPage\":{\"@id\":\"https:\/\/jornalfatosenoticias.com.br\/index.php\/2023\/06\/16\/campanha-destaca-papel-da-escola-na-alimentacao-saudavel\/#primaryimage\"},\"image\":{\"@id\":\"https:\/\/jornalfatosenoticias.com.br\/index.php\/2023\/06\/16\/campanha-destaca-papel-da-escola-na-alimentacao-saudavel\/#primaryimage\"},\"thumbnailUrl\":\"https:\/\/jornalfatosenoticias.com.br\/wp-content\/uploads\/2023\/06\/alimentacao-saudavel-na-escola.jpg\",\"datePublished\":\"2023-06-16T13:32:04+00:00\",\"breadcrumb\":{\"@id\":\"https:\/\/jornalfatosenoticias.com.br\/index.php\/2023\/06\/16\/campanha-destaca-papel-da-escola-na-alimentacao-saudavel\/#breadcrumb\"},\"inLanguage\":\"pt-BR\",\"potentialAction\":[{\"@type\":\"ReadAction\",\"target\":[\"https:\/\/jornalfatosenoticias.com.br\/index.php\/2023\/06\/16\/campanha-destaca-papel-da-escola-na-alimentacao-saudavel\/\"]}]},{\"@type\":\"ImageObject\",\"inLanguage\":\"pt-BR\",\"@id\":\"https:\/\/jornalfatosenoticias.com.br\/index.php\/2023\/06\/16\/campanha-destaca-papel-da-escola-na-alimentacao-saudavel\/#primaryimage\",\"url\":\"https:\/\/jornalfatosenoticias.com.br\/wp-content\/uploads\/2023\/06\/alimentacao-saudavel-na-escola.jpg\",\"contentUrl\":\"https:\/\/jornalfatosenoticias.com.br\/wp-content\/uploads\/2023\/06\/alimentacao-saudavel-na-escola.jpg\",\"width\":1000,\"height\":666},{\"@type\":\"BreadcrumbList\",\"@id\":\"https:\/\/jornalfatosenoticias.com.br\/index.php\/2023\/06\/16\/campanha-destaca-papel-da-escola-na-alimentacao-saudavel\/#breadcrumb\",\"itemListElement\":[{\"@type\":\"ListItem\",\"position\":1,\"name\":\"In\u00edcio\",\"item\":\"https:\/\/jornalfatosenoticias.com.br\/\"},{\"@type\":\"ListItem\",\"position\":2,\"name\":\"Campanha destaca papel da escola na alimenta\u00e7\u00e3o saud\u00e1vel\"}]},{\"@type\":\"WebSite\",\"@id\":\"https:\/\/jornalfatosenoticias.com.br\/#website\",\"url\":\"https:\/\/jornalfatosenoticias.com.br\/\",\"name\":\"Jornal Fatos e Not\u00edcias\",\"description\":\"Not\u00edcias em geral\",\"publisher\":{\"@id\":\"https:\/\/jornalfatosenoticias.com.br\/#organization\"},\"potentialAction\":[{\"@type\":\"SearchAction\",\"target\":{\"@type\":\"EntryPoint\",\"urlTemplate\":\"https:\/\/jornalfatosenoticias.com.br\/?s={search_term_string}\"},\"query-input\":{\"@type\":\"PropertyValueSpecification\",\"valueRequired\":true,\"valueName\":\"search_term_string\"}}],\"inLanguage\":\"pt-BR\"},{\"@type\":\"Organization\",\"@id\":\"https:\/\/jornalfatosenoticias.com.br\/#organization\",\"name\":\"Jornal Fatos e Not\u00edcias\",\"url\":\"https:\/\/jornalfatosenoticias.com.br\/\",\"logo\":{\"@type\":\"ImageObject\",\"inLanguage\":\"pt-BR\",\"@id\":\"https:\/\/jornalfatosenoticias.com.br\/#\/schema\/logo\/image\/\",\"url\":\"https:\/\/jornalfatosenoticias.com.br\/wp-content\/uploads\/2020\/02\/logo120.png\",\"contentUrl\":\"https:\/\/jornalfatosenoticias.com.br\/wp-content\/uploads\/2020\/02\/logo120.png\",\"width\":1227,\"height\":120,\"caption\":\"Jornal Fatos e Not\u00edcias\"},\"image\":{\"@id\":\"https:\/\/jornalfatosenoticias.com.br\/#\/schema\/logo\/image\/\"}},{\"@type\":\"Person\",\"@id\":\"https:\/\/jornalfatosenoticias.com.br\/#\/schema\/person\/d63837fa13ac8666eb9e74e0985d6f81\",\"name\":\"Luzimara Fernandes\",\"image\":{\"@type\":\"ImageObject\",\"inLanguage\":\"pt-BR\",\"@id\":\"https:\/\/jornalfatosenoticias.com.br\/#\/schema\/person\/image\/\",\"url\":\"https:\/\/jornalfatosenoticias.com.br\/wp-content\/uploads\/2025\/05\/EU_portal.jpg\",\"contentUrl\":\"https:\/\/jornalfatosenoticias.com.br\/wp-content\/uploads\/2025\/05\/EU_portal.jpg\",\"caption\":\"Luzimara Fernandes\"},\"description\":\"Jornalista MTB 2358-ES\",\"sameAs\":[\"https:\/\/jornalfatosenoticias.com.br\"],\"url\":\"https:\/\/jornalfatosenoticias.com.br\/index.php\/author\/luzimara\/\"}]}<\/script>\n<!-- \/ Yoast SEO plugin. -->","yoast_head_json":{"title":"Campanha destaca papel da escola na alimenta\u00e7\u00e3o saud\u00e1vel - Jornal Fatos e Not\u00edcias","robots":{"index":"index","follow":"follow","max-snippet":"max-snippet:-1","max-image-preview":"max-image-preview:large","max-video-preview":"max-video-preview:-1"},"canonical":"https:\/\/jornalfatosenoticias.com.br\/index.php\/2023\/06\/16\/campanha-destaca-papel-da-escola-na-alimentacao-saudavel\/","og_locale":"pt_BR","og_type":"article","og_title":"Campanha destaca papel da escola na alimenta\u00e7\u00e3o saud\u00e1vel - Jornal Fatos e Not\u00edcias","og_description":"Iniciativa do Idec alerta para a m\u00e1 qualidade dos alimentos oferecidos nas escolas e como isso contribui para a forma\u00e7\u00e3o de h\u00e1bitos alimentares ruins em toda uma gera\u00e7\u00e3o Salgadinhos, sucos de caixinha, bebidas ado\u00e7adas\u2026 Na correria do dia a dia, muitas m\u00e3es acabam optando por usar alimentos como esses no lanche dos filhos, sem se [&hellip;]","og_url":"https:\/\/jornalfatosenoticias.com.br\/index.php\/2023\/06\/16\/campanha-destaca-papel-da-escola-na-alimentacao-saudavel\/","og_site_name":"Jornal Fatos e Not\u00edcias","article_published_time":"2023-06-16T13:32:04+00:00","og_image":[{"width":1000,"height":666,"url":"https:\/\/jornalfatosenoticias.com.br\/wp-content\/uploads\/2023\/06\/alimentacao-saudavel-na-escola.jpg","type":"image\/jpeg"}],"author":"Luzimara Fernandes","twitter_card":"summary_large_image","twitter_misc":{"Escrito por":"Luzimara Fernandes","Est. tempo de leitura":"3 minutos"},"schema":{"@context":"https:\/\/schema.org","@graph":[{"@type":"Article","@id":"https:\/\/jornalfatosenoticias.com.br\/index.php\/2023\/06\/16\/campanha-destaca-papel-da-escola-na-alimentacao-saudavel\/#article","isPartOf":{"@id":"https:\/\/jornalfatosenoticias.com.br\/index.php\/2023\/06\/16\/campanha-destaca-papel-da-escola-na-alimentacao-saudavel\/"},"author":{"name":"Luzimara Fernandes","@id":"https:\/\/jornalfatosenoticias.com.br\/#\/schema\/person\/d63837fa13ac8666eb9e74e0985d6f81"},"headline":"Campanha destaca papel da escola na alimenta\u00e7\u00e3o saud\u00e1vel","datePublished":"2023-06-16T13:32:04+00:00","mainEntityOfPage":{"@id":"https:\/\/jornalfatosenoticias.com.br\/index.php\/2023\/06\/16\/campanha-destaca-papel-da-escola-na-alimentacao-saudavel\/"},"wordCount":600,"commentCount":0,"publisher":{"@id":"https:\/\/jornalfatosenoticias.com.br\/#organization"},"image":{"@id":"https:\/\/jornalfatosenoticias.com.br\/index.php\/2023\/06\/16\/campanha-destaca-papel-da-escola-na-alimentacao-saudavel\/#primaryimage"},"thumbnailUrl":"https:\/\/jornalfatosenoticias.com.br\/wp-content\/uploads\/2023\/06\/alimentacao-saudavel-na-escola.jpg","keywords":["alimenta\u00e7\u00e3o saud\u00e1vel na escola","alimentos ultraprocessados","campanha","h\u00e1bitos alimentares ruins"],"articleSection":["Educa\u00e7\u00e3o"],"inLanguage":"pt-BR","potentialAction":[{"@type":"CommentAction","name":"Comment","target":["https:\/\/jornalfatosenoticias.com.br\/index.php\/2023\/06\/16\/campanha-destaca-papel-da-escola-na-alimentacao-saudavel\/#respond"]}]},{"@type":"WebPage","@id":"https:\/\/jornalfatosenoticias.com.br\/index.php\/2023\/06\/16\/campanha-destaca-papel-da-escola-na-alimentacao-saudavel\/","url":"https:\/\/jornalfatosenoticias.com.br\/index.php\/2023\/06\/16\/campanha-destaca-papel-da-escola-na-alimentacao-saudavel\/","name":"Campanha destaca papel da escola na alimenta\u00e7\u00e3o saud\u00e1vel - Jornal Fatos e Not\u00edcias","isPartOf":{"@id":"https:\/\/jornalfatosenoticias.com.br\/#website"},"primaryImageOfPage":{"@id":"https:\/\/jornalfatosenoticias.com.br\/index.php\/2023\/06\/16\/campanha-destaca-papel-da-escola-na-alimentacao-saudavel\/#primaryimage"},"image":{"@id":"https:\/\/jornalfatosenoticias.com.br\/index.php\/2023\/06\/16\/campanha-destaca-papel-da-escola-na-alimentacao-saudavel\/#primaryimage"},"thumbnailUrl":"https:\/\/jornalfatosenoticias.com.br\/wp-content\/uploads\/2023\/06\/alimentacao-saudavel-na-escola.jpg","datePublished":"2023-06-16T13:32:04+00:00","breadcrumb":{"@id":"https:\/\/jornalfatosenoticias.com.br\/index.php\/2023\/06\/16\/campanha-destaca-papel-da-escola-na-alimentacao-saudavel\/#breadcrumb"},"inLanguage":"pt-BR","potentialAction":[{"@type":"ReadAction","target":["https:\/\/jornalfatosenoticias.com.br\/index.php\/2023\/06\/16\/campanha-destaca-papel-da-escola-na-alimentacao-saudavel\/"]}]},{"@type":"ImageObject","inLanguage":"pt-BR","@id":"https:\/\/jornalfatosenoticias.com.br\/index.php\/2023\/06\/16\/campanha-destaca-papel-da-escola-na-alimentacao-saudavel\/#primaryimage","url":"https:\/\/jornalfatosenoticias.com.br\/wp-content\/uploads\/2023\/06\/alimentacao-saudavel-na-escola.jpg","contentUrl":"https:\/\/jornalfatosenoticias.com.br\/wp-content\/uploads\/2023\/06\/alimentacao-saudavel-na-escola.jpg","width":1000,"height":666},{"@type":"BreadcrumbList","@id":"https:\/\/jornalfatosenoticias.com.br\/index.php\/2023\/06\/16\/campanha-destaca-papel-da-escola-na-alimentacao-saudavel\/#breadcrumb","itemListElement":[{"@type":"ListItem","position":1,"name":"In\u00edcio","item":"https:\/\/jornalfatosenoticias.com.br\/"},{"@type":"ListItem","position":2,"name":"Campanha destaca papel da escola na alimenta\u00e7\u00e3o saud\u00e1vel"}]},{"@type":"WebSite","@id":"https:\/\/jornalfatosenoticias.com.br\/#website","url":"https:\/\/jornalfatosenoticias.com.br\/","name":"Jornal Fatos e Not\u00edcias","description":"Not\u00edcias em geral","publisher":{"@id":"https:\/\/jornalfatosenoticias.com.br\/#organization"},"potentialAction":[{"@type":"SearchAction","target":{"@type":"EntryPoint","urlTemplate":"https:\/\/jornalfatosenoticias.com.br\/?s={search_term_string}"},"query-input":{"@type":"PropertyValueSpecification","valueRequired":true,"valueName":"search_term_string"}}],"inLanguage":"pt-BR"},{"@type":"Organization","@id":"https:\/\/jornalfatosenoticias.com.br\/#organization","name":"Jornal Fatos e Not\u00edcias","url":"https:\/\/jornalfatosenoticias.com.br\/","logo":{"@type":"ImageObject","inLanguage":"pt-BR","@id":"https:\/\/jornalfatosenoticias.com.br\/#\/schema\/logo\/image\/","url":"https:\/\/jornalfatosenoticias.com.br\/wp-content\/uploads\/2020\/02\/logo120.png","contentUrl":"https:\/\/jornalfatosenoticias.com.br\/wp-content\/uploads\/2020\/02\/logo120.png","width":1227,"height":120,"caption":"Jornal Fatos e Not\u00edcias"},"image":{"@id":"https:\/\/jornalfatosenoticias.com.br\/#\/schema\/logo\/image\/"}},{"@type":"Person","@id":"https:\/\/jornalfatosenoticias.com.br\/#\/schema\/person\/d63837fa13ac8666eb9e74e0985d6f81","name":"Luzimara Fernandes","image":{"@type":"ImageObject","inLanguage":"pt-BR","@id":"https:\/\/jornalfatosenoticias.com.br\/#\/schema\/person\/image\/","url":"https:\/\/jornalfatosenoticias.com.br\/wp-content\/uploads\/2025\/05\/EU_portal.jpg","contentUrl":"https:\/\/jornalfatosenoticias.com.br\/wp-content\/uploads\/2025\/05\/EU_portal.jpg","caption":"Luzimara Fernandes"},"description":"Jornalista MTB 2358-ES","sameAs":["https:\/\/jornalfatosenoticias.com.br"],"url":"https:\/\/jornalfatosenoticias.com.br\/index.php\/author\/luzimara\/"}]}},"cc_featured_image_caption":{"caption_text":"(Foto: Shutterstock) ","source_text":"","source_url":""},"jetpack_featured_media_url":"https:\/\/jornalfatosenoticias.com.br\/wp-content\/uploads\/2023\/06\/alimentacao-saudavel-na-escola.jpg","_links":{"self":[{"href":"https:\/\/jornalfatosenoticias.com.br\/index.php\/wp-json\/wp\/v2\/posts\/42480","targetHints":{"allow":["GET"]}}],"collection":[{"href":"https:\/\/jornalfatosenoticias.com.br\/index.php\/wp-json\/wp\/v2\/posts"}],"about":[{"href":"https:\/\/jornalfatosenoticias.com.br\/index.php\/wp-json\/wp\/v2\/types\/post"}],"author":[{"embeddable":true,"href":"https:\/\/jornalfatosenoticias.com.br\/index.php\/wp-json\/wp\/v2\/users\/2"}],"replies":[{"embeddable":true,"href":"https:\/\/jornalfatosenoticias.com.br\/index.php\/wp-json\/wp\/v2\/comments?post=42480"}],"version-history":[{"count":0,"href":"https:\/\/jornalfatosenoticias.com.br\/index.php\/wp-json\/wp\/v2\/posts\/42480\/revisions"}],"wp:featuredmedia":[{"embeddable":true,"href":"https:\/\/jornalfatosenoticias.com.br\/index.php\/wp-json\/wp\/v2\/media\/42482"}],"wp:attachment":[{"href":"https:\/\/jornalfatosenoticias.com.br\/index.php\/wp-json\/wp\/v2\/media?parent=42480"}],"wp:term":[{"taxonomy":"category","embeddable":true,"href":"https:\/\/jornalfatosenoticias.com.br\/index.php\/wp-json\/wp\/v2\/categories?post=42480"},{"taxonomy":"post_tag","embeddable":true,"href":"https:\/\/jornalfatosenoticias.com.br\/index.php\/wp-json\/wp\/v2\/tags?post=42480"}],"curies":[{"name":"wp","href":"https:\/\/api.w.org\/{rel}","templated":true}]}}