{"id":42494,"date":"2023-06-16T11:25:02","date_gmt":"2023-06-16T14:25:02","guid":{"rendered":"https:\/\/jornalfatosenoticias.com.br\/?p=42494"},"modified":"2023-06-16T11:25:03","modified_gmt":"2023-06-16T14:25:03","slug":"frutas-recem-descobertas-sao-cultivadas-no-jardim-botanico","status":"publish","type":"post","link":"https:\/\/jornalfatosenoticias.com.br\/index.php\/2023\/06\/16\/frutas-recem-descobertas-sao-cultivadas-no-jardim-botanico\/","title":{"rendered":"Frutas rec\u00e9m-descobertas s\u00e3o cultivadas no Jardim Bot\u00e2nico"},"content":{"rendered":"\n<p><em><span class=\"has-inline-color has-black-color\">Canteiro com 23 mudas de \u00e1rvores frut\u00edferas foi inaugurado em celebra\u00e7\u00e3o aos 215 anos do parque no Rio; dessas, tr\u00eas s\u00e3o in\u00e9ditas e cinco est\u00e3o em perigo de extin\u00e7\u00e3o<\/span><\/em><\/p>\n\n\n\n<p><em><span class=\"has-inline-color has-black-color\">Por<strong> Caila Ara\u00fajo<\/strong><\/span><\/em><\/p>\n\n\n\n<div class=\"wp-block-image\"><figure class=\"aligncenter size-large\"><img loading=\"lazy\" decoding=\"async\" width=\"1024\" height=\"111\" src=\"https:\/\/jornalfatosenoticias.com.br\/wp-content\/uploads\/2020\/02\/WhatsApp-Image-2022-09-23-at-12.09.18-1024x111.jpeg\" alt=\"\" class=\"wp-image-34527\" srcset=\"https:\/\/jornalfatosenoticias.com.br\/wp-content\/uploads\/2020\/02\/WhatsApp-Image-2022-09-23-at-12.09.18-1024x111.jpeg 1024w, https:\/\/jornalfatosenoticias.com.br\/wp-content\/uploads\/2020\/02\/WhatsApp-Image-2022-09-23-at-12.09.18-300x32.jpeg 300w, https:\/\/jornalfatosenoticias.com.br\/wp-content\/uploads\/2020\/02\/WhatsApp-Image-2022-09-23-at-12.09.18-768x83.jpeg 768w, https:\/\/jornalfatosenoticias.com.br\/wp-content\/uploads\/2020\/02\/WhatsApp-Image-2022-09-23-at-12.09.18.jpeg 1121w\" sizes=\"auto, (max-width: 1024px) 100vw, 1024px\" \/><\/figure><\/div>\n\n\n\n<p>Em vez de bolo de anivers\u00e1rio, fruta. N\u00e3o \u00e9 discurso fitness, mas, sim, uma iniciativa de conserva\u00e7\u00e3o. Nos 215 anos do Jardim Bot\u00e2nico, o Rio ganha de presente um canteiro inteiro com mudas de 23 esp\u00e9cies de \u00e1rvores frut\u00edferas nativas da Mata Atl\u00e2ntica e da Amaz\u00f4nia. Dessas, cinco s\u00e3o consideradas em perigo de extin\u00e7\u00e3o e tr\u00eas s\u00e3o in\u00e9ditas, fruto \u2014 literalmente \u2014 de descobertas recentes, cujo an\u00fancio ainda ser\u00e1 publicado em revistas cient\u00edficas.<\/p>\n\n\n\n<div class=\"wp-block-image\"><figure class=\"aligncenter size-large\"><img decoding=\"async\" src=\"https:\/\/jornalfatosenoticias.com.br\/wp-content\/uploads\/2020\/02\/barao-das-carnes-300x164-1.jpg\" alt=\"\" class=\"wp-image-34339\"\/><\/figure><\/div>\n\n\n\n<p>O canteiro ser\u00e1 inaugurado hoje, dia do anivers\u00e1rio do parque, e j\u00e1 estar\u00e1 aberto aos visitantes. As \u00e1rvores rec\u00e9m-identificadas sequer ganharam nome cient\u00edfico, o que s\u00f3 acontece ap\u00f3s a publica\u00e7\u00e3o oficial feita por pesquisadores. J\u00e1 s\u00e3o conhecidas, no entanto, por seus curiosos nomes populares: guaquica-azul, jabuticaba-caipirinha e veludo-negro. Quando crescerem, as mudas cultivadas no Jardim Bot\u00e2nico v\u00e3o produzir as frutas que s\u00e3o da fam\u00edlia da goiaba e da pitanga.<\/p>\n\n\n\n<div class=\"wp-block-image\"><figure class=\"aligncenter size-large\"><img loading=\"lazy\" decoding=\"async\" width=\"300\" height=\"250\" src=\"https:\/\/jornalfatosenoticias.com.br\/wp-content\/uploads\/2022\/08\/arte-Casarao.jpg\" alt=\"\" class=\"wp-image-33178\"\/><\/figure><\/div>\n\n\n\n<blockquote class=\"wp-block-quote is-layout-flow wp-block-quote-is-layout-flow\"><p><span class=\"has-inline-color has-luminous-vivid-orange-color\">Esse \u00e9 um ponto que a gente vai fazer quest\u00e3o de levar o visitante para conhecer e, quem sabe, daqui a uns anos, provar as frutas. Por enquanto s\u00e3o mudinhas pequenas, ainda precisam crescer mais\u201d, conta o coordenador de Cole\u00e7\u00f5es Vivas do JBRJ, Marcus Nadruz.<\/span><\/p><\/blockquote>\n\n\n\n<div class=\"wp-block-image\"><figure class=\"aligncenter size-large\"><img loading=\"lazy\" decoding=\"async\" width=\"984\" height=\"671\" src=\"https:\/\/jornalfatosenoticias.com.br\/wp-content\/uploads\/2023\/06\/pe-de-drinque.jpg\" alt=\"\" class=\"wp-image-42495\" srcset=\"https:\/\/jornalfatosenoticias.com.br\/wp-content\/uploads\/2023\/06\/pe-de-drinque.jpg 984w, https:\/\/jornalfatosenoticias.com.br\/wp-content\/uploads\/2023\/06\/pe-de-drinque-300x205.jpg 300w, https:\/\/jornalfatosenoticias.com.br\/wp-content\/uploads\/2023\/06\/pe-de-drinque-768x524.jpg 768w\" sizes=\"auto, (max-width: 984px) 100vw, 984px\" \/><figcaption><em><span class=\"has-inline-color has-black-color\">&#8216;P\u00e9 de drinque&#8217;: a esp\u00e9cie rec\u00e9m-descoberta, &#8216;jabuticaba-caipirinha&#8217;, ainda sem nome cient\u00edfico (Foto: Divulga\u00e7\u00e3o\/Jardim Bot\u00e2nico)<\/span><\/em><\/figcaption><\/figure><\/div>\n\n\n\n<div class=\"wp-block-image\"><figure class=\"aligncenter size-large\"><img loading=\"lazy\" decoding=\"async\" width=\"729\" height=\"90\" src=\"https:\/\/jornalfatosenoticias.com.br\/wp-content\/uploads\/2020\/02\/Logo_Mizu.png\" alt=\"\" class=\"wp-image-1441\" srcset=\"https:\/\/jornalfatosenoticias.com.br\/wp-content\/uploads\/2020\/02\/Logo_Mizu.png 729w, https:\/\/jornalfatosenoticias.com.br\/wp-content\/uploads\/2020\/02\/Logo_Mizu-300x37.png 300w\" sizes=\"auto, (max-width: 729px) 100vw, 729px\" \/><\/figure><\/div>\n\n\n\n<p>H\u00e1 cinco esp\u00e9cies frut\u00edferas inclu\u00eddas em alguma categoria de risco plantadas no novo canteiro. Em perigo de extin\u00e7\u00e3o est\u00e3o o buti\u00e1-roxo, uma esp\u00e9cie de palmeira, a pitanguinha-de-mattos, a jabuticaba-peluda e o jenipapo-da-flor-linda. A guabiroba-peluda est\u00e1 em risco vulner\u00e1vel, uma classifica\u00e7\u00e3o mais branda.<br>Atrav\u00e9s de trilhas guiadas, o Instituto Jardim Bot\u00e2nico pretende sensibilizar o p\u00fablico sobre a import\u00e2ncia da conserva\u00e7\u00e3o. <\/p>\n\n\n\n<div class=\"wp-block-image\"><figure class=\"aligncenter size-large\"><img decoding=\"async\" src=\"https:\/\/jornalfatosenoticias.com.br\/wp-content\/uploads\/2020\/02\/logo_esteio.jpg\" alt=\"\" class=\"wp-image-1214\"\/><\/figure><\/div>\n\n\n\n<blockquote class=\"wp-block-quote is-layout-flow wp-block-quote-is-layout-flow\"><p><span class=\"has-inline-color has-luminous-vivid-orange-color\">S\u00e3o esp\u00e9cies novas para a ci\u00eancia, nunca antes descritas. Foram descobertas h\u00e1 pouco, ent\u00e3o n\u00e3o foram nomeadas cientificamente. Dentre as outras 20 esp\u00e9cies, s\u00e3o frutas nossas e que a gente desconhece. Tem muita coisa para se conhecer na nossa flora\u201d, conta o coordenador de Cole\u00e7\u00f5es Vivas do JBRJ, Marcus Nadruz.<\/span><\/p><\/blockquote>\n\n\n\n<div class=\"wp-block-image\"><figure class=\"aligncenter size-large is-resized\"><img loading=\"lazy\" decoding=\"async\" src=\"https:\/\/jornalfatosenoticias.com.br\/wp-content\/uploads\/2022\/02\/Banner-2.png\" alt=\"\" class=\"wp-image-27877\" width=\"269\" height=\"224\"\/><\/figure><\/div>\n\n\n\n<p>Para ele, o Jardim Bot\u00e2nico \u00e9 mais do que um parque de passeio. <\/p>\n\n\n\n<blockquote class=\"wp-block-quote is-layout-flow wp-block-quote-is-layout-flow\"><p><span class=\"has-inline-color has-luminous-vivid-orange-color\">A gente quer mostrar esse lado mais cient\u00edfico do instituto, aliando a ci\u00eancia com as nossas pesquisas e atividades de educa\u00e7\u00e3o ambiental, ao bem-estar da popula\u00e7\u00e3o, que vem para c\u00e1 passear\u201d, disse.<\/span><\/p><\/blockquote>\n\n\n\n<div class=\"wp-block-image\"><figure class=\"aligncenter size-large is-resized\"><img loading=\"lazy\" decoding=\"async\" src=\"https:\/\/jornalfatosenoticias.com.br\/wp-content\/uploads\/2023\/03\/nova-logo-Marquetti.jpg\" alt=\"\" class=\"wp-image-40207\" width=\"306\" height=\"205\" srcset=\"https:\/\/jornalfatosenoticias.com.br\/wp-content\/uploads\/2023\/03\/nova-logo-Marquetti.jpg 643w, https:\/\/jornalfatosenoticias.com.br\/wp-content\/uploads\/2023\/03\/nova-logo-Marquetti-300x202.jpg 300w\" sizes=\"auto, (max-width: 306px) 100vw, 306px\" \/><\/figure><\/div>\n\n\n\n<p>O Canteiro de Plantas Frut\u00edferas do Brasil foi instalado onde antes ficava o estacionamento da Diretoria de Pesquisas, na Rua Pacheco Le\u00e3o, 915. O espa\u00e7o tem 480 metros quadrados e faz parte do plano de expans\u00e3o do arboreto do Jardim Bot\u00e2nico, com um acervo de plantas frut\u00edferas brasileiras pouco divulgadas. O projeto do canteiro \u00e9 assinado por Ana Rosa de Oliveira, paisagista do JBRJ.<\/p>\n\n\n\n<div class=\"wp-block-image\"><figure class=\"aligncenter size-large\"><img loading=\"lazy\" decoding=\"async\" width=\"561\" height=\"949\" src=\"https:\/\/jornalfatosenoticias.com.br\/wp-content\/uploads\/2023\/06\/pitanguinha-de-matos.jpg\" alt=\"\" class=\"wp-image-42496\" srcset=\"https:\/\/jornalfatosenoticias.com.br\/wp-content\/uploads\/2023\/06\/pitanguinha-de-matos.jpg 561w, https:\/\/jornalfatosenoticias.com.br\/wp-content\/uploads\/2023\/06\/pitanguinha-de-matos-177x300.jpg 177w\" sizes=\"auto, (max-width: 561px) 100vw, 561px\" \/><figcaption><em><span class=\"has-inline-color has-black-color\">Muda de pitanguinha-de-mattos, em perigo de extin\u00e7\u00e3o (Foto: Divulga\u00e7\u00e3o\/Jardim Bot\u00e2nico)<\/span><\/em><\/figcaption><\/figure><\/div>\n\n\n\n<div class=\"wp-block-image\"><figure class=\"aligncenter size-large\"><img loading=\"lazy\" decoding=\"async\" width=\"1024\" height=\"110\" src=\"https:\/\/jornalfatosenoticias.com.br\/wp-content\/uploads\/2023\/03\/Crypton-1120-\u00d7-120-px-1-1024x110.png\" alt=\"\" class=\"wp-image-39211\" srcset=\"https:\/\/jornalfatosenoticias.com.br\/wp-content\/uploads\/2023\/03\/Crypton-1120-\u00d7-120-px-1-1024x110.png 1024w, https:\/\/jornalfatosenoticias.com.br\/wp-content\/uploads\/2023\/03\/Crypton-1120-\u00d7-120-px-1-300x32.png 300w, https:\/\/jornalfatosenoticias.com.br\/wp-content\/uploads\/2023\/03\/Crypton-1120-\u00d7-120-px-1-768x82.png 768w, https:\/\/jornalfatosenoticias.com.br\/wp-content\/uploads\/2023\/03\/Crypton-1120-\u00d7-120-px-1.png 1120w\" sizes=\"auto, (max-width: 1024px) 100vw, 1024px\" \/><\/figure><\/div>\n\n\n\n<p>Segundo Marcus, a estimativa da produ\u00e7\u00e3o comercial de frutas em n\u00edvel mundial gira em torno de 40 esp\u00e9cies. \u201cEsse n\u00famero \u00e9 irris\u00f3rio comparado a tantas outras, em sua grande maioria com pouco ou nenhum valor econ\u00f4mico, ainda selvagens ou semicultivadas e menos conhecidas\u201d, observa o pesquisador.<br>Para Nadruz, o Brasil \u00e9 um Pa\u00eds privilegiado pela diversidade de suas frutas nativas. A Amaz\u00f4nia e a Mata Atl\u00e2ntica, destaca ele, apresentam centenas de esp\u00e9cies frut\u00edferas, constituindo aut\u00eanticos pomares.<\/p>\n\n\n\n<div class=\"wp-block-image\"><figure class=\"aligncenter size-large is-resized\"><img loading=\"lazy\" decoding=\"async\" src=\"https:\/\/jornalfatosenoticias.com.br\/wp-content\/uploads\/2022\/10\/RC_800x750_page-0001.jpg\" alt=\"\" class=\"wp-image-35338\" width=\"281\" height=\"263\" srcset=\"https:\/\/jornalfatosenoticias.com.br\/wp-content\/uploads\/2022\/10\/RC_800x750_page-0001.jpg 400w, https:\/\/jornalfatosenoticias.com.br\/wp-content\/uploads\/2022\/10\/RC_800x750_page-0001-300x281.jpg 300w\" sizes=\"auto, (max-width: 281px) 100vw, 281px\" \/><\/figure><\/div>\n\n\n\n<blockquote class=\"wp-block-quote is-layout-flow wp-block-quote-is-layout-flow\"><p><span class=\"has-inline-color has-luminous-vivid-orange-color\">Poucas de nossas frut\u00edferas t\u00eam sido coletadas e domesticadas como fizeram com os maracuj\u00e1s, as jabuticabas, os abacaxis e as goiabas. Algumas est\u00e3o em processo de domestica\u00e7\u00e3o e cultivo, como o cupua\u00e7u, o abiu. Mesmo entre as esp\u00e9cies conhecidas, h\u00e1 frut\u00edferas de qualidade excepcional que necessitam ser cultivadas e difundidas para garantir a preserva\u00e7\u00e3o da varia\u00e7\u00e3o intra e interespec\u00edfica\u201d, afirma o pesquisador.<\/span><\/p><\/blockquote>\n\n\n\n<div class=\"wp-block-image\"><figure class=\"aligncenter size-large is-resized\"><img loading=\"lazy\" decoding=\"async\" src=\"https:\/\/jornalfatosenoticias.com.br\/wp-content\/uploads\/2022\/02\/Precisao-Contabilidade-1024x724.jpg\" alt=\"\" class=\"wp-image-28088\" width=\"301\" height=\"213\"\/><\/figure><\/div>\n\n\n\n<p><strong><em>Fonte: <a href=\"https:\/\/umsoplaneta.globo.com\/biodiversidade\/noticia\/2023\/06\/16\/jabuticaba-caipirinha-veludo-negro-e-guaquica-azul-frutas-recem-descobertas-sao-cultivadas-no-jardim-botanico.ghtml\">Um S\u00f3 Planeta<\/a><\/em><\/strong><\/p>\n","protected":false},"excerpt":{"rendered":"<p>Canteiro com 23 mudas de \u00e1rvores frut\u00edferas foi inaugurado em celebra\u00e7\u00e3o aos 215 anos do parque no Rio; dessas, tr\u00eas s\u00e3o in\u00e9ditas e cinco est\u00e3o em perigo de extin\u00e7\u00e3o Por Caila Ara\u00fajo Em vez de bolo de anivers\u00e1rio, fruta. N\u00e3o \u00e9 discurso fitness, mas, sim, uma iniciativa de conserva\u00e7\u00e3o. Nos 215 anos do Jardim Bot\u00e2nico, [&hellip;]<\/p>\n","protected":false},"author":2,"featured_media":42497,"comment_status":"open","ping_status":"open","sticky":false,"template":"","format":"standard","meta":{"footnotes":""},"categories":[8],"tags":[19983,7756,19984,8533,19985],"class_list":["post-42494","post","type-post","status-publish","format-standard","has-post-thumbnail","hentry","category-meio-ambiente","tag-frutas-recem-descobertas","tag-jardim-botanico-do-rio-de-janeiro","tag-mudas-de-arvores-frutiferas","tag-novas-especies","tag-perigo-de-extincao"],"yoast_head":"<!-- This site is optimized with the Yoast SEO plugin v26.5 - https:\/\/yoast.com\/wordpress\/plugins\/seo\/ -->\n<title>Frutas rec\u00e9m-descobertas s\u00e3o cultivadas no Jardim Bot\u00e2nico - Jornal Fatos e Not\u00edcias<\/title>\n<meta name=\"robots\" content=\"index, follow, max-snippet:-1, max-image-preview:large, max-video-preview:-1\" \/>\n<link rel=\"canonical\" href=\"https:\/\/jornalfatosenoticias.com.br\/index.php\/2023\/06\/16\/frutas-recem-descobertas-sao-cultivadas-no-jardim-botanico\/\" \/>\n<meta property=\"og:locale\" content=\"pt_BR\" \/>\n<meta property=\"og:type\" content=\"article\" \/>\n<meta property=\"og:title\" content=\"Frutas rec\u00e9m-descobertas s\u00e3o cultivadas no Jardim Bot\u00e2nico - Jornal Fatos e Not\u00edcias\" \/>\n<meta property=\"og:description\" content=\"Canteiro com 23 mudas de \u00e1rvores frut\u00edferas foi inaugurado em celebra\u00e7\u00e3o aos 215 anos do parque no Rio; dessas, tr\u00eas s\u00e3o in\u00e9ditas e cinco est\u00e3o em perigo de extin\u00e7\u00e3o Por Caila Ara\u00fajo Em vez de bolo de anivers\u00e1rio, fruta. N\u00e3o \u00e9 discurso fitness, mas, sim, uma iniciativa de conserva\u00e7\u00e3o. Nos 215 anos do Jardim Bot\u00e2nico, [&hellip;]\" \/>\n<meta property=\"og:url\" content=\"https:\/\/jornalfatosenoticias.com.br\/index.php\/2023\/06\/16\/frutas-recem-descobertas-sao-cultivadas-no-jardim-botanico\/\" \/>\n<meta property=\"og:site_name\" content=\"Jornal Fatos e Not\u00edcias\" \/>\n<meta property=\"article:published_time\" content=\"2023-06-16T14:25:02+00:00\" \/>\n<meta property=\"article:modified_time\" content=\"2023-06-16T14:25:03+00:00\" \/>\n<meta property=\"og:image\" content=\"https:\/\/jornalfatosenoticias.com.br\/wp-content\/uploads\/2023\/06\/Jardim-Botanico_RJ.jpg\" \/>\n\t<meta property=\"og:image:width\" content=\"1000\" \/>\n\t<meta property=\"og:image:height\" content=\"598\" \/>\n\t<meta property=\"og:image:type\" content=\"image\/jpeg\" \/>\n<meta name=\"author\" content=\"Luzimara Fernandes\" \/>\n<meta name=\"twitter:card\" content=\"summary_large_image\" \/>\n<meta name=\"twitter:label1\" content=\"Escrito por\" \/>\n\t<meta name=\"twitter:data1\" content=\"Luzimara Fernandes\" \/>\n\t<meta name=\"twitter:label2\" content=\"Est. tempo de leitura\" \/>\n\t<meta name=\"twitter:data2\" content=\"3 minutos\" \/>\n<script type=\"application\/ld+json\" class=\"yoast-schema-graph\">{\"@context\":\"https:\/\/schema.org\",\"@graph\":[{\"@type\":\"Article\",\"@id\":\"https:\/\/jornalfatosenoticias.com.br\/index.php\/2023\/06\/16\/frutas-recem-descobertas-sao-cultivadas-no-jardim-botanico\/#article\",\"isPartOf\":{\"@id\":\"https:\/\/jornalfatosenoticias.com.br\/index.php\/2023\/06\/16\/frutas-recem-descobertas-sao-cultivadas-no-jardim-botanico\/\"},\"author\":{\"name\":\"Luzimara Fernandes\",\"@id\":\"https:\/\/jornalfatosenoticias.com.br\/#\/schema\/person\/d63837fa13ac8666eb9e74e0985d6f81\"},\"headline\":\"Frutas rec\u00e9m-descobertas s\u00e3o cultivadas no Jardim Bot\u00e2nico\",\"datePublished\":\"2023-06-16T14:25:02+00:00\",\"dateModified\":\"2023-06-16T14:25:03+00:00\",\"mainEntityOfPage\":{\"@id\":\"https:\/\/jornalfatosenoticias.com.br\/index.php\/2023\/06\/16\/frutas-recem-descobertas-sao-cultivadas-no-jardim-botanico\/\"},\"wordCount\":699,\"commentCount\":0,\"publisher\":{\"@id\":\"https:\/\/jornalfatosenoticias.com.br\/#organization\"},\"image\":{\"@id\":\"https:\/\/jornalfatosenoticias.com.br\/index.php\/2023\/06\/16\/frutas-recem-descobertas-sao-cultivadas-no-jardim-botanico\/#primaryimage\"},\"thumbnailUrl\":\"https:\/\/jornalfatosenoticias.com.br\/wp-content\/uploads\/2023\/06\/Jardim-Botanico_RJ.jpg\",\"keywords\":[\"frutas rec\u00e9m-descobertas\",\"Jardim Bot\u00e2nico do Rio de Janeiro\",\"mudas de \u00e1rvores frut\u00edferas\",\"novas esp\u00e9cies\",\"perigo de extin\u00e7\u00e3o\"],\"articleSection\":[\"Meio ambiente\"],\"inLanguage\":\"pt-BR\",\"potentialAction\":[{\"@type\":\"CommentAction\",\"name\":\"Comment\",\"target\":[\"https:\/\/jornalfatosenoticias.com.br\/index.php\/2023\/06\/16\/frutas-recem-descobertas-sao-cultivadas-no-jardim-botanico\/#respond\"]}]},{\"@type\":\"WebPage\",\"@id\":\"https:\/\/jornalfatosenoticias.com.br\/index.php\/2023\/06\/16\/frutas-recem-descobertas-sao-cultivadas-no-jardim-botanico\/\",\"url\":\"https:\/\/jornalfatosenoticias.com.br\/index.php\/2023\/06\/16\/frutas-recem-descobertas-sao-cultivadas-no-jardim-botanico\/\",\"name\":\"Frutas rec\u00e9m-descobertas s\u00e3o cultivadas no Jardim Bot\u00e2nico - Jornal Fatos e Not\u00edcias\",\"isPartOf\":{\"@id\":\"https:\/\/jornalfatosenoticias.com.br\/#website\"},\"primaryImageOfPage\":{\"@id\":\"https:\/\/jornalfatosenoticias.com.br\/index.php\/2023\/06\/16\/frutas-recem-descobertas-sao-cultivadas-no-jardim-botanico\/#primaryimage\"},\"image\":{\"@id\":\"https:\/\/jornalfatosenoticias.com.br\/index.php\/2023\/06\/16\/frutas-recem-descobertas-sao-cultivadas-no-jardim-botanico\/#primaryimage\"},\"thumbnailUrl\":\"https:\/\/jornalfatosenoticias.com.br\/wp-content\/uploads\/2023\/06\/Jardim-Botanico_RJ.jpg\",\"datePublished\":\"2023-06-16T14:25:02+00:00\",\"dateModified\":\"2023-06-16T14:25:03+00:00\",\"breadcrumb\":{\"@id\":\"https:\/\/jornalfatosenoticias.com.br\/index.php\/2023\/06\/16\/frutas-recem-descobertas-sao-cultivadas-no-jardim-botanico\/#breadcrumb\"},\"inLanguage\":\"pt-BR\",\"potentialAction\":[{\"@type\":\"ReadAction\",\"target\":[\"https:\/\/jornalfatosenoticias.com.br\/index.php\/2023\/06\/16\/frutas-recem-descobertas-sao-cultivadas-no-jardim-botanico\/\"]}]},{\"@type\":\"ImageObject\",\"inLanguage\":\"pt-BR\",\"@id\":\"https:\/\/jornalfatosenoticias.com.br\/index.php\/2023\/06\/16\/frutas-recem-descobertas-sao-cultivadas-no-jardim-botanico\/#primaryimage\",\"url\":\"https:\/\/jornalfatosenoticias.com.br\/wp-content\/uploads\/2023\/06\/Jardim-Botanico_RJ.jpg\",\"contentUrl\":\"https:\/\/jornalfatosenoticias.com.br\/wp-content\/uploads\/2023\/06\/Jardim-Botanico_RJ.jpg\",\"width\":1000,\"height\":598},{\"@type\":\"BreadcrumbList\",\"@id\":\"https:\/\/jornalfatosenoticias.com.br\/index.php\/2023\/06\/16\/frutas-recem-descobertas-sao-cultivadas-no-jardim-botanico\/#breadcrumb\",\"itemListElement\":[{\"@type\":\"ListItem\",\"position\":1,\"name\":\"In\u00edcio\",\"item\":\"https:\/\/jornalfatosenoticias.com.br\/\"},{\"@type\":\"ListItem\",\"position\":2,\"name\":\"Frutas rec\u00e9m-descobertas s\u00e3o cultivadas no Jardim Bot\u00e2nico\"}]},{\"@type\":\"WebSite\",\"@id\":\"https:\/\/jornalfatosenoticias.com.br\/#website\",\"url\":\"https:\/\/jornalfatosenoticias.com.br\/\",\"name\":\"Jornal Fatos e Not\u00edcias\",\"description\":\"Not\u00edcias em geral\",\"publisher\":{\"@id\":\"https:\/\/jornalfatosenoticias.com.br\/#organization\"},\"potentialAction\":[{\"@type\":\"SearchAction\",\"target\":{\"@type\":\"EntryPoint\",\"urlTemplate\":\"https:\/\/jornalfatosenoticias.com.br\/?s={search_term_string}\"},\"query-input\":{\"@type\":\"PropertyValueSpecification\",\"valueRequired\":true,\"valueName\":\"search_term_string\"}}],\"inLanguage\":\"pt-BR\"},{\"@type\":\"Organization\",\"@id\":\"https:\/\/jornalfatosenoticias.com.br\/#organization\",\"name\":\"Jornal Fatos e Not\u00edcias\",\"url\":\"https:\/\/jornalfatosenoticias.com.br\/\",\"logo\":{\"@type\":\"ImageObject\",\"inLanguage\":\"pt-BR\",\"@id\":\"https:\/\/jornalfatosenoticias.com.br\/#\/schema\/logo\/image\/\",\"url\":\"https:\/\/jornalfatosenoticias.com.br\/wp-content\/uploads\/2020\/02\/logo120.png\",\"contentUrl\":\"https:\/\/jornalfatosenoticias.com.br\/wp-content\/uploads\/2020\/02\/logo120.png\",\"width\":1227,\"height\":120,\"caption\":\"Jornal Fatos e Not\u00edcias\"},\"image\":{\"@id\":\"https:\/\/jornalfatosenoticias.com.br\/#\/schema\/logo\/image\/\"}},{\"@type\":\"Person\",\"@id\":\"https:\/\/jornalfatosenoticias.com.br\/#\/schema\/person\/d63837fa13ac8666eb9e74e0985d6f81\",\"name\":\"Luzimara Fernandes\",\"image\":{\"@type\":\"ImageObject\",\"inLanguage\":\"pt-BR\",\"@id\":\"https:\/\/jornalfatosenoticias.com.br\/#\/schema\/person\/image\/\",\"url\":\"https:\/\/jornalfatosenoticias.com.br\/wp-content\/uploads\/2025\/05\/EU_portal.jpg\",\"contentUrl\":\"https:\/\/jornalfatosenoticias.com.br\/wp-content\/uploads\/2025\/05\/EU_portal.jpg\",\"caption\":\"Luzimara Fernandes\"},\"description\":\"Jornalista MTB 2358-ES\",\"sameAs\":[\"https:\/\/jornalfatosenoticias.com.br\"],\"url\":\"https:\/\/jornalfatosenoticias.com.br\/index.php\/author\/luzimara\/\"}]}<\/script>\n<!-- \/ Yoast SEO plugin. -->","yoast_head_json":{"title":"Frutas rec\u00e9m-descobertas s\u00e3o cultivadas no Jardim Bot\u00e2nico - Jornal Fatos e Not\u00edcias","robots":{"index":"index","follow":"follow","max-snippet":"max-snippet:-1","max-image-preview":"max-image-preview:large","max-video-preview":"max-video-preview:-1"},"canonical":"https:\/\/jornalfatosenoticias.com.br\/index.php\/2023\/06\/16\/frutas-recem-descobertas-sao-cultivadas-no-jardim-botanico\/","og_locale":"pt_BR","og_type":"article","og_title":"Frutas rec\u00e9m-descobertas s\u00e3o cultivadas no Jardim Bot\u00e2nico - Jornal Fatos e Not\u00edcias","og_description":"Canteiro com 23 mudas de \u00e1rvores frut\u00edferas foi inaugurado em celebra\u00e7\u00e3o aos 215 anos do parque no Rio; dessas, tr\u00eas s\u00e3o in\u00e9ditas e cinco est\u00e3o em perigo de extin\u00e7\u00e3o Por Caila Ara\u00fajo Em vez de bolo de anivers\u00e1rio, fruta. N\u00e3o \u00e9 discurso fitness, mas, sim, uma iniciativa de conserva\u00e7\u00e3o. Nos 215 anos do Jardim Bot\u00e2nico, [&hellip;]","og_url":"https:\/\/jornalfatosenoticias.com.br\/index.php\/2023\/06\/16\/frutas-recem-descobertas-sao-cultivadas-no-jardim-botanico\/","og_site_name":"Jornal Fatos e Not\u00edcias","article_published_time":"2023-06-16T14:25:02+00:00","article_modified_time":"2023-06-16T14:25:03+00:00","og_image":[{"width":1000,"height":598,"url":"https:\/\/jornalfatosenoticias.com.br\/wp-content\/uploads\/2023\/06\/Jardim-Botanico_RJ.jpg","type":"image\/jpeg"}],"author":"Luzimara Fernandes","twitter_card":"summary_large_image","twitter_misc":{"Escrito por":"Luzimara Fernandes","Est. tempo de leitura":"3 minutos"},"schema":{"@context":"https:\/\/schema.org","@graph":[{"@type":"Article","@id":"https:\/\/jornalfatosenoticias.com.br\/index.php\/2023\/06\/16\/frutas-recem-descobertas-sao-cultivadas-no-jardim-botanico\/#article","isPartOf":{"@id":"https:\/\/jornalfatosenoticias.com.br\/index.php\/2023\/06\/16\/frutas-recem-descobertas-sao-cultivadas-no-jardim-botanico\/"},"author":{"name":"Luzimara Fernandes","@id":"https:\/\/jornalfatosenoticias.com.br\/#\/schema\/person\/d63837fa13ac8666eb9e74e0985d6f81"},"headline":"Frutas rec\u00e9m-descobertas s\u00e3o cultivadas no Jardim Bot\u00e2nico","datePublished":"2023-06-16T14:25:02+00:00","dateModified":"2023-06-16T14:25:03+00:00","mainEntityOfPage":{"@id":"https:\/\/jornalfatosenoticias.com.br\/index.php\/2023\/06\/16\/frutas-recem-descobertas-sao-cultivadas-no-jardim-botanico\/"},"wordCount":699,"commentCount":0,"publisher":{"@id":"https:\/\/jornalfatosenoticias.com.br\/#organization"},"image":{"@id":"https:\/\/jornalfatosenoticias.com.br\/index.php\/2023\/06\/16\/frutas-recem-descobertas-sao-cultivadas-no-jardim-botanico\/#primaryimage"},"thumbnailUrl":"https:\/\/jornalfatosenoticias.com.br\/wp-content\/uploads\/2023\/06\/Jardim-Botanico_RJ.jpg","keywords":["frutas rec\u00e9m-descobertas","Jardim Bot\u00e2nico do Rio de Janeiro","mudas de \u00e1rvores frut\u00edferas","novas esp\u00e9cies","perigo de extin\u00e7\u00e3o"],"articleSection":["Meio ambiente"],"inLanguage":"pt-BR","potentialAction":[{"@type":"CommentAction","name":"Comment","target":["https:\/\/jornalfatosenoticias.com.br\/index.php\/2023\/06\/16\/frutas-recem-descobertas-sao-cultivadas-no-jardim-botanico\/#respond"]}]},{"@type":"WebPage","@id":"https:\/\/jornalfatosenoticias.com.br\/index.php\/2023\/06\/16\/frutas-recem-descobertas-sao-cultivadas-no-jardim-botanico\/","url":"https:\/\/jornalfatosenoticias.com.br\/index.php\/2023\/06\/16\/frutas-recem-descobertas-sao-cultivadas-no-jardim-botanico\/","name":"Frutas rec\u00e9m-descobertas s\u00e3o cultivadas no Jardim Bot\u00e2nico - Jornal Fatos e Not\u00edcias","isPartOf":{"@id":"https:\/\/jornalfatosenoticias.com.br\/#website"},"primaryImageOfPage":{"@id":"https:\/\/jornalfatosenoticias.com.br\/index.php\/2023\/06\/16\/frutas-recem-descobertas-sao-cultivadas-no-jardim-botanico\/#primaryimage"},"image":{"@id":"https:\/\/jornalfatosenoticias.com.br\/index.php\/2023\/06\/16\/frutas-recem-descobertas-sao-cultivadas-no-jardim-botanico\/#primaryimage"},"thumbnailUrl":"https:\/\/jornalfatosenoticias.com.br\/wp-content\/uploads\/2023\/06\/Jardim-Botanico_RJ.jpg","datePublished":"2023-06-16T14:25:02+00:00","dateModified":"2023-06-16T14:25:03+00:00","breadcrumb":{"@id":"https:\/\/jornalfatosenoticias.com.br\/index.php\/2023\/06\/16\/frutas-recem-descobertas-sao-cultivadas-no-jardim-botanico\/#breadcrumb"},"inLanguage":"pt-BR","potentialAction":[{"@type":"ReadAction","target":["https:\/\/jornalfatosenoticias.com.br\/index.php\/2023\/06\/16\/frutas-recem-descobertas-sao-cultivadas-no-jardim-botanico\/"]}]},{"@type":"ImageObject","inLanguage":"pt-BR","@id":"https:\/\/jornalfatosenoticias.com.br\/index.php\/2023\/06\/16\/frutas-recem-descobertas-sao-cultivadas-no-jardim-botanico\/#primaryimage","url":"https:\/\/jornalfatosenoticias.com.br\/wp-content\/uploads\/2023\/06\/Jardim-Botanico_RJ.jpg","contentUrl":"https:\/\/jornalfatosenoticias.com.br\/wp-content\/uploads\/2023\/06\/Jardim-Botanico_RJ.jpg","width":1000,"height":598},{"@type":"BreadcrumbList","@id":"https:\/\/jornalfatosenoticias.com.br\/index.php\/2023\/06\/16\/frutas-recem-descobertas-sao-cultivadas-no-jardim-botanico\/#breadcrumb","itemListElement":[{"@type":"ListItem","position":1,"name":"In\u00edcio","item":"https:\/\/jornalfatosenoticias.com.br\/"},{"@type":"ListItem","position":2,"name":"Frutas rec\u00e9m-descobertas s\u00e3o cultivadas no Jardim Bot\u00e2nico"}]},{"@type":"WebSite","@id":"https:\/\/jornalfatosenoticias.com.br\/#website","url":"https:\/\/jornalfatosenoticias.com.br\/","name":"Jornal Fatos e Not\u00edcias","description":"Not\u00edcias em geral","publisher":{"@id":"https:\/\/jornalfatosenoticias.com.br\/#organization"},"potentialAction":[{"@type":"SearchAction","target":{"@type":"EntryPoint","urlTemplate":"https:\/\/jornalfatosenoticias.com.br\/?s={search_term_string}"},"query-input":{"@type":"PropertyValueSpecification","valueRequired":true,"valueName":"search_term_string"}}],"inLanguage":"pt-BR"},{"@type":"Organization","@id":"https:\/\/jornalfatosenoticias.com.br\/#organization","name":"Jornal Fatos e Not\u00edcias","url":"https:\/\/jornalfatosenoticias.com.br\/","logo":{"@type":"ImageObject","inLanguage":"pt-BR","@id":"https:\/\/jornalfatosenoticias.com.br\/#\/schema\/logo\/image\/","url":"https:\/\/jornalfatosenoticias.com.br\/wp-content\/uploads\/2020\/02\/logo120.png","contentUrl":"https:\/\/jornalfatosenoticias.com.br\/wp-content\/uploads\/2020\/02\/logo120.png","width":1227,"height":120,"caption":"Jornal Fatos e Not\u00edcias"},"image":{"@id":"https:\/\/jornalfatosenoticias.com.br\/#\/schema\/logo\/image\/"}},{"@type":"Person","@id":"https:\/\/jornalfatosenoticias.com.br\/#\/schema\/person\/d63837fa13ac8666eb9e74e0985d6f81","name":"Luzimara Fernandes","image":{"@type":"ImageObject","inLanguage":"pt-BR","@id":"https:\/\/jornalfatosenoticias.com.br\/#\/schema\/person\/image\/","url":"https:\/\/jornalfatosenoticias.com.br\/wp-content\/uploads\/2025\/05\/EU_portal.jpg","contentUrl":"https:\/\/jornalfatosenoticias.com.br\/wp-content\/uploads\/2025\/05\/EU_portal.jpg","caption":"Luzimara Fernandes"},"description":"Jornalista MTB 2358-ES","sameAs":["https:\/\/jornalfatosenoticias.com.br"],"url":"https:\/\/jornalfatosenoticias.com.br\/index.php\/author\/luzimara\/"}]}},"cc_featured_image_caption":{"caption_text":"(Foto: Fernando Fraz\u00e3o\/Ag\u00eancia Brasil)","source_text":"","source_url":""},"jetpack_featured_media_url":"https:\/\/jornalfatosenoticias.com.br\/wp-content\/uploads\/2023\/06\/Jardim-Botanico_RJ.jpg","_links":{"self":[{"href":"https:\/\/jornalfatosenoticias.com.br\/index.php\/wp-json\/wp\/v2\/posts\/42494","targetHints":{"allow":["GET"]}}],"collection":[{"href":"https:\/\/jornalfatosenoticias.com.br\/index.php\/wp-json\/wp\/v2\/posts"}],"about":[{"href":"https:\/\/jornalfatosenoticias.com.br\/index.php\/wp-json\/wp\/v2\/types\/post"}],"author":[{"embeddable":true,"href":"https:\/\/jornalfatosenoticias.com.br\/index.php\/wp-json\/wp\/v2\/users\/2"}],"replies":[{"embeddable":true,"href":"https:\/\/jornalfatosenoticias.com.br\/index.php\/wp-json\/wp\/v2\/comments?post=42494"}],"version-history":[{"count":0,"href":"https:\/\/jornalfatosenoticias.com.br\/index.php\/wp-json\/wp\/v2\/posts\/42494\/revisions"}],"wp:featuredmedia":[{"embeddable":true,"href":"https:\/\/jornalfatosenoticias.com.br\/index.php\/wp-json\/wp\/v2\/media\/42497"}],"wp:attachment":[{"href":"https:\/\/jornalfatosenoticias.com.br\/index.php\/wp-json\/wp\/v2\/media?parent=42494"}],"wp:term":[{"taxonomy":"category","embeddable":true,"href":"https:\/\/jornalfatosenoticias.com.br\/index.php\/wp-json\/wp\/v2\/categories?post=42494"},{"taxonomy":"post_tag","embeddable":true,"href":"https:\/\/jornalfatosenoticias.com.br\/index.php\/wp-json\/wp\/v2\/tags?post=42494"}],"curies":[{"name":"wp","href":"https:\/\/api.w.org\/{rel}","templated":true}]}}