{"id":42520,"date":"2023-06-19T11:32:02","date_gmt":"2023-06-19T14:32:02","guid":{"rendered":"https:\/\/jornalfatosenoticias.com.br\/?p=42520"},"modified":"2023-06-19T11:32:05","modified_gmt":"2023-06-19T14:32:05","slug":"675-milhoes-de-pessoas-nao-tem-luz-eletrica-no-mundo-diz-relatorio","status":"publish","type":"post","link":"https:\/\/jornalfatosenoticias.com.br\/index.php\/2023\/06\/19\/675-milhoes-de-pessoas-nao-tem-luz-eletrica-no-mundo-diz-relatorio\/","title":{"rendered":"675 milh\u00f5es de pessoas n\u00e3o t\u00eam luz el\u00e9trica no mundo, diz relat\u00f3rio"},"content":{"rendered":"\n<p><em><span class=\"has-inline-color has-black-color\">Por <strong><a href=\"https:\/\/gizmodo.uol.com.br\/author\/sofia-lungui\/\">Sofia Lungui<\/a><\/strong><\/span><\/em><\/p>\n\n\n\n<div class=\"wp-block-image\"><figure class=\"aligncenter size-large\"><img decoding=\"async\" src=\"https:\/\/jornalfatosenoticias.com.br\/wp-content\/uploads\/2020\/02\/barao-das-carnes-300x164-1.jpg\" alt=\"\" class=\"wp-image-34339\"\/><\/figure><\/div>\n\n\n\n<p>Em todo o mundo, 675 milh\u00f5es de pessoas vivem sem luz el\u00e9trica. \u00c9 o que aponta um <a href=\"https:\/\/www.who.int\/news\/item\/06-06-2023-basic-energy-access-lags-amid-renewable-opportunities--new-report-shows\" target=\"_blank\" rel=\"noreferrer noopener\">relat\u00f3rio divulgado na semana passada<\/a> por v\u00e1rias organiza\u00e7\u00f5es, incluindo a Organiza\u00e7\u00e3o Mundial da Sa\u00fade (OMS) e o Banco Mundial. Cerca de 80% delas vivem na \u00c1frica subsaariana, de acordo com o material.<br>O documento mostra que estamos longe de alcan\u00e7ar a meta de desenvolvimento sustent\u00e1vel que busca garantir energia limpa e acess\u00edvel para todos at\u00e9 2030. Trata-se de um dos objetivos previstos pela Organiza\u00e7\u00e3o das Na\u00e7\u00f5es Unidas (<a href=\"https:\/\/gizmodo.uol.com.br\/chefe-da-onu-joga-a-toalha-sobre-derretimento-das-geleiras-perdemos\/\">ONU<\/a>) em 2015.<\/p>\n\n\n\n<div class=\"wp-block-image\"><figure class=\"aligncenter size-large is-resized\"><img loading=\"lazy\" decoding=\"async\" src=\"https:\/\/jornalfatosenoticias.com.br\/wp-content\/uploads\/2022\/07\/Logo-Grupo-SEI.jpg\" alt=\"\" class=\"wp-image-31973\" width=\"278\" height=\"146\" srcset=\"https:\/\/jornalfatosenoticias.com.br\/wp-content\/uploads\/2022\/07\/Logo-Grupo-SEI.jpg 713w, https:\/\/jornalfatosenoticias.com.br\/wp-content\/uploads\/2022\/07\/Logo-Grupo-SEI-300x158.jpg 300w\" sizes=\"auto, (max-width: 278px) 100vw, 278px\" \/><\/figure><\/div>\n\n\n\n<p>Embora o n\u00famero de pessoas que vivem sem eletricidade tenha ca\u00eddo quase pela metade na \u00faltima d\u00e9cada, ainda havia mais de meio bilh\u00e3o de pessoas que estavam sem energia em 2021. Na \u00c1frica Subsaariana, por exemplo, a falta de acesso \u00e0 eletricidade permanece nos mesmos n\u00edveis observados em 2010. O planeta enfrenta uma \u201cdesacelera\u00e7\u00e3o recente do ritmo mundial de eletrifica\u00e7\u00e3o\u201d, afirma, em nota, o vice-presidente do Banco Mundial, Guangzhe Chen.<br>Avan\u00e7os t\u00eam sido observados em alguns aspectos, como no aumento da taxa de utiliza\u00e7\u00e3o de energia renov\u00e1vel no setor el\u00e9trico. Por\u00e9m, em n\u00edveis insuficientes para atingir as metas da ONU. <\/p>\n\n\n\n<div class=\"wp-block-image\"><figure class=\"aligncenter size-large\"><img loading=\"lazy\" decoding=\"async\" width=\"300\" height=\"250\" src=\"https:\/\/jornalfatosenoticias.com.br\/wp-content\/uploads\/2022\/08\/arte-Casarao.jpg\" alt=\"\" class=\"wp-image-33178\"\/><\/figure><\/div>\n\n\n\n<blockquote class=\"wp-block-quote is-layout-flow wp-block-quote-is-layout-flow\"><p><span class=\"has-inline-color has-luminous-vivid-orange-color\">\u00c0 medida que a transi\u00e7\u00e3o para uma energia limpa avan\u00e7a mais r\u00e1pido do que muitos acreditam, ainda resta muito por fazer para fornecer acesso sustent\u00e1vel, seguro e poss\u00edvel aos servi\u00e7os modernos de energia\u201d, ressalta o diretor-executivo da Ag\u00eancia Internacional de Energia (AIE), Fatih Birol, em comunicado conjunto.<\/span><\/p><\/blockquote>\n\n\n\n<div class=\"wp-block-image\"><figure class=\"aligncenter size-large is-resized\"><img loading=\"lazy\" decoding=\"async\" src=\"https:\/\/jornalfatosenoticias.com.br\/wp-content\/uploads\/2022\/10\/RC_800x750_page-0001.jpg\" alt=\"\" class=\"wp-image-35338\" width=\"219\" height=\"205\" srcset=\"https:\/\/jornalfatosenoticias.com.br\/wp-content\/uploads\/2022\/10\/RC_800x750_page-0001.jpg 400w, https:\/\/jornalfatosenoticias.com.br\/wp-content\/uploads\/2022\/10\/RC_800x750_page-0001-300x281.jpg 300w\" sizes=\"auto, (max-width: 219px) 100vw, 219px\" \/><\/figure><\/div>\n\n\n\n<p><strong><span class=\"has-inline-color has-black-color\">Muito al\u00e9m da luz el\u00e9trica<br><\/span><\/strong>Fazendo refer\u00eancias a dados da Ag\u00eancia Internacional para as Energias Renov\u00e1veis (IRENA), o relat\u00f3rio tamb\u00e9m mostra que os fluxos financeiros p\u00fablicos internacionais para energia limpa diminu\u00edram. O fen\u00f4meno \u00e9 observado em pa\u00edses de rendas baixas e m\u00e9dias, desde o per\u00edodo anterior \u00e0 pandemia da covid-19.<\/p>\n\n\n\n<div class=\"wp-block-image\"><figure class=\"aligncenter size-large is-resized\"><img loading=\"lazy\" decoding=\"async\" src=\"https:\/\/jornalfatosenoticias.com.br\/wp-content\/uploads\/2023\/03\/nova-logo-Marquetti.jpg\" alt=\"\" class=\"wp-image-40207\" width=\"241\" height=\"162\" srcset=\"https:\/\/jornalfatosenoticias.com.br\/wp-content\/uploads\/2023\/03\/nova-logo-Marquetti.jpg 643w, https:\/\/jornalfatosenoticias.com.br\/wp-content\/uploads\/2023\/03\/nova-logo-Marquetti-300x202.jpg 300w\" sizes=\"auto, (max-width: 241px) 100vw, 241px\" \/><\/figure><\/div>\n\n\n\n<p>Ainda de acordo com o documento, o aumento da d\u00edvida e o encarecimento da energia est\u00e3o ofuscando as perspectivas de se conseguir um acesso universal a sistemas de coc\u00e7\u00e3o de alimentos n\u00e3o poluentes e \u00e0 eletricidade. As proje\u00e7\u00f5es atuais indicam que, em 2030, cerca de 1,9 bilh\u00e3o de pessoas n\u00e3o ter\u00e3o acesso a sistemas de coc\u00e7\u00e3o limpos. Al\u00e9m disso, 660 milh\u00f5es ainda n\u00e3o ter\u00e3o eletricidade. Segundo a OMS, 3,2 milh\u00f5es de pessoas morrem todos os anos de doen\u00e7as causadas pelo uso de combust\u00edveis e de tecnologias poluentes.<\/p>\n\n\n\n<div class=\"wp-block-image\"><figure class=\"aligncenter size-large is-resized\"><img loading=\"lazy\" decoding=\"async\" src=\"https:\/\/jornalfatosenoticias.com.br\/wp-content\/uploads\/2023\/03\/logo-Panper_portal.jpg\" alt=\"\" class=\"wp-image-40208\" width=\"278\" height=\"193\" srcset=\"https:\/\/jornalfatosenoticias.com.br\/wp-content\/uploads\/2023\/03\/logo-Panper_portal.jpg 400w, https:\/\/jornalfatosenoticias.com.br\/wp-content\/uploads\/2023\/03\/logo-Panper_portal-300x208.jpg 300w\" sizes=\"auto, (max-width: 278px) 100vw, 278px\" \/><\/figure><\/div>\n\n\n\n<p><strong><em>Fonte: <a href=\"https:\/\/gizmodo.uol.com.br\/675-milhoes-de-pessoas-nao-tem-luz-eletrica-no-mundo-diz-relatorio\/\">GizModo<\/a><\/em><\/strong><\/p>\n","protected":false},"excerpt":{"rendered":"<p>Por Sofia Lungui Em todo o mundo, 675 milh\u00f5es de pessoas vivem sem luz el\u00e9trica. \u00c9 o que aponta um relat\u00f3rio divulgado na semana passada por v\u00e1rias organiza\u00e7\u00f5es, incluindo a Organiza\u00e7\u00e3o Mundial da Sa\u00fade (OMS) e o Banco Mundial. Cerca de 80% delas vivem na \u00c1frica subsaariana, de acordo com o material.O documento mostra que [&hellip;]<\/p>\n","protected":false},"author":2,"featured_media":42521,"comment_status":"open","ping_status":"open","sticky":false,"template":"","format":"standard","meta":{"footnotes":""},"categories":[5],"tags":[1338,201,89,648,115],"class_list":["post-42520","post","type-post","status-publish","format-standard","has-post-thumbnail","hentry","category-geral","tag-acesso","tag-eletricidade","tag-oms","tag-onu","tag-pesquisa"],"yoast_head":"<!-- This site is optimized with the Yoast SEO plugin v26.5 - https:\/\/yoast.com\/wordpress\/plugins\/seo\/ -->\n<title>675 milh\u00f5es de pessoas n\u00e3o t\u00eam luz el\u00e9trica no mundo, diz relat\u00f3rio - Jornal Fatos e Not\u00edcias<\/title>\n<meta name=\"robots\" content=\"index, follow, max-snippet:-1, max-image-preview:large, max-video-preview:-1\" \/>\n<link rel=\"canonical\" href=\"https:\/\/jornalfatosenoticias.com.br\/index.php\/2023\/06\/19\/675-milhoes-de-pessoas-nao-tem-luz-eletrica-no-mundo-diz-relatorio\/\" \/>\n<meta property=\"og:locale\" content=\"pt_BR\" \/>\n<meta property=\"og:type\" content=\"article\" \/>\n<meta property=\"og:title\" content=\"675 milh\u00f5es de pessoas n\u00e3o t\u00eam luz el\u00e9trica no mundo, diz relat\u00f3rio - Jornal Fatos e Not\u00edcias\" \/>\n<meta property=\"og:description\" content=\"Por Sofia Lungui Em todo o mundo, 675 milh\u00f5es de pessoas vivem sem luz el\u00e9trica. \u00c9 o que aponta um relat\u00f3rio divulgado na semana passada por v\u00e1rias organiza\u00e7\u00f5es, incluindo a Organiza\u00e7\u00e3o Mundial da Sa\u00fade (OMS) e o Banco Mundial. Cerca de 80% delas vivem na \u00c1frica subsaariana, de acordo com o material.O documento mostra que [&hellip;]\" \/>\n<meta property=\"og:url\" content=\"https:\/\/jornalfatosenoticias.com.br\/index.php\/2023\/06\/19\/675-milhoes-de-pessoas-nao-tem-luz-eletrica-no-mundo-diz-relatorio\/\" \/>\n<meta property=\"og:site_name\" content=\"Jornal Fatos e Not\u00edcias\" \/>\n<meta property=\"article:published_time\" content=\"2023-06-19T14:32:02+00:00\" \/>\n<meta property=\"article:modified_time\" content=\"2023-06-19T14:32:05+00:00\" \/>\n<meta property=\"og:image\" content=\"https:\/\/jornalfatosenoticias.com.br\/wp-content\/uploads\/2023\/06\/vela_shutterstock.jpg\" \/>\n\t<meta property=\"og:image:width\" content=\"990\" \/>\n\t<meta property=\"og:image:height\" content=\"517\" \/>\n\t<meta property=\"og:image:type\" content=\"image\/jpeg\" \/>\n<meta name=\"author\" content=\"Luzimara Fernandes\" \/>\n<meta name=\"twitter:card\" content=\"summary_large_image\" \/>\n<meta name=\"twitter:label1\" content=\"Escrito por\" \/>\n\t<meta name=\"twitter:data1\" content=\"Luzimara Fernandes\" \/>\n\t<meta name=\"twitter:label2\" content=\"Est. tempo de leitura\" \/>\n\t<meta name=\"twitter:data2\" content=\"2 minutos\" \/>\n<script type=\"application\/ld+json\" class=\"yoast-schema-graph\">{\"@context\":\"https:\/\/schema.org\",\"@graph\":[{\"@type\":\"Article\",\"@id\":\"https:\/\/jornalfatosenoticias.com.br\/index.php\/2023\/06\/19\/675-milhoes-de-pessoas-nao-tem-luz-eletrica-no-mundo-diz-relatorio\/#article\",\"isPartOf\":{\"@id\":\"https:\/\/jornalfatosenoticias.com.br\/index.php\/2023\/06\/19\/675-milhoes-de-pessoas-nao-tem-luz-eletrica-no-mundo-diz-relatorio\/\"},\"author\":{\"name\":\"Luzimara Fernandes\",\"@id\":\"https:\/\/jornalfatosenoticias.com.br\/#\/schema\/person\/d63837fa13ac8666eb9e74e0985d6f81\"},\"headline\":\"675 milh\u00f5es de pessoas n\u00e3o t\u00eam luz el\u00e9trica no mundo, diz relat\u00f3rio\",\"datePublished\":\"2023-06-19T14:32:02+00:00\",\"dateModified\":\"2023-06-19T14:32:05+00:00\",\"mainEntityOfPage\":{\"@id\":\"https:\/\/jornalfatosenoticias.com.br\/index.php\/2023\/06\/19\/675-milhoes-de-pessoas-nao-tem-luz-eletrica-no-mundo-diz-relatorio\/\"},\"wordCount\":438,\"commentCount\":0,\"publisher\":{\"@id\":\"https:\/\/jornalfatosenoticias.com.br\/#organization\"},\"image\":{\"@id\":\"https:\/\/jornalfatosenoticias.com.br\/index.php\/2023\/06\/19\/675-milhoes-de-pessoas-nao-tem-luz-eletrica-no-mundo-diz-relatorio\/#primaryimage\"},\"thumbnailUrl\":\"https:\/\/jornalfatosenoticias.com.br\/wp-content\/uploads\/2023\/06\/vela_shutterstock.jpg\",\"keywords\":[\"acesso\",\"eletricidade\",\"oms\",\"ONU\",\"pesquisa\"],\"articleSection\":[\"Geral\"],\"inLanguage\":\"pt-BR\",\"potentialAction\":[{\"@type\":\"CommentAction\",\"name\":\"Comment\",\"target\":[\"https:\/\/jornalfatosenoticias.com.br\/index.php\/2023\/06\/19\/675-milhoes-de-pessoas-nao-tem-luz-eletrica-no-mundo-diz-relatorio\/#respond\"]}]},{\"@type\":\"WebPage\",\"@id\":\"https:\/\/jornalfatosenoticias.com.br\/index.php\/2023\/06\/19\/675-milhoes-de-pessoas-nao-tem-luz-eletrica-no-mundo-diz-relatorio\/\",\"url\":\"https:\/\/jornalfatosenoticias.com.br\/index.php\/2023\/06\/19\/675-milhoes-de-pessoas-nao-tem-luz-eletrica-no-mundo-diz-relatorio\/\",\"name\":\"675 milh\u00f5es de pessoas n\u00e3o t\u00eam luz el\u00e9trica no mundo, diz relat\u00f3rio - Jornal Fatos e Not\u00edcias\",\"isPartOf\":{\"@id\":\"https:\/\/jornalfatosenoticias.com.br\/#website\"},\"primaryImageOfPage\":{\"@id\":\"https:\/\/jornalfatosenoticias.com.br\/index.php\/2023\/06\/19\/675-milhoes-de-pessoas-nao-tem-luz-eletrica-no-mundo-diz-relatorio\/#primaryimage\"},\"image\":{\"@id\":\"https:\/\/jornalfatosenoticias.com.br\/index.php\/2023\/06\/19\/675-milhoes-de-pessoas-nao-tem-luz-eletrica-no-mundo-diz-relatorio\/#primaryimage\"},\"thumbnailUrl\":\"https:\/\/jornalfatosenoticias.com.br\/wp-content\/uploads\/2023\/06\/vela_shutterstock.jpg\",\"datePublished\":\"2023-06-19T14:32:02+00:00\",\"dateModified\":\"2023-06-19T14:32:05+00:00\",\"breadcrumb\":{\"@id\":\"https:\/\/jornalfatosenoticias.com.br\/index.php\/2023\/06\/19\/675-milhoes-de-pessoas-nao-tem-luz-eletrica-no-mundo-diz-relatorio\/#breadcrumb\"},\"inLanguage\":\"pt-BR\",\"potentialAction\":[{\"@type\":\"ReadAction\",\"target\":[\"https:\/\/jornalfatosenoticias.com.br\/index.php\/2023\/06\/19\/675-milhoes-de-pessoas-nao-tem-luz-eletrica-no-mundo-diz-relatorio\/\"]}]},{\"@type\":\"ImageObject\",\"inLanguage\":\"pt-BR\",\"@id\":\"https:\/\/jornalfatosenoticias.com.br\/index.php\/2023\/06\/19\/675-milhoes-de-pessoas-nao-tem-luz-eletrica-no-mundo-diz-relatorio\/#primaryimage\",\"url\":\"https:\/\/jornalfatosenoticias.com.br\/wp-content\/uploads\/2023\/06\/vela_shutterstock.jpg\",\"contentUrl\":\"https:\/\/jornalfatosenoticias.com.br\/wp-content\/uploads\/2023\/06\/vela_shutterstock.jpg\",\"width\":990,\"height\":517},{\"@type\":\"BreadcrumbList\",\"@id\":\"https:\/\/jornalfatosenoticias.com.br\/index.php\/2023\/06\/19\/675-milhoes-de-pessoas-nao-tem-luz-eletrica-no-mundo-diz-relatorio\/#breadcrumb\",\"itemListElement\":[{\"@type\":\"ListItem\",\"position\":1,\"name\":\"In\u00edcio\",\"item\":\"https:\/\/jornalfatosenoticias.com.br\/\"},{\"@type\":\"ListItem\",\"position\":2,\"name\":\"675 milh\u00f5es de pessoas n\u00e3o t\u00eam luz el\u00e9trica no mundo, diz relat\u00f3rio\"}]},{\"@type\":\"WebSite\",\"@id\":\"https:\/\/jornalfatosenoticias.com.br\/#website\",\"url\":\"https:\/\/jornalfatosenoticias.com.br\/\",\"name\":\"Jornal Fatos e Not\u00edcias\",\"description\":\"Not\u00edcias em geral\",\"publisher\":{\"@id\":\"https:\/\/jornalfatosenoticias.com.br\/#organization\"},\"potentialAction\":[{\"@type\":\"SearchAction\",\"target\":{\"@type\":\"EntryPoint\",\"urlTemplate\":\"https:\/\/jornalfatosenoticias.com.br\/?s={search_term_string}\"},\"query-input\":{\"@type\":\"PropertyValueSpecification\",\"valueRequired\":true,\"valueName\":\"search_term_string\"}}],\"inLanguage\":\"pt-BR\"},{\"@type\":\"Organization\",\"@id\":\"https:\/\/jornalfatosenoticias.com.br\/#organization\",\"name\":\"Jornal Fatos e Not\u00edcias\",\"url\":\"https:\/\/jornalfatosenoticias.com.br\/\",\"logo\":{\"@type\":\"ImageObject\",\"inLanguage\":\"pt-BR\",\"@id\":\"https:\/\/jornalfatosenoticias.com.br\/#\/schema\/logo\/image\/\",\"url\":\"https:\/\/jornalfatosenoticias.com.br\/wp-content\/uploads\/2020\/02\/logo120.png\",\"contentUrl\":\"https:\/\/jornalfatosenoticias.com.br\/wp-content\/uploads\/2020\/02\/logo120.png\",\"width\":1227,\"height\":120,\"caption\":\"Jornal Fatos e Not\u00edcias\"},\"image\":{\"@id\":\"https:\/\/jornalfatosenoticias.com.br\/#\/schema\/logo\/image\/\"}},{\"@type\":\"Person\",\"@id\":\"https:\/\/jornalfatosenoticias.com.br\/#\/schema\/person\/d63837fa13ac8666eb9e74e0985d6f81\",\"name\":\"Luzimara Fernandes\",\"image\":{\"@type\":\"ImageObject\",\"inLanguage\":\"pt-BR\",\"@id\":\"https:\/\/jornalfatosenoticias.com.br\/#\/schema\/person\/image\/\",\"url\":\"https:\/\/jornalfatosenoticias.com.br\/wp-content\/uploads\/2025\/05\/EU_portal.jpg\",\"contentUrl\":\"https:\/\/jornalfatosenoticias.com.br\/wp-content\/uploads\/2025\/05\/EU_portal.jpg\",\"caption\":\"Luzimara Fernandes\"},\"description\":\"Jornalista MTB 2358-ES\",\"sameAs\":[\"https:\/\/jornalfatosenoticias.com.br\"],\"url\":\"https:\/\/jornalfatosenoticias.com.br\/index.php\/author\/luzimara\/\"}]}<\/script>\n<!-- \/ Yoast SEO plugin. -->","yoast_head_json":{"title":"675 milh\u00f5es de pessoas n\u00e3o t\u00eam luz el\u00e9trica no mundo, diz relat\u00f3rio - Jornal Fatos e Not\u00edcias","robots":{"index":"index","follow":"follow","max-snippet":"max-snippet:-1","max-image-preview":"max-image-preview:large","max-video-preview":"max-video-preview:-1"},"canonical":"https:\/\/jornalfatosenoticias.com.br\/index.php\/2023\/06\/19\/675-milhoes-de-pessoas-nao-tem-luz-eletrica-no-mundo-diz-relatorio\/","og_locale":"pt_BR","og_type":"article","og_title":"675 milh\u00f5es de pessoas n\u00e3o t\u00eam luz el\u00e9trica no mundo, diz relat\u00f3rio - Jornal Fatos e Not\u00edcias","og_description":"Por Sofia Lungui Em todo o mundo, 675 milh\u00f5es de pessoas vivem sem luz el\u00e9trica. \u00c9 o que aponta um relat\u00f3rio divulgado na semana passada por v\u00e1rias organiza\u00e7\u00f5es, incluindo a Organiza\u00e7\u00e3o Mundial da Sa\u00fade (OMS) e o Banco Mundial. Cerca de 80% delas vivem na \u00c1frica subsaariana, de acordo com o material.O documento mostra que [&hellip;]","og_url":"https:\/\/jornalfatosenoticias.com.br\/index.php\/2023\/06\/19\/675-milhoes-de-pessoas-nao-tem-luz-eletrica-no-mundo-diz-relatorio\/","og_site_name":"Jornal Fatos e Not\u00edcias","article_published_time":"2023-06-19T14:32:02+00:00","article_modified_time":"2023-06-19T14:32:05+00:00","og_image":[{"width":990,"height":517,"url":"https:\/\/jornalfatosenoticias.com.br\/wp-content\/uploads\/2023\/06\/vela_shutterstock.jpg","type":"image\/jpeg"}],"author":"Luzimara Fernandes","twitter_card":"summary_large_image","twitter_misc":{"Escrito por":"Luzimara Fernandes","Est. tempo de leitura":"2 minutos"},"schema":{"@context":"https:\/\/schema.org","@graph":[{"@type":"Article","@id":"https:\/\/jornalfatosenoticias.com.br\/index.php\/2023\/06\/19\/675-milhoes-de-pessoas-nao-tem-luz-eletrica-no-mundo-diz-relatorio\/#article","isPartOf":{"@id":"https:\/\/jornalfatosenoticias.com.br\/index.php\/2023\/06\/19\/675-milhoes-de-pessoas-nao-tem-luz-eletrica-no-mundo-diz-relatorio\/"},"author":{"name":"Luzimara Fernandes","@id":"https:\/\/jornalfatosenoticias.com.br\/#\/schema\/person\/d63837fa13ac8666eb9e74e0985d6f81"},"headline":"675 milh\u00f5es de pessoas n\u00e3o t\u00eam luz el\u00e9trica no mundo, diz relat\u00f3rio","datePublished":"2023-06-19T14:32:02+00:00","dateModified":"2023-06-19T14:32:05+00:00","mainEntityOfPage":{"@id":"https:\/\/jornalfatosenoticias.com.br\/index.php\/2023\/06\/19\/675-milhoes-de-pessoas-nao-tem-luz-eletrica-no-mundo-diz-relatorio\/"},"wordCount":438,"commentCount":0,"publisher":{"@id":"https:\/\/jornalfatosenoticias.com.br\/#organization"},"image":{"@id":"https:\/\/jornalfatosenoticias.com.br\/index.php\/2023\/06\/19\/675-milhoes-de-pessoas-nao-tem-luz-eletrica-no-mundo-diz-relatorio\/#primaryimage"},"thumbnailUrl":"https:\/\/jornalfatosenoticias.com.br\/wp-content\/uploads\/2023\/06\/vela_shutterstock.jpg","keywords":["acesso","eletricidade","oms","ONU","pesquisa"],"articleSection":["Geral"],"inLanguage":"pt-BR","potentialAction":[{"@type":"CommentAction","name":"Comment","target":["https:\/\/jornalfatosenoticias.com.br\/index.php\/2023\/06\/19\/675-milhoes-de-pessoas-nao-tem-luz-eletrica-no-mundo-diz-relatorio\/#respond"]}]},{"@type":"WebPage","@id":"https:\/\/jornalfatosenoticias.com.br\/index.php\/2023\/06\/19\/675-milhoes-de-pessoas-nao-tem-luz-eletrica-no-mundo-diz-relatorio\/","url":"https:\/\/jornalfatosenoticias.com.br\/index.php\/2023\/06\/19\/675-milhoes-de-pessoas-nao-tem-luz-eletrica-no-mundo-diz-relatorio\/","name":"675 milh\u00f5es de pessoas n\u00e3o t\u00eam luz el\u00e9trica no mundo, diz relat\u00f3rio - Jornal Fatos e Not\u00edcias","isPartOf":{"@id":"https:\/\/jornalfatosenoticias.com.br\/#website"},"primaryImageOfPage":{"@id":"https:\/\/jornalfatosenoticias.com.br\/index.php\/2023\/06\/19\/675-milhoes-de-pessoas-nao-tem-luz-eletrica-no-mundo-diz-relatorio\/#primaryimage"},"image":{"@id":"https:\/\/jornalfatosenoticias.com.br\/index.php\/2023\/06\/19\/675-milhoes-de-pessoas-nao-tem-luz-eletrica-no-mundo-diz-relatorio\/#primaryimage"},"thumbnailUrl":"https:\/\/jornalfatosenoticias.com.br\/wp-content\/uploads\/2023\/06\/vela_shutterstock.jpg","datePublished":"2023-06-19T14:32:02+00:00","dateModified":"2023-06-19T14:32:05+00:00","breadcrumb":{"@id":"https:\/\/jornalfatosenoticias.com.br\/index.php\/2023\/06\/19\/675-milhoes-de-pessoas-nao-tem-luz-eletrica-no-mundo-diz-relatorio\/#breadcrumb"},"inLanguage":"pt-BR","potentialAction":[{"@type":"ReadAction","target":["https:\/\/jornalfatosenoticias.com.br\/index.php\/2023\/06\/19\/675-milhoes-de-pessoas-nao-tem-luz-eletrica-no-mundo-diz-relatorio\/"]}]},{"@type":"ImageObject","inLanguage":"pt-BR","@id":"https:\/\/jornalfatosenoticias.com.br\/index.php\/2023\/06\/19\/675-milhoes-de-pessoas-nao-tem-luz-eletrica-no-mundo-diz-relatorio\/#primaryimage","url":"https:\/\/jornalfatosenoticias.com.br\/wp-content\/uploads\/2023\/06\/vela_shutterstock.jpg","contentUrl":"https:\/\/jornalfatosenoticias.com.br\/wp-content\/uploads\/2023\/06\/vela_shutterstock.jpg","width":990,"height":517},{"@type":"BreadcrumbList","@id":"https:\/\/jornalfatosenoticias.com.br\/index.php\/2023\/06\/19\/675-milhoes-de-pessoas-nao-tem-luz-eletrica-no-mundo-diz-relatorio\/#breadcrumb","itemListElement":[{"@type":"ListItem","position":1,"name":"In\u00edcio","item":"https:\/\/jornalfatosenoticias.com.br\/"},{"@type":"ListItem","position":2,"name":"675 milh\u00f5es de pessoas n\u00e3o t\u00eam luz el\u00e9trica no mundo, diz relat\u00f3rio"}]},{"@type":"WebSite","@id":"https:\/\/jornalfatosenoticias.com.br\/#website","url":"https:\/\/jornalfatosenoticias.com.br\/","name":"Jornal Fatos e Not\u00edcias","description":"Not\u00edcias em geral","publisher":{"@id":"https:\/\/jornalfatosenoticias.com.br\/#organization"},"potentialAction":[{"@type":"SearchAction","target":{"@type":"EntryPoint","urlTemplate":"https:\/\/jornalfatosenoticias.com.br\/?s={search_term_string}"},"query-input":{"@type":"PropertyValueSpecification","valueRequired":true,"valueName":"search_term_string"}}],"inLanguage":"pt-BR"},{"@type":"Organization","@id":"https:\/\/jornalfatosenoticias.com.br\/#organization","name":"Jornal Fatos e Not\u00edcias","url":"https:\/\/jornalfatosenoticias.com.br\/","logo":{"@type":"ImageObject","inLanguage":"pt-BR","@id":"https:\/\/jornalfatosenoticias.com.br\/#\/schema\/logo\/image\/","url":"https:\/\/jornalfatosenoticias.com.br\/wp-content\/uploads\/2020\/02\/logo120.png","contentUrl":"https:\/\/jornalfatosenoticias.com.br\/wp-content\/uploads\/2020\/02\/logo120.png","width":1227,"height":120,"caption":"Jornal Fatos e Not\u00edcias"},"image":{"@id":"https:\/\/jornalfatosenoticias.com.br\/#\/schema\/logo\/image\/"}},{"@type":"Person","@id":"https:\/\/jornalfatosenoticias.com.br\/#\/schema\/person\/d63837fa13ac8666eb9e74e0985d6f81","name":"Luzimara Fernandes","image":{"@type":"ImageObject","inLanguage":"pt-BR","@id":"https:\/\/jornalfatosenoticias.com.br\/#\/schema\/person\/image\/","url":"https:\/\/jornalfatosenoticias.com.br\/wp-content\/uploads\/2025\/05\/EU_portal.jpg","contentUrl":"https:\/\/jornalfatosenoticias.com.br\/wp-content\/uploads\/2025\/05\/EU_portal.jpg","caption":"Luzimara Fernandes"},"description":"Jornalista MTB 2358-ES","sameAs":["https:\/\/jornalfatosenoticias.com.br"],"url":"https:\/\/jornalfatosenoticias.com.br\/index.php\/author\/luzimara\/"}]}},"cc_featured_image_caption":{"caption_text":"(Foto: Shutterstock)","source_text":"","source_url":""},"jetpack_featured_media_url":"https:\/\/jornalfatosenoticias.com.br\/wp-content\/uploads\/2023\/06\/vela_shutterstock.jpg","_links":{"self":[{"href":"https:\/\/jornalfatosenoticias.com.br\/index.php\/wp-json\/wp\/v2\/posts\/42520","targetHints":{"allow":["GET"]}}],"collection":[{"href":"https:\/\/jornalfatosenoticias.com.br\/index.php\/wp-json\/wp\/v2\/posts"}],"about":[{"href":"https:\/\/jornalfatosenoticias.com.br\/index.php\/wp-json\/wp\/v2\/types\/post"}],"author":[{"embeddable":true,"href":"https:\/\/jornalfatosenoticias.com.br\/index.php\/wp-json\/wp\/v2\/users\/2"}],"replies":[{"embeddable":true,"href":"https:\/\/jornalfatosenoticias.com.br\/index.php\/wp-json\/wp\/v2\/comments?post=42520"}],"version-history":[{"count":0,"href":"https:\/\/jornalfatosenoticias.com.br\/index.php\/wp-json\/wp\/v2\/posts\/42520\/revisions"}],"wp:featuredmedia":[{"embeddable":true,"href":"https:\/\/jornalfatosenoticias.com.br\/index.php\/wp-json\/wp\/v2\/media\/42521"}],"wp:attachment":[{"href":"https:\/\/jornalfatosenoticias.com.br\/index.php\/wp-json\/wp\/v2\/media?parent=42520"}],"wp:term":[{"taxonomy":"category","embeddable":true,"href":"https:\/\/jornalfatosenoticias.com.br\/index.php\/wp-json\/wp\/v2\/categories?post=42520"},{"taxonomy":"post_tag","embeddable":true,"href":"https:\/\/jornalfatosenoticias.com.br\/index.php\/wp-json\/wp\/v2\/tags?post=42520"}],"curies":[{"name":"wp","href":"https:\/\/api.w.org\/{rel}","templated":true}]}}