{"id":42523,"date":"2023-06-19T11:45:57","date_gmt":"2023-06-19T14:45:57","guid":{"rendered":"https:\/\/jornalfatosenoticias.com.br\/?p=42523"},"modified":"2023-06-19T11:45:58","modified_gmt":"2023-06-19T14:45:58","slug":"avioes-comerciais-podem-ganhar-motores-eletricos","status":"publish","type":"post","link":"https:\/\/jornalfatosenoticias.com.br\/index.php\/2023\/06\/19\/avioes-comerciais-podem-ganhar-motores-eletricos\/","title":{"rendered":"Avi\u00f5es comerciais podem ganhar motores el\u00e9tricos"},"content":{"rendered":"\n<p><em><span class=\"has-inline-color has-black-color\">Os motores el\u00e9tricos devem virar uma realidade para os avi\u00f5es em breve, mas ainda existem barreiras tecnol\u00f3gicas<\/span><\/em><\/p>\n\n\n\n<p><em><span class=\"has-inline-color has-black-color\">Por <strong><a href=\"https:\/\/olhardigital.com.br\/author\/vitoria-gomez\/amp\/\">Vitoria Lopes Gomez<\/a><\/strong><\/span><\/em><\/p>\n\n\n\n<div class=\"wp-block-image\"><figure class=\"aligncenter size-large\"><img loading=\"lazy\" decoding=\"async\" width=\"729\" height=\"90\" src=\"https:\/\/jornalfatosenoticias.com.br\/wp-content\/uploads\/2020\/02\/Logo_Mizu.png\" alt=\"\" class=\"wp-image-1441\" srcset=\"https:\/\/jornalfatosenoticias.com.br\/wp-content\/uploads\/2020\/02\/Logo_Mizu.png 729w, https:\/\/jornalfatosenoticias.com.br\/wp-content\/uploads\/2020\/02\/Logo_Mizu-300x37.png 300w\" sizes=\"auto, (max-width: 729px) 100vw, 729px\" \/><\/figure><\/div>\n\n\n\n<p>Engenheiros e cientistas do Instituto de Tecnologia de Massachusetts (<a href=\"https:\/\/olhardigital.com.br\/tag\/mit\/\" target=\"_blank\" rel=\"noreferrer noopener\">MIT<\/a>) est\u00e3o trabalhando em\u00a0<a href=\"https:\/\/olhardigital.com.br\/tag\/aviao-eletrico\/\" target=\"_blank\" rel=\"noreferrer noopener\">motores el\u00e9tricos<\/a> para serem usados em grandes aeronaves. A inten\u00e7\u00e3o \u00e9 diminuir a pegada de carbono da avia\u00e7\u00e3o, apoiando a eletrifica\u00e7\u00e3o de avi\u00f5es comerciais, por exemplo.<br>Motores el\u00e9tricos para avi\u00f5es j\u00e1 existem. Por\u00e9m, atualmente, eles s\u00e3o capazes de suportar aeronaves de pequeno porte: centenas de quilowatts ainda \u00e9 pouco para colocar um avi\u00e3o grande e pesado no ar. Para suportar esse tipo de ve\u00edculo, o motor deve gerar pelo menos um megawatt, o equivalente a 1000 quilowatts.<\/p>\n\n\n\n<div class=\"wp-block-image\"><figure class=\"aligncenter size-large is-resized\"><img loading=\"lazy\" decoding=\"async\" src=\"https:\/\/jornalfatosenoticias.com.br\/wp-content\/uploads\/2020\/02\/logo-embacia.jpg\" alt=\"\" class=\"wp-image-33905\" width=\"250\" height=\"250\"\/><\/figure><\/div>\n\n\n\n<p>Esse novo motor el\u00e9trico j\u00e1 existe e foi projetado pelos engenheiros do MIT. Eles tamb\u00e9m testaram a viabilidade do voo, com c\u00e1lculos matem\u00e1ticos dos principais componentes. Os cientistas apresentaram os resultados no AIAA\/IEEE Electric Aircraft Technologies Symposium (EATS), simp\u00f3sio que aconteceu at\u00e9 a \u00faltima sexta-feira (16), nos Estados Unidos.<\/p>\n\n\n\n<div class=\"wp-block-image\"><figure class=\"aligncenter size-large\"><img loading=\"lazy\" decoding=\"async\" width=\"1000\" height=\"502\" src=\"https:\/\/jornalfatosenoticias.com.br\/wp-content\/uploads\/2023\/06\/Embraer-avioes-eletricos-capa-2.jpg\" alt=\"\" class=\"wp-image-42524\" srcset=\"https:\/\/jornalfatosenoticias.com.br\/wp-content\/uploads\/2023\/06\/Embraer-avioes-eletricos-capa-2.jpg 1000w, https:\/\/jornalfatosenoticias.com.br\/wp-content\/uploads\/2023\/06\/Embraer-avioes-eletricos-capa-2-300x151.jpg 300w, https:\/\/jornalfatosenoticias.com.br\/wp-content\/uploads\/2023\/06\/Embraer-avioes-eletricos-capa-2-768x386.jpg 768w\" sizes=\"auto, (max-width: 1000px) 100vw, 1000px\" \/><figcaption><em><span class=\"has-inline-color has-black-color\">Motores el\u00e9tricos ter\u00e3o de superar desafios tecnol\u00f3gicos (Foto: Divulga\u00e7\u00e3o\/Embraer)<\/span><\/em><\/figcaption><\/figure><\/div>\n\n\n\n<p>Um dos desafios enfrentados pelos pesquisadores \u00e9 a dimens\u00e3o do motor. Sabe-se que ele precisa gerar um megawatt de pot\u00eancia, mas seu peso e tamanho tamb\u00e9m devem ser compat\u00edveis aos usados na aeron\u00e1utica atualmente. No prot\u00f3tipo, o motor pesa menos que uma pessoa adulta e ocupa o espa\u00e7o de uma mala de viagem. Outro desafio \u00e9 que os cientistas n\u00e3o sabem se o motor el\u00e9trico por si s\u00f3 ser\u00e1 suficiente para operar sozinho. A princ\u00edpio, at\u00e9 ser aperfei\u00e7oado, \u00e9 mais vi\u00e1vel ser combinado a motores a combust\u00e3o, em um h\u00edbrido turboel\u00e9trico.<\/p>\n\n\n\n<div class=\"wp-block-image\"><figure class=\"aligncenter size-large is-resized\"><img loading=\"lazy\" decoding=\"async\" src=\"https:\/\/jornalfatosenoticias.com.br\/wp-content\/uploads\/2022\/02\/Precisao-Contabilidade-1024x724.jpg\" alt=\"\" class=\"wp-image-28088\" width=\"268\" height=\"189\"\/><\/figure><\/div>\n\n\n\n<p><strong><span class=\"has-inline-color has-black-color\">Zero emiss\u00f5es<br><\/span><\/strong>\u2022 O desafio n\u00e3o \u00e9 s\u00f3 fazer com os motores el\u00e9tricos levantem voo por si s\u00f3, mas devem faz\u00ea-lo de forma sustent\u00e1vel, contribuindo com a redu\u00e7\u00e3o global de emiss\u00f5es de di\u00f3xido de carbono.<br>\u2022 Inclusive, a meta do setor \u00e9 zerar as emiss\u00f5es at\u00e9 2050, o que s\u00f3 deve ser poss\u00edvel com os motores el\u00e9tricos.<br>\u2022 Segundo Zoltan Spakovszky, um dos respons\u00e1veis pelo projeto, independentemente da fonte de energia usada na bateria, como hidrog\u00eanio ou am\u00f4nio, os motores el\u00e9tricos tornar\u00e3o a avia\u00e7\u00e3o \u201cmais ecol\u00f3gica\u201d.<br>\u2022 O MIT n\u00e3o \u00e9 o \u00fanico que est\u00e1 na busca por um motor el\u00e9trico zero emiss\u00f5es. A startup norte-americana Pyka lan\u00e7ou em fevereiro o Pelican Cargo, o maior avi\u00e3o el\u00e9trico de carga do mundo.<\/p>\n\n\n\n<div class=\"wp-block-image\"><figure class=\"aligncenter size-large is-resized\"><img loading=\"lazy\" decoding=\"async\" src=\"https:\/\/jornalfatosenoticias.com.br\/wp-content\/uploads\/2023\/03\/Crypton-1000-\u00d7-900-px-300x270-1.png\" alt=\"\" class=\"wp-image-40206\" width=\"254\" height=\"228\"\/><\/figure><\/div>\n\n\n\n<p><strong><em>Fonte: <a href=\"https:\/\/olhardigital.com.br\/2023\/06\/15\/carros-e-tecnologia\/avioes-comerciais-podem-ganhar-motores-eletricos-mas-ainda-ha-desafios\/amp\/\">Olhar Digital<\/a><\/em><\/strong><\/p>\n","protected":false},"excerpt":{"rendered":"<p>Os motores el\u00e9tricos devem virar uma realidade para os avi\u00f5es em breve, mas ainda existem barreiras tecnol\u00f3gicas Por Vitoria Lopes Gomez Engenheiros e cientistas do Instituto de Tecnologia de Massachusetts (MIT) est\u00e3o trabalhando em\u00a0motores el\u00e9tricos para serem usados em grandes aeronaves. A inten\u00e7\u00e3o \u00e9 diminuir a pegada de carbono da avia\u00e7\u00e3o, apoiando a eletrifica\u00e7\u00e3o de [&hellip;]<\/p>\n","protected":false},"author":2,"featured_media":42525,"comment_status":"open","ping_status":"open","sticky":false,"template":"","format":"standard","meta":{"footnotes":""},"categories":[3],"tags":[2752,3049,1836,7892],"class_list":["post-42523","post","type-post","status-publish","format-standard","has-post-thumbnail","hentry","category-tecnologia","tag-aviao","tag-aviao-eletrico","tag-mit","tag-motores-eletricos"],"yoast_head":"<!-- This site is optimized with the Yoast SEO plugin v26.5 - https:\/\/yoast.com\/wordpress\/plugins\/seo\/ -->\n<title>Avi\u00f5es comerciais podem ganhar motores el\u00e9tricos - Jornal Fatos e Not\u00edcias<\/title>\n<meta name=\"robots\" content=\"index, follow, max-snippet:-1, max-image-preview:large, max-video-preview:-1\" \/>\n<link rel=\"canonical\" href=\"https:\/\/jornalfatosenoticias.com.br\/index.php\/2023\/06\/19\/avioes-comerciais-podem-ganhar-motores-eletricos\/\" \/>\n<meta property=\"og:locale\" content=\"pt_BR\" \/>\n<meta property=\"og:type\" content=\"article\" \/>\n<meta property=\"og:title\" content=\"Avi\u00f5es comerciais podem ganhar motores el\u00e9tricos - Jornal Fatos e Not\u00edcias\" \/>\n<meta property=\"og:description\" content=\"Os motores el\u00e9tricos devem virar uma realidade para os avi\u00f5es em breve, mas ainda existem barreiras tecnol\u00f3gicas Por Vitoria Lopes Gomez Engenheiros e cientistas do Instituto de Tecnologia de Massachusetts (MIT) est\u00e3o trabalhando em\u00a0motores el\u00e9tricos para serem usados em grandes aeronaves. A inten\u00e7\u00e3o \u00e9 diminuir a pegada de carbono da avia\u00e7\u00e3o, apoiando a eletrifica\u00e7\u00e3o de [&hellip;]\" \/>\n<meta property=\"og:url\" content=\"https:\/\/jornalfatosenoticias.com.br\/index.php\/2023\/06\/19\/avioes-comerciais-podem-ganhar-motores-eletricos\/\" \/>\n<meta property=\"og:site_name\" content=\"Jornal Fatos e Not\u00edcias\" \/>\n<meta property=\"article:published_time\" content=\"2023-06-19T14:45:57+00:00\" \/>\n<meta property=\"article:modified_time\" content=\"2023-06-19T14:45:58+00:00\" \/>\n<meta property=\"og:image\" content=\"https:\/\/jornalfatosenoticias.com.br\/wp-content\/uploads\/2023\/06\/aviao-eletrico-sas-1.jpg\" \/>\n\t<meta property=\"og:image:width\" content=\"1000\" \/>\n\t<meta property=\"og:image:height\" content=\"500\" \/>\n\t<meta property=\"og:image:type\" content=\"image\/jpeg\" \/>\n<meta name=\"author\" content=\"Luzimara Fernandes\" \/>\n<meta name=\"twitter:card\" content=\"summary_large_image\" \/>\n<meta name=\"twitter:label1\" content=\"Escrito por\" \/>\n\t<meta name=\"twitter:data1\" content=\"Luzimara Fernandes\" \/>\n\t<meta name=\"twitter:label2\" content=\"Est. tempo de leitura\" \/>\n\t<meta name=\"twitter:data2\" content=\"2 minutos\" \/>\n<script type=\"application\/ld+json\" class=\"yoast-schema-graph\">{\"@context\":\"https:\/\/schema.org\",\"@graph\":[{\"@type\":\"Article\",\"@id\":\"https:\/\/jornalfatosenoticias.com.br\/index.php\/2023\/06\/19\/avioes-comerciais-podem-ganhar-motores-eletricos\/#article\",\"isPartOf\":{\"@id\":\"https:\/\/jornalfatosenoticias.com.br\/index.php\/2023\/06\/19\/avioes-comerciais-podem-ganhar-motores-eletricos\/\"},\"author\":{\"name\":\"Luzimara Fernandes\",\"@id\":\"https:\/\/jornalfatosenoticias.com.br\/#\/schema\/person\/d63837fa13ac8666eb9e74e0985d6f81\"},\"headline\":\"Avi\u00f5es comerciais podem ganhar motores el\u00e9tricos\",\"datePublished\":\"2023-06-19T14:45:57+00:00\",\"dateModified\":\"2023-06-19T14:45:58+00:00\",\"mainEntityOfPage\":{\"@id\":\"https:\/\/jornalfatosenoticias.com.br\/index.php\/2023\/06\/19\/avioes-comerciais-podem-ganhar-motores-eletricos\/\"},\"wordCount\":442,\"commentCount\":0,\"publisher\":{\"@id\":\"https:\/\/jornalfatosenoticias.com.br\/#organization\"},\"image\":{\"@id\":\"https:\/\/jornalfatosenoticias.com.br\/index.php\/2023\/06\/19\/avioes-comerciais-podem-ganhar-motores-eletricos\/#primaryimage\"},\"thumbnailUrl\":\"https:\/\/jornalfatosenoticias.com.br\/wp-content\/uploads\/2023\/06\/aviao-eletrico-sas-1.jpg\",\"keywords\":[\"avi\u00e3o\",\"avi\u00e3o el\u00e9trico\",\"MIT\",\"motores el\u00e9tricos\"],\"articleSection\":[\"Tecnologia &amp; Inova\u00e7\u00e3o\"],\"inLanguage\":\"pt-BR\",\"potentialAction\":[{\"@type\":\"CommentAction\",\"name\":\"Comment\",\"target\":[\"https:\/\/jornalfatosenoticias.com.br\/index.php\/2023\/06\/19\/avioes-comerciais-podem-ganhar-motores-eletricos\/#respond\"]}]},{\"@type\":\"WebPage\",\"@id\":\"https:\/\/jornalfatosenoticias.com.br\/index.php\/2023\/06\/19\/avioes-comerciais-podem-ganhar-motores-eletricos\/\",\"url\":\"https:\/\/jornalfatosenoticias.com.br\/index.php\/2023\/06\/19\/avioes-comerciais-podem-ganhar-motores-eletricos\/\",\"name\":\"Avi\u00f5es comerciais podem ganhar motores el\u00e9tricos - Jornal Fatos e Not\u00edcias\",\"isPartOf\":{\"@id\":\"https:\/\/jornalfatosenoticias.com.br\/#website\"},\"primaryImageOfPage\":{\"@id\":\"https:\/\/jornalfatosenoticias.com.br\/index.php\/2023\/06\/19\/avioes-comerciais-podem-ganhar-motores-eletricos\/#primaryimage\"},\"image\":{\"@id\":\"https:\/\/jornalfatosenoticias.com.br\/index.php\/2023\/06\/19\/avioes-comerciais-podem-ganhar-motores-eletricos\/#primaryimage\"},\"thumbnailUrl\":\"https:\/\/jornalfatosenoticias.com.br\/wp-content\/uploads\/2023\/06\/aviao-eletrico-sas-1.jpg\",\"datePublished\":\"2023-06-19T14:45:57+00:00\",\"dateModified\":\"2023-06-19T14:45:58+00:00\",\"breadcrumb\":{\"@id\":\"https:\/\/jornalfatosenoticias.com.br\/index.php\/2023\/06\/19\/avioes-comerciais-podem-ganhar-motores-eletricos\/#breadcrumb\"},\"inLanguage\":\"pt-BR\",\"potentialAction\":[{\"@type\":\"ReadAction\",\"target\":[\"https:\/\/jornalfatosenoticias.com.br\/index.php\/2023\/06\/19\/avioes-comerciais-podem-ganhar-motores-eletricos\/\"]}]},{\"@type\":\"ImageObject\",\"inLanguage\":\"pt-BR\",\"@id\":\"https:\/\/jornalfatosenoticias.com.br\/index.php\/2023\/06\/19\/avioes-comerciais-podem-ganhar-motores-eletricos\/#primaryimage\",\"url\":\"https:\/\/jornalfatosenoticias.com.br\/wp-content\/uploads\/2023\/06\/aviao-eletrico-sas-1.jpg\",\"contentUrl\":\"https:\/\/jornalfatosenoticias.com.br\/wp-content\/uploads\/2023\/06\/aviao-eletrico-sas-1.jpg\",\"width\":1000,\"height\":500},{\"@type\":\"BreadcrumbList\",\"@id\":\"https:\/\/jornalfatosenoticias.com.br\/index.php\/2023\/06\/19\/avioes-comerciais-podem-ganhar-motores-eletricos\/#breadcrumb\",\"itemListElement\":[{\"@type\":\"ListItem\",\"position\":1,\"name\":\"In\u00edcio\",\"item\":\"https:\/\/jornalfatosenoticias.com.br\/\"},{\"@type\":\"ListItem\",\"position\":2,\"name\":\"Avi\u00f5es comerciais podem ganhar motores el\u00e9tricos\"}]},{\"@type\":\"WebSite\",\"@id\":\"https:\/\/jornalfatosenoticias.com.br\/#website\",\"url\":\"https:\/\/jornalfatosenoticias.com.br\/\",\"name\":\"Jornal Fatos e Not\u00edcias\",\"description\":\"Not\u00edcias em geral\",\"publisher\":{\"@id\":\"https:\/\/jornalfatosenoticias.com.br\/#organization\"},\"potentialAction\":[{\"@type\":\"SearchAction\",\"target\":{\"@type\":\"EntryPoint\",\"urlTemplate\":\"https:\/\/jornalfatosenoticias.com.br\/?s={search_term_string}\"},\"query-input\":{\"@type\":\"PropertyValueSpecification\",\"valueRequired\":true,\"valueName\":\"search_term_string\"}}],\"inLanguage\":\"pt-BR\"},{\"@type\":\"Organization\",\"@id\":\"https:\/\/jornalfatosenoticias.com.br\/#organization\",\"name\":\"Jornal Fatos e Not\u00edcias\",\"url\":\"https:\/\/jornalfatosenoticias.com.br\/\",\"logo\":{\"@type\":\"ImageObject\",\"inLanguage\":\"pt-BR\",\"@id\":\"https:\/\/jornalfatosenoticias.com.br\/#\/schema\/logo\/image\/\",\"url\":\"https:\/\/jornalfatosenoticias.com.br\/wp-content\/uploads\/2020\/02\/logo120.png\",\"contentUrl\":\"https:\/\/jornalfatosenoticias.com.br\/wp-content\/uploads\/2020\/02\/logo120.png\",\"width\":1227,\"height\":120,\"caption\":\"Jornal Fatos e Not\u00edcias\"},\"image\":{\"@id\":\"https:\/\/jornalfatosenoticias.com.br\/#\/schema\/logo\/image\/\"}},{\"@type\":\"Person\",\"@id\":\"https:\/\/jornalfatosenoticias.com.br\/#\/schema\/person\/d63837fa13ac8666eb9e74e0985d6f81\",\"name\":\"Luzimara Fernandes\",\"image\":{\"@type\":\"ImageObject\",\"inLanguage\":\"pt-BR\",\"@id\":\"https:\/\/jornalfatosenoticias.com.br\/#\/schema\/person\/image\/\",\"url\":\"https:\/\/jornalfatosenoticias.com.br\/wp-content\/uploads\/2025\/05\/EU_portal.jpg\",\"contentUrl\":\"https:\/\/jornalfatosenoticias.com.br\/wp-content\/uploads\/2025\/05\/EU_portal.jpg\",\"caption\":\"Luzimara Fernandes\"},\"description\":\"Jornalista MTB 2358-ES\",\"sameAs\":[\"https:\/\/jornalfatosenoticias.com.br\"],\"url\":\"https:\/\/jornalfatosenoticias.com.br\/index.php\/author\/luzimara\/\"}]}<\/script>\n<!-- \/ Yoast SEO plugin. -->","yoast_head_json":{"title":"Avi\u00f5es comerciais podem ganhar motores el\u00e9tricos - Jornal Fatos e Not\u00edcias","robots":{"index":"index","follow":"follow","max-snippet":"max-snippet:-1","max-image-preview":"max-image-preview:large","max-video-preview":"max-video-preview:-1"},"canonical":"https:\/\/jornalfatosenoticias.com.br\/index.php\/2023\/06\/19\/avioes-comerciais-podem-ganhar-motores-eletricos\/","og_locale":"pt_BR","og_type":"article","og_title":"Avi\u00f5es comerciais podem ganhar motores el\u00e9tricos - Jornal Fatos e Not\u00edcias","og_description":"Os motores el\u00e9tricos devem virar uma realidade para os avi\u00f5es em breve, mas ainda existem barreiras tecnol\u00f3gicas Por Vitoria Lopes Gomez Engenheiros e cientistas do Instituto de Tecnologia de Massachusetts (MIT) est\u00e3o trabalhando em\u00a0motores el\u00e9tricos para serem usados em grandes aeronaves. A inten\u00e7\u00e3o \u00e9 diminuir a pegada de carbono da avia\u00e7\u00e3o, apoiando a eletrifica\u00e7\u00e3o de [&hellip;]","og_url":"https:\/\/jornalfatosenoticias.com.br\/index.php\/2023\/06\/19\/avioes-comerciais-podem-ganhar-motores-eletricos\/","og_site_name":"Jornal Fatos e Not\u00edcias","article_published_time":"2023-06-19T14:45:57+00:00","article_modified_time":"2023-06-19T14:45:58+00:00","og_image":[{"width":1000,"height":500,"url":"https:\/\/jornalfatosenoticias.com.br\/wp-content\/uploads\/2023\/06\/aviao-eletrico-sas-1.jpg","type":"image\/jpeg"}],"author":"Luzimara Fernandes","twitter_card":"summary_large_image","twitter_misc":{"Escrito por":"Luzimara Fernandes","Est. tempo de leitura":"2 minutos"},"schema":{"@context":"https:\/\/schema.org","@graph":[{"@type":"Article","@id":"https:\/\/jornalfatosenoticias.com.br\/index.php\/2023\/06\/19\/avioes-comerciais-podem-ganhar-motores-eletricos\/#article","isPartOf":{"@id":"https:\/\/jornalfatosenoticias.com.br\/index.php\/2023\/06\/19\/avioes-comerciais-podem-ganhar-motores-eletricos\/"},"author":{"name":"Luzimara Fernandes","@id":"https:\/\/jornalfatosenoticias.com.br\/#\/schema\/person\/d63837fa13ac8666eb9e74e0985d6f81"},"headline":"Avi\u00f5es comerciais podem ganhar motores el\u00e9tricos","datePublished":"2023-06-19T14:45:57+00:00","dateModified":"2023-06-19T14:45:58+00:00","mainEntityOfPage":{"@id":"https:\/\/jornalfatosenoticias.com.br\/index.php\/2023\/06\/19\/avioes-comerciais-podem-ganhar-motores-eletricos\/"},"wordCount":442,"commentCount":0,"publisher":{"@id":"https:\/\/jornalfatosenoticias.com.br\/#organization"},"image":{"@id":"https:\/\/jornalfatosenoticias.com.br\/index.php\/2023\/06\/19\/avioes-comerciais-podem-ganhar-motores-eletricos\/#primaryimage"},"thumbnailUrl":"https:\/\/jornalfatosenoticias.com.br\/wp-content\/uploads\/2023\/06\/aviao-eletrico-sas-1.jpg","keywords":["avi\u00e3o","avi\u00e3o el\u00e9trico","MIT","motores el\u00e9tricos"],"articleSection":["Tecnologia &amp; Inova\u00e7\u00e3o"],"inLanguage":"pt-BR","potentialAction":[{"@type":"CommentAction","name":"Comment","target":["https:\/\/jornalfatosenoticias.com.br\/index.php\/2023\/06\/19\/avioes-comerciais-podem-ganhar-motores-eletricos\/#respond"]}]},{"@type":"WebPage","@id":"https:\/\/jornalfatosenoticias.com.br\/index.php\/2023\/06\/19\/avioes-comerciais-podem-ganhar-motores-eletricos\/","url":"https:\/\/jornalfatosenoticias.com.br\/index.php\/2023\/06\/19\/avioes-comerciais-podem-ganhar-motores-eletricos\/","name":"Avi\u00f5es comerciais podem ganhar motores el\u00e9tricos - Jornal Fatos e Not\u00edcias","isPartOf":{"@id":"https:\/\/jornalfatosenoticias.com.br\/#website"},"primaryImageOfPage":{"@id":"https:\/\/jornalfatosenoticias.com.br\/index.php\/2023\/06\/19\/avioes-comerciais-podem-ganhar-motores-eletricos\/#primaryimage"},"image":{"@id":"https:\/\/jornalfatosenoticias.com.br\/index.php\/2023\/06\/19\/avioes-comerciais-podem-ganhar-motores-eletricos\/#primaryimage"},"thumbnailUrl":"https:\/\/jornalfatosenoticias.com.br\/wp-content\/uploads\/2023\/06\/aviao-eletrico-sas-1.jpg","datePublished":"2023-06-19T14:45:57+00:00","dateModified":"2023-06-19T14:45:58+00:00","breadcrumb":{"@id":"https:\/\/jornalfatosenoticias.com.br\/index.php\/2023\/06\/19\/avioes-comerciais-podem-ganhar-motores-eletricos\/#breadcrumb"},"inLanguage":"pt-BR","potentialAction":[{"@type":"ReadAction","target":["https:\/\/jornalfatosenoticias.com.br\/index.php\/2023\/06\/19\/avioes-comerciais-podem-ganhar-motores-eletricos\/"]}]},{"@type":"ImageObject","inLanguage":"pt-BR","@id":"https:\/\/jornalfatosenoticias.com.br\/index.php\/2023\/06\/19\/avioes-comerciais-podem-ganhar-motores-eletricos\/#primaryimage","url":"https:\/\/jornalfatosenoticias.com.br\/wp-content\/uploads\/2023\/06\/aviao-eletrico-sas-1.jpg","contentUrl":"https:\/\/jornalfatosenoticias.com.br\/wp-content\/uploads\/2023\/06\/aviao-eletrico-sas-1.jpg","width":1000,"height":500},{"@type":"BreadcrumbList","@id":"https:\/\/jornalfatosenoticias.com.br\/index.php\/2023\/06\/19\/avioes-comerciais-podem-ganhar-motores-eletricos\/#breadcrumb","itemListElement":[{"@type":"ListItem","position":1,"name":"In\u00edcio","item":"https:\/\/jornalfatosenoticias.com.br\/"},{"@type":"ListItem","position":2,"name":"Avi\u00f5es comerciais podem ganhar motores el\u00e9tricos"}]},{"@type":"WebSite","@id":"https:\/\/jornalfatosenoticias.com.br\/#website","url":"https:\/\/jornalfatosenoticias.com.br\/","name":"Jornal Fatos e Not\u00edcias","description":"Not\u00edcias em geral","publisher":{"@id":"https:\/\/jornalfatosenoticias.com.br\/#organization"},"potentialAction":[{"@type":"SearchAction","target":{"@type":"EntryPoint","urlTemplate":"https:\/\/jornalfatosenoticias.com.br\/?s={search_term_string}"},"query-input":{"@type":"PropertyValueSpecification","valueRequired":true,"valueName":"search_term_string"}}],"inLanguage":"pt-BR"},{"@type":"Organization","@id":"https:\/\/jornalfatosenoticias.com.br\/#organization","name":"Jornal Fatos e Not\u00edcias","url":"https:\/\/jornalfatosenoticias.com.br\/","logo":{"@type":"ImageObject","inLanguage":"pt-BR","@id":"https:\/\/jornalfatosenoticias.com.br\/#\/schema\/logo\/image\/","url":"https:\/\/jornalfatosenoticias.com.br\/wp-content\/uploads\/2020\/02\/logo120.png","contentUrl":"https:\/\/jornalfatosenoticias.com.br\/wp-content\/uploads\/2020\/02\/logo120.png","width":1227,"height":120,"caption":"Jornal Fatos e Not\u00edcias"},"image":{"@id":"https:\/\/jornalfatosenoticias.com.br\/#\/schema\/logo\/image\/"}},{"@type":"Person","@id":"https:\/\/jornalfatosenoticias.com.br\/#\/schema\/person\/d63837fa13ac8666eb9e74e0985d6f81","name":"Luzimara Fernandes","image":{"@type":"ImageObject","inLanguage":"pt-BR","@id":"https:\/\/jornalfatosenoticias.com.br\/#\/schema\/person\/image\/","url":"https:\/\/jornalfatosenoticias.com.br\/wp-content\/uploads\/2025\/05\/EU_portal.jpg","contentUrl":"https:\/\/jornalfatosenoticias.com.br\/wp-content\/uploads\/2025\/05\/EU_portal.jpg","caption":"Luzimara Fernandes"},"description":"Jornalista MTB 2358-ES","sameAs":["https:\/\/jornalfatosenoticias.com.br"],"url":"https:\/\/jornalfatosenoticias.com.br\/index.php\/author\/luzimara\/"}]}},"cc_featured_image_caption":{"caption_text":"(Foto: Divulga\u00e7\u00e3o\/SAS) ","source_text":"","source_url":""},"jetpack_featured_media_url":"https:\/\/jornalfatosenoticias.com.br\/wp-content\/uploads\/2023\/06\/aviao-eletrico-sas-1.jpg","_links":{"self":[{"href":"https:\/\/jornalfatosenoticias.com.br\/index.php\/wp-json\/wp\/v2\/posts\/42523","targetHints":{"allow":["GET"]}}],"collection":[{"href":"https:\/\/jornalfatosenoticias.com.br\/index.php\/wp-json\/wp\/v2\/posts"}],"about":[{"href":"https:\/\/jornalfatosenoticias.com.br\/index.php\/wp-json\/wp\/v2\/types\/post"}],"author":[{"embeddable":true,"href":"https:\/\/jornalfatosenoticias.com.br\/index.php\/wp-json\/wp\/v2\/users\/2"}],"replies":[{"embeddable":true,"href":"https:\/\/jornalfatosenoticias.com.br\/index.php\/wp-json\/wp\/v2\/comments?post=42523"}],"version-history":[{"count":0,"href":"https:\/\/jornalfatosenoticias.com.br\/index.php\/wp-json\/wp\/v2\/posts\/42523\/revisions"}],"wp:featuredmedia":[{"embeddable":true,"href":"https:\/\/jornalfatosenoticias.com.br\/index.php\/wp-json\/wp\/v2\/media\/42525"}],"wp:attachment":[{"href":"https:\/\/jornalfatosenoticias.com.br\/index.php\/wp-json\/wp\/v2\/media?parent=42523"}],"wp:term":[{"taxonomy":"category","embeddable":true,"href":"https:\/\/jornalfatosenoticias.com.br\/index.php\/wp-json\/wp\/v2\/categories?post=42523"},{"taxonomy":"post_tag","embeddable":true,"href":"https:\/\/jornalfatosenoticias.com.br\/index.php\/wp-json\/wp\/v2\/tags?post=42523"}],"curies":[{"name":"wp","href":"https:\/\/api.w.org\/{rel}","templated":true}]}}