{"id":42535,"date":"2023-06-19T12:57:53","date_gmt":"2023-06-19T15:57:53","guid":{"rendered":"https:\/\/jornalfatosenoticias.com.br\/?p=42535"},"modified":"2023-06-19T12:57:54","modified_gmt":"2023-06-19T15:57:54","slug":"e-exagerado-dizer-que-o-brasil-esta-em-um-regime-autoritario","status":"publish","type":"post","link":"https:\/\/jornalfatosenoticias.com.br\/index.php\/2023\/06\/19\/e-exagerado-dizer-que-o-brasil-esta-em-um-regime-autoritario\/","title":{"rendered":"\u00c9 exagerado dizer que o Brasil est\u00e1 em um regime autorit\u00e1rio?"},"content":{"rendered":"\n<p><em><span class=\"has-inline-color has-black-color\">A hipertrofia do Poder Judici\u00e1rio \u00e9 um dos principais elementos da crise democr\u00e1tica no Brasil<\/span><\/em><\/p>\n\n\n\n<p><em><span class=\"has-inline-color has-black-color\">Por <strong><a href=\"https:\/\/www.gazetadopovo.com.br\/autor\/leonardo-desideri\/\">Leonardo Desideri<\/a><\/strong><\/span><\/em><\/p>\n\n\n\n<div class=\"wp-block-image\"><figure class=\"aligncenter size-large\"><img loading=\"lazy\" decoding=\"async\" width=\"729\" height=\"90\" src=\"https:\/\/jornalfatosenoticias.com.br\/wp-content\/uploads\/2020\/02\/Logo_Mizu.png\" alt=\"\" class=\"wp-image-1441\" srcset=\"https:\/\/jornalfatosenoticias.com.br\/wp-content\/uploads\/2020\/02\/Logo_Mizu.png 729w, https:\/\/jornalfatosenoticias.com.br\/wp-content\/uploads\/2020\/02\/Logo_Mizu-300x37.png 300w\" sizes=\"auto, (max-width: 729px) 100vw, 729px\" \/><\/figure><\/div>\n\n\n\n<p>Decis\u00f5es arbitr\u00e1rias de censura, puni\u00e7\u00f5es a opositores, disfun\u00e7\u00e3o do &#8220;sistema de freios e contrapesos&#8221;, viola\u00e7\u00e3o dos direitos humanos, controle de narrativas e atmosfera de medo \u2014 caracter\u00edsticas t\u00edpicas de um regime autorit\u00e1rio \u2014 viraram realidade no Brasil em diversos casos ocorridos nos \u00faltimos anos. \u00c9 frequente, com isso, que alguns formadores de opini\u00e3o e usu\u00e1rios de redes sociais afirmem que o Pa\u00eds est\u00e1 sob uma ditadura.<br>Essa tem sido uma das rea\u00e7\u00f5es mais comuns a fatos publicados pela <strong><span class=\"has-inline-color has-black-color\">Gazeta do Povo<\/span><\/strong> nos \u00faltimos meses que revelam a crise democr\u00e1tica do Pa\u00eds. Alguns exemplos entre os mais recentes:<\/p>\n\n\n\n<div class=\"wp-block-image\"><figure class=\"aligncenter size-large\"><img loading=\"lazy\" decoding=\"async\" width=\"300\" height=\"222\" src=\"https:\/\/jornalfatosenoticias.com.br\/wp-content\/uploads\/2023\/03\/logo_Juliana-Graca.jpg\" alt=\"\" class=\"wp-image-39283\"\/><\/figure><\/div>\n\n\n\n<ul class=\"wp-block-list\"><li><a href=\"https:\/\/www.gazetadopovo.com.br\/opiniao\/editoriais\/a-perseguicao-a-deltan-dallagnol-a-lava-jato-e-a-hora-da-mobilizacao-popular\/\">A persegui\u00e7\u00e3o \u00e0 Lava Jato e a cassa\u00e7\u00e3o do mandato de Deltan Dallagnol;<\/a><\/li><li><a href=\"https:\/\/www.gazetadopovo.com.br\/opiniao\/editoriais\/o-abuso-das-prisoes-pos-8-de-janeiro\/\">Os abusos nas pris\u00f5es decorrentes dos atos do 8\/1;<\/a><\/li><li><a href=\"https:\/\/www.gazetadopovo.com.br\/opiniao\/editoriais\/stf-denuncias-genericas-8-de-janeiro\/\">A aceita\u00e7\u00e3o de den\u00fancias gen\u00e9ricas sobre o 8\/1 e a restri\u00e7\u00e3o do direito \u00e0 ampla defesa;<\/a><\/li><li>As frequentes determina\u00e7\u00f5es judiciais de bloqueio de contas nas redes sociais, <a href=\"https:\/\/www.gazetadopovo.com.br\/vida-e-cidadania\/moraes-determina-bloqueio-de-redes-sociais-de-monark\/\">como no caso de Monark na \u00faltima quarta-feira (14);<\/a><\/li><li><a href=\"https:\/\/www.gazetadopovo.com.br\/opiniao\/editoriais\/o-humor-amordacado-leo-lins-censura\/\">A agress\u00e3o \u00e0 liberdade de express\u00e3o at\u00e9 mesmo de humoristas;<\/a><\/li><li><a href=\"https:\/\/www.gazetadopovo.com.br\/opiniao\/editoriais\/pl-fake-news-google-meta\/\">A tentativa ideologicamente enviesada de regula\u00e7\u00e3o das redes sociais;<\/a><\/li><li>O chamado &#8220;inqu\u00e9rito do fim do mundo&#8221;, suas deriva\u00e7\u00f5es e sua dura\u00e7\u00e3o indefinida;<\/li><li><a href=\"https:\/\/www.gazetadopovo.com.br\/opiniao\/editoriais\/tse-censura-brasil-paralelo-poder-de-policia\/\">A pr\u00e1tica pelo Judici\u00e1rio da censura pr\u00e9via;<\/a><\/li><li>As dezenas de casos de restri\u00e7\u00e3o da livre express\u00e3o de ideias democraticamente leg\u00edtimas sob o pretexto de coibir a &#8220;desinforma\u00e7\u00e3o&#8221;, o &#8220;discurso de \u00f3dio&#8221; e os &#8220;ataques \u00e0 democracia&#8221;.<\/li><\/ul>\n\n\n\n<div class=\"wp-block-image\"><figure class=\"aligncenter size-large\"><img decoding=\"async\" src=\"https:\/\/jornalfatosenoticias.com.br\/wp-content\/uploads\/2020\/02\/logo_esteio.jpg\" alt=\"\" class=\"wp-image-1214\"\/><\/figure><\/div>\n\n\n\n<p>A<strong><span class=\"has-inline-color has-black-color\"> Gazeta do Povo<\/span><\/strong> consultou cientistas pol\u00edticos e juristas para saber at\u00e9 que ponto a ideia de que o Brasil vive um regime autorit\u00e1rio \u00e9 verdadeira, tomando como base defini\u00e7\u00f5es acad\u00eamicas do que seriam regimes autorit\u00e1rios ou ditaduras. Todos concordam que o Estado brasileiro tem muitos elementos de governos antidemocr\u00e1ticos; os especialistas divergem, contudo, sobre o Pa\u00eds j\u00e1 poder ser classificado como um regime autorit\u00e1rio. Em qualquer caso, o Poder Judici\u00e1rio \u00e9, para todos, o maior foco de decis\u00f5es que agridem o estado democr\u00e1tico de direito no Pa\u00eds. Entre os elementos de ditadura que o Pa\u00eds j\u00e1 ostenta, segundo os especialistas, incluem-se:<\/p>\n\n\n\n<div class=\"wp-block-image\"><figure class=\"aligncenter size-large is-resized\"><img loading=\"lazy\" decoding=\"async\" src=\"https:\/\/jornalfatosenoticias.com.br\/wp-content\/uploads\/2020\/02\/logo-embacia.jpg\" alt=\"\" class=\"wp-image-33905\" width=\"243\" height=\"243\"\/><\/figure><\/div>\n\n\n\n<p><strong>\u279e A preponder\u00e2ncia abusiva de um Poder sobre os outros, com o surgimento de uma &#8220;<a href=\"https:\/\/www.gazetadopovo.com.br\/vozes\/luciano-trigo\/juristocracia-e-capitalismo-de-compadrio\/?ref=link-interno-materia\">juristocracia<\/a>&#8220;<\/strong> \u2014 isto \u00e9, um governo marcado pela judicializa\u00e7\u00e3o da pol\u00edtica. O fen\u00f4meno da juristocracia, batizado pelo cientista pol\u00edtico canadense Ran Hirschl em 2004, tem sido comum em v\u00e1rias democracias pelo mundo, mas ganhou particular relev\u00e2ncia no Brasil.<\/p>\n\n\n\n<p><strong>\u279e<\/strong> <strong>A volubilidade do Judici\u00e1rio,<\/strong> que muda decis\u00f5es com frequ\u00eancia, o que desperta suspeitas sobre o car\u00e1ter pol\u00edtico das decis\u00f5es. A inseguran\u00e7a jur\u00eddica provocada por julgamentos da Corte tornou comum a reescritura do passado no Brasil, uma marca de regimes ditatoriais. <a href=\"https:\/\/www.gazetadopovo.com.br\/opiniao\/editoriais\/lava-jato-narrativa-falsa-abusos-deltan-dallagnol\/?ref=link-interno-materia\">Em poucos anos, os respons\u00e1veis pela opera\u00e7\u00e3o Lava Jato passaram de her\u00f3is nacionais a figuras perseguidas como criminosos.<\/a> Em entrevista recente \u00e0 <strong><span class=\"has-inline-color has-black-color\">Gazeta do Povo,<\/span><\/strong> <a href=\"https:\/\/www.gazetadopovo.com.br\/republica\/lava-jato-tem-destino-pior-que-maos-limpas\/?ref=link-interno-materia\">Rodrigo Chemim, doutor em Direito do Estado, afirmou que os poderosos n\u00e3o dever\u00e3o descansar enquanto o senador Sergio Moro (Uni\u00e3o-PR) e o ex-deputado federal Deltan Dallagnol n\u00e3o estiverem presos.<\/a><\/p>\n\n\n\n<div class=\"wp-block-image\"><figure class=\"aligncenter size-large\"><img decoding=\"async\" src=\"https:\/\/jornalfatosenoticias.com.br\/wp-content\/uploads\/2020\/02\/barao-das-carnes-300x164-1.jpg\" alt=\"\" class=\"wp-image-34339\"\/><\/figure><\/div>\n\n\n\n<p><strong>\u279e<\/strong> <strong>A disfun\u00e7\u00e3o do &#8220;sistema de freios e contrapesos&#8221;,<\/strong> com a hipertrofia do Poder Judici\u00e1rio e a incapacidade dos outros poderes de responder aos abusos, seja por coniv\u00eancia ideol\u00f3gica ou temor de retalia\u00e7\u00e3o. &#8220;Isso \u00e9 uma coisa chave nesse problema todo, porque nenhum ministro \u00e9 questionado, ningu\u00e9m \u00e9 chamado a prestar depoimento, enfim, s\u00e3o inc\u00f3lumes. Esta \u00e9 uma caracter\u00edstica fundamental: a anula\u00e7\u00e3o efetiva do exerc\u00edcio de controle do Legislativo sobre o Judici\u00e1rio&#8221;, diz Luiz Carlos Ramiro Jr., doutor em Ci\u00eancia Pol\u00edtica (IESP-UERJ) e ex-presidente da Biblioteca Nacional.<\/p>\n\n\n\n<p><strong>\u279e A viola\u00e7\u00e3o dos direitos humanos,<\/strong> <a href=\"https:\/\/www.gazetadopovo.com.br\/vida-e-cidadania\/mulheres-presas-8-janeiro-vivem-sob-condicoes-precarias-diz-defensoria-publica-df\/?ref=link-interno-materia\">como nos casos das pris\u00f5es do 8 de janeiro<\/a> e nos ataques \u00e0 liberdade de express\u00e3o dos cidad\u00e3os.<\/p>\n\n\n\n<p><strong>\u279e A tentativa de controle das narrativas e da linguagem,<\/strong> como na <a href=\"https:\/\/www.gazetadopovo.com.br\/vida-e-cidadania\/ataques-a-escolas-e-8-1-viram-pretexto-para-radicalizar-pl-das-fake-news\/?ref=link-interno-materia\">utiliza\u00e7\u00e3o dos atos do 8 de janeiro como pretexto para defender medidas de restri\u00e7\u00e3o das liberdades<\/a> ou no <a href=\"https:\/\/www.gazetadopovo.com.br\/opiniao\/editoriais\/o-supremo-e-seu-novo-ministerio-da-verdade\/?ref=link-interno-materia\">empenho por emplacar termos como &#8220;desinforma\u00e7\u00e3o&#8221;, &#8220;discurso de \u00f3dio&#8221; e &#8220;ataques \u00e0 democracia&#8221; como justificativa para censurar cr\u00edticos do autoritarismo.<\/a> &#8220;Para mim, o primeiro sinal de autoritarismo s\u00e3o as narrativas. \u00c9 uma palavra-chave: narrativas. Quando um Estado come\u00e7a a ganhar fei\u00e7\u00f5es de Estado totalit\u00e1rio, ele come\u00e7a a trabalhar narrativas, a ir contra a pr\u00f3pria realidade&#8221;, diz o advogado Rafael Augusto Domingues, doutor em Direito do Estado. &#8220;Come\u00e7a a haver um descolamento da verdade, um descolamento do genu\u00edno di\u00e1logo que \u00e9 necess\u00e1rio para a conviv\u00eancia em sociedade. Isso passa a ser substitu\u00eddo por algo que eu chamaria de persuas\u00e3o. O detentor do poder come\u00e7a a exercer press\u00e3o, com imposi\u00e7\u00e3o da vontade para fazer valer as suas ideias&#8221;.<\/p>\n\n\n\n<div class=\"wp-block-image\"><figure class=\"aligncenter size-large is-resized\"><img loading=\"lazy\" decoding=\"async\" src=\"https:\/\/jornalfatosenoticias.com.br\/wp-content\/uploads\/2022\/02\/Precisao-Contabilidade-1024x724.jpg\" alt=\"\" class=\"wp-image-28088\" width=\"303\" height=\"214\"\/><\/figure><\/div>\n\n\n\n<p><strong>\u279e A ades\u00e3o da imprensa, <\/strong>que deixa de ser um instrumento de controle democr\u00e1tico contra o autoritarismo e passa a servir para sustent\u00e1-lo. <a href=\"https:\/\/www.gazetadopovo.com.br\/vida-e-cidadania\/breves\/elon-musk-critica-informacao-falsa-de-jornalista-brasileira-e-ridiculo\/?ref=link-interno-materia\">A defesa de mecanismos de controle da liberdade de express\u00e3o por formadores de opini\u00e3o de grandes meios jornal\u00edsticos se tornou comum nos \u00faltimos anos.<\/a> &#8220;A preocupa\u00e7\u00e3o fundamental que devemos ter \u00e9 o que vai ficar e como vai ser contado. Em todos esses momentos nebulosos [da vida em sociedade], a gente come\u00e7a a perceber que pessoas diferentes contaram coisas diferentes. Mas isso s\u00f3 aparece quando h\u00e1 mem\u00f3ria. Quanto menos mem\u00f3ria n\u00f3s temos, e quanto menos variedade de mem\u00f3rias, mais preocupante \u00e9 o futuro&#8221;, diz Ramiro Jr. &#8220;A imprensa, nesse sentido, tem um papel fundamental de difundir as diferentes vis\u00f5es sobre os fen\u00f4menos. N\u00e3o tomar partido de forma cega quanto a determinados governos; procurar a realidade, procurar a verdade das coisas&#8221;.<\/p>\n\n\n\n<div class=\"wp-block-image\"><figure class=\"aligncenter size-large is-resized\"><img loading=\"lazy\" decoding=\"async\" src=\"https:\/\/jornalfatosenoticias.com.br\/wp-content\/uploads\/2022\/07\/Logo-Grupo-SEI.jpg\" alt=\"\" class=\"wp-image-31973\" width=\"351\" height=\"184\" srcset=\"https:\/\/jornalfatosenoticias.com.br\/wp-content\/uploads\/2022\/07\/Logo-Grupo-SEI.jpg 713w, https:\/\/jornalfatosenoticias.com.br\/wp-content\/uploads\/2022\/07\/Logo-Grupo-SEI-300x158.jpg 300w\" sizes=\"auto, (max-width: 351px) 100vw, 351px\" \/><\/figure><\/div>\n\n\n\n<p>Para a ju\u00edza Ludmila Lins Grilo, aposentada compulsoriamente pela Justi\u00e7a de Minas Gerais em uma decis\u00e3o recente, \u00e9 impreciso falar em &#8220;coopta\u00e7\u00e3o&#8221; da imprensa pelo autoritarismo estatal.<\/p>\n\n\n\n<blockquote class=\"wp-block-quote is-layout-flow wp-block-quote-is-layout-flow\"><p><span class=\"has-inline-color has-luminous-vivid-orange-color\">O que houve, na verdade, foi uma ades\u00e3o volunt\u00e1ria da imprensa. O polo ativo desse movimento n\u00e3o foi o Judici\u00e1rio obrigando a imprensa a fazer nada, mas sim a pr\u00f3pria imprensa que, por sua livre iniciativa, aderiu ao comportamento tir\u00e2nico vindo do Judici\u00e1rio. E por que isso acontece? Isso \u00e9 um movimento de d\u00e9cadas do <a href=\"https:\/\/www.gazetadopovo.com.br\/ideias\/quem-foi-antonio-gramsci-o-maquiavel-a-servico-do-comunismo\/?ref=link-interno-materia\">gramscismo cultural<\/a>&#8220;, diz.<\/span><\/p><\/blockquote>\n\n\n\n<p><strong><span class=\"has-inline-color has-black-color\">Juristas divergem sobre definir Brasil como &#8220;regime autorit\u00e1rio&#8221;<br><\/span><\/strong>O soci\u00f3logo e cientista pol\u00edtico Juan Jos\u00e9 Linz (1926-2013), especialista no estudo do autoritarismo na pol\u00edtica, tem uma das defini\u00e7\u00f5es acad\u00eamicas mais usadas at\u00e9 hoje do que seria um regime autorit\u00e1rio. As quatro caracter\u00edsticas principais apontadas por ele s\u00e3o:<\/p>\n\n\n\n<div class=\"wp-block-image\"><figure class=\"aligncenter size-large is-resized\"><img loading=\"lazy\" decoding=\"async\" src=\"https:\/\/jornalfatosenoticias.com.br\/wp-content\/uploads\/2020\/02\/casa-do-torresmo_portal.jpg\" alt=\"\" class=\"wp-image-34472\" width=\"261\" height=\"261\" srcset=\"https:\/\/jornalfatosenoticias.com.br\/wp-content\/uploads\/2020\/02\/casa-do-torresmo_portal.jpg 300w, https:\/\/jornalfatosenoticias.com.br\/wp-content\/uploads\/2020\/02\/casa-do-torresmo_portal-150x150.jpg 150w\" sizes=\"auto, (max-width: 261px) 100vw, 261px\" \/><\/figure><\/div>\n\n\n\n<ul class=\"wp-block-list\"><li>Pluralismo pol\u00edtico limitado;<\/li><li>Legitimidade pol\u00edtica baseada em apelos \u00e0 emo\u00e7\u00e3o e na identifica\u00e7\u00e3o do regime como um mal necess\u00e1rio para combater problemas sociais;<\/li><li>Escassa mobiliza\u00e7\u00e3o pol\u00edtica;<\/li><li>Poderes do l\u00edder ou da elite governante definidos de forma vaga, o que permite um controle maior do Estado.<\/li><\/ul>\n\n\n\n<blockquote class=\"wp-block-quote is-layout-flow wp-block-quote-is-layout-flow\"><p><span class=\"has-inline-color has-luminous-vivid-orange-color\">Os especialistas entrevistados pela <strong>Gazeta do Povo<\/strong> reconhecem a presen\u00e7a de algumas dessas caracter\u00edsticas no Brasil, mas divergem sobre chamar o que ocorre no Pa\u00eds de &#8220;regime autorit\u00e1rio&#8221;.<\/span><\/p><\/blockquote>\n\n\n\n<div class=\"wp-block-image\"><figure class=\"aligncenter size-large is-resized\"><img loading=\"lazy\" decoding=\"async\" src=\"https:\/\/jornalfatosenoticias.com.br\/wp-content\/uploads\/2023\/03\/logo-Panper_portal.jpg\" alt=\"\" class=\"wp-image-40208\" width=\"292\" height=\"202\" srcset=\"https:\/\/jornalfatosenoticias.com.br\/wp-content\/uploads\/2023\/03\/logo-Panper_portal.jpg 400w, https:\/\/jornalfatosenoticias.com.br\/wp-content\/uploads\/2023\/03\/logo-Panper_portal-300x208.jpg 300w\" sizes=\"auto, (max-width: 292px) 100vw, 292px\" \/><\/figure><\/div>\n\n\n\n<p>Para Ludmila Lins Grilo, o Brasil \u00e9 uma ditadura &#8220;h\u00e1 pelo menos quatro anos&#8221;. Ela critica quem questiona se o Pa\u00eds &#8220;j\u00e1&#8221; pode ser considerado um regime autorit\u00e1rio, como o fez a pr\u00f3pria reportagem da <strong><span class=\"has-inline-color has-black-color\">Gazeta do Povo.<\/span><\/strong> &#8220;A gente v\u00ea muito essa frase rolando em Twitter, nas redes sociais. Qualquer coisa que o Moraes fa\u00e7a, [as pessoas dizem:] &#8216;o Brasil agora j\u00e1 \u00e9 uma ditadura&#8217;. Eu falo: &#8216;gente, pelo amor de Deus, o Brasil \u00e9 uma ditadura e n\u00e3o \u00e9 j\u00e1; n\u00e3o \u00e9 uma coisa de agora'&#8221;, comenta.<br>Embora seja um forte cr\u00edtico da atua\u00e7\u00e3o do Supremo Tribunal Federal (STF) e do Tribunal Superior Eleitoral (TSE) nos \u00faltimos anos, Adriano Soares da Costa, ex-juiz de Direito e especialista em Direito Eleitoral, diz que \u00e9 preciso &#8220;cuidados com o uso de express\u00f5es&#8221;.<\/p>\n\n\n\n<blockquote class=\"wp-block-quote is-layout-flow wp-block-quote-is-layout-flow\"><p><span class=\"has-inline-color has-luminous-vivid-orange-color\">\u00c0s vezes a gente tira o peso delas e depois, quando a gente vai utiliz\u00e1-las no momento adequado, elas j\u00e1 perderam a densidade que elas t\u00eam&#8221;, observa. &#8220;Quando outras institui\u00e7\u00f5es democr\u00e1ticas est\u00e3o fr\u00e1geis, uma delas \u2014\u00a0e hoje \u00e9 o Judici\u00e1rio \u2014\u00a0se empodera, se hipertrofia e passa a exercitar um poder para al\u00e9m daquilo que a Constitui\u00e7\u00e3o lhe faculta. N\u00f3s n\u00e3o estamos em uma ditadura; n\u00f3s estamos em uma democracia disfuncional, em um estado de exce\u00e7\u00e3o constitucional \u2014 em alguns casos, com suspens\u00e3o de direitos e garantias individuais, com suspens\u00e3o de garantias inclusive hist\u00f3ricas, civilizat\u00f3rias, no campo criminal&#8221;, complementa.<\/span><\/p><\/blockquote>\n\n\n\n<div class=\"wp-block-image\"><figure class=\"aligncenter size-large\"><img loading=\"lazy\" decoding=\"async\" width=\"300\" height=\"250\" src=\"https:\/\/jornalfatosenoticias.com.br\/wp-content\/uploads\/2022\/08\/arte-Casarao.jpg\" alt=\"\" class=\"wp-image-33178\"\/><\/figure><\/div>\n\n\n\n<p>Soares da Costa ressalta ainda que &#8220;h\u00e1 institui\u00e7\u00f5es que poderiam funcionar para controle&#8221; dos abusos do Judici\u00e1rio, o que n\u00e3o acontece em ditaduras. &#8220;Elas n\u00e3o funcionam por omiss\u00e3o. N\u00e3o h\u00e1 impedimento ou constri\u00e7\u00e3o delas para n\u00e3o atuar. O Senado Federal est\u00e1 se omitindo do seu dever de preservar a Constitui\u00e7\u00e3o Federal, de colocar limites ao Judici\u00e1rio. N\u00e3o se trata, portanto, de uma quest\u00e3o de autoritarismo ou de ditadura, mas de institui\u00e7\u00f5es democr\u00e1ticas que est\u00e3o deixando de funcionar adequadamente. H\u00e1 uma disfuncionalidade do Poder Judici\u00e1rio quando exacerba essas atividades no \u00e2mbito penal, descumprindo inclusive cl\u00e1usulas p\u00e9treas da Constitui\u00e7\u00e3o no cap\u00edtulo das garantias e direitos individuais. E, por outro lado, os demais poderes, sobretudo o parlamento atrav\u00e9s do Senado Federal, vira as costas para a sociedade brasileira e n\u00e3o exercita aquilo que \u00e9 dever seu, de fiscalizar, de colocar limite e eventualmente de tomar medidas constitucionalmente previstas no sentido de p\u00f4r cobro em definitivo a essas atua\u00e7\u00f5es&#8221;, observa.<\/p>\n\n\n\n<div class=\"wp-block-image\"><figure class=\"aligncenter size-large is-resized\"><img loading=\"lazy\" decoding=\"async\" src=\"https:\/\/jornalfatosenoticias.com.br\/wp-content\/uploads\/2022\/10\/RC_800x750_page-0001.jpg\" alt=\"\" class=\"wp-image-35338\" width=\"272\" height=\"255\" srcset=\"https:\/\/jornalfatosenoticias.com.br\/wp-content\/uploads\/2022\/10\/RC_800x750_page-0001.jpg 400w, https:\/\/jornalfatosenoticias.com.br\/wp-content\/uploads\/2022\/10\/RC_800x750_page-0001-300x281.jpg 300w\" sizes=\"auto, (max-width: 272px) 100vw, 272px\" \/><\/figure><\/div>\n\n\n\n<p>Para Pedro Moreira, doutor em Filosofia do Direito pela Universidad Aut\u00f3noma de Madrid, o que acontece no Brasil \u00e9 um fen\u00f4meno pr\u00f3prio, que ele prefere chamar de &#8220;regime olig\u00e1rquico&#8221;. &#8220;Acho que o Brasil tem a sua pr\u00f3pria hist\u00f3ria e tenho a impress\u00e3o de que, com a ascens\u00e3o do sistema de 1988, fomos criando um tipo espec\u00edfico de oligarquia urbana e burocr\u00e1tica, que, agora, parece alcan\u00e7ar um n\u00edvel pr\u00f3ximo do insuport\u00e1vel. Porque j\u00e1 n\u00e3o se trata apenas de uma burocracia que faz de tudo para preservar o seu pr\u00f3prio poder. Ela, cada vez mais, com o apoio de parcela importante das classes intelectuais, acad\u00eamicas e jornal\u00edsticas, avan\u00e7a contra o modo de vida do pr\u00f3prio povo, das <a href=\"https:\/\/www.gazetadopovo.com.br\/vida-e-cidadania\/a-revolta-do-cidadao-comum-contra-os-formadores-de-opiniao\/?ref=link-interno-materia\">pessoas comuns.<\/a> Portanto, talvez possamos falar em uma esp\u00e9cie de regime olig\u00e1rquico&#8221;, comenta.<\/p>\n\n\n\n<p><strong><span class=\"has-inline-color has-black-color\">Congresso \u00e9 respons\u00e1vel por &#8220;juristocracia&#8221; no Brasil, afirmam juristas<br><\/span><\/strong>A hipertrofia do Poder Judici\u00e1rio e o ativismo judicial no STF n\u00e3o s\u00e3o responsabilidade somente de ministros da Corte: o Congresso tamb\u00e9m tem grande parcela de culpa, dizem os juristas consultados pela reportagem. Para Pedro Moreira, &#8220;\u00e9 bem prov\u00e1vel que o Brasil seja o maior exemplo&#8221; mundial do fen\u00f4meno da juristocracia. &#8220;Falamos muito no STF. Mas a hipertrofia \u00e9 generalizada. Os poderes n\u00e3o eleitos t\u00eam um poder pol\u00edtico completamente contraindicado em uma democracia. Creio que n\u00e3o exagero ao dizer que hoje, no Brasil, uma recomenda\u00e7\u00e3o do Minist\u00e9rio P\u00fablico est\u00e1 valendo mais que a pr\u00f3pria lei&#8221;, comenta.<br>Segundo ele, a in\u00e9rcia dos parlamentares \u00e9 uma das causas da juristocracia no Brasil. O fen\u00f4meno acaba fomentando um Legislativo que muitas vezes prop\u00f5e, por demagogia, aquilo que sabe que n\u00e3o vai avan\u00e7ar e que, ao mesmo tempo, fica omisso quando deveria agir. O resultado \u00e9 um Congresso com duas caracter\u00edsticas: a temeridade e a covardia.<\/p>\n\n\n\n<div class=\"wp-block-image\"><figure class=\"aligncenter size-large is-resized\"><img loading=\"lazy\" decoding=\"async\" src=\"https:\/\/jornalfatosenoticias.com.br\/wp-content\/uploads\/2022\/02\/Banner-2.png\" alt=\"\" class=\"wp-image-27877\" width=\"284\" height=\"237\"\/><\/figure><\/div>\n\n\n\n<blockquote class=\"wp-block-quote is-layout-flow wp-block-quote-is-layout-flow\"><p><span class=\"has-inline-color has-luminous-vivid-orange-color\">Se o poder de fato est\u00e1 concentrado no Judici\u00e1rio, o legislador pode, por demagogia, propor coisas absurdas, porque o juiz as derrubar\u00e1. Isso \u00e9 temeridade. Mas o legislador tamb\u00e9m pode \u2014 precisamente porque sabe que, no final do dia, quem decide \u00e9 o tribunal \u2014 deixar de deliberar sobre temas delicados e impopulares. E isso \u00e9 covardia&#8221;, observa.<\/span><\/p><\/blockquote>\n\n\n\n<p>Soares da Costa tamb\u00e9m acredita que o Congresso \u00e9 culpado da juristocracia no Brasil. Uma das evid\u00eancias disso \u00e9 que o Legislativo delega fun\u00e7\u00f5es ao STF: muitas quest\u00f5es que deveriam ser resolvidas no \u00e2mbito parlamentar t\u00eam sido levadas ao Judici\u00e1rio. &#8220;A sa\u00edda da juristocracia \u00e9 o parlamento chamar para si o protagonismo do processo dial\u00f3gico na pol\u00edtica. O problema \u00e9 que as minorias circunstanciais do parlamento, quando perdiam as suas discuss\u00f5es no \u00e2mbito do debate parlamentar, passaram a levar o termo ao Judici\u00e1rio. As pr\u00f3prias minorias dizem: eu n\u00e3o creio no parlamento. E, na medida em que o Congresso nacional perdeu o seu autorrespeito, o pr\u00f3prio conceito de imunidade parlamentar passou a ser esvaziado. Esse \u00e9 um dos sintomas muito claros da fragilidade do parlamento&#8221;.<\/p>\n\n\n\n<div class=\"wp-block-image\"><figure class=\"aligncenter size-large is-resized\"><img loading=\"lazy\" decoding=\"async\" src=\"https:\/\/jornalfatosenoticias.com.br\/wp-content\/uploads\/2023\/03\/nova-logo-Marquetti.jpg\" alt=\"\" class=\"wp-image-40207\" width=\"352\" height=\"236\" srcset=\"https:\/\/jornalfatosenoticias.com.br\/wp-content\/uploads\/2023\/03\/nova-logo-Marquetti.jpg 643w, https:\/\/jornalfatosenoticias.com.br\/wp-content\/uploads\/2023\/03\/nova-logo-Marquetti-300x202.jpg 300w\" sizes=\"auto, (max-width: 352px) 100vw, 352px\" \/><\/figure><\/div>\n\n\n\n<p><strong><span class=\"has-inline-color has-black-color\">Omiss\u00e3o da classe jur\u00eddica sobre o STF tem paralelo na Alemanha nazista<br><\/span><\/strong>A escassa rea\u00e7\u00e3o da classe jur\u00eddica contra os abusos do STF tem paralelo na Alemanha nazista, de acordo com Ludmila Lins Grilo. Para ela, a omiss\u00e3o de muitos juristas renomados e de \u00f3rg\u00e3os de classe como a Ordem dos Advogados do Brasil (OAB) sobre as medidas autorit\u00e1rias do Supremo recorda um fen\u00f4meno que ocorreu com os nazistas no poder.<\/p>\n\n\n\n<blockquote class=\"wp-block-quote is-layout-flow wp-block-quote-is-layout-flow\"><p><span class=\"has-inline-color has-luminous-vivid-orange-color\">O sil\u00eancio do meio jur\u00eddico \u00e9 um dos elementos caracterizadores de ditaduras. Vou dar um exemplo: no livro &#8216;Hitler e os Alem\u00e3es&#8217;, do fil\u00f3sofo Eric Voegelin, h\u00e1 uma parte em que o autor diz que ap\u00f3s o regime de Hitler, ap\u00f3s a queda do nacional-socialismo, ele come\u00e7ou a circular pelas bibliotecas na Alemanha procurando escritos dos juristas da \u00e9poca para saber o que eles escreveram durante o nacional-socialismo, durante os horrores do nazismo, o que esses juristas escreveram [sobre o regime]. E ele percebeu o seguinte: praticamente n\u00e3o havia nada&#8221;, relata Ludmila.<\/span><\/p><\/blockquote>\n\n\n\n<div class=\"wp-block-image\"><figure class=\"aligncenter size-large is-resized\"><img loading=\"lazy\" decoding=\"async\" src=\"https:\/\/jornalfatosenoticias.com.br\/wp-content\/uploads\/2022\/02\/FERRARI_MAQUINAS-E-FERRAMENTAS2.jpg\" alt=\"\" class=\"wp-image-27860\" width=\"281\" height=\"234\"\/><\/figure><\/div>\n\n\n\n<p>Na vis\u00e3o dela, &#8220;o que est\u00e1 acontecendo no Brasil hoje \u00e9 exatamente esse fen\u00f4meno da omiss\u00e3o dos juristas em escrever, em falar sobre o que est\u00e1 acontecendo em tempo real&#8221;. &#8220;Isso \u00e9 uma caracter\u00edstica de ditadura. J\u00e1 aconteceu na Alemanha e est\u00e1 acontecendo no Brasil hoje&#8221;.<br>No livro em quest\u00e3o, Voegelin relata: &#8220;Pedi a membros do Instituto para fazerem uma pesquisa para investigar se, em monografias ou ensaios longos, os professores de Direito alem\u00e3es haviam tomado uma posi\u00e7\u00e3o diante dos julgamentos dos crimes nacional-socialistas. H\u00e1 alguma literatura acerca dessa quest\u00e3o? O resultado da pesquisa \u00e9 este: professores de Filosofia do Direito e de Direito P\u00fablico n\u00e3o se expressaram em monografias acerca dos julgamentos dos Einsatzgruppen, ou seja, desses assassinatos em massa&#8221;.<\/p>\n\n\n\n<div class=\"wp-block-image\"><figure class=\"aligncenter size-large is-resized\"><img loading=\"lazy\" decoding=\"async\" src=\"https:\/\/jornalfatosenoticias.com.br\/wp-content\/uploads\/2023\/04\/Logo_MasterMind.jpg\" alt=\"\" class=\"wp-image-40974\" width=\"293\" height=\"213\"\/><\/figure><\/div>\n\n\n\n<p><strong><span class=\"has-inline-color has-black-color\">Atmosfera de medo no Brasil \u00e9 caracter\u00edstica de regime autorit\u00e1rio, dizem analistas<br><\/span><\/strong>O temor de deputados, senadores, jornalistas, influenciadores digitais e juristas de manifestar suas cr\u00edticas sobre a atua\u00e7\u00e3o de membros do Poder Judici\u00e1rio evidencia a crise da liberdade de express\u00e3o, e \u00e9 uma caracter\u00edstica de regimes autorit\u00e1rios, dizem os analistas entrevistados pela <strong><span class=\"has-inline-color has-black-color\">Gazeta do Povo.<\/span><\/strong><br>At\u00e9 mesmo em um ambiente como o Congresso, em que a Constitui\u00e7\u00e3o prev\u00ea imunidade justamente para permitir discuss\u00f5es abertas sobre quest\u00f5es de interesse p\u00fablico sem receio de a\u00e7\u00f5es legais, a autocensura por temor \u00e9 crescente.<\/p>\n\n\n\n<blockquote class=\"wp-block-quote is-layout-flow wp-block-quote-is-layout-flow\"><p><span class=\"has-inline-color has-luminous-vivid-orange-color\">H\u00e1 uma atmosfera de medo. H\u00e1, especialmente no flanco da direita, um temor. Conversei com v\u00e1rios assessores de deputados que expressam isso&#8221;, diz Luiz Carlos Ramiro Jr.<\/span><\/p><\/blockquote>\n\n\n\n<div class=\"wp-block-image\"><figure class=\"aligncenter size-large is-resized\"><img loading=\"lazy\" decoding=\"async\" src=\"https:\/\/jornalfatosenoticias.com.br\/wp-content\/uploads\/2023\/03\/Crypton-1000-\u00d7-900-px-300x270-1.png\" alt=\"\" class=\"wp-image-40206\" width=\"278\" height=\"250\"\/><\/figure><\/div>\n\n\n\n<p>Em maio, ap\u00f3s a participa\u00e7\u00e3o em uma comiss\u00e3o parlamentar que discutia a censura no Brasil, <a href=\"https:\/\/www.gazetadopovo.com.br\/vida-e-cidadania\/breves\/youtube-bane-videos-de-influenciadora-da-direita-apos-ordem-judicial\/?ref=link-interno-materia\">a youtuber B\u00e1rbara Destefani, do canal Te Atualizei, foi censurada no YouTube.<\/a> &#8220;H\u00e1 essa atmosfera de receio de expressar algo, de escrever algo, de falar algo, mesmo dentro de esferas de debate p\u00fablico \u2014 como no caso da youtuber B\u00e1rbara. Mesmo sendo em um ambiente de debate p\u00fablico, ela foi punida pelo que falou, quando se pressup\u00f5e que naquele ambiente h\u00e1 especial liberdade de fala para quem for convidado&#8221;.<br>Ludmila Lins Grilo destaca que o temor de se expressar \u00e9 uma marca de ditaduras. &#8220;Uma das caracter\u00edsticas dos regimes autorit\u00e1rios, dos sistemas tir\u00e2nicos, \u00e9 justamente o imp\u00e9rio do medo. Hoje em dia n\u00f3s vemos que as pessoas, at\u00e9 aquelas que n\u00e3o s\u00e3o famosas, n\u00e3o s\u00e3o influenciadoras, n\u00e3o t\u00eam milh\u00f5es de seguidores, t\u00eam medo de se manifestar nas redes sociais, medo de falar. Esse medo generalizado \u00e9 um dos elementos que caracterizam regimes ditatoriais&#8221;.<\/p>\n\n\n\n<p><strong><em>Fonte: <a href=\"https:\/\/www.gazetadopovo.com.br\/vida-e-cidadania\/e-exagerado-dizer-que-o-brasil-esta-em-um-regime-autoritario\/?ref=mais-comentadas\">Gazeta do Povo<\/a><\/em><\/strong><\/p>\n","protected":false},"excerpt":{"rendered":"<p>A hipertrofia do Poder Judici\u00e1rio \u00e9 um dos principais elementos da crise democr\u00e1tica no Brasil Por Leonardo Desideri Decis\u00f5es arbitr\u00e1rias de censura, puni\u00e7\u00f5es a opositores, disfun\u00e7\u00e3o do &#8220;sistema de freios e contrapesos&#8221;, viola\u00e7\u00e3o dos direitos humanos, controle de narrativas e atmosfera de medo \u2014 caracter\u00edsticas t\u00edpicas de um regime autorit\u00e1rio \u2014 viraram realidade no Brasil [&hellip;]<\/p>\n","protected":false},"author":2,"featured_media":42536,"comment_status":"open","ping_status":"open","sticky":false,"template":"","format":"standard","meta":{"footnotes":""},"categories":[10],"tags":[16296,13351,597,2149,20005,17928,20006,20004],"class_list":["post-42535","post","type-post","status-publish","format-standard","has-post-thumbnail","hentry","category-politica","tag-arbitrariedade","tag-autoritarismo","tag-brasil","tag-censura","tag-crise-democratica-no-brasil","tag-estado-de-excecao","tag-punicao-a-opositores","tag-regime-autoritario"],"yoast_head":"<!-- This site is optimized with the Yoast SEO plugin v26.5 - https:\/\/yoast.com\/wordpress\/plugins\/seo\/ -->\n<title>\u00c9 exagerado dizer que o Brasil est\u00e1 em um regime autorit\u00e1rio? - Jornal Fatos e Not\u00edcias<\/title>\n<meta name=\"robots\" content=\"index, follow, max-snippet:-1, max-image-preview:large, max-video-preview:-1\" \/>\n<link rel=\"canonical\" href=\"https:\/\/jornalfatosenoticias.com.br\/index.php\/2023\/06\/19\/e-exagerado-dizer-que-o-brasil-esta-em-um-regime-autoritario\/\" \/>\n<meta property=\"og:locale\" content=\"pt_BR\" \/>\n<meta property=\"og:type\" content=\"article\" \/>\n<meta property=\"og:title\" content=\"\u00c9 exagerado dizer que o Brasil est\u00e1 em um regime autorit\u00e1rio? - Jornal Fatos e Not\u00edcias\" \/>\n<meta property=\"og:description\" content=\"A hipertrofia do Poder Judici\u00e1rio \u00e9 um dos principais elementos da crise democr\u00e1tica no Brasil Por Leonardo Desideri Decis\u00f5es arbitr\u00e1rias de censura, puni\u00e7\u00f5es a opositores, disfun\u00e7\u00e3o do &#8220;sistema de freios e contrapesos&#8221;, viola\u00e7\u00e3o dos direitos humanos, controle de narrativas e atmosfera de medo \u2014 caracter\u00edsticas t\u00edpicas de um regime autorit\u00e1rio \u2014 viraram realidade no Brasil [&hellip;]\" \/>\n<meta property=\"og:url\" content=\"https:\/\/jornalfatosenoticias.com.br\/index.php\/2023\/06\/19\/e-exagerado-dizer-que-o-brasil-esta-em-um-regime-autoritario\/\" \/>\n<meta property=\"og:site_name\" content=\"Jornal Fatos e Not\u00edcias\" \/>\n<meta property=\"article:published_time\" content=\"2023-06-19T15:57:53+00:00\" \/>\n<meta property=\"article:modified_time\" content=\"2023-06-19T15:57:54+00:00\" \/>\n<meta property=\"og:image\" content=\"https:\/\/jornalfatosenoticias.com.br\/wp-content\/uploads\/2023\/06\/protesto-em-brasilia-stf-foto-fellipe-sampaio.jpeg\" \/>\n\t<meta property=\"og:image:width\" content=\"1000\" \/>\n\t<meta property=\"og:image:height\" content=\"562\" \/>\n\t<meta property=\"og:image:type\" content=\"image\/jpeg\" \/>\n<meta name=\"author\" content=\"Luzimara Fernandes\" \/>\n<meta name=\"twitter:card\" content=\"summary_large_image\" \/>\n<meta name=\"twitter:label1\" content=\"Escrito por\" \/>\n\t<meta name=\"twitter:data1\" content=\"Luzimara Fernandes\" \/>\n\t<meta name=\"twitter:label2\" content=\"Est. tempo de leitura\" \/>\n\t<meta name=\"twitter:data2\" content=\"14 minutos\" \/>\n<script type=\"application\/ld+json\" class=\"yoast-schema-graph\">{\"@context\":\"https:\/\/schema.org\",\"@graph\":[{\"@type\":\"Article\",\"@id\":\"https:\/\/jornalfatosenoticias.com.br\/index.php\/2023\/06\/19\/e-exagerado-dizer-que-o-brasil-esta-em-um-regime-autoritario\/#article\",\"isPartOf\":{\"@id\":\"https:\/\/jornalfatosenoticias.com.br\/index.php\/2023\/06\/19\/e-exagerado-dizer-que-o-brasil-esta-em-um-regime-autoritario\/\"},\"author\":{\"name\":\"Luzimara Fernandes\",\"@id\":\"https:\/\/jornalfatosenoticias.com.br\/#\/schema\/person\/d63837fa13ac8666eb9e74e0985d6f81\"},\"headline\":\"\u00c9 exagerado dizer que o Brasil est\u00e1 em um regime autorit\u00e1rio?\",\"datePublished\":\"2023-06-19T15:57:53+00:00\",\"dateModified\":\"2023-06-19T15:57:54+00:00\",\"mainEntityOfPage\":{\"@id\":\"https:\/\/jornalfatosenoticias.com.br\/index.php\/2023\/06\/19\/e-exagerado-dizer-que-o-brasil-esta-em-um-regime-autoritario\/\"},\"wordCount\":2782,\"commentCount\":0,\"publisher\":{\"@id\":\"https:\/\/jornalfatosenoticias.com.br\/#organization\"},\"image\":{\"@id\":\"https:\/\/jornalfatosenoticias.com.br\/index.php\/2023\/06\/19\/e-exagerado-dizer-que-o-brasil-esta-em-um-regime-autoritario\/#primaryimage\"},\"thumbnailUrl\":\"https:\/\/jornalfatosenoticias.com.br\/wp-content\/uploads\/2023\/06\/protesto-em-brasilia-stf-foto-fellipe-sampaio.jpeg\",\"keywords\":[\"arbitrariedade\",\"autoritarismo\",\"Brasil\",\"censura\",\"crise democr\u00e1tica no Brasil\",\"Estado de exce\u00e7\u00e3o\",\"puni\u00e7\u00e3o a opositores\",\"regime autorit\u00e1rio\"],\"articleSection\":[\"Pol\u00edtica\"],\"inLanguage\":\"pt-BR\",\"potentialAction\":[{\"@type\":\"CommentAction\",\"name\":\"Comment\",\"target\":[\"https:\/\/jornalfatosenoticias.com.br\/index.php\/2023\/06\/19\/e-exagerado-dizer-que-o-brasil-esta-em-um-regime-autoritario\/#respond\"]}]},{\"@type\":\"WebPage\",\"@id\":\"https:\/\/jornalfatosenoticias.com.br\/index.php\/2023\/06\/19\/e-exagerado-dizer-que-o-brasil-esta-em-um-regime-autoritario\/\",\"url\":\"https:\/\/jornalfatosenoticias.com.br\/index.php\/2023\/06\/19\/e-exagerado-dizer-que-o-brasil-esta-em-um-regime-autoritario\/\",\"name\":\"\u00c9 exagerado dizer que o Brasil est\u00e1 em um regime autorit\u00e1rio? - Jornal Fatos e Not\u00edcias\",\"isPartOf\":{\"@id\":\"https:\/\/jornalfatosenoticias.com.br\/#website\"},\"primaryImageOfPage\":{\"@id\":\"https:\/\/jornalfatosenoticias.com.br\/index.php\/2023\/06\/19\/e-exagerado-dizer-que-o-brasil-esta-em-um-regime-autoritario\/#primaryimage\"},\"image\":{\"@id\":\"https:\/\/jornalfatosenoticias.com.br\/index.php\/2023\/06\/19\/e-exagerado-dizer-que-o-brasil-esta-em-um-regime-autoritario\/#primaryimage\"},\"thumbnailUrl\":\"https:\/\/jornalfatosenoticias.com.br\/wp-content\/uploads\/2023\/06\/protesto-em-brasilia-stf-foto-fellipe-sampaio.jpeg\",\"datePublished\":\"2023-06-19T15:57:53+00:00\",\"dateModified\":\"2023-06-19T15:57:54+00:00\",\"breadcrumb\":{\"@id\":\"https:\/\/jornalfatosenoticias.com.br\/index.php\/2023\/06\/19\/e-exagerado-dizer-que-o-brasil-esta-em-um-regime-autoritario\/#breadcrumb\"},\"inLanguage\":\"pt-BR\",\"potentialAction\":[{\"@type\":\"ReadAction\",\"target\":[\"https:\/\/jornalfatosenoticias.com.br\/index.php\/2023\/06\/19\/e-exagerado-dizer-que-o-brasil-esta-em-um-regime-autoritario\/\"]}]},{\"@type\":\"ImageObject\",\"inLanguage\":\"pt-BR\",\"@id\":\"https:\/\/jornalfatosenoticias.com.br\/index.php\/2023\/06\/19\/e-exagerado-dizer-que-o-brasil-esta-em-um-regime-autoritario\/#primaryimage\",\"url\":\"https:\/\/jornalfatosenoticias.com.br\/wp-content\/uploads\/2023\/06\/protesto-em-brasilia-stf-foto-fellipe-sampaio.jpeg\",\"contentUrl\":\"https:\/\/jornalfatosenoticias.com.br\/wp-content\/uploads\/2023\/06\/protesto-em-brasilia-stf-foto-fellipe-sampaio.jpeg\",\"width\":1000,\"height\":562},{\"@type\":\"BreadcrumbList\",\"@id\":\"https:\/\/jornalfatosenoticias.com.br\/index.php\/2023\/06\/19\/e-exagerado-dizer-que-o-brasil-esta-em-um-regime-autoritario\/#breadcrumb\",\"itemListElement\":[{\"@type\":\"ListItem\",\"position\":1,\"name\":\"In\u00edcio\",\"item\":\"https:\/\/jornalfatosenoticias.com.br\/\"},{\"@type\":\"ListItem\",\"position\":2,\"name\":\"\u00c9 exagerado dizer que o Brasil est\u00e1 em um regime autorit\u00e1rio?\"}]},{\"@type\":\"WebSite\",\"@id\":\"https:\/\/jornalfatosenoticias.com.br\/#website\",\"url\":\"https:\/\/jornalfatosenoticias.com.br\/\",\"name\":\"Jornal Fatos e Not\u00edcias\",\"description\":\"Not\u00edcias em geral\",\"publisher\":{\"@id\":\"https:\/\/jornalfatosenoticias.com.br\/#organization\"},\"potentialAction\":[{\"@type\":\"SearchAction\",\"target\":{\"@type\":\"EntryPoint\",\"urlTemplate\":\"https:\/\/jornalfatosenoticias.com.br\/?s={search_term_string}\"},\"query-input\":{\"@type\":\"PropertyValueSpecification\",\"valueRequired\":true,\"valueName\":\"search_term_string\"}}],\"inLanguage\":\"pt-BR\"},{\"@type\":\"Organization\",\"@id\":\"https:\/\/jornalfatosenoticias.com.br\/#organization\",\"name\":\"Jornal Fatos e Not\u00edcias\",\"url\":\"https:\/\/jornalfatosenoticias.com.br\/\",\"logo\":{\"@type\":\"ImageObject\",\"inLanguage\":\"pt-BR\",\"@id\":\"https:\/\/jornalfatosenoticias.com.br\/#\/schema\/logo\/image\/\",\"url\":\"https:\/\/jornalfatosenoticias.com.br\/wp-content\/uploads\/2020\/02\/logo120.png\",\"contentUrl\":\"https:\/\/jornalfatosenoticias.com.br\/wp-content\/uploads\/2020\/02\/logo120.png\",\"width\":1227,\"height\":120,\"caption\":\"Jornal Fatos e Not\u00edcias\"},\"image\":{\"@id\":\"https:\/\/jornalfatosenoticias.com.br\/#\/schema\/logo\/image\/\"}},{\"@type\":\"Person\",\"@id\":\"https:\/\/jornalfatosenoticias.com.br\/#\/schema\/person\/d63837fa13ac8666eb9e74e0985d6f81\",\"name\":\"Luzimara Fernandes\",\"image\":{\"@type\":\"ImageObject\",\"inLanguage\":\"pt-BR\",\"@id\":\"https:\/\/jornalfatosenoticias.com.br\/#\/schema\/person\/image\/\",\"url\":\"https:\/\/jornalfatosenoticias.com.br\/wp-content\/uploads\/2025\/05\/EU_portal.jpg\",\"contentUrl\":\"https:\/\/jornalfatosenoticias.com.br\/wp-content\/uploads\/2025\/05\/EU_portal.jpg\",\"caption\":\"Luzimara Fernandes\"},\"description\":\"Jornalista MTB 2358-ES\",\"sameAs\":[\"https:\/\/jornalfatosenoticias.com.br\"],\"url\":\"https:\/\/jornalfatosenoticias.com.br\/index.php\/author\/luzimara\/\"}]}<\/script>\n<!-- \/ Yoast SEO plugin. -->","yoast_head_json":{"title":"\u00c9 exagerado dizer que o Brasil est\u00e1 em um regime autorit\u00e1rio? - Jornal Fatos e Not\u00edcias","robots":{"index":"index","follow":"follow","max-snippet":"max-snippet:-1","max-image-preview":"max-image-preview:large","max-video-preview":"max-video-preview:-1"},"canonical":"https:\/\/jornalfatosenoticias.com.br\/index.php\/2023\/06\/19\/e-exagerado-dizer-que-o-brasil-esta-em-um-regime-autoritario\/","og_locale":"pt_BR","og_type":"article","og_title":"\u00c9 exagerado dizer que o Brasil est\u00e1 em um regime autorit\u00e1rio? - Jornal Fatos e Not\u00edcias","og_description":"A hipertrofia do Poder Judici\u00e1rio \u00e9 um dos principais elementos da crise democr\u00e1tica no Brasil Por Leonardo Desideri Decis\u00f5es arbitr\u00e1rias de censura, puni\u00e7\u00f5es a opositores, disfun\u00e7\u00e3o do &#8220;sistema de freios e contrapesos&#8221;, viola\u00e7\u00e3o dos direitos humanos, controle de narrativas e atmosfera de medo \u2014 caracter\u00edsticas t\u00edpicas de um regime autorit\u00e1rio \u2014 viraram realidade no Brasil [&hellip;]","og_url":"https:\/\/jornalfatosenoticias.com.br\/index.php\/2023\/06\/19\/e-exagerado-dizer-que-o-brasil-esta-em-um-regime-autoritario\/","og_site_name":"Jornal Fatos e Not\u00edcias","article_published_time":"2023-06-19T15:57:53+00:00","article_modified_time":"2023-06-19T15:57:54+00:00","og_image":[{"width":1000,"height":562,"url":"https:\/\/jornalfatosenoticias.com.br\/wp-content\/uploads\/2023\/06\/protesto-em-brasilia-stf-foto-fellipe-sampaio.jpeg","type":"image\/jpeg"}],"author":"Luzimara Fernandes","twitter_card":"summary_large_image","twitter_misc":{"Escrito por":"Luzimara Fernandes","Est. tempo de leitura":"14 minutos"},"schema":{"@context":"https:\/\/schema.org","@graph":[{"@type":"Article","@id":"https:\/\/jornalfatosenoticias.com.br\/index.php\/2023\/06\/19\/e-exagerado-dizer-que-o-brasil-esta-em-um-regime-autoritario\/#article","isPartOf":{"@id":"https:\/\/jornalfatosenoticias.com.br\/index.php\/2023\/06\/19\/e-exagerado-dizer-que-o-brasil-esta-em-um-regime-autoritario\/"},"author":{"name":"Luzimara Fernandes","@id":"https:\/\/jornalfatosenoticias.com.br\/#\/schema\/person\/d63837fa13ac8666eb9e74e0985d6f81"},"headline":"\u00c9 exagerado dizer que o Brasil est\u00e1 em um regime autorit\u00e1rio?","datePublished":"2023-06-19T15:57:53+00:00","dateModified":"2023-06-19T15:57:54+00:00","mainEntityOfPage":{"@id":"https:\/\/jornalfatosenoticias.com.br\/index.php\/2023\/06\/19\/e-exagerado-dizer-que-o-brasil-esta-em-um-regime-autoritario\/"},"wordCount":2782,"commentCount":0,"publisher":{"@id":"https:\/\/jornalfatosenoticias.com.br\/#organization"},"image":{"@id":"https:\/\/jornalfatosenoticias.com.br\/index.php\/2023\/06\/19\/e-exagerado-dizer-que-o-brasil-esta-em-um-regime-autoritario\/#primaryimage"},"thumbnailUrl":"https:\/\/jornalfatosenoticias.com.br\/wp-content\/uploads\/2023\/06\/protesto-em-brasilia-stf-foto-fellipe-sampaio.jpeg","keywords":["arbitrariedade","autoritarismo","Brasil","censura","crise democr\u00e1tica no Brasil","Estado de exce\u00e7\u00e3o","puni\u00e7\u00e3o a opositores","regime autorit\u00e1rio"],"articleSection":["Pol\u00edtica"],"inLanguage":"pt-BR","potentialAction":[{"@type":"CommentAction","name":"Comment","target":["https:\/\/jornalfatosenoticias.com.br\/index.php\/2023\/06\/19\/e-exagerado-dizer-que-o-brasil-esta-em-um-regime-autoritario\/#respond"]}]},{"@type":"WebPage","@id":"https:\/\/jornalfatosenoticias.com.br\/index.php\/2023\/06\/19\/e-exagerado-dizer-que-o-brasil-esta-em-um-regime-autoritario\/","url":"https:\/\/jornalfatosenoticias.com.br\/index.php\/2023\/06\/19\/e-exagerado-dizer-que-o-brasil-esta-em-um-regime-autoritario\/","name":"\u00c9 exagerado dizer que o Brasil est\u00e1 em um regime autorit\u00e1rio? - Jornal Fatos e Not\u00edcias","isPartOf":{"@id":"https:\/\/jornalfatosenoticias.com.br\/#website"},"primaryImageOfPage":{"@id":"https:\/\/jornalfatosenoticias.com.br\/index.php\/2023\/06\/19\/e-exagerado-dizer-que-o-brasil-esta-em-um-regime-autoritario\/#primaryimage"},"image":{"@id":"https:\/\/jornalfatosenoticias.com.br\/index.php\/2023\/06\/19\/e-exagerado-dizer-que-o-brasil-esta-em-um-regime-autoritario\/#primaryimage"},"thumbnailUrl":"https:\/\/jornalfatosenoticias.com.br\/wp-content\/uploads\/2023\/06\/protesto-em-brasilia-stf-foto-fellipe-sampaio.jpeg","datePublished":"2023-06-19T15:57:53+00:00","dateModified":"2023-06-19T15:57:54+00:00","breadcrumb":{"@id":"https:\/\/jornalfatosenoticias.com.br\/index.php\/2023\/06\/19\/e-exagerado-dizer-que-o-brasil-esta-em-um-regime-autoritario\/#breadcrumb"},"inLanguage":"pt-BR","potentialAction":[{"@type":"ReadAction","target":["https:\/\/jornalfatosenoticias.com.br\/index.php\/2023\/06\/19\/e-exagerado-dizer-que-o-brasil-esta-em-um-regime-autoritario\/"]}]},{"@type":"ImageObject","inLanguage":"pt-BR","@id":"https:\/\/jornalfatosenoticias.com.br\/index.php\/2023\/06\/19\/e-exagerado-dizer-que-o-brasil-esta-em-um-regime-autoritario\/#primaryimage","url":"https:\/\/jornalfatosenoticias.com.br\/wp-content\/uploads\/2023\/06\/protesto-em-brasilia-stf-foto-fellipe-sampaio.jpeg","contentUrl":"https:\/\/jornalfatosenoticias.com.br\/wp-content\/uploads\/2023\/06\/protesto-em-brasilia-stf-foto-fellipe-sampaio.jpeg","width":1000,"height":562},{"@type":"BreadcrumbList","@id":"https:\/\/jornalfatosenoticias.com.br\/index.php\/2023\/06\/19\/e-exagerado-dizer-que-o-brasil-esta-em-um-regime-autoritario\/#breadcrumb","itemListElement":[{"@type":"ListItem","position":1,"name":"In\u00edcio","item":"https:\/\/jornalfatosenoticias.com.br\/"},{"@type":"ListItem","position":2,"name":"\u00c9 exagerado dizer que o Brasil est\u00e1 em um regime autorit\u00e1rio?"}]},{"@type":"WebSite","@id":"https:\/\/jornalfatosenoticias.com.br\/#website","url":"https:\/\/jornalfatosenoticias.com.br\/","name":"Jornal Fatos e Not\u00edcias","description":"Not\u00edcias em geral","publisher":{"@id":"https:\/\/jornalfatosenoticias.com.br\/#organization"},"potentialAction":[{"@type":"SearchAction","target":{"@type":"EntryPoint","urlTemplate":"https:\/\/jornalfatosenoticias.com.br\/?s={search_term_string}"},"query-input":{"@type":"PropertyValueSpecification","valueRequired":true,"valueName":"search_term_string"}}],"inLanguage":"pt-BR"},{"@type":"Organization","@id":"https:\/\/jornalfatosenoticias.com.br\/#organization","name":"Jornal Fatos e Not\u00edcias","url":"https:\/\/jornalfatosenoticias.com.br\/","logo":{"@type":"ImageObject","inLanguage":"pt-BR","@id":"https:\/\/jornalfatosenoticias.com.br\/#\/schema\/logo\/image\/","url":"https:\/\/jornalfatosenoticias.com.br\/wp-content\/uploads\/2020\/02\/logo120.png","contentUrl":"https:\/\/jornalfatosenoticias.com.br\/wp-content\/uploads\/2020\/02\/logo120.png","width":1227,"height":120,"caption":"Jornal Fatos e Not\u00edcias"},"image":{"@id":"https:\/\/jornalfatosenoticias.com.br\/#\/schema\/logo\/image\/"}},{"@type":"Person","@id":"https:\/\/jornalfatosenoticias.com.br\/#\/schema\/person\/d63837fa13ac8666eb9e74e0985d6f81","name":"Luzimara Fernandes","image":{"@type":"ImageObject","inLanguage":"pt-BR","@id":"https:\/\/jornalfatosenoticias.com.br\/#\/schema\/person\/image\/","url":"https:\/\/jornalfatosenoticias.com.br\/wp-content\/uploads\/2025\/05\/EU_portal.jpg","contentUrl":"https:\/\/jornalfatosenoticias.com.br\/wp-content\/uploads\/2025\/05\/EU_portal.jpg","caption":"Luzimara Fernandes"},"description":"Jornalista MTB 2358-ES","sameAs":["https:\/\/jornalfatosenoticias.com.br"],"url":"https:\/\/jornalfatosenoticias.com.br\/index.php\/author\/luzimara\/"}]}},"cc_featured_image_caption":{"caption_text":"(Foto: Fellipe Sampaio\/STF) ","source_text":"","source_url":""},"jetpack_featured_media_url":"https:\/\/jornalfatosenoticias.com.br\/wp-content\/uploads\/2023\/06\/protesto-em-brasilia-stf-foto-fellipe-sampaio.jpeg","_links":{"self":[{"href":"https:\/\/jornalfatosenoticias.com.br\/index.php\/wp-json\/wp\/v2\/posts\/42535","targetHints":{"allow":["GET"]}}],"collection":[{"href":"https:\/\/jornalfatosenoticias.com.br\/index.php\/wp-json\/wp\/v2\/posts"}],"about":[{"href":"https:\/\/jornalfatosenoticias.com.br\/index.php\/wp-json\/wp\/v2\/types\/post"}],"author":[{"embeddable":true,"href":"https:\/\/jornalfatosenoticias.com.br\/index.php\/wp-json\/wp\/v2\/users\/2"}],"replies":[{"embeddable":true,"href":"https:\/\/jornalfatosenoticias.com.br\/index.php\/wp-json\/wp\/v2\/comments?post=42535"}],"version-history":[{"count":0,"href":"https:\/\/jornalfatosenoticias.com.br\/index.php\/wp-json\/wp\/v2\/posts\/42535\/revisions"}],"wp:featuredmedia":[{"embeddable":true,"href":"https:\/\/jornalfatosenoticias.com.br\/index.php\/wp-json\/wp\/v2\/media\/42536"}],"wp:attachment":[{"href":"https:\/\/jornalfatosenoticias.com.br\/index.php\/wp-json\/wp\/v2\/media?parent=42535"}],"wp:term":[{"taxonomy":"category","embeddable":true,"href":"https:\/\/jornalfatosenoticias.com.br\/index.php\/wp-json\/wp\/v2\/categories?post=42535"},{"taxonomy":"post_tag","embeddable":true,"href":"https:\/\/jornalfatosenoticias.com.br\/index.php\/wp-json\/wp\/v2\/tags?post=42535"}],"curies":[{"name":"wp","href":"https:\/\/api.w.org\/{rel}","templated":true}]}}