{"id":42583,"date":"2023-06-20T14:26:49","date_gmt":"2023-06-20T17:26:49","guid":{"rendered":"https:\/\/jornalfatosenoticias.com.br\/?p=42583"},"modified":"2023-06-20T14:26:51","modified_gmt":"2023-06-20T17:26:51","slug":"o-sonho-do-pobre-no-nordeste-e-ser-pobre-no-sul-diz-ministro-de-lula","status":"publish","type":"post","link":"https:\/\/jornalfatosenoticias.com.br\/index.php\/2023\/06\/20\/o-sonho-do-pobre-no-nordeste-e-ser-pobre-no-sul-diz-ministro-de-lula\/","title":{"rendered":"\u2018O sonho do pobre no Nordeste \u00e9 ser pobre no Sul\u2019, diz ministro de Lula"},"content":{"rendered":"\n<p><span class=\"has-inline-color has-black-color\"><em>Declara\u00e7\u00e3o de Jos\u00e9 M\u00facio foi feita em evento sobre defesa e seguran\u00e7a<\/em><\/span><\/p>\n\n\n\n<div class=\"wp-block-image\"><figure class=\"aligncenter size-large\"><img loading=\"lazy\" decoding=\"async\" width=\"1024\" height=\"100\" src=\"https:\/\/jornalfatosenoticias.com.br\/wp-content\/uploads\/2022\/05\/NOVA-LOGO-CESCONETTO-1024x100.jpg\" alt=\"\" class=\"wp-image-30792\" srcset=\"https:\/\/jornalfatosenoticias.com.br\/wp-content\/uploads\/2022\/05\/NOVA-LOGO-CESCONETTO-1024x100.jpg 1024w, https:\/\/jornalfatosenoticias.com.br\/wp-content\/uploads\/2022\/05\/NOVA-LOGO-CESCONETTO-300x29.jpg 300w, https:\/\/jornalfatosenoticias.com.br\/wp-content\/uploads\/2022\/05\/NOVA-LOGO-CESCONETTO-768x75.jpg 768w, https:\/\/jornalfatosenoticias.com.br\/wp-content\/uploads\/2022\/05\/NOVA-LOGO-CESCONETTO.jpg 1280w\" sizes=\"auto, (max-width: 1024px) 100vw, 1024px\" \/><\/figure><\/div>\n\n\n\n<p>O\u00a0<strong><a href=\"https:\/\/www.gov.br\/defesa\/pt-br\" target=\"_blank\" rel=\"noreferrer noopener\">ministro da Defesa<\/a><\/strong>\u00a0do governo Lula, Jos\u00e9 M\u00facio Monteiro, afirmou que o sonho do pobre do Nordeste \u00e9 ser pobre no Sul. A declara\u00e7\u00e3o foi dada em palestra nesta segunda-feira (19) durante o painel \u201cDefesa Nacional, presente e futuro do Brasil\u201d, realizado pelo Instituto para Reforma das Rela\u00e7\u00f5es entre Estado e Empresa (IREE).<br>O v\u00eddeo foi disponibilizado no YouTube e a fala de M\u00facio est\u00e1 a partir de 32 minutos.<\/p>\n\n\n\n<div class=\"wp-block-image\"><figure class=\"aligncenter size-large is-resized\"><img loading=\"lazy\" decoding=\"async\" src=\"https:\/\/jornalfatosenoticias.com.br\/wp-content\/uploads\/2023\/03\/logo_Juliana-Graca.jpg\" alt=\"\" class=\"wp-image-39283\" width=\"259\" height=\"192\"\/><\/figure><\/div>\n\n\n\n<figure class=\"wp-block-embed-youtube wp-block-embed is-type-video is-provider-youtube wp-embed-aspect-16-9 wp-has-aspect-ratio\"><div class=\"wp-block-embed__wrapper\">\n<iframe loading=\"lazy\" title=\"Defesa Nacional, presente e futuro do Brasil\" width=\"660\" height=\"371\" src=\"https:\/\/www.youtube.com\/embed\/JtAUuIGnZMA?start=1&#038;feature=oembed\" frameborder=\"0\" allow=\"accelerometer; autoplay; clipboard-write; encrypted-media; gyroscope; picture-in-picture; web-share\" referrerpolicy=\"strict-origin-when-cross-origin\" allowfullscreen><\/iframe>\n<\/div><\/figure>\n\n\n\n<p>Na fala, o ministro defendeu a uni\u00e3o entre \u201cvencedores e vencidos\u201d para dar solu\u00e7\u00e3o aos problemas econ\u00f4micos e sociais do Pa\u00eds.<\/p>\n\n\n\n<div class=\"wp-block-image\"><figure class=\"aligncenter size-large is-resized\"><img loading=\"lazy\" decoding=\"async\" src=\"https:\/\/jornalfatosenoticias.com.br\/wp-content\/uploads\/2020\/02\/casa-do-torresmo_portal.jpg\" alt=\"\" class=\"wp-image-34472\" width=\"259\" height=\"259\" srcset=\"https:\/\/jornalfatosenoticias.com.br\/wp-content\/uploads\/2020\/02\/casa-do-torresmo_portal.jpg 300w, https:\/\/jornalfatosenoticias.com.br\/wp-content\/uploads\/2020\/02\/casa-do-torresmo_portal-150x150.jpg 150w\" sizes=\"auto, (max-width: 259px) 100vw, 259px\" \/><\/figure><\/div>\n\n\n\n<blockquote class=\"wp-block-quote is-layout-flow wp-block-quote-is-layout-flow\"><p><span class=\"has-inline-color has-luminous-vivid-orange-color\">Esse Pa\u00eds \u00e9 um continente. Digo muito que n\u00f3s somos cinco pa\u00edses, nem os pobres s\u00e3o os mesmos neste Pa\u00eds. O sonho do pobre no Nordeste \u00e9 ser pobre no Sul, que vai viver numa regi\u00e3o diferente\u201d, declarou <strong><a href=\"https:\/\/revistaoeste.com\/tag\/jose-mucio\/\" target=\"_blank\" rel=\"noreferrer noopener\">Jos\u00e9 M\u00facio<\/a><\/strong>.<\/span><\/p><\/blockquote>\n\n\n\n<div class=\"wp-block-image\"><figure class=\"aligncenter size-large is-resized\"><img loading=\"lazy\" decoding=\"async\" src=\"https:\/\/jornalfatosenoticias.com.br\/wp-content\/uploads\/2023\/03\/nova-logo-Marquetti.jpg\" alt=\"\" class=\"wp-image-40207\" width=\"267\" height=\"179\" srcset=\"https:\/\/jornalfatosenoticias.com.br\/wp-content\/uploads\/2023\/03\/nova-logo-Marquetti.jpg 643w, https:\/\/jornalfatosenoticias.com.br\/wp-content\/uploads\/2023\/03\/nova-logo-Marquetti-300x202.jpg 300w\" sizes=\"auto, (max-width: 267px) 100vw, 267px\" \/><\/figure><\/div>\n\n\n\n<p>Ministro de Lula descartou exist\u00eancia de l\u00edder no 8 de janeiro<br>No mesmo evento, o ministro da Defesa tamb\u00e9m afirmou que n\u00e3o houve um \u201cgrande l\u00edder\u201d nos ataques de 8 de janeiro, em Bras\u00edlia, e tamb\u00e9m descartou a participa\u00e7\u00e3o das For\u00e7as Armadas.<\/p>\n\n\n\n<div class=\"wp-block-image\"><figure class=\"aligncenter size-large\"><img loading=\"lazy\" decoding=\"async\" width=\"300\" height=\"250\" src=\"https:\/\/jornalfatosenoticias.com.br\/wp-content\/uploads\/2022\/08\/arte-Casarao.jpg\" alt=\"\" class=\"wp-image-33178\"\/><\/figure><\/div>\n\n\n\n<blockquote class=\"wp-block-quote is-layout-flow wp-block-quote-is-layout-flow\"><p><span class=\"has-inline-color has-luminous-vivid-orange-color\">Havia vontades individuais que houvesse um golpe. Mas n\u00e3o havia um l\u00edder. Algum militar do Ex\u00e9rcito, algum militar da Aeron\u00e1utica, algum militar da Marinha queria golpe? Acredito que sim. Mas as pessoas que vieram para a Pra\u00e7a dos Tr\u00eas Poderes no dia 8 n\u00e3o sa\u00edram de l\u00e1 [dos acampamentos em frente ao quartel do Ex\u00e9rcito]. Foi gente de fora estimulada por irrespons\u00e1veis, baderneiros. As For\u00e7as Armadas n\u00e3o participaram\u201d, declarou.<\/span><\/p><\/blockquote>\n\n\n\n<div class=\"wp-block-image\"><figure class=\"aligncenter size-large is-resized\"><img loading=\"lazy\" decoding=\"async\" src=\"https:\/\/jornalfatosenoticias.com.br\/wp-content\/uploads\/2022\/10\/RC_800x750_page-0001.jpg\" alt=\"\" class=\"wp-image-35338\" width=\"254\" height=\"238\" srcset=\"https:\/\/jornalfatosenoticias.com.br\/wp-content\/uploads\/2022\/10\/RC_800x750_page-0001.jpg 400w, https:\/\/jornalfatosenoticias.com.br\/wp-content\/uploads\/2022\/10\/RC_800x750_page-0001-300x281.jpg 300w\" sizes=\"auto, (max-width: 254px) 100vw, 254px\" \/><\/figure><\/div>\n\n\n\n<p><strong><em>Fonte: <a href=\"https:\/\/revistaoeste.com\/politica\/o-sonho-do-pobre-no-nordeste-e-ser-pobre-no-sul-diz-ministro-de-lula\/\">Revista Oeste<\/a><\/em><\/strong><\/p>\n","protected":false},"excerpt":{"rendered":"<p>Declara\u00e7\u00e3o de Jos\u00e9 M\u00facio foi feita em evento sobre defesa e seguran\u00e7a O\u00a0ministro da Defesa\u00a0do governo Lula, Jos\u00e9 M\u00facio Monteiro, afirmou que o sonho do pobre do Nordeste \u00e9 ser pobre no Sul. A declara\u00e7\u00e3o foi dada em palestra nesta segunda-feira (19) durante o painel \u201cDefesa Nacional, presente e futuro do Brasil\u201d, realizado pelo Instituto [&hellip;]<\/p>\n","protected":false},"author":2,"featured_media":42585,"comment_status":"open","ping_status":"open","sticky":false,"template":"","format":"standard","meta":{"footnotes":""},"categories":[10],"tags":[597,20038,20039,18435,1202],"class_list":["post-42583","post","type-post","status-publish","format-standard","has-post-thumbnail","hentry","category-politica","tag-brasil","tag-jose-mucio","tag-ministerio-da-defesa","tag-ministro-de-lula","tag-pobreza"],"yoast_head":"<!-- This site is optimized with the Yoast SEO plugin v26.5 - https:\/\/yoast.com\/wordpress\/plugins\/seo\/ -->\n<title>\u2018O sonho do pobre no Nordeste \u00e9 ser pobre no Sul\u2019, diz ministro de Lula - Jornal Fatos e Not\u00edcias<\/title>\n<meta name=\"robots\" content=\"index, follow, max-snippet:-1, max-image-preview:large, max-video-preview:-1\" \/>\n<link rel=\"canonical\" href=\"https:\/\/jornalfatosenoticias.com.br\/index.php\/2023\/06\/20\/o-sonho-do-pobre-no-nordeste-e-ser-pobre-no-sul-diz-ministro-de-lula\/\" \/>\n<meta property=\"og:locale\" content=\"pt_BR\" \/>\n<meta property=\"og:type\" content=\"article\" \/>\n<meta property=\"og:title\" content=\"\u2018O sonho do pobre no Nordeste \u00e9 ser pobre no Sul\u2019, diz ministro de Lula - Jornal Fatos e Not\u00edcias\" \/>\n<meta property=\"og:description\" content=\"Declara\u00e7\u00e3o de Jos\u00e9 M\u00facio foi feita em evento sobre defesa e seguran\u00e7a O\u00a0ministro da Defesa\u00a0do governo Lula, Jos\u00e9 M\u00facio Monteiro, afirmou que o sonho do pobre do Nordeste \u00e9 ser pobre no Sul. A declara\u00e7\u00e3o foi dada em palestra nesta segunda-feira (19) durante o painel \u201cDefesa Nacional, presente e futuro do Brasil\u201d, realizado pelo Instituto [&hellip;]\" \/>\n<meta property=\"og:url\" content=\"https:\/\/jornalfatosenoticias.com.br\/index.php\/2023\/06\/20\/o-sonho-do-pobre-no-nordeste-e-ser-pobre-no-sul-diz-ministro-de-lula\/\" \/>\n<meta property=\"og:site_name\" content=\"Jornal Fatos e Not\u00edcias\" \/>\n<meta property=\"article:published_time\" content=\"2023-06-20T17:26:49+00:00\" \/>\n<meta property=\"article:modified_time\" content=\"2023-06-20T17:26:51+00:00\" \/>\n<meta property=\"og:image\" content=\"https:\/\/jornalfatosenoticias.com.br\/wp-content\/uploads\/2023\/06\/Jose-Mucio-Monteiro.jpg\" \/>\n\t<meta property=\"og:image:width\" content=\"1000\" \/>\n\t<meta property=\"og:image:height\" content=\"666\" \/>\n\t<meta property=\"og:image:type\" content=\"image\/jpeg\" \/>\n<meta name=\"author\" content=\"Luzimara Fernandes\" \/>\n<meta name=\"twitter:card\" content=\"summary_large_image\" \/>\n<meta name=\"twitter:label1\" content=\"Escrito por\" \/>\n\t<meta name=\"twitter:data1\" content=\"Luzimara Fernandes\" \/>\n\t<meta name=\"twitter:label2\" content=\"Est. tempo de leitura\" \/>\n\t<meta name=\"twitter:data2\" content=\"2 minutos\" \/>\n<script type=\"application\/ld+json\" class=\"yoast-schema-graph\">{\"@context\":\"https:\/\/schema.org\",\"@graph\":[{\"@type\":\"Article\",\"@id\":\"https:\/\/jornalfatosenoticias.com.br\/index.php\/2023\/06\/20\/o-sonho-do-pobre-no-nordeste-e-ser-pobre-no-sul-diz-ministro-de-lula\/#article\",\"isPartOf\":{\"@id\":\"https:\/\/jornalfatosenoticias.com.br\/index.php\/2023\/06\/20\/o-sonho-do-pobre-no-nordeste-e-ser-pobre-no-sul-diz-ministro-de-lula\/\"},\"author\":{\"name\":\"Luzimara Fernandes\",\"@id\":\"https:\/\/jornalfatosenoticias.com.br\/#\/schema\/person\/d63837fa13ac8666eb9e74e0985d6f81\"},\"headline\":\"\u2018O sonho do pobre no Nordeste \u00e9 ser pobre no Sul\u2019, diz ministro de Lula\",\"datePublished\":\"2023-06-20T17:26:49+00:00\",\"dateModified\":\"2023-06-20T17:26:51+00:00\",\"mainEntityOfPage\":{\"@id\":\"https:\/\/jornalfatosenoticias.com.br\/index.php\/2023\/06\/20\/o-sonho-do-pobre-no-nordeste-e-ser-pobre-no-sul-diz-ministro-de-lula\/\"},\"wordCount\":335,\"commentCount\":0,\"publisher\":{\"@id\":\"https:\/\/jornalfatosenoticias.com.br\/#organization\"},\"image\":{\"@id\":\"https:\/\/jornalfatosenoticias.com.br\/index.php\/2023\/06\/20\/o-sonho-do-pobre-no-nordeste-e-ser-pobre-no-sul-diz-ministro-de-lula\/#primaryimage\"},\"thumbnailUrl\":\"https:\/\/jornalfatosenoticias.com.br\/wp-content\/uploads\/2023\/06\/Jose-Mucio-Monteiro.jpg\",\"keywords\":[\"Brasil\",\"Jos\u00e9 M\u00facio\",\"Minist\u00e9rio da Defesa\",\"ministro de Lula\",\"pobreza\"],\"articleSection\":[\"Pol\u00edtica\"],\"inLanguage\":\"pt-BR\",\"potentialAction\":[{\"@type\":\"CommentAction\",\"name\":\"Comment\",\"target\":[\"https:\/\/jornalfatosenoticias.com.br\/index.php\/2023\/06\/20\/o-sonho-do-pobre-no-nordeste-e-ser-pobre-no-sul-diz-ministro-de-lula\/#respond\"]}]},{\"@type\":\"WebPage\",\"@id\":\"https:\/\/jornalfatosenoticias.com.br\/index.php\/2023\/06\/20\/o-sonho-do-pobre-no-nordeste-e-ser-pobre-no-sul-diz-ministro-de-lula\/\",\"url\":\"https:\/\/jornalfatosenoticias.com.br\/index.php\/2023\/06\/20\/o-sonho-do-pobre-no-nordeste-e-ser-pobre-no-sul-diz-ministro-de-lula\/\",\"name\":\"\u2018O sonho do pobre no Nordeste \u00e9 ser pobre no Sul\u2019, diz ministro de Lula - Jornal Fatos e Not\u00edcias\",\"isPartOf\":{\"@id\":\"https:\/\/jornalfatosenoticias.com.br\/#website\"},\"primaryImageOfPage\":{\"@id\":\"https:\/\/jornalfatosenoticias.com.br\/index.php\/2023\/06\/20\/o-sonho-do-pobre-no-nordeste-e-ser-pobre-no-sul-diz-ministro-de-lula\/#primaryimage\"},\"image\":{\"@id\":\"https:\/\/jornalfatosenoticias.com.br\/index.php\/2023\/06\/20\/o-sonho-do-pobre-no-nordeste-e-ser-pobre-no-sul-diz-ministro-de-lula\/#primaryimage\"},\"thumbnailUrl\":\"https:\/\/jornalfatosenoticias.com.br\/wp-content\/uploads\/2023\/06\/Jose-Mucio-Monteiro.jpg\",\"datePublished\":\"2023-06-20T17:26:49+00:00\",\"dateModified\":\"2023-06-20T17:26:51+00:00\",\"breadcrumb\":{\"@id\":\"https:\/\/jornalfatosenoticias.com.br\/index.php\/2023\/06\/20\/o-sonho-do-pobre-no-nordeste-e-ser-pobre-no-sul-diz-ministro-de-lula\/#breadcrumb\"},\"inLanguage\":\"pt-BR\",\"potentialAction\":[{\"@type\":\"ReadAction\",\"target\":[\"https:\/\/jornalfatosenoticias.com.br\/index.php\/2023\/06\/20\/o-sonho-do-pobre-no-nordeste-e-ser-pobre-no-sul-diz-ministro-de-lula\/\"]}]},{\"@type\":\"ImageObject\",\"inLanguage\":\"pt-BR\",\"@id\":\"https:\/\/jornalfatosenoticias.com.br\/index.php\/2023\/06\/20\/o-sonho-do-pobre-no-nordeste-e-ser-pobre-no-sul-diz-ministro-de-lula\/#primaryimage\",\"url\":\"https:\/\/jornalfatosenoticias.com.br\/wp-content\/uploads\/2023\/06\/Jose-Mucio-Monteiro.jpg\",\"contentUrl\":\"https:\/\/jornalfatosenoticias.com.br\/wp-content\/uploads\/2023\/06\/Jose-Mucio-Monteiro.jpg\",\"width\":1000,\"height\":666},{\"@type\":\"BreadcrumbList\",\"@id\":\"https:\/\/jornalfatosenoticias.com.br\/index.php\/2023\/06\/20\/o-sonho-do-pobre-no-nordeste-e-ser-pobre-no-sul-diz-ministro-de-lula\/#breadcrumb\",\"itemListElement\":[{\"@type\":\"ListItem\",\"position\":1,\"name\":\"In\u00edcio\",\"item\":\"https:\/\/jornalfatosenoticias.com.br\/\"},{\"@type\":\"ListItem\",\"position\":2,\"name\":\"\u2018O sonho do pobre no Nordeste \u00e9 ser pobre no Sul\u2019, diz ministro de Lula\"}]},{\"@type\":\"WebSite\",\"@id\":\"https:\/\/jornalfatosenoticias.com.br\/#website\",\"url\":\"https:\/\/jornalfatosenoticias.com.br\/\",\"name\":\"Jornal Fatos e Not\u00edcias\",\"description\":\"Not\u00edcias em geral\",\"publisher\":{\"@id\":\"https:\/\/jornalfatosenoticias.com.br\/#organization\"},\"potentialAction\":[{\"@type\":\"SearchAction\",\"target\":{\"@type\":\"EntryPoint\",\"urlTemplate\":\"https:\/\/jornalfatosenoticias.com.br\/?s={search_term_string}\"},\"query-input\":{\"@type\":\"PropertyValueSpecification\",\"valueRequired\":true,\"valueName\":\"search_term_string\"}}],\"inLanguage\":\"pt-BR\"},{\"@type\":\"Organization\",\"@id\":\"https:\/\/jornalfatosenoticias.com.br\/#organization\",\"name\":\"Jornal Fatos e Not\u00edcias\",\"url\":\"https:\/\/jornalfatosenoticias.com.br\/\",\"logo\":{\"@type\":\"ImageObject\",\"inLanguage\":\"pt-BR\",\"@id\":\"https:\/\/jornalfatosenoticias.com.br\/#\/schema\/logo\/image\/\",\"url\":\"https:\/\/jornalfatosenoticias.com.br\/wp-content\/uploads\/2020\/02\/logo120.png\",\"contentUrl\":\"https:\/\/jornalfatosenoticias.com.br\/wp-content\/uploads\/2020\/02\/logo120.png\",\"width\":1227,\"height\":120,\"caption\":\"Jornal Fatos e Not\u00edcias\"},\"image\":{\"@id\":\"https:\/\/jornalfatosenoticias.com.br\/#\/schema\/logo\/image\/\"}},{\"@type\":\"Person\",\"@id\":\"https:\/\/jornalfatosenoticias.com.br\/#\/schema\/person\/d63837fa13ac8666eb9e74e0985d6f81\",\"name\":\"Luzimara Fernandes\",\"image\":{\"@type\":\"ImageObject\",\"inLanguage\":\"pt-BR\",\"@id\":\"https:\/\/jornalfatosenoticias.com.br\/#\/schema\/person\/image\/\",\"url\":\"https:\/\/jornalfatosenoticias.com.br\/wp-content\/uploads\/2025\/05\/EU_portal.jpg\",\"contentUrl\":\"https:\/\/jornalfatosenoticias.com.br\/wp-content\/uploads\/2025\/05\/EU_portal.jpg\",\"caption\":\"Luzimara Fernandes\"},\"description\":\"Jornalista MTB 2358-ES\",\"sameAs\":[\"https:\/\/jornalfatosenoticias.com.br\"],\"url\":\"https:\/\/jornalfatosenoticias.com.br\/index.php\/author\/luzimara\/\"}]}<\/script>\n<!-- \/ Yoast SEO plugin. -->","yoast_head_json":{"title":"\u2018O sonho do pobre no Nordeste \u00e9 ser pobre no Sul\u2019, diz ministro de Lula - Jornal Fatos e Not\u00edcias","robots":{"index":"index","follow":"follow","max-snippet":"max-snippet:-1","max-image-preview":"max-image-preview:large","max-video-preview":"max-video-preview:-1"},"canonical":"https:\/\/jornalfatosenoticias.com.br\/index.php\/2023\/06\/20\/o-sonho-do-pobre-no-nordeste-e-ser-pobre-no-sul-diz-ministro-de-lula\/","og_locale":"pt_BR","og_type":"article","og_title":"\u2018O sonho do pobre no Nordeste \u00e9 ser pobre no Sul\u2019, diz ministro de Lula - Jornal Fatos e Not\u00edcias","og_description":"Declara\u00e7\u00e3o de Jos\u00e9 M\u00facio foi feita em evento sobre defesa e seguran\u00e7a O\u00a0ministro da Defesa\u00a0do governo Lula, Jos\u00e9 M\u00facio Monteiro, afirmou que o sonho do pobre do Nordeste \u00e9 ser pobre no Sul. A declara\u00e7\u00e3o foi dada em palestra nesta segunda-feira (19) durante o painel \u201cDefesa Nacional, presente e futuro do Brasil\u201d, realizado pelo Instituto [&hellip;]","og_url":"https:\/\/jornalfatosenoticias.com.br\/index.php\/2023\/06\/20\/o-sonho-do-pobre-no-nordeste-e-ser-pobre-no-sul-diz-ministro-de-lula\/","og_site_name":"Jornal Fatos e Not\u00edcias","article_published_time":"2023-06-20T17:26:49+00:00","article_modified_time":"2023-06-20T17:26:51+00:00","og_image":[{"width":1000,"height":666,"url":"https:\/\/jornalfatosenoticias.com.br\/wp-content\/uploads\/2023\/06\/Jose-Mucio-Monteiro.jpg","type":"image\/jpeg"}],"author":"Luzimara Fernandes","twitter_card":"summary_large_image","twitter_misc":{"Escrito por":"Luzimara Fernandes","Est. tempo de leitura":"2 minutos"},"schema":{"@context":"https:\/\/schema.org","@graph":[{"@type":"Article","@id":"https:\/\/jornalfatosenoticias.com.br\/index.php\/2023\/06\/20\/o-sonho-do-pobre-no-nordeste-e-ser-pobre-no-sul-diz-ministro-de-lula\/#article","isPartOf":{"@id":"https:\/\/jornalfatosenoticias.com.br\/index.php\/2023\/06\/20\/o-sonho-do-pobre-no-nordeste-e-ser-pobre-no-sul-diz-ministro-de-lula\/"},"author":{"name":"Luzimara Fernandes","@id":"https:\/\/jornalfatosenoticias.com.br\/#\/schema\/person\/d63837fa13ac8666eb9e74e0985d6f81"},"headline":"\u2018O sonho do pobre no Nordeste \u00e9 ser pobre no Sul\u2019, diz ministro de Lula","datePublished":"2023-06-20T17:26:49+00:00","dateModified":"2023-06-20T17:26:51+00:00","mainEntityOfPage":{"@id":"https:\/\/jornalfatosenoticias.com.br\/index.php\/2023\/06\/20\/o-sonho-do-pobre-no-nordeste-e-ser-pobre-no-sul-diz-ministro-de-lula\/"},"wordCount":335,"commentCount":0,"publisher":{"@id":"https:\/\/jornalfatosenoticias.com.br\/#organization"},"image":{"@id":"https:\/\/jornalfatosenoticias.com.br\/index.php\/2023\/06\/20\/o-sonho-do-pobre-no-nordeste-e-ser-pobre-no-sul-diz-ministro-de-lula\/#primaryimage"},"thumbnailUrl":"https:\/\/jornalfatosenoticias.com.br\/wp-content\/uploads\/2023\/06\/Jose-Mucio-Monteiro.jpg","keywords":["Brasil","Jos\u00e9 M\u00facio","Minist\u00e9rio da Defesa","ministro de Lula","pobreza"],"articleSection":["Pol\u00edtica"],"inLanguage":"pt-BR","potentialAction":[{"@type":"CommentAction","name":"Comment","target":["https:\/\/jornalfatosenoticias.com.br\/index.php\/2023\/06\/20\/o-sonho-do-pobre-no-nordeste-e-ser-pobre-no-sul-diz-ministro-de-lula\/#respond"]}]},{"@type":"WebPage","@id":"https:\/\/jornalfatosenoticias.com.br\/index.php\/2023\/06\/20\/o-sonho-do-pobre-no-nordeste-e-ser-pobre-no-sul-diz-ministro-de-lula\/","url":"https:\/\/jornalfatosenoticias.com.br\/index.php\/2023\/06\/20\/o-sonho-do-pobre-no-nordeste-e-ser-pobre-no-sul-diz-ministro-de-lula\/","name":"\u2018O sonho do pobre no Nordeste \u00e9 ser pobre no Sul\u2019, diz ministro de Lula - Jornal Fatos e Not\u00edcias","isPartOf":{"@id":"https:\/\/jornalfatosenoticias.com.br\/#website"},"primaryImageOfPage":{"@id":"https:\/\/jornalfatosenoticias.com.br\/index.php\/2023\/06\/20\/o-sonho-do-pobre-no-nordeste-e-ser-pobre-no-sul-diz-ministro-de-lula\/#primaryimage"},"image":{"@id":"https:\/\/jornalfatosenoticias.com.br\/index.php\/2023\/06\/20\/o-sonho-do-pobre-no-nordeste-e-ser-pobre-no-sul-diz-ministro-de-lula\/#primaryimage"},"thumbnailUrl":"https:\/\/jornalfatosenoticias.com.br\/wp-content\/uploads\/2023\/06\/Jose-Mucio-Monteiro.jpg","datePublished":"2023-06-20T17:26:49+00:00","dateModified":"2023-06-20T17:26:51+00:00","breadcrumb":{"@id":"https:\/\/jornalfatosenoticias.com.br\/index.php\/2023\/06\/20\/o-sonho-do-pobre-no-nordeste-e-ser-pobre-no-sul-diz-ministro-de-lula\/#breadcrumb"},"inLanguage":"pt-BR","potentialAction":[{"@type":"ReadAction","target":["https:\/\/jornalfatosenoticias.com.br\/index.php\/2023\/06\/20\/o-sonho-do-pobre-no-nordeste-e-ser-pobre-no-sul-diz-ministro-de-lula\/"]}]},{"@type":"ImageObject","inLanguage":"pt-BR","@id":"https:\/\/jornalfatosenoticias.com.br\/index.php\/2023\/06\/20\/o-sonho-do-pobre-no-nordeste-e-ser-pobre-no-sul-diz-ministro-de-lula\/#primaryimage","url":"https:\/\/jornalfatosenoticias.com.br\/wp-content\/uploads\/2023\/06\/Jose-Mucio-Monteiro.jpg","contentUrl":"https:\/\/jornalfatosenoticias.com.br\/wp-content\/uploads\/2023\/06\/Jose-Mucio-Monteiro.jpg","width":1000,"height":666},{"@type":"BreadcrumbList","@id":"https:\/\/jornalfatosenoticias.com.br\/index.php\/2023\/06\/20\/o-sonho-do-pobre-no-nordeste-e-ser-pobre-no-sul-diz-ministro-de-lula\/#breadcrumb","itemListElement":[{"@type":"ListItem","position":1,"name":"In\u00edcio","item":"https:\/\/jornalfatosenoticias.com.br\/"},{"@type":"ListItem","position":2,"name":"\u2018O sonho do pobre no Nordeste \u00e9 ser pobre no Sul\u2019, diz ministro de Lula"}]},{"@type":"WebSite","@id":"https:\/\/jornalfatosenoticias.com.br\/#website","url":"https:\/\/jornalfatosenoticias.com.br\/","name":"Jornal Fatos e Not\u00edcias","description":"Not\u00edcias em geral","publisher":{"@id":"https:\/\/jornalfatosenoticias.com.br\/#organization"},"potentialAction":[{"@type":"SearchAction","target":{"@type":"EntryPoint","urlTemplate":"https:\/\/jornalfatosenoticias.com.br\/?s={search_term_string}"},"query-input":{"@type":"PropertyValueSpecification","valueRequired":true,"valueName":"search_term_string"}}],"inLanguage":"pt-BR"},{"@type":"Organization","@id":"https:\/\/jornalfatosenoticias.com.br\/#organization","name":"Jornal Fatos e Not\u00edcias","url":"https:\/\/jornalfatosenoticias.com.br\/","logo":{"@type":"ImageObject","inLanguage":"pt-BR","@id":"https:\/\/jornalfatosenoticias.com.br\/#\/schema\/logo\/image\/","url":"https:\/\/jornalfatosenoticias.com.br\/wp-content\/uploads\/2020\/02\/logo120.png","contentUrl":"https:\/\/jornalfatosenoticias.com.br\/wp-content\/uploads\/2020\/02\/logo120.png","width":1227,"height":120,"caption":"Jornal Fatos e Not\u00edcias"},"image":{"@id":"https:\/\/jornalfatosenoticias.com.br\/#\/schema\/logo\/image\/"}},{"@type":"Person","@id":"https:\/\/jornalfatosenoticias.com.br\/#\/schema\/person\/d63837fa13ac8666eb9e74e0985d6f81","name":"Luzimara Fernandes","image":{"@type":"ImageObject","inLanguage":"pt-BR","@id":"https:\/\/jornalfatosenoticias.com.br\/#\/schema\/person\/image\/","url":"https:\/\/jornalfatosenoticias.com.br\/wp-content\/uploads\/2025\/05\/EU_portal.jpg","contentUrl":"https:\/\/jornalfatosenoticias.com.br\/wp-content\/uploads\/2025\/05\/EU_portal.jpg","caption":"Luzimara Fernandes"},"description":"Jornalista MTB 2358-ES","sameAs":["https:\/\/jornalfatosenoticias.com.br"],"url":"https:\/\/jornalfatosenoticias.com.br\/index.php\/author\/luzimara\/"}]}},"cc_featured_image_caption":{"caption_text":"(Foto: Reprodu\u00e7\u00e3o) ","source_text":"","source_url":""},"jetpack_featured_media_url":"https:\/\/jornalfatosenoticias.com.br\/wp-content\/uploads\/2023\/06\/Jose-Mucio-Monteiro.jpg","_links":{"self":[{"href":"https:\/\/jornalfatosenoticias.com.br\/index.php\/wp-json\/wp\/v2\/posts\/42583","targetHints":{"allow":["GET"]}}],"collection":[{"href":"https:\/\/jornalfatosenoticias.com.br\/index.php\/wp-json\/wp\/v2\/posts"}],"about":[{"href":"https:\/\/jornalfatosenoticias.com.br\/index.php\/wp-json\/wp\/v2\/types\/post"}],"author":[{"embeddable":true,"href":"https:\/\/jornalfatosenoticias.com.br\/index.php\/wp-json\/wp\/v2\/users\/2"}],"replies":[{"embeddable":true,"href":"https:\/\/jornalfatosenoticias.com.br\/index.php\/wp-json\/wp\/v2\/comments?post=42583"}],"version-history":[{"count":0,"href":"https:\/\/jornalfatosenoticias.com.br\/index.php\/wp-json\/wp\/v2\/posts\/42583\/revisions"}],"wp:featuredmedia":[{"embeddable":true,"href":"https:\/\/jornalfatosenoticias.com.br\/index.php\/wp-json\/wp\/v2\/media\/42585"}],"wp:attachment":[{"href":"https:\/\/jornalfatosenoticias.com.br\/index.php\/wp-json\/wp\/v2\/media?parent=42583"}],"wp:term":[{"taxonomy":"category","embeddable":true,"href":"https:\/\/jornalfatosenoticias.com.br\/index.php\/wp-json\/wp\/v2\/categories?post=42583"},{"taxonomy":"post_tag","embeddable":true,"href":"https:\/\/jornalfatosenoticias.com.br\/index.php\/wp-json\/wp\/v2\/tags?post=42583"}],"curies":[{"name":"wp","href":"https:\/\/api.w.org\/{rel}","templated":true}]}}