{"id":42596,"date":"2023-06-21T09:19:28","date_gmt":"2023-06-21T12:19:28","guid":{"rendered":"https:\/\/jornalfatosenoticias.com.br\/?p=42596"},"modified":"2023-06-21T09:19:29","modified_gmt":"2023-06-21T12:19:29","slug":"cientistas-da-ufrj-descobrem-canabidiol-em-planta-de-cultivo-livre","status":"publish","type":"post","link":"https:\/\/jornalfatosenoticias.com.br\/index.php\/2023\/06\/21\/cientistas-da-ufrj-descobrem-canabidiol-em-planta-de-cultivo-livre\/","title":{"rendered":"Cientistas da UFRJ descobrem canabidiol em planta de cultivo livre"},"content":{"rendered":"\n<p><em><span class=\"has-inline-color has-black-color\">Por <strong><a href=\"https:\/\/gizmodo.uol.com.br\/author\/luisa-costa\/\">Lu\u00edsa Costa<\/a><\/strong><\/span><\/em><\/p>\n\n\n\n<div class=\"wp-block-image\"><figure class=\"aligncenter size-large\"><img loading=\"lazy\" decoding=\"async\" width=\"1024\" height=\"100\" src=\"https:\/\/jornalfatosenoticias.com.br\/wp-content\/uploads\/2020\/02\/banner_ferramentas-1024x100.jpg\" alt=\"\" class=\"wp-image-1258\" srcset=\"https:\/\/jornalfatosenoticias.com.br\/wp-content\/uploads\/2020\/02\/banner_ferramentas-1024x100.jpg 1024w, https:\/\/jornalfatosenoticias.com.br\/wp-content\/uploads\/2020\/02\/banner_ferramentas-300x29.jpg 300w, https:\/\/jornalfatosenoticias.com.br\/wp-content\/uploads\/2020\/02\/banner_ferramentas-768x75.jpg 768w, https:\/\/jornalfatosenoticias.com.br\/wp-content\/uploads\/2020\/02\/banner_ferramentas.jpg 1227w\" sizes=\"auto, (max-width: 1024px) 100vw, 1024px\" \/><\/figure><\/div>\n\n\n\n<p>Pesquisadores do Instituto de Biologia da Universidade Federal do Rio de Janeiro (UFRJ) identificaram canabidiol nas flores e nos frutos de uma planta nativa brasileira, a <em>Trema micrantha blume<\/em>. A descoberta pode ampliar o uso da subst\u00e2ncia para fins medicinais no Brasil.<br>Por enquanto, o uso e a produ\u00e7\u00e3o de CBD (canabidiol) no Pa\u00eds t\u00eam uma s\u00e9rie de restri\u00e7\u00f5es legais. Isso porque a subst\u00e2ncia vem da <em><a href=\"https:\/\/gizmodo.uol.com.br\/tag\/cannabis\/\" target=\"_blank\" rel=\"noreferrer noopener\">Cannabis<\/a><\/em> sativa (nome cient\u00edfico da maconha). E a cannabis tem uma subst\u00e2ncia psicoativa conhecida como THC (tetrahidrocanabinol), que est\u00e1 por tr\u00e1s do \u201cbarato\u201d causado pela droga.<\/p>\n\n\n\n<div class=\"wp-block-image\"><figure class=\"aligncenter size-large is-resized\"><img loading=\"lazy\" decoding=\"async\" src=\"https:\/\/jornalfatosenoticias.com.br\/wp-content\/uploads\/2023\/06\/LOGO_JULIANA-GRACA_PORTAL.jpg\" alt=\"\" class=\"wp-image-42597\" width=\"342\" height=\"156\"\/><\/figure><\/div>\n\n\n\n<p>Os pesquisadores explicam que a Ag\u00eancia Nacional de Vigil\u00e2ncia Sanit\u00e1ria (<a href=\"https:\/\/gizmodo.uol.com.br\/tag\/anvisa\/\" target=\"_blank\" rel=\"noreferrer noopener\">Anvisa<\/a>) imp\u00f5e uma restri\u00e7\u00e3o na f\u00f3rmula do canabidiol vendido no Pa\u00eds: os medicamentos s\u00f3 podem apresentar uma concentra\u00e7\u00e3o de 0,2% de THC. Este n\u00e3o seria um cuidado necess\u00e1rio para obter o CBD a partir da planta brasileira, j\u00e1 que ela n\u00e3o apresenta a subst\u00e2ncia psicoativa.<\/p>\n\n\n\n<div class=\"wp-block-image\"><figure class=\"aligncenter size-large is-resized\"><img loading=\"lazy\" decoding=\"async\" src=\"https:\/\/jornalfatosenoticias.com.br\/wp-content\/uploads\/2022\/02\/Precisao-Contabilidade-1024x724.jpg\" alt=\"\" class=\"wp-image-28088\" width=\"320\" height=\"226\"\/><\/figure><\/div>\n\n\n\n<blockquote class=\"wp-block-quote is-layout-flow wp-block-quote-is-layout-flow\"><p><span class=\"has-inline-color has-luminous-vivid-orange-color\">Tamb\u00e9m n\u00e3o haveria a restri\u00e7\u00e3o jur\u00eddica de plantio, porque [a <em>Trema micrantha blume<\/em>] pode ser plantada \u00e0 vontade. Na verdade, ela j\u00e1 est\u00e1 espalhada pelo Brasil inteiro. Seria uma fonte mais f\u00e1cil e barata de obter o canabidiol\u201d, disse Rodrigo Moura Neto, coordenador da pesquisa na UFRJ, em comunicado.<\/span><\/p><\/blockquote>\n\n\n\n<div class=\"wp-block-image\"><figure class=\"aligncenter size-large is-resized\"><img loading=\"lazy\" decoding=\"async\" src=\"https:\/\/jornalfatosenoticias.com.br\/wp-content\/uploads\/2022\/10\/RC_800x750_page-0001.jpg\" alt=\"\" class=\"wp-image-35338\" width=\"271\" height=\"254\" srcset=\"https:\/\/jornalfatosenoticias.com.br\/wp-content\/uploads\/2022\/10\/RC_800x750_page-0001.jpg 400w, https:\/\/jornalfatosenoticias.com.br\/wp-content\/uploads\/2022\/10\/RC_800x750_page-0001-300x281.jpg 300w\" sizes=\"auto, (max-width: 271px) 100vw, 271px\" \/><\/figure><\/div>\n\n\n\n<p>Segundo a Ag\u00eancia Brasil, cientistas estrangeiros j\u00e1 descobriram o canabidiol na <em>Trema<\/em> <em>orientale blume<\/em>, uma planta da mesma fam\u00edlia que a planta brasileira. O estudo da UFRJ usou essa refer\u00eancia no in\u00edcio das investiga\u00e7\u00f5es. Agora, a equipe de qu\u00edmicos, bi\u00f3logos, geneticistas e bot\u00e2nicos est\u00e1 investigando qual \u00e9 o m\u00e9todo mais eficaz de an\u00e1lise e extra\u00e7\u00e3o do CBD da planta brasileira. Em seis meses, devem come\u00e7ar os estudos<em> in vitro<\/em> para comparar a subst\u00e2ncia com o canabidiol extra\u00eddo da <em>Cannabis sativa.<\/em><\/p>\n\n\n\n<div class=\"wp-block-image\"><figure class=\"aligncenter size-large is-resized\"><img loading=\"lazy\" decoding=\"async\" src=\"https:\/\/jornalfatosenoticias.com.br\/wp-content\/uploads\/2023\/04\/Logo_MasterMind.jpg\" alt=\"\" class=\"wp-image-40974\" width=\"287\" height=\"209\"\/><\/figure><\/div>\n\n\n\n<p><strong><span class=\"has-inline-color has-black-color\">Canabidiol no Brasil<br><\/span><\/strong>A cannabis tem uso medicinal e industrial autorizado em pa\u00edses como os Estados Unidos, Canad\u00e1 e Portugal. No Brasil, o Congresso ainda discute a libera\u00e7\u00e3o do cultivo da planta. Mas a\u00e7\u00f5es judiciais t\u00eam garantido o cultivo ou a importa\u00e7\u00e3o da cannabis em casos isolados.<br>Em outubro de 2022, o Conselho Federal de Medicina (CFM) determinou que os profissionais deveriam prescrever o CBD apenas para tratar epilepsias em crian\u00e7as e adolescentes associadas \u00e0s s\u00edndromes de Dravet e Lennox-Gastaut e ao Complexo de Esclerose Tuberosa. <\/p>\n\n\n\n<div class=\"wp-block-image\"><figure class=\"aligncenter size-large is-resized\"><img loading=\"lazy\" decoding=\"async\" src=\"https:\/\/jornalfatosenoticias.com.br\/wp-content\/uploads\/2023\/03\/nova-logo-Marquetti.jpg\" alt=\"\" class=\"wp-image-40207\" width=\"302\" height=\"203\" srcset=\"https:\/\/jornalfatosenoticias.com.br\/wp-content\/uploads\/2023\/03\/nova-logo-Marquetti.jpg 643w, https:\/\/jornalfatosenoticias.com.br\/wp-content\/uploads\/2023\/03\/nova-logo-Marquetti-300x202.jpg 300w\" sizes=\"auto, (max-width: 302px) 100vw, 302px\" \/><\/figure><\/div>\n\n\n\n<p>Mas, dez dias depois, o Conselho\u00a0<a href=\"https:\/\/www.cnnbrasil.com.br\/nacional\/cfm-suspende-norma-que-restringia-uso-de-canabidiol\/\">suspendeu a resolu\u00e7\u00e3o<\/a>\u00a0ap\u00f3s\u00a0<a href=\"https:\/\/gizmodo.uol.com.br\/medicos-parlamentares-e-advogados-querem-derrubar-veto-ao-canabidiol-no-brasil\/\">enfrentar cr\u00edticas<\/a> de especialistas e parentes de pacientes que dependem do composto. Desde ent\u00e3o, ficou \u201csob responsabilidade do m\u00e9dico a decis\u00e3o pela indica\u00e7\u00e3o do uso do canabidiol nas apresenta\u00e7\u00f5es autorizadas pela Ag\u00eancia Nacional de Vigil\u00e2ncia Sanit\u00e1ria\u201d.<\/p>\n\n\n\n<div class=\"wp-block-image\"><figure class=\"aligncenter size-large\"><img decoding=\"async\" src=\"https:\/\/jornalfatosenoticias.com.br\/wp-content\/uploads\/2020\/02\/logo_esteio.jpg\" alt=\"\" class=\"wp-image-1214\"\/><\/figure><\/div>\n\n\n\n<p>A Fiocruz <a href=\"https:\/\/gizmodo.uol.com.br\/fiocruz-libera-relatorio-apoiando-uso-de-cannabis-medicinal-no-brasil\/\">divulgou uma nota<\/a> em abril apoiando o uso da cannabis medicinal no Brasil. A Funda\u00e7\u00e3o destacou que uma s\u00e9rie de estudos apoiam o potencial terap\u00eautico do CBD e do THC, que parecem ajudar pacientes com dores cr\u00f4nicas, epilepsia refrat\u00e1ria, espasticidade, transtornos neuropsiqui\u00e1tricos, n\u00e1usea, v\u00f4mitos e perda do apetite.<\/p>\n\n\n\n<p><strong><em>Fonte: <a href=\"https:\/\/gizmodo.uol.com.br\/cientistas-da-ufrj-descobrem-canabidiol-em-planta-de-cultivo-livre\/\">GizModo<\/a><\/em><\/strong><\/p>\n","protected":false},"excerpt":{"rendered":"<p>Por Lu\u00edsa Costa Pesquisadores do Instituto de Biologia da Universidade Federal do Rio de Janeiro (UFRJ) identificaram canabidiol nas flores e nos frutos de uma planta nativa brasileira, a Trema micrantha blume. A descoberta pode ampliar o uso da subst\u00e2ncia para fins medicinais no Brasil.Por enquanto, o uso e a produ\u00e7\u00e3o de CBD (canabidiol) no [&hellip;]<\/p>\n","protected":false},"author":2,"featured_media":42598,"comment_status":"open","ping_status":"open","sticky":false,"template":"","format":"standard","meta":{"footnotes":""},"categories":[2,11],"tags":[3830,4227,784,268,74,1120],"class_list":["post-42596","post","type-post","status-publish","format-standard","has-post-thumbnail","hentry","category-ciencia","category-saude","tag-canabidiol","tag-cannabis","tag-plantas","tag-quimica","tag-saude","tag-tratamento"],"yoast_head":"<!-- This site is optimized with the Yoast SEO plugin v26.5 - https:\/\/yoast.com\/wordpress\/plugins\/seo\/ -->\n<title>Cientistas da UFRJ descobrem canabidiol em planta de cultivo livre - Jornal Fatos e Not\u00edcias<\/title>\n<meta name=\"robots\" content=\"index, follow, max-snippet:-1, max-image-preview:large, max-video-preview:-1\" \/>\n<link rel=\"canonical\" href=\"https:\/\/jornalfatosenoticias.com.br\/index.php\/2023\/06\/21\/cientistas-da-ufrj-descobrem-canabidiol-em-planta-de-cultivo-livre\/\" \/>\n<meta property=\"og:locale\" content=\"pt_BR\" \/>\n<meta property=\"og:type\" content=\"article\" \/>\n<meta property=\"og:title\" content=\"Cientistas da UFRJ descobrem canabidiol em planta de cultivo livre - Jornal Fatos e Not\u00edcias\" \/>\n<meta property=\"og:description\" content=\"Por Lu\u00edsa Costa Pesquisadores do Instituto de Biologia da Universidade Federal do Rio de Janeiro (UFRJ) identificaram canabidiol nas flores e nos frutos de uma planta nativa brasileira, a Trema micrantha blume. A descoberta pode ampliar o uso da subst\u00e2ncia para fins medicinais no Brasil.Por enquanto, o uso e a produ\u00e7\u00e3o de CBD (canabidiol) no [&hellip;]\" \/>\n<meta property=\"og:url\" content=\"https:\/\/jornalfatosenoticias.com.br\/index.php\/2023\/06\/21\/cientistas-da-ufrj-descobrem-canabidiol-em-planta-de-cultivo-livre\/\" \/>\n<meta property=\"og:site_name\" content=\"Jornal Fatos e Not\u00edcias\" \/>\n<meta property=\"article:published_time\" content=\"2023-06-21T12:19:28+00:00\" \/>\n<meta property=\"article:modified_time\" content=\"2023-06-21T12:19:29+00:00\" \/>\n<meta property=\"og:image\" content=\"https:\/\/jornalfatosenoticias.com.br\/wp-content\/uploads\/2023\/06\/planta-brasileira-com-canabidiol.jpg\" \/>\n\t<meta property=\"og:image:width\" content=\"1000\" \/>\n\t<meta property=\"og:image:height\" content=\"643\" \/>\n\t<meta property=\"og:image:type\" content=\"image\/jpeg\" \/>\n<meta name=\"author\" content=\"Luzimara Fernandes\" \/>\n<meta name=\"twitter:card\" content=\"summary_large_image\" \/>\n<meta name=\"twitter:label1\" content=\"Escrito por\" \/>\n\t<meta name=\"twitter:data1\" content=\"Luzimara Fernandes\" \/>\n\t<meta name=\"twitter:label2\" content=\"Est. tempo de leitura\" \/>\n\t<meta name=\"twitter:data2\" content=\"3 minutos\" \/>\n<script type=\"application\/ld+json\" class=\"yoast-schema-graph\">{\"@context\":\"https:\/\/schema.org\",\"@graph\":[{\"@type\":\"Article\",\"@id\":\"https:\/\/jornalfatosenoticias.com.br\/index.php\/2023\/06\/21\/cientistas-da-ufrj-descobrem-canabidiol-em-planta-de-cultivo-livre\/#article\",\"isPartOf\":{\"@id\":\"https:\/\/jornalfatosenoticias.com.br\/index.php\/2023\/06\/21\/cientistas-da-ufrj-descobrem-canabidiol-em-planta-de-cultivo-livre\/\"},\"author\":{\"name\":\"Luzimara Fernandes\",\"@id\":\"https:\/\/jornalfatosenoticias.com.br\/#\/schema\/person\/d63837fa13ac8666eb9e74e0985d6f81\"},\"headline\":\"Cientistas da UFRJ descobrem canabidiol em planta de cultivo livre\",\"datePublished\":\"2023-06-21T12:19:28+00:00\",\"dateModified\":\"2023-06-21T12:19:29+00:00\",\"mainEntityOfPage\":{\"@id\":\"https:\/\/jornalfatosenoticias.com.br\/index.php\/2023\/06\/21\/cientistas-da-ufrj-descobrem-canabidiol-em-planta-de-cultivo-livre\/\"},\"wordCount\":537,\"commentCount\":0,\"publisher\":{\"@id\":\"https:\/\/jornalfatosenoticias.com.br\/#organization\"},\"image\":{\"@id\":\"https:\/\/jornalfatosenoticias.com.br\/index.php\/2023\/06\/21\/cientistas-da-ufrj-descobrem-canabidiol-em-planta-de-cultivo-livre\/#primaryimage\"},\"thumbnailUrl\":\"https:\/\/jornalfatosenoticias.com.br\/wp-content\/uploads\/2023\/06\/planta-brasileira-com-canabidiol.jpg\",\"keywords\":[\"canabidiol\",\"cannabis\",\"plantas\",\"qu\u00edmica\",\"sa\u00fade\",\"tratamento\"],\"articleSection\":[\"Ci\u00eancia\",\"Sa\u00fade\"],\"inLanguage\":\"pt-BR\",\"potentialAction\":[{\"@type\":\"CommentAction\",\"name\":\"Comment\",\"target\":[\"https:\/\/jornalfatosenoticias.com.br\/index.php\/2023\/06\/21\/cientistas-da-ufrj-descobrem-canabidiol-em-planta-de-cultivo-livre\/#respond\"]}]},{\"@type\":\"WebPage\",\"@id\":\"https:\/\/jornalfatosenoticias.com.br\/index.php\/2023\/06\/21\/cientistas-da-ufrj-descobrem-canabidiol-em-planta-de-cultivo-livre\/\",\"url\":\"https:\/\/jornalfatosenoticias.com.br\/index.php\/2023\/06\/21\/cientistas-da-ufrj-descobrem-canabidiol-em-planta-de-cultivo-livre\/\",\"name\":\"Cientistas da UFRJ descobrem canabidiol em planta de cultivo livre - Jornal Fatos e Not\u00edcias\",\"isPartOf\":{\"@id\":\"https:\/\/jornalfatosenoticias.com.br\/#website\"},\"primaryImageOfPage\":{\"@id\":\"https:\/\/jornalfatosenoticias.com.br\/index.php\/2023\/06\/21\/cientistas-da-ufrj-descobrem-canabidiol-em-planta-de-cultivo-livre\/#primaryimage\"},\"image\":{\"@id\":\"https:\/\/jornalfatosenoticias.com.br\/index.php\/2023\/06\/21\/cientistas-da-ufrj-descobrem-canabidiol-em-planta-de-cultivo-livre\/#primaryimage\"},\"thumbnailUrl\":\"https:\/\/jornalfatosenoticias.com.br\/wp-content\/uploads\/2023\/06\/planta-brasileira-com-canabidiol.jpg\",\"datePublished\":\"2023-06-21T12:19:28+00:00\",\"dateModified\":\"2023-06-21T12:19:29+00:00\",\"breadcrumb\":{\"@id\":\"https:\/\/jornalfatosenoticias.com.br\/index.php\/2023\/06\/21\/cientistas-da-ufrj-descobrem-canabidiol-em-planta-de-cultivo-livre\/#breadcrumb\"},\"inLanguage\":\"pt-BR\",\"potentialAction\":[{\"@type\":\"ReadAction\",\"target\":[\"https:\/\/jornalfatosenoticias.com.br\/index.php\/2023\/06\/21\/cientistas-da-ufrj-descobrem-canabidiol-em-planta-de-cultivo-livre\/\"]}]},{\"@type\":\"ImageObject\",\"inLanguage\":\"pt-BR\",\"@id\":\"https:\/\/jornalfatosenoticias.com.br\/index.php\/2023\/06\/21\/cientistas-da-ufrj-descobrem-canabidiol-em-planta-de-cultivo-livre\/#primaryimage\",\"url\":\"https:\/\/jornalfatosenoticias.com.br\/wp-content\/uploads\/2023\/06\/planta-brasileira-com-canabidiol.jpg\",\"contentUrl\":\"https:\/\/jornalfatosenoticias.com.br\/wp-content\/uploads\/2023\/06\/planta-brasileira-com-canabidiol.jpg\",\"width\":1000,\"height\":643},{\"@type\":\"BreadcrumbList\",\"@id\":\"https:\/\/jornalfatosenoticias.com.br\/index.php\/2023\/06\/21\/cientistas-da-ufrj-descobrem-canabidiol-em-planta-de-cultivo-livre\/#breadcrumb\",\"itemListElement\":[{\"@type\":\"ListItem\",\"position\":1,\"name\":\"In\u00edcio\",\"item\":\"https:\/\/jornalfatosenoticias.com.br\/\"},{\"@type\":\"ListItem\",\"position\":2,\"name\":\"Cientistas da UFRJ descobrem canabidiol em planta de cultivo livre\"}]},{\"@type\":\"WebSite\",\"@id\":\"https:\/\/jornalfatosenoticias.com.br\/#website\",\"url\":\"https:\/\/jornalfatosenoticias.com.br\/\",\"name\":\"Jornal Fatos e Not\u00edcias\",\"description\":\"Not\u00edcias em geral\",\"publisher\":{\"@id\":\"https:\/\/jornalfatosenoticias.com.br\/#organization\"},\"potentialAction\":[{\"@type\":\"SearchAction\",\"target\":{\"@type\":\"EntryPoint\",\"urlTemplate\":\"https:\/\/jornalfatosenoticias.com.br\/?s={search_term_string}\"},\"query-input\":{\"@type\":\"PropertyValueSpecification\",\"valueRequired\":true,\"valueName\":\"search_term_string\"}}],\"inLanguage\":\"pt-BR\"},{\"@type\":\"Organization\",\"@id\":\"https:\/\/jornalfatosenoticias.com.br\/#organization\",\"name\":\"Jornal Fatos e Not\u00edcias\",\"url\":\"https:\/\/jornalfatosenoticias.com.br\/\",\"logo\":{\"@type\":\"ImageObject\",\"inLanguage\":\"pt-BR\",\"@id\":\"https:\/\/jornalfatosenoticias.com.br\/#\/schema\/logo\/image\/\",\"url\":\"https:\/\/jornalfatosenoticias.com.br\/wp-content\/uploads\/2020\/02\/logo120.png\",\"contentUrl\":\"https:\/\/jornalfatosenoticias.com.br\/wp-content\/uploads\/2020\/02\/logo120.png\",\"width\":1227,\"height\":120,\"caption\":\"Jornal Fatos e Not\u00edcias\"},\"image\":{\"@id\":\"https:\/\/jornalfatosenoticias.com.br\/#\/schema\/logo\/image\/\"}},{\"@type\":\"Person\",\"@id\":\"https:\/\/jornalfatosenoticias.com.br\/#\/schema\/person\/d63837fa13ac8666eb9e74e0985d6f81\",\"name\":\"Luzimara Fernandes\",\"image\":{\"@type\":\"ImageObject\",\"inLanguage\":\"pt-BR\",\"@id\":\"https:\/\/jornalfatosenoticias.com.br\/#\/schema\/person\/image\/\",\"url\":\"https:\/\/jornalfatosenoticias.com.br\/wp-content\/uploads\/2025\/05\/EU_portal.jpg\",\"contentUrl\":\"https:\/\/jornalfatosenoticias.com.br\/wp-content\/uploads\/2025\/05\/EU_portal.jpg\",\"caption\":\"Luzimara Fernandes\"},\"description\":\"Jornalista MTB 2358-ES\",\"sameAs\":[\"https:\/\/jornalfatosenoticias.com.br\"],\"url\":\"https:\/\/jornalfatosenoticias.com.br\/index.php\/author\/luzimara\/\"}]}<\/script>\n<!-- \/ Yoast SEO plugin. -->","yoast_head_json":{"title":"Cientistas da UFRJ descobrem canabidiol em planta de cultivo livre - Jornal Fatos e Not\u00edcias","robots":{"index":"index","follow":"follow","max-snippet":"max-snippet:-1","max-image-preview":"max-image-preview:large","max-video-preview":"max-video-preview:-1"},"canonical":"https:\/\/jornalfatosenoticias.com.br\/index.php\/2023\/06\/21\/cientistas-da-ufrj-descobrem-canabidiol-em-planta-de-cultivo-livre\/","og_locale":"pt_BR","og_type":"article","og_title":"Cientistas da UFRJ descobrem canabidiol em planta de cultivo livre - Jornal Fatos e Not\u00edcias","og_description":"Por Lu\u00edsa Costa Pesquisadores do Instituto de Biologia da Universidade Federal do Rio de Janeiro (UFRJ) identificaram canabidiol nas flores e nos frutos de uma planta nativa brasileira, a Trema micrantha blume. A descoberta pode ampliar o uso da subst\u00e2ncia para fins medicinais no Brasil.Por enquanto, o uso e a produ\u00e7\u00e3o de CBD (canabidiol) no [&hellip;]","og_url":"https:\/\/jornalfatosenoticias.com.br\/index.php\/2023\/06\/21\/cientistas-da-ufrj-descobrem-canabidiol-em-planta-de-cultivo-livre\/","og_site_name":"Jornal Fatos e Not\u00edcias","article_published_time":"2023-06-21T12:19:28+00:00","article_modified_time":"2023-06-21T12:19:29+00:00","og_image":[{"width":1000,"height":643,"url":"https:\/\/jornalfatosenoticias.com.br\/wp-content\/uploads\/2023\/06\/planta-brasileira-com-canabidiol.jpg","type":"image\/jpeg"}],"author":"Luzimara Fernandes","twitter_card":"summary_large_image","twitter_misc":{"Escrito por":"Luzimara Fernandes","Est. tempo de leitura":"3 minutos"},"schema":{"@context":"https:\/\/schema.org","@graph":[{"@type":"Article","@id":"https:\/\/jornalfatosenoticias.com.br\/index.php\/2023\/06\/21\/cientistas-da-ufrj-descobrem-canabidiol-em-planta-de-cultivo-livre\/#article","isPartOf":{"@id":"https:\/\/jornalfatosenoticias.com.br\/index.php\/2023\/06\/21\/cientistas-da-ufrj-descobrem-canabidiol-em-planta-de-cultivo-livre\/"},"author":{"name":"Luzimara Fernandes","@id":"https:\/\/jornalfatosenoticias.com.br\/#\/schema\/person\/d63837fa13ac8666eb9e74e0985d6f81"},"headline":"Cientistas da UFRJ descobrem canabidiol em planta de cultivo livre","datePublished":"2023-06-21T12:19:28+00:00","dateModified":"2023-06-21T12:19:29+00:00","mainEntityOfPage":{"@id":"https:\/\/jornalfatosenoticias.com.br\/index.php\/2023\/06\/21\/cientistas-da-ufrj-descobrem-canabidiol-em-planta-de-cultivo-livre\/"},"wordCount":537,"commentCount":0,"publisher":{"@id":"https:\/\/jornalfatosenoticias.com.br\/#organization"},"image":{"@id":"https:\/\/jornalfatosenoticias.com.br\/index.php\/2023\/06\/21\/cientistas-da-ufrj-descobrem-canabidiol-em-planta-de-cultivo-livre\/#primaryimage"},"thumbnailUrl":"https:\/\/jornalfatosenoticias.com.br\/wp-content\/uploads\/2023\/06\/planta-brasileira-com-canabidiol.jpg","keywords":["canabidiol","cannabis","plantas","qu\u00edmica","sa\u00fade","tratamento"],"articleSection":["Ci\u00eancia","Sa\u00fade"],"inLanguage":"pt-BR","potentialAction":[{"@type":"CommentAction","name":"Comment","target":["https:\/\/jornalfatosenoticias.com.br\/index.php\/2023\/06\/21\/cientistas-da-ufrj-descobrem-canabidiol-em-planta-de-cultivo-livre\/#respond"]}]},{"@type":"WebPage","@id":"https:\/\/jornalfatosenoticias.com.br\/index.php\/2023\/06\/21\/cientistas-da-ufrj-descobrem-canabidiol-em-planta-de-cultivo-livre\/","url":"https:\/\/jornalfatosenoticias.com.br\/index.php\/2023\/06\/21\/cientistas-da-ufrj-descobrem-canabidiol-em-planta-de-cultivo-livre\/","name":"Cientistas da UFRJ descobrem canabidiol em planta de cultivo livre - Jornal Fatos e Not\u00edcias","isPartOf":{"@id":"https:\/\/jornalfatosenoticias.com.br\/#website"},"primaryImageOfPage":{"@id":"https:\/\/jornalfatosenoticias.com.br\/index.php\/2023\/06\/21\/cientistas-da-ufrj-descobrem-canabidiol-em-planta-de-cultivo-livre\/#primaryimage"},"image":{"@id":"https:\/\/jornalfatosenoticias.com.br\/index.php\/2023\/06\/21\/cientistas-da-ufrj-descobrem-canabidiol-em-planta-de-cultivo-livre\/#primaryimage"},"thumbnailUrl":"https:\/\/jornalfatosenoticias.com.br\/wp-content\/uploads\/2023\/06\/planta-brasileira-com-canabidiol.jpg","datePublished":"2023-06-21T12:19:28+00:00","dateModified":"2023-06-21T12:19:29+00:00","breadcrumb":{"@id":"https:\/\/jornalfatosenoticias.com.br\/index.php\/2023\/06\/21\/cientistas-da-ufrj-descobrem-canabidiol-em-planta-de-cultivo-livre\/#breadcrumb"},"inLanguage":"pt-BR","potentialAction":[{"@type":"ReadAction","target":["https:\/\/jornalfatosenoticias.com.br\/index.php\/2023\/06\/21\/cientistas-da-ufrj-descobrem-canabidiol-em-planta-de-cultivo-livre\/"]}]},{"@type":"ImageObject","inLanguage":"pt-BR","@id":"https:\/\/jornalfatosenoticias.com.br\/index.php\/2023\/06\/21\/cientistas-da-ufrj-descobrem-canabidiol-em-planta-de-cultivo-livre\/#primaryimage","url":"https:\/\/jornalfatosenoticias.com.br\/wp-content\/uploads\/2023\/06\/planta-brasileira-com-canabidiol.jpg","contentUrl":"https:\/\/jornalfatosenoticias.com.br\/wp-content\/uploads\/2023\/06\/planta-brasileira-com-canabidiol.jpg","width":1000,"height":643},{"@type":"BreadcrumbList","@id":"https:\/\/jornalfatosenoticias.com.br\/index.php\/2023\/06\/21\/cientistas-da-ufrj-descobrem-canabidiol-em-planta-de-cultivo-livre\/#breadcrumb","itemListElement":[{"@type":"ListItem","position":1,"name":"In\u00edcio","item":"https:\/\/jornalfatosenoticias.com.br\/"},{"@type":"ListItem","position":2,"name":"Cientistas da UFRJ descobrem canabidiol em planta de cultivo livre"}]},{"@type":"WebSite","@id":"https:\/\/jornalfatosenoticias.com.br\/#website","url":"https:\/\/jornalfatosenoticias.com.br\/","name":"Jornal Fatos e Not\u00edcias","description":"Not\u00edcias em geral","publisher":{"@id":"https:\/\/jornalfatosenoticias.com.br\/#organization"},"potentialAction":[{"@type":"SearchAction","target":{"@type":"EntryPoint","urlTemplate":"https:\/\/jornalfatosenoticias.com.br\/?s={search_term_string}"},"query-input":{"@type":"PropertyValueSpecification","valueRequired":true,"valueName":"search_term_string"}}],"inLanguage":"pt-BR"},{"@type":"Organization","@id":"https:\/\/jornalfatosenoticias.com.br\/#organization","name":"Jornal Fatos e Not\u00edcias","url":"https:\/\/jornalfatosenoticias.com.br\/","logo":{"@type":"ImageObject","inLanguage":"pt-BR","@id":"https:\/\/jornalfatosenoticias.com.br\/#\/schema\/logo\/image\/","url":"https:\/\/jornalfatosenoticias.com.br\/wp-content\/uploads\/2020\/02\/logo120.png","contentUrl":"https:\/\/jornalfatosenoticias.com.br\/wp-content\/uploads\/2020\/02\/logo120.png","width":1227,"height":120,"caption":"Jornal Fatos e Not\u00edcias"},"image":{"@id":"https:\/\/jornalfatosenoticias.com.br\/#\/schema\/logo\/image\/"}},{"@type":"Person","@id":"https:\/\/jornalfatosenoticias.com.br\/#\/schema\/person\/d63837fa13ac8666eb9e74e0985d6f81","name":"Luzimara Fernandes","image":{"@type":"ImageObject","inLanguage":"pt-BR","@id":"https:\/\/jornalfatosenoticias.com.br\/#\/schema\/person\/image\/","url":"https:\/\/jornalfatosenoticias.com.br\/wp-content\/uploads\/2025\/05\/EU_portal.jpg","contentUrl":"https:\/\/jornalfatosenoticias.com.br\/wp-content\/uploads\/2025\/05\/EU_portal.jpg","caption":"Luzimara Fernandes"},"description":"Jornalista MTB 2358-ES","sameAs":["https:\/\/jornalfatosenoticias.com.br"],"url":"https:\/\/jornalfatosenoticias.com.br\/index.php\/author\/luzimara\/"}]}},"cc_featured_image_caption":{"caption_text":"(Foto: Sune Holt\/Field Museum\/Reprodu\u00e7\u00e3o) ","source_text":"","source_url":""},"jetpack_featured_media_url":"https:\/\/jornalfatosenoticias.com.br\/wp-content\/uploads\/2023\/06\/planta-brasileira-com-canabidiol.jpg","_links":{"self":[{"href":"https:\/\/jornalfatosenoticias.com.br\/index.php\/wp-json\/wp\/v2\/posts\/42596","targetHints":{"allow":["GET"]}}],"collection":[{"href":"https:\/\/jornalfatosenoticias.com.br\/index.php\/wp-json\/wp\/v2\/posts"}],"about":[{"href":"https:\/\/jornalfatosenoticias.com.br\/index.php\/wp-json\/wp\/v2\/types\/post"}],"author":[{"embeddable":true,"href":"https:\/\/jornalfatosenoticias.com.br\/index.php\/wp-json\/wp\/v2\/users\/2"}],"replies":[{"embeddable":true,"href":"https:\/\/jornalfatosenoticias.com.br\/index.php\/wp-json\/wp\/v2\/comments?post=42596"}],"version-history":[{"count":0,"href":"https:\/\/jornalfatosenoticias.com.br\/index.php\/wp-json\/wp\/v2\/posts\/42596\/revisions"}],"wp:featuredmedia":[{"embeddable":true,"href":"https:\/\/jornalfatosenoticias.com.br\/index.php\/wp-json\/wp\/v2\/media\/42598"}],"wp:attachment":[{"href":"https:\/\/jornalfatosenoticias.com.br\/index.php\/wp-json\/wp\/v2\/media?parent=42596"}],"wp:term":[{"taxonomy":"category","embeddable":true,"href":"https:\/\/jornalfatosenoticias.com.br\/index.php\/wp-json\/wp\/v2\/categories?post=42596"},{"taxonomy":"post_tag","embeddable":true,"href":"https:\/\/jornalfatosenoticias.com.br\/index.php\/wp-json\/wp\/v2\/tags?post=42596"}],"curies":[{"name":"wp","href":"https:\/\/api.w.org\/{rel}","templated":true}]}}