{"id":42618,"date":"2023-06-21T10:45:41","date_gmt":"2023-06-21T13:45:41","guid":{"rendered":"https:\/\/jornalfatosenoticias.com.br\/?p=42618"},"modified":"2023-06-21T10:47:20","modified_gmt":"2023-06-21T13:47:20","slug":"ministro-de-lula-quer-dar-autonomia-ao-governo-para-demitir-presidente-do-banco-central","status":"publish","type":"post","link":"https:\/\/jornalfatosenoticias.com.br\/index.php\/2023\/06\/21\/ministro-de-lula-quer-dar-autonomia-ao-governo-para-demitir-presidente-do-banco-central\/","title":{"rendered":"Ministro de Lula quer dar autonomia ao governo para demitir presidente do Banco Central"},"content":{"rendered":"\n<p><em><span class=\"has-inline-color has-black-color\">Roberto Campos Neto, presidente do Banco Central, tem mandato at\u00e9 o fim de 2024<\/span><\/em><\/p>\n\n\n\n<div class=\"wp-block-image\"><figure class=\"aligncenter size-large is-resized\"><img loading=\"lazy\" decoding=\"async\" src=\"https:\/\/jornalfatosenoticias.com.br\/wp-content\/uploads\/2022\/02\/Precisao-Contabilidade-1024x724.jpg\" alt=\"\" class=\"wp-image-28088\" width=\"262\" height=\"185\"\/><\/figure><\/div>\n\n\n\n<p>Um dos aliados de primeira linha do governo, o ministro da Casa Civil, <strong><a href=\"https:\/\/revistaoeste.com\/?s=Rui%C2%A0Costa\" target=\"_blank\" rel=\"noreferrer noopener\">Rui\u00a0Costa<\/a><\/strong>, saiu em defesa de mudan\u00e7as na lei de autonomia do Banco Central (<strong><a href=\"https:\/\/revistaoeste.com\/?s=Banco+Central\" target=\"_blank\" rel=\"noreferrer noopener\">BC<\/a><\/strong>) de forma a autorizar o presidente da Rep\u00fablica a demitir o presidente da institui\u00e7\u00e3o.<br>Hoje, a lei diz que o <strong><a href=\"https:\/\/revistaoeste.com\/?s=Luiz+In%C3%A1cio+Lula+da+Silva\" target=\"_blank\" rel=\"noreferrer noopener\">presidente da Rep\u00fablica<\/a><\/strong> pode encaminhar ao Senado um pedido de exonera\u00e7\u00e3o antecipada do presidente do BC em caso de descumprimento de suas obriga\u00e7\u00f5es, entretanto a medida precisa ser chancelada pelos senadores.<\/p>\n\n\n\n<div class=\"wp-block-image\"><figure class=\"aligncenter size-large is-resized\"><img loading=\"lazy\" decoding=\"async\" src=\"https:\/\/jornalfatosenoticias.com.br\/wp-content\/uploads\/2020\/02\/logo-embacia.jpg\" alt=\"\" class=\"wp-image-33905\" width=\"234\" height=\"234\"\/><\/figure><\/div>\n\n\n\n<blockquote class=\"wp-block-quote is-layout-flow wp-block-quote-is-layout-flow\"><p><span class=\"has-inline-color has-luminous-vivid-orange-color\">Nos <strong><a href=\"https:\/\/revistaoeste.com\/?s=Estados+Unidos\" target=\"_blank\" rel=\"noreferrer noopener\">Estados Unidos<\/a><\/strong>, o presidente eleito, depois de 12 meses de mandato, pode substituir o presidente do Banco Central independente\u201d, afirmou Costa. \u201cPorque se a na\u00e7\u00e3o legitimou um projeto econ\u00f4mico, de na\u00e7\u00e3o, atrav\u00e9s do voto, da democracia, isso \u00e9 mais forte do que a concep\u00e7\u00e3o ideol\u00f3gica, o projeto de uma pessoa que est\u00e1 presidindo o Banco Central\u201d, disse o ministro em almo\u00e7o organizado pela <strong><a href=\"https:\/\/fpempreendedorismo.org\/\" target=\"_blank\" rel=\"noreferrer noopener\">Frente Parlamentar do Empreendedorismo<\/a><\/strong> (FPE).<\/span><\/p><\/blockquote>\n\n\n\n<div class=\"wp-block-image\"><figure class=\"aligncenter size-large is-resized\"><img loading=\"lazy\" decoding=\"async\" src=\"https:\/\/jornalfatosenoticias.com.br\/wp-content\/uploads\/2023\/03\/logo-Panper_portal.jpg\" alt=\"\" class=\"wp-image-40208\" width=\"273\" height=\"189\" srcset=\"https:\/\/jornalfatosenoticias.com.br\/wp-content\/uploads\/2023\/03\/logo-Panper_portal.jpg 400w, https:\/\/jornalfatosenoticias.com.br\/wp-content\/uploads\/2023\/03\/logo-Panper_portal-300x208.jpg 300w\" sizes=\"auto, (max-width: 273px) 100vw, 273px\" \/><\/figure><\/div>\n\n\n\n<p>O presidente do BC, Roberto Campos Neto, tem mandato at\u00e9 o fim de 2024. Rui Costa lembrou que o dirigente foi indicado pelo ex-presidente <strong><a href=\"https:\/\/revistaoeste.com\/?s=Jair+Bolsonaro\" target=\"_blank\" rel=\"noreferrer noopener\">Jair Bolsonaro<\/a><\/strong>, que teve seu projeto pol\u00edtico-econ\u00f4mico derrotado nas urnas no ano passado.<\/p>\n\n\n\n<blockquote class=\"wp-block-quote is-layout-flow wp-block-quote-is-layout-flow\"><p><span class=\"has-inline-color has-luminous-vivid-orange-color\">Aqui no Brasil, vamos ter que esperar o final do segundo ano do presidente para fazer substitui\u00e7\u00e3o. \u00c9 algo que precisaria ser ajustado na lei. Se \u00e9 para adotar o projeto de Banco Central independente, vamos, ao menos, olhar o que tem dado certo em outros pa\u00edses\u201d, defendeu o chefe da Casa Civil.<\/span><\/p><\/blockquote>\n\n\n\n<div class=\"wp-block-image\"><figure class=\"aligncenter size-large is-resized\"><img loading=\"lazy\" decoding=\"async\" src=\"https:\/\/jornalfatosenoticias.com.br\/wp-content\/uploads\/2022\/02\/FERRARI_MAQUINAS-E-FERRAMENTAS2.jpg\" alt=\"\" class=\"wp-image-27860\" width=\"250\" height=\"208\"\/><\/figure><\/div>\n\n\n\n<p>Rui Costa voltou a dizer que nenhum ator econ\u00f4mico do pa\u00eds defende a manuten\u00e7\u00e3o da taxa de juros. \u201cNada na gest\u00e3o p\u00fablica, na economia \u00e9 bom tratar com dogmas\u201d, defendeu o ministro.<\/p>\n\n\n\n<p><strong><em>Fonte: <a href=\"https:\/\/revistaoeste.com\/politica\/ministro-de-lula-quer-dar-autonomia-ao-governo-para-demitir-presidente-do-banco-central\/\">Revista Oeste<\/a><\/em><\/strong><\/p>\n","protected":false},"excerpt":{"rendered":"<p>Roberto Campos Neto, presidente do Banco Central, tem mandato at\u00e9 o fim de 2024 Um dos aliados de primeira linha do governo, o ministro da Casa Civil, Rui\u00a0Costa, saiu em defesa de mudan\u00e7as na lei de autonomia do Banco Central (BC) de forma a autorizar o presidente da Rep\u00fablica a demitir o presidente da institui\u00e7\u00e3o.Hoje, [&hellip;]<\/p>\n","protected":false},"author":2,"featured_media":42619,"comment_status":"open","ping_status":"open","sticky":false,"template":"","format":"standard","meta":{"footnotes":""},"categories":[10],"tags":[489,20054,2129,20052,20053,18343,18435],"class_list":["post-42618","post","type-post","status-publish","format-standard","has-post-thumbnail","hentry","category-politica","tag-banco-central","tag-casa-civil","tag-corrupcao","tag-corrupcao-brasileira","tag-esquerda-corrupta-no-brasil","tag-governo-lula","tag-ministro-de-lula"],"yoast_head":"<!-- This site is optimized with the Yoast SEO plugin v26.5 - https:\/\/yoast.com\/wordpress\/plugins\/seo\/ -->\n<title>Ministro de Lula quer dar autonomia ao governo para demitir presidente do Banco Central - Jornal Fatos e Not\u00edcias<\/title>\n<meta name=\"robots\" content=\"index, follow, max-snippet:-1, max-image-preview:large, max-video-preview:-1\" \/>\n<link rel=\"canonical\" href=\"https:\/\/jornalfatosenoticias.com.br\/index.php\/2023\/06\/21\/ministro-de-lula-quer-dar-autonomia-ao-governo-para-demitir-presidente-do-banco-central\/\" \/>\n<meta property=\"og:locale\" content=\"pt_BR\" \/>\n<meta property=\"og:type\" content=\"article\" \/>\n<meta property=\"og:title\" content=\"Ministro de Lula quer dar autonomia ao governo para demitir presidente do Banco Central - Jornal Fatos e Not\u00edcias\" \/>\n<meta property=\"og:description\" content=\"Roberto Campos Neto, presidente do Banco Central, tem mandato at\u00e9 o fim de 2024 Um dos aliados de primeira linha do governo, o ministro da Casa Civil, Rui\u00a0Costa, saiu em defesa de mudan\u00e7as na lei de autonomia do Banco Central (BC) de forma a autorizar o presidente da Rep\u00fablica a demitir o presidente da institui\u00e7\u00e3o.Hoje, [&hellip;]\" \/>\n<meta property=\"og:url\" content=\"https:\/\/jornalfatosenoticias.com.br\/index.php\/2023\/06\/21\/ministro-de-lula-quer-dar-autonomia-ao-governo-para-demitir-presidente-do-banco-central\/\" \/>\n<meta property=\"og:site_name\" content=\"Jornal Fatos e Not\u00edcias\" \/>\n<meta property=\"article:published_time\" content=\"2023-06-21T13:45:41+00:00\" \/>\n<meta property=\"article:modified_time\" content=\"2023-06-21T13:47:20+00:00\" \/>\n<meta property=\"og:image\" content=\"https:\/\/jornalfatosenoticias.com.br\/wp-content\/uploads\/2023\/06\/banco_central_economia-1.jpg\" \/>\n\t<meta property=\"og:image:width\" content=\"1000\" \/>\n\t<meta property=\"og:image:height\" content=\"598\" \/>\n\t<meta property=\"og:image:type\" content=\"image\/jpeg\" \/>\n<meta name=\"author\" content=\"Luzimara Fernandes\" \/>\n<meta name=\"twitter:card\" content=\"summary_large_image\" \/>\n<meta name=\"twitter:label1\" content=\"Escrito por\" \/>\n\t<meta name=\"twitter:data1\" content=\"Luzimara Fernandes\" \/>\n\t<meta name=\"twitter:label2\" content=\"Est. tempo de leitura\" \/>\n\t<meta name=\"twitter:data2\" content=\"2 minutos\" \/>\n<script type=\"application\/ld+json\" class=\"yoast-schema-graph\">{\"@context\":\"https:\/\/schema.org\",\"@graph\":[{\"@type\":\"Article\",\"@id\":\"https:\/\/jornalfatosenoticias.com.br\/index.php\/2023\/06\/21\/ministro-de-lula-quer-dar-autonomia-ao-governo-para-demitir-presidente-do-banco-central\/#article\",\"isPartOf\":{\"@id\":\"https:\/\/jornalfatosenoticias.com.br\/index.php\/2023\/06\/21\/ministro-de-lula-quer-dar-autonomia-ao-governo-para-demitir-presidente-do-banco-central\/\"},\"author\":{\"name\":\"Luzimara Fernandes\",\"@id\":\"https:\/\/jornalfatosenoticias.com.br\/#\/schema\/person\/d63837fa13ac8666eb9e74e0985d6f81\"},\"headline\":\"Ministro de Lula quer dar autonomia ao governo para demitir presidente do Banco Central\",\"datePublished\":\"2023-06-21T13:45:41+00:00\",\"dateModified\":\"2023-06-21T13:47:20+00:00\",\"mainEntityOfPage\":{\"@id\":\"https:\/\/jornalfatosenoticias.com.br\/index.php\/2023\/06\/21\/ministro-de-lula-quer-dar-autonomia-ao-governo-para-demitir-presidente-do-banco-central\/\"},\"wordCount\":316,\"commentCount\":0,\"publisher\":{\"@id\":\"https:\/\/jornalfatosenoticias.com.br\/#organization\"},\"image\":{\"@id\":\"https:\/\/jornalfatosenoticias.com.br\/index.php\/2023\/06\/21\/ministro-de-lula-quer-dar-autonomia-ao-governo-para-demitir-presidente-do-banco-central\/#primaryimage\"},\"thumbnailUrl\":\"https:\/\/jornalfatosenoticias.com.br\/wp-content\/uploads\/2023\/06\/banco_central_economia-1.jpg\",\"keywords\":[\"Banco Central\",\"Casa Civil\",\"corrup\u00e7\u00e3o\",\"corrup\u00e7\u00e3o brasileira\",\"esquerda corrupta no Brasil\",\"governo Lula\",\"ministro de Lula\"],\"articleSection\":[\"Pol\u00edtica\"],\"inLanguage\":\"pt-BR\",\"potentialAction\":[{\"@type\":\"CommentAction\",\"name\":\"Comment\",\"target\":[\"https:\/\/jornalfatosenoticias.com.br\/index.php\/2023\/06\/21\/ministro-de-lula-quer-dar-autonomia-ao-governo-para-demitir-presidente-do-banco-central\/#respond\"]}]},{\"@type\":\"WebPage\",\"@id\":\"https:\/\/jornalfatosenoticias.com.br\/index.php\/2023\/06\/21\/ministro-de-lula-quer-dar-autonomia-ao-governo-para-demitir-presidente-do-banco-central\/\",\"url\":\"https:\/\/jornalfatosenoticias.com.br\/index.php\/2023\/06\/21\/ministro-de-lula-quer-dar-autonomia-ao-governo-para-demitir-presidente-do-banco-central\/\",\"name\":\"Ministro de Lula quer dar autonomia ao governo para demitir presidente do Banco Central - Jornal Fatos e Not\u00edcias\",\"isPartOf\":{\"@id\":\"https:\/\/jornalfatosenoticias.com.br\/#website\"},\"primaryImageOfPage\":{\"@id\":\"https:\/\/jornalfatosenoticias.com.br\/index.php\/2023\/06\/21\/ministro-de-lula-quer-dar-autonomia-ao-governo-para-demitir-presidente-do-banco-central\/#primaryimage\"},\"image\":{\"@id\":\"https:\/\/jornalfatosenoticias.com.br\/index.php\/2023\/06\/21\/ministro-de-lula-quer-dar-autonomia-ao-governo-para-demitir-presidente-do-banco-central\/#primaryimage\"},\"thumbnailUrl\":\"https:\/\/jornalfatosenoticias.com.br\/wp-content\/uploads\/2023\/06\/banco_central_economia-1.jpg\",\"datePublished\":\"2023-06-21T13:45:41+00:00\",\"dateModified\":\"2023-06-21T13:47:20+00:00\",\"breadcrumb\":{\"@id\":\"https:\/\/jornalfatosenoticias.com.br\/index.php\/2023\/06\/21\/ministro-de-lula-quer-dar-autonomia-ao-governo-para-demitir-presidente-do-banco-central\/#breadcrumb\"},\"inLanguage\":\"pt-BR\",\"potentialAction\":[{\"@type\":\"ReadAction\",\"target\":[\"https:\/\/jornalfatosenoticias.com.br\/index.php\/2023\/06\/21\/ministro-de-lula-quer-dar-autonomia-ao-governo-para-demitir-presidente-do-banco-central\/\"]}]},{\"@type\":\"ImageObject\",\"inLanguage\":\"pt-BR\",\"@id\":\"https:\/\/jornalfatosenoticias.com.br\/index.php\/2023\/06\/21\/ministro-de-lula-quer-dar-autonomia-ao-governo-para-demitir-presidente-do-banco-central\/#primaryimage\",\"url\":\"https:\/\/jornalfatosenoticias.com.br\/wp-content\/uploads\/2023\/06\/banco_central_economia-1.jpg\",\"contentUrl\":\"https:\/\/jornalfatosenoticias.com.br\/wp-content\/uploads\/2023\/06\/banco_central_economia-1.jpg\",\"width\":1000,\"height\":598},{\"@type\":\"BreadcrumbList\",\"@id\":\"https:\/\/jornalfatosenoticias.com.br\/index.php\/2023\/06\/21\/ministro-de-lula-quer-dar-autonomia-ao-governo-para-demitir-presidente-do-banco-central\/#breadcrumb\",\"itemListElement\":[{\"@type\":\"ListItem\",\"position\":1,\"name\":\"In\u00edcio\",\"item\":\"https:\/\/jornalfatosenoticias.com.br\/\"},{\"@type\":\"ListItem\",\"position\":2,\"name\":\"Ministro de Lula quer dar autonomia ao governo para demitir presidente do Banco Central\"}]},{\"@type\":\"WebSite\",\"@id\":\"https:\/\/jornalfatosenoticias.com.br\/#website\",\"url\":\"https:\/\/jornalfatosenoticias.com.br\/\",\"name\":\"Jornal Fatos e Not\u00edcias\",\"description\":\"Not\u00edcias em geral\",\"publisher\":{\"@id\":\"https:\/\/jornalfatosenoticias.com.br\/#organization\"},\"potentialAction\":[{\"@type\":\"SearchAction\",\"target\":{\"@type\":\"EntryPoint\",\"urlTemplate\":\"https:\/\/jornalfatosenoticias.com.br\/?s={search_term_string}\"},\"query-input\":{\"@type\":\"PropertyValueSpecification\",\"valueRequired\":true,\"valueName\":\"search_term_string\"}}],\"inLanguage\":\"pt-BR\"},{\"@type\":\"Organization\",\"@id\":\"https:\/\/jornalfatosenoticias.com.br\/#organization\",\"name\":\"Jornal Fatos e Not\u00edcias\",\"url\":\"https:\/\/jornalfatosenoticias.com.br\/\",\"logo\":{\"@type\":\"ImageObject\",\"inLanguage\":\"pt-BR\",\"@id\":\"https:\/\/jornalfatosenoticias.com.br\/#\/schema\/logo\/image\/\",\"url\":\"https:\/\/jornalfatosenoticias.com.br\/wp-content\/uploads\/2020\/02\/logo120.png\",\"contentUrl\":\"https:\/\/jornalfatosenoticias.com.br\/wp-content\/uploads\/2020\/02\/logo120.png\",\"width\":1227,\"height\":120,\"caption\":\"Jornal Fatos e Not\u00edcias\"},\"image\":{\"@id\":\"https:\/\/jornalfatosenoticias.com.br\/#\/schema\/logo\/image\/\"}},{\"@type\":\"Person\",\"@id\":\"https:\/\/jornalfatosenoticias.com.br\/#\/schema\/person\/d63837fa13ac8666eb9e74e0985d6f81\",\"name\":\"Luzimara Fernandes\",\"image\":{\"@type\":\"ImageObject\",\"inLanguage\":\"pt-BR\",\"@id\":\"https:\/\/jornalfatosenoticias.com.br\/#\/schema\/person\/image\/\",\"url\":\"https:\/\/jornalfatosenoticias.com.br\/wp-content\/uploads\/2025\/05\/EU_portal.jpg\",\"contentUrl\":\"https:\/\/jornalfatosenoticias.com.br\/wp-content\/uploads\/2025\/05\/EU_portal.jpg\",\"caption\":\"Luzimara Fernandes\"},\"description\":\"Jornalista MTB 2358-ES\",\"sameAs\":[\"https:\/\/jornalfatosenoticias.com.br\"],\"url\":\"https:\/\/jornalfatosenoticias.com.br\/index.php\/author\/luzimara\/\"}]}<\/script>\n<!-- \/ Yoast SEO plugin. -->","yoast_head_json":{"title":"Ministro de Lula quer dar autonomia ao governo para demitir presidente do Banco Central - Jornal Fatos e Not\u00edcias","robots":{"index":"index","follow":"follow","max-snippet":"max-snippet:-1","max-image-preview":"max-image-preview:large","max-video-preview":"max-video-preview:-1"},"canonical":"https:\/\/jornalfatosenoticias.com.br\/index.php\/2023\/06\/21\/ministro-de-lula-quer-dar-autonomia-ao-governo-para-demitir-presidente-do-banco-central\/","og_locale":"pt_BR","og_type":"article","og_title":"Ministro de Lula quer dar autonomia ao governo para demitir presidente do Banco Central - Jornal Fatos e Not\u00edcias","og_description":"Roberto Campos Neto, presidente do Banco Central, tem mandato at\u00e9 o fim de 2024 Um dos aliados de primeira linha do governo, o ministro da Casa Civil, Rui\u00a0Costa, saiu em defesa de mudan\u00e7as na lei de autonomia do Banco Central (BC) de forma a autorizar o presidente da Rep\u00fablica a demitir o presidente da institui\u00e7\u00e3o.Hoje, [&hellip;]","og_url":"https:\/\/jornalfatosenoticias.com.br\/index.php\/2023\/06\/21\/ministro-de-lula-quer-dar-autonomia-ao-governo-para-demitir-presidente-do-banco-central\/","og_site_name":"Jornal Fatos e Not\u00edcias","article_published_time":"2023-06-21T13:45:41+00:00","article_modified_time":"2023-06-21T13:47:20+00:00","og_image":[{"width":1000,"height":598,"url":"https:\/\/jornalfatosenoticias.com.br\/wp-content\/uploads\/2023\/06\/banco_central_economia-1.jpg","type":"image\/jpeg"}],"author":"Luzimara Fernandes","twitter_card":"summary_large_image","twitter_misc":{"Escrito por":"Luzimara Fernandes","Est. tempo de leitura":"2 minutos"},"schema":{"@context":"https:\/\/schema.org","@graph":[{"@type":"Article","@id":"https:\/\/jornalfatosenoticias.com.br\/index.php\/2023\/06\/21\/ministro-de-lula-quer-dar-autonomia-ao-governo-para-demitir-presidente-do-banco-central\/#article","isPartOf":{"@id":"https:\/\/jornalfatosenoticias.com.br\/index.php\/2023\/06\/21\/ministro-de-lula-quer-dar-autonomia-ao-governo-para-demitir-presidente-do-banco-central\/"},"author":{"name":"Luzimara Fernandes","@id":"https:\/\/jornalfatosenoticias.com.br\/#\/schema\/person\/d63837fa13ac8666eb9e74e0985d6f81"},"headline":"Ministro de Lula quer dar autonomia ao governo para demitir presidente do Banco Central","datePublished":"2023-06-21T13:45:41+00:00","dateModified":"2023-06-21T13:47:20+00:00","mainEntityOfPage":{"@id":"https:\/\/jornalfatosenoticias.com.br\/index.php\/2023\/06\/21\/ministro-de-lula-quer-dar-autonomia-ao-governo-para-demitir-presidente-do-banco-central\/"},"wordCount":316,"commentCount":0,"publisher":{"@id":"https:\/\/jornalfatosenoticias.com.br\/#organization"},"image":{"@id":"https:\/\/jornalfatosenoticias.com.br\/index.php\/2023\/06\/21\/ministro-de-lula-quer-dar-autonomia-ao-governo-para-demitir-presidente-do-banco-central\/#primaryimage"},"thumbnailUrl":"https:\/\/jornalfatosenoticias.com.br\/wp-content\/uploads\/2023\/06\/banco_central_economia-1.jpg","keywords":["Banco Central","Casa Civil","corrup\u00e7\u00e3o","corrup\u00e7\u00e3o brasileira","esquerda corrupta no Brasil","governo Lula","ministro de Lula"],"articleSection":["Pol\u00edtica"],"inLanguage":"pt-BR","potentialAction":[{"@type":"CommentAction","name":"Comment","target":["https:\/\/jornalfatosenoticias.com.br\/index.php\/2023\/06\/21\/ministro-de-lula-quer-dar-autonomia-ao-governo-para-demitir-presidente-do-banco-central\/#respond"]}]},{"@type":"WebPage","@id":"https:\/\/jornalfatosenoticias.com.br\/index.php\/2023\/06\/21\/ministro-de-lula-quer-dar-autonomia-ao-governo-para-demitir-presidente-do-banco-central\/","url":"https:\/\/jornalfatosenoticias.com.br\/index.php\/2023\/06\/21\/ministro-de-lula-quer-dar-autonomia-ao-governo-para-demitir-presidente-do-banco-central\/","name":"Ministro de Lula quer dar autonomia ao governo para demitir presidente do Banco Central - Jornal Fatos e Not\u00edcias","isPartOf":{"@id":"https:\/\/jornalfatosenoticias.com.br\/#website"},"primaryImageOfPage":{"@id":"https:\/\/jornalfatosenoticias.com.br\/index.php\/2023\/06\/21\/ministro-de-lula-quer-dar-autonomia-ao-governo-para-demitir-presidente-do-banco-central\/#primaryimage"},"image":{"@id":"https:\/\/jornalfatosenoticias.com.br\/index.php\/2023\/06\/21\/ministro-de-lula-quer-dar-autonomia-ao-governo-para-demitir-presidente-do-banco-central\/#primaryimage"},"thumbnailUrl":"https:\/\/jornalfatosenoticias.com.br\/wp-content\/uploads\/2023\/06\/banco_central_economia-1.jpg","datePublished":"2023-06-21T13:45:41+00:00","dateModified":"2023-06-21T13:47:20+00:00","breadcrumb":{"@id":"https:\/\/jornalfatosenoticias.com.br\/index.php\/2023\/06\/21\/ministro-de-lula-quer-dar-autonomia-ao-governo-para-demitir-presidente-do-banco-central\/#breadcrumb"},"inLanguage":"pt-BR","potentialAction":[{"@type":"ReadAction","target":["https:\/\/jornalfatosenoticias.com.br\/index.php\/2023\/06\/21\/ministro-de-lula-quer-dar-autonomia-ao-governo-para-demitir-presidente-do-banco-central\/"]}]},{"@type":"ImageObject","inLanguage":"pt-BR","@id":"https:\/\/jornalfatosenoticias.com.br\/index.php\/2023\/06\/21\/ministro-de-lula-quer-dar-autonomia-ao-governo-para-demitir-presidente-do-banco-central\/#primaryimage","url":"https:\/\/jornalfatosenoticias.com.br\/wp-content\/uploads\/2023\/06\/banco_central_economia-1.jpg","contentUrl":"https:\/\/jornalfatosenoticias.com.br\/wp-content\/uploads\/2023\/06\/banco_central_economia-1.jpg","width":1000,"height":598},{"@type":"BreadcrumbList","@id":"https:\/\/jornalfatosenoticias.com.br\/index.php\/2023\/06\/21\/ministro-de-lula-quer-dar-autonomia-ao-governo-para-demitir-presidente-do-banco-central\/#breadcrumb","itemListElement":[{"@type":"ListItem","position":1,"name":"In\u00edcio","item":"https:\/\/jornalfatosenoticias.com.br\/"},{"@type":"ListItem","position":2,"name":"Ministro de Lula quer dar autonomia ao governo para demitir presidente do Banco Central"}]},{"@type":"WebSite","@id":"https:\/\/jornalfatosenoticias.com.br\/#website","url":"https:\/\/jornalfatosenoticias.com.br\/","name":"Jornal Fatos e Not\u00edcias","description":"Not\u00edcias em geral","publisher":{"@id":"https:\/\/jornalfatosenoticias.com.br\/#organization"},"potentialAction":[{"@type":"SearchAction","target":{"@type":"EntryPoint","urlTemplate":"https:\/\/jornalfatosenoticias.com.br\/?s={search_term_string}"},"query-input":{"@type":"PropertyValueSpecification","valueRequired":true,"valueName":"search_term_string"}}],"inLanguage":"pt-BR"},{"@type":"Organization","@id":"https:\/\/jornalfatosenoticias.com.br\/#organization","name":"Jornal Fatos e Not\u00edcias","url":"https:\/\/jornalfatosenoticias.com.br\/","logo":{"@type":"ImageObject","inLanguage":"pt-BR","@id":"https:\/\/jornalfatosenoticias.com.br\/#\/schema\/logo\/image\/","url":"https:\/\/jornalfatosenoticias.com.br\/wp-content\/uploads\/2020\/02\/logo120.png","contentUrl":"https:\/\/jornalfatosenoticias.com.br\/wp-content\/uploads\/2020\/02\/logo120.png","width":1227,"height":120,"caption":"Jornal Fatos e Not\u00edcias"},"image":{"@id":"https:\/\/jornalfatosenoticias.com.br\/#\/schema\/logo\/image\/"}},{"@type":"Person","@id":"https:\/\/jornalfatosenoticias.com.br\/#\/schema\/person\/d63837fa13ac8666eb9e74e0985d6f81","name":"Luzimara Fernandes","image":{"@type":"ImageObject","inLanguage":"pt-BR","@id":"https:\/\/jornalfatosenoticias.com.br\/#\/schema\/person\/image\/","url":"https:\/\/jornalfatosenoticias.com.br\/wp-content\/uploads\/2025\/05\/EU_portal.jpg","contentUrl":"https:\/\/jornalfatosenoticias.com.br\/wp-content\/uploads\/2025\/05\/EU_portal.jpg","caption":"Luzimara Fernandes"},"description":"Jornalista MTB 2358-ES","sameAs":["https:\/\/jornalfatosenoticias.com.br"],"url":"https:\/\/jornalfatosenoticias.com.br\/index.php\/author\/luzimara\/"}]}},"cc_featured_image_caption":{"caption_text":"(Foto: Marcelo Casal Jr\/Ag\u00eancia Brasil) ","source_text":"","source_url":""},"jetpack_featured_media_url":"https:\/\/jornalfatosenoticias.com.br\/wp-content\/uploads\/2023\/06\/banco_central_economia-1.jpg","_links":{"self":[{"href":"https:\/\/jornalfatosenoticias.com.br\/index.php\/wp-json\/wp\/v2\/posts\/42618","targetHints":{"allow":["GET"]}}],"collection":[{"href":"https:\/\/jornalfatosenoticias.com.br\/index.php\/wp-json\/wp\/v2\/posts"}],"about":[{"href":"https:\/\/jornalfatosenoticias.com.br\/index.php\/wp-json\/wp\/v2\/types\/post"}],"author":[{"embeddable":true,"href":"https:\/\/jornalfatosenoticias.com.br\/index.php\/wp-json\/wp\/v2\/users\/2"}],"replies":[{"embeddable":true,"href":"https:\/\/jornalfatosenoticias.com.br\/index.php\/wp-json\/wp\/v2\/comments?post=42618"}],"version-history":[{"count":0,"href":"https:\/\/jornalfatosenoticias.com.br\/index.php\/wp-json\/wp\/v2\/posts\/42618\/revisions"}],"wp:featuredmedia":[{"embeddable":true,"href":"https:\/\/jornalfatosenoticias.com.br\/index.php\/wp-json\/wp\/v2\/media\/42619"}],"wp:attachment":[{"href":"https:\/\/jornalfatosenoticias.com.br\/index.php\/wp-json\/wp\/v2\/media?parent=42618"}],"wp:term":[{"taxonomy":"category","embeddable":true,"href":"https:\/\/jornalfatosenoticias.com.br\/index.php\/wp-json\/wp\/v2\/categories?post=42618"},{"taxonomy":"post_tag","embeddable":true,"href":"https:\/\/jornalfatosenoticias.com.br\/index.php\/wp-json\/wp\/v2\/tags?post=42618"}],"curies":[{"name":"wp","href":"https:\/\/api.w.org\/{rel}","templated":true}]}}