{"id":42665,"date":"2023-06-22T15:24:35","date_gmt":"2023-06-22T18:24:35","guid":{"rendered":"https:\/\/jornalfatosenoticias.com.br\/?p=42665"},"modified":"2023-06-22T15:24:35","modified_gmt":"2023-06-22T18:24:35","slug":"a-semana-em-brasilia-e-no-es-quadrilhao-do-pt-fachin-vota-para-rejeitar-denuncia-contra-gleisi-hoffmann-no-stf","status":"publish","type":"post","link":"https:\/\/jornalfatosenoticias.com.br\/index.php\/2023\/06\/22\/a-semana-em-brasilia-e-no-es-quadrilhao-do-pt-fachin-vota-para-rejeitar-denuncia-contra-gleisi-hoffmann-no-stf\/","title":{"rendered":"A Semana em Bras\u00edlia e no ES \u2014 \u2018Quadrilh\u00e3o do PT\u2019: Fachin vota para rejeitar den\u00fancia contra Gleisi Hoffmann no STF"},"content":{"rendered":"\n<p><em><span class=\"has-inline-color has-black-color\">Presidente do PT e ex-ministro Paulo Bernardo, em 2017, foram acusados de integrar organiza\u00e7\u00e3o criminosa<\/span><\/em><\/p>\n\n\n\n<p><em><span class=\"has-inline-color has-black-color\">Por <strong><a href=\"https:\/\/www.conexaopolitica.com.br\/author\/raul\/\">Raul Holderf Nascimento<\/a><\/strong><\/span><\/em><\/p>\n\n\n\n<div class=\"wp-block-image\"><figure class=\"aligncenter size-large\"><img loading=\"lazy\" decoding=\"async\" width=\"1024\" height=\"100\" src=\"https:\/\/jornalfatosenoticias.com.br\/wp-content\/uploads\/2022\/05\/NOVA-LOGO-CESCONETTO-1024x100.jpg\" alt=\"\" class=\"wp-image-30792\" srcset=\"https:\/\/jornalfatosenoticias.com.br\/wp-content\/uploads\/2022\/05\/NOVA-LOGO-CESCONETTO-1024x100.jpg 1024w, https:\/\/jornalfatosenoticias.com.br\/wp-content\/uploads\/2022\/05\/NOVA-LOGO-CESCONETTO-300x29.jpg 300w, https:\/\/jornalfatosenoticias.com.br\/wp-content\/uploads\/2022\/05\/NOVA-LOGO-CESCONETTO-768x75.jpg 768w, https:\/\/jornalfatosenoticias.com.br\/wp-content\/uploads\/2022\/05\/NOVA-LOGO-CESCONETTO.jpg 1280w\" sizes=\"auto, (max-width: 1024px) 100vw, 1024px\" \/><\/figure><\/div>\n\n\n\n<p>Na sexta-feira passada (16), o ministro Edson Fachin, do Supremo Tribunal Federal (STF), em seu papel de relator, votou pela rejei\u00e7\u00e3o de uma den\u00fancia apresentada pela Procuradoria-Geral da Rep\u00fablica (PGR) contra a deputada e presidente do PT, Gleisi Hoffmann, e o ex-ministro do Planejamento Paulo Bernardo Silva.<br>O magistrado fundamentou sua decis\u00e3o no fato de que a pr\u00f3pria PGR retrocedeu em rela\u00e7\u00e3o \u00e0 den\u00fancia, solicitando sua rejei\u00e7\u00e3o. Segundo o \u00f3rg\u00e3o, n\u00e3o existem provas suficientes para embasar a acusa\u00e7\u00e3o, o que torna invi\u00e1vel o prosseguimento do processo por falta de \u2018justa causa\u2019.<br>Fachin ressaltou que, nesse est\u00e1gio processual, destinado a avaliar a possibilidade de instaura\u00e7\u00e3o da a\u00e7\u00e3o penal, \u00e9 necess\u00e1rio acatar a falta de interesse da acusa\u00e7\u00e3o em levar adiante o caso, especialmente quando fundamentada em raz\u00f5es plaus\u00edveis ou altera\u00e7\u00f5es f\u00e1ticas que possam influenciar o julgamento do processo.<\/p>\n\n\n\n<div class=\"wp-block-image\"><figure class=\"aligncenter size-large is-resized\"><img loading=\"lazy\" decoding=\"async\" src=\"https:\/\/jornalfatosenoticias.com.br\/wp-content\/uploads\/2022\/07\/Logo-Grupo-SEI.jpg\" alt=\"\" class=\"wp-image-31973\" width=\"278\" height=\"146\" srcset=\"https:\/\/jornalfatosenoticias.com.br\/wp-content\/uploads\/2022\/07\/Logo-Grupo-SEI.jpg 713w, https:\/\/jornalfatosenoticias.com.br\/wp-content\/uploads\/2022\/07\/Logo-Grupo-SEI-300x158.jpg 300w\" sizes=\"auto, (max-width: 278px) 100vw, 278px\" \/><\/figure><\/div>\n\n\n\n<p>A den\u00fancia da PGR teve repercuss\u00e3o nacional e ficou conhecida como \u2018Quadrilh\u00e3o do PT\u2019, quando foi apresentada ao STF ainda 2017. \u00c0 \u00e9poca, \u00f3rg\u00e3o formalizou as acusa\u00e7\u00f5es contra Gleisi, Bernardo e outros membros do PT, incluindo o ex-presidente Luiz In\u00e1cio Lula da Silva e a ex-presidente Dilma Rousseff. Todos eles foram acusados de compor uma suposta organiza\u00e7\u00e3o criminosa ligada \u00e0 \u2018arrecada\u00e7\u00e3o de propina\u2019 em \u00f3rg\u00e3os da administra\u00e7\u00e3o p\u00fablica.<br>Com o julgamento ainda em andamento, os ministros do STF analisam se aceitam ou n\u00e3o a den\u00fancia da PGR. O caso est\u00e1 sendo julgado no plen\u00e1rio virtual, formato em que n\u00e3o h\u00e1 debates entre os ministros, mas apenas registro de votos em um sistema eletr\u00f4nico. O julgamento teve in\u00edcio na sexta-feira (16) e deve chegar ao fim nesta sexta (23). <strong>(Fonte: Conex\u00e3o Pol\u00edtica)<\/strong><\/p>\n\n\n\n<div class=\"wp-block-image\"><figure class=\"aligncenter size-large is-resized\"><img loading=\"lazy\" decoding=\"async\" src=\"https:\/\/jornalfatosenoticias.com.br\/wp-content\/uploads\/2023\/03\/Crypton-1000-\u00d7-900-px-300x270-1.png\" alt=\"\" class=\"wp-image-40206\" width=\"259\" height=\"233\"\/><\/figure><\/div>\n\n\n\n<hr class=\"wp-block-separator\"\/>\n\n\n\n<p><span class=\"has-inline-color has-black-color\"><strong>Minist\u00e9rio de Lula gasta R$ 510 milh\u00f5es sem licita\u00e7\u00e3o, diz site<br><\/strong>De janeiro a junho, foi registrada despesa de R$ 527.347.285,41<br><em>Por<\/em><strong><em> <a href=\"https:\/\/www.conexaopolitica.com.br\/author\/raul\/\">Raul Holderf Nascimento<\/a><\/em><\/strong><\/span><\/p>\n\n\n\n<div class=\"wp-block-image\"><figure class=\"aligncenter size-large\"><img loading=\"lazy\" decoding=\"async\" width=\"640\" height=\"379\" src=\"https:\/\/jornalfatosenoticias.com.br\/wp-content\/uploads\/2023\/06\/farra-com-dinheiro-do-povo_lula.jpg\" alt=\"\" class=\"wp-image-42666\" srcset=\"https:\/\/jornalfatosenoticias.com.br\/wp-content\/uploads\/2023\/06\/farra-com-dinheiro-do-povo_lula.jpg 640w, https:\/\/jornalfatosenoticias.com.br\/wp-content\/uploads\/2023\/06\/farra-com-dinheiro-do-povo_lula-300x178.jpg 300w\" sizes=\"auto, (max-width: 640px) 100vw, 640px\" \/><figcaption><em><span class=\"has-inline-color has-black-color\">(Imagem: Portal Ambiente Legal)<\/span><\/em><\/figcaption><\/figure><\/div>\n\n\n\n<p>De acordo com informa\u00e7\u00f5es do site Metr\u00f3poles, nos primeiros seis meses da nova gest\u00e3o de Luiz In\u00e1cio Lula da Silva, o Minist\u00e9rio da Integra\u00e7\u00e3o e do Desenvolvimento Regional, liderado por Waldez G\u00f3es, realizou gastos no valor de mais de R$ 510 milh\u00f5es sem a necessidade de licita\u00e7\u00e3o.<\/p>\n\n\n\n<div class=\"wp-block-image\"><figure class=\"aligncenter size-large\"><img loading=\"lazy\" decoding=\"async\" width=\"1024\" height=\"99\" src=\"https:\/\/jornalfatosenoticias.com.br\/wp-content\/uploads\/2020\/02\/Logo-Mizu-segunda-2-1024x99.png\" alt=\"\" class=\"wp-image-2353\" srcset=\"https:\/\/jornalfatosenoticias.com.br\/wp-content\/uploads\/2020\/02\/Logo-Mizu-segunda-2-1024x99.png 1024w, https:\/\/jornalfatosenoticias.com.br\/wp-content\/uploads\/2020\/02\/Logo-Mizu-segunda-2-300x29.png 300w, https:\/\/jornalfatosenoticias.com.br\/wp-content\/uploads\/2020\/02\/Logo-Mizu-segunda-2-768x74.png 768w, https:\/\/jornalfatosenoticias.com.br\/wp-content\/uploads\/2020\/02\/Logo-Mizu-segunda-2.png 1240w\" sizes=\"auto, (max-width: 1024px) 100vw, 1024px\" \/><\/figure><\/div>\n\n\n\n<p>Esses gastos, conforme o portal, representam aproximadamente 96,87% das despesas totais da pasta, que somam R$ 527.347.285,41 no per\u00edodo de janeiro a junho deste ano. Os valores foram destinados a despesas realizadas por meio de inexigibilidade ou dispensa de licita\u00e7\u00e3o.<br>O Minist\u00e9rio da Integra\u00e7\u00e3o e do Desenvolvimento Regional, sob a responsabilidade do ex-governador do Amap\u00e1, contempla p\u00fablicas relacionadas \u00e0 habita\u00e7\u00e3o, irriga\u00e7\u00e3o e Defesa Civil nacional, entre outras \u00e1reas.<strong> (Fonte: Conex\u00e3o Pol\u00edtica)<\/strong><\/p>\n\n\n\n<div class=\"wp-block-image\"><figure class=\"aligncenter size-large is-resized\"><img loading=\"lazy\" decoding=\"async\" src=\"https:\/\/jornalfatosenoticias.com.br\/wp-content\/uploads\/2022\/02\/Precisao-Contabilidade-1024x724.jpg\" alt=\"\" class=\"wp-image-28088\" width=\"301\" height=\"213\"\/><\/figure><\/div>\n\n\n\n<hr class=\"wp-block-separator\"\/>\n\n\n\n<p><span class=\"has-inline-color has-black-color\"><strong>O recado do Banco Central a Lula<br><\/strong>Comunicado da autoridade monet\u00e1ria n\u00e3o sinalizou queda na taxa de juros<\/span><\/p>\n\n\n\n<div class=\"wp-block-image\"><figure class=\"aligncenter size-large\"><img loading=\"lazy\" decoding=\"async\" width=\"1000\" height=\"598\" src=\"https:\/\/jornalfatosenoticias.com.br\/wp-content\/uploads\/2023\/06\/banco_central_economia.jpg\" alt=\"\" class=\"wp-image-42167\" srcset=\"https:\/\/jornalfatosenoticias.com.br\/wp-content\/uploads\/2023\/06\/banco_central_economia.jpg 1000w, https:\/\/jornalfatosenoticias.com.br\/wp-content\/uploads\/2023\/06\/banco_central_economia-300x179.jpg 300w, https:\/\/jornalfatosenoticias.com.br\/wp-content\/uploads\/2023\/06\/banco_central_economia-768x459.jpg 768w\" sizes=\"auto, (max-width: 1000px) 100vw, 1000px\" \/><figcaption><em><span class=\"has-inline-color has-black-color\">(Foto: Marcello Casal Jr\/Ag\u00eancia Brasil)<\/span><\/em><\/figcaption><\/figure><\/div>\n\n\n\n<p>O Comit\u00ea de Pol\u00edtica Monet\u00e1ria (Copom) do Banco Central (BC) n\u00e3o deu sinais ao governo federal de que far\u00e1 corte na taxa de juros na pr\u00f3xima reuni\u00e3o, marcada para agosto. Apesar do tom mais \u201cameno\u201d do comunicado divulgado na quarta-feira (21) n\u00e3o h\u00e1 sinaliza\u00e7\u00e3o de que a redu\u00e7\u00e3o come\u00e7a no pr\u00f3ximo encontro dos membros do Copom.<br>A \u00fanica altera\u00e7\u00e3o promovida pela autoridade monet\u00e1ria \u00e9 a retirada do trecho que indicava a possibilidade de um aumento na taxa de juros. No encontro realizado em maio, o Copom afirmou que \u201cn\u00e3o hesitar\u00e1\u201d em retomar o ciclo de ajuste caso o processo de desinfla\u00e7\u00e3o \u201cn\u00e3o transcorra como esperado\u201d. Esse trecho foi retirado do comunicado divulgado pela pasta.<\/p>\n\n\n\n<div class=\"wp-block-image\"><figure class=\"aligncenter size-large is-resized\"><img loading=\"lazy\" decoding=\"async\" src=\"https:\/\/jornalfatosenoticias.com.br\/wp-content\/uploads\/2020\/02\/logo-Panper_portal.jpg\" alt=\"\" class=\"wp-image-34474\" width=\"247\" height=\"171\" srcset=\"https:\/\/jornalfatosenoticias.com.br\/wp-content\/uploads\/2020\/02\/logo-Panper_portal.jpg 400w, https:\/\/jornalfatosenoticias.com.br\/wp-content\/uploads\/2020\/02\/logo-Panper_portal-300x208.jpg 300w\" sizes=\"auto, (max-width: 247px) 100vw, 247px\" \/><\/figure><\/div>\n\n\n\n<p>O colegiado continuou a pedir \u201cpaci\u00eancia e serenidade\u201d e disse que a manuten\u00e7\u00e3o da Selic no patamar de 13,75% tem se mostrado uma pol\u00edtica eficaz. Ainda segundo o BC, o processo de desinfla\u00e7\u00e3o tende a ser mais lento e defendeu a ideia de que as expectativas futuras para o \u00edndice que mede a infla\u00e7\u00e3o (IPCA) seguem desancoradas e demandam cautela e \u201cparcim\u00f4nia\u201d.<\/p>\n\n\n\n<div class=\"wp-block-image\"><figure class=\"aligncenter size-large\"><img decoding=\"async\" src=\"https:\/\/jornalfatosenoticias.com.br\/wp-content\/uploads\/2020\/02\/logo_esteio.jpg\" alt=\"\" class=\"wp-image-1214\"\/><\/figure><\/div>\n\n\n\n<blockquote class=\"wp-block-quote is-layout-flow wp-block-quote-is-layout-flow\"><p><span class=\"has-inline-color has-luminous-vivid-orange-color\">O Copom conduzir\u00e1 a pol\u00edtica monet\u00e1ria necess\u00e1ria para o cumprimento das metas e avalia que a estrat\u00e9gia de manuten\u00e7\u00e3o da taxa b\u00e1sica de juros por per\u00edodo prolongado tem se mostrado adequada para assegurar a converg\u00eancia da infla\u00e7\u00e3o\u201d, afirmou o Copom. \u201cO comit\u00ea refor\u00e7a que ir\u00e1 perseverar at\u00e9 que se consolide n\u00e3o apenas o processo de desinfla\u00e7\u00e3o como tamb\u00e9m a ancoragem das expectativas em torno de suas metas\u201d, declarou.<\/span><\/p><\/blockquote>\n\n\n\n<p>O BC se limitou a dizer que os passos futuros da pol\u00edtica monet\u00e1ria depender\u00e3o da evolu\u00e7\u00e3o da din\u00e2mica \u201cinflacion\u00e1ria\u201d, em especial dos componentes mais sens\u00edveis \u00e0 taxa de juros.<strong><span class=\"has-inline-color has-black-color\"> (Fonte: Revista Oeste)<\/span><\/strong><\/p>\n\n\n\n<div class=\"wp-block-image\"><figure class=\"aligncenter size-large is-resized\"><img loading=\"lazy\" decoding=\"async\" src=\"https:\/\/jornalfatosenoticias.com.br\/wp-content\/uploads\/2022\/02\/FERRARI_MAQUINAS-E-FERRAMENTAS2.jpg\" alt=\"\" class=\"wp-image-27860\" width=\"266\" height=\"222\"\/><\/figure><\/div>\n\n\n\n<hr class=\"wp-block-separator\"\/>\n\n\n\n<p><span class=\"has-inline-color has-black-color\"><strong>Ministros que v\u00e3o julgar Bolsonaro pediram impeachment de ex-presidente e deram parecer favor\u00e1vel a Dilma<br><\/strong><em>Por <\/em><strong><em><a href=\"https:\/\/terrabrasilnoticias.com\/author\/jornalistasterra\/\">Terra Brasil Not\u00edcias<\/a><\/em><\/strong><\/span><\/p>\n\n\n\n<div class=\"wp-block-image\"><figure class=\"aligncenter size-large\"><img loading=\"lazy\" decoding=\"async\" width=\"764\" height=\"401\" src=\"https:\/\/jornalfatosenoticias.com.br\/wp-content\/uploads\/2023\/06\/Ministros-que-vao-julgar-Bolsonaro.jpeg\" alt=\"\" class=\"wp-image-42667\" srcset=\"https:\/\/jornalfatosenoticias.com.br\/wp-content\/uploads\/2023\/06\/Ministros-que-vao-julgar-Bolsonaro.jpeg 764w, https:\/\/jornalfatosenoticias.com.br\/wp-content\/uploads\/2023\/06\/Ministros-que-vao-julgar-Bolsonaro-300x157.jpeg 300w\" sizes=\"auto, (max-width: 764px) 100vw, 764px\" \/><figcaption><em><span class=\"has-inline-color has-black-color\">(Foto: TSE)<\/span><\/em><\/figcaption><\/figure><\/div>\n\n\n\n<p>Os ministros nomeados por Luiz In\u00e1cio Lula da Silva para o Tribunal Superior Eleitoral (TSE) pediram o impeachment de Jair Bolsonaro (PL) e deram pareceres a favor de Dilma Rousseff (PT), al\u00e9m do pr\u00f3prio presidente em a\u00e7\u00e3o na Corte. Nesta quinta-feira (22) sete ministros se re\u00fanem para analisar um processo que pode culminar na inelegibilidade de Bolsonaro por oito anos sob acusa\u00e7\u00e3o de abuso de poder.<\/p>\n\n\n\n<div class=\"wp-block-image\"><figure class=\"aligncenter size-large\"><img loading=\"lazy\" decoding=\"async\" width=\"300\" height=\"137\" src=\"https:\/\/jornalfatosenoticias.com.br\/wp-content\/uploads\/2023\/06\/LOGO_JULIANA-GRACA_PORTAL.jpg\" alt=\"\" class=\"wp-image-42597\"\/><\/figure><\/div>\n\n\n\n<p>Dentre os julgadores, dois deles t\u00eam origem na advocacia, atuaram pelos petistas e foram empossados recentemente por escolha de Lula. A atua\u00e7\u00e3o pret\u00e9rita dos novos magistrados \u2013 Floriano de Azevedo Marques e Andr\u00e9 Ramos Tavares \u2014 n\u00e3o foi questionada pela defesa de Bolsonaro. Pela lei, o r\u00e9u tinha 15 dias para alegar a suspei\u00e7\u00e3o dos ministros, ap\u00f3s o momento em que eles foram nomeados para atuar no processo, o que n\u00e3o ocorreu.<\/p>\n\n\n\n<hr class=\"wp-block-separator\"\/>\n\n\n\n<p><strong><span class=\"has-inline-color has-black-color\">G. Dias s\u00f3 vai depor \u00e0 CPMI depois do recesso<br><\/span><\/strong><span class=\"has-inline-color has-black-color\"><em>Por<\/em> <\/span><strong><span class=\"has-inline-color has-black-color\"><em><a href=\"https:\/\/terrabrasilnoticias.com\/author\/jornalistasterra\/\"><a href=\"https:\/\/terrabrasilnoticias.com\/author\/jornalistasterra\/\">Terra Brasil Not\u00edcias<\/a><\/a><\/em><\/span><\/strong><\/p>\n\n\n\n<div class=\"wp-block-image\"><figure class=\"aligncenter size-large\"><img loading=\"lazy\" decoding=\"async\" width=\"616\" height=\"414\" src=\"https:\/\/jornalfatosenoticias.com.br\/wp-content\/uploads\/2023\/06\/general-Dias_CPMI.jpeg\" alt=\"\" class=\"wp-image-42668\" srcset=\"https:\/\/jornalfatosenoticias.com.br\/wp-content\/uploads\/2023\/06\/general-Dias_CPMI.jpeg 616w, https:\/\/jornalfatosenoticias.com.br\/wp-content\/uploads\/2023\/06\/general-Dias_CPMI-300x202.jpeg 300w\" sizes=\"auto, (max-width: 616px) 100vw, 616px\" \/><figcaption><em><span class=\"has-inline-color has-black-color\">(Foto: Metr\u00f3poles)<\/span><\/em><\/figcaption><\/figure><\/div>\n\n\n\n<p>O ex-chefe do GSI de Lula, general G. Dias, foi convocado anteontem a depor na CPI mista do 8 de Janeiro, depois de uma resist\u00eancia inicial do governo. Mas o seu depoimento est\u00e1 previsto para acontecer somente em agosto, depois do recesso parlamentar do Congresso. G. Dias foi demitido logo ap\u00f3s se tornarem p\u00fablicas as imagens gravadas por c\u00e2meras de seguran\u00e7a em que ele interage com os autores dos ataques dentro do Pal\u00e1cio do Planalto. \u00c9 acusado pela oposi\u00e7\u00e3o de omiss\u00e3o.<\/p>\n\n\n\n<div class=\"wp-block-image\"><figure class=\"aligncenter size-large is-resized\"><img loading=\"lazy\" decoding=\"async\" src=\"https:\/\/jornalfatosenoticias.com.br\/wp-content\/uploads\/2020\/02\/casa-do-torresmo_portal.jpg\" alt=\"\" class=\"wp-image-34472\" width=\"254\" height=\"254\" srcset=\"https:\/\/jornalfatosenoticias.com.br\/wp-content\/uploads\/2020\/02\/casa-do-torresmo_portal.jpg 300w, https:\/\/jornalfatosenoticias.com.br\/wp-content\/uploads\/2020\/02\/casa-do-torresmo_portal-150x150.jpg 150w\" sizes=\"auto, (max-width: 254px) 100vw, 254px\" \/><\/figure><\/div>\n\n\n\n<p>Ap\u00f3s uma resist\u00eancia da base do governo sobre convocar Marco Edson Gon\u00e7alves Dias, ex-ministro do Gabinete de Seguran\u00e7a Institucional (GSI), na CPI mista do 8 de Janeiro no Congresso, parlamentares governistas cederam a press\u00e3o e corroboram para que o general seja ouvido no colegiado. G Dias foi demitido logo ap\u00f3s se tornarem p\u00fablicas as imagens gravadas por c\u00e2meras de seguran\u00e7a em que ele interage com os autores dos ataques dentro do Pal\u00e1cio do Planalto. \u00c9 acusado pela oposi\u00e7\u00e3o de omiss\u00e3o.<\/p>\n\n\n\n<div class=\"wp-block-image\"><figure class=\"aligncenter size-large is-resized\"><img loading=\"lazy\" decoding=\"async\" src=\"https:\/\/jornalfatosenoticias.com.br\/wp-content\/uploads\/2023\/04\/Logo_MasterMind.jpg\" alt=\"\" class=\"wp-image-40974\" width=\"252\" height=\"183\"\/><\/figure><\/div>\n\n\n\n<p>Ap\u00f3s uma resist\u00eancia da base do governo sobre convocar Marco Edson Gon\u00e7alves Dias, ex-ministro do Gabinete de Seguran\u00e7a Institucional (GSI), na CPI mista do 8 de Janeiro no Congresso, parlamentares governistas cederam a press\u00e3o e corroboram para que o general seja ouvido no colegiado.<\/p>\n\n\n\n<hr class=\"wp-block-separator\"\/>\n\n\n\n<p><strong><span class=\"has-inline-color has-black-color\">Zanin chega ao STF sem ter mestrado nem doutorado<br><\/span><\/strong><em><span class=\"has-inline-color has-black-color\">Por<\/span><strong><span class=\"has-inline-color has-black-color\"> <a href=\"https:\/\/terrabrasilnoticias.com\/author\/jornalistasterra\/\">Terra Brasil Not\u00edcias<\/a><\/span><\/strong><\/em> <\/p>\n\n\n\n<div class=\"wp-block-image\"><figure class=\"aligncenter size-large\"><img loading=\"lazy\" decoding=\"async\" width=\"713\" height=\"450\" src=\"https:\/\/jornalfatosenoticias.com.br\/wp-content\/uploads\/2023\/06\/zanin.jpeg\" alt=\"\" class=\"wp-image-42669\" srcset=\"https:\/\/jornalfatosenoticias.com.br\/wp-content\/uploads\/2023\/06\/zanin.jpeg 713w, https:\/\/jornalfatosenoticias.com.br\/wp-content\/uploads\/2023\/06\/zanin-300x189.jpeg 300w, https:\/\/jornalfatosenoticias.com.br\/wp-content\/uploads\/2023\/06\/zanin-350x220.jpeg 350w\" sizes=\"auto, (max-width: 713px) 100vw, 713px\" \/><figcaption><em><span class=\"has-inline-color has-black-color\">(Foto: Reprodu\u00e7\u00e3o)<\/span><\/em><\/figcaption><\/figure><\/div>\n\n\n\n<p>Cristiano Zanin, que teve o nome aprovado pelo Senado Federal por 58 votos contra 18, nesta quarta-feira (21), a indica\u00e7\u00e3o como novo ministro do Supremo Tribunal Federal (STF), n\u00e3o possui mestrado nem doutorado.<br>A carreira dele como advogado come\u00e7ou no ramo empresarial e foi, aos poucos, enveredando para a \u00e1rea criminal e a atua\u00e7\u00e3o junto \u00e0s Cortes Superiores. Ele ganhou notoriedade nacional depois de ficar \u00e0 frente da defesa de Luiz In\u00e1cio Lula da Silva (PT) nos casos da Opera\u00e7\u00e3o Lava Jato \u2014 fato que est\u00e1 no curr\u00edculo que Zanin enviou ao Senado.<\/p>\n\n\n\n<div class=\"wp-block-image\"><figure class=\"aligncenter size-large\"><img loading=\"lazy\" decoding=\"async\" width=\"300\" height=\"250\" src=\"https:\/\/jornalfatosenoticias.com.br\/wp-content\/uploads\/2022\/08\/arte-Casarao.jpg\" alt=\"\" class=\"wp-image-33178\"\/><\/figure><\/div>\n\n\n\n<p>Ao estabelecer os crit\u00e9rios para a indica\u00e7\u00e3o de um ministro do Supremo Tribunal Federal (STF), a Constitui\u00e7\u00e3o n\u00e3o estabelece t\u00edtulos acad\u00eamicos como exig\u00eancia. Basta, de acordo com o artigo 101, que o candidato a uma vaga no patamar mais alto do Judici\u00e1rio brasileiro possua \u201cnot\u00e1vel saber jur\u00eddico\u201d. Contudo, justamente por ser um conceito aberto, n\u00e3o exime os ministros de serem questionados sobre suas jornadas acad\u00eamicas antes do ingresso no Supremo.<br>Na composi\u00e7\u00e3o atual da Corte, apenas dois dos 10 magistrados n\u00e3o possuem doutorado \u2014 Rosa Weber e Dias Toffoli, ambos indicados por presidentes petistas. A atual presidente do Supremo foi escolhida por Dilma Roussef (PT) no seu primeiro mandato, em 2011, enquanto o ex-advogado-geral da Uni\u00e3o foi uma indica\u00e7\u00e3o de Lula em 2009, quando se reelegeu presidente.<\/p>\n\n\n\n<div class=\"wp-block-image\"><figure class=\"aligncenter size-large\"><img decoding=\"async\" src=\"https:\/\/jornalfatosenoticias.com.br\/wp-content\/uploads\/2020\/02\/barao-das-carnes-300x164-1.jpg\" alt=\"\" class=\"wp-image-34339\"\/><\/figure><\/div>\n\n\n\n<p>Todos os demais ministros t\u00eam grau mais elevado de titula\u00e7\u00e3o acad\u00eamica, o doutorado. Alguns j\u00e1 tinham p\u00f3s-doutorado na \u00e9poca da indica\u00e7\u00e3o, como Lu\u00eds Roberto Barroso e Luiz Edson Fachin.<br>Ter emplacado uma tese jur\u00eddica nos tribunais, criado uma nova doutrina ou uma linha de interpreta\u00e7\u00e3o do Direito s\u00e3o alguns exemplos do que tamb\u00e9m pode ser considerado \u201cnot\u00e1vel saber jur\u00eddico\u201d, para al\u00e9m dos diplomas acad\u00eamicos.<br>\u00c0 parte do crit\u00e9rio do not\u00e1vel saber jur\u00eddico, as indica\u00e7\u00f5es s\u00e3o atravessadas por fatores pol\u00edticos. Em momentos de mais instabilidade, o placar da vota\u00e7\u00e3o no Senado ficou mais apertado. Andr\u00e9 Mendon\u00e7a, indicado por Jair Bolsonaro (PL) em 2021, teve s\u00f3 seis votos al\u00e9m do necess\u00e1rio \u2014 o placar da sua aprova\u00e7\u00e3o foi 47 a 32.<\/p>\n\n\n\n<div class=\"wp-block-image\"><figure class=\"aligncenter size-large is-resized\"><img loading=\"lazy\" decoding=\"async\" src=\"https:\/\/jornalfatosenoticias.com.br\/wp-content\/uploads\/2022\/10\/RC_800x750_page-0001.jpg\" alt=\"\" class=\"wp-image-35338\" width=\"254\" height=\"238\" srcset=\"https:\/\/jornalfatosenoticias.com.br\/wp-content\/uploads\/2022\/10\/RC_800x750_page-0001.jpg 400w, https:\/\/jornalfatosenoticias.com.br\/wp-content\/uploads\/2022\/10\/RC_800x750_page-0001-300x281.jpg 300w\" sizes=\"auto, (max-width: 254px) 100vw, 254px\" \/><\/figure><\/div>\n\n\n\n<p>Fachin, indicado no pen\u00faltimo ano de Dilma Roussef na Presid\u00eancia, foi aprovado por 52 votos favor\u00e1veis e 27 contr\u00e1rios. Atento \u00e0 sensibilidade da vota\u00e7\u00e3o pela qual deveria passar, Zanin fez uma s\u00e9rie de reuni\u00f5es com senadores em busca de apoio.<\/p>\n\n\n\n<p><strong><span class=\"has-inline-color has-vivid-red-color\">Aprova\u00e7\u00e3o passou f\u00e1cil no Senado<br><\/span><\/strong>Por 58 votos a 18, o Senado aprovou a indica\u00e7\u00e3o de Cristiano Zanin ao STF. O advogado substituir\u00e1 Ricardo Lewandowski, que se aposentou ap\u00f3s completar 75 anos, a idade limite para um ministro da corte. Zanin tem 47 anos e poder\u00e1 ficar na Corte at\u00e9 2050. Ele ganhou proje\u00e7\u00e3o como advogado de Luiz In\u00e1cio Lula da Silva na Opera\u00e7\u00e3o Lava Jato.<\/p>\n\n\n\n<div class=\"wp-block-image\"><figure class=\"aligncenter size-large is-resized\"><img loading=\"lazy\" decoding=\"async\" src=\"https:\/\/jornalfatosenoticias.com.br\/wp-content\/uploads\/2023\/03\/nova-logo-Marquetti.jpg\" alt=\"\" class=\"wp-image-40207\" width=\"262\" height=\"176\" srcset=\"https:\/\/jornalfatosenoticias.com.br\/wp-content\/uploads\/2023\/03\/nova-logo-Marquetti.jpg 643w, https:\/\/jornalfatosenoticias.com.br\/wp-content\/uploads\/2023\/03\/nova-logo-Marquetti-300x202.jpg 300w\" sizes=\"auto, (max-width: 262px) 100vw, 262px\" \/><\/figure><\/div>\n\n\n\n<p>Essa foi a \u00faltima etapa da indica\u00e7\u00e3o. Agora, o presidente publicar\u00e1 a nomea\u00e7\u00e3o no Di\u00e1rio Oficial da Uni\u00e3o (DOU). A posse no STF deve ocorrer em agosto, devido ao recesso do Judici\u00e1rio em julho. Com o ingresso do advogado na Corte, o STF volta a ter 11 ministros em sua composi\u00e7\u00e3o. Desde o dia 11 de abril, h\u00e1 uma cadeira vaga na mais alta inst\u00e2ncia do Judici\u00e1rio brasileiro ap\u00f3s a aposentadoria do ex-ministro Ricardo Lewandowski.<br>Zanin tamb\u00e9m foi aprovado na Comiss\u00e3o de Constitui\u00e7\u00e3o e Justi\u00e7a mais cedo, numa vota\u00e7\u00e3o cujo placar foi de 21 votos favor\u00e1veis e 5 contr\u00e1rios. Indicado \u00e0 Suprema Corte pelo seu antigo cliente, o advogado precisou responder aos senadores perguntas sobre suposta impessoalidade na indica\u00e7\u00e3o \u2014 em raz\u00e3o da proximidade do profissional com o l\u00edder petista \u2014 bem como seu posicionamento sobre futuros julgamentos que envolvem o Partido dos Trabalhadores ou temas sens\u00edveis \u00e0 opini\u00e3o p\u00fablica, como legaliza\u00e7\u00e3o das drogas e aborto.<\/p>\n\n\n\n<div class=\"wp-block-image\"><figure class=\"aligncenter size-large is-resized\"><img loading=\"lazy\" decoding=\"async\" src=\"https:\/\/jornalfatosenoticias.com.br\/wp-content\/uploads\/2020\/02\/logo-embacia.jpg\" alt=\"\" class=\"wp-image-33905\" width=\"270\" height=\"270\"\/><\/figure><\/div>\n\n\n\n<hr class=\"wp-block-separator\"\/>\n\n\n\n<p><strong><span class=\"has-inline-color has-black-color\">Marcos Rog\u00e9rio substituir\u00e1 Marcos do Val na CPMI do 8 de Janeiro<br><\/span><\/strong><span class=\"has-inline-color has-black-color\">De<\/span><strong><span class=\"has-inline-color has-black-color\"> <a href=\"https:\/\/gazetabrasil.com.br\/author\/gianlucca-gattai\/\">Gianlucca Gattai<\/a><\/span><\/strong><\/p>\n\n\n\n<div class=\"wp-block-image\"><figure class=\"aligncenter size-large\"><img loading=\"lazy\" decoding=\"async\" width=\"750\" height=\"375\" src=\"https:\/\/jornalfatosenoticias.com.br\/wp-content\/uploads\/2023\/06\/MARCOS-ROGERIO.jpg\" alt=\"\" class=\"wp-image-42670\" srcset=\"https:\/\/jornalfatosenoticias.com.br\/wp-content\/uploads\/2023\/06\/MARCOS-ROGERIO.jpg 750w, https:\/\/jornalfatosenoticias.com.br\/wp-content\/uploads\/2023\/06\/MARCOS-ROGERIO-300x150.jpg 300w\" sizes=\"auto, (max-width: 750px) 100vw, 750px\" \/><figcaption><em><span class=\"has-inline-color has-black-color\">(Foto: Waldemir Barreto\/Ag\u00eancia Senado)<\/span><\/em><\/figcaption><\/figure><\/div>\n\n\n\n<p>O senador Marcos Rog\u00e9rio (PL-RO) substituir\u00e1 o tamb\u00e9m senador Marcos do Val (Podemos-ES) na Comiss\u00e3o Parlamentar Mista de Inqu\u00e9rito (CPMI) que investiga os atos do dia 8 de janeiro deste ano. Marcos do Val licenciou-se da atividade parlamentar e sua assessoria anunciou que Rog\u00e9rio vai substitu\u00ed-lo na comiss\u00e3o.<br>Na segunda (19), Marcos do Val discursou no Plen\u00e1rio e apresentou sua defesa em rela\u00e7\u00e3o \u00e0s acusa\u00e7\u00f5es feitas em investiga\u00e7\u00e3o da PF sobre sua participa\u00e7\u00e3o em uma suposta tentativa de golpe de Estado.<strong> (Fonte: Gazeta Brasil)<\/strong><\/p>\n","protected":false},"excerpt":{"rendered":"<p>Presidente do PT e ex-ministro Paulo Bernardo, em 2017, foram acusados de integrar organiza\u00e7\u00e3o criminosa Por Raul Holderf Nascimento Na sexta-feira passada (16), o ministro Edson Fachin, do Supremo Tribunal Federal (STF), em seu papel de relator, votou pela rejei\u00e7\u00e3o de uma den\u00fancia apresentada pela Procuradoria-Geral da Rep\u00fablica (PGR) contra a deputada e presidente do [&hellip;]<\/p>\n","protected":false},"author":3,"featured_media":42672,"comment_status":"open","ping_status":"open","sticky":false,"template":"","format":"standard","meta":{"footnotes":""},"categories":[10],"tags":[18055,489,18057,20083,240,18749,13869,18343,286,20082,10715,1168,1800,301,294],"class_list":["post-42665","post","type-post","status-publish","format-standard","has-post-thumbnail","hentry","category-politica","tag-8-de-janeiro","tag-banco-central","tag-cpmi","tag-cpmi-8-de-janeiro","tag-economia","tag-edson-fachin","tag-gleisi-hoffmann","tag-governo-lula","tag-juros","tag-marcos-do-val","tag-marcos-rogerio","tag-mercado-financeiro","tag-ministros","tag-pgr","tag-stf"],"yoast_head":"<!-- This site is optimized with the Yoast SEO plugin v26.5 - https:\/\/yoast.com\/wordpress\/plugins\/seo\/ -->\n<title>A Semana em Bras\u00edlia e no ES \u2014 \u2018Quadrilh\u00e3o do PT\u2019: Fachin vota para rejeitar den\u00fancia contra Gleisi Hoffmann no STF - Jornal Fatos e Not\u00edcias<\/title>\n<meta name=\"robots\" content=\"index, follow, max-snippet:-1, max-image-preview:large, max-video-preview:-1\" \/>\n<link rel=\"canonical\" href=\"https:\/\/jornalfatosenoticias.com.br\/index.php\/2023\/06\/22\/a-semana-em-brasilia-e-no-es-quadrilhao-do-pt-fachin-vota-para-rejeitar-denuncia-contra-gleisi-hoffmann-no-stf\/\" \/>\n<meta property=\"og:locale\" content=\"pt_BR\" \/>\n<meta property=\"og:type\" content=\"article\" \/>\n<meta property=\"og:title\" content=\"A Semana em Bras\u00edlia e no ES \u2014 \u2018Quadrilh\u00e3o do PT\u2019: Fachin vota para rejeitar den\u00fancia contra Gleisi Hoffmann no STF - Jornal Fatos e Not\u00edcias\" \/>\n<meta property=\"og:description\" content=\"Presidente do PT e ex-ministro Paulo Bernardo, em 2017, foram acusados de integrar organiza\u00e7\u00e3o criminosa Por Raul Holderf Nascimento Na sexta-feira passada (16), o ministro Edson Fachin, do Supremo Tribunal Federal (STF), em seu papel de relator, votou pela rejei\u00e7\u00e3o de uma den\u00fancia apresentada pela Procuradoria-Geral da Rep\u00fablica (PGR) contra a deputada e presidente do [&hellip;]\" \/>\n<meta property=\"og:url\" content=\"https:\/\/jornalfatosenoticias.com.br\/index.php\/2023\/06\/22\/a-semana-em-brasilia-e-no-es-quadrilhao-do-pt-fachin-vota-para-rejeitar-denuncia-contra-gleisi-hoffmann-no-stf\/\" \/>\n<meta property=\"og:site_name\" content=\"Jornal Fatos e Not\u00edcias\" \/>\n<meta property=\"article:published_time\" content=\"2023-06-22T18:24:35+00:00\" \/>\n<meta property=\"og:image\" content=\"https:\/\/jornalfatosenoticias.com.br\/wp-content\/uploads\/2023\/06\/quadrilhao-PT.jpg\" \/>\n\t<meta property=\"og:image:width\" content=\"1000\" \/>\n\t<meta property=\"og:image:height\" content=\"562\" \/>\n\t<meta property=\"og:image:type\" content=\"image\/jpeg\" \/>\n<meta name=\"author\" content=\"Haroldo Filho\" \/>\n<meta name=\"twitter:card\" content=\"summary_large_image\" \/>\n<meta name=\"twitter:label1\" content=\"Escrito por\" \/>\n\t<meta name=\"twitter:data1\" content=\"Haroldo Filho\" \/>\n\t<meta name=\"twitter:label2\" content=\"Est. tempo de leitura\" \/>\n\t<meta name=\"twitter:data2\" content=\"10 minutos\" \/>\n<script type=\"application\/ld+json\" class=\"yoast-schema-graph\">{\"@context\":\"https:\/\/schema.org\",\"@graph\":[{\"@type\":\"Article\",\"@id\":\"https:\/\/jornalfatosenoticias.com.br\/index.php\/2023\/06\/22\/a-semana-em-brasilia-e-no-es-quadrilhao-do-pt-fachin-vota-para-rejeitar-denuncia-contra-gleisi-hoffmann-no-stf\/#article\",\"isPartOf\":{\"@id\":\"https:\/\/jornalfatosenoticias.com.br\/index.php\/2023\/06\/22\/a-semana-em-brasilia-e-no-es-quadrilhao-do-pt-fachin-vota-para-rejeitar-denuncia-contra-gleisi-hoffmann-no-stf\/\"},\"author\":{\"name\":\"Haroldo Filho\",\"@id\":\"https:\/\/jornalfatosenoticias.com.br\/#\/schema\/person\/05c46cc25b42a5c27e004fb0fa6b4965\"},\"headline\":\"A Semana em Bras\u00edlia e no ES \u2014 \u2018Quadrilh\u00e3o do PT\u2019: Fachin vota para rejeitar den\u00fancia contra Gleisi Hoffmann no STF\",\"datePublished\":\"2023-06-22T18:24:35+00:00\",\"mainEntityOfPage\":{\"@id\":\"https:\/\/jornalfatosenoticias.com.br\/index.php\/2023\/06\/22\/a-semana-em-brasilia-e-no-es-quadrilhao-do-pt-fachin-vota-para-rejeitar-denuncia-contra-gleisi-hoffmann-no-stf\/\"},\"wordCount\":2045,\"commentCount\":0,\"publisher\":{\"@id\":\"https:\/\/jornalfatosenoticias.com.br\/#organization\"},\"image\":{\"@id\":\"https:\/\/jornalfatosenoticias.com.br\/index.php\/2023\/06\/22\/a-semana-em-brasilia-e-no-es-quadrilhao-do-pt-fachin-vota-para-rejeitar-denuncia-contra-gleisi-hoffmann-no-stf\/#primaryimage\"},\"thumbnailUrl\":\"https:\/\/jornalfatosenoticias.com.br\/wp-content\/uploads\/2023\/06\/quadrilhao-PT.jpg\",\"keywords\":[\"8 de janeiro\",\"Banco Central\",\"CPMI\",\"CPMI 8 de Janeiro\",\"economia\",\"Edson Fachin\",\"Gleisi Hoffmann\",\"governo Lula\",\"juros\",\"Marcos do Val\",\"Marcos Rog\u00e9rio\",\"mercado financeiro\",\"ministros\",\"PGR\",\"STF\"],\"articleSection\":[\"Pol\u00edtica\"],\"inLanguage\":\"pt-BR\",\"potentialAction\":[{\"@type\":\"CommentAction\",\"name\":\"Comment\",\"target\":[\"https:\/\/jornalfatosenoticias.com.br\/index.php\/2023\/06\/22\/a-semana-em-brasilia-e-no-es-quadrilhao-do-pt-fachin-vota-para-rejeitar-denuncia-contra-gleisi-hoffmann-no-stf\/#respond\"]}]},{\"@type\":\"WebPage\",\"@id\":\"https:\/\/jornalfatosenoticias.com.br\/index.php\/2023\/06\/22\/a-semana-em-brasilia-e-no-es-quadrilhao-do-pt-fachin-vota-para-rejeitar-denuncia-contra-gleisi-hoffmann-no-stf\/\",\"url\":\"https:\/\/jornalfatosenoticias.com.br\/index.php\/2023\/06\/22\/a-semana-em-brasilia-e-no-es-quadrilhao-do-pt-fachin-vota-para-rejeitar-denuncia-contra-gleisi-hoffmann-no-stf\/\",\"name\":\"A Semana em Bras\u00edlia e no ES \u2014 \u2018Quadrilh\u00e3o do PT\u2019: Fachin vota para rejeitar den\u00fancia contra Gleisi Hoffmann no STF - Jornal Fatos e Not\u00edcias\",\"isPartOf\":{\"@id\":\"https:\/\/jornalfatosenoticias.com.br\/#website\"},\"primaryImageOfPage\":{\"@id\":\"https:\/\/jornalfatosenoticias.com.br\/index.php\/2023\/06\/22\/a-semana-em-brasilia-e-no-es-quadrilhao-do-pt-fachin-vota-para-rejeitar-denuncia-contra-gleisi-hoffmann-no-stf\/#primaryimage\"},\"image\":{\"@id\":\"https:\/\/jornalfatosenoticias.com.br\/index.php\/2023\/06\/22\/a-semana-em-brasilia-e-no-es-quadrilhao-do-pt-fachin-vota-para-rejeitar-denuncia-contra-gleisi-hoffmann-no-stf\/#primaryimage\"},\"thumbnailUrl\":\"https:\/\/jornalfatosenoticias.com.br\/wp-content\/uploads\/2023\/06\/quadrilhao-PT.jpg\",\"datePublished\":\"2023-06-22T18:24:35+00:00\",\"breadcrumb\":{\"@id\":\"https:\/\/jornalfatosenoticias.com.br\/index.php\/2023\/06\/22\/a-semana-em-brasilia-e-no-es-quadrilhao-do-pt-fachin-vota-para-rejeitar-denuncia-contra-gleisi-hoffmann-no-stf\/#breadcrumb\"},\"inLanguage\":\"pt-BR\",\"potentialAction\":[{\"@type\":\"ReadAction\",\"target\":[\"https:\/\/jornalfatosenoticias.com.br\/index.php\/2023\/06\/22\/a-semana-em-brasilia-e-no-es-quadrilhao-do-pt-fachin-vota-para-rejeitar-denuncia-contra-gleisi-hoffmann-no-stf\/\"]}]},{\"@type\":\"ImageObject\",\"inLanguage\":\"pt-BR\",\"@id\":\"https:\/\/jornalfatosenoticias.com.br\/index.php\/2023\/06\/22\/a-semana-em-brasilia-e-no-es-quadrilhao-do-pt-fachin-vota-para-rejeitar-denuncia-contra-gleisi-hoffmann-no-stf\/#primaryimage\",\"url\":\"https:\/\/jornalfatosenoticias.com.br\/wp-content\/uploads\/2023\/06\/quadrilhao-PT.jpg\",\"contentUrl\":\"https:\/\/jornalfatosenoticias.com.br\/wp-content\/uploads\/2023\/06\/quadrilhao-PT.jpg\",\"width\":1000,\"height\":562},{\"@type\":\"BreadcrumbList\",\"@id\":\"https:\/\/jornalfatosenoticias.com.br\/index.php\/2023\/06\/22\/a-semana-em-brasilia-e-no-es-quadrilhao-do-pt-fachin-vota-para-rejeitar-denuncia-contra-gleisi-hoffmann-no-stf\/#breadcrumb\",\"itemListElement\":[{\"@type\":\"ListItem\",\"position\":1,\"name\":\"In\u00edcio\",\"item\":\"https:\/\/jornalfatosenoticias.com.br\/\"},{\"@type\":\"ListItem\",\"position\":2,\"name\":\"A Semana em Bras\u00edlia e no ES \u2014 \u2018Quadrilh\u00e3o do PT\u2019: Fachin vota para rejeitar den\u00fancia contra Gleisi Hoffmann no STF\"}]},{\"@type\":\"WebSite\",\"@id\":\"https:\/\/jornalfatosenoticias.com.br\/#website\",\"url\":\"https:\/\/jornalfatosenoticias.com.br\/\",\"name\":\"Jornal Fatos e Not\u00edcias\",\"description\":\"Not\u00edcias em geral\",\"publisher\":{\"@id\":\"https:\/\/jornalfatosenoticias.com.br\/#organization\"},\"potentialAction\":[{\"@type\":\"SearchAction\",\"target\":{\"@type\":\"EntryPoint\",\"urlTemplate\":\"https:\/\/jornalfatosenoticias.com.br\/?s={search_term_string}\"},\"query-input\":{\"@type\":\"PropertyValueSpecification\",\"valueRequired\":true,\"valueName\":\"search_term_string\"}}],\"inLanguage\":\"pt-BR\"},{\"@type\":\"Organization\",\"@id\":\"https:\/\/jornalfatosenoticias.com.br\/#organization\",\"name\":\"Jornal Fatos e Not\u00edcias\",\"url\":\"https:\/\/jornalfatosenoticias.com.br\/\",\"logo\":{\"@type\":\"ImageObject\",\"inLanguage\":\"pt-BR\",\"@id\":\"https:\/\/jornalfatosenoticias.com.br\/#\/schema\/logo\/image\/\",\"url\":\"https:\/\/jornalfatosenoticias.com.br\/wp-content\/uploads\/2020\/02\/logo120.png\",\"contentUrl\":\"https:\/\/jornalfatosenoticias.com.br\/wp-content\/uploads\/2020\/02\/logo120.png\",\"width\":1227,\"height\":120,\"caption\":\"Jornal Fatos e Not\u00edcias\"},\"image\":{\"@id\":\"https:\/\/jornalfatosenoticias.com.br\/#\/schema\/logo\/image\/\"}},{\"@type\":\"Person\",\"@id\":\"https:\/\/jornalfatosenoticias.com.br\/#\/schema\/person\/05c46cc25b42a5c27e004fb0fa6b4965\",\"name\":\"Haroldo Filho\",\"image\":{\"@type\":\"ImageObject\",\"inLanguage\":\"pt-BR\",\"@id\":\"https:\/\/jornalfatosenoticias.com.br\/#\/schema\/person\/image\/\",\"url\":\"https:\/\/jornalfatosenoticias.com.br\/wp-content\/uploads\/2025\/08\/WhatsApp-Image-2025-08-18-at-15.30.28-150x150.jpeg\",\"contentUrl\":\"https:\/\/jornalfatosenoticias.com.br\/wp-content\/uploads\/2025\/08\/WhatsApp-Image-2025-08-18-at-15.30.28-150x150.jpeg\",\"caption\":\"Haroldo Filho\"},\"description\":\"Jornalista \u2013 DRT: 0003818\/ES Coordenador-geral da ONG Educar para Crescer\",\"url\":\"https:\/\/jornalfatosenoticias.com.br\/index.php\/author\/haroldo\/\"}]}<\/script>\n<!-- \/ Yoast SEO plugin. -->","yoast_head_json":{"title":"A Semana em Bras\u00edlia e no ES \u2014 \u2018Quadrilh\u00e3o do PT\u2019: Fachin vota para rejeitar den\u00fancia contra Gleisi Hoffmann no STF - Jornal Fatos e Not\u00edcias","robots":{"index":"index","follow":"follow","max-snippet":"max-snippet:-1","max-image-preview":"max-image-preview:large","max-video-preview":"max-video-preview:-1"},"canonical":"https:\/\/jornalfatosenoticias.com.br\/index.php\/2023\/06\/22\/a-semana-em-brasilia-e-no-es-quadrilhao-do-pt-fachin-vota-para-rejeitar-denuncia-contra-gleisi-hoffmann-no-stf\/","og_locale":"pt_BR","og_type":"article","og_title":"A Semana em Bras\u00edlia e no ES \u2014 \u2018Quadrilh\u00e3o do PT\u2019: Fachin vota para rejeitar den\u00fancia contra Gleisi Hoffmann no STF - Jornal Fatos e Not\u00edcias","og_description":"Presidente do PT e ex-ministro Paulo Bernardo, em 2017, foram acusados de integrar organiza\u00e7\u00e3o criminosa Por Raul Holderf Nascimento Na sexta-feira passada (16), o ministro Edson Fachin, do Supremo Tribunal Federal (STF), em seu papel de relator, votou pela rejei\u00e7\u00e3o de uma den\u00fancia apresentada pela Procuradoria-Geral da Rep\u00fablica (PGR) contra a deputada e presidente do [&hellip;]","og_url":"https:\/\/jornalfatosenoticias.com.br\/index.php\/2023\/06\/22\/a-semana-em-brasilia-e-no-es-quadrilhao-do-pt-fachin-vota-para-rejeitar-denuncia-contra-gleisi-hoffmann-no-stf\/","og_site_name":"Jornal Fatos e Not\u00edcias","article_published_time":"2023-06-22T18:24:35+00:00","og_image":[{"width":1000,"height":562,"url":"https:\/\/jornalfatosenoticias.com.br\/wp-content\/uploads\/2023\/06\/quadrilhao-PT.jpg","type":"image\/jpeg"}],"author":"Haroldo Filho","twitter_card":"summary_large_image","twitter_misc":{"Escrito por":"Haroldo Filho","Est. tempo de leitura":"10 minutos"},"schema":{"@context":"https:\/\/schema.org","@graph":[{"@type":"Article","@id":"https:\/\/jornalfatosenoticias.com.br\/index.php\/2023\/06\/22\/a-semana-em-brasilia-e-no-es-quadrilhao-do-pt-fachin-vota-para-rejeitar-denuncia-contra-gleisi-hoffmann-no-stf\/#article","isPartOf":{"@id":"https:\/\/jornalfatosenoticias.com.br\/index.php\/2023\/06\/22\/a-semana-em-brasilia-e-no-es-quadrilhao-do-pt-fachin-vota-para-rejeitar-denuncia-contra-gleisi-hoffmann-no-stf\/"},"author":{"name":"Haroldo Filho","@id":"https:\/\/jornalfatosenoticias.com.br\/#\/schema\/person\/05c46cc25b42a5c27e004fb0fa6b4965"},"headline":"A Semana em Bras\u00edlia e no ES \u2014 \u2018Quadrilh\u00e3o do PT\u2019: Fachin vota para rejeitar den\u00fancia contra Gleisi Hoffmann no STF","datePublished":"2023-06-22T18:24:35+00:00","mainEntityOfPage":{"@id":"https:\/\/jornalfatosenoticias.com.br\/index.php\/2023\/06\/22\/a-semana-em-brasilia-e-no-es-quadrilhao-do-pt-fachin-vota-para-rejeitar-denuncia-contra-gleisi-hoffmann-no-stf\/"},"wordCount":2045,"commentCount":0,"publisher":{"@id":"https:\/\/jornalfatosenoticias.com.br\/#organization"},"image":{"@id":"https:\/\/jornalfatosenoticias.com.br\/index.php\/2023\/06\/22\/a-semana-em-brasilia-e-no-es-quadrilhao-do-pt-fachin-vota-para-rejeitar-denuncia-contra-gleisi-hoffmann-no-stf\/#primaryimage"},"thumbnailUrl":"https:\/\/jornalfatosenoticias.com.br\/wp-content\/uploads\/2023\/06\/quadrilhao-PT.jpg","keywords":["8 de janeiro","Banco Central","CPMI","CPMI 8 de Janeiro","economia","Edson Fachin","Gleisi Hoffmann","governo Lula","juros","Marcos do Val","Marcos Rog\u00e9rio","mercado financeiro","ministros","PGR","STF"],"articleSection":["Pol\u00edtica"],"inLanguage":"pt-BR","potentialAction":[{"@type":"CommentAction","name":"Comment","target":["https:\/\/jornalfatosenoticias.com.br\/index.php\/2023\/06\/22\/a-semana-em-brasilia-e-no-es-quadrilhao-do-pt-fachin-vota-para-rejeitar-denuncia-contra-gleisi-hoffmann-no-stf\/#respond"]}]},{"@type":"WebPage","@id":"https:\/\/jornalfatosenoticias.com.br\/index.php\/2023\/06\/22\/a-semana-em-brasilia-e-no-es-quadrilhao-do-pt-fachin-vota-para-rejeitar-denuncia-contra-gleisi-hoffmann-no-stf\/","url":"https:\/\/jornalfatosenoticias.com.br\/index.php\/2023\/06\/22\/a-semana-em-brasilia-e-no-es-quadrilhao-do-pt-fachin-vota-para-rejeitar-denuncia-contra-gleisi-hoffmann-no-stf\/","name":"A Semana em Bras\u00edlia e no ES \u2014 \u2018Quadrilh\u00e3o do PT\u2019: Fachin vota para rejeitar den\u00fancia contra Gleisi Hoffmann no STF - Jornal Fatos e Not\u00edcias","isPartOf":{"@id":"https:\/\/jornalfatosenoticias.com.br\/#website"},"primaryImageOfPage":{"@id":"https:\/\/jornalfatosenoticias.com.br\/index.php\/2023\/06\/22\/a-semana-em-brasilia-e-no-es-quadrilhao-do-pt-fachin-vota-para-rejeitar-denuncia-contra-gleisi-hoffmann-no-stf\/#primaryimage"},"image":{"@id":"https:\/\/jornalfatosenoticias.com.br\/index.php\/2023\/06\/22\/a-semana-em-brasilia-e-no-es-quadrilhao-do-pt-fachin-vota-para-rejeitar-denuncia-contra-gleisi-hoffmann-no-stf\/#primaryimage"},"thumbnailUrl":"https:\/\/jornalfatosenoticias.com.br\/wp-content\/uploads\/2023\/06\/quadrilhao-PT.jpg","datePublished":"2023-06-22T18:24:35+00:00","breadcrumb":{"@id":"https:\/\/jornalfatosenoticias.com.br\/index.php\/2023\/06\/22\/a-semana-em-brasilia-e-no-es-quadrilhao-do-pt-fachin-vota-para-rejeitar-denuncia-contra-gleisi-hoffmann-no-stf\/#breadcrumb"},"inLanguage":"pt-BR","potentialAction":[{"@type":"ReadAction","target":["https:\/\/jornalfatosenoticias.com.br\/index.php\/2023\/06\/22\/a-semana-em-brasilia-e-no-es-quadrilhao-do-pt-fachin-vota-para-rejeitar-denuncia-contra-gleisi-hoffmann-no-stf\/"]}]},{"@type":"ImageObject","inLanguage":"pt-BR","@id":"https:\/\/jornalfatosenoticias.com.br\/index.php\/2023\/06\/22\/a-semana-em-brasilia-e-no-es-quadrilhao-do-pt-fachin-vota-para-rejeitar-denuncia-contra-gleisi-hoffmann-no-stf\/#primaryimage","url":"https:\/\/jornalfatosenoticias.com.br\/wp-content\/uploads\/2023\/06\/quadrilhao-PT.jpg","contentUrl":"https:\/\/jornalfatosenoticias.com.br\/wp-content\/uploads\/2023\/06\/quadrilhao-PT.jpg","width":1000,"height":562},{"@type":"BreadcrumbList","@id":"https:\/\/jornalfatosenoticias.com.br\/index.php\/2023\/06\/22\/a-semana-em-brasilia-e-no-es-quadrilhao-do-pt-fachin-vota-para-rejeitar-denuncia-contra-gleisi-hoffmann-no-stf\/#breadcrumb","itemListElement":[{"@type":"ListItem","position":1,"name":"In\u00edcio","item":"https:\/\/jornalfatosenoticias.com.br\/"},{"@type":"ListItem","position":2,"name":"A Semana em Bras\u00edlia e no ES \u2014 \u2018Quadrilh\u00e3o do PT\u2019: Fachin vota para rejeitar den\u00fancia contra Gleisi Hoffmann no STF"}]},{"@type":"WebSite","@id":"https:\/\/jornalfatosenoticias.com.br\/#website","url":"https:\/\/jornalfatosenoticias.com.br\/","name":"Jornal Fatos e Not\u00edcias","description":"Not\u00edcias em geral","publisher":{"@id":"https:\/\/jornalfatosenoticias.com.br\/#organization"},"potentialAction":[{"@type":"SearchAction","target":{"@type":"EntryPoint","urlTemplate":"https:\/\/jornalfatosenoticias.com.br\/?s={search_term_string}"},"query-input":{"@type":"PropertyValueSpecification","valueRequired":true,"valueName":"search_term_string"}}],"inLanguage":"pt-BR"},{"@type":"Organization","@id":"https:\/\/jornalfatosenoticias.com.br\/#organization","name":"Jornal Fatos e Not\u00edcias","url":"https:\/\/jornalfatosenoticias.com.br\/","logo":{"@type":"ImageObject","inLanguage":"pt-BR","@id":"https:\/\/jornalfatosenoticias.com.br\/#\/schema\/logo\/image\/","url":"https:\/\/jornalfatosenoticias.com.br\/wp-content\/uploads\/2020\/02\/logo120.png","contentUrl":"https:\/\/jornalfatosenoticias.com.br\/wp-content\/uploads\/2020\/02\/logo120.png","width":1227,"height":120,"caption":"Jornal Fatos e Not\u00edcias"},"image":{"@id":"https:\/\/jornalfatosenoticias.com.br\/#\/schema\/logo\/image\/"}},{"@type":"Person","@id":"https:\/\/jornalfatosenoticias.com.br\/#\/schema\/person\/05c46cc25b42a5c27e004fb0fa6b4965","name":"Haroldo Filho","image":{"@type":"ImageObject","inLanguage":"pt-BR","@id":"https:\/\/jornalfatosenoticias.com.br\/#\/schema\/person\/image\/","url":"https:\/\/jornalfatosenoticias.com.br\/wp-content\/uploads\/2025\/08\/WhatsApp-Image-2025-08-18-at-15.30.28-150x150.jpeg","contentUrl":"https:\/\/jornalfatosenoticias.com.br\/wp-content\/uploads\/2025\/08\/WhatsApp-Image-2025-08-18-at-15.30.28-150x150.jpeg","caption":"Haroldo Filho"},"description":"Jornalista \u2013 DRT: 0003818\/ES Coordenador-geral da ONG Educar para Crescer","url":"https:\/\/jornalfatosenoticias.com.br\/index.php\/author\/haroldo\/"}]}},"cc_featured_image_caption":{"caption_text":"(Foto: ISTO\u00c9 Independente)","source_text":"","source_url":""},"jetpack_featured_media_url":"https:\/\/jornalfatosenoticias.com.br\/wp-content\/uploads\/2023\/06\/quadrilhao-PT.jpg","_links":{"self":[{"href":"https:\/\/jornalfatosenoticias.com.br\/index.php\/wp-json\/wp\/v2\/posts\/42665","targetHints":{"allow":["GET"]}}],"collection":[{"href":"https:\/\/jornalfatosenoticias.com.br\/index.php\/wp-json\/wp\/v2\/posts"}],"about":[{"href":"https:\/\/jornalfatosenoticias.com.br\/index.php\/wp-json\/wp\/v2\/types\/post"}],"author":[{"embeddable":true,"href":"https:\/\/jornalfatosenoticias.com.br\/index.php\/wp-json\/wp\/v2\/users\/3"}],"replies":[{"embeddable":true,"href":"https:\/\/jornalfatosenoticias.com.br\/index.php\/wp-json\/wp\/v2\/comments?post=42665"}],"version-history":[{"count":0,"href":"https:\/\/jornalfatosenoticias.com.br\/index.php\/wp-json\/wp\/v2\/posts\/42665\/revisions"}],"wp:featuredmedia":[{"embeddable":true,"href":"https:\/\/jornalfatosenoticias.com.br\/index.php\/wp-json\/wp\/v2\/media\/42672"}],"wp:attachment":[{"href":"https:\/\/jornalfatosenoticias.com.br\/index.php\/wp-json\/wp\/v2\/media?parent=42665"}],"wp:term":[{"taxonomy":"category","embeddable":true,"href":"https:\/\/jornalfatosenoticias.com.br\/index.php\/wp-json\/wp\/v2\/categories?post=42665"},{"taxonomy":"post_tag","embeddable":true,"href":"https:\/\/jornalfatosenoticias.com.br\/index.php\/wp-json\/wp\/v2\/tags?post=42665"}],"curies":[{"name":"wp","href":"https:\/\/api.w.org\/{rel}","templated":true}]}}