{"id":42697,"date":"2023-06-23T09:53:22","date_gmt":"2023-06-23T12:53:22","guid":{"rendered":"https:\/\/jornalfatosenoticias.com.br\/?p=42697"},"modified":"2023-06-23T09:53:24","modified_gmt":"2023-06-23T12:53:24","slug":"parque-nacional-da-serra-do-teixeira-e-criado-na-paraiba","status":"publish","type":"post","link":"https:\/\/jornalfatosenoticias.com.br\/index.php\/2023\/06\/23\/parque-nacional-da-serra-do-teixeira-e-criado-na-paraiba\/","title":{"rendered":"Parque Nacional da Serra do Teixeira \u00e9 criado na Para\u00edba"},"content":{"rendered":"\n<p><em><span class=\"has-inline-color has-black-color\">Unidade de conserva\u00e7\u00e3o envolve 12 munic\u00edpios e ajudar\u00e1 a preservar a caatinga<\/span><\/em><\/p>\n\n\n\n<div class=\"wp-block-image\"><figure class=\"aligncenter size-large\"><img loading=\"lazy\" decoding=\"async\" width=\"1024\" height=\"109\" src=\"https:\/\/jornalfatosenoticias.com.br\/wp-content\/uploads\/2020\/02\/Propaganda-RC-Radiadores-Jornal_page-0001-1024x109.jpg\" alt=\"\" class=\"wp-image-35278\" srcset=\"https:\/\/jornalfatosenoticias.com.br\/wp-content\/uploads\/2020\/02\/Propaganda-RC-Radiadores-Jornal_page-0001-1024x109.jpg 1024w, https:\/\/jornalfatosenoticias.com.br\/wp-content\/uploads\/2020\/02\/Propaganda-RC-Radiadores-Jornal_page-0001-300x32.jpg 300w, https:\/\/jornalfatosenoticias.com.br\/wp-content\/uploads\/2020\/02\/Propaganda-RC-Radiadores-Jornal_page-0001-768x82.jpg 768w, https:\/\/jornalfatosenoticias.com.br\/wp-content\/uploads\/2020\/02\/Propaganda-RC-Radiadores-Jornal_page-0001.jpg 1220w\" sizes=\"auto, (max-width: 1024px) 100vw, 1024px\" \/><\/figure><\/div>\n\n\n\n<p>O Brasil ganhou oficialmente, no in\u00edcio do m\u00eas, o Parque Nacional da Serra do Teixeira. Com uma \u00e1rea aproximada de 61.095 hectares de caatinga, \u00e9 o primeiro parque nacional no estado da Para\u00edba. O local ser\u00e1 destinado \u00e0 preserva\u00e7\u00e3o da biodiversidade, promo\u00e7\u00e3o de turismo ecol\u00f3gico, al\u00e9m de atividades de recrea\u00e7\u00e3o, em contato com a natureza.<br>Segundo o diretor substituto de Manejo e Cria\u00e7\u00e3o de Unidades de Conserva\u00e7\u00e3o do Instituto Chico Mendes de Conserva\u00e7\u00e3o da Biodiversidade (ICMBio), Bernardo Brito, a cria\u00e7\u00e3o do parque foi resultado de uma s\u00e9rie de estudos desenvolvidos com institui\u00e7\u00f5es ambientais do Nordeste e coordenados pelo pr\u00f3prio ICMBio, que ser\u00e1 o gestor do novo Parque Nacional.<\/p>\n\n\n\n<div class=\"wp-block-image\"><figure class=\"aligncenter size-large is-resized\"><img loading=\"lazy\" decoding=\"async\" src=\"https:\/\/jornalfatosenoticias.com.br\/wp-content\/uploads\/2020\/02\/casa-do-torresmo_portal.jpg\" alt=\"\" class=\"wp-image-34472\" width=\"241\" height=\"241\" srcset=\"https:\/\/jornalfatosenoticias.com.br\/wp-content\/uploads\/2020\/02\/casa-do-torresmo_portal.jpg 300w, https:\/\/jornalfatosenoticias.com.br\/wp-content\/uploads\/2020\/02\/casa-do-torresmo_portal-150x150.jpg 150w\" sizes=\"auto, (max-width: 241px) 100vw, 241px\" \/><\/figure><\/div>\n\n\n\n<blockquote class=\"wp-block-quote is-layout-flow wp-block-quote-is-layout-flow\"><p><span class=\"has-inline-color has-luminous-vivid-orange-color\">A partir desses estudos e do di\u00e1logo com entes sociais n\u00f3s chegamos a um desenho de uma \u00e1rea com boa vizinhan\u00e7a e que n\u00e3o adentrasse em regi\u00f5es onde h\u00e1 outros tipos de uso, como assentamento rural, ou ocupa\u00e7\u00e3o por antenas comerciais\u201d, explica Brito. <\/span><\/p><\/blockquote>\n\n\n\n<div class=\"wp-block-image\"><figure class=\"aligncenter size-large is-resized\"><img loading=\"lazy\" decoding=\"async\" src=\"https:\/\/jornalfatosenoticias.com.br\/wp-content\/uploads\/2023\/04\/Logo_MasterMind.jpg\" alt=\"\" class=\"wp-image-40974\" width=\"277\" height=\"202\"\/><\/figure><\/div>\n\n\n\n<p>Ali\u00e1s, um ponto pol\u00eamico \u00e9 que a medida tamb\u00e9m autoriza a minera\u00e7\u00e3o nas \u00e1reas descritas como zona de amortecimento, que circundam a \u00e1rea de preserva\u00e7\u00e3o, mas segundo o ICMBio tal \u00e1rea ainda n\u00e3o foi delimitada. O parque foi criado por meio de um decreto presidencial no Dia Mundial do Meio Ambiente.<\/p>\n\n\n\n<div class=\"wp-block-image\"><figure class=\"aligncenter size-large\"><img decoding=\"async\" src=\"https:\/\/jornalfatosenoticias.com.br\/wp-content\/uploads\/2020\/02\/logo-embacia-1-1024x110.jpg\" alt=\"\" class=\"wp-image-33954\"\/><\/figure><\/div>\n\n\n\n<p><strong><span class=\"has-inline-color has-vivid-green-cyan-color\">Parque da Serra do Teixeira<br><\/span><\/strong>Situado integralmente na Caatinga, o parque deve contribuir especialmente para a prote\u00e7\u00e3o deste bioma. A \u00e1rea abrange 12 munic\u00edpios: \u00c1gua Branca, Cacimba de Areia, Catingueira, Imaculada, Juru, M\u00e3e D\u2019\u00e1gua, Matureia, Olho D\u2019\u00c1gua, Santa Teresinha, Santana dos Garrotes, S\u00e3o Jos\u00e9 do Bonfim e Teixeira.<\/p>\n\n\n\n<div class=\"wp-block-image\"><figure class=\"aligncenter size-large\"><img loading=\"lazy\" decoding=\"async\" width=\"300\" height=\"250\" src=\"https:\/\/jornalfatosenoticias.com.br\/wp-content\/uploads\/2022\/08\/arte-Casarao.jpg\" alt=\"\" class=\"wp-image-33178\"\/><\/figure><\/div>\n\n\n\n<p>Dentre as atra\u00e7\u00f5es naturais do lugar est\u00e1 o Pico do Jabre, no munic\u00edpio de Matureia, a 325 km de Jo\u00e3o Pessoa. O local, a 1.208 metros de altitude, \u00e9 ponto mais alto do estado e oferece uma vis\u00e3o panor\u00e2mica de 130 km dos estados do Rio Grande do Norte e Pernambuco. Muitos aventureiros visitam o lugar, em busca da vista privilegiada e de um belo p\u00f4r do sol.<\/p>\n\n\n\n<div class=\"wp-block-image\"><figure class=\"aligncenter size-large\"><img loading=\"lazy\" decoding=\"async\" width=\"1000\" height=\"666\" src=\"https:\/\/jornalfatosenoticias.com.br\/wp-content\/uploads\/2023\/06\/parque-serra-teixeira-1.jpg\" alt=\"\" class=\"wp-image-42698\" srcset=\"https:\/\/jornalfatosenoticias.com.br\/wp-content\/uploads\/2023\/06\/parque-serra-teixeira-1.jpg 1000w, https:\/\/jornalfatosenoticias.com.br\/wp-content\/uploads\/2023\/06\/parque-serra-teixeira-1-300x200.jpg 300w, https:\/\/jornalfatosenoticias.com.br\/wp-content\/uploads\/2023\/06\/parque-serra-teixeira-1-768x511.jpg 768w\" sizes=\"auto, (max-width: 1000px) 100vw, 1000px\" \/><figcaption><em><span class=\"has-inline-color has-black-color\">(Foto: Wikipedia)<\/span><\/em><\/figcaption><\/figure><\/div>\n\n\n\n<p>Segundo o superintendente da Superintend\u00eancia de Administra\u00e7\u00e3o do Meio Ambiente (Sudema), Marcelo Cavalcanti, o estado da Para\u00edba tem muitas \u00e1reas com voca\u00e7\u00e3o para parques nacionais e ele espera que outras \u00e1reas, como esta, sejam transformadas em unidades de preserva\u00e7\u00e3o. O Brasil tem atualmente 74 parques nacionais administrados pelo ICMBio. Juntos, eles somam cerca de 26 milh\u00f5es de hectares em \u00e1reas de preserva\u00e7\u00e3o. Algumas com a concess\u00e3o para turismo e atividades recreativas \u00e0 iniciativa privada.<\/p>\n\n\n\n<div class=\"wp-block-image\"><figure class=\"aligncenter size-large is-resized\"><img loading=\"lazy\" decoding=\"async\" src=\"https:\/\/jornalfatosenoticias.com.br\/wp-content\/uploads\/2022\/02\/Precisao-Contabilidade-1024x724.jpg\" alt=\"\" class=\"wp-image-28088\" width=\"249\" height=\"176\"\/><\/figure><\/div>\n\n\n\n<p><strong><span class=\"has-inline-color has-vivid-green-cyan-color\">Prote\u00e7\u00e3o<br><\/span><\/strong>A implanta\u00e7\u00e3o do Parque Nacional da Serra do Teixeira ir\u00e1 proteger cerca de 70 nascentes de \u00e1gua existentes naquela serra, sendo 70% das nascentes da bacia do Rio Piranhas\/A\u00e7u. Trata-se de importante unidade de conserva\u00e7\u00e3o que proteger\u00e1 de forma integral todas as riquezas biol\u00f3gicas e c\u00eanicas encontradas na regi\u00e3o.<\/p>\n\n\n\n<div class=\"wp-block-image\"><figure class=\"aligncenter size-large is-resized\"><img loading=\"lazy\" decoding=\"async\" src=\"https:\/\/jornalfatosenoticias.com.br\/wp-content\/uploads\/2022\/02\/FERRARI_MAQUINAS-E-FERRAMENTAS2.jpg\" alt=\"\" class=\"wp-image-27860\" width=\"276\" height=\"230\"\/><\/figure><\/div>\n\n\n\n<p><strong><span class=\"has-inline-color has-vivid-green-cyan-color\">Flora<\/span><\/strong><br>Conforme estudo apresentado em 2009, o Parque Nacional da Serra do Teixeira apresenta pelo menos 265 esp\u00e9cies, das quais 24 s\u00e3o end\u00eamicas (exclusivas dessa \u00e1rea e n\u00e3o s\u00e3o encontradas em outros lugares) \u00e0 Caatinga e ao menos seis esp\u00e9cies encontram-se amea\u00e7adas de extin\u00e7\u00e3o.<\/p>\n\n\n\n<div class=\"wp-block-image\"><figure class=\"aligncenter size-large\"><img loading=\"lazy\" decoding=\"async\" width=\"1000\" height=\"666\" src=\"https:\/\/jornalfatosenoticias.com.br\/wp-content\/uploads\/2023\/06\/Pico-do-Jabre.jpg\" alt=\"\" class=\"wp-image-42699\" srcset=\"https:\/\/jornalfatosenoticias.com.br\/wp-content\/uploads\/2023\/06\/Pico-do-Jabre.jpg 1000w, https:\/\/jornalfatosenoticias.com.br\/wp-content\/uploads\/2023\/06\/Pico-do-Jabre-300x200.jpg 300w, https:\/\/jornalfatosenoticias.com.br\/wp-content\/uploads\/2023\/06\/Pico-do-Jabre-768x511.jpg 768w\" sizes=\"auto, (max-width: 1000px) 100vw, 1000px\" \/><figcaption><em><span class=\"has-inline-color has-black-color\">Pico do Jabre, o ponto mais alto do estado da Para\u00edba (Foto: Wikipedia)<\/span><\/em><\/figcaption><\/figure><\/div>\n\n\n\n<div class=\"wp-block-image\"><figure class=\"aligncenter size-large\"><img decoding=\"async\" src=\"https:\/\/jornalfatosenoticias.com.br\/wp-content\/uploads\/2020\/02\/logo_esteio.jpg\" alt=\"\" class=\"wp-image-1214\"\/><\/figure><\/div>\n\n\n\n<p><strong><span class=\"has-inline-color has-vivid-green-cyan-color\">Fauna<br><\/span><\/strong>A unidade possui uma relevante representatividade da biodiversidade. S\u00e3o no total 237 esp\u00e9cies registradas, apenas para os quatro grupos de vertebrados terrestres (anf\u00edbios, r\u00e9pteis, aves e mam\u00edferos). Pelo menos 19 esp\u00e9cies est\u00e3o entre as listas vermelhas de fauna amea\u00e7ada de extin\u00e7\u00e3o, e tantas outras correm riscos pelo seu potencial sinerg\u00e9tico, sendo ca\u00e7adas de forma ilegal. Entre toda a fauna, o registro mais importante \u00e9 o do jacar\u00e9-de-papo-amarelo, podendo ser a \u00fanica popula\u00e7\u00e3o natural deste r\u00e9ptil no semi\u00e1rido paraibano.<\/p>\n\n\n\n<p><strong><em>Fonte: <a href=\"https:\/\/ciclovivo.com.br\/planeta\/meio-ambiente\/parque-nacional-da-serra-do-teixeira-e-criado-na-paraiba\/\">CicloVivo<\/a><\/em><\/strong><\/p>\n","protected":false},"excerpt":{"rendered":"<p>Unidade de conserva\u00e7\u00e3o envolve 12 munic\u00edpios e ajudar\u00e1 a preservar a caatinga O Brasil ganhou oficialmente, no in\u00edcio do m\u00eas, o Parque Nacional da Serra do Teixeira. Com uma \u00e1rea aproximada de 61.095 hectares de caatinga, \u00e9 o primeiro parque nacional no estado da Para\u00edba. O local ser\u00e1 destinado \u00e0 preserva\u00e7\u00e3o da biodiversidade, promo\u00e7\u00e3o de [&hellip;]<\/p>\n","protected":false},"author":2,"featured_media":42699,"comment_status":"open","ping_status":"open","sticky":false,"template":"","format":"standard","meta":{"footnotes":""},"categories":[8],"tags":[256,8106,1509,945,8512,20093],"class_list":["post-42697","post","type-post","status-publish","format-standard","has-post-thumbnail","hentry","category-meio-ambiente","tag-caatinga","tag-especies-ameacadas-de-extincao","tag-icmbio","tag-meio-ambiente","tag-paraiba","tag-parque-nacional-da-serra-do-teixeira"],"yoast_head":"<!-- This site is optimized with the Yoast SEO plugin v26.5 - https:\/\/yoast.com\/wordpress\/plugins\/seo\/ -->\n<title>Parque Nacional da Serra do Teixeira \u00e9 criado na Para\u00edba - Jornal Fatos e Not\u00edcias<\/title>\n<meta name=\"robots\" content=\"index, follow, max-snippet:-1, max-image-preview:large, max-video-preview:-1\" \/>\n<link rel=\"canonical\" href=\"https:\/\/jornalfatosenoticias.com.br\/index.php\/2023\/06\/23\/parque-nacional-da-serra-do-teixeira-e-criado-na-paraiba\/\" \/>\n<meta property=\"og:locale\" content=\"pt_BR\" \/>\n<meta property=\"og:type\" content=\"article\" \/>\n<meta property=\"og:title\" content=\"Parque Nacional da Serra do Teixeira \u00e9 criado na Para\u00edba - Jornal Fatos e Not\u00edcias\" \/>\n<meta property=\"og:description\" content=\"Unidade de conserva\u00e7\u00e3o envolve 12 munic\u00edpios e ajudar\u00e1 a preservar a caatinga O Brasil ganhou oficialmente, no in\u00edcio do m\u00eas, o Parque Nacional da Serra do Teixeira. Com uma \u00e1rea aproximada de 61.095 hectares de caatinga, \u00e9 o primeiro parque nacional no estado da Para\u00edba. O local ser\u00e1 destinado \u00e0 preserva\u00e7\u00e3o da biodiversidade, promo\u00e7\u00e3o de [&hellip;]\" \/>\n<meta property=\"og:url\" content=\"https:\/\/jornalfatosenoticias.com.br\/index.php\/2023\/06\/23\/parque-nacional-da-serra-do-teixeira-e-criado-na-paraiba\/\" \/>\n<meta property=\"og:site_name\" content=\"Jornal Fatos e Not\u00edcias\" \/>\n<meta property=\"article:published_time\" content=\"2023-06-23T12:53:22+00:00\" \/>\n<meta property=\"article:modified_time\" content=\"2023-06-23T12:53:24+00:00\" \/>\n<meta property=\"og:image\" content=\"https:\/\/jornalfatosenoticias.com.br\/wp-content\/uploads\/2023\/06\/Pico-do-Jabre.jpg\" \/>\n\t<meta property=\"og:image:width\" content=\"1000\" \/>\n\t<meta property=\"og:image:height\" content=\"666\" \/>\n\t<meta property=\"og:image:type\" content=\"image\/jpeg\" \/>\n<meta name=\"author\" content=\"Luzimara Fernandes\" \/>\n<meta name=\"twitter:card\" content=\"summary_large_image\" \/>\n<meta name=\"twitter:label1\" content=\"Escrito por\" \/>\n\t<meta name=\"twitter:data1\" content=\"Luzimara Fernandes\" \/>\n\t<meta name=\"twitter:label2\" content=\"Est. tempo de leitura\" \/>\n\t<meta name=\"twitter:data2\" content=\"3 minutos\" \/>\n<script type=\"application\/ld+json\" class=\"yoast-schema-graph\">{\"@context\":\"https:\/\/schema.org\",\"@graph\":[{\"@type\":\"Article\",\"@id\":\"https:\/\/jornalfatosenoticias.com.br\/index.php\/2023\/06\/23\/parque-nacional-da-serra-do-teixeira-e-criado-na-paraiba\/#article\",\"isPartOf\":{\"@id\":\"https:\/\/jornalfatosenoticias.com.br\/index.php\/2023\/06\/23\/parque-nacional-da-serra-do-teixeira-e-criado-na-paraiba\/\"},\"author\":{\"name\":\"Luzimara Fernandes\",\"@id\":\"https:\/\/jornalfatosenoticias.com.br\/#\/schema\/person\/d63837fa13ac8666eb9e74e0985d6f81\"},\"headline\":\"Parque Nacional da Serra do Teixeira \u00e9 criado na Para\u00edba\",\"datePublished\":\"2023-06-23T12:53:22+00:00\",\"dateModified\":\"2023-06-23T12:53:24+00:00\",\"mainEntityOfPage\":{\"@id\":\"https:\/\/jornalfatosenoticias.com.br\/index.php\/2023\/06\/23\/parque-nacional-da-serra-do-teixeira-e-criado-na-paraiba\/\"},\"wordCount\":663,\"commentCount\":0,\"publisher\":{\"@id\":\"https:\/\/jornalfatosenoticias.com.br\/#organization\"},\"image\":{\"@id\":\"https:\/\/jornalfatosenoticias.com.br\/index.php\/2023\/06\/23\/parque-nacional-da-serra-do-teixeira-e-criado-na-paraiba\/#primaryimage\"},\"thumbnailUrl\":\"https:\/\/jornalfatosenoticias.com.br\/wp-content\/uploads\/2023\/06\/Pico-do-Jabre.jpg\",\"keywords\":[\"caatinga\",\"esp\u00e9cies amea\u00e7adas de extin\u00e7\u00e3o\",\"ICMBio\",\"meio ambiente\",\"Para\u00edba\",\"Parque Nacional da Serra do Teixeira\"],\"articleSection\":[\"Meio ambiente\"],\"inLanguage\":\"pt-BR\",\"potentialAction\":[{\"@type\":\"CommentAction\",\"name\":\"Comment\",\"target\":[\"https:\/\/jornalfatosenoticias.com.br\/index.php\/2023\/06\/23\/parque-nacional-da-serra-do-teixeira-e-criado-na-paraiba\/#respond\"]}]},{\"@type\":\"WebPage\",\"@id\":\"https:\/\/jornalfatosenoticias.com.br\/index.php\/2023\/06\/23\/parque-nacional-da-serra-do-teixeira-e-criado-na-paraiba\/\",\"url\":\"https:\/\/jornalfatosenoticias.com.br\/index.php\/2023\/06\/23\/parque-nacional-da-serra-do-teixeira-e-criado-na-paraiba\/\",\"name\":\"Parque Nacional da Serra do Teixeira \u00e9 criado na Para\u00edba - Jornal Fatos e Not\u00edcias\",\"isPartOf\":{\"@id\":\"https:\/\/jornalfatosenoticias.com.br\/#website\"},\"primaryImageOfPage\":{\"@id\":\"https:\/\/jornalfatosenoticias.com.br\/index.php\/2023\/06\/23\/parque-nacional-da-serra-do-teixeira-e-criado-na-paraiba\/#primaryimage\"},\"image\":{\"@id\":\"https:\/\/jornalfatosenoticias.com.br\/index.php\/2023\/06\/23\/parque-nacional-da-serra-do-teixeira-e-criado-na-paraiba\/#primaryimage\"},\"thumbnailUrl\":\"https:\/\/jornalfatosenoticias.com.br\/wp-content\/uploads\/2023\/06\/Pico-do-Jabre.jpg\",\"datePublished\":\"2023-06-23T12:53:22+00:00\",\"dateModified\":\"2023-06-23T12:53:24+00:00\",\"breadcrumb\":{\"@id\":\"https:\/\/jornalfatosenoticias.com.br\/index.php\/2023\/06\/23\/parque-nacional-da-serra-do-teixeira-e-criado-na-paraiba\/#breadcrumb\"},\"inLanguage\":\"pt-BR\",\"potentialAction\":[{\"@type\":\"ReadAction\",\"target\":[\"https:\/\/jornalfatosenoticias.com.br\/index.php\/2023\/06\/23\/parque-nacional-da-serra-do-teixeira-e-criado-na-paraiba\/\"]}]},{\"@type\":\"ImageObject\",\"inLanguage\":\"pt-BR\",\"@id\":\"https:\/\/jornalfatosenoticias.com.br\/index.php\/2023\/06\/23\/parque-nacional-da-serra-do-teixeira-e-criado-na-paraiba\/#primaryimage\",\"url\":\"https:\/\/jornalfatosenoticias.com.br\/wp-content\/uploads\/2023\/06\/Pico-do-Jabre.jpg\",\"contentUrl\":\"https:\/\/jornalfatosenoticias.com.br\/wp-content\/uploads\/2023\/06\/Pico-do-Jabre.jpg\",\"width\":1000,\"height\":666},{\"@type\":\"BreadcrumbList\",\"@id\":\"https:\/\/jornalfatosenoticias.com.br\/index.php\/2023\/06\/23\/parque-nacional-da-serra-do-teixeira-e-criado-na-paraiba\/#breadcrumb\",\"itemListElement\":[{\"@type\":\"ListItem\",\"position\":1,\"name\":\"In\u00edcio\",\"item\":\"https:\/\/jornalfatosenoticias.com.br\/\"},{\"@type\":\"ListItem\",\"position\":2,\"name\":\"Parque Nacional da Serra do Teixeira \u00e9 criado na Para\u00edba\"}]},{\"@type\":\"WebSite\",\"@id\":\"https:\/\/jornalfatosenoticias.com.br\/#website\",\"url\":\"https:\/\/jornalfatosenoticias.com.br\/\",\"name\":\"Jornal Fatos e Not\u00edcias\",\"description\":\"Not\u00edcias em geral\",\"publisher\":{\"@id\":\"https:\/\/jornalfatosenoticias.com.br\/#organization\"},\"potentialAction\":[{\"@type\":\"SearchAction\",\"target\":{\"@type\":\"EntryPoint\",\"urlTemplate\":\"https:\/\/jornalfatosenoticias.com.br\/?s={search_term_string}\"},\"query-input\":{\"@type\":\"PropertyValueSpecification\",\"valueRequired\":true,\"valueName\":\"search_term_string\"}}],\"inLanguage\":\"pt-BR\"},{\"@type\":\"Organization\",\"@id\":\"https:\/\/jornalfatosenoticias.com.br\/#organization\",\"name\":\"Jornal Fatos e Not\u00edcias\",\"url\":\"https:\/\/jornalfatosenoticias.com.br\/\",\"logo\":{\"@type\":\"ImageObject\",\"inLanguage\":\"pt-BR\",\"@id\":\"https:\/\/jornalfatosenoticias.com.br\/#\/schema\/logo\/image\/\",\"url\":\"https:\/\/jornalfatosenoticias.com.br\/wp-content\/uploads\/2020\/02\/logo120.png\",\"contentUrl\":\"https:\/\/jornalfatosenoticias.com.br\/wp-content\/uploads\/2020\/02\/logo120.png\",\"width\":1227,\"height\":120,\"caption\":\"Jornal Fatos e Not\u00edcias\"},\"image\":{\"@id\":\"https:\/\/jornalfatosenoticias.com.br\/#\/schema\/logo\/image\/\"}},{\"@type\":\"Person\",\"@id\":\"https:\/\/jornalfatosenoticias.com.br\/#\/schema\/person\/d63837fa13ac8666eb9e74e0985d6f81\",\"name\":\"Luzimara Fernandes\",\"image\":{\"@type\":\"ImageObject\",\"inLanguage\":\"pt-BR\",\"@id\":\"https:\/\/jornalfatosenoticias.com.br\/#\/schema\/person\/image\/\",\"url\":\"https:\/\/jornalfatosenoticias.com.br\/wp-content\/uploads\/2025\/05\/EU_portal.jpg\",\"contentUrl\":\"https:\/\/jornalfatosenoticias.com.br\/wp-content\/uploads\/2025\/05\/EU_portal.jpg\",\"caption\":\"Luzimara Fernandes\"},\"description\":\"Jornalista MTB 2358-ES\",\"sameAs\":[\"https:\/\/jornalfatosenoticias.com.br\"],\"url\":\"https:\/\/jornalfatosenoticias.com.br\/index.php\/author\/luzimara\/\"}]}<\/script>\n<!-- \/ Yoast SEO plugin. -->","yoast_head_json":{"title":"Parque Nacional da Serra do Teixeira \u00e9 criado na Para\u00edba - Jornal Fatos e Not\u00edcias","robots":{"index":"index","follow":"follow","max-snippet":"max-snippet:-1","max-image-preview":"max-image-preview:large","max-video-preview":"max-video-preview:-1"},"canonical":"https:\/\/jornalfatosenoticias.com.br\/index.php\/2023\/06\/23\/parque-nacional-da-serra-do-teixeira-e-criado-na-paraiba\/","og_locale":"pt_BR","og_type":"article","og_title":"Parque Nacional da Serra do Teixeira \u00e9 criado na Para\u00edba - Jornal Fatos e Not\u00edcias","og_description":"Unidade de conserva\u00e7\u00e3o envolve 12 munic\u00edpios e ajudar\u00e1 a preservar a caatinga O Brasil ganhou oficialmente, no in\u00edcio do m\u00eas, o Parque Nacional da Serra do Teixeira. Com uma \u00e1rea aproximada de 61.095 hectares de caatinga, \u00e9 o primeiro parque nacional no estado da Para\u00edba. O local ser\u00e1 destinado \u00e0 preserva\u00e7\u00e3o da biodiversidade, promo\u00e7\u00e3o de [&hellip;]","og_url":"https:\/\/jornalfatosenoticias.com.br\/index.php\/2023\/06\/23\/parque-nacional-da-serra-do-teixeira-e-criado-na-paraiba\/","og_site_name":"Jornal Fatos e Not\u00edcias","article_published_time":"2023-06-23T12:53:22+00:00","article_modified_time":"2023-06-23T12:53:24+00:00","og_image":[{"width":1000,"height":666,"url":"https:\/\/jornalfatosenoticias.com.br\/wp-content\/uploads\/2023\/06\/Pico-do-Jabre.jpg","type":"image\/jpeg"}],"author":"Luzimara Fernandes","twitter_card":"summary_large_image","twitter_misc":{"Escrito por":"Luzimara Fernandes","Est. tempo de leitura":"3 minutos"},"schema":{"@context":"https:\/\/schema.org","@graph":[{"@type":"Article","@id":"https:\/\/jornalfatosenoticias.com.br\/index.php\/2023\/06\/23\/parque-nacional-da-serra-do-teixeira-e-criado-na-paraiba\/#article","isPartOf":{"@id":"https:\/\/jornalfatosenoticias.com.br\/index.php\/2023\/06\/23\/parque-nacional-da-serra-do-teixeira-e-criado-na-paraiba\/"},"author":{"name":"Luzimara Fernandes","@id":"https:\/\/jornalfatosenoticias.com.br\/#\/schema\/person\/d63837fa13ac8666eb9e74e0985d6f81"},"headline":"Parque Nacional da Serra do Teixeira \u00e9 criado na Para\u00edba","datePublished":"2023-06-23T12:53:22+00:00","dateModified":"2023-06-23T12:53:24+00:00","mainEntityOfPage":{"@id":"https:\/\/jornalfatosenoticias.com.br\/index.php\/2023\/06\/23\/parque-nacional-da-serra-do-teixeira-e-criado-na-paraiba\/"},"wordCount":663,"commentCount":0,"publisher":{"@id":"https:\/\/jornalfatosenoticias.com.br\/#organization"},"image":{"@id":"https:\/\/jornalfatosenoticias.com.br\/index.php\/2023\/06\/23\/parque-nacional-da-serra-do-teixeira-e-criado-na-paraiba\/#primaryimage"},"thumbnailUrl":"https:\/\/jornalfatosenoticias.com.br\/wp-content\/uploads\/2023\/06\/Pico-do-Jabre.jpg","keywords":["caatinga","esp\u00e9cies amea\u00e7adas de extin\u00e7\u00e3o","ICMBio","meio ambiente","Para\u00edba","Parque Nacional da Serra do Teixeira"],"articleSection":["Meio ambiente"],"inLanguage":"pt-BR","potentialAction":[{"@type":"CommentAction","name":"Comment","target":["https:\/\/jornalfatosenoticias.com.br\/index.php\/2023\/06\/23\/parque-nacional-da-serra-do-teixeira-e-criado-na-paraiba\/#respond"]}]},{"@type":"WebPage","@id":"https:\/\/jornalfatosenoticias.com.br\/index.php\/2023\/06\/23\/parque-nacional-da-serra-do-teixeira-e-criado-na-paraiba\/","url":"https:\/\/jornalfatosenoticias.com.br\/index.php\/2023\/06\/23\/parque-nacional-da-serra-do-teixeira-e-criado-na-paraiba\/","name":"Parque Nacional da Serra do Teixeira \u00e9 criado na Para\u00edba - Jornal Fatos e Not\u00edcias","isPartOf":{"@id":"https:\/\/jornalfatosenoticias.com.br\/#website"},"primaryImageOfPage":{"@id":"https:\/\/jornalfatosenoticias.com.br\/index.php\/2023\/06\/23\/parque-nacional-da-serra-do-teixeira-e-criado-na-paraiba\/#primaryimage"},"image":{"@id":"https:\/\/jornalfatosenoticias.com.br\/index.php\/2023\/06\/23\/parque-nacional-da-serra-do-teixeira-e-criado-na-paraiba\/#primaryimage"},"thumbnailUrl":"https:\/\/jornalfatosenoticias.com.br\/wp-content\/uploads\/2023\/06\/Pico-do-Jabre.jpg","datePublished":"2023-06-23T12:53:22+00:00","dateModified":"2023-06-23T12:53:24+00:00","breadcrumb":{"@id":"https:\/\/jornalfatosenoticias.com.br\/index.php\/2023\/06\/23\/parque-nacional-da-serra-do-teixeira-e-criado-na-paraiba\/#breadcrumb"},"inLanguage":"pt-BR","potentialAction":[{"@type":"ReadAction","target":["https:\/\/jornalfatosenoticias.com.br\/index.php\/2023\/06\/23\/parque-nacional-da-serra-do-teixeira-e-criado-na-paraiba\/"]}]},{"@type":"ImageObject","inLanguage":"pt-BR","@id":"https:\/\/jornalfatosenoticias.com.br\/index.php\/2023\/06\/23\/parque-nacional-da-serra-do-teixeira-e-criado-na-paraiba\/#primaryimage","url":"https:\/\/jornalfatosenoticias.com.br\/wp-content\/uploads\/2023\/06\/Pico-do-Jabre.jpg","contentUrl":"https:\/\/jornalfatosenoticias.com.br\/wp-content\/uploads\/2023\/06\/Pico-do-Jabre.jpg","width":1000,"height":666},{"@type":"BreadcrumbList","@id":"https:\/\/jornalfatosenoticias.com.br\/index.php\/2023\/06\/23\/parque-nacional-da-serra-do-teixeira-e-criado-na-paraiba\/#breadcrumb","itemListElement":[{"@type":"ListItem","position":1,"name":"In\u00edcio","item":"https:\/\/jornalfatosenoticias.com.br\/"},{"@type":"ListItem","position":2,"name":"Parque Nacional da Serra do Teixeira \u00e9 criado na Para\u00edba"}]},{"@type":"WebSite","@id":"https:\/\/jornalfatosenoticias.com.br\/#website","url":"https:\/\/jornalfatosenoticias.com.br\/","name":"Jornal Fatos e Not\u00edcias","description":"Not\u00edcias em geral","publisher":{"@id":"https:\/\/jornalfatosenoticias.com.br\/#organization"},"potentialAction":[{"@type":"SearchAction","target":{"@type":"EntryPoint","urlTemplate":"https:\/\/jornalfatosenoticias.com.br\/?s={search_term_string}"},"query-input":{"@type":"PropertyValueSpecification","valueRequired":true,"valueName":"search_term_string"}}],"inLanguage":"pt-BR"},{"@type":"Organization","@id":"https:\/\/jornalfatosenoticias.com.br\/#organization","name":"Jornal Fatos e Not\u00edcias","url":"https:\/\/jornalfatosenoticias.com.br\/","logo":{"@type":"ImageObject","inLanguage":"pt-BR","@id":"https:\/\/jornalfatosenoticias.com.br\/#\/schema\/logo\/image\/","url":"https:\/\/jornalfatosenoticias.com.br\/wp-content\/uploads\/2020\/02\/logo120.png","contentUrl":"https:\/\/jornalfatosenoticias.com.br\/wp-content\/uploads\/2020\/02\/logo120.png","width":1227,"height":120,"caption":"Jornal Fatos e Not\u00edcias"},"image":{"@id":"https:\/\/jornalfatosenoticias.com.br\/#\/schema\/logo\/image\/"}},{"@type":"Person","@id":"https:\/\/jornalfatosenoticias.com.br\/#\/schema\/person\/d63837fa13ac8666eb9e74e0985d6f81","name":"Luzimara Fernandes","image":{"@type":"ImageObject","inLanguage":"pt-BR","@id":"https:\/\/jornalfatosenoticias.com.br\/#\/schema\/person\/image\/","url":"https:\/\/jornalfatosenoticias.com.br\/wp-content\/uploads\/2025\/05\/EU_portal.jpg","contentUrl":"https:\/\/jornalfatosenoticias.com.br\/wp-content\/uploads\/2025\/05\/EU_portal.jpg","caption":"Luzimara Fernandes"},"description":"Jornalista MTB 2358-ES","sameAs":["https:\/\/jornalfatosenoticias.com.br"],"url":"https:\/\/jornalfatosenoticias.com.br\/index.php\/author\/luzimara\/"}]}},"cc_featured_image_caption":{"caption_text":"","source_text":"","source_url":""},"jetpack_featured_media_url":"https:\/\/jornalfatosenoticias.com.br\/wp-content\/uploads\/2023\/06\/Pico-do-Jabre.jpg","_links":{"self":[{"href":"https:\/\/jornalfatosenoticias.com.br\/index.php\/wp-json\/wp\/v2\/posts\/42697","targetHints":{"allow":["GET"]}}],"collection":[{"href":"https:\/\/jornalfatosenoticias.com.br\/index.php\/wp-json\/wp\/v2\/posts"}],"about":[{"href":"https:\/\/jornalfatosenoticias.com.br\/index.php\/wp-json\/wp\/v2\/types\/post"}],"author":[{"embeddable":true,"href":"https:\/\/jornalfatosenoticias.com.br\/index.php\/wp-json\/wp\/v2\/users\/2"}],"replies":[{"embeddable":true,"href":"https:\/\/jornalfatosenoticias.com.br\/index.php\/wp-json\/wp\/v2\/comments?post=42697"}],"version-history":[{"count":0,"href":"https:\/\/jornalfatosenoticias.com.br\/index.php\/wp-json\/wp\/v2\/posts\/42697\/revisions"}],"wp:featuredmedia":[{"embeddable":true,"href":"https:\/\/jornalfatosenoticias.com.br\/index.php\/wp-json\/wp\/v2\/media\/42699"}],"wp:attachment":[{"href":"https:\/\/jornalfatosenoticias.com.br\/index.php\/wp-json\/wp\/v2\/media?parent=42697"}],"wp:term":[{"taxonomy":"category","embeddable":true,"href":"https:\/\/jornalfatosenoticias.com.br\/index.php\/wp-json\/wp\/v2\/categories?post=42697"},{"taxonomy":"post_tag","embeddable":true,"href":"https:\/\/jornalfatosenoticias.com.br\/index.php\/wp-json\/wp\/v2\/tags?post=42697"}],"curies":[{"name":"wp","href":"https:\/\/api.w.org\/{rel}","templated":true}]}}