{"id":42701,"date":"2023-06-23T10:00:04","date_gmt":"2023-06-23T13:00:04","guid":{"rendered":"https:\/\/jornalfatosenoticias.com.br\/?p=42701"},"modified":"2023-06-23T10:00:06","modified_gmt":"2023-06-23T13:00:06","slug":"fazendo-arte-inicia-colecao-feita-com-residuos-retirados-do-mar-e-do-manguezal","status":"publish","type":"post","link":"https:\/\/jornalfatosenoticias.com.br\/index.php\/2023\/06\/23\/fazendo-arte-inicia-colecao-feita-com-residuos-retirados-do-mar-e-do-manguezal\/","title":{"rendered":"Fazendo Arte inicia cole\u00e7\u00e3o feita com res\u00edduos retirados do mar e do manguezal"},"content":{"rendered":"\n<p><em><span class=\"has-inline-color has-black-color\">Por <strong>Edlamara Conti<\/strong><\/span><\/em><\/p>\n\n\n\n<div class=\"wp-block-image\"><figure class=\"aligncenter size-large\"><img loading=\"lazy\" decoding=\"async\" width=\"1024\" height=\"100\" src=\"https:\/\/jornalfatosenoticias.com.br\/wp-content\/uploads\/2022\/05\/NOVA-LOGO-CESCONETTO-1024x100.jpg\" alt=\"\" class=\"wp-image-30792\" srcset=\"https:\/\/jornalfatosenoticias.com.br\/wp-content\/uploads\/2022\/05\/NOVA-LOGO-CESCONETTO-1024x100.jpg 1024w, https:\/\/jornalfatosenoticias.com.br\/wp-content\/uploads\/2022\/05\/NOVA-LOGO-CESCONETTO-300x29.jpg 300w, https:\/\/jornalfatosenoticias.com.br\/wp-content\/uploads\/2022\/05\/NOVA-LOGO-CESCONETTO-768x75.jpg 768w, https:\/\/jornalfatosenoticias.com.br\/wp-content\/uploads\/2022\/05\/NOVA-LOGO-CESCONETTO.jpg 1280w\" sizes=\"auto, (max-width: 1024px) 100vw, 1024px\" \/><\/figure><\/div>\n\n\n\n<p>Transformar o lixo retirado das praias e do manguezal em pe\u00e7as artesanais de vestu\u00e1rio e de decora\u00e7\u00e3o \u00e9 o novo desafio do projeto Fazendo Arte. Os res\u00edduos coletados nesses ambientes ser\u00e3o trabalhados com t\u00e9cnicas como croch\u00ea, macram\u00ea, tric\u00f4, bordado, costura, entre outras, e dar\u00e3o origem \u00e0 cole\u00e7\u00e3o Mangues e Oceano, que inclui vai incluir uma obra de arte gigante.<\/p>\n\n\n\n<div class=\"wp-block-image\"><figure class=\"aligncenter size-large\"><img loading=\"lazy\" decoding=\"async\" width=\"300\" height=\"137\" src=\"https:\/\/jornalfatosenoticias.com.br\/wp-content\/uploads\/2023\/06\/LOGO_JULIANA-GRACA_PORTAL.jpg\" alt=\"\" class=\"wp-image-42597\"\/><\/figure><\/div>\n\n\n\n<p>A expectativa \u00e9 apresentar a nova cole\u00e7\u00e3o e a instala\u00e7\u00e3o em outubro, no Shopping Vit\u00f3ria. O primeiro passo foi dado nesta quinta-feira (22): as mulheres integrantes do projeto participar\u00e3o da forma\u00e7\u00e3o &#8220;Fazendo Arte com Educa\u00e7\u00e3o Ambiental \u2014 Aprender com o ambiente praial e o ecossistema manguezal&#8221;, que ser\u00e1 realizada por educadores ambientais. Hoje (23), o grupo vai realizar a primeira a\u00e7\u00e3o de coleta de res\u00edduos na orla.<\/p>\n\n\n\n<div class=\"wp-block-image\"><figure class=\"aligncenter size-large is-resized\"><img loading=\"lazy\" decoding=\"async\" src=\"https:\/\/jornalfatosenoticias.com.br\/wp-content\/uploads\/2022\/02\/FERRARI_MAQUINAS-E-FERRAMENTAS2.jpg\" alt=\"\" class=\"wp-image-27860\" width=\"265\" height=\"221\"\/><\/figure><\/div>\n\n\n\n<blockquote class=\"wp-block-quote is-layout-flow wp-block-quote-is-layout-flow\"><p><span class=\"has-inline-color has-luminous-vivid-orange-color\">A cole\u00e7\u00e3o vai resgatar a hist\u00f3ria de vida das mulheres que nasceram ou foram criadas na Grande Vit\u00f3ria. Esses ecossistemas exercem forte influ\u00eancia no cotidiano das fam\u00edlias da regi\u00e3o, seja para o sustento, atrav\u00e9s da pesca ou da cata do caranguejo e do siri, seja pelo lazer na orla&#8221;, explica M\u00f4nica Rezende coordenadora do Projeto Fazendo Arte.<\/span><\/p><\/blockquote>\n\n\n\n<div class=\"wp-block-image\"><figure class=\"aligncenter size-large\"><img loading=\"lazy\" decoding=\"async\" width=\"1000\" height=\"616\" src=\"https:\/\/jornalfatosenoticias.com.br\/wp-content\/uploads\/2023\/06\/Fazendo-Arte2.jpg\" alt=\"\" class=\"wp-image-42702\" srcset=\"https:\/\/jornalfatosenoticias.com.br\/wp-content\/uploads\/2023\/06\/Fazendo-Arte2.jpg 1000w, https:\/\/jornalfatosenoticias.com.br\/wp-content\/uploads\/2023\/06\/Fazendo-Arte2-300x185.jpg 300w, https:\/\/jornalfatosenoticias.com.br\/wp-content\/uploads\/2023\/06\/Fazendo-Arte2-768x473.jpg 768w\" sizes=\"auto, (max-width: 1000px) 100vw, 1000px\" \/><figcaption><em><span class=\"has-inline-color has-black-color\">Projeto Fazendo Arte (Foto: Andr\u00e9 Sobral\/PMV)<\/span><\/em><\/figcaption><\/figure><\/div>\n\n\n\n<p><strong><span class=\"has-inline-color has-vivid-green-cyan-color\">Conex\u00f5es sustent\u00e1veis<br><\/span><\/strong>O Fazendo Arte \u00e9 realizado pelo Instituto Bem Brasil, com recursos do Fundo Municipal de Prote\u00e7\u00e3o do Consumidor, por meio da Ger\u00eancia de Qualifica\u00e7\u00e3o do Trabalhador da Secretaria de Cidadania, Direitos Humanos e Trabalho (Semcid).<br>Por meio de oficinas gratuitas de t\u00e9cnicas artesanais, o projeto atende a aproximadamente 130 mulheres da Regi\u00e3o Central da cidade, trabalhando conceitos como moda, sustentabilidade, empreendedorismo e empoderamento, resultando em qualifica\u00e7\u00e3o, fomento \u00e0 inova\u00e7\u00e3o e gera\u00e7\u00e3o de renda.<\/p>\n\n\n\n<div class=\"wp-block-image\"><figure class=\"aligncenter size-large is-resized\"><img loading=\"lazy\" decoding=\"async\" src=\"https:\/\/jornalfatosenoticias.com.br\/wp-content\/uploads\/2023\/03\/logo-Panper_portal.jpg\" alt=\"\" class=\"wp-image-40208\" width=\"253\" height=\"175\" srcset=\"https:\/\/jornalfatosenoticias.com.br\/wp-content\/uploads\/2023\/03\/logo-Panper_portal.jpg 400w, https:\/\/jornalfatosenoticias.com.br\/wp-content\/uploads\/2023\/03\/logo-Panper_portal-300x208.jpg 300w\" sizes=\"auto, (max-width: 253px) 100vw, 253px\" \/><\/figure><\/div>\n\n\n\n<p>A proposta da cole\u00e7\u00e3o Mangues e Oceano est\u00e1 em sintonia com a tem\u00e1tica da moda circular, uma das propostas de atua\u00e7\u00e3o do Instituto Am\u00e9rico Buaiz (IAB). Com isto, o Projeto Fazendo Arte ganhou o apoio social do IAB, que viabilizou um espa\u00e7o no Shopping Vit\u00f3ria para a divulga\u00e7\u00e3o e a venda dos produtos nos meses de outubro e novembro.<\/p>\n\n\n\n<div class=\"wp-block-image\"><figure class=\"aligncenter size-large is-resized\"><img loading=\"lazy\" decoding=\"async\" src=\"https:\/\/jornalfatosenoticias.com.br\/wp-content\/uploads\/2020\/02\/logo-embacia.jpg\" alt=\"\" class=\"wp-image-33905\" width=\"239\" height=\"239\"\/><\/figure><\/div>\n\n\n\n<p>Para a nova cole\u00e7\u00e3o, o projeto buscou a parceria da Ger\u00eancia de Educa\u00e7\u00e3o Ambiental da Secretaria Municipal de Meio Ambiente (Semmam), que est\u00e1 promovendo o di\u00e1logo ambiental e a a\u00e7\u00e3o de coleta de res\u00edduos junto \u00e0s participantes.<\/p>\n\n\n\n<p><strong><em>Fonte: <a href=\"https:\/\/www.vitoria.es.gov.br\/noticia\/fazendo-arte-inicia-colecao-feita-com-residuos-retirados-do-mar-e-do-manguezal-47928\">PMV<\/a><\/em><\/strong><\/p>\n","protected":false},"excerpt":{"rendered":"<p>Por Edlamara Conti Transformar o lixo retirado das praias e do manguezal em pe\u00e7as artesanais de vestu\u00e1rio e de decora\u00e7\u00e3o \u00e9 o novo desafio do projeto Fazendo Arte. Os res\u00edduos coletados nesses ambientes ser\u00e3o trabalhados com t\u00e9cnicas como croch\u00ea, macram\u00ea, tric\u00f4, bordado, costura, entre outras, e dar\u00e3o origem \u00e0 cole\u00e7\u00e3o Mangues e Oceano, que inclui [&hellip;]<\/p>\n","protected":false},"author":2,"featured_media":42703,"comment_status":"open","ping_status":"open","sticky":false,"template":"","format":"standard","meta":{"footnotes":""},"categories":[4],"tags":[20096,3717,20100,20097,20098,20099,2386,137,20094,20095],"class_list":["post-42701","post","type-post","status-publish","format-standard","has-post-thumbnail","hentry","category-cultura","tag-bordado","tag-colecao","tag-colecao-mangues-e-oceano","tag-croche","tag-macrame","tag-mangues-e-oceano","tag-manguezal","tag-mar","tag-projeto-fazendo-arte","tag-trico"],"yoast_head":"<!-- This site is optimized with the Yoast SEO plugin v26.5 - https:\/\/yoast.com\/wordpress\/plugins\/seo\/ -->\n<title>Fazendo Arte inicia cole\u00e7\u00e3o feita com res\u00edduos retirados do mar e do manguezal - Jornal Fatos e Not\u00edcias<\/title>\n<meta name=\"robots\" content=\"index, follow, max-snippet:-1, max-image-preview:large, max-video-preview:-1\" \/>\n<link rel=\"canonical\" href=\"https:\/\/jornalfatosenoticias.com.br\/index.php\/2023\/06\/23\/fazendo-arte-inicia-colecao-feita-com-residuos-retirados-do-mar-e-do-manguezal\/\" \/>\n<meta property=\"og:locale\" content=\"pt_BR\" \/>\n<meta property=\"og:type\" content=\"article\" \/>\n<meta property=\"og:title\" content=\"Fazendo Arte inicia cole\u00e7\u00e3o feita com res\u00edduos retirados do mar e do manguezal - Jornal Fatos e Not\u00edcias\" \/>\n<meta property=\"og:description\" content=\"Por Edlamara Conti Transformar o lixo retirado das praias e do manguezal em pe\u00e7as artesanais de vestu\u00e1rio e de decora\u00e7\u00e3o \u00e9 o novo desafio do projeto Fazendo Arte. Os res\u00edduos coletados nesses ambientes ser\u00e3o trabalhados com t\u00e9cnicas como croch\u00ea, macram\u00ea, tric\u00f4, bordado, costura, entre outras, e dar\u00e3o origem \u00e0 cole\u00e7\u00e3o Mangues e Oceano, que inclui [&hellip;]\" \/>\n<meta property=\"og:url\" content=\"https:\/\/jornalfatosenoticias.com.br\/index.php\/2023\/06\/23\/fazendo-arte-inicia-colecao-feita-com-residuos-retirados-do-mar-e-do-manguezal\/\" \/>\n<meta property=\"og:site_name\" content=\"Jornal Fatos e Not\u00edcias\" \/>\n<meta property=\"article:published_time\" content=\"2023-06-23T13:00:04+00:00\" \/>\n<meta property=\"article:modified_time\" content=\"2023-06-23T13:00:06+00:00\" \/>\n<meta property=\"og:image\" content=\"https:\/\/jornalfatosenoticias.com.br\/wp-content\/uploads\/2023\/06\/Fazendo-Arte.jpg\" \/>\n\t<meta property=\"og:image:width\" content=\"1000\" \/>\n\t<meta property=\"og:image:height\" content=\"665\" \/>\n\t<meta property=\"og:image:type\" content=\"image\/jpeg\" \/>\n<meta name=\"author\" content=\"Luzimara Fernandes\" \/>\n<meta name=\"twitter:card\" content=\"summary_large_image\" \/>\n<meta name=\"twitter:label1\" content=\"Escrito por\" \/>\n\t<meta name=\"twitter:data1\" content=\"Luzimara Fernandes\" \/>\n\t<meta name=\"twitter:label2\" content=\"Est. tempo de leitura\" \/>\n\t<meta name=\"twitter:data2\" content=\"2 minutos\" \/>\n<script type=\"application\/ld+json\" class=\"yoast-schema-graph\">{\"@context\":\"https:\/\/schema.org\",\"@graph\":[{\"@type\":\"Article\",\"@id\":\"https:\/\/jornalfatosenoticias.com.br\/index.php\/2023\/06\/23\/fazendo-arte-inicia-colecao-feita-com-residuos-retirados-do-mar-e-do-manguezal\/#article\",\"isPartOf\":{\"@id\":\"https:\/\/jornalfatosenoticias.com.br\/index.php\/2023\/06\/23\/fazendo-arte-inicia-colecao-feita-com-residuos-retirados-do-mar-e-do-manguezal\/\"},\"author\":{\"name\":\"Luzimara Fernandes\",\"@id\":\"https:\/\/jornalfatosenoticias.com.br\/#\/schema\/person\/d63837fa13ac8666eb9e74e0985d6f81\"},\"headline\":\"Fazendo Arte inicia cole\u00e7\u00e3o feita com res\u00edduos retirados do mar e do manguezal\",\"datePublished\":\"2023-06-23T13:00:04+00:00\",\"dateModified\":\"2023-06-23T13:00:06+00:00\",\"mainEntityOfPage\":{\"@id\":\"https:\/\/jornalfatosenoticias.com.br\/index.php\/2023\/06\/23\/fazendo-arte-inicia-colecao-feita-com-residuos-retirados-do-mar-e-do-manguezal\/\"},\"wordCount\":419,\"commentCount\":0,\"publisher\":{\"@id\":\"https:\/\/jornalfatosenoticias.com.br\/#organization\"},\"image\":{\"@id\":\"https:\/\/jornalfatosenoticias.com.br\/index.php\/2023\/06\/23\/fazendo-arte-inicia-colecao-feita-com-residuos-retirados-do-mar-e-do-manguezal\/#primaryimage\"},\"thumbnailUrl\":\"https:\/\/jornalfatosenoticias.com.br\/wp-content\/uploads\/2023\/06\/Fazendo-Arte.jpg\",\"keywords\":[\"bordado\",\"COLE\u00c7\u00c3O\",\"cole\u00e7\u00e3o Mangues e Oceano\",\"croch\u00ea\",\"macram\u00ea\",\"mangues e oceano\",\"manguezal\",\"mar\",\"projeto Fazendo Arte\",\"tric\u00f4\"],\"articleSection\":[\"Cultura\"],\"inLanguage\":\"pt-BR\",\"potentialAction\":[{\"@type\":\"CommentAction\",\"name\":\"Comment\",\"target\":[\"https:\/\/jornalfatosenoticias.com.br\/index.php\/2023\/06\/23\/fazendo-arte-inicia-colecao-feita-com-residuos-retirados-do-mar-e-do-manguezal\/#respond\"]}]},{\"@type\":\"WebPage\",\"@id\":\"https:\/\/jornalfatosenoticias.com.br\/index.php\/2023\/06\/23\/fazendo-arte-inicia-colecao-feita-com-residuos-retirados-do-mar-e-do-manguezal\/\",\"url\":\"https:\/\/jornalfatosenoticias.com.br\/index.php\/2023\/06\/23\/fazendo-arte-inicia-colecao-feita-com-residuos-retirados-do-mar-e-do-manguezal\/\",\"name\":\"Fazendo Arte inicia cole\u00e7\u00e3o feita com res\u00edduos retirados do mar e do manguezal - Jornal Fatos e Not\u00edcias\",\"isPartOf\":{\"@id\":\"https:\/\/jornalfatosenoticias.com.br\/#website\"},\"primaryImageOfPage\":{\"@id\":\"https:\/\/jornalfatosenoticias.com.br\/index.php\/2023\/06\/23\/fazendo-arte-inicia-colecao-feita-com-residuos-retirados-do-mar-e-do-manguezal\/#primaryimage\"},\"image\":{\"@id\":\"https:\/\/jornalfatosenoticias.com.br\/index.php\/2023\/06\/23\/fazendo-arte-inicia-colecao-feita-com-residuos-retirados-do-mar-e-do-manguezal\/#primaryimage\"},\"thumbnailUrl\":\"https:\/\/jornalfatosenoticias.com.br\/wp-content\/uploads\/2023\/06\/Fazendo-Arte.jpg\",\"datePublished\":\"2023-06-23T13:00:04+00:00\",\"dateModified\":\"2023-06-23T13:00:06+00:00\",\"breadcrumb\":{\"@id\":\"https:\/\/jornalfatosenoticias.com.br\/index.php\/2023\/06\/23\/fazendo-arte-inicia-colecao-feita-com-residuos-retirados-do-mar-e-do-manguezal\/#breadcrumb\"},\"inLanguage\":\"pt-BR\",\"potentialAction\":[{\"@type\":\"ReadAction\",\"target\":[\"https:\/\/jornalfatosenoticias.com.br\/index.php\/2023\/06\/23\/fazendo-arte-inicia-colecao-feita-com-residuos-retirados-do-mar-e-do-manguezal\/\"]}]},{\"@type\":\"ImageObject\",\"inLanguage\":\"pt-BR\",\"@id\":\"https:\/\/jornalfatosenoticias.com.br\/index.php\/2023\/06\/23\/fazendo-arte-inicia-colecao-feita-com-residuos-retirados-do-mar-e-do-manguezal\/#primaryimage\",\"url\":\"https:\/\/jornalfatosenoticias.com.br\/wp-content\/uploads\/2023\/06\/Fazendo-Arte.jpg\",\"contentUrl\":\"https:\/\/jornalfatosenoticias.com.br\/wp-content\/uploads\/2023\/06\/Fazendo-Arte.jpg\",\"width\":1000,\"height\":665,\"caption\":\"Projeto Fazendo Arte\"},{\"@type\":\"BreadcrumbList\",\"@id\":\"https:\/\/jornalfatosenoticias.com.br\/index.php\/2023\/06\/23\/fazendo-arte-inicia-colecao-feita-com-residuos-retirados-do-mar-e-do-manguezal\/#breadcrumb\",\"itemListElement\":[{\"@type\":\"ListItem\",\"position\":1,\"name\":\"In\u00edcio\",\"item\":\"https:\/\/jornalfatosenoticias.com.br\/\"},{\"@type\":\"ListItem\",\"position\":2,\"name\":\"Fazendo Arte inicia cole\u00e7\u00e3o feita com res\u00edduos retirados do mar e do manguezal\"}]},{\"@type\":\"WebSite\",\"@id\":\"https:\/\/jornalfatosenoticias.com.br\/#website\",\"url\":\"https:\/\/jornalfatosenoticias.com.br\/\",\"name\":\"Jornal Fatos e Not\u00edcias\",\"description\":\"Not\u00edcias em geral\",\"publisher\":{\"@id\":\"https:\/\/jornalfatosenoticias.com.br\/#organization\"},\"potentialAction\":[{\"@type\":\"SearchAction\",\"target\":{\"@type\":\"EntryPoint\",\"urlTemplate\":\"https:\/\/jornalfatosenoticias.com.br\/?s={search_term_string}\"},\"query-input\":{\"@type\":\"PropertyValueSpecification\",\"valueRequired\":true,\"valueName\":\"search_term_string\"}}],\"inLanguage\":\"pt-BR\"},{\"@type\":\"Organization\",\"@id\":\"https:\/\/jornalfatosenoticias.com.br\/#organization\",\"name\":\"Jornal Fatos e Not\u00edcias\",\"url\":\"https:\/\/jornalfatosenoticias.com.br\/\",\"logo\":{\"@type\":\"ImageObject\",\"inLanguage\":\"pt-BR\",\"@id\":\"https:\/\/jornalfatosenoticias.com.br\/#\/schema\/logo\/image\/\",\"url\":\"https:\/\/jornalfatosenoticias.com.br\/wp-content\/uploads\/2020\/02\/logo120.png\",\"contentUrl\":\"https:\/\/jornalfatosenoticias.com.br\/wp-content\/uploads\/2020\/02\/logo120.png\",\"width\":1227,\"height\":120,\"caption\":\"Jornal Fatos e Not\u00edcias\"},\"image\":{\"@id\":\"https:\/\/jornalfatosenoticias.com.br\/#\/schema\/logo\/image\/\"}},{\"@type\":\"Person\",\"@id\":\"https:\/\/jornalfatosenoticias.com.br\/#\/schema\/person\/d63837fa13ac8666eb9e74e0985d6f81\",\"name\":\"Luzimara Fernandes\",\"image\":{\"@type\":\"ImageObject\",\"inLanguage\":\"pt-BR\",\"@id\":\"https:\/\/jornalfatosenoticias.com.br\/#\/schema\/person\/image\/\",\"url\":\"https:\/\/jornalfatosenoticias.com.br\/wp-content\/uploads\/2025\/05\/EU_portal.jpg\",\"contentUrl\":\"https:\/\/jornalfatosenoticias.com.br\/wp-content\/uploads\/2025\/05\/EU_portal.jpg\",\"caption\":\"Luzimara Fernandes\"},\"description\":\"Jornalista MTB 2358-ES\",\"sameAs\":[\"https:\/\/jornalfatosenoticias.com.br\"],\"url\":\"https:\/\/jornalfatosenoticias.com.br\/index.php\/author\/luzimara\/\"}]}<\/script>\n<!-- \/ Yoast SEO plugin. -->","yoast_head_json":{"title":"Fazendo Arte inicia cole\u00e7\u00e3o feita com res\u00edduos retirados do mar e do manguezal - Jornal Fatos e Not\u00edcias","robots":{"index":"index","follow":"follow","max-snippet":"max-snippet:-1","max-image-preview":"max-image-preview:large","max-video-preview":"max-video-preview:-1"},"canonical":"https:\/\/jornalfatosenoticias.com.br\/index.php\/2023\/06\/23\/fazendo-arte-inicia-colecao-feita-com-residuos-retirados-do-mar-e-do-manguezal\/","og_locale":"pt_BR","og_type":"article","og_title":"Fazendo Arte inicia cole\u00e7\u00e3o feita com res\u00edduos retirados do mar e do manguezal - Jornal Fatos e Not\u00edcias","og_description":"Por Edlamara Conti Transformar o lixo retirado das praias e do manguezal em pe\u00e7as artesanais de vestu\u00e1rio e de decora\u00e7\u00e3o \u00e9 o novo desafio do projeto Fazendo Arte. Os res\u00edduos coletados nesses ambientes ser\u00e3o trabalhados com t\u00e9cnicas como croch\u00ea, macram\u00ea, tric\u00f4, bordado, costura, entre outras, e dar\u00e3o origem \u00e0 cole\u00e7\u00e3o Mangues e Oceano, que inclui [&hellip;]","og_url":"https:\/\/jornalfatosenoticias.com.br\/index.php\/2023\/06\/23\/fazendo-arte-inicia-colecao-feita-com-residuos-retirados-do-mar-e-do-manguezal\/","og_site_name":"Jornal Fatos e Not\u00edcias","article_published_time":"2023-06-23T13:00:04+00:00","article_modified_time":"2023-06-23T13:00:06+00:00","og_image":[{"width":1000,"height":665,"url":"https:\/\/jornalfatosenoticias.com.br\/wp-content\/uploads\/2023\/06\/Fazendo-Arte.jpg","type":"image\/jpeg"}],"author":"Luzimara Fernandes","twitter_card":"summary_large_image","twitter_misc":{"Escrito por":"Luzimara Fernandes","Est. tempo de leitura":"2 minutos"},"schema":{"@context":"https:\/\/schema.org","@graph":[{"@type":"Article","@id":"https:\/\/jornalfatosenoticias.com.br\/index.php\/2023\/06\/23\/fazendo-arte-inicia-colecao-feita-com-residuos-retirados-do-mar-e-do-manguezal\/#article","isPartOf":{"@id":"https:\/\/jornalfatosenoticias.com.br\/index.php\/2023\/06\/23\/fazendo-arte-inicia-colecao-feita-com-residuos-retirados-do-mar-e-do-manguezal\/"},"author":{"name":"Luzimara Fernandes","@id":"https:\/\/jornalfatosenoticias.com.br\/#\/schema\/person\/d63837fa13ac8666eb9e74e0985d6f81"},"headline":"Fazendo Arte inicia cole\u00e7\u00e3o feita com res\u00edduos retirados do mar e do manguezal","datePublished":"2023-06-23T13:00:04+00:00","dateModified":"2023-06-23T13:00:06+00:00","mainEntityOfPage":{"@id":"https:\/\/jornalfatosenoticias.com.br\/index.php\/2023\/06\/23\/fazendo-arte-inicia-colecao-feita-com-residuos-retirados-do-mar-e-do-manguezal\/"},"wordCount":419,"commentCount":0,"publisher":{"@id":"https:\/\/jornalfatosenoticias.com.br\/#organization"},"image":{"@id":"https:\/\/jornalfatosenoticias.com.br\/index.php\/2023\/06\/23\/fazendo-arte-inicia-colecao-feita-com-residuos-retirados-do-mar-e-do-manguezal\/#primaryimage"},"thumbnailUrl":"https:\/\/jornalfatosenoticias.com.br\/wp-content\/uploads\/2023\/06\/Fazendo-Arte.jpg","keywords":["bordado","COLE\u00c7\u00c3O","cole\u00e7\u00e3o Mangues e Oceano","croch\u00ea","macram\u00ea","mangues e oceano","manguezal","mar","projeto Fazendo Arte","tric\u00f4"],"articleSection":["Cultura"],"inLanguage":"pt-BR","potentialAction":[{"@type":"CommentAction","name":"Comment","target":["https:\/\/jornalfatosenoticias.com.br\/index.php\/2023\/06\/23\/fazendo-arte-inicia-colecao-feita-com-residuos-retirados-do-mar-e-do-manguezal\/#respond"]}]},{"@type":"WebPage","@id":"https:\/\/jornalfatosenoticias.com.br\/index.php\/2023\/06\/23\/fazendo-arte-inicia-colecao-feita-com-residuos-retirados-do-mar-e-do-manguezal\/","url":"https:\/\/jornalfatosenoticias.com.br\/index.php\/2023\/06\/23\/fazendo-arte-inicia-colecao-feita-com-residuos-retirados-do-mar-e-do-manguezal\/","name":"Fazendo Arte inicia cole\u00e7\u00e3o feita com res\u00edduos retirados do mar e do manguezal - Jornal Fatos e Not\u00edcias","isPartOf":{"@id":"https:\/\/jornalfatosenoticias.com.br\/#website"},"primaryImageOfPage":{"@id":"https:\/\/jornalfatosenoticias.com.br\/index.php\/2023\/06\/23\/fazendo-arte-inicia-colecao-feita-com-residuos-retirados-do-mar-e-do-manguezal\/#primaryimage"},"image":{"@id":"https:\/\/jornalfatosenoticias.com.br\/index.php\/2023\/06\/23\/fazendo-arte-inicia-colecao-feita-com-residuos-retirados-do-mar-e-do-manguezal\/#primaryimage"},"thumbnailUrl":"https:\/\/jornalfatosenoticias.com.br\/wp-content\/uploads\/2023\/06\/Fazendo-Arte.jpg","datePublished":"2023-06-23T13:00:04+00:00","dateModified":"2023-06-23T13:00:06+00:00","breadcrumb":{"@id":"https:\/\/jornalfatosenoticias.com.br\/index.php\/2023\/06\/23\/fazendo-arte-inicia-colecao-feita-com-residuos-retirados-do-mar-e-do-manguezal\/#breadcrumb"},"inLanguage":"pt-BR","potentialAction":[{"@type":"ReadAction","target":["https:\/\/jornalfatosenoticias.com.br\/index.php\/2023\/06\/23\/fazendo-arte-inicia-colecao-feita-com-residuos-retirados-do-mar-e-do-manguezal\/"]}]},{"@type":"ImageObject","inLanguage":"pt-BR","@id":"https:\/\/jornalfatosenoticias.com.br\/index.php\/2023\/06\/23\/fazendo-arte-inicia-colecao-feita-com-residuos-retirados-do-mar-e-do-manguezal\/#primaryimage","url":"https:\/\/jornalfatosenoticias.com.br\/wp-content\/uploads\/2023\/06\/Fazendo-Arte.jpg","contentUrl":"https:\/\/jornalfatosenoticias.com.br\/wp-content\/uploads\/2023\/06\/Fazendo-Arte.jpg","width":1000,"height":665,"caption":"Projeto Fazendo Arte"},{"@type":"BreadcrumbList","@id":"https:\/\/jornalfatosenoticias.com.br\/index.php\/2023\/06\/23\/fazendo-arte-inicia-colecao-feita-com-residuos-retirados-do-mar-e-do-manguezal\/#breadcrumb","itemListElement":[{"@type":"ListItem","position":1,"name":"In\u00edcio","item":"https:\/\/jornalfatosenoticias.com.br\/"},{"@type":"ListItem","position":2,"name":"Fazendo Arte inicia cole\u00e7\u00e3o feita com res\u00edduos retirados do mar e do manguezal"}]},{"@type":"WebSite","@id":"https:\/\/jornalfatosenoticias.com.br\/#website","url":"https:\/\/jornalfatosenoticias.com.br\/","name":"Jornal Fatos e Not\u00edcias","description":"Not\u00edcias em geral","publisher":{"@id":"https:\/\/jornalfatosenoticias.com.br\/#organization"},"potentialAction":[{"@type":"SearchAction","target":{"@type":"EntryPoint","urlTemplate":"https:\/\/jornalfatosenoticias.com.br\/?s={search_term_string}"},"query-input":{"@type":"PropertyValueSpecification","valueRequired":true,"valueName":"search_term_string"}}],"inLanguage":"pt-BR"},{"@type":"Organization","@id":"https:\/\/jornalfatosenoticias.com.br\/#organization","name":"Jornal Fatos e Not\u00edcias","url":"https:\/\/jornalfatosenoticias.com.br\/","logo":{"@type":"ImageObject","inLanguage":"pt-BR","@id":"https:\/\/jornalfatosenoticias.com.br\/#\/schema\/logo\/image\/","url":"https:\/\/jornalfatosenoticias.com.br\/wp-content\/uploads\/2020\/02\/logo120.png","contentUrl":"https:\/\/jornalfatosenoticias.com.br\/wp-content\/uploads\/2020\/02\/logo120.png","width":1227,"height":120,"caption":"Jornal Fatos e Not\u00edcias"},"image":{"@id":"https:\/\/jornalfatosenoticias.com.br\/#\/schema\/logo\/image\/"}},{"@type":"Person","@id":"https:\/\/jornalfatosenoticias.com.br\/#\/schema\/person\/d63837fa13ac8666eb9e74e0985d6f81","name":"Luzimara Fernandes","image":{"@type":"ImageObject","inLanguage":"pt-BR","@id":"https:\/\/jornalfatosenoticias.com.br\/#\/schema\/person\/image\/","url":"https:\/\/jornalfatosenoticias.com.br\/wp-content\/uploads\/2025\/05\/EU_portal.jpg","contentUrl":"https:\/\/jornalfatosenoticias.com.br\/wp-content\/uploads\/2025\/05\/EU_portal.jpg","caption":"Luzimara Fernandes"},"description":"Jornalista MTB 2358-ES","sameAs":["https:\/\/jornalfatosenoticias.com.br"],"url":"https:\/\/jornalfatosenoticias.com.br\/index.php\/author\/luzimara\/"}]}},"cc_featured_image_caption":{"caption_text":"(Foto: Andr\u00e9 Sobral\/PMV)","source_text":"","source_url":""},"jetpack_featured_media_url":"https:\/\/jornalfatosenoticias.com.br\/wp-content\/uploads\/2023\/06\/Fazendo-Arte.jpg","_links":{"self":[{"href":"https:\/\/jornalfatosenoticias.com.br\/index.php\/wp-json\/wp\/v2\/posts\/42701","targetHints":{"allow":["GET"]}}],"collection":[{"href":"https:\/\/jornalfatosenoticias.com.br\/index.php\/wp-json\/wp\/v2\/posts"}],"about":[{"href":"https:\/\/jornalfatosenoticias.com.br\/index.php\/wp-json\/wp\/v2\/types\/post"}],"author":[{"embeddable":true,"href":"https:\/\/jornalfatosenoticias.com.br\/index.php\/wp-json\/wp\/v2\/users\/2"}],"replies":[{"embeddable":true,"href":"https:\/\/jornalfatosenoticias.com.br\/index.php\/wp-json\/wp\/v2\/comments?post=42701"}],"version-history":[{"count":0,"href":"https:\/\/jornalfatosenoticias.com.br\/index.php\/wp-json\/wp\/v2\/posts\/42701\/revisions"}],"wp:featuredmedia":[{"embeddable":true,"href":"https:\/\/jornalfatosenoticias.com.br\/index.php\/wp-json\/wp\/v2\/media\/42703"}],"wp:attachment":[{"href":"https:\/\/jornalfatosenoticias.com.br\/index.php\/wp-json\/wp\/v2\/media?parent=42701"}],"wp:term":[{"taxonomy":"category","embeddable":true,"href":"https:\/\/jornalfatosenoticias.com.br\/index.php\/wp-json\/wp\/v2\/categories?post=42701"},{"taxonomy":"post_tag","embeddable":true,"href":"https:\/\/jornalfatosenoticias.com.br\/index.php\/wp-json\/wp\/v2\/tags?post=42701"}],"curies":[{"name":"wp","href":"https:\/\/api.w.org\/{rel}","templated":true}]}}